{"id":179076,"date":"2020-12-14T05:51:28","date_gmt":"2020-12-14T04:51:28","guid":{"rendered":"https:\/\/www.radiopiu.net\/wordpress\/?p=179076"},"modified":"2020-12-15T08:03:21","modified_gmt":"2020-12-15T07:03:21","slug":"giornale-radiopiu-14-dicembre-2020-direttore-mirko-mezzacasa","status":"publish","type":"post","link":"https:\/\/www.radiopiu.net\/wordpress\/giornale-radiopiu-14-dicembre-2020-direttore-mirko-mezzacasa\/","title":{"rendered":"GIORNALE RADIOPIU 14 DICEMBRE 2020 DIRETTORE MIRKO MEZZACASA"},"content":{"rendered":"<h3>PER<strong> RICEVERE QUESTO NOTIZIARIO DIRETTAMENTE SUL TUO CELLULARE ISCRIVITI AL CANALE TELEGRAM <\/strong><strong>\u201cRADIO PIU\u00a0 INFORMAZIONE&#8221;<\/strong><\/h3>\n<p><em>ATTENZIONE: LA NUOVA APP PER IOS-IPHONE<\/em><\/p>\n<div>\n<div><a href=\"https:\/\/apps.apple.com\/it\/app\/radio-pi%C3%B9-emittente-agordina\/id1515939845\">https:\/\/apps.apple.com\/it\/app\/radio-pi%C3%B9-emittente-agordina\/id1515939845<\/a><\/div>\n<\/div>\n<div><\/div>\n<div>\n<div dir=\"auto\"><em>ATTENZIONE: LA NUOVA APP RADIO\u00a0 PER ANDROID<\/em><\/div>\n<\/div>\n<p><a href=\"https:\/\/play.google.com\/store\/apps\/details?id=net.radiopiu.iniko\" target=\"_blank\" rel=\"noopener noreferrer\">https:\/\/play.google.com\/store\/apps\/details?id=net.radiopiu.iniko\u00a0\u00a0\u00a0<\/a><\/p>\n<p>&nbsp;<\/p>\n<blockquote>\n<h1>ULTIM&#8217;ORA: VALANGA AD AGAI<\/h1>\n<\/blockquote>\n<p>&nbsp;<\/p>\n<p><strong><img decoding=\"async\" src=\"https:\/\/www.radiopiu.net\/wordpress\/wp-content\/uploads\/2020\/12\/3a715f9b-8055-4f48-b234-a6ac079d5a26.jpg\" \/>LIVINALLONGO<\/strong> Due valanghe stanno interessando la strada\u00a0 che porta in frazione\u00a0 Agai sopra Pieve di Livinallongo. \u00a0Nessuna persona o mezzo\u00a0 coinvolti. \u00c8 un tratto segnalato molte volte che crea sempre problemi in inverno, il Comune \u00e8 gi\u00e0 sul posto con una gommata per lo sgombero<\/p>\n<p>&nbsp;<\/p>\n<p>&nbsp;<\/p>\n<hr \/>\n<blockquote>\n<h3>\u00a0LA FOTO DEL GIORNO, PASSO VALLES.. &#8220;Noi continuiamo a spalare&#8221;<\/h3>\n<\/blockquote>\n<p><strong>PASSO VALLES<\/strong> Due metri di neve, due anche le strade chiuse: quella che sale fa Falcade, l&#8217;altra da Predazzo. Giorni comunque di grande lavoro per farsi spazio nella neve per \u00a0Angelo Cemin e la sua famiglia\u00a0 al rifugio Capanna passo Valles. A proposito di decreti governativi (DPCM) se non saranno cambiati a Natale se i Cemin dovessero scendere a valle non potrebbero raggiungere Falcade in Veneto a\u00a0 12 chilometri,\u00a0 nemmeno\u00a0 a Predazzo (20 chilometri) perch\u00e9\u00a0 in altro Comune, passo Valles \u00e8 infatti\u00a0 in Comune San Martino di Castrozza in Primiero 22 chilometri pi\u00f9 in l\u00e0 oltre Passo Rolle oggi chiuso per valanghe.<\/p>\n<p><a href=\"https:\/\/www.radiopiu.net\/wordpress\/giornale-radiopiu-14-dicembre-2020-direttore-mirko-mezzacasa\/130734262_10164415722770641_435702656802376568_o\/\" rel=\"attachment wp-att-179258\"><img loading=\"lazy\" decoding=\"async\" class=\"alignnone size-medium wp-image-179258\" src=\"https:\/\/www.radiopiu.net\/wordpress\/wp-content\/uploads\/2020\/12\/130734262_10164415722770641_435702656802376568_o-300x300.jpg\" alt=\"\" width=\"300\" height=\"300\" srcset=\"https:\/\/www.radiopiu.net\/wordpress\/wp-content\/uploads\/2020\/12\/130734262_10164415722770641_435702656802376568_o-300x300.jpg 300w, https:\/\/www.radiopiu.net\/wordpress\/wp-content\/uploads\/2020\/12\/130734262_10164415722770641_435702656802376568_o-150x150.jpg 150w, https:\/\/www.radiopiu.net\/wordpress\/wp-content\/uploads\/2020\/12\/130734262_10164415722770641_435702656802376568_o.jpg 526w\" sizes=\"auto, (max-width: 300px) 100vw, 300px\" \/><\/a><\/p>\n<p>&nbsp;<\/p>\n<p>&nbsp;<\/p>\n<hr \/>\n<p>&nbsp;<\/p>\n<blockquote>\n<h3>TRAGEDIA AD ARSIE&#8217;, MORTI DUE CINQUANTENNI<\/h3>\n<\/blockquote>\n<p><strong><img loading=\"lazy\" decoding=\"async\" class=\"alignleft\" src=\"https:\/\/www.radiopiu.net\/wordpress\/wp-content\/uploads\/2020\/12\/download-15.jpg\" width=\"193\" height=\"127\" \/>ARSIE&#8217;<\/strong> Un uomo Adriano Faoro di 52 anni e una donna\u00a0 Sabrina de Pellegrin di\u00a0 54 sono stati trovati senza vita nel pomeriggio di ieri in una casa di Arsi\u00e8. La morte \u00e8 imputabile a intossicazione da monossido di carbonio, lo hanno confermato i vigili del fuoco sul posto con i Carabinieri. La causa una stufa per il riscaldamento. L&#8217;uomo di Arsi\u00e8 era il padre di due figli, la donna di Sorpracroda di tre. A dare l&#8217;allarme sono stati i famigliari preoccupati delle mancate risposte dell&#8217;uomo. Non \u00e8 escluso che la tragedia possa risalire ancora a sabato, la macchina dell&#8217;uomo infatti era gi\u00e0 parcheggiata all&#8217;esterno dell&#8217;edificio gi\u00e0 salone di parrucchiera. Adriano Faoro lavorava come operaio, Sabrina De Pellegrin aveva gi\u00e0 lavorato in locali pubblici in centro a Belluno. La triste vicenda di Arsi\u00e8 riporta alla memoria il dramma a Zenich di Rivamonte nei giorni di Vaia quando morirono il 7 novembre del 2018 Amabile Xaiz e Gastone Gastaldo, lei rinvenuta in salotto e l&#8217;uomo lungo le scale, entrambi uccisi dalle esalazioni di gas.<\/p>\n<p>&nbsp;<\/p>\n<hr \/>\n<blockquote>\n<h3><\/h3>\n<h3>225 POSITIVI NELLE ULTIME 24 ORE<\/h3>\n<\/blockquote>\n<p align=\"JUSTIFY\"><b>Ricoveri <\/b><\/p>\n<p align=\"JUSTIFY\"><i>(dato alle ore 17.00 fonte: Azienda Zero)<\/i><\/p>\n<p align=\"JUSTIFY\">Le persone attualmente POSITIVE ricoverate negli ospedali dell\u2019Ulss Dolomiti sono:<\/p>\n<table border=\"1\" width=\"652\" frame=\"HSIDES\" rules=\"GROUPS\" cellspacing=\"0\" cellpadding=\"7\">\n<tbody>\n<tr valign=\"TOP\">\n<td width=\"203\"><\/td>\n<td width=\"203\">\n<p align=\"JUSTIFY\"><b>Area NON CRITICA<\/b><\/p>\n<\/td>\n<td width=\"203\">\n<p align=\"JUSTIFY\"><b>Terapia Intensiva<\/b><\/p>\n<\/td>\n<\/tr>\n<\/tbody>\n<tbody>\n<tr valign=\"TOP\">\n<td bgcolor=\"#d3dfee\" width=\"203\">\n<p align=\"JUSTIFY\"><b>Ospedale di Belluno <\/b><\/p>\n<\/td>\n<td bgcolor=\"#d3dfee\" width=\"203\">\n<p align=\"CENTER\">60<\/p>\n<\/td>\n<td bgcolor=\"#d3dfee\" width=\"203\">\n<p align=\"CENTER\">6<\/p>\n<\/td>\n<\/tr>\n<tr valign=\"TOP\">\n<td bgcolor=\"#d3dfee\" width=\"203\">\n<p align=\"JUSTIFY\"><b>Ospedale di Feltre<\/b><\/p>\n<p align=\"JUSTIFY\"><b>Ospedale di Agordo<\/b><\/p>\n<\/td>\n<td bgcolor=\"#d3dfee\" width=\"203\">\n<p align=\"CENTER\">56<\/p>\n<p align=\"CENTER\">12<\/p>\n<\/td>\n<td bgcolor=\"#d3dfee\" width=\"203\">\n<p align=\"CENTER\">7<\/p>\n<\/td>\n<\/tr>\n<\/tbody>\n<\/table>\n<p align=\"JUSTIFY\">Le persone attualmente POSITIVE ricoverate in Ospedale di Comunit\u00e0 sono:<\/p>\n<table border=\"1\" width=\"652\" frame=\"HSIDES\" rules=\"GROUPS\" cellspacing=\"0\" cellpadding=\"7\">\n<tbody>\n<tr valign=\"TOP\">\n<td width=\"312\"><\/td>\n<td width=\"312\">\n<p align=\"JUSTIFY\"><b>pazienti attualmente positivi<\/b><\/p>\n<\/td>\n<\/tr>\n<\/tbody>\n<tbody>\n<tr valign=\"TOP\">\n<td bgcolor=\"#e6eed5\" width=\"312\">\n<p align=\"JUSTIFY\"><b>Ospedale di Comunit\u00e0 AGORDO<\/b><\/p>\n<\/td>\n<td bgcolor=\"#e6eed5\" width=\"312\">\n<p align=\"CENTER\">2<\/p>\n<\/td>\n<\/tr>\n<tr valign=\"TOP\">\n<td bgcolor=\"#e6eed5\" width=\"312\" height=\"5\">\n<p align=\"JUSTIFY\"><b>Ospedale di Comunit\u00e0 ALANO<\/b><\/p>\n<\/td>\n<td bgcolor=\"#e6eed5\" width=\"312\">\n<p align=\"CENTER\">3<\/p>\n<\/td>\n<\/tr>\n<tr valign=\"TOP\">\n<td bgcolor=\"#e6eed5\" width=\"312\">\n<p align=\"JUSTIFY\"><b>Ospedale di Comunit\u00e0 AURONZO<\/b><\/p>\n<p align=\"JUSTIFY\"><b>Ospedale di Comunit\u00e0 di BELLUNO <\/b><\/p>\n<\/td>\n<td bgcolor=\"#e6eed5\" width=\"312\">\n<p align=\"CENTER\">9<\/p>\n<p align=\"CENTER\">21<\/p>\n<\/td>\n<\/tr>\n<tr valign=\"TOP\">\n<td bgcolor=\"#e6eed5\" width=\"312\">\n<p align=\"JUSTIFY\"><b>Ospedale di Comunit\u00e0 di FELTRE<\/b><\/p>\n<\/td>\n<td bgcolor=\"#e6eed5\" width=\"312\">\n<p align=\"CENTER\">14<\/p>\n<\/td>\n<\/tr>\n<\/tbody>\n<\/table>\n<hr \/>\n<h3><\/h3>\n<blockquote>\n<h3>TENTATIVO DI SCASSO PER ENTRARE NELLE SECONDE CASE DI VIA VENEZIA<\/h3>\n<\/blockquote>\n<p><strong>FALCADE<\/strong> Probabilmente hanno pensato che i proprietari fossero altrove, vuoi per il maltempo o per altri motivi cio\u00e8 che non fossero saliti in montagna. Forse per questo hanno tentato di entrare in due seconde\u00a0 case di Via Venezia nella notte tra sabato e domenica. Almeno due i tentativi di scasso della porta d&#8217;ingresso con all&#8217;interno i proprietari. <em>&#8220;Erano le tre e mezza del mattino &#8211; racconta uno di loro &#8211; eravamo in due in casa, io al piano superiore. La mia amica\u00a0 al piano sotto, ha sentito rumori, anche forti e mi ha chiamato. Credo che abbiano sentito i nostri movimenti, le nostre voci e abbiano desistito. Stamane alla luce del sole ho constatato i danni sul portone d&#8217;ingresso, un tentativo di entrare all&#8217;interno&#8221;.<\/em> Stesso modo di operare anche in un&#8217;altra casa, altro tentativo di scasso non andato a buone fine. Fino ad ora non sarebbero stati denunciati ulteriori furti, ma su questo indagheranno a denuncia acquisita i Carabinieri di Falcade.<\/p>\n<p><strong>IL SINDACO MICHELE COSTA<\/strong><em> &#8220;In giornata sono stato informato dal consigliere comunale Cesare Bon, che abita in via Venezia, che si era verificato nella notte un tentativo di furto con scasso. Poi mi ha chiamato il proprietario dell&#8217;abitazione dove c&#8217;\u00e8 stata la tentata effrazion. Gli ho caldamente suggerito di sporgere denuncia ai Carabinieri.Certo che questo episodio \u00e8 una brutta cosa e mi auguro che si possa fare luce sui fatti. Invito tutti a vigilare e a fare attenzione alle proprie abitazioni&#8221;.<\/em><\/p>\n\n\t\t\t<style type='text\/css'>\n\t\t\t\t#gallery-1 {\n\t\t\t\t\tmargin: auto;\n\t\t\t\t}\n\t\t\t\t#gallery-1 .gallery-item {\n\t\t\t\t\tfloat: left;\n\t\t\t\t\tmargin-top: 10px;\n\t\t\t\t\ttext-align: center;\n\t\t\t\t\twidth: 33%;\n\t\t\t\t}\n\t\t\t\t#gallery-1 img {\n\t\t\t\t\tborder: 2px solid #cfcfcf;\n\t\t\t\t}\n\t\t\t\t#gallery-1 .gallery-caption {\n\t\t\t\t\tmargin-left: 0;\n\t\t\t\t}\n\t\t\t\t\/* see gallery_shortcode() in wp-includes\/media.php *\/\n\t\t\t<\/style>\n\t\t<div id='gallery-1' class='dt-gallery-container gallery galleryid-179076 gallery-columns-3 gallery-size-thumbnail'><dl class='gallery-item'>\n\t\t\t\t<dt class='gallery-icon portrait'>\n\t\t\t\t\t<a class=\"rollover rollover-zoom dt-pswp-item\" title=\"131282556_2742190455993605_1298663490390225757_n\" data-dt-img-description=\"\" data-large_image_width=\"600\" data-large_image_height=\"800\"href='https:\/\/www.radiopiu.net\/wordpress\/wp-content\/uploads\/2020\/12\/131282556_2742190455993605_1298663490390225757_n-1.jpg'><img loading=\"lazy\" decoding=\"async\" width=\"150\" height=\"150\" src=\"https:\/\/www.radiopiu.net\/wordpress\/wp-content\/uploads\/2020\/12\/131282556_2742190455993605_1298663490390225757_n-1-150x150.jpg\" class=\"attachment-thumbnail size-thumbnail\" alt=\"\" \/><\/a>\n\t\t\t\t<\/dt><\/dl><dl class='gallery-item'>\n\t\t\t\t<dt class='gallery-icon portrait'>\n\t\t\t\t\t<a class=\"rollover rollover-zoom dt-pswp-item\" title=\"131053490_740822759882825_3077498580912786029_n\" data-dt-img-description=\"\" data-large_image_width=\"600\" data-large_image_height=\"800\"href='https:\/\/www.radiopiu.net\/wordpress\/wp-content\/uploads\/2020\/12\/131053490_740822759882825_3077498580912786029_n-1.jpg'><img loading=\"lazy\" decoding=\"async\" width=\"150\" height=\"150\" src=\"https:\/\/www.radiopiu.net\/wordpress\/wp-content\/uploads\/2020\/12\/131053490_740822759882825_3077498580912786029_n-1-150x150.jpg\" class=\"attachment-thumbnail size-thumbnail\" alt=\"\" \/><\/a>\n\t\t\t\t<\/dt><\/dl><dl class='gallery-item'>\n\t\t\t\t<dt class='gallery-icon portrait'>\n\t\t\t\t\t<a class=\"rollover rollover-zoom dt-pswp-item\" title=\"131080519_679861799556241_513087930509268570_n\" data-dt-img-description=\"\" data-large_image_width=\"675\" data-large_image_height=\"900\"href='https:\/\/www.radiopiu.net\/wordpress\/wp-content\/uploads\/2020\/12\/131080519_679861799556241_513087930509268570_n-1.jpg'><img loading=\"lazy\" decoding=\"async\" width=\"150\" height=\"150\" src=\"https:\/\/www.radiopiu.net\/wordpress\/wp-content\/uploads\/2020\/12\/131080519_679861799556241_513087930509268570_n-1-150x150.jpg\" class=\"attachment-thumbnail size-thumbnail\" alt=\"\" \/><\/a>\n\t\t\t\t<\/dt><\/dl><br style=\"clear: both\" \/>\n\t\t\t<\/div>\n\n<div role=\"row\">\n<div class=\"\">\n<div class=\"j83agx80 cbu4d94t\">\n<div class=\"j83agx80\"><\/div>\n<hr \/>\n<p>&nbsp;<\/p>\n<div><\/div>\n<\/div>\n<\/div>\n<\/div>\n<blockquote>\n<h3>IERI MATTINA: INTERVENTO DEL SUEM AD ALLEGHE<\/h3>\n<\/blockquote>\n<p><strong>ALLEGHE<\/strong> Ieri mattina l&#8217;elicottero del Suem 118 \u00e8 intervenuto ad Alleghe per un uomo di 50 anni colto da malore. Le sue condizioni non sono preoccupanti.<\/p>\n<div style=\"width: 640px;\" class=\"wp-video\"><video class=\"wp-video-shortcode\" id=\"video-179076-1\" width=\"640\" height=\"352\" preload=\"metadata\" controls=\"controls\"><source type=\"video\/mp4\" src=\"https:\/\/www.radiopiu.net\/wordpress\/wp-content\/uploads\/2020\/12\/ELICOTTERO-ALLEGHE.mp4?_=1\" \/><a href=\"https:\/\/www.radiopiu.net\/wordpress\/wp-content\/uploads\/2020\/12\/ELICOTTERO-ALLEGHE.mp4\">https:\/\/www.radiopiu.net\/wordpress\/wp-content\/uploads\/2020\/12\/ELICOTTERO-ALLEGHE.mp4<\/a><\/video><\/div>\n<p>&nbsp;<\/p>\n<hr \/>\n<p>&nbsp;<\/p>\n<blockquote>\n<h3>CADE SUL GHIACCIO, ELITRASPORTATO A BELLUNO<\/h3>\n<\/blockquote>\n<p><strong><a href=\"https:\/\/www.radiopiu.net\/wordpress\/incrodati-sulla-civetta-soccorsi-stamane-alle-4-30-due-alpinisti-bloccati-sullantelao-chiamano-la-compagna-anziche-il-118\/salt_20200810_175813_090_resized\/\" rel=\"attachment wp-att-154485\"><img loading=\"lazy\" decoding=\"async\" class=\" wp-image-154485 alignleft\" src=\"https:\/\/www.radiopiu.net\/wordpress\/wp-content\/uploads\/2020\/08\/salt_20200810_175813_090_resized-300x225.jpg\" alt=\"\" width=\"183\" height=\"137\" srcset=\"https:\/\/www.radiopiu.net\/wordpress\/wp-content\/uploads\/2020\/08\/salt_20200810_175813_090_resized-300x225.jpg 300w, https:\/\/www.radiopiu.net\/wordpress\/wp-content\/uploads\/2020\/08\/salt_20200810_175813_090_resized-1024x768.jpg 1024w, https:\/\/www.radiopiu.net\/wordpress\/wp-content\/uploads\/2020\/08\/salt_20200810_175813_090_resized-768x576.jpg 768w, https:\/\/www.radiopiu.net\/wordpress\/wp-content\/uploads\/2020\/08\/salt_20200810_175813_090_resized.jpg 1182w\" sizes=\"auto, (max-width: 183px) 100vw, 183px\" \/><\/a>CANALE D&#8217;AGORDO<\/strong> Ieri alle 14.45 circa la Centrale del 118 \u00e8 stata allertata per un uomo scivolato sul ghiaccio, mentre si trovava all&#8217;esterno di Capanna Comelle il Val di Gares. Nelle vicinanze del luogo dell&#8217;incidente \u00e8 presto atterrato l&#8217;elicottero del Suem di Pieve di Cadore, che ha sbarcato l&#8217;equipe medica attivatasi per le prime cure a M.C., 52 anni, di Pesaro, a seguito del probabile trauma cranico e facciale riportati nell&#8217;urto a terra. L&#8217;infortunato \u00e8 stato quindi trasportato all&#8217;ospedale di Belluno. Presente in supporto alle operazioni anche il Soccorso alpino della Val Biois.<\/p>\n<p>&nbsp;<\/p>\n<p>&nbsp;<\/p>\n<hr \/>\n<p>&nbsp;<\/p>\n<blockquote>\n<h3>PICK UP ROTOLA LUNGO LA SCARPATA ALL&#8217;USCITA DELLA GALLERIA DEI CASTEI<\/h3>\n<\/blockquote>\n<p><strong>LA VALLE\u00a0<\/strong> Da Pordenone a Iral di Zoldo per spalare il tetto della seconda casa, con la 251 chiusa poco oltre\u00a0 Longarone unica possibilit\u00e0 la 203 agordina e Passo Staulanza. Sulla regionale alle 9.30 all&#8217;altezza dell&#8217;Osteria in localit\u00e0 Giovanelli non si stava in piedi, strada scivolosa, gelata, come constatato dai Vigili del Fuoco che stavano transitando verso l&#8217;Alto Agordino con Camion, rimorchio e mezzo al seguito e si sono subito fermati per prestare soccorso. &#8220;Sono uscito dalla galleria, poi ho sentito improvvisamente il mezzo sbandare, abbattere le barriere e finire sotto strada ribaltandosi pi\u00f9 volte. Per fortuna sono uscito indenne e ora sto raccontando quanto successo&#8221;.<\/p>\n<p><em>Chi si occupa della pulizia delle strade assicura che gi\u00e0 alle 5.30 del mattino erano state \u201ctrattate\u201d. Va comunque detto che la galleria da giorni \u00e8 un lago perch\u00e9 ci piove dentro, le auto spostano l\u2019acqua all\u2019uscita della galleria dove il ghiaccio si crea pi\u00f9 facilmente, questa una delle ipotesi.<\/em><\/p>\n<div class=\"\" data-block=\"true\" data-editor=\"9ugou\" data-offset-key=\"45uc1-0-0\"><\/div>\n<p><strong>VIDEO\u00a0<\/strong><\/p>\n<div style=\"width: 640px;\" class=\"wp-video\"><video class=\"wp-video-shortcode\" id=\"video-179076-2\" width=\"640\" height=\"352\" preload=\"metadata\" controls=\"controls\"><source type=\"video\/mp4\" src=\"https:\/\/www.radiopiu.net\/wordpress\/wp-content\/uploads\/2020\/12\/WhatsApp-Video-2020-12-13-at-09.36.21.mp4?_=2\" \/><a href=\"https:\/\/www.radiopiu.net\/wordpress\/wp-content\/uploads\/2020\/12\/WhatsApp-Video-2020-12-13-at-09.36.21.mp4\">https:\/\/www.radiopiu.net\/wordpress\/wp-content\/uploads\/2020\/12\/WhatsApp-Video-2020-12-13-at-09.36.21.mp4<\/a><\/video><\/div>\n<p>&nbsp;<\/p>\n<hr \/>\n<p>&nbsp;<\/p>\n<blockquote>\n<h3>ANIMALI NELLA NEVE RECUPERATI DAI VIGILI DEL FUOCO<\/h3>\n<\/blockquote>\n<p><strong>ZOLDO ALTO<\/strong> A portare foraggio a 30 capre isolate da oltre un metro e mezzo di neve nella malga La Grava nel territorio del comune di Zoldo Aldo, ci hanno pensato i vigili del fuoco. Ieri mattina il gatto delle nevi dei pompieri dopo essere stato caricato di fieno, ha aperto e battuto i 4 chilometri di strada per arrivare alla malga, che oggi permetteranno al proprietario di portare in un altro luogo gli animali. Nella giornata di ieri invece il foraggio \u00e8 arrivato in volo con l\u2019elicottero Drago 81 per le mucche isolate dalla neve alla malga Coltrondo in Comelico Superiore.<\/p>\n\n\t\t\t<style type='text\/css'>\n\t\t\t\t#gallery-2 {\n\t\t\t\t\tmargin: auto;\n\t\t\t\t}\n\t\t\t\t#gallery-2 .gallery-item {\n\t\t\t\t\tfloat: left;\n\t\t\t\t\tmargin-top: 10px;\n\t\t\t\t\ttext-align: center;\n\t\t\t\t\twidth: 25%;\n\t\t\t\t}\n\t\t\t\t#gallery-2 img {\n\t\t\t\t\tborder: 2px solid #cfcfcf;\n\t\t\t\t}\n\t\t\t\t#gallery-2 .gallery-caption {\n\t\t\t\t\tmargin-left: 0;\n\t\t\t\t}\n\t\t\t\t\/* see gallery_shortcode() in wp-includes\/media.php *\/\n\t\t\t<\/style>\n\t\t<div id='gallery-2' class='dt-gallery-container gallery galleryid-179076 gallery-columns-4 gallery-size-thumbnail'><dl class='gallery-item'>\n\t\t\t\t<dt class='gallery-icon landscape'>\n\t\t\t\t\t<a class=\"rollover rollover-zoom dt-pswp-item\" title=\"5afc70d5-fd39-42e0-927b-d95a34bdf455\" data-dt-img-description=\"\" data-large_image_width=\"1376\" data-large_image_height=\"738\"href='https:\/\/www.radiopiu.net\/wordpress\/wp-content\/uploads\/2020\/12\/5afc70d5-fd39-42e0-927b-d95a34bdf455.jpg'><img loading=\"lazy\" decoding=\"async\" width=\"150\" height=\"150\" src=\"https:\/\/www.radiopiu.net\/wordpress\/wp-content\/uploads\/2020\/12\/5afc70d5-fd39-42e0-927b-d95a34bdf455-150x150.jpg\" class=\"attachment-thumbnail size-thumbnail\" alt=\"\" \/><\/a>\n\t\t\t\t<\/dt><\/dl><dl class='gallery-item'>\n\t\t\t\t<dt class='gallery-icon landscape'>\n\t\t\t\t\t<a class=\"rollover rollover-zoom dt-pswp-item\" title=\"60a433e2-8ca8-4034-93ca-bc796190967b\" data-dt-img-description=\"\" data-large_image_width=\"1448\" data-large_image_height=\"1010\"href='https:\/\/www.radiopiu.net\/wordpress\/wp-content\/uploads\/2020\/12\/60a433e2-8ca8-4034-93ca-bc796190967b.jpg'><img loading=\"lazy\" decoding=\"async\" width=\"150\" height=\"150\" src=\"https:\/\/www.radiopiu.net\/wordpress\/wp-content\/uploads\/2020\/12\/60a433e2-8ca8-4034-93ca-bc796190967b-150x150.jpg\" class=\"attachment-thumbnail size-thumbnail\" alt=\"\" \/><\/a>\n\t\t\t\t<\/dt><\/dl><dl class='gallery-item'>\n\t\t\t\t<dt class='gallery-icon landscape'>\n\t\t\t\t\t<a class=\"rollover rollover-zoom dt-pswp-item\" title=\"138399c4-8186-430c-ab98-be8a9edfc684\" data-dt-img-description=\"\" data-large_image_width=\"1427\" data-large_image_height=\"964\"href='https:\/\/www.radiopiu.net\/wordpress\/wp-content\/uploads\/2020\/12\/138399c4-8186-430c-ab98-be8a9edfc684.jpg'><img loading=\"lazy\" decoding=\"async\" width=\"150\" height=\"150\" src=\"https:\/\/www.radiopiu.net\/wordpress\/wp-content\/uploads\/2020\/12\/138399c4-8186-430c-ab98-be8a9edfc684-150x150.jpg\" class=\"attachment-thumbnail size-thumbnail\" alt=\"\" \/><\/a>\n\t\t\t\t<\/dt><\/dl><dl class='gallery-item'>\n\t\t\t\t<dt class='gallery-icon landscape'>\n\t\t\t\t\t<a class=\"rollover rollover-zoom dt-pswp-item\" title=\"215239c9-bea8-40ce-b30d-bfd1e55d6e3f\" data-dt-img-description=\"\" data-large_image_width=\"1448\" data-large_image_height=\"1086\"href='https:\/\/www.radiopiu.net\/wordpress\/wp-content\/uploads\/2020\/12\/215239c9-bea8-40ce-b30d-bfd1e55d6e3f.jpg'><img loading=\"lazy\" decoding=\"async\" width=\"150\" height=\"150\" src=\"https:\/\/www.radiopiu.net\/wordpress\/wp-content\/uploads\/2020\/12\/215239c9-bea8-40ce-b30d-bfd1e55d6e3f-150x150.jpg\" class=\"attachment-thumbnail size-thumbnail\" alt=\"\" \/><\/a>\n\t\t\t\t<\/dt><\/dl><br style=\"clear: both\" \/><dl class='gallery-item'>\n\t\t\t\t<dt class='gallery-icon landscape'>\n\t\t\t\t\t<a class=\"rollover rollover-zoom dt-pswp-item\" title=\"a86a3fca-c31b-466d-8588-e4a92c1242bc\" data-dt-img-description=\"\" data-large_image_width=\"1600\" data-large_image_height=\"900\"href='https:\/\/www.radiopiu.net\/wordpress\/wp-content\/uploads\/2020\/12\/a86a3fca-c31b-466d-8588-e4a92c1242bc.jpg'><img loading=\"lazy\" decoding=\"async\" width=\"150\" height=\"150\" src=\"https:\/\/www.radiopiu.net\/wordpress\/wp-content\/uploads\/2020\/12\/a86a3fca-c31b-466d-8588-e4a92c1242bc-150x150.jpg\" class=\"attachment-thumbnail size-thumbnail\" alt=\"\" \/><\/a>\n\t\t\t\t<\/dt><\/dl><dl class='gallery-item'>\n\t\t\t\t<dt class='gallery-icon landscape'>\n\t\t\t\t\t<a class=\"rollover rollover-zoom dt-pswp-item\" title=\"e66167f4-84cd-4913-9fec-bfc66a99d6f9\" data-dt-img-description=\"\" data-large_image_width=\"1600\" data-large_image_height=\"900\"href='https:\/\/www.radiopiu.net\/wordpress\/wp-content\/uploads\/2020\/12\/e66167f4-84cd-4913-9fec-bfc66a99d6f9.jpg'><img loading=\"lazy\" decoding=\"async\" width=\"150\" height=\"150\" src=\"https:\/\/www.radiopiu.net\/wordpress\/wp-content\/uploads\/2020\/12\/e66167f4-84cd-4913-9fec-bfc66a99d6f9-150x150.jpg\" class=\"attachment-thumbnail size-thumbnail\" alt=\"\" \/><\/a>\n\t\t\t\t<\/dt><\/dl><dl class='gallery-item'>\n\t\t\t\t<dt class='gallery-icon landscape'>\n\t\t\t\t\t<a class=\"rollover rollover-zoom dt-pswp-item\" title=\"ebd9aedd-12d7-4682-bde7-ebde9d188002\" data-dt-img-description=\"\" data-large_image_width=\"1600\" data-large_image_height=\"900\"href='https:\/\/www.radiopiu.net\/wordpress\/wp-content\/uploads\/2020\/12\/ebd9aedd-12d7-4682-bde7-ebde9d188002.jpg'><img loading=\"lazy\" decoding=\"async\" width=\"150\" height=\"150\" src=\"https:\/\/www.radiopiu.net\/wordpress\/wp-content\/uploads\/2020\/12\/ebd9aedd-12d7-4682-bde7-ebde9d188002-150x150.jpg\" class=\"attachment-thumbnail size-thumbnail\" alt=\"\" \/><\/a>\n\t\t\t\t<\/dt><\/dl><dl class='gallery-item'>\n\t\t\t\t<dt class='gallery-icon landscape'>\n\t\t\t\t\t<a class=\"rollover rollover-zoom dt-pswp-item\" title=\"982c72c5-ac21-4807-a06e-f4cad6c89806\" data-dt-img-description=\"\" data-large_image_width=\"1448\" data-large_image_height=\"1022\"href='https:\/\/www.radiopiu.net\/wordpress\/wp-content\/uploads\/2020\/12\/982c72c5-ac21-4807-a06e-f4cad6c89806.jpg'><img loading=\"lazy\" decoding=\"async\" width=\"150\" height=\"150\" src=\"https:\/\/www.radiopiu.net\/wordpress\/wp-content\/uploads\/2020\/12\/982c72c5-ac21-4807-a06e-f4cad6c89806-150x150.jpg\" class=\"attachment-thumbnail size-thumbnail\" alt=\"\" \/><\/a>\n\t\t\t\t<\/dt><\/dl><br style=\"clear: both\" \/>\n\t\t\t<\/div>\n\n<p>&nbsp;<\/p>\n<p><strong>IL VIDEO<\/strong><\/p>\n<div style=\"width: 1200px;\" class=\"wp-video\"><video class=\"wp-video-shortcode\" id=\"video-179076-3\" width=\"1200\" height=\"675\" preload=\"metadata\" controls=\"controls\"><source type=\"video\/mp4\" src=\"https:\/\/www.radiopiu.net\/wordpress\/wp-content\/uploads\/2020\/12\/VVF-CAPRE.mp4?_=3\" \/><a href=\"https:\/\/www.radiopiu.net\/wordpress\/wp-content\/uploads\/2020\/12\/VVF-CAPRE.mp4\">https:\/\/www.radiopiu.net\/wordpress\/wp-content\/uploads\/2020\/12\/VVF-CAPRE.mp4<\/a><\/video><\/div>\n<p>&nbsp;<\/p>\n<p>&nbsp;<\/p>\n<hr \/>\n<p>&nbsp;<\/p>\n<h1><span style=\"color: #ff0000;\">LIVINALLONGO<\/span><\/h1>\n<blockquote>\n<h3><em>LEANDRO GRONES: &#8220;Quest\u2019area di distacco valanghivo \u00e8 un\u2019opportunit\u00e0 di sopravvivenza, in attesa di tempi migliori, per diverse specie di fauna selvatica, tra cui il cervo&#8221;<\/em><\/h3>\n<\/blockquote>\n<p><a href=\"https:\/\/www.radiopiu.net\/wordpress\/giornale-radiopiu-14-dicembre-2020-direttore-mirko-mezzacasa\/131302960_4014357025283907_7346095265901601427_n\/\" rel=\"attachment wp-att-179251\"><img loading=\"lazy\" decoding=\"async\" class=\"alignnone size-medium wp-image-179251\" src=\"https:\/\/www.radiopiu.net\/wordpress\/wp-content\/uploads\/2020\/12\/131302960_4014357025283907_7346095265901601427_n-222x300.jpg\" alt=\"\" width=\"222\" height=\"300\" srcset=\"https:\/\/www.radiopiu.net\/wordpress\/wp-content\/uploads\/2020\/12\/131302960_4014357025283907_7346095265901601427_n-222x300.jpg 222w, https:\/\/www.radiopiu.net\/wordpress\/wp-content\/uploads\/2020\/12\/131302960_4014357025283907_7346095265901601427_n.jpg 526w\" sizes=\"auto, (max-width: 222px) 100vw, 222px\" \/><\/a><\/p>\n<p>&nbsp;<\/p>\n<p>&nbsp;<\/p>\n<p>&nbsp;<\/p>\n<hr \/>\n<p>&nbsp;<\/p>\n<blockquote>\n<h3>PIENONE SULLE DOLOMITI<\/h3>\n<\/blockquote>\n<p><a href=\"https:\/\/www.radiopiu.net\/wordpress\/giornale-radiopiu-14-dicembre-2020-direttore-mirko-mezzacasa\/47965df1-4f52-4448-8f13-50489ccd1831\/\" rel=\"attachment wp-att-179252\"><img loading=\"lazy\" decoding=\"async\" class=\" wp-image-179252 alignleft\" src=\"https:\/\/www.radiopiu.net\/wordpress\/wp-content\/uploads\/2020\/12\/47965df1-4f52-4448-8f13-50489ccd1831-300x225.jpg\" alt=\"\" width=\"205\" height=\"154\" srcset=\"https:\/\/www.radiopiu.net\/wordpress\/wp-content\/uploads\/2020\/12\/47965df1-4f52-4448-8f13-50489ccd1831-300x225.jpg 300w, https:\/\/www.radiopiu.net\/wordpress\/wp-content\/uploads\/2020\/12\/47965df1-4f52-4448-8f13-50489ccd1831-1024x768.jpg 1024w, https:\/\/www.radiopiu.net\/wordpress\/wp-content\/uploads\/2020\/12\/47965df1-4f52-4448-8f13-50489ccd1831-768x576.jpg 768w, https:\/\/www.radiopiu.net\/wordpress\/wp-content\/uploads\/2020\/12\/47965df1-4f52-4448-8f13-50489ccd1831-1536x1152.jpg 1536w, https:\/\/www.radiopiu.net\/wordpress\/wp-content\/uploads\/2020\/12\/47965df1-4f52-4448-8f13-50489ccd1831.jpg 1600w\" sizes=\"auto, (max-width: 205px) 100vw, 205px\" \/><\/a>Gente ovunque nella giornata di ieri, a Passo Duran le macchine parcheggiate a lato strada hanno creato rallentamenti e intasamenti, anche a Passo San Pellegrino parcheggi esauriti e gente in passeggiata o sugli sci da fondo. Almeno 1000 auto in Cansiglio, <a href=\"https:\/\/www.radiopiu.net\/wordpress\/tragedia-ad-arsie-morti-due-cinquantenni\/56cc727b-43cd-4461-a56c-8c6936b803d6-3\/\" rel=\"attachment wp-att-179261\"><img loading=\"lazy\" decoding=\"async\" class=\" wp-image-179261 alignright\" src=\"https:\/\/www.radiopiu.net\/wordpress\/wp-content\/uploads\/2020\/12\/56cc727b-43cd-4461-a56c-8c6936b803d6-2-300x225.jpg\" alt=\"\" width=\"175\" height=\"131\" srcset=\"https:\/\/www.radiopiu.net\/wordpress\/wp-content\/uploads\/2020\/12\/56cc727b-43cd-4461-a56c-8c6936b803d6-2-300x225.jpg 300w, https:\/\/www.radiopiu.net\/wordpress\/wp-content\/uploads\/2020\/12\/56cc727b-43cd-4461-a56c-8c6936b803d6-2-1024x768.jpg 1024w, https:\/\/www.radiopiu.net\/wordpress\/wp-content\/uploads\/2020\/12\/56cc727b-43cd-4461-a56c-8c6936b803d6-2-768x576.jpg 768w, https:\/\/www.radiopiu.net\/wordpress\/wp-content\/uploads\/2020\/12\/56cc727b-43cd-4461-a56c-8c6936b803d6-2-1536x1152.jpg 1536w, https:\/\/www.radiopiu.net\/wordpress\/wp-content\/uploads\/2020\/12\/56cc727b-43cd-4461-a56c-8c6936b803d6-2.jpg 1600w\" sizes=\"auto, (max-width: 175px) 100vw, 175px\" \/><\/a>nessun posto libero sul piazzale del Nevegal. Pienone a Livinallongo ed Arabba, idem a Cortina e ieri sera immancabili code al rientro con un semaforo sull&#8217;Alemagna che ha bloccato le auto al rientro. Chiusa la strada per Misurina<\/p>\n<p>&nbsp;<\/p>\n<p>&nbsp;<\/p>\n<p>&nbsp;<\/p>\n<hr \/>\n<blockquote>\n<h3>IL REPORT DELLA PROVINCIA SUI DANNI PROVOCATI DAL MALTEMPO<\/h3>\n<\/blockquote>\n<p><strong>BELLUNO\u00a0<\/strong>La Provincia sta contando i danni provocati dall&#8217;ondata di maltempo della scorsa settimana. Pubblichiamo il report\u00a0dei sopralluoghi effettuati dai tecnici provinciali di Difesa del Suolo nei luoghi colpiti dall&#8217;ultimo evento.<\/p>\n<a href=\"https:\/\/www.radiopiu.net\/wordpress\/wp-content\/uploads\/2020\/12\/provincia-maltempo-report.pdf\" class=\"pdfemb-viewer\" style=\"\" data-width=\"max\" data-height=\"max\" data-toolbar=\"top\" data-toolbar-fixed=\"on\">provincia maltempo report<\/a>\n<p>&nbsp;<\/p>\n<p>&nbsp;<\/p>\n<hr \/>\n<p>&nbsp;<\/p>\n<p>&nbsp;<\/p>\n<p>&nbsp;<\/p>\n<blockquote>\n<h3>DILLO A RADIO PIU&#8217;&#8230;LA RISPOSTA DI SILVANO SAVIO AL SINDACO DI SAN TOMASO MORENO DE VAL<\/h3>\n<\/blockquote>\n<p><strong><a href=\"https:\/\/www.radiopiu.net\/wordpress\/giornale-radiopiu-14-dicembre-2020-direttore-mirko-mezzacasa\/61069085_2831191300255890_2932349695407685632_n\/\" rel=\"attachment wp-att-179270\"><img loading=\"lazy\" decoding=\"async\" class=\" wp-image-179270 alignleft\" src=\"https:\/\/www.radiopiu.net\/wordpress\/wp-content\/uploads\/2020\/12\/61069085_2831191300255890_2932349695407685632_n-300x300.jpg\" alt=\"\" width=\"142\" height=\"142\" srcset=\"https:\/\/www.radiopiu.net\/wordpress\/wp-content\/uploads\/2020\/12\/61069085_2831191300255890_2932349695407685632_n-300x300.jpg 300w, https:\/\/www.radiopiu.net\/wordpress\/wp-content\/uploads\/2020\/12\/61069085_2831191300255890_2932349695407685632_n-150x150.jpg 150w, https:\/\/www.radiopiu.net\/wordpress\/wp-content\/uploads\/2020\/12\/61069085_2831191300255890_2932349695407685632_n.jpg 489w\" sizes=\"auto, (max-width: 142px) 100vw, 142px\" \/><\/a>RADIO PIU&#8217; Riceviamo e pubblichiamo la risposta di Silvano Savio dopo le considerazioni del sindaco Moreno De Val\u00a0 sulle seconde case<br \/>\n<\/strong><\/p>\n<blockquote>\n<p style=\"font-weight: 400;\"><em>Non ha torto l\u2019amico Moreno de Val, sindaco di San Tomaso, quando dice che se non ci fossero stati i foresti ad acquistare molte case avremmo il territorio disseminato di ruderi. Ogni territorio agordino ha per\u00f2 delle peculiarit\u00e0 e la pianificazione urbanistica\u00a0\u00a0che per molti comuni \u00e8 andata verso la realizzazione di condomini non ha dato buoni frutti, soprattutto ha favorito un disordinato consumo del suolo senza una pianificazione residenziale. Il problema di fondo, come ho rimarcato nel mio post, sta nella mancata possibilit\u00e0 dei montanari di\u00a0\u00a0vivere La montagna, rispetto a chi vive IN montagna. Molte, troppe norme prodotte da gente che la montagna non la vive, o meglio la vive dietro una scrivania esprimendo congetture molto spesso legate ad una forma speculativa del denaro e non ad una vera economia di un territorio. Intanto i dati tecnici ci dicono che la montagna si sta spopolando, la montagna sta morendo e che a recuperare una generazione perduta ci vorranno 25 anni, se partiamo adesso. Dalla pianura salgono a comperare le nostre case ed i nostri giovani se ne vanno, non serve essere dei geni per capire che qualcosa qui non va! \u00a0I finti residenti stanno determinando un importante mancato introito per quanto riguarda l\u2019ICI per esempio e penso che con dei controlli a campione sui consumi elettrici e lo smaltimento dei rifiuti si possa capire che quelle case vengono abitate pochi giorni l\u2019anno, con evidente danno erariale ai danni dei comuni. A suo tempo a Falcade avevamo portato avanti la proposta del progetto sulla residenzialit\u00e0 ideata e posta in essere con indiscusso successo a Sovramonte. Il progetto prevede l\u2019erogazione di un contributo a fondo perduto da attingere dai fondi di confine che nel caso specifico ammonta a 40 mila\u00a0\u00a0Euro su una spesa di 100 mila per la ristrutturazione della casa di abitazione da parte di coppie giovani; considerando i vantaggi fiscali del 55% o 65% per interventi edilizi, la giovane coppia dovr\u00e0 sostenere una spesa reale di soli 20 mila Euro su 100. Mettendo in atto questa idea a livello di Unione Montana i contributi potranno essere calibrati sulla base delle criticit\u00e0 residenziali dei vari comuni. Ben vengano quindi dalla pianura ad abitare La montagna, abbiamo bisogno di giovani coppie che salgano in modo stabile a costituire dei veri nuclei famigliari, che riempiano di bambini le nostre scuole e che amino il nostro territorio. Tutto il resto viene da se.\u00a0<\/em><\/p>\n<\/blockquote>\n<h3><span style=\"color: #ff0000;\">IERI ALLA RADIO<\/span><\/h3>\n<blockquote>\n<h3>IL SINDACO DI SAN TOMASO DIFENDE VILLEGGIANTI E PROPRIETARI DI SECONDE CASE<\/h3>\n<\/blockquote>\n<p><strong><a href=\"https:\/\/www.radiopiu.net\/wordpress\/il-sindaco-di-san-tomaso-difende-villeggianti-e-proprietari-di-seconde-case\/moreno-de-val-12\/\" rel=\"attachment wp-att-179073\"><img loading=\"lazy\" decoding=\"async\" class=\"size-full wp-image-179073 alignleft\" src=\"https:\/\/www.radiopiu.net\/wordpress\/wp-content\/uploads\/2020\/12\/MORENO-DE-VAL.jpg\" alt=\"\" width=\"257\" height=\"244\" \/><\/a>SAN TOMASO<\/strong><\/p>\n<p>di Gianni Santomaso<\/p>\n<audio class=\"wp-audio-shortcode\" id=\"audio-179076-1\" preload=\"none\" style=\"width: 100%;\" controls=\"controls\"><source type=\"audio\/mpeg\" src=\"https:\/\/www.radiopiu.net\/wordpress\/wp-content\/uploads\/2020\/12\/GIANNI-SECONDE-CASE-SAN-TOMASO.mp3?_=1\" \/><a href=\"https:\/\/www.radiopiu.net\/wordpress\/wp-content\/uploads\/2020\/12\/GIANNI-SECONDE-CASE-SAN-TOMASO.mp3\">https:\/\/www.radiopiu.net\/wordpress\/wp-content\/uploads\/2020\/12\/GIANNI-SECONDE-CASE-SAN-TOMASO.mp3<\/a><\/audio>\n<p>&nbsp;<\/p>\n<hr \/>\n<p>&nbsp;<\/p>\n<h2><span style=\"color: #ff0000;\">IERI ALLA RADIO<\/span><\/h2>\n<blockquote>\n<h3 style=\"text-align: left;\">AURINESKI DOLOMITI APRE LA STAGIONE INVERNALE DAL PROSSIMO FINE SETTIMANA<\/h3>\n<\/blockquote>\n<p><strong><a href=\"https:\/\/www.radiopiu.net\/wordpress\/aurineski-dolomiti-apre-la-stagione-invernale-dal-prossimo-fine-settimana\/130913167_2794926570719760_7350460991083858625_o\/\" rel=\"attachment wp-att-179067\"><img loading=\"lazy\" decoding=\"async\" class=\" wp-image-179067 alignleft\" src=\"https:\/\/www.radiopiu.net\/wordpress\/wp-content\/uploads\/2020\/12\/130913167_2794926570719760_7350460991083858625_o-300x189.jpg\" alt=\"\" width=\"232\" height=\"146\" srcset=\"https:\/\/www.radiopiu.net\/wordpress\/wp-content\/uploads\/2020\/12\/130913167_2794926570719760_7350460991083858625_o-300x189.jpg 300w, https:\/\/www.radiopiu.net\/wordpress\/wp-content\/uploads\/2020\/12\/130913167_2794926570719760_7350460991083858625_o-1024x644.jpg 1024w, https:\/\/www.radiopiu.net\/wordpress\/wp-content\/uploads\/2020\/12\/130913167_2794926570719760_7350460991083858625_o-768x483.jpg 768w, https:\/\/www.radiopiu.net\/wordpress\/wp-content\/uploads\/2020\/12\/130913167_2794926570719760_7350460991083858625_o-1536x966.jpg 1536w, https:\/\/www.radiopiu.net\/wordpress\/wp-content\/uploads\/2020\/12\/130913167_2794926570719760_7350460991083858625_o.jpg 1957w\" sizes=\"auto, (max-width: 232px) 100vw, 232px\" \/><\/a>GOSALDO<\/strong> Il Gruppo DESMA \u00e8 pronto per iniziare la stagione invernale a Forcella Aurine. Di seguito alcune indicazioni sulla riapertura da parte dello staff.<\/p>\n<p><em>&#8220;Il gruppo DESMA ha deciso di aprire ugualmente questa stagione invernale tra mille difficolt\u00e0 e restrizioni per dare anche un segnale di PRESENZA, SPERANZA ed UTILITA&#8217; al\u00a0 territorio. Auspichiamo che presto tutto si possa risolvere e si possa ritornare alla normalit\u00e0. Nel frattempo invitiamo anche i nostri clienti a rispettare le varie normative in vigore al fine di poter continuare assieme questo percorso verso un futuro piu certo e roseo&#8221;.<\/em><\/p>\n<div class=\"o9v6fnle cxmmr5t8 oygrvhab hcukyx3x c1et5uql ii04i59q\">\n<div dir=\"auto\"><em><strong>RISTOBAR GHEGI: <\/strong><\/em><em>-Apertura WEEK-END 19 e 20 dicembre , dal 23 dicembre al 6 gennaio aperto tutti giorni <\/em><em><strong>IMPIANTI: <\/strong><\/em><em>Fino al 07\/01\/2021 vi potranno accedere , salvo previa prenotazione e comunicazione scritta atleti professionisti e non professionisti, riconosciuti di interesse nazionale<\/em><\/div>\n<\/div>\n<div class=\"o9v6fnle cxmmr5t8 oygrvhab hcukyx3x c1et5uql ii04i59q\">\n<div dir=\"auto\"><em><strong>ATTIVITA&#8217;: <\/strong><\/em><em>-E&#8217; concessa la salita e la discesa agli atleti che praticano lo SKI-ALP. <\/em><\/div>\n<div dir=\"auto\"><em><strong>CONTATTI: <\/strong><\/em><em>INFO RISTORAZIONE: 0437 1948062<\/em><\/div>\n<div dir=\"auto\"><em>INFO PISTE IMPIANTI: 347 8888973 <\/em><em>INFO PROMOZIONE EVENTI MANIFESTAZIONI : 3498375788<\/em><\/div>\n<\/div>\n<p>&nbsp;<\/p>\n<p>&nbsp;<\/p>\n<p>&nbsp;<\/p>\n<hr \/>\n<p>&nbsp;<\/p>\n<blockquote>\n<h3>UN PANETTONE SICILIANO IL REGALO DI NATALE AI DIPENDENTI LUXOTTICA<\/h3>\n<\/blockquote>\n<p><strong><a href=\"https:\/\/www.radiopiu.net\/wordpress\/un-panettone-siciliano-il-regalo-di-natale-ai-dipendenti-luxottica\/f24e9b06-4da9-4162-b6a2-a49eb324b2fb\/\" rel=\"attachment wp-att-179237\"><img loading=\"lazy\" decoding=\"async\" class=\"size-medium wp-image-179237 alignleft\" src=\"https:\/\/www.radiopiu.net\/wordpress\/wp-content\/uploads\/2020\/12\/f24e9b06-4da9-4162-b6a2-a49eb324b2fb-225x300.jpg\" alt=\"\" width=\"225\" height=\"300\" srcset=\"https:\/\/www.radiopiu.net\/wordpress\/wp-content\/uploads\/2020\/12\/f24e9b06-4da9-4162-b6a2-a49eb324b2fb-225x300.jpg 225w, https:\/\/www.radiopiu.net\/wordpress\/wp-content\/uploads\/2020\/12\/f24e9b06-4da9-4162-b6a2-a49eb324b2fb-768x1024.jpg 768w, https:\/\/www.radiopiu.net\/wordpress\/wp-content\/uploads\/2020\/12\/f24e9b06-4da9-4162-b6a2-a49eb324b2fb-1152x1536.jpg 1152w, https:\/\/www.radiopiu.net\/wordpress\/wp-content\/uploads\/2020\/12\/f24e9b06-4da9-4162-b6a2-a49eb324b2fb.jpg 1536w\" sizes=\"auto, (max-width: 225px) 100vw, 225px\" \/><\/a>AGORDO<\/strong><\/p>\n<p>di Gianni Santomaso<\/p>\n<audio class=\"wp-audio-shortcode\" id=\"audio-179076-2\" preload=\"none\" style=\"width: 100%;\" controls=\"controls\"><source type=\"audio\/mpeg\" src=\"https:\/\/www.radiopiu.net\/wordpress\/wp-content\/uploads\/2020\/12\/GIANNI-REGALO-NATALE-LUXOTTICA.mp3?_=2\" \/><a href=\"https:\/\/www.radiopiu.net\/wordpress\/wp-content\/uploads\/2020\/12\/GIANNI-REGALO-NATALE-LUXOTTICA.mp3\">https:\/\/www.radiopiu.net\/wordpress\/wp-content\/uploads\/2020\/12\/GIANNI-REGALO-NATALE-LUXOTTICA.mp3<\/a><\/audio>\n<p>&nbsp;<\/p>\n<hr \/>\n<p>&nbsp;<\/p>\n<p><span style=\"color: #ff0000;\">La scatola di Natale<\/span><\/p>\n<blockquote>\n<h3>A ROE IL NATALE PER LE ASSOCIAZIONI\u00a0 CHE SI OCCUPANO DI CHI VIVE NELLA MARGINALITA&#8217;<\/h3>\n<\/blockquote>\n<p><strong><a href=\"https:\/\/www.radiopiu.net\/wordpress\/giornale-radiopiu-14-dicembre-2020-direttore-mirko-mezzacasa\/hqdefault-36\/\" rel=\"attachment wp-att-179264\"><img loading=\"lazy\" decoding=\"async\" class=\" wp-image-179264 alignleft\" src=\"https:\/\/www.radiopiu.net\/wordpress\/wp-content\/uploads\/2020\/12\/hqdefault-1-300x225.jpg\" alt=\"\" width=\"137\" height=\"103\" srcset=\"https:\/\/www.radiopiu.net\/wordpress\/wp-content\/uploads\/2020\/12\/hqdefault-1-300x225.jpg 300w, https:\/\/www.radiopiu.net\/wordpress\/wp-content\/uploads\/2020\/12\/hqdefault-1.jpg 480w\" sizes=\"auto, (max-width: 137px) 100vw, 137px\" \/><\/a><\/strong><\/p>\n<p>&nbsp;<\/p>\n<p><strong>SEDICO\u00a0<\/strong><\/p>\n<p><strong>di DAMIANO TORMEN<\/strong><\/p>\n<audio class=\"wp-audio-shortcode\" id=\"audio-179076-3\" preload=\"none\" style=\"width: 100%;\" controls=\"controls\"><source type=\"audio\/mpeg\" src=\"https:\/\/www.radiopiu.net\/wordpress\/wp-content\/uploads\/2020\/12\/damiano.mp3?_=3\" \/><a href=\"https:\/\/www.radiopiu.net\/wordpress\/wp-content\/uploads\/2020\/12\/damiano.mp3\">https:\/\/www.radiopiu.net\/wordpress\/wp-content\/uploads\/2020\/12\/damiano.mp3<\/a><\/audio>\n<p>&nbsp;<\/p>\n<p>&nbsp;<\/p>\n<hr \/>\n<p>&nbsp;<\/p>\n<blockquote class=\"wp-embedded-content\" data-secret=\"kvPoMvdkna\"><p><a href=\"https:\/\/www.radiopiu.net\/wordpress\/agg-dic13\/\">CORONAVIRUS: AGGIORNAMENTO NAZIONALE 13 DICEMBRE<\/a><\/p><\/blockquote>\n<p><iframe loading=\"lazy\" class=\"wp-embedded-content\" sandbox=\"allow-scripts\" security=\"restricted\" style=\"position: absolute; clip: rect(1px, 1px, 1px, 1px);\" title=\"&#8220;CORONAVIRUS: AGGIORNAMENTO NAZIONALE 13 DICEMBRE&#8221; &#8212; Radio Pi\u00f9\" src=\"https:\/\/www.radiopiu.net\/wordpress\/agg-dic13\/embed\/#?secret=kvPoMvdkna\" data-secret=\"kvPoMvdkna\" width=\"600\" height=\"338\" frameborder=\"0\" marginwidth=\"0\" marginheight=\"0\" scrolling=\"no\"><\/iframe><\/p>\n<p>&nbsp;<\/p>\n<hr \/>\n<p>&nbsp;<\/p>\n<blockquote class=\"wp-embedded-content\" data-secret=\"nYfj1xGe6Y\"><p><a href=\"https:\/\/www.radiopiu.net\/wordpress\/in-24-ore-3277-nuovi-positivi-in-veneto-aumento-di-ricoveri-in-area-non-critica-stabili-le-terapie-intensive-33-i-decessi-a-belluno-225-positivi-in-piu\/\">IN 24 ORE 3277 NUOVI POSITIVI IN VENETO. AUMENTO DI RICOVERI IN AREA NON CRITICA, STABILI LE TERAPIE INTENSIVE. 33 I DECESSI. A BELLUNO 225 POSITIVI IN PIU&#8217;<\/a><\/p><\/blockquote>\n<p><iframe loading=\"lazy\" class=\"wp-embedded-content\" sandbox=\"allow-scripts\" security=\"restricted\" style=\"position: absolute; clip: rect(1px, 1px, 1px, 1px);\" title=\"&#8220;IN 24 ORE 3277 NUOVI POSITIVI IN VENETO. AUMENTO DI RICOVERI IN AREA NON CRITICA, STABILI LE TERAPIE INTENSIVE. 33 I DECESSI. A BELLUNO 225 POSITIVI IN PIU&#8217;&#8221; &#8212; Radio Pi\u00f9\" src=\"https:\/\/www.radiopiu.net\/wordpress\/in-24-ore-3277-nuovi-positivi-in-veneto-aumento-di-ricoveri-in-area-non-critica-stabili-le-terapie-intensive-33-i-decessi-a-belluno-225-positivi-in-piu\/embed\/#?secret=nYfj1xGe6Y\" data-secret=\"nYfj1xGe6Y\" width=\"600\" height=\"338\" frameborder=\"0\" marginwidth=\"0\" marginheight=\"0\" scrolling=\"no\"><\/iframe><\/p>\n<p>&nbsp;<\/p>\n<hr \/>\n<p>&nbsp;<\/p>\n<blockquote>\n<h3>I GRAFICI DI TIZIANO DE COL<\/h3>\n<\/blockquote>\n\n\t\t\t<style type='text\/css'>\n\t\t\t\t#gallery-3 {\n\t\t\t\t\tmargin: auto;\n\t\t\t\t}\n\t\t\t\t#gallery-3 .gallery-item {\n\t\t\t\t\tfloat: left;\n\t\t\t\t\tmargin-top: 10px;\n\t\t\t\t\ttext-align: center;\n\t\t\t\t\twidth: 33%;\n\t\t\t\t}\n\t\t\t\t#gallery-3 img {\n\t\t\t\t\tborder: 2px solid #cfcfcf;\n\t\t\t\t}\n\t\t\t\t#gallery-3 .gallery-caption {\n\t\t\t\t\tmargin-left: 0;\n\t\t\t\t}\n\t\t\t\t\/* see gallery_shortcode() in wp-includes\/media.php *\/\n\t\t\t<\/style>\n\t\t<div id='gallery-3' class='dt-gallery-container gallery galleryid-179076 gallery-columns-3 gallery-size-medium'><dl class='gallery-item'>\n\t\t\t\t<dt class='gallery-icon landscape'>\n\t\t\t\t\t<a class=\"rollover rollover-zoom dt-pswp-item\" title=\"da7f3c89-d712-4118-af0b-161bbb61b41d\" data-dt-img-description=\"\" data-large_image_width=\"590\" data-large_image_height=\"354\"href='https:\/\/www.radiopiu.net\/wordpress\/wp-content\/uploads\/2020\/12\/da7f3c89-d712-4118-af0b-161bbb61b41d.jpg'><img loading=\"lazy\" decoding=\"async\" width=\"300\" height=\"180\" src=\"https:\/\/www.radiopiu.net\/wordpress\/wp-content\/uploads\/2020\/12\/da7f3c89-d712-4118-af0b-161bbb61b41d-300x180.jpg\" class=\"attachment-medium size-medium\" alt=\"\" srcset=\"https:\/\/www.radiopiu.net\/wordpress\/wp-content\/uploads\/2020\/12\/da7f3c89-d712-4118-af0b-161bbb61b41d-300x180.jpg 300w, https:\/\/www.radiopiu.net\/wordpress\/wp-content\/uploads\/2020\/12\/da7f3c89-d712-4118-af0b-161bbb61b41d.jpg 590w\" sizes=\"auto, (max-width: 300px) 100vw, 300px\" \/><\/a>\n\t\t\t\t<\/dt><\/dl><dl class='gallery-item'>\n\t\t\t\t<dt class='gallery-icon landscape'>\n\t\t\t\t\t<a class=\"rollover rollover-zoom dt-pswp-item\" title=\"42f47433-1d7a-42b5-9748-19d3fbe74e29\" data-dt-img-description=\"\" data-large_image_width=\"598\" data-large_image_height=\"355\"href='https:\/\/www.radiopiu.net\/wordpress\/wp-content\/uploads\/2020\/12\/42f47433-1d7a-42b5-9748-19d3fbe74e29.jpg'><img loading=\"lazy\" decoding=\"async\" width=\"300\" height=\"178\" src=\"https:\/\/www.radiopiu.net\/wordpress\/wp-content\/uploads\/2020\/12\/42f47433-1d7a-42b5-9748-19d3fbe74e29-300x178.jpg\" class=\"attachment-medium size-medium\" alt=\"\" srcset=\"https:\/\/www.radiopiu.net\/wordpress\/wp-content\/uploads\/2020\/12\/42f47433-1d7a-42b5-9748-19d3fbe74e29-300x178.jpg 300w, https:\/\/www.radiopiu.net\/wordpress\/wp-content\/uploads\/2020\/12\/42f47433-1d7a-42b5-9748-19d3fbe74e29.jpg 598w\" sizes=\"auto, (max-width: 300px) 100vw, 300px\" \/><\/a>\n\t\t\t\t<\/dt><\/dl><dl class='gallery-item'>\n\t\t\t\t<dt class='gallery-icon landscape'>\n\t\t\t\t\t<a class=\"rollover rollover-zoom dt-pswp-item\" title=\"353c9069-c5cd-48ec-9d38-e8edc4dc4e54\" data-dt-img-description=\"\" data-large_image_width=\"600\" data-large_image_height=\"355\"href='https:\/\/www.radiopiu.net\/wordpress\/wp-content\/uploads\/2020\/12\/353c9069-c5cd-48ec-9d38-e8edc4dc4e54.jpg'><img loading=\"lazy\" decoding=\"async\" width=\"300\" height=\"178\" src=\"https:\/\/www.radiopiu.net\/wordpress\/wp-content\/uploads\/2020\/12\/353c9069-c5cd-48ec-9d38-e8edc4dc4e54-300x178.jpg\" class=\"attachment-medium size-medium\" alt=\"\" srcset=\"https:\/\/www.radiopiu.net\/wordpress\/wp-content\/uploads\/2020\/12\/353c9069-c5cd-48ec-9d38-e8edc4dc4e54-300x178.jpg 300w, https:\/\/www.radiopiu.net\/wordpress\/wp-content\/uploads\/2020\/12\/353c9069-c5cd-48ec-9d38-e8edc4dc4e54.jpg 600w\" sizes=\"auto, (max-width: 300px) 100vw, 300px\" \/><\/a>\n\t\t\t\t<\/dt><\/dl><br style=\"clear: both\" \/>\n\t\t\t<\/div>\n\n<p>&nbsp;<\/p>\n<hr \/>\n<p>&nbsp;<\/p>\n<blockquote>\n<h3>GRUPPO PD: &#8220;TROPPI ASSEMBRAMENTI. SERVONO ORDINANZE CHIARE&#8221;<\/h3>\n<\/blockquote>\n<p><strong><a href=\"https:\/\/www.radiopiu.net\/wordpress\/giornale-radiopiu-del-29-novembre-2018-direttore-mirko-mezzacasa\/pd\/\" rel=\"attachment wp-att-67744\"><img loading=\"lazy\" decoding=\"async\" class=\"size-full wp-image-67744 alignleft\" src=\"https:\/\/www.radiopiu.net\/wordpress\/wp-content\/uploads\/2018\/11\/PD.png\" alt=\"\" width=\"226\" height=\"182\" \/><\/a>VENEZIA\u00a0<\/strong>\u201c<em>La giornata di ieri non pu\u00f2 che destare una forte preoccupazione. In uno scenario che vede gi\u00e0 il Veneto in pesante difficolt\u00e0 sul fronte dei contagi e delle vittime, gli assembramenti registrati nelle principali citt\u00e0 sono segnali allarmanti di una situazione che appare fuori controllo<\/em>\u201d. Lo dicono con un post sulla loro pagina Facebook i consiglieri regionali del PD Veneto. \u201c<em>Non bastano pi\u00f9 gli appelli alla responsabilit\u00e0 dei cittadini da parte del Presidente Zaia. \u00c8 evidente che di fronte a un quadro che si presenta sempre pi\u00f9 serio servono misure e ordinanze chiare, che non siano \u2018usa e getta\u2019 dopo qualche giorno e che diano un messaggio preciso alla cittadinanza: il Veneto non pu\u00f2 pi\u00f9 permettersi di temporeggiare di fronte ad un bollettino che segna cento decessi ogni giorno<\/em>\u201d.<\/p>\n<p>&nbsp;<\/p>\n<p>&nbsp;<\/p>\n<hr \/>\n<p>&nbsp;<\/p>\n<blockquote>\n<h3>IL LAVORO DOPO LA PANDEMIA. PD, RUOLO CENTRALE DEL FATTORE UMANO<\/h3>\n<\/blockquote>\n<p><strong><a href=\"https:\/\/www.radiopiu.net\/wordpress\/mercato-del-lavoro-in-provincia-di-belluno\/lavoro\/\" rel=\"attachment wp-att-49672\"><img loading=\"lazy\" decoding=\"async\" class=\"size-medium wp-image-49672 alignleft\" src=\"https:\/\/www.radiopiu.net\/wordpress\/wp-content\/uploads\/2018\/05\/lavoro-300x169.jpg\" alt=\"\" width=\"300\" height=\"169\" srcset=\"https:\/\/www.radiopiu.net\/wordpress\/wp-content\/uploads\/2018\/05\/lavoro-300x169.jpg 300w, https:\/\/www.radiopiu.net\/wordpress\/wp-content\/uploads\/2018\/05\/lavoro-768x432.jpg 768w, https:\/\/www.radiopiu.net\/wordpress\/wp-content\/uploads\/2018\/05\/lavoro-1024x576.jpg 1024w, https:\/\/www.radiopiu.net\/wordpress\/wp-content\/uploads\/2018\/05\/lavoro.jpg 1280w\" sizes=\"auto, (max-width: 300px) 100vw, 300px\" \/><\/a>BELLUNO<\/strong>\u00a0La federazione provinciale del Partito democratico ha avviato una riflessione sul \u2018dopo pandemia\u2019 perch\u00e9, come sottolinea la segretaria Monica Lotto, \u00abvediamo l\u2019urgenza di ragionare su uno scenario che nel 2021 sar\u00e0 completamente diverso rispetto al 2019\u00bb. Una prima discussione \u00e8 stata organizzata gioved\u00ec scorso in un webinar con l\u2019eurodeputata Alessandra Moretti, il deputato bellunese Roger De Menech, il presidente regionale dello Spi-Cgil del Veneto, Renato Bressan, il presidente di Met\u00e0logos, ente di formazione accreditato dalla regione, Michele Dal Farra e Anna Orsini, gi\u00e0 dirigente regionale della Cisl. \u00abIl ritorno alla normalit\u00e0 man mano che il vaccino sar\u00e0 distribuito\u00bb, ha affermato Bressan, \u00abci proietta in un mondo radicalmente cambiato rispetto a prima che la pandemia scoppiasse. Alcune tendenze erano gi\u00e0 in atto, la crisi sanitaria le ha accelerate\u00bb. \u00a0Il primo impatto \u00e8 che saranno tantissime le aziende, qui in Veneto, che avvieranno licenziamenti per potersi ristrutturare. Le persone avranno bisogno di riconfigurare le rispettive carriere o anche pi\u00f9 semplicemente di modificare e arricchire le proprie competenze per cercare e trovare un nuovo lavoro. I finanziamenti, ha confermato l\u2019eurodeputata Moretti, \u00abci sono e hanno un costo molto contenuto, dei 209 miliardi destinati all\u2019Italia 81,4 sono a fondo perduto, cio\u00e8 non dovremo restituirli. Il che aumenta la nostra responsabilit\u00e0\u00bb. Il governo ha stabilito le sei principali linee di intervento \u00absalute, transizione ecologica, digitalizzazione, infrastrutture per la mobilit\u00e0, istruzione, equit\u00e0 sociale di genere e territoriale\u00bb, hanno ricordato De Menech e Bressan. Perch\u00e9 le risorse siano utili ed efficaci, cio\u00e8 producano i risultati attesi, secondo Dal Farra \u00e8 necessario prestare attenzione a due settori e un fattore: \u00abpubblica amministrazione e scuola, a cui va aggiunto il fattore umano, cruciale a mio avviso. Perch\u00e9 non ci mancano gli strumenti tecnici, digitali o le infrastrutture. Quello che spesso manca di pi\u00f9 \u00e8 la mentalit\u00e0 di chi lavora nella pubblica amministrazione di produrre risultati positivi per i cittadini. \u00c8 una debolezza che non pu\u00f2 essere imputata ai dipendenti, servono percorsi specifici per la crescita di una mentalit\u00e0 in cui il vero perno \u00e8 la responsabilit\u00e0 nei confronti delle persone\u00bb. Per noi che viviamo in montagna, ha concluso Lotto, \u00abil sesto asse \u00e8 fondamentale. Ribadisce l\u2019importanza di ridurre il differenziale e le disuguaglianze tra aree marginali e quelle urbane. Anche in questo caso c\u2019\u00e8 una grande responsabilit\u00e0 in capo alle classi dirigenti, non solo al governo nazionale. Perch\u00e9 con tutte queste risorse sar\u00e0 fondamentale come spendiamo e investiamo i soldi\u00bb<\/p>\n<p>&nbsp;<\/p>\n<p>&nbsp;<\/p>\n<hr \/>\n<p>&nbsp;<\/p>\n<blockquote>\n<h3>CAMPER-PRIMULA PER RAGGIUNGERE I COMUNI MONTANI. BUSSONE (UNCEM): &#8220;A SPERANZA E ARCURI DICO &#8216;NON SOLO PADIGLIONI&#8217; MA ANCHE MEZZI MOBILI PER RAGGIUNGERE I TERRITORI MONTANI DEL PAESE E VACCINARE TUTTI&#8221;<\/h3>\n<\/blockquote>\n<p><strong><a href=\"https:\/\/www.radiopiu.net\/wordpress\/giornale-radiopiu-06-novembre-2020-direttore-mirko-mezzacasa\/logouncem_no_scritta-wdtr\/\" rel=\"attachment wp-att-170846\"><img loading=\"lazy\" decoding=\"async\" class=\" wp-image-170846 alignleft\" src=\"https:\/\/www.radiopiu.net\/wordpress\/wp-content\/uploads\/2020\/11\/logoUNCEM_no_scritta-wdtr-300x300.jpg\" alt=\"\" width=\"208\" height=\"208\" srcset=\"https:\/\/www.radiopiu.net\/wordpress\/wp-content\/uploads\/2020\/11\/logoUNCEM_no_scritta-wdtr-300x300.jpg 300w, https:\/\/www.radiopiu.net\/wordpress\/wp-content\/uploads\/2020\/11\/logoUNCEM_no_scritta-wdtr-150x150.jpg 150w, https:\/\/www.radiopiu.net\/wordpress\/wp-content\/uploads\/2020\/11\/logoUNCEM_no_scritta-wdtr.jpg 640w\" sizes=\"auto, (max-width: 208px) 100vw, 208px\" \/><\/a>ROMA<\/strong> &#8220;Ad Arcuri e Speranza dico &#8216;non solo padiglioni per il vaccino nelle piazze delle grandi citt\u00e0&#8217;. Ma anche &#8216;camper-primula per il vaccino&#8217; che possano salire nelle valli alpine e appenniniche, raggiungere i paesi, tutti i borghi, per la somministrazione del vaccino a tutti. Usiamo camper, rivestiamoli della primula scelta per indicare la &#8216;rinascita&#8217; e facciamo in modo che nel primo semestre 2020, nei tempi previsti per la somministrazione, vadano dappertutto. Facciamoli disegnare da giovani studenti di design, coordinati dall&#8217;Istituto di Architettura Montana, ad esempio. Facciamo salire le unit\u00e0 mobili di somministrazione anche nei piccoli Comuni. Camper-primula che vadano incontro alle fasce pi\u00f9 deboli, pi\u00f9 fragili, agli anziani, ma anche alle famiglie che risiedono nei borghi montani. Coordiniamo insieme, con Uncem, con il CTS e il Ministero della Salute, il Piano. Siamo pronti, a disposizione. Non solo padiglioni. S\u00ec a unit\u00e0 mobili per il vaccino anti-covid&#8221;.\u00a0Lo afferma Marco Bussone, Presidente nazionale Uncem, l&#8217;Unione nazionale dei Comuni, delle Comunit\u00e0 e degli Enti montani.<\/p>\n<p>&nbsp;<\/p>\n<p>&nbsp;<\/p>\n<hr \/>\n<p>&nbsp;<\/p>\n<blockquote>\n<h3>DEBORA NICOLETTO VINCE LA MENZIONE SPECIALE &#8220;AMBIENTE &amp; TERRITORIO&#8221; AL PREMIO DONNA DELL\u2019ANNO<\/h3>\n<\/blockquote>\n<p><strong><a href=\"https:\/\/www.radiopiu.net\/wordpress\/progetto-family-con-il-secondo-bando-si-allarga-la-platea-degli-aderenti\/family-nicoletto\/\" rel=\"attachment wp-att-96205\"><img loading=\"lazy\" decoding=\"async\" class=\" wp-image-96205 alignleft\" src=\"https:\/\/www.radiopiu.net\/wordpress\/wp-content\/uploads\/2019\/08\/FAMILY-NICOLETTO-300x171.jpg\" alt=\"\" width=\"219\" height=\"125\" srcset=\"https:\/\/www.radiopiu.net\/wordpress\/wp-content\/uploads\/2019\/08\/FAMILY-NICOLETTO-300x171.jpg 300w, https:\/\/www.radiopiu.net\/wordpress\/wp-content\/uploads\/2019\/08\/FAMILY-NICOLETTO-768x439.jpg 768w, https:\/\/www.radiopiu.net\/wordpress\/wp-content\/uploads\/2019\/08\/FAMILY-NICOLETTO-1024x585.jpg 1024w, https:\/\/www.radiopiu.net\/wordpress\/wp-content\/uploads\/2019\/08\/FAMILY-NICOLETTO.jpg 1892w\" sizes=\"auto, (max-width: 219px) 100vw, 219px\" \/><\/a>FONZASO<\/strong> Si \u00e8 svolta online la giornata di premiazione dell&#8217;edizione 2020 del Premio Donna dell\u2019Anno 2020 che ha visto, alla fine di una diretta facebook in cui si sono avvicendati racconti e visioni di donne rappresentanti delle realt\u00e0 promotrici, la consegna del premio Donna dell\u2019Anno e di due menzioni speciali \u201cAmbiente &amp; Territorio\u201d del Comitato Scientifico. Una Menzione Speciale \u00e8 andata a Debora Nicoletto di Fonzaso, nel novero delle 15 finaliste che hanno partecipato alla votazione del pubblico della rete durante il mese di novembre.<\/p>\n<p>&nbsp;<\/p>\n<p>&nbsp;<\/p>\n<hr \/>\n<p>&nbsp;<\/p>\n<blockquote>\n<h3>CANDIDATURA DELL&#8217;AREA DEL GRAPPA A RISERVA DELLA BIOSFERA: IL TERRITORIO DEL COMUNE DI FELTRE POTR\u00c0 DIVENTARE INTERAMENTE \u201cA MARCHIO\u201d UNESCO<\/h3>\n<\/blockquote>\n<p><strong><a href=\"https:\/\/www.radiopiu.net\/wordpress\/omaggi-a-feltre-dallalto\/94e3b68b-d386-4f94-8aa8-30105c25932b\/\" rel=\"attachment wp-att-145789\"><img loading=\"lazy\" decoding=\"async\" class=\"size-medium wp-image-145789 alignleft\" src=\"https:\/\/www.radiopiu.net\/wordpress\/wp-content\/uploads\/2020\/06\/94e3b68b-d386-4f94-8aa8-30105c25932b-300x225.jpg\" alt=\"\" width=\"300\" height=\"225\" srcset=\"https:\/\/www.radiopiu.net\/wordpress\/wp-content\/uploads\/2020\/06\/94e3b68b-d386-4f94-8aa8-30105c25932b-300x225.jpg 300w, https:\/\/www.radiopiu.net\/wordpress\/wp-content\/uploads\/2020\/06\/94e3b68b-d386-4f94-8aa8-30105c25932b-768x576.jpg 768w, https:\/\/www.radiopiu.net\/wordpress\/wp-content\/uploads\/2020\/06\/94e3b68b-d386-4f94-8aa8-30105c25932b.jpg 960w\" sizes=\"auto, (max-width: 300px) 100vw, 300px\" \/><\/a>FELTRE<\/strong>\u00a0E&#8217; di questi giorni la notizia che il Presidente del Comitato Nazionale MAB UNESCO, di concerto con il Ministro dell&#8217;Ambiente, ha formalmente sottoscritto e trasmesso a Parigi le due nuove candidature italiane alla Rete Mondiale delle Riserve della Biosfera UNESCO: il &#8216;Monte Grappa&#8217; e l&#8217;allargamento della Riserva della Biosfera Appennino Tosco-Emiliano. L\u2019area veneta proposta come Riserva della Biosfera copre una superficie di oltre 66 mila ettari e include interamente il Massiccio del Grappa, le aree pedemontane che lo circondano e, verso sud, anche le colline e l&#8217;alta pianura che lo collegano con la pianura Padana. Il territorio incluso nella candidatura a Riserva della Biosfera \u00e8 stato definito in stretto confronto con le amministrazioni interessate e comprende 25 Comuni fra le Province di Treviso, Belluno, Vicenza. Tra questi la scelta di Feltre, tra i promotori attivi della candidatura, riveste un&#8217;importanza particolare.<\/p>\n<p><strong>L&#8217;ASSESSORE DEL COMUNE DI FELTRE VALTER BONAN<\/strong><\/p>\n<audio class=\"wp-audio-shortcode\" id=\"audio-179076-4\" preload=\"none\" style=\"width: 100%;\" controls=\"controls\"><source type=\"audio\/mpeg\" src=\"https:\/\/www.radiopiu.net\/wordpress\/wp-content\/uploads\/2020\/12\/Bonan-su-candidatura-UNESCO.mp3?_=4\" \/><a href=\"https:\/\/www.radiopiu.net\/wordpress\/wp-content\/uploads\/2020\/12\/Bonan-su-candidatura-UNESCO.mp3\">https:\/\/www.radiopiu.net\/wordpress\/wp-content\/uploads\/2020\/12\/Bonan-su-candidatura-UNESCO.mp3<\/a><\/audio>\n<p>&nbsp;<\/p>\n<hr \/>\n<p>&nbsp;<\/p>\n<blockquote>\n<h3>OGGI L&#8217;ULTIMO INCONTRO SUL PAT<\/h3>\n<\/blockquote>\n<p><strong><a href=\"https:\/\/www.radiopiu.net\/wordpress\/lambioi\/whatsapp-image-2020-06-14-at-12-42-44\/\" rel=\"attachment wp-att-144747\"><img loading=\"lazy\" decoding=\"async\" class=\"size-medium wp-image-144747 alignleft\" src=\"https:\/\/www.radiopiu.net\/wordpress\/wp-content\/uploads\/2020\/06\/WhatsApp-Image-2020-06-14-at-12.42.44-300x225.jpeg\" alt=\"\" width=\"300\" height=\"225\" srcset=\"https:\/\/www.radiopiu.net\/wordpress\/wp-content\/uploads\/2020\/06\/WhatsApp-Image-2020-06-14-at-12.42.44-300x225.jpeg 300w, https:\/\/www.radiopiu.net\/wordpress\/wp-content\/uploads\/2020\/06\/WhatsApp-Image-2020-06-14-at-12.42.44-768x576.jpeg 768w, https:\/\/www.radiopiu.net\/wordpress\/wp-content\/uploads\/2020\/06\/WhatsApp-Image-2020-06-14-at-12.42.44.jpeg 960w\" sizes=\"auto, (max-width: 300px) 100vw, 300px\" \/><\/a>BELLUNO<\/strong>\u00a0Si svolger\u00e0 oggi dalle 17 alle 19 sulla piattaforma Zoom l&#8217;ultimo\u00a0 incontro seminariale di approfondimento dei temi trattati dal nuovo Piano di Assetto del Territorio. Il tema della serata sar\u00e0 \u201cLa citt\u00e0 dei servizi\u201d e vedr\u00e0 la partecipazione, oltre che dell&#8217;assessore all&#8217;urbanistica Franco Frison e dell&#8217;architetto Francesco Sbetti, componente del gruppo di progettazione, anche di Claudio Perin, responsabile dell&#8217;Area tutela e sviluppo del territorio della Regione Veneto; non mancheranno poi gli interventi di alcuni dei portatori di interesse coinvolti. La citt\u00e0 di Belluno \u00e8 punto di riferimento provinciale per l&#8217;offerta dei servizi, e il confronto con i gestori e gli utilizzatori consentir\u00e0 una progettazione pi\u00f9 attenta alla qualit\u00e0 e alla capacit\u00e0 di risposta della prestazione offerta.<\/p>\n<p>&nbsp;<\/p>\n<p>&nbsp;<\/p>\n<hr \/>\n<p>&nbsp;<\/p>\n<blockquote>\n<h3>IL PALIO PER IL NATALE DELLA CITTA&#8217; DI FELTRE<\/h3>\n<\/blockquote>\n<p><strong><a href=\"https:\/\/www.radiopiu.net\/wordpress\/il-palio-per-il-natale-della-citta-di-feltre\/img-20201213-wa0005\/\" rel=\"attachment wp-att-179185\"><img loading=\"lazy\" decoding=\"async\" class=\" wp-image-179185 alignleft\" src=\"https:\/\/www.radiopiu.net\/wordpress\/wp-content\/uploads\/2020\/12\/IMG-20201213-WA0005-300x146.jpg\" alt=\"\" width=\"282\" height=\"137\" srcset=\"https:\/\/www.radiopiu.net\/wordpress\/wp-content\/uploads\/2020\/12\/IMG-20201213-WA0005-300x146.jpg 300w, https:\/\/www.radiopiu.net\/wordpress\/wp-content\/uploads\/2020\/12\/IMG-20201213-WA0005-1024x497.jpg 1024w, https:\/\/www.radiopiu.net\/wordpress\/wp-content\/uploads\/2020\/12\/IMG-20201213-WA0005-768x373.jpg 768w, https:\/\/www.radiopiu.net\/wordpress\/wp-content\/uploads\/2020\/12\/IMG-20201213-WA0005-1536x746.jpg 1536w, https:\/\/www.radiopiu.net\/wordpress\/wp-content\/uploads\/2020\/12\/IMG-20201213-WA0005.jpg 1600w\" sizes=\"auto, (max-width: 282px) 100vw, 282px\" \/><\/a>FELTRE<\/strong>\u00a0L\u2019Associazione Palio Citt\u00e0 di Feltre ha colto l\u2019invito dell\u2019Amministrazione Comunale per addobbare quattro alberi di natale, complementari a quello maggiore, offerto da Luca Rento, e disposti \u201ca corona\u201d rispetto al centro cittadino, cio\u00e8 nel Piazzale della Lana, nell\u2019area della Manifattura, a Borgo Ruga e nell\u2019area commerciale delle Torri. Sono stati quindi realizzati degli addobbi in materiale plastico, resistente alle intemperie, caratterizzati dai simboli dei quattro Quartieri, del Gruppo Sbandieratori Citt\u00e0 di Feltre e del Palio di Feltre in versione natalizia, arricchiti cio\u00e8 da alcuni attributi tipici del periodo delle feste. La decorazione degli alberi, che sono dotati anche delle classiche luci natalizie, \u00e8 stata portata avanti da volontari del mondo del Palio e si \u00e8 giovata della preziosa collaborazione con i commercianti di Borgo Ruga e dell\u2019area commerciale delle Torri per gli alberi posizionati nelle rispettive aree. <a href=\"https:\/\/www.radiopiu.net\/wordpress\/il-palio-per-il-natale-della-citta-di-feltre\/img-20201212-wa0029\/\" rel=\"attachment wp-att-179186\"><img loading=\"lazy\" decoding=\"async\" class=\"size-medium wp-image-179186 alignright\" src=\"https:\/\/www.radiopiu.net\/wordpress\/wp-content\/uploads\/2020\/12\/IMG-20201212-WA0029-225x300.jpg\" alt=\"\" width=\"225\" height=\"300\" srcset=\"https:\/\/www.radiopiu.net\/wordpress\/wp-content\/uploads\/2020\/12\/IMG-20201212-WA0029-225x300.jpg 225w, https:\/\/www.radiopiu.net\/wordpress\/wp-content\/uploads\/2020\/12\/IMG-20201212-WA0029-768x1024.jpg 768w, https:\/\/www.radiopiu.net\/wordpress\/wp-content\/uploads\/2020\/12\/IMG-20201212-WA0029.jpg 960w\" sizes=\"auto, (max-width: 225px) 100vw, 225px\" \/><\/a>Alle 18 del 12 dicembre si \u00e8 svolta l\u2019accensione delle luci dell\u2019albero posto in Manifattura, alla presenza dei rappresentanti del Palio e dell\u2019Amministrazione Comunale. \u201cL\u2019Associazione Palio Citt\u00e0 di Feltre, ha dichiarato il presidente Eugenio Tamburrino, \u00e8 stata lieta di offrire il proprio contributo alla vita cittadina nel periodo natalizio. Ovviamente si tratta di una decorazione complementare a quelle ideate per il centro cittadino, ma credo sia comunque un segno importante di vicinanza alla citt\u00e0, pur in un anno che per tutte le manifestazioni ha riservato momenti problematici. Ci tengo particolarmente a ringraziare i commercianti di Borgo Ruga e delle Torri, che hanno aderito con entusiasmo all\u2019iniziativa, ben comprendendone lo spirito. Un grande ringraziamento va poi a tutti i volontari del mondo del Palio che si sono adoperati per realizzare, confezionare e applicare le decorazioni per gli alberi\u201d. Da parte sua, Manuel Sacchet, presidente del Consiglio Comunale, ha aggiunto: \u201cUn sincero ringraziamento all\u2019Associazione Palio Citt\u00e0 di Feltre, al Gruppo Sbandieratori Citt\u00e0 di Feltre e ai quattro Quartieri per la collaborazione: un gesto che rafforza il senso di comunit\u00e0 in un Natale particolare visto il contesto emergenziale\u201d.<\/p>\n<p>&nbsp;<\/p>\n<p>&nbsp;<\/p>\n<hr \/>\n<p>&nbsp;<\/p>\n<blockquote class=\"wp-embedded-content\" data-secret=\"YaYe48h4We\"><p><a href=\"https:\/\/www.radiopiu.net\/wordpress\/le-foto-di-rocca-pietore-inviate-al-sindaco-andrea-de-bernardin-dai-propri-cittadini\/\">LE FOTO DI ROCCA PIETORE INVIATE AL SINDACO ANDREA DE BERNARDIN DAI PROPRI CITTADINI<\/a><\/p><\/blockquote>\n<p><iframe loading=\"lazy\" class=\"wp-embedded-content\" sandbox=\"allow-scripts\" security=\"restricted\" style=\"position: absolute; clip: rect(1px, 1px, 1px, 1px);\" title=\"&#8220;LE FOTO DI ROCCA PIETORE INVIATE AL SINDACO ANDREA DE BERNARDIN DAI PROPRI CITTADINI&#8221; &#8212; Radio Pi\u00f9\" src=\"https:\/\/www.radiopiu.net\/wordpress\/le-foto-di-rocca-pietore-inviate-al-sindaco-andrea-de-bernardin-dai-propri-cittadini\/embed\/#?secret=YaYe48h4We\" data-secret=\"YaYe48h4We\" width=\"600\" height=\"338\" frameborder=\"0\" marginwidth=\"0\" marginheight=\"0\" scrolling=\"no\"><\/iframe><\/p>\n<p>&nbsp;<\/p>\n<hr \/>\n<p>&nbsp;<\/p>\n<blockquote>\n<h3>CASHBACK: CONTRASTIAMO L\u2019EVASIONE \u201cREGALANDO\u201d 4,7 MILIARDI AI RICCHI<\/h3>\n<\/blockquote>\n<p><a class=\"dt-pswp-item\" href=\"https:\/\/www.radiopiu.net\/wordpress\/wp-content\/uploads\/2020\/12\/Schermata-2020-12-12-alle-17.31.39.png\" data-dt-img-description=\"\" data-large_image_width=\"504\" data-large_image_height=\"342\"><img loading=\"lazy\" decoding=\"async\" class=\"alignleft size-medium wp-image-179038\" src=\"https:\/\/www.radiopiu.net\/wordpress\/wp-content\/uploads\/2020\/12\/Schermata-2020-12-12-alle-17.31.39-300x204.png\" alt=\"\" width=\"300\" height=\"204\" srcset=\"https:\/\/www.radiopiu.net\/wordpress\/wp-content\/uploads\/2020\/12\/Schermata-2020-12-12-alle-17.31.39-300x204.png 300w, https:\/\/www.radiopiu.net\/wordpress\/wp-content\/uploads\/2020\/12\/Schermata-2020-12-12-alle-17.31.39.png 504w\" sizes=\"auto, (max-width: 300px) 100vw, 300px\" \/><\/a>Questo \u00e8 il primo fine settimana in cui fa il suo esordio il cashback natalizio e nonostante la partenza sia stata in salita, molti operatori e altrettanti consumatori manifestano grandi aspettative nei confronti di questa misura che, ricordiamo, sar\u00e0 operativa anche nel 2021 e nel 2022. Tuttavia, le criticit\u00e0 di questa iniziativa sono molte e non tutte legate alle difficolt\u00e0 di registrazione avvenute in questi giorni. Afferma il coordinatore dell\u2019Ufficio studi della CGIA Paolo Zabeo:<\/p>\n<p>\u201cNei prossimi 2 anni le risorse necessarie per finanziare il cashback ammonteranno a 4,7 miliardi di euro. Una spesa smisurata che tutti gli italiani saranno chiamati a pagare per incentivare l\u2019utilizzo della moneta elettronica, concorrendo cos\u00ec alla riduzione dei pagamenti in nero effettuati con il contante. Nella pratica, per\u00f2, sar\u00e0 un provvedimento che favorir\u00e0 soprattutto coloro che possiedono una elevata capacit\u00e0 di spesa. Persone che, secondo le statistiche, vivono nelle grandi aree urbane del Nord, dispongono di una condizione professionale e un livello di istruzione medio-alto. Insomma, una misura a vantaggio dei ricchi, ma pagata con i soldi di tutti. Un modo veramente molto singolare di combattere l\u2019evasione fiscale\u201d.<\/p>\n<p>E\u2019 vero, sottolineano dalla CGIA, che dal 2021 la restituzione dei soldi sul conto corrente avverr\u00e0 fino alla soglia del 10 per cento della spesa sostenuta con almeno 50 operazioni effettuate entro un tetto di 1.500 euro ogni sei mesi (quindi 300 euro al massimo di ristoro per ogni anno). Ma sempre dal prossimo 1 gennaio e senza alcun importo minimo di spesa, i primi 100 mila partecipanti che in ogni semestre totalizzeranno il maggior numero di transazioni valide, riceveranno addirittura un super cashback di 1.500 euro. Sottolinea il segretario della CGIA, Renato Mason:<\/p>\n<p><strong>\u201cRispetto al 2019, quest\u2019anno il nostro erario registrer\u00e0, a causa degli effetti negativi provocati dal coronavirus alla nostra economia, una contrazione del gettito tributario pari a 48 miliardi di euro, di cui oltre 7 a seguito della riduzione degli incassi dovuti alle attivit\u00e0 di contrasto all\u2019evasione fiscale. Ebbene, a fronte delle difficolt\u00e0 in cui versano le nostre casse pubbliche e il crollo delle entrate, ha senso aumentare l\u2019indebitamento di quasi 5 miliardi in 2 anni per agevolare chi normalmente spende di pi\u00f9 ? Queste risorse, forse, non potevano essere impiegate per aiutare in misura pi\u00f9 diretta e incisiva i commercianti e in generale tutti i lavoratori autonomi che utilizzano come sistema di pagamento il Pos ?\u201d<\/strong><\/p>\n<p>A conferma che il cashback andr\u00e0 a vantaggio dei pi\u00f9 abbienti, l\u2019Ufficio studi della CGIA si \u00e8 avvalso dei dati messi a disposizione dall\u2019Istat1 per l\u2019anno 2019. Le differenze emerse a livello territoriale sono evidentissime: se a Nordovest la spesa media \u00e8 stata di 2.810 euro al mese, nel Sud ha toccato i 2.067 euro (un gap di 743 euro pari ad una variazione del 26 per cento). Nello specifico, se compariamo la spesa della regione pi\u00f9 elevata con quella che ha speso meno, risulta che nella provincia autonoma di Bolzano \u00e8 stata di 3.517 euro, in Puglia di soli 1.996 euro.<\/p>\n<p>Anche se analizziamo la predisposizione agli acquisti per titolo di studio emergono grosse differenze tra soggetti con livelli di istruzione alti rispetto agli altri. Un capofamiglia laureato, l\u2019anno scorso ha speso mediamente per gli acquisti mensili 3.587 euro, un diplomato 2.835, una persona con la licenza media 2.349 e con la sola licenza elementare 1.678 euro.<\/p>\n<p>E\u2019 altrettanto evidente il divario di spesa per i consumi presente in Italia anche in base alla condizione professionale della persona di riferimento. Se, infatti, il capofamiglia \u00e8 un imprenditore o un libero professionista, la spesa media \u00e8 pari a 3.918 euro, scende a 2.354 euro se \u00e8 un pensionato e addirittura a 2.321 euro se \u00e8 un operaio.<\/p>\n<p>Altrettanto significativo infine \u00e8 il differenziale di spesa esistente tra le famiglie in base alla dimensione del comune di residenza. Mentre nei grandi centri metropolitani si spende mediamente 2.909 euro al mese, nelle periferie delle grandi citt\u00e0 e nei comuni con pi\u00f9 di 50.000 abitanti si scende a 2.581 euro e nei piccoli comuni fino a 50.000 abitanti, infine, la spesa scende a 2.443 euro.<\/p>\n<p>Insomma, i capi famiglia pi\u00f9 istruiti, con professioni di alto livello che risiedono nelle grandi aree metropolitane, principalmente del Nord, delineano l\u2019identikit dei nuclei famigliari che saranno maggiormente premiati dal cashback.<\/p>\n<p>\u201cAltres\u00ec \u2013 concludono dalla CGIA &#8211; abbiamo anche l\u2019 impressione che gi\u00e0 oggi queste persone paghino frequentemente con carte di credito o bancomat. Pertanto, spenderemo un botto, ricompenseremo soprattutto i pi\u00f9 abbienti riducendo in minima parte i pagamenti in nero\u201d.<\/p>\n<p>&nbsp;<\/p>\n<p>&nbsp;<\/p>\n<hr \/>\n<p>&nbsp;<\/p>\n<blockquote>\n<h3>AD AGORDO PROLOCO METTE L&#8217;INVERNO DI VETRINA<\/h3>\n<\/blockquote>\n<p><strong>AGORDO<\/strong> La Proloco di Agordo \u00e8 artefice di una nuova iniziativa. La raccolta delle fotografie dell&#8217;inverno nella Conca Agordina (2020-21), da esporre nell&#8217;ufficio di via 27 Aprile. Troveranno spazio in vetrina o nei locali dell&#8217;ufficio su supporto cartaceo o video fino al termine dell&#8217;inverno, la proloco pensa anche ad una pubblicazione sui social. <em>&#8220;Abbiamo approfittato di questo periodo in cui non possiamo esporre i soliti numerosissimi manifesti di eventi ed iniziative &#8211; spiega la proloco &#8211;\u00a0 per promuovere le bellezze della Conca Agordina&#8221;. <\/em>Chi vorr\u00e0 partecipare potr\u00e0 compilare il modulo ed inviare al massimo 2 foto.<\/p>\n<p>&nbsp;<\/p>\n<p>&nbsp;<\/p>\n<hr \/>\n<p>&nbsp;<\/p>\n<blockquote>\n<h3>LA SCUOLA EQUIPE FALCADE ORGANIZZA ESCURSIONI GUIDATE<\/h3>\n<\/blockquote>\n<p><strong>FALCADE\u00a0<\/strong>Per la stagione invernale 2020\/21, la scuola Equipe Falcade organizza delle escursioni con le ciaspe dedicate ai bambini. 4 le escursioni in programma per gruppi di massimo 4 bambini che si possono prenotare al 334 9151617. Necessario l&#8217;abbigliamento da sci, zainetto e la mascherina. A tutti coloro che partecipano all&#8217;iniziativa uno scaldacollo in omaggio.<\/p>\n<p>&nbsp;<\/p>\n<p>&nbsp;<\/p>\n<hr \/>\n<p>&nbsp;<\/p>\n<blockquote>\n<h3>S\u00d6RA D NAD\u00c0 E DVAN DAL COI<\/h3>\n<\/blockquote>\n<p><strong>COMELICO\u00a0<\/strong>L&#8217;Union Ladina Dal Comelgo e il Gruppo Musicale di Costalta organizzano per mercoled\u00ec 23 dicembre alle 20.30 e per domenica 27 dicembre alle 20.30, due serate di musica, poesia e presentazione del libro &#8220;Dvan dal Coi, l&#8217;uomo dei boschi, tra leggenda e realt\u00e0&#8221;. Con Lucio Eicher Clere, Daniele De Bettin e Claudio Michelazzi. Le serate saranno trasmesse esclusivamente in diretta Facebook da Costalta sulla pagina Facebook dell&#8217;Union Ladina.<\/p>\n<p>&nbsp;<\/p>\n<p>&nbsp;<\/p>\n<hr \/>\n<p>&nbsp;<\/p>\n<blockquote>\n<h3>IL SANTUARIO DI SAN MAMANTE COMPRESO NELLE CHIESE DELLA PARROCCHIA DI CASTION<\/h3>\n<h3>di Renato Bona<\/h3>\n<\/blockquote>\n<p><strong>BELLUNO<\/strong> Completiamo la rassegna delle chiese che fanno capo alla Parrocchia di Castion (Belluno) e che sono state proposte nel novembre 2012 (grafica e stampa tipografia Piave) dall\u2019Istituto bellunese di ricerche sociali e culturali presieduto dal prof. don Sergio Sacco, che &#8211; per la serie \u201cQuaderni\u201d &#8211; ha editato il libro \u201cBelluno. Uno sguardo a centoquindici chiese\u201d di Vincenzo Caputo che per i cenni architettonici si \u00e8 avvalso della collaborazione di Roberto Reolon. CHIESA DI SAN MAMANTE a Caleipo. E\u2019 nominata per la prima volta nel 1289. Secondo la tradizione, precisa l\u2019autore, l\u2019edificio sacro sarebbe un ex voto per la liberazione dai rettili e per salvare dalle malattie i bambini piccoli (da qui la devozione delle mamme che allattano). Ampliata nel \u2018500, la chiesa ha registrato interventi successivi fra cui i restauri al manto di copertura nel 2004. Caratteristica \u00e8 la tettoia addossata al lato destro, a protezione dei pellegrini dai fenomeni atmosferici. Sull\u2019altare una pala di Francesco Frigimelica il Vecchio, risalente al 1609 raffigura san Mamante. Importanti gli affreschi del presbiterio, della prima met\u00e0 del XVI secolo. Due dipinti ad olio ai lati dell\u2019arco trionfale, dello stesso artista, raffigurano fatti della vita del Santo. Oggi il piccolo santuario \u00e8 frequentato per il culto della Madonna della Salute e per la celebrazione di matrimoni. Caputo ricorda quindi che secondo la leggenda la chiesa doveva essere edificata nella frazione Sossai ma per tre volte gli operai trovarono i materiali inspiegabilmente spostati sul versante opposto della valle, proprio dove fu costruita e dove si gener\u00f2 una sorgente d\u2019acqua che \u201csi rivel\u00f2 benefica e miracolosa\u201d (le venivano attribuite propriet\u00e0 stimolatrici del latte nelle puerpere e speciali qualit\u00e0 per curare gli infermi). Altri episodi leggendari: il pastore con in braccio un neonato al quale era appena morta la mamma che stringendo la creatura al petto riusc\u00ec a nutrirla; il cappellano che messa in dubbio l\u2019efficacia dell\u2019acqua si ritrov\u00f2 col latte che usciva dai bottoni del suo abito come da tanti capezzoli di donna in allattamento; quella del tipo al quale, avendo disprezzato San Mamante,\u201dcrebbe talmente il seno da diventare abbondantemente lattifero\u201d. Reolon spiega, fra l\u2019altro che \u201cla facciata principale, che si vede dalla strada, \u00e8 segnata dalla piccola porta, dalle due feritoie centinate e, sul semplice plafone del timpano, dal grande occhio strombato\u2026\u201d. BEATA VERGINE IMMACOLATA del Nevegal. E\u2019 il santuario voluto dal vescovo di Belluno-Feltre mons. Maffeo Ducoli e benedetto nel 1992. All\u2019interno, fra l\u2019altro, una grande raffigurazione di Ges\u00f9 scolpito su pietra, del bellunese Franco Fiabane. Statua in marmo di Carrara della Madonna, in una grotta stilizzata e una statua in bronzo di Santa Bernardetta Soubirous, del fodom Gianni Pezzei. Pregevole, fra l\u2019altro, la Via Crucis in pietre scolpite, pure di Fiabane. SAN GIOVANNI GUALBERTO sempre in Nevegal, localit\u00e0 Col de Gou. E\u2019 stata eretta dal Corpo forestale dello Stato in onore del patrono, raffigurato su un mosaico della facciata. L\u2019edificio sacro sorge su una piccola altura a cui si accede anche per una ripida scalinata di 114 gradini. Inaugurazione il 10 agosto 1958 per l\u2019ottava edizione della festa nazionale della montagna. Il portale in legno \u00e8 opera del grande falcadino Augusto Murer. CAPPELLA DEL REDENTORE SUL Col Visentin. A quota 1763, \u00e8 dedicata ai Caduti. E\u2019 stata costruita nel 1940 in onore dei morti del V Reggimento artiglieria alpina e di tutte le guerre, ed inaugurata il 15 agosto 1946. ANTONIO DA PADOVA E ANTONIO ABATE, localit\u00e0 Fiabane. La bella chiesetta campestre composta da un\u2019aula con piccola abside quadrata \u00e8 stata costruita nel 1845 dalla nobile famiglia Pagani; radicalmente restaurata e ristrutturata venne benedetta il nel 1923. Agli stessi Santi era intitolato nella via La Centa un fabbricato privato ristrutturato e oggi adibito a deposito, nel quale vari reperti ed elementi architettonici indicavano che fu un luogo di culto. Forse si tratta della chiesa ricordata nella bolla di indulgenza del 12 luglio 1394 nominata nei secoli successivi. Nel 1845 la nobile famiglia Pagani ricostruiva poco distante una chiesina intitolata ai due Antonio. SAN LORENZO E DONNINO A Modolo. La chiesa attuale, di propriet\u00e0 privata, vicina alla Villa Miari, risale al \u2018700; \u00e8 stata edificata in sostituzione di altra chiesetta dedicata a San Donnino (o Dominino) mentre una intitolata a San Lorenzo e non pi\u00f9 esistente, era situata nella campagna adiacente. Nei primi dell\u2019Ottocento fu ristrutturata ad opera dell\u2019architetto Andrea Miari. SAN CIPRIANO nell\u2019omonima localit\u00e0. Citata nel 1315 e nel 1370, venne consacrata nel 1464; risistemata nel corso del tempo, tra il 1895 ed il 1897 fu ricostruita. Sull\u2019unico altare un dipinto seicentesco di anonimo con la Vergine con Bimbo fra i santi Cipriano e Bernardino da Siena. SANT\u2019ANNA a Pedecastello\u00ac: in cima a un colle e circondata dal bosco di latifoglie, sorge l\u2019edificio settecentesco restaurato nel 1936 a seguito del terremoto. Probabilmente &#8211; annota Caputo &#8211; \u00e8 la stessa costruzione denominata Santa Maria di Castello citata nel 1362 nello Statuto dei Battuti Castionesi e ricordata pure nel 1637. Sull\u2019altare un dipinto attribuito ad Antonio Gabrieli (secolo XVIII) con Sant\u2019Anna e Maria fanciulla; presenti inoltre tre tele con Ges\u00f9 con santa Caterina da Siena, san Carlo Borromeo, la Santa Croce presentata alla Maddalena; altri due dipinti sono dedicati alla Sacra famiglia e all\u2019Annunciazione. SANT\u2019ANDREA APOSTOLO a La Costa: chiesetta privata della famiglia de Bertoldi all\u2019interno del complesso della villa settecentesca. Importanti lavori di restauro furono eseguiti dopo il terremoto del 1936. All\u2019interno uno spoglio altare marmoreo, lapidi che ricordano alcuni componenti della famiglia, quadretti con le immagini della Via Crucis. Lo stile \u00e8 lievemente barocco &#8211; spiega Roberto Reolon \u2013 si nota sul fronte d\u2019ingresso dalle cornici a gola con raccordi tondeggianti e dal sovraluce del portale d\u2019ingresso, formato da due volute rampanti in pietra di Castellavazzo\u201d.<\/p>\n\n\t\t\t<style type='text\/css'>\n\t\t\t\t#gallery-4 {\n\t\t\t\t\tmargin: auto;\n\t\t\t\t}\n\t\t\t\t#gallery-4 .gallery-item {\n\t\t\t\t\tfloat: left;\n\t\t\t\t\tmargin-top: 10px;\n\t\t\t\t\ttext-align: center;\n\t\t\t\t\twidth: 20%;\n\t\t\t\t}\n\t\t\t\t#gallery-4 img {\n\t\t\t\t\tborder: 2px solid #cfcfcf;\n\t\t\t\t}\n\t\t\t\t#gallery-4 .gallery-caption {\n\t\t\t\t\tmargin-left: 0;\n\t\t\t\t}\n\t\t\t\t\/* see gallery_shortcode() in wp-includes\/media.php *\/\n\t\t\t<\/style>\n\t\t<div id='gallery-4' class='dt-gallery-container gallery galleryid-179076 gallery-columns-5 gallery-size-thumbnail'><dl class='gallery-item'>\n\t\t\t\t<dt class='gallery-icon portrait'>\n\t\t\t\t\t<a class=\"rollover rollover-zoom dt-pswp-item\" title=\"131109245_1038025580035316_4451989921573375994_n\" data-dt-img-description=\"\" data-large_image_width=\"1837\" data-large_image_height=\"2543\"href='https:\/\/www.radiopiu.net\/wordpress\/wp-content\/uploads\/2020\/12\/131109245_1038025580035316_4451989921573375994_n.jpg'><img loading=\"lazy\" decoding=\"async\" width=\"150\" height=\"150\" src=\"https:\/\/www.radiopiu.net\/wordpress\/wp-content\/uploads\/2020\/12\/131109245_1038025580035316_4451989921573375994_n-150x150.jpg\" class=\"attachment-thumbnail size-thumbnail\" alt=\"\" \/><\/a>\n\t\t\t\t<\/dt><\/dl><dl class='gallery-item'>\n\t\t\t\t<dt class='gallery-icon portrait'>\n\t\t\t\t\t<a class=\"rollover rollover-zoom dt-pswp-item\" title=\"131416190_141823260810129_4389241195114631528_n\" data-dt-img-description=\"\" data-large_image_width=\"2298\" data-large_image_height=\"2560\"href='https:\/\/www.radiopiu.net\/wordpress\/wp-content\/uploads\/2020\/12\/131416190_141823260810129_4389241195114631528_n-scaled.jpg'><img loading=\"lazy\" decoding=\"async\" width=\"150\" height=\"150\" src=\"https:\/\/www.radiopiu.net\/wordpress\/wp-content\/uploads\/2020\/12\/131416190_141823260810129_4389241195114631528_n-150x150.jpg\" class=\"attachment-thumbnail size-thumbnail\" alt=\"\" \/><\/a>\n\t\t\t\t<\/dt><\/dl><dl class='gallery-item'>\n\t\t\t\t<dt class='gallery-icon portrait'>\n\t\t\t\t\t<a class=\"rollover rollover-zoom dt-pswp-item\" title=\"131453310_150940279732730_515813598397319973_n\" data-dt-img-description=\"\" data-large_image_width=\"1511\" data-large_image_height=\"1784\"href='https:\/\/www.radiopiu.net\/wordpress\/wp-content\/uploads\/2020\/12\/131453310_150940279732730_515813598397319973_n.jpg'><img loading=\"lazy\" decoding=\"async\" width=\"150\" height=\"150\" src=\"https:\/\/www.radiopiu.net\/wordpress\/wp-content\/uploads\/2020\/12\/131453310_150940279732730_515813598397319973_n-150x150.jpg\" class=\"attachment-thumbnail size-thumbnail\" alt=\"\" \/><\/a>\n\t\t\t\t<\/dt><\/dl><dl class='gallery-item'>\n\t\t\t\t<dt class='gallery-icon portrait'>\n\t\t\t\t\t<a class=\"rollover rollover-zoom dt-pswp-item\" title=\"131150140_174907080984847_2317467934340774382_n\" data-dt-img-description=\"\" data-large_image_width=\"1682\" data-large_image_height=\"2560\"href='https:\/\/www.radiopiu.net\/wordpress\/wp-content\/uploads\/2020\/12\/131150140_174907080984847_2317467934340774382_n-scaled.jpg'><img loading=\"lazy\" decoding=\"async\" width=\"150\" height=\"150\" src=\"https:\/\/www.radiopiu.net\/wordpress\/wp-content\/uploads\/2020\/12\/131150140_174907080984847_2317467934340774382_n-150x150.jpg\" class=\"attachment-thumbnail size-thumbnail\" alt=\"\" \/><\/a>\n\t\t\t\t<\/dt><\/dl><dl class='gallery-item'>\n\t\t\t\t<dt class='gallery-icon portrait'>\n\t\t\t\t\t<a class=\"rollover rollover-zoom dt-pswp-item\" title=\"130991320_855094585264230_3105069450431484455_n\" data-dt-img-description=\"\" data-large_image_width=\"2173\" data-large_image_height=\"2560\"href='https:\/\/www.radiopiu.net\/wordpress\/wp-content\/uploads\/2020\/12\/130991320_855094585264230_3105069450431484455_n-scaled.jpg'><img loading=\"lazy\" decoding=\"async\" width=\"150\" height=\"150\" src=\"https:\/\/www.radiopiu.net\/wordpress\/wp-content\/uploads\/2020\/12\/130991320_855094585264230_3105069450431484455_n-150x150.jpg\" class=\"attachment-thumbnail size-thumbnail\" alt=\"\" \/><\/a>\n\t\t\t\t<\/dt><\/dl><br style=\"clear: both\" \/><dl class='gallery-item'>\n\t\t\t\t<dt class='gallery-icon portrait'>\n\t\t\t\t\t<a class=\"rollover rollover-zoom dt-pswp-item\" title=\"131004521_2673271636316811_909364946010284114_n\" data-dt-img-description=\"\" data-large_image_width=\"1847\" data-large_image_height=\"2560\"href='https:\/\/www.radiopiu.net\/wordpress\/wp-content\/uploads\/2020\/12\/131004521_2673271636316811_909364946010284114_n-scaled.jpg'><img loading=\"lazy\" decoding=\"async\" width=\"150\" height=\"150\" src=\"https:\/\/www.radiopiu.net\/wordpress\/wp-content\/uploads\/2020\/12\/131004521_2673271636316811_909364946010284114_n-150x150.jpg\" class=\"attachment-thumbnail size-thumbnail\" alt=\"\" \/><\/a>\n\t\t\t\t<\/dt><\/dl><dl class='gallery-item'>\n\t\t\t\t<dt class='gallery-icon portrait'>\n\t\t\t\t\t<a class=\"rollover rollover-zoom dt-pswp-item\" title=\"131139298_326958878269790_4410255219727472617_n\" data-dt-img-description=\"\" data-large_image_width=\"1913\" data-large_image_height=\"2560\"href='https:\/\/www.radiopiu.net\/wordpress\/wp-content\/uploads\/2020\/12\/131139298_326958878269790_4410255219727472617_n-scaled.jpg'><img loading=\"lazy\" decoding=\"async\" width=\"150\" height=\"150\" src=\"https:\/\/www.radiopiu.net\/wordpress\/wp-content\/uploads\/2020\/12\/131139298_326958878269790_4410255219727472617_n-150x150.jpg\" class=\"attachment-thumbnail size-thumbnail\" alt=\"\" \/><\/a>\n\t\t\t\t<\/dt><\/dl><dl class='gallery-item'>\n\t\t\t\t<dt class='gallery-icon portrait'>\n\t\t\t\t\t<a class=\"rollover rollover-zoom dt-pswp-item\" title=\"131282901_478786003093470_8655845590250700420_n\" data-dt-img-description=\"\" data-large_image_width=\"2133\" data-large_image_height=\"2490\"href='https:\/\/www.radiopiu.net\/wordpress\/wp-content\/uploads\/2020\/12\/131282901_478786003093470_8655845590250700420_n.jpg'><img loading=\"lazy\" decoding=\"async\" width=\"150\" height=\"150\" src=\"https:\/\/www.radiopiu.net\/wordpress\/wp-content\/uploads\/2020\/12\/131282901_478786003093470_8655845590250700420_n-150x150.jpg\" class=\"attachment-thumbnail size-thumbnail\" alt=\"\" \/><\/a>\n\t\t\t\t<\/dt><\/dl><dl class='gallery-item'>\n\t\t\t\t<dt class='gallery-icon portrait'>\n\t\t\t\t\t<a class=\"rollover rollover-zoom dt-pswp-item\" title=\"131181155_677688669518021_4282010113224502380_n\" data-dt-img-description=\"\" data-large_image_width=\"1818\" data-large_image_height=\"2560\"href='https:\/\/www.radiopiu.net\/wordpress\/wp-content\/uploads\/2020\/12\/131181155_677688669518021_4282010113224502380_n-scaled.jpg'><img loading=\"lazy\" decoding=\"async\" width=\"150\" height=\"150\" src=\"https:\/\/www.radiopiu.net\/wordpress\/wp-content\/uploads\/2020\/12\/131181155_677688669518021_4282010113224502380_n-150x150.jpg\" class=\"attachment-thumbnail size-thumbnail\" alt=\"\" \/><\/a>\n\t\t\t\t<\/dt><\/dl><dl class='gallery-item'>\n\t\t\t\t<dt class='gallery-icon landscape'>\n\t\t\t\t\t<a class=\"rollover rollover-zoom dt-pswp-item\" title=\"131027553_802471116997521_2452359286685578075_n\" data-dt-img-description=\"\" data-large_image_width=\"1928\" data-large_image_height=\"1701\"href='https:\/\/www.radiopiu.net\/wordpress\/wp-content\/uploads\/2020\/12\/131027553_802471116997521_2452359286685578075_n.jpg'><img loading=\"lazy\" decoding=\"async\" width=\"150\" height=\"150\" src=\"https:\/\/www.radiopiu.net\/wordpress\/wp-content\/uploads\/2020\/12\/131027553_802471116997521_2452359286685578075_n-150x150.jpg\" class=\"attachment-thumbnail size-thumbnail\" alt=\"\" \/><\/a>\n\t\t\t\t<\/dt><\/dl><br style=\"clear: both\" \/>\n\t\t\t<\/div>\n\n<p>NELLE FOTO (riproduzioni dal libro \u201cBelluno. Uno sguardo a centoquindici chiese\u201d): San Mamante a Caleipo; Beata Vergine Immacolata al Nevegal; San Giovanni Gualberto a Col de Gou; Cappella del Redentore in Visentin; Santi Antonio da Padova e Antonio abate nella localit\u00e0 Fiabane; Santi Antonio da Padova e Antonio abate nella via castionese La Centa; Santi Lorenzo e Donnino a Modolo; San Cipriano a San Cipriano; Sant\u2019Anna a Pedecastello; Sant\u2019Andrea apostoolo in localit\u00e0 La Costa.<\/p>\n<p>&nbsp;<\/p>\n<p>&nbsp;<\/p>\n<hr \/>\n<p>&nbsp;<\/p>\n<h1><span style=\"color: #ff0000;\">IERI ALLA RADIO<\/span><\/h1>\n<h2><a href=\"https:\/\/www.radiopiu.net\/wordpress\/la-rassegna-stampa-da-lamico-del-popolo-12-dicembre-2020\/don-fabiano-profilo\/\" rel=\"attachment wp-att-178972\"><img loading=\"lazy\" decoding=\"async\" class=\"size-medium wp-image-178972 alignleft\" src=\"https:\/\/www.radiopiu.net\/wordpress\/wp-content\/uploads\/2020\/12\/don-fabiano-profilo-225x300.jpg\" alt=\"\" width=\"225\" height=\"300\" srcset=\"https:\/\/www.radiopiu.net\/wordpress\/wp-content\/uploads\/2020\/12\/don-fabiano-profilo-225x300.jpg 225w, https:\/\/www.radiopiu.net\/wordpress\/wp-content\/uploads\/2020\/12\/don-fabiano-profilo-768x1024.jpg 768w, https:\/\/www.radiopiu.net\/wordpress\/wp-content\/uploads\/2020\/12\/don-fabiano-profilo.jpg 900w\" sizes=\"auto, (max-width: 225px) 100vw, 225px\" \/><\/a><span style=\"color: #800080;\"><strong>LA RASSEGNA STAMPA DA L&#8217;AMICO DEL POPOLO<\/strong><\/span><\/h2>\n<p><strong>di Gianni Santomaso\u00a0<\/strong><\/p>\n<p>OSPITE: Don Fabiano Del Favero<\/p>\n<audio class=\"wp-audio-shortcode\" id=\"audio-179076-5\" preload=\"none\" style=\"width: 100%;\" controls=\"controls\"><source type=\"audio\/mpeg\" src=\"https:\/\/www.radiopiu.net\/wordpress\/wp-content\/uploads\/2020\/12\/RASSEGNA-GIANNI-1.mp3?_=5\" \/><a href=\"https:\/\/www.radiopiu.net\/wordpress\/wp-content\/uploads\/2020\/12\/RASSEGNA-GIANNI-1.mp3\">https:\/\/www.radiopiu.net\/wordpress\/wp-content\/uploads\/2020\/12\/RASSEGNA-GIANNI-1.mp3<\/a><\/audio>\n<p>&nbsp;<\/p>\n<p>&nbsp;<\/p>\n<hr \/>\n<p>&nbsp;<\/p>\n<div class=\"im_message_wrap clearfix\">\n<div class=\"im_content_message_wrap im_message_out\">\n<h2><span style=\"color: #ff0000;\">IERI ALLA RADIO\u00a0 IN VIVO VERSO 2020-21<\/span><\/h2>\n<p><strong><span style=\"color: #0000ff;\">IN ONDA DAL LUNEDI AL VENERDI ALLE 7.10, 10.10, 18.50 I PROTAGONISTI DI QUESTA SETTIMANA: <\/span><span style=\"color: #0000ff;\"><span style=\"color: #000000;\">Carlo Molinari, Gian Domenico Mazzoccato, Mariano Grossi<\/span><\/span><\/strong><\/p>\n<\/div>\n<\/div>\n<h1><strong><span style=\"font-family: Verdana, sans-serif;\"><span style=\"font-size: medium;\">LA RACCOLTA COMPLETA, TUTTE LE COLLEZIONI<\/span><\/span><\/strong><\/h1>\n<blockquote class=\"wp-embedded-content\" data-secret=\"j439aDnJt1\"><p><a href=\"https:\/\/www.radiopiu.net\/wordpress\/in-vivo-verso\/\">In Vivo Verso<\/a><\/p><\/blockquote>\n<p><iframe loading=\"lazy\" class=\"wp-embedded-content\" sandbox=\"allow-scripts\" security=\"restricted\" style=\"position: absolute; clip: rect(1px, 1px, 1px, 1px);\" title=\"&#8220;In Vivo Verso&#8221; &#8212; Radio Pi\u00f9\" src=\"https:\/\/www.radiopiu.net\/wordpress\/in-vivo-verso\/embed\/#?secret=j439aDnJt1\" data-secret=\"j439aDnJt1\" width=\"600\" height=\"338\" frameborder=\"0\" marginwidth=\"0\" marginheight=\"0\" scrolling=\"no\"><\/iframe><\/p>\n<hr \/>\n<p>&nbsp;<\/p>\n<h2>007 IN CONDOTTA CON LA PROF. MARIA ROSA SALMAZO IL LUNEDI ALLE 10,30 E ALLE 19.00 LA DOMENICA ALLE 8 DEL MATTINO. NONA STAGIONE<\/h2>\n<h2>LA RACCOLTA COMPLETA<\/h2>\n<blockquote class=\"wp-embedded-content\" data-secret=\"Q6PXxzOt2h\"><p><a href=\"https:\/\/www.radiopiu.net\/wordpress\/007incondotta-9\/\">007 in condotta<\/a><\/p><\/blockquote>\n<p><iframe loading=\"lazy\" class=\"wp-embedded-content\" sandbox=\"allow-scripts\" security=\"restricted\" style=\"position: absolute; clip: rect(1px, 1px, 1px, 1px);\" title=\"&#8220;007 in condotta&#8221; &#8212; Radio Pi\u00f9\" src=\"https:\/\/www.radiopiu.net\/wordpress\/007incondotta-9\/embed\/#?secret=Q6PXxzOt2h\" data-secret=\"Q6PXxzOt2h\" width=\"600\" height=\"338\" frameborder=\"0\" marginwidth=\"0\" marginheight=\"0\" scrolling=\"no\"><\/iframe><\/p>\n<p>&nbsp;<\/p>\n<hr \/>\n<p>&nbsp;<\/p>\n<blockquote>\n<h2>SALUTE E SOCIETA&#8217; IL LUNEDI ALLE 13.10 E ALLE 20.10, LA DOMENICA ALLE 10.30 A CURA DEL DOTTOR MARCO CARACCIOLO. QUINTA STAGIONE<\/h2>\n<\/blockquote>\n<h3>LA RACCOLTA COMPLETA<\/h3>\n<blockquote class=\"wp-embedded-content\" data-secret=\"paFBaqqQzW\"><p><a href=\"https:\/\/www.radiopiu.net\/wordpress\/saluteesocieta\/\">Salute e Societ\u00e0<\/a><\/p><\/blockquote>\n<p><iframe loading=\"lazy\" class=\"wp-embedded-content\" sandbox=\"allow-scripts\" security=\"restricted\" style=\"position: absolute; clip: rect(1px, 1px, 1px, 1px);\" title=\"&#8220;Salute e Societ\u00e0&#8221; &#8212; Radio Pi\u00f9\" src=\"https:\/\/www.radiopiu.net\/wordpress\/saluteesocieta\/embed\/#?secret=paFBaqqQzW\" data-secret=\"paFBaqqQzW\" width=\"600\" height=\"338\" frameborder=\"0\" marginwidth=\"0\" marginheight=\"0\" scrolling=\"no\"><\/iframe><\/p>\n<hr \/>\n<blockquote>\n<h2><\/h2>\n<h2>FANTASTICHE DOLOMITI, NUOVA STAGIONE. APPUNTAMENTO QUINDICINALE IL GIOVEDI ALLE 10.30 E 1900<\/h2>\n<\/blockquote>\n<h1>LA RACCOLTA COMPLETA<\/h1>\n<blockquote class=\"wp-embedded-content\" data-secret=\"OYVM1ifhtR\"><p><a href=\"https:\/\/www.radiopiu.net\/wordpress\/https-wp-me-p63lo7-gyg\/\">FANTASTICHE DOLOMITI: IL QUINDICINALE APPUNTAMENTO ALLA RADIO<\/a><\/p><\/blockquote>\n<p><iframe loading=\"lazy\" class=\"wp-embedded-content\" sandbox=\"allow-scripts\" security=\"restricted\" style=\"position: absolute; clip: rect(1px, 1px, 1px, 1px);\" title=\"&#8220;FANTASTICHE DOLOMITI: IL QUINDICINALE APPUNTAMENTO ALLA RADIO&#8221; &#8212; Radio Pi\u00f9\" src=\"https:\/\/www.radiopiu.net\/wordpress\/https-wp-me-p63lo7-gyg\/embed\/#?secret=OYVM1ifhtR\" data-secret=\"OYVM1ifhtR\" width=\"600\" height=\"338\" frameborder=\"0\" marginwidth=\"0\" marginheight=\"0\" scrolling=\"no\"><\/iframe><\/p>\n<div class=\"mw-parser-output\">\n<p>&nbsp;<\/p>\n<\/div>\n<p>&nbsp;<\/p>\n<hr \/>\n<p>&nbsp;<\/p>\n<blockquote>\n<h2><a href=\"https:\/\/www.radiopiu.net\/wordpress\/speciale-solidarieta-veneto\/solidarieta-veneto-3\/\" rel=\"attachment wp-att-134366\"><img loading=\"lazy\" decoding=\"async\" class=\"wp-image-134366 alignleft\" src=\"https:\/\/www.radiopiu.net\/wordpress\/wp-content\/uploads\/2020\/05\/solidariet\u00e0-veneto-300x210.jpg\" alt=\"\" width=\"179\" height=\"125\" srcset=\"https:\/\/www.radiopiu.net\/wordpress\/wp-content\/uploads\/2020\/05\/solidariet\u00e0-veneto-300x210.jpg 300w, https:\/\/www.radiopiu.net\/wordpress\/wp-content\/uploads\/2020\/05\/solidariet\u00e0-veneto-1024x717.jpg 1024w, https:\/\/www.radiopiu.net\/wordpress\/wp-content\/uploads\/2020\/05\/solidariet\u00e0-veneto-768x538.jpg 768w, https:\/\/www.radiopiu.net\/wordpress\/wp-content\/uploads\/2020\/05\/solidariet\u00e0-veneto.jpg 1373w\" sizes=\"auto, (max-width: 179px) 100vw, 179px\" \/><\/a>SOLIDARIETA&#8217; VENETO FONDO PENSIONE, IN ONDA IL PRIMO VENERDI DEL MESE ALLE 10.30 E ALLE 19.00 QUINTA STAGIONE<\/h2>\n<h2>RACCOLTA COMPLETA<\/h2>\n<\/blockquote>\n<blockquote class=\"wp-embedded-content\" data-secret=\"viADpm3An0\"><p><a href=\"https:\/\/www.radiopiu.net\/wordpress\/solidarieta-veneto\/\">Solidariet\u00e0 Veneto<\/a><\/p><\/blockquote>\n<p><iframe loading=\"lazy\" class=\"wp-embedded-content\" sandbox=\"allow-scripts\" security=\"restricted\" style=\"position: absolute; clip: rect(1px, 1px, 1px, 1px);\" title=\"&#8220;Solidariet\u00e0 Veneto&#8221; &#8212; Radio Pi\u00f9\" src=\"https:\/\/www.radiopiu.net\/wordpress\/solidarieta-veneto\/embed\/#?secret=viADpm3An0\" data-secret=\"viADpm3An0\" width=\"600\" height=\"338\" frameborder=\"0\" marginwidth=\"0\" marginheight=\"0\" scrolling=\"no\"><\/iframe><\/p>\n<p>&nbsp;<\/p>\n<p>&nbsp;<\/p>\n<hr \/>\n<p>&nbsp;<\/p>\n<h2><span style=\"color: #808000;\">DUE MINUTI UN LIBRO\u00a0 TUTTI I GIORNI ALLA RADIO ALLE 9.30 E ALLE 18. QUINTA STAGIONE \u00a0<\/span><\/h2>\n<h2>LA RACCOLTA COMPLETA<\/h2>\n<blockquote class=\"wp-embedded-content\" data-secret=\"dlnMpqnxcj\"><p><a href=\"https:\/\/www.radiopiu.net\/wordpress\/due-minuti-un-libro\/\">Due minuti un libro<\/a><\/p><\/blockquote>\n<p><iframe loading=\"lazy\" class=\"wp-embedded-content\" sandbox=\"allow-scripts\" security=\"restricted\" style=\"position: absolute; clip: rect(1px, 1px, 1px, 1px);\" title=\"&#8220;Due minuti un libro&#8221; &#8212; Radio Pi\u00f9\" src=\"https:\/\/www.radiopiu.net\/wordpress\/due-minuti-un-libro\/embed\/#?secret=dlnMpqnxcj\" data-secret=\"dlnMpqnxcj\" width=\"600\" height=\"338\" frameborder=\"0\" marginwidth=\"0\" marginheight=\"0\" scrolling=\"no\"><\/iframe><\/p>\n<p>&nbsp;<\/p>\n<hr \/>\n<p>&nbsp;<\/p>\n<blockquote>\n<h2>CASSA SOLIDARIET\u00c0 LUXOTTICA &#8211; PUNTATA DEL 20 NOVEMBRE 2020<\/h2>\n<h2>RACCOLTA COMPLETA<\/h2>\n<\/blockquote>\n<blockquote class=\"wp-embedded-content\" data-secret=\"Qop8JFyTEO\"><p><a href=\"https:\/\/www.radiopiu.net\/wordpress\/cassa-solidarieta-luxottica-puntata-del-16-ottobre-2020\/\">CASSA SOLIDARIET\u00c0 LUXOTTICA &#8211; PUNTATA DEL 20 NOVEMBRE 2020<\/a><\/p><\/blockquote>\n<p><iframe loading=\"lazy\" class=\"wp-embedded-content\" sandbox=\"allow-scripts\" security=\"restricted\" style=\"position: absolute; clip: rect(1px, 1px, 1px, 1px);\" title=\"&#8220;CASSA SOLIDARIET\u00c0 LUXOTTICA &#8211; PUNTATA DEL 20 NOVEMBRE 2020&#8221; &#8212; Radio Pi\u00f9\" src=\"https:\/\/www.radiopiu.net\/wordpress\/cassa-solidarieta-luxottica-puntata-del-16-ottobre-2020\/embed\/#?secret=Qop8JFyTEO\" data-secret=\"Qop8JFyTEO\" width=\"600\" height=\"338\" frameborder=\"0\" marginwidth=\"0\" marginheight=\"0\" scrolling=\"no\"><\/iframe><\/p>\n<p>&nbsp;<\/p>\n<p>&nbsp;<\/p>\n<div>\n<p>&nbsp;<\/p>\n<hr \/>\n<p>&nbsp;<\/p>\n<div>\n<h2><span style=\"color: #33cccc;\">I RACCONTI DI PAOLO SOPPELSA il lunedi alle 9.30 e 18.30<\/span><\/h2>\n<h2><span style=\"color: #33cccc;\"><strong>RACCOLTA COMPLETA<\/strong><\/span><\/h2>\n<blockquote class=\"wp-embedded-content\" data-secret=\"8m52q5KzjT\"><p><a href=\"https:\/\/www.radiopiu.net\/wordpress\/i-racconti-di-paolo-soppelsa\/\">I racconti di Paolo Soppelsa<\/a><\/p><\/blockquote>\n<p><iframe loading=\"lazy\" class=\"wp-embedded-content\" sandbox=\"allow-scripts\" security=\"restricted\" style=\"position: absolute; clip: rect(1px, 1px, 1px, 1px);\" title=\"&#8220;I racconti di Paolo Soppelsa&#8221; &#8212; Radio Pi\u00f9\" src=\"https:\/\/www.radiopiu.net\/wordpress\/i-racconti-di-paolo-soppelsa\/embed\/#?secret=8m52q5KzjT\" data-secret=\"8m52q5KzjT\" width=\"600\" height=\"338\" frameborder=\"0\" marginwidth=\"0\" marginheight=\"0\" scrolling=\"no\"><\/iframe><\/p>\n<\/div>\n<p>&nbsp;<\/p>\n<hr \/>\n<p>&nbsp;<\/p>\n<div>\n<p>&nbsp;<\/p>\n<h2><strong>LE\u00a0 PUNTATE di Luisa Alchini di Leggermente Bellunesi, la domenica alle 11, il martedi alle 10.30 e alle 19.00<\/strong><\/h2>\n<\/div>\n<h1><span style=\"color: #000000;\">RACCOLTA COMPLETA<\/span><\/h1>\n<blockquote class=\"wp-embedded-content\" data-secret=\"wlqSWv4omR\"><p><a href=\"https:\/\/www.radiopiu.net\/wordpress\/leggermente-20\/\">LEGGERmente&#8230;Bellunesi<\/a><\/p><\/blockquote>\n<p><iframe loading=\"lazy\" class=\"wp-embedded-content\" sandbox=\"allow-scripts\" security=\"restricted\" style=\"position: absolute; clip: rect(1px, 1px, 1px, 1px);\" title=\"&#8220;LEGGERmente&#8230;Bellunesi&#8221; &#8212; Radio Pi\u00f9\" src=\"https:\/\/www.radiopiu.net\/wordpress\/leggermente-20\/embed\/#?secret=wlqSWv4omR\" data-secret=\"wlqSWv4omR\" width=\"600\" height=\"338\" frameborder=\"0\" marginwidth=\"0\" marginheight=\"0\" scrolling=\"no\"><\/iframe><\/p>\n<hr \/>\n<p>&nbsp;<\/p>\n<blockquote>\n<h3>L&#8217;ALMANACCO LADINO CON L&#8217;ISTITUT CESA DE JAN QUINDICINALE APPUNTAMENTO. LA DOMENICA ALLE 9 IL LUNEDI ALLE 8.35 IL MARTEDI ALLE 12.35 IL MERCOLEDI ALLE 18.35. SECONDA STAGIONE.<\/h3>\n<\/blockquote>\n<p><strong>RACCOLTA COMPLETA\u00a0<\/strong><\/p>\n<blockquote class=\"wp-embedded-content\" data-secret=\"2zJyvISWPx\"><p><a href=\"https:\/\/www.radiopiu.net\/wordpress\/almanacco-ladino\/\">Almanacco Ladino<\/a><\/p><\/blockquote>\n<p><iframe loading=\"lazy\" class=\"wp-embedded-content\" sandbox=\"allow-scripts\" security=\"restricted\" style=\"position: absolute; clip: rect(1px, 1px, 1px, 1px);\" title=\"&#8220;Almanacco Ladino&#8221; &#8212; Radio Pi\u00f9\" src=\"https:\/\/www.radiopiu.net\/wordpress\/almanacco-ladino\/embed\/#?secret=2zJyvISWPx\" data-secret=\"2zJyvISWPx\" width=\"600\" height=\"338\" frameborder=\"0\" marginwidth=\"0\" marginheight=\"0\" scrolling=\"no\"><\/iframe><\/p>\n<p>&nbsp;<\/p>\n<\/div>\n<hr \/>\n<div>\n<h2><span style=\"color: #000080;\"><a class=\"dt-pswp-item\" href=\"https:\/\/www.radiopiu.net\/wordpress\/wp-content\/uploads\/2020\/10\/pp.jpg\" data-dt-img-description=\"\" data-large_image_width=\"640\" data-large_image_height=\"640\"><img loading=\"lazy\" decoding=\"async\" class=\"wp-image-163678 alignleft\" src=\"https:\/\/www.radiopiu.net\/wordpress\/wp-content\/uploads\/2020\/10\/pp-300x300.jpg\" alt=\"\" width=\"106\" height=\"106\" srcset=\"https:\/\/www.radiopiu.net\/wordpress\/wp-content\/uploads\/2020\/10\/pp-300x300.jpg 300w, https:\/\/www.radiopiu.net\/wordpress\/wp-content\/uploads\/2020\/10\/pp-150x150.jpg 150w, https:\/\/www.radiopiu.net\/wordpress\/wp-content\/uploads\/2020\/10\/pp-125x125.jpg 125w, https:\/\/www.radiopiu.net\/wordpress\/wp-content\/uploads\/2020\/10\/pp-200x200.jpg 200w, https:\/\/www.radiopiu.net\/wordpress\/wp-content\/uploads\/2020\/10\/pp-80x80.jpg 80w, https:\/\/www.radiopiu.net\/wordpress\/wp-content\/uploads\/2020\/10\/pp-480x480.jpg 480w, https:\/\/www.radiopiu.net\/wordpress\/wp-content\/uploads\/2020\/10\/pp.jpg 640w\" sizes=\"auto, (max-width: 106px) 100vw, 106px\" \/><\/a> <\/span><\/h2>\n<h2><span style=\"color: #000080;\">DON CESARE, IL PENSIERO DEL GIORNO. ALLA RADIO ALLE 7 DEL MATTINO E ALLE 19.30 DELLA SERA.\u00a0\u00a0<\/span><\/h2>\n<\/div>\n<p>&nbsp;<\/p>\n<audio class=\"wp-audio-shortcode\" id=\"audio-179076-6\" preload=\"none\" style=\"width: 100%;\" controls=\"controls\"><source type=\"audio\/mpeg\" src=\"https:\/\/www.radiopiu.net\/wordpress\/wp-content\/uploads\/2020\/12\/cesare-2.mp3?_=6\" \/><a href=\"https:\/\/www.radiopiu.net\/wordpress\/wp-content\/uploads\/2020\/12\/cesare-2.mp3\">https:\/\/www.radiopiu.net\/wordpress\/wp-content\/uploads\/2020\/12\/cesare-2.mp3<\/a><\/audio>\n<p>&nbsp;<\/p>\n<p>&nbsp;<\/p>\n<hr \/>\n<p>&nbsp;<\/p>\n<div>\n<p class=\"photoswipe-wrapper\"><a class=\"dt-pswp-item pspw-wrap-ready\" href=\"https:\/\/i0.wp.com\/www.radiopiu.net\/wordpress\/wp-content\/uploads\/2018\/09\/viabilita.jpeg?ssl=1\" data-dt-img-description=\"\" data-large_image_width=\"800\" data-large_image_height=\"100\"><img loading=\"lazy\" decoding=\"async\" class=\"aligncenter wp-image-61954 size-full\" src=\"https:\/\/i0.wp.com\/www.radiopiu.net\/wordpress\/wp-content\/uploads\/2018\/09\/viabilita.jpeg?resize=800%2C100&amp;ssl=1\" sizes=\"auto, (max-width: 800px) 100vw, 800px\" srcset=\"https:\/\/i0.wp.com\/www.radiopiu.net\/wordpress\/wp-content\/uploads\/2018\/09\/viabilita.jpeg?w=800&amp;ssl=1 800w, https:\/\/i0.wp.com\/www.radiopiu.net\/wordpress\/wp-content\/uploads\/2018\/09\/viabilita.jpeg?resize=300%2C38&amp;ssl=1 300w, https:\/\/i0.wp.com\/www.radiopiu.net\/wordpress\/wp-content\/uploads\/2018\/09\/viabilita.jpeg?resize=768%2C96&amp;ssl=1 768w\" alt=\"\" width=\"800\" height=\"100\" \/><\/a><\/p>\n<\/div>\n<p>&nbsp;<\/p>\n<p><strong>SP 422 DELL&#8217;ALPAGO E DEL CANSIGLIO<\/strong> senso unico alternato regolato da semaforo o movieri tra Bastia e Puos e tra Puos e Cornei dalle 8 alle 19 fino al 23 dicembre esclusi sabato e domenica per posa fibre ottiche<\/p>\n<p><strong>SP 42 CAVALLERA<\/strong> fino a revoca, chiusura della strada nell&#8217;abitato di Perarolo per attivazione emergenza frana &#8220;Busa del Cristo&#8221;<\/p>\n<p><strong>FELTRE<\/strong> Senso unico alternato regolato da movieri per lavori stradali nel tratto di viale Monte Grappa compreso fra incrocio con via Folli ( accesso supermercato Lidl ) e fine cantiere Altanon ( altezza negozio Kiwi Sport ) fino al 23 dicembre<\/p>\n<p><strong>PROVINCIALE 49 MISURINA CONFINE PROVINCIA DI BOLZANO<\/strong>:\u00a0 fino al 22 dicembre (festivi e prefestivi compresi) senso unico alternato con movieri o semafori<\/p>\n<p><strong>S.P.2 DELLA VALLE DEL MIS\u00a0<\/strong>Interdizione totale al traffico fino a revoca dal km 14,920 (localit\u00e0 Gona Bassa) al km 20,650 (localit\u00e0 Titele) per cedimento della carreggiata<\/p>\n<p><strong>S.P. 5 DI LAMOSANO<\/strong>\u00a0Interdizione totale fino a revoca per presenza di materiale e alberi in strada.<\/p>\n<p><strong>S.P. 251 DI VAL DI ZOLDO E VAL CELLINA\u00a0<\/strong>dalla localit\u00e0 Soffranco fino all&#8217;imbocco nord della galleria S. Giovanni interdizione totale al transito per cedimento della carreggiata<\/p>\n<p><strong>SP 3 DELLA VAL IMPERINA<\/strong> fino a revoca, senso unico alternato regolato a vista in localit\u00e0 Gona di Conedera di Rivamonte per cedimento della carreggiata stradale<\/p>\n<p><strong>REGIONALE 203 AGORDINA<\/strong>\u00a0 Fino\u00a0 al 23 dicembre (esclusi festivi e prefestivi) senso unico alternato tra Peron e Candaten con movieri dalle 7.30 alle 9 e dalle 16.30 alle 18. Con semaforo negli altri orari<\/p>\n<div>\n<p>&nbsp;<\/p>\n<hr \/>\n<p>&nbsp;<\/p>\n<p class=\"photoswipe-wrapper\"><a class=\"dt-pswp-item pspw-wrap-ready\" href=\"https:\/\/i0.wp.com\/www.radiopiu.net\/wordpress\/wp-content\/uploads\/2018\/09\/WhatsApp-Image-2018-09-20-at-16.04.06.jpeg?ssl=1\" data-dt-img-description=\"\" data-large_image_width=\"800\" data-large_image_height=\"100\"><img loading=\"lazy\" decoding=\"async\" class=\"aligncenter wp-image-61378 size-full jetpack-lazy-image jetpack-lazy-image--handled\" src=\"https:\/\/i0.wp.com\/www.radiopiu.net\/wordpress\/wp-content\/uploads\/2018\/09\/WhatsApp-Image-2018-09-20-at-16.04.06.jpeg?resize=800%2C100&amp;ssl=1\" sizes=\"auto, (max-width: 800px) 100vw, 800px\" srcset=\"https:\/\/i0.wp.com\/www.radiopiu.net\/wordpress\/wp-content\/uploads\/2018\/09\/WhatsApp-Image-2018-09-20-at-16.04.06.jpeg?w=800&amp;ssl=1 800w, https:\/\/i0.wp.com\/www.radiopiu.net\/wordpress\/wp-content\/uploads\/2018\/09\/WhatsApp-Image-2018-09-20-at-16.04.06.jpeg?resize=300%2C38&amp;ssl=1 300w, https:\/\/i0.wp.com\/www.radiopiu.net\/wordpress\/wp-content\/uploads\/2018\/09\/WhatsApp-Image-2018-09-20-at-16.04.06.jpeg?resize=768%2C96&amp;ssl=1 768w\" alt=\"\" width=\"800\" height=\"100\" data-lazy-loaded=\"1\" \/><\/a><\/p>\n<p>&nbsp;<\/p>\n<p><center><b>Lunedi 14<\/b><\/center><b>Tempo atteso:\u00a0<\/b>Giornata soleggiata e non fredda, con cielo in prevalenza sereno al mattino e parzialmente velato nel pomeriggio\/sera, per l&#8217;arrivo di nubi alte e sottili da ovest a meta giornata. Nebbie al primo mattino nelle zone pi\u00f9 umide della Valbelluna, in successivo dissolvimento.<br \/>\n<b>Precipitazioni:\u00a0<\/b>Assenti (0%).<br \/>\n<b>Temperature:\u00a0<\/b>Senza notevoli variazioni, salvo un ulteriore aumento delle massime in quota. Su Prealpi a 1500 m min 0\u00b0C max 3\u00b0C, a 2000 m min -3\u00b0C max 3\u00b0C. Su Dolomiti a 2000 m min -4\u00b0C max 3\u00b0C, a 3000 m min -9\u00b0C max 0\u00b0C.<br \/>\n<b>Venti:\u00a0<\/b>Nelle valli deboli, salvo locali rinforzi in alcune valli prealpine vicine alla pianura per le consuete brezze notturne; in quota al primo mattino moderati o tesi da nord nord-ovest, nel pomeriggio in rotazione a sud-ovest, inizialmente deboli\/moderati, poi moderati\/tesi in serata e nottata, 5-15 km\/h a 2000 m e 10-35 km\/h a 3000 m.<\/p>\n<hr \/>\n<p><center><b>Martedi 15<\/b><\/center><b>Tempo atteso:\u00a0<\/b>Giornata solo in parte soleggiata, per diffuse nubi medio\/alte al mattino, che nel pomeriggio tenderanno a diradarsi. Verso sera parziale, temporaneo rasserenamento.<br \/>\n<b>Precipitazioni:\u00a0<\/b>Assenti (0%)<br \/>\n<b>Temperature:\u00a0<\/b>Minime in lieve aumento, massime senza notevoli variazioni. Su Prealpi a 1500 m min 2\u00b0C max 3\u00b0C, a 2000 m min 0\u00b0C max 3\u00b0C. Su Dolomiti a 2000 m min -2\u00b0C max 2\u00b0C, a 3000 m min -4\u00b0C max -1\u00b0C.<br \/>\n<b>Venti:\u00a0<\/b>Nelle valli deboli generalmente deboli, in quota tesi da sud-ovest, anche forti sulle cime, 25-35 km\/h a 2000 m e 35-45 km\/h a 3000 m.<\/p>\n<hr \/>\n<p><center><b>Mercoledi 16<\/b><\/center>Dopo la diffusa nuvolosit\u00e0 notturna e attorno all&#8217;alba, con qualche burrasca di neve in quota, la giornata sar\u00e0 in prevalenza soleggiata, con una residua nuvolosit\u00e0 al mattino sul Bellunese. Temperature stazionarie, eccetto per una diminuzione delle minime in quota. Venti in montagna occidentali, deboli o moderati, a tratti tesi a 3000 m<\/p>\n<hr \/>\n<p><center><b>Giovedi 17<\/b><\/center>Tempo in prevalenza bello, con cielo parzialmente velato. Temperature minime in diminuzione. Venti in quota occidentali, deboli o moderati, a tratti tesi a 3000 m Previsore: B.R.<\/p>\n<p>&nbsp;<\/p>\n<hr \/>\n<p>&nbsp;<\/p>\n<p><a href=\"https:\/\/www.radiopiu.net\/wordpress\/giornale-radiopiu-15-settembre-2018-direttore-mirko-mezzacasa\/sport-7\/\" rel=\"attachment wp-att-60761\"><img loading=\"lazy\" decoding=\"async\" class=\"aligncenter wp-image-60761 size-full\" src=\"https:\/\/www.radiopiu.net\/wordpress\/wp-content\/uploads\/2018\/09\/sport.jpg\" alt=\"\" width=\"800\" height=\"100\" srcset=\"https:\/\/www.radiopiu.net\/wordpress\/wp-content\/uploads\/2018\/09\/sport.jpg 800w, https:\/\/www.radiopiu.net\/wordpress\/wp-content\/uploads\/2018\/09\/sport-300x38.jpg 300w, https:\/\/www.radiopiu.net\/wordpress\/wp-content\/uploads\/2018\/09\/sport-768x96.jpg 768w\" sizes=\"auto, (max-width: 800px) 100vw, 800px\" \/><\/a><\/p>\n<p>&nbsp;<\/p>\n<blockquote>\n<h3>HOCKEY: IHL (QUASI) PRONTA PER LA RIPARTENZA<\/h3>\n<\/blockquote>\n<p><strong><a href=\"https:\/\/www.radiopiu.net\/wordpress\/alleghe-hockey-dalla-ihl-allunder-13-passando-per-il-femminile\/hockey-bbb\/\" rel=\"attachment wp-att-70532\"><img loading=\"lazy\" decoding=\"async\" class=\"size-medium wp-image-70532 alignleft\" src=\"https:\/\/www.radiopiu.net\/wordpress\/wp-content\/uploads\/2018\/12\/HOCKEY-BBB-300x188.jpg\" alt=\"\" width=\"300\" height=\"188\" srcset=\"https:\/\/www.radiopiu.net\/wordpress\/wp-content\/uploads\/2018\/12\/HOCKEY-BBB-300x188.jpg 300w, https:\/\/www.radiopiu.net\/wordpress\/wp-content\/uploads\/2018\/12\/HOCKEY-BBB-768x480.jpg 768w, https:\/\/www.radiopiu.net\/wordpress\/wp-content\/uploads\/2018\/12\/HOCKEY-BBB-1024x640.jpg 1024w, https:\/\/www.radiopiu.net\/wordpress\/wp-content\/uploads\/2018\/12\/HOCKEY-BBB.jpg 1920w\" sizes=\"auto, (max-width: 300px) 100vw, 300px\" \/><\/a>ALLEGHE <\/strong>Mancano pochi giorni alla ripartenza del campionato Italian Hockey League e nel frattempo l&#8217;Alleghe Hockey \u00e8 in attesa dell&#8217;ufficializzazione del nuovo calendario. Con l&#8217;uscita dai giochi del Como, che causa la situazione sanitaria ha preferito salvaguardare giocatori e staff in questo momento di pandemia, le squadre in gioco per la conquista del titolo rimangono in 9. Altro punto cardine del proseguo della stagione il recupero delle gare rinviate causa Covid che dovranno essere recuperate al\u00a0pi\u00f9 presto, senza tralasciare la scelta di non giocare Master e Qualification Round. Nel frattempo, sul sito Powerhockey della FISG, sono comparse le prime ipotesi di ripartenza ma in via del tutto ufficiosa anche\u00a0perch\u00e9 le societ\u00e0 hanno dei nodi da\u00a0sciogliere. La prima partita degli\u00a0alleghesi sarebbe in programma per gioved\u00ec prossimo ma non si sa ancora se la partita con il\u00a0Merano, recupero della terza giornata, verr\u00e0 giocata. Gli altoatesini stanno prendendo tempo anche\u00a0perch\u00e9 i\u00a0meranesi non hanno ancora iniziato la preparazione vera e propria. Ufficialit\u00e0 del match che arriver\u00e0 a poche ore dall&#8217;ingaggio. Sono invece confermate le gare\u00a0fino al 16 gennaio. Secondo questa bozza di calendario pubblicata sul sito, l&#8217;Alleghe giocherebbe solo 2 partite prima della fine del 2020 per poi ritornare a calcare il ghiaccio con il nuovo anno. Praticamente i giorni a ridosso del Natale sarebbero senza partite per le Civette. Infatti sarebbero state destinate quelle giornate per recuperare le partite rinviate per Covid. Al momento comunque nessuna ufficialit\u00e0 da parte della Federazione che sta ancora aspettando che le 9 societ\u00e0 della IHL si mettano d&#8217;accordo per definire gli orari di gioco delle gare rimanenti di questa prima fase di campionato.<\/p>\n<p><a href=\"https:\/\/www.radiopiu.net\/wordpress\/hockey-ihl-quasi-pronta-per-la-ripartenza\/schermata-2020-12-13-alle-12-01-43\/\" rel=\"attachment wp-att-179134\"><img loading=\"lazy\" decoding=\"async\" class=\"alignnone wp-image-179134 size-large\" src=\"https:\/\/www.radiopiu.net\/wordpress\/wp-content\/uploads\/2020\/12\/Schermata-2020-12-13-alle-12.01.43-1024x699.png\" alt=\"\" width=\"1024\" height=\"699\" srcset=\"https:\/\/www.radiopiu.net\/wordpress\/wp-content\/uploads\/2020\/12\/Schermata-2020-12-13-alle-12.01.43-1024x699.png 1024w, https:\/\/www.radiopiu.net\/wordpress\/wp-content\/uploads\/2020\/12\/Schermata-2020-12-13-alle-12.01.43-300x205.png 300w, https:\/\/www.radiopiu.net\/wordpress\/wp-content\/uploads\/2020\/12\/Schermata-2020-12-13-alle-12.01.43-768x524.png 768w, https:\/\/www.radiopiu.net\/wordpress\/wp-content\/uploads\/2020\/12\/Schermata-2020-12-13-alle-12.01.43.png 1348w\" sizes=\"auto, (max-width: 1024px) 100vw, 1024px\" \/><\/a><\/p>\n<p>&nbsp;<\/p>\n<\/div>\n","protected":false},"excerpt":{"rendered":"<p>PER RICEVERE QUESTO NOTIZIARIO DIRETTAMENTE SUL TUO CELLULARE ISCRIVITI AL CANALE TELEGRAM \u201cRADIO PIU\u00a0 INFORMAZIONE&#8221; ATTENZIONE: LA NUOVA APP PER IOS-IPHONE https:\/\/apps.apple.com\/it\/app\/radio-pi%C3%B9-emittente-agordina\/id1515939845 ATTENZIONE: LA NUOVA APP RADIO\u00a0 PER ANDROID https:\/\/play.google.com\/store\/apps\/details?id=net.radiopiu.iniko\u00a0\u00a0\u00a0 &nbsp; ULTIM&#8217;ORA: VALANGA AD AGAI &nbsp; LIVINALLONGO Due valanghe stanno interessando la strada\u00a0 che porta in frazione\u00a0 Agai sopra Pieve di Livinallongo. \u00a0Nessuna persona o&hellip;<\/p>\n","protected":false},"author":4,"featured_media":179252,"comment_status":"closed","ping_status":"closed","sticky":false,"template":"","format":"standard","meta":{"_monsterinsights_skip_tracking":false,"_monsterinsights_sitenote_active":false,"_monsterinsights_sitenote_note":"","_monsterinsights_sitenote_category":0,"footnotes":""},"categories":[1,51,86,49],"tags":[],"class_list":["post-179076","post","type-post","status-publish","format-standard","has-post-thumbnail","hentry","category-senza-categoria","category-evidenza-top","category-gr","category-news-18","category-1","category-51","category-86","category-49","description-off"],"img_url":"https:\/\/www.radiopiu.net\/wordpress\/wp-content\/uploads\/2020\/12\/47965df1-4f52-4448-8f13-50489ccd1831.jpg","_links":{"self":[{"href":"https:\/\/www.radiopiu.net\/wordpress\/wp-json\/wp\/v2\/posts\/179076","targetHints":{"allow":["GET"]}}],"collection":[{"href":"https:\/\/www.radiopiu.net\/wordpress\/wp-json\/wp\/v2\/posts"}],"about":[{"href":"https:\/\/www.radiopiu.net\/wordpress\/wp-json\/wp\/v2\/types\/post"}],"author":[{"embeddable":true,"href":"https:\/\/www.radiopiu.net\/wordpress\/wp-json\/wp\/v2\/users\/4"}],"replies":[{"embeddable":true,"href":"https:\/\/www.radiopiu.net\/wordpress\/wp-json\/wp\/v2\/comments?post=179076"}],"version-history":[{"count":0,"href":"https:\/\/www.radiopiu.net\/wordpress\/wp-json\/wp\/v2\/posts\/179076\/revisions"}],"wp:featuredmedia":[{"embeddable":true,"href":"https:\/\/www.radiopiu.net\/wordpress\/wp-json\/wp\/v2\/media\/179252"}],"wp:attachment":[{"href":"https:\/\/www.radiopiu.net\/wordpress\/wp-json\/wp\/v2\/media?parent=179076"}],"wp:term":[{"taxonomy":"category","embeddable":true,"href":"https:\/\/www.radiopiu.net\/wordpress\/wp-json\/wp\/v2\/categories?post=179076"},{"taxonomy":"post_tag","embeddable":true,"href":"https:\/\/www.radiopiu.net\/wordpress\/wp-json\/wp\/v2\/tags?post=179076"}],"curies":[{"name":"wp","href":"https:\/\/api.w.org\/{rel}","templated":true}]}}