{"id":179182,"date":"2020-12-13T17:13:17","date_gmt":"2020-12-13T16:13:17","guid":{"rendered":"https:\/\/www.radiopiu.net\/wordpress\/?p=179182"},"modified":"2020-12-13T17:13:18","modified_gmt":"2020-12-13T16:13:18","slug":"il-palio-per-il-natale-della-citta-di-feltre","status":"publish","type":"post","link":"https:\/\/www.radiopiu.net\/wordpress\/il-palio-per-il-natale-della-citta-di-feltre\/","title":{"rendered":"IL PALIO PER IL NATALE DELLA CITTA&#8217; DI FELTRE"},"content":{"rendered":"<p><strong><a href=\"https:\/\/www.radiopiu.net\/wordpress\/il-palio-per-il-natale-della-citta-di-feltre\/img-20201213-wa0005\/\" rel=\"attachment wp-att-179185\"><img loading=\"lazy\" decoding=\"async\" class=\"size-medium wp-image-179185 alignleft\" src=\"https:\/\/www.radiopiu.net\/wordpress\/wp-content\/uploads\/2020\/12\/IMG-20201213-WA0005-300x146.jpg\" alt=\"\" width=\"300\" height=\"146\" srcset=\"https:\/\/www.radiopiu.net\/wordpress\/wp-content\/uploads\/2020\/12\/IMG-20201213-WA0005-300x146.jpg 300w, https:\/\/www.radiopiu.net\/wordpress\/wp-content\/uploads\/2020\/12\/IMG-20201213-WA0005-1024x497.jpg 1024w, https:\/\/www.radiopiu.net\/wordpress\/wp-content\/uploads\/2020\/12\/IMG-20201213-WA0005-768x373.jpg 768w, https:\/\/www.radiopiu.net\/wordpress\/wp-content\/uploads\/2020\/12\/IMG-20201213-WA0005-1536x746.jpg 1536w, https:\/\/www.radiopiu.net\/wordpress\/wp-content\/uploads\/2020\/12\/IMG-20201213-WA0005.jpg 1600w\" sizes=\"auto, (max-width: 300px) 100vw, 300px\" \/><\/a>FELTRE<\/strong>\u00a0L\u2019Associazione Palio Citt\u00e0 di Feltre ha colto l\u2019invito dell\u2019Amministrazione Comunale per addobbare quattro alberi di natale, complementari a quello maggiore, offerto da Luca Rento, e disposti \u201ca corona\u201d rispetto al centro cittadino, cio\u00e8 nel Piazzale della Lana, nell\u2019area della Manifattura, a Borgo Ruga e nell\u2019area commerciale delle Torri. Sono stati quindi realizzati degli addobbi in materiale plastico, resistente alle intemperie, caratterizzati dai simboli dei quattro Quartieri, del Gruppo Sbandieratori Citt\u00e0 di Feltre e del Palio di Feltre in versione natalizia, arricchiti cio\u00e8 da alcuni attributi tipici del periodo delle feste. La decorazione degli alberi, che sono dotati anche delle classiche luci natalizie, \u00e8 stata portata avanti da volontari del mondo del Palio e si \u00e8 giovata della preziosa collaborazione con i commercianti di Borgo Ruga e dell\u2019area commerciale delle Torri per gli alberi posizionati nelle rispettive aree. <a href=\"https:\/\/www.radiopiu.net\/wordpress\/il-palio-per-il-natale-della-citta-di-feltre\/img-20201212-wa0029\/\" rel=\"attachment wp-att-179186\"><img loading=\"lazy\" decoding=\"async\" class=\"size-medium wp-image-179186 alignright\" src=\"https:\/\/www.radiopiu.net\/wordpress\/wp-content\/uploads\/2020\/12\/IMG-20201212-WA0029-225x300.jpg\" alt=\"\" width=\"225\" height=\"300\" srcset=\"https:\/\/www.radiopiu.net\/wordpress\/wp-content\/uploads\/2020\/12\/IMG-20201212-WA0029-225x300.jpg 225w, https:\/\/www.radiopiu.net\/wordpress\/wp-content\/uploads\/2020\/12\/IMG-20201212-WA0029-768x1024.jpg 768w, https:\/\/www.radiopiu.net\/wordpress\/wp-content\/uploads\/2020\/12\/IMG-20201212-WA0029.jpg 960w\" sizes=\"auto, (max-width: 225px) 100vw, 225px\" \/><\/a>Alle 18 del 12 dicembre si \u00e8 svolta l\u2019accensione delle luci dell\u2019albero posto in Manifattura, alla presenza dei rappresentanti del Palio e dell\u2019Amministrazione Comunale. \u201cL\u2019Associazione Palio Citt\u00e0 di Feltre, ha dichiarato il presidente Eugenio Tamburrino, \u00e8 stata lieta di offrire il proprio contributo alla vita cittadina nel periodo natalizio. Ovviamente si tratta di una decorazione complementare a quelle ideate per il centro cittadino, ma credo sia comunque un segno importante di vicinanza alla citt\u00e0, pur in un anno che per tutte le manifestazioni ha riservato momenti problematici. Ci tengo particolarmente a ringraziare i commercianti di Borgo Ruga e delle Torri, che hanno aderito con entusiasmo all\u2019iniziativa, ben comprendendone lo spirito. Un grande ringraziamento va poi a tutti i volontari del mondo del Palio che si sono adoperati per realizzare, confezionare e applicare le decorazioni per gli alberi\u201d. Da parte sua, Manuel Sacchet, presidente del Consiglio Comunale, ha aggiunto: \u201cUn sincero ringraziamento all\u2019Associazione Palio Citt\u00e0 di Feltre, al Gruppo Sbandieratori Citt\u00e0 di Feltre e ai quattro Quartieri per la collaborazione: un gesto che rafforza il senso di comunit\u00e0 in un Natale particolare visto il contesto emergenziale\u201d.<\/p>\n","protected":false},"excerpt":{"rendered":"<p>FELTRE\u00a0L\u2019Associazione Palio Citt\u00e0 di Feltre ha colto l\u2019invito dell\u2019Amministrazione Comunale per addobbare quattro alberi di natale, complementari a quello maggiore, offerto da Luca Rento, e disposti \u201ca corona\u201d rispetto al centro cittadino, cio\u00e8 nel Piazzale della Lana, nell\u2019area della Manifattura, a Borgo Ruga e nell\u2019area commerciale delle Torri. Sono stati quindi realizzati degli addobbi in&hellip;<\/p>\n","protected":false},"author":4,"featured_media":179185,"comment_status":"closed","ping_status":"closed","sticky":false,"template":"","format":"standard","meta":{"_monsterinsights_skip_tracking":false,"_monsterinsights_sitenote_active":false,"_monsterinsights_sitenote_note":"","_monsterinsights_sitenote_category":0,"footnotes":""},"categories":[49],"tags":[],"class_list":["post-179182","post","type-post","status-publish","format-standard","has-post-thumbnail","hentry","category-news-18","category-49","description-off"],"img_url":"https:\/\/www.radiopiu.net\/wordpress\/wp-content\/uploads\/2020\/12\/IMG-20201213-WA0005.jpg","_links":{"self":[{"href":"https:\/\/www.radiopiu.net\/wordpress\/wp-json\/wp\/v2\/posts\/179182","targetHints":{"allow":["GET"]}}],"collection":[{"href":"https:\/\/www.radiopiu.net\/wordpress\/wp-json\/wp\/v2\/posts"}],"about":[{"href":"https:\/\/www.radiopiu.net\/wordpress\/wp-json\/wp\/v2\/types\/post"}],"author":[{"embeddable":true,"href":"https:\/\/www.radiopiu.net\/wordpress\/wp-json\/wp\/v2\/users\/4"}],"replies":[{"embeddable":true,"href":"https:\/\/www.radiopiu.net\/wordpress\/wp-json\/wp\/v2\/comments?post=179182"}],"version-history":[{"count":0,"href":"https:\/\/www.radiopiu.net\/wordpress\/wp-json\/wp\/v2\/posts\/179182\/revisions"}],"wp:featuredmedia":[{"embeddable":true,"href":"https:\/\/www.radiopiu.net\/wordpress\/wp-json\/wp\/v2\/media\/179185"}],"wp:attachment":[{"href":"https:\/\/www.radiopiu.net\/wordpress\/wp-json\/wp\/v2\/media?parent=179182"}],"wp:term":[{"taxonomy":"category","embeddable":true,"href":"https:\/\/www.radiopiu.net\/wordpress\/wp-json\/wp\/v2\/categories?post=179182"},{"taxonomy":"post_tag","embeddable":true,"href":"https:\/\/www.radiopiu.net\/wordpress\/wp-json\/wp\/v2\/tags?post=179182"}],"curies":[{"name":"wp","href":"https:\/\/api.w.org\/{rel}","templated":true}]}}