{"id":179248,"date":"2020-12-14T05:50:33","date_gmt":"2020-12-14T04:50:33","guid":{"rendered":"https:\/\/www.radiopiu.net\/wordpress\/?p=179248"},"modified":"2020-12-14T06:22:30","modified_gmt":"2020-12-14T05:22:30","slug":"tragedia-ad-arsie-morti-due-cinquantenni","status":"publish","type":"post","link":"https:\/\/www.radiopiu.net\/wordpress\/tragedia-ad-arsie-morti-due-cinquantenni\/","title":{"rendered":"TRAGEDIA AD ARSIE&#8217;, MORTI DUE CINQUANTENNI"},"content":{"rendered":"<p><strong><img loading=\"lazy\" decoding=\"async\" class=\"alignleft\" src=\"https:\/\/www.radiopiu.net\/wordpress\/wp-content\/uploads\/2020\/12\/download-15.jpg\" width=\"193\" height=\"127\" \/>ARSIE&#8217;<\/strong> Un uomo Adriano Faoro di 52 anni e una donna\u00a0 Sabrina de Pellegrin di\u00a0 54 sono stati trovati senza vita nel pomeriggio di ieri in una casa di Arsi\u00e8. La morte \u00e8 imputabile a intossicazione da monossido di carbonio, lo hanno confermato i vigili del fuoco sul posto con i Carabinieri. La causa una stufa per il riscaldamento. L&#8217;uomo di Arsi\u00e8 era il padre di due figli, la donna di Sorpracroda di tre. A dare l&#8217;allarme sono stati i famigliari preoccupati della mancate risposte dell&#8217;uomo. Non \u00e8 escluso che la tragedia possa risalire ancora a sabato, la macchina dell&#8217;uomo infatti era gi\u00e0 parcheggiata all&#8217;esterno dell&#8217;edificio gi\u00e0 salone di parrucchiera. Adriano Faoro lavorava come operaio, Sabrina De Pellegrin aveva gi\u00e0 lavorato in locali pubblici in centro a Belluno. La triste vicenda di Arsi\u00e8 riporta alla memoria il dramma a Zenich di Rivamonte nei giorni di Vaia quando morirono il 7 novembre del 2018 Amabile Xaiz e Gastone Gastaldo, lei rinvenuta in salotto e l&#8217;uomo lungo le scale, entrambi uccisi dalle esalazioni di gas.<\/p>\n<p><span style=\"color: #0000ff;\">TUTTE LE NOTIZIE, IN TEMPO REALE SUL TUO TELEFONO, TABLET, PC. scarica l&#8217;app TELGRAM unisciti a RADIO PIU INFORMAZIONE<\/span><\/p>\n","protected":false},"excerpt":{"rendered":"<p>ARSIE&#8217; Un uomo Adriano Faoro di 52 anni e una donna\u00a0 Sabrina de Pellegrin di\u00a0 54 sono stati trovati senza vita nel pomeriggio di ieri in una casa di Arsi\u00e8. La morte \u00e8 imputabile a intossicazione da monossido di carbonio, lo hanno confermato i vigili del fuoco sul posto con i Carabinieri. La causa una&hellip;<\/p>\n","protected":false},"author":4,"featured_media":179249,"comment_status":"closed","ping_status":"closed","sticky":false,"template":"","format":"standard","meta":{"_monsterinsights_skip_tracking":false,"_monsterinsights_sitenote_active":false,"_monsterinsights_sitenote_note":"","_monsterinsights_sitenote_category":0,"footnotes":""},"categories":[51,49],"tags":[],"class_list":["post-179248","post","type-post","status-publish","format-standard","has-post-thumbnail","hentry","category-evidenza-top","category-news-18","category-51","category-49","description-off"],"img_url":"https:\/\/www.radiopiu.net\/wordpress\/wp-content\/uploads\/2020\/12\/download-15.jpg","_links":{"self":[{"href":"https:\/\/www.radiopiu.net\/wordpress\/wp-json\/wp\/v2\/posts\/179248","targetHints":{"allow":["GET"]}}],"collection":[{"href":"https:\/\/www.radiopiu.net\/wordpress\/wp-json\/wp\/v2\/posts"}],"about":[{"href":"https:\/\/www.radiopiu.net\/wordpress\/wp-json\/wp\/v2\/types\/post"}],"author":[{"embeddable":true,"href":"https:\/\/www.radiopiu.net\/wordpress\/wp-json\/wp\/v2\/users\/4"}],"replies":[{"embeddable":true,"href":"https:\/\/www.radiopiu.net\/wordpress\/wp-json\/wp\/v2\/comments?post=179248"}],"version-history":[{"count":0,"href":"https:\/\/www.radiopiu.net\/wordpress\/wp-json\/wp\/v2\/posts\/179248\/revisions"}],"wp:featuredmedia":[{"embeddable":true,"href":"https:\/\/www.radiopiu.net\/wordpress\/wp-json\/wp\/v2\/media\/179249"}],"wp:attachment":[{"href":"https:\/\/www.radiopiu.net\/wordpress\/wp-json\/wp\/v2\/media?parent=179248"}],"wp:term":[{"taxonomy":"category","embeddable":true,"href":"https:\/\/www.radiopiu.net\/wordpress\/wp-json\/wp\/v2\/categories?post=179248"},{"taxonomy":"post_tag","embeddable":true,"href":"https:\/\/www.radiopiu.net\/wordpress\/wp-json\/wp\/v2\/tags?post=179248"}],"curies":[{"name":"wp","href":"https:\/\/api.w.org\/{rel}","templated":true}]}}