{"id":179414,"date":"2020-12-14T15:16:23","date_gmt":"2020-12-14T14:16:23","guid":{"rendered":"https:\/\/www.radiopiu.net\/wordpress\/?p=179414"},"modified":"2020-12-14T15:16:23","modified_gmt":"2020-12-14T14:16:23","slug":"sospese-alcune-corse-bus-scolastiche-in-destra-e-sinistra-piave-fino-alle-vacanze-di-natale","status":"publish","type":"post","link":"https:\/\/www.radiopiu.net\/wordpress\/sospese-alcune-corse-bus-scolastiche-in-destra-e-sinistra-piave-fino-alle-vacanze-di-natale\/","title":{"rendered":"SOSPESE ALCUNE CORSE BUS SCOLASTICHE IN DESTRA E SINISTRA PIAVE FINO ALLE VACANZE DI NATALE"},"content":{"rendered":"<p><strong><a href=\"https:\/\/www.radiopiu.net\/wordpress\/giornale-radiopiu-18-giugno-2020-direttore-mirko-mezzacasa\/4b299438-d3cd-4953-bb41-b739ff3291f9\/\" rel=\"attachment wp-att-144900\"><img loading=\"lazy\" decoding=\"async\" class=\"size-medium wp-image-144900 alignleft\" src=\"https:\/\/www.radiopiu.net\/wordpress\/wp-content\/uploads\/2020\/06\/4b299438-d3cd-4953-bb41-b739ff3291f9-300x225.jpg\" alt=\"\" width=\"300\" height=\"225\" srcset=\"https:\/\/www.radiopiu.net\/wordpress\/wp-content\/uploads\/2020\/06\/4b299438-d3cd-4953-bb41-b739ff3291f9-300x225.jpg 300w, https:\/\/www.radiopiu.net\/wordpress\/wp-content\/uploads\/2020\/06\/4b299438-d3cd-4953-bb41-b739ff3291f9-1024x768.jpg 1024w, https:\/\/www.radiopiu.net\/wordpress\/wp-content\/uploads\/2020\/06\/4b299438-d3cd-4953-bb41-b739ff3291f9-768x576.jpg 768w, https:\/\/www.radiopiu.net\/wordpress\/wp-content\/uploads\/2020\/06\/4b299438-d3cd-4953-bb41-b739ff3291f9-1536x1152.jpg 1536w, https:\/\/www.radiopiu.net\/wordpress\/wp-content\/uploads\/2020\/06\/4b299438-d3cd-4953-bb41-b739ff3291f9.jpg 2048w\" sizes=\"auto, (max-width: 300px) 100vw, 300px\" \/><\/a>BELLUNO <\/strong>Fino al 23 dicembre saranno sospese le corse scolastiche di tre linee Dolomitibus. Si tratta della 13 (Pedavena-Feltre-Sedico-Belluno), della 14 (Feltre-Pedavena-Feltre) e della 20 (Belluno-Mel-Feltre) in cui verranno momentaneamente soppressi\u00a0i bus riservati agli studenti, mentre continueranno a essere attivi\u00a0i passaggi in orari ravvicinati per gli utenti non studenti. Una decisione che Dolomitibus e Provincia hanno preso di comune accordo, a seguito di un attento monitoraggio. \u00ab<em>Dopo l\u2019entrata in vigore dell\u2019ultimo Dpcm, che ha stabilito il ricorso al 100% della didattica a distanza per le scuole superiori, abbiamo voluto attendere prima di ritoccare il servizio &#8211; spiega il consigliere provinciale delegato alla mobilit\u00e0 e ai trasporti, Dario Scopel -.\u00a0I tecnici di Dolomitibus hanno effettuato alcune verifiche a bordo degli autobus in servizio e hanno rilevato l&#8217;esiguo numero di studenti trasportati. Di conseguenza, si \u00e8 ritenuto di poter sospendere alcune corse dedicate proprio agli studenti. Non ne deriva nessuna riduzione per gli altri utenti, perch\u00e9 sono state sospese soltanto le corse scolastiche in orari ravvicinati o sovrapposti al resto del servizio. In questo modo evitiamo di far girare i mezzi a vuoto<\/em>\u00bb. Le corse dovrebbero riprendere regolarmente dopo l\u2019Epifania, con il ritorno alla didattica in presenza come preventivato dal governo. \u00ab<em>Siamo in attesa di capire nel dettaglio come funzioner\u00e0 la scuola dopo le vacanze di Natale &#8211; conclude il consigliere Scopel -. Nel frattempo stiamo gi\u00e0 studiando le diverse possibilit\u00e0 con Dolomitibus, in previsione di un ritorno a scuola al 75% per le superiori, con capienza massima dei mezzi al 50%<\/em>\u00bb.<\/p>\n","protected":false},"excerpt":{"rendered":"<p>BELLUNO Fino al 23 dicembre saranno sospese le corse scolastiche di tre linee Dolomitibus. Si tratta della 13 (Pedavena-Feltre-Sedico-Belluno), della 14 (Feltre-Pedavena-Feltre) e della 20 (Belluno-Mel-Feltre) in cui verranno momentaneamente soppressi\u00a0i bus riservati agli studenti, mentre continueranno a essere attivi\u00a0i passaggi in orari ravvicinati per gli utenti non studenti. Una decisione che Dolomitibus e Provincia&hellip;<\/p>\n","protected":false},"author":4,"featured_media":144900,"comment_status":"closed","ping_status":"closed","sticky":false,"template":"","format":"standard","meta":{"_monsterinsights_skip_tracking":false,"_monsterinsights_sitenote_active":false,"_monsterinsights_sitenote_note":"","_monsterinsights_sitenote_category":0,"footnotes":""},"categories":[49],"tags":[],"class_list":["post-179414","post","type-post","status-publish","format-standard","has-post-thumbnail","hentry","category-news-18","category-49","description-off"],"img_url":"https:\/\/www.radiopiu.net\/wordpress\/wp-content\/uploads\/2020\/06\/4b299438-d3cd-4953-bb41-b739ff3291f9.jpg","_links":{"self":[{"href":"https:\/\/www.radiopiu.net\/wordpress\/wp-json\/wp\/v2\/posts\/179414","targetHints":{"allow":["GET"]}}],"collection":[{"href":"https:\/\/www.radiopiu.net\/wordpress\/wp-json\/wp\/v2\/posts"}],"about":[{"href":"https:\/\/www.radiopiu.net\/wordpress\/wp-json\/wp\/v2\/types\/post"}],"author":[{"embeddable":true,"href":"https:\/\/www.radiopiu.net\/wordpress\/wp-json\/wp\/v2\/users\/4"}],"replies":[{"embeddable":true,"href":"https:\/\/www.radiopiu.net\/wordpress\/wp-json\/wp\/v2\/comments?post=179414"}],"version-history":[{"count":0,"href":"https:\/\/www.radiopiu.net\/wordpress\/wp-json\/wp\/v2\/posts\/179414\/revisions"}],"wp:featuredmedia":[{"embeddable":true,"href":"https:\/\/www.radiopiu.net\/wordpress\/wp-json\/wp\/v2\/media\/144900"}],"wp:attachment":[{"href":"https:\/\/www.radiopiu.net\/wordpress\/wp-json\/wp\/v2\/media?parent=179414"}],"wp:term":[{"taxonomy":"category","embeddable":true,"href":"https:\/\/www.radiopiu.net\/wordpress\/wp-json\/wp\/v2\/categories?post=179414"},{"taxonomy":"post_tag","embeddable":true,"href":"https:\/\/www.radiopiu.net\/wordpress\/wp-json\/wp\/v2\/tags?post=179414"}],"curies":[{"name":"wp","href":"https:\/\/api.w.org\/{rel}","templated":true}]}}