{"id":179444,"date":"2020-12-15T06:04:38","date_gmt":"2020-12-15T05:04:38","guid":{"rendered":"https:\/\/www.radiopiu.net\/wordpress\/?p=179444"},"modified":"2020-12-15T06:11:34","modified_gmt":"2020-12-15T05:11:34","slug":"qualita-della-vita-classifica-sole-24-ore-padrin-penalizzati-dal-covid-lavoriamo-per-riguadagnare-posizioni","status":"publish","type":"post","link":"https:\/\/www.radiopiu.net\/wordpress\/qualita-della-vita-classifica-sole-24-ore-padrin-penalizzati-dal-covid-lavoriamo-per-riguadagnare-posizioni\/","title":{"rendered":"QUALIT\u00c0 DELLA VITA, CLASSIFICA SOLE 24 ORE, PADRIN: \u00abPENALIZZATI DAL COVID. LAVORIAMO PER RIGUADAGNARE POSIZIONI\u00bb"},"content":{"rendered":"<p><strong><a href=\"https:\/\/www.radiopiu.net\/wordpress\/il-nuovo-step-della-fase-2-ci-veda-propositivi-e-uniti-la-provincia-puo-fare-da-collettore-di-tutte-le-esigenze-e-le-idee-che-emergono-dal-nostro-territorio\/padrin-64\/\" rel=\"attachment wp-att-138417\"><img loading=\"lazy\" decoding=\"async\" class=\"size-medium wp-image-138417 alignleft\" src=\"https:\/\/www.radiopiu.net\/wordpress\/wp-content\/uploads\/2020\/05\/PADRIN-1-300x225.jpg\" alt=\"\" width=\"300\" height=\"225\" srcset=\"https:\/\/www.radiopiu.net\/wordpress\/wp-content\/uploads\/2020\/05\/PADRIN-1-300x225.jpg 300w, https:\/\/www.radiopiu.net\/wordpress\/wp-content\/uploads\/2020\/05\/PADRIN-1-1024x768.jpg 1024w, https:\/\/www.radiopiu.net\/wordpress\/wp-content\/uploads\/2020\/05\/PADRIN-1-768x576.jpg 768w, https:\/\/www.radiopiu.net\/wordpress\/wp-content\/uploads\/2020\/05\/PADRIN-1-1536x1152.jpg 1536w, https:\/\/www.radiopiu.net\/wordpress\/wp-content\/uploads\/2020\/05\/PADRIN-1-2048x1536.jpg 2048w\" sizes=\"auto, (max-width: 300px) 100vw, 300px\" \/><\/a>BELLUNO<\/strong>\u00a0\u00ab<em>Il Covid quest\u2019anno ha condizionato tutto e tutti, dall\u2019economia alla socialit\u00e0. Era inevitabile che incidesse anche sulla classifica della qualit\u00e0 della vita<\/em>\u00bb. Lo dice il presidente della Provincia di Belluno, Roberto Padrin, a commento dell\u2019analisi annuale del Sole 24 Ore, che nella graduatoria della qualit\u00e0 della vita pone Belluno al 46\u00b0 posto. \u00ab<em>L\u2019inserimento nell\u2019indagine del noto quotidiano economico di parametri legati alla pandemia in corso \u00e8 penalizzante per tutti. Nel nostro caso, l\u2019incidenza dei casi Covid ogni 1.000 abitanti \u00e8 particolarmente significativa per Belluno. Ma come nel recente passato, da una parte conserviamo numeri invidiabili sul fronte del benessere economico, della sicurezza, dell\u2019ambiente e del lavoro; dall\u2019altra, paghiamo gli indici demografici\u00bb prosegue il presidente Padrin. \u00abL\u2019indice di vecchiaia ci pone tra le province pi\u00f9 anziane dello Stivale. Il tasso di natalit\u00e0 \u00e8 basso e anche il numero di medici di medicina generale e di pediatri \u00e8 penalizzante rispetto ad altre aree del Paese. Si tratta di dati che conosciamo bene, visto che li abbiamo pi\u00f9 volte stigmatizzati e inseriti anche nel report consegnato al ministro Boccia, giusto un anno fa. Spiace dare l\u2019idea di ripetere sempre le stesse cose, ma la situazione \u00e8 questa: paghiamo lo spopolamento della montagna, frutto anche della mancanza di servizi nelle aree pi\u00f9 periferiche. Credo\u00a0che la chiave per invertire la rotta sia proprio quella di dare servizi. E come Provincia ci stiamo lavorando; mi riferisco ad esempio ai bandi per i negozi di vicinato, al bando latterie a favore dell\u2019agricoltura, alla spinta per la diffusione della banda larga, all\u2019attenzione recente per diverse categorie di persone e lavoratori colpite dal Covid<\/em>\u00bb. \u00ab<em>Certo, bisogna fare di pi\u00f9 &#8211; conclude il presidente Padrin -. Negli ultimi anni infatti la classifica del Sole 24 Ore ha premiato zone pi\u00f9 urbanizzate e \u201cconnesse\u201d, sia fisicamente sia dal punto di vista tecnologico. Sono fermamente convinto che la qualit\u00e0 della vita nelle nostre vallate non sia paragonabile a quella delle periferie dei grandi agglomerati urbani e di certo non pu\u00f2 essere costretta dentro numeri e cifre di una classifica. \u00c8 necessario per\u00f2 che le nostre vallate siano pi\u00f9 facili da raggiungere e i residenti abbiano la possibilit\u00e0 di accedere pi\u00f9 facilmente a quei servizi che si trovano fuori provincia, come ad esempio l\u2019universit\u00e0. Accorciare le distanze tra montagna e pianura \u00e8 fondamentale; e per questo servono infrastrutture\u00bb<\/em>.<\/p>\n<p><strong>AI MICROFONI DI RADIO PIU&#8217; IL PRESIDENTE DELLA PROVINCIA DI BELLUNO ROBERTO PADRIN<\/strong><\/p>\n<audio class=\"wp-audio-shortcode\" id=\"audio-179444-1\" preload=\"none\" style=\"width: 100%;\" controls=\"controls\"><source type=\"audio\/mpeg\" src=\"https:\/\/www.radiopiu.net\/wordpress\/wp-content\/uploads\/2020\/12\/PADRIN-SOLE-24-ORE.mp3?_=1\" \/><a href=\"https:\/\/www.radiopiu.net\/wordpress\/wp-content\/uploads\/2020\/12\/PADRIN-SOLE-24-ORE.mp3\">https:\/\/www.radiopiu.net\/wordpress\/wp-content\/uploads\/2020\/12\/PADRIN-SOLE-24-ORE.mp3<\/a><\/audio>\n<p>&nbsp;<\/p>\n","protected":false},"excerpt":{"rendered":"<p>BELLUNO\u00a0\u00abIl Covid quest\u2019anno ha condizionato tutto e tutti, dall\u2019economia alla socialit\u00e0. Era inevitabile che incidesse anche sulla classifica della qualit\u00e0 della vita\u00bb. Lo dice il presidente della Provincia di Belluno, Roberto Padrin, a commento dell\u2019analisi annuale del Sole 24 Ore, che nella graduatoria della qualit\u00e0 della vita pone Belluno al 46\u00b0 posto. \u00abL\u2019inserimento nell\u2019indagine del&hellip;<\/p>\n","protected":false},"author":4,"featured_media":138417,"comment_status":"closed","ping_status":"closed","sticky":false,"template":"","format":"standard","meta":{"_monsterinsights_skip_tracking":false,"_monsterinsights_sitenote_active":false,"_monsterinsights_sitenote_note":"","_monsterinsights_sitenote_category":0,"footnotes":""},"categories":[51,49],"tags":[],"class_list":["post-179444","post","type-post","status-publish","format-standard","has-post-thumbnail","hentry","category-evidenza-top","category-news-18","category-51","category-49","description-off"],"img_url":"https:\/\/www.radiopiu.net\/wordpress\/wp-content\/uploads\/2020\/05\/PADRIN-1-scaled.jpg","_links":{"self":[{"href":"https:\/\/www.radiopiu.net\/wordpress\/wp-json\/wp\/v2\/posts\/179444","targetHints":{"allow":["GET"]}}],"collection":[{"href":"https:\/\/www.radiopiu.net\/wordpress\/wp-json\/wp\/v2\/posts"}],"about":[{"href":"https:\/\/www.radiopiu.net\/wordpress\/wp-json\/wp\/v2\/types\/post"}],"author":[{"embeddable":true,"href":"https:\/\/www.radiopiu.net\/wordpress\/wp-json\/wp\/v2\/users\/4"}],"replies":[{"embeddable":true,"href":"https:\/\/www.radiopiu.net\/wordpress\/wp-json\/wp\/v2\/comments?post=179444"}],"version-history":[{"count":0,"href":"https:\/\/www.radiopiu.net\/wordpress\/wp-json\/wp\/v2\/posts\/179444\/revisions"}],"wp:featuredmedia":[{"embeddable":true,"href":"https:\/\/www.radiopiu.net\/wordpress\/wp-json\/wp\/v2\/media\/138417"}],"wp:attachment":[{"href":"https:\/\/www.radiopiu.net\/wordpress\/wp-json\/wp\/v2\/media?parent=179444"}],"wp:term":[{"taxonomy":"category","embeddable":true,"href":"https:\/\/www.radiopiu.net\/wordpress\/wp-json\/wp\/v2\/categories?post=179444"},{"taxonomy":"post_tag","embeddable":true,"href":"https:\/\/www.radiopiu.net\/wordpress\/wp-json\/wp\/v2\/tags?post=179444"}],"curies":[{"name":"wp","href":"https:\/\/api.w.org\/{rel}","templated":true}]}}