{"id":179500,"date":"2020-12-16T06:00:48","date_gmt":"2020-12-16T05:00:48","guid":{"rendered":"https:\/\/www.radiopiu.net\/wordpress\/?p=179500"},"modified":"2020-12-16T12:30:33","modified_gmt":"2020-12-16T11:30:33","slug":"giornale-radiopiu-16-dicembre-2020-direttore-mirko-mezzacasa","status":"publish","type":"post","link":"https:\/\/www.radiopiu.net\/wordpress\/giornale-radiopiu-16-dicembre-2020-direttore-mirko-mezzacasa\/","title":{"rendered":"GIORNALE RADIOPIU 16 DICEMBRE 2020 DIRETTORE MIRKO MEZZACASA"},"content":{"rendered":"<h3>PER<strong> RICEVERE QUESTO NOTIZIARIO DIRETTAMENTE SUL TUO CELLULARE ISCRIVITI AL CANALE TELEGRAM <\/strong><strong>\u201cRADIO PIU\u00a0 INFORMAZIONE&#8221;<\/strong><\/h3>\n<p><em>ATTENZIONE: LA NUOVA APP PER IOS-IPHONE<\/em><\/p>\n<div>\n<div><a href=\"https:\/\/apps.apple.com\/it\/app\/radio-pi%C3%B9-emittente-agordina\/id1515939845\">https:\/\/apps.apple.com\/it\/app\/radio-pi%C3%B9-emittente-agordina\/id1515939845<\/a><\/div>\n<\/div>\n<div><\/div>\n<div>\n<div dir=\"auto\"><em>ATTENZIONE: LA NUOVA APP RADIO\u00a0 PER ANDROID<\/em><\/div>\n<\/div>\n<p><a href=\"https:\/\/play.google.com\/store\/apps\/details?id=net.radiopiu.iniko\" target=\"_blank\" rel=\"noopener noreferrer\">https:\/\/play.google.com\/store\/apps\/details?id=net.radiopiu.iniko\u00a0\u00a0<\/a><\/p>\n<p>&nbsp;<\/p>\n<hr \/>\n<p>&nbsp;<\/p>\n<blockquote>\n<h2>ROSSO NATALE, IPOTESI DI CHIUSURA DEI CONFINI COMUNALI E COPRIFUOCO ALLE 20. IN VENETO IL GIORNO PIU&#8217; TRISTE CON 165 LUTTI.<\/h2>\n<\/blockquote>\n<p>Ieri in Italia altre 846 vittime da covid, quasi 15mila nuovi contagi, in diminuzione il rapporto positivi tamponi fatti. Si alle restrizioni ma subito anche i ristori, questo il messaggio inviato ieri da Venezia al Governo Centrale che si appresta a varare la stretta di Natale. Peggiora la situazione nelle case di riposo, oggi pi\u00f9 morti rispetto alla prima ondata, uno studio della Regione rivela come rispetto al 2017-19 i decessi siano aumentati, del 39% a marzo, 44% a Novembre. Ieri 165 decessi in Regione ma considerato che il giorno prima erano &#8220;solo&#8221; 25 ci potrebbe essere stato un ritardo nel caricamento dei dati. <span style=\"font-size: medium;\">Nelle ultime 24 ore, in Veneto, sono stati effettuati 16.810 tamponi molecolari e 35.831 tamponi rapidi, per un totale complessivo di 52.641 test. Sono state riscontrate 3.320 nuove positivit\u00e0. La percentuale di tamponi positivi rispetto al totale dei tamponi effettuati sulla popolazione esposta al contagio \u00e8 quindi pari al 6,30%\u201d.\u00a0 In Provincia: &#8220;uno sforzo mai visto per gli ospedali&#8221; lo ha detto ieri il direttore Adriano Rasi Caldogno con un raffronto: 724 positivi ad aprile, oggi oltre 5000; a marzo 94 ricoverati, oggi sono 200. A Primavera 1392 isolati contro i 6500 di oggi<\/span><\/p>\n<blockquote>\n<h3>ANCORA 224 POSITIVI IN PIU&#8217; IN ULSS 1 DOLOMITI. 2 DECESSI NELLE ULTIME 24 ORE. 203 PAZIENTI COVID NEGLI OSPEDALI BELLUNESI<\/h3>\n<\/blockquote>\n<p><strong>BELLUNO<\/strong> Nelle ultime 24 ore\u00a0sono decedute 2 persone covid positive: un uomo di 86 anni ricoverato in Pneumologia a Belluno, una donna di 85 anni ricoverata in ospedale di Comunit\u00e0 a Feltre. 224 i nuovi positivi in provincia di Belluno (dato aggiornato alle 8).<\/p>\n<p><strong>Ricoveri <\/strong><\/p>\n<p><em>(dato alle ore 17.00 fonte: Azienda Zero)<\/em><\/p>\n<p>Le persone attualmente POSITIVE ricoverate negli ospedali dell\u2019Ulss Dolomiti sono:<\/p>\n<table>\n<tbody>\n<tr>\n<td width=\"217\"><strong>\u00a0<\/strong><\/td>\n<td width=\"217\"><strong>Area NON CRITICA<\/strong><\/td>\n<td width=\"217\"><strong>Terapia Intensiva<\/strong><\/td>\n<\/tr>\n<tr>\n<td width=\"217\"><strong>Ospedale di Belluno <\/strong><\/td>\n<td width=\"217\">70<\/td>\n<td width=\"217\">7<\/td>\n<\/tr>\n<tr>\n<td width=\"217\"><strong>Ospedale di Feltre<\/strong><\/p>\n<p><strong>Ospedale di Agordo<\/strong><\/td>\n<td width=\"217\">57<\/p>\n<p>12<\/td>\n<td width=\"217\">6<\/td>\n<\/tr>\n<\/tbody>\n<\/table>\n<p>&nbsp;<\/p>\n<p>Le persone attualmente POSITIVE ricoverate in Ospedale di Comunit\u00e0 sono:<\/p>\n<table>\n<tbody>\n<tr>\n<td width=\"326\"><strong>\u00a0<\/strong><\/td>\n<td width=\"326\"><strong>pazienti attualmente positivi<\/strong><\/td>\n<\/tr>\n<tr>\n<td width=\"326\"><strong>Ospedale di Comunit\u00e0 AGORDO<\/strong><\/td>\n<td width=\"326\">2<\/td>\n<\/tr>\n<tr>\n<td width=\"326\"><strong>Ospedale di Comunit\u00e0 ALANO<\/strong><\/td>\n<td width=\"326\">4<\/td>\n<\/tr>\n<tr>\n<td width=\"326\"><strong>Ospedale di Comunit\u00e0 AURONZO<\/strong><\/p>\n<p><strong>Ospedale di Comunit\u00e0 di BELLUNO\u00a0\u00a0\u00a0\u00a0\u00a0\u00a0\u00a0\u00a0\u00a0\u00a0\u00a0\u00a0\u00a0\u00a0\u00a0\u00a0\u00a0\u00a0\u00a0\u00a0\u00a0\u00a0\u00a0\u00a0\u00a0\u00a0\u00a0\u00a0\u00a0\u00a0\u00a0\u00a0\u00a0\u00a0\u00a0\u00a0\u00a0\u00a0\u00a0\u00a0 <\/strong><\/td>\n<td width=\"326\">9<\/p>\n<p>23<\/td>\n<\/tr>\n<tr>\n<td width=\"326\"><strong>Ospedale di Comunit\u00e0 di FELTRE<\/strong><\/td>\n<td width=\"326\">13<\/td>\n<\/tr>\n<\/tbody>\n<\/table>\n<hr \/>\n<p>&nbsp;<\/p>\n<p>&nbsp;<\/p>\n<hr \/>\n<blockquote>\n<h3>\u00a0L&#8217;ADDIO A FAORO<\/h3>\n<\/blockquote>\n<p><strong>ARSIE<\/strong>&#8216; Oggi alle 15, nella chiesa parrocchiale di Arsi\u00e8 verranno celebrati i\u00a0 funerali di Adriano Faoro, 52 anni, rimasto ucciso tra sabato e domenica dalle esalazioni di due scaldini pieni di braci.L&#8217;arsedese, operaio alla Hydro di Feltre, ha perso la vita assieme\u00a0 a Sabrina De Pellegrin, 54 anni, bellunese di Sopracroda (i funerali domani alle 11 a Cavarzano). La tragedia consumatasi in via San Sebastiano, alle porte della piazza di Arsi\u00e8<\/p>\n<p>&nbsp;<\/p>\n<hr \/>\n<p>&nbsp;<\/p>\n<blockquote>\n<h3>INCENDIO IN GARAGE<\/h3>\n<\/blockquote>\n<p><strong>PONTE NELLE ALPI\u00a0<\/strong> Incendio in una villetta di via dei Zattieri ieri mattina alle 7. Illesa la persona che abita all&#8217;interno e che ha rifiutato il trasporto in ospedale di Belluno, dove volevano trasferirla i sanitari, che sospettavano un&#8217;intossicazione da fumo. Le fiamme si sono innescate, per motivi in corso di accertamento, su un cumulo di legna da ardere che era sistemata nel garage.\u00a0 Sul posto anche i carabinieri della Compagnia di Belluno per i rilievi del caso<\/p>\n<p>&nbsp;<\/p>\n<hr \/>\n<h3><\/h3>\n<p>&nbsp;<\/p>\n<blockquote>\n<h3>SCONTRO AUTO MOTO, 18ENNE IN OSPEDALE<\/h3>\n<\/blockquote>\n<p><strong><img loading=\"lazy\" decoding=\"async\" class=\"alignleft\" src=\"https:\/\/www.radiopiu.net\/wordpress\/wp-content\/uploads\/2020\/12\/b134415a-8057-4c31-bc48-bc25347a68a2.jpg\" width=\"155\" height=\"116\" \/>ALANO DI PIAVE<\/strong> Un&#8217;auto e una moto sono i due mezzi entrati in collisione in prossimit\u00e0 del negozio di frutta a verdura. In uscita dal parcheggio un quarantenne di Treviso al volante di una Ford. Sul Motocicio Benelli\u00a0 un trevigiano di 18 anni, viaggiava in direzione opposta.Il giovane \u00e8 stato portato in ospedale, non \u00e8 in pericolo di vita<\/p>\n<p>&nbsp;<\/p>\n<p>&nbsp;<\/p>\n<p>&nbsp;<\/p>\n<hr \/>\n<blockquote>\n<h3>\u00a0WARNING! SEGNALI DALLA PROVINCIALE 3<\/h3>\n<\/blockquote>\n<p><strong>RIVAMONTE <\/strong>Poco sopra Agordo passato Ponte Alto, al primo tornante lungo la strada provinciale 3 che sale a Rivamonte, Gosaldo e Primiero Il nuovo asfalto posato dopo lo smottamento dello scorso 5 ottobre inizia a fessurarsi vistosamente, qualche cosa di muove tanto a valle verso Agordo che a monte in prossimit\u00e0 dei muri di contenimento. Lo si evince dalle fotografie, \u00e8 bene evidente la fessurazione, l&#8217;euro che risplende da la misura del movimento.<br \/>\ngrazie ad Andrea Amico<\/p>\n\n\t\t\t<style type='text\/css'>\n\t\t\t\t#gallery-1 {\n\t\t\t\t\tmargin: auto;\n\t\t\t\t}\n\t\t\t\t#gallery-1 .gallery-item {\n\t\t\t\t\tfloat: left;\n\t\t\t\t\tmargin-top: 10px;\n\t\t\t\t\ttext-align: center;\n\t\t\t\t\twidth: 33%;\n\t\t\t\t}\n\t\t\t\t#gallery-1 img {\n\t\t\t\t\tborder: 2px solid #cfcfcf;\n\t\t\t\t}\n\t\t\t\t#gallery-1 .gallery-caption {\n\t\t\t\t\tmargin-left: 0;\n\t\t\t\t}\n\t\t\t\t\/* see gallery_shortcode() in wp-includes\/media.php *\/\n\t\t\t<\/style>\n\t\t<div id='gallery-1' class='dt-gallery-container gallery galleryid-179500 gallery-columns-3 gallery-size-thumbnail'><dl class='gallery-item'>\n\t\t\t\t<dt class='gallery-icon portrait'>\n\t\t\t\t\t<a class=\"rollover rollover-zoom dt-pswp-item\" title=\"131707907_892896208203343_4118151331204730967_n\" data-dt-img-description=\"\" data-large_image_width=\"1531\" data-large_image_height=\"2048\"href='https:\/\/www.radiopiu.net\/wordpress\/wp-content\/uploads\/2020\/12\/131707907_892896208203343_4118151331204730967_n.jpg'><img loading=\"lazy\" decoding=\"async\" width=\"150\" height=\"150\" src=\"https:\/\/www.radiopiu.net\/wordpress\/wp-content\/uploads\/2020\/12\/131707907_892896208203343_4118151331204730967_n-150x150.jpg\" class=\"attachment-thumbnail size-thumbnail\" alt=\"\" \/><\/a>\n\t\t\t\t<\/dt><\/dl><dl class='gallery-item'>\n\t\t\t\t<dt class='gallery-icon portrait'>\n\t\t\t\t\t<a class=\"rollover rollover-zoom dt-pswp-item\" title=\"131623367_387936275817001_8495605573089440513_n\" data-dt-img-description=\"\" data-large_image_width=\"1531\" data-large_image_height=\"2048\"href='https:\/\/www.radiopiu.net\/wordpress\/wp-content\/uploads\/2020\/12\/131623367_387936275817001_8495605573089440513_n.jpg'><img loading=\"lazy\" decoding=\"async\" width=\"150\" height=\"150\" src=\"https:\/\/www.radiopiu.net\/wordpress\/wp-content\/uploads\/2020\/12\/131623367_387936275817001_8495605573089440513_n-150x150.jpg\" class=\"attachment-thumbnail size-thumbnail\" alt=\"\" \/><\/a>\n\t\t\t\t<\/dt><\/dl><dl class='gallery-item'>\n\t\t\t\t<dt class='gallery-icon portrait'>\n\t\t\t\t\t<a class=\"rollover rollover-zoom dt-pswp-item\" title=\"131631533_2879994642283200_6493711412763679101_n\" data-dt-img-description=\"\" data-large_image_width=\"1531\" data-large_image_height=\"2048\"href='https:\/\/www.radiopiu.net\/wordpress\/wp-content\/uploads\/2020\/12\/131631533_2879994642283200_6493711412763679101_n.jpg'><img loading=\"lazy\" decoding=\"async\" width=\"150\" height=\"150\" src=\"https:\/\/www.radiopiu.net\/wordpress\/wp-content\/uploads\/2020\/12\/131631533_2879994642283200_6493711412763679101_n-150x150.jpg\" class=\"attachment-thumbnail size-thumbnail\" alt=\"\" \/><\/a>\n\t\t\t\t<\/dt><\/dl><br style=\"clear: both\" \/><dl class='gallery-item'>\n\t\t\t\t<dt class='gallery-icon portrait'>\n\t\t\t\t\t<a class=\"rollover rollover-zoom dt-pswp-item\" title=\"131675255_381679596254973_8279329943900520447_n\" data-dt-img-description=\"\" data-large_image_width=\"1531\" data-large_image_height=\"2048\"href='https:\/\/www.radiopiu.net\/wordpress\/wp-content\/uploads\/2020\/12\/131675255_381679596254973_8279329943900520447_n.jpg'><img loading=\"lazy\" decoding=\"async\" width=\"150\" height=\"150\" src=\"https:\/\/www.radiopiu.net\/wordpress\/wp-content\/uploads\/2020\/12\/131675255_381679596254973_8279329943900520447_n-150x150.jpg\" class=\"attachment-thumbnail size-thumbnail\" alt=\"\" \/><\/a>\n\t\t\t\t<\/dt><\/dl><dl class='gallery-item'>\n\t\t\t\t<dt class='gallery-icon portrait'>\n\t\t\t\t\t<a class=\"rollover rollover-zoom dt-pswp-item\" title=\"131890454_842259279889942_5717304253788204708_n\" data-dt-img-description=\"\" data-large_image_width=\"1531\" data-large_image_height=\"2048\"href='https:\/\/www.radiopiu.net\/wordpress\/wp-content\/uploads\/2020\/12\/131890454_842259279889942_5717304253788204708_n.jpg'><img loading=\"lazy\" decoding=\"async\" width=\"150\" height=\"150\" src=\"https:\/\/www.radiopiu.net\/wordpress\/wp-content\/uploads\/2020\/12\/131890454_842259279889942_5717304253788204708_n-150x150.jpg\" class=\"attachment-thumbnail size-thumbnail\" alt=\"\" \/><\/a>\n\t\t\t\t<\/dt><\/dl><dl class='gallery-item'>\n\t\t\t\t<dt class='gallery-icon portrait'>\n\t\t\t\t\t<a class=\"rollover rollover-zoom dt-pswp-item\" title=\"131406641_409670407049700_4677306235983021720_n\" data-dt-img-description=\"\" data-large_image_width=\"1531\" data-large_image_height=\"2048\"href='https:\/\/www.radiopiu.net\/wordpress\/wp-content\/uploads\/2020\/12\/131406641_409670407049700_4677306235983021720_n.jpg'><img loading=\"lazy\" decoding=\"async\" width=\"150\" height=\"150\" src=\"https:\/\/www.radiopiu.net\/wordpress\/wp-content\/uploads\/2020\/12\/131406641_409670407049700_4677306235983021720_n-150x150.jpg\" class=\"attachment-thumbnail size-thumbnail\" alt=\"\" \/><\/a>\n\t\t\t\t<\/dt><\/dl><br style=\"clear: both\" \/>\n\t\t\t<\/div>\n\n<p><strong>AI MICROFONI DI RADIO PIU&#8217; IL CONSIGLIERE PROVINCIALE FABIO LUCCHETTA<\/strong><\/p>\n<audio class=\"wp-audio-shortcode\" id=\"audio-179500-1\" preload=\"none\" style=\"width: 100%;\" controls=\"controls\"><source type=\"audio\/mpeg\" src=\"https:\/\/www.radiopiu.net\/wordpress\/wp-content\/uploads\/2020\/12\/LUCCHETTA-STRADA.mp3?_=1\" \/><a href=\"https:\/\/www.radiopiu.net\/wordpress\/wp-content\/uploads\/2020\/12\/LUCCHETTA-STRADA.mp3\">https:\/\/www.radiopiu.net\/wordpress\/wp-content\/uploads\/2020\/12\/LUCCHETTA-STRADA.mp3<\/a><\/audio>\n<p>&nbsp;<\/p>\n<p><strong>ARCHIVIO RADIO PIU, 05 OTTOBRE 2020<\/strong><\/p>\n<blockquote class=\"wp-embedded-content\" data-secret=\"2Js2Y6OOjM\"><p><a href=\"https:\/\/www.radiopiu.net\/wordpress\/frana-la-provinciale-3-sopra-ponte-alto-strada-chiusa\/\">FRANA LA PROVINCIALE 3 SOPRA PONTE ALTO. STRADA CHIUSA<\/a><\/p><\/blockquote>\n<p><iframe loading=\"lazy\" class=\"wp-embedded-content\" sandbox=\"allow-scripts\" security=\"restricted\" style=\"position: absolute; clip: rect(1px, 1px, 1px, 1px);\" title=\"&#8220;FRANA LA PROVINCIALE 3 SOPRA PONTE ALTO. STRADA CHIUSA&#8221; &#8212; Radio Pi\u00f9\" src=\"https:\/\/www.radiopiu.net\/wordpress\/frana-la-provinciale-3-sopra-ponte-alto-strada-chiusa\/embed\/#?secret=2Js2Y6OOjM\" data-secret=\"2Js2Y6OOjM\" width=\"600\" height=\"338\" frameborder=\"0\" marginwidth=\"0\" marginheight=\"0\" scrolling=\"no\"><\/iframe><\/p>\n<p>&nbsp;<\/p>\n<p>&nbsp;<\/p>\n<p>&nbsp;<\/p>\n<hr \/>\n<p>&nbsp;<\/p>\n<p>&nbsp;<\/p>\n<h3><a href=\"https:\/\/www.radiopiu.net\/wordpress\/giornale-radiopiu-16-dicembre-2020-direttore-mirko-mezzacasa\/057f6232-b806-4b2f-a54a-d36352753c17-2\/\" rel=\"attachment wp-att-179696\"><img loading=\"lazy\" decoding=\"async\" class=\"wp-image-179696 alignleft\" src=\"https:\/\/www.radiopiu.net\/wordpress\/wp-content\/uploads\/2020\/12\/057f6232-b806-4b2f-a54a-d36352753c17-1-225x300.jpg\" alt=\"\" width=\"150\" height=\"200\" srcset=\"https:\/\/www.radiopiu.net\/wordpress\/wp-content\/uploads\/2020\/12\/057f6232-b806-4b2f-a54a-d36352753c17-1-225x300.jpg 225w, https:\/\/www.radiopiu.net\/wordpress\/wp-content\/uploads\/2020\/12\/057f6232-b806-4b2f-a54a-d36352753c17-1.jpg 240w\" sizes=\"auto, (max-width: 150px) 100vw, 150px\" \/><\/a>PROVINCIALE 3 VALLE IMPERINA localit\u00e0 Corde Mole, INTEDIZIONE TOTALE ALLA CIRCOLAZIONE dal 16 dicembre al 17 dicembre dalle 8 alle 17.30<\/h3>\n<h3>REGIONALE 48 DELLE DOLOMITI RIPRISTINO CIRCOLAZIONE PER PASSO PORDOI E PASSO FALZAREGO riaperte le strade da Passo Pordoi a Ponte Vauz di Arabba e da Pian di Falzarego a Cortina<\/h3>\n<p>FOTO VANIA M. TELEGRAM VIABILITA&#8217; PROVINCIA BELLUNO<\/p>\n<p>&nbsp;<\/p>\n<p>&nbsp;<\/p>\n<blockquote>\n<h2><strong>ALLEGHE, ORDINANZA COMUNALE\u00a0<\/strong><\/h2>\n<p><em>Ai Piani di Pezz\u00e8 a causa della chiusura della cabinovia Alleghe\/Piani di Pezz\u00e8 si prevede un <\/em><em>massiccio afflusso di auto di turisti con rischio di ingorghi che possono determinare il blocco della viabilit\u00e0 e conseguentemente precludere l\u2019eventuale transito di mezzi di soccorso.<\/em><\/p><\/blockquote>\n<p>La strada comunale denominata VIA MONTE CIVETTA nei giorni 19 e 20 DICEMBRE 2020) e dal 24 DICEMBRE 2020 al 06 GENNAIO 2021 sar\u00e0 cos\u00ec regolamentata: ad esaurimento dei posti auto disponibili (80) sar\u00e0 vietato l\u2019accesso e a tal fine verranno esposti cartelli segnalatori nelle seguenti localit\u00e0 1. Imbocco di Via A. De Gasperi; 2. Piazza Vecchia; 3. \u201cBivio per Pini\u00e8\u201d (presidiato da personale) dal \u201cBieio per Pini\u00e8\u201d ai \u201cPiani di Pezz\u00e8\u201d sar\u00e0 consentito il transito solo a RESIDENTI, PROPIETARI DI ABITAZIONE ed AUTORIZZATI<\/p>\n<p>&nbsp;<\/p>\n<p>&nbsp;<\/p>\n<hr \/>\n<p>&nbsp;<\/p>\n<blockquote>\n<h3>IL RIFUGIO A PIAN DEI FIACCONI TRAVOLTO E DISTRUTTO DALLA VALANGA<\/h3>\n<\/blockquote>\n<p><strong><a href=\"https:\/\/www.radiopiu.net\/wordpress\/giornale-radiopiu-16-dicembre-2020-direttore-mirko-mezzacasa\/118696749_3577075812326934_8462492065758075083_o\/\" rel=\"attachment wp-att-179682\"><img loading=\"lazy\" decoding=\"async\" class=\"wp-image-179682 alignleft\" src=\"https:\/\/www.radiopiu.net\/wordpress\/wp-content\/uploads\/2020\/12\/118696749_3577075812326934_8462492065758075083_o-300x225.jpg\" alt=\"\" width=\"156\" height=\"117\" srcset=\"https:\/\/www.radiopiu.net\/wordpress\/wp-content\/uploads\/2020\/12\/118696749_3577075812326934_8462492065758075083_o-300x225.jpg 300w, https:\/\/www.radiopiu.net\/wordpress\/wp-content\/uploads\/2020\/12\/118696749_3577075812326934_8462492065758075083_o-1024x768.jpg 1024w, https:\/\/www.radiopiu.net\/wordpress\/wp-content\/uploads\/2020\/12\/118696749_3577075812326934_8462492065758075083_o-768x576.jpg 768w, https:\/\/www.radiopiu.net\/wordpress\/wp-content\/uploads\/2020\/12\/118696749_3577075812326934_8462492065758075083_o-1536x1152.jpg 1536w, https:\/\/www.radiopiu.net\/wordpress\/wp-content\/uploads\/2020\/12\/118696749_3577075812326934_8462492065758075083_o.jpg 1600w\" sizes=\"auto, (max-width: 156px) 100vw, 156px\" \/><\/a>CANAZEI <\/strong>Una valanga con un\u00a0 fronte di\u00a0 600 metri ha travolto il rifugio\u00a0 Pian dei Fiacconi, ai piedi della Marmolada,\u00a0distruggendolo completamente.\u00a0 Il fatto luned\u00ec e\u00a0Il distacco nevoso \u00e8 avvenuto fra\u00a0punta Rocca e punta Penia, zona ripida che ha accelerato la corsa della valanga verso valle aumentandone la violenza d&#8217;impatto.\u00a0 Gli effetti della valanga sono stati notati da\u00a0 un pilota di un elicottero che sorvolava la Marmolada, nel pomeriggio di lunedi. La valanga ha distrutto la struttura, nessuna persona \u00e8 rimasta coinvolta.<\/p>\n<p><strong>IL VIDEO Guido Trevisan &#8211;\u00a0 propietario e gestore<\/strong><\/p>\n<div style=\"width: 640px;\" class=\"wp-video\"><video class=\"wp-video-shortcode\" id=\"video-179500-1\" width=\"640\" height=\"352\" preload=\"metadata\" controls=\"controls\"><source type=\"video\/mp4\" src=\"https:\/\/www.radiopiu.net\/wordpress\/wp-content\/uploads\/2020\/12\/WhatsApp-Video-2020-12-15-at-18.29.48.mp4?_=1\" \/><a href=\"https:\/\/www.radiopiu.net\/wordpress\/wp-content\/uploads\/2020\/12\/WhatsApp-Video-2020-12-15-at-18.29.48.mp4\">https:\/\/www.radiopiu.net\/wordpress\/wp-content\/uploads\/2020\/12\/WhatsApp-Video-2020-12-15-at-18.29.48.mp4<\/a><\/video><\/div>\n<p>&nbsp;<\/p>\n<div>\n<div class=\"\" dir=\"auto\">\n<div id=\"jsc_c_2u4\" class=\"ecm0bbzt hv4rvrfc ihqw7lf3 dati1w0a\" data-ad-comet-preview=\"message\" data-ad-preview=\"message\">\n<div class=\"j83agx80 cbu4d94t ew0dbk1b irj2b8pg\">\n<div class=\"qzhwtbm6 knvmm38d\">\n<div class=\"o9v6fnle cxmmr5t8 oygrvhab hcukyx3x c1et5uql ii04i59q\">\n<blockquote>\n<h3 dir=\"auto\"><a href=\"https:\/\/www.radiopiu.net\/wordpress\/giornale-radiopiu-16-dicembre-2020-direttore-mirko-mezzacasa\/131671340_10158990982859534_291291139007865979_n\/\" rel=\"attachment wp-att-179816\"><img loading=\"lazy\" decoding=\"async\" class=\" wp-image-179816 alignleft\" src=\"https:\/\/www.radiopiu.net\/wordpress\/wp-content\/uploads\/2020\/12\/131671340_10158990982859534_291291139007865979_n-183x300.jpg\" alt=\"\" width=\"115\" height=\"189\" srcset=\"https:\/\/www.radiopiu.net\/wordpress\/wp-content\/uploads\/2020\/12\/131671340_10158990982859534_291291139007865979_n-183x300.jpg 183w, https:\/\/www.radiopiu.net\/wordpress\/wp-content\/uploads\/2020\/12\/131671340_10158990982859534_291291139007865979_n.jpg 584w\" sizes=\"auto, (max-width: 115px) 100vw, 115px\" \/><\/a>GUIDO SIAMO TUTTI CON TE!!! NON MOLLARE!!!<\/h3>\n<\/blockquote>\n<\/div>\n<\/div>\n<\/div>\n<\/div>\n<\/div>\n<\/div>\n<p><span style=\"color: #ff0000;\">MARCO BASSOT, PAGINA FACEBOOK:\u00a0<\/span> Iniziata una raccolta fondi su Facebook. Nei giorni scorsi (met\u00e0 dicembre 2020) le copiose, eccezionali ed incessanti nevicate che hanno interessato le Dolomiti provocano un&#8217;enorme <a class=\"oajrlxb2 g5ia77u1 qu0x051f esr5mh6w e9989ue4 r7d6kgcz rq0escxv nhd2j8a9 nc684nl6 p7hjln8o kvgmc6g5 cxmmr5t8 oygrvhab hcukyx3x jb3vyjys rz4wbd8a qt6c0cv9 a8nywdso i1ao9s8h esuyzwwr f1sip0of lzcic4wl q66pz984 gpro0wi8 b1v8xokw\" tabindex=\"0\" role=\"link\" href=\"https:\/\/www.facebook.com\/hashtag\/valanga?__eep__=6&amp;__cft__[0]=AZXWxVATX16GKQrLcUjj0De9u98A_2tzl3xliS76DdelBkbLo8ouaODRL0jXZ2l5cJfkK89I85kdNLL3qgsw339_9tL5ZMkXsvX3nggL5er9q14nDE2Sg_ndf6_HmPd5x8z0wgPF2-rxiu26Fd-SABFe&amp;__tn__=*NK-R\">valanga<\/a> in Marmolada che ha distrutto met\u00e0 del rifugio Pian dei Fiacconi e come dice l&#8217;instancabile gestore Guido Trevisan l&#8217;altra met\u00e0 sar\u00e0 da demolire. Faccio un <a class=\"oajrlxb2 g5ia77u1 qu0x051f esr5mh6w e9989ue4 r7d6kgcz rq0escxv nhd2j8a9 nc684nl6 p7hjln8o kvgmc6g5 cxmmr5t8 oygrvhab hcukyx3x jb3vyjys rz4wbd8a qt6c0cv9 a8nywdso i1ao9s8h esuyzwwr f1sip0of lzcic4wl q66pz984 gpro0wi8 b1v8xokw\" tabindex=\"0\" role=\"link\" href=\"https:\/\/www.facebook.com\/hashtag\/appello?__eep__=6&amp;__cft__[0]=AZXWxVATX16GKQrLcUjj0De9u98A_2tzl3xliS76DdelBkbLo8ouaODRL0jXZ2l5cJfkK89I85kdNLL3qgsw339_9tL5ZMkXsvX3nggL5er9q14nDE2Sg_ndf6_HmPd5x8z0wgPF2-rxiu26Fd-SABFe&amp;__tn__=*NK-R\">appello<\/a> a tutti gli amanti della Natura, della Montagna, delle Dolomiti, della Sua Regina e dello storico e da tutti noi cos\u00ec tanto amato Rifugio Pian dei Fiacconi a fare una <a class=\"oajrlxb2 g5ia77u1 qu0x051f esr5mh6w e9989ue4 r7d6kgcz rq0escxv nhd2j8a9 nc684nl6 p7hjln8o kvgmc6g5 cxmmr5t8 oygrvhab hcukyx3x jb3vyjys rz4wbd8a qt6c0cv9 a8nywdso i1ao9s8h esuyzwwr f1sip0of lzcic4wl q66pz984 gpro0wi8 b1v8xokw\" tabindex=\"0\" role=\"link\" href=\"https:\/\/www.facebook.com\/hashtag\/donazione?__eep__=6&amp;__cft__[0]=AZXWxVATX16GKQrLcUjj0De9u98A_2tzl3xliS76DdelBkbLo8ouaODRL0jXZ2l5cJfkK89I85kdNLL3qgsw339_9tL5ZMkXsvX3nggL5er9q14nDE2Sg_ndf6_HmPd5x8z0wgPF2-rxiu26Fd-SABFe&amp;__tn__=*NK-R\">donazione<\/a> per quanto possibile in questo periodo difficile per dare un segnale al nostro amico Guido che ci siamo e che faremo di tutto perch\u00e8 si rialzi il prima possibile!!!!<\/p>\n<div>\n<div class=\"\" dir=\"auto\">\n<div id=\"jsc_c_2u4\" class=\"ecm0bbzt hv4rvrfc ihqw7lf3 dati1w0a\" data-ad-comet-preview=\"message\" data-ad-preview=\"message\">\n<div class=\"j83agx80 cbu4d94t ew0dbk1b irj2b8pg\">\n<div class=\"qzhwtbm6 knvmm38d\">\n<div class=\"o9v6fnle cxmmr5t8 oygrvhab hcukyx3x c1et5uql ii04i59q\"><\/div>\n<\/div>\n<\/div>\n<\/div>\n<\/div>\n<\/div>\n<p>&nbsp;<\/p>\n<p>&nbsp;<\/p>\n<hr \/>\n<p>&nbsp;<\/p>\n<blockquote>\n<h3>IERI MATTINA VALANGHE AD AGAI<\/h3>\n<\/blockquote>\n<p><strong><img loading=\"lazy\" decoding=\"async\" class=\"alignleft\" src=\"https:\/\/www.radiopiu.net\/wordpress\/wp-content\/uploads\/2020\/12\/3a715f9b-8055-4f48-b234-a6ac079d5a26.jpg\" width=\"207\" height=\"155\" \/><a href=\"https:\/\/www.radiopiu.net\/wordpress\/giornale-radiopiu-16-dicembre-2020-direttore-mirko-mezzacasa\/87853e89-2ce4-4848-a462-3659d32080e9\/\" rel=\"attachment wp-att-179833\"><img loading=\"lazy\" decoding=\"async\" class=\"size-medium wp-image-179833 alignright\" src=\"https:\/\/www.radiopiu.net\/wordpress\/wp-content\/uploads\/2020\/12\/87853e89-2ce4-4848-a462-3659d32080e9-225x300.jpg\" alt=\"\" width=\"225\" height=\"300\" srcset=\"https:\/\/www.radiopiu.net\/wordpress\/wp-content\/uploads\/2020\/12\/87853e89-2ce4-4848-a462-3659d32080e9-225x300.jpg 225w, https:\/\/www.radiopiu.net\/wordpress\/wp-content\/uploads\/2020\/12\/87853e89-2ce4-4848-a462-3659d32080e9.jpg 240w\" sizes=\"auto, (max-width: 225px) 100vw, 225px\" \/><\/a>LIVINALLONGO <\/strong>Due valanghe hanno interessato la strada\u00a0 che porta in frazione\u00a0 Agai sopra Pieve di Livinallongo. \u00a0Nessuna persona o mezzo\u00a0 coinvolta. \u00c8 un tratto segnalato molte volte che crea sempre problemi in inverno. Stamane piccole slavine lungo la strada che da Pieve di Livinallongo porta ad Arabba (a destra foto Zandegiacomo, Telegram Viabilit\u00e0 Provincia di Belluno.<\/p>\n<p>&nbsp;<\/p>\n<p>&nbsp;<\/p>\n<p>&nbsp;<\/p>\n<p>&nbsp;<\/p>\n<p>&nbsp;<\/p>\n<p>&nbsp;<\/p>\n<hr \/>\n<blockquote>\n<h3><\/h3>\n<p>&nbsp;<\/p>\n<h3>\u00a0AGORDINO, MAPPA DEI CONTAGI<\/h3>\n<p><em>Grazie ai 13 sindaci (su 14) che hanno contribuito ad informare i loro cittadini<\/em><\/p><\/blockquote>\n<p><strong>Colle Santa Lucia<span style=\"color: #ff0000;\"> dati non inviati <\/span>\u00a0Livinallongo<\/strong> 0 positivi e 0 isolamenti\u00a0 <strong>Gosaldo<\/strong> 20 positIvi, 15 isolamento <strong>Agordo<\/strong> 150 positivi e 100 in isolamento,\u00a0 \u00a0<strong>San Tomaso<\/strong>\u00a015 positivi, 16 in isolamento <strong>Cencenighe<\/strong>\u00a0 13 positivi e 18 in isolamento.\u00a0 <strong>Canale d&#8217;Agordo<\/strong> 15 positivi 10 isolamento, <strong>Alleghe <\/strong>\u00a020 positivi, 21 in isolamento. <strong>Taibon<\/strong> 118 positivi e 85 isolamenti, <strong>Falcade<\/strong> 27 positivi e 7 isolati <strong>Rocca Pietore <\/strong>13 positivi e 11 in quarantena, <strong>Rivamonte <\/strong>10 positivi 15 isolamento. <strong>La Valle<\/strong> 50 positivi, 30 isolamento <strong>Vallada<\/strong> 20 positivi e 30 in isolamento. <strong>Voltago e Selva di Cadore<span style=\"color: #ff0000;\"> nessuna notizia dei Comuni commissariati.<\/span><\/strong><\/p>\n<p>&nbsp;<\/p>\n<blockquote>\n<h3>DILLO A RADIO PIU&#8230; IL SILENZIO DI ALCUNI SINDACI<\/h3>\n<\/blockquote>\n<p><strong><img loading=\"lazy\" decoding=\"async\" class=\"alignleft\" src=\"https:\/\/www.radiopiu.net\/wordpress\/wp-content\/uploads\/2019\/12\/icona_sindaco.png\" width=\"145\" height=\"193\" \/>FALCADE<\/strong> Riceviamo e volentieri pubblichiamo la lettera di Susy Dan sul silenzio di alcuni sindaci.<\/p>\n<blockquote><p><em>Mai come in momenti di incertezza, confusione e profonda preoccupazione essere informati &#8211; correttamente e puntualmente informati, aggiungo &#8211; \u00e8 importante. Non comprendo, quindi, e non condivido la reticenza di molti sindaci a divulgare i dati relativi alla pandemia nel loro territorio. Con quale motivazione, poi? Per non allarmare i cittadini?\u00a0 Solo un cittadino informato e consapevole pu\u00f2 assumere comportamenti appropriati e limitare i rischi per se\u2019 e per gli altri. \u00c8 inutile continuare ad appellarsi al senso di responsabilit\u00e0 delle persone se non le si considera sufficientemente mature e responsabili da affrontare la realt\u00e0. I cittadini hanno il diritto di sapere. I primi cittadini hanno il dovere di informarli, correttamente e puntualmente. Se ne prendano la responsabilit\u00e0. <\/em><br \/>\n<strong><em>Susy Dan<\/em><\/strong><br \/>\n<strong><em>Falcade<\/em><\/strong><\/p><\/blockquote>\n<p>&nbsp;<\/p>\n<hr \/>\n<blockquote>\n<h3><\/h3>\n<h3>CONTAGI AD AGORDO: NUMERI PREOCCUPANTI OLTRE 150 INFETTI<\/h3>\n<\/blockquote>\n<p><strong><em><img loading=\"lazy\" decoding=\"async\" class=\"alignleft\" src=\"https:\/\/www.radiopiu.net\/wordpress\/wp-content\/uploads\/2019\/07\/AGORDO-ROBERTO-CHISSALE-300x300.jpg\" width=\"130\" height=\"130\" \/><\/em><\/strong><\/p>\n<p>&nbsp;<\/p>\n<p><strong><em>AGORDO<\/em> <\/strong>La situazione \u00e8 seria, lo dice il sindaco di Agordo Roberto Chissal\u00e8. Tanti i contagi e non sono mancati n\u00e8 i ricoveri in area non critica n\u00e8 in terapia intensiva.<\/p>\n<p><strong>IL SINDACO ROBERTO CHISSALE<\/strong><\/p>\n<audio class=\"wp-audio-shortcode\" id=\"audio-179500-2\" preload=\"none\" style=\"width: 100%;\" controls=\"controls\"><source type=\"audio\/mpeg\" src=\"https:\/\/www.radiopiu.net\/wordpress\/wp-content\/uploads\/2020\/12\/ROBERTO.mp3?_=2\" \/><a href=\"https:\/\/www.radiopiu.net\/wordpress\/wp-content\/uploads\/2020\/12\/ROBERTO.mp3\">https:\/\/www.radiopiu.net\/wordpress\/wp-content\/uploads\/2020\/12\/ROBERTO.mp3<\/a><\/audio>\n<p>&nbsp;<\/p>\n<p>&nbsp;<\/p>\n<hr \/>\n<p>&nbsp;<\/p>\n<blockquote>\n<h3>COVID A LIVINALLONGO, VILLA SAN GIUSEPPE LIBERA DAL VIRUS<\/h3>\n<h3>SUL TERRITORIO: NESSUN CASO DI POSITIVITA&#8217;, NESSUNA PERSONA IN ISOLAMENTO<\/h3>\n<\/blockquote>\n<p>&nbsp;<\/p>\n<p><strong><img loading=\"lazy\" decoding=\"async\" class=\"alignleft\" src=\"https:\/\/www.radiopiu.net\/wordpress\/wp-content\/uploads\/2017\/08\/Leandro-Grones-e1550756704790.jpg\" width=\"171\" height=\"114\" \/>LIVINALLONGO<\/strong>\u00a0 Il distanziamento e il rispetto delle regole in territorio Fodom secondo il sindaco Leandro Grones hanno dato i risultati auspicati &#8220;ma le regole vanno sempre rispettate, dobbiamo stare in campana&#8221; dice il capo comun Fodom<\/p>\n<p><strong>LEANDRO GRONES<\/strong><\/p>\n<audio class=\"wp-audio-shortcode\" id=\"audio-179500-3\" preload=\"none\" style=\"width: 100%;\" controls=\"controls\"><source type=\"audio\/mpeg\" src=\"https:\/\/www.radiopiu.net\/wordpress\/wp-content\/uploads\/2020\/12\/LEANDRO-3.mp3?_=3\" \/><a href=\"https:\/\/www.radiopiu.net\/wordpress\/wp-content\/uploads\/2020\/12\/LEANDRO-3.mp3\">https:\/\/www.radiopiu.net\/wordpress\/wp-content\/uploads\/2020\/12\/LEANDRO-3.mp3<\/a><\/audio>\n<p>&nbsp;<\/p>\n<hr \/>\n<p>&nbsp;<\/p>\n<blockquote>\n<h3>DAL FONDO COVID DELLA PROVINCIA 500 MILA EURO PER GLI IMPIANTI DI RISALITA<\/h3>\n<\/blockquote>\n<p><strong><a href=\"https:\/\/www.radiopiu.net\/wordpress\/giornale-radiopiu-12-aprile-2018-direttore-mirko-mezzacasa\/impianti-alleghe-funivie\/\" rel=\"attachment wp-att-46376\"><img loading=\"lazy\" decoding=\"async\" class=\"size-medium wp-image-46376 alignleft\" src=\"https:\/\/www.radiopiu.net\/wordpress\/wp-content\/uploads\/2018\/04\/impianti-alleghe-funivie-300x169.jpg\" alt=\"\" width=\"300\" height=\"169\" srcset=\"https:\/\/www.radiopiu.net\/wordpress\/wp-content\/uploads\/2018\/04\/impianti-alleghe-funivie-300x169.jpg 300w, https:\/\/www.radiopiu.net\/wordpress\/wp-content\/uploads\/2018\/04\/impianti-alleghe-funivie.jpg 550w\" sizes=\"auto, (max-width: 300px) 100vw, 300px\" \/><\/a>BELLUNO\u00a0<\/strong><\/p>\n<p>di Moreno Gioli<\/p>\n<audio class=\"wp-audio-shortcode\" id=\"audio-179500-4\" preload=\"none\" style=\"width: 100%;\" controls=\"controls\"><source type=\"audio\/mpeg\" src=\"https:\/\/www.radiopiu.net\/wordpress\/wp-content\/uploads\/2020\/12\/GIOLI-IMPIANTI-DI-RISALITA.mp3?_=4\" \/><a href=\"https:\/\/www.radiopiu.net\/wordpress\/wp-content\/uploads\/2020\/12\/GIOLI-IMPIANTI-DI-RISALITA.mp3\">https:\/\/www.radiopiu.net\/wordpress\/wp-content\/uploads\/2020\/12\/GIOLI-IMPIANTI-DI-RISALITA.mp3<\/a><\/audio>\n<p>&nbsp;<\/p>\n<p>&nbsp;<\/p>\n<p>&nbsp;<\/p>\n<p>&nbsp;<\/p>\n<hr \/>\n<p>&nbsp;<\/p>\n<blockquote>\n<h3>VOLONTARI DI VOLTAGO IN PRIMA LINEA NEI GIORNI DELL&#8217;EMERGENZA<\/h3>\n<\/blockquote>\n<p><strong>VOLTAGO<\/strong> Giorni di grande impegno tra neve e fiumi di pioggia per il gruppo di Protezione Civile di Voltago che gi\u00e0 lo scorso 15 dicembre apriva il Coc, operativo per 7 giorni di cui 5 con presidio di 24 ore a garanzia di\u00a0 monitoraggio del territorio, soprattutto per dare eventuale assistenza alla popolazione a causa delle avverse condizioni meteorologiche. Sul territorio comunale non ci sono state conseguenze a persone, piuttosto danni al territorio gi\u00e0 scosso dall&#8217;evento Vaia del 2018. Tanti gli episodi di allagamento e danni alle coperture di abitazioni. Nella notte di domenica un\u2019intensa pioggia e vento con raffiche fino a 100 chilometri orari hanno frustato il territorio. Il Gruppo di Protezione Civile ha fornito di sacchi di sabbia i proprietari di case\u00a0 per deviare il flusso dell&#8217;acqua<em> &#8220;Siamo intervenuti facendo leva sul vecchio stile &#8211; ci racconta il coordinatore Giuseppe Schena &#8211; cio\u00e8 olio di gomito, pala e piccone \u00a0per \u00a0liberare o creare canali di scolo impedendo all&#8217;acqua di imboccare porte e finestre delle case&#8221;.\u00a0<\/em>Degno di nota il supporto psicologico e non solo fisico fornito ad anziani che vivono da soli <em>&#8220;Di questo &#8211; dice Schena &#8211; ne andiamo fieri,\u00a0 il contatto con le persone \u00e8 alla base della nostra missione di\u00a0 volontariato&#8221;.<\/em> Due volontari sono scesi a Sedico con la torre faro per il controllo del torrente Cordevole a Candaten lungo la regionale 203 agordina. Una bella soddisfazione per il giovane gruppo di volontari, l&#8217;entusiasmo di mettersi alla prova con i nuovi mezzi in dotazione anche fuori dal proprio territorio. A Digoman la Protezione Civile \u00e8 intervenuta lungo la provinciale ostruita da una frana interessando Veneto Strade. Numerosi i sopralluoghi e altri interventi sul territorio a Domadore, lungo la 347, a Forcella Aurine,\u00a0 al ponte \u201cBertoi\u201d. Dopo le piogge la neve con i volontari accanto agli operai del Comune per liberare strade e prendere visione di altri eventuali danni. <em>&#8220;Ora &#8211; conclude Giuseppe Schena &#8211;\u00a0 dovremo mappare il territorio, evidenziare le nuove zone a rischio. Vaia e nubifragi successivi hanno cambiato la conformazione dei versanti, lo smaltimento delle acque lungo le strade. Rinnoviamo l&#8217;invito alla popolazione di segnalarci situazioni a rischio. Un grazie ad Antonio Russo, \u00a0Commissario Prefettizio, alla Prefettura ed al CCS, agli operai comunali ed a tutto lo staff del Comune di Voltago, per\u00a0 la collaborazione e il supporto&#8221;il supporto&#8221;.<\/em><\/p>\n<p>&nbsp;<\/p>\n\n\t\t\t<style type='text\/css'>\n\t\t\t\t#gallery-2 {\n\t\t\t\t\tmargin: auto;\n\t\t\t\t}\n\t\t\t\t#gallery-2 .gallery-item {\n\t\t\t\t\tfloat: left;\n\t\t\t\t\tmargin-top: 10px;\n\t\t\t\t\ttext-align: center;\n\t\t\t\t\twidth: 14%;\n\t\t\t\t}\n\t\t\t\t#gallery-2 img {\n\t\t\t\t\tborder: 2px solid #cfcfcf;\n\t\t\t\t}\n\t\t\t\t#gallery-2 .gallery-caption {\n\t\t\t\t\tmargin-left: 0;\n\t\t\t\t}\n\t\t\t\t\/* see gallery_shortcode() in wp-includes\/media.php *\/\n\t\t\t<\/style>\n\t\t<div id='gallery-2' class='dt-gallery-container gallery galleryid-179500 gallery-columns-7 gallery-size-thumbnail'><dl class='gallery-item'>\n\t\t\t\t<dt class='gallery-icon portrait'>\n\t\t\t\t\t<a class=\"rollover rollover-zoom dt-pswp-item\" title=\"8457783f-900d-45ca-85cb-127760045386\" data-dt-img-description=\"\" data-large_image_width=\"1200\" data-large_image_height=\"1600\"href='https:\/\/www.radiopiu.net\/wordpress\/wp-content\/uploads\/2020\/12\/8457783f-900d-45ca-85cb-127760045386.jpg'><img loading=\"lazy\" decoding=\"async\" width=\"150\" height=\"150\" src=\"https:\/\/www.radiopiu.net\/wordpress\/wp-content\/uploads\/2020\/12\/8457783f-900d-45ca-85cb-127760045386-150x150.jpg\" class=\"attachment-thumbnail size-thumbnail\" alt=\"\" \/><\/a>\n\t\t\t\t<\/dt><\/dl><dl class='gallery-item'>\n\t\t\t\t<dt class='gallery-icon landscape'>\n\t\t\t\t\t<a class=\"rollover rollover-zoom dt-pswp-item\" title=\"97ad48e3-1990-4f59-a332-14e2c71e44f5\" data-dt-img-description=\"\" data-large_image_width=\"1600\" data-large_image_height=\"1200\"href='https:\/\/www.radiopiu.net\/wordpress\/wp-content\/uploads\/2020\/12\/97ad48e3-1990-4f59-a332-14e2c71e44f5.jpg'><img loading=\"lazy\" decoding=\"async\" width=\"150\" height=\"150\" src=\"https:\/\/www.radiopiu.net\/wordpress\/wp-content\/uploads\/2020\/12\/97ad48e3-1990-4f59-a332-14e2c71e44f5-150x150.jpg\" class=\"attachment-thumbnail size-thumbnail\" alt=\"\" \/><\/a>\n\t\t\t\t<\/dt><\/dl><dl class='gallery-item'>\n\t\t\t\t<dt class='gallery-icon landscape'>\n\t\t\t\t\t<a class=\"rollover rollover-zoom dt-pswp-item\" title=\"44fd1d06-4a32-4ee3-8ec4-8e9babb8357a\" data-dt-img-description=\"\" data-large_image_width=\"1600\" data-large_image_height=\"1200\"href='https:\/\/www.radiopiu.net\/wordpress\/wp-content\/uploads\/2020\/12\/44fd1d06-4a32-4ee3-8ec4-8e9babb8357a.jpg'><img loading=\"lazy\" decoding=\"async\" width=\"150\" height=\"150\" src=\"https:\/\/www.radiopiu.net\/wordpress\/wp-content\/uploads\/2020\/12\/44fd1d06-4a32-4ee3-8ec4-8e9babb8357a-150x150.jpg\" class=\"attachment-thumbnail size-thumbnail\" alt=\"\" \/><\/a>\n\t\t\t\t<\/dt><\/dl><dl class='gallery-item'>\n\t\t\t\t<dt class='gallery-icon landscape'>\n\t\t\t\t\t<a class=\"rollover rollover-zoom dt-pswp-item\" title=\"b1d97923-2bbc-4c62-8905-d09757fefbf7\" data-dt-img-description=\"\" data-large_image_width=\"1599\" data-large_image_height=\"899\"href='https:\/\/www.radiopiu.net\/wordpress\/wp-content\/uploads\/2020\/12\/b1d97923-2bbc-4c62-8905-d09757fefbf7.jpg'><img loading=\"lazy\" decoding=\"async\" width=\"150\" height=\"150\" src=\"https:\/\/www.radiopiu.net\/wordpress\/wp-content\/uploads\/2020\/12\/b1d97923-2bbc-4c62-8905-d09757fefbf7-150x150.jpg\" class=\"attachment-thumbnail size-thumbnail\" alt=\"\" \/><\/a>\n\t\t\t\t<\/dt><\/dl><dl class='gallery-item'>\n\t\t\t\t<dt class='gallery-icon landscape'>\n\t\t\t\t\t<a class=\"rollover rollover-zoom dt-pswp-item\" title=\"66a25866-2987-45c7-ba33-ba08310cd545\" data-dt-img-description=\"\" data-large_image_width=\"1600\" data-large_image_height=\"1200\"href='https:\/\/www.radiopiu.net\/wordpress\/wp-content\/uploads\/2020\/12\/66a25866-2987-45c7-ba33-ba08310cd545.jpg'><img loading=\"lazy\" decoding=\"async\" width=\"150\" height=\"150\" src=\"https:\/\/www.radiopiu.net\/wordpress\/wp-content\/uploads\/2020\/12\/66a25866-2987-45c7-ba33-ba08310cd545-150x150.jpg\" class=\"attachment-thumbnail size-thumbnail\" alt=\"\" \/><\/a>\n\t\t\t\t<\/dt><\/dl><dl class='gallery-item'>\n\t\t\t\t<dt class='gallery-icon landscape'>\n\t\t\t\t\t<a class=\"rollover rollover-zoom dt-pswp-item\" title=\"6317a46a-294e-4f6d-b374-a558d367d0ac\" data-dt-img-description=\"\" data-large_image_width=\"1600\" data-large_image_height=\"1200\"href='https:\/\/www.radiopiu.net\/wordpress\/wp-content\/uploads\/2020\/12\/6317a46a-294e-4f6d-b374-a558d367d0ac.jpg'><img loading=\"lazy\" decoding=\"async\" width=\"150\" height=\"150\" src=\"https:\/\/www.radiopiu.net\/wordpress\/wp-content\/uploads\/2020\/12\/6317a46a-294e-4f6d-b374-a558d367d0ac-150x150.jpg\" class=\"attachment-thumbnail size-thumbnail\" alt=\"\" \/><\/a>\n\t\t\t\t<\/dt><\/dl><dl class='gallery-item'>\n\t\t\t\t<dt class='gallery-icon landscape'>\n\t\t\t\t\t<a class=\"rollover rollover-zoom dt-pswp-item\" title=\"b640f551-ebf0-4957-9c98-25ae8e137af8\" data-dt-img-description=\"\" data-large_image_width=\"1512\" data-large_image_height=\"1512\"href='https:\/\/www.radiopiu.net\/wordpress\/wp-content\/uploads\/2020\/12\/b640f551-ebf0-4957-9c98-25ae8e137af8.jpg'><img loading=\"lazy\" decoding=\"async\" width=\"150\" height=\"150\" src=\"https:\/\/www.radiopiu.net\/wordpress\/wp-content\/uploads\/2020\/12\/b640f551-ebf0-4957-9c98-25ae8e137af8-150x150.jpg\" class=\"attachment-thumbnail size-thumbnail\" alt=\"\" srcset=\"https:\/\/www.radiopiu.net\/wordpress\/wp-content\/uploads\/2020\/12\/b640f551-ebf0-4957-9c98-25ae8e137af8-150x150.jpg 150w, https:\/\/www.radiopiu.net\/wordpress\/wp-content\/uploads\/2020\/12\/b640f551-ebf0-4957-9c98-25ae8e137af8-300x300.jpg 300w, https:\/\/www.radiopiu.net\/wordpress\/wp-content\/uploads\/2020\/12\/b640f551-ebf0-4957-9c98-25ae8e137af8-1024x1024.jpg 1024w, https:\/\/www.radiopiu.net\/wordpress\/wp-content\/uploads\/2020\/12\/b640f551-ebf0-4957-9c98-25ae8e137af8-768x768.jpg 768w, https:\/\/www.radiopiu.net\/wordpress\/wp-content\/uploads\/2020\/12\/b640f551-ebf0-4957-9c98-25ae8e137af8.jpg 1512w\" sizes=\"auto, (max-width: 150px) 100vw, 150px\" \/><\/a>\n\t\t\t\t<\/dt><\/dl><br style=\"clear: both\" \/><dl class='gallery-item'>\n\t\t\t\t<dt class='gallery-icon landscape'>\n\t\t\t\t\t<a class=\"rollover rollover-zoom dt-pswp-item\" title=\"82805ac2-02b4-48c0-8467-f221989c9f39\" data-dt-img-description=\"\" data-large_image_width=\"1600\" data-large_image_height=\"1200\"href='https:\/\/www.radiopiu.net\/wordpress\/wp-content\/uploads\/2020\/12\/82805ac2-02b4-48c0-8467-f221989c9f39.jpg'><img loading=\"lazy\" decoding=\"async\" width=\"150\" height=\"150\" src=\"https:\/\/www.radiopiu.net\/wordpress\/wp-content\/uploads\/2020\/12\/82805ac2-02b4-48c0-8467-f221989c9f39-150x150.jpg\" class=\"attachment-thumbnail size-thumbnail\" alt=\"\" \/><\/a>\n\t\t\t\t<\/dt><\/dl><dl class='gallery-item'>\n\t\t\t\t<dt class='gallery-icon landscape'>\n\t\t\t\t\t<a class=\"rollover rollover-zoom dt-pswp-item\" title=\"234cc646-904c-4f3b-b62a-f0f0917d9ffb\" data-dt-img-description=\"\" data-large_image_width=\"1600\" data-large_image_height=\"747\"href='https:\/\/www.radiopiu.net\/wordpress\/wp-content\/uploads\/2020\/12\/234cc646-904c-4f3b-b62a-f0f0917d9ffb.jpg'><img loading=\"lazy\" decoding=\"async\" width=\"150\" height=\"150\" src=\"https:\/\/www.radiopiu.net\/wordpress\/wp-content\/uploads\/2020\/12\/234cc646-904c-4f3b-b62a-f0f0917d9ffb-150x150.jpg\" class=\"attachment-thumbnail size-thumbnail\" alt=\"\" \/><\/a>\n\t\t\t\t<\/dt><\/dl><dl class='gallery-item'>\n\t\t\t\t<dt class='gallery-icon portrait'>\n\t\t\t\t\t<a class=\"rollover rollover-zoom dt-pswp-item\" title=\"c2012d3c-1786-4af2-909f-d50e522db832\" data-dt-img-description=\"\" data-large_image_width=\"1200\" data-large_image_height=\"1600\"href='https:\/\/www.radiopiu.net\/wordpress\/wp-content\/uploads\/2020\/12\/c2012d3c-1786-4af2-909f-d50e522db832.jpg'><img loading=\"lazy\" decoding=\"async\" width=\"150\" height=\"150\" src=\"https:\/\/www.radiopiu.net\/wordpress\/wp-content\/uploads\/2020\/12\/c2012d3c-1786-4af2-909f-d50e522db832-150x150.jpg\" class=\"attachment-thumbnail size-thumbnail\" alt=\"\" \/><\/a>\n\t\t\t\t<\/dt><\/dl><dl class='gallery-item'>\n\t\t\t\t<dt class='gallery-icon landscape'>\n\t\t\t\t\t<a class=\"rollover rollover-zoom dt-pswp-item\" title=\"08fe4140-cc46-443d-b4bf-c5f17cdada8e\" data-dt-img-description=\"\" data-large_image_width=\"1599\" data-large_image_height=\"899\"href='https:\/\/www.radiopiu.net\/wordpress\/wp-content\/uploads\/2020\/12\/08fe4140-cc46-443d-b4bf-c5f17cdada8e.jpg'><img loading=\"lazy\" decoding=\"async\" width=\"150\" height=\"150\" src=\"https:\/\/www.radiopiu.net\/wordpress\/wp-content\/uploads\/2020\/12\/08fe4140-cc46-443d-b4bf-c5f17cdada8e-150x150.jpg\" class=\"attachment-thumbnail size-thumbnail\" alt=\"\" \/><\/a>\n\t\t\t\t<\/dt><\/dl><dl class='gallery-item'>\n\t\t\t\t<dt class='gallery-icon landscape'>\n\t\t\t\t\t<a class=\"rollover rollover-zoom dt-pswp-item\" title=\"d91c2f83-a556-42f1-b717-8e6c73e94899\" data-dt-img-description=\"\" data-large_image_width=\"1599\" data-large_image_height=\"899\"href='https:\/\/www.radiopiu.net\/wordpress\/wp-content\/uploads\/2020\/12\/d91c2f83-a556-42f1-b717-8e6c73e94899.jpg'><img loading=\"lazy\" decoding=\"async\" width=\"150\" height=\"150\" src=\"https:\/\/www.radiopiu.net\/wordpress\/wp-content\/uploads\/2020\/12\/d91c2f83-a556-42f1-b717-8e6c73e94899-150x150.jpg\" class=\"attachment-thumbnail size-thumbnail\" alt=\"\" \/><\/a>\n\t\t\t\t<\/dt><\/dl><dl class='gallery-item'>\n\t\t\t\t<dt class='gallery-icon portrait'>\n\t\t\t\t\t<a class=\"rollover rollover-zoom dt-pswp-item\" title=\"4ddcf38f-d34d-40a3-82ff-e0430b7734e6\" data-dt-img-description=\"\" data-large_image_width=\"1200\" data-large_image_height=\"1600\"href='https:\/\/www.radiopiu.net\/wordpress\/wp-content\/uploads\/2020\/12\/4ddcf38f-d34d-40a3-82ff-e0430b7734e6.jpg'><img loading=\"lazy\" decoding=\"async\" width=\"150\" height=\"150\" src=\"https:\/\/www.radiopiu.net\/wordpress\/wp-content\/uploads\/2020\/12\/4ddcf38f-d34d-40a3-82ff-e0430b7734e6-150x150.jpg\" class=\"attachment-thumbnail size-thumbnail\" alt=\"\" \/><\/a>\n\t\t\t\t<\/dt><\/dl><dl class='gallery-item'>\n\t\t\t\t<dt class='gallery-icon portrait'>\n\t\t\t\t\t<a class=\"rollover rollover-zoom dt-pswp-item\" title=\"21474046-c3d7-4f9c-9182-2b7b06daa8d0\" data-dt-img-description=\"\" data-large_image_width=\"1200\" data-large_image_height=\"1600\"href='https:\/\/www.radiopiu.net\/wordpress\/wp-content\/uploads\/2020\/12\/21474046-c3d7-4f9c-9182-2b7b06daa8d0.jpg'><img loading=\"lazy\" decoding=\"async\" width=\"150\" height=\"150\" src=\"https:\/\/www.radiopiu.net\/wordpress\/wp-content\/uploads\/2020\/12\/21474046-c3d7-4f9c-9182-2b7b06daa8d0-150x150.jpg\" class=\"attachment-thumbnail size-thumbnail\" alt=\"\" \/><\/a>\n\t\t\t\t<\/dt><\/dl><br style=\"clear: both\" \/><dl class='gallery-item'>\n\t\t\t\t<dt class='gallery-icon portrait'>\n\t\t\t\t\t<a class=\"rollover rollover-zoom dt-pswp-item\" title=\"4fc14bb8-f39e-422d-8bbe-267926d35fb1\" data-dt-img-description=\"\" data-large_image_width=\"1200\" data-large_image_height=\"1600\"href='https:\/\/www.radiopiu.net\/wordpress\/wp-content\/uploads\/2020\/12\/4fc14bb8-f39e-422d-8bbe-267926d35fb1.jpg'><img loading=\"lazy\" decoding=\"async\" width=\"150\" height=\"150\" src=\"https:\/\/www.radiopiu.net\/wordpress\/wp-content\/uploads\/2020\/12\/4fc14bb8-f39e-422d-8bbe-267926d35fb1-150x150.jpg\" class=\"attachment-thumbnail size-thumbnail\" alt=\"\" \/><\/a>\n\t\t\t\t<\/dt><\/dl><dl class='gallery-item'>\n\t\t\t\t<dt class='gallery-icon portrait'>\n\t\t\t\t\t<a class=\"rollover rollover-zoom dt-pswp-item\" title=\"7ef555f1-7727-403b-a6e3-10bc4ce2af9c\" data-dt-img-description=\"\" data-large_image_width=\"1024\" data-large_image_height=\"2048\"href='https:\/\/www.radiopiu.net\/wordpress\/wp-content\/uploads\/2020\/12\/7ef555f1-7727-403b-a6e3-10bc4ce2af9c.jpg'><img loading=\"lazy\" decoding=\"async\" width=\"150\" height=\"150\" src=\"https:\/\/www.radiopiu.net\/wordpress\/wp-content\/uploads\/2020\/12\/7ef555f1-7727-403b-a6e3-10bc4ce2af9c-150x150.jpg\" class=\"attachment-thumbnail size-thumbnail\" alt=\"\" \/><\/a>\n\t\t\t\t<\/dt><\/dl><dl class='gallery-item'>\n\t\t\t\t<dt class='gallery-icon portrait'>\n\t\t\t\t\t<a class=\"rollover rollover-zoom dt-pswp-item\" title=\"6479ba7e-8656-4725-bbd2-56ef8f270ee8\" data-dt-img-description=\"\" data-large_image_width=\"1200\" data-large_image_height=\"1600\"href='https:\/\/www.radiopiu.net\/wordpress\/wp-content\/uploads\/2020\/12\/6479ba7e-8656-4725-bbd2-56ef8f270ee8.jpg'><img loading=\"lazy\" decoding=\"async\" width=\"150\" height=\"150\" src=\"https:\/\/www.radiopiu.net\/wordpress\/wp-content\/uploads\/2020\/12\/6479ba7e-8656-4725-bbd2-56ef8f270ee8-150x150.jpg\" class=\"attachment-thumbnail size-thumbnail\" alt=\"\" \/><\/a>\n\t\t\t\t<\/dt><\/dl><dl class='gallery-item'>\n\t\t\t\t<dt class='gallery-icon portrait'>\n\t\t\t\t\t<a class=\"rollover rollover-zoom dt-pswp-item\" title=\"2110d3bb-16a7-44f3-acce-4d1c3075dd00\" data-dt-img-description=\"\" data-large_image_width=\"800\" data-large_image_height=\"1600\"href='https:\/\/www.radiopiu.net\/wordpress\/wp-content\/uploads\/2020\/12\/2110d3bb-16a7-44f3-acce-4d1c3075dd00.jpg'><img loading=\"lazy\" decoding=\"async\" width=\"150\" height=\"150\" src=\"https:\/\/www.radiopiu.net\/wordpress\/wp-content\/uploads\/2020\/12\/2110d3bb-16a7-44f3-acce-4d1c3075dd00-150x150.jpg\" class=\"attachment-thumbnail size-thumbnail\" alt=\"\" \/><\/a>\n\t\t\t\t<\/dt><\/dl><dl class='gallery-item'>\n\t\t\t\t<dt class='gallery-icon landscape'>\n\t\t\t\t\t<a class=\"rollover rollover-zoom dt-pswp-item\" title=\"988197e7-1e83-4f24-870a-0ce89045b7c8\" data-dt-img-description=\"\" data-large_image_width=\"1600\" data-large_image_height=\"1200\"href='https:\/\/www.radiopiu.net\/wordpress\/wp-content\/uploads\/2020\/12\/988197e7-1e83-4f24-870a-0ce89045b7c8.jpg'><img loading=\"lazy\" decoding=\"async\" width=\"150\" height=\"150\" src=\"https:\/\/www.radiopiu.net\/wordpress\/wp-content\/uploads\/2020\/12\/988197e7-1e83-4f24-870a-0ce89045b7c8-150x150.jpg\" class=\"attachment-thumbnail size-thumbnail\" alt=\"\" \/><\/a>\n\t\t\t\t<\/dt><\/dl><dl class='gallery-item'>\n\t\t\t\t<dt class='gallery-icon portrait'>\n\t\t\t\t\t<a class=\"rollover rollover-zoom dt-pswp-item\" title=\"2ab9714b-6c84-402a-8440-7e52c50b6cae\" data-dt-img-description=\"\" data-large_image_width=\"1200\" data-large_image_height=\"1600\"href='https:\/\/www.radiopiu.net\/wordpress\/wp-content\/uploads\/2020\/12\/2ab9714b-6c84-402a-8440-7e52c50b6cae.jpg'><img loading=\"lazy\" decoding=\"async\" width=\"150\" height=\"150\" src=\"https:\/\/www.radiopiu.net\/wordpress\/wp-content\/uploads\/2020\/12\/2ab9714b-6c84-402a-8440-7e52c50b6cae-150x150.jpg\" class=\"attachment-thumbnail size-thumbnail\" alt=\"\" \/><\/a>\n\t\t\t\t<\/dt><\/dl><dl class='gallery-item'>\n\t\t\t\t<dt class='gallery-icon portrait'>\n\t\t\t\t\t<a class=\"rollover rollover-zoom dt-pswp-item\" title=\"ddd4fbb8-7745-4b16-b36c-7083fdb0c01e\" data-dt-img-description=\"\" data-large_image_width=\"1200\" data-large_image_height=\"1600\"href='https:\/\/www.radiopiu.net\/wordpress\/wp-content\/uploads\/2020\/12\/ddd4fbb8-7745-4b16-b36c-7083fdb0c01e.jpg'><img loading=\"lazy\" decoding=\"async\" width=\"150\" height=\"150\" src=\"https:\/\/www.radiopiu.net\/wordpress\/wp-content\/uploads\/2020\/12\/ddd4fbb8-7745-4b16-b36c-7083fdb0c01e-150x150.jpg\" class=\"attachment-thumbnail size-thumbnail\" alt=\"\" \/><\/a>\n\t\t\t\t<\/dt><\/dl><br style=\"clear: both\" \/>\n\t\t\t<\/div>\n\n<p>&nbsp;<\/p>\n<hr \/>\n<p>&nbsp;<\/p>\n<blockquote>\n<h3>GLI ABITANTI DI REN E COLTAMAI RITORNERANNO NELLE PROPRIE ABITAZIONI<\/h3>\n<\/blockquote>\n<p><strong><a href=\"https:\/\/www.radiopiu.net\/wordpress\/gli-abitanti-di-ren-e-coltamai-ritorneranno-nelle-proprie-abitazioni\/ea562689-06f0-494e-95cc-6dc7168a02a8\/\" rel=\"attachment wp-att-179797\"><img loading=\"lazy\" decoding=\"async\" class=\"size-medium wp-image-179797 alignleft\" src=\"https:\/\/www.radiopiu.net\/wordpress\/wp-content\/uploads\/2020\/12\/ea562689-06f0-494e-95cc-6dc7168a02a8-224x300.jpg\" alt=\"\" width=\"224\" height=\"300\" srcset=\"https:\/\/www.radiopiu.net\/wordpress\/wp-content\/uploads\/2020\/12\/ea562689-06f0-494e-95cc-6dc7168a02a8-224x300.jpg 224w, https:\/\/www.radiopiu.net\/wordpress\/wp-content\/uploads\/2020\/12\/ea562689-06f0-494e-95cc-6dc7168a02a8-766x1024.jpg 766w, https:\/\/www.radiopiu.net\/wordpress\/wp-content\/uploads\/2020\/12\/ea562689-06f0-494e-95cc-6dc7168a02a8-768x1027.jpg 768w, https:\/\/www.radiopiu.net\/wordpress\/wp-content\/uploads\/2020\/12\/ea562689-06f0-494e-95cc-6dc7168a02a8-1149x1536.jpg 1149w, https:\/\/www.radiopiu.net\/wordpress\/wp-content\/uploads\/2020\/12\/ea562689-06f0-494e-95cc-6dc7168a02a8.jpg 1197w\" sizes=\"auto, (max-width: 224px) 100vw, 224px\" \/><\/a>GOSALDO<\/strong><\/p>\n<p>di Gianni Santomaso<\/p>\n<audio class=\"wp-audio-shortcode\" id=\"audio-179500-5\" preload=\"none\" style=\"width: 100%;\" controls=\"controls\"><source type=\"audio\/mpeg\" src=\"https:\/\/www.radiopiu.net\/wordpress\/wp-content\/uploads\/2020\/12\/GIANNI-REN-COLTAMAI.mp3?_=5\" \/><a href=\"https:\/\/www.radiopiu.net\/wordpress\/wp-content\/uploads\/2020\/12\/GIANNI-REN-COLTAMAI.mp3\">https:\/\/www.radiopiu.net\/wordpress\/wp-content\/uploads\/2020\/12\/GIANNI-REN-COLTAMAI.mp3<\/a><\/audio>\n<p>&nbsp;<\/p>\n<hr \/>\n<p>&nbsp;<\/p>\n<blockquote>\n<h3>VENTIMILA EURO PER TRICHIANA E LENTIAI, ACQUISTATI 1000 LIBRI<\/h3>\n<\/blockquote>\n<p><strong> <a href=\"https:\/\/www.radiopiu.net\/wordpress\/giornale-radiopiu-17-agosto-2018-direttore-mirko-mezzacasa\/image-145\/\" rel=\"attachment wp-att-57997\"><img loading=\"lazy\" decoding=\"async\" class=\"wp-image-57997 alignleft\" src=\"https:\/\/www.radiopiu.net\/wordpress\/wp-content\/uploads\/2018\/08\/image-2-300x225.jpg\" alt=\"\" width=\"179\" height=\"134\" \/><\/a> <\/strong><\/p>\n<p><strong>\u00a0<\/strong><\/p>\n<p>&nbsp;<\/p>\n<p><strong>BORGO VALBELLUNA\u00a0<\/strong><\/p>\n<p><strong>di DAMIANO TORMEN<\/strong><\/p>\n<audio class=\"wp-audio-shortcode\" id=\"audio-179500-6\" preload=\"none\" style=\"width: 100%;\" controls=\"controls\"><source type=\"audio\/mpeg\" src=\"https:\/\/www.radiopiu.net\/wordpress\/wp-content\/uploads\/2020\/12\/damiano-libri.mp3?_=6\" \/><a href=\"https:\/\/www.radiopiu.net\/wordpress\/wp-content\/uploads\/2020\/12\/damiano-libri.mp3\">https:\/\/www.radiopiu.net\/wordpress\/wp-content\/uploads\/2020\/12\/damiano-libri.mp3<\/a><\/audio>\n<p>&nbsp;<\/p>\n<hr \/>\n<p>&nbsp;<\/p>\n<p>&nbsp;<\/p>\n<blockquote>\n<h3>TEMPI DURI, IL CAI DIMINUISCE LE QUOTE DI ISCRIZIONE<\/h3>\n<\/blockquote>\n<p><strong><img loading=\"lazy\" decoding=\"async\" class=\"alignleft\" src=\"https:\/\/www.radiopiu.net\/wordpress\/wp-content\/uploads\/2020\/12\/121443221_3712448658774914_3122971571396110695_o.jpg\" width=\"150\" height=\"113\" \/>IL MESSAGGIO DELLA SEZIONE AGORDINA DEL CAI<\/strong><\/p>\n<p><em>&#8220;Visto il difficile momento che tutti stiamo attraversando, la Sezione Agordina del Club Alpino Italiano vuol dare un segnale di vicinanza ai propri Soci con una lieve diminuzione delle quote associative annuali.<\/em><br \/>\n<em>Un gesto, seppur piccolo, ma che crediamo venga apprezzato come segno di sensibilit\u00e0 e delicatezza del Consiglio Direttivo nei confronti di quanti apprezzano l&#8217;operato e la condotta di un un&#8217;Associazione che lavora sul territorio Agordino da pi\u00f9 di 152 anni&#8221;.<\/em><\/p>\n<p>&nbsp;<\/p>\n<p>&nbsp;<\/p>\n<hr \/>\n<p>&nbsp;<\/p>\n<blockquote class=\"wp-embedded-content\" data-secret=\"1p6Afb5hm0\"><p><a href=\"https:\/\/www.radiopiu.net\/wordpress\/agg-dic15\/\">CORONAVIRUS: AGGIORNAMENTO NAZIONALE 15 DICEMBRE<\/a><\/p><\/blockquote>\n<p><iframe loading=\"lazy\" class=\"wp-embedded-content\" sandbox=\"allow-scripts\" security=\"restricted\" style=\"position: absolute; clip: rect(1px, 1px, 1px, 1px);\" title=\"&#8220;CORONAVIRUS: AGGIORNAMENTO NAZIONALE 15 DICEMBRE&#8221; &#8212; Radio Pi\u00f9\" src=\"https:\/\/www.radiopiu.net\/wordpress\/agg-dic15\/embed\/#?secret=1p6Afb5hm0\" data-secret=\"1p6Afb5hm0\" width=\"600\" height=\"338\" frameborder=\"0\" marginwidth=\"0\" marginheight=\"0\" scrolling=\"no\"><\/iframe><\/p>\n<p>&nbsp;<\/p>\n<hr \/>\n<p>&nbsp;<\/p>\n<blockquote class=\"wp-embedded-content\" data-secret=\"L8SlDaMuBW\"><p><a href=\"https:\/\/www.radiopiu.net\/wordpress\/nelle-ultime-24-ore-i-negativizzati-3440-superano-i-nuovi-positivi-3339-in-veneto-140-i-decessi-forte-aumento-dei-ricoveri-in-area-non-critica-a-belluno-224-nuove-positivita\/\">NELLE ULTIME 24 ORE I NEGATIVIZZATI (3440) SUPERANO I NUOVI POSITIVI (3339) IN VENETO. 140 I DECESSI, FORTE AUMENTO DEI RICOVERI IN AREA NON CRITICA. A BELLUNO 224 NUOVE POSITIVITA&#8217;<\/a><\/p><\/blockquote>\n<p><iframe loading=\"lazy\" class=\"wp-embedded-content\" sandbox=\"allow-scripts\" security=\"restricted\" style=\"position: absolute; clip: rect(1px, 1px, 1px, 1px);\" title=\"&#8220;NELLE ULTIME 24 ORE I NEGATIVIZZATI (3440) SUPERANO I NUOVI POSITIVI (3339) IN VENETO. 140 I DECESSI, FORTE AUMENTO DEI RICOVERI IN AREA NON CRITICA. A BELLUNO 224 NUOVE POSITIVITA&#8217;&#8221; &#8212; Radio Pi\u00f9\" src=\"https:\/\/www.radiopiu.net\/wordpress\/nelle-ultime-24-ore-i-negativizzati-3440-superano-i-nuovi-positivi-3339-in-veneto-140-i-decessi-forte-aumento-dei-ricoveri-in-area-non-critica-a-belluno-224-nuove-positivita\/embed\/#?secret=L8SlDaMuBW\" data-secret=\"L8SlDaMuBW\" width=\"600\" height=\"338\" frameborder=\"0\" marginwidth=\"0\" marginheight=\"0\" scrolling=\"no\"><\/iframe><\/p>\n<p>&nbsp;<\/p>\n<hr \/>\n<p>&nbsp;<\/p>\n<blockquote>\n<h3>I GRAFICI DI TIZIANO DE COL<\/h3>\n<\/blockquote>\n\n\t\t\t<style type='text\/css'>\n\t\t\t\t#gallery-3 {\n\t\t\t\t\tmargin: auto;\n\t\t\t\t}\n\t\t\t\t#gallery-3 .gallery-item {\n\t\t\t\t\tfloat: left;\n\t\t\t\t\tmargin-top: 10px;\n\t\t\t\t\ttext-align: center;\n\t\t\t\t\twidth: 33%;\n\t\t\t\t}\n\t\t\t\t#gallery-3 img {\n\t\t\t\t\tborder: 2px solid #cfcfcf;\n\t\t\t\t}\n\t\t\t\t#gallery-3 .gallery-caption {\n\t\t\t\t\tmargin-left: 0;\n\t\t\t\t}\n\t\t\t\t\/* see gallery_shortcode() in wp-includes\/media.php *\/\n\t\t\t<\/style>\n\t\t<div id='gallery-3' class='dt-gallery-container gallery galleryid-179500 gallery-columns-3 gallery-size-medium'><dl class='gallery-item'>\n\t\t\t\t<dt class='gallery-icon landscape'>\n\t\t\t\t\t<a class=\"rollover rollover-zoom dt-pswp-item\" title=\"fb6d58ec-abb0-47ba-b858-9aeb58ae0100\" data-dt-img-description=\"\" data-large_image_width=\"588\" data-large_image_height=\"354\"href='https:\/\/www.radiopiu.net\/wordpress\/wp-content\/uploads\/2020\/12\/fb6d58ec-abb0-47ba-b858-9aeb58ae0100.jpg'><img loading=\"lazy\" decoding=\"async\" width=\"300\" height=\"181\" src=\"https:\/\/www.radiopiu.net\/wordpress\/wp-content\/uploads\/2020\/12\/fb6d58ec-abb0-47ba-b858-9aeb58ae0100-300x181.jpg\" class=\"attachment-medium size-medium\" alt=\"\" srcset=\"https:\/\/www.radiopiu.net\/wordpress\/wp-content\/uploads\/2020\/12\/fb6d58ec-abb0-47ba-b858-9aeb58ae0100-300x181.jpg 300w, https:\/\/www.radiopiu.net\/wordpress\/wp-content\/uploads\/2020\/12\/fb6d58ec-abb0-47ba-b858-9aeb58ae0100.jpg 588w\" sizes=\"auto, (max-width: 300px) 100vw, 300px\" \/><\/a>\n\t\t\t\t<\/dt><\/dl><dl class='gallery-item'>\n\t\t\t\t<dt class='gallery-icon landscape'>\n\t\t\t\t\t<a class=\"rollover rollover-zoom dt-pswp-item\" title=\"29a6b330-1a68-48e7-9b8e-c7d44abb0745\" data-dt-img-description=\"\" data-large_image_width=\"599\" data-large_image_height=\"353\"href='https:\/\/www.radiopiu.net\/wordpress\/wp-content\/uploads\/2020\/12\/29a6b330-1a68-48e7-9b8e-c7d44abb0745.jpg'><img loading=\"lazy\" decoding=\"async\" width=\"300\" height=\"177\" src=\"https:\/\/www.radiopiu.net\/wordpress\/wp-content\/uploads\/2020\/12\/29a6b330-1a68-48e7-9b8e-c7d44abb0745-300x177.jpg\" class=\"attachment-medium size-medium\" alt=\"\" srcset=\"https:\/\/www.radiopiu.net\/wordpress\/wp-content\/uploads\/2020\/12\/29a6b330-1a68-48e7-9b8e-c7d44abb0745-300x177.jpg 300w, https:\/\/www.radiopiu.net\/wordpress\/wp-content\/uploads\/2020\/12\/29a6b330-1a68-48e7-9b8e-c7d44abb0745.jpg 599w\" sizes=\"auto, (max-width: 300px) 100vw, 300px\" \/><\/a>\n\t\t\t\t<\/dt><\/dl><dl class='gallery-item'>\n\t\t\t\t<dt class='gallery-icon landscape'>\n\t\t\t\t\t<a class=\"rollover rollover-zoom dt-pswp-item\" title=\"c83fab19-c507-479a-9c66-c2dab4b7112a\" data-dt-img-description=\"\" data-large_image_width=\"594\" data-large_image_height=\"353\"href='https:\/\/www.radiopiu.net\/wordpress\/wp-content\/uploads\/2020\/12\/c83fab19-c507-479a-9c66-c2dab4b7112a.jpg'><img loading=\"lazy\" decoding=\"async\" width=\"300\" height=\"178\" src=\"https:\/\/www.radiopiu.net\/wordpress\/wp-content\/uploads\/2020\/12\/c83fab19-c507-479a-9c66-c2dab4b7112a-300x178.jpg\" class=\"attachment-medium size-medium\" alt=\"\" srcset=\"https:\/\/www.radiopiu.net\/wordpress\/wp-content\/uploads\/2020\/12\/c83fab19-c507-479a-9c66-c2dab4b7112a-300x178.jpg 300w, https:\/\/www.radiopiu.net\/wordpress\/wp-content\/uploads\/2020\/12\/c83fab19-c507-479a-9c66-c2dab4b7112a.jpg 594w\" sizes=\"auto, (max-width: 300px) 100vw, 300px\" \/><\/a>\n\t\t\t\t<\/dt><\/dl><br style=\"clear: both\" \/>\n\t\t\t<\/div>\n\n<p>&nbsp;<\/p>\n<hr \/>\n<p>&nbsp;<\/p>\n<blockquote>\n<h3>LA TRAGEDIA: QUASI 5000 DECESSI &#8211; PER ORA NESSUNA ORDINANZA &#8211; AGGIORNAMENTO COVID19 PUNTO STAMPA DA MARGHERA<\/h3>\n<\/blockquote>\n<p><strong>VENEZIA<\/strong> Consueto punto stampa da Marghera sede della Protezione Civile con il Governatore Luca Zaia.<\/p>\n<p><strong>I NUMERI<\/strong> TAMPONI MOLECOLARI 3.023. 689\u00a0 (+16810)\u00a0 TEST RAPIDI 1.384.407 (+35831) POSITIVI DA INIZIO EPIDEMIA 196.790 (+3320)\u00a0 ATTUALMENTE POSITIVI 92.690\u00a0 RICOVERI 3324 (+57) il 31 marzo punta pi\u00f9 alta 2.068\u00a0 IN AREA NON CRITICA 2.951 (+57)\u00a0 \u00a0IN TERAPIA INTENSIVA 373 (0) DECESSI 4992\u00a0 ieri +165\u00a0 ieri i decessi erano 25 \u00e8 probabille che ieri non siano stati caricati nei giusti tempi\u00a0 \u00a0DIMESSI 8799<\/p>\n<p><span style=\"color: #ff0000;\">52 MILA TAMPONI IN UN GIORNO CON UN&#8217;INCIDENZA DEL 6,30%<\/span><\/p>\n<blockquote>\n<h2>LEGGI LA CONFERENZA STAMPA DEL PRESIDENTE<\/h2>\n<\/blockquote>\n<p><em>La Germania Germania il 10 gennaio avr\u00e0 appiattito moltissimo le curve di contagio con il lockdown dal 16 dicembre fino al 10 gennaio,\u00a0 sul piatto 11 miliardi di misure di ristoro pari\u00a0 al 90% del fatturato delle imprese<\/em><\/p>\n<p>Oltre tremila trecento ricoverati significa 7 grandi ospedali. Ieri incontro con i sindaci, il vero tema del minimo comun denominatore che allinea \u00e8 quello dei ristori. C&#8217;\u00e8 un&#8217;interlocuzione che va avanti, non abbiamo ancora preso scelte autonome in attesa di quello che decider\u00e0 il Governo, il dibattito nazionale \u00e8 in corso. Il tema degli assembramenti coinvolge tutte le citt\u00e0, anche chi era in zona arancione o rossa rischia di vedere l&#8217;infezione ripartire. L&#8217;emergenza non \u00e8 solo sanitaria, il 10 gennaio la Germania avr\u00e0 abbassato il contagio con la chiusura totale dal 16 dicembre al 10 gennaio, ci mette 11 miliardi di misure e ristora le imprese. Se noi garantissimo il 90% del fatturato non si starebbe qui a parlare se chiudere o non chiudere. Davanti a una situazione come questa le misure ci vogliono. Senza ristori possiamo fare ben poco, ma non \u00e8 questo il problema piuttosto un fatto di responsabilit\u00e0. Vediamo cosa succede a livello nazionale nelle prossime ore, credo che entro domani una decisione sar\u00e0 presa.<\/p>\n<h1><strong>DOMANDE<\/strong><\/h1>\n<p><strong>SI ASPETTAVA UNA SECONDA ONDATA COSI&#8217; PESTIFERA?<\/strong> Purtroppo si. stiamo facendo riunioni fin dall&#8217;estate, l&#8217;abbiamo trascorsa ad allestire terapie intensive e rinforzare la rete delle microbiologie. E&#8217; un virus silente, non assente.<\/p>\n<p><strong>IL NUOVO TEST<\/strong> Il &#8220;ciucio&#8221; Novit\u00e0 un test rapido tipo chupa-chupa soprattutto per bambini, lo sta testando il professor Rigoli, pensiamo ai bimbi non possiamo continuare a infilargli lo stecco nel naso.<\/p>\n<p><strong>ORDINANZA QUALI NOVITA&#8217;?<\/strong> Aspettiamo le decisioni del Governo. Con i sindaci abbiamo discusso di tutto, c&#8217;era chi aveva posizione estreme, altri meno. Il tema dei ristori \u00e8 quello pi\u00f9 importante, si fa presto a fare gli eroi con il portafogli degli altri. Vogliamo sapere quali sono la garanzie. A livello nazionale con i ristori pu\u00f2 essere una soluzione incisiva.<\/p>\n<p><strong>INCONTRO CON I SINDACI<\/strong><strong> AVETE PARLATO DI COME FAR RISPETTARE LE MISURE VISTO QUELLO CHE SUCCEDE NEGLI ASSEMBRAMENTI?\u00a0<\/strong>La squadra dei sindaci \u00e8 una squadra responsabile, dico che una citt\u00e0 come Treviso ha schierato 25 agenti di Polizia Locale. Le forze sono ridotte, immagino ci sia anche la Polizia, certo che andare tra la gente a fare 400 o 1000 euro di sanzione crea tensioni. I sindaci sono responsabili e non si sono tirati indietro ma se pensiamo di gestire la situazione con le multe non sar\u00e0 facile, io non la penso cos\u00ec<\/p>\n<p><strong>STATE ALIMENTANDO ASPETTATIVE CHE CI SIANO SOLDI PER TUTTI MA AVETE CAPITO QUALI POSSONO ESSERE LE FONTI DI APPROVIGIONAMENTO?\u00a0<\/strong> Per questa partita no e poi non conosco i bilanci dello Stato. Domani in Parlamento si discutono le restrizioni, la minoranza ha una mozione sul Natale. Domani primo confronto per eventuali ragionamenti e nel giro di poche ore il Governo avr\u00e0 il parere del CTS che fino ad oggi \u00e8 stato seguito. Domani \u00e8 possibile che ci sar\u00e0 una riunione dei Presidenti magari con il Governo. E&#8217; una situazione in evoluzione iniziata ieri.<\/p>\n<p><strong>PROVVEDIMENTI RESTRITTIVI E RISTORI, LE REGIONI METTONO COME CONDIZIONE I RISTORI?<\/strong> Confermo ma non e&#8217; una condizio delle Regioni lo dicono tutti.<\/p>\n<blockquote>\n<h2><strong>LA DOTTORESSA FRANCESCA RUSSO<\/strong><\/h2>\n<p><em>Si infettano di pi\u00f9, in questa seconda fase, le persone dai 25 ai 64 anni, ma per i ricoveri l&#8217;et\u00e0 media \u00e8 dai 75 anni. C&#8217;\u00e8 stato un aumento delle morti soprattutto per patologie respiratorie, diabete, e patologie circolatorie.<\/em><\/p><\/blockquote>\n<p><strong>I COLORI DELLE REGIONI<\/strong>. Al colore\u00a0 si sono associate le misure relative ad ogni colore,\u00a0 non era corretto applicare gli stessi provvedimenti a tutte le regioni a prescindere dal proprio stato di rischio. Se il Veneto \u00e8 in zona gialla \u00e8 perch\u00e9 i dati inviati secondo la norma, esaminati dal Ministero e Cts, hanno dato questo come valutazione. Lo scenario di rischio oggi in Veneto \u00e8 moderato con pericolo di passaggio in una zona ad alto rischio. Negli ultimi giorni c&#8217;\u00e8 stato un&#8217;aumento dei\u00a0 positivi.<\/p>\n<p><strong>MORTALITA&#8217; E FASCE DI RISCHIO<\/strong> Sono pi\u00f9 a rischio i \u00a0maschi oltre i 70 anni, soprattutto sopra i 75 e 80 anni, muoiono pi\u00f9 uomini che donne come in tutte le malattie. L&#8217;et\u00e0 media dei ricoveri \u00e8 di 75 anni.<\/p>\n<p><strong>MORTALITA&#8217;<\/strong> A Primavera c&#8217;\u00e8 stato il maggior numero di decessi e casi. La mortalit\u00e0 \u00e8 stata del +38% rispetto ai tre anni precedenti.\u00a0 A fine di ottobre (+10%), e per ultimo fine novembre (+44%). Da un punto di vista di mortalit\u00e0 si riscontra indicativamente oggi lo stesso tasso della prima fase,\u00a0 dove per\u00f2 eravamo in fase di lockdown.<\/p>\n<p><strong>I PIU&#8217; PICCOLI\u00a0<\/strong><b> <\/b>ci sono stati casi nelle scuole,\u00a0 i bambini fino ai 12-14 anni anche se positivi non presentano quadri clinici importanti, ma i bambini possono essere veicolo del virus. Anche se sembra che pi\u00f9 sono piccoli i bambini e meno contagiosi, i primi riscontri ci dicono questo.<\/p>\n<p>&nbsp;<\/p>\n<p><a href=\"https:\/\/www.facebook.com\/zaiaufficiale\/videos\/699151344321198\">https:\/\/www.facebook.com\/zaiaufficiale\/videos\/699151344321198<\/a><\/p>\n<p>&nbsp;<\/p>\n<p>&nbsp;<\/p>\n<hr \/>\n<blockquote class=\"wp-embedded-content\" data-secret=\"6Cca2F6FD6\"><p><a href=\"https:\/\/www.radiopiu.net\/wordpress\/mortalita-da-covid-lo-studio-di-azienda-zero\/\">MORTALITA&#8217; DA COVID, LO STUDIO DI AZIENDA ZERO<\/a><\/p><\/blockquote>\n<p><iframe loading=\"lazy\" class=\"wp-embedded-content\" sandbox=\"allow-scripts\" security=\"restricted\" style=\"position: absolute; clip: rect(1px, 1px, 1px, 1px);\" title=\"&#8220;MORTALITA&#8217; DA COVID, LO STUDIO DI AZIENDA ZERO&#8221; &#8212; Radio Pi\u00f9\" src=\"https:\/\/www.radiopiu.net\/wordpress\/mortalita-da-covid-lo-studio-di-azienda-zero\/embed\/#?secret=6Cca2F6FD6\" data-secret=\"6Cca2F6FD6\" width=\"600\" height=\"338\" frameborder=\"0\" marginwidth=\"0\" marginheight=\"0\" scrolling=\"no\"><\/iframe><\/p>\n<h3><\/h3>\n<hr \/>\n<p>&nbsp;<\/p>\n<blockquote>\n<h3>COVID IN PROVINCIA, AUMENTO DI CONTAGI. IN DIRETTA IL DIRETTORE DELLA ULSS1<\/h3>\n<\/blockquote>\n<p><strong>BELLUNO<\/strong> Punto stampa con il dottor Adriano Rasi Caldogno dalla Ulss1 Dolomiti di Belluno. Le ultime notizie anche a seguito degli incontri in video conferenza con la Regione.<\/p>\n<p>&nbsp;<\/p>\n<blockquote>\n<h2><span style=\"color: #000000;\"><strong>LEGGI L&#8217;INTERVENTO DEL DIRETTORE<\/strong><\/span><\/h2>\n<\/blockquote>\n<p><strong>PARAGONI<\/strong> Raffronto prima seconda ondata, ad aprile 724 il numero massimo di positivi, oggi oltre 5000 persone. Isolamento: il 4 aprile 1392 persone isolate oggi sono 6500. Il 29 marzo in terapia intensiva giorno di punta 10 ricoveri, oggi 13, per l&#8217;area non critica il 27 aprile 94 ricoveri oggi 142 pazienti in area non critica\u00a0 51 negli ospedali di comunit\u00e0. Ad aprile si effettuavano 300-400 tamponi al giorno, oggi la media giornaliera \u00e8 di 1100 tamponi molecolari e 1300 tamponi rapidi. A fronte di questi numeri il numero di positivi \u00e8 direttamente proporzionale all&#8217;attivit\u00e0 di diagnostica, non possiamo nasconderci difronte ai numeri, tutto questo sta mettendo a dura prova la struttura ospedaliera della provincia e non solo, in tutta la Regione e in molte altre d&#8217;Italia.<strong> LA PREOCCUPAZIONE<\/strong> Non possiamo non essere preoccupati e grati a quanti operano nell&#8217;emergenza con grande impegno per riuscire a dare una risposta in questi giorni davvero impegnativi che non hanno precedenti. Per ricordare a tutti che la situazione \u00e8 eccezionale e pur nella comprensione della necessit\u00e0 di consentire la prosecuzione della vita sociale ed economica, l&#8217;appello accorato \u00e8 quello di mantenere sempre una grande attenzione e cautela adottando le precauzioni di difesa individuale e collettiva. Purtroppo abbiamo il sentore &#8211; anche a fronte delle informazioni che arrivano &#8211; che per molte persone l&#8217;emergenza sia archiviata e non ci riguardi. Nulla di pi\u00f9 sbagliato, questo non \u00e8 vero. Le nostre strutture sono in condizioni di fortissima pressione.\u00a0 <strong>IERI<\/strong> numero significativo di contagi, 145 nelle ultime 24 ore. In questo periodo assistiamo ad una vivacit\u00e0 sotto il profilo epidemiologico in alcune aree fino ad oggi toccate in maniera marginale. Fino a qualche settimana fa le terre alte (Comelico. Cadore e Ampezzano) erano state colpite in maniera significativa, ora qui la situazione \u00e8 migliorata, positivi e contagi si stanno attenuando in maniera rilevante. E&#8217; vivace invece la situazione nell&#8217;Agordino, Bellunese e Feltrino in questa aree si chiede massima attenzione, non ci sono aree indenni, \u00e8 un virus insidioso e contagioso che non guarda in faccia a nessuno.<br \/>\n<strong>TAMPONI<\/strong> Abbiamo una media di 6 tamponi molecolari al giorno ogni 1000 abitanti, una media che \u00e8 il doppio di quella regionale, comporta un primato in Veneto nel rapporto alto sia dei tamponi molecolari che tra rapidi e gli abitanti. Il tampone \u00e8 lo strumento importante per governare l&#8217;epidemia ed isolare le persone veicolo di infezione.\u00a0 Ad oggi 160mila tamponi molecolari effettuati, 68mila i rapidi. E&#8217; il numero complessivo di tamponi le &#8220;teste&#8221; sono ovviamente minori perch\u00e9 i tamponi vengono ripetuti pi\u00f9 volte <strong>RICOVERATI<\/strong> 13 in terapia intensiva, 142 in area non critica, 51 negli ospedali di comunit\u00e0. Dato che fluttua di ora in ora in base agli acessi al Pronto Soccorso o dimissioni. Dieci sono le persone provenienti da oltre la nostra Ulss. Abbiamo fatto un uso massiccio degli ospedali di comunit\u00e0 anche rispetto alle altre provincie. <strong>CASE DI RIPOSO<\/strong> Siamo sempre attenti alla positivit\u00e0 di ospiti ed operatori, attualmente abbiamo situazioni pi\u00f9 attenzionate in Val di Zoldo, Longarone, Belluno, Borgo Valbelluna, Quero e Feltre. Sono situazioni gestite in maniera complessivamente efficace da parte delle singole direzioni delle residente per anziani. Tra gli strumenti messi in pista le Usca, unit\u00e0 speciali a disposizione nel territorio per venire incontro alla esigenze sia dei positivi a domicilio che dei positivi presenti in casa di riposo <strong>LA NOVITA&#8217;<\/strong> Da ieri Usca operativa anche nella parte alta della provincia in Cadore. <strong>VACCINAZIONI ANTINFLEUNZALI<\/strong> Hanno avuto un riscontro superiore agli anni passati ed \u00e8 comprensibile. Ampliata la fascia d&#8217;et\u00e0 coinvolti i medici di medicina generale e dipartimento di Prevenzione, siamo nella fase finale, domenica 20 dicembre 8.30 &#8211; 13.30\u00a0 con la modalit\u00e0 drive-in (la pi\u00f9 efficace) ci sar\u00e0 la possibilit\u00e0 di vaccinarsi a Belluno e Feltre (ultra 65enni). C&#8217;\u00e8 anche un camper che gira per il territorio, oggi \u00e8 ad Auronzo.<strong> VACCINO ANTI COVID<\/strong> Imminente l&#8217;avvio della campagna vaccinale anti covid, a met\u00e0 gennaio inizier\u00e0 e la Regione sta mettendo a punto un piano operativo. E&#8217; in fase di studio la scala di target per la vaccinazione, quindi con precise priorit\u00e0 e poi verr\u00e0 via via estesa alla popolazione.<strong> MESSAGGIO E CONSIDERAZIONI<\/strong> Un richiamo a una grande attenzione, mai come ora le nostre strutture sanitarie sono sottoposte ad uno sforzo importante. Ci stiamo adeguando al variare delle necessit\u00e0 e questo purtroppo comprime la possibilit\u00e0 di dare risposte tempestive ad altre patologie. Continuiamo a fare risposte alle urgenze, casi non differibili, malattie rare ed oncologiche. Che questo sacrificio chiesto alla nostra gente possa concludersi nei tempi pi\u00f9 brevi e contenuti possibili ma finch\u00e9 ci sar\u00e0 questa pressione covid non saremo in grado di garantire il volume di offerta che garantiamo invece normalmente. Mi auguro che i prossimi giorni che saranno cruciali anche per la possibilit\u00e0 di incontri ed assembramenti ci sia un comportamento cauto e responsabile.<\/p>\n<p>&nbsp;<\/p>\n<p><a href=\"https:\/\/www.facebook.com\/RasiCaldognoUlssDolomiti\/videos\/396902271365948\">https:\/\/www.facebook.com\/RasiCaldognoUlssDolomiti\/videos\/396902271365948<\/a><\/p>\n<p>&nbsp;<\/p>\n<p>&nbsp;<\/p>\n<p>&nbsp;<\/p>\n<hr \/>\n<h3><\/h3>\n<blockquote>\n<h3>ULSS 1: ORARI DRIVE-IN TAMPONI DURANTE LE FESTIVIT\u00c0 NATALIZIE<\/h3>\n<\/blockquote>\n<p><strong>BELLUNO<\/strong>\u00a0I drive-in tamponi ad accesso libero dell\u2019Ulss Dolomiti saranno attivit anche durante le festivit\u00e0 natalizie con gli orari di seguito riportati. Dalle ore 19.00 di sabato 18 dicembre, il drive-in di Belluno-Sagrogna viene temporaneamente spostato all\u2019ospedale SAN MARTINO. Il drive-in dell\u2019ospedale San Martino sar\u00e0 attivo tutti i giorni dal 19 dicembre al 10 gennaio 2021, con gli orari riportati nella tabella sottostante.\u00a0Vista la diffusione dei contagi, \u00e8 stato potenziato il drive-in di Agordo (P.le Tamonich): dal 21 dicembre sar\u00e0 attivo dal luned\u00ec al gioved\u00ec dalle 15.00 alle 17.00. Sono state, inoltre, aggiunte delle sessioni di tamponi ad accesso libero anche a Cortina (stadio del Ghiaccio) il luned\u00ec e il giovedi dalle 9.30 alle 12.30. Si conferma l\u2019operativit\u00e0 dei drive-in tamponi di Feltre (ex Marangoni dal lunedi al sabato 8.30 12.30) e Tai di Cadore (Piazzale Dolomiti dal luned\u00ec al sabato dalle 15.00 alle 17.00) tranne che nelle giornate festive. Durante le festivit\u00e0, in caso di necessit\u00e0 di sottoporsi a tampone, si consiglia di verificare gli orari dei drive-in nel sito <a href=\"http:\/\/www.aulss1.veneto.it\/\">www.aulss1.veneto.it<\/a>. Si ricorda che possono accedere ai drive-in tamponi:\u00a0persone con prescrizione di tampone (antigenico rapido o molecolare) del Medico di Medicina Generale o Pediatra di Libera Scelta \u2013 SENZA APPUNTAMENTO, esibire all\u2019ingresso impegnativa cartacea o dematerializzata anche in formato elettronico;\u00a0soggetti frequentanti la scuola con sintomatologia simil covid<strong>, <\/strong>preferibilmente su indicazione del Pediatra o del Medico di Medicina Generale con ACCESSO LIBERO; i soggetti inviati dall\u2019unit\u00e0 di Crisi del Dipartimento di Prevenzione \u2013 SU INDICAZIONE DEL DIPARTIMENTO DI PREVENZIONE. \u00c8 necessario presentarsi in auto muniti di mascherina e tessera sanitaria magnetica. In caso di test antigenico rapido, il referto sar\u00e0 consegnato sul posto dopo circa 20 minuti. In caso di tampone molecolare sar\u00e0 inviato un SMS con i codici per lo scarico del referto che, di regola, sar\u00e0 disponibile dopo 48-72 ore. Fino all\u2019esito, la persona dovr\u00e0 rimanere in isolamento domiciliare, seguendo le raccomandazioni sui comportamenti qui pubblicate <a href=\"http:\/\/www.aulss1.veneto.it\/indicazioni-per-il-periodo-di-quarantena-e-isolamento\/\">http:\/\/www.aulss1.veneto.it\/indicazioni-per-il-periodo-di-quarantena-e-isolamento\/<\/a>\u00a0In caso di esito positivo, la persona deve rimanere in isolamento e attendere la telefonata del Dipartimento di Prevenzione.<\/p>\n<p><a href=\"https:\/\/www.radiopiu.net\/wordpress\/ulss-1-orari-drive-in-tamponi-durante-le-festivita-natalizie\/tamponi-natale\/\" rel=\"attachment wp-att-179738\"><img loading=\"lazy\" decoding=\"async\" class=\"alignnone wp-image-179738 size-large\" src=\"https:\/\/www.radiopiu.net\/wordpress\/wp-content\/uploads\/2020\/12\/tamponi-natale-1024x724.png\" alt=\"\" width=\"1024\" height=\"724\" srcset=\"https:\/\/www.radiopiu.net\/wordpress\/wp-content\/uploads\/2020\/12\/tamponi-natale-1024x724.png 1024w, https:\/\/www.radiopiu.net\/wordpress\/wp-content\/uploads\/2020\/12\/tamponi-natale-300x212.png 300w, https:\/\/www.radiopiu.net\/wordpress\/wp-content\/uploads\/2020\/12\/tamponi-natale-768x543.png 768w, https:\/\/www.radiopiu.net\/wordpress\/wp-content\/uploads\/2020\/12\/tamponi-natale.png 1122w\" sizes=\"auto, (max-width: 1024px) 100vw, 1024px\" \/><\/a><\/p>\n<p>&nbsp;<\/p>\n<hr \/>\n<p>&nbsp;<\/p>\n<blockquote>\n<h3>MEDICI ALTO ADIGE, BOND (FI): \u00abBENE IL PASSO INDIETRO SULL\u2019ALBO SOLO IN LINGUA TEDESCA. LA SANIT\u00c0 NON PU\u00d2 ESSERE QUESTIONE DI MINORANZE LINGUISTICHE\u00bb<\/h3>\n<\/blockquote>\n<p><strong><a href=\"https:\/\/www.radiopiu.net\/wordpress\/giornale-radiopiu-20-maggio-2020-direttore-mirko-mezzacasa\/dario-bond-11\/\" rel=\"attachment wp-att-138833\"><img loading=\"lazy\" decoding=\"async\" class=\"size-full wp-image-138833 alignleft\" src=\"https:\/\/www.radiopiu.net\/wordpress\/wp-content\/uploads\/2020\/05\/Dario-Bond.jpg\" alt=\"\" width=\"165\" height=\"228\" \/><\/a>ROMA\u00a0<\/strong>\u00ab<em>Visto che siamo una provincia limitrofa all\u2019Alto Adige, che da sempre paga la concorrenza sleale e i privilegi anacronistici dei vicini autonomi, ci fa piacere l\u2019importante dietrofront della maggioranza sull\u2019istituzione di una sezione speciale per i medici dell\u2019Alto Adige. Sarebbe stato quanto meno sgradevole riservare l\u2019albo solo ai professionisti di lingua tedesca<\/em>\u00bb. \u00c8 quanto afferma il deputato di Forza Italia Dario Bond, a seguito del passo indietro sull\u2019articolo 85 della legge di bilancio, che prevedeva la costituzione di una sezione speciale dell\u2019albo dei medici del territorio della provincia di Bolzano, riservata ai medici di lingua tedesca. \u00ab<em>Ringrazio l\u2019impegno dei deputati di Fratelli d\u2019Italia, su questa battaglia che mi ha visto impegnato personalmente. A livello di salute e sanit\u00e0 non pu\u00f2 esserci distinzione di lingua. E lo dico da bellunese, da residente in un territorio che tutti i giorni paga a caro prezzo la differenza tra una montagna di serie A, quella autonoma, e una montagna di serie B, quella della provincia di Belluno. La scelta di assecondare logiche altoatesine avrebbe costituito un precedente pericoloso. Credo invece che ci debbano essere come minimo due elenchi, uno italiano e uno tedesco. E che i medici italiani abbiano tempo e strumenti per impratichirsi con la lingua tedesca, senza creare limiti e forche caudine<\/em>\u00bb.<\/p>\n<p>&nbsp;<\/p>\n<p>&nbsp;<\/p>\n<hr \/>\n<p>&nbsp;<\/p>\n<blockquote>\n<h3>BOND (FI), AL GOVERNO CHIEDIAMO SOSTEGNO A FAMIGLIA E FIGLI, GENERATORI DI PIL E DI FUTURO<\/h3>\n<\/blockquote>\n<p><strong>ROMA\u00a0<\/strong>\u201c<em>Investire sui figli e sulla famiglia significa investire sul nostro futuro. Per questo sosteniamo e condividiamo la proposta del Forum delle associazioni familiari sulla esigenza di un Piano chiaro sulla natalit\u00e0 che dia la possibilit\u00e0 di destinare fondi ad iniziative di sostenibilit\u00e0 intergenerazionale oppure per investire su misure per valorizzare il lavoro femminile e conciliarlo con la cura dei figli. Ha ben sottolineato \u00a0il presidente del Forum De Palo \u2018i figli sono uno dei principali &#8220;generatori di Pil&#8221; e di benessere sociale\u2019 . Per questo occorre che il Governo, guardando agli investimenti legati al Next Generation Eu, programmi \u00a0investimenti \u00a0utili ad indirizzare le nostre politiche a sostegno della natalit\u00e0, a maggior ragione se consideriamo, stando alle previsioni Istat, che il prossimo anno le nuove nascite saranno condizionate negativamente dal Covid, per l\u2019instabilit\u00e0 economica delle persone e anche emotiva<\/em>\u201d.\u00a0Cos\u00ec in una nota il deputato di Forza Italia, Dario Bond.<\/p>\n<p>&nbsp;<\/p>\n<p>&nbsp;<\/p>\n<hr \/>\n<p>&nbsp;<\/p>\n<blockquote>\n<h3>IMPIANTO RIFIUTI PEDESALTO A FONZASO. CONTRIBUTO DELLA REGIONE DI 340MILA EURO AL COMUNE BOTTACIN: &#8220;AL FIANCO DEL TERRITORIO PER RISOLVERE UN GRAVE PROBLEMA&#8221;<\/h3>\n<\/blockquote>\n<p><strong>VENEZIA\u00a0<\/strong>Con una delibera della Giunta, proposta dall\u2019assessore all\u2019Ambiente Gianpaolo Bottacin, l\u2019amministrazione regionale interviene in aiuto del comune di Fonzaso con un contributo economico utile a risolvere le questioni aperte presso l\u2019impianto di recupero di rifiuti in localit\u00e0 Pedesalto.<\/p>\n<div style=\"width: 848px;\" class=\"wp-video\"><video class=\"wp-video-shortcode\" id=\"video-179500-2\" width=\"848\" height=\"480\" preload=\"metadata\" controls=\"controls\"><source type=\"video\/mp4\" src=\"https:\/\/www.radiopiu.net\/wordpress\/wp-content\/uploads\/2020\/12\/WhatsApp-Video-2020-12-15-at-12.51.42.mp4?_=2\" \/><a href=\"https:\/\/www.radiopiu.net\/wordpress\/wp-content\/uploads\/2020\/12\/WhatsApp-Video-2020-12-15-at-12.51.42.mp4\">https:\/\/www.radiopiu.net\/wordpress\/wp-content\/uploads\/2020\/12\/WhatsApp-Video-2020-12-15-at-12.51.42.mp4<\/a><\/video><\/div>\n<p>&nbsp;<\/p>\n<p>&nbsp;<\/p>\n<p>&nbsp;<\/p>\n<hr \/>\n<p>&nbsp;<\/p>\n<blockquote>\n<h3>REGIONE E VENETO STRADE PREPARANO IL PIANO TRIENNALE DELLA VIABILIT\u00c0 2021-2023 E IL PIANO DELLA MOBILIT\u00c0 CICLISTICA<\/h3>\n<\/blockquote>\n<p><strong><a href=\"https:\/\/www.radiopiu.net\/wordpress\/veneto-strade-interdizione-al-traffico\/veneto-strade-2\/\" rel=\"attachment wp-att-135574\"><img loading=\"lazy\" decoding=\"async\" class=\" wp-image-135574 alignleft\" src=\"https:\/\/www.radiopiu.net\/wordpress\/wp-content\/uploads\/2020\/05\/VENETO-STRADE-300x300.png\" alt=\"\" width=\"146\" height=\"146\" srcset=\"https:\/\/www.radiopiu.net\/wordpress\/wp-content\/uploads\/2020\/05\/VENETO-STRADE-300x300.png 300w, https:\/\/www.radiopiu.net\/wordpress\/wp-content\/uploads\/2020\/05\/VENETO-STRADE-150x150.png 150w, https:\/\/www.radiopiu.net\/wordpress\/wp-content\/uploads\/2020\/05\/VENETO-STRADE.png 400w\" sizes=\"auto, (max-width: 146px) 100vw, 146px\" \/><\/a>VENEZIA<\/strong>\u00a0Saranno il \u201cPiano triennale della viabilit\u00e0 2021-2023\u201d e il \u201cPiano Regionale della mobilit\u00e0 ciclistica\u201d i primi strumenti di attuazione del Piano Regionale dei Trasporti approvato dal Consiglio lo scorso mese di luglio. Con una deliberazione proposta dalla vicepresidente Elisa De Berti, la Giunta ha deciso di redigere i due piani insieme alla societ\u00e0 Veneto Strade, stipulando con quest\u2019ultima un Accordo di Collaborazione. \u201cC<em>onsideriamo prioritario dotarci di questi piani \u2013 afferma la vicepresidente \u2013, in considerazione della recente riclassificazione della rete stradale di interesse regionale e in applicazione della normativa riguardante lo sviluppo della mobilit\u00e0 in bicicletta e della realizzazione della rete nazionale di percorribilit\u00e0 ciclistica. Uno stimolante lavoro di pianificazione da svolgere alla luce del recente Piano Regionale dei Trasporti, avviando cos\u00ec una nuova fase di programmazione di opere viarie e di manutenzione di quelle esistenti, al fine di rispondere alle esigenze derivanti dall\u2019evoluzione economica che ha caratterizzato il tessuto produttivo, distributivo e sociale del Veneto, in uno scenario sempre pi\u00f9 caratterizzato dal progresso delle tecnologie informatiche<\/em>\u201d.<\/p>\n<p>&nbsp;<\/p>\n<p>&nbsp;<\/p>\n<hr \/>\n<p>&nbsp;<\/p>\n<blockquote>\n<h3>DILLO A RADIO PIU&#8230;. SENTIERI DI NUOVO &#8220;VIOLENTATI&#8221; IN ZONA POI<\/h3>\n<\/blockquote>\n<p><a class=\"dt-pswp-item\" href=\"https:\/\/www.radiopiu.net\/wordpress\/wp-content\/uploads\/2020\/09\/b02367e5-1196-46a9-ae96-15143d25c59f.jpg\" data-dt-img-description=\"\" data-large_image_width=\"1599\" data-large_image_height=\"799\"><img loading=\"lazy\" decoding=\"async\" class=\"size-medium wp-image-160205 alignleft\" src=\"https:\/\/www.radiopiu.net\/wordpress\/wp-content\/uploads\/2020\/09\/b02367e5-1196-46a9-ae96-15143d25c59f-300x150.jpg\" alt=\"\" width=\"300\" height=\"150\" srcset=\"https:\/\/www.radiopiu.net\/wordpress\/wp-content\/uploads\/2020\/09\/b02367e5-1196-46a9-ae96-15143d25c59f-300x150.jpg 300w, https:\/\/www.radiopiu.net\/wordpress\/wp-content\/uploads\/2020\/09\/b02367e5-1196-46a9-ae96-15143d25c59f-1024x512.jpg 1024w, https:\/\/www.radiopiu.net\/wordpress\/wp-content\/uploads\/2020\/09\/b02367e5-1196-46a9-ae96-15143d25c59f-768x384.jpg 768w, https:\/\/www.radiopiu.net\/wordpress\/wp-content\/uploads\/2020\/09\/b02367e5-1196-46a9-ae96-15143d25c59f-1536x768.jpg 1536w, https:\/\/www.radiopiu.net\/wordpress\/wp-content\/uploads\/2020\/09\/b02367e5-1196-46a9-ae96-15143d25c59f-640x320.jpg 640w, https:\/\/www.radiopiu.net\/wordpress\/wp-content\/uploads\/2020\/09\/b02367e5-1196-46a9-ae96-15143d25c59f.jpg 1599w\" sizes=\"auto, (max-width: 300px) 100vw, 300px\" \/><\/a>di Roberto Murer<\/p>\n<p><strong>VOLTAGO<\/strong>\u00a0 <em>Dopo le piogge della settimana scorsa anche il &#8220;giro della gioa&#8221; o &#8220;giro delle cime&#8221; che dalla piazza della chiesa di Voltago arriva all abitato di Digoman per poi addentrarsi nel bosco ed uscire sopra Miana e rientro in paese un giro ad anello di quasi 5km devastato da vaia, ripristinato, \u00e8 ora nuovamente violentato. Un peccato, grazie per\u00f2 ai volontari che gi\u00e0 ieri sono andati a tagliare abeti e piante schiantate al suolo, per\u00f2 gli smottamenti del terreno hanno modificato di nuovo il percorso, bisogna ingegnarsi un po in qualche passaggio ,peccato vedremo con le prossime piogge come andr\u00e0.<\/em><\/p>\n<p>&nbsp;<\/p>\n<hr \/>\n<h3><\/h3>\n<blockquote>\n<h3>TAGLIO PIANTE A LATO STRADA. \u00abAZIONE IMPORTANTE PER LA SICUREZZA\u00bb<\/h3>\n<\/blockquote>\n<p><strong><a href=\"https:\/\/www.radiopiu.net\/wordpress\/giornale-radiopiu-03-luglio-2019-direttore-mirko-mezzacasa\/belluno-2-2\/\" rel=\"attachment wp-att-90473\"><img loading=\"lazy\" decoding=\"async\" class=\"size-medium wp-image-90473 alignleft\" src=\"https:\/\/www.radiopiu.net\/wordpress\/wp-content\/uploads\/2019\/07\/BELLUNO-2-225x300.jpeg\" alt=\"\" width=\"225\" height=\"300\" srcset=\"https:\/\/www.radiopiu.net\/wordpress\/wp-content\/uploads\/2019\/07\/BELLUNO-2-225x300.jpeg 225w, https:\/\/www.radiopiu.net\/wordpress\/wp-content\/uploads\/2019\/07\/BELLUNO-2-768x1024.jpeg 768w, https:\/\/www.radiopiu.net\/wordpress\/wp-content\/uploads\/2019\/07\/BELLUNO-2.jpeg 1200w\" sizes=\"auto, (max-width: 225px) 100vw, 225px\" \/><\/a>BELLUNO<\/strong>\u00a0Il Sindaco del Comune di Belluno ha firmato l&#8217;ordinanza numero 330, con la quale, a integrazione delle norme previste dal codice della strada e dai regolamenti locali, ordina il taglio delle piante o dei rami che si protendano sulle strade o sulle aree aperte all\u2019uso pubblico e che, nel caso in cui dovessero essere gravati dal peso della neve o per altri eventi atmosferici, possano crollare mettendo in pericolo l\u2019incolumit\u00e0 pubblica o, comunque, creare intralcio alla fluidit\u00e0 della circolazione. In caso di inadempienza, \u00e8 prevista l&#8217;esecuzione d\u2019ufficio, con addebito delle spese. \u00ab<em>Il maltempo delle scorse settimane, tra vento e pioggia forte, e la neve caduta e che cadr\u00e0 nei prossimi mesi rendono indispensabile una corretta manutenzione delle piante a bordo strada. Il crollo di rami e fusti sulla sede stradale provoca pesanti disagi alla viabilit\u00e0, senza dimenticare i gravi rischi per la sicurezza di automobilisti e passanti: per questo ricordiamo a tutti quei cittadini che ancora non vi avessero provveduto che l&#8217;ordinanza emanata una decina di giorni fa dal Sindaco prevede il taglio e la rimozione di piante o rami che incombono sulla strada e che possono comportare rischi per la sicurezza dei cittadini. Il termine per intervenire \u00e8 il 31 dicembre; dopodich\u00e9, interverr\u00e0 direttamente il Comune che addebiter\u00e0 a chi non ha rispettato le regole l&#8217;intera spesa per l&#8217;esecuzione dei lavori<\/em>\u00bb: cos\u00ec l&#8217;assessore alle manutenzioni Biagio Giannone ricorda ai cittadini del capoluogo quanto previsto dall&#8217;ordinanza emanata dal primo cittadino lo scorso 4 dicembre.<\/p>\n<p>&nbsp;<\/p>\n<p>&nbsp;<\/p>\n<hr \/>\n<p>&nbsp;<\/p>\n<blockquote>\n<h3>LAVORI DI RIQUALIFICAZIONE ENERGETICA E MANUTENZIONE STRAORDINARIA DEGLI EDIFICI ERP IN VIA BILESIMO E S. GIORGIO, APPROVATO IL PROGETTO DEFINITIVO-ESECUTIVO<\/h3>\n<\/blockquote>\n<h3><strong style=\"font-size: 14px;\"><a href=\"https:\/\/www.radiopiu.net\/wordpress\/lavori-di-riqualificazione-energetica-e-manutenzione-straordinaria-degli-edifici-erp-in-via-bilesimo-e-s-giorgio-approvato-il-progetto-definitivo-esecutivo\/edificio-erp-via-bilesimo\/\" rel=\"attachment wp-att-179687\"><img loading=\"lazy\" decoding=\"async\" class=\"size-medium wp-image-179687 alignleft\" src=\"https:\/\/www.radiopiu.net\/wordpress\/wp-content\/uploads\/2020\/12\/Edificio-ERP-via-Bilesimo-300x237.jpg\" alt=\"\" width=\"300\" height=\"237\" srcset=\"https:\/\/www.radiopiu.net\/wordpress\/wp-content\/uploads\/2020\/12\/Edificio-ERP-via-Bilesimo-300x237.jpg 300w, https:\/\/www.radiopiu.net\/wordpress\/wp-content\/uploads\/2020\/12\/Edificio-ERP-via-Bilesimo-1024x809.jpg 1024w, https:\/\/www.radiopiu.net\/wordpress\/wp-content\/uploads\/2020\/12\/Edificio-ERP-via-Bilesimo-768x607.jpg 768w, https:\/\/www.radiopiu.net\/wordpress\/wp-content\/uploads\/2020\/12\/Edificio-ERP-via-Bilesimo-1536x1214.jpg 1536w, https:\/\/www.radiopiu.net\/wordpress\/wp-content\/uploads\/2020\/12\/Edificio-ERP-via-Bilesimo.jpg 1913w\" sizes=\"auto, (max-width: 300px) 100vw, 300px\" \/><\/a><\/strong><\/h3>\n<p><strong>FELTRE<\/strong>\u00a0E&#8217; stato approvato dalla giunta comunale, nella sua ultima seduta, il progetto definitivo-esecutivo che riguarda l&#8217;intervento di manutenzione straordinaria dei due edifici di edilizia residenziale pubblica di via Bilesimo, nel centro storico, e di via San Giorgio, a Villabruna. L&#8217;edificio in Via Bilesimo, costituito da 3 alloggi, e quello di via Via S. Giorgio, formato da 6 unit\u00e0, presentano entrambi un avanzato stato di degrado di alcune parti comuni e necessitano pertanto di interventi di manutenzione straordinaria e di efficientamento energetico. L&#8217;amministrazione, acquisito anche un finanziamento ad hoc da un bando pubblico per la sostituzione dell&#8217;impianto di riscaldamento, intende ora procedere con il completamento dell&#8217;intervento di riqualificazione presso i due stabili comunali in gestione all&#8217;Azienda Feltrina per i Servizi alla Persona. Nel dettaglio, le lavorazioni previste per l&#8217;edificio in Via Bilesimo riguarderanno, tra l&#8217;altro, il rifacimento e l&#8217;isolamento della copertura, il rifacimento e la tinteggiatura delle facciate, la sostituzione dei serramenti e degli scuri in legno, la rimozione con sostituzione delle caldaie ai piani primo e terzo. In via San Giorgio l&#8217;intervento riguarder\u00e0, principalmente, il rifacimento e l&#8217;isolamento della copertura, l&#8217;isolamento perimetrale di una porzione del fabbricato, la manutenzione alle ante d\u2019oscuro, la rimozione della caldaia e la sua sostituzione con nuova caldaia murale a condensazione, il rifacimento con adeguamento dell\u2019impianto elettrico comune nel vano scale a servizio delle sei unit\u00e0. L&#8217;intervento impegner\u00e0 complessivamente risorse per 265 mila euro (185 mila per lavori + 80 mila per imposte e oneri accessori).<\/p>\n<p><b>ADIS ZATTA L&#8217;ASSESSORE AI LAVORI PUBBLICI E ALLE MANUTENZIONI DEL COMUNE DI FELTRE<\/b><\/p>\n<audio class=\"wp-audio-shortcode\" id=\"audio-179500-7\" preload=\"none\" style=\"width: 100%;\" controls=\"controls\"><source type=\"audio\/mpeg\" src=\"https:\/\/www.radiopiu.net\/wordpress\/wp-content\/uploads\/2020\/12\/ZATTA-ALLOGGI-ERP.mp3?_=7\" \/><a href=\"https:\/\/www.radiopiu.net\/wordpress\/wp-content\/uploads\/2020\/12\/ZATTA-ALLOGGI-ERP.mp3\">https:\/\/www.radiopiu.net\/wordpress\/wp-content\/uploads\/2020\/12\/ZATTA-ALLOGGI-ERP.mp3<\/a><\/audio>\n<p>&nbsp;<\/p>\n<p>&nbsp;<\/p>\n<hr \/>\n<blockquote>\n<h3><\/h3>\n<h3>SCUOLA DI CANEVOI: NUOVO PARCHEGGIO PER IL PERSONALE E LE FAMIGLIE<\/h3>\n<\/blockquote>\n<p><strong>PONTE NELLE ALPI<\/strong>\u00a0<span style=\"color: #000000; font-family: Helvetica;\">Un nuovo parcheggio alla scuola secondaria di primo a grado, a Canevoi. \u00a0<\/span><span style=\"color: #000000; font-family: Helvetica;\">Sono iniziati i lavori destinati a garantire dei posti auto in pi\u00f9 per le famiglie e il personale dell\u2019istituto, intitolato a Sandro Pertini: presidente della Repubblica italiana tra il 1978 e il 1985.\u00a0<\/span><span style=\"color: #000000; font-family: Helvetica;\">In questo modo verr\u00e0 soddisfatta un\u2019esigenza manifestata in pi\u00f9 occasioni e da pi\u00f9 parti.\u00a0<\/span><span style=\"color: #000000; font-family: Helvetica;\">Saranno una quindicina i posti realizzati ex novo: un incremento necessario per andare incontro ai genitori degli studenti e delle studentesse che frequentano la struttura. E soprattutto a chi, quotidianamente, lavora all\u2019interno della scuola, portando avanti l\u2019attivit\u00e0 didattica in un periodo reso peraltro complicato dalla pandemia e dalle restrizioni anti-contagio.\u00a0<\/span><span style=\"color: #000000; font-family: Helvetica;\">I lavori sono a cura della ditta Cadore Asfalti, mentre l\u2019importo complessivo di spesa \u00e8 di poco inferiore ai 30mila euro.\u00a0<\/span><span style=\"color: #000000; font-family: Helvetica;\">Ma il parcheggio \u00e8 solo un tassello che rientra in un quadro pi\u00f9 ampio, orientato a valorizzare le frazioni del territorio. Come spiega il sindaco di Ponte nelle Alpi, Paolo Vendramini: \u00ab<em>\u00c8 stato possibile promuovere l\u2019intervento grazie a una corposa variazione di bilancio che abbiamo presentato recentemente in consiglio comunale. E che permetter\u00e0 all\u2019intera comunit\u00e0 di avere dei miglioramenti pure in termini di viabilit\u00e0, di servizi sociali e dal punto di vista del sostegno alle famiglie<\/em>\u00bb.\u00a0<\/span><\/p>\n\n\t\t\t<style type='text\/css'>\n\t\t\t\t#gallery-4 {\n\t\t\t\t\tmargin: auto;\n\t\t\t\t}\n\t\t\t\t#gallery-4 .gallery-item {\n\t\t\t\t\tfloat: left;\n\t\t\t\t\tmargin-top: 10px;\n\t\t\t\t\ttext-align: center;\n\t\t\t\t\twidth: 33%;\n\t\t\t\t}\n\t\t\t\t#gallery-4 img {\n\t\t\t\t\tborder: 2px solid #cfcfcf;\n\t\t\t\t}\n\t\t\t\t#gallery-4 .gallery-caption {\n\t\t\t\t\tmargin-left: 0;\n\t\t\t\t}\n\t\t\t\t\/* see gallery_shortcode() in wp-includes\/media.php *\/\n\t\t\t<\/style>\n\t\t<div id='gallery-4' class='dt-gallery-container gallery galleryid-179500 gallery-columns-3 gallery-size-thumbnail'><dl class='gallery-item'>\n\t\t\t\t<dt class='gallery-icon landscape'>\n\t\t\t\t\t<a class=\"rollover rollover-zoom dt-pswp-item\" title=\"Parcheggio_Canevoi_1\" data-dt-img-description=\"\" data-large_image_width=\"1024\" data-large_image_height=\"768\"href='https:\/\/www.radiopiu.net\/wordpress\/wp-content\/uploads\/2020\/12\/Parcheggio_Canevoi_1.jpg'><img loading=\"lazy\" decoding=\"async\" width=\"150\" height=\"150\" src=\"https:\/\/www.radiopiu.net\/wordpress\/wp-content\/uploads\/2020\/12\/Parcheggio_Canevoi_1-150x150.jpg\" class=\"attachment-thumbnail size-thumbnail\" alt=\"\" \/><\/a>\n\t\t\t\t<\/dt><\/dl><dl class='gallery-item'>\n\t\t\t\t<dt class='gallery-icon landscape'>\n\t\t\t\t\t<a class=\"rollover rollover-zoom dt-pswp-item\" title=\"Parcheggio_Canevoi_2\" data-dt-img-description=\"\" data-large_image_width=\"1024\" data-large_image_height=\"768\"href='https:\/\/www.radiopiu.net\/wordpress\/wp-content\/uploads\/2020\/12\/Parcheggio_Canevoi_2.jpg'><img loading=\"lazy\" decoding=\"async\" width=\"150\" height=\"150\" src=\"https:\/\/www.radiopiu.net\/wordpress\/wp-content\/uploads\/2020\/12\/Parcheggio_Canevoi_2-150x150.jpg\" class=\"attachment-thumbnail size-thumbnail\" alt=\"\" \/><\/a>\n\t\t\t\t<\/dt><\/dl><dl class='gallery-item'>\n\t\t\t\t<dt class='gallery-icon portrait'>\n\t\t\t\t\t<a class=\"rollover rollover-zoom dt-pswp-item\" title=\"Parcheggio_Canevoi_3\" data-dt-img-description=\"\" data-large_image_width=\"900\" data-large_image_height=\"1600\"href='https:\/\/www.radiopiu.net\/wordpress\/wp-content\/uploads\/2020\/12\/Parcheggio_Canevoi_3.jpg'><img loading=\"lazy\" decoding=\"async\" width=\"150\" height=\"150\" src=\"https:\/\/www.radiopiu.net\/wordpress\/wp-content\/uploads\/2020\/12\/Parcheggio_Canevoi_3-150x150.jpg\" class=\"attachment-thumbnail size-thumbnail\" alt=\"\" \/><\/a>\n\t\t\t\t<\/dt><\/dl><br style=\"clear: both\" \/>\n\t\t\t<\/div>\n\n<p>&nbsp;<\/p>\n<p>&nbsp;<\/p>\n<hr \/>\n<p>&nbsp;<\/p>\n<blockquote>\n<h3>IL CADORINO DE CARLO NEL COMITATO PER I FESTEGGIAMENTI DEI 1600 ANNI DI VENEZIA: \u201cTERRITORI LEGATI DALLA STORIA E CON UN LEGAME IMPORTANTE PER IL FUTURO\u201d<\/h3>\n<\/blockquote>\n<p>&nbsp;<\/p>\n<p><strong><a href=\"https:\/\/www.radiopiu.net\/wordpress\/giornale-radiopiu-19-maggio-2020-direttore-mirko-mezzacasa\/luca-de-carlo-8\/\" rel=\"attachment wp-att-138787\"><img loading=\"lazy\" decoding=\"async\" class=\"size-full wp-image-138787 alignleft\" src=\"https:\/\/www.radiopiu.net\/wordpress\/wp-content\/uploads\/2020\/05\/Luca-De-Carlo.jpg\" alt=\"\" width=\"165\" height=\"228\" \/><\/a>VENEZIA<\/strong>\u00a0<span style=\"font-family: Verdana, Arial, Helvetica, sans-serif;\">Cadore-Venezia, una storia lunga 1600 anni: nel 2021 ricorrer\u00e0 lo storico anniversario di nascita della citt\u00e0 lagunare e il comitato per i festeggiamenti ha gi\u00e0 iniziato i suoi lavori. Tra i componenti, accanto al Patriarca di Venezia, al Presidente della Regione, al Ministro dei Beni culturali e tanti altri rappresentanti di enti e associazioni veneziane, il Sindaco di Venezia Luigi Brugnaro ha voluto un \u201ccollega\u201d cadorino, il primo cittadino di Calalzo di Cadore Luca De Carlo.<\/span><\/p>\n<p>&nbsp;<\/p>\n<p><span style=\"color: #ff0000;\">DALLA RASSEGNA STAMPA DELLE OTTO<\/span><\/p>\n<audio class=\"wp-audio-shortcode\" id=\"audio-179500-8\" preload=\"none\" style=\"width: 100%;\" controls=\"controls\"><source type=\"audio\/mpeg\" src=\"https:\/\/www.radiopiu.net\/wordpress\/wp-content\/uploads\/2020\/12\/DE-CARLO-1.mp3?_=8\" \/><a href=\"https:\/\/www.radiopiu.net\/wordpress\/wp-content\/uploads\/2020\/12\/DE-CARLO-1.mp3\">https:\/\/www.radiopiu.net\/wordpress\/wp-content\/uploads\/2020\/12\/DE-CARLO-1.mp3<\/a><\/audio>\n<p>&nbsp;<\/p>\n<p>&nbsp;<\/p>\n<hr \/>\n<p>&nbsp;<\/p>\n<blockquote>\n<h3>AL VIA LA RICHIESTA DEI BUONI SPESA PER IL COMUNE DI CANALE D&#8217;AGORDO<\/h3>\n<\/blockquote>\n<p><strong>CANALE D&#8217;AGORDO<\/strong> Il comune di Canale d&#8217;Agordo\u00a0ha pubblicato l\u2019avviso per la richiesta di buoni spesa. Quindi tutte le famiglie che si trovano i difficolt\u00e0 a causa del perdurare dell\u2019emergenza epidemiologica\u00a0 COVID -19 possono presentare richiesta compilando il modulo che si trova sul sito del Comune. La domanda va presentata entro il 21 dicembre 2020.<\/p>\n<p>&nbsp;<\/p>\n<hr \/>\n<blockquote>\n<h3><\/h3>\n<h3>AD AGORDO PROLOCO METTE L&#8217;INVERNO DI VETRINA<\/h3>\n<\/blockquote>\n<p><strong>AGORDO<\/strong> La Proloco di Agordo \u00e8 artefice di una nuova iniziativa. La raccolta delle fotografie dell&#8217;inverno nella Conca Agordina (2020-21), da esporre nell&#8217;ufficio di via 27 Aprile. Troveranno spazio in vetrina o nei locali dell&#8217;ufficio su supporto cartaceo o video fino al termine dell&#8217;inverno, la proloco pensa anche ad una pubblicazione sui social. <em>&#8220;Abbiamo approfittato di questo periodo in cui non possiamo esporre i soliti numerosissimi manifesti di eventi ed iniziative &#8211; spiega la proloco &#8211;\u00a0 per promuovere le bellezze della Conca Agordina&#8221;. <\/em>Chi vorr\u00e0 partecipare potr\u00e0 compilare il modulo ed inviare al massimo 2 foto.<\/p>\n<p>&nbsp;<\/p>\n<p>&nbsp;<\/p>\n<hr \/>\n<p>&nbsp;<\/p>\n<blockquote>\n<h3>LA SCUOLA EQUIPE FALCADE ORGANIZZA ESCURSIONI GUIDATE<\/h3>\n<\/blockquote>\n<p><strong>FALCADE\u00a0<\/strong>Per la stagione invernale 2020\/21, la scuola Equipe Falcade organizza delle escursioni con le ciaspe dedicate ai bambini. 4 le escursioni in programma per gruppi di massimo 4 bambini che si possono prenotare al 334 9151617. Necessario l&#8217;abbigliamento da sci, zainetto e la mascherina. A tutti coloro che partecipano all&#8217;iniziativa uno scaldacollo in omaggio.<\/p>\n<p>&nbsp;<\/p>\n<p>&nbsp;<\/p>\n<hr \/>\n<p>&nbsp;<\/p>\n<blockquote>\n<h3>S\u00d6RA D NAD\u00c0 E DVAN DAL COI<\/h3>\n<\/blockquote>\n<p><strong>COMELICO\u00a0<\/strong>L&#8217;Union Ladina Dal Comelgo e il Gruppo Musicale di Costalta organizzano per mercoled\u00ec 23 dicembre alle 20.30 e per domenica 27 dicembre alle 20.30, due serate di musica, poesia e presentazione del libro &#8220;Dvan dal Coi, l&#8217;uomo dei boschi, tra leggenda e realt\u00e0&#8221;. Con Lucio Eicher Clere, Daniele De Bettin e Claudio Michelazzi. Le serate saranno trasmesse esclusivamente in diretta Facebook da Costalta sulla pagina Facebook dell&#8217;Union Ladina.<\/p>\n<p>&nbsp;<\/p>\n<hr \/>\n<p>&nbsp;<\/p>\n<blockquote>\n<h3>ORIENTAMENTO SCOLASTICO, ENAIP LONGARONE<\/h3>\n<\/blockquote>\n<p><strong>LONGARONE<\/strong> Studenti di terza media a genitori potranno consocere l&#8217;organizzazione dei percorsi triennali di formazione a qualifica professionale di ristorazione e riparazione veicoli a motore. Potranno visitare aule e laboratori: sabato dalle 14.30, informazioni allo 0437 770318<\/p>\n<p>&nbsp;<\/p>\n<hr \/>\n<p>&nbsp;<\/p>\n<div class=\"page-title-head hgroup\">\n<blockquote>\n<h3 class=\"entry-title\">I GIOVANI DANNO AVVIO ALLA RACCOLTA DI NATALE<\/h3>\n<\/blockquote>\n<\/div>\n<p class=\"page-title-breadcrumbs\"><strong><img loading=\"lazy\" decoding=\"async\" class=\"alignleft\" src=\"https:\/\/www.radiopiu.net\/wordpress\/wp-content\/uploads\/2020\/12\/christmas-3009949__340.jpg\" width=\"213\" height=\"119\" \/>TAIBON<\/strong>\u00a0L\u2019iniziativa parte dai giovani ed \u00e8 rivolta a tutti i giovani dell\u2019Agordino. \u00a0Raccogliendo oggetti e cibo e donandolo, tramite l\u2019associazione San Martino di Agordo, a chi \u00e8 maggiormente in difficolt\u00e0. Sono graditi Libri, prodotti di bellezza, generi alimentari (a lunga conservazione), accessori, dolcetti, oggetti simbolici.\u00a0 Tre i punti di raccolta in cui depositare gli oggetti:\u00a0 Valle del Biois ( Margherita Andrich, 349 7093043),\u00a0 Agordo e dintorni (Samuel Da Campo, 342 1875044) e\u00a0 Alleghe e dintorni ( Agnese Vinti, 348 1817865). \u00a0La raccolta avviene nei giorni precedenti al Natale tra il 19 e il 24 dicembre<\/p>\n<p>&nbsp;<\/p>\n<p>&nbsp;<\/p>\n<hr \/>\n<p>&nbsp;<\/p>\n<blockquote>\n<h3>APPELLO: \u201cCHE IN QUESTO NATALE NESSUN BAMBINO RESTI ESCLUSO\u201d<\/h3>\n<\/blockquote>\n<p><strong>di Renato Bona<\/strong><\/p>\n<p>L\u2019ultimo numero, il dodicesimo del 2020, del notiziario \u201cInforma Isp\u201d, ha in copertina un appello-invito alla collaborazione: \u201cChe in questo Natale nessun bambino resti escluso\u201d, firmato, a nome di tutta la \u201cfamiglia Isp\u201d, dal direttore Daniele Giaffredo (nella foto). Il quale esordisce, rivolto ai \u201cgentili amici che sostenete l\u2019impegno di Insieme si pu\u00f2\u201d scrivendo: \u201cDa sempre la nostra misura si racchiude in un\u2019immagine coniata da Piergiorgio Da Rold, il nostro fondatore: \u2018Per vederci bene, sia da lontano che da vicino, serve un paio di occhiali buoni. Per accorgerci di chi ha disperato bisogno di un sostegno laggi\u00f9, nel mondo. Ma anche di chi ha bisogno di un sostegno nel nostro territorio, qui accanto\u2019\u201d. E sottolinea: \u201cIl momento di emergenza e necessit\u00e0 straordinarie che stiamo vivendo chiede a ciascuno di avere attenzioni speciali. Insieme si pu\u00f2 ha reinventato in questi mesi progetti e interventi in particolare per garantire il cibo e l\u2019istruzione a quei bambini e famiglie \u2013 sia vicini che lontani \u2013 oggi ancora pi\u00f9 fragili, ancora pi\u00f9 ultimi: stanno perdendo per sempre il treno con il futuro, vedono ingigantirsi lo svantaggio da chi la scuola e un piatto in tavola li hanno comunque garantiti\u201d. Dunque bisogna mettercela tutta e cos\u00ec nelle tre pagine della pubblicazione \u201cInforma Isp\u201d racconta come, chiedendo a chiunque ne abbia la possibilit\u00e0 di fare in qualche modo la storia giusta, solidale, di questa fase cos\u00ec difficile e lancia l\u2019appello: \u201cInsieme sosteniamo gli ultimi, vicini e lontani, nell\u2019attraversare questo periodo e raggiungere con speranza e dignit\u00e0 il domani. Con l\u2019augurio a tutti di un Natale che ci sorprenda nel bene\u201d. Ed eccoli i \u201csuggerimenti-proposte\u201d di Isp. Per la provincia di Belluno acquistare una tessera mensile del valore di 100 euro per contribuire alla spesa alimentare di una famiglia di quattro persone\u201d; attivare un Sav, Sostegno a vicinanza, per garantire le spese scolastiche ad uno studente bellunese. I \u201cRegali senza frontiere\u201d: impegno di 30 euro per alimentarti, luce e gas (Italia); stesso importo per un campo di zafferano (Afghanistan); 40 euro per latte in polvere (Uganda); 50 euro ad una famiglia per un nonno (Madagascar); stesso importo per una capra per una donna (Afghanista). La \u201cCartolina di Natale\u201d: un disegno realizzato a mano da un\u2019artista bellunese, due mani che si stringono e ci dicono che \u00e8 possibile costruire un futuro migliore per tutti i bambini del mondo. L\u2019interno della cartolina \u00e8 personalizzabile, e la donazione libera andr\u00e0 in favore dei due progetti di sostegno ai bambini in Italia e in Uganda. Non un semplice biglietto, ma un gesto concreto: sostituiscono un dono tradizionale con un\u2019offerta a favore di un progetto. Si pu\u00f2 personalizzarlo con una dedica, accompagnato da una decorazione per l\u2019albero di Natale, realizzata con carta, fatta a mano dalla cooperativa \u201cIl Cartiere\u201d, che offre lavoro a ragazzi con disabilit\u00e0 in provincia di Belluno. Infine: una donazione continuativa tramite bonifico bancario o bollettino postale, carta di credito e PayPal, con un \u201csemplice gesto che assicura continuit\u00e0 e sostenibilit\u00e0 all\u2019impegno di garantire un futuro migliore ai bambini, ragazzi ed adulti in diverse parti del mondo. Concludiamo ricordando che L\u2019Associazione gruppi \u201cInsieme si pu\u00f2\u2026\u201d Onlus \u00e8 un\u2019organizzazione non governativa (Ong), fondata nel 1983, composta da 70 gruppi di adulti e da una decina di bambini e ragazzi (Colibr\u00ec), ai quali aderiscono oltre duemila persone; non ha scopo di lucro, \u00e8 apartitica e apolitica. In oltre 30 Paesi del Sud del Mondo, \u201cInsieme si pu\u00f2\u2026\u201d promuove, amministra e sostiene progetti di cooperazione internazionale allo sviluppo in ambito educativo, sanitario, difesa dell\u2019infanzia, empowerment femminile, sicurezza alimentare, agroforesty, microcredito, interventi umanitari nelle emergenze, sostegno a distanza e altro. \u00c8 inoltre da sempre impegnata anche nel sostegno delle povert\u00e0 del territorio locale. Tra le prime organizzazioni italiane nel 1986 a proporre il progetto \u201cSostegno a distanza\u201d, oggi assiste quasi duemila bambini in 13 Paesi di Africa, America Latina e Asia. Ancora: in ambito locale e nazionale le attivit\u00e0 sono prevalentemente orientate all\u2019educazione allo sviluppo, attraverso percorsi formativi nelle scuole, eventi e campagne di sensibilizzazione. Isp conta due sedi operative in Uganda, nella capitale Kampala e a Moroto, nella regione nord orientale del Karamoja, con un referente stabile a Morovoay in Madagascar. Emanazione diretta dell\u2019associazione \u00e8 la Ong Isp in Africa, braccio operativo di \u201cInsieme si pu\u00f2\u2026\u201d in Uganda. Ed ecco l\u2019organigramma di staff e direzione: Daniele Giaffredo, direttore; Rita Battiston, amministrazione; Federica De Carli, formazione; Francesca Gaio, progetti locali; Mariachiara Luongo, sostegno a distanza; Nahid Dabiri, raccolta fondi; Maurizio Crespi, responsabile sede Isp Madagascar; Luana Alum, responsabile sede Isp di Moroto, Uganda; Marilisa Battocchio, responsabile progetti Uganda; Chiara Carmagnoli, referente progetti Isp di Moroto, Uganda; altre cariche: presidente Daniele De Dea; vice presidente Edy Battiston; coordinamento: Diego Belli, Giuseppina Casagrande, Luigi Da Corte, Carla Dazzi, Anna Della Lucia, Mario Giatti, Sergio Lacedelli, Paola Mezzavilla, Giorgio Roncada, Angela Rui; compongono l\u2019organo di controllo i dottori: Francesco De Bortoli, Brigida Marta, Augusto Zovi mentre del collegio dei probiviri fanno parte: Alessandra Buzzo, Piergiorgio Da Rold, Francesco De Bon. Altre informazioni sulle molteplici iniziative del Gruppo di volontariato missionario \u201cInsieme si pu\u00f2&#8230;\u201d nella sede di via Vittorio Veneto 248 di Belluno, telefono 0437-291298, indirizzo e-mail: info@365giorni.org, sito telematico: <span role=\"gridcell\"><a class=\"oajrlxb2 g5ia77u1 qu0x051f esr5mh6w e9989ue4 r7d6kgcz rq0escxv nhd2j8a9 nc684nl6 p7hjln8o kvgmc6g5 cxmmr5t8 oygrvhab hcukyx3x jb3vyjys rz4wbd8a qt6c0cv9 a8nywdso i1ao9s8h oo483o9r f1sip0of lzcic4wl oo9gr5id gpro0wi8\" tabindex=\"0\" role=\"link\" href=\"http:\/\/www.365giorni.org\/?fbclid=IwAR2h14dWDGkAvvwe_sshE_YR8h-CMQ_KHaoSKFH-I166qQ0HZXsDlJfa7sw\" target=\"_blank\" rel=\"nofollow noopener noreferrer\">www.365giorni.org<\/a><\/span>.<\/p>\n\n\t\t\t<style type='text\/css'>\n\t\t\t\t#gallery-5 {\n\t\t\t\t\tmargin: auto;\n\t\t\t\t}\n\t\t\t\t#gallery-5 .gallery-item {\n\t\t\t\t\tfloat: left;\n\t\t\t\t\tmargin-top: 10px;\n\t\t\t\t\ttext-align: center;\n\t\t\t\t\twidth: 20%;\n\t\t\t\t}\n\t\t\t\t#gallery-5 img {\n\t\t\t\t\tborder: 2px solid #cfcfcf;\n\t\t\t\t}\n\t\t\t\t#gallery-5 .gallery-caption {\n\t\t\t\t\tmargin-left: 0;\n\t\t\t\t}\n\t\t\t\t\/* see gallery_shortcode() in wp-includes\/media.php *\/\n\t\t\t<\/style>\n\t\t<div id='gallery-5' class='dt-gallery-container gallery galleryid-179500 gallery-columns-5 gallery-size-thumbnail'><dl class='gallery-item'>\n\t\t\t\t<dt class='gallery-icon portrait'>\n\t\t\t\t\t<a class=\"rollover rollover-zoom dt-pswp-item\" title=\"131633445_140671014278061_3131668292209087798_n\" data-dt-img-description=\"\" data-large_image_width=\"150\" data-large_image_height=\"155\"href='https:\/\/www.radiopiu.net\/wordpress\/wp-content\/uploads\/2020\/12\/131633445_140671014278061_3131668292209087798_n.jpg'><img loading=\"lazy\" decoding=\"async\" width=\"150\" height=\"150\" src=\"https:\/\/www.radiopiu.net\/wordpress\/wp-content\/uploads\/2020\/12\/131633445_140671014278061_3131668292209087798_n-150x150.jpg\" class=\"attachment-thumbnail size-thumbnail\" alt=\"\" \/><\/a>\n\t\t\t\t<\/dt><\/dl><dl class='gallery-item'>\n\t\t\t\t<dt class='gallery-icon portrait'>\n\t\t\t\t\t<a class=\"rollover rollover-zoom dt-pswp-item\" title=\"131698200_152014309628116_3540281252244595691_n\" data-dt-img-description=\"\" data-large_image_width=\"1434\" data-large_image_height=\"2012\"href='https:\/\/www.radiopiu.net\/wordpress\/wp-content\/uploads\/2020\/12\/131698200_152014309628116_3540281252244595691_n.jpg'><img loading=\"lazy\" decoding=\"async\" width=\"150\" height=\"150\" src=\"https:\/\/www.radiopiu.net\/wordpress\/wp-content\/uploads\/2020\/12\/131698200_152014309628116_3540281252244595691_n-150x150.jpg\" class=\"attachment-thumbnail size-thumbnail\" alt=\"\" \/><\/a>\n\t\t\t\t<\/dt><\/dl><dl class='gallery-item'>\n\t\t\t\t<dt class='gallery-icon landscape'>\n\t\t\t\t\t<a class=\"rollover rollover-zoom dt-pswp-item\" title=\"131888188_1528012530729730_425278820975795948_n\" data-dt-img-description=\"\" data-large_image_width=\"1024\" data-large_image_height=\"814\"href='https:\/\/www.radiopiu.net\/wordpress\/wp-content\/uploads\/2020\/12\/131888188_1528012530729730_425278820975795948_n.jpg'><img loading=\"lazy\" decoding=\"async\" width=\"150\" height=\"150\" src=\"https:\/\/www.radiopiu.net\/wordpress\/wp-content\/uploads\/2020\/12\/131888188_1528012530729730_425278820975795948_n-150x150.jpg\" class=\"attachment-thumbnail size-thumbnail\" alt=\"\" \/><\/a>\n\t\t\t\t<\/dt><\/dl><dl class='gallery-item'>\n\t\t\t\t<dt class='gallery-icon landscape'>\n\t\t\t\t\t<a class=\"rollover rollover-zoom dt-pswp-item\" title=\"131596620_181543947032629_4871843709440016905_n\" data-dt-img-description=\"\" data-large_image_width=\"440\" data-large_image_height=\"356\"href='https:\/\/www.radiopiu.net\/wordpress\/wp-content\/uploads\/2020\/12\/131596620_181543947032629_4871843709440016905_n.png'><img loading=\"lazy\" decoding=\"async\" width=\"150\" height=\"150\" src=\"https:\/\/www.radiopiu.net\/wordpress\/wp-content\/uploads\/2020\/12\/131596620_181543947032629_4871843709440016905_n-150x150.png\" class=\"attachment-thumbnail size-thumbnail\" alt=\"\" \/><\/a>\n\t\t\t\t<\/dt><\/dl><dl class='gallery-item'>\n\t\t\t\t<dt class='gallery-icon landscape'>\n\t\t\t\t\t<a class=\"rollover rollover-zoom dt-pswp-item\" title=\"131106960_236354958080228_7219816255321881462_n\" data-dt-img-description=\"\" data-large_image_width=\"1747\" data-large_image_height=\"1525\"href='https:\/\/www.radiopiu.net\/wordpress\/wp-content\/uploads\/2020\/12\/131106960_236354958080228_7219816255321881462_n.jpg'><img loading=\"lazy\" decoding=\"async\" width=\"150\" height=\"150\" src=\"https:\/\/www.radiopiu.net\/wordpress\/wp-content\/uploads\/2020\/12\/131106960_236354958080228_7219816255321881462_n-150x150.jpg\" class=\"attachment-thumbnail size-thumbnail\" alt=\"\" \/><\/a>\n\t\t\t\t<\/dt><\/dl><br style=\"clear: both\" \/><dl class='gallery-item'>\n\t\t\t\t<dt class='gallery-icon portrait'>\n\t\t\t\t\t<a class=\"rollover rollover-zoom dt-pswp-item\" title=\"131486768_2563730900597894_2569621814668419988_n\" data-dt-img-description=\"\" data-large_image_width=\"1822\" data-large_image_height=\"2360\"href='https:\/\/www.radiopiu.net\/wordpress\/wp-content\/uploads\/2020\/12\/131486768_2563730900597894_2569621814668419988_n.jpg'><img loading=\"lazy\" decoding=\"async\" width=\"150\" height=\"150\" src=\"https:\/\/www.radiopiu.net\/wordpress\/wp-content\/uploads\/2020\/12\/131486768_2563730900597894_2569621814668419988_n-150x150.jpg\" class=\"attachment-thumbnail size-thumbnail\" alt=\"\" \/><\/a>\n\t\t\t\t<\/dt><\/dl><dl class='gallery-item'>\n\t\t\t\t<dt class='gallery-icon landscape'>\n\t\t\t\t\t<a class=\"rollover rollover-zoom dt-pswp-item\" title=\"131888236_3108496569255625_7102788895422464882_n\" data-dt-img-description=\"\" data-large_image_width=\"395\" data-large_image_height=\"349\"href='https:\/\/www.radiopiu.net\/wordpress\/wp-content\/uploads\/2020\/12\/131888236_3108496569255625_7102788895422464882_n.png'><img loading=\"lazy\" decoding=\"async\" width=\"150\" height=\"150\" src=\"https:\/\/www.radiopiu.net\/wordpress\/wp-content\/uploads\/2020\/12\/131888236_3108496569255625_7102788895422464882_n-150x150.png\" class=\"attachment-thumbnail size-thumbnail\" alt=\"\" \/><\/a>\n\t\t\t\t<\/dt><\/dl><dl class='gallery-item'>\n\t\t\t\t<dt class='gallery-icon landscape'>\n\t\t\t\t\t<a class=\"rollover rollover-zoom dt-pswp-item\" title=\"131683158_4188925507804136_1628884561576394293_n\" data-dt-img-description=\"\" data-large_image_width=\"730\" data-large_image_height=\"410\"href='https:\/\/www.radiopiu.net\/wordpress\/wp-content\/uploads\/2020\/12\/131683158_4188925507804136_1628884561576394293_n.png'><img loading=\"lazy\" decoding=\"async\" width=\"150\" height=\"150\" src=\"https:\/\/www.radiopiu.net\/wordpress\/wp-content\/uploads\/2020\/12\/131683158_4188925507804136_1628884561576394293_n-150x150.png\" class=\"attachment-thumbnail size-thumbnail\" alt=\"\" \/><\/a>\n\t\t\t\t<\/dt><\/dl><dl class='gallery-item'>\n\t\t\t\t<dt class='gallery-icon landscape'>\n\t\t\t\t\t<a class=\"rollover rollover-zoom dt-pswp-item\" title=\"131133473_665599110789696_3611680372650582713_n\" data-dt-img-description=\"\" data-large_image_width=\"685\" data-large_image_height=\"228\"href='https:\/\/www.radiopiu.net\/wordpress\/wp-content\/uploads\/2020\/12\/131133473_665599110789696_3611680372650582713_n.png'><img loading=\"lazy\" decoding=\"async\" width=\"150\" height=\"150\" src=\"https:\/\/www.radiopiu.net\/wordpress\/wp-content\/uploads\/2020\/12\/131133473_665599110789696_3611680372650582713_n-150x150.png\" class=\"attachment-thumbnail size-thumbnail\" alt=\"\" \/><\/a>\n\t\t\t\t<\/dt><\/dl><dl class='gallery-item'>\n\t\t\t\t<dt class='gallery-icon landscape'>\n\t\t\t\t\t<a class=\"rollover rollover-zoom dt-pswp-item\" title=\"131625579_868735987205462_38467741330433103_n\" data-dt-img-description=\"\" data-large_image_width=\"447\" data-large_image_height=\"373\"href='https:\/\/www.radiopiu.net\/wordpress\/wp-content\/uploads\/2020\/12\/131625579_868735987205462_38467741330433103_n.png'><img loading=\"lazy\" decoding=\"async\" width=\"150\" height=\"150\" src=\"https:\/\/www.radiopiu.net\/wordpress\/wp-content\/uploads\/2020\/12\/131625579_868735987205462_38467741330433103_n-150x150.png\" class=\"attachment-thumbnail size-thumbnail\" alt=\"\" \/><\/a>\n\t\t\t\t<\/dt><\/dl><br style=\"clear: both\" \/>\n\t\t\t<\/div>\n\n<p>&nbsp;<\/p>\n<hr \/>\n<p>&nbsp;<\/p>\n<blockquote>\n<h2>SALUTE E SOCIETA&#8217; IL LUNEDI ALLE 13.10 E ALLE 20.10, LA DOMENICA ALLE 10.30 A CURA DEL DOTTOR MARCO CARACCIOLO. QUINTA STAGIONE<\/h2>\n<\/blockquote>\n<h2><span style=\"color: #ff0000;\"><a href=\"https:\/\/www.radiopiu.net\/wordpress\/giornale-radiopiu-15-dicembre-2020-direttore-mirko-mezzacasa\/doctor-woman-medicine-medical-lens-correction-hospital-treatment-patient-optic-eyes-healthcare_t20_4bvakl-300x200\/\" rel=\"attachment wp-att-179398\"><img loading=\"lazy\" decoding=\"async\" class=\"wp-image-179398 alignleft\" src=\"https:\/\/www.radiopiu.net\/wordpress\/wp-content\/uploads\/2020\/12\/doctor-woman-medicine-medical-lens-correction-hospital-treatment-patient-optic-eyes-healthcare_t20_4bVakl-300x200-1.jpg\" alt=\"\" width=\"197\" height=\"131\" \/><\/a>LA PUNTATA DI LUNEDI&#8217;<\/span><\/h2>\n<p>In questa edizione: Sono sette le organizzazioni civiche confluite nell\u2019Alleanza per l\u2019Equit\u00e0 di Accesso alle Cure per le Malattie Oculari, grazie anche al supporto dell\u2019Agenzia Internazionale per la Prevenzione della Cecit\u00e0 \u2013 IAPB Italia Onlus. Filippo Cruciani, Referente scientifico IAPB Italia Onlus La dottoressa Teresa Petrangolini, Coordinatrice dell\u2019alleanza associazioni-pazienti Edoardo Midena, Segretario generale della Societ\u00e0 Italiana della Retina<\/p>\n<audio class=\"wp-audio-shortcode\" id=\"audio-179500-9\" preload=\"none\" style=\"width: 100%;\" controls=\"controls\"><source type=\"audio\/mpeg\" src=\"https:\/\/www.radiopiu.net\/wordpress\/wp-content\/uploads\/2020\/12\/SALUTE-2.mp3?_=9\" \/><a href=\"https:\/\/www.radiopiu.net\/wordpress\/wp-content\/uploads\/2020\/12\/SALUTE-2.mp3\">https:\/\/www.radiopiu.net\/wordpress\/wp-content\/uploads\/2020\/12\/SALUTE-2.mp3<\/a><\/audio>\n<h3><\/h3>\n<h3>LA RACCOLTA COMPLETA<\/h3>\n<blockquote class=\"wp-embedded-content\" data-secret=\"fe1ZkxcTrE\"><p><a href=\"https:\/\/www.radiopiu.net\/wordpress\/saluteesocieta\/\">Salute e Societ\u00e0<\/a><\/p><\/blockquote>\n<p><iframe loading=\"lazy\" class=\"wp-embedded-content\" sandbox=\"allow-scripts\" security=\"restricted\" style=\"position: absolute; clip: rect(1px, 1px, 1px, 1px);\" title=\"&#8220;Salute e Societ\u00e0&#8221; &#8212; Radio Pi\u00f9\" src=\"https:\/\/www.radiopiu.net\/wordpress\/saluteesocieta\/embed\/#?secret=fe1ZkxcTrE\" data-secret=\"fe1ZkxcTrE\" width=\"600\" height=\"338\" frameborder=\"0\" marginwidth=\"0\" marginheight=\"0\" scrolling=\"no\"><\/iframe><\/p>\n<p>&nbsp;<\/p>\n<p>&nbsp;<\/p>\n<hr \/>\n<p>&nbsp;<\/p>\n<h2><a href=\"https:\/\/www.radiopiu.net\/wordpress\/179589-2\/xmas-2928142__340\/\" rel=\"attachment wp-att-179590\"><img loading=\"lazy\" decoding=\"async\" class=\"wp-image-179590 alignleft\" src=\"https:\/\/www.radiopiu.net\/wordpress\/wp-content\/uploads\/2020\/12\/xmas-2928142__340-300x200.jpg\" alt=\"\" width=\"212\" height=\"141\" srcset=\"https:\/\/www.radiopiu.net\/wordpress\/wp-content\/uploads\/2020\/12\/xmas-2928142__340-300x200.jpg 300w, https:\/\/www.radiopiu.net\/wordpress\/wp-content\/uploads\/2020\/12\/xmas-2928142__340.jpg 510w\" sizes=\"auto, (max-width: 212px) 100vw, 212px\" \/><\/a><\/h2>\n<h2><\/h2>\n<h2>I RACCONTI DI NATALE, 10 PUNTATE CON LUISA ALCHINI, TUTTI I GIORNI ALLE 9 E ALLE 18<\/h2>\n<p>&nbsp;<\/p>\n<p><strong>PUNTATA 02<\/strong><\/p>\n<audio class=\"wp-audio-shortcode\" id=\"audio-179500-10\" preload=\"none\" style=\"width: 100%;\" controls=\"controls\"><source type=\"audio\/mpeg\" src=\"https:\/\/www.radiopiu.net\/wordpress\/wp-content\/uploads\/2020\/12\/raccontonatale2-1.mp3?_=10\" \/><a href=\"https:\/\/www.radiopiu.net\/wordpress\/wp-content\/uploads\/2020\/12\/raccontonatale2-1.mp3\">https:\/\/www.radiopiu.net\/wordpress\/wp-content\/uploads\/2020\/12\/raccontonatale2-1.mp3<\/a><\/audio>\n<p>&nbsp;<\/p>\n<h1>LA RACCOLTA COMPLETA<\/h1>\n<blockquote class=\"wp-embedded-content\" data-secret=\"dokGHqf4Wl\"><p><a href=\"https:\/\/www.radiopiu.net\/wordpress\/i-racconti-di-natale-di-luisa-alchini\/\">I racconti di Natale di Luisa Alchini<\/a><\/p><\/blockquote>\n<p><iframe loading=\"lazy\" class=\"wp-embedded-content\" sandbox=\"allow-scripts\" security=\"restricted\" style=\"position: absolute; clip: rect(1px, 1px, 1px, 1px);\" title=\"&#8220;I racconti di Natale di Luisa Alchini&#8221; &#8212; Radio Pi\u00f9\" src=\"https:\/\/www.radiopiu.net\/wordpress\/i-racconti-di-natale-di-luisa-alchini\/embed\/#?secret=dokGHqf4Wl\" data-secret=\"dokGHqf4Wl\" width=\"600\" height=\"338\" frameborder=\"0\" marginwidth=\"0\" marginheight=\"0\" scrolling=\"no\"><\/iframe><\/p>\n<p>&nbsp;<\/p>\n<p>&nbsp;<\/p>\n<hr \/>\n<p>&nbsp;<\/p>\n<div class=\"im_message_wrap clearfix\">\n<div class=\"im_content_message_wrap im_message_out\">\n<h2><span style=\"color: #ff0000;\">IERI ALLA RADIO\u00a0 IN VIVO VERSO 2020-21<\/span><\/h2>\n<p><strong><span style=\"color: #0000ff;\">IN ONDA DAL LUNEDI AL VENERDI ALLE 7.10, 10.10, 18.50 I PROTAGONISTI DI QUESTA SETTIMANA: <\/span><span style=\"color: #0000ff;\"><span style=\"color: #000000;\"><span class=\"d2edcug0 hpfvmrgz qv66sw1b c1et5uql rrkovp55 a8c37x1j keod5gw0 nxhoafnm aigsh9s9 d3f4x2em fe6kdd0r mau55g9w c8b282yb iv3no6db jq4qci2q a3bd9o3v knj5qynh oo9gr5id hzawbc8m\" dir=\"auto\">Quattro donne e un uomo, una settimana che raggiunge e tocca corde profonde &#8230; mi sono molto emozionata a leggervi , care <\/span><\/span><\/span><\/strong>Lorella De Bon<strong><span style=\"color: #0000ff;\"><span style=\"color: #000000;\"><span class=\"d2edcug0 hpfvmrgz qv66sw1b c1et5uql rrkovp55 a8c37x1j keod5gw0 nxhoafnm aigsh9s9 d3f4x2em fe6kdd0r mau55g9w c8b282yb iv3no6db jq4qci2q a3bd9o3v knj5qynh oo9gr5id hzawbc8m\" dir=\"auto\">, <\/span><\/span><\/span><\/strong>Michela MagicMiki Epifani<strong><span style=\"color: #0000ff;\"><span style=\"color: #000000;\"><span class=\"d2edcug0 hpfvmrgz qv66sw1b c1et5uql rrkovp55 a8c37x1j keod5gw0 nxhoafnm aigsh9s9 d3f4x2em fe6kdd0r mau55g9w c8b282yb iv3no6db jq4qci2q a3bd9o3v knj5qynh oo9gr5id hzawbc8m\" dir=\"auto\">, <\/span><\/span><\/span><\/strong>Lu Paer<span style=\"color: #0000ff;\"><span style=\"color: #000000;\"><span class=\"d2edcug0 hpfvmrgz qv66sw1b c1et5uql rrkovp55 a8c37x1j keod5gw0 nxhoafnm aigsh9s9 d3f4x2em fe6kdd0r mau55g9w c8b282yb iv3no6db jq4qci2q a3bd9o3v knj5qynh oo9gr5id hzawbc8m\" dir=\"auto\"> e Rosalina Pianezze.. e la voce di <\/span><\/span><\/span>Giuseppe Terracciano\u00a0<span style=\"color: #0000ff;\"><span style=\"color: #000000;\"><span class=\"d2edcug0 hpfvmrgz qv66sw1b c1et5uql rrkovp55 a8c37x1j keod5gw0 nxhoafnm aigsh9s9 d3f4x2em fe6kdd0r mau55g9w c8b282yb iv3no6db jq4qci2q a3bd9o3v knj5qynh oo9gr5id hzawbc8m\" dir=\"auto\"> chiuder\u00e0 in bellezza questi momenti che voi poeti sempre ci regalate&#8230;grazie, da Brunella<\/span><\/span><\/span><\/p>\n<blockquote class=\"wp-embedded-content\" data-secret=\"34rMhIEXAO\"><p><a href=\"https:\/\/www.radiopiu.net\/wordpress\/vicino-di-michela-epifani\/\">VICINO di MICHELA EPIFANI<\/a><\/p><\/blockquote>\n<p><iframe loading=\"lazy\" class=\"wp-embedded-content\" sandbox=\"allow-scripts\" security=\"restricted\" style=\"position: absolute; clip: rect(1px, 1px, 1px, 1px);\" title=\"&#8220;VICINO di MICHELA EPIFANI&#8221; &#8212; Radio Pi\u00f9\" src=\"https:\/\/www.radiopiu.net\/wordpress\/vicino-di-michela-epifani\/embed\/#?secret=34rMhIEXAO\" data-secret=\"34rMhIEXAO\" width=\"600\" height=\"338\" frameborder=\"0\" marginwidth=\"0\" marginheight=\"0\" scrolling=\"no\"><\/iframe><\/p>\n<\/div>\n<\/div>\n<h1><strong><span style=\"font-family: Verdana, sans-serif;\"><span style=\"font-size: medium;\">LA RACCOLTA COMPLETA, TUTTE LE COLLEZIONI<\/span><\/span><\/strong><\/h1>\n<blockquote class=\"wp-embedded-content\" data-secret=\"NWihzgqI8d\"><p><a href=\"https:\/\/www.radiopiu.net\/wordpress\/in-vivo-verso\/\">In Vivo Verso<\/a><\/p><\/blockquote>\n<p><iframe loading=\"lazy\" class=\"wp-embedded-content\" sandbox=\"allow-scripts\" security=\"restricted\" style=\"position: absolute; clip: rect(1px, 1px, 1px, 1px);\" title=\"&#8220;In Vivo Verso&#8221; &#8212; Radio Pi\u00f9\" src=\"https:\/\/www.radiopiu.net\/wordpress\/in-vivo-verso\/embed\/#?secret=NWihzgqI8d\" data-secret=\"NWihzgqI8d\" width=\"600\" height=\"338\" frameborder=\"0\" marginwidth=\"0\" marginheight=\"0\" scrolling=\"no\"><\/iframe><\/p>\n<hr \/>\n<p>&nbsp;<\/p>\n<h2>007 IN CONDOTTA CON LA PROF. MARIA ROSA SALMAZO IL LUNEDI ALLE 10,30 E ALLE 19.00 LA DOMENICA ALLE 8 DEL MATTINO. NONA STAGIONE<\/h2>\n<p><strong><a href=\"https:\/\/www.radiopiu.net\/wordpress\/vacanze-diverse\/little-girl-drawing-and-coloring\/\" rel=\"attachment wp-att-179329\"><img loading=\"lazy\" decoding=\"async\" class=\"wp-image-179329 alignleft\" src=\"https:\/\/www.radiopiu.net\/wordpress\/wp-content\/uploads\/2020\/12\/natale-scuola-300x200.jpg\" alt=\"\" width=\"149\" height=\"99\" srcset=\"https:\/\/www.radiopiu.net\/wordpress\/wp-content\/uploads\/2020\/12\/natale-scuola-300x200.jpg 300w, https:\/\/www.radiopiu.net\/wordpress\/wp-content\/uploads\/2020\/12\/natale-scuola.jpg 626w\" sizes=\"auto, (max-width: 149px) 100vw, 149px\" \/><\/a>LA PUNTATA DELLA SETTIMANA<\/strong><\/p>\n<h3>Vacanze diverse audio<\/h3>\n<p><strong>AUDIO<\/strong><\/p>\n<audio class=\"wp-audio-shortcode\" id=\"audio-179500-11\" preload=\"none\" style=\"width: 100%;\" controls=\"controls\"><source type=\"audio\/mpeg\" src=\"https:\/\/www.radiopiu.net\/wordpress\/wp-content\/uploads\/2020\/12\/007-condotta-14-dicembre.mp3?_=11\" \/><a href=\"https:\/\/www.radiopiu.net\/wordpress\/wp-content\/uploads\/2020\/12\/007-condotta-14-dicembre.mp3\">https:\/\/www.radiopiu.net\/wordpress\/wp-content\/uploads\/2020\/12\/007-condotta-14-dicembre.mp3<\/a><\/audio>\n<h2><\/h2>\n<h2>LA RACCOLTA COMPLETA<\/h2>\n<blockquote class=\"wp-embedded-content\" data-secret=\"bqiucNG3GH\"><p><a href=\"https:\/\/www.radiopiu.net\/wordpress\/007incondotta-9\/\">007 in condotta<\/a><\/p><\/blockquote>\n<p><iframe loading=\"lazy\" class=\"wp-embedded-content\" sandbox=\"allow-scripts\" security=\"restricted\" style=\"position: absolute; clip: rect(1px, 1px, 1px, 1px);\" title=\"&#8220;007 in condotta&#8221; &#8212; Radio Pi\u00f9\" src=\"https:\/\/www.radiopiu.net\/wordpress\/007incondotta-9\/embed\/#?secret=bqiucNG3GH\" data-secret=\"bqiucNG3GH\" width=\"600\" height=\"338\" frameborder=\"0\" marginwidth=\"0\" marginheight=\"0\" scrolling=\"no\"><\/iframe><\/p>\n<p>&nbsp;<\/p>\n<p>&nbsp;<\/p>\n<hr \/>\n<blockquote>\n<h2><\/h2>\n<h2>FANTASTICHE DOLOMITI, NUOVA STAGIONE. APPUNTAMENTO QUINDICINALE IL GIOVEDI ALLE 10.30 E 1900<\/h2>\n<\/blockquote>\n<h1>LA RACCOLTA COMPLETA<\/h1>\n<blockquote class=\"wp-embedded-content\" data-secret=\"MvGc2ThZlq\"><p><a href=\"https:\/\/www.radiopiu.net\/wordpress\/https-wp-me-p63lo7-gyg\/\">FANTASTICHE DOLOMITI: IL QUINDICINALE APPUNTAMENTO ALLA RADIO<\/a><\/p><\/blockquote>\n<p><iframe loading=\"lazy\" class=\"wp-embedded-content\" sandbox=\"allow-scripts\" security=\"restricted\" style=\"position: absolute; clip: rect(1px, 1px, 1px, 1px);\" title=\"&#8220;FANTASTICHE DOLOMITI: IL QUINDICINALE APPUNTAMENTO ALLA RADIO&#8221; &#8212; Radio Pi\u00f9\" src=\"https:\/\/www.radiopiu.net\/wordpress\/https-wp-me-p63lo7-gyg\/embed\/#?secret=MvGc2ThZlq\" data-secret=\"MvGc2ThZlq\" width=\"600\" height=\"338\" frameborder=\"0\" marginwidth=\"0\" marginheight=\"0\" scrolling=\"no\"><\/iframe><\/p>\n<div class=\"mw-parser-output\">\n<p>&nbsp;<\/p>\n<\/div>\n<p>&nbsp;<\/p>\n<hr \/>\n<p>&nbsp;<\/p>\n<blockquote>\n<h2><a href=\"https:\/\/www.radiopiu.net\/wordpress\/speciale-solidarieta-veneto\/solidarieta-veneto-3\/\" rel=\"attachment wp-att-134366\"><img loading=\"lazy\" decoding=\"async\" class=\"wp-image-134366 alignleft\" src=\"https:\/\/www.radiopiu.net\/wordpress\/wp-content\/uploads\/2020\/05\/solidariet\u00e0-veneto-300x210.jpg\" alt=\"\" width=\"179\" height=\"125\" srcset=\"https:\/\/www.radiopiu.net\/wordpress\/wp-content\/uploads\/2020\/05\/solidariet\u00e0-veneto-300x210.jpg 300w, https:\/\/www.radiopiu.net\/wordpress\/wp-content\/uploads\/2020\/05\/solidariet\u00e0-veneto-1024x717.jpg 1024w, https:\/\/www.radiopiu.net\/wordpress\/wp-content\/uploads\/2020\/05\/solidariet\u00e0-veneto-768x538.jpg 768w, https:\/\/www.radiopiu.net\/wordpress\/wp-content\/uploads\/2020\/05\/solidariet\u00e0-veneto.jpg 1373w\" sizes=\"auto, (max-width: 179px) 100vw, 179px\" \/><\/a>SOLIDARIETA&#8217; VENETO FONDO PENSIONE, IN ONDA IL PRIMO VENERDI DEL MESE ALLE 10.30 E ALLE 19.00 QUINTA STAGIONE<\/h2>\n<h2>RACCOLTA COMPLETA<\/h2>\n<\/blockquote>\n<blockquote class=\"wp-embedded-content\" data-secret=\"EuupEi0mkg\"><p><a href=\"https:\/\/www.radiopiu.net\/wordpress\/solidarieta-veneto\/\">Solidariet\u00e0 Veneto<\/a><\/p><\/blockquote>\n<p><iframe loading=\"lazy\" class=\"wp-embedded-content\" sandbox=\"allow-scripts\" security=\"restricted\" style=\"position: absolute; clip: rect(1px, 1px, 1px, 1px);\" title=\"&#8220;Solidariet\u00e0 Veneto&#8221; &#8212; Radio Pi\u00f9\" src=\"https:\/\/www.radiopiu.net\/wordpress\/solidarieta-veneto\/embed\/#?secret=EuupEi0mkg\" data-secret=\"EuupEi0mkg\" width=\"600\" height=\"338\" frameborder=\"0\" marginwidth=\"0\" marginheight=\"0\" scrolling=\"no\"><\/iframe><\/p>\n<p>&nbsp;<\/p>\n<p>&nbsp;<\/p>\n<hr \/>\n<p>&nbsp;<\/p>\n<h2><span style=\"color: #808000;\">DUE MINUTI UN LIBRO\u00a0 TUTTI I GIORNI ALLA RADIO ALLE 9.30 E ALLE 18. QUINTA STAGIONE\u00a0 \u00a0\u00a0<\/span><\/h2>\n<blockquote class=\"wp-embedded-content\" data-secret=\"cCneeR9nNi\"><p><a href=\"https:\/\/www.radiopiu.net\/wordpress\/lultima-luna\/\">L&#8217;ULTIMA LUNA<\/a><\/p><\/blockquote>\n<p><iframe loading=\"lazy\" class=\"wp-embedded-content\" sandbox=\"allow-scripts\" security=\"restricted\" style=\"position: absolute; clip: rect(1px, 1px, 1px, 1px);\" title=\"&#8220;L&#8217;ULTIMA LUNA&#8221; &#8212; Radio Pi\u00f9\" src=\"https:\/\/www.radiopiu.net\/wordpress\/lultima-luna\/embed\/#?secret=cCneeR9nNi\" data-secret=\"cCneeR9nNi\" width=\"600\" height=\"338\" frameborder=\"0\" marginwidth=\"0\" marginheight=\"0\" scrolling=\"no\"><\/iframe><\/p>\n<h2>LA RACCOLTA COMPLETA<\/h2>\n<blockquote class=\"wp-embedded-content\" data-secret=\"9f6quCfY3O\"><p><a href=\"https:\/\/www.radiopiu.net\/wordpress\/due-minuti-un-libro\/\">Due minuti un libro<\/a><\/p><\/blockquote>\n<p><iframe loading=\"lazy\" class=\"wp-embedded-content\" sandbox=\"allow-scripts\" security=\"restricted\" style=\"position: absolute; clip: rect(1px, 1px, 1px, 1px);\" title=\"&#8220;Due minuti un libro&#8221; &#8212; Radio Pi\u00f9\" src=\"https:\/\/www.radiopiu.net\/wordpress\/due-minuti-un-libro\/embed\/#?secret=9f6quCfY3O\" data-secret=\"9f6quCfY3O\" width=\"600\" height=\"338\" frameborder=\"0\" marginwidth=\"0\" marginheight=\"0\" scrolling=\"no\"><\/iframe><\/p>\n<p>&nbsp;<\/p>\n<hr \/>\n<p>&nbsp;<\/p>\n<blockquote>\n<h2>CASSA SOLIDARIET\u00c0 LUXOTTICA &#8211; PUNTATA DEL 20 NOVEMBRE 2020<\/h2>\n<h2>RACCOLTA COMPLETA<\/h2>\n<\/blockquote>\n<blockquote class=\"wp-embedded-content\" data-secret=\"ekckTGVVE4\"><p><a href=\"https:\/\/www.radiopiu.net\/wordpress\/cassa-solidarieta-luxottica-puntata-del-16-ottobre-2020\/\">CASSA SOLIDARIET\u00c0 LUXOTTICA &#8211; PUNTATA DEL 20 NOVEMBRE 2020<\/a><\/p><\/blockquote>\n<p><iframe loading=\"lazy\" class=\"wp-embedded-content\" sandbox=\"allow-scripts\" security=\"restricted\" style=\"position: absolute; clip: rect(1px, 1px, 1px, 1px);\" title=\"&#8220;CASSA SOLIDARIET\u00c0 LUXOTTICA &#8211; PUNTATA DEL 20 NOVEMBRE 2020&#8221; &#8212; Radio Pi\u00f9\" src=\"https:\/\/www.radiopiu.net\/wordpress\/cassa-solidarieta-luxottica-puntata-del-16-ottobre-2020\/embed\/#?secret=ekckTGVVE4\" data-secret=\"ekckTGVVE4\" width=\"600\" height=\"338\" frameborder=\"0\" marginwidth=\"0\" marginheight=\"0\" scrolling=\"no\"><\/iframe><\/p>\n<p>&nbsp;<\/p>\n<p>&nbsp;<\/p>\n<div>\n<p>&nbsp;<\/p>\n<hr \/>\n<p>&nbsp;<\/p>\n<h2><span style=\"color: #800080;\"><strong>LA RASSEGNA STAMPA DA L&#8217;AMICO DEL POPOLO<\/strong><\/span><\/h2>\n<p><strong>LA RACCOLTA COMPLETA<\/strong><\/p>\n<blockquote class=\"wp-embedded-content\" data-secret=\"d62Ew4i7qF\"><p><a href=\"https:\/\/www.radiopiu.net\/wordpress\/rassegna-stampa-di-gianni-santomaso\/\">Rassegna stampa da l&#8217;amico del popolo &#8211; di Gianni Santomaso<\/a><\/p><\/blockquote>\n<p><iframe loading=\"lazy\" class=\"wp-embedded-content\" sandbox=\"allow-scripts\" security=\"restricted\" style=\"position: absolute; clip: rect(1px, 1px, 1px, 1px);\" title=\"&#8220;Rassegna stampa da l&#8217;amico del popolo &#8211; di Gianni Santomaso&#8221; &#8212; Radio Pi\u00f9\" src=\"https:\/\/www.radiopiu.net\/wordpress\/rassegna-stampa-di-gianni-santomaso\/embed\/#?secret=d62Ew4i7qF\" data-secret=\"d62Ew4i7qF\" width=\"600\" height=\"338\" frameborder=\"0\" marginwidth=\"0\" marginheight=\"0\" scrolling=\"no\"><\/iframe><\/p>\n<p>&nbsp;<\/p>\n<p>&nbsp;<\/p>\n<p>&nbsp;<\/p>\n<hr \/>\n<p>&nbsp;<\/p>\n<p>&nbsp;<\/p>\n<p>&nbsp;<\/p>\n<div>\n<h2><span style=\"color: #33cccc;\">I RACCONTI DI PAOLO SOPPELSA il lunedi alle 9.30 e 18.30<\/span><\/h2>\n<h2><span style=\"color: #33cccc;\"><strong>RACCOLTA COMPLETA<\/strong><\/span><\/h2>\n<blockquote class=\"wp-embedded-content\" data-secret=\"ikXQTIdvEA\"><p><a href=\"https:\/\/www.radiopiu.net\/wordpress\/i-racconti-di-paolo-soppelsa\/\">I racconti di Paolo Soppelsa<\/a><\/p><\/blockquote>\n<p><iframe loading=\"lazy\" class=\"wp-embedded-content\" sandbox=\"allow-scripts\" security=\"restricted\" style=\"position: absolute; clip: rect(1px, 1px, 1px, 1px);\" title=\"&#8220;I racconti di Paolo Soppelsa&#8221; &#8212; Radio Pi\u00f9\" src=\"https:\/\/www.radiopiu.net\/wordpress\/i-racconti-di-paolo-soppelsa\/embed\/#?secret=ikXQTIdvEA\" data-secret=\"ikXQTIdvEA\" width=\"600\" height=\"338\" frameborder=\"0\" marginwidth=\"0\" marginheight=\"0\" scrolling=\"no\"><\/iframe><\/p>\n<\/div>\n<p>&nbsp;<\/p>\n<hr \/>\n<p>&nbsp;<\/p>\n<div>\n<p>&nbsp;<\/p>\n<h2><strong>LE\u00a0 PUNTATE di Luisa Alchini di Leggermente Bellunesi, la domenica alle 11, il martedi alle 10.30 e alle 19.00<\/strong><\/h2>\n<h2><span style=\"color: #ff0000;\"><a href=\"https:\/\/www.radiopiu.net\/wordpress\/giornale-radiopiu-16-dicembre-2020-direttore-mirko-mezzacasa\/131185031_1545068962347832_5114746338855923277_o\/\" rel=\"attachment wp-att-179693\"><img loading=\"lazy\" decoding=\"async\" class=\"wp-image-179693 alignleft\" src=\"https:\/\/www.radiopiu.net\/wordpress\/wp-content\/uploads\/2020\/12\/131185031_1545068962347832_5114746338855923277_o-215x300.jpg\" alt=\"\" width=\"162\" height=\"226\" srcset=\"https:\/\/www.radiopiu.net\/wordpress\/wp-content\/uploads\/2020\/12\/131185031_1545068962347832_5114746338855923277_o-215x300.jpg 215w, https:\/\/www.radiopiu.net\/wordpress\/wp-content\/uploads\/2020\/12\/131185031_1545068962347832_5114746338855923277_o.jpg 515w\" sizes=\"auto, (max-width: 162px) 100vw, 162px\" \/><\/a><\/span><\/h2>\n<h2><\/h2>\n<h2><\/h2>\n<h2><\/h2>\n<h2><span style=\"color: #ff0000;\">QUESTA SETTIMANA<\/span><\/h2>\n<p><strong>Angelo Torrassa<\/strong><\/p>\n<p>&nbsp;<\/p>\n<audio class=\"wp-audio-shortcode\" id=\"audio-179500-12\" preload=\"none\" style=\"width: 100%;\" controls=\"controls\"><source type=\"audio\/mpeg\" src=\"https:\/\/www.radiopiu.net\/wordpress\/wp-content\/uploads\/2020\/12\/10leggermenteangelotorrassa2020.mp3?_=12\" \/><a href=\"https:\/\/www.radiopiu.net\/wordpress\/wp-content\/uploads\/2020\/12\/10leggermenteangelotorrassa2020.mp3\">https:\/\/www.radiopiu.net\/wordpress\/wp-content\/uploads\/2020\/12\/10leggermenteangelotorrassa2020.mp3<\/a><\/audio>\n<p>&nbsp;<\/p>\n<p><span style=\"color: #000000;\">RACCOLTA COMPLETA<\/span><\/p>\n<\/div>\n<blockquote class=\"wp-embedded-content\" data-secret=\"me3OYkBxXs\"><p><a href=\"https:\/\/www.radiopiu.net\/wordpress\/leggermente-20\/\">LEGGERmente&#8230;Bellunesi<\/a><\/p><\/blockquote>\n<p><iframe loading=\"lazy\" class=\"wp-embedded-content\" sandbox=\"allow-scripts\" security=\"restricted\" style=\"position: absolute; clip: rect(1px, 1px, 1px, 1px);\" title=\"&#8220;LEGGERmente&#8230;Bellunesi&#8221; &#8212; Radio Pi\u00f9\" src=\"https:\/\/www.radiopiu.net\/wordpress\/leggermente-20\/embed\/#?secret=me3OYkBxXs\" data-secret=\"me3OYkBxXs\" width=\"600\" height=\"338\" frameborder=\"0\" marginwidth=\"0\" marginheight=\"0\" scrolling=\"no\"><\/iframe><\/p>\n<hr \/>\n<p>&nbsp;<\/p>\n<blockquote>\n<h3>L&#8217;ALMANACCO LADINO CON L&#8217;ISTITUT CESA DE JAN QUINDICINALE APPUNTAMENTO. LA DOMENICA ALLE 9 IL LUNEDI ALLE 8.35 IL MARTEDI ALLE 12.35 IL MERCOLEDI ALLE 18.35. SECONDA STAGIONE.<\/h3>\n<\/blockquote>\n<p><strong>RACCOLTA COMPLETA\u00a0<\/strong><\/p>\n<blockquote class=\"wp-embedded-content\" data-secret=\"aYr4DxoG4q\"><p><a href=\"https:\/\/www.radiopiu.net\/wordpress\/almanacco-ladino\/\">Almanacco Ladino<\/a><\/p><\/blockquote>\n<p><iframe loading=\"lazy\" class=\"wp-embedded-content\" sandbox=\"allow-scripts\" security=\"restricted\" style=\"position: absolute; clip: rect(1px, 1px, 1px, 1px);\" title=\"&#8220;Almanacco Ladino&#8221; &#8212; Radio Pi\u00f9\" src=\"https:\/\/www.radiopiu.net\/wordpress\/almanacco-ladino\/embed\/#?secret=aYr4DxoG4q\" data-secret=\"aYr4DxoG4q\" width=\"600\" height=\"338\" frameborder=\"0\" marginwidth=\"0\" marginheight=\"0\" scrolling=\"no\"><\/iframe><\/p>\n<p>&nbsp;<\/p>\n<\/div>\n<hr \/>\n<div>\n<h2><span style=\"color: #000080;\"><a class=\"dt-pswp-item\" href=\"https:\/\/www.radiopiu.net\/wordpress\/wp-content\/uploads\/2020\/10\/pp.jpg\" data-dt-img-description=\"\" data-large_image_width=\"640\" data-large_image_height=\"640\"><img loading=\"lazy\" decoding=\"async\" class=\"wp-image-163678 alignleft\" src=\"https:\/\/www.radiopiu.net\/wordpress\/wp-content\/uploads\/2020\/10\/pp-300x300.jpg\" alt=\"\" width=\"106\" height=\"106\" srcset=\"https:\/\/www.radiopiu.net\/wordpress\/wp-content\/uploads\/2020\/10\/pp-300x300.jpg 300w, https:\/\/www.radiopiu.net\/wordpress\/wp-content\/uploads\/2020\/10\/pp-150x150.jpg 150w, https:\/\/www.radiopiu.net\/wordpress\/wp-content\/uploads\/2020\/10\/pp-125x125.jpg 125w, https:\/\/www.radiopiu.net\/wordpress\/wp-content\/uploads\/2020\/10\/pp-200x200.jpg 200w, https:\/\/www.radiopiu.net\/wordpress\/wp-content\/uploads\/2020\/10\/pp-80x80.jpg 80w, https:\/\/www.radiopiu.net\/wordpress\/wp-content\/uploads\/2020\/10\/pp-480x480.jpg 480w, https:\/\/www.radiopiu.net\/wordpress\/wp-content\/uploads\/2020\/10\/pp.jpg 640w\" sizes=\"auto, (max-width: 106px) 100vw, 106px\" \/><\/a> <\/span><\/h2>\n<h2><span style=\"color: #000080;\">DON CESARE, IL PENSIERO DEL GIORNO. ALLA RADIO ALLE 7 DEL MATTINO E ALLE 19.30 DELLA SERA.\u00a0\u00a0<\/span><\/h2>\n<\/div>\n<p>&nbsp;<\/p>\n<p>&nbsp;<\/p>\n<audio class=\"wp-audio-shortcode\" id=\"audio-179500-13\" preload=\"none\" style=\"width: 100%;\" controls=\"controls\"><source type=\"audio\/mpeg\" src=\"https:\/\/www.radiopiu.net\/wordpress\/wp-content\/uploads\/2020\/12\/cesare-4.mp3?_=13\" \/><a href=\"https:\/\/www.radiopiu.net\/wordpress\/wp-content\/uploads\/2020\/12\/cesare-4.mp3\">https:\/\/www.radiopiu.net\/wordpress\/wp-content\/uploads\/2020\/12\/cesare-4.mp3<\/a><\/audio>\n<p>&nbsp;<\/p>\n<p>&nbsp;<\/p>\n<hr \/>\n<p>&nbsp;<\/p>\n<div>\n<p class=\"photoswipe-wrapper\"><a class=\"dt-pswp-item pspw-wrap-ready\" href=\"https:\/\/i0.wp.com\/www.radiopiu.net\/wordpress\/wp-content\/uploads\/2018\/09\/viabilita.jpeg?ssl=1\" data-dt-img-description=\"\" data-large_image_width=\"800\" data-large_image_height=\"100\"><img loading=\"lazy\" decoding=\"async\" class=\"aligncenter wp-image-61954 size-full\" src=\"https:\/\/i0.wp.com\/www.radiopiu.net\/wordpress\/wp-content\/uploads\/2018\/09\/viabilita.jpeg?resize=800%2C100&amp;ssl=1\" sizes=\"auto, (max-width: 800px) 100vw, 800px\" srcset=\"https:\/\/i0.wp.com\/www.radiopiu.net\/wordpress\/wp-content\/uploads\/2018\/09\/viabilita.jpeg?w=800&amp;ssl=1 800w, https:\/\/i0.wp.com\/www.radiopiu.net\/wordpress\/wp-content\/uploads\/2018\/09\/viabilita.jpeg?resize=300%2C38&amp;ssl=1 300w, https:\/\/i0.wp.com\/www.radiopiu.net\/wordpress\/wp-content\/uploads\/2018\/09\/viabilita.jpeg?resize=768%2C96&amp;ssl=1 768w\" alt=\"\" width=\"800\" height=\"100\" \/><\/a><\/p>\n<\/div>\n<p>&nbsp;<\/p>\n<p><strong>SP 5 DI LAMOSANO<\/strong> Fino al 23 dicembre senso unico alternato regolato da semaforo in localit\u00e0 Pradebon in comune di Chies D&#8217;Alpago per completamento messa in sicurezza della strada<\/p>\n<p><strong>SP 20 DELLA VAL FIORENTINA<\/strong> fino al 18 dicembre senso unico alternato regolato da semaforo a Selva Di Cadore in localit\u00e0 Solator per sondaggi geognostici<\/p>\n<p><strong>SP 28 DELLE COSTE D&#8217;ALPAGO<\/strong> fino al 31 dicembre, compreso sabato, domenica e festivi infrasettimanali,\u00a0senso unico alternato regolato da semaforo in prossimit\u00e0 dell&#8217;abitato di Farra D&#8217;Alpago per messa in sicurezza della strada<\/p>\n<p><strong>SP 422 DELL&#8217;ALPAGO E DEL CANSIGLIO<\/strong> senso unico alternato regolato da semaforo o movieri tra Bastia e Puos e tra Puos e Cornei dalle 8 alle 19 fino al 23 dicembre esclusi sabato e domenica per posa fibre ottiche<\/p>\n<p><strong>SP 42 CAVALLERA<\/strong> fino a revoca, chiusura della strada nell&#8217;abitato di Perarolo per attivazione emergenza frana &#8220;Busa del Cristo&#8221;<\/p>\n<p><strong>FELTRE<\/strong> Senso unico alternato regolato da movieri per lavori stradali nel tratto di viale Monte Grappa compreso fra incrocio con via Folli ( accesso supermercato Lidl ) e fine cantiere Altanon ( altezza negozio Kiwi Sport ) fino al 23 dicembre<\/p>\n<p><strong>PROVINCIALE 49 MISURINA CONFINE PROVINCIA DI BOLZANO<\/strong>:\u00a0 fino al 22 dicembre (festivi e prefestivi compresi) senso unico alternato con movieri o semafori<\/p>\n<p><strong>S.P.2 DELLA VALLE DEL MIS\u00a0<\/strong>Interdizione totale al traffico fino a revoca dal km 14,920 (localit\u00e0 Gona Bassa) al km 20,650 (localit\u00e0 Titele) per cedimento della carreggiata<\/p>\n<p><strong>S.P. 5 DI LAMOSANO<\/strong>\u00a0Interdizione totale fino a revoca per presenza di materiale e alberi in strada.<\/p>\n<p><strong>S.P. 251 DI VAL DI ZOLDO E VAL CELLINA\u00a0<\/strong>dalla localit\u00e0 Soffranco fino all&#8217;imbocco nord della galleria S. Giovanni interdizione totale al transito per cedimento della carreggiata<\/p>\n<p><strong>SP 3 DELLA VAL IMPERINA<\/strong> fino a revoca, senso unico alternato regolato a vista in localit\u00e0 Gona di Conedera di Rivamonte per cedimento della carreggiata stradale<\/p>\n<p><strong>REGIONALE 203 AGORDINA<\/strong>\u00a0 Fino\u00a0 al 23 dicembre (esclusi festivi e prefestivi) senso unico alternato tra Peron e Candaten con movieri dalle 7.30 alle 9 e dalle 16.30 alle 18. Con semaforo negli altri orari<\/p>\n<div>\n<p>&nbsp;<\/p>\n<hr \/>\n<p>&nbsp;<\/p>\n<p class=\"photoswipe-wrapper\"><a class=\"dt-pswp-item pspw-wrap-ready\" href=\"https:\/\/i0.wp.com\/www.radiopiu.net\/wordpress\/wp-content\/uploads\/2018\/09\/WhatsApp-Image-2018-09-20-at-16.04.06.jpeg?ssl=1\" data-dt-img-description=\"\" data-large_image_width=\"800\" data-large_image_height=\"100\"><img loading=\"lazy\" decoding=\"async\" class=\"aligncenter wp-image-61378 size-full jetpack-lazy-image jetpack-lazy-image--handled\" src=\"https:\/\/i0.wp.com\/www.radiopiu.net\/wordpress\/wp-content\/uploads\/2018\/09\/WhatsApp-Image-2018-09-20-at-16.04.06.jpeg?resize=800%2C100&amp;ssl=1\" sizes=\"auto, (max-width: 800px) 100vw, 800px\" srcset=\"https:\/\/i0.wp.com\/www.radiopiu.net\/wordpress\/wp-content\/uploads\/2018\/09\/WhatsApp-Image-2018-09-20-at-16.04.06.jpeg?w=800&amp;ssl=1 800w, https:\/\/i0.wp.com\/www.radiopiu.net\/wordpress\/wp-content\/uploads\/2018\/09\/WhatsApp-Image-2018-09-20-at-16.04.06.jpeg?resize=300%2C38&amp;ssl=1 300w, https:\/\/i0.wp.com\/www.radiopiu.net\/wordpress\/wp-content\/uploads\/2018\/09\/WhatsApp-Image-2018-09-20-at-16.04.06.jpeg?resize=768%2C96&amp;ssl=1 768w\" alt=\"\" width=\"800\" height=\"100\" data-lazy-loaded=\"1\" \/><\/a><\/p>\n<p>&nbsp;<\/p>\n<p><center><b>Mercoledi 16<\/b><\/center><b>Tempo atteso: <\/b>Nottetempo diffusa nuvolosit\u00e0 con qualche fenomeno. Poi netto miglioramento del tempo e rasserenamenti via via pi\u00f9 ampi fino a cielo sereno, dapprima sulle Dolomiti, mentre lo stesso si verificher\u00e0 in maniera leggermente differita sulle Prealpi. Atmosfera diurna un po&#8217; pi\u00f9 fresca, specie in alta quota.<br \/>\n<b>Precipitazioni: <\/b>Tra la tarda nottata e l&#8217;alba probabili precipitazioni sparse, nevose oltre i 1200\/1300 m sulle Dolomiti e 1400\/1600 m sulle Prealpi, in rapido esaurimento. In giornata assenti (0%). Sono previsti da 1\/2 mm, con altrettanti cm di neve sopra i 1500\/1600 m.<br \/>\n<b>Temperature: <\/b>Minime in aumento nelle valli e in diminuzione in quota, dove saranno osservate in prima serata; massime in generale lieve flessione, 1\/2\u00b0C in meno rispetto a marted\u00ec. Su Prealpi a 1500 m min -1\u00b0C max 1\u00b0C, a 2000 m min -3\u00b0C max -2\u00b0C. Su Dolomiti a 2000 m min -4\u00b0C max -2\u00b0C, a 3000 m min -7\u00b0C max -4\u00b0C.<br \/>\n<b>Venti: <\/b>Nelle valli generalmente deboli di direzione variabile; in quota moderati\/tesi da sud-ovest al mattino, deboli\/moderati da nord-ovest al pomeriggio, a 5-20 km\/h a 2000 m e 15-30 km\/h a 3000 m.<\/p>\n<hr \/>\n<p><center><b>Giovedi 17<\/b><\/center><b>Tempo atteso: <\/b>Sole e cielo leggermente velato da sottili nubi alte tra met\u00e0 mattinata e primo pomeriggio sulle Dolomiti, mentre le velature del cielo potrebbero insistere un po&#8217; pi\u00f9 a lungo tra Prealpi e pedemontana. Eventuali nebbie mattutine in Valbelluna. Ritorno di una certa mitezza in alta quota per avvezione d&#8217;aria meno fresca e leggera inversione termica nelle valli durante le ore pi\u00f9 fredde.<br \/>\n<b>Precipitazioni: <\/b>Assenti (0%)<br \/>\n<b>Temperature: <\/b>Minime in ripresa in quota e in calo nelle valli; massime in generale lieve ripresa. Sono previste punte di 6\/7\u00b0C nei fondovalle prealpini e di 3\/5\u00b0C a 1000\/1200 m, meno nei settori in ombra. Su Prealpi a 1500 m min 0\u00b0C max 3\u00b0C, a 2000 m min -2\u00b0C max 1\u00b0C. Su Dolomiti a 2000 m min -2\u00b0C max 0\u00b0C, a 3000 m min -3\u00b0C max -1\u00b0C.<br \/>\n<b>Venti: <\/b>Nelle valli generalmente deboli di direzione variabile; in quota moderati\/tesi da ovest al mattino, deboli\/moderati da sud-ovest al pomeriggio, a 5-10 km\/h a 2000 m e 10-15 km\/h a 3000 m.<\/p>\n<hr \/>\n<p><center><b>Venerdi 18<\/b><\/center>Tempo ben soleggiato, eccetto residui banchi di cirri al primo mattino, in rapido allontanamento verso levante. Temperature nuovamente in lieve diminuzione a tutte le quote. Venti perlopi\u00f9 moderati da sud-ovest in quota; deboli di direzione variabile nelle valli, localmente moderati per brezze notturne su alcuni settori prealpini.<\/p>\n<hr \/>\n<p><center><b>Sabato 19<\/b><\/center>Tempo da soleggiato al mattino a parzialmente soleggiato al pomeriggio per graduale aumento delle velature del cielo per nubi alte. Temperature in generale lieve diminuzione. Venti deboli\/moderati da sud-ovest in quota; deboli di direzione variabile nelle valli, localmente moderati per brezze notturne su alcuni settori prealpini. Previsore: R.L.Th.<\/p>\n<p>&nbsp;<\/p>\n<hr \/>\n<p>&nbsp;<\/p>\n<p><a href=\"https:\/\/www.radiopiu.net\/wordpress\/giornale-radiopiu-15-settembre-2018-direttore-mirko-mezzacasa\/sport-7\/\" rel=\"attachment wp-att-60761\"><img loading=\"lazy\" decoding=\"async\" class=\"aligncenter wp-image-60761 size-full\" src=\"https:\/\/www.radiopiu.net\/wordpress\/wp-content\/uploads\/2018\/09\/sport.jpg\" alt=\"\" width=\"800\" height=\"100\" srcset=\"https:\/\/www.radiopiu.net\/wordpress\/wp-content\/uploads\/2018\/09\/sport.jpg 800w, https:\/\/www.radiopiu.net\/wordpress\/wp-content\/uploads\/2018\/09\/sport-300x38.jpg 300w, https:\/\/www.radiopiu.net\/wordpress\/wp-content\/uploads\/2018\/09\/sport-768x96.jpg 768w\" sizes=\"auto, (max-width: 800px) 100vw, 800px\" \/><\/a><\/p>\n<p>&nbsp;<\/p>\n<blockquote>\n<h3>DOPO 7 ANNI DEVIS DA RIZ LASCIA LA PRESIDENZA DELL&#8217;AIA BELLUNO<\/h3>\n<\/blockquote>\n<p><strong><a href=\"https:\/\/www.radiopiu.net\/wordpress\/dopo-7-anni-devis-da-riz-lascia-la-presidenza-dellaia-belluno\/devis-da-riz-2\/\" rel=\"attachment wp-att-179692\"><img loading=\"lazy\" decoding=\"async\" class=\"size-medium wp-image-179692 alignleft\" src=\"https:\/\/www.radiopiu.net\/wordpress\/wp-content\/uploads\/2020\/12\/DEVIS-DA-RIZ-300x243.png\" alt=\"\" width=\"300\" height=\"243\" srcset=\"https:\/\/www.radiopiu.net\/wordpress\/wp-content\/uploads\/2020\/12\/DEVIS-DA-RIZ-300x243.png 300w, https:\/\/www.radiopiu.net\/wordpress\/wp-content\/uploads\/2020\/12\/DEVIS-DA-RIZ-1024x829.png 1024w, https:\/\/www.radiopiu.net\/wordpress\/wp-content\/uploads\/2020\/12\/DEVIS-DA-RIZ-768x622.png 768w, https:\/\/www.radiopiu.net\/wordpress\/wp-content\/uploads\/2020\/12\/DEVIS-DA-RIZ.png 1240w\" sizes=\"auto, (max-width: 300px) 100vw, 300px\" \/><\/a>BELLUNO<\/strong> Videoconferenza della sezione bellunese dell&#8217;Associazione Italiana Arbitri per decidere il nuovo direttivo. Dopo 7 anni di presidenza, Devis Da Riz ha lasciato il posto a Marco Cruder che \u00e8 stato nominato presidente dell&#8217;AIA Belluno. Devis lascia il posto al collega per dedicarsi di pi\u00f9 alla famiglia.<\/p>\n<p><strong>AI MICROFONI DI RADIO PIU&#8217; DEVIS DA RIZ<\/strong><\/p>\n<audio class=\"wp-audio-shortcode\" id=\"audio-179500-14\" preload=\"none\" style=\"width: 100%;\" controls=\"controls\"><source type=\"audio\/mpeg\" src=\"https:\/\/www.radiopiu.net\/wordpress\/wp-content\/uploads\/2020\/12\/DEVIS-DA-RIZ.mp3?_=14\" \/><a href=\"https:\/\/www.radiopiu.net\/wordpress\/wp-content\/uploads\/2020\/12\/DEVIS-DA-RIZ.mp3\">https:\/\/www.radiopiu.net\/wordpress\/wp-content\/uploads\/2020\/12\/DEVIS-DA-RIZ.mp3<\/a><\/audio>\n<p>&nbsp;<\/p>\n<hr \/>\n<p>&nbsp;<\/p>\n<blockquote>\n<h3>DOPO PIU&#8217; DI UN MESE DI STOP L&#8217;ALLEGHE HOCKEY TORNA A GIOCARE, DOMANI CONTRO IL MERANO<\/h3>\n<\/blockquote>\n<p><strong><a href=\"https:\/\/www.radiopiu.net\/wordpress\/il-calendario-ufficiale-dellitalian-hockey-league\/logo-alleghe-hockey\/\" rel=\"attachment wp-att-95699\"><img loading=\"lazy\" decoding=\"async\" class=\" wp-image-95699 alignleft\" src=\"https:\/\/www.radiopiu.net\/wordpress\/wp-content\/uploads\/2019\/08\/logo-alleghe-hockey-300x281.png\" alt=\"\" width=\"246\" height=\"231\" srcset=\"https:\/\/www.radiopiu.net\/wordpress\/wp-content\/uploads\/2019\/08\/logo-alleghe-hockey-300x281.png 300w, https:\/\/www.radiopiu.net\/wordpress\/wp-content\/uploads\/2019\/08\/logo-alleghe-hockey.png 547w\" sizes=\"auto, (max-width: 246px) 100vw, 246px\" \/><\/a>ALLEGHE<\/strong> \u00c8 passato pi\u00f9 di un mese dall&#8217;ultima partita giocata dalle civette in IHL e domani gli agordini ritorneranno a calcare ufficialmente il ghiaccio. L&#8217;Italian Hockey League riparte dal recupero tra Merano ed Alleghe e lo fa domani sera alle 20:30. Partita che \u00e8 stata confermata ufficialmente nelle ultime ore dopo che gli altoatesini avevano chiesto di rinviarla per non essere in piena forma fisica. Alla fine si \u00e8 trovato l&#8217;accordo per giocare la sfida alla Meranarena. Sar\u00e0 un Alleghe acciaccato quello che si ripresenta sui campi ghiacciati. Sono 6 i giocatori che hanno rinunciato, al momento, a continuare la stagione a causa del Covid-19. De Val, Testori, Dell&#8217;Osbel, Ganz, Lorenzi e Diego Fontanive non hanno confermato la ripresa. Intanto tra le fila alleghesi ritorna Edgar De Toni. Domani prima sfida dopo la pausa covid con le civette chiamate a una gara importante contro una formazione che punta al titolo.<\/p>\n<p>&nbsp;<\/p>\n<p>&nbsp;<\/p>\n<hr \/>\n<p>&nbsp;<\/p>\n<blockquote>\n<h2>LA CAMPIONESSA LUCIA DALMASSO<\/h2>\n<\/blockquote>\n<p><strong>FALCADE<\/strong> Quinta apparizione in Coppa del Mondo della veneta Lucia Dalmasso. A 23 anni l&#8217;atleta di Falcade \u00e8 tra le migliori dello snowboard parallelo in tutto il mondo. Sabato, dopo una grande qualifica si \u00e8 posizionata 13^ in Coppa del mondo a Cortina d&#8217;Ampezzo.\u00a0 Nota di merito anche da parte del Presidente Luca Zaia dalla sua pagina facebook<\/p>\n<p>https:\/\/www.facebook.com\/zaiaufficiale\/videos\/215388256819945<\/p>\n<p>&nbsp;<\/p>\n<\/div>\n","protected":false},"excerpt":{"rendered":"<p>PER RICEVERE QUESTO NOTIZIARIO DIRETTAMENTE SUL TUO CELLULARE ISCRIVITI AL CANALE TELEGRAM \u201cRADIO PIU\u00a0 INFORMAZIONE&#8221; ATTENZIONE: LA NUOVA APP PER IOS-IPHONE https:\/\/apps.apple.com\/it\/app\/radio-pi%C3%B9-emittente-agordina\/id1515939845 ATTENZIONE: LA NUOVA APP RADIO\u00a0 PER ANDROID https:\/\/play.google.com\/store\/apps\/details?id=net.radiopiu.iniko\u00a0\u00a0 &nbsp; &nbsp; ROSSO NATALE, IPOTESI DI CHIUSURA DEI CONFINI COMUNALI E COPRIFUOCO ALLE 20. IN VENETO IL GIORNO PIU&#8217; TRISTE CON 165 LUTTI. Ieri in&hellip;<\/p>\n","protected":false},"author":4,"featured_media":179818,"comment_status":"closed","ping_status":"closed","sticky":false,"template":"","format":"standard","meta":{"_monsterinsights_skip_tracking":false,"_monsterinsights_sitenote_active":false,"_monsterinsights_sitenote_note":"","_monsterinsights_sitenote_category":0,"footnotes":""},"categories":[1,51,86,49],"tags":[],"class_list":["post-179500","post","type-post","status-publish","format-standard","has-post-thumbnail","hentry","category-senza-categoria","category-evidenza-top","category-gr","category-news-18","category-1","category-51","category-86","category-49","description-off"],"img_url":"https:\/\/www.radiopiu.net\/wordpress\/wp-content\/uploads\/2020\/12\/b134415a-8057-4c31-bc48-bc25347a68a2.jpg","_links":{"self":[{"href":"https:\/\/www.radiopiu.net\/wordpress\/wp-json\/wp\/v2\/posts\/179500","targetHints":{"allow":["GET"]}}],"collection":[{"href":"https:\/\/www.radiopiu.net\/wordpress\/wp-json\/wp\/v2\/posts"}],"about":[{"href":"https:\/\/www.radiopiu.net\/wordpress\/wp-json\/wp\/v2\/types\/post"}],"author":[{"embeddable":true,"href":"https:\/\/www.radiopiu.net\/wordpress\/wp-json\/wp\/v2\/users\/4"}],"replies":[{"embeddable":true,"href":"https:\/\/www.radiopiu.net\/wordpress\/wp-json\/wp\/v2\/comments?post=179500"}],"version-history":[{"count":0,"href":"https:\/\/www.radiopiu.net\/wordpress\/wp-json\/wp\/v2\/posts\/179500\/revisions"}],"wp:featuredmedia":[{"embeddable":true,"href":"https:\/\/www.radiopiu.net\/wordpress\/wp-json\/wp\/v2\/media\/179818"}],"wp:attachment":[{"href":"https:\/\/www.radiopiu.net\/wordpress\/wp-json\/wp\/v2\/media?parent=179500"}],"wp:term":[{"taxonomy":"category","embeddable":true,"href":"https:\/\/www.radiopiu.net\/wordpress\/wp-json\/wp\/v2\/categories?post=179500"},{"taxonomy":"post_tag","embeddable":true,"href":"https:\/\/www.radiopiu.net\/wordpress\/wp-json\/wp\/v2\/tags?post=179500"}],"curies":[{"name":"wp","href":"https:\/\/api.w.org\/{rel}","templated":true}]}}