{"id":179512,"date":"2020-12-14T21:04:49","date_gmt":"2020-12-14T20:04:49","guid":{"rendered":"https:\/\/www.radiopiu.net\/wordpress\/?p=179512"},"modified":"2020-12-14T21:05:14","modified_gmt":"2020-12-14T20:05:14","slug":"il-gruppo-alpini-farra-di-feltre-ha-acceso-lalbero-di-natale","status":"publish","type":"post","link":"https:\/\/www.radiopiu.net\/wordpress\/il-gruppo-alpini-farra-di-feltre-ha-acceso-lalbero-di-natale\/","title":{"rendered":"IL GRUPPO ALPINI FARRA DI FELTRE HA ACCESO L&#8217;ALBERO DI NATALE"},"content":{"rendered":"<p><strong><a href=\"https:\/\/www.radiopiu.net\/wordpress\/il-gruppo-alpini-farra-di-feltre-ha-acceso-lalbero-di-natale\/albero-natale-alpini-farra-di-feltre\/\" rel=\"attachment wp-att-179513\"><img loading=\"lazy\" decoding=\"async\" class=\"size-medium wp-image-179513 alignleft\" src=\"https:\/\/www.radiopiu.net\/wordpress\/wp-content\/uploads\/2020\/12\/albero-natale-alpini-farra-di-feltre-240x300.jpg\" alt=\"\" width=\"240\" height=\"300\" srcset=\"https:\/\/www.radiopiu.net\/wordpress\/wp-content\/uploads\/2020\/12\/albero-natale-alpini-farra-di-feltre-240x300.jpg 240w, https:\/\/www.radiopiu.net\/wordpress\/wp-content\/uploads\/2020\/12\/albero-natale-alpini-farra-di-feltre-821x1024.jpg 821w, https:\/\/www.radiopiu.net\/wordpress\/wp-content\/uploads\/2020\/12\/albero-natale-alpini-farra-di-feltre-768x958.jpg 768w, https:\/\/www.radiopiu.net\/wordpress\/wp-content\/uploads\/2020\/12\/albero-natale-alpini-farra-di-feltre-1231x1536.jpg 1231w, https:\/\/www.radiopiu.net\/wordpress\/wp-content\/uploads\/2020\/12\/albero-natale-alpini-farra-di-feltre-1641x2048.jpg 1641w, https:\/\/www.radiopiu.net\/wordpress\/wp-content\/uploads\/2020\/12\/albero-natale-alpini-farra-di-feltre.jpg 1654w\" sizes=\"auto, (max-width: 240px) 100vw, 240px\" \/><\/a>FELTRE<\/strong>\u00a0Mantenendo viva la tradizione anche quest\u2019anno le penne nere del Gruppo alpini di Farra della Sezione Ana di Feltre hanno acceso l\u2019albero di Natale nella piazza intitolata al Battaglione Feltre. Per le realizzazione non \u00e8 stato utilizzato un tradizionale albero, ma il pennone di bandiera presente in piazza: le luci scendono dalla punta fino alla base formando la sagoma di un abete. Questo non cambia la sostanza del messaggio natalizio e del saluto che gli alpini vogliono consegnare all\u2019intera comunit\u00e0 feltrina. \u00ab<em>Come ogni anno in questo periodo \u2013 spiega il capogruppo Fabio Canal \u2013 vogliamo essere vicini ai nostri concittadini, un albero di Natale che risplender\u00e0 sulla piazza durante tutte le festivit\u00e0 natalizie. In questa occasione sappiamo non sar\u00e0 il classico Natale vissuto all\u2019insegna della spensieratezza e dei festeggiamenti come lo conosciamo<\/em>\u00bb. Canal prosegue: \u00ab<em>Da mesi, purtroppo, il Covid-19 sta condizionando la nostra vita e lo far\u00e0 anche durante le festivit\u00e0. Questo per\u00f2 non significa che la nostra forza e la voglia di andare avanti debba affievolirsi. L\u2019albero \u00e8 un piccolo gesto per mantenere viva la fiamma di questa forza e si affiancher\u00e0 a tutti gli altri che pian piano ognuno realizzer\u00e0 nelle case, nei giardini o in altre piazze<\/em>\u00bb. Il capogruppo conclude: \u00ab<em>Non pu\u00f2 mancare l\u2019augurio delle penne nere di Farra per un buon Natale e un migliore anno nuovo<\/em>\u00bb.<\/p>\n","protected":false},"excerpt":{"rendered":"<p>FELTRE\u00a0Mantenendo viva la tradizione anche quest\u2019anno le penne nere del Gruppo alpini di Farra della Sezione Ana di Feltre hanno acceso l\u2019albero di Natale nella piazza intitolata al Battaglione Feltre. Per le realizzazione non \u00e8 stato utilizzato un tradizionale albero, ma il pennone di bandiera presente in piazza: le luci scendono dalla punta fino alla&hellip;<\/p>\n","protected":false},"author":4,"featured_media":179513,"comment_status":"closed","ping_status":"closed","sticky":false,"template":"","format":"standard","meta":{"_monsterinsights_skip_tracking":false,"_monsterinsights_sitenote_active":false,"_monsterinsights_sitenote_note":"","_monsterinsights_sitenote_category":0,"footnotes":""},"categories":[49],"tags":[],"class_list":["post-179512","post","type-post","status-publish","format-standard","has-post-thumbnail","hentry","category-news-18","category-49","description-off"],"img_url":"https:\/\/www.radiopiu.net\/wordpress\/wp-content\/uploads\/2020\/12\/albero-natale-alpini-farra-di-feltre.jpg","_links":{"self":[{"href":"https:\/\/www.radiopiu.net\/wordpress\/wp-json\/wp\/v2\/posts\/179512","targetHints":{"allow":["GET"]}}],"collection":[{"href":"https:\/\/www.radiopiu.net\/wordpress\/wp-json\/wp\/v2\/posts"}],"about":[{"href":"https:\/\/www.radiopiu.net\/wordpress\/wp-json\/wp\/v2\/types\/post"}],"author":[{"embeddable":true,"href":"https:\/\/www.radiopiu.net\/wordpress\/wp-json\/wp\/v2\/users\/4"}],"replies":[{"embeddable":true,"href":"https:\/\/www.radiopiu.net\/wordpress\/wp-json\/wp\/v2\/comments?post=179512"}],"version-history":[{"count":0,"href":"https:\/\/www.radiopiu.net\/wordpress\/wp-json\/wp\/v2\/posts\/179512\/revisions"}],"wp:featuredmedia":[{"embeddable":true,"href":"https:\/\/www.radiopiu.net\/wordpress\/wp-json\/wp\/v2\/media\/179513"}],"wp:attachment":[{"href":"https:\/\/www.radiopiu.net\/wordpress\/wp-json\/wp\/v2\/media?parent=179512"}],"wp:term":[{"taxonomy":"category","embeddable":true,"href":"https:\/\/www.radiopiu.net\/wordpress\/wp-json\/wp\/v2\/categories?post=179512"},{"taxonomy":"post_tag","embeddable":true,"href":"https:\/\/www.radiopiu.net\/wordpress\/wp-json\/wp\/v2\/tags?post=179512"}],"curies":[{"name":"wp","href":"https:\/\/api.w.org\/{rel}","templated":true}]}}