{"id":179568,"date":"2020-12-15T08:36:55","date_gmt":"2020-12-15T07:36:55","guid":{"rendered":"https:\/\/www.radiopiu.net\/wordpress\/?p=179568"},"modified":"2020-12-15T08:36:55","modified_gmt":"2020-12-15T07:36:55","slug":"dillo-a-radio-piu-sentieri-di-nuovo-violentati-in-zona-poi","status":"publish","type":"post","link":"https:\/\/www.radiopiu.net\/wordpress\/dillo-a-radio-piu-sentieri-di-nuovo-violentati-in-zona-poi\/","title":{"rendered":"DILLO A RADIO PIU&#8230;. SENTIERI DI NUOVO &#8220;VIOLENTATI&#8221; IN ZONA POI"},"content":{"rendered":"<p><a class=\"dt-pswp-item\" href=\"https:\/\/www.radiopiu.net\/wordpress\/wp-content\/uploads\/2020\/09\/b02367e5-1196-46a9-ae96-15143d25c59f.jpg\" data-dt-img-description=\"\" data-large_image_width=\"1599\" data-large_image_height=\"799\"><img loading=\"lazy\" decoding=\"async\" class=\"size-medium wp-image-160205 alignleft\" src=\"https:\/\/www.radiopiu.net\/wordpress\/wp-content\/uploads\/2020\/09\/b02367e5-1196-46a9-ae96-15143d25c59f-300x150.jpg\" alt=\"\" width=\"300\" height=\"150\" srcset=\"https:\/\/www.radiopiu.net\/wordpress\/wp-content\/uploads\/2020\/09\/b02367e5-1196-46a9-ae96-15143d25c59f-300x150.jpg 300w, https:\/\/www.radiopiu.net\/wordpress\/wp-content\/uploads\/2020\/09\/b02367e5-1196-46a9-ae96-15143d25c59f-1024x512.jpg 1024w, https:\/\/www.radiopiu.net\/wordpress\/wp-content\/uploads\/2020\/09\/b02367e5-1196-46a9-ae96-15143d25c59f-768x384.jpg 768w, https:\/\/www.radiopiu.net\/wordpress\/wp-content\/uploads\/2020\/09\/b02367e5-1196-46a9-ae96-15143d25c59f-1536x768.jpg 1536w, https:\/\/www.radiopiu.net\/wordpress\/wp-content\/uploads\/2020\/09\/b02367e5-1196-46a9-ae96-15143d25c59f-640x320.jpg 640w, https:\/\/www.radiopiu.net\/wordpress\/wp-content\/uploads\/2020\/09\/b02367e5-1196-46a9-ae96-15143d25c59f.jpg 1599w\" sizes=\"auto, (max-width: 300px) 100vw, 300px\" \/><\/a>di Roberto Murer<\/p>\n<p><strong>VOLTAGO<\/strong>\u00a0 <em>Dopo le piogge della settimana scorsa anche il &#8220;giro della gioa&#8221; o &#8220;giro delle cime&#8221; che dalla piazza della chiesa di Voltago arriva all abitato di Digoman per poi addentrarsi nel bosco ed uscire sopra Miana e rientro in paese un giro ad anello di quasi 5km devastato da vaia, ripristinato, \u00e8 ora nuovamente violentato. Un peccato, grazie per\u00f2 ai volontari che gi\u00e0 ieri sono andati a tagliare abeti e piante schiantate al suolo, per\u00f2 gli smottamenti del terreno hanno modificato di nuovo il percorso, bisogna ingegnarsi un po in qualche passaggio ,peccato vedremo con le prossime piogge come andr\u00e0.<\/em><\/p>\n<p>&nbsp;<\/p>\n","protected":false},"excerpt":{"rendered":"<p>di Roberto Murer VOLTAGO\u00a0 Dopo le piogge della settimana scorsa anche il &#8220;giro della gioa&#8221; o &#8220;giro delle cime&#8221; che dalla piazza della chiesa di Voltago arriva all abitato di Digoman per poi addentrarsi nel bosco ed uscire sopra Miana e rientro in paese un giro ad anello di quasi 5km devastato da vaia, ripristinato,&hellip;<\/p>\n","protected":false},"author":1,"featured_media":79959,"comment_status":"closed","ping_status":"closed","sticky":false,"template":"","format":"standard","meta":{"_monsterinsights_skip_tracking":false,"_monsterinsights_sitenote_active":false,"_monsterinsights_sitenote_note":"","_monsterinsights_sitenote_category":0,"footnotes":""},"categories":[49],"tags":[],"class_list":["post-179568","post","type-post","status-publish","format-standard","has-post-thumbnail","hentry","category-news-18","category-49","description-off"],"img_url":"https:\/\/www.radiopiu.net\/wordpress\/wp-content\/uploads\/2019\/03\/voltago-4.jpg","_links":{"self":[{"href":"https:\/\/www.radiopiu.net\/wordpress\/wp-json\/wp\/v2\/posts\/179568","targetHints":{"allow":["GET"]}}],"collection":[{"href":"https:\/\/www.radiopiu.net\/wordpress\/wp-json\/wp\/v2\/posts"}],"about":[{"href":"https:\/\/www.radiopiu.net\/wordpress\/wp-json\/wp\/v2\/types\/post"}],"author":[{"embeddable":true,"href":"https:\/\/www.radiopiu.net\/wordpress\/wp-json\/wp\/v2\/users\/1"}],"replies":[{"embeddable":true,"href":"https:\/\/www.radiopiu.net\/wordpress\/wp-json\/wp\/v2\/comments?post=179568"}],"version-history":[{"count":0,"href":"https:\/\/www.radiopiu.net\/wordpress\/wp-json\/wp\/v2\/posts\/179568\/revisions"}],"wp:featuredmedia":[{"embeddable":true,"href":"https:\/\/www.radiopiu.net\/wordpress\/wp-json\/wp\/v2\/media\/79959"}],"wp:attachment":[{"href":"https:\/\/www.radiopiu.net\/wordpress\/wp-json\/wp\/v2\/media?parent=179568"}],"wp:term":[{"taxonomy":"category","embeddable":true,"href":"https:\/\/www.radiopiu.net\/wordpress\/wp-json\/wp\/v2\/categories?post=179568"},{"taxonomy":"post_tag","embeddable":true,"href":"https:\/\/www.radiopiu.net\/wordpress\/wp-json\/wp\/v2\/tags?post=179568"}],"curies":[{"name":"wp","href":"https:\/\/api.w.org\/{rel}","templated":true}]}}