{"id":179582,"date":"2020-12-15T11:01:18","date_gmt":"2020-12-15T10:01:18","guid":{"rendered":"https:\/\/www.radiopiu.net\/wordpress\/?p=179582"},"modified":"2020-12-15T11:36:48","modified_gmt":"2020-12-15T10:36:48","slug":"covid-in-provincia-aumento-di-contagi-in-diretta-il-direttore-della-ulss1","status":"publish","type":"post","link":"https:\/\/www.radiopiu.net\/wordpress\/covid-in-provincia-aumento-di-contagi-in-diretta-il-direttore-della-ulss1\/","title":{"rendered":"COVID IN PROVINCIA, AUMENTO DI CONTAGI. IN DIRETTA IL DIRETTORE DELLA ULSS1"},"content":{"rendered":"<p><strong>BELLUNO<\/strong> Punto stampa con il dottor Adriano Rasi Caldogno dalla Ulss1 Dolomiti di Belluno. Le ultime notizie anche a seguito degli incontri in video conferenza con la Regione.<\/p>\n<p>&nbsp;<\/p>\n<blockquote>\n<h2><span style=\"color: #000000;\"><strong>LEGGI L&#8217;INTERVENTO DEL DIRETTORE<\/strong><\/span><\/h2>\n<\/blockquote>\n<p><strong>PARAGONI<\/strong> Raffronto prima seconda ondata, ad aprile 724 il numero massimo di positivi, oggi oltre 5000 persone. Isolamento: il 4 aprile 1392 persone isolate oggi sono 6500. Il 29 marzo in terapia intensiva giorno di punta 10 ricoveri, oggi 13, per l&#8217;area non critica il 27 aprile 94 ricoveri oggi 142 pazienti in area non critica\u00a0 51 negli ospedali di comunit\u00e0. Ad aprile si effettuavano 300-400 tamponi al giorno, oggi la media giornaliera \u00e8 di 1100 tamponi molecolari e 1300 tamponi rapidi. A fronte di questi numeri il numero di positivi \u00e8 direttamente proporzionale all&#8217;attivit\u00e0 di diagnostica, non possiamo nasconderci difronte ai numeri, tutto questo sta mettendo a dura prova la struttura ospedaliera della provincia e non solo, in tutta la Regione e in molte altre d&#8217;Italia.<strong> LA PREOCCUPAZIONE<\/strong> Non possiamo non essere preoccupati e grati a quanti operano nell&#8217;emergenza con grande impegno per riuscire a dare una risposta in questi giorni davvero impegnativi che non hanno precedenti. Per ricordare a tutti che la situazione \u00e8 eccezionale e pur nella comprensione della necessit\u00e0 di consentire la prosecuzione della vita sociale ed economica, l&#8217;appello accorato \u00e8 quello di mantenere sempre una grande attenzione e cautela adottando le precauzioni di difesa individuale e collettiva. Purtroppo abbiamo il sentore &#8211; anche a fronte delle informazioni che arrivano &#8211; che per molte persone l&#8217;emergenza sia archiviata e non ci riguardi. Nulla di pi\u00f9 sbagliato, questo non \u00e8 vero. Le nostre strutture sono in condizioni di fortissima pressione.\u00a0 <strong>IERI<\/strong> numero significativo di contagi, 145 nelle ultime 24 ore. In questo periodo assistiamo ad una vivacit\u00e0 sotto il profilo epidemiologico in alcune aree fino ad oggi toccate in maniera marginale. Fino a qualche settimana fa le terre alte (Comelico. Cadore e Ampezzano) erano state colpite in maniera significativa, ora qui la situazione \u00e8 migliorata, positivi e contagi si stanno attenuando in maniera rilevante. E&#8217; vivace invece la situazione nell&#8217;Agordino, Bellunese e Feltrino in questa aree si chiede massima attenzione, non ci sono aree indenni, \u00e8 un virus insidioso e contagioso che non guarda in faccia a nessuno.<br \/>\n<strong>TAMPONI<\/strong> Abbiamo una media di 6 tamponi molecolari al giorno ogni 1000 abitanti, una media che \u00e8 il doppio di quella regionale, comporta un primato in Veneto nel rapporto alto sia dei tamponi molecolari che tra rapidi e gli abitanti. Il tampone \u00e8 lo strumento importante per governare l&#8217;epidemia ed isolare le persone veicolo di infezione.\u00a0 Ad oggi 160mila tamponi molecolari effettuati, 68mila i rapidi. E&#8217; il numero complessivo di tamponi le &#8220;teste&#8221; sono ovviamente minori perch\u00e9 i tamponi vengono ripetuti pi\u00f9 volte <strong>RICOVERATI<\/strong> 13 in terapia intensiva, 142 in area non critica, 51 negli ospedali di comunit\u00e0. Dato che fluttua di ora in ora in base agli acessi al Pronto Soccorso o dimissioni. Dieci sono le persone provenienti da oltre la nostra Ulss. Abbiamo fatto un uso massiccio degli ospedali di comunit\u00e0 anche rispetto alle altre provincie. <strong>CASE DI RIPOSO<\/strong> Siamo sempre attenti alla positivit\u00e0 di ospiti ed operatori, attualmente abbiamo situazioni pi\u00f9 attenzionate in Val di Zoldo, Longarone, Belluno, Borgo Valbelluna, Quero e Feltre. Sono situazioni gestite in maniera complessivamente efficace da parte delle singole direzioni delle residente per anziani. Tra gli strumenti messi in pista le Usca, unit\u00e0 speciali a disposizione nel territorio per venire incontro alla esigenze sia dei positivi a domicilio che dei positivi presenti in casa di riposo <strong>LA NOVITA&#8217;<\/strong> Da ieri Usca operativa anche nella parte alta della provincia in Cadore. <strong>VACCINAZIONI ANTINFLEUNZALI<\/strong> Hanno avuto un riscontro superiore agli anni passati ed \u00e8 comprensibile. Ampliata la fascia d&#8217;et\u00e0 coinvolti i medici di medicina generale e dipartimento di Prevenzione, siamo nella fase finale, domenica 20 dicembre 8.30 &#8211; 13.30\u00a0 con la modalit\u00e0 drive-in (la pi\u00f9 efficace) ci sar\u00e0 la possibilit\u00e0 di vaccinarsi a Belluno e Feltre (ultra 65enni). C&#8217;\u00e8 anche un camper che gira per il territorio, oggi \u00e8 ad Auronzo.<strong> VACCINO ANTI COVID<\/strong> Imminente l&#8217;avvio della campagna vaccinale anti covid, a met\u00e0 gennaio inizier\u00e0 e la Regione sta mettendo a punto un piano operativo. E&#8217; in fase di studio la scala di target per la vaccinazione, quindi con precise priorit\u00e0 e poi verr\u00e0 via via estesa alla popolazione.<strong> MESSAGGIO E CONSIDERAZIONI<\/strong> Un richiamo a una grande attenzione, mai come ora le nostre strutture sanitarie sono sottoposte ad uno sforzo importante. Ci stiamo adeguando al variare delle necessit\u00e0 e questo purtroppo comprime la possibilit\u00e0 di dare risposte tempestive ad altre patologie. Continuiamo a fare risposte alle urgenze, casi non differibili, malattie rare ed oncologiche. Che questo sacrificio chiesto alla nostra gente possa concludersi nei tempi pi\u00f9 brevi e contenuti possibili ma finch\u00e9 ci sar\u00e0 questa pressione covid non saremo in grado di garantire il volume di offerta che garantiamo invece normalmente. Mi auguro che i prossimi giorni che saranno cruciali anche per la possibilit\u00e0 di incontri ed assembramenti ci sia un comportamento cauto e responsabile.<\/p>\n<p>&nbsp;<\/p>\n<p><a href=\"https:\/\/www.facebook.com\/RasiCaldognoUlssDolomiti\/videos\/396902271365948\">https:\/\/www.facebook.com\/RasiCaldognoUlssDolomiti\/videos\/396902271365948<\/a><\/p>\n<p>&nbsp;<\/p>\n<p>&nbsp;<\/p>\n","protected":false},"excerpt":{"rendered":"<p>BELLUNO Punto stampa con il dottor Adriano Rasi Caldogno dalla Ulss1 Dolomiti di Belluno. Le ultime notizie anche a seguito degli incontri in video conferenza con la Regione. &nbsp; LEGGI L&#8217;INTERVENTO DEL DIRETTORE PARAGONI Raffronto prima seconda ondata, ad aprile 724 il numero massimo di positivi, oggi oltre 5000 persone. Isolamento: il 4 aprile 1392&hellip;<\/p>\n","protected":false},"author":4,"featured_media":127853,"comment_status":"closed","ping_status":"closed","sticky":false,"template":"","format":"standard","meta":{"_monsterinsights_skip_tracking":false,"_monsterinsights_sitenote_active":false,"_monsterinsights_sitenote_note":"","_monsterinsights_sitenote_category":0,"footnotes":""},"categories":[51,49],"tags":[],"class_list":["post-179582","post","type-post","status-publish","format-standard","has-post-thumbnail","hentry","category-evidenza-top","category-news-18","category-51","category-49","description-off"],"img_url":"https:\/\/www.radiopiu.net\/wordpress\/wp-content\/uploads\/2020\/04\/RASI-CALDOGNO.jpeg","_links":{"self":[{"href":"https:\/\/www.radiopiu.net\/wordpress\/wp-json\/wp\/v2\/posts\/179582","targetHints":{"allow":["GET"]}}],"collection":[{"href":"https:\/\/www.radiopiu.net\/wordpress\/wp-json\/wp\/v2\/posts"}],"about":[{"href":"https:\/\/www.radiopiu.net\/wordpress\/wp-json\/wp\/v2\/types\/post"}],"author":[{"embeddable":true,"href":"https:\/\/www.radiopiu.net\/wordpress\/wp-json\/wp\/v2\/users\/4"}],"replies":[{"embeddable":true,"href":"https:\/\/www.radiopiu.net\/wordpress\/wp-json\/wp\/v2\/comments?post=179582"}],"version-history":[{"count":0,"href":"https:\/\/www.radiopiu.net\/wordpress\/wp-json\/wp\/v2\/posts\/179582\/revisions"}],"wp:featuredmedia":[{"embeddable":true,"href":"https:\/\/www.radiopiu.net\/wordpress\/wp-json\/wp\/v2\/media\/127853"}],"wp:attachment":[{"href":"https:\/\/www.radiopiu.net\/wordpress\/wp-json\/wp\/v2\/media?parent=179582"}],"wp:term":[{"taxonomy":"category","embeddable":true,"href":"https:\/\/www.radiopiu.net\/wordpress\/wp-json\/wp\/v2\/categories?post=179582"},{"taxonomy":"post_tag","embeddable":true,"href":"https:\/\/www.radiopiu.net\/wordpress\/wp-json\/wp\/v2\/tags?post=179582"}],"curies":[{"name":"wp","href":"https:\/\/api.w.org\/{rel}","templated":true}]}}