{"id":179789,"date":"2020-12-17T05:55:18","date_gmt":"2020-12-17T04:55:18","guid":{"rendered":"https:\/\/www.radiopiu.net\/wordpress\/?p=179789"},"modified":"2020-12-17T10:21:52","modified_gmt":"2020-12-17T09:21:52","slug":"giornale-radiopiu-17-dicembre-2020-direttore-mirko-mezzacasa","status":"publish","type":"post","link":"https:\/\/www.radiopiu.net\/wordpress\/giornale-radiopiu-17-dicembre-2020-direttore-mirko-mezzacasa\/","title":{"rendered":"GIORNALE RADIOPIU 17 DICEMBRE 2020 DIRETTORE MIRKO MEZZACASA"},"content":{"rendered":"<h1><strong><span style=\"color: #0000ff;\">PER RICEVERE QUESTO NOTIZIARIO DIRETTAMENTE SUL TUO CELLULARE ISCRIVITI AL CANALE TELEGRAM \u201cRADIO PIU\u00a0 INFORMAZIONE&#8221;<\/span><\/strong><\/h1>\n<p><em>ATTENZIONE: LA NUOVA APP PER IOS-IPHONE<\/em><\/p>\n<div>\n<div><a href=\"https:\/\/apps.apple.com\/it\/app\/radio-pi%C3%B9-emittente-agordina\/id1515939845\">https:\/\/apps.apple.com\/it\/app\/radio-pi%C3%B9-emittente-agordina\/id1515939845<\/a><\/div>\n<\/div>\n<div><\/div>\n<div>\n<div dir=\"auto\"><em>ATTENZIONE: LA NUOVA APP RADIO\u00a0 PER ANDROID<\/em><\/div>\n<\/div>\n<p><a href=\"https:\/\/play.google.com\/store\/apps\/details?id=net.radiopiu.iniko\" target=\"_blank\" rel=\"noopener noreferrer\">https:\/\/play.google.com\/store\/apps\/details?id=net.radiopiu.iniko\u00a0\u00a0<\/a><\/p>\n<p>&nbsp;<\/p>\n<hr \/>\n<p>&nbsp;<\/p>\n<blockquote>\n<h3>LUXOTTICA SI PRENDE CURA DEI DANNI SUL MONTE LARION, PROGETTA E RECUPERA IL BOSCO SOPRA LA SEDE DI VALCOZZENA<\/h3>\n<\/blockquote>\n<p><strong>AGORDO<\/strong> Un progetto ambizioso: il piano di ripristino boschivo pi\u00f9 imponente mai immaginato dopo Vaia su un&#8217;area di 30 ettari in localit\u00e0 Larion-Baster. Zona\u00a0 impervia. Troppo oneroso e complesso pensare di curare quel pezzo di foresta schiantata per il comune. Ecco allora che Luxottica, in sordina, senza svelare di essere lo sponsor, ha preso a cuore l&#8217;intervento, si sono sondati i proprietari, e si \u00e8 tratteggiato il disegno di restituzione del bosco.<\/p>\n<p>&nbsp;<\/p>\n<p>&nbsp;<\/p>\n<h2><span style=\"color: #ff0000;\">RASSEGNA STAMPA DELLE OTTO, IL SINDACO ROBERTO CHISSALE&#8217;<\/span><\/h2>\n<audio class=\"wp-audio-shortcode\" id=\"audio-179789-1\" preload=\"none\" style=\"width: 100%;\" controls=\"controls\"><source type=\"audio\/mpeg\" src=\"https:\/\/www.radiopiu.net\/wordpress\/wp-content\/uploads\/2020\/12\/roberto-chissale.mp3?_=1\" \/><a href=\"https:\/\/www.radiopiu.net\/wordpress\/wp-content\/uploads\/2020\/12\/roberto-chissale.mp3\">https:\/\/www.radiopiu.net\/wordpress\/wp-content\/uploads\/2020\/12\/roberto-chissale.mp3<\/a><\/audio>\n<p>&nbsp;<\/p>\n<p>&nbsp;<\/p>\n<h1><strong>\u00a0POST VAIA, IL PRIMO BOSCO GRIFFATO LUXOTTICA<\/strong><\/h1>\n<blockquote><p><em>Al via su 30 ettari di montagna il pi\u00f9 grande intervento di ripristino di un\u2019azienda privata sulle aree colpite dalla tempesta del 2018 <\/em><\/p><\/blockquote>\n<p><strong><a href=\"https:\/\/www.radiopiu.net\/wordpress\/giornale-radiopiu-17-dicembre-2020-direttore-mirko-mezzacasa\/b27304c2-9374-44c4-b5b3-883fdfc4740c\/\" rel=\"attachment wp-att-180036\"><img loading=\"lazy\" decoding=\"async\" class=\"wp-image-180036 alignleft\" src=\"https:\/\/www.radiopiu.net\/wordpress\/wp-content\/uploads\/2020\/12\/b27304c2-9374-44c4-b5b3-883fdfc4740c-169x300.jpg\" alt=\"\" width=\"120\" height=\"213\" srcset=\"https:\/\/www.radiopiu.net\/wordpress\/wp-content\/uploads\/2020\/12\/b27304c2-9374-44c4-b5b3-883fdfc4740c-169x300.jpg 169w, https:\/\/www.radiopiu.net\/wordpress\/wp-content\/uploads\/2020\/12\/b27304c2-9374-44c4-b5b3-883fdfc4740c-576x1024.jpg 576w, https:\/\/www.radiopiu.net\/wordpress\/wp-content\/uploads\/2020\/12\/b27304c2-9374-44c4-b5b3-883fdfc4740c-768x1365.jpg 768w, https:\/\/www.radiopiu.net\/wordpress\/wp-content\/uploads\/2020\/12\/b27304c2-9374-44c4-b5b3-883fdfc4740c-864x1536.jpg 864w, https:\/\/www.radiopiu.net\/wordpress\/wp-content\/uploads\/2020\/12\/b27304c2-9374-44c4-b5b3-883fdfc4740c.jpg 1152w\" sizes=\"auto, (max-width: 120px) 100vw, 120px\" \/><\/a>MILANO\u00a0<\/strong> Luxottica annuncia l\u2019avvio di un primo, importante intervento di ripristino forestale nel Bellunese, territorio ad alto valore naturalistico ai piedi delle Dolomiti (Patrimonio UNESCO), ferito nel 2018 dall\u2019eccezionale tempesta Vaia. Il progetto si sviluppa su un\u2019area di 30 ettari di montagna nel Comune di Agordo (BL), pari a circa 50 campi da calcio, alle spalle del principale stabilimento produttivo dell\u2019azienda. Sar\u00e0 il pi\u00f9 grande nel suo genere finanziato da un\u2019azienda privata tra le foreste colpite da Vaia, realizzato in sinergia con le istituzioni locali, in particolare il Comune di Agordo, un centinaio di proprietari privati e alcune imprese locali, in un\u2019ottica di trasparenza e collaborazione. Luxottica si prender\u00e0 cura di 15.000 alberi, recuperando i tronchi abbattuti dalla tempesta, mettendo in sicurezza il suolo, salvaguardando gli alberi risparmiati e favorendo la crescita di quelli che nasceranno spontaneamente per la rigenerazione naturale della foresta. Il piano prevede anche l\u2019impianto in piccoli <a href=\"https:\/\/www.radiopiu.net\/wordpress\/giornale-radiopiu-17-dicembre-2020-direttore-mirko-mezzacasa\/d6d1e7fc-50ae-4fc8-91ee-b79afb50f298\/\" rel=\"attachment wp-att-180035\"><img loading=\"lazy\" decoding=\"async\" class=\"size-medium wp-image-180035 alignright\" src=\"https:\/\/www.radiopiu.net\/wordpress\/wp-content\/uploads\/2020\/12\/d6d1e7fc-50ae-4fc8-91ee-b79afb50f298-169x300.jpg\" alt=\"\" width=\"169\" height=\"300\" srcset=\"https:\/\/www.radiopiu.net\/wordpress\/wp-content\/uploads\/2020\/12\/d6d1e7fc-50ae-4fc8-91ee-b79afb50f298-169x300.jpg 169w, https:\/\/www.radiopiu.net\/wordpress\/wp-content\/uploads\/2020\/12\/d6d1e7fc-50ae-4fc8-91ee-b79afb50f298-576x1024.jpg 576w, https:\/\/www.radiopiu.net\/wordpress\/wp-content\/uploads\/2020\/12\/d6d1e7fc-50ae-4fc8-91ee-b79afb50f298-768x1365.jpg 768w, https:\/\/www.radiopiu.net\/wordpress\/wp-content\/uploads\/2020\/12\/d6d1e7fc-50ae-4fc8-91ee-b79afb50f298-864x1536.jpg 864w, https:\/\/www.radiopiu.net\/wordpress\/wp-content\/uploads\/2020\/12\/d6d1e7fc-50ae-4fc8-91ee-b79afb50f298.jpg 1152w\" sizes=\"auto, (max-width: 169px) 100vw, 169px\" \/><\/a>nuclei di 2.000 nuovi alberi, solo di specie di origine locale, per aumentare la biodiversit\u00e0 e la resilienza della foresta in accordo con le indicazioni scientifiche. La fase iniziale, che si concluder\u00e0 entro il primo trimestre del 2021, prevede la pulizia dell\u2019area e la rimozione del legname abbattuto, e sar\u00e0 cruciale per raggiungere due obiettivi: mettere in totale sicurezza i terreni, riducendo il rischio di frane e smottamenti, e salvaguardare le altre foreste dall\u2019attacco di insetti dannosi che prolificano nel legname abbandonato a terra (bostrico tipografo). In primavera seguir\u00e0 la seconda fase di rigenerazione vera e propria. Il primo bosco firmato Luxottica porter\u00e0 un beneficio reale in termini di cattura e conservazione di CO<sub>2<\/sub>, il principale gas ad effetto serra, e dar\u00e0 vita a un percorso di economia circolare con l\u2019impiego del legname e degli scarti forestali recuperati per nuove finalit\u00e0 a livello locale, compresa la produzione di energia rinnovabile e pulita. Ad Agordo \u00e8 gi\u00e0 tra l\u2019altro attivo un impianto alimentato a biomassa solida, come cippato forestale, sfalci e potature, che serve il locale stabilimento Luxottica e che \u00e8 stato inaugurato in collaborazione con Enel nel 2017. L\u2019intervento \u00e8 realizzato in collaborazione con Etifor,\u00a0spin-off dell&#8217;Universit\u00e0 degli Studi di Padova specializzato in consulenza, progettazione, ricerca e formazione in ambito ambientale, e restituir\u00e0 valore al territorio, mitigando l\u2019impatto delle attivit\u00e0 Luxottica sull\u2019ambiente e trasformando un evento traumatico come Vaia in un\u2019opportunit\u00e0 di miglioramento dell\u2019area sotto i profili idrogeologico, ambientale e paesaggistico. Maggiori informazioni sul progetto di riforestazione di Luxottica sono disponibili sul sito <a href=\"https:\/\/www.wownature.eu\/areewow\/agordo\/\">https:\/\/www.wownature.eu\/areewow\/agordo\/<\/a> .<\/p>\n<p>&nbsp;<\/p>\n\n\t\t\t<style type='text\/css'>\n\t\t\t\t#gallery-1 {\n\t\t\t\t\tmargin: auto;\n\t\t\t\t}\n\t\t\t\t#gallery-1 .gallery-item {\n\t\t\t\t\tfloat: left;\n\t\t\t\t\tmargin-top: 10px;\n\t\t\t\t\ttext-align: center;\n\t\t\t\t\twidth: 33%;\n\t\t\t\t}\n\t\t\t\t#gallery-1 img {\n\t\t\t\t\tborder: 2px solid #cfcfcf;\n\t\t\t\t}\n\t\t\t\t#gallery-1 .gallery-caption {\n\t\t\t\t\tmargin-left: 0;\n\t\t\t\t}\n\t\t\t\t\/* see gallery_shortcode() in wp-includes\/media.php *\/\n\t\t\t<\/style>\n\t\t<div id='gallery-1' class='dt-gallery-container gallery galleryid-179789 gallery-columns-3 gallery-size-thumbnail'><dl class='gallery-item'>\n\t\t\t\t<dt class='gallery-icon landscape'>\n\t\t\t\t\t<a class=\"rollover rollover-zoom dt-pswp-item\" title=\"STLABS_ETIFOR_Wow_Nature_Agordo_9351-Edit\" data-dt-img-description=\"\" data-large_image_width=\"2560\" data-large_image_height=\"1707\"href='https:\/\/www.radiopiu.net\/wordpress\/wp-content\/uploads\/2020\/12\/STLABS_ETIFOR_Wow_Nature_Agordo_9351-Edit-scaled.jpg'><img loading=\"lazy\" decoding=\"async\" width=\"150\" height=\"150\" src=\"https:\/\/www.radiopiu.net\/wordpress\/wp-content\/uploads\/2020\/12\/STLABS_ETIFOR_Wow_Nature_Agordo_9351-Edit-150x150.jpg\" class=\"attachment-thumbnail size-thumbnail\" alt=\"\" \/><\/a>\n\t\t\t\t<\/dt><\/dl><dl class='gallery-item'>\n\t\t\t\t<dt class='gallery-icon landscape'>\n\t\t\t\t\t<a class=\"rollover rollover-zoom dt-pswp-item\" title=\"STLABS_ETIFOR_Wow_Nature_Agordo_0920\" data-dt-img-description=\"\" data-large_image_width=\"2560\" data-large_image_height=\"1919\"href='https:\/\/www.radiopiu.net\/wordpress\/wp-content\/uploads\/2020\/12\/STLABS_ETIFOR_Wow_Nature_Agordo_0920-scaled.jpg'><img loading=\"lazy\" decoding=\"async\" width=\"150\" height=\"150\" src=\"https:\/\/www.radiopiu.net\/wordpress\/wp-content\/uploads\/2020\/12\/STLABS_ETIFOR_Wow_Nature_Agordo_0920-150x150.jpg\" class=\"attachment-thumbnail size-thumbnail\" alt=\"\" \/><\/a>\n\t\t\t\t<\/dt><\/dl><dl class='gallery-item'>\n\t\t\t\t<dt class='gallery-icon landscape'>\n\t\t\t\t\t<a class=\"rollover rollover-zoom dt-pswp-item\" title=\"STLABS_ETIFOR_Wow_Nature_Agordo_0927\" data-dt-img-description=\"\" data-large_image_width=\"2560\" data-large_image_height=\"1919\"href='https:\/\/www.radiopiu.net\/wordpress\/wp-content\/uploads\/2020\/12\/STLABS_ETIFOR_Wow_Nature_Agordo_0927-scaled.jpg'><img loading=\"lazy\" decoding=\"async\" width=\"150\" height=\"150\" src=\"https:\/\/www.radiopiu.net\/wordpress\/wp-content\/uploads\/2020\/12\/STLABS_ETIFOR_Wow_Nature_Agordo_0927-150x150.jpg\" class=\"attachment-thumbnail size-thumbnail\" alt=\"\" \/><\/a>\n\t\t\t\t<\/dt><\/dl><br style=\"clear: both\" \/><dl class='gallery-item'>\n\t\t\t\t<dt class='gallery-icon landscape'>\n\t\t\t\t\t<a class=\"rollover rollover-zoom dt-pswp-item\" title=\"STLABS_ETIFOR_Wow_Nature_Agordo_9319\" data-dt-img-description=\"\" data-large_image_width=\"2560\" data-large_image_height=\"1707\"href='https:\/\/www.radiopiu.net\/wordpress\/wp-content\/uploads\/2020\/12\/STLABS_ETIFOR_Wow_Nature_Agordo_9319-scaled.jpg'><img loading=\"lazy\" decoding=\"async\" width=\"150\" height=\"150\" src=\"https:\/\/www.radiopiu.net\/wordpress\/wp-content\/uploads\/2020\/12\/STLABS_ETIFOR_Wow_Nature_Agordo_9319-150x150.jpg\" class=\"attachment-thumbnail size-thumbnail\" alt=\"\" \/><\/a>\n\t\t\t\t<\/dt><\/dl><dl class='gallery-item'>\n\t\t\t\t<dt class='gallery-icon landscape'>\n\t\t\t\t\t<a class=\"rollover rollover-zoom dt-pswp-item\" title=\"STLABS_ETIFOR_Wow_Nature_Agordo_9260\" data-dt-img-description=\"\" data-large_image_width=\"2560\" data-large_image_height=\"1707\"href='https:\/\/www.radiopiu.net\/wordpress\/wp-content\/uploads\/2020\/12\/STLABS_ETIFOR_Wow_Nature_Agordo_9260-scaled.jpg'><img loading=\"lazy\" decoding=\"async\" width=\"150\" height=\"150\" src=\"https:\/\/www.radiopiu.net\/wordpress\/wp-content\/uploads\/2020\/12\/STLABS_ETIFOR_Wow_Nature_Agordo_9260-150x150.jpg\" class=\"attachment-thumbnail size-thumbnail\" alt=\"\" \/><\/a>\n\t\t\t\t<\/dt><\/dl><dl class='gallery-item'>\n\t\t\t\t<dt class='gallery-icon landscape'>\n\t\t\t\t\t<a class=\"rollover rollover-zoom dt-pswp-item\" title=\"SFP_0476\" data-dt-img-description=\"\" data-large_image_width=\"2000\" data-large_image_height=\"1333\"href='https:\/\/www.radiopiu.net\/wordpress\/wp-content\/uploads\/2020\/12\/SFP_0476.jpg'><img loading=\"lazy\" decoding=\"async\" width=\"150\" height=\"150\" src=\"https:\/\/www.radiopiu.net\/wordpress\/wp-content\/uploads\/2020\/12\/SFP_0476-150x150.jpg\" class=\"attachment-thumbnail size-thumbnail\" alt=\"\" \/><\/a>\n\t\t\t\t<\/dt><\/dl><br style=\"clear: both\" \/>\n\t\t\t<\/div>\n\n<p>&nbsp;<\/p>\n<hr \/>\n<blockquote>\n<h3>RIAPERTA LA STRADA PER LA VALLE DI SAN LUCANO<\/h3>\n<\/blockquote>\n<p><strong><a href=\"https:\/\/www.radiopiu.net\/wordpress\/giornale-radiopiu-17-dicembre-2020-direttore-mirko-mezzacasa\/schermata-2020-12-16-alle-20-19-43\/\" rel=\"attachment wp-att-179986\"><img loading=\"lazy\" decoding=\"async\" class=\"wp-image-179986 alignleft\" src=\"https:\/\/www.radiopiu.net\/wordpress\/wp-content\/uploads\/2020\/12\/Schermata-2020-12-16-alle-20.19.43-300x166.png\" alt=\"\" width=\"197\" height=\"109\" srcset=\"https:\/\/www.radiopiu.net\/wordpress\/wp-content\/uploads\/2020\/12\/Schermata-2020-12-16-alle-20.19.43-300x166.png 300w, https:\/\/www.radiopiu.net\/wordpress\/wp-content\/uploads\/2020\/12\/Schermata-2020-12-16-alle-20.19.43-1024x567.png 1024w, https:\/\/www.radiopiu.net\/wordpress\/wp-content\/uploads\/2020\/12\/Schermata-2020-12-16-alle-20.19.43-768x425.png 768w, https:\/\/www.radiopiu.net\/wordpress\/wp-content\/uploads\/2020\/12\/Schermata-2020-12-16-alle-20.19.43.png 1242w\" sizes=\"auto, (max-width: 197px) 100vw, 197px\" \/><\/a>TAIBON<\/strong> \u00c8 stata revocata l&#8217;ordinanza di chiusura strada per la Valle di San Lucano. Nel pomeriggio di marted\u00ec il comune di Taibon Agordino ha tolto le transenne e riaperto al traffico la comunale che porta a Col Di Pr\u00e0. Non \u00e8 ancora stata revocata invece l&#8217;ordinanza di evacuazione della casa travolta dal materiale. L&#8217;ARPAV non ha ancora dato il via libera.<\/p>\n<p>&nbsp;<\/p>\n<p>&nbsp;<\/p>\n<p>&nbsp;<\/p>\n<hr \/>\n<blockquote>\n<h3><a href=\"https:\/\/www.radiopiu.net\/wordpress\/giornale-radiopiu-17-dicembre-2020-direttore-mirko-mezzacasa\/download-1037\/\" rel=\"attachment wp-att-180016\"><img loading=\"lazy\" decoding=\"async\" class=\"wp-image-180016 alignleft\" src=\"https:\/\/www.radiopiu.net\/wordpress\/wp-content\/uploads\/2020\/12\/download-16.jpg\" alt=\"\" width=\"150\" height=\"112\" \/><\/a>GOSALDO, RECUPERATO IL COMBI DEI POMPIERI<\/h3>\n<\/blockquote>\n<p><strong>GOSALDO E<\/strong>&#8216; stato recuperato il mezzo dei vigili del fuoco dal greto del torrente che scorre lungo la Val de le Eghe. Come ricordato ieri nei servizi di Gianni Santomaso si apre il cantiere per\u00a0 ripristinare la passerella provvisorio in attesa della ricostruzione del ponte\u00a0 crollato.\u00a0 Riaperta\u00a0 la strada che conduce alle frazioni di Carrera e Bezzoi.<\/p>\n<p><span style=\"color: #ff0000;\"><strong>IERI ALLA RADIO, DI GIANNI SANTOMASO<\/strong><\/span><\/p>\n<p><strong><a href=\"https:\/\/www.radiopiu.net\/wordpress\/gli-abitanti-di-ren-e-coltamai-ritorneranno-nelle-proprie-abitazioni\/ea562689-06f0-494e-95cc-6dc7168a02a8\/\" rel=\"attachment wp-att-179797\"><img loading=\"lazy\" decoding=\"async\" class=\" wp-image-179797 alignleft\" src=\"https:\/\/www.radiopiu.net\/wordpress\/wp-content\/uploads\/2020\/12\/ea562689-06f0-494e-95cc-6dc7168a02a8-224x300.jpg\" alt=\"\" width=\"111\" height=\"149\" srcset=\"https:\/\/www.radiopiu.net\/wordpress\/wp-content\/uploads\/2020\/12\/ea562689-06f0-494e-95cc-6dc7168a02a8-224x300.jpg 224w, https:\/\/www.radiopiu.net\/wordpress\/wp-content\/uploads\/2020\/12\/ea562689-06f0-494e-95cc-6dc7168a02a8-766x1024.jpg 766w, https:\/\/www.radiopiu.net\/wordpress\/wp-content\/uploads\/2020\/12\/ea562689-06f0-494e-95cc-6dc7168a02a8-768x1027.jpg 768w, https:\/\/www.radiopiu.net\/wordpress\/wp-content\/uploads\/2020\/12\/ea562689-06f0-494e-95cc-6dc7168a02a8-1149x1536.jpg 1149w, https:\/\/www.radiopiu.net\/wordpress\/wp-content\/uploads\/2020\/12\/ea562689-06f0-494e-95cc-6dc7168a02a8.jpg 1197w\" sizes=\"auto, (max-width: 111px) 100vw, 111px\" \/><\/a><\/strong><\/p>\n<p>&nbsp;<\/p>\n<p>&nbsp;<\/p>\n<p><strong>GOSALDO<\/strong><\/p>\n<p>di Gianni Santomaso<\/p>\n<audio class=\"wp-audio-shortcode\" id=\"audio-179789-2\" preload=\"none\" style=\"width: 100%;\" controls=\"controls\"><source type=\"audio\/mpeg\" src=\"https:\/\/www.radiopiu.net\/wordpress\/wp-content\/uploads\/2020\/12\/GIANNI-REN-COLTAMAI.mp3?_=2\" \/><a href=\"https:\/\/www.radiopiu.net\/wordpress\/wp-content\/uploads\/2020\/12\/GIANNI-REN-COLTAMAI.mp3\">https:\/\/www.radiopiu.net\/wordpress\/wp-content\/uploads\/2020\/12\/GIANNI-REN-COLTAMAI.mp3<\/a><\/audio>\n<p>&nbsp;<\/p>\n<p>&nbsp;<\/p>\n<hr \/>\n<p>&nbsp;<\/p>\n<p><a href=\"https:\/\/www.radiopiu.net\/wordpress\/giornale-radiopiu-17-dicembre-2020-direttore-mirko-mezzacasa\/e9cafbd1-d5e4-412b-a76a-7605f320b7fd\/\" rel=\"attachment wp-att-180017\"><img loading=\"lazy\" decoding=\"async\" class=\"size-medium wp-image-180017 alignleft\" src=\"https:\/\/www.radiopiu.net\/wordpress\/wp-content\/uploads\/2020\/12\/e9cafbd1-d5e4-412b-a76a-7605f320b7fd-300x169.jpg\" alt=\"\" width=\"300\" height=\"169\" srcset=\"https:\/\/www.radiopiu.net\/wordpress\/wp-content\/uploads\/2020\/12\/e9cafbd1-d5e4-412b-a76a-7605f320b7fd-300x169.jpg 300w, https:\/\/www.radiopiu.net\/wordpress\/wp-content\/uploads\/2020\/12\/e9cafbd1-d5e4-412b-a76a-7605f320b7fd-1024x576.jpg 1024w, https:\/\/www.radiopiu.net\/wordpress\/wp-content\/uploads\/2020\/12\/e9cafbd1-d5e4-412b-a76a-7605f320b7fd-768x432.jpg 768w, https:\/\/www.radiopiu.net\/wordpress\/wp-content\/uploads\/2020\/12\/e9cafbd1-d5e4-412b-a76a-7605f320b7fd-1536x864.jpg 1536w, https:\/\/www.radiopiu.net\/wordpress\/wp-content\/uploads\/2020\/12\/e9cafbd1-d5e4-412b-a76a-7605f320b7fd.jpg 1600w\" sizes=\"auto, (max-width: 300px) 100vw, 300px\" \/><\/a>Zaia chiede la stretta per Natale e se non lo far\u00e0 il Governo lo decider\u00e0 lui stesso. I posti letto occupati in Veneto sono il 70% della capacit\u00e0 della sanit\u00e0 regionale, 1008 terapie intensive che potranno essere attivate ma bisogna fare i conti con i problemi di personale. Il Veneto \u00e8 la nona regione con il pi\u00f9 alto indice di mortalit\u00e0. Ieri altre 84 vittime, 3800 contagi e superati i 200 mila casi. Mancano infermieri e Oss \u00e8 allarme, martedi a Venezia protesta e presidio davanti alla sede della Protezione Civile da dove ogni giorno va in onda il punto stampa. In Provincia altri 2 decessi, i ricoveri salgono a 241 e oltre 12mila gli infetti dal 21 febbraio. Sedici i pazienti in terapia intensiva. Drive in in piena funzione, anche ad Agordo come si evince dalla fotografia, lunghe code anche ieri fino alla rotonda lungo la 347 del Duran e Cereda. Focolaio di covid a Taibon dove i numeri sono in ascesa, in casa di riposo 50 casi su 120 ospiti. Primi anziani positivi anche alla casa di riposo di Sedico fino ad oggi senza virus.<\/p>\n<blockquote>\n<h3>195 I PAZIENTI COVID POSITIVI RICOVERATI NEGLI OSPEDALI BELLUNESI. 2 DECESSI E 241 NUOVI POSITIVI NELLE ULTIME 24 ORE<\/h3>\n<\/blockquote>\n<p><strong>BELLUNO<\/strong> Nelle ultime 24 ore\u00a0sono decedute 2 persone covid positive: una donna di anni 91 ricoverata in Geriatria a Feltre e una donna di anni 85 ricoverata in Geriatria a Belluno. 241 le nuove positivit\u00e0 in Ulss 1 Dolomiti.<\/p>\n<p><strong>Ricoveri <\/strong><\/p>\n<p><em>(dato alle ore 17.00 fonte: Azienda Zero)<\/em><\/p>\n<p>Le persone attualmente POSITIVE ricoverate negli ospedali dell\u2019Ulss Dolomiti sono:<\/p>\n<table>\n<tbody>\n<tr>\n<td width=\"217\"><strong>\u00a0<\/strong><\/td>\n<td width=\"217\"><strong>Area NON CRITICA<\/strong><\/td>\n<td width=\"217\"><strong>Terapia Intensiva<\/strong><\/td>\n<\/tr>\n<tr>\n<td width=\"217\"><strong>Ospedale di Belluno <\/strong><\/td>\n<td width=\"217\">64<\/td>\n<td width=\"217\">8<\/td>\n<\/tr>\n<tr>\n<td width=\"217\"><strong>Ospedale di Feltre<\/strong><\/p>\n<p><strong>Ospedale di Agordo<\/strong><\/td>\n<td width=\"217\">51<\/p>\n<p>12<\/td>\n<td width=\"217\">8<\/td>\n<\/tr>\n<\/tbody>\n<\/table>\n<p>&nbsp;<\/p>\n<p>Le persone attualmente POSITIVE ricoverate in Ospedale di Comunit\u00e0 sono:<\/p>\n<table>\n<tbody>\n<tr>\n<td width=\"326\"><strong>\u00a0<\/strong><\/td>\n<td width=\"326\"><strong>pazienti attualmente positivi<\/strong><\/td>\n<\/tr>\n<tr>\n<td width=\"326\"><strong>Ospedale di Comunit\u00e0 AGORDO<\/strong><\/td>\n<td width=\"326\">0<\/td>\n<\/tr>\n<tr>\n<td width=\"326\"><strong>Ospedale di Comunit\u00e0 ALANO<\/strong><\/td>\n<td width=\"326\">4<\/td>\n<\/tr>\n<tr>\n<td width=\"326\"><strong>Ospedale di Comunit\u00e0 AURONZO<\/strong><\/p>\n<p><strong>Ospedale di Comunit\u00e0 di BELLUNO\u00a0\u00a0\u00a0\u00a0\u00a0\u00a0\u00a0\u00a0\u00a0\u00a0\u00a0\u00a0\u00a0\u00a0\u00a0\u00a0\u00a0\u00a0\u00a0\u00a0\u00a0\u00a0\u00a0\u00a0\u00a0\u00a0\u00a0\u00a0\u00a0\u00a0\u00a0\u00a0\u00a0\u00a0\u00a0\u00a0\u00a0\u00a0\u00a0\u00a0 <\/strong><\/td>\n<td width=\"326\">10<\/p>\n<p>25<\/td>\n<\/tr>\n<tr>\n<td width=\"326\"><strong>Ospedale di Comunit\u00e0 di FELTRE<\/strong><\/td>\n<td width=\"326\">13<\/td>\n<\/tr>\n<\/tbody>\n<\/table>\n<p>&nbsp;<\/p>\n<p><span style=\"color: #ff0000;\"><a href=\"https:\/\/www.radiopiu.net\/wordpress\/giornale-radiopiu-17-dicembre-2020-direttore-mirko-mezzacasa\/9a5ea910-787b-4926-b016-6b46f4e7710f\/\" rel=\"attachment wp-att-180023\"><img loading=\"lazy\" decoding=\"async\" class=\"wp-image-180023 alignleft\" src=\"https:\/\/www.radiopiu.net\/wordpress\/wp-content\/uploads\/2020\/12\/9a5ea910-787b-4926-b016-6b46f4e7710f-300x187.jpg\" alt=\"\" width=\"218\" height=\"136\" srcset=\"https:\/\/www.radiopiu.net\/wordpress\/wp-content\/uploads\/2020\/12\/9a5ea910-787b-4926-b016-6b46f4e7710f-300x187.jpg 300w, https:\/\/www.radiopiu.net\/wordpress\/wp-content\/uploads\/2020\/12\/9a5ea910-787b-4926-b016-6b46f4e7710f.jpg 668w\" sizes=\"auto, (max-width: 218px) 100vw, 218px\" \/><\/a><\/span><\/p>\n<p>&nbsp;<\/p>\n<p><span style=\"color: #ff0000;\">AGGIORNAMENTO CONTAGI:<\/span>\u00a0 <strong>AGORDO<\/strong> 146 positivi e 98 sorveglianza attiva. <strong>TAIBON<\/strong> 131 positivi 90 isolati <strong>ROCCA PIETORE<\/strong> 15 positivi 16 isolamento <strong>ALLEGHE<\/strong> 18 positivi 23 fiduciaria <strong>FALCADE<\/strong> 27 positivi<\/p>\n<p>&nbsp;<\/p>\n<p>&nbsp;<\/p>\n<p>&nbsp;<\/p>\n<p>&nbsp;<\/p>\n<p>&nbsp;<\/p>\n<hr \/>\n<p>&nbsp;<\/p>\n<blockquote>\n<h3>DA ZAIA IL PRESIDIO DEI LAVORATORI DELLA SANITA&#8217; E CASE DI RIPOSO<\/h3>\n<\/blockquote>\n<p><strong><a href=\"https:\/\/www.radiopiu.net\/wordpress\/da-zaia-il-presidio-dei-lavoratori-della-sanita-e-case-di-riposo\/8085e099-3f39-4e38-9b6e-d42a76364bb0\/\" rel=\"attachment wp-att-179934\"><img loading=\"lazy\" decoding=\"async\" class=\"wp-image-179934 alignleft\" src=\"https:\/\/www.radiopiu.net\/wordpress\/wp-content\/uploads\/2020\/12\/8085e099-3f39-4e38-9b6e-d42a76364bb0-240x300.jpg\" alt=\"\" width=\"111\" height=\"139\" srcset=\"https:\/\/www.radiopiu.net\/wordpress\/wp-content\/uploads\/2020\/12\/8085e099-3f39-4e38-9b6e-d42a76364bb0-240x300.jpg 240w, https:\/\/www.radiopiu.net\/wordpress\/wp-content\/uploads\/2020\/12\/8085e099-3f39-4e38-9b6e-d42a76364bb0.jpg 256w\" sizes=\"auto, (max-width: 111px) 100vw, 111px\" \/><\/a><\/strong><\/p>\n<p><strong>BELLUNO<\/strong> Mobilitazione dei lavoratori della sanit\u00e0 e case di riposo che chiedono fatti concreti per la carenza di personale,\u00a0 sicurezze e risorse in questo periodo di covid che li sta mettendo a dura prova. Martedi 22 dicembre presidio a Marghera sede della Protezione Civile punto di aggiornamento quotidiano sulla tematica covid. Sede non scelta a casa ma per rappresentare al Presidente e alla Giunta Regionale il problema reale. Non solo, i lavoratori hanno messo sul tavolo qualche idea, ce ne parla Gianluigi Della Giacoma della Funzione Pubblica Cgil.<\/p>\n<p>&nbsp;<\/p>\n<p><strong>GIANLUIGI DELLA GIACOMA<\/strong><\/p>\n<audio class=\"wp-audio-shortcode\" id=\"audio-179789-3\" preload=\"none\" style=\"width: 100%;\" controls=\"controls\"><source type=\"audio\/mpeg\" src=\"https:\/\/www.radiopiu.net\/wordpress\/wp-content\/uploads\/2020\/12\/GIAN-UNO.mp3?_=3\" \/><a href=\"https:\/\/www.radiopiu.net\/wordpress\/wp-content\/uploads\/2020\/12\/GIAN-UNO.mp3\">https:\/\/www.radiopiu.net\/wordpress\/wp-content\/uploads\/2020\/12\/GIAN-UNO.mp3<\/a><\/audio>\n<p><a href=\"https:\/\/www.radiopiu.net\/wordpress\/4-positivi-al-coronavirus-nella-casa-di-riposo-di-alano\/gianluigi-della-giacoma-2\/\" rel=\"attachment wp-att-122293\"><img loading=\"lazy\" decoding=\"async\" class=\"wp-image-122293 alignleft\" src=\"https:\/\/www.radiopiu.net\/wordpress\/wp-content\/uploads\/2020\/03\/GIANLUIGI-DELLA-GIACOMA-e1608134856388-300x300.jpg\" alt=\"\" width=\"78\" height=\"78\" srcset=\"https:\/\/www.radiopiu.net\/wordpress\/wp-content\/uploads\/2020\/03\/GIANLUIGI-DELLA-GIACOMA-e1608134856388-300x300.jpg 300w, https:\/\/www.radiopiu.net\/wordpress\/wp-content\/uploads\/2020\/03\/GIANLUIGI-DELLA-GIACOMA-e1608134856388-1024x1024.jpg 1024w, https:\/\/www.radiopiu.net\/wordpress\/wp-content\/uploads\/2020\/03\/GIANLUIGI-DELLA-GIACOMA-e1608134856388-150x150.jpg 150w, https:\/\/www.radiopiu.net\/wordpress\/wp-content\/uploads\/2020\/03\/GIANLUIGI-DELLA-GIACOMA-e1608134856388-768x769.jpg 768w, https:\/\/www.radiopiu.net\/wordpress\/wp-content\/uploads\/2020\/03\/GIANLUIGI-DELLA-GIACOMA-e1608134856388.jpg 1199w\" sizes=\"auto, (max-width: 78px) 100vw, 78px\" \/><\/a><em>Un concorso che potrebbe portare a soluzioni insistono i sindacati. Soluzioni che anche temporaneamente potranno solo aiutare sia in questa seconda ondata ma anche per l&#8217;eventuale terza attesa per gennaio. Per questo i lavoratori andranno a Marghera<\/em><\/p>\n<p><strong>GIANLUIGI DELLA GIACOMA<\/strong><\/p>\n<audio class=\"wp-audio-shortcode\" id=\"audio-179789-4\" preload=\"none\" style=\"width: 100%;\" controls=\"controls\"><source type=\"audio\/mpeg\" src=\"https:\/\/www.radiopiu.net\/wordpress\/wp-content\/uploads\/2020\/12\/GIAN-DUE.mp3?_=4\" \/><a href=\"https:\/\/www.radiopiu.net\/wordpress\/wp-content\/uploads\/2020\/12\/GIAN-DUE.mp3\">https:\/\/www.radiopiu.net\/wordpress\/wp-content\/uploads\/2020\/12\/GIAN-DUE.mp3<\/a><\/audio>\n<p>&nbsp;<\/p>\n<h3><a href=\"https:\/\/www.radiopiu.net\/wordpress\/tormen-e-fiocco-contro-regione-e-ulss1-de-bernardin-contro-la-tormen-e-il-gruppo-sanita\/andrea-fiocco\/\" rel=\"attachment wp-att-43617\"><img loading=\"lazy\" decoding=\"async\" class=\"wp-image-43617 alignleft\" src=\"https:\/\/www.radiopiu.net\/wordpress\/wp-content\/uploads\/2018\/02\/ANDREA-FIOCCO-300x300.jpg\" alt=\"\" width=\"160\" height=\"160\" srcset=\"https:\/\/www.radiopiu.net\/wordpress\/wp-content\/uploads\/2018\/02\/ANDREA-FIOCCO-300x300.jpg 300w, https:\/\/www.radiopiu.net\/wordpress\/wp-content\/uploads\/2018\/02\/ANDREA-FIOCCO-150x150.jpg 150w, https:\/\/www.radiopiu.net\/wordpress\/wp-content\/uploads\/2018\/02\/ANDREA-FIOCCO-768x768.jpg 768w, https:\/\/www.radiopiu.net\/wordpress\/wp-content\/uploads\/2018\/02\/ANDREA-FIOCCO.jpg 960w\" sizes=\"auto, (max-width: 160px) 100vw, 160px\" \/><\/a>I PROBLEMI DI SICUREZZA, IL NON RISPETTO DEI TURNI E I TEST <em>&#8220;CHIEDIAMO TEST MOLECOLARI, E&#8217; CHIARO A MOLTI LA POCA ATTENDIBILITA&#8217; DEI RAPIDI&#8221;, AI MICROFONI DI RADIO PIU&#8217; ANDREA FIOCCO<\/em><\/h3>\n<audio class=\"wp-audio-shortcode\" id=\"audio-179789-5\" preload=\"none\" style=\"width: 100%;\" controls=\"controls\"><source type=\"audio\/mpeg\" src=\"https:\/\/www.radiopiu.net\/wordpress\/wp-content\/uploads\/2020\/12\/Intervento-per-Radio-Piu-case-di-riposo-e-presidio.mp3?_=5\" \/><a href=\"https:\/\/www.radiopiu.net\/wordpress\/wp-content\/uploads\/2020\/12\/Intervento-per-Radio-Piu-case-di-riposo-e-presidio.mp3\">https:\/\/www.radiopiu.net\/wordpress\/wp-content\/uploads\/2020\/12\/Intervento-per-Radio-Piu-case-di-riposo-e-presidio.mp3<\/a><\/audio>\n<p>&nbsp;<\/p>\n<hr \/>\n<p>&nbsp;<\/p>\n<blockquote>\n<h3>LE PREOCCUPAZIONI DELLE ISTITUZIONI PER L&#8217;OSPEDALE DI AGORDO DOPO LE AFFERMAZIONI DEL PRIMARIO DI ORTOPEDIA BOTTO<\/h3>\n<\/blockquote>\n<p><strong><a href=\"https:\/\/www.radiopiu.net\/wordpress\/giornale-radio-piu-14-10-direttore-mirko-mezzacasa\/entrata-agordo-300x225\/\" rel=\"attachment wp-att-11952\"><img loading=\"lazy\" decoding=\"async\" class=\"size-medium wp-image-11952 alignleft\" src=\"https:\/\/www.radiopiu.net\/wordpress\/wp-content\/uploads\/2015\/10\/Entrata-Agordo-300x225-300x225.jpg\" alt=\"\" width=\"300\" height=\"225\" \/><\/a>AGORDINO<\/strong><\/p>\n<p>di Gianni Santomaso<\/p>\n<audio class=\"wp-audio-shortcode\" id=\"audio-179789-6\" preload=\"none\" style=\"width: 100%;\" controls=\"controls\"><source type=\"audio\/mpeg\" src=\"https:\/\/www.radiopiu.net\/wordpress\/wp-content\/uploads\/2020\/12\/GIANNI-MICHELE-COSTA-OSPEDALE-AGORDO.mp3?_=6\" \/><a href=\"https:\/\/www.radiopiu.net\/wordpress\/wp-content\/uploads\/2020\/12\/GIANNI-MICHELE-COSTA-OSPEDALE-AGORDO.mp3\">https:\/\/www.radiopiu.net\/wordpress\/wp-content\/uploads\/2020\/12\/GIANNI-MICHELE-COSTA-OSPEDALE-AGORDO.mp3<\/a><\/audio>\n<p>&nbsp;<\/p>\n<hr \/>\n<p>&nbsp;<\/p>\n<blockquote>\n<h2>L&#8217;ARTICOLO PIU&#8217; CLICCATO SUL SITO WWW.RADIOPIU.NET NELLE ULTIME 48 ORE<\/h2>\n<\/blockquote>\n<blockquote class=\"wp-embedded-content\" data-secret=\"u3VZoylTvt\"><p><a href=\"https:\/\/www.radiopiu.net\/wordpress\/ortopedia-ad-agordo-cauto-pessimismo-e-la-stagione-sugli-sci-inizia-il-7-gennaio-domani\/\">OSPEDALE DI AGORDO: ORTOPEDIA DESERTA, LISTE DI ATTESA IN AUMENTO, GUAI FARSI MALE!<\/a><\/p><\/blockquote>\n<p><iframe loading=\"lazy\" class=\"wp-embedded-content\" sandbox=\"allow-scripts\" security=\"restricted\" style=\"position: absolute; clip: rect(1px, 1px, 1px, 1px);\" title=\"&#8220;OSPEDALE DI AGORDO: ORTOPEDIA DESERTA, LISTE DI ATTESA IN AUMENTO, GUAI FARSI MALE!&#8221; &#8212; Radio Pi\u00f9\" src=\"https:\/\/www.radiopiu.net\/wordpress\/ortopedia-ad-agordo-cauto-pessimismo-e-la-stagione-sugli-sci-inizia-il-7-gennaio-domani\/embed\/#?secret=u3VZoylTvt\" data-secret=\"u3VZoylTvt\" width=\"600\" height=\"338\" frameborder=\"0\" marginwidth=\"0\" marginheight=\"0\" scrolling=\"no\"><\/iframe><\/p>\n<p>&nbsp;<\/p>\n<hr \/>\n<p>&nbsp;<\/p>\n<p>&nbsp;<\/p>\n<blockquote>\n<h3>LO SPAVENTO: LA NEVE CADE DAL TETTO E CENTRA LA VETTURA IN TRANSITO<\/h3>\n<\/blockquote>\n<p><strong>LIVINALLONGO<\/strong> Dall&#8217;edificio alberghiero dismesso da 20 anni si stacca il cornicione di neve. Colpita in pieno l&#8217;auto di una 75enne del posto portato in ospedale con ferite lievi. Sul posto vigili del fuoco volontari di Livinallongo e Agordo.<\/p>\n<p>il SINDACO LEANDRO GRONES<\/p>\n<p>&nbsp;<\/p>\n<audio class=\"wp-audio-shortcode\" id=\"audio-179789-7\" preload=\"none\" style=\"width: 100%;\" controls=\"controls\"><source type=\"audio\/mpeg\" src=\"https:\/\/www.radiopiu.net\/wordpress\/wp-content\/uploads\/2020\/12\/LEANDRO-4.mp3?_=7\" \/><a href=\"https:\/\/www.radiopiu.net\/wordpress\/wp-content\/uploads\/2020\/12\/LEANDRO-4.mp3\">https:\/\/www.radiopiu.net\/wordpress\/wp-content\/uploads\/2020\/12\/LEANDRO-4.mp3<\/a><\/audio>\n<p>&nbsp;<\/p>\n\n\t\t\t<style type='text\/css'>\n\t\t\t\t#gallery-2 {\n\t\t\t\t\tmargin: auto;\n\t\t\t\t}\n\t\t\t\t#gallery-2 .gallery-item {\n\t\t\t\t\tfloat: left;\n\t\t\t\t\tmargin-top: 10px;\n\t\t\t\t\ttext-align: center;\n\t\t\t\t\twidth: 25%;\n\t\t\t\t}\n\t\t\t\t#gallery-2 img {\n\t\t\t\t\tborder: 2px solid #cfcfcf;\n\t\t\t\t}\n\t\t\t\t#gallery-2 .gallery-caption {\n\t\t\t\t\tmargin-left: 0;\n\t\t\t\t}\n\t\t\t\t\/* see gallery_shortcode() in wp-includes\/media.php *\/\n\t\t\t<\/style>\n\t\t<div id='gallery-2' class='dt-gallery-container gallery galleryid-179789 gallery-columns-4 gallery-size-thumbnail'><dl class='gallery-item'>\n\t\t\t\t<dt class='gallery-icon landscape'>\n\t\t\t\t\t<a class=\"rollover\" href='https:\/\/www.radiopiu.net\/wordpress\/lo-spavento-la-neve-cade-dal-tetto-e-centra-la-vettura-in-transito\/2be3ed77-a133-413b-b720-5de7e5f39107\/'><img loading=\"lazy\" decoding=\"async\" width=\"150\" height=\"150\" src=\"https:\/\/www.radiopiu.net\/wordpress\/wp-content\/uploads\/2020\/12\/2be3ed77-a133-413b-b720-5de7e5f39107-150x150.jpg\" class=\"attachment-thumbnail size-thumbnail\" alt=\"\" \/><\/a>\n\t\t\t\t<\/dt><\/dl><dl class='gallery-item'>\n\t\t\t\t<dt class='gallery-icon portrait'>\n\t\t\t\t\t<a class=\"rollover\" href='https:\/\/www.radiopiu.net\/wordpress\/lo-spavento-la-neve-cade-dal-tetto-e-centra-la-vettura-in-transito\/9f964326-d363-4185-aa69-ce2b5d7e512a\/'><img loading=\"lazy\" decoding=\"async\" width=\"150\" height=\"150\" src=\"https:\/\/www.radiopiu.net\/wordpress\/wp-content\/uploads\/2020\/12\/9f964326-d363-4185-aa69-ce2b5d7e512a-150x150.jpg\" class=\"attachment-thumbnail size-thumbnail\" alt=\"\" \/><\/a>\n\t\t\t\t<\/dt><\/dl><dl class='gallery-item'>\n\t\t\t\t<dt class='gallery-icon portrait'>\n\t\t\t\t\t<a class=\"rollover\" href='https:\/\/www.radiopiu.net\/wordpress\/lo-spavento-la-neve-cade-dal-tetto-e-centra-la-vettura-in-transito\/a6752d1b-0e09-488a-8cf0-faaa0e41b2dd\/'><img loading=\"lazy\" decoding=\"async\" width=\"150\" height=\"150\" src=\"https:\/\/www.radiopiu.net\/wordpress\/wp-content\/uploads\/2020\/12\/a6752d1b-0e09-488a-8cf0-faaa0e41b2dd-150x150.jpg\" class=\"attachment-thumbnail size-thumbnail\" alt=\"\" \/><\/a>\n\t\t\t\t<\/dt><\/dl><dl class='gallery-item'>\n\t\t\t\t<dt class='gallery-icon landscape'>\n\t\t\t\t\t<a class=\"rollover\" href='https:\/\/www.radiopiu.net\/wordpress\/lo-spavento-la-neve-cade-dal-tetto-e-centra-la-vettura-in-transito\/94684e63-0ea7-4fe9-8798-6204a6189ea8\/'><img loading=\"lazy\" decoding=\"async\" width=\"150\" height=\"150\" src=\"https:\/\/www.radiopiu.net\/wordpress\/wp-content\/uploads\/2020\/12\/94684e63-0ea7-4fe9-8798-6204a6189ea8-150x150.jpg\" class=\"attachment-thumbnail size-thumbnail\" alt=\"\" \/><\/a>\n\t\t\t\t<\/dt><\/dl><br style=\"clear: both\" \/>\n\t\t\t<\/div>\n\n<p>&nbsp;<\/p>\n<p>&nbsp;<\/p>\n<p>&nbsp;<\/p>\n<hr \/>\n<div class=\"page-title-head hgroup\">\n<blockquote>\n<h3 class=\"entry-title\">FIAMME DAL VANO MOTORE, SERI DANNI PER L\u2019AUTO<\/h3>\n<\/blockquote>\n<\/div>\n<div class=\"page-title-breadcrumbs\">\n<p><strong>LENTIAI<\/strong> Pomeriggio di fuoco per l&#8217;automobilista, di fuoco nel vero senso della parola visto che le fiamme si sono alzate dal vano motore della Kia condotta da un 85enne di Feltre. E&#8217; successo nel pomeriggio di ieri alle 16, fortunatamente nessun ferito. Sul posto per i rilievi di legge e risolvere i nodi del traffico gli uomini dell&#8217;Arma.<\/p>\n\n\t\t\t<style type='text\/css'>\n\t\t\t\t#gallery-3 {\n\t\t\t\t\tmargin: auto;\n\t\t\t\t}\n\t\t\t\t#gallery-3 .gallery-item {\n\t\t\t\t\tfloat: left;\n\t\t\t\t\tmargin-top: 10px;\n\t\t\t\t\ttext-align: center;\n\t\t\t\t\twidth: 33%;\n\t\t\t\t}\n\t\t\t\t#gallery-3 img {\n\t\t\t\t\tborder: 2px solid #cfcfcf;\n\t\t\t\t}\n\t\t\t\t#gallery-3 .gallery-caption {\n\t\t\t\t\tmargin-left: 0;\n\t\t\t\t}\n\t\t\t\t\/* see gallery_shortcode() in wp-includes\/media.php *\/\n\t\t\t<\/style>\n\t\t<div id='gallery-3' class='dt-gallery-container gallery galleryid-179789 gallery-columns-3 gallery-size-medium'><dl class='gallery-item'>\n\t\t\t\t<dt class='gallery-icon landscape'>\n\t\t\t\t\t<a class=\"rollover rollover-zoom dt-pswp-item\" title=\"f1770998-a194-4e04-8283-e066322362b5\" data-dt-img-description=\"\" data-large_image_width=\"320\" data-large_image_height=\"240\"href='https:\/\/www.radiopiu.net\/wordpress\/wp-content\/uploads\/2020\/12\/f1770998-a194-4e04-8283-e066322362b5.jpg'><img loading=\"lazy\" decoding=\"async\" width=\"300\" height=\"225\" src=\"https:\/\/www.radiopiu.net\/wordpress\/wp-content\/uploads\/2020\/12\/f1770998-a194-4e04-8283-e066322362b5-300x225.jpg\" class=\"attachment-medium size-medium\" alt=\"\" srcset=\"https:\/\/www.radiopiu.net\/wordpress\/wp-content\/uploads\/2020\/12\/f1770998-a194-4e04-8283-e066322362b5-300x225.jpg 300w, https:\/\/www.radiopiu.net\/wordpress\/wp-content\/uploads\/2020\/12\/f1770998-a194-4e04-8283-e066322362b5.jpg 320w\" sizes=\"auto, (max-width: 300px) 100vw, 300px\" \/><\/a>\n\t\t\t\t<\/dt><\/dl><dl class='gallery-item'>\n\t\t\t\t<dt class='gallery-icon landscape'>\n\t\t\t\t\t<a class=\"rollover rollover-zoom dt-pswp-item\" title=\"cccc2dbc-a5c9-4522-8b91-0755a18986c1\" data-dt-img-description=\"\" data-large_image_width=\"320\" data-large_image_height=\"240\"href='https:\/\/www.radiopiu.net\/wordpress\/wp-content\/uploads\/2020\/12\/cccc2dbc-a5c9-4522-8b91-0755a18986c1.jpg'><img loading=\"lazy\" decoding=\"async\" width=\"300\" height=\"225\" src=\"https:\/\/www.radiopiu.net\/wordpress\/wp-content\/uploads\/2020\/12\/cccc2dbc-a5c9-4522-8b91-0755a18986c1-300x225.jpg\" class=\"attachment-medium size-medium\" alt=\"\" srcset=\"https:\/\/www.radiopiu.net\/wordpress\/wp-content\/uploads\/2020\/12\/cccc2dbc-a5c9-4522-8b91-0755a18986c1-300x225.jpg 300w, https:\/\/www.radiopiu.net\/wordpress\/wp-content\/uploads\/2020\/12\/cccc2dbc-a5c9-4522-8b91-0755a18986c1.jpg 320w\" sizes=\"auto, (max-width: 300px) 100vw, 300px\" \/><\/a>\n\t\t\t\t<\/dt><\/dl><dl class='gallery-item'>\n\t\t\t\t<dt class='gallery-icon landscape'>\n\t\t\t\t\t<a class=\"rollover rollover-zoom dt-pswp-item\" title=\"36930f25-3b98-465d-a09b-0a9d9ea22369\" data-dt-img-description=\"\" data-large_image_width=\"320\" data-large_image_height=\"240\"href='https:\/\/www.radiopiu.net\/wordpress\/wp-content\/uploads\/2020\/12\/36930f25-3b98-465d-a09b-0a9d9ea22369.jpg'><img loading=\"lazy\" decoding=\"async\" width=\"300\" height=\"225\" src=\"https:\/\/www.radiopiu.net\/wordpress\/wp-content\/uploads\/2020\/12\/36930f25-3b98-465d-a09b-0a9d9ea22369-300x225.jpg\" class=\"attachment-medium size-medium\" alt=\"\" srcset=\"https:\/\/www.radiopiu.net\/wordpress\/wp-content\/uploads\/2020\/12\/36930f25-3b98-465d-a09b-0a9d9ea22369-300x225.jpg 300w, https:\/\/www.radiopiu.net\/wordpress\/wp-content\/uploads\/2020\/12\/36930f25-3b98-465d-a09b-0a9d9ea22369.jpg 320w\" sizes=\"auto, (max-width: 300px) 100vw, 300px\" \/><\/a>\n\t\t\t\t<\/dt><\/dl><br style=\"clear: both\" \/>\n\t\t\t<\/div>\n\n<p>&nbsp;<\/p>\n<hr \/>\n<p>&nbsp;<\/p>\n<\/div>\n<p>&nbsp;<\/p>\n<p><a href=\"https:\/\/www.radiopiu.net\/wordpress\/giornale-radiopiu-17-dicembre-2020-direttore-mirko-mezzacasa\/salt_20201216_111505_756\/\" rel=\"attachment wp-att-179863\"><img loading=\"lazy\" decoding=\"async\" class=\"wp-image-179863 alignleft\" src=\"https:\/\/www.radiopiu.net\/wordpress\/wp-content\/uploads\/2020\/12\/salt_20201216_111505_756-1024x768.jpg\" alt=\"\" width=\"308\" height=\"231\" srcset=\"https:\/\/www.radiopiu.net\/wordpress\/wp-content\/uploads\/2020\/12\/salt_20201216_111505_756-1024x768.jpg 1024w, https:\/\/www.radiopiu.net\/wordpress\/wp-content\/uploads\/2020\/12\/salt_20201216_111505_756-300x225.jpg 300w, https:\/\/www.radiopiu.net\/wordpress\/wp-content\/uploads\/2020\/12\/salt_20201216_111505_756-768x576.jpg 768w, https:\/\/www.radiopiu.net\/wordpress\/wp-content\/uploads\/2020\/12\/salt_20201216_111505_756-1536x1152.jpg 1536w, https:\/\/www.radiopiu.net\/wordpress\/wp-content\/uploads\/2020\/12\/salt_20201216_111505_756-2048x1536.jpg 2048w\" sizes=\"auto, (max-width: 308px) 100vw, 308px\" \/><\/a><\/p>\n<h2><strong>SCENDE LA VALANGA, IERI MATTINA A PIEVE DI LIVINALLONGO<\/strong><\/h2>\n<p><strong>LIVINALLONGO<\/strong> Ieri\u00a0mattina alle 6.15 il Soccorso alpino di Livinallongo \u00e8 stato allertato per una valanga caduta a Pieve, che aveva interessato una settantina di metri di sede stradale, con accumulo massimo di 3 metri. Una squadra ha bonificato, passandola con le sonde, tutta la superficie dell&#8217;accumulo ed ha escluso la presenza di persone e mezzi coinvolti.<\/p>\n<p>&nbsp;<\/p>\n<p>&nbsp;<\/p>\n<p>&nbsp;<\/p>\n<hr \/>\n<p>&nbsp;<\/p>\n<p>&nbsp;<\/p>\n<h2><a href=\"https:\/\/www.radiopiu.net\/wordpress\/giornale-radiopiu-17-dicembre-2020-direttore-mirko-mezzacasa\/efb10baa-c0ba-4d07-ac14-6f751b51e4e2\/\" rel=\"attachment wp-att-179869\"><img loading=\"lazy\" decoding=\"async\" class=\"size-medium wp-image-179869 alignleft\" src=\"https:\/\/www.radiopiu.net\/wordpress\/wp-content\/uploads\/2020\/12\/efb10baa-c0ba-4d07-ac14-6f751b51e4e2-225x300.jpg\" alt=\"\" width=\"225\" height=\"300\" srcset=\"https:\/\/www.radiopiu.net\/wordpress\/wp-content\/uploads\/2020\/12\/efb10baa-c0ba-4d07-ac14-6f751b51e4e2-225x300.jpg 225w, https:\/\/www.radiopiu.net\/wordpress\/wp-content\/uploads\/2020\/12\/efb10baa-c0ba-4d07-ac14-6f751b51e4e2-768x1024.jpg 768w, https:\/\/www.radiopiu.net\/wordpress\/wp-content\/uploads\/2020\/12\/efb10baa-c0ba-4d07-ac14-6f751b51e4e2-1152x1536.jpg 1152w, https:\/\/www.radiopiu.net\/wordpress\/wp-content\/uploads\/2020\/12\/efb10baa-c0ba-4d07-ac14-6f751b51e4e2.jpg 1200w\" sizes=\"auto, (max-width: 225px) 100vw, 225px\" \/><\/a><\/h2>\n<h2><\/h2>\n<blockquote>\n<h2>NUOVO CAMPANELLO D&#8217;ALLARME LUNGO LA PROVINCIALE 2<\/h2>\n<\/blockquote>\n<p><strong>RIVAMONTE<\/strong> Ieri abbiamo segnalato, sentendo anche il consigliere provinciale Fabio Luchetta, i nuovi problemi lungo la provinciale 2 al primo tornante sopra Agordo dove \u00e8 stato posato il nuovo manto d&#8217;asfalto, si presentano nuove fessure a conferma che la scarpata continua la sua lenta &#8211; ma neanche tanto &#8211; discesa verso il basso (vedi articolo successivo) problema noto da anni, la situazione lo scorso ottobre \u00e8 solo peggiorata. Oggi segnaliamo una secondo problema che si sta creando poco sopra, al bivio per la frazione Lonie.<\/p>\n<p>grazie a Valter Todesco<\/p>\n<p>&nbsp;<\/p>\n<p>&nbsp;<\/p>\n<h4><strong>DAL NOTIZIARIO DI IERI<\/strong><\/h4>\n<blockquote class=\"wp-embedded-content\" data-secret=\"D79AueNIuf\"><p><a href=\"https:\/\/www.radiopiu.net\/wordpress\/warning-segnali-dalla-provinciale-3\/\">WARNING! SEGNALI DALLA PROVINCIALE 3<\/a><\/p><\/blockquote>\n<p><iframe loading=\"lazy\" class=\"wp-embedded-content\" sandbox=\"allow-scripts\" security=\"restricted\" style=\"position: absolute; clip: rect(1px, 1px, 1px, 1px);\" title=\"&#8220;WARNING! SEGNALI DALLA PROVINCIALE 3&#8221; &#8212; Radio Pi\u00f9\" src=\"https:\/\/www.radiopiu.net\/wordpress\/warning-segnali-dalla-provinciale-3\/embed\/#?secret=D79AueNIuf\" data-secret=\"D79AueNIuf\" width=\"600\" height=\"338\" frameborder=\"0\" marginwidth=\"0\" marginheight=\"0\" scrolling=\"no\"><\/iframe><\/p>\n<p>&nbsp;<\/p>\n<p>&nbsp;<\/p>\n<p>&nbsp;<\/p>\n<hr \/>\n<h3><\/h3>\n<p>&nbsp;<\/p>\n<blockquote>\n<h3>EMERGENZA MALTEMPO, NECESSARI IL CONTROLLO DI DIGHE E RETI ELETTRICHE<\/h3>\n<p><strong>Non pu\u00f2 tollerare l\u2019esternalizzazione del servizio e l\u2019allontanamento dal territorio delle gestioni operative\u00bb.<\/strong><\/p><\/blockquote>\n<p><strong><a href=\"https:\/\/www.radiopiu.net\/wordpress\/giornale-radio-piu-edizione-del-23-dicembre-2017-direttore-mirko-mezzacasa\/enel-tecnici-in-cavidotto-1\/\" rel=\"attachment wp-att-40339\"><img loading=\"lazy\" decoding=\"async\" class=\" wp-image-40339 alignleft\" src=\"https:\/\/www.radiopiu.net\/wordpress\/wp-content\/uploads\/2017\/12\/Enel-Tecnici-in-cavidotto-1-200x300.jpg\" alt=\"\" width=\"150\" height=\"225\" \/><\/a>BELLUNO<\/strong> <em>&#8220;Il controllo di dighe e linee elettriche deve rimanere a Belluno, vicino alle esigenze del territorio. Ci preoccupa e non poco la possibile riorganizzazione dei posti di telecontrollo, tra cui dovrebbe rientrare anche Polpet&#8221;<\/em>. \u00c8 quanto afferma il presidente della Provincia di Belluno, Roberto Padrin, che raccoglie la denuncia dei sindacati e dei lavoratori di Enel Produzione che da tempo segnalano un cospicuo impoverimento dell\u2019organico passato dai 1.500 lavoratori a livello veneto del\u00a0 2007 (730 operai e 770 tecnici) ai 1.020 lavoratori del\u00a0 2020 (490 operai e 530 tecnici), anche se oggi in via di recupero dopo la positiva chiusura della vertenza nazionale. E anche a seguito delle mobilitazioni sindacali, \u00e8 stato momentaneamente bloccato lo spostamento del posto di telecontrollo da Polpet a Nove (Treviso).<br \/>\n<em>\u00abNell\u2019ultima emergenza maltempo abbiamo potuto vedere all\u2019opera operai e tecnici del Gruppo Enel, che con abnegazione e spirito di servizio hanno lavorato in condizioni difficili per assicurare a tutto il territorio il normale funzionamento della rete elettrica &#8211; prosegue il presidente Padrin -. I blackout ci sono stati, ma sono stati gestiti con prontezza d\u2019intervento: a tutte le persone del Gruppo Enel impegnate nell\u2019emergenza va il mio pi\u00f9 sentito grazie&#8221;.<\/em> Non\u00a0 \u00e8 pensabile per Padrin che le sale di controllo possano traslocare lontano dalla montagna creando ulteriori disagi e allungando i tempi di intervento in una terra che non lo merita,\u00a0 che ha pagato e continua a pagare molto, anche in termini di vite umane<\/p>\n<p>&nbsp;<\/p>\n<p>&nbsp;<\/p>\n<hr \/>\n<p><span style=\"color: #ff0000;\">\u00a0\u00a0<\/span><\/p>\n<blockquote>\n<h3>LUXOTTICA: IN TEMPI DI COVID MANCA LA FESTA MA L&#8217;EMOZIONE NON MUTA<\/h3>\n<\/blockquote>\n<p><strong><img loading=\"lazy\" decoding=\"async\" class=\"alignleft\" src=\"https:\/\/www.radiopiu.net\/wordpress\/wp-content\/uploads\/2020\/12\/131890316_10217095362648904_8403147066455773003_n.jpg\" width=\"283\" height=\"212\" \/>AGORDO<\/strong> Anche quest&#8217;anno Luxottica non delude i suoi lavoratori consegnando il riconoscimento per gli anni di servizio, succede ogni anno ma mai come quest&#8217;anno. Infatti negli stabilimenti niente riunione di gruppo, nessuna lacrima di emozione da condividere davanti al fotografo, piuttosto il gradito omaggio\u00a0 dell&#8217;azienda in ufficio, uno alla volta con igienizzante e mascherina calata in volto. Ma la soddisfazione non cambia, come per quei dipendenti che pur non potendo partecipare alla festa di fine anno al PalaLuxottica (dove si realizzano le mascherine per l&#8217;Italia) in questi giorni hanno ricevuto il pacco dono di Natale con gli auguri del Cavaliere.<\/p>\n<p>A proposito di Cavalieri, Luigi Francavilla presidente Luxottica Srl e Presidente onorario di Group ha voluto essere presente alla consegna degli omaggi. Al proposito ecco l&#8217;emozionato commento di Luigi Paolo Della Lucia da 25 anni uomo di Luxottica Group. <em>&#8220;Un ringraziamento doveroso a tutti: al Cavalier Leonardo Del Vecchio per tutto quello che ha fatto , al Cavalier Luigi Francavilla che per tutto questo tempo ci ha indirizzato e consigliato , a tutti miei colleghi\u00a0 ai capireparto che mi hanno insegnato le basi del essere Luxottica ,a tutti gli operai che ogni giorno ci insegnano che la grande forza sta nell\u2019impegno e nel contributo costante di ogni uno, ai Dirigenti che mi hanno cresciuto ed ai capi che ho avuto. A tutti dico Grazie infinite, ogni attimo che mi avete dedicato e\u2019 stato utile ed ha contribuito ad arrivare qui . Un orologio: ci da\u2019 misura del tempo trascorso insieme , e ci aiuta a gestire bene quello che ci rimane&#8221;<\/em><\/p>\n<p><span style=\"color: #0000ff;\">da Facebook, Lux Italia<\/span><\/p>\n<p>&nbsp;<\/p>\n<p>&nbsp;<\/p>\n<hr \/>\n<p>&nbsp;<\/p>\n<h2><span style=\"color: #ff0000;\">IERI ALLA RADIO<\/span><\/h2>\n<h2><span style=\"color: #ff0000;\"> <span style=\"color: #000000;\">LUXOTTICA: GLI INCIVILI &#8211; UNA MINORANZA- VANNO ISOLATI COME SI DEVE<\/span><\/span><\/h2>\n<blockquote>\n<h3><a href=\"https:\/\/www.radiopiu.net\/wordpress\/giornale-radiopiu-25-ottobre-2020-direttore-mirko-mezzacasa\/agordo-palaluxottica-da-sud\/\" rel=\"attachment wp-att-168344\"><img loading=\"lazy\" decoding=\"async\" class=\"wp-image-168344 alignleft\" src=\"https:\/\/www.radiopiu.net\/wordpress\/wp-content\/uploads\/2020\/10\/AGORDO-PALALUXOTTICA-DA-SUD-300x225.jpg\" alt=\"\" width=\"157\" height=\"118\" srcset=\"https:\/\/www.radiopiu.net\/wordpress\/wp-content\/uploads\/2020\/10\/AGORDO-PALALUXOTTICA-DA-SUD-300x225.jpg 300w, https:\/\/www.radiopiu.net\/wordpress\/wp-content\/uploads\/2020\/10\/AGORDO-PALALUXOTTICA-DA-SUD-768x576.jpg 768w, https:\/\/www.radiopiu.net\/wordpress\/wp-content\/uploads\/2020\/10\/AGORDO-PALALUXOTTICA-DA-SUD.jpg 960w\" sizes=\"auto, (max-width: 157px) 100vw, 157px\" \/><\/a><\/h3>\n<h3>CISL LA VOCE DEI LAVORATORI<\/h3>\n<p><strong>AGORDO<\/strong> Il covid impazza, in fabbrica produttivit\u00e0 stravolta con un intenso programma di flessibilit\u00e0 positiva. Per dicembre gi\u00e0 firmato un accordo di sabato lavorativi integrato con un&#8217;ulteriore sabato (19 dicembre). Il nuovo stabile a ovest della fabbrica: ci sono stati dei danneggiamenti, la condanna della Femca Cisl che richiama all&#8217;ordine ed a fare attenzione ad eventuali azioni disciplinari. Agli indifendibili un messaggio chiaro.<\/p>\n<p><strong>di Paolo Chissal\u00e8<\/strong><\/p><\/blockquote>\n<audio class=\"wp-audio-shortcode\" id=\"audio-179789-8\" preload=\"none\" style=\"width: 100%;\" controls=\"controls\"><source type=\"audio\/mpeg\" src=\"https:\/\/www.radiopiu.net\/wordpress\/wp-content\/uploads\/2020\/12\/CISL-3.mp3?_=8\" \/><a href=\"https:\/\/www.radiopiu.net\/wordpress\/wp-content\/uploads\/2020\/12\/CISL-3.mp3\">https:\/\/www.radiopiu.net\/wordpress\/wp-content\/uploads\/2020\/12\/CISL-3.mp3<\/a><\/audio>\n<p>&nbsp;<\/p>\n<p>&nbsp;<\/p>\n<hr \/>\n<p>&nbsp;<\/p>\n<blockquote>\n<h3>GRUPPO WALBER: DONATI OLTRE 100 MILA EURO IN PREMI WELFARE<\/h3>\n<\/blockquote>\n<p lang=\"it-IT\" style=\"text-align: left;\" align=\"LEFT\"><span style=\"color: #000000;\"><span style=\"font-family: Helvetica Neue, serif;\"><span style=\"font-size: medium;\"><span lang=\"it-IT\"><i><b>Il Gruppo Walber investe sul Welfare: contro la pandemia COVID-19 conservare il senso di comunit<\/b><\/i><\/span><i><b>\u00e0 <\/b><\/i><span lang=\"it-IT\"><i><b>tra i dipendenti del Gruppo, dare un aiuto concreto a chi \u00e8 in difficolt<\/b><\/i><\/span><i><b>\u00e0 <\/b><\/i><span lang=\"it-IT\"><i><b>e a chi sta combattendo in prima linea giorno dopo giorno da quasi un anno.<\/b><\/i><\/span><\/span><\/span><\/span><\/p>\n<p><strong> <a href=\"https:\/\/www.radiopiu.net\/wordpress\/gruppo-walber-donati-oltre-100-mila-euro-in-premi-welfare\/img_1661\/\" rel=\"attachment wp-att-179404\"><img loading=\"lazy\" decoding=\"async\" class=\" wp-image-179404 alignleft\" src=\"https:\/\/www.radiopiu.net\/wordpress\/wp-content\/uploads\/2020\/12\/IMG_1661-300x225.jpg\" alt=\"\" width=\"228\" height=\"171\" srcset=\"https:\/\/www.radiopiu.net\/wordpress\/wp-content\/uploads\/2020\/12\/IMG_1661-300x225.jpg 300w, https:\/\/www.radiopiu.net\/wordpress\/wp-content\/uploads\/2020\/12\/IMG_1661-1024x768.jpg 1024w, https:\/\/www.radiopiu.net\/wordpress\/wp-content\/uploads\/2020\/12\/IMG_1661-768x576.jpg 768w, https:\/\/www.radiopiu.net\/wordpress\/wp-content\/uploads\/2020\/12\/IMG_1661-1536x1152.jpg 1536w, https:\/\/www.radiopiu.net\/wordpress\/wp-content\/uploads\/2020\/12\/IMG_1661-2048x1536.jpg 2048w\" sizes=\"auto, (max-width: 228px) 100vw, 228px\" \/><\/a>BELLUNO<\/strong> La Walber Spa, societ\u00e0 che opera nel mercato della distribuzione alimentare bellunese con 15 punti vendita ad insegna Supermercati SuperW, JuniorW, WStore e MD Discount, chiude il bilancio con pi\u00f9 100 mila euro versati nelle tasche degli oltre 200 dipendenti attraverso le iniziative di Welfare volte a incrementare il benessere del lavoratore e della sua famiglia con somme rimborsate, sia nella fornitura diretta di servizi, o in un mix delle due soluzioni. <em>\u201cDa sempre siamo sensibili ai problemi della nostra comunit\u00e0\u201d a parlare \u00e8 il Dottor Giovanni Bianco, giovane dirigente ed esponente della propriet\u00e0, che in genere preferisce restare dietro le quinte, ma che da sempre partecipa alla promozione silenziosa di tutte le iniziative benefiche e di welfare dell\u2019azienda: \u201cda oltre un decennio sosteniamo molte attivit\u00e0 di volontariato e aiuto alla popolazione attraverso contributi economici, buoni spesa e beni alimentari. Quest\u2019anno, vista la particolare situazione di emergenza che stiamo vivendo, abbiamo deciso di essere ancora pi\u00f9 presenti\u201d. <\/em>Al personale dell\u2019ULSS Dolomiti \u00e8 stato devoluto un premio durante la primavera e ovviamente ai propri dipendenti <em>\u201c&#8221;Siamo consapevoli che questo \u00e8 stato un anno difficile, le ragazze e i ragazzi dei nostri punti vendita hanno vissuto situazioni impegnative e l\u2019azienda ha voluto riconoscerlo raddoppiando le donazioni di welfare aziendale, una ad aprile e un\u2019altra, che entrer\u00e0 direttamente nella busta paga dei nostri collaboratori, a dicembre\u201d per un totale di 100 mila euro netti in premio aziendale devoluti nel corso del 2020&#8243;. <\/em>\u201cQuest&#8217;anno \u00e8 stato un anno difficile per tutti i settori, chiusure, mille normative per mettere in sicurezza i lavoratori e i clienti, i limiti e le restrizioni, la necessit\u00e0 di riorganizzarsi e riadattarsi continuamente, <em>&#8220;Proprio per questo Walber ci teneva a dare un segnale concreto a chi da un anno si impegna giorno dopo giorno per portare avanti il lavoro e garantire il servizio ai clienti e per un\u2019azienda delle dimensioni del Gruppo Walber essere riusciti a regalare 100 mila euro ai propri dipendenti \u00e8 un traguardo che ci rende particolarmente orgogliosi<\/em>&#8221;\u00a0 Commenta\u00a0 il direttore Generale Giancarlo Deola &#8211;\u00a0 che come sempre guarda il passato con un occhio gi\u00e0 rivolto al futuro. <em>&#8220;100 mila euro sono un traguardo che ci spinge a guardare sempre pi\u00f9 lontano e ci ricorda la strada fatta, visto che la nostra azienda nel 2021 festegger\u00e0 il centenario dalla nascita della storia aziendale avvenuta con l\u2019apertura del primo ingrosso di alimentari e spezie a Calalzo di Cadore\u201d.<\/em><\/p>\n<hr \/>\n<p>&nbsp;<\/p>\n<blockquote class=\"wp-embedded-content\" data-secret=\"n5ySmoKkzG\"><p><a href=\"https:\/\/www.radiopiu.net\/wordpress\/agg-dic16\/\">CORONAVIRUS: AGGIORNAMENTO NAZIONALE 16 DICEMBRE<\/a><\/p><\/blockquote>\n<p><iframe loading=\"lazy\" class=\"wp-embedded-content\" sandbox=\"allow-scripts\" security=\"restricted\" style=\"position: absolute; clip: rect(1px, 1px, 1px, 1px);\" title=\"&#8220;CORONAVIRUS: AGGIORNAMENTO NAZIONALE 16 DICEMBRE&#8221; &#8212; Radio Pi\u00f9\" src=\"https:\/\/www.radiopiu.net\/wordpress\/agg-dic16\/embed\/#?secret=n5ySmoKkzG\" data-secret=\"n5ySmoKkzG\" width=\"600\" height=\"338\" frameborder=\"0\" marginwidth=\"0\" marginheight=\"0\" scrolling=\"no\"><\/iframe><\/p>\n<p>&nbsp;<\/p>\n<hr \/>\n<p>&nbsp;<\/p>\n<blockquote class=\"wp-embedded-content\" data-secret=\"69Svr5zczo\"><p><a href=\"https:\/\/www.radiopiu.net\/wordpress\/nelle-ultime-24-ore-3812-positivi-in-piu-nel-veneto-84-decessi-terapie-intensive-in-aumento-area-non-critica-in-calo-a-belluno-241-nuove-positivita\/\">NELLE ULTIME 24 ORE 3812 POSITIVI IN PIU&#8217; NEL VENETO. 84 DECESSI, TERAPIE INTENSIVE IN AUMENTO, AREA NON CRITICA IN CALO. A BELLUNO 241 NUOVE POSITIVITA&#8217;<\/a><\/p><\/blockquote>\n<p><iframe loading=\"lazy\" class=\"wp-embedded-content\" sandbox=\"allow-scripts\" security=\"restricted\" style=\"position: absolute; clip: rect(1px, 1px, 1px, 1px);\" title=\"&#8220;NELLE ULTIME 24 ORE 3812 POSITIVI IN PIU&#8217; NEL VENETO. 84 DECESSI, TERAPIE INTENSIVE IN AUMENTO, AREA NON CRITICA IN CALO. A BELLUNO 241 NUOVE POSITIVITA&#8217;&#8221; &#8212; Radio Pi\u00f9\" src=\"https:\/\/www.radiopiu.net\/wordpress\/nelle-ultime-24-ore-3812-positivi-in-piu-nel-veneto-84-decessi-terapie-intensive-in-aumento-area-non-critica-in-calo-a-belluno-241-nuove-positivita\/embed\/#?secret=69Svr5zczo\" data-secret=\"69Svr5zczo\" width=\"600\" height=\"338\" frameborder=\"0\" marginwidth=\"0\" marginheight=\"0\" scrolling=\"no\"><\/iframe><\/p>\n<p>&nbsp;<\/p>\n<hr \/>\n<p>&nbsp;<\/p>\n<blockquote>\n<h3>I GRAFICI DI TIZIANO DE COL<\/h3>\n<\/blockquote>\n\n\t\t\t<style type='text\/css'>\n\t\t\t\t#gallery-4 {\n\t\t\t\t\tmargin: auto;\n\t\t\t\t}\n\t\t\t\t#gallery-4 .gallery-item {\n\t\t\t\t\tfloat: left;\n\t\t\t\t\tmargin-top: 10px;\n\t\t\t\t\ttext-align: center;\n\t\t\t\t\twidth: 33%;\n\t\t\t\t}\n\t\t\t\t#gallery-4 img {\n\t\t\t\t\tborder: 2px solid #cfcfcf;\n\t\t\t\t}\n\t\t\t\t#gallery-4 .gallery-caption {\n\t\t\t\t\tmargin-left: 0;\n\t\t\t\t}\n\t\t\t\t\/* see gallery_shortcode() in wp-includes\/media.php *\/\n\t\t\t<\/style>\n\t\t<div id='gallery-4' class='dt-gallery-container gallery galleryid-179789 gallery-columns-3 gallery-size-medium'><dl class='gallery-item'>\n\t\t\t\t<dt class='gallery-icon landscape'>\n\t\t\t\t\t<a class=\"rollover rollover-zoom dt-pswp-item\" title=\"495034f2-f094-47fd-801b-cc0e128ebad4\" data-dt-img-description=\"\" data-large_image_width=\"596\" data-large_image_height=\"356\"href='https:\/\/www.radiopiu.net\/wordpress\/wp-content\/uploads\/2020\/12\/495034f2-f094-47fd-801b-cc0e128ebad4.jpg'><img loading=\"lazy\" decoding=\"async\" width=\"300\" height=\"179\" src=\"https:\/\/www.radiopiu.net\/wordpress\/wp-content\/uploads\/2020\/12\/495034f2-f094-47fd-801b-cc0e128ebad4-300x179.jpg\" class=\"attachment-medium size-medium\" alt=\"\" srcset=\"https:\/\/www.radiopiu.net\/wordpress\/wp-content\/uploads\/2020\/12\/495034f2-f094-47fd-801b-cc0e128ebad4-300x179.jpg 300w, https:\/\/www.radiopiu.net\/wordpress\/wp-content\/uploads\/2020\/12\/495034f2-f094-47fd-801b-cc0e128ebad4.jpg 596w\" sizes=\"auto, (max-width: 300px) 100vw, 300px\" \/><\/a>\n\t\t\t\t<\/dt><\/dl><dl class='gallery-item'>\n\t\t\t\t<dt class='gallery-icon landscape'>\n\t\t\t\t\t<a class=\"rollover rollover-zoom dt-pswp-item\" title=\"515c6911-d932-46e1-9538-393f89e40df1\" data-dt-img-description=\"\" data-large_image_width=\"604\" data-large_image_height=\"354\"href='https:\/\/www.radiopiu.net\/wordpress\/wp-content\/uploads\/2020\/12\/515c6911-d932-46e1-9538-393f89e40df1.jpg'><img loading=\"lazy\" decoding=\"async\" width=\"300\" height=\"176\" src=\"https:\/\/www.radiopiu.net\/wordpress\/wp-content\/uploads\/2020\/12\/515c6911-d932-46e1-9538-393f89e40df1-300x176.jpg\" class=\"attachment-medium size-medium\" alt=\"\" srcset=\"https:\/\/www.radiopiu.net\/wordpress\/wp-content\/uploads\/2020\/12\/515c6911-d932-46e1-9538-393f89e40df1-300x176.jpg 300w, https:\/\/www.radiopiu.net\/wordpress\/wp-content\/uploads\/2020\/12\/515c6911-d932-46e1-9538-393f89e40df1.jpg 604w\" sizes=\"auto, (max-width: 300px) 100vw, 300px\" \/><\/a>\n\t\t\t\t<\/dt><\/dl><dl class='gallery-item'>\n\t\t\t\t<dt class='gallery-icon landscape'>\n\t\t\t\t\t<a class=\"rollover rollover-zoom dt-pswp-item\" title=\"34c3fe37-47fb-40ff-a5c3-a8e55fde60fb\" data-dt-img-description=\"\" data-large_image_width=\"592\" data-large_image_height=\"353\"href='https:\/\/www.radiopiu.net\/wordpress\/wp-content\/uploads\/2020\/12\/34c3fe37-47fb-40ff-a5c3-a8e55fde60fb.jpg'><img loading=\"lazy\" decoding=\"async\" width=\"300\" height=\"179\" src=\"https:\/\/www.radiopiu.net\/wordpress\/wp-content\/uploads\/2020\/12\/34c3fe37-47fb-40ff-a5c3-a8e55fde60fb-300x179.jpg\" class=\"attachment-medium size-medium\" alt=\"\" srcset=\"https:\/\/www.radiopiu.net\/wordpress\/wp-content\/uploads\/2020\/12\/34c3fe37-47fb-40ff-a5c3-a8e55fde60fb-300x179.jpg 300w, https:\/\/www.radiopiu.net\/wordpress\/wp-content\/uploads\/2020\/12\/34c3fe37-47fb-40ff-a5c3-a8e55fde60fb.jpg 592w\" sizes=\"auto, (max-width: 300px) 100vw, 300px\" \/><\/a>\n\t\t\t\t<\/dt><\/dl><br style=\"clear: both\" \/>\n\t\t\t<\/div>\n\n<p>&nbsp;<\/p>\n<p>&nbsp;<\/p>\n<hr \/>\n<p>&nbsp;<\/p>\n<blockquote>\n<h2>VENETO GIALLO VERSO NUOVE RESTRIZIONI IN ROSSO? PUNTO STAMPA DA MARGHERA PARLA IL GOVERNATORE ZAIA SUPERATI I 200MILA CASI E 5000 DECESSI<\/h2>\n<\/blockquote>\n<blockquote>\n<h2>LEGGI LA CONFERENZA STAMPA DI LUCA ZAIA<\/h2>\n<\/blockquote>\n<p><em>La nostra colpa \u00e8 fare tanti tamponi. Non ci \u00e8 scappata di mano la situazione, nella prima fase abbiamo inventato tutto perch\u00e9 non sapevamo niente del virus, poi abbiamo affinato tutte le tecniche. Il Covid\u00a0 ha attaccato il Nordest, ma la Sanit\u00e0 sta rispondendo. \u00a0Veneto in area rossa nelle festivit\u00e0 natalizie? Aspettate qualche ora e vedrete. Prospettiva arancione? Abbiate la pazienza di attendere le decisioni governative non voglio creare confusione.<\/em><\/p>\n<p><strong>SITUAZIONE IN OSPEDALE<\/strong> Forte pressione ospedaliera per questo in conferenza stampa c&#8217;\u00e8 il dottor Paolo Rosi massimo responsabile dell&#8217;area critica (terapie intensive), unica persona che ha il termometro in mano in quanto ad urgenza ed emergenza. L&#8217;uomo che ha dato vita al 118 in Sierra Leone con 50 ambulanze. <strong>DECESSI e CASE DI RIPOSO <\/strong>sono numeri che pesano. Sulla mortalit\u00e0 c&#8217;\u00e8 da dire dell&#8217;aspetto della case di riposo, quello che ci inquieta di pi\u00f9. Le misure sono assolutamente importani: 1 tampone ogni 4 giorni agli operatori, ogni 20 giorni agli ospiti, oltre a tutte le restrizioni e al piano di sanit\u00e0. Mi permetto di far notare che queste mortalit\u00e0 ce lo abbiamo perch\u00e9 il fenomeno RSA \u00e8 tipico dei nostri territori come non altrove. E&#8217; una categoria a rischio in gruppi organizzati che espone di pi\u00f9. Alcune case di riposo hanno gli stessi operatori che vanno da una all&#8217;altra, Il modello RSA del Veneto lo vantano ben poche regioni e&#8217; un momento di civilt\u00e0 che diventa debolezza. E&#8217; pi\u00f9 in sicurezza uno che viene curato da solo a casa che in gruppo. <strong>VACCINO<\/strong> Sar\u00e0 volontario, spero che la copertura sia comunque alta. Abbiamo delle categorie alle quali dobbiamo assolutamente garantire il vaccino, \u00e8 una questione di vita o di morte, pensate agli anziani.<\/p>\n<p><strong>RIUNIONE CON IL GOVERNO<\/strong> E&#8217; stata importante ecco cosa ho detto io. Noi abbiamo necessit\u00e0 di adottare delle misure. O si chiude la partita o le adottiamo noi. Il periodo \u00e8 particolare, ogni azione deve essere supportata dai ristori, questo il vantaggio delle misure nazionali. Io penso che avremo a gennaio una congiuntura non molto positiva. Il 7 gennaio dovremo aprire la scuola, iniziare la pi\u00f9 grande campagna vaccinale della storia, gi\u00e0 a fine dicembre primi di gennaio. Noi ne dovremo fare 194 mila. Il covid non ci avr\u00e0 abbandonato e avremo anche l&#8217;influenza. Se noi arriviamo al 7 gennaio con una situazione dove tutti i fattori si incrociano su un terreno di battaglia devastato non ne veniamo fuori. Il personale per i vaccini \u00e8 comunque quello della sanit\u00e0 gi\u00e0 occupato per il covid e in parte anche per le influenze e cure territoriali. Il tema delle scuole ci impegner\u00e0 sul contact tracing. Il tema di valutare che in questo periodo natalizio ci sia la possibilit\u00e0 di pensare restrizioni nazionali o regionali \u00e8 un tema reale. Noi siamo pronti ad affrontare la partita con il Governo che pensa a restrizioni nazionali. Ci sono milioni di persone che si muoveranno da nord a sud. C&#8217;\u00e8 poi il tema degli operatori da tutelare con ristori reali che non competono alla Regione, noi chiediamo garanzie. Il Governo avr\u00e0 una sua riflessione interna mentre sto parlando, stasera ci incontreremo di nuovo e ho chiesto una misura che esca tra stasera e domani. Se lo faranno bene altrimenti adotteremo una soluzione regionale, anche le altre Regioni la pensano cos\u00ec. Domani c&#8217;\u00e8 la conferenza Stato-Regioni, la partita se non si chiude stasera\u00a0 si chiude domani. Siamo coscienti che una misura di esordio per il fine settimana dovr\u00e0 essere adottata.<\/p>\n<h2>DOMANDE<\/h2>\n<p><strong>PENSA ALLA ZONA ROSSA?<\/strong> Non siamo entrati nello specifico, abbiamo solo fatto l&#8217;analisi dei problemi che qualcuno continua a negare, forse gli ospedali sono lontani. Abbiamo l&#8217;obbligo di porre una questione reale che di preoccupa. Gli ospedali hanno dei punti di tenuta oltre ai quali non si pu\u00f2 andare. Oggi abbiamo 587 persone in terapia intensiva su una norma di poco pi\u00f9 di 200. Si guarda alla Germania che a gennaio avr\u00e0 le curve in discesa per il lockdown da oggi al 10 gennaio.<\/p>\n<p><strong>COSA IPOTIZZA?\u00a0<\/strong> Stiamo affrontando l&#8217;argomento con il Governo le definiremo nelle prossime ore. La base di lavoro \u00e8 il fine settimana e poi il periodo natalizio. Per ora non introduciamo elementi di nuova confusione. E&#8217; questione di ore poi capiremo la situazione.<\/p>\n<p><strong>RISPETTO ALLE ULTIME SETTIMANE SEMBRA FOLGORATO SULLA VIA DI DAMASCO. DICEVA NON POSSIAMO PERMETTERCI UN LOCKDOWN E HA FATTO UNA BATTAGLIA PER APRIRE LE PISTE DI SCI. ORA PARLA DI MISURE RESTRITTIVE SOSTENUTE, PERCHE&#8217; HA CAMBIATO IDEA?\u00a0<\/strong> Non \u00e8 che non abbiamo ben chiara la situazione da qui a giugno capiter\u00e0 di tutto. Sulle piste di sci chiedevo misure omogenee su tutti i territori. Abbiamo chiaro il tema dell&#8217;emergenza \u00e8 vero che il lockdown non possiamo permettercelo e lo sa anche il Governo che ha creato le fasce colorate, nemmeno la zona rossa \u00e8 il lockdown dove si puo&#8217; anche uscire dal Comune per comprovati motivi.<\/p>\n<p><strong>PERCHE&#8217; HA CAMBIATO IDEA? L&#8217;ANSA BATTE LA NOTIZIA CHE LEI SAREBBE FAVOREVOLE AD UN VENETO IN AREA ROSSA NELLE FESTIVITA&#8217; DI NATALE QUINDI DICA CON CHIAREZZA COSA PENSA<\/strong> L&#8217;Ansa non c&#8217;era alla riunione, aspettate qualche ora e vedrete.<\/p>\n<p><strong>CI SONO RIGORISTI E APERTURISTI A ROMA LEI IN QUALE SQUADRA?<\/strong> Non \u00e8 questione di squadra, siamo tra quelli che non vogliono il collasso degli ospedali, a noi le restrizioni servono. In quanto ad area gialla, se stabiliamo le regole del gioco fatte da illustri scienziati quelle vanno rispettate, adesso per\u00f2 non si deve additare la zona gialla, che si aggiustino gli algoritmi che la fase \u00e8 delicata. Davanti a questa situazione le restrizioni vanno adottate, abbiamo attesa il Governo nazionale per avere certezze sui ristori. Se fossimo in zona arancione comunque ci sarebbero i negozi aperti e la gente dove \u00e8 oggi per lavoro.<\/p>\n<p><strong>SOFFERENZA DEL PERSONALE SANITARIO, DISAGIO UMANO E PROFESSIONALE E NON SONO POLEMICHE SINDACALI MA DISAGI CHE CI RACCONTANO TUTTI I GIORNI. QUALE SOSTEGNO IN VISTA DI GENNAIO ANCHE IN CONSIDERAZIONE DEI 15MILA VACCINATORI?<\/strong> Venerdi verr\u00e0 in conferenza la dottoressa Simionato a spiegare la situazione con il resoconto di tutti i bandi che abbiamo fatto per le assunzioni, non c&#8217;\u00e8 mercato. Se qualcuno ha motivo di dire &#8220;non \u00e8 vero&#8221; lo dica che lo assumiamo subito. Il problema della ricerca \u00e8 grande.\u00a0 Il personale sanitario in questo periodo di pressione fisica a psicologica ha tutta la mia solidariet\u00e0. I vaccinatori potrebbero arrivare a febbraio inoltrato. Abbiamo gi\u00e0 comperato 6 freser per garantire la catena del freddo e siringhe per vaccinare in un paio di settimane 194mila persone. Noi siamo pronti<\/p>\n<p><strong>SI PUO&#8217; DIRE CHE IL COVID STA COLPENDO PIU&#8217; PESANTEMENTE OGGI RISPETTO A MARZO?<\/strong> Purtroppo questa \u00e8 una lettura di pochi. Passa il concetto che il covid si pu\u00f2 governare. Io a marzo parlavo della Lombardia che ha avuto una sventolata di virus da paura. Le misure messe in campo permettono alla sanit\u00e0 di rispondere. Se avessimo avuto questo carico a marzo che eravamo gracili e deboli non avremo tenuto.<\/p>\n<p><strong>IL VENETO E&#8217; ORGANIZZATO PER LA VACCINAZIONE<\/strong> Quello che \u00e8 dato a sapere \u00e8 che Ema dovrebbe dare il parere al 21 dicembre, poi si scaricano i vaccini anche in Veneto e si inizia, noi siamo pronti. La dottoressa Russo ha coordinato la fase, siamo pronti a partire.\u00a0 Abbiamo le RSA che sono un problema con il covid per gli assembramenti di anziani pi\u00f9 esposti, avendole per\u00f2 riusciamo ad entrare e vaccinare molti anziani in gruppo.<\/p>\n<p><strong>PERCHE&#8217; QUESTO TIRA-MOLLA?<\/strong> Lunedi ho detto bisogna provvedere a restrizioni, nel pomeriggio \u00e8 partito il dibattito governativo. Il giorno dopo ho detto meglio una restrizione nazionale con i ristori. Noi abbiamo adottato restrizioni che non erano previsti da DPCM come i clienti per metro quadrato o la struttura delle medie superfici di vendita ed \u00e8 nato il dibattito sui ristori. Oggi ho detto che non arrivo a sabato senza soluzioni, siamo pronti a provvedere autonomamente. Non \u00e8 un tira molla ma un fatto di tutela estrema.<\/p>\n<p><strong>PROSPETTIVA ARANCIONE?<\/strong> Abbiate la pazienza di attendere le decisioni governative non voglio creare confusione. Il mondo \u00e8 spaccato a met\u00e0 in quanto a possibili scelte mentre gli ospedali vanno al collasso.<\/p>\n<p><strong>SE L&#8217;INCIDENZA DEI VENETI CHE DOVREBBERO VACCINARSI FOSSE VASTA?<\/strong> Spero che la copertura vaccinale sia tale da raggiungere l&#8217;immunit\u00e0 di gregge.<\/p>\n<p><strong>CAMPAGNE FORMATIVE?<\/strong> Ci stiamo pensando.<\/p>\n<h1 style=\"text-align: center;\"><span style=\"color: #ff0000;\">IL DOTTOR PAOLO ROSI<\/span><\/h1>\n<p><em>Ad oggi in Veneto abbiamo 640 letti attivi.Altro che numero farlocchi abbiamo\u00a0 1000 terapie intensive non sono attivate tutte e perch\u00e9 significherebbe bloccare ogni altra attivit\u00e0.Il lavoro del personale \u00e8 mostruoso e per periodi molto lunghi.<\/em><\/p>\n<p>Dal 5 maggio primo piano emergenza ospedaliero, si parte dalla dotazione ordinaria di oltre 500 terapia intensive stabili a cui si aggiungono altri 191 posti letto (che non \u00e8 solo ventilazione ma monitoraggio e assistenza) pronti per accogliere pazienti. Altri 90 posti sono riconvertibili, sono in magazzino e vengono installati in 24-36 ore in locali dove le attivit\u00e0 sono sospese. Arriviamo a 840 letti attivi, erano poco pi\u00f9 di 700 nella prima fase. Passo successivo a giugno con l&#8217;innalzamento a 14 posti letto per 1000 abitanti con 211 posti letto in pi\u00f9 e con ampliamento di organico. Ad agosto considerato che il piano Arcuri non trovava realizzazione nuova delibera con piano emergenziale per l&#8217;autunno: 191 creu, 90 riconvertibili e 160 dalla riconversione dei sub intensive attrezzati in modo diverso con ventilatori da terapia intensiva, questi letti sono attrezzati anche per pazienti gravi. Con questi 160 arriviamo a 1000 e diciamo anche dove li mettiamo ospedale per ospedale. A settembre sono stati indicati due obiettivi: raggiungere le disponibilit\u00e0 di tutte le attrezzature per attivare tutti i letti, si chiede anche come si attivano questi letti, cio\u00e8 dove si mettono e con quale personale per i letti aggiuntivi. Abbiamo letto per letto la planimetria con la numerazione e il dettaglio dei tempi sull&#8217;entrata dell&#8217;attivit\u00e0. Oggi non sono attivi 1000 letti altrimenti si bloccherebbe intere attivit\u00e0. Sono quindi letti attivabili. Ci sono Ulss che hanno attivato il 100% dei riconvertibili. Lavoriamo su un modello che cresce in base alla richiesta. Ad oggi in Veneto abbiamo 640 letti attivi.<br \/>\n<strong>RICOVERATI<\/strong> Ci sono province stabili, altre meno. I Posti letto sono stabili non perch\u00e9 non ci siano ingressi, ma perch\u00e9 le uscite compensano le entrate, molti escono purtroppo morti\u00a0 altri con gravi danni patologici. Ogni giorno ricoveriamo con grande sforzo 20-30 persone. <strong>MORTALITA&#8217;<\/strong> Rispetto a marzo i pazienti sono pi\u00f9 gravi che spiega l&#8217;altra mortalit\u00e0. Il 10% dei morti ha meno di 70 anni. Puo&#8217; sembrare poco ma il 10% di 5000 fa 500 persone morte di queste molte in perfetta salute non con patologie pregresse. Nella seconda fase abbiamo ricoverato molti pi\u00f9 pazienti rispetto a marzo e per un periodo molto pi\u00f9 lungo con carichi di lavoro per il personale molto pesanti.<\/p>\n<a href=\"https:\/\/www.radiopiu.net\/wordpress\/wp-content\/uploads\/2020\/12\/16-dicembre-presenta-TI.pdf\" class=\"pdfemb-viewer\" style=\"\" data-width=\"max\" data-height=\"max\" data-toolbar=\"top\" data-toolbar-fixed=\"on\">16 dicembre presenta TI<\/a>\n<p>&nbsp;<\/p>\n<p><a href=\"https:\/\/www.facebook.com\/zaiaufficiale\/videos\/1085377941908208\">https:\/\/www.facebook.com\/zaiaufficiale\/videos\/1085377941908208<\/a><\/p>\n<p>&nbsp;<\/p>\n<p>&nbsp;<\/p>\n<p>&nbsp;<\/p>\n<hr \/>\n<p>&nbsp;<\/p>\n<blockquote>\n<h3>EMERGENZA COVID, PADRIN: \u00abMEGLIO CHIUDERE DURANTE LE FESTIVIT\u00c0 CHE ESSERE COSTRETTI A TRASCINARE LA SITUAZIONE DIFFICILE A LUNGO DOPO L\u2019EPIFANIA\u00bb<\/h3>\n<\/blockquote>\n<p><strong><a href=\"https:\/\/www.radiopiu.net\/wordpress\/padrin-la-fase-2-ci-veda-uniti-nel-programmare-la-ripartenza-torneremo-alla-normalita\/padrin-63\/\" rel=\"attachment wp-att-134835\"><img loading=\"lazy\" decoding=\"async\" class=\"size-medium wp-image-134835 alignleft\" src=\"https:\/\/www.radiopiu.net\/wordpress\/wp-content\/uploads\/2020\/05\/PADRIN-200x300.jpg\" alt=\"\" width=\"200\" height=\"300\" srcset=\"https:\/\/www.radiopiu.net\/wordpress\/wp-content\/uploads\/2020\/05\/PADRIN-200x300.jpg 200w, https:\/\/www.radiopiu.net\/wordpress\/wp-content\/uploads\/2020\/05\/PADRIN-683x1024.jpg 683w, https:\/\/www.radiopiu.net\/wordpress\/wp-content\/uploads\/2020\/05\/PADRIN-768x1152.jpg 768w, https:\/\/www.radiopiu.net\/wordpress\/wp-content\/uploads\/2020\/05\/PADRIN.jpg 945w\" sizes=\"auto, (max-width: 200px) 100vw, 200px\" \/><\/a>BELLUNO<\/strong> \u00ab<em>Sono favorevole a misure pi\u00f9 restrittive tra Natale e l\u2019Epifania. In questo momento \u00e8 assolutamente vietato abbassare la guardia, pena ritrovarci a gennaio con una situazione ancora pi\u00f9 complicata, che renderebbe gravissima la crisi economica, oltre che l\u2019emergenza sanitaria<\/em>\u00bb. \u00c8 quanto afferma il presidente della Provincia di Belluno, Roberto Padrin. \u00ab<em>Sono consapevole di quanto sia pesante e sofferta la decisione da prendere. Chiudere ancora di pi\u00f9 le maglie delle restrizioni e contenere gli spostamenti avr\u00e0 conseguenze inevitabili. Ma sono altrettanto consapevole della estrema difficolt\u00e0 in cui si trova il sistema sanitario. Che finora ha retto, anche grazie alla strutturazione della sanit\u00e0 veneta. Per\u00f2 ora la situazione va affrontata con decisioni forti e &#8211; se necessario &#8211; anche impopolari<\/em>\u00bb.\u00a0\u00ab<em>Ricevo continuamente sollecitazioni dai medici, dagli infermieri. Quello che loro devono registrare ogni giorno &#8211; ospedali sotto pressione, contagi in aumento, case di riposo in fortissima difficolt\u00e0 a causa del personale ammalato o in quarantena &#8211; noi non lo vediamo, perch\u00e9 fortunatamente siamo all\u2019esterno di quel mondo e ci\u00f2 significa che stiamo bene, in salute. Non per questo possiamo fingere di non comprendere l\u2019emergenza in corso. Anzi, abbiamo il dovere di dare respiro a un sistema ormai in affanno<\/em>\u00bb continua il presidente Padrin. \u00ab<em>Se vogliamo evitare la terza ondata e consentire una ripartenza pi\u00f9 rapida e semplice, \u00e8 necessario agire subito. Ecco perch\u00e9 non vedrei in maniera negativa l\u2019applicazione di maggiori restrizioni da Natale all\u2019Epifania. Di certo ci saranno attivit\u00e0 assai penalizzate. Penso al settore del commercio, della ristorazione, che da mesi stanno pagando gli effetti del Covid. Penso al turismo, che nel nostro territorio costituisce una fetta importante dell\u2019economia e dei bilanci di migliaia di famiglie; piange il cuore vedere le montagne innevate, le piste pronte, localit\u00e0 come Auronzo, Cortina, Alleghe, Arabba, Rocca Pietore, Falcade, addobbate a festa per Natale e costrette a tenere gli impianti chiusi. Ma per queste attivit\u00e0, per il turismo e il suo indotto, dobbiamo fare in modo &#8211; e lo chiedo fin da subito al Governo &#8211; che arrivino ristori e indennizzi, dimensionati alle perdite e in grado di sopperire in maniera vera e reale ai danni subiti dalle eventuali chiusure. Cosa potrebbe accadere nel tirare per le lunghe questa situazione difficile? Sono certo che le conseguenze sarebbero peggiori delle restrizioni e i danni incalcolabili. Per questo sono convinto &#8211; seppur con amarezza &#8211; che fermarsi dieci giorni nel periodo delle festivit\u00e0 possa essere una scelta corretta. Festeggeremo pi\u00f9 facilmente e con maggiore ottimismo la rinascita, se oggi siamo costretti a celebrare il Natale in tono dimesso<\/em>\u00bb.<\/p>\n<p><strong>IL PRESIDENTE DELLA PROVINCIA DI BELLUNO ROBERTO PADRIN<\/strong><\/p>\n<audio class=\"wp-audio-shortcode\" id=\"audio-179789-9\" preload=\"none\" style=\"width: 100%;\" controls=\"controls\"><source type=\"audio\/mpeg\" src=\"https:\/\/www.radiopiu.net\/wordpress\/wp-content\/uploads\/2020\/12\/PADRIN-NATALE.mp3?_=9\" \/><a href=\"https:\/\/www.radiopiu.net\/wordpress\/wp-content\/uploads\/2020\/12\/PADRIN-NATALE.mp3\">https:\/\/www.radiopiu.net\/wordpress\/wp-content\/uploads\/2020\/12\/PADRIN-NATALE.mp3<\/a><\/audio>\n<p>&nbsp;<\/p>\n<p>&nbsp;<\/p>\n<p>&nbsp;<\/p>\n<hr \/>\n<p>&nbsp;<\/p>\n<blockquote>\n<h3>RISTORI EMERGENZA COVID-19.\u00a0 ULTERIORI 4 MILIONI DI EURO DALLA REGIONE COME CONTRIBUTI STRAORDINARI AI CENTRI PER ANZIANI NON AUTOSUFFICIENTI<\/h3>\n<\/blockquote>\n<p><strong><a href=\"https:\/\/www.radiopiu.net\/wordpress\/manuela-lanzarin-parla-dei-controlli-nelle-imprese-e-dei-farmaci\/manu-lanzarin\/\" rel=\"attachment wp-att-127911\"><img loading=\"lazy\" decoding=\"async\" class=\"size-medium wp-image-127911 alignleft\" src=\"https:\/\/www.radiopiu.net\/wordpress\/wp-content\/uploads\/2020\/04\/manu-lanzarin-300x300.png\" alt=\"\" width=\"300\" height=\"300\" srcset=\"https:\/\/www.radiopiu.net\/wordpress\/wp-content\/uploads\/2020\/04\/manu-lanzarin-300x300.png 300w, https:\/\/www.radiopiu.net\/wordpress\/wp-content\/uploads\/2020\/04\/manu-lanzarin-1024x1024.png 1024w, https:\/\/www.radiopiu.net\/wordpress\/wp-content\/uploads\/2020\/04\/manu-lanzarin-150x150.png 150w, https:\/\/www.radiopiu.net\/wordpress\/wp-content\/uploads\/2020\/04\/manu-lanzarin-768x768.png 768w, https:\/\/www.radiopiu.net\/wordpress\/wp-content\/uploads\/2020\/04\/manu-lanzarin.png 1122w\" sizes=\"auto, (max-width: 300px) 100vw, 300px\" \/><\/a>VENEZIA<\/strong>\u00a0Ulteriori 4 milioni di euro sono stati destinati dalla Regione del Veneto ai Centri per l\u2019assistenza agli anziani non autosufficienti del territorio regionale come ristoro compensativo a fronte degli effetti negativi, conseguenti alle restrizioni per l\u2019emergenza Covid-19. Lo stanziamento \u00e8 stato approvato con delibera della Giunta regionale, presentata dall\u2019assessore alla Sanit\u00e0 e ai Servizi Sociali, Manuela Lanzarin. La somma va ad aggiungersi ai 12 milioni 845.879, 25 euro, gi\u00e0 stanziati lo scorso novembre con la stessa destinazione. \u201c<em>Con questa deliberazione di contributi straordinari \u2013 sottolinea l\u2019assessore Lanzarin \u2013 nell\u2019arco di un mese siamo riusciti a dare una boccata di ossigeno agli istituti, pari a oltre 16 milioni di euro. Il settore \u00e8 uno degli avamposti del nostro sistema sociosanitario in questa emergenza. La diffusione del Coronavirus con le prescrizioni per prevenire e contenere il contagio tra ospiti e operatori ha richiesto di adottare misure specifiche e quindi anche di affrontare maggiori costi. L\u2019importo di ogni destinazione \u00e8 determinato in rapporto al numero dei posti letto accreditati e alla situazione specifica del centro<\/em>\u201d. \u201c<em>L\u2019atto approvato dalla Giunta \u2013 prosegue l\u2019Assessore \u2013 riconosce il contributo straordinario per il periodo dal 1\u00b0 novembre al 31 dicembre di quest\u2019anno. I fondi saranno assegnati ad ogni centro tramite le aziende Ulss di riferimento. Andiamo a sostenere un ambito assistenziale con 32.000 ospiti non pi\u00f9 autosufficienti, accuditi, seguiti e curati ogni giorno da 31.000 operatori interni alle strutture e numerosi altri coinvolti nell\u2019indotto; un esercito che assicura che vengano mantenuti in modo adeguato i servizi essenziali per la parte forse pi\u00f9 fragile della popolazione<\/em>\u201d. La Direzione regionale dei Servizi Sociali disporr\u00e0 dei quattro milioni stanziati con copertura finanziaria a carico del capitolo \u201cFondo regionale per le politiche sociali \u2013 Trasferimenti per le attivit\u00e0 progettuali e di informazione ed altre di interesse regionale nelle aree dei servizi sociali\u201d del Bilancio di Previsione 2020-22, esercizio 2020. <em>\u201cRingrazio l\u2019assessore al Bilancio Francesco Calzavara per la collaborazione e la sinergia grazie alla quale siamo arrivati a questo nuovo risultato \u2013 conclude l\u2019assessore Lanzarin -. In un momento come questo in cui sono all\u2019ordine del giorno discussioni sui ristori e sul sostegno finanziario in molti ambiti produttivi, la Regione dimostra che, per quanto \u00e8 tra le sue competenze, intende continuare a percorrere ogni via per intervenire dove \u00e8 possibile, con la lotta al virus ma anche con l\u2019impegno di risorse a favore di una maggiore coesione sociale<\/em>\u201d.<\/p>\n<p>&nbsp;<\/p>\n<p>&nbsp;<\/p>\n<hr \/>\n<p>&nbsp;<\/p>\n<blockquote>\n<h3>LA ULSS 1 DOLOMITI PUBBLICA I PRIMI DATI SULLE USCA<\/h3>\n<\/blockquote>\n<p><strong><a href=\"https:\/\/www.radiopiu.net\/wordpress\/la-ulss-1-dolomiti-pubblica-i-primi-dati-sulle-usca\/schermata-2020-12-16-alle-15-25-27\/\" rel=\"attachment wp-att-179901\"><img loading=\"lazy\" decoding=\"async\" class=\"size-medium wp-image-179901 alignleft\" src=\"https:\/\/www.radiopiu.net\/wordpress\/wp-content\/uploads\/2020\/12\/Schermata-2020-12-16-alle-15.25.27-300x187.png\" alt=\"\" width=\"300\" height=\"187\" srcset=\"https:\/\/www.radiopiu.net\/wordpress\/wp-content\/uploads\/2020\/12\/Schermata-2020-12-16-alle-15.25.27-300x187.png 300w, https:\/\/www.radiopiu.net\/wordpress\/wp-content\/uploads\/2020\/12\/Schermata-2020-12-16-alle-15.25.27.png 366w\" sizes=\"auto, (max-width: 300px) 100vw, 300px\" \/><\/a>BELLUNO<\/strong>\u00a0Ecco i primi dati di attivit\u00e0 delle USCA (Unit\u00e0 Speciali Continuit\u00e0 Assistenziale) di Belluno. Le USCA, attive 7 giorni su 7 dalle ore 8.00 alle ore 20.00, hanno lo specifico compito di valutare, su segnalazione del Medico o del Pediatra di famiglia, i pazienti Covid positivi o sospetti, che sono a domicilio, che risiedono nelle case di riposo. I medici di famiglia, mediante la sorveglianza sanitaria attiva operata con triage ( contatto ) telefonico, comunicano il nominativo e l\u2019indirizzo dei pazienti all\u2019USCA per valutare i soggetti\u00a0 con\u00a0sintomatologia che devono essere considerati come sospetti casi COVID-19 o che sono gi\u00e0 affetti da COVID-19.\u00a0 Al momento dell\u2019attivazione il medico fornisce al medico dell\u2019USCA tutte le necessarie informazioni cliniche e anamnestiche del paziente. L\u2019USCA di Belluno \u00e8 formata da 11 medici di cui 4 sono contemporaneamente in servizio dalle 8 alle 20, e coprono il territorio del distretto di Belluno che comprende oltre al Bellunese anche l\u2019Alpago, Il Longaronese, lo Zoldano e l\u2019Agordino. USCA BELLUNO attivata dal 1\/12\/2020: totale pazienti Covid presi in carico: <strong>245;\u00a0<\/strong>totale accessi effettuati per Covid a domicilio: <strong>94;\u00a0<\/strong>totale contatti telefonici per Covid: <strong>307;\u00a0<\/strong>totale tamponi effettuati: <strong>53<\/strong> di cui 18 molecolari e 35 antigenici rapidi. Da luned\u00ec 14 dicembre \u00e8 attiva anche l\u2019USCA del Cadore \u00e8 composta da 4 medici di cui 2 contemporaneamente in servizio. Le USCA del Distretto di Belluno si aggiungono all\u2019USCA del distretto di Feltre con 5 medici in servizio, attivata nella primavera. Ad oggi i pazienti presi in carico sono stati 1.850.<\/p>\n<p>&nbsp;<\/p>\n<p>&nbsp;<\/p>\n<hr \/>\n<p>&nbsp;<\/p>\n<blockquote>\n<h3>LA NON RISPOSTA ALLE MAMME CON FIGLI DI SERIE &#8220;B&#8221;<\/h3>\n<\/blockquote>\n<p><strong><img loading=\"lazy\" decoding=\"async\" class=\"alignleft\" src=\"https:\/\/www.radiopiu.net\/wordpress\/wp-content\/uploads\/2020\/12\/128761186_197444241856887_448293707683865009_n-266x300-1.jpg\" width=\"214\" height=\"241\" \/>TAIBON<\/strong> Scrivevamo: &#8220;Ci sono le mamme fortunate e quelle meno fortunate. Quelle che hanno partorito dopo il 19 agosto sono quelle baciate dalla fortuna, o dalla Regione. Le mamme che hanno festeggiato il lieto evento tra febbraio e il 19 agosto, in piena pandemia con tutti i disagi del caso\u00a0 sono invece quelle sfortunate, che non vedranno un\u2019euro di contributo&#8221;. Numerose le mamme\u00a0 in protesta, che hanno partorito tra inverno e primavera, in pieno tempo di covid,\u00a0 non\u00a0 a ferragosto quando per molti mascherina e igienizzante era un ricordo da non portare in spiaggia. Su facebook \u00e8 nato cos\u00ec il gruppo Mamme Venete 2020 figli di serie B. Le mamme hanno scritto anche al Presidente Luca Zaia confidando in una risposta che \u00e8 arrivata, ma non la firma il Presidente, piuttosto l&#8217;Unit\u00e0 Organizzativa Famiglia, Minori, Giovani e Servizio Civile. Le mamme speravano in una correzione della legge regionale per poter accedere al contributo invece si sono trovate nella posta ricevuta una mail &#8220;<em>che riconosce le difficolt\u00e0 sostenute per diventare e continuare ad essere un genitore responsabile in un contesto difficile come quello attuale&#8230;&#8221; <\/em>dopo la premessa probabilmente pi\u00f9 nota alle mamme uscite dalla sala parto che al funzionario della politica ecco il burocratese, le spiegazioni sui modi e tempi della legge regionale del 28 maggio, cio\u00e8 nata\u00a0 in tempi di covid\u00a0 ma partorita ad inizio estate, per questo le mamme &#8220;estive&#8221; godono del contributo.\u00a0 In definitiva nessuna risposta\u00a0 alla domanda <em>&#8220;Ma ce li date anche a noi quei soldi oppure no?&#8221;.\u00a0<\/em><\/p>\n<div class=\"jn8vp64t l9j0dhe7 hpfvmrgz\">\n<div class=\"lzcic4wl\" tabindex=\"0\" role=\"gridcell\" data-scope=\"messages_table\" data-recover=\"true\">\n<div class=\"ni8dbmo4 stjgntxs g5ia77u1 ii04i59q\" data-testid=\"messenger_incoming_text_row\">\n<div class=\"l60d2q6s d1544ag0 sj5x9vvc tw6a2znq l9j0dhe7 ni8dbmo4 stjgntxs qlfml3jp inkptoze e72ty7fz qmr60zad jm1wdb64 qv66sw1b ljqsnud1 g6srhlxm odn2s2vf\">\n<div dir=\"auto\"><strong>LA TRADUZIONE\u00a0 &#8220;FUORI SACCO&#8221;\u00a0 DI UNA MAMMA<\/strong><\/div>\n<div class=\"oo9gr5id\" dir=\"auto\"><em>&#8220;Loro puntano sul fatto che non \u00e8 un bonus nato per il covid ma per un progetto che loro gi\u00e0 volevano attuare e quindi come tale prende vita da quando viene approvato. Ma potevano mettersi una mano sulla coscienza vista la situazione senza precedenti in cui ci siamo trovati e estendere a tutti i nati del 2020. Visto che parlano sar\u00e0 un assegno che durer\u00e0 almeno 3 anni non vedo perch\u00e9 non iniziarlo da gennaio 2020. Secondo me il problema \u00e8 che i soldi tanto declamati non ci sono. Infatti anche i bambini che rientrano nei parametri ancora non hanno visto un euro, i Comuni non sanno ancora niente&#8221;<\/em><\/div>\n<\/div>\n<\/div>\n<\/div>\n<\/div>\n<div class=\"pfnyh3mw ewlkfwdl bp9cbjyn j83agx80 qnrpqo6b\">\n<div class=\"\">\n<div class=\"lzcic4wl\" tabindex=\"0\" role=\"gridcell\" data-scope=\"messages_table\">\n<div class=\"mkd47r93 rgmg9uty j83agx80 btwxx1t3\" role=\"menu\" aria-orientation=\"horizontal\" aria-label=\"Azioni dei messaggi\">\n<div>\n<div class=\"\">\n<div class=\"oajrlxb2 gs1a9yip g5ia77u1 mtkw9kbi tlpljxtp qensuy8j ppp5ayq2 goun2846 ccm00jje s44p3ltw mk2mc5f4 rt8b4zig n8ej3o3l agehan2d sk4xxmp2 rq0escxv nhd2j8a9 pq6dq46d mg4g778l btwxx1t3 pfnyh3mw p7hjln8o kvgmc6g5 cxmmr5t8 oygrvhab hcukyx3x tgvbjcpo hpfvmrgz jb3vyjys rz4wbd8a qt6c0cv9 a8nywdso l9j0dhe7 i1ao9s8h esuyzwwr f1sip0of du4w35lb lzcic4wl abiwlrkh p8dawk7l\" tabindex=\"0\" role=\"menuitem\" aria-expanded=\"false\" aria-haspopup=\"menu\" aria-label=\"Aggiungi una reazione\">\n<div class=\"hcukyx3x cxmmr5t8 b73ngqbp rgmg9uty j83agx80 s45kfl79 emlxlaya bkmhp75w spb7xbtv pfnyh3mw n5ue3fu6 bp9cbjyn taijpn5t oqcyycmt nhd2j8a9 opvtebq1 l9j0dhe7\">\n<div class=\"p1ueia1e pgctjfs5 l8rlqa9s sh06z9xi i2p6rm4e\"><\/div>\n<\/div>\n<\/div>\n<\/div>\n<\/div>\n<div>\n<div class=\"hcukyx3x cxmmr5t8 b73ngqbp rgmg9uty j83agx80 s45kfl79 emlxlaya bkmhp75w spb7xbtv pfnyh3mw n5ue3fu6 bp9cbjyn taijpn5t oqcyycmt nhd2j8a9 opvtebq1 l9j0dhe7\">\n<div class=\"oajrlxb2 gs1a9yip g5ia77u1 mtkw9kbi tlpljxtp qensuy8j ppp5ayq2 goun2846 ccm00jje s44p3ltw mk2mc5f4 rt8b4zig n8ej3o3l agehan2d sk4xxmp2 rq0escxv nhd2j8a9 pq6dq46d mg4g778l btwxx1t3 pfnyh3mw p7hjln8o kvgmc6g5 cxmmr5t8 oygrvhab hcukyx3x tgvbjcpo hpfvmrgz jb3vyjys rz4wbd8a qt6c0cv9 a8nywdso l9j0dhe7 i1ao9s8h esuyzwwr f1sip0of du4w35lb lzcic4wl abiwlrkh p8dawk7l\" tabindex=\"0\" role=\"menuitem\" aria-label=\"Rispondi\">\n<p class=\"p1ueia1e pgctjfs5 l8rlqa9s sh06z9xi i2p6rm4e\">Basite le mamme per la risposta ricevuta&#8230; alcune la commentano cos\u00ec <strong>Alessia<\/strong> \u00a0<em>Hanno ribadito i soliti concetti del piffero sulla data del decreto dalla quale hanno fatto partire il bonus <\/em><strong>Monica\u00a0<\/strong><em>Ma sembra una presa in giro. Ci sono comunque bonus nazionali erogati da Inps e\u00a0 Comune. <\/em><strong>Elvira<\/strong><em> Dalla mail ho capito che non ci sono tanti soldi per poterli dare a tutti ma solo ai nati il 19\/8\/20. <\/em><strong>Vera <\/strong><em>un copia e incolla che non include alcuna risposta utile. <\/em><strong>Marina <\/strong><em>molto generica con nessuna risposta utile <\/em><strong>Kim <\/strong><em>tante parole ma niente succo sottolineando che esistono altri sussidi. <\/em><strong>Nicoletta<\/strong><em>.una risposta assurda secondo me. <\/em><strong>Flaviuz <\/strong><em>sar\u00f2 ignorante ma non ho capito la risposta o forse si: \u201cti capisco ma&#8230;.arrangiati\u201d <\/em><strong>Giulia <\/strong><em>pi\u00f9 che una risposta \u00e8 un giro di parole senza senso, pieno di preamboli per evitare di rispondere direttamente alla nostra domanda. Che delusione <\/em><strong>Gioia <\/strong><em>alcun riscontro oggettivo&#8230;<strong>Alice<\/strong> risposta vaga della serie copio incollo e fattela andare bene come risposta. <\/em><strong>Giulia <\/strong><em>un papiro che non vuol dire assolutamente niente E soprattutto non risponde alla nostra domanda<\/em><strong>.Eleonora<\/strong>\u00a0 hanno scritto molto per non dire nulla<\/p>\n<p>&nbsp;<\/p>\n<p>&nbsp;<\/p>\n<hr \/>\n<p>&nbsp;<\/p>\n<\/div>\n<\/div>\n<\/div>\n<\/div>\n<\/div>\n<\/div>\n<\/div>\n<blockquote>\n<h3>EMERGENZA COVID-19: AL VIA IL NUOVO BANDO PER L\u2019ASSEGNAZIONE DEI \u201cBUONI SPESA\u201d. AMPLIATA LA PLATEA DEI POTENZIALI BENEFICIARI<\/h3>\n<\/blockquote>\n<p><strong><a href=\"https:\/\/www.radiopiu.net\/wordpress\/buoni-spesa-a-seguito-dellemergenza-covid-19-sinora-erogati-in-totale-275-assegni-per-quasi-90-mila-euro\/buoni-spesa-feltre-2\/\" rel=\"attachment wp-att-140589\"><img loading=\"lazy\" decoding=\"async\" class=\"size-medium wp-image-140589 alignleft\" src=\"https:\/\/www.radiopiu.net\/wordpress\/wp-content\/uploads\/2020\/05\/Buoni-Spesa-Feltre-300x225.jpg\" alt=\"\" width=\"300\" height=\"225\" srcset=\"https:\/\/www.radiopiu.net\/wordpress\/wp-content\/uploads\/2020\/05\/Buoni-Spesa-Feltre-300x225.jpg 300w, https:\/\/www.radiopiu.net\/wordpress\/wp-content\/uploads\/2020\/05\/Buoni-Spesa-Feltre-1024x768.jpg 1024w, https:\/\/www.radiopiu.net\/wordpress\/wp-content\/uploads\/2020\/05\/Buoni-Spesa-Feltre-768x576.jpg 768w, https:\/\/www.radiopiu.net\/wordpress\/wp-content\/uploads\/2020\/05\/Buoni-Spesa-Feltre.jpg 1080w\" sizes=\"auto, (max-width: 300px) 100vw, 300px\" \/><\/a>FELTRE<\/strong>\u00a0La giunta comunale ha dato il via libera al nuovo bando per l&#8217;assegnazione del \u201cBuono Spesa\u201d a favore di nuclei familiari in condizione di disagio economico, legato all\u2019emergenza Covid-19. Nei primi mesi della pandemia, come si ricorder\u00e0, mediante tre avvisi erano stati erogati complessivamente sostegni per 109 mila euro. Identica la cifra che il governo ha stanziato a favore del Comune di Feltre da destinare ai \u201cBuoni Spesa\u201d anche per questa nuova fase dell&#8217;emergenza sanitaria. Il Buono Spesa \u00e8 riservato ai cittadini residenti o domiciliati nel Comune di Feltre alla data della domanda che si trovino nell\u2019impossibilit\u00e0 di approvvigionarsi di beni di prima necessit\u00e0 a causa del venir meno della fonte abituale di reddito o in quanto privi di reddito direttamente disponibile e di qualsiasi forma di sostentamento reperibile anche attraverso disponibilit\u00e0 bancarie, postali e di qualsiasi altro genere (es. affitti, redditi immobiliari, prodotti assicurativi, titoli, obbligazioni, conto titoli in azioni, fondi comuni e comunque qualsiasi strumento finanziario in genere) o altro che si renda velocemente monetizzabile, a causa dell&#8217;emergenza sanitaria da Covid-19. Il Buono Spesa \u00e8 volto ad integrare il reddito familiare per quanto attiene alla gestione della spesa di generi alimentari o di prima necessit\u00e0 (ad esempio alimentari, detersivi, farmaci, prodotti per la prima infanzia), in costanza della situazione di emergenza epidemiologica in atto.Gli interessati possono presentare domanda, con allegata la fotocopia di un documento di identit\u00e0, a mezzo posta elettronica all\u2019indirizzo servizisociali@aziendafeltrina.it\u00a0dal 17.12.2020 al 21.02.2021. Il buono spesa parte da un minimo di 250 euro per un nucleo famigliare composto da una persona fino a 600 euro per nuclei formato da 5 o pi\u00f9 persone.\u00a0Sono esclusi i nuclei familiari e le persone che: ricevono sostentamento pubblico a sostegno del reddito in misura mensile superiore a \u20ac 1.000,00; hanno una giacenza media dei conti correnti bancari e\/o postali relativa al trimestre settembre-ottobre-novembre 2020 superiore a \u20ac 3.000,00 se persona sola o, nel caso di nuclei composti da pi\u00f9 persone superiore a \u20ac 3.000,00 pi\u00f9 \u20ac 1.500,00 per ogni componente il nucleo (es. due persone \u20ac 4.500,00, tre persone \u20ac 6.000,00, quattro persone \u20ac 7.500,00 e cos\u00ec via); non hanno subito una riduzione complessiva delle entrate economiche dovuta all&#8217;emergenza epidemiologica Covid-19 pari almeno al 30% nel periodo settembre-ottobre-novembre 2020 rispetto allo stesso periodo del 2019.\u00a0Il Buono Spesa ha validit\u00e0 di tre mesi (indicato con timbro sul buono stesso)<\/p>\n<p><strong>GIORGIA LI CASTRI, ASSESSORE DEL COMUNE DI FELTRE<\/strong><\/p>\n<audio class=\"wp-audio-shortcode\" id=\"audio-179789-10\" preload=\"none\" style=\"width: 100%;\" controls=\"controls\"><source type=\"audio\/mpeg\" src=\"https:\/\/www.radiopiu.net\/wordpress\/wp-content\/uploads\/2020\/12\/LI-CASTRI-su-bando-Buoni-Spesa.mp3?_=10\" \/><a href=\"https:\/\/www.radiopiu.net\/wordpress\/wp-content\/uploads\/2020\/12\/LI-CASTRI-su-bando-Buoni-Spesa.mp3\">https:\/\/www.radiopiu.net\/wordpress\/wp-content\/uploads\/2020\/12\/LI-CASTRI-su-bando-Buoni-Spesa.mp3<\/a><\/audio>\n<p>&nbsp;<\/p>\n<hr \/>\n<p>&nbsp;<\/p>\n<blockquote>\n<h3>CON L&#8217;UNIONE MONTANA, L&#8217;ANNO VECCHIO PORTA IN DOTE I LAVORI DI TUTELA DEL TERRITORIO<\/h3>\n<\/blockquote>\n<p><strong>BELLUNO\u00a0<\/strong> Nell\u2019anno della pandemia, l\u2019Unione Montana Bellunese non \u00e8 andata in quarantena. Al contrario, ha dato il via a una serie di interventi a tappeto sul territorio dalla messa in sicurezza delle strade comunali di Ponte nelle Alpi,\u00a0 per 21.500 euro al\u00a0 ripristino e il consolidamento del versante legato alla strada vicinale Val Medon\u00a0 (114mila euro). A Sopracroda\u00a0 adeguate le opere di regimazione delle acque meteoriche, lungo la strada vicinale \u201cSach\u201d (15.270 euro).\u00a0 A Cadola i nuovi marciapiedi destinati ad abbattere le barriere architettoniche, e il posizionamento di un percorso per ipovedenti (36.650 euro).\u00a0L\u2019associazione Soroptimist ha finanziato i lavori (17.200 euro) al Parco Villa Clizia di Mussoi, dove la tempesta Vaia aveva provocato diversi smottamenti.\u00a0 Salendo in quota, l\u2019Unione Montana ha effettuato la consegna primaverile e la riconsegna autunnale delle Malghe di Pian dei Fioch e di Col Toront, definendo gli interventi ordinari di manutenzione e la verifica della corretta gestione, mentre \u00e8 stata sistemata la silvo-pastorale Valpiana-Forcella Zoppei e Casera del Pian Col della Crosetta, con tanto di sfalci sui sentieri del Nevegal (20mila euro), anche in virt\u00f9 dell\u2019aiuto dei volontari.\u00a0 A Ponte nelle Alpi, \u00e8 stata garantita la gestione del verde di parchi, aiuole, paesi e frazioni (66.176 euro), cos\u00ec come la pulizia di pozzetti (circa 1.350), caditoie e linee di scarico delle acque meteoriche (40mila euro).<\/p>\n<p>&nbsp;<\/p>\n\n\t\t\t<style type='text\/css'>\n\t\t\t\t#gallery-5 {\n\t\t\t\t\tmargin: auto;\n\t\t\t\t}\n\t\t\t\t#gallery-5 .gallery-item {\n\t\t\t\t\tfloat: left;\n\t\t\t\t\tmargin-top: 10px;\n\t\t\t\t\ttext-align: center;\n\t\t\t\t\twidth: 33%;\n\t\t\t\t}\n\t\t\t\t#gallery-5 img {\n\t\t\t\t\tborder: 2px solid #cfcfcf;\n\t\t\t\t}\n\t\t\t\t#gallery-5 .gallery-caption {\n\t\t\t\t\tmargin-left: 0;\n\t\t\t\t}\n\t\t\t\t\/* see gallery_shortcode() in wp-includes\/media.php *\/\n\t\t\t<\/style>\n\t\t<div id='gallery-5' class='dt-gallery-container gallery galleryid-179789 gallery-columns-3 gallery-size-thumbnail'><dl class='gallery-item'>\n\t\t\t\t<dt class='gallery-icon landscape'>\n\t\t\t\t\t<a class=\"rollover rollover-zoom dt-pswp-item\" title=\"Sentieri_Nevegal_taglio_piante\" data-dt-img-description=\"\" data-large_image_width=\"1444\" data-large_image_height=\"989\"href='https:\/\/www.radiopiu.net\/wordpress\/wp-content\/uploads\/2020\/12\/Sentieri_Nevegal_taglio_piante.jpg'><img loading=\"lazy\" decoding=\"async\" width=\"150\" height=\"150\" src=\"https:\/\/www.radiopiu.net\/wordpress\/wp-content\/uploads\/2020\/12\/Sentieri_Nevegal_taglio_piante-150x150.jpg\" class=\"attachment-thumbnail size-thumbnail\" alt=\"\" \/><\/a>\n\t\t\t\t<\/dt><\/dl><dl class='gallery-item'>\n\t\t\t\t<dt class='gallery-icon landscape'>\n\t\t\t\t\t<a class=\"rollover rollover-zoom dt-pswp-item\" title=\"Casere_Costa_Nevegal\" data-dt-img-description=\"\" data-large_image_width=\"2204\" data-large_image_height=\"1365\"href='https:\/\/www.radiopiu.net\/wordpress\/wp-content\/uploads\/2020\/12\/Casere_Costa_Nevegal.jpg'><img loading=\"lazy\" decoding=\"async\" width=\"150\" height=\"150\" src=\"https:\/\/www.radiopiu.net\/wordpress\/wp-content\/uploads\/2020\/12\/Casere_Costa_Nevegal-150x150.jpg\" class=\"attachment-thumbnail size-thumbnail\" alt=\"\" \/><\/a>\n\t\t\t\t<\/dt><\/dl><dl class='gallery-item'>\n\t\t\t\t<dt class='gallery-icon landscape'>\n\t\t\t\t\t<a class=\"rollover rollover-zoom dt-pswp-item\" title=\"Val_Medon\" data-dt-img-description=\"\" data-large_image_width=\"1825\" data-large_image_height=\"1028\"href='https:\/\/www.radiopiu.net\/wordpress\/wp-content\/uploads\/2020\/12\/Val_Medon.jpg'><img loading=\"lazy\" decoding=\"async\" width=\"150\" height=\"150\" src=\"https:\/\/www.radiopiu.net\/wordpress\/wp-content\/uploads\/2020\/12\/Val_Medon-150x150.jpg\" class=\"attachment-thumbnail size-thumbnail\" alt=\"\" \/><\/a>\n\t\t\t\t<\/dt><\/dl><br style=\"clear: both\" \/>\n\t\t\t<\/div>\n\n<p>&nbsp;<\/p>\n<p>&nbsp;<\/p>\n<hr \/>\n<blockquote>\n<h3><\/h3>\n<h3 class=\"documentFirstHeading\"><span id=\"parent-fieldname-title\" class=\"\">ONLINE IL PRIMO STUDIO DI ARPA VENETO SULLE PERFORMANCE DI SENSORI LOW-COST PER LA MISURA DEL PM10<\/span><\/h3>\n<\/blockquote>\n<div class=\"data\"><strong>PADOVA\u00a0<\/strong> Negli ultimi anni si sono diffusi diversi tipi di sensori a basso costo (qualche decina di euro) per la determinazione di inquinanti atmosferici. ARPA Veneto, viste anche le diverse segnalazioni e richieste di informazioni da parte dell\u2019utenza, ha deciso di intraprendere uno studio per comprendere potenzialit\u00e0 e limiti di un modello molto diffuso di sensore low-cost per il particolato, effettuando un rigoroso confronto con la strumentazione di riferimento, normalmente utilizzata per le misure ai sensi della norma. Infatti tra i sensori a basso costo, quelli che hanno avuto pi\u00f9 successo tra la popolazione sono stati sicuramente quelli per la determinazione di PM10 e PM2.5 Questi dispositivi, per il cui assemblaggio e funzionamento esiste un\u2019ampia documentazione online, effettuano delle misure di concentrazione del particolato con alte frequenze (anche ogni minuto), con la possibilit\u00e0 di pubblicare il dato su piattaforme online dedicate, in cui sono presenti un gran numero di dispositivi ubicati anche in Veneto.<\/div>\n<div id=\"parent-fieldname-text\" class=\"plain\">\n<h1><strong><span class=\"link-https\"><a class=\"external-link\" title=\"il collegamento apre una nuova finestra\" href=\"https:\/\/www.arpa.veneto.it\/arpavinforma\/pubblicazioni\/potenzialita-e-limiti-nell2019utilizzo-di-sensori-low-cost-per-la-misura-del-particolato-atmosferico-pm10-in-aria-ambiente\/at_download\/file\"><span style=\"color: #0000ff;\">lo studio, clicca qui e scaricalo<\/span><\/a><\/span><\/strong><\/h1>\n<\/div>\n<p>&nbsp;<\/p>\n<hr \/>\n<p>&nbsp;<\/p>\n<blockquote>\n<h3>TRASPORTO PUBBLICO LOCALE, DE CARLO: &#8220;SALVATO IL RIENTRO A SCUOLA GRAZIE A FDI&#8221;<\/h3>\n<\/blockquote>\n<p><strong>ROMA<\/strong> 90 milioni di euro nel Decreto Ristori per un fondo destinato al sostegno del trasporto pubblico locale: questo il grande risultato ottenuto da Fratelli d\u2019Italia, annunciato dai senatori Luca Ciriani e Luca De Carlo.\u00a0 Soddisfatto li deputato cadorino, che pochi giorni fa aveva lanciato l\u2019allarme relativo al trasporto scolastico in vista della ripresa delle lezioni a gennaio. De Carlo e Ciriani confermano il loro giudizio severamente negativo nei confronti dell\u2019esecutivo <em>&#8220;Il gioco dello scaricabarile sugli enti locali e sui privati non \u00e8 accettabile in questo lungo periodo di emergenza\u201d <\/em>dice De Carlo<\/p>\n<div><\/div>\n<audio class=\"wp-audio-shortcode\" id=\"audio-179789-11\" preload=\"none\" style=\"width: 100%;\" controls=\"controls\"><source type=\"audio\/mpeg\" src=\"https:\/\/www.radiopiu.net\/wordpress\/wp-content\/uploads\/2020\/12\/DE-CARLO-3.mp3?_=11\" \/><a href=\"https:\/\/www.radiopiu.net\/wordpress\/wp-content\/uploads\/2020\/12\/DE-CARLO-3.mp3\">https:\/\/www.radiopiu.net\/wordpress\/wp-content\/uploads\/2020\/12\/DE-CARLO-3.mp3<\/a><\/audio>\n<p>&nbsp;<\/p>\n<p>&nbsp;<\/p>\n<p>&nbsp;<\/p>\n<hr \/>\n<blockquote>\n<h3><\/h3>\n<h3>AL VIA LA RICHIESTA DEI BUONI SPESA PER IL COMUNE DI CANALE D&#8217;AGORDO<\/h3>\n<\/blockquote>\n<p><strong>CANALE D&#8217;AGORDO<\/strong> Il comune di Canale d&#8217;Agordo\u00a0ha pubblicato l\u2019avviso per la richiesta di buoni spesa. Quindi tutte le famiglie che si trovano i difficolt\u00e0 a causa del perdurare dell\u2019emergenza epidemiologica\u00a0 COVID -19 possono presentare richiesta compilando il modulo che si trova sul sito del Comune. La domanda va presentata entro il 21 dicembre 2020.<\/p>\n<p>&nbsp;<\/p>\n<hr \/>\n<blockquote>\n<h3><\/h3>\n<h3>AD AGORDO PROLOCO METTE L&#8217;INVERNO DI VETRINA<\/h3>\n<\/blockquote>\n<p><strong>AGORDO<\/strong> La Proloco di Agordo \u00e8 artefice di una nuova iniziativa. La raccolta delle fotografie dell&#8217;inverno nella Conca Agordina (2020-21), da esporre nell&#8217;ufficio di via 27 Aprile. Troveranno spazio in vetrina o nei locali dell&#8217;ufficio su supporto cartaceo o video fino al termine dell&#8217;inverno, la proloco pensa anche ad una pubblicazione sui social. <em>&#8220;Abbiamo approfittato di questo periodo in cui non possiamo esporre i soliti numerosissimi manifesti di eventi ed iniziative &#8211; spiega la proloco &#8211;\u00a0 per promuovere le bellezze della Conca Agordina&#8221;. <\/em>Chi vorr\u00e0 partecipare potr\u00e0 compilare il modulo ed inviare al massimo 2 foto.<\/p>\n<p>&nbsp;<\/p>\n<p>&nbsp;<\/p>\n<hr \/>\n<p>&nbsp;<\/p>\n<blockquote>\n<h3>LA SCUOLA EQUIPE FALCADE ORGANIZZA ESCURSIONI GUIDATE<\/h3>\n<\/blockquote>\n<p><strong>FALCADE\u00a0<\/strong>Per la stagione invernale 2020\/21, la scuola Equipe Falcade organizza delle escursioni con le ciaspe dedicate ai bambini. 4 le escursioni in programma per gruppi di massimo 4 bambini che si possono prenotare al 334 9151617. Necessario l&#8217;abbigliamento da sci, zainetto e la mascherina. A tutti coloro che partecipano all&#8217;iniziativa uno scaldacollo in omaggio.<\/p>\n<p>&nbsp;<\/p>\n<p>&nbsp;<\/p>\n<hr \/>\n<p>&nbsp;<\/p>\n<blockquote>\n<h3>S\u00d6RA D NAD\u00c0 E DVAN DAL COI<\/h3>\n<\/blockquote>\n<p><strong>COMELICO\u00a0<\/strong>L&#8217;Union Ladina Dal Comelgo e il Gruppo Musicale di Costalta organizzano per mercoled\u00ec 23 dicembre alle 20.30 e per domenica 27 dicembre alle 20.30, due serate di musica, poesia e presentazione del libro &#8220;Dvan dal Coi, l&#8217;uomo dei boschi, tra leggenda e realt\u00e0&#8221;. Con Lucio Eicher Clere, Daniele De Bettin e Claudio Michelazzi. Le serate saranno trasmesse esclusivamente in diretta Facebook da Costalta sulla pagina Facebook dell&#8217;Union Ladina.<\/p>\n<p>&nbsp;<\/p>\n<hr \/>\n<p>&nbsp;<\/p>\n<blockquote>\n<h3>ORIENTAMENTO SCOLASTICO, ENAIP LONGARONE<\/h3>\n<\/blockquote>\n<p><strong>LONGARONE<\/strong> Studenti di terza media a genitori potranno consocere l&#8217;organizzazione dei percorsi triennali di formazione a qualifica professionale di ristorazione e riparazione veicoli a motore. Potranno visitare aule e laboratori: sabato dalle 14.30, informazioni allo 0437 770318<\/p>\n<p>&nbsp;<\/p>\n<hr \/>\n<p>&nbsp;<\/p>\n<div class=\"page-title-head hgroup\">\n<blockquote>\n<h3 class=\"entry-title\">I GIOVANI DANNO AVVIO ALLA RACCOLTA DI NATALE<\/h3>\n<\/blockquote>\n<\/div>\n<p class=\"page-title-breadcrumbs\"><strong><img loading=\"lazy\" decoding=\"async\" class=\"alignleft\" src=\"https:\/\/www.radiopiu.net\/wordpress\/wp-content\/uploads\/2020\/12\/christmas-3009949__340.jpg\" width=\"213\" height=\"119\" \/>TAIBON<\/strong>\u00a0L\u2019iniziativa parte dai giovani ed \u00e8 rivolta a tutti i giovani dell\u2019Agordino. \u00a0Raccogliendo oggetti e cibo e donandolo, tramite l\u2019associazione San Martino di Agordo, a chi \u00e8 maggiormente in difficolt\u00e0. Sono graditi Libri, prodotti di bellezza, generi alimentari (a lunga conservazione), accessori, dolcetti, oggetti simbolici.\u00a0 Tre i punti di raccolta in cui depositare gli oggetti:\u00a0 Valle del Biois ( Margherita Andrich, 349 7093043),\u00a0 Agordo e dintorni (Samuel Da Campo, 342 1875044) e\u00a0 Alleghe e dintorni ( Agnese Vinti, 348 1817865). \u00a0La raccolta avviene nei giorni precedenti al Natale tra il 19 e il 24 dicembre<\/p>\n<p><strong>DAL CORRIERE DELLE ALPI DI OGGI IL SERVIZIO DI GIANNI SANTOMASO<\/strong><\/p>\n<audio class=\"wp-audio-shortcode\" id=\"audio-179789-12\" preload=\"none\" style=\"width: 100%;\" controls=\"controls\"><source type=\"audio\/mpeg\" src=\"https:\/\/www.radiopiu.net\/wordpress\/wp-content\/uploads\/2020\/12\/GIANNI-GIOVANI-RACCOLTA-PER-NATALE.mp3?_=12\" \/><a href=\"https:\/\/www.radiopiu.net\/wordpress\/wp-content\/uploads\/2020\/12\/GIANNI-GIOVANI-RACCOLTA-PER-NATALE.mp3\">https:\/\/www.radiopiu.net\/wordpress\/wp-content\/uploads\/2020\/12\/GIANNI-GIOVANI-RACCOLTA-PER-NATALE.mp3<\/a><\/audio>\n<p>&nbsp;<\/p>\n<hr \/>\n<p>&nbsp;<\/p>\n<blockquote>\n<h3>\u00a0LO SPETTACOLO DA NON PERDERE CON O SENZA STRUMENTI<\/h3>\n<p>di Claudio Pra<\/p><\/blockquote>\n<p><strong>La\u00a0 storica congiunzione Giove-Saturno, visibile in questi giorni<\/strong><\/p>\n<audio class=\"wp-audio-shortcode\" id=\"audio-179789-13\" preload=\"none\" style=\"width: 100%;\" controls=\"controls\"><source type=\"audio\/mpeg\" src=\"https:\/\/www.radiopiu.net\/wordpress\/wp-content\/uploads\/2020\/12\/claudio.mp3?_=13\" \/><a href=\"https:\/\/www.radiopiu.net\/wordpress\/wp-content\/uploads\/2020\/12\/claudio.mp3\">https:\/\/www.radiopiu.net\/wordpress\/wp-content\/uploads\/2020\/12\/claudio.mp3<\/a><\/audio>\n<p>&nbsp;<\/p>\n\n\t\t\t<style type='text\/css'>\n\t\t\t\t#gallery-6 {\n\t\t\t\t\tmargin: auto;\n\t\t\t\t}\n\t\t\t\t#gallery-6 .gallery-item {\n\t\t\t\t\tfloat: left;\n\t\t\t\t\tmargin-top: 10px;\n\t\t\t\t\ttext-align: center;\n\t\t\t\t\twidth: 50%;\n\t\t\t\t}\n\t\t\t\t#gallery-6 img {\n\t\t\t\t\tborder: 2px solid #cfcfcf;\n\t\t\t\t}\n\t\t\t\t#gallery-6 .gallery-caption {\n\t\t\t\t\tmargin-left: 0;\n\t\t\t\t}\n\t\t\t\t\/* see gallery_shortcode() in wp-includes\/media.php *\/\n\t\t\t<\/style>\n\t\t<div id='gallery-6' class='dt-gallery-container gallery galleryid-179789 gallery-columns-2 gallery-size-medium'><dl class='gallery-item'>\n\t\t\t\t<dt class='gallery-icon landscape'>\n\t\t\t\t\t<a class=\"rollover rollover-zoom dt-pswp-item\" title=\"5dd6d4cc-4786-43b3-9a83-b70950872f1a\" data-dt-img-description=\"\" data-large_image_width=\"1396\" data-large_image_height=\"785\"href='https:\/\/www.radiopiu.net\/wordpress\/wp-content\/uploads\/2020\/12\/5dd6d4cc-4786-43b3-9a83-b70950872f1a.jpg'><img loading=\"lazy\" decoding=\"async\" width=\"300\" height=\"169\" src=\"https:\/\/www.radiopiu.net\/wordpress\/wp-content\/uploads\/2020\/12\/5dd6d4cc-4786-43b3-9a83-b70950872f1a-300x169.jpg\" class=\"attachment-medium size-medium\" alt=\"\" srcset=\"https:\/\/www.radiopiu.net\/wordpress\/wp-content\/uploads\/2020\/12\/5dd6d4cc-4786-43b3-9a83-b70950872f1a-300x169.jpg 300w, https:\/\/www.radiopiu.net\/wordpress\/wp-content\/uploads\/2020\/12\/5dd6d4cc-4786-43b3-9a83-b70950872f1a-1024x576.jpg 1024w, https:\/\/www.radiopiu.net\/wordpress\/wp-content\/uploads\/2020\/12\/5dd6d4cc-4786-43b3-9a83-b70950872f1a-768x432.jpg 768w, https:\/\/www.radiopiu.net\/wordpress\/wp-content\/uploads\/2020\/12\/5dd6d4cc-4786-43b3-9a83-b70950872f1a.jpg 1396w\" sizes=\"auto, (max-width: 300px) 100vw, 300px\" \/><\/a>\n\t\t\t\t<\/dt><\/dl><dl class='gallery-item'>\n\t\t\t\t<dt class='gallery-icon landscape'>\n\t\t\t\t\t<a class=\"rollover rollover-zoom dt-pswp-item\" title=\"e099bc9d-9ed3-432a-af51-9cbd9dacbc0d\" data-dt-img-description=\"\" data-large_image_width=\"1260\" data-large_image_height=\"655\"href='https:\/\/www.radiopiu.net\/wordpress\/wp-content\/uploads\/2020\/12\/e099bc9d-9ed3-432a-af51-9cbd9dacbc0d.jpg'><img loading=\"lazy\" decoding=\"async\" width=\"300\" height=\"156\" src=\"https:\/\/www.radiopiu.net\/wordpress\/wp-content\/uploads\/2020\/12\/e099bc9d-9ed3-432a-af51-9cbd9dacbc0d-300x156.jpg\" class=\"attachment-medium size-medium\" alt=\"\" srcset=\"https:\/\/www.radiopiu.net\/wordpress\/wp-content\/uploads\/2020\/12\/e099bc9d-9ed3-432a-af51-9cbd9dacbc0d-300x156.jpg 300w, https:\/\/www.radiopiu.net\/wordpress\/wp-content\/uploads\/2020\/12\/e099bc9d-9ed3-432a-af51-9cbd9dacbc0d-1024x532.jpg 1024w, https:\/\/www.radiopiu.net\/wordpress\/wp-content\/uploads\/2020\/12\/e099bc9d-9ed3-432a-af51-9cbd9dacbc0d-768x399.jpg 768w, https:\/\/www.radiopiu.net\/wordpress\/wp-content\/uploads\/2020\/12\/e099bc9d-9ed3-432a-af51-9cbd9dacbc0d.jpg 1260w\" sizes=\"auto, (max-width: 300px) 100vw, 300px\" \/><\/a>\n\t\t\t\t<\/dt><\/dl><br style=\"clear: both\" \/>\n\t\t\t<\/div>\n\n<p>&nbsp;<\/p>\n<p>&nbsp;<\/p>\n<p>&nbsp;<\/p>\n<hr \/>\n<p>&nbsp;<\/p>\n<blockquote>\n<h3>DALLA MEMORIA RIEMERGA IL VERO NATALE<\/h3>\n<\/blockquote>\n<p><em><a href=\"https:\/\/www.radiopiu.net\/wordpress\/dalla-memoria-riemerga-il-vero-natale\/natale-2\/\" rel=\"attachment wp-att-179918\"><img loading=\"lazy\" decoding=\"async\" class=\"size-medium wp-image-179918 alignleft\" src=\"https:\/\/www.radiopiu.net\/wordpress\/wp-content\/uploads\/2020\/12\/NATALE-300x200.jpg\" alt=\"\" width=\"300\" height=\"200\" srcset=\"https:\/\/www.radiopiu.net\/wordpress\/wp-content\/uploads\/2020\/12\/NATALE-300x200.jpg 300w, https:\/\/www.radiopiu.net\/wordpress\/wp-content\/uploads\/2020\/12\/NATALE-1024x683.jpg 1024w, https:\/\/www.radiopiu.net\/wordpress\/wp-content\/uploads\/2020\/12\/NATALE-768x512.jpg 768w, https:\/\/www.radiopiu.net\/wordpress\/wp-content\/uploads\/2020\/12\/NATALE-1536x1024.jpg 1536w, https:\/\/www.radiopiu.net\/wordpress\/wp-content\/uploads\/2020\/12\/NATALE.jpg 1920w\" sizes=\"auto, (max-width: 300px) 100vw, 300px\" \/><\/a>di <\/em><strong>Dino Bridda\u00a0<\/strong><\/p>\n<p>Aspettavo da tempo le seguenti parole di Papa Francesco che puntualmente sono arrivate nella mattinata di mercoled\u00ec 16 dicembre: <em>\u00abQuest&#8217;anno ci attendono restrizioni e disagi; ma pensiamo al Natale della Vergine Maria e di San Giuseppe: non furono rose e fiori! Quante difficolt\u00e0 hanno avuto! Quante preoccupazioni! Eppure la fede, la speranza e l&#8217;amore li hanno guidati e sostenuti. Che sia cos\u00ec anche per noi! [\u2026] Anche ci aiuti questa difficolt\u00e0 a purificare un po&#8217; il modo di vivere il Natale, di festeggiare, uscendo dal consumismo, che sia pi\u00f9 religioso, pi\u00f9 autentico, pi\u00f9 vero\u00bb.\u00a0<\/em>Sono parole rivolte sia a chi ha sempre festeggiato il Natale secondo la spiritualit\u00e0 del presepe, ma di pi\u00f9 a chi da qualche decennio l\u2019ha accantonata per farne una festa pagana, ridondante di luci, suoni e cibi superflui. Agli orecchi dei primi le parole del Papa hanno risuonato come musica per le loro orecchie, ai secondi hanno dato fastidio e sono state subito ignorate come ignorata in loro \u00e8 la gravit\u00e0 della pandemia. Con un po\u2019 di sforzo di volont\u00e0 in corpo, per\u00f2, dovremmo accettare l\u2019invito a riscoprire il \u201cvero\u201d Natale nell\u2019intimit\u00e0 del focolare domestico dove regner\u00e0 purtroppo la limitazione dei rapporti interpersonali durante le feste imminenti. Nella vita, talvolta, certe occasioni si trasformano da disagio in opportunit\u00e0. E allora quale potr\u00e0 essere una bella opportunit\u00e0 per il prossimo Natale? Riguarda proprio il presepe. Quando ero bambino con mamma e pap\u00e0 facevamo il giro del centro storico cittadino di Belluno dove parecchie famiglie o istituzioni esponevano il loro presepe costruito artigianalmente con fantasia, buon gusto e tanto calore umano. Non era una competizione, n\u00e9 una rassegna a premi, n\u00e9 tantomeno uno sfoggio di presuntuosa abilit\u00e0, ma solo la gioia di misurarsi con se stessi per costruire un presepe pi\u00f9 bello e pi\u00f9 grande dell\u2019anno precedente: da quello allestito all\u2019entrata dell\u2019ospedale civile di via Loreto a quello dei Frati Cappuccini a Mussoi e a tanti altri sistemati in atri e androni di abitazioni civili nelle vie e nelle piazze cittadine. Non mancavano pure gli effetti speciali di movimenti e suoni impensabili per allora. Quei presepi donavano a noi bambini una rappresentazione magica del Natale, ovvero interpretavano al meglio le parole odierne di Papa Francesco. \u00c8 troppo sperare di averne fatto memoria in molti? Quest\u2019anno, anche se lo volessimo, non potremo fare altrettanto perch\u00e9 non avremo libert\u00e0 di movimento. Per\u00f2 possiamo fare molto di pi\u00f9. Un bel presepe casalingo per la gioia dei pi\u00f9 piccoli &#8211; spiegandoglielo bene -, un bell\u2019albero pieno di luci e colori e una sobria luminaria intermittente sul terrazzo di casa. Il tutto fatto ad uso e consumo di poche persone per recuperare l\u2019intimit\u00e0 perduta. In fondo nel primo presepe vivente dell\u2019umanit\u00e0 erano in pochi pure loro: il Bambino, Maria, Giuseppe, il bue e l\u2019asino, ma degli ultimi due si dubita. Poi arrivarono i pastori che, per\u00f2, stettero in silenzio adorante del piccolo neonato sullo sfondo dei canti angelici. Niente chiasso e niente luci sgargianti! Gi\u00e0 che ci siamo recuperiamo un po\u2019 di sobriet\u00e0 anche nei doni e, se ci travestiamo da novelli Re Magi, li trasformiamo in prodotti a chilometro zero! Quest\u2019anno va cos\u00ec. Ma saremo davvero tutti capaci di cambiare registro rifiutando il superfluo in favore di un Natale pi\u00f9 \u201ccasalingo\u201d? Un\u2019ultima cosa. Cantiamo l\u2019italianissima \u201cTu scendi dalle stelle\u201d di san Alfonso Maria de\u2019 Liguori, ma ricordiamoci che \u201cAdeste fideles\u201d deriva da un\u2019antica ballata irlandese, \u201cJingle bells\u201d \u00e8 una carola inglese, \u201cBianco Natale\u201d \u00e8 di autore bielorusso naturalizzato USA. Tranquilli: cos\u00ec la globalizzazione \u00e8 salva\u2026!<\/p>\n<p>&nbsp;<\/p>\n<p>&nbsp;<\/p>\n<hr \/>\n<p>&nbsp;<\/p>\n<blockquote>\n<h3>LA FAMIGLIA BOITO VANTO DI POLPET<\/h3>\n<\/blockquote>\n<p><strong>di Renato Bona<\/strong><\/p>\n<p>Nell\u2019agosto di 42 anni fa, il maestro Mario De Nale dava alle stampe per i tipi della tipografia Piave di Belluno e ad iniziativa del Centro sociale di educazione permanente di Tambre e dell\u2019Associazione emigranti bellunesi, il libro \u201cPersonaggi illustri dell\u2019Alpago e Ponte nelle Alpi\u201d. Due capitoli sono dedicati ad una nota famiglia pontalpina di Polpet, quella dei Boito, riservati uno a Silvestro, il padre, e l\u2019altro a Camillo, il figlio, ma stranamente non viene citato l\u2019altro figlio, Arrigo, a detta di molti il pi\u00f9 famoso del terzetto. Cos\u00ec l\u2019autore a proposito di Silvestro: \u201cDi Silvestro (1754) e di Angela Menegaz (1788) nacque a Polpet di Ponte nelle Alpi il 31 luglio 1802 e fu battezzato da don Francesco Vigo. Rimase presto orfano di padre per cui la madre, rimasta priva del sostentamento economico, chiese ed ottenne di essere assunta come domestica presso la famiglia del celebre ingegnere Luigi Colle di Belluno, nato il 21 febbraio 1749 e morto il 7 dicembre 1828, il quale la spos\u00f2 dopo che gli mor\u00ec la moglie Marina Frigimelica che aveva sposato il 20 aprile 1785\u201d. Il piccolo orfano attir\u00f2 subito l\u2019attenzione del padrino che \u201ccominci\u00f2 ad apprezzarlo per la sua grande bravura nel disegno\u201d e che affid\u00f2 ad un noto pittore della citt\u00e0 affinch\u00e9 si perfezionasse nell\u2019arte del dipingere, e Silvestro divenne esperto ritrattista e miniaturista. Ancora De Nale: Trasferendosi in varie citt\u00e0 d\u2019Italia e in Austria, Russia e Polonia, Silvestro riscosse ovunque successo anche in virt\u00f9 della conoscenza di donne belle e famose attratte dal suo bell\u2019aspetto giovanile. Si spos\u00f2 con la nobile e ricca vedova polacca Giuseppina Radolinska, gi\u00e0 madre di Tecla, e si trasfer\u00ec quindi a Roma dove il pontefice Pio IX lo insign\u00ec della Croce di cavaliere per i grandi meriti artistici. Si trasfer\u00ec poi a Padova e quindi, abbandonata la moglie per dissapori, si sistem\u00f2 in solitudine a Venezia dove, nel 1848-49, \u201cpartecip\u00f2 alla gloriosa resistenza di Venezia al comando di un battaglione di insorti, distinguendosi valorosamente e, sei anni dopo (1856) mor\u00ec tragicamente nelle vicinanze di Padova\u201d. L\u2019autore ricorda quindi che nel paese natale vi \u00e8 ancora la sua casa e che a lui sono state attribuite la Via Crucis della chiesetta di Vedoia e quella della chiesa di Cadola, in territorio di Ponte nelle Alpi. Ed eccoci a Camillo Boito; figlio di Silvestro e della accennata Radolinka, nacque a Roma nel 1936 e mor\u00ec a Milano nel 1914. Laureatosi in architettura grazie alle conoscenze e alle buone condizioni economiche della madre, si perfezion\u00f2 a Padova, Venezia e in Germania \u201cdiventando un colto di riguardo, storico, letterato, ritrattista, studioso dell\u2019arte e quindi dei vari stili, commediografo e celebre architetto\u201d. Insegn\u00f2 all\u2019Accademia della citt\u00e0 lagunare, a Brera e al Policlinico di Milano. Progett\u00f2 il Palazzo Debite, l\u2019ingresso del Museo civico e i portoni della Basilica di Sant\u2019Antonio a Padova e cur\u00f2 il restauro del Castel Sforzesco a Milano, la Casa di riposo \u201cGiuseppe Verdi\u201d per musicisti e, sempre a Milano, il palazzo in mattoni rossi di Piazza Buonarroti. Scrisse opere come \u201cI princ\u00ecpi del disegno e gli stili dell\u2019ornamento\u201d, \u201cL\u2019architettura del Medioevo in Italia (1880), \u201cIl duomo di Milano\u201d; come narratore scrisse nei volumi\u201dStorielle vane\u201d, \u201cSenso o Nuove storielle\u201d, \u201cGite di un artista\u201d; come ritrattista si distinse con \u201cLa Carlotta\u201d, la protagonista di una novella, \u201cUn corpo\u201d, la \u201cSilvia\u201d del libro \u201cSenso\u201d. Con Garibaldi partecip\u00f2 alla terza guerra d\u2019indipendenza combattendo nelle battaglie che ricacciarono gli austriaci verso Trento dal Ponte del Caffaro a Bezzecca. Per l\u2019illustrazione della figura di Arrigo Boito facciamo riferimento alla libera enciclopedia Wikipedia; nacque a Padova il 24 febbraio 1842 e mor\u00ec a Milano il 10 giugno 1918. E\u2019 stato un letterato, librettista e compositore. Figlio di Silvestro e fratello minore di Camillo, \u00e8 noto soprattutto per i suoi libretti d\u2019opera, considerati fra i massimi capolavori del genere, e per il suo melodramma Mefistofele. Dopo gli studi elementari a Venezia, dal 1853 studi\u00f2 violino, pianoforte e composizione al Conservatorio di Milano, dando precoce prova di affrancamento dalle convenzioni musicali e di apertura alle innovative culture d&#8217;oltralpe con la cantata \u201cIl quattro giugno\u201d (1860) e col mistero \u201cLe sorelle d\u2019Italia\u201d (1861), dei quali scrisse anche il testo poetico, proponendosi da subito nella duplice veste di poeta-musicista. Nel 1861, a Parigi, conobbe, tra gli altri, Rossxini, Berlioz e Verdi. Per quest&#8217;ultimo scrisse il testo poetico dell&#8217;\u201dInno delle Nazioni\u201d, eseguito all\u2019Esposizione universale di Londra. Nel 1862, lasciata Parigi per la Polonia, patria di sua madre (morta nel 1859), vi scrisse il suo primo libretto, \u201cL\u2019Amleto\u201d dall&#8217;omonima tragedia di Shakespeare, per la musica di Faccio. Tornato a Milano, strinse amicizia con Emilio Praga e ader\u00ec al movimento letterario della \u201cScapigliatura\u201d, di cui fu uno dei principali esponenti. In questo periodo compose diverse poesie, poi in parte raccolte nel \u201cLibro dei versi\u201d (1877), e pubblic\u00f2 quello che \u00e8 generalmente considerato il suo lavoro pi\u00f9 originale, il poemetto \u201cRe Orso\u201d (1864), una fiaba inquietante e orrida in forma di componimento con versi di varia misura. Nel 1864 insieme ad altri \u201ccultori della buona musica\u201d, promuove la fondazione della Societ\u00e0 del quartetto di Milano\u201d. Di notevole pregio sono anche le sue raffinate novelle (L\u2019Alfier nero, Iberia, La musica in piazza, Il pugno chiuso e Il trapezio), pubblicate su varie riviste dal 1867 al 1874. E concludiamo, ricordando che \u201cRdn\u201d per Bellunopress il 5 luglio 2016 postava un servizio intitolato \u201cOttantacinque anni fa a Polpet la celebrazione per la famiglia Boito, Silvestro, Camillo e Arrigo\u201d richiamando la \u201cCelebrazione solenne a Polpet di Ponte nelle Alpi, il 20 luglio del 1931 in onore dei fratelli Boito, Camillo, Arrigo e del padre Silvestro, le cui anime hanno fatto ritorno al paese d\u2019origine della loro famiglia, \u2018Populeto\u2019 (dal latino pioppeto). Era questo, infatti, il vecchio nome della frazione di Polpet\u201d. E spiegando in conclusione che \u201cDalla genialit\u00e0 paterna e dalla nobilt\u00e0 d\u2019animo della madre, Camillo ed Arrigo erediteranno il carattere e lo spirito eletto. Con la madre trascorsero pi\u00f9 volte nell\u2019infanzia le vacanze estive a Populeto, e bellunesi essi amarono sempre considerarsi, mai sottacendo le loro umili origini\u201d.<\/p>\n\n\t\t\t<style type='text\/css'>\n\t\t\t\t#gallery-7 {\n\t\t\t\t\tmargin: auto;\n\t\t\t\t}\n\t\t\t\t#gallery-7 .gallery-item {\n\t\t\t\t\tfloat: left;\n\t\t\t\t\tmargin-top: 10px;\n\t\t\t\t\ttext-align: center;\n\t\t\t\t\twidth: 33%;\n\t\t\t\t}\n\t\t\t\t#gallery-7 img {\n\t\t\t\t\tborder: 2px solid #cfcfcf;\n\t\t\t\t}\n\t\t\t\t#gallery-7 .gallery-caption {\n\t\t\t\t\tmargin-left: 0;\n\t\t\t\t}\n\t\t\t\t\/* see gallery_shortcode() in wp-includes\/media.php *\/\n\t\t\t<\/style>\n\t\t<div id='gallery-7' class='dt-gallery-container gallery galleryid-179789 gallery-columns-3 gallery-size-thumbnail'><dl class='gallery-item'>\n\t\t\t\t<dt class='gallery-icon portrait'>\n\t\t\t\t\t<a class=\"rollover rollover-zoom dt-pswp-item\" title=\"131891886_191231952647306_1814356570771007928_n\" data-dt-img-description=\"\" data-large_image_width=\"181\" data-large_image_height=\"279\"href='https:\/\/www.radiopiu.net\/wordpress\/wp-content\/uploads\/2020\/12\/131891886_191231952647306_1814356570771007928_n.jpg'><img loading=\"lazy\" decoding=\"async\" width=\"150\" height=\"150\" src=\"https:\/\/www.radiopiu.net\/wordpress\/wp-content\/uploads\/2020\/12\/131891886_191231952647306_1814356570771007928_n-150x150.jpg\" class=\"attachment-thumbnail size-thumbnail\" alt=\"\" \/><\/a>\n\t\t\t\t<\/dt><\/dl><dl class='gallery-item'>\n\t\t\t\t<dt class='gallery-icon portrait'>\n\t\t\t\t\t<a class=\"rollover rollover-zoom dt-pswp-item\" title=\"131888116_222254796194108_4537687922474843616_n\" data-dt-img-description=\"\" data-large_image_width=\"1018\" data-large_image_height=\"1600\"href='https:\/\/www.radiopiu.net\/wordpress\/wp-content\/uploads\/2020\/12\/131888116_222254796194108_4537687922474843616_n.jpg'><img loading=\"lazy\" decoding=\"async\" width=\"150\" height=\"150\" src=\"https:\/\/www.radiopiu.net\/wordpress\/wp-content\/uploads\/2020\/12\/131888116_222254796194108_4537687922474843616_n-150x150.jpg\" class=\"attachment-thumbnail size-thumbnail\" alt=\"\" \/><\/a>\n\t\t\t\t<\/dt><\/dl><dl class='gallery-item'>\n\t\t\t\t<dt class='gallery-icon portrait'>\n\t\t\t\t\t<a class=\"rollover rollover-zoom dt-pswp-item\" title=\"131892821_387701092485376_3605732674760799104_n\" data-dt-img-description=\"\" data-large_image_width=\"372\" data-large_image_height=\"469\"href='https:\/\/www.radiopiu.net\/wordpress\/wp-content\/uploads\/2020\/12\/131892821_387701092485376_3605732674760799104_n.jpg'><img loading=\"lazy\" decoding=\"async\" width=\"150\" height=\"150\" src=\"https:\/\/www.radiopiu.net\/wordpress\/wp-content\/uploads\/2020\/12\/131892821_387701092485376_3605732674760799104_n-150x150.jpg\" class=\"attachment-thumbnail size-thumbnail\" alt=\"\" \/><\/a>\n\t\t\t\t<\/dt><\/dl><br style=\"clear: both\" \/><dl class='gallery-item'>\n\t\t\t\t<dt class='gallery-icon landscape'>\n\t\t\t\t\t<a class=\"rollover rollover-zoom dt-pswp-item\" title=\"131891226_407713823611186_564095034787746702_n\" data-dt-img-description=\"\" data-large_image_width=\"471\" data-large_image_height=\"285\"href='https:\/\/www.radiopiu.net\/wordpress\/wp-content\/uploads\/2020\/12\/131891226_407713823611186_564095034787746702_n.jpg'><img loading=\"lazy\" decoding=\"async\" width=\"150\" height=\"150\" src=\"https:\/\/www.radiopiu.net\/wordpress\/wp-content\/uploads\/2020\/12\/131891226_407713823611186_564095034787746702_n-150x150.jpg\" class=\"attachment-thumbnail size-thumbnail\" alt=\"\" \/><\/a>\n\t\t\t\t<\/dt><\/dl><dl class='gallery-item'>\n\t\t\t\t<dt class='gallery-icon portrait'>\n\t\t\t\t\t<a class=\"rollover rollover-zoom dt-pswp-item\" title=\"131890742_716605845942600_5615521382154546251_n\" data-dt-img-description=\"\" data-large_image_width=\"162\" data-large_image_height=\"238\"href='https:\/\/www.radiopiu.net\/wordpress\/wp-content\/uploads\/2020\/12\/131890742_716605845942600_5615521382154546251_n.jpg'><img loading=\"lazy\" decoding=\"async\" width=\"150\" height=\"150\" src=\"https:\/\/www.radiopiu.net\/wordpress\/wp-content\/uploads\/2020\/12\/131890742_716605845942600_5615521382154546251_n-150x150.jpg\" class=\"attachment-thumbnail size-thumbnail\" alt=\"\" \/><\/a>\n\t\t\t\t<\/dt><\/dl><dl class='gallery-item'>\n\t\t\t\t<dt class='gallery-icon portrait'>\n\t\t\t\t\t<a class=\"rollover rollover-zoom dt-pswp-item\" title=\"131895929_788363108560805_1666008645186093873_n\" data-dt-img-description=\"\" data-large_image_width=\"420\" data-large_image_height=\"565\"href='https:\/\/www.radiopiu.net\/wordpress\/wp-content\/uploads\/2020\/12\/131895929_788363108560805_1666008645186093873_n.jpg'><img loading=\"lazy\" decoding=\"async\" width=\"150\" height=\"150\" src=\"https:\/\/www.radiopiu.net\/wordpress\/wp-content\/uploads\/2020\/12\/131895929_788363108560805_1666008645186093873_n-150x150.jpg\" class=\"attachment-thumbnail size-thumbnail\" alt=\"\" \/><\/a>\n\t\t\t\t<\/dt><\/dl><br style=\"clear: both\" \/>\n\t\t\t<\/div>\n\n<p>NELLE FOTO: (Comune di Ponte nelle Alpi, Wikipedia, Hippost card, Google): la casa natale di Silvestro a Polpet di Ponte nelle Alpi; il padre ed i due figli in una cartolina; Arrigo; Camillo; un\u2019opera di Silvestro; Le Poste italiane hanno ricordato Arrigo Boito con un francobollo.<\/p>\n<p>&nbsp;<\/p>\n<p>&nbsp;<\/p>\n<hr \/>\n<p>&nbsp;<\/p>\n<blockquote>\n<h2>SALUTE E SOCIETA&#8217; IL LUNEDI ALLE 13.10 E ALLE 20.10, LA DOMENICA ALLE 10.30 A CURA DEL DOTTOR MARCO CARACCIOLO. QUINTA STAGIONE<\/h2>\n<\/blockquote>\n<h2><span style=\"color: #ff0000;\"><a href=\"https:\/\/www.radiopiu.net\/wordpress\/giornale-radiopiu-15-dicembre-2020-direttore-mirko-mezzacasa\/doctor-woman-medicine-medical-lens-correction-hospital-treatment-patient-optic-eyes-healthcare_t20_4bvakl-300x200\/\" rel=\"attachment wp-att-179398\"><img loading=\"lazy\" decoding=\"async\" class=\"wp-image-179398 alignleft\" src=\"https:\/\/www.radiopiu.net\/wordpress\/wp-content\/uploads\/2020\/12\/doctor-woman-medicine-medical-lens-correction-hospital-treatment-patient-optic-eyes-healthcare_t20_4bVakl-300x200-1.jpg\" alt=\"\" width=\"197\" height=\"131\" \/><\/a>LA PUNTATA DI LUNEDI&#8217;<\/span><\/h2>\n<p>In questa edizione: Sono sette le organizzazioni civiche confluite nell\u2019Alleanza per l\u2019Equit\u00e0 di Accesso alle Cure per le Malattie Oculari, grazie anche al supporto dell\u2019Agenzia Internazionale per la Prevenzione della Cecit\u00e0 \u2013 IAPB Italia Onlus. Filippo Cruciani, Referente scientifico IAPB Italia Onlus La dottoressa Teresa Petrangolini, Coordinatrice dell\u2019alleanza associazioni-pazienti Edoardo Midena, Segretario generale della Societ\u00e0 Italiana della Retina<\/p>\n<audio class=\"wp-audio-shortcode\" id=\"audio-179789-14\" preload=\"none\" style=\"width: 100%;\" controls=\"controls\"><source type=\"audio\/mpeg\" src=\"https:\/\/www.radiopiu.net\/wordpress\/wp-content\/uploads\/2020\/12\/SALUTE-2.mp3?_=14\" \/><a href=\"https:\/\/www.radiopiu.net\/wordpress\/wp-content\/uploads\/2020\/12\/SALUTE-2.mp3\">https:\/\/www.radiopiu.net\/wordpress\/wp-content\/uploads\/2020\/12\/SALUTE-2.mp3<\/a><\/audio>\n<h3><\/h3>\n<h3>LA RACCOLTA COMPLETA<\/h3>\n<blockquote class=\"wp-embedded-content\" data-secret=\"K0s19ddWNk\"><p><a href=\"https:\/\/www.radiopiu.net\/wordpress\/saluteesocieta\/\">Salute e Societ\u00e0<\/a><\/p><\/blockquote>\n<p><iframe loading=\"lazy\" class=\"wp-embedded-content\" sandbox=\"allow-scripts\" security=\"restricted\" style=\"position: absolute; clip: rect(1px, 1px, 1px, 1px);\" title=\"&#8220;Salute e Societ\u00e0&#8221; &#8212; Radio Pi\u00f9\" src=\"https:\/\/www.radiopiu.net\/wordpress\/saluteesocieta\/embed\/#?secret=K0s19ddWNk\" data-secret=\"K0s19ddWNk\" width=\"600\" height=\"338\" frameborder=\"0\" marginwidth=\"0\" marginheight=\"0\" scrolling=\"no\"><\/iframe><\/p>\n<p>&nbsp;<\/p>\n<p>&nbsp;<\/p>\n<hr \/>\n<p>&nbsp;<\/p>\n<h2><span style=\"color: #ff0000;\"><strong>IERI ALLA RADIO<\/strong><\/span><\/h2>\n<h3>I RACCONTI DI NATALE, DI LUISA ALCHINI<\/h3>\n<p><a href=\"https:\/\/www.radiopiu.net\/wordpress\/puntata-03-i-racconti-di-natale\/christmas-1911637__340\/\" rel=\"attachment wp-att-179855\"><img loading=\"lazy\" decoding=\"async\" class=\"size-medium wp-image-179855 alignleft\" src=\"https:\/\/www.radiopiu.net\/wordpress\/wp-content\/uploads\/2020\/12\/christmas-1911637__340-300x200.jpg\" alt=\"\" width=\"300\" height=\"200\" srcset=\"https:\/\/www.radiopiu.net\/wordpress\/wp-content\/uploads\/2020\/12\/christmas-1911637__340-300x200.jpg 300w, https:\/\/www.radiopiu.net\/wordpress\/wp-content\/uploads\/2020\/12\/christmas-1911637__340.jpg 510w\" sizes=\"auto, (max-width: 300px) 100vw, 300px\" \/><\/a><\/p>\n<h2><\/h2>\n<h2><\/h2>\n<h2><\/h2>\n<h2>TUTTI I GIORNI ALLE 9 E ALLE 18<\/h2>\n<p>&nbsp;<\/p>\n<p>&nbsp;<\/p>\n<p>PUNTATA 03<\/p>\n<audio class=\"wp-audio-shortcode\" id=\"audio-179789-15\" preload=\"none\" style=\"width: 100%;\" controls=\"controls\"><source type=\"audio\/mpeg\" src=\"https:\/\/www.radiopiu.net\/wordpress\/wp-content\/uploads\/2020\/12\/LU-PAER_CASA.mp3?_=15\" \/><a href=\"https:\/\/www.radiopiu.net\/wordpress\/wp-content\/uploads\/2020\/12\/LU-PAER_CASA.mp3\">https:\/\/www.radiopiu.net\/wordpress\/wp-content\/uploads\/2020\/12\/LU-PAER_CASA.mp3<\/a><\/audio>\n<p>&nbsp;<\/p>\n<h1>LA RACCOLTA COMPLETA<\/h1>\n<blockquote class=\"wp-embedded-content\" data-secret=\"5xK5lmNC0I\"><p><a href=\"https:\/\/www.radiopiu.net\/wordpress\/i-racconti-di-natale-di-luisa-alchini\/\">I racconti di Natale di Luisa Alchini<\/a><\/p><\/blockquote>\n<p><iframe loading=\"lazy\" class=\"wp-embedded-content\" sandbox=\"allow-scripts\" security=\"restricted\" style=\"position: absolute; clip: rect(1px, 1px, 1px, 1px);\" title=\"&#8220;I racconti di Natale di Luisa Alchini&#8221; &#8212; Radio Pi\u00f9\" src=\"https:\/\/www.radiopiu.net\/wordpress\/i-racconti-di-natale-di-luisa-alchini\/embed\/#?secret=5xK5lmNC0I\" data-secret=\"5xK5lmNC0I\" width=\"600\" height=\"338\" frameborder=\"0\" marginwidth=\"0\" marginheight=\"0\" scrolling=\"no\"><\/iframe><\/p>\n<p>&nbsp;<\/p>\n<p>&nbsp;<\/p>\n<hr \/>\n<p>&nbsp;<\/p>\n<div class=\"im_message_wrap clearfix\">\n<div class=\"im_content_message_wrap im_message_out\">\n<h2><span style=\"color: #ff0000;\">IERI ALLA RADIO\u00a0 IN VIVO VERSO 2020-21<\/span><\/h2>\n<p><strong><span style=\"color: #0000ff;\">IN ONDA DAL LUNEDI AL VENERDI ALLE 7.10, 10.10, 18.50 I PROTAGONISTI DI QUESTA SETTIMANA: <\/span><span style=\"color: #0000ff;\"><span style=\"color: #000000;\"><span class=\"d2edcug0 hpfvmrgz qv66sw1b c1et5uql rrkovp55 a8c37x1j keod5gw0 nxhoafnm aigsh9s9 d3f4x2em fe6kdd0r mau55g9w c8b282yb iv3no6db jq4qci2q a3bd9o3v knj5qynh oo9gr5id hzawbc8m\" dir=\"auto\">Quattro donne e un uomo, una settimana che raggiunge e tocca corde profonde &#8230; mi sono molto emozionata a leggervi , care <\/span><\/span><\/span><\/strong>Lorella De Bon<strong><span style=\"color: #0000ff;\"><span style=\"color: #000000;\"><span class=\"d2edcug0 hpfvmrgz qv66sw1b c1et5uql rrkovp55 a8c37x1j keod5gw0 nxhoafnm aigsh9s9 d3f4x2em fe6kdd0r mau55g9w c8b282yb iv3no6db jq4qci2q a3bd9o3v knj5qynh oo9gr5id hzawbc8m\" dir=\"auto\">, <\/span><\/span><\/span><\/strong>Michela MagicMiki Epifani<strong><span style=\"color: #0000ff;\"><span style=\"color: #000000;\"><span class=\"d2edcug0 hpfvmrgz qv66sw1b c1et5uql rrkovp55 a8c37x1j keod5gw0 nxhoafnm aigsh9s9 d3f4x2em fe6kdd0r mau55g9w c8b282yb iv3no6db jq4qci2q a3bd9o3v knj5qynh oo9gr5id hzawbc8m\" dir=\"auto\">, <\/span><\/span><\/span><\/strong>Lu Paer<span style=\"color: #0000ff;\"><span style=\"color: #000000;\"><span class=\"d2edcug0 hpfvmrgz qv66sw1b c1et5uql rrkovp55 a8c37x1j keod5gw0 nxhoafnm aigsh9s9 d3f4x2em fe6kdd0r mau55g9w c8b282yb iv3no6db jq4qci2q a3bd9o3v knj5qynh oo9gr5id hzawbc8m\" dir=\"auto\"> e Rosalina Pianezze.. e la voce di <\/span><\/span><\/span>Giuseppe Terracciano\u00a0<span style=\"color: #0000ff;\"><span style=\"color: #000000;\"><span class=\"d2edcug0 hpfvmrgz qv66sw1b c1et5uql rrkovp55 a8c37x1j keod5gw0 nxhoafnm aigsh9s9 d3f4x2em fe6kdd0r mau55g9w c8b282yb iv3no6db jq4qci2q a3bd9o3v knj5qynh oo9gr5id hzawbc8m\" dir=\"auto\"> chiuder\u00e0 in bellezza questi momenti che voi poeti sempre ci regalate&#8230;grazie, da Brunella<\/span><\/span><\/span><\/p>\n<blockquote class=\"wp-embedded-content\" data-secret=\"9vt498NhwD\"><p><a href=\"https:\/\/www.radiopiu.net\/wordpress\/casa-di-lu-paer-2\/\">CASA di LU PAER<\/a><\/p><\/blockquote>\n<p><iframe loading=\"lazy\" class=\"wp-embedded-content\" sandbox=\"allow-scripts\" security=\"restricted\" style=\"position: absolute; clip: rect(1px, 1px, 1px, 1px);\" title=\"&#8220;CASA di LU PAER&#8221; &#8212; Radio Pi\u00f9\" src=\"https:\/\/www.radiopiu.net\/wordpress\/casa-di-lu-paer-2\/embed\/#?secret=9vt498NhwD\" data-secret=\"9vt498NhwD\" width=\"600\" height=\"338\" frameborder=\"0\" marginwidth=\"0\" marginheight=\"0\" scrolling=\"no\"><\/iframe><\/p>\n<\/div>\n<\/div>\n<h1><strong><span style=\"font-family: Verdana, sans-serif;\"><span style=\"font-size: medium;\">LA RACCOLTA COMPLETA, TUTTE LE COLLEZIONI<\/span><\/span><\/strong><\/h1>\n<blockquote class=\"wp-embedded-content\" data-secret=\"KnhknlyEJX\"><p><a href=\"https:\/\/www.radiopiu.net\/wordpress\/in-vivo-verso\/\">In Vivo Verso<\/a><\/p><\/blockquote>\n<p><iframe loading=\"lazy\" class=\"wp-embedded-content\" sandbox=\"allow-scripts\" security=\"restricted\" style=\"position: absolute; clip: rect(1px, 1px, 1px, 1px);\" title=\"&#8220;In Vivo Verso&#8221; &#8212; Radio Pi\u00f9\" src=\"https:\/\/www.radiopiu.net\/wordpress\/in-vivo-verso\/embed\/#?secret=KnhknlyEJX\" data-secret=\"KnhknlyEJX\" width=\"600\" height=\"338\" frameborder=\"0\" marginwidth=\"0\" marginheight=\"0\" scrolling=\"no\"><\/iframe><\/p>\n<hr \/>\n<p>&nbsp;<\/p>\n<h2>007 IN CONDOTTA CON LA PROF. MARIA ROSA SALMAZO IL LUNEDI ALLE 10,30 E ALLE 19.00 LA DOMENICA ALLE 8 DEL MATTINO. NONA STAGIONE<\/h2>\n<p><strong><a href=\"https:\/\/www.radiopiu.net\/wordpress\/vacanze-diverse\/little-girl-drawing-and-coloring\/\" rel=\"attachment wp-att-179329\"><img loading=\"lazy\" decoding=\"async\" class=\"wp-image-179329 alignleft\" src=\"https:\/\/www.radiopiu.net\/wordpress\/wp-content\/uploads\/2020\/12\/natale-scuola-300x200.jpg\" alt=\"\" width=\"149\" height=\"99\" srcset=\"https:\/\/www.radiopiu.net\/wordpress\/wp-content\/uploads\/2020\/12\/natale-scuola-300x200.jpg 300w, https:\/\/www.radiopiu.net\/wordpress\/wp-content\/uploads\/2020\/12\/natale-scuola.jpg 626w\" sizes=\"auto, (max-width: 149px) 100vw, 149px\" \/><\/a>LA PUNTATA DELLA SETTIMANA<\/strong><\/p>\n<h3>Vacanze diverse audio<\/h3>\n<p><strong>AUDIO<\/strong><\/p>\n<audio class=\"wp-audio-shortcode\" id=\"audio-179789-16\" preload=\"none\" style=\"width: 100%;\" controls=\"controls\"><source type=\"audio\/mpeg\" src=\"https:\/\/www.radiopiu.net\/wordpress\/wp-content\/uploads\/2020\/12\/007-condotta-14-dicembre.mp3?_=16\" \/><a href=\"https:\/\/www.radiopiu.net\/wordpress\/wp-content\/uploads\/2020\/12\/007-condotta-14-dicembre.mp3\">https:\/\/www.radiopiu.net\/wordpress\/wp-content\/uploads\/2020\/12\/007-condotta-14-dicembre.mp3<\/a><\/audio>\n<h2><\/h2>\n<h2>LA RACCOLTA COMPLETA<\/h2>\n<blockquote class=\"wp-embedded-content\" data-secret=\"ZAIuKfvWLq\"><p><a href=\"https:\/\/www.radiopiu.net\/wordpress\/007incondotta-9\/\">007 in condotta<\/a><\/p><\/blockquote>\n<p><iframe loading=\"lazy\" class=\"wp-embedded-content\" sandbox=\"allow-scripts\" security=\"restricted\" style=\"position: absolute; clip: rect(1px, 1px, 1px, 1px);\" title=\"&#8220;007 in condotta&#8221; &#8212; Radio Pi\u00f9\" src=\"https:\/\/www.radiopiu.net\/wordpress\/007incondotta-9\/embed\/#?secret=ZAIuKfvWLq\" data-secret=\"ZAIuKfvWLq\" width=\"600\" height=\"338\" frameborder=\"0\" marginwidth=\"0\" marginheight=\"0\" scrolling=\"no\"><\/iframe><\/p>\n<p>&nbsp;<\/p>\n<p>&nbsp;<\/p>\n<hr \/>\n<blockquote>\n<h2><\/h2>\n<h2>FANTASTICHE DOLOMITI, NUOVA STAGIONE. APPUNTAMENTO QUINDICINALE IL GIOVEDI ALLE 10.30 E 1900<\/h2>\n<\/blockquote>\n<h1>LA RACCOLTA COMPLETA<\/h1>\n<blockquote class=\"wp-embedded-content\" data-secret=\"b2B9tl6aEi\"><p><a href=\"https:\/\/www.radiopiu.net\/wordpress\/https-wp-me-p63lo7-gyg\/\">FANTASTICHE DOLOMITI: IL QUINDICINALE APPUNTAMENTO ALLA RADIO<\/a><\/p><\/blockquote>\n<p><iframe loading=\"lazy\" class=\"wp-embedded-content\" sandbox=\"allow-scripts\" security=\"restricted\" style=\"position: absolute; clip: rect(1px, 1px, 1px, 1px);\" title=\"&#8220;FANTASTICHE DOLOMITI: IL QUINDICINALE APPUNTAMENTO ALLA RADIO&#8221; &#8212; Radio Pi\u00f9\" src=\"https:\/\/www.radiopiu.net\/wordpress\/https-wp-me-p63lo7-gyg\/embed\/#?secret=b2B9tl6aEi\" data-secret=\"b2B9tl6aEi\" width=\"600\" height=\"338\" frameborder=\"0\" marginwidth=\"0\" marginheight=\"0\" scrolling=\"no\"><\/iframe><\/p>\n<div class=\"mw-parser-output\">\n<p>&nbsp;<\/p>\n<\/div>\n<p>&nbsp;<\/p>\n<hr \/>\n<p>&nbsp;<\/p>\n<blockquote>\n<h2><a href=\"https:\/\/www.radiopiu.net\/wordpress\/speciale-solidarieta-veneto\/solidarieta-veneto-3\/\" rel=\"attachment wp-att-134366\"><img loading=\"lazy\" decoding=\"async\" class=\"wp-image-134366 alignleft\" src=\"https:\/\/www.radiopiu.net\/wordpress\/wp-content\/uploads\/2020\/05\/solidariet\u00e0-veneto-300x210.jpg\" alt=\"\" width=\"179\" height=\"125\" srcset=\"https:\/\/www.radiopiu.net\/wordpress\/wp-content\/uploads\/2020\/05\/solidariet\u00e0-veneto-300x210.jpg 300w, https:\/\/www.radiopiu.net\/wordpress\/wp-content\/uploads\/2020\/05\/solidariet\u00e0-veneto-1024x717.jpg 1024w, https:\/\/www.radiopiu.net\/wordpress\/wp-content\/uploads\/2020\/05\/solidariet\u00e0-veneto-768x538.jpg 768w, https:\/\/www.radiopiu.net\/wordpress\/wp-content\/uploads\/2020\/05\/solidariet\u00e0-veneto.jpg 1373w\" sizes=\"auto, (max-width: 179px) 100vw, 179px\" \/><\/a>SOLIDARIETA&#8217; VENETO FONDO PENSIONE, IN ONDA IL PRIMO VENERDI DEL MESE ALLE 10.30 E ALLE 19.00 QUINTA STAGIONE<\/h2>\n<h2>RACCOLTA COMPLETA<\/h2>\n<\/blockquote>\n<blockquote class=\"wp-embedded-content\" data-secret=\"04G7ZxV3Nv\"><p><a href=\"https:\/\/www.radiopiu.net\/wordpress\/solidarieta-veneto\/\">Solidariet\u00e0 Veneto<\/a><\/p><\/blockquote>\n<p><iframe loading=\"lazy\" class=\"wp-embedded-content\" sandbox=\"allow-scripts\" security=\"restricted\" style=\"position: absolute; clip: rect(1px, 1px, 1px, 1px);\" title=\"&#8220;Solidariet\u00e0 Veneto&#8221; &#8212; Radio Pi\u00f9\" src=\"https:\/\/www.radiopiu.net\/wordpress\/solidarieta-veneto\/embed\/#?secret=04G7ZxV3Nv\" data-secret=\"04G7ZxV3Nv\" width=\"600\" height=\"338\" frameborder=\"0\" marginwidth=\"0\" marginheight=\"0\" scrolling=\"no\"><\/iframe><\/p>\n<p>&nbsp;<\/p>\n<p>&nbsp;<\/p>\n<hr \/>\n<p>&nbsp;<\/p>\n<h2><span style=\"color: #808000;\">DUE MINUTI UN LIBRO\u00a0 TUTTI I GIORNI ALLA RADIO ALLE 9.30 E ALLE 18. QUINTA STAGIONE\u00a0 \u00a0\u00a0<\/span><\/h2>\n<blockquote class=\"wp-embedded-content\" data-secret=\"k7A8pHZfU2\"><p><a href=\"https:\/\/www.radiopiu.net\/wordpress\/la-formula-per-la-felicita\/\">LA FORMULA PER LA FELICITA&#8217;<\/a><\/p><\/blockquote>\n<p><iframe loading=\"lazy\" class=\"wp-embedded-content\" sandbox=\"allow-scripts\" security=\"restricted\" style=\"position: absolute; clip: rect(1px, 1px, 1px, 1px);\" title=\"&#8220;LA FORMULA PER LA FELICITA&#8217;&#8221; &#8212; Radio Pi\u00f9\" src=\"https:\/\/www.radiopiu.net\/wordpress\/la-formula-per-la-felicita\/embed\/#?secret=k7A8pHZfU2\" data-secret=\"k7A8pHZfU2\" width=\"600\" height=\"338\" frameborder=\"0\" marginwidth=\"0\" marginheight=\"0\" scrolling=\"no\"><\/iframe><\/p>\n<h2>LA RACCOLTA COMPLETA<\/h2>\n<blockquote class=\"wp-embedded-content\" data-secret=\"PftLoSz6Ol\"><p><a href=\"https:\/\/www.radiopiu.net\/wordpress\/due-minuti-un-libro\/\">Due minuti un libro<\/a><\/p><\/blockquote>\n<p><iframe loading=\"lazy\" class=\"wp-embedded-content\" sandbox=\"allow-scripts\" security=\"restricted\" style=\"position: absolute; clip: rect(1px, 1px, 1px, 1px);\" title=\"&#8220;Due minuti un libro&#8221; &#8212; Radio Pi\u00f9\" src=\"https:\/\/www.radiopiu.net\/wordpress\/due-minuti-un-libro\/embed\/#?secret=PftLoSz6Ol\" data-secret=\"PftLoSz6Ol\" width=\"600\" height=\"338\" frameborder=\"0\" marginwidth=\"0\" marginheight=\"0\" scrolling=\"no\"><\/iframe><\/p>\n<p>&nbsp;<\/p>\n<hr \/>\n<p>&nbsp;<\/p>\n<blockquote>\n<h2>CASSA SOLIDARIET\u00c0 LUXOTTICA &#8211; PUNTATA DEL 20 NOVEMBRE 2020<\/h2>\n<h2>RACCOLTA COMPLETA<\/h2>\n<\/blockquote>\n<blockquote class=\"wp-embedded-content\" data-secret=\"YRieYwPOLD\"><p><a href=\"https:\/\/www.radiopiu.net\/wordpress\/cassa-solidarieta-luxottica-puntata-del-16-ottobre-2020\/\">CASSA SOLIDARIET\u00c0 LUXOTTICA &#8211; PUNTATA DEL 20 NOVEMBRE 2020<\/a><\/p><\/blockquote>\n<p><iframe loading=\"lazy\" class=\"wp-embedded-content\" sandbox=\"allow-scripts\" security=\"restricted\" style=\"position: absolute; clip: rect(1px, 1px, 1px, 1px);\" title=\"&#8220;CASSA SOLIDARIET\u00c0 LUXOTTICA &#8211; PUNTATA DEL 20 NOVEMBRE 2020&#8221; &#8212; Radio Pi\u00f9\" src=\"https:\/\/www.radiopiu.net\/wordpress\/cassa-solidarieta-luxottica-puntata-del-16-ottobre-2020\/embed\/#?secret=YRieYwPOLD\" data-secret=\"YRieYwPOLD\" width=\"600\" height=\"338\" frameborder=\"0\" marginwidth=\"0\" marginheight=\"0\" scrolling=\"no\"><\/iframe><\/p>\n<p>&nbsp;<\/p>\n<p>&nbsp;<\/p>\n<div>\n<p>&nbsp;<\/p>\n<hr \/>\n<p>&nbsp;<\/p>\n<h2><span style=\"color: #800080;\"><strong>LA RASSEGNA STAMPA DA L&#8217;AMICO DEL POPOLO<\/strong><\/span><\/h2>\n<p><strong>LA RACCOLTA COMPLETA<\/strong><\/p>\n<blockquote class=\"wp-embedded-content\" data-secret=\"db530KOjaX\"><p><a href=\"https:\/\/www.radiopiu.net\/wordpress\/rassegna-stampa-di-gianni-santomaso\/\">Rassegna stampa da l&#8217;amico del popolo &#8211; di Gianni Santomaso<\/a><\/p><\/blockquote>\n<p><iframe loading=\"lazy\" class=\"wp-embedded-content\" sandbox=\"allow-scripts\" security=\"restricted\" style=\"position: absolute; clip: rect(1px, 1px, 1px, 1px);\" title=\"&#8220;Rassegna stampa da l&#8217;amico del popolo &#8211; di Gianni Santomaso&#8221; &#8212; Radio Pi\u00f9\" src=\"https:\/\/www.radiopiu.net\/wordpress\/rassegna-stampa-di-gianni-santomaso\/embed\/#?secret=db530KOjaX\" data-secret=\"db530KOjaX\" width=\"600\" height=\"338\" frameborder=\"0\" marginwidth=\"0\" marginheight=\"0\" scrolling=\"no\"><\/iframe><\/p>\n<p>&nbsp;<\/p>\n<p>&nbsp;<\/p>\n<p>&nbsp;<\/p>\n<hr \/>\n<p>&nbsp;<\/p>\n<div>\n<h2><span style=\"color: #33cccc;\">I RACCONTI DI PAOLO SOPPELSA il lunedi alle 9.30 e 18.30<\/span><\/h2>\n<h2><span style=\"color: #33cccc;\"><strong>RACCOLTA COMPLETA<\/strong><\/span><\/h2>\n<blockquote class=\"wp-embedded-content\" data-secret=\"dM1ozwzQze\"><p><a href=\"https:\/\/www.radiopiu.net\/wordpress\/i-racconti-di-paolo-soppelsa\/\">I racconti di Paolo Soppelsa<\/a><\/p><\/blockquote>\n<p><iframe loading=\"lazy\" class=\"wp-embedded-content\" sandbox=\"allow-scripts\" security=\"restricted\" style=\"position: absolute; clip: rect(1px, 1px, 1px, 1px);\" title=\"&#8220;I racconti di Paolo Soppelsa&#8221; &#8212; Radio Pi\u00f9\" src=\"https:\/\/www.radiopiu.net\/wordpress\/i-racconti-di-paolo-soppelsa\/embed\/#?secret=dM1ozwzQze\" data-secret=\"dM1ozwzQze\" width=\"600\" height=\"338\" frameborder=\"0\" marginwidth=\"0\" marginheight=\"0\" scrolling=\"no\"><\/iframe><\/p>\n<\/div>\n<p>&nbsp;<\/p>\n<hr \/>\n<p>&nbsp;<\/p>\n<div>\n<p>&nbsp;<\/p>\n<h2><strong>LE\u00a0 PUNTATE di Luisa Alchini di Leggermente Bellunesi, la domenica alle 11, il martedi alle 10.30 e alle 19.00<\/strong><\/h2>\n<h2><span style=\"color: #ff0000;\"><a href=\"https:\/\/www.radiopiu.net\/wordpress\/giornale-radiopiu-16-dicembre-2020-direttore-mirko-mezzacasa\/131185031_1545068962347832_5114746338855923277_o\/\" rel=\"attachment wp-att-179693\"><img loading=\"lazy\" decoding=\"async\" class=\"wp-image-179693 alignleft\" src=\"https:\/\/www.radiopiu.net\/wordpress\/wp-content\/uploads\/2020\/12\/131185031_1545068962347832_5114746338855923277_o-215x300.jpg\" alt=\"\" width=\"162\" height=\"226\" srcset=\"https:\/\/www.radiopiu.net\/wordpress\/wp-content\/uploads\/2020\/12\/131185031_1545068962347832_5114746338855923277_o-215x300.jpg 215w, https:\/\/www.radiopiu.net\/wordpress\/wp-content\/uploads\/2020\/12\/131185031_1545068962347832_5114746338855923277_o.jpg 515w\" sizes=\"auto, (max-width: 162px) 100vw, 162px\" \/><\/a><\/span><\/h2>\n<h2><\/h2>\n<h2><\/h2>\n<h2><\/h2>\n<h2><span style=\"color: #ff0000;\">QUESTA SETTIMANA<\/span><\/h2>\n<p><strong>Angelo Torrassa<\/strong><\/p>\n<p>&nbsp;<\/p>\n<audio class=\"wp-audio-shortcode\" id=\"audio-179789-17\" preload=\"none\" style=\"width: 100%;\" controls=\"controls\"><source type=\"audio\/mpeg\" src=\"https:\/\/www.radiopiu.net\/wordpress\/wp-content\/uploads\/2020\/12\/10leggermenteangelotorrassa2020.mp3?_=17\" \/><a href=\"https:\/\/www.radiopiu.net\/wordpress\/wp-content\/uploads\/2020\/12\/10leggermenteangelotorrassa2020.mp3\">https:\/\/www.radiopiu.net\/wordpress\/wp-content\/uploads\/2020\/12\/10leggermenteangelotorrassa2020.mp3<\/a><\/audio>\n<p>&nbsp;<\/p>\n<p><span style=\"color: #000000;\">RACCOLTA COMPLETA<\/span><\/p>\n<\/div>\n<blockquote class=\"wp-embedded-content\" data-secret=\"8U9IQBsNta\"><p><a href=\"https:\/\/www.radiopiu.net\/wordpress\/leggermente-20\/\">LEGGERmente&#8230;Bellunesi<\/a><\/p><\/blockquote>\n<p><iframe loading=\"lazy\" class=\"wp-embedded-content\" sandbox=\"allow-scripts\" security=\"restricted\" style=\"position: absolute; clip: rect(1px, 1px, 1px, 1px);\" title=\"&#8220;LEGGERmente&#8230;Bellunesi&#8221; &#8212; Radio Pi\u00f9\" src=\"https:\/\/www.radiopiu.net\/wordpress\/leggermente-20\/embed\/#?secret=8U9IQBsNta\" data-secret=\"8U9IQBsNta\" width=\"600\" height=\"338\" frameborder=\"0\" marginwidth=\"0\" marginheight=\"0\" scrolling=\"no\"><\/iframe><\/p>\n<hr \/>\n<p>&nbsp;<\/p>\n<blockquote>\n<h3>L&#8217;ALMANACCO LADINO CON L&#8217;ISTITUT CESA DE JAN QUINDICINALE APPUNTAMENTO. LA DOMENICA ALLE 9 IL LUNEDI ALLE 8.35 IL MARTEDI ALLE 12.35 IL MERCOLEDI ALLE 18.35. SECONDA STAGIONE.<\/h3>\n<\/blockquote>\n<p><strong>RACCOLTA COMPLETA\u00a0<\/strong><\/p>\n<blockquote class=\"wp-embedded-content\" data-secret=\"1q2XQ5weuu\"><p><a href=\"https:\/\/www.radiopiu.net\/wordpress\/almanacco-ladino\/\">Almanacco Ladino<\/a><\/p><\/blockquote>\n<p><iframe loading=\"lazy\" class=\"wp-embedded-content\" sandbox=\"allow-scripts\" security=\"restricted\" style=\"position: absolute; clip: rect(1px, 1px, 1px, 1px);\" title=\"&#8220;Almanacco Ladino&#8221; &#8212; Radio Pi\u00f9\" src=\"https:\/\/www.radiopiu.net\/wordpress\/almanacco-ladino\/embed\/#?secret=1q2XQ5weuu\" data-secret=\"1q2XQ5weuu\" width=\"600\" height=\"338\" frameborder=\"0\" marginwidth=\"0\" marginheight=\"0\" scrolling=\"no\"><\/iframe><\/p>\n<p>&nbsp;<\/p>\n<\/div>\n<hr \/>\n<div>\n<h2><span style=\"color: #000080;\"><a class=\"dt-pswp-item\" href=\"https:\/\/www.radiopiu.net\/wordpress\/wp-content\/uploads\/2020\/10\/pp.jpg\" data-dt-img-description=\"\" data-large_image_width=\"640\" data-large_image_height=\"640\"><img loading=\"lazy\" decoding=\"async\" class=\"wp-image-163678 alignleft\" src=\"https:\/\/www.radiopiu.net\/wordpress\/wp-content\/uploads\/2020\/10\/pp-300x300.jpg\" alt=\"\" width=\"106\" height=\"106\" srcset=\"https:\/\/www.radiopiu.net\/wordpress\/wp-content\/uploads\/2020\/10\/pp-300x300.jpg 300w, https:\/\/www.radiopiu.net\/wordpress\/wp-content\/uploads\/2020\/10\/pp-150x150.jpg 150w, https:\/\/www.radiopiu.net\/wordpress\/wp-content\/uploads\/2020\/10\/pp-125x125.jpg 125w, https:\/\/www.radiopiu.net\/wordpress\/wp-content\/uploads\/2020\/10\/pp-200x200.jpg 200w, https:\/\/www.radiopiu.net\/wordpress\/wp-content\/uploads\/2020\/10\/pp-80x80.jpg 80w, https:\/\/www.radiopiu.net\/wordpress\/wp-content\/uploads\/2020\/10\/pp-480x480.jpg 480w, https:\/\/www.radiopiu.net\/wordpress\/wp-content\/uploads\/2020\/10\/pp.jpg 640w\" sizes=\"auto, (max-width: 106px) 100vw, 106px\" \/><\/a> <\/span><\/h2>\n<h2><span style=\"color: #000080;\">DON CESARE, IL PENSIERO DEL GIORNO. ALLA RADIO ALLE 7 DEL MATTINO E ALLE 19.30 DELLA SERA.\u00a0\u00a0<\/span><\/h2>\n<\/div>\n<p>&nbsp;<\/p>\n<p>&nbsp;<\/p>\n<p>&nbsp;<\/p>\n<audio class=\"wp-audio-shortcode\" id=\"audio-179789-18\" preload=\"none\" style=\"width: 100%;\" controls=\"controls\"><source type=\"audio\/mpeg\" src=\"https:\/\/www.radiopiu.net\/wordpress\/wp-content\/uploads\/2020\/12\/CESARE-10.mp3?_=18\" \/><a href=\"https:\/\/www.radiopiu.net\/wordpress\/wp-content\/uploads\/2020\/12\/CESARE-10.mp3\">https:\/\/www.radiopiu.net\/wordpress\/wp-content\/uploads\/2020\/12\/CESARE-10.mp3<\/a><\/audio>\n<p>&nbsp;<\/p>\n<hr \/>\n<p>&nbsp;<\/p>\n<div>\n<p class=\"photoswipe-wrapper\"><a class=\"dt-pswp-item pspw-wrap-ready\" href=\"https:\/\/i0.wp.com\/www.radiopiu.net\/wordpress\/wp-content\/uploads\/2018\/09\/viabilita.jpeg?ssl=1\" data-dt-img-description=\"\" data-large_image_width=\"800\" data-large_image_height=\"100\"><img loading=\"lazy\" decoding=\"async\" class=\"aligncenter wp-image-61954 size-full\" src=\"https:\/\/i0.wp.com\/www.radiopiu.net\/wordpress\/wp-content\/uploads\/2018\/09\/viabilita.jpeg?resize=800%2C100&amp;ssl=1\" sizes=\"auto, (max-width: 800px) 100vw, 800px\" srcset=\"https:\/\/i0.wp.com\/www.radiopiu.net\/wordpress\/wp-content\/uploads\/2018\/09\/viabilita.jpeg?w=800&amp;ssl=1 800w, https:\/\/i0.wp.com\/www.radiopiu.net\/wordpress\/wp-content\/uploads\/2018\/09\/viabilita.jpeg?resize=300%2C38&amp;ssl=1 300w, https:\/\/i0.wp.com\/www.radiopiu.net\/wordpress\/wp-content\/uploads\/2018\/09\/viabilita.jpeg?resize=768%2C96&amp;ssl=1 768w\" alt=\"\" width=\"800\" height=\"100\" \/><\/a><\/p>\n<\/div>\n<p>&nbsp;<\/p>\n<p><strong>SP 5 DI LAMOSANO<\/strong> Fino al 23 dicembre senso unico alternato regolato da semaforo in localit\u00e0 Pradebon in comune di Chies D&#8217;Alpago per completamento messa in sicurezza della strada<\/p>\n<p><strong>SP 20 DELLA VAL FIORENTINA<\/strong> fino al 18 dicembre senso unico alternato regolato da semaforo a Selva Di Cadore in localit\u00e0 Solator per sondaggi geognostici<\/p>\n<p><strong>SP 28 DELLE COSTE D&#8217;ALPAGO<\/strong> fino al 31 dicembre, compreso sabato, domenica e festivi infrasettimanali,\u00a0senso unico alternato regolato da semaforo in prossimit\u00e0 dell&#8217;abitato di Farra D&#8217;Alpago per messa in sicurezza della strada<\/p>\n<p><strong>SP 422 DELL&#8217;ALPAGO E DEL CANSIGLIO<\/strong> senso unico alternato regolato da semaforo o movieri tra Bastia e Puos e tra Puos e Cornei dalle 8 alle 19 fino al 23 dicembre esclusi sabato e domenica per posa fibre ottiche<\/p>\n<p><strong>SP 42 CAVALLERA<\/strong> fino a revoca, chiusura della strada nell&#8217;abitato di Perarolo per attivazione emergenza frana &#8220;Busa del Cristo&#8221;<\/p>\n<p><strong>FELTRE<\/strong> Senso unico alternato regolato da movieri per lavori stradali nel tratto di viale Monte Grappa compreso fra incrocio con via Folli ( accesso supermercato Lidl ) e fine cantiere Altanon ( altezza negozio Kiwi Sport ) fino al 23 dicembre<\/p>\n<p><strong>PROVINCIALE 49 MISURINA CONFINE PROVINCIA DI BOLZANO<\/strong>:\u00a0 fino al 22 dicembre (festivi e prefestivi compresi) senso unico alternato con movieri o semafori<\/p>\n<p><strong>S.P.2 DELLA VALLE DEL MIS\u00a0<\/strong>Interdizione totale al traffico fino a revoca dal km 14,920 (localit\u00e0 Gona Bassa) al km 20,650 (localit\u00e0 Titele) per cedimento della carreggiata<\/p>\n<p><strong>S.P. 5 DI LAMOSANO<\/strong>\u00a0Interdizione totale fino a revoca per presenza di materiale e alberi in strada.<\/p>\n<p><strong>S.P. 251 DI VAL DI ZOLDO E VAL CELLINA\u00a0<\/strong>dalla localit\u00e0 Soffranco fino all&#8217;imbocco nord della galleria S. Giovanni interdizione totale al transito per cedimento della carreggiata<\/p>\n<p><strong>SP 3 DELLA VAL IMPERINA<\/strong> fino a revoca, senso unico alternato regolato a vista in localit\u00e0 Gona di Conedera di Rivamonte per cedimento della carreggiata stradale<\/p>\n<p><strong>REGIONALE 203 AGORDINA<\/strong>\u00a0 Fino\u00a0 al 23 dicembre (esclusi festivi e prefestivi) senso unico alternato tra Peron e Candaten con movieri dalle 7.30 alle 9 e dalle 16.30 alle 18. Con semaforo negli altri orari<\/p>\n<div>\n<p>&nbsp;<\/p>\n<hr \/>\n<p>&nbsp;<\/p>\n<p class=\"photoswipe-wrapper\"><a class=\"dt-pswp-item pspw-wrap-ready\" href=\"https:\/\/i0.wp.com\/www.radiopiu.net\/wordpress\/wp-content\/uploads\/2018\/09\/WhatsApp-Image-2018-09-20-at-16.04.06.jpeg?ssl=1\" data-dt-img-description=\"\" data-large_image_width=\"800\" data-large_image_height=\"100\"><img loading=\"lazy\" decoding=\"async\" class=\"aligncenter wp-image-61378 size-full jetpack-lazy-image jetpack-lazy-image--handled\" src=\"https:\/\/i0.wp.com\/www.radiopiu.net\/wordpress\/wp-content\/uploads\/2018\/09\/WhatsApp-Image-2018-09-20-at-16.04.06.jpeg?resize=800%2C100&amp;ssl=1\" sizes=\"auto, (max-width: 800px) 100vw, 800px\" srcset=\"https:\/\/i0.wp.com\/www.radiopiu.net\/wordpress\/wp-content\/uploads\/2018\/09\/WhatsApp-Image-2018-09-20-at-16.04.06.jpeg?w=800&amp;ssl=1 800w, https:\/\/i0.wp.com\/www.radiopiu.net\/wordpress\/wp-content\/uploads\/2018\/09\/WhatsApp-Image-2018-09-20-at-16.04.06.jpeg?resize=300%2C38&amp;ssl=1 300w, https:\/\/i0.wp.com\/www.radiopiu.net\/wordpress\/wp-content\/uploads\/2018\/09\/WhatsApp-Image-2018-09-20-at-16.04.06.jpeg?resize=768%2C96&amp;ssl=1 768w\" alt=\"\" width=\"800\" height=\"100\" data-lazy-loaded=\"1\" \/><\/a><\/p>\n<p>&nbsp;<\/p>\n<p><strong>gioved\u00ec 17.<\/strong> Tempo soleggiato, con cielo leggermente velato da sottili nubi alte, specie tra met\u00e0 mattinata e primo pomeriggio. Eventuali temporanee formazioni di foschie o locali nebbie in Valbelluna nelle ore pi\u00f9 fredde. Ritorno di una clima pi\u00f9 mite in alta quota, per avvezione d&#8217;aria meno fresca e dell&#8217;inversione termica di notte nelle valli, dove la situazione termica almeno quella notturna si manterr\u00e0 tipicamente invernale.<br \/>\n<strong>Precipitazioni.<\/strong> Assenti (0%).<br \/>\n<strong>Temperature.<\/strong> Minime in ripresa in quota, in contenuto calo nelle valli; massime in generale lieve o contenuta ripresa, specie in alta montagna con valori superiori alla norma. Sono previste punte di 6\/9\u00b0C nei fondovalle prealpini e di 3\/5\u00b0C a 1000\/1200 m, meno nei settori in ombra. Su Prealpi a 1500 m min -1\u00b0C max 5\u00b0C, a 2000 m min -2\u00b0C max 4\u00b0C. Su Dolomiti a 2000 m min -1\u00b0C max 5\u00b0C, a 3000 m min -4\u00b0C max 2\u00b0C.<br \/>\n<strong>Venti.<\/strong> Nelle valli generalmente deboli di direzione variabile; in quota moderati da ovest al mattino, deboli\/moderati da sud-ovest al pomeriggio, a 10-25 km\/h sia a 2000 m che a 3000 m.<\/p>\n<p><strong>venerd\u00ec 18.<\/strong> Tempo ancora soleggiato, salvo ulteriori passaggi di cirri o di temporanee foschie nottetempo e al primo mattino nelle valli prealpine.<br \/>\n<strong>Precipitazioni.<\/strong> Assenti.<br \/>\n<strong>Temperature.<\/strong> Minime in contenuta ripresa, massime in lieve calo in alta montagna, generalmente stazionarie nelle valli con moderata inversione termica nelle ore pi\u00f9 fredde. Su Prealpi a 1500 m min 0\u00b0C max 3\u00b0C, a 2000 m min -3\u00b0C max 3\u00b0C. Su Dolomiti a 2000 m min -2\u00b0C max 4\u00b0C, a 3000 m min -5\u00b0C max -1\u00b0C.<br \/>\n<strong>Venti.<\/strong> Nelle valli generalmente deboli di direzione variabile; in quota in prevalenza deboli da sud-ovest a 5-15 km\/h sia a 2000 m che a 3000 m.<\/p>\n<p><strong>sabato 19.<\/strong> Tempo da soleggiato al mattino a parzialmente soleggiato al pomeriggio per graduale aumento della nuvolosit\u00e0, dapprima per nubi alte poi per quelle di tipo stratiforme. Temperature in generale lieve o contenuta diminuzione. Venti moderati o tesi da sud-ovest in quota, deboli di direzione variabile nelle valli, localmente moderati per brezze.<\/p>\n<p><strong>domenica 20.<\/strong> Tempo variabile, con presenza di nuvolosit\u00e0 irregolare su tutte le zone montane, specie sulle zone prealpine centro-occidentali dove saranno probabili delle precipitazioni che, tuttavia, saranno brevi e modeste. Limite delle eventuali nevicate oltre i 900-1200 m sulle Dolomiti e i 1300-1500 m sulle Prealpi. Temperature minime in aumento, massime in contenuta diminuzione. Venti in quota moderati ancora da sud-ovest. Previsore M.Padoan<\/p>\n<p>&nbsp;<\/p>\n<hr \/>\n<p>&nbsp;<\/p>\n<p><a href=\"https:\/\/www.radiopiu.net\/wordpress\/giornale-radiopiu-15-settembre-2018-direttore-mirko-mezzacasa\/sport-7\/\" rel=\"attachment wp-att-60761\"><img loading=\"lazy\" decoding=\"async\" class=\"aligncenter wp-image-60761 size-full\" src=\"https:\/\/www.radiopiu.net\/wordpress\/wp-content\/uploads\/2018\/09\/sport.jpg\" alt=\"\" width=\"800\" height=\"100\" srcset=\"https:\/\/www.radiopiu.net\/wordpress\/wp-content\/uploads\/2018\/09\/sport.jpg 800w, https:\/\/www.radiopiu.net\/wordpress\/wp-content\/uploads\/2018\/09\/sport-300x38.jpg 300w, https:\/\/www.radiopiu.net\/wordpress\/wp-content\/uploads\/2018\/09\/sport-768x96.jpg 768w\" sizes=\"auto, (max-width: 800px) 100vw, 800px\" \/><\/a><\/p>\n<\/div>\n<p>&nbsp;<\/p>\n<blockquote>\n<h3>IL BELGA JACQUES DE CEUSTER E&#8217; IL NUOVO STRANIERO DELL&#8217;ALLEGHE<\/h3>\n<\/blockquote>\n<p><strong><a href=\"https:\/\/www.radiopiu.net\/wordpress\/il-calendario-ufficiale-dellitalian-hockey-league\/logo-alleghe-hockey\/\" rel=\"attachment wp-att-95699\"><img loading=\"lazy\" decoding=\"async\" class=\" wp-image-95699 alignleft\" src=\"https:\/\/www.radiopiu.net\/wordpress\/wp-content\/uploads\/2019\/08\/logo-alleghe-hockey-300x281.png\" alt=\"\" width=\"218\" height=\"204\" srcset=\"https:\/\/www.radiopiu.net\/wordpress\/wp-content\/uploads\/2019\/08\/logo-alleghe-hockey-300x281.png 300w, https:\/\/www.radiopiu.net\/wordpress\/wp-content\/uploads\/2019\/08\/logo-alleghe-hockey.png 547w\" sizes=\"auto, (max-width: 218px) 100vw, 218px\" \/><\/a>ALLEGHE<\/strong> Jacques De Ceuster s<span class=\"s2\">econdo straniero dell\u2019Alleghe Hockey, dopo il finlandese Miika Kiviranta, andr\u00e0 a rinforzare il roster di coach Matikainen. Sotto al Civetta si cerca sempre di approfittare delle opportunit\u00e0 che si prospettano e l\u2019ingaggio di Jacques \u00e8 una di queste, poich\u00e9 non andr\u00e0 ad incidere sul bilancio societario.\u00a0<\/span><span class=\"s2\">Ventenne classe 2000, attaccante di 185 cm, stecca sinistra con passaporto Belga, arriva in prestito dal Como ed \u00e8 alla sua prima esperienza fuori dai confini nazionali. Cresciuto nel campionato belga, ha diverse presenze in nazionale Under 18 e 20, dove si \u00e8 messo in mostra con buoni numeri. Arriva dal Como, squadra che si \u00e8 ritirata dalla IHL pochi giorni fa, ha collezionato quattro presenze, impreziosite da tre reti ed un assist. Forse gi\u00e0 stasera contro il Merano potrebbe esordire con la maglia biancorossa.<\/span><\/p>\n<p>&nbsp;<\/p>\n<p>&nbsp;<\/p>\n<hr \/>\n<p>&nbsp;<\/p>\n<blockquote>\n<h3>STASERA RITORNA L&#8217;IHL CON IL RECUPERO DELLA TERZA GIORNATA. ALLEGHE A MERANO<\/h3>\n<\/blockquote>\n<p><strong><a href=\"https:\/\/www.radiopiu.net\/wordpress\/alleghe-hockey-confermati-manuel-da-tos-nicola-soppelsa-e-david-malaj\/alleghe-hockey-gruppo\/\" rel=\"attachment wp-att-156065\"><img loading=\"lazy\" decoding=\"async\" class=\"size-medium wp-image-156065 alignleft\" src=\"https:\/\/www.radiopiu.net\/wordpress\/wp-content\/uploads\/2020\/08\/ALLEGHE-HOCKEY-GRUPPO-300x200.jpg\" alt=\"\" width=\"300\" height=\"200\" srcset=\"https:\/\/www.radiopiu.net\/wordpress\/wp-content\/uploads\/2020\/08\/ALLEGHE-HOCKEY-GRUPPO-300x200.jpg 300w, https:\/\/www.radiopiu.net\/wordpress\/wp-content\/uploads\/2020\/08\/ALLEGHE-HOCKEY-GRUPPO-1024x681.jpg 1024w, https:\/\/www.radiopiu.net\/wordpress\/wp-content\/uploads\/2020\/08\/ALLEGHE-HOCKEY-GRUPPO-768x511.jpg 768w, https:\/\/www.radiopiu.net\/wordpress\/wp-content\/uploads\/2020\/08\/ALLEGHE-HOCKEY-GRUPPO-1536x1022.jpg 1536w, https:\/\/www.radiopiu.net\/wordpress\/wp-content\/uploads\/2020\/08\/ALLEGHE-HOCKEY-GRUPPO-2048x1363.jpg 2048w\" sizes=\"auto, (max-width: 300px) 100vw, 300px\" \/><\/a>ALLEGHE<\/strong> Si gioca questa sera la partita tra Merano ed Alleghe. Diretta su Radio Pi\u00f9 a partire dalle 20:30. La presentazione della sfida a cura di Roberto Miana<\/p>\n<audio class=\"wp-audio-shortcode\" id=\"audio-179789-19\" preload=\"none\" style=\"width: 100%;\" controls=\"controls\"><source type=\"audio\/mpeg\" src=\"https:\/\/www.radiopiu.net\/wordpress\/wp-content\/uploads\/2020\/12\/gr-17-sport-merano-alleghe-roberto-miana.mp3?_=19\" \/><a href=\"https:\/\/www.radiopiu.net\/wordpress\/wp-content\/uploads\/2020\/12\/gr-17-sport-merano-alleghe-roberto-miana.mp3\">https:\/\/www.radiopiu.net\/wordpress\/wp-content\/uploads\/2020\/12\/gr-17-sport-merano-alleghe-roberto-miana.mp3<\/a><\/audio>\n<p>&nbsp;<\/p>\n<hr \/>\n<p>&nbsp;<\/p>\n<blockquote>\n<h3><span style=\"color: #000000; font-family: Helvetica; font-size: large;\"><b>SOTTO RETE CON FRANCESCA FIORETTI<\/b><\/span><\/h3>\n<\/blockquote>\n<p><span style=\"color: #000000; font-family: Helvetica;\">\u00a0<strong><em>Un presente che parla bellunese.\u00a0<\/em><\/strong><\/span><\/p>\n<p><span style=\"color: #000000; font-family: Helvetica;\"><a href=\"https:\/\/www.radiopiu.net\/wordpress\/giornale-radiopiu-16-dicembre-2020-direttore-mirko-mezzacasa\/francesca_fioretti_e_claudio_casanova\/\" rel=\"attachment wp-att-179878\"><img loading=\"lazy\" decoding=\"async\" class=\"size-medium wp-image-179878 alignleft\" src=\"https:\/\/www.radiopiu.net\/wordpress\/wp-content\/uploads\/2020\/12\/Francesca_Fioretti_e_Claudio_Casanova-300x173.jpg\" alt=\"\" width=\"300\" height=\"173\" srcset=\"https:\/\/www.radiopiu.net\/wordpress\/wp-content\/uploads\/2020\/12\/Francesca_Fioretti_e_Claudio_Casanova-300x173.jpg 300w, https:\/\/www.radiopiu.net\/wordpress\/wp-content\/uploads\/2020\/12\/Francesca_Fioretti_e_Claudio_Casanova-1024x591.jpg 1024w, https:\/\/www.radiopiu.net\/wordpress\/wp-content\/uploads\/2020\/12\/Francesca_Fioretti_e_Claudio_Casanova-768x443.jpg 768w, https:\/\/www.radiopiu.net\/wordpress\/wp-content\/uploads\/2020\/12\/Francesca_Fioretti_e_Claudio_Casanova-1536x887.jpg 1536w, https:\/\/www.radiopiu.net\/wordpress\/wp-content\/uploads\/2020\/12\/Francesca_Fioretti_e_Claudio_Casanova.jpg 2035w\" sizes=\"auto, (max-width: 300px) 100vw, 300px\" \/><\/a><strong>BELLUNO<\/strong> Francesca Fioretti \u00e8 il nuovo acquisto della Pallavolo Belluno. <\/span><span style=\"color: #000000; font-family: Helvetica;\">Classe 2003, \u00e8 originaria di Oderzo, gioca nel ruolo di banda e, a dispetto della giovane et\u00e0, ha gi\u00e0 raggiunto un invidiabile livello di maturit\u00e0. <\/span><span style=\"color: #000000; font-family: Helvetica;\">A soli 17 anni, il curriculum di Fioretti \u00e8 di tutto rispetto: <em>\u00abHo iniziato con il minivolley a Oderzo &#8211; si presenta la nuova arrivata &#8211; poi ho proseguito con Bremas-Union Volley Jesolo, tra Under 12, 13, 14 e Seconda divisione, ottenendo il titolo provinciale, il secondo posto alle regionali e il diciassettesimo alle finali nazionali Under 14\u00bb.\u00a0<\/em><\/span><span style=\"color: #000000; font-family: Helvetica;\">L\u2019anno successivo, ecco l\u2019approdo a San Don\u00e0 in orbita Imoco:<em> \u00abE qui ci siamo laureate campionesse provinciali e regionali, mentre abbiamo conquistato la sesta posizione alle nazionali. Allora ero centrale. Poi ho iniziato il primo anno di Under 16 da banda e sono diventata libero\u00bb.\u00a0<\/em><\/span><span style=\"color: #000000; font-family: Helvetica;\">A quel punto, il palmares si arricchisce del titolo di vice campionessa italiana: <em>\u00abNel 2018-19 ero ancora libero. E abbiamo primeggiato in ambito provinciale e veneto: in entrambe le annate con l\u2019Under 16 mi sono misurata nel campionato di serie D, ottenendo la promozione in C\u00bb<\/em>. Il resto \u00e8 storia recente: nel 2019, il trasferimento a Modena con l\u2019esordio in B2, da banda, mentre questa stagione \u00e8 partita a Pavia, sempre in B. Ma Francesca sentiva l\u2019esigenza di riavvicinarsi a casa.\u00a0<\/span><\/p>\n<p><span style=\"color: #000000; font-family: Helvetica;\">\u00a0Un presente che parla bellunese.\u00a0<\/span><\/p>\n","protected":false},"excerpt":{"rendered":"<p>PER RICEVERE QUESTO NOTIZIARIO DIRETTAMENTE SUL TUO CELLULARE ISCRIVITI AL CANALE TELEGRAM \u201cRADIO PIU\u00a0 INFORMAZIONE&#8221; ATTENZIONE: LA NUOVA APP PER IOS-IPHONE https:\/\/apps.apple.com\/it\/app\/radio-pi%C3%B9-emittente-agordina\/id1515939845 ATTENZIONE: LA NUOVA APP RADIO\u00a0 PER ANDROID https:\/\/play.google.com\/store\/apps\/details?id=net.radiopiu.iniko\u00a0\u00a0 &nbsp; &nbsp; LUXOTTICA SI PRENDE CURA DEI DANNI SUL MONTE LARION, PROGETTA E RECUPERA IL BOSCO SOPRA LA SEDE DI VALCOZZENA AGORDO Un progetto ambizioso:&hellip;<\/p>\n","protected":false},"author":4,"featured_media":180008,"comment_status":"closed","ping_status":"closed","sticky":false,"template":"","format":"standard","meta":{"_monsterinsights_skip_tracking":false,"_monsterinsights_sitenote_active":false,"_monsterinsights_sitenote_note":"","_monsterinsights_sitenote_category":0,"footnotes":""},"categories":[1,51,86,49],"tags":[],"class_list":["post-179789","post","type-post","status-publish","format-standard","has-post-thumbnail","hentry","category-senza-categoria","category-evidenza-top","category-gr","category-news-18","category-1","category-51","category-86","category-49","description-off"],"img_url":"https:\/\/www.radiopiu.net\/wordpress\/wp-content\/uploads\/2020\/12\/9f964326-d363-4185-aa69-ce2b5d7e512a.jpg","_links":{"self":[{"href":"https:\/\/www.radiopiu.net\/wordpress\/wp-json\/wp\/v2\/posts\/179789","targetHints":{"allow":["GET"]}}],"collection":[{"href":"https:\/\/www.radiopiu.net\/wordpress\/wp-json\/wp\/v2\/posts"}],"about":[{"href":"https:\/\/www.radiopiu.net\/wordpress\/wp-json\/wp\/v2\/types\/post"}],"author":[{"embeddable":true,"href":"https:\/\/www.radiopiu.net\/wordpress\/wp-json\/wp\/v2\/users\/4"}],"replies":[{"embeddable":true,"href":"https:\/\/www.radiopiu.net\/wordpress\/wp-json\/wp\/v2\/comments?post=179789"}],"version-history":[{"count":0,"href":"https:\/\/www.radiopiu.net\/wordpress\/wp-json\/wp\/v2\/posts\/179789\/revisions"}],"wp:featuredmedia":[{"embeddable":true,"href":"https:\/\/www.radiopiu.net\/wordpress\/wp-json\/wp\/v2\/media\/180008"}],"wp:attachment":[{"href":"https:\/\/www.radiopiu.net\/wordpress\/wp-json\/wp\/v2\/media?parent=179789"}],"wp:term":[{"taxonomy":"category","embeddable":true,"href":"https:\/\/www.radiopiu.net\/wordpress\/wp-json\/wp\/v2\/categories?post=179789"},{"taxonomy":"post_tag","embeddable":true,"href":"https:\/\/www.radiopiu.net\/wordpress\/wp-json\/wp\/v2\/tags?post=179789"}],"curies":[{"name":"wp","href":"https:\/\/api.w.org\/{rel}","templated":true}]}}