{"id":179810,"date":"2020-12-16T05:59:47","date_gmt":"2020-12-16T04:59:47","guid":{"rendered":"https:\/\/www.radiopiu.net\/wordpress\/?p=179810"},"modified":"2020-12-16T08:03:06","modified_gmt":"2020-12-16T07:03:06","slug":"il-rifugio-a-pian-dei-fiacconi-travolto-e-distrutto-dalla-valanga","status":"publish","type":"post","link":"https:\/\/www.radiopiu.net\/wordpress\/il-rifugio-a-pian-dei-fiacconi-travolto-e-distrutto-dalla-valanga\/","title":{"rendered":"IL RIFUGIO A PIAN DEI FIACCONI TRAVOLTO E DISTRUTTO DALLA VALANGA"},"content":{"rendered":"<blockquote>\n<h3><\/h3>\n<\/blockquote>\n<p><strong><a href=\"https:\/\/www.radiopiu.net\/wordpress\/giornale-radiopiu-16-dicembre-2020-direttore-mirko-mezzacasa\/118696749_3577075812326934_8462492065758075083_o\/\" rel=\"attachment wp-att-179682\"><img loading=\"lazy\" decoding=\"async\" class=\"wp-image-179682 alignleft\" src=\"https:\/\/www.radiopiu.net\/wordpress\/wp-content\/uploads\/2020\/12\/118696749_3577075812326934_8462492065758075083_o-300x225.jpg\" alt=\"\" width=\"156\" height=\"117\" srcset=\"https:\/\/www.radiopiu.net\/wordpress\/wp-content\/uploads\/2020\/12\/118696749_3577075812326934_8462492065758075083_o-300x225.jpg 300w, https:\/\/www.radiopiu.net\/wordpress\/wp-content\/uploads\/2020\/12\/118696749_3577075812326934_8462492065758075083_o-1024x768.jpg 1024w, https:\/\/www.radiopiu.net\/wordpress\/wp-content\/uploads\/2020\/12\/118696749_3577075812326934_8462492065758075083_o-768x576.jpg 768w, https:\/\/www.radiopiu.net\/wordpress\/wp-content\/uploads\/2020\/12\/118696749_3577075812326934_8462492065758075083_o-1536x1152.jpg 1536w, https:\/\/www.radiopiu.net\/wordpress\/wp-content\/uploads\/2020\/12\/118696749_3577075812326934_8462492065758075083_o.jpg 1600w\" sizes=\"auto, (max-width: 156px) 100vw, 156px\" \/><\/a>CANAZEI <\/strong>Una valanga con un\u00a0 fronte di\u00a0 600 metri ha travolto il rifugio\u00a0 Pian dei Fiacconi, ai piedi della Marmolada,\u00a0distruggendolo completamente.\u00a0 Il fatto luned\u00ec e\u00a0Il distacco nevoso \u00e8 avvenuto fra\u00a0punta Rocca e punta Penia, zona ripida che ha accelerato la corsa della valanga verso valle aumentandone la violenza d&#8217;impatto.\u00a0 Gli effetti della valanga sono stati notati da\u00a0 un pilota di un elicottero che sorvolava la Marmolada, nel pomeriggio di lunedi. La valanga ha distrutto la struttura, nessuna persona \u00e8 rimasta coinvolta.<\/p>\n<p><strong>IL VIDEO Guido Trevisan &#8211;\u00a0 propietario e gestore<\/strong><\/p>\n<div style=\"width: 640px;\" class=\"wp-video\"><video class=\"wp-video-shortcode\" id=\"video-179810-1\" width=\"640\" height=\"352\" preload=\"metadata\" controls=\"controls\"><source type=\"video\/mp4\" src=\"https:\/\/www.radiopiu.net\/wordpress\/wp-content\/uploads\/2020\/12\/WhatsApp-Video-2020-12-15-at-18.29.48.mp4?_=1\" \/><a href=\"https:\/\/www.radiopiu.net\/wordpress\/wp-content\/uploads\/2020\/12\/WhatsApp-Video-2020-12-15-at-18.29.48.mp4\">https:\/\/www.radiopiu.net\/wordpress\/wp-content\/uploads\/2020\/12\/WhatsApp-Video-2020-12-15-at-18.29.48.mp4<\/a><\/video><\/div>\n<div>\n<div class=\"\" dir=\"auto\">\n<div id=\"jsc_c_2u4\" class=\"ecm0bbzt hv4rvrfc ihqw7lf3 dati1w0a\" data-ad-comet-preview=\"message\" data-ad-preview=\"message\">\n<div class=\"j83agx80 cbu4d94t ew0dbk1b irj2b8pg\">\n<div class=\"qzhwtbm6 knvmm38d\">\n<div class=\"o9v6fnle cxmmr5t8 oygrvhab hcukyx3x c1et5uql ii04i59q\">\n<blockquote>\n<h3 dir=\"auto\"><a href=\"https:\/\/www.radiopiu.net\/wordpress\/giornale-radiopiu-16-dicembre-2020-direttore-mirko-mezzacasa\/131671340_10158990982859534_291291139007865979_n\/\" rel=\"attachment wp-att-179816\"><img loading=\"lazy\" decoding=\"async\" class=\" wp-image-179816 alignleft\" src=\"https:\/\/www.radiopiu.net\/wordpress\/wp-content\/uploads\/2020\/12\/131671340_10158990982859534_291291139007865979_n-183x300.jpg\" alt=\"\" width=\"115\" height=\"189\" srcset=\"https:\/\/www.radiopiu.net\/wordpress\/wp-content\/uploads\/2020\/12\/131671340_10158990982859534_291291139007865979_n-183x300.jpg 183w, https:\/\/www.radiopiu.net\/wordpress\/wp-content\/uploads\/2020\/12\/131671340_10158990982859534_291291139007865979_n.jpg 584w\" sizes=\"auto, (max-width: 115px) 100vw, 115px\" \/><\/a>GUIDO SIAMO TUTTI CON TE!!! NON MOLLARE!!!<\/h3>\n<\/blockquote>\n<\/div>\n<\/div>\n<\/div>\n<\/div>\n<\/div>\n<\/div>\n<p><span style=\"color: #ff0000;\">MARCO BASSOT, PAGINA FACEBOOK:\u00a0<\/span> Iniziata una raccolta fondi su Facebook. Nei giorni scorsi (met\u00e0 dicembre 2020) le copiose, eccezionali ed incessanti nevicate che hanno interessato le Dolomiti provocano un&#8217;enorme <a class=\"oajrlxb2 g5ia77u1 qu0x051f esr5mh6w e9989ue4 r7d6kgcz rq0escxv nhd2j8a9 nc684nl6 p7hjln8o kvgmc6g5 cxmmr5t8 oygrvhab hcukyx3x jb3vyjys rz4wbd8a qt6c0cv9 a8nywdso i1ao9s8h esuyzwwr f1sip0of lzcic4wl q66pz984 gpro0wi8 b1v8xokw\" tabindex=\"0\" role=\"link\" href=\"https:\/\/www.facebook.com\/hashtag\/valanga?__eep__=6&amp;__cft__[0]=AZXWxVATX16GKQrLcUjj0De9u98A_2tzl3xliS76DdelBkbLo8ouaODRL0jXZ2l5cJfkK89I85kdNLL3qgsw339_9tL5ZMkXsvX3nggL5er9q14nDE2Sg_ndf6_HmPd5x8z0wgPF2-rxiu26Fd-SABFe&amp;__tn__=*NK-R\">valanga<\/a> in Marmolada che ha distrutto met\u00e0 del rifugio Pian dei Fiacconi e come dice l&#8217;instancabile gestore Guido Trevisan l&#8217;altra met\u00e0 sar\u00e0 da demolire. Faccio un <a class=\"oajrlxb2 g5ia77u1 qu0x051f esr5mh6w e9989ue4 r7d6kgcz rq0escxv nhd2j8a9 nc684nl6 p7hjln8o kvgmc6g5 cxmmr5t8 oygrvhab hcukyx3x jb3vyjys rz4wbd8a qt6c0cv9 a8nywdso i1ao9s8h esuyzwwr f1sip0of lzcic4wl q66pz984 gpro0wi8 b1v8xokw\" tabindex=\"0\" role=\"link\" href=\"https:\/\/www.facebook.com\/hashtag\/appello?__eep__=6&amp;__cft__[0]=AZXWxVATX16GKQrLcUjj0De9u98A_2tzl3xliS76DdelBkbLo8ouaODRL0jXZ2l5cJfkK89I85kdNLL3qgsw339_9tL5ZMkXsvX3nggL5er9q14nDE2Sg_ndf6_HmPd5x8z0wgPF2-rxiu26Fd-SABFe&amp;__tn__=*NK-R\">appello<\/a> a tutti gli amanti della Natura, della Montagna, delle Dolomiti, della Sua Regina e dello storico e da tutti noi cos\u00ec tanto amato Rifugio Pian dei Fiacconi a fare una <a class=\"oajrlxb2 g5ia77u1 qu0x051f esr5mh6w e9989ue4 r7d6kgcz rq0escxv nhd2j8a9 nc684nl6 p7hjln8o kvgmc6g5 cxmmr5t8 oygrvhab hcukyx3x jb3vyjys rz4wbd8a qt6c0cv9 a8nywdso i1ao9s8h esuyzwwr f1sip0of lzcic4wl q66pz984 gpro0wi8 b1v8xokw\" tabindex=\"0\" role=\"link\" href=\"https:\/\/www.facebook.com\/hashtag\/donazione?__eep__=6&amp;__cft__[0]=AZXWxVATX16GKQrLcUjj0De9u98A_2tzl3xliS76DdelBkbLo8ouaODRL0jXZ2l5cJfkK89I85kdNLL3qgsw339_9tL5ZMkXsvX3nggL5er9q14nDE2Sg_ndf6_HmPd5x8z0wgPF2-rxiu26Fd-SABFe&amp;__tn__=*NK-R\">donazione<\/a> per quanto possibile in questo periodo difficile per dare un segnale al nostro amico Guido che ci siamo e che faremo di tutto perch\u00e8 si rialzi il prima possibile!!!!<\/p>\n<div>\n<div class=\"\" dir=\"auto\">\n<div id=\"jsc_c_2u4\" class=\"ecm0bbzt hv4rvrfc ihqw7lf3 dati1w0a\" data-ad-comet-preview=\"message\" data-ad-preview=\"message\">\n<div class=\"j83agx80 cbu4d94t ew0dbk1b irj2b8pg\">\n<div class=\"qzhwtbm6 knvmm38d\">\n<div class=\"o9v6fnle cxmmr5t8 oygrvhab hcukyx3x c1et5uql ii04i59q\"><\/div>\n<\/div>\n<\/div>\n<\/div>\n<\/div>\n<\/div>\n<p>&nbsp;<\/p>\n<blockquote>\n<h3><\/h3>\n<\/blockquote>\n<p>&nbsp;<\/p>\n","protected":false},"excerpt":{"rendered":"<p>CANAZEI Una valanga con un\u00a0 fronte di\u00a0 600 metri ha travolto il rifugio\u00a0 Pian dei Fiacconi, ai piedi della Marmolada,\u00a0distruggendolo completamente.\u00a0 Il fatto luned\u00ec e\u00a0Il distacco nevoso \u00e8 avvenuto fra\u00a0punta Rocca e punta Penia, zona ripida che ha accelerato la corsa della valanga verso valle aumentandone la violenza d&#8217;impatto.\u00a0 Gli effetti della valanga sono stati&hellip;<\/p>\n","protected":false},"author":4,"featured_media":179809,"comment_status":"closed","ping_status":"closed","sticky":false,"template":"","format":"standard","meta":{"_monsterinsights_skip_tracking":false,"_monsterinsights_sitenote_active":false,"_monsterinsights_sitenote_note":"","_monsterinsights_sitenote_category":0,"footnotes":""},"categories":[51,49],"tags":[],"class_list":["post-179810","post","type-post","status-publish","format-standard","has-post-thumbnail","hentry","category-evidenza-top","category-news-18","category-51","category-49","description-off"],"img_url":"https:\/\/www.radiopiu.net\/wordpress\/wp-content\/uploads\/2020\/12\/1600x900_1608035285246.WhatsApp_Image_2020_12_15_at_13.07.13.jpg","_links":{"self":[{"href":"https:\/\/www.radiopiu.net\/wordpress\/wp-json\/wp\/v2\/posts\/179810","targetHints":{"allow":["GET"]}}],"collection":[{"href":"https:\/\/www.radiopiu.net\/wordpress\/wp-json\/wp\/v2\/posts"}],"about":[{"href":"https:\/\/www.radiopiu.net\/wordpress\/wp-json\/wp\/v2\/types\/post"}],"author":[{"embeddable":true,"href":"https:\/\/www.radiopiu.net\/wordpress\/wp-json\/wp\/v2\/users\/4"}],"replies":[{"embeddable":true,"href":"https:\/\/www.radiopiu.net\/wordpress\/wp-json\/wp\/v2\/comments?post=179810"}],"version-history":[{"count":0,"href":"https:\/\/www.radiopiu.net\/wordpress\/wp-json\/wp\/v2\/posts\/179810\/revisions"}],"wp:featuredmedia":[{"embeddable":true,"href":"https:\/\/www.radiopiu.net\/wordpress\/wp-json\/wp\/v2\/media\/179809"}],"wp:attachment":[{"href":"https:\/\/www.radiopiu.net\/wordpress\/wp-json\/wp\/v2\/media?parent=179810"}],"wp:term":[{"taxonomy":"category","embeddable":true,"href":"https:\/\/www.radiopiu.net\/wordpress\/wp-json\/wp\/v2\/categories?post=179810"},{"taxonomy":"post_tag","embeddable":true,"href":"https:\/\/www.radiopiu.net\/wordpress\/wp-json\/wp\/v2\/tags?post=179810"}],"curies":[{"name":"wp","href":"https:\/\/api.w.org\/{rel}","templated":true}]}}