{"id":179858,"date":"2020-12-17T05:30:23","date_gmt":"2020-12-17T04:30:23","guid":{"rendered":"https:\/\/www.radiopiu.net\/wordpress\/?p=179858"},"modified":"2020-12-17T05:58:52","modified_gmt":"2020-12-17T04:58:52","slug":"luxottica-gli-incivili-una-minoranza-vanno-isolati-come-si-deve","status":"publish","type":"post","link":"https:\/\/www.radiopiu.net\/wordpress\/luxottica-gli-incivili-una-minoranza-vanno-isolati-come-si-deve\/","title":{"rendered":"LUXOTTICA: GLI INCIVILI &#8211; UNA MINORANZA- VANNO ISOLATI COME SI DEVE"},"content":{"rendered":"<p>&nbsp;<\/p>\n<h2><span style=\"color: #ff0000;\">IERI ALLA RADIO<\/span><\/h2>\n<blockquote>\n<h3><a href=\"https:\/\/www.radiopiu.net\/wordpress\/giornale-radiopiu-25-ottobre-2020-direttore-mirko-mezzacasa\/agordo-palaluxottica-da-sud\/\" rel=\"attachment wp-att-168344\"><img loading=\"lazy\" decoding=\"async\" class=\"wp-image-168344 alignleft\" src=\"https:\/\/www.radiopiu.net\/wordpress\/wp-content\/uploads\/2020\/10\/AGORDO-PALALUXOTTICA-DA-SUD-300x225.jpg\" alt=\"\" width=\"157\" height=\"118\" srcset=\"https:\/\/www.radiopiu.net\/wordpress\/wp-content\/uploads\/2020\/10\/AGORDO-PALALUXOTTICA-DA-SUD-300x225.jpg 300w, https:\/\/www.radiopiu.net\/wordpress\/wp-content\/uploads\/2020\/10\/AGORDO-PALALUXOTTICA-DA-SUD-768x576.jpg 768w, https:\/\/www.radiopiu.net\/wordpress\/wp-content\/uploads\/2020\/10\/AGORDO-PALALUXOTTICA-DA-SUD.jpg 960w\" sizes=\"auto, (max-width: 157px) 100vw, 157px\" \/><\/a><\/h3>\n<h3>CISL LA VOCE DEI LAVORATORI<\/h3>\n<p><strong>AGORDO<\/strong> Il covid impazza, in fabbrica produttivit\u00e0 stravolta con un intenso programma di flessibilit\u00e0 positiva. Per dicembre gi\u00e0 firmato un accordo di sabato lavorativi integrato con un&#8217;ulteriore sabato (19 dicembre). Il nuovo stabile a ovest della fabbrica: ci sono stati dei danneggiamenti, la condanna della Femca Cisl che richiama all&#8217;ordine ed a fare attenzione ad eventuali azioni disciplinari. Agli indifendibili un messaggio chiaro.<\/p>\n<p><strong>di Paolo Chissal\u00e8<\/strong><\/p><\/blockquote>\n<audio class=\"wp-audio-shortcode\" id=\"audio-179858-1\" preload=\"none\" style=\"width: 100%;\" controls=\"controls\"><source type=\"audio\/mpeg\" src=\"https:\/\/www.radiopiu.net\/wordpress\/wp-content\/uploads\/2020\/12\/CISL-3.mp3?_=1\" \/><a href=\"https:\/\/www.radiopiu.net\/wordpress\/wp-content\/uploads\/2020\/12\/CISL-3.mp3\">https:\/\/www.radiopiu.net\/wordpress\/wp-content\/uploads\/2020\/12\/CISL-3.mp3<\/a><\/audio>\n<p>&nbsp;<\/p>\n<p>&nbsp;<\/p>\n","protected":false},"excerpt":{"rendered":"<p>&nbsp; IERI ALLA RADIO CISL LA VOCE DEI LAVORATORI AGORDO Il covid impazza, in fabbrica produttivit\u00e0 stravolta con un intenso programma di flessibilit\u00e0 positiva. Per dicembre gi\u00e0 firmato un accordo di sabato lavorativi integrato con un&#8217;ulteriore sabato (19 dicembre). Il nuovo stabile a ovest della fabbrica: ci sono stati dei danneggiamenti, la condanna della Femca&hellip;<\/p>\n","protected":false},"author":4,"featured_media":168344,"comment_status":"closed","ping_status":"closed","sticky":false,"template":"","format":"standard","meta":{"_monsterinsights_skip_tracking":false,"_monsterinsights_sitenote_active":false,"_monsterinsights_sitenote_note":"","_monsterinsights_sitenote_category":0,"footnotes":""},"categories":[51,49],"tags":[],"class_list":["post-179858","post","type-post","status-publish","format-standard","has-post-thumbnail","hentry","category-evidenza-top","category-news-18","category-51","category-49","description-off"],"img_url":"https:\/\/www.radiopiu.net\/wordpress\/wp-content\/uploads\/2020\/10\/AGORDO-PALALUXOTTICA-DA-SUD.jpg","_links":{"self":[{"href":"https:\/\/www.radiopiu.net\/wordpress\/wp-json\/wp\/v2\/posts\/179858","targetHints":{"allow":["GET"]}}],"collection":[{"href":"https:\/\/www.radiopiu.net\/wordpress\/wp-json\/wp\/v2\/posts"}],"about":[{"href":"https:\/\/www.radiopiu.net\/wordpress\/wp-json\/wp\/v2\/types\/post"}],"author":[{"embeddable":true,"href":"https:\/\/www.radiopiu.net\/wordpress\/wp-json\/wp\/v2\/users\/4"}],"replies":[{"embeddable":true,"href":"https:\/\/www.radiopiu.net\/wordpress\/wp-json\/wp\/v2\/comments?post=179858"}],"version-history":[{"count":0,"href":"https:\/\/www.radiopiu.net\/wordpress\/wp-json\/wp\/v2\/posts\/179858\/revisions"}],"wp:featuredmedia":[{"embeddable":true,"href":"https:\/\/www.radiopiu.net\/wordpress\/wp-json\/wp\/v2\/media\/168344"}],"wp:attachment":[{"href":"https:\/\/www.radiopiu.net\/wordpress\/wp-json\/wp\/v2\/media?parent=179858"}],"wp:term":[{"taxonomy":"category","embeddable":true,"href":"https:\/\/www.radiopiu.net\/wordpress\/wp-json\/wp\/v2\/categories?post=179858"},{"taxonomy":"post_tag","embeddable":true,"href":"https:\/\/www.radiopiu.net\/wordpress\/wp-json\/wp\/v2\/tags?post=179858"}],"curies":[{"name":"wp","href":"https:\/\/api.w.org\/{rel}","templated":true}]}}