{"id":179874,"date":"2020-12-17T05:45:44","date_gmt":"2020-12-17T04:45:44","guid":{"rendered":"https:\/\/www.radiopiu.net\/wordpress\/?p=179874"},"modified":"2020-12-17T07:51:11","modified_gmt":"2020-12-17T06:51:11","slug":"veneto-giallo-verso-nuove-restrizioni-punto-stampa-da-marghera-parla-il-governatore-zaia","status":"publish","type":"post","link":"https:\/\/www.radiopiu.net\/wordpress\/veneto-giallo-verso-nuove-restrizioni-punto-stampa-da-marghera-parla-il-governatore-zaia\/","title":{"rendered":"VENETO GIALLO VERSO NUOVE RESTRIZIONI IN ROSSO? PUNTO STAMPA DA MARGHERA PARLA IL GOVERNATORE ZAIA SUPERATI I 200MILA CASI E 5000 DECESSI"},"content":{"rendered":"<p><strong>VENEZIA<\/strong> Aggiornamento covid 19 dalla sede della Protezione Civile di Marghera, conferenza stampa del Presidente Luca Zaia<\/p>\n<h1><strong><span style=\"color: #0000ff;\">PER RICEVERE QUESTO NOTIZIARIO DIRETTAMENTE SUL TUO CELLULARE ISCRIVITI AL CANALE TELEGRAM \u201cRADIO PIU\u00a0 INFORMAZIONE&#8221;<\/span><\/strong><\/h1>\n<p><strong>I NUMERI:<\/strong> TOTALE TAMPONI\u00a0 3.043.792,\u00a0 RAPIDI 1.418942 (20103 molecolari e 34535 rapidi nelle ultime 24 ore) percentuale positivi sui tamponi 6,98%, POSITIVI DA INIZIO EPIDEMIA 200.607 (+3817), POSITIVI ATTUALI 94.225 RICOVERATI TOTALI 3317, IN AREA CRITICA 2945 (-6) TERAPIA INTENSIVA 372 (-1). Da qualche giorno i ricoveri sono stabili. DECESSI 5069 (+77) DIMESSI 8935. I ricoverati ordinari sono\u00a0 7060, in totale in Veneto 9787 persone ricoverate. Posti letto attivi 9787, liberi 4033 su un totale 13.820.<\/p>\n<blockquote>\n<h2>LEGGI LA CONFERENZA STAMPA DI LUCA ZAIA<\/h2>\n<\/blockquote>\n<p><em>La nostra colpa \u00e8 fare tanti tamponi. Non ci \u00e8 scappata di mano la situazione, nella prima fase abbiamo inventato tutto perch\u00e9 non sapevamo niente del virus, poi abbiamo affinato tutte le tecniche. Il Covid\u00a0 ha attaccato il Nordest, ma la Sanit\u00e0 sta rispondendo. \u00a0Veneto in area rossa nelle festivit\u00e0 natalizie? Aspettate qualche ora e vedrete. Prospettiva arancione? Abbiate la pazienza di attendere le decisioni governative non voglio creare confusione.<\/em><\/p>\n<p><strong>SITUAZIONE IN OSPEDALE<\/strong> Forte pressione ospedaliera per questo in conferenza stampa c&#8217;\u00e8 il dottor Paolo Rosi massimo responsabile dell&#8217;area critica (terapie intensive), unica persona che ha il termometro in mano in quanto ad urgenza ed emergenza. L&#8217;uomo che ha dato vita al 118 in Sierra Leone con 50 ambulanze. <strong>DECESSI e CASE DI RIPOSO <\/strong>sono numeri che pesano. Sulla mortalit\u00e0 c&#8217;\u00e8 da dire dell&#8217;aspetto della case di riposo, quello che ci inquieta di pi\u00f9. Le misure sono assolutamente importani: 1 tampone ogni 4 giorni agli operatori, ogni 20 giorni agli ospiti, oltre a tutte le restrizioni e al piano di sanit\u00e0. Mi permetto di far notare che queste mortalit\u00e0 ce lo abbiamo perch\u00e9 il fenomeno RSA \u00e8 tipico dei nostri territori come non altrove. E&#8217; una categoria a rischio in gruppi organizzati che espone di pi\u00f9. Alcune case di riposo hanno gli stessi operatori che vanno da una all&#8217;altra, Il modello RSA del Veneto lo vantano ben poche regioni e&#8217; un momento di civilt\u00e0 che diventa debolezza. E&#8217; pi\u00f9 in sicurezza uno che viene curato da solo a casa che in gruppo. <strong>VACCINO<\/strong> Sar\u00e0 volontario, spero che la copertura sia comunque alta. Abbiamo delle categorie alle quali dobbiamo assolutamente garantire il vaccino, \u00e8 una questione di vita o di morte, pensate agli anziani.<\/p>\n<p><strong>RIUNIONE CON IL GOVERNO<\/strong> E&#8217; stata importante ecco cosa ho detto io. Noi abbiamo necessit\u00e0 di adottare delle misure. O si chiude la partita o le adottiamo noi. Il periodo \u00e8 particolare, ogni azione deve essere supportata dai ristori, questo il vantaggio delle misure nazionali. Io penso che avremo a gennaio una congiuntura non molto positiva. Il 7 gennaio dovremo aprire la scuola, iniziare la pi\u00f9 grande campagna vaccinale della storia, gi\u00e0 a fine dicembre primi di gennaio. Noi ne dovremo fare 194 mila. Il covid non ci avr\u00e0 abbandonato e avremo anche l&#8217;influenza. Se noi arriviamo al 7 gennaio con una situazione dove tutti i fattori si incrociano su un terreno di battaglia devastato non ne veniamo fuori. Il personale per i vaccini \u00e8 comunque quello della sanit\u00e0 gi\u00e0 occupato per il covid e in parte anche per le influenze e cure territoriali. Il tema delle scuole ci impegner\u00e0 sul contact tracing. Il tema di valutare che in questo periodo natalizio ci sia la possibilit\u00e0 di pensare restrizioni nazionali o regionali \u00e8 un tema reale. Noi siamo pronti ad affrontare la partita con il Governo che pensa a restrizioni nazionali. Ci sono milioni di persone che si muoveranno da nord a sud. C&#8217;\u00e8 poi il tema degli operatori da tutelare con ristori reali che non competono alla Regione, noi chiediamo garanzie. Il Governo avr\u00e0 una sua riflessione interna mentre sto parlando, stasera ci incontreremo di nuovo e ho chiesto una misura che esca tra stasera e domani. Se lo faranno bene altrimenti adotteremo una soluzione regionale, anche le altre Regioni la pensano cos\u00ec. Domani c&#8217;\u00e8 la conferenza Stato-Regioni, la partita se non si chiude stasera\u00a0 si chiude domani. Siamo coscienti che una misura di esordio per il fine settimana dovr\u00e0 essere adottata.<\/p>\n<h2>DOMANDE<\/h2>\n<p><strong>PENSA ALLA ZONA ROSSA?<\/strong> Non siamo entrati nello specifico, abbiamo solo fatto l&#8217;analisi dei problemi che qualcuno continua a negare, forse gli ospedali sono lontani. Abbiamo l&#8217;obbligo di porre una questione reale che di preoccupa. Gli ospedali hanno dei punti di tenuta oltre ai quali non si pu\u00f2 andare. Oggi abbiamo 587 persone in terapia intensiva su una norma di poco pi\u00f9 di 200. Si guarda alla Germania che a gennaio avr\u00e0 le curve in discesa per il lockdown da oggi al 10 gennaio.<\/p>\n<p><strong>COSA IPOTIZZA?\u00a0<\/strong> Stiamo affrontando l&#8217;argomento con il Governo le definiremo nelle prossime ore. La base di lavoro \u00e8 il fine settimana e poi il periodo natalizio. Per ora non introduciamo elementi di nuova confusione. E&#8217; questione di ore poi capiremo la situazione.<\/p>\n<p><strong>RISPETTO ALLE ULTIME SETTIMANE SEMBRA FOLGORATO SULLA VIA DI DAMASCO. DICEVA NON POSSIAMO PERMETTERCI UN LOCKDOWN E HA FATTO UNA BATTAGLIA PER APRIRE LE PISTE DI SCI. ORA PARLA DI MISURE RESTRITTIVE SOSTENUTE, PERCHE&#8217; HA CAMBIATO IDEA?\u00a0<\/strong> Non \u00e8 che non abbiamo ben chiara la situazione da qui a giugno capiter\u00e0 di tutto. Sulle piste di sci chiedevo misure omogenee su tutti i territori. Abbiamo chiaro il tema dell&#8217;emergenza \u00e8 vero che il lockdown non possiamo permettercelo e lo sa anche il Governo che ha creato le fasce colorate, nemmeno la zona rossa \u00e8 il lockdown dove si puo&#8217; anche uscire dal Comune per comprovati motivi.<\/p>\n<p><strong>PERCHE&#8217; HA CAMBIATO IDEA? L&#8217;ANSA BATTE LA NOTIZIA CHE LEI SAREBBE FAVOREVOLE AD UN VENETO IN AREA ROSSA NELLE FESTIVITA&#8217; DI NATALE QUINDI DICA CON CHIAREZZA COSA PENSA<\/strong> L&#8217;Ansa non c&#8217;era alla riunione, aspettate qualche ora e vedrete.<\/p>\n<p><strong>CI SONO RIGORISTI E APERTURISTI A ROMA LEI IN QUALE SQUADRA?<\/strong> Non \u00e8 questione di squadra, siamo tra quelli che non vogliono il collasso degli ospedali, a noi le restrizioni servono. In quanto ad area gialla, se stabiliamo le regole del gioco fatte da illustri scienziati quelle vanno rispettate, adesso per\u00f2 non si deve additare la zona gialla, che si aggiustino gli algoritmi che la fase \u00e8 delicata. Davanti a questa situazione le restrizioni vanno adottate, abbiamo attesa il Governo nazionale per avere certezze sui ristori. Se fossimo in zona arancione comunque ci sarebbero i negozi aperti e la gente dove \u00e8 oggi per lavoro.<\/p>\n<p><strong>SOFFERENZA DEL PERSONALE SANITARIO, DISAGIO UMANO E PROFESSIONALE E NON SONO POLEMICHE SINDACALI MA DISAGI CHE CI RACCONTANO TUTTI I GIORNI. QUALE SOSTEGNO IN VISTA DI GENNAIO ANCHE IN CONSIDERAZIONE DEI 15MILA VACCINATORI?<\/strong> Venerdi verr\u00e0 in conferenza la dottoressa Simionato a spiegare la situazione con il resoconto di tutti i bandi che abbiamo fatto per le assunzioni, non c&#8217;\u00e8 mercato. Se qualcuno ha motivo di dire &#8220;non \u00e8 vero&#8221; lo dica che lo assumiamo subito. Il problema della ricerca \u00e8 grande.\u00a0 Il personale sanitario in questo periodo di pressione fisica a psicologica ha tutta la mia solidariet\u00e0. I vaccinatori potrebbero arrivare a febbraio inoltrato. Abbiamo gi\u00e0 comperato 6 freser per garantire la catena del freddo e siringhe per vaccinare in un paio di settimane 194mila persone. Noi siamo pronti<\/p>\n<p><strong>SI PUO&#8217; DIRE CHE IL COVID STA COLPENDO PIU&#8217; PESANTEMENTE OGGI RISPETTO A MARZO?<\/strong> Purtroppo questa \u00e8 una lettura di pochi. Passa il concetto che il covid si pu\u00f2 governare. Io a marzo parlavo della Lombardia che ha avuto una sventolata di virus da paura. Le misure messe in campo permettono alla sanit\u00e0 di rispondere. Se avessimo avuto questo carico a marzo che eravamo gracili e deboli non avremo tenuto.<\/p>\n<p><strong>IL VENETO E&#8217; ORGANIZZATO PER LA VACCINAZIONE<\/strong> Quello che \u00e8 dato a sapere \u00e8 che Ema dovrebbe dare il parere al 21 dicembre, poi si scaricano i vaccini anche in Veneto e si inizia, noi siamo pronti. La dottoressa Russo ha coordinato la fase, siamo pronti a partire.\u00a0 Abbiamo le RSA che sono un problema con il covid per gli assembramenti di anziani pi\u00f9 esposti, avendole per\u00f2 riusciamo ad entrare e vaccinare molti anziani in gruppo.<\/p>\n<p><strong>PERCHE&#8217; QUESTO TIRA-MOLLA?<\/strong> Lunedi ho detto bisogna provvedere a restrizioni, nel pomeriggio \u00e8 partito il dibattito governativo. Il giorno dopo ho detto meglio una restrizione nazionale con i ristori. Noi abbiamo adottato restrizioni che non erano previsti da DPCM come i clienti per metro quadrato o la struttura delle medie superfici di vendita ed \u00e8 nato il dibattito sui ristori. Oggi ho detto che non arrivo a sabato senza soluzioni, siamo pronti a provvedere autonomamente. Non \u00e8 un tira molla ma un fatto di tutela estrema.<\/p>\n<p><strong>PROSPETTIVA ARANCIONE?<\/strong> Abbiate la pazienza di attendere le decisioni governative non voglio creare confusione. Il mondo \u00e8 spaccato a met\u00e0 in quanto a possibili scelte mentre gli ospedali vanno al collasso.<\/p>\n<p><strong>SE L&#8217;INCIDENZA DEI VENETI CHE DOVREBBERO VACCINARSI FOSSE VASTA?<\/strong> Spero che la copertura vaccinale sia tale da raggiungere l&#8217;immunit\u00e0 di gregge.<\/p>\n<p><strong>CAMPAGNE FORMATIVE?<\/strong> Ci stiamo pensando.<\/p>\n<h1 style=\"text-align: center;\"><span style=\"color: #ff0000;\">IL DOTTOR PAOLO ROSI<\/span><\/h1>\n<p><em>Ad oggi in Veneto abbiamo 640 letti attivi.Altro che numero farlocchi abbiamo\u00a0 1000 terapie intensive non sono attivate tutte e perch\u00e9 significherebbe bloccare ogni altra attivit\u00e0.Il lavoro del personale \u00e8 mostruoso e per periodi molto lunghi.<\/em><\/p>\n<p>Dal 5 maggio primo piano emergenza ospedaliero, si parte dalla dotazione ordinaria di oltre 500 terapia intensive stabili a cui si aggiungono altri 191 posti letto (che non \u00e8 solo ventilazione ma monitoraggio e assistenza) pronti per accogliere pazienti. Altri 90 posti sono riconvertibili, sono in magazzino e vengono installati in 24-36 ore in locali dove le attivit\u00e0 sono sospese. Arriviamo a 840 letti attivi, erano poco pi\u00f9 di 700 nella prima fase. Passo successivo a giugno con l&#8217;innalzamento a 14 posti letto per 1000 abitanti con 211 posti letto in pi\u00f9 e con ampliamento di organico. Ad agosto considerato che il piano Arcuri non trovava realizzazione nuova delibera con piano emergenziale per l&#8217;autunno: 191 creu, 90 riconvertibili e 160 dalla riconversione dei sub intensive attrezzati in modo diverso con ventilatori da terapia intensiva, questi letti sono attrezzati anche per pazienti gravi. Con questi 160 arriviamo a 1000 e diciamo anche dove li mettiamo ospedale per ospedale. A settembre sono stati indicati due obiettivi: raggiungere le disponibilit\u00e0 di tutte le attrezzature per attivare tutti i letti, si chiede anche come si attivano questi letti, cio\u00e8 dove si mettono e con quale personale per i letti aggiuntivi. Abbiamo letto per letto la planimetria con la numerazione e il dettaglio dei tempi sull&#8217;entrata dell&#8217;attivit\u00e0. Oggi non sono attivi 1000 letti altrimenti si bloccherebbe intere attivit\u00e0. Sono quindi letti attivabili. Ci sono Ulss che hanno attivato il 100% dei riconvertibili. Lavoriamo su un modello che cresce in base alla richiesta. Ad oggi in Veneto abbiamo 640 letti attivi.<br \/>\n<strong>RICOVERATI<\/strong> Ci sono province stabili, altre meno. I Posti letto sono stabili non perch\u00e9 non ci siano ingressi, ma perch\u00e9 le uscite compensano le entrate, molti escono purtroppo morti\u00a0 altri con gravi danni patologici. Ogni giorno ricoveriamo con grande sforzo 20-30 persone. <strong>MORTALITA&#8217;<\/strong> Rispetto a marzo i pazienti sono pi\u00f9 gravi che spiega l&#8217;altra mortalit\u00e0. Il 10% dei morti ha meno di 70 anni. Puo&#8217; sembrare poco ma il 10% di 5000 fa 500 persone morte di queste molte in perfetta salute non con patologie pregresse. Nella seconda fase abbiamo ricoverato molti pi\u00f9 pazienti rispetto a marzo e per un periodo molto pi\u00f9 lungo con carichi di lavoro per il personale molto pesanti.<\/p>\n<a href=\"https:\/\/www.radiopiu.net\/wordpress\/wp-content\/uploads\/2020\/12\/16-dicembre-presenta-TI.pdf\" class=\"pdfemb-viewer\" style=\"\" data-width=\"max\" data-height=\"max\" data-toolbar=\"top\" data-toolbar-fixed=\"on\">16 dicembre presenta TI<\/a>\n<p>&nbsp;<\/p>\n<p><a href=\"https:\/\/www.facebook.com\/zaiaufficiale\/videos\/1085377941908208\">https:\/\/www.facebook.com\/zaiaufficiale\/videos\/1085377941908208<\/a><\/p>\n<p>&nbsp;<\/p>\n<p>&nbsp;<\/p>\n","protected":false},"excerpt":{"rendered":"<p>VENEZIA Aggiornamento covid 19 dalla sede della Protezione Civile di Marghera, conferenza stampa del Presidente Luca Zaia PER RICEVERE QUESTO NOTIZIARIO DIRETTAMENTE SUL TUO CELLULARE ISCRIVITI AL CANALE TELEGRAM \u201cRADIO PIU\u00a0 INFORMAZIONE&#8221; I NUMERI: TOTALE TAMPONI\u00a0 3.043.792,\u00a0 RAPIDI 1.418942 (20103 molecolari e 34535 rapidi nelle ultime 24 ore) percentuale positivi sui tamponi 6,98%, POSITIVI DA&hellip;<\/p>\n","protected":false},"author":4,"featured_media":167459,"comment_status":"closed","ping_status":"closed","sticky":false,"template":"","format":"standard","meta":{"_monsterinsights_skip_tracking":false,"_monsterinsights_sitenote_active":false,"_monsterinsights_sitenote_note":"","_monsterinsights_sitenote_category":0,"footnotes":""},"categories":[1,51,49],"tags":[],"class_list":["post-179874","post","type-post","status-publish","format-standard","has-post-thumbnail","hentry","category-senza-categoria","category-evidenza-top","category-news-18","category-1","category-51","category-49","description-off"],"img_url":"https:\/\/www.radiopiu.net\/wordpress\/wp-content\/uploads\/2020\/10\/ZAIA-CON-FATTORI-E-ROSI.jpg","_links":{"self":[{"href":"https:\/\/www.radiopiu.net\/wordpress\/wp-json\/wp\/v2\/posts\/179874","targetHints":{"allow":["GET"]}}],"collection":[{"href":"https:\/\/www.radiopiu.net\/wordpress\/wp-json\/wp\/v2\/posts"}],"about":[{"href":"https:\/\/www.radiopiu.net\/wordpress\/wp-json\/wp\/v2\/types\/post"}],"author":[{"embeddable":true,"href":"https:\/\/www.radiopiu.net\/wordpress\/wp-json\/wp\/v2\/users\/4"}],"replies":[{"embeddable":true,"href":"https:\/\/www.radiopiu.net\/wordpress\/wp-json\/wp\/v2\/comments?post=179874"}],"version-history":[{"count":0,"href":"https:\/\/www.radiopiu.net\/wordpress\/wp-json\/wp\/v2\/posts\/179874\/revisions"}],"wp:featuredmedia":[{"embeddable":true,"href":"https:\/\/www.radiopiu.net\/wordpress\/wp-json\/wp\/v2\/media\/167459"}],"wp:attachment":[{"href":"https:\/\/www.radiopiu.net\/wordpress\/wp-json\/wp\/v2\/media?parent=179874"}],"wp:term":[{"taxonomy":"category","embeddable":true,"href":"https:\/\/www.radiopiu.net\/wordpress\/wp-json\/wp\/v2\/categories?post=179874"},{"taxonomy":"post_tag","embeddable":true,"href":"https:\/\/www.radiopiu.net\/wordpress\/wp-json\/wp\/v2\/tags?post=179874"}],"curies":[{"name":"wp","href":"https:\/\/api.w.org\/{rel}","templated":true}]}}