{"id":179917,"date":"2020-12-16T17:10:49","date_gmt":"2020-12-16T16:10:49","guid":{"rendered":"https:\/\/www.radiopiu.net\/wordpress\/?p=179917"},"modified":"2020-12-16T17:15:00","modified_gmt":"2020-12-16T16:15:00","slug":"dalla-memoria-riemerga-il-vero-natale","status":"publish","type":"post","link":"https:\/\/www.radiopiu.net\/wordpress\/dalla-memoria-riemerga-il-vero-natale\/","title":{"rendered":"DALLA MEMORIA RIEMERGA IL VERO NATALE"},"content":{"rendered":"<p><em><a href=\"https:\/\/www.radiopiu.net\/wordpress\/dalla-memoria-riemerga-il-vero-natale\/natale-2\/\" rel=\"attachment wp-att-179918\"><img loading=\"lazy\" decoding=\"async\" class=\"size-medium wp-image-179918 alignleft\" src=\"https:\/\/www.radiopiu.net\/wordpress\/wp-content\/uploads\/2020\/12\/NATALE-300x200.jpg\" alt=\"\" width=\"300\" height=\"200\" srcset=\"https:\/\/www.radiopiu.net\/wordpress\/wp-content\/uploads\/2020\/12\/NATALE-300x200.jpg 300w, https:\/\/www.radiopiu.net\/wordpress\/wp-content\/uploads\/2020\/12\/NATALE-1024x683.jpg 1024w, https:\/\/www.radiopiu.net\/wordpress\/wp-content\/uploads\/2020\/12\/NATALE-768x512.jpg 768w, https:\/\/www.radiopiu.net\/wordpress\/wp-content\/uploads\/2020\/12\/NATALE-1536x1024.jpg 1536w, https:\/\/www.radiopiu.net\/wordpress\/wp-content\/uploads\/2020\/12\/NATALE.jpg 1920w\" sizes=\"auto, (max-width: 300px) 100vw, 300px\" \/><\/a>di <\/em><strong>Dino Bridda\u00a0<\/strong><\/p>\n<p>Aspettavo da tempo le seguenti parole di Papa Francesco che puntualmente sono arrivate nella mattinata di mercoled\u00ec 16 dicembre: <em>\u00abQuest&#8217;anno ci attendono restrizioni e disagi; ma pensiamo al Natale della Vergine Maria e di San Giuseppe: non furono rose e fiori! Quante difficolt\u00e0 hanno avuto! Quante preoccupazioni! Eppure la fede, la speranza e l&#8217;amore li hanno guidati e sostenuti. Che sia cos\u00ec anche per noi! [\u2026] Anche ci aiuti questa difficolt\u00e0 a purificare un po&#8217; il modo di vivere il Natale, di festeggiare, uscendo dal consumismo, che sia pi\u00f9 religioso, pi\u00f9 autentico, pi\u00f9 vero\u00bb.\u00a0<\/em>Sono parole rivolte sia a chi ha sempre festeggiato il Natale secondo la spiritualit\u00e0 del presepe, ma di pi\u00f9 a chi da qualche decennio l\u2019ha accantonata per farne una festa pagana, ridondante di luci, suoni e cibi superflui. Agli orecchi dei primi le parole del Papa hanno risuonato come musica per le loro orecchie, ai secondi hanno dato fastidio e sono state subito ignorate come ignorata in loro \u00e8 la gravit\u00e0 della pandemia. Con un po\u2019 di sforzo di volont\u00e0 in corpo, per\u00f2, dovremmo accettare l\u2019invito a riscoprire il \u201cvero\u201d Natale nell\u2019intimit\u00e0 del focolare domestico dove regner\u00e0 purtroppo la limitazione dei rapporti interpersonali durante le feste imminenti. Nella vita, talvolta, certe occasioni si trasformano da disagio in opportunit\u00e0. E allora quale potr\u00e0 essere una bella opportunit\u00e0 per il prossimo Natale? Riguarda proprio il presepe. Quando ero bambino con mamma e pap\u00e0 facevamo il giro del centro storico cittadino di Belluno dove parecchie famiglie o istituzioni esponevano il loro presepe costruito artigianalmente con fantasia, buon gusto e tanto calore umano. Non era una competizione, n\u00e9 una rassegna a premi, n\u00e9 tantomeno uno sfoggio di presuntuosa abilit\u00e0, ma solo la gioia di misurarsi con se stessi per costruire un presepe pi\u00f9 bello e pi\u00f9 grande dell\u2019anno precedente: da quello allestito all\u2019entrata dell\u2019ospedale civile di via Loreto a quello dei Frati Cappuccini a Mussoi e a tanti altri sistemati in atri e androni di abitazioni civili nelle vie e nelle piazze cittadine. Non mancavano pure gli effetti speciali di movimenti e suoni impensabili per allora. Quei presepi donavano a noi bambini una rappresentazione magica del Natale, ovvero interpretavano al meglio le parole odierne di Papa Francesco. \u00c8 troppo sperare di averne fatto memoria in molti? Quest\u2019anno, anche se lo volessimo, non potremo fare altrettanto perch\u00e9 non avremo libert\u00e0 di movimento. Per\u00f2 possiamo fare molto di pi\u00f9. Un bel presepe casalingo per la gioia dei pi\u00f9 piccoli &#8211; spiegandoglielo bene -, un bell\u2019albero pieno di luci e colori e una sobria luminaria intermittente sul terrazzo di casa. Il tutto fatto ad uso e consumo di poche persone per recuperare l\u2019intimit\u00e0 perduta. In fondo nel primo presepe vivente dell\u2019umanit\u00e0 erano in pochi pure loro: il Bambino, Maria, Giuseppe, il bue e l\u2019asino, ma degli ultimi due si dubita. Poi arrivarono i pastori che, per\u00f2, stettero in silenzio adorante del piccolo neonato sullo sfondo dei canti angelici. Niente chiasso e niente luci sgargianti! Gi\u00e0 che ci siamo recuperiamo un po\u2019 di sobriet\u00e0 anche nei doni e, se ci travestiamo da novelli Re Magi, li trasformiamo in prodotti a chilometro zero! Quest\u2019anno va cos\u00ec. Ma saremo davvero tutti capaci di cambiare registro rifiutando il superfluo in favore di un Natale pi\u00f9 \u201ccasalingo\u201d? Un\u2019ultima cosa. Cantiamo l\u2019italianissima \u201cTu scendi dalle stelle\u201d di san Alfonso Maria de\u2019 Liguori, ma ricordiamoci che \u201cAdeste fideles\u201d deriva da un\u2019antica ballata irlandese, \u201cJingle bells\u201d \u00e8 una carola inglese, \u201cBianco Natale\u201d \u00e8 di autore bielorusso naturalizzato USA. Tranquilli: cos\u00ec la globalizzazione \u00e8 salva\u2026!<\/p>\n","protected":false},"excerpt":{"rendered":"<p>di Dino Bridda\u00a0 Aspettavo da tempo le seguenti parole di Papa Francesco che puntualmente sono arrivate nella mattinata di mercoled\u00ec 16 dicembre: \u00abQuest&#8217;anno ci attendono restrizioni e disagi; ma pensiamo al Natale della Vergine Maria e di San Giuseppe: non furono rose e fiori! Quante difficolt\u00e0 hanno avuto! Quante preoccupazioni! Eppure la fede, la speranza&hellip;<\/p>\n","protected":false},"author":4,"featured_media":179918,"comment_status":"closed","ping_status":"closed","sticky":false,"template":"","format":"standard","meta":{"_monsterinsights_skip_tracking":false,"_monsterinsights_sitenote_active":false,"_monsterinsights_sitenote_note":"","_monsterinsights_sitenote_category":0,"footnotes":""},"categories":[49],"tags":[],"class_list":["post-179917","post","type-post","status-publish","format-standard","has-post-thumbnail","hentry","category-news-18","category-49","description-off"],"img_url":"https:\/\/www.radiopiu.net\/wordpress\/wp-content\/uploads\/2020\/12\/NATALE.jpg","_links":{"self":[{"href":"https:\/\/www.radiopiu.net\/wordpress\/wp-json\/wp\/v2\/posts\/179917","targetHints":{"allow":["GET"]}}],"collection":[{"href":"https:\/\/www.radiopiu.net\/wordpress\/wp-json\/wp\/v2\/posts"}],"about":[{"href":"https:\/\/www.radiopiu.net\/wordpress\/wp-json\/wp\/v2\/types\/post"}],"author":[{"embeddable":true,"href":"https:\/\/www.radiopiu.net\/wordpress\/wp-json\/wp\/v2\/users\/4"}],"replies":[{"embeddable":true,"href":"https:\/\/www.radiopiu.net\/wordpress\/wp-json\/wp\/v2\/comments?post=179917"}],"version-history":[{"count":0,"href":"https:\/\/www.radiopiu.net\/wordpress\/wp-json\/wp\/v2\/posts\/179917\/revisions"}],"wp:featuredmedia":[{"embeddable":true,"href":"https:\/\/www.radiopiu.net\/wordpress\/wp-json\/wp\/v2\/media\/179918"}],"wp:attachment":[{"href":"https:\/\/www.radiopiu.net\/wordpress\/wp-json\/wp\/v2\/media?parent=179917"}],"wp:term":[{"taxonomy":"category","embeddable":true,"href":"https:\/\/www.radiopiu.net\/wordpress\/wp-json\/wp\/v2\/categories?post=179917"},{"taxonomy":"post_tag","embeddable":true,"href":"https:\/\/www.radiopiu.net\/wordpress\/wp-json\/wp\/v2\/tags?post=179917"}],"curies":[{"name":"wp","href":"https:\/\/api.w.org\/{rel}","templated":true}]}}