{"id":179945,"date":"2020-12-17T05:25:02","date_gmt":"2020-12-17T04:25:02","guid":{"rendered":"https:\/\/www.radiopiu.net\/wordpress\/?p=179945"},"modified":"2020-12-17T07:51:50","modified_gmt":"2020-12-17T06:51:50","slug":"emergenza-covid-padrin-meglio-chiudere-durante-le-festivita-che-essere-costretti-a-trascinare-la-situazione-difficile-a-lungo-dopo-lepifania","status":"publish","type":"post","link":"https:\/\/www.radiopiu.net\/wordpress\/emergenza-covid-padrin-meglio-chiudere-durante-le-festivita-che-essere-costretti-a-trascinare-la-situazione-difficile-a-lungo-dopo-lepifania\/","title":{"rendered":"EMERGENZA COVID, PADRIN: \u00abMEGLIO CHIUDERE DURANTE LE FESTIVIT\u00c0 CHE ESSERE COSTRETTI A TRASCINARE LA SITUAZIONE DIFFICILE A LUNGO DOPO L\u2019EPIFANIA\u00bb"},"content":{"rendered":"<p><strong><a href=\"https:\/\/www.radiopiu.net\/wordpress\/padrin-la-fase-2-ci-veda-uniti-nel-programmare-la-ripartenza-torneremo-alla-normalita\/padrin-63\/\" rel=\"attachment wp-att-134835\"><img loading=\"lazy\" decoding=\"async\" class=\"size-medium wp-image-134835 alignleft\" src=\"https:\/\/www.radiopiu.net\/wordpress\/wp-content\/uploads\/2020\/05\/PADRIN-200x300.jpg\" alt=\"\" width=\"200\" height=\"300\" srcset=\"https:\/\/www.radiopiu.net\/wordpress\/wp-content\/uploads\/2020\/05\/PADRIN-200x300.jpg 200w, https:\/\/www.radiopiu.net\/wordpress\/wp-content\/uploads\/2020\/05\/PADRIN-683x1024.jpg 683w, https:\/\/www.radiopiu.net\/wordpress\/wp-content\/uploads\/2020\/05\/PADRIN-768x1152.jpg 768w, https:\/\/www.radiopiu.net\/wordpress\/wp-content\/uploads\/2020\/05\/PADRIN.jpg 945w\" sizes=\"auto, (max-width: 200px) 100vw, 200px\" \/><\/a>BELLUNO<\/strong> \u00ab<em>Sono favorevole a misure pi\u00f9 restrittive tra Natale e l\u2019Epifania. In questo momento \u00e8 assolutamente vietato abbassare la guardia, pena ritrovarci a gennaio con una situazione ancora pi\u00f9 complicata, che renderebbe gravissima la crisi economica, oltre che l\u2019emergenza sanitaria<\/em>\u00bb. \u00c8 quanto afferma il presidente della Provincia di Belluno, Roberto Padrin. \u00ab<em>Sono consapevole di quanto sia pesante e sofferta la decisione da prendere. Chiudere ancora di pi\u00f9 le maglie delle restrizioni e contenere gli spostamenti avr\u00e0 conseguenze inevitabili. Ma sono altrettanto consapevole della estrema difficolt\u00e0 in cui si trova il sistema sanitario. Che finora ha retto, anche grazie alla strutturazione della sanit\u00e0 veneta. Per\u00f2 ora la situazione va affrontata con decisioni forti e &#8211; se necessario &#8211; anche impopolari<\/em>\u00bb.\u00a0\u00ab<em>Ricevo continuamente sollecitazioni dai medici, dagli infermieri. Quello che loro devono registrare ogni giorno &#8211; ospedali sotto pressione, contagi in aumento, case di riposo in fortissima difficolt\u00e0 a causa del personale ammalato o in quarantena &#8211; noi non lo vediamo, perch\u00e9 fortunatamente siamo all\u2019esterno di quel mondo e ci\u00f2 significa che stiamo bene, in salute. Non per questo possiamo fingere di non comprendere l\u2019emergenza in corso. Anzi, abbiamo il dovere di dare respiro a un sistema ormai in affanno<\/em>\u00bb continua il presidente Padrin. \u00ab<em>Se vogliamo evitare la terza ondata e consentire una ripartenza pi\u00f9 rapida e semplice, \u00e8 necessario agire subito. Ecco perch\u00e9 non vedrei in maniera negativa l\u2019applicazione di maggiori restrizioni da Natale all\u2019Epifania. Di certo ci saranno attivit\u00e0 assai penalizzate. Penso al settore del commercio, della ristorazione, che da mesi stanno pagando gli effetti del Covid. Penso al turismo, che nel nostro territorio costituisce una fetta importante dell\u2019economia e dei bilanci di migliaia di famiglie; piange il cuore vedere le montagne innevate, le piste pronte, localit\u00e0 come Auronzo, Cortina, Alleghe, Arabba, Rocca Pietore, Falcade, addobbate a festa per Natale e costrette a tenere gli impianti chiusi. Ma per queste attivit\u00e0, per il turismo e il suo indotto, dobbiamo fare in modo &#8211; e lo chiedo fin da subito al Governo &#8211; che arrivino ristori e indennizzi, dimensionati alle perdite e in grado di sopperire in maniera vera e reale ai danni subiti dalle eventuali chiusure. Cosa potrebbe accadere nel tirare per le lunghe questa situazione difficile? Sono certo che le conseguenze sarebbero peggiori delle restrizioni e i danni incalcolabili. Per questo sono convinto &#8211; seppur con amarezza &#8211; che fermarsi dieci giorni nel periodo delle festivit\u00e0 possa essere una scelta corretta. Festeggeremo pi\u00f9 facilmente e con maggiore ottimismo la rinascita, se oggi siamo costretti a celebrare il Natale in tono dimesso<\/em>\u00bb.<\/p>\n<h1><strong><span style=\"color: #0000ff;\">PER RICEVERE QUESTO NOTIZIARIO DIRETTAMENTE SUL TUO CELLULARE ISCRIVITI AL CANALE TELEGRAM \u201cRADIO PIU\u00a0 INFORMAZIONE&#8221;<\/span><\/strong><\/h1>\n<p><strong>IL PRESIDENTE DELLA PROVINCIA DI BELLUNO ROBERTO PADRIN<\/strong><\/p>\n<audio class=\"wp-audio-shortcode\" id=\"audio-179945-1\" preload=\"none\" style=\"width: 100%;\" controls=\"controls\"><source type=\"audio\/mpeg\" src=\"https:\/\/www.radiopiu.net\/wordpress\/wp-content\/uploads\/2020\/12\/PADRIN-NATALE.mp3?_=1\" \/><a href=\"https:\/\/www.radiopiu.net\/wordpress\/wp-content\/uploads\/2020\/12\/PADRIN-NATALE.mp3\">https:\/\/www.radiopiu.net\/wordpress\/wp-content\/uploads\/2020\/12\/PADRIN-NATALE.mp3<\/a><\/audio>\n<p>&nbsp;<\/p>\n","protected":false},"excerpt":{"rendered":"<p>BELLUNO \u00abSono favorevole a misure pi\u00f9 restrittive tra Natale e l\u2019Epifania. In questo momento \u00e8 assolutamente vietato abbassare la guardia, pena ritrovarci a gennaio con una situazione ancora pi\u00f9 complicata, che renderebbe gravissima la crisi economica, oltre che l\u2019emergenza sanitaria\u00bb. \u00c8 quanto afferma il presidente della Provincia di Belluno, Roberto Padrin. \u00abSono consapevole di quanto&hellip;<\/p>\n","protected":false},"author":4,"featured_media":0,"comment_status":"closed","ping_status":"closed","sticky":false,"template":"","format":"standard","meta":{"_monsterinsights_skip_tracking":false,"_monsterinsights_sitenote_active":false,"_monsterinsights_sitenote_note":"","_monsterinsights_sitenote_category":0,"footnotes":""},"categories":[51,49],"tags":[],"class_list":["post-179945","post","type-post","status-publish","format-standard","hentry","category-evidenza-top","category-news-18","category-51","category-49","description-off"],"img_url":false,"_links":{"self":[{"href":"https:\/\/www.radiopiu.net\/wordpress\/wp-json\/wp\/v2\/posts\/179945","targetHints":{"allow":["GET"]}}],"collection":[{"href":"https:\/\/www.radiopiu.net\/wordpress\/wp-json\/wp\/v2\/posts"}],"about":[{"href":"https:\/\/www.radiopiu.net\/wordpress\/wp-json\/wp\/v2\/types\/post"}],"author":[{"embeddable":true,"href":"https:\/\/www.radiopiu.net\/wordpress\/wp-json\/wp\/v2\/users\/4"}],"replies":[{"embeddable":true,"href":"https:\/\/www.radiopiu.net\/wordpress\/wp-json\/wp\/v2\/comments?post=179945"}],"version-history":[{"count":0,"href":"https:\/\/www.radiopiu.net\/wordpress\/wp-json\/wp\/v2\/posts\/179945\/revisions"}],"wp:attachment":[{"href":"https:\/\/www.radiopiu.net\/wordpress\/wp-json\/wp\/v2\/media?parent=179945"}],"wp:term":[{"taxonomy":"category","embeddable":true,"href":"https:\/\/www.radiopiu.net\/wordpress\/wp-json\/wp\/v2\/categories?post=179945"},{"taxonomy":"post_tag","embeddable":true,"href":"https:\/\/www.radiopiu.net\/wordpress\/wp-json\/wp\/v2\/tags?post=179945"}],"curies":[{"name":"wp","href":"https:\/\/api.w.org\/{rel}","templated":true}]}}