{"id":179958,"date":"2021-06-17T05:28:50","date_gmt":"2021-06-17T03:28:50","guid":{"rendered":"https:\/\/www.radiopiu.net\/wordpress\/?p=179958"},"modified":"2021-06-17T06:12:51","modified_gmt":"2021-06-17T04:12:51","slug":"la-non-risposta-alle-mamme-con-figli-di-serie-b","status":"publish","type":"post","link":"https:\/\/www.radiopiu.net\/wordpress\/la-non-risposta-alle-mamme-con-figli-di-serie-b\/","title":{"rendered":"LE MAMME PROTESTAVANO A DICEMBRE, SEI MESI DOPO ECCO IL PD"},"content":{"rendered":"<p><strong>REDAZIONE<\/strong> Risalgono alla fine dello scorso anno gli articoli pubblicati da Radio Pi\u00f9 per dare voce alla protesta della mamme dei serie B che nell&#8217;anno del covid hanno partorito prima del 19 agosto e per questo a loro non viene riconosciuto alcun bonus. Si erano fatte sentire le mamme, fino in Regione, ma senza ottenere alcuna soddisfazione. Ora a distanza di sei mesi il PD torna sull&#8217;argomento chiedendo di estendere la misura fino a farla diventare stabile.<\/p>\n<p><strong>VENEZIA<\/strong>\u00a0 Estendere l\u2019assegno prenatale per tutti i nati nel 2020 e farlo diventare una misura stabile alla luce anche della crisi conseguente alla pandemia. La doppia richiesta \u00e8 contenuta in un\u2019interrogazione a risposta scritta rivolta all\u2019assessore Lanzarin, presentata dalla vicepresidente della commissione Sanit\u00e0 e consigliera Pd Anna Maria Bigon. \u201cLo squilibrio demografico \u00e8 un problema vero, aggravato dall\u2019attuale situazione economica. Da qui le due richieste dell\u2019interrogazione: <em>\u201cLa prima &#8211; ribadisce l&#8217;interrogazione PD &#8211; \u00e8 quella di garantire il \u2018bonus\u2019 a tutti i nuovi nati nel 2020, naturalmente per i nuclei familiari in possesso dei requisiti economici previsti, anzich\u00e9 farlo partire dal 19 agosto, il giorno successivo all\u2019entrata in vigore della legge. La seconda guarda invece al medio periodo: sarebbe importante che questa misura diventasse stabile, magari aumentando anche la dotazione finanziaria\u201d.\u00a0<\/em><\/p>\n<p>&nbsp;<\/p>\n<p>&nbsp;<\/p>\n<p><span style=\"color: #ff0000;\"><strong>&#8212;&#8212;&#8212;&#8212;&#8212;&#8212;&#8212;&#8212;&#8212;&#8212;&#8212;&#8212;&#8212;&#8212;&#8212;&#8212;&#8212;&#8212;&#8212;&#8212;&#8212;&#8212;&#8212;&#8212;&#8211; DAI NOTIZIARI DELLO SCORSO DICEMBRE &#8212;&#8212;&#8212;&#8212;&#8212;&#8212;&#8212;&#8212;&#8212;&#8212;&#8212;&#8212;&#8211;<\/strong><\/span><\/p>\n<p><strong><img loading=\"lazy\" decoding=\"async\" class=\"alignleft\" src=\"https:\/\/www.radiopiu.net\/wordpress\/wp-content\/uploads\/2020\/12\/128761186_197444241856887_448293707683865009_n-266x300-1.jpg\" width=\"214\" height=\"241\" \/>TAIBON<\/strong> Scrivevamo: &#8220;Ci sono le mamme fortunate e quelle meno fortunate. Quelle che hanno partorito dopo il 19 agosto sono quelle baciate dalla fortuna, o dalla Regione. Le mamme che hanno festeggiato il lieto evento tra febbraio e il 19 agosto, in piena pandemia con tutti i disagi del caso\u00a0 sono invece quelle sfortunate, che non vedranno un\u2019euro di contributo&#8221;. Numerose le mamme\u00a0 in protesta, che hanno partorito tra inverno e primavera, in pieno tempo di covid,\u00a0 non\u00a0 a ferragosto quando per molti mascherina e igienizzante era un ricordo da non portare in spiaggia. Su facebook \u00e8 nato cos\u00ec il gruppo Mamme Venete 2020 figli di serie B. Le mamme hanno scritto anche al Presidente Luca Zaia confidando in una risposta che \u00e8 arrivata, ma non la firma il Presidente, piuttosto l&#8217;Unit\u00e0 Organizzativa Famiglia, Minori, Giovani e Servizio Civile. Le mamme speravano in una correzione della legge regionale per poter accedere al contributo invece si sono trovate nella posta ricevuta una mail &#8220;<em>che riconosce le difficolt\u00e0 sostenute per diventare e continuare ad essere un genitore responsabile in un contesto difficile come quello attuale&#8230;&#8221; <\/em>dopo la premessa probabilmente pi\u00f9 nota alle mamme uscite dalla sala parto che al funzionario della politica ecco il burocratese, le spiegazioni sui modi e tempi della legge regionale del 28 maggio, cio\u00e8 nata\u00a0 in tempi di covid\u00a0 ma partorita ad inizio estate, per questo le mamme &#8220;estive&#8221; godono del contributo.\u00a0 In definitiva nessuna risposta\u00a0 alla domanda <em>&#8220;Ma ce li date anche a noi quei soldi oppure no?&#8221;.\u00a0<\/em><\/p>\n<h1><strong style=\"font-size: 14px;\">LA TRADUZIONE\u00a0 &#8220;FUORI SACCO&#8221;\u00a0 DI UNA MAMMA<\/strong><\/h1>\n<div class=\"jn8vp64t l9j0dhe7 hpfvmrgz\">\n<div class=\"lzcic4wl\" tabindex=\"0\" role=\"gridcell\" data-scope=\"messages_table\" data-recover=\"true\">\n<div class=\"ni8dbmo4 stjgntxs g5ia77u1 ii04i59q\" data-testid=\"messenger_incoming_text_row\">\n<div class=\"l60d2q6s d1544ag0 sj5x9vvc tw6a2znq l9j0dhe7 ni8dbmo4 stjgntxs qlfml3jp inkptoze e72ty7fz qmr60zad jm1wdb64 qv66sw1b ljqsnud1 g6srhlxm odn2s2vf\">\n<div class=\"oo9gr5id\" dir=\"auto\"><em>&#8220;Loro puntano sul fatto che non \u00e8 un bonus nato per il covid ma per un progetto che loro gi\u00e0 volevano attuare e quindi come tale prende vita da quando viene approvato. Ma potevano mettersi una mano sulla coscienza vista la situazione senza precedenti in cui ci siamo trovati e estendere a tutti i nati del 2020. Visto che parlano sar\u00e0 un assegno che durer\u00e0 almeno 3 anni non vedo perch\u00e9 non iniziarlo da gennaio 2020. Secondo me il problema \u00e8 che i soldi tanto declamati non ci sono. Infatti anche i bambini che rientrano nei parametri ancora non hanno visto un euro, i Comuni non sanno ancora niente&#8221;<\/em><\/div>\n<\/div>\n<\/div>\n<\/div>\n<\/div>\n<div class=\"pfnyh3mw ewlkfwdl bp9cbjyn j83agx80 qnrpqo6b\">\n<div class=\"\">\n<div class=\"lzcic4wl\" tabindex=\"0\" role=\"gridcell\" data-scope=\"messages_table\">\n<div class=\"mkd47r93 rgmg9uty j83agx80 btwxx1t3\" role=\"menu\" aria-orientation=\"horizontal\" aria-label=\"Azioni dei messaggi\">\n<div>\n<div class=\"\">\n<div class=\"oajrlxb2 gs1a9yip g5ia77u1 mtkw9kbi tlpljxtp qensuy8j ppp5ayq2 goun2846 ccm00jje s44p3ltw mk2mc5f4 rt8b4zig n8ej3o3l agehan2d sk4xxmp2 rq0escxv nhd2j8a9 pq6dq46d mg4g778l btwxx1t3 pfnyh3mw p7hjln8o kvgmc6g5 cxmmr5t8 oygrvhab hcukyx3x tgvbjcpo hpfvmrgz jb3vyjys rz4wbd8a qt6c0cv9 a8nywdso l9j0dhe7 i1ao9s8h esuyzwwr f1sip0of du4w35lb lzcic4wl abiwlrkh p8dawk7l\" tabindex=\"0\" role=\"menuitem\" aria-expanded=\"false\" aria-haspopup=\"menu\" aria-label=\"Aggiungi una reazione\">\n<div class=\"hcukyx3x cxmmr5t8 b73ngqbp rgmg9uty j83agx80 s45kfl79 emlxlaya bkmhp75w spb7xbtv pfnyh3mw n5ue3fu6 bp9cbjyn taijpn5t oqcyycmt nhd2j8a9 opvtebq1 l9j0dhe7\">\n<div class=\"p1ueia1e pgctjfs5 l8rlqa9s sh06z9xi i2p6rm4e\"><\/div>\n<\/div>\n<\/div>\n<\/div>\n<\/div>\n<div>\n<div class=\"hcukyx3x cxmmr5t8 b73ngqbp rgmg9uty j83agx80 s45kfl79 emlxlaya bkmhp75w spb7xbtv pfnyh3mw n5ue3fu6 bp9cbjyn taijpn5t oqcyycmt nhd2j8a9 opvtebq1 l9j0dhe7\">\n<div class=\"oajrlxb2 gs1a9yip g5ia77u1 mtkw9kbi tlpljxtp qensuy8j ppp5ayq2 goun2846 ccm00jje s44p3ltw mk2mc5f4 rt8b4zig n8ej3o3l agehan2d sk4xxmp2 rq0escxv nhd2j8a9 pq6dq46d mg4g778l btwxx1t3 pfnyh3mw p7hjln8o kvgmc6g5 cxmmr5t8 oygrvhab hcukyx3x tgvbjcpo hpfvmrgz jb3vyjys rz4wbd8a qt6c0cv9 a8nywdso l9j0dhe7 i1ao9s8h esuyzwwr f1sip0of du4w35lb lzcic4wl abiwlrkh p8dawk7l\" tabindex=\"0\" role=\"menuitem\" aria-label=\"Rispondi\">\n<div class=\"p1ueia1e pgctjfs5 l8rlqa9s sh06z9xi i2p6rm4e\">Basite le mamme per la risposta ricevuta&#8230; alcune la commentano cos\u00ec <strong>Alessia<\/strong> \u00a0<em>Hanno ribadito i soliti concetti del piffero sulla data del decreto dalla quale hanno fatto partire il bonus <\/em><strong>Monica\u00a0<\/strong><em>Ma sembra una presa in giro. Ci sono comunque bonus nazionali erogati da Inps e\u00a0 Comune. <\/em><strong>Elvira<\/strong><em> Dalla mail ho capito che non ci sono tanti soldi per poterli dare a tutti ma solo ai nati il 19\/8\/20. <\/em><strong>Vera <\/strong><em>un copia e incolla che non include alcuna risposta utile. <\/em><strong>Marina <\/strong><em>molto generica con nessuna risposta utile <\/em><strong>Kim <\/strong><em>tante parole ma niente succo sottolineando che esistono altri sussidi. <\/em><strong>Nicoletta<\/strong><em>.una risposta assurda secondo me. <\/em><strong>Flaviuz <\/strong><em>sar\u00f2 ignorante ma non ho capito la risposta o forse si: \u201cti capisco ma&#8230;.arrangiati\u201d <\/em><strong>Giulia <\/strong><em>pi\u00f9 che una risposta \u00e8 un giro di parole senza senso, pieno di preamboli per evitare di rispondere direttamente alla nostra domanda. Che delusione <\/em><strong>Gioia <\/strong><em>alcun riscontro oggettivo&#8230;<strong>Alice<\/strong> risposta vaga della serie copio incollo e fattela andare bene come risposta. <\/em><strong>Giulia <\/strong><em><em>un papiro che non vuol dire assolutamente niente E soprattutto non risponde alla nostra domanda<\/em><\/em><strong>.Eleonora<\/strong>\u00a0 hanno scritto molto per non dire nulla<\/div>\n<\/div>\n<\/div>\n<\/div>\n<\/div>\n<\/div>\n<\/div>\n<\/div>\n<p>&nbsp;<\/p>\n<p>&nbsp;<\/p>\n","protected":false},"excerpt":{"rendered":"<p>REDAZIONE Risalgono alla fine dello scorso anno gli articoli pubblicati da Radio Pi\u00f9 per dare voce alla protesta della mamme dei serie B che nell&#8217;anno del covid hanno partorito prima del 19 agosto e per questo a loro non viene riconosciuto alcun bonus. Si erano fatte sentire le mamme, fino in Regione, ma senza ottenere&hellip;<\/p>\n","protected":false},"author":4,"featured_media":179959,"comment_status":"closed","ping_status":"closed","sticky":false,"template":"","format":"standard","meta":{"_monsterinsights_skip_tracking":false,"_monsterinsights_sitenote_active":false,"_monsterinsights_sitenote_note":"","_monsterinsights_sitenote_category":0,"footnotes":""},"categories":[104,49],"tags":[],"class_list":["post-179958","post","type-post","status-publish","format-standard","has-post-thumbnail","hentry","category-evidenza_3","category-news-18","category-104","category-49","description-off"],"img_url":"https:\/\/www.radiopiu.net\/wordpress\/wp-content\/uploads\/2020\/12\/128761186_197444241856887_448293707683865009_n-266x300-1.jpg","_links":{"self":[{"href":"https:\/\/www.radiopiu.net\/wordpress\/wp-json\/wp\/v2\/posts\/179958","targetHints":{"allow":["GET"]}}],"collection":[{"href":"https:\/\/www.radiopiu.net\/wordpress\/wp-json\/wp\/v2\/posts"}],"about":[{"href":"https:\/\/www.radiopiu.net\/wordpress\/wp-json\/wp\/v2\/types\/post"}],"author":[{"embeddable":true,"href":"https:\/\/www.radiopiu.net\/wordpress\/wp-json\/wp\/v2\/users\/4"}],"replies":[{"embeddable":true,"href":"https:\/\/www.radiopiu.net\/wordpress\/wp-json\/wp\/v2\/comments?post=179958"}],"version-history":[{"count":0,"href":"https:\/\/www.radiopiu.net\/wordpress\/wp-json\/wp\/v2\/posts\/179958\/revisions"}],"wp:featuredmedia":[{"embeddable":true,"href":"https:\/\/www.radiopiu.net\/wordpress\/wp-json\/wp\/v2\/media\/179959"}],"wp:attachment":[{"href":"https:\/\/www.radiopiu.net\/wordpress\/wp-json\/wp\/v2\/media?parent=179958"}],"wp:term":[{"taxonomy":"category","embeddable":true,"href":"https:\/\/www.radiopiu.net\/wordpress\/wp-json\/wp\/v2\/categories?post=179958"},{"taxonomy":"post_tag","embeddable":true,"href":"https:\/\/www.radiopiu.net\/wordpress\/wp-json\/wp\/v2\/tags?post=179958"}],"curies":[{"name":"wp","href":"https:\/\/api.w.org\/{rel}","templated":true}]}}