{"id":180020,"date":"2020-11-17T05:32:45","date_gmt":"2020-11-17T04:32:45","guid":{"rendered":"https:\/\/www.radiopiu.net\/wordpress\/?p=180020"},"modified":"2021-11-17T05:55:21","modified_gmt":"2021-11-17T04:55:21","slug":"agordochis","status":"publish","type":"post","link":"https:\/\/www.radiopiu.net\/wordpress\/agordochis\/","title":{"rendered":"\u00a0LE INIZIATIVE DI ROBERTO CHISSALE&#8217;, SINDACO TRA I CITTADINI\u00a0"},"content":{"rendered":"<blockquote>\n<blockquote>\n<h3><\/h3>\n<h3><\/h3>\n<\/blockquote>\n<p><strong>AGORDO<\/strong> Il sindaco Roberto Chissal\u00e8 con gli assessori competenti incontrer\u00e0 la popolazione per fare il punto sui lavori boschivi che hanno interessato il monte Larion-Baster (con l&#8217;intervento decisivo di Luxottica) e Pecole-Binatega sulla strada per Malga Framont ai piedi della Moiazza. Primo incontro venerd\u00ec 26 novembre, alle 17.30, nella sala convegni Don Tamis dove si discuter\u00e0 dei lavori sull&#8217;Arion e sulla opportunit\u00e0 di trasformare la pista forestale temporanea\u00a0 in\u00a0 strada silvo-pastorale. Sabato 27 novembre alle 17, sempre nella sala Don Tamis l&#8217;incontro con i portatori di interesse della zona Pecole-Binatega dove l&#8217;investimento s&#8217;aggira sui 300mila euro dei fondi vaia.<\/p>\n<p><span style=\"color: #ff0000;\"><strong>ARCHIVIO RADIO PIU, NOTIZIARIO APRILE 2021\u00a0\u00a0<\/strong><\/span><\/p><\/blockquote>\n<h3><span style=\"color: #ff0000;\"><strong><br \/>\nA TUTTA BIRRA&#8230;SUL MONTE LARION &#8211; PROSEGUONO LE OPERAZIONI POST VAIA CON LUXOTTICA<br \/>\n<\/strong><\/span><\/h3>\n<blockquote><p><strong>LA FOTO DEL GIORNO DI VALTER FARENZENA (facebook Sei di Agordo se&#8230;), CANTIERE SUL MONTE LARION, IN CORSO L&#8217;OPERA DI ESBOSCO GRAZIE A\u00a0 LUXOTTICA<\/strong><\/p>\n<p><a href=\"https:\/\/www.radiopiu.net\/wordpress\/giornale-radiopiu-20-aprile-2021-direttore-mirko-mezzacasa\/175341004_454868215571331_8447096920728948104_n\/\" rel=\"attachment wp-att-204502\"><img loading=\"lazy\" decoding=\"async\" class=\"alignnone wp-image-204502 size-full\" src=\"https:\/\/www.radiopiu.net\/wordpress\/wp-content\/uploads\/2021\/04\/175341004_454868215571331_8447096920728948104_n.jpg\" alt=\"\" width=\"960\" height=\"540\" srcset=\"https:\/\/www.radiopiu.net\/wordpress\/wp-content\/uploads\/2021\/04\/175341004_454868215571331_8447096920728948104_n.jpg 960w, https:\/\/www.radiopiu.net\/wordpress\/wp-content\/uploads\/2021\/04\/175341004_454868215571331_8447096920728948104_n-300x169.jpg 300w, https:\/\/www.radiopiu.net\/wordpress\/wp-content\/uploads\/2021\/04\/175341004_454868215571331_8447096920728948104_n-768x432.jpg 768w\" sizes=\"auto, (max-width: 960px) 100vw, 960px\" \/><\/a><\/p>\n<p>&nbsp;<\/p>\n<h3>LUXOTTICA SI PRENDE CURA DEI DANNI SUL MONTE LARION<\/h3>\n<p><strong>AGORDO<\/strong> Un progetto ambizioso: il piano di ripristino boschivo pi\u00f9 imponente mai immaginato dopo Vaia su un&#8217;area di 30 ettari in localit\u00e0 Larion-Baster. Zona\u00a0 impervia. Troppo oneroso e complesso pensare di curare quel pezzo di foresta schiantata per il comune. Ecco allora che Luxottica, in sordina, senza svelare di essere lo sponsor, ha preso a cuore l&#8217;intervento, si sono sondati i proprietari, e si \u00e8 tratteggiato il disegno di restituzione del bosco.<\/p>\n<h2><span style=\"color: #ff0000;\">IL SINDACO ROBERTO CHISSALE&#8217;<\/span><\/h2>\n<\/blockquote>\n<audio class=\"wp-audio-shortcode\" id=\"audio-180020-1\" preload=\"none\" style=\"width: 100%;\" controls=\"controls\"><source type=\"audio\/mpeg\" src=\"https:\/\/www.radiopiu.net\/wordpress\/wp-content\/uploads\/2020\/12\/roberto-chissale.mp3?_=1\" \/><a href=\"https:\/\/www.radiopiu.net\/wordpress\/wp-content\/uploads\/2020\/12\/roberto-chissale.mp3\">https:\/\/www.radiopiu.net\/wordpress\/wp-content\/uploads\/2020\/12\/roberto-chissale.mp3<\/a><\/audio>\n\n\t\t\t<style type='text\/css'>\n\t\t\t\t#gallery-1 {\n\t\t\t\t\tmargin: auto;\n\t\t\t\t}\n\t\t\t\t#gallery-1 .gallery-item {\n\t\t\t\t\tfloat: left;\n\t\t\t\t\tmargin-top: 10px;\n\t\t\t\t\ttext-align: center;\n\t\t\t\t\twidth: 33%;\n\t\t\t\t}\n\t\t\t\t#gallery-1 img {\n\t\t\t\t\tborder: 2px solid #cfcfcf;\n\t\t\t\t}\n\t\t\t\t#gallery-1 .gallery-caption {\n\t\t\t\t\tmargin-left: 0;\n\t\t\t\t}\n\t\t\t\t\/* see gallery_shortcode() in wp-includes\/media.php *\/\n\t\t\t<\/style>\n\t\t<div id='gallery-1' class='dt-gallery-container gallery galleryid-180020 gallery-columns-3 gallery-size-thumbnail'><dl class='gallery-item'>\n\t\t\t\t<dt class='gallery-icon landscape'>\n\t\t\t\t\t<a class=\"rollover rollover-zoom dt-pswp-item\" title=\"STLABS_ETIFOR_Wow_Nature_Agordo_9351-Edit\" data-dt-img-description=\"\" data-large_image_width=\"2560\" data-large_image_height=\"1707\"href='https:\/\/www.radiopiu.net\/wordpress\/wp-content\/uploads\/2020\/12\/STLABS_ETIFOR_Wow_Nature_Agordo_9351-Edit-scaled.jpg'><img loading=\"lazy\" decoding=\"async\" width=\"150\" height=\"150\" src=\"https:\/\/www.radiopiu.net\/wordpress\/wp-content\/uploads\/2020\/12\/STLABS_ETIFOR_Wow_Nature_Agordo_9351-Edit-150x150.jpg\" class=\"attachment-thumbnail size-thumbnail\" alt=\"\" \/><\/a>\n\t\t\t\t<\/dt><\/dl><dl class='gallery-item'>\n\t\t\t\t<dt class='gallery-icon landscape'>\n\t\t\t\t\t<a class=\"rollover rollover-zoom dt-pswp-item\" title=\"STLABS_ETIFOR_Wow_Nature_Agordo_0920\" data-dt-img-description=\"\" data-large_image_width=\"2560\" data-large_image_height=\"1919\"href='https:\/\/www.radiopiu.net\/wordpress\/wp-content\/uploads\/2020\/12\/STLABS_ETIFOR_Wow_Nature_Agordo_0920-scaled.jpg'><img loading=\"lazy\" decoding=\"async\" width=\"150\" height=\"150\" src=\"https:\/\/www.radiopiu.net\/wordpress\/wp-content\/uploads\/2020\/12\/STLABS_ETIFOR_Wow_Nature_Agordo_0920-150x150.jpg\" class=\"attachment-thumbnail size-thumbnail\" alt=\"\" \/><\/a>\n\t\t\t\t<\/dt><\/dl><dl class='gallery-item'>\n\t\t\t\t<dt class='gallery-icon landscape'>\n\t\t\t\t\t<a class=\"rollover rollover-zoom dt-pswp-item\" title=\"STLABS_ETIFOR_Wow_Nature_Agordo_0927\" data-dt-img-description=\"\" data-large_image_width=\"2560\" data-large_image_height=\"1919\"href='https:\/\/www.radiopiu.net\/wordpress\/wp-content\/uploads\/2020\/12\/STLABS_ETIFOR_Wow_Nature_Agordo_0927-scaled.jpg'><img loading=\"lazy\" decoding=\"async\" width=\"150\" height=\"150\" src=\"https:\/\/www.radiopiu.net\/wordpress\/wp-content\/uploads\/2020\/12\/STLABS_ETIFOR_Wow_Nature_Agordo_0927-150x150.jpg\" class=\"attachment-thumbnail size-thumbnail\" alt=\"\" \/><\/a>\n\t\t\t\t<\/dt><\/dl><br style=\"clear: both\" \/><dl class='gallery-item'>\n\t\t\t\t<dt class='gallery-icon landscape'>\n\t\t\t\t\t<a class=\"rollover rollover-zoom dt-pswp-item\" title=\"STLABS_ETIFOR_Wow_Nature_Agordo_9319\" data-dt-img-description=\"\" data-large_image_width=\"2560\" data-large_image_height=\"1707\"href='https:\/\/www.radiopiu.net\/wordpress\/wp-content\/uploads\/2020\/12\/STLABS_ETIFOR_Wow_Nature_Agordo_9319-scaled.jpg'><img loading=\"lazy\" decoding=\"async\" width=\"150\" height=\"150\" src=\"https:\/\/www.radiopiu.net\/wordpress\/wp-content\/uploads\/2020\/12\/STLABS_ETIFOR_Wow_Nature_Agordo_9319-150x150.jpg\" class=\"attachment-thumbnail size-thumbnail\" alt=\"\" \/><\/a>\n\t\t\t\t<\/dt><\/dl><dl class='gallery-item'>\n\t\t\t\t<dt class='gallery-icon landscape'>\n\t\t\t\t\t<a class=\"rollover rollover-zoom dt-pswp-item\" title=\"STLABS_ETIFOR_Wow_Nature_Agordo_9260\" data-dt-img-description=\"\" data-large_image_width=\"2560\" data-large_image_height=\"1707\"href='https:\/\/www.radiopiu.net\/wordpress\/wp-content\/uploads\/2020\/12\/STLABS_ETIFOR_Wow_Nature_Agordo_9260-scaled.jpg'><img loading=\"lazy\" decoding=\"async\" width=\"150\" height=\"150\" src=\"https:\/\/www.radiopiu.net\/wordpress\/wp-content\/uploads\/2020\/12\/STLABS_ETIFOR_Wow_Nature_Agordo_9260-150x150.jpg\" class=\"attachment-thumbnail size-thumbnail\" alt=\"\" \/><\/a>\n\t\t\t\t<\/dt><\/dl><dl class='gallery-item'>\n\t\t\t\t<dt class='gallery-icon landscape'>\n\t\t\t\t\t<a class=\"rollover rollover-zoom dt-pswp-item\" title=\"SFP_0476\" data-dt-img-description=\"\" data-large_image_width=\"2000\" data-large_image_height=\"1333\"href='https:\/\/www.radiopiu.net\/wordpress\/wp-content\/uploads\/2020\/12\/SFP_0476.jpg'><img loading=\"lazy\" decoding=\"async\" width=\"150\" height=\"150\" src=\"https:\/\/www.radiopiu.net\/wordpress\/wp-content\/uploads\/2020\/12\/SFP_0476-150x150.jpg\" class=\"attachment-thumbnail size-thumbnail\" alt=\"\" \/><\/a>\n\t\t\t\t<\/dt><\/dl><br style=\"clear: both\" \/><dl class='gallery-item'>\n\t\t\t\t<dt class='gallery-icon landscape'>\n\t\t\t\t\t<a class=\"rollover rollover-zoom dt-pswp-item\" title=\"7629ab70-6695-4f4e-b1fd-c3140795f579\" data-dt-img-description=\"\" data-large_image_width=\"2000\" data-large_image_height=\"934\"href='https:\/\/www.radiopiu.net\/wordpress\/wp-content\/uploads\/2021\/04\/7629ab70-6695-4f4e-b1fd-c3140795f579.jpg'><img loading=\"lazy\" decoding=\"async\" width=\"150\" height=\"150\" src=\"https:\/\/www.radiopiu.net\/wordpress\/wp-content\/uploads\/2021\/04\/7629ab70-6695-4f4e-b1fd-c3140795f579-150x150.jpg\" class=\"attachment-thumbnail size-thumbnail\" alt=\"\" \/><\/a>\n\t\t\t\t<\/dt><\/dl><dl class='gallery-item'>\n\t\t\t\t<dt class='gallery-icon landscape'>\n\t\t\t\t\t<a class=\"rollover rollover-zoom dt-pswp-item\" title=\"091a6b55-c767-40fa-88ca-48cb0a30a1c9\" data-dt-img-description=\"\" data-large_image_width=\"2000\" data-large_image_height=\"934\"href='https:\/\/www.radiopiu.net\/wordpress\/wp-content\/uploads\/2021\/04\/091a6b55-c767-40fa-88ca-48cb0a30a1c9.jpg'><img loading=\"lazy\" decoding=\"async\" width=\"150\" height=\"150\" src=\"https:\/\/www.radiopiu.net\/wordpress\/wp-content\/uploads\/2021\/04\/091a6b55-c767-40fa-88ca-48cb0a30a1c9-150x150.jpg\" class=\"attachment-thumbnail size-thumbnail\" alt=\"\" \/><\/a>\n\t\t\t\t<\/dt><\/dl><dl class='gallery-item'>\n\t\t\t\t<dt class='gallery-icon landscape'>\n\t\t\t\t\t<a class=\"rollover rollover-zoom dt-pswp-item\" title=\"e924b7f4-f9b5-446e-be29-ff256d400355\" data-dt-img-description=\"\" data-large_image_width=\"2000\" data-large_image_height=\"934\"href='https:\/\/www.radiopiu.net\/wordpress\/wp-content\/uploads\/2021\/04\/e924b7f4-f9b5-446e-be29-ff256d400355.jpg'><img loading=\"lazy\" decoding=\"async\" width=\"150\" height=\"150\" src=\"https:\/\/www.radiopiu.net\/wordpress\/wp-content\/uploads\/2021\/04\/e924b7f4-f9b5-446e-be29-ff256d400355-150x150.jpg\" class=\"attachment-thumbnail size-thumbnail\" alt=\"\" \/><\/a>\n\t\t\t\t<\/dt><\/dl><br style=\"clear: both\" \/><dl class='gallery-item'>\n\t\t\t\t<dt class='gallery-icon landscape'>\n\t\t\t\t\t<a class=\"rollover rollover-zoom dt-pswp-item\" title=\"d11100ae-03db-446e-b84d-c61889ce9b46\" data-dt-img-description=\"\" data-large_image_width=\"2000\" data-large_image_height=\"934\"href='https:\/\/www.radiopiu.net\/wordpress\/wp-content\/uploads\/2021\/04\/d11100ae-03db-446e-b84d-c61889ce9b46.jpg'><img loading=\"lazy\" decoding=\"async\" width=\"150\" height=\"150\" src=\"https:\/\/www.radiopiu.net\/wordpress\/wp-content\/uploads\/2021\/04\/d11100ae-03db-446e-b84d-c61889ce9b46-150x150.jpg\" class=\"attachment-thumbnail size-thumbnail\" alt=\"\" \/><\/a>\n\t\t\t\t<\/dt><\/dl><dl class='gallery-item'>\n\t\t\t\t<dt class='gallery-icon landscape'>\n\t\t\t\t\t<a class=\"rollover rollover-zoom dt-pswp-item\" title=\"c09a28cf-4356-4419-9d2f-cb33b38f4e80\" data-dt-img-description=\"\" data-large_image_width=\"2000\" data-large_image_height=\"934\"href='https:\/\/www.radiopiu.net\/wordpress\/wp-content\/uploads\/2021\/04\/c09a28cf-4356-4419-9d2f-cb33b38f4e80.jpg'><img loading=\"lazy\" decoding=\"async\" width=\"150\" height=\"150\" src=\"https:\/\/www.radiopiu.net\/wordpress\/wp-content\/uploads\/2021\/04\/c09a28cf-4356-4419-9d2f-cb33b38f4e80-150x150.jpg\" class=\"attachment-thumbnail size-thumbnail\" alt=\"\" \/><\/a>\n\t\t\t\t<\/dt><\/dl><dl class='gallery-item'>\n\t\t\t\t<dt class='gallery-icon landscape'>\n\t\t\t\t\t<a class=\"rollover rollover-zoom dt-pswp-item\" title=\"ab09979c-f751-4948-b28b-71b70b461531\" data-dt-img-description=\"\" data-large_image_width=\"2000\" data-large_image_height=\"934\"href='https:\/\/www.radiopiu.net\/wordpress\/wp-content\/uploads\/2021\/04\/ab09979c-f751-4948-b28b-71b70b461531.jpg'><img loading=\"lazy\" decoding=\"async\" width=\"150\" height=\"150\" src=\"https:\/\/www.radiopiu.net\/wordpress\/wp-content\/uploads\/2021\/04\/ab09979c-f751-4948-b28b-71b70b461531-150x150.jpg\" class=\"attachment-thumbnail size-thumbnail\" alt=\"\" \/><\/a>\n\t\t\t\t<\/dt><\/dl><br style=\"clear: both\" \/>\n\t\t\t<\/div>\n\n<hr \/>\n<p>&nbsp;<\/p>\n<blockquote>\n<h3><\/h3>\n<\/blockquote>\n<blockquote><p>&nbsp;<\/p><\/blockquote>\n<p><span style=\"color: #ff0000;\"><strong>dai notiziario di radio piu<\/strong><\/span><\/p>\n<blockquote>\n<h1><strong>\u00a0POST VAIA, IL PRIMO BOSCO GRIFFATO LUXOTTICA<\/strong><\/h1>\n<blockquote><p><em>Al via su 30 ettari di montagna il pi\u00f9 grande intervento di ripristino di un\u2019azienda privata sulle aree colpite dalla tempesta del 2018 <\/em><\/p><\/blockquote>\n<p><strong><a href=\"https:\/\/www.radiopiu.net\/wordpress\/giornale-radiopiu-17-dicembre-2020-direttore-mirko-mezzacasa\/b27304c2-9374-44c4-b5b3-883fdfc4740c\/\" rel=\"attachment wp-att-180036\"><img loading=\"lazy\" decoding=\"async\" class=\"wp-image-180036 alignleft\" src=\"https:\/\/www.radiopiu.net\/wordpress\/wp-content\/uploads\/2020\/12\/b27304c2-9374-44c4-b5b3-883fdfc4740c-169x300.jpg\" alt=\"\" width=\"120\" height=\"213\" srcset=\"https:\/\/www.radiopiu.net\/wordpress\/wp-content\/uploads\/2020\/12\/b27304c2-9374-44c4-b5b3-883fdfc4740c-169x300.jpg 169w, https:\/\/www.radiopiu.net\/wordpress\/wp-content\/uploads\/2020\/12\/b27304c2-9374-44c4-b5b3-883fdfc4740c-576x1024.jpg 576w, https:\/\/www.radiopiu.net\/wordpress\/wp-content\/uploads\/2020\/12\/b27304c2-9374-44c4-b5b3-883fdfc4740c-768x1365.jpg 768w, https:\/\/www.radiopiu.net\/wordpress\/wp-content\/uploads\/2020\/12\/b27304c2-9374-44c4-b5b3-883fdfc4740c-864x1536.jpg 864w, https:\/\/www.radiopiu.net\/wordpress\/wp-content\/uploads\/2020\/12\/b27304c2-9374-44c4-b5b3-883fdfc4740c.jpg 1152w\" sizes=\"auto, (max-width: 120px) 100vw, 120px\" \/><\/a>MILANO\u00a0<\/strong> Luxottica annuncia l\u2019avvio di un primo, importante intervento di ripristino forestale nel Bellunese, territorio ad alto valore naturalistico ai piedi delle Dolomiti (Patrimonio UNESCO), ferito nel 2018 dall\u2019eccezionale tempesta Vaia. Il progetto si sviluppa su un\u2019area di 30 ettari di montagna nel Comune di Agordo (BL), pari a circa 50 campi da calcio, alle spalle del principale stabilimento produttivo dell\u2019azienda. Sar\u00e0 il pi\u00f9 grande nel suo genere finanziato da un\u2019azienda privata tra le foreste colpite da Vaia, realizzato in sinergia con le istituzioni locali, in particolare il Comune di Agordo, un centinaio di proprietari privati e alcune imprese locali, in un\u2019ottica di trasparenza e collaborazione. Luxottica si prender\u00e0 cura di 15.000 alberi, recuperando i tronchi abbattuti dalla tempesta, mettendo in sicurezza il suolo, salvaguardando gli alberi risparmiati e favorendo la crescita di quelli che nasceranno spontaneamente per la rigenerazione naturale della foresta. Il piano prevede anche l\u2019impianto in piccoli <a href=\"https:\/\/www.radiopiu.net\/wordpress\/giornale-radiopiu-17-dicembre-2020-direttore-mirko-mezzacasa\/d6d1e7fc-50ae-4fc8-91ee-b79afb50f298\/\" rel=\"attachment wp-att-180035\"><img loading=\"lazy\" decoding=\"async\" class=\"size-medium wp-image-180035 alignright\" src=\"https:\/\/www.radiopiu.net\/wordpress\/wp-content\/uploads\/2020\/12\/d6d1e7fc-50ae-4fc8-91ee-b79afb50f298-169x300.jpg\" alt=\"\" width=\"169\" height=\"300\" srcset=\"https:\/\/www.radiopiu.net\/wordpress\/wp-content\/uploads\/2020\/12\/d6d1e7fc-50ae-4fc8-91ee-b79afb50f298-169x300.jpg 169w, https:\/\/www.radiopiu.net\/wordpress\/wp-content\/uploads\/2020\/12\/d6d1e7fc-50ae-4fc8-91ee-b79afb50f298-576x1024.jpg 576w, https:\/\/www.radiopiu.net\/wordpress\/wp-content\/uploads\/2020\/12\/d6d1e7fc-50ae-4fc8-91ee-b79afb50f298-768x1365.jpg 768w, https:\/\/www.radiopiu.net\/wordpress\/wp-content\/uploads\/2020\/12\/d6d1e7fc-50ae-4fc8-91ee-b79afb50f298-864x1536.jpg 864w, https:\/\/www.radiopiu.net\/wordpress\/wp-content\/uploads\/2020\/12\/d6d1e7fc-50ae-4fc8-91ee-b79afb50f298.jpg 1152w\" sizes=\"auto, (max-width: 169px) 100vw, 169px\" \/><\/a>nuclei di 2.000 nuovi alberi, solo di specie di origine locale, per aumentare la biodiversit\u00e0 e la resilienza della foresta in accordo con le indicazioni scientifiche. La fase iniziale, che si concluder\u00e0 entro il primo trimestre del 2021, prevede la pulizia dell\u2019area e la rimozione del legname abbattuto, e sar\u00e0 cruciale per raggiungere due obiettivi: mettere in totale sicurezza i terreni, riducendo il rischio di frane e smottamenti, e salvaguardare le altre foreste dall\u2019attacco di insetti dannosi che prolificano nel legname abbandonato a terra (bostrico tipografo). In primavera seguir\u00e0 la seconda fase di rigenerazione vera e propria. Il primo bosco firmato Luxottica porter\u00e0 un beneficio reale in termini di cattura e conservazione di CO<sub>2<\/sub>, il principale gas ad effetto serra, e dar\u00e0 vita a un percorso di economia circolare con l\u2019impiego del legname e degli scarti forestali recuperati per nuove finalit\u00e0 a livello locale, compresa la produzione di energia rinnovabile e pulita. Ad Agordo \u00e8 gi\u00e0 tra l\u2019altro attivo un impianto alimentato a biomassa solida, come cippato forestale, sfalci e potature, che serve il locale stabilimento Luxottica e che \u00e8 stato inaugurato in collaborazione con Enel nel 2017. L\u2019intervento \u00e8 realizzato in collaborazione con Etifor,\u00a0spin-off dell&#8217;Universit\u00e0 degli Studi di Padova specializzato in consulenza, progettazione, ricerca e formazione in ambito ambientale, e restituir\u00e0 valore al territorio, mitigando l\u2019impatto delle attivit\u00e0 Luxottica sull\u2019ambiente e trasformando un evento traumatico come Vaia in un\u2019opportunit\u00e0 di miglioramento dell\u2019area sotto i profili idrogeologico, ambientale e paesaggistico. Maggiori informazioni sul progetto di riforestazione di Luxottica sono disponibili sul sito <a href=\"https:\/\/www.wownature.eu\/areewow\/agordo\/\">https:\/\/www.wownature.eu\/areewow\/agordo\/<\/a> .<\/p>\n<p>&nbsp;<\/p>\n<p>&nbsp;<\/p><\/blockquote>\n","protected":false},"excerpt":{"rendered":"<p>AGORDO Il sindaco Roberto Chissal\u00e8 con gli assessori competenti incontrer\u00e0 la popolazione per fare il punto sui lavori boschivi che hanno interessato il monte Larion-Baster (con l&#8217;intervento decisivo di Luxottica) e Pecole-Binatega sulla strada per Malga Framont ai piedi della Moiazza. Primo incontro venerd\u00ec 26 novembre, alle 17.30, nella sala convegni Don Tamis dove si&hellip;<\/p>\n","protected":false},"author":4,"featured_media":243309,"comment_status":"closed","ping_status":"closed","sticky":false,"template":"","format":"standard","meta":{"_monsterinsights_skip_tracking":false,"_monsterinsights_sitenote_active":false,"_monsterinsights_sitenote_note":"","_monsterinsights_sitenote_category":0,"footnotes":""},"categories":[104,49],"tags":[],"class_list":["post-180020","post","type-post","status-publish","format-standard","has-post-thumbnail","hentry","category-evidenza_3","category-news-18","category-104","category-49","description-off"],"img_url":"https:\/\/www.radiopiu.net\/wordpress\/wp-content\/uploads\/2020\/04\/175341004_454868215571331_8447096920728948104_n.jpg","_links":{"self":[{"href":"https:\/\/www.radiopiu.net\/wordpress\/wp-json\/wp\/v2\/posts\/180020","targetHints":{"allow":["GET"]}}],"collection":[{"href":"https:\/\/www.radiopiu.net\/wordpress\/wp-json\/wp\/v2\/posts"}],"about":[{"href":"https:\/\/www.radiopiu.net\/wordpress\/wp-json\/wp\/v2\/types\/post"}],"author":[{"embeddable":true,"href":"https:\/\/www.radiopiu.net\/wordpress\/wp-json\/wp\/v2\/users\/4"}],"replies":[{"embeddable":true,"href":"https:\/\/www.radiopiu.net\/wordpress\/wp-json\/wp\/v2\/comments?post=180020"}],"version-history":[{"count":0,"href":"https:\/\/www.radiopiu.net\/wordpress\/wp-json\/wp\/v2\/posts\/180020\/revisions"}],"wp:featuredmedia":[{"embeddable":true,"href":"https:\/\/www.radiopiu.net\/wordpress\/wp-json\/wp\/v2\/media\/243309"}],"wp:attachment":[{"href":"https:\/\/www.radiopiu.net\/wordpress\/wp-json\/wp\/v2\/media?parent=180020"}],"wp:term":[{"taxonomy":"category","embeddable":true,"href":"https:\/\/www.radiopiu.net\/wordpress\/wp-json\/wp\/v2\/categories?post=180020"},{"taxonomy":"post_tag","embeddable":true,"href":"https:\/\/www.radiopiu.net\/wordpress\/wp-json\/wp\/v2\/tags?post=180020"}],"curies":[{"name":"wp","href":"https:\/\/api.w.org\/{rel}","templated":true}]}}