{"id":180076,"date":"2020-12-17T12:25:20","date_gmt":"2020-12-17T11:25:20","guid":{"rendered":"https:\/\/www.radiopiu.net\/wordpress\/?p=180076"},"modified":"2020-12-17T13:58:36","modified_gmt":"2020-12-17T12:58:36","slug":"i-giorni-delle-decisioni-sul-natale-da-venezia-parla-luca-zaia","status":"publish","type":"post","link":"https:\/\/www.radiopiu.net\/wordpress\/i-giorni-delle-decisioni-sul-natale-da-venezia-parla-luca-zaia\/","title":{"rendered":"IMPOSTATA LA NUOVA ORDINANZA REGIONALE: DA SABATO AL 6 GENNAIO CHIUSURA DEI CONFINI COMUNALI ALLE 14  -da Venezia parla Luca Zaia &#8211; &#8220;SIAMO SEMPRE DA ZONA GIALLA CON L&#8217;INDICE Rt SCESO A 0,96&#8221;"},"content":{"rendered":"<p><strong>VENEZIA<\/strong> Quotidiano appuntamento con gli aggiornamenti covid19 in Regione, da Marghera sede della protezione civile il Presidente Luca Zaia.<\/p>\n<p><strong><span style=\"color: #ff0000;\">I NUMERI<\/span> TAMPONI MOLECOLARI 3.063.715 (+19.923) TAMPONI RAPIDI 1.457.511 (+38569) SU OLTRE 58MILA TAMPONI (4402 POSTIVI) PERCENTUALE DEL 7,52% POSITIVI DA INIZIO EPIDEMIA 205.009 (+4402) POSITIVI ATTUALI 95.779\u00a0 RICOVERATI 3.331 378 RICOVERATI IN TERAPIA INTENSIVA (+6)\u00a0 RICOVERATI IN AREA NON CRITICA 2953 (+8). DECESSI 5161 (+92) DIMESSI 9087<\/strong><\/p>\n<p>&nbsp;<\/p>\n<blockquote>\n<h2>LEGGI LA CONFERENZA STAMPA DI LUCA ZAIA<\/h2>\n<\/blockquote>\n<p><em>Noi siamo ancora in zona gialla, ma il governo sta adottando delle misure\u00a0 che\u00a0 non sono ancora chiare ma non possiamo aspettare ancora. Abbiamo un terzo in pi\u00f9 di ricoveri rispetto a marzo e non si descriva la nostra sanit\u00e0 come macchina scassata non se lo merita, non se lo meritano coloro che lavorano. Noi abbiamo pronta l&#8217;ordinanza se quella governativa sar\u00e0 pi\u00f9 severa assorbir\u00e0 la nostra. C&#8217;\u00e8 un problema che va risolto assieme.<\/em><\/p>\n<p>Veneto sempre da zona gialla ed \u00e8 presumibile (0,96 l&#8217;indice Rt) li\u00a0 rimanga poich\u00e9 abbondantemente sotto 1,25. La nuova Ordinanza? Non siamo codardi, ma da luned\u00ec \u00e8 iniziato un dibattito nazionale a me non \u00e8 ancora chiaro che cosa accadr\u00e0. Come gruppo di Governatori abbiamo confermato il senso di responsabilit\u00e0. Abbiamo detto che si fa presto a fare i fenomeni con i portafogli degli altri, il ristoro \u00e8 pertanto tema importante. Che il Governo adotti le misure ma con relativi ristori alla &#8220;tedesca&#8221; cio\u00e8 se un imprenditore perde l&#8217;incasso \u00e8 giusta abbia una quota parte (una percentuale sul fatturato tolti i cosi fissi e risparmiati). Auspico provvedimenti con copertura nazionale. E&#8217; pur vero che la situazione epidemiologica di oggi che se da un lato viene gestita (378 terapie intensive 3331 ricoverati oltre ai 700 pazienti non covid) abbiamo un terzo di pi\u00f9 dei ricoverati di marzo. Quindi meno distanziamento sociale nel nuovo bacino del NordEst,\u00a0 dopo il NordOvest (Piemonte, Lombardia, Liguria). Per questo \u00e8 fondamentale assumere dei provvedimenti. Stamane abbiamo discusso un provvedimento sentiti anche i sindaci, \u00e8 un&#8217;idea innovativa che aumenta il distanziamento sociale. E&#8217; un sacrificio ma anche la volont\u00e0 di dire che se non facciamo qualche cosa a gennaio saremo in grosse difficolt\u00e0 e non \u00e8 un caso che il Governo sia al lavoro per misure nazionali. Il tema della migrazione da Regione a Regione \u00e8 un problema epidemiologica. Dobbiamo fare squadra, la Regione vuole portare avanti un discorso di tutela della salute e il pericolo \u00e8 dietro l&#8217;angolo. Questo sacrificio lo chiediamo per il futuro. Sono chiamato a prendere delle decisioni, non con gioia,\u00a0 ma tocca a noi \u00e8 come avessimo un terremoto o una guerra e non si prendono le valige e si scappa, ma deve essere un lavoro di comunit\u00e0. Da due mesi siamo in zona gialla diversamente da altre regioni.\u00a0 Siamo stati i primi a fare la zona rossa, a mettere il limite dei 200 metri, a chiudere i negozi\u00a0 e centri commerciali il fine settimana. Siamo l&#8217;unica regione che grazie agli ospedali che funzionano non ha mai avuto restrizioni. Nessun dato taroccato, abbiamo una sanit\u00e0 che funziona.<\/p>\n<p>&nbsp;<\/p>\n<h3><span style=\"color: #ff0000;\">E&#8217; STATA IMPOSTATA LA NUOVA ORDINANZA SARA&#8217; RIVISTA SOLO SE CI SARANNO NORME GERARGICHE SUPERIORI (DECISIONI DEL GOVERNO).<\/span><\/h3>\n<p><strong>Sar\u00e0 presentata domani alle 12.30. Non giochiamo a guardia e ladri, facciamo provvedimenti per la salute, il problema non \u00e8 come aggirare l&#8217;ordinanza ma porci il problema che ognuno puo&#8217; infettarsi. .<\/strong><\/p>\n<p>da sabato al 6 gennaio misura epidemiologica e imprenditoriale con la chiusura dei confini comunali dalle 14 mantenendo inalterate le attivit\u00e0 produttive e commerciali (fino alle 21) e si lavora solo con i cittadini del Comune. Se i locali vanno a fare la spesa dopo le 14 evitano contatti con persone che vengono da fuori ma che possono andare nei negozi fino alle 14. Secondo noi \u00e8 soluzione di equilibrio con delle deroghe come previsto per le zone rosse: per comperare cibo ad esempio, per motivi sanitari, per lavoro e tutta una serie di casistiche. Non ci si chiude in casa con i negozi chiusi.<strong> C&#8217;\u00e8 una regimazione della movimentazione. Questa \u00e8 l&#8217;ordinanza che andr\u00f2 ad adottare.\u00a0 <\/strong>E&#8217; una sorta di zona arancione, oltre c&#8217;\u00e8 la chiusura totale. Proporremo al Ministro Speranza l&#8217;intesa.<\/p>\n<p><strong>DARA&#8217; IL SUO CONSENSO ALL&#8217;ORDINANZA GOVERNATIVA?<\/strong> Quando ci sar\u00e0 presentato affronteremo la questione con responsabilit\u00e0, ad oggi certezze zero. Vediamo cosa decidono. <strong>DEROGHE PER NATALE SANTO STEFANO E CAPODANNO?<\/strong> Al momento non anticipo nulla, ci siamo lasciati dopo una mattinata di lettura anche di questo aspetto. <strong>CONTROLLI? COME NEI GIORNI DEGLI\u00a0 ASSEMBRAMENTI CHE ABBIAMO VISTO OVUNQUE <\/strong>Non sono nostre competenze i controlli, noi la nostra parte l&#8217;abbiamo fatta. Non deve essere una sfida affrontare l&#8217;ordinanza ma senso civico. <strong>VACCINI<\/strong> Io lo far\u00f2 partiremo a fine mese e sar\u00e0 volontario. <strong>E&#8217; VERO CHE CI SONO PAZIENTI IN PRONTO SOCCORSO NON REGISTRATI CHE ATTENDONO UN POSTO LETTO<\/strong> Il nostro monitoraggio \u00e8 continuo anche con sopralluoghi sul posto, quindi la preoccupazione non \u00e8 corretta.<strong> NELL&#8217;ORDINANZA PREVISTE ZONE NON MINI LOCKDOWN?<\/strong> Al momento no. <strong>RESTRINGERE LA FASCIA DI MOVIMENTO NON CREERA&#8217; MAGGIORE ANSIA DA AQUISTO E AFFOLLAMENTO? <\/strong>Secondo noi \u00e8 un sistema di equilibrio se chi abita sul posto esce di pomeriggio e gli &#8220;esterni&#8221; al mattino. Ci dovr\u00e0 essere un comportamento e una scelta responsabile. Vogliamo evitare che in contemporanea siano presenti le persone del posto e chi viene da fuori. <strong>E&#8217; PREOCCUPATO?<\/strong> l&#8217;Rt \u00e8 sotto uno, lontano da 1,25 ma non saremo pi\u00f9 preoccupati solo quando svuoteremo gli ospedali. <strong>COME LA DEFINISCE L&#8217;ORDINANZA?<\/strong> Un atto di responsabilit\u00e0 reciproca.<\/p>\n<p>&nbsp;<\/p>\n<h2><strong>DOTTORESSA FRANCESCA RUSSO<\/strong><\/h2>\n<p><em>Ridurre l&#8217;incide di affollamento \u00e8 una misura utile e importante. Dobbiamo ridurre la circolazione delle persone.<\/em><\/p>\n<p>In questi giorni abbiamo fatto un&#8217;analisi per capire l&#8217;evoluzione dello scenario epidemiologico, soprattutto per capire se all&#8217;interno della Regione c&#8217;era un interessamento particolare di qualche zona rispetto ad altre. E&#8217; previsto che nel caso in cui ci siano aree a rischio abbiano altro tipo di valutazione e delimitazione. Dall&#8217;andamento abbiamo visto che siamo in una condizione di plateau non abbiamo avviato il percorso di discesa che speravamo di intraprendere, probabilmente la nostra situazione si mantiene in equilibrio. A livello di casi abbiamo leggeri picchi che poi si ridimensionano, l&#8217;andamento \u00e8 pi\u00f9 o meno stabile. Il dato da monitorare \u00e8 quello dell&#8217;incidenza, che non aumentino i sintomatici o i ricoverati per non stressare ulteriormente un sistema sanitario provato. Per questo abbiamo pensato alla situazione di equilibrio per ridurre l&#8217;incide di affollamento delle citt\u00e0. Pi\u00f9 gente \u00e8 presente nello stesso luogo e maggiore \u00e8 la possibilit\u00e0 di diffusione. Cerchiamo di ridurre gli assembramenti e anche le file fuori dai negozi. Le festivit\u00e0 invitano ad uscire ed essere conviviali come se la vita scorresse normalmente, ma succede solo con i paraocchi. Siamo in una zona di\u00a0 rischio moderato ma con alta probabilit\u00e0 di passare alla zona superiore. <strong>SCENARIO GIALLO CON ALTA PROBABILITA&#8217; VERSO IL RISCHIO MAGGIORE QUALE PREVISIONE?<\/strong> Facciamo una valutazione a sette giorni con un controllo giornaliero, notiamo piccolo picchi di spostamento. L&#8217;andamento \u00e8 un plateau per questo riteniamo dare una mano con collaborazione e consapevolezza perch\u00e9 la curva si riduca anche se lentamente, questa la nostra previsione, auspichiamo una decrescita pi\u00f9 veloce e non un nuova impennata verso l&#8217;alto causata da assembramenti o affollamenti.<\/p>\n<p><span style=\"color: #ff0000;\">IN CHIUSURA INTERVENTO DELL INGEGNER\u00a0 PAOLO FATTORI, INVESTIMENTI EDILIZIA SANITARIA E ATTREZZAMENTO-SVILUPPO INFRASTRUTTURA<\/span><\/p>\n<p><strong>RICOVERI:<\/strong> 68% dei ricoverati &#8220;severi&#8221; 60-70% sopra i 70 anni, il 30% in fascia 50-69, residuali i pi\u00f9 giovani. Siamo in situazione di equilibrio, ingressi pari alle uscite, 250-270 giornaliere. <strong>TEMPI<\/strong> Se la persona non entra in terapia intensiva il ricovero medio \u00e8 15-16 giorni. Pi\u00f9 lungo il post terapia intensiva. <strong>STRUTTURE\u00a0<\/strong> Maggiori ricoveri nei covid hospital che hanno sacrificato l&#8217;area medica per la patologia. Verona e Padova hanno carichi pi\u00f9 forti per salvaguardare gli hub regionali.<\/p>\n<p><a href=\"https:\/\/www.facebook.com\/zaiaufficiale\/videos\/3984472438229566\">https:\/\/www.facebook.com\/zaiaufficiale\/videos\/3984472438229566<\/a><\/p>\n","protected":false},"excerpt":{"rendered":"<p>VENEZIA Quotidiano appuntamento con gli aggiornamenti covid19 in Regione, da Marghera sede della protezione civile il Presidente Luca Zaia. I NUMERI TAMPONI MOLECOLARI 3.063.715 (+19.923) TAMPONI RAPIDI 1.457.511 (+38569) SU OLTRE 58MILA TAMPONI (4402 POSTIVI) PERCENTUALE DEL 7,52% POSITIVI DA INIZIO EPIDEMIA 205.009 (+4402) POSITIVI ATTUALI 95.779\u00a0 RICOVERATI 3.331 378 RICOVERATI IN TERAPIA INTENSIVA (+6)\u00a0&hellip;<\/p>\n","protected":false},"author":4,"featured_media":173170,"comment_status":"closed","ping_status":"closed","sticky":false,"template":"","format":"standard","meta":{"_monsterinsights_skip_tracking":false,"_monsterinsights_sitenote_active":false,"_monsterinsights_sitenote_note":"","_monsterinsights_sitenote_category":0,"footnotes":""},"categories":[51,49],"tags":[],"class_list":["post-180076","post","type-post","status-publish","format-standard","has-post-thumbnail","hentry","category-evidenza-top","category-news-18","category-51","category-49","description-off"],"img_url":"https:\/\/www.radiopiu.net\/wordpress\/wp-content\/uploads\/2020\/11\/ZAIA-TEST-2.jpg","_links":{"self":[{"href":"https:\/\/www.radiopiu.net\/wordpress\/wp-json\/wp\/v2\/posts\/180076","targetHints":{"allow":["GET"]}}],"collection":[{"href":"https:\/\/www.radiopiu.net\/wordpress\/wp-json\/wp\/v2\/posts"}],"about":[{"href":"https:\/\/www.radiopiu.net\/wordpress\/wp-json\/wp\/v2\/types\/post"}],"author":[{"embeddable":true,"href":"https:\/\/www.radiopiu.net\/wordpress\/wp-json\/wp\/v2\/users\/4"}],"replies":[{"embeddable":true,"href":"https:\/\/www.radiopiu.net\/wordpress\/wp-json\/wp\/v2\/comments?post=180076"}],"version-history":[{"count":0,"href":"https:\/\/www.radiopiu.net\/wordpress\/wp-json\/wp\/v2\/posts\/180076\/revisions"}],"wp:featuredmedia":[{"embeddable":true,"href":"https:\/\/www.radiopiu.net\/wordpress\/wp-json\/wp\/v2\/media\/173170"}],"wp:attachment":[{"href":"https:\/\/www.radiopiu.net\/wordpress\/wp-json\/wp\/v2\/media?parent=180076"}],"wp:term":[{"taxonomy":"category","embeddable":true,"href":"https:\/\/www.radiopiu.net\/wordpress\/wp-json\/wp\/v2\/categories?post=180076"},{"taxonomy":"post_tag","embeddable":true,"href":"https:\/\/www.radiopiu.net\/wordpress\/wp-json\/wp\/v2\/tags?post=180076"}],"curies":[{"name":"wp","href":"https:\/\/api.w.org\/{rel}","templated":true}]}}