{"id":180250,"date":"2020-12-19T06:00:51","date_gmt":"2020-12-19T05:00:51","guid":{"rendered":"https:\/\/www.radiopiu.net\/wordpress\/?p=180250"},"modified":"2020-12-19T10:01:58","modified_gmt":"2020-12-19T09:01:58","slug":"giornale-radiopiu-19-dicembre-2020-direttore-mirko-mezzacasa","status":"publish","type":"post","link":"https:\/\/www.radiopiu.net\/wordpress\/giornale-radiopiu-19-dicembre-2020-direttore-mirko-mezzacasa\/","title":{"rendered":"GIORNALE RADIOPIU 19 DICEMBRE 2020 DIRETTORE MIRKO MEZZACASA"},"content":{"rendered":"<h3>PER<strong> RICEVERE QUESTO NOTIZIARIO DIRETTAMENTE SUL TUO CELLULARE ISCRIVITI AL CANALE TELEGRAM <\/strong><strong>\u201cRADIO PIU\u00a0 INFORMAZIONE&#8221;\u00a0<\/strong><\/h3>\n<blockquote class=\"wp-embedded-content\" data-secret=\"eovghpeshC\"><p><a href=\"https:\/\/www.radiopiu.net\/wordpress\/pref-09dic\/\">DALLA PREFETTURA DI BELLUNO IL MONITORAGGIO DEI CONTROLLI<\/a><\/p><\/blockquote>\n<p><iframe loading=\"lazy\" class=\"wp-embedded-content\" sandbox=\"allow-scripts\" security=\"restricted\" style=\"position: absolute; clip: rect(1px, 1px, 1px, 1px);\" title=\"&#8220;DALLA PREFETTURA DI BELLUNO IL MONITORAGGIO DEI CONTROLLI&#8221; &#8212; Radio Pi\u00f9\" src=\"https:\/\/www.radiopiu.net\/wordpress\/pref-09dic\/embed\/#?secret=eovghpeshC\" data-secret=\"eovghpeshC\" width=\"600\" height=\"338\" frameborder=\"0\" marginwidth=\"0\" marginheight=\"0\" scrolling=\"no\"><\/iframe><\/p>\n<p><em>ATTENZIONE: LA NUOVA APP PER IOS-IPHONE<\/em><\/p>\n<div>\n<div><a href=\"https:\/\/apps.apple.com\/it\/app\/radio-pi%C3%B9-emittente-agordina\/id1515939845\">https:\/\/apps.apple.com\/it\/app\/radio-pi%C3%B9-emittente-agordina\/id1515939845<\/a><\/div>\n<\/div>\n<div><\/div>\n<div>\n<div dir=\"auto\"><em>ATTENZIONE: LA NUOVA APP RADIO\u00a0 PER ANDROID<\/em><\/div>\n<\/div>\n<p><a href=\"https:\/\/play.google.com\/store\/apps\/details?id=net.radiopiu.iniko\" target=\"_blank\" rel=\"noopener noreferrer\">https:\/\/play.google.com\/store\/apps\/details?id=net.radiopiu.iniko\u00a0\u00a0<\/a><\/p>\n<p>&nbsp;<\/p>\n<div dir=\"auto\"><em><strong><a class=\"dt-pswp-item\" href=\"https:\/\/www.radiopiu.net\/wordpress\/wp-content\/uploads\/2020\/12\/download-24.jpg\" data-dt-img-description=\"\" data-large_image_width=\"300\" data-large_image_height=\"168\"><img loading=\"lazy\" decoding=\"async\" class=\"wp-image-180544 alignleft\" src=\"https:\/\/www.radiopiu.net\/wordpress\/wp-content\/uploads\/2020\/12\/download-24.jpg\" alt=\"\" width=\"173\" height=\"97\" \/><\/a>Se n&#8217;\u00e8 andato Giovanni Chiades, un giornalista con il quale ho avuto la fortuna di lavorare nei tempi migliori, allora in una redazione di amici tra cui proprio Giovanni, non un giornalista da computer, da scalda sedia, da facebook, ma un giornalista sul pezzo, sulla strada, pronto a consumare le suole delle scarpe. Ciao Giovanni e grazie per avermi dato l&#8217;opportunit\u00e0 di conoscerti<\/strong><\/em><\/div>\n<div dir=\"auto\"><em><strong>mirko<\/strong><\/em><\/div>\n<p>foto Corriere delle Alpi che oggi pubblica un commosso ricordo di SERGIO FRIGO<\/p>\n<p>&nbsp;<\/p>\n<hr \/>\n<p>&nbsp;<\/p>\n<blockquote>\n<h2>GLI SCATTI DI MANUEL CONEDERA IN VALLE DI SAN LUCANO<\/h2>\n<\/blockquote>\n<p><strong>TAIBON<\/strong> Pale di San Lucano e Framont dal lago delle Peschiere e Agner da Col di Pr\u00e0.\u00a0 In Valle di San Lucano ieri sera alle 19<\/p>\n\n\t\t\t<style type='text\/css'>\n\t\t\t\t#gallery-1 {\n\t\t\t\t\tmargin: auto;\n\t\t\t\t}\n\t\t\t\t#gallery-1 .gallery-item {\n\t\t\t\t\tfloat: left;\n\t\t\t\t\tmargin-top: 10px;\n\t\t\t\t\ttext-align: center;\n\t\t\t\t\twidth: 20%;\n\t\t\t\t}\n\t\t\t\t#gallery-1 img {\n\t\t\t\t\tborder: 2px solid #cfcfcf;\n\t\t\t\t}\n\t\t\t\t#gallery-1 .gallery-caption {\n\t\t\t\t\tmargin-left: 0;\n\t\t\t\t}\n\t\t\t\t\/* see gallery_shortcode() in wp-includes\/media.php *\/\n\t\t\t<\/style>\n\t\t<div id='gallery-1' class='dt-gallery-container gallery galleryid-180250 gallery-columns-5 gallery-size-thumbnail'><dl class='gallery-item'>\n\t\t\t\t<dt class='gallery-icon portrait'>\n\t\t\t\t\t<a class=\"rollover rollover-zoom dt-pswp-item\" title=\"f878d4c2-d2a8-4c2a-adc8-f1829ad46d88\" data-dt-img-description=\"\" data-large_image_width=\"214\" data-large_image_height=\"320\"href='https:\/\/www.radiopiu.net\/wordpress\/wp-content\/uploads\/2020\/12\/f878d4c2-d2a8-4c2a-adc8-f1829ad46d88.jpg'><img loading=\"lazy\" decoding=\"async\" width=\"150\" height=\"150\" src=\"https:\/\/www.radiopiu.net\/wordpress\/wp-content\/uploads\/2020\/12\/f878d4c2-d2a8-4c2a-adc8-f1829ad46d88-150x150.jpg\" class=\"attachment-thumbnail size-thumbnail\" alt=\"\" \/><\/a>\n\t\t\t\t<\/dt><\/dl><dl class='gallery-item'>\n\t\t\t\t<dt class='gallery-icon landscape'>\n\t\t\t\t\t<a class=\"rollover rollover-zoom dt-pswp-item\" title=\"c0e11869-dcd2-4ecc-87bb-d654f86f9547\" data-dt-img-description=\"\" data-large_image_width=\"320\" data-large_image_height=\"214\"href='https:\/\/www.radiopiu.net\/wordpress\/wp-content\/uploads\/2020\/12\/c0e11869-dcd2-4ecc-87bb-d654f86f9547.jpg'><img loading=\"lazy\" decoding=\"async\" width=\"150\" height=\"150\" src=\"https:\/\/www.radiopiu.net\/wordpress\/wp-content\/uploads\/2020\/12\/c0e11869-dcd2-4ecc-87bb-d654f86f9547-150x150.jpg\" class=\"attachment-thumbnail size-thumbnail\" alt=\"\" \/><\/a>\n\t\t\t\t<\/dt><\/dl><dl class='gallery-item'>\n\t\t\t\t<dt class='gallery-icon landscape'>\n\t\t\t\t\t<a class=\"rollover rollover-zoom dt-pswp-item\" title=\"d70055df-0d59-4710-996c-056331c29076\" data-dt-img-description=\"\" data-large_image_width=\"320\" data-large_image_height=\"214\"href='https:\/\/www.radiopiu.net\/wordpress\/wp-content\/uploads\/2020\/12\/d70055df-0d59-4710-996c-056331c29076.jpg'><img loading=\"lazy\" decoding=\"async\" width=\"150\" height=\"150\" src=\"https:\/\/www.radiopiu.net\/wordpress\/wp-content\/uploads\/2020\/12\/d70055df-0d59-4710-996c-056331c29076-150x150.jpg\" class=\"attachment-thumbnail size-thumbnail\" alt=\"\" \/><\/a>\n\t\t\t\t<\/dt><\/dl><dl class='gallery-item'>\n\t\t\t\t<dt class='gallery-icon landscape'>\n\t\t\t\t\t<a class=\"rollover rollover-zoom dt-pswp-item\" title=\"a465fc2a-44a2-40e5-a535-ec8347303430\" data-dt-img-description=\"\" data-large_image_width=\"320\" data-large_image_height=\"214\"href='https:\/\/www.radiopiu.net\/wordpress\/wp-content\/uploads\/2020\/12\/a465fc2a-44a2-40e5-a535-ec8347303430.jpg'><img loading=\"lazy\" decoding=\"async\" width=\"150\" height=\"150\" src=\"https:\/\/www.radiopiu.net\/wordpress\/wp-content\/uploads\/2020\/12\/a465fc2a-44a2-40e5-a535-ec8347303430-150x150.jpg\" class=\"attachment-thumbnail size-thumbnail\" alt=\"\" \/><\/a>\n\t\t\t\t<\/dt><\/dl><dl class='gallery-item'>\n\t\t\t\t<dt class='gallery-icon landscape'>\n\t\t\t\t\t<a class=\"rollover rollover-zoom dt-pswp-item\" title=\"d7dd5c98-bd90-4eb5-811c-c9c58a7287f4\" data-dt-img-description=\"\" data-large_image_width=\"320\" data-large_image_height=\"136\"href='https:\/\/www.radiopiu.net\/wordpress\/wp-content\/uploads\/2020\/12\/d7dd5c98-bd90-4eb5-811c-c9c58a7287f4.jpg'><img loading=\"lazy\" decoding=\"async\" width=\"150\" height=\"136\" src=\"https:\/\/www.radiopiu.net\/wordpress\/wp-content\/uploads\/2020\/12\/d7dd5c98-bd90-4eb5-811c-c9c58a7287f4-150x136.jpg\" class=\"attachment-thumbnail size-thumbnail\" alt=\"\" \/><\/a>\n\t\t\t\t<\/dt><\/dl><br style=\"clear: both\" \/>\n\t\t\t<\/div>\n\n<blockquote><p>&nbsp;<\/p>\n<p><span style=\"color: #ff0000;\"><strong>CANALE D&#8217;AGORDO<\/strong> Oggi, dalle\u00a0 9 alle 11 e domani, stessa ora ivolontari della Proloco saranno in Piazza Papa Luciani per vendere i panettoni\/ pandori dell&#8217;AISM (Associazione Italiana Sclerosi Multipla). Il ricavato andr\u00e0 a sostegno delle\u00a0<b>attivit\u00e0\u00a0<\/b>di\u00a0<b>ricerca\u00a0<\/b>dell&#8217;Associazione.<\/span><\/p><\/blockquote>\n<p>&nbsp;<\/p>\n<hr \/>\n<p>&nbsp;<\/p>\n<p>&nbsp;<\/p>\n<h2>FESTE COLORATE, A TAVOLA CON 2 OSPITI E GLI UNDER 14: <span style=\"color: #ffcc00;\">ZONA GIALLA 19-20-21-22 E 23 DICEMBRE E 7 GENNAIO\u00a0<\/span><span style=\"color: #ff6600;\"><strong> ZONA ARANCIO 28-29 E 30 DICEMBRE<\/strong><\/span>.<span style=\"color: #ff0000;\"><strong> ZONA ROSSA\u00a0 DAL 24 DICEMBRE AL 3 GENNAIO INOLTRE IL 5-6 GENNAIO<\/strong><\/span><\/h2>\n<p>Ed eccola la stretta di Natale, ci sono voluti giorni per decidere di decidere e come sempre ore di attesa per sentire le novit\u00e0 del Premier che erano annunciate per la prima serata. Si \u00e8 trattato del solito segreto di Pirro, da giorni i mezzi di informazione dalla radio alla televisione, dai social network ai giornali avevano annunciato un Paese chiuso dalla vigilia di Natale alla Befana. Spostamenti tra Regioni permessi fino al 20 con il coprifuoco alle 22. Nei giorni arancioni vietato spostarsi tra Comuni (nei piccoli Comuni fino a 500 abitanti ammessi spostamenti per 30 chilometri ma non nei capoluoghi). I proprietari di seconde case potranno spostarsi solo all&#8217;interno dello stesso Comune, bar e ristoranti chiusi, negozi al dettaglio aperti e rientro a casa dopo le feste sempre consentito. Nei giorni rossi non si puo&#8217; fare visita nello stesso giorno a due famiglie diverse, parrucchiere e barbieri comunque aperti, si potr\u00e0 andare dai parenti e dai nonni con i figli, le consegne del cibo da asporto sempre consentite<\/p>\n<blockquote>\n<h2 style=\"text-align: center;\">IL PRESIDENTE DEL CONSIGLIO GIUSEPPE CONTE PRESENTA LE NUOVE MISURE DI CONTENIMENTO PER IL NATALE<\/h2>\n<\/blockquote>\n<p><iframe loading=\"lazy\" title=\"Coronavirus, conferenza stampa del Presidente Conte\" width=\"1200\" height=\"900\" src=\"https:\/\/www.youtube.com\/embed\/Xq9D0awZA-w?feature=oembed\" frameborder=\"0\" allow=\"accelerometer; autoplay; clipboard-write; encrypted-media; gyroscope; picture-in-picture\" allowfullscreen><\/iframe><\/p>\n<p>&nbsp;<\/p>\n<blockquote>\n<h3>BUSSONE (UNCEM): &#8220;BENE GLI SPOSTAMENTI CONSENTITI TRA PICCOLI COMUNI. ORA MUOVIAMOCI CON BUONSENSO E CON UN SOLO OBIETTIVO, CONTENERE IL CONTAGIO&#8221;<br \/>\n<a href=\"https:\/\/www.radiopiu.net\/wordpress\/giornale-radiopiu-19-dicembre-2020-direttore-mirko-mezzacasa\/argentera_ferrere-8\/\" rel=\"attachment wp-att-180494\"><img loading=\"lazy\" decoding=\"async\" class=\"alignnone wp-image-180494 size-full\" src=\"https:\/\/www.radiopiu.net\/wordpress\/wp-content\/uploads\/2020\/12\/argentera_ferrere.jpg\" alt=\"\" width=\"865\" height=\"330\" srcset=\"https:\/\/www.radiopiu.net\/wordpress\/wp-content\/uploads\/2020\/12\/argentera_ferrere.jpg 865w, https:\/\/www.radiopiu.net\/wordpress\/wp-content\/uploads\/2020\/12\/argentera_ferrere-300x114.jpg 300w, https:\/\/www.radiopiu.net\/wordpress\/wp-content\/uploads\/2020\/12\/argentera_ferrere-768x293.jpg 768w\" sizes=\"auto, (max-width: 865px) 100vw, 865px\" \/><\/a><\/h3>\n<\/blockquote>\n<p>&#8220;\u00c8 importante che nel Decreto varato dal Consiglio dei Ministri vi sia la possibilit\u00e0 di spostamento tra piccoli Comuni, come anche Uncem aveva chiesto nei giorni scorsi. Almeno questa viene consentita nei giorni non festivi e non prefestivi. Il presidente Marco Bussone:\u00a0 <em>&#8216;Sono altres\u00ec consentiti gli spostamenti dai Comuni con popolazione non superiore a 5.000 abitanti e per una distanza non superiore a 30 chilometri dai relativi confini, con esclusione in ogni caso degli spostamenti verso i capoluoghi di provincia&#8217;.<\/em> <em>\u00c8 positivo. E sono certo ci sar\u00e0 il buonsenso da parte di tutti, che registriamo nelle nostre comunit\u00e0. Buon senso con un solo obiettivo, il contenimento del contagio&#8221;.<\/em><\/p>\n<p>&nbsp;<\/p>\n<p>&nbsp;<\/p>\n<hr \/>\n<p>&nbsp;<\/p>\n<blockquote>\n<h3>INTERRUZIONI TRA PERON E CANDATEN<\/h3>\n<\/blockquote>\n<p><strong> <img loading=\"lazy\" decoding=\"async\" class=\"alignleft\" src=\"https:\/\/www.radiopiu.net\/wordpress\/wp-content\/uploads\/2015\/04\/Strada_Regionale_203_Agordina.png\" width=\"182\" height=\"78\" \/>SEDICO\u00a0<\/strong> Ancora disagi per chi si sposta lungo la regionale 203 agordina, dopo i sensi unici semaforici le interruzioni temporanee a sorpresa. Nei giorni 22 e 23 dicembre tra Peron e Candaten interruzioni alla viabilit\u00e0, massimo 10 minuti con movieri per consentire il trasporto aereo di materiale a monte della strada.<\/p>\n<p><strong><span style=\"color: #ff0000;\">DA IERI RIAPERTI I PASSI GIAU E VALPAROLA<\/span><\/strong><\/p>\n<p>&nbsp;<\/p>\n<blockquote>\n<h3><a href=\"https:\/\/www.radiopiu.net\/wordpress\/giornale-radiopiu-12-aprile-2018-direttore-mirko-mezzacasa\/185-ss347-cereda-duran-h-2\/\" rel=\"attachment wp-att-46377\"><img loading=\"lazy\" decoding=\"async\" class=\"size-medium wp-image-46377 alignleft\" src=\"https:\/\/www.radiopiu.net\/wordpress\/wp-content\/uploads\/2018\/04\/185-ss347-cereda-duran-h-300x130.jpg\" alt=\"\" width=\"300\" height=\"130\" srcset=\"https:\/\/www.radiopiu.net\/wordpress\/wp-content\/uploads\/2018\/04\/185-ss347-cereda-duran-h-300x130.jpg 300w, https:\/\/www.radiopiu.net\/wordpress\/wp-content\/uploads\/2018\/04\/185-ss347-cereda-duran-h.jpg 600w\" sizes=\"auto, (max-width: 300px) 100vw, 300px\" \/><\/a>DILLO A RADIO PIU&#8217;&#8230;RIVALUTARE PASSO DURAN<\/h3>\n<\/blockquote>\n<p><strong>di Tiziano De Col<\/strong><\/p>\n<p>In questi giorni, con la chiusura della 251 della Val di Zoldo, il traffico da e per Belluno dalla Val di Zoldo passa attraverso Passo Dur\u00e0n e il flusso di traffico, anche nelle giornate feriali, \u00e8 paragonabile a quello festivo o prefestivo d&#8217;agosto. Allora perch\u00e9 non riflettere sulla funzionalit\u00e0 di questo Passo che \u00e8 la principale via d&#8217;uscita della Val di Zoldo verso Belluno essendo Cibiana e Staulanza geograficamente pi\u00f9 scomodi. Perch\u00e9 non programmare interventi di allargamento nel tratto appena a monte dell&#8217;abitato di La Valle Agordina e tra le localit\u00e0 Cas\u00e8n e Pian di Calleda, qui due auto non si scambiano o con fatica nei pochi slarghi tra il margine della strada e ila scarpata. Stessa situazione nel Comune di Val di Zoldo nelle frazioni di Goima, Gavaz, Cordelle fino a Dont<\/p>\n<p>&nbsp;<\/p>\n<p>&nbsp;<\/p>\n<hr \/>\n<p>&nbsp;<\/p>\n<blockquote>\n<h2>TORNA A SALIRE L&#8217;INDICE DI CONTAGIO IN VENETO SEMPRE IN ZONA GIALLA MA AD ALTO RISCHIO QUINDI PROSSIMO AL PASSAGGIO IN ZONA ARANCIO O ROSSA<\/h2>\n<p>&nbsp;<\/p><\/blockquote>\n<p><span style=\"color: #ff0000;\">DA OGGI IN VENETO E&#8217; IN VIGORE L&#8217;ORDINANZA &#8220;ZAIA&#8221;, CONFINI COMUNALI CHIUSI ALLA 14, LA BUONA NOTIZIA: CALA IL NUMERO DEI MALATI (-139) MA SONO ANCORA 96.703 GLI ATTUALMENTE POSITIVI<\/span><br \/>\nIn Veneto anche ieri tanti morti: 102, sono 369 i pazienti gravi in terapia intensiva, 2911 in area non critica e l&#8217;indice Rt \u00e8 di nuovo sopra l&#8217;uno: 1,07 per la precisione che conferma la colorazione gialla ma come Lombardia e Lazio ad alto rischio quindi in prossimit\u00e0 del cambio di fascia. Ingaggiate 2954 nuove figure sanitarie mentre 4213 hanno rifiutato ogni incarico perch\u00e9 in area covid. Nessuna assunzione nelle RSA perch\u00e9 spetta alle strutture. Il Prefetto di Belluno ha annunciato controlli a tappeto per il rispetto delle normative anti covid nella giornata in cui si sono contati altri 5 decessi (6 giovedi), 194 nuovi positivi e la Ulss1 ha allestito un drive in tamponi per i turisti con accesso libero. Annunciato l&#8217;arrivo delle prime dosi di vaccino, la somministrazione dal 27 dicembre.<\/p>\n<p>&nbsp;<\/p>\n<p><a href=\"https:\/\/www.radiopiu.net\/wordpress\/giornale-radiopiu-19-dicembre-2020-direttore-mirko-mezzacasa\/7d9d1f9e-0dd7-40bd-9be1-bd0e67e3d846\/\" rel=\"attachment wp-att-180528\"><img loading=\"lazy\" decoding=\"async\" class=\"wp-image-180528 size-full aligncenter\" src=\"https:\/\/www.radiopiu.net\/wordpress\/wp-content\/uploads\/2020\/12\/7d9d1f9e-0dd7-40bd-9be1-bd0e67e3d846.jpg\" alt=\"\" width=\"584\" height=\"349\" srcset=\"https:\/\/www.radiopiu.net\/wordpress\/wp-content\/uploads\/2020\/12\/7d9d1f9e-0dd7-40bd-9be1-bd0e67e3d846.jpg 584w, https:\/\/www.radiopiu.net\/wordpress\/wp-content\/uploads\/2020\/12\/7d9d1f9e-0dd7-40bd-9be1-bd0e67e3d846-300x179.jpg 300w\" sizes=\"auto, (max-width: 584px) 100vw, 584px\" \/><\/a><\/p>\n<blockquote>\n<h3><strong>INCREMENTO DI POSITIVI NELLA CONCA AGORDINA, A TAIBON 21 NUOVI CASI IN 24 ORE<\/strong><\/h3>\n<\/blockquote>\n<p><strong>FALCADE<\/strong> 48 positivi (+6), 20 isolamento (+4). <strong>AGORDO<\/strong> 166 (+5) positivi, 143 (+5) isolamento. <strong>TAIBON<\/strong> 162 (+3) positivi, 97 (+21) isolamento. <strong>SAN TOMASO<\/strong> 13 (-2) 14 (-2)<\/p>\n<blockquote>\n<h3>5 DECESSI COVID IN PROVINCIA NELLE ULTIME 24 ORE. 194 NUOVI POSITIVI IN PROVINCIA E RICOVERI IN CALO<\/h3>\n<\/blockquote>\n<p><strong>BELLUNO\u00a0<\/strong>Nelle ultime 24 ore\u00a0sono decedute 5 persone covid positive: un uomo di anni 82 ricoverato in Rianimazione a Feltre, una donna di 70 anni ricoverata in Rianimazione a Belluno, un uomo di 92 anni ricoverato in Geriatria a Belluno, una donna di 96 ricoverata in Medicina a Belluno, una donna di 77 anni ricoverata in ospedale di Comunit\u00e0 a Belluno. 194 i nuovi positivi in provincia.<\/p>\n<p><strong>Ricoveri <\/strong><\/p>\n<p><em>(dato alle ore 17.00 fonte: Azienda Zero)<\/em><\/p>\n<p>Le persone attualmente POSITIVE ricoverate negli ospedali dell\u2019Ulss Dolomiti sono:<\/p>\n<table>\n<tbody>\n<tr>\n<td width=\"217\"><strong>\u00a0<\/strong><\/td>\n<td width=\"217\"><strong>Area NON CRITICA<\/strong><\/td>\n<td width=\"217\"><strong>Terapia Intensiva<\/strong><\/td>\n<\/tr>\n<tr>\n<td width=\"217\"><strong>Ospedale di Belluno <\/strong><\/td>\n<td width=\"217\">67<\/td>\n<td width=\"217\">3<\/td>\n<\/tr>\n<tr>\n<td width=\"217\"><strong>Ospedale di Feltre<\/strong><\/p>\n<p><strong>Ospedale di Agordo<\/strong><\/td>\n<td width=\"217\">44<\/p>\n<p>12<\/td>\n<td width=\"217\">6<\/td>\n<\/tr>\n<\/tbody>\n<\/table>\n<p>&nbsp;<\/p>\n<p>Le persone attualmente POSITIVE ricoverate in Ospedale di Comunit\u00e0 sono:<\/p>\n<table>\n<tbody>\n<tr>\n<td width=\"326\"><strong>\u00a0<\/strong><\/td>\n<td width=\"326\"><strong>pazienti attualmente positivi<\/strong><\/td>\n<\/tr>\n<tr>\n<td width=\"326\"><strong>Ospedale di Comunit\u00e0 ALANO<\/strong><\/td>\n<td width=\"326\">5<\/td>\n<\/tr>\n<tr>\n<td width=\"326\"><strong>Ospedale di Comunit\u00e0 AURONZO<\/strong><\/p>\n<p><strong>Ospedale di Comunit\u00e0 di BELLUNO\u00a0\u00a0\u00a0\u00a0\u00a0\u00a0\u00a0\u00a0\u00a0\u00a0\u00a0\u00a0\u00a0\u00a0\u00a0\u00a0\u00a0\u00a0\u00a0\u00a0\u00a0\u00a0\u00a0\u00a0\u00a0\u00a0\u00a0\u00a0\u00a0\u00a0\u00a0\u00a0\u00a0\u00a0\u00a0\u00a0\u00a0\u00a0\u00a0\u00a0 <\/strong><\/td>\n<td width=\"326\">4<\/p>\n<p>18<\/td>\n<\/tr>\n<tr>\n<td width=\"326\"><strong>Ospedale di Comunit\u00e0 di FELTRE<\/strong><\/td>\n<td width=\"326\">12<\/td>\n<\/tr>\n<\/tbody>\n<\/table>\n<p>&nbsp;<\/p>\n<p>&nbsp;<\/p>\n<hr \/>\n<p>&nbsp;<\/p>\n<blockquote>\n<h2>RECUPERATI CINQUE ESCURSIONISTI IN RIENTRO DAL RIFUGIO CHIGGIATO<\/h2>\n<\/blockquote>\n<p><strong><a href=\"https:\/\/www.radiopiu.net\/wordpress\/recuperati-cinque-escursionisti-in-rientro-dal-rifugio-chiggiato\/salt_20201218_214653_855-1\/\" rel=\"attachment wp-att-180488\"><img loading=\"lazy\" decoding=\"async\" class=\"size-medium wp-image-180488 alignleft\" src=\"https:\/\/www.radiopiu.net\/wordpress\/wp-content\/uploads\/2020\/12\/salt_20201218_214653_855-1-225x300.jpg\" alt=\"\" width=\"225\" height=\"300\" srcset=\"https:\/\/www.radiopiu.net\/wordpress\/wp-content\/uploads\/2020\/12\/salt_20201218_214653_855-1-225x300.jpg 225w, https:\/\/www.radiopiu.net\/wordpress\/wp-content\/uploads\/2020\/12\/salt_20201218_214653_855-1-768x1024.jpg 768w, https:\/\/www.radiopiu.net\/wordpress\/wp-content\/uploads\/2020\/12\/salt_20201218_214653_855-1-1152x1536.jpg 1152w, https:\/\/www.radiopiu.net\/wordpress\/wp-content\/uploads\/2020\/12\/salt_20201218_214653_855-1-1536x2048.jpg 1536w, https:\/\/www.radiopiu.net\/wordpress\/wp-content\/uploads\/2020\/12\/salt_20201218_214653_855-1.jpg 1773w\" sizes=\"auto, (max-width: 225px) 100vw, 225px\" \/><\/a>CALALZO<\/strong> Si \u00e8 concluso ieri sera alle 21 l&#8217;intervento del Soccorso alpino di Pieve di Cadore, allertato dalla Centrale del Suem attorno alle 16.40 per cinque escursionisti in difficolt\u00e0. I cinque &#8211; madre e figlio, 61 e 28 anni, di Chioggia (VE) e tre amici, due fratelli di 49 anni residenti uno a Feltre (BL) e uno a Casier (TV), e un quarantasettenne di Mira (VE) &#8211; erano partiti in due gruppi distinti dalla Chiesetta del Caravaggio per completare un giro ad anello e percorrere con le ciaspe il sentiero numero 261, passando da La Stua, Fienili Costapiana, La Serra e arrivare al Chiggiato seguendo la mulattiera, per poi tornare in Val d&#8217;Oten dal sentiero numero 260 che scende a Diassa. Nella fase di discesa dal Chiggiato, a 1.630 metri di quota, si erano riuniti in un tratto dove una slavina aveva nascosto i segnali del sentiero e si erano abbassati rispetto al tracciato, finendo bloccati nella neve. I soccorritori sono stati trasportati con il quad fino all&#8217;imbocco del sentiero 260 da dove sono poi saliti a piedi chiamando e seguendo le indicazioni via radio di un soccorritore in contatto telefonico con il gruppo, fortunatamente fermo in un punto provvisto di copertura. Quando i cinque hanno finalmente risposto ai richiami, le squadre li hanno individuati e raggiunti. Riportati sul sentiero, gli escursionisti sono stati riaccompagnati fino a localit\u00e0 Praciadelan, dove attendeva il fuoristrada per riportarli ai loro mezzi.<\/p>\n<p>&nbsp;<\/p>\n<p>&nbsp;<\/p>\n<p>&nbsp;<\/p>\n<hr \/>\n<p>&nbsp;<\/p>\n<blockquote>\n<h3>DUE FERITI NON GRAVI A CAVARZANO<\/h3>\n<\/blockquote>\n<p><strong>BELLUNO<\/strong> Incidente all&#8217;incrocio tra viale Giovanni Paolo I e via Andrea Alpago, coinvolti un furgone e un suv\u00a0 che ha avuto la peggio, finendo con le ruote all&#8217;aria. L&#8217;incrocio \u00e8 stato chiuso a lungo per i rilievi e la pulizia dell&#8217;area, due i feriti portati in ospedale per accertamenti.<\/p>\n<p>&nbsp;<\/p>\n<hr \/>\n<p>&nbsp;<\/p>\n<p>&nbsp;<\/p>\n<blockquote>\n<h3>ANEF: RISARCIMENTI SUBITO! I DANNI AMMONTANO AD OLTRE 350 MILIONI PER LO STOP TRA IL PONTE DELL&#8217;IMMACOLATA E IL 7 GENNAIO, OLTRE 600 MILIONI <a class=\"dt-pswp-item\" href=\"https:\/\/www.radiopiu.net\/wordpress\/wp-content\/uploads\/2017\/08\/renzo-minella-presidente-dolomiti-turismo.jpg\" data-dt-img-description=\"\" data-large_image_width=\"190\" data-large_image_height=\"270\"><img loading=\"lazy\" decoding=\"async\" class=\"size-full wp-image-36028 alignleft\" src=\"https:\/\/www.radiopiu.net\/wordpress\/wp-content\/uploads\/2017\/08\/renzo-minella-presidente-dolomiti-turismo.jpg\" alt=\"\" width=\"190\" height=\"270\" \/><\/a>CON LE PISTE CHIUSE DOPO L&#8217;EPIFANIA E FINO A PASQUA.<\/h3>\n<\/blockquote>\n<p><em>Che da parte del governo ci siano i necessari, &#8220;indispensabili&#8221;, ristori<\/em>\u00a0 &#8211; sottolinea il presidente dell&#8217;Anef, Renzo Minella-\u00a0<em> anzi, risarcimenti&#8221;.<\/em> Il che significa non solo la copertura di quanto \u00e8 stato perso durante le festivit\u00e0 natalizie e dal ponte di Sant&#8217;Ambrogio, ma anche la dilazione delle tasse, la proroga dei mutui etc.<\/p>\n<p><strong>AI MICROFONI DI RADIO PIU&#8217; RENZO MINELLA<\/strong><\/p>\n<audio class=\"wp-audio-shortcode\" id=\"audio-180250-1\" preload=\"none\" style=\"width: 100%;\" controls=\"controls\"><source type=\"audio\/mpeg\" src=\"https:\/\/www.radiopiu.net\/wordpress\/wp-content\/uploads\/2020\/12\/renzo.mp3?_=1\" \/><a href=\"https:\/\/www.radiopiu.net\/wordpress\/wp-content\/uploads\/2020\/12\/renzo.mp3\">https:\/\/www.radiopiu.net\/wordpress\/wp-content\/uploads\/2020\/12\/renzo.mp3<\/a><\/audio>\n<p>&nbsp;<\/p>\n<p>&nbsp;<\/p>\n<hr \/>\n<blockquote>\n<h3>LA PROVINCIA DI BELLUNO HA PRESENTATO AL MINISTRO D\u2019INCA&#8217; UN REPORT SUL MALTEMPO DEL 4-8 DICEMBRE<\/h3>\n<\/blockquote>\n<p><strong><a href=\"https:\/\/www.radiopiu.net\/wordpress\/la-provincia-di-belluno-ha-presentato-al-ministro-dinca-un-report-sul-maltempo-del-4-8-dicembre\/img-5054\/\" rel=\"attachment wp-att-180396\"><img loading=\"lazy\" decoding=\"async\" class=\"size-medium wp-image-180396 alignleft\" src=\"https:\/\/www.radiopiu.net\/wordpress\/wp-content\/uploads\/2020\/12\/IMG-5054-300x200.jpg\" alt=\"\" width=\"300\" height=\"200\" srcset=\"https:\/\/www.radiopiu.net\/wordpress\/wp-content\/uploads\/2020\/12\/IMG-5054-300x200.jpg 300w, https:\/\/www.radiopiu.net\/wordpress\/wp-content\/uploads\/2020\/12\/IMG-5054-1024x683.jpg 1024w, https:\/\/www.radiopiu.net\/wordpress\/wp-content\/uploads\/2020\/12\/IMG-5054-768x512.jpg 768w, https:\/\/www.radiopiu.net\/wordpress\/wp-content\/uploads\/2020\/12\/IMG-5054-1536x1024.jpg 1536w, https:\/\/www.radiopiu.net\/wordpress\/wp-content\/uploads\/2020\/12\/IMG-5054-2048x1365.jpg 2048w\" sizes=\"auto, (max-width: 300px) 100vw, 300px\" \/><\/a>ROMA<\/strong>\u00a0Una delegazione della Provincia di Belluno ha incontrato questa mattina presso la Presidenza del Consiglio dei ministri il Ministro Federico D\u2019Inc\u00e0 per presentare alcune questioni prioritarie del territorio. Erano presenti il presidente della Provincia, Roberto Padrin, con i consiglieri Danilo De Toni, Franco De Bon e Massimo Bortoluzzi, oltre al presidente del Comitato paritetico Fondo Comuni confinanti, onorevole Roger De Menech. Il presidente Padrin ha consegnato al Ministro un report dei danni del maltempo del 4-8 dicembre, con una lista &#8211; al momento parziale e in continuo aggiornamento &#8211; dei dissesti e delle frane verificatesi, e con gli interventi urgenti da mettere in campo, che ammontano a circa 40 milioni di euro, solo per quanto riguarda le competenze provinciali. L\u2019incontro \u00e8 stato l\u2019occasione anche per affrontare il tema attualissimo della crisi del sistema turistico della montagna. La delegazione della Provincia ha presentato un quadro a tinte quanto mai fosche della situazione.<\/p>\n<div style=\"width: 480px;\" class=\"wp-video\"><video class=\"wp-video-shortcode\" id=\"video-180250-1\" width=\"480\" height=\"848\" preload=\"metadata\" controls=\"controls\"><source type=\"video\/mp4\" src=\"https:\/\/www.radiopiu.net\/wordpress\/wp-content\/uploads\/2020\/12\/PADRIN-ROMA.mp4?_=1\" \/><a href=\"https:\/\/www.radiopiu.net\/wordpress\/wp-content\/uploads\/2020\/12\/PADRIN-ROMA.mp4\">https:\/\/www.radiopiu.net\/wordpress\/wp-content\/uploads\/2020\/12\/PADRIN-ROMA.mp4<\/a><\/video><\/div>\n<p>&nbsp;<\/p>\n<hr \/>\n<p>&nbsp;<\/p>\n<blockquote>\n<h3>MALTEMPO NEL BELLUNESE. REGIONE ATTIVA DA SUBITO. BOTTACIN, \u201cIN COSTANTE CONTATTO CON IL DIPARTIMENTO NAZIONALE PER RISOLVERE OGNI PROBLEMATICA&#8221;<\/h3>\n<\/blockquote>\n<p><strong><a href=\"https:\/\/www.radiopiu.net\/wordpress\/impianto-rifiuti-pedesalto-a-fonzaso-contributo-della-regione-di-340mila-euro-al-comune-bottacin-al-fianco-del-territorio-per-risolvere-un-grave-problema\/bottacin-57\/\" rel=\"attachment wp-att-179675\"><img loading=\"lazy\" decoding=\"async\" class=\"size-medium wp-image-179675 alignleft\" src=\"https:\/\/www.radiopiu.net\/wordpress\/wp-content\/uploads\/2020\/12\/BOTTACIN-300x165.png\" alt=\"\" width=\"300\" height=\"165\" srcset=\"https:\/\/www.radiopiu.net\/wordpress\/wp-content\/uploads\/2020\/12\/BOTTACIN-300x165.png 300w, https:\/\/www.radiopiu.net\/wordpress\/wp-content\/uploads\/2020\/12\/BOTTACIN-1024x563.png 1024w, https:\/\/www.radiopiu.net\/wordpress\/wp-content\/uploads\/2020\/12\/BOTTACIN-768x422.png 768w, https:\/\/www.radiopiu.net\/wordpress\/wp-content\/uploads\/2020\/12\/BOTTACIN.png 1240w\" sizes=\"auto, (max-width: 300px) 100vw, 300px\" \/><\/a>VENEZIA<\/strong> L&#8217;assessore regionale Bottacin a fronte delle richieste emerse dopo il maltempo che nelle scorse settimane ha colpito, in particolare, il Bellunese ma non solo.<\/p>\n<audio class=\"wp-audio-shortcode\" id=\"audio-180250-2\" preload=\"none\" style=\"width: 100%;\" controls=\"controls\"><source type=\"audio\/mpeg\" src=\"https:\/\/www.radiopiu.net\/wordpress\/wp-content\/uploads\/2020\/12\/BOTTACIN-MALTEMPO-BORRELLI.mp3?_=2\" \/><a href=\"https:\/\/www.radiopiu.net\/wordpress\/wp-content\/uploads\/2020\/12\/BOTTACIN-MALTEMPO-BORRELLI.mp3\">https:\/\/www.radiopiu.net\/wordpress\/wp-content\/uploads\/2020\/12\/BOTTACIN-MALTEMPO-BORRELLI.mp3<\/a><\/audio>\n<p>&nbsp;<\/p>\n<hr \/>\n<p>&nbsp;<\/p>\n<blockquote>\n<h3>VIGILI DEL FUOCO AL RIFUGIO SCARPA PER PORTARE I TECNICI ENEL ADDETTI ALLA RIPARAZIONE DELLA LINEA ELETTRICA<\/h3>\n<\/blockquote>\n<p><strong>VOLTAGO\u00a0<\/strong>Ieri mattina, i vigili del fuoco hanno raggiunto con il gatto delle nevi il rifugio Scarpa a oltre 1700 metri per portare in quota il personale dell\u2019Enel. I due tecnici hanno lavorato con l\u2019assistenza della squadra valanghe per il ripristino della linea elettrica tra l\u2019abitato di Frassen\u00e8 e il rifugio. Pure oggi numerosi gli interventi delle squadre dei Vigili del Fuoco per la rimozione di neve da tetti.<\/p>\n\n\t\t\t<style type='text\/css'>\n\t\t\t\t#gallery-2 {\n\t\t\t\t\tmargin: auto;\n\t\t\t\t}\n\t\t\t\t#gallery-2 .gallery-item {\n\t\t\t\t\tfloat: left;\n\t\t\t\t\tmargin-top: 10px;\n\t\t\t\t\ttext-align: center;\n\t\t\t\t\twidth: 33%;\n\t\t\t\t}\n\t\t\t\t#gallery-2 img {\n\t\t\t\t\tborder: 2px solid #cfcfcf;\n\t\t\t\t}\n\t\t\t\t#gallery-2 .gallery-caption {\n\t\t\t\t\tmargin-left: 0;\n\t\t\t\t}\n\t\t\t\t\/* see gallery_shortcode() in wp-includes\/media.php *\/\n\t\t\t<\/style>\n\t\t<div id='gallery-2' class='dt-gallery-container gallery galleryid-180250 gallery-columns-3 gallery-size-medium'><dl class='gallery-item'>\n\t\t\t\t<dt class='gallery-icon landscape'>\n\t\t\t\t\t<a class=\"rollover\" href='https:\/\/www.radiopiu.net\/wordpress\/vigili-del-fuoco-al-rifugio-scarpa-per-portare-i-tecnici-enel-addetti-alla-riparazione-della-linea-elettrica\/df35c731-fb06-4e98-b770-30a38ca3c85f\/'><img loading=\"lazy\" decoding=\"async\" width=\"300\" height=\"203\" src=\"https:\/\/www.radiopiu.net\/wordpress\/wp-content\/uploads\/2020\/12\/df35c731-fb06-4e98-b770-30a38ca3c85f-300x203.jpg\" class=\"attachment-medium size-medium\" alt=\"\" srcset=\"https:\/\/www.radiopiu.net\/wordpress\/wp-content\/uploads\/2020\/12\/df35c731-fb06-4e98-b770-30a38ca3c85f-300x203.jpg 300w, https:\/\/www.radiopiu.net\/wordpress\/wp-content\/uploads\/2020\/12\/df35c731-fb06-4e98-b770-30a38ca3c85f-1024x694.jpg 1024w, https:\/\/www.radiopiu.net\/wordpress\/wp-content\/uploads\/2020\/12\/df35c731-fb06-4e98-b770-30a38ca3c85f-768x520.jpg 768w, https:\/\/www.radiopiu.net\/wordpress\/wp-content\/uploads\/2020\/12\/df35c731-fb06-4e98-b770-30a38ca3c85f-1536x1041.jpg 1536w, https:\/\/www.radiopiu.net\/wordpress\/wp-content\/uploads\/2020\/12\/df35c731-fb06-4e98-b770-30a38ca3c85f.jpg 1600w\" sizes=\"auto, (max-width: 300px) 100vw, 300px\" \/><\/a>\n\t\t\t\t<\/dt><\/dl><dl class='gallery-item'>\n\t\t\t\t<dt class='gallery-icon landscape'>\n\t\t\t\t\t<a class=\"rollover\" href='https:\/\/www.radiopiu.net\/wordpress\/vigili-del-fuoco-al-rifugio-scarpa-per-portare-i-tecnici-enel-addetti-alla-riparazione-della-linea-elettrica\/c9ab586b-0337-4561-a096-4587c531091e\/'><img loading=\"lazy\" decoding=\"async\" width=\"300\" height=\"203\" src=\"https:\/\/www.radiopiu.net\/wordpress\/wp-content\/uploads\/2020\/12\/c9ab586b-0337-4561-a096-4587c531091e-300x203.jpg\" class=\"attachment-medium size-medium\" alt=\"\" srcset=\"https:\/\/www.radiopiu.net\/wordpress\/wp-content\/uploads\/2020\/12\/c9ab586b-0337-4561-a096-4587c531091e-300x203.jpg 300w, https:\/\/www.radiopiu.net\/wordpress\/wp-content\/uploads\/2020\/12\/c9ab586b-0337-4561-a096-4587c531091e-1024x694.jpg 1024w, https:\/\/www.radiopiu.net\/wordpress\/wp-content\/uploads\/2020\/12\/c9ab586b-0337-4561-a096-4587c531091e-768x520.jpg 768w, https:\/\/www.radiopiu.net\/wordpress\/wp-content\/uploads\/2020\/12\/c9ab586b-0337-4561-a096-4587c531091e-1536x1041.jpg 1536w, https:\/\/www.radiopiu.net\/wordpress\/wp-content\/uploads\/2020\/12\/c9ab586b-0337-4561-a096-4587c531091e.jpg 1600w\" sizes=\"auto, (max-width: 300px) 100vw, 300px\" \/><\/a>\n\t\t\t\t<\/dt><\/dl><dl class='gallery-item'>\n\t\t\t\t<dt class='gallery-icon landscape'>\n\t\t\t\t\t<a class=\"rollover\" href='https:\/\/www.radiopiu.net\/wordpress\/vigili-del-fuoco-al-rifugio-scarpa-per-portare-i-tecnici-enel-addetti-alla-riparazione-della-linea-elettrica\/7694d4a1-a704-4273-b404-3a5148f0c67d\/'><img loading=\"lazy\" decoding=\"async\" width=\"300\" height=\"225\" src=\"https:\/\/www.radiopiu.net\/wordpress\/wp-content\/uploads\/2020\/12\/7694d4a1-a704-4273-b404-3a5148f0c67d-300x225.jpg\" class=\"attachment-medium size-medium\" alt=\"\" srcset=\"https:\/\/www.radiopiu.net\/wordpress\/wp-content\/uploads\/2020\/12\/7694d4a1-a704-4273-b404-3a5148f0c67d-300x225.jpg 300w, https:\/\/www.radiopiu.net\/wordpress\/wp-content\/uploads\/2020\/12\/7694d4a1-a704-4273-b404-3a5148f0c67d-1024x768.jpg 1024w, https:\/\/www.radiopiu.net\/wordpress\/wp-content\/uploads\/2020\/12\/7694d4a1-a704-4273-b404-3a5148f0c67d-768x576.jpg 768w, https:\/\/www.radiopiu.net\/wordpress\/wp-content\/uploads\/2020\/12\/7694d4a1-a704-4273-b404-3a5148f0c67d-1536x1152.jpg 1536w, https:\/\/www.radiopiu.net\/wordpress\/wp-content\/uploads\/2020\/12\/7694d4a1-a704-4273-b404-3a5148f0c67d.jpg 1600w\" sizes=\"auto, (max-width: 300px) 100vw, 300px\" \/><\/a>\n\t\t\t\t<\/dt><\/dl><br style=\"clear: both\" \/>\n\t\t\t<\/div>\n\n<p>&nbsp;<\/p>\n<p><strong>IL VIDEO<\/strong><\/p>\n<div style=\"width: 1200px;\" class=\"wp-video\"><video class=\"wp-video-shortcode\" id=\"video-180250-2\" width=\"1200\" height=\"675\" preload=\"metadata\" controls=\"controls\"><source type=\"video\/mp4\" src=\"https:\/\/www.radiopiu.net\/wordpress\/wp-content\/uploads\/2020\/12\/VVF-LA-VALLE.mp4?_=2\" \/><a href=\"https:\/\/www.radiopiu.net\/wordpress\/wp-content\/uploads\/2020\/12\/VVF-LA-VALLE.mp4\">https:\/\/www.radiopiu.net\/wordpress\/wp-content\/uploads\/2020\/12\/VVF-LA-VALLE.mp4<\/a><\/video><\/div>\n<p>&nbsp;<\/p>\n<hr \/>\n<p>&nbsp;<\/p>\n<blockquote>\n<h3>APPROVATO ALL&#8217;UNANIMITA&#8217; IL BILANCIO PREVISIONALE, ANGELA NIERO IL NUOVO DIRETTORE A TEMPO PIENO<\/h3>\n<p>Il<em> Presidente e l\u2019Amministratore Unico hanno ringraziato il dottor Boito per il lavoro svolto in questi tre anni\u00a0<\/em><\/p>\n<p><strong>AGORDO<\/strong>\u00a0 Il Presidente dell&#8217;Unione Montana Michele Costa ha aperto l&#8217;incontro con una breve illustrazione sulla complessit\u00e0 della situazione e l\u2019Amministratore Unico Mariachiara Santin, che ha illustrato il bilancio, ha sottolineato\u00a0 l\u2019incertezza della programmazione futura pur nella convinzione che i progetti descritti\u00a0 verranno realizzati. Dal primo gennaio l\u2019Azienda si doter\u00e0 di un direttore a tempo pieno, proposto dall\u2019Amministratore Unico e identificato nella dottoressa. Angela Niero, laureata in scienze Politiche a indirizzo politico sociale e in Servizio Sociale, ora responsabile della qualit\u00e0 e dei progetti innovativi.<\/p><\/blockquote>\n<p><strong><a href=\"https:\/\/www.radiopiu.net\/wordpress\/asca-ricerca-personale-infermieristico\/asca-4\/\" rel=\"attachment wp-att-128881\"><img loading=\"lazy\" decoding=\"async\" class=\"size-medium wp-image-128881 alignleft\" src=\"https:\/\/www.radiopiu.net\/wordpress\/wp-content\/uploads\/2020\/04\/ASCA-300x165.png\" alt=\"\" width=\"300\" height=\"165\" srcset=\"https:\/\/www.radiopiu.net\/wordpress\/wp-content\/uploads\/2020\/04\/ASCA-300x165.png 300w, https:\/\/www.radiopiu.net\/wordpress\/wp-content\/uploads\/2020\/04\/ASCA-1024x565.png 1024w, https:\/\/www.radiopiu.net\/wordpress\/wp-content\/uploads\/2020\/04\/ASCA-768x424.png 768w, https:\/\/www.radiopiu.net\/wordpress\/wp-content\/uploads\/2020\/04\/ASCA.png 1211w\" sizes=\"auto, (max-width: 300px) 100vw, 300px\" \/><\/a>AGORDO<\/strong><\/p>\n<p>di Gianni Santomaso<\/p>\n<audio class=\"wp-audio-shortcode\" id=\"audio-180250-3\" preload=\"none\" style=\"width: 100%;\" controls=\"controls\"><source type=\"audio\/mpeg\" src=\"https:\/\/www.radiopiu.net\/wordpress\/wp-content\/uploads\/2020\/12\/GIANNI-ASSEMBLEA-ASCA.mp3?_=3\" \/><a href=\"https:\/\/www.radiopiu.net\/wordpress\/wp-content\/uploads\/2020\/12\/GIANNI-ASSEMBLEA-ASCA.mp3\">https:\/\/www.radiopiu.net\/wordpress\/wp-content\/uploads\/2020\/12\/GIANNI-ASSEMBLEA-ASCA.mp3<\/a><\/audio>\n<p>&nbsp;<\/p>\n<hr \/>\n<p>&nbsp;<\/p>\n<blockquote>\n<h3>LUXOTTICA REGALA CORSI DI LINGUA STRANIERA A TUTTI I DIPENDENTI<\/h3>\n<\/blockquote>\n<p><strong><a href=\"https:\/\/www.radiopiu.net\/wordpress\/luxottica-a-settembre-parte-la-flessibilita-allo-stabilimento-di-agordo\/luxottica-2020\/\" rel=\"attachment wp-att-157799\"><img loading=\"lazy\" decoding=\"async\" class=\"size-medium wp-image-157799 alignleft\" src=\"https:\/\/www.radiopiu.net\/wordpress\/wp-content\/uploads\/2020\/08\/LUXOTTICA-2020-300x225.jpg\" alt=\"\" width=\"300\" height=\"225\" srcset=\"https:\/\/www.radiopiu.net\/wordpress\/wp-content\/uploads\/2020\/08\/LUXOTTICA-2020-300x225.jpg 300w, https:\/\/www.radiopiu.net\/wordpress\/wp-content\/uploads\/2020\/08\/LUXOTTICA-2020-1024x768.jpg 1024w, https:\/\/www.radiopiu.net\/wordpress\/wp-content\/uploads\/2020\/08\/LUXOTTICA-2020-768x576.jpg 768w, https:\/\/www.radiopiu.net\/wordpress\/wp-content\/uploads\/2020\/08\/LUXOTTICA-2020-1536x1152.jpg 1536w, https:\/\/www.radiopiu.net\/wordpress\/wp-content\/uploads\/2020\/08\/LUXOTTICA-2020-640x480.jpg 640w, https:\/\/www.radiopiu.net\/wordpress\/wp-content\/uploads\/2020\/08\/LUXOTTICA-2020.jpg 2048w\" sizes=\"auto, (max-width: 300px) 100vw, 300px\" \/><\/a>AGORDO\u00a0<\/strong>Ancora un regalo ai dipendenti da parte di Luxottica. Nelle ultime ore \u00e8 arrivato un sms a tutte le maestranze del gruppo per presentare la nuova iniziativa del colosso di Agordo. Dopo il panettone siciliano, Luxottica ha pensato ad un altro regalo. Le vacanze natalizie di quest&#8217;anno saranno decisamente diverse da quelle degli scorsi anni e Luxottica University ha pensato di far trascorrere il tempo a casa in maniera utile regalando un accesso illimitato alla piattaforma Speexx. Si tratta di del leader nella formazione linguistica aziendale con dei corsi su misura a tutti. I dipendenti potranno imparare una nuova lingua registrandosi al portale e scegliere tra inglese, francese, spagnolo tedesco e italiano. Verr\u00e0 valutata l&#8217;esigenza formativa, ci sar\u00e0 un test iniziale per capire la conoscenza base della lingua, esercizi di pronuncia e grammatica, attivit\u00e0 multimediali con video e articoli e, al termine, l&#8217;attestato di superamento del corso sulla base del quadro comune europeo di riferimento per la conoscenza delle lingue (CEFR). Si pu\u00f2 accedere al portale Speexx sia da pc che da mobile quindi imparare una lingua nuova diventa molto facile. Un regalo per le feste di Natale per dedicare del tempo a se stessi e allargare le proprie conoscenze.<\/p>\n<p>&nbsp;<\/p>\n<p>&nbsp;<\/p>\n<hr \/>\n<p>&nbsp;<\/p>\n<blockquote>\n<h3>LUXOTTICA: SABATO SCORSO POCA PRESENZA ALLO STRAORDINARIO INCENTIVATO. SOLO UN REPARTO RAGGIUNGE LA MAGGIORAZIONE DEL 100%<\/h3>\n<\/blockquote>\n<p><strong><a href=\"https:\/\/www.radiopiu.net\/wordpress\/giornale-radiopiu-01-agosto-2020-direttore-mirko-mezzacasa\/814ace46-a8a2-4c2d-a100-4d87aa509ef3\/\" rel=\"attachment wp-att-152483\"><img loading=\"lazy\" decoding=\"async\" class=\" wp-image-152483 alignleft\" src=\"https:\/\/www.radiopiu.net\/wordpress\/wp-content\/uploads\/2020\/07\/814ace46-a8a2-4c2d-a100-4d87aa509ef3-300x225.jpg\" alt=\"\" width=\"205\" height=\"154\" srcset=\"https:\/\/www.radiopiu.net\/wordpress\/wp-content\/uploads\/2020\/07\/814ace46-a8a2-4c2d-a100-4d87aa509ef3-300x225.jpg 300w, https:\/\/www.radiopiu.net\/wordpress\/wp-content\/uploads\/2020\/07\/814ace46-a8a2-4c2d-a100-4d87aa509ef3-1024x768.jpg 1024w, https:\/\/www.radiopiu.net\/wordpress\/wp-content\/uploads\/2020\/07\/814ace46-a8a2-4c2d-a100-4d87aa509ef3-768x576.jpg 768w, https:\/\/www.radiopiu.net\/wordpress\/wp-content\/uploads\/2020\/07\/814ace46-a8a2-4c2d-a100-4d87aa509ef3-1536x1152.jpg 1536w, https:\/\/www.radiopiu.net\/wordpress\/wp-content\/uploads\/2020\/07\/814ace46-a8a2-4c2d-a100-4d87aa509ef3.jpg 1560w\" sizes=\"auto, (max-width: 205px) 100vw, 205px\" \/><\/a>AGORDO<\/strong> Oggi sabato incentivato per i dipendenti Luxottica. Al lavoro solo il turno mattino dalle 6:45 alle 12:45. Straordinario incentivato che significa avere una maggiorazione in base alla presenza del personale. Anche la scorsa settimana le maestranze hanno lavorato con lo stesso sistema e queste le maggiorazioni dei vari reparti in base alla presenza. Solo un reparto ha raggiunto il 100%.\u00a0Stamperia Metallo 80%, Saldatura 50%, Taglio lenti 100%, Trattamenti Superficiali 80%, Magazzino centrale 50%, Stamperia Iniettato 80%.<\/p>\n<p>&nbsp;<\/p>\n<p>&nbsp;<\/p>\n<hr \/>\n<p>&nbsp;<\/p>\n<blockquote class=\"wp-embedded-content\" data-secret=\"aNeinO6chw\"><p><a href=\"https:\/\/www.radiopiu.net\/wordpress\/agg-dic18\/\">CORONAVIRUS: AGGIORNAMENTO NAZIONALE 18 DICEMBRE<\/a><\/p><\/blockquote>\n<p><iframe loading=\"lazy\" class=\"wp-embedded-content\" sandbox=\"allow-scripts\" security=\"restricted\" style=\"position: absolute; clip: rect(1px, 1px, 1px, 1px);\" title=\"&#8220;CORONAVIRUS: AGGIORNAMENTO NAZIONALE 18 DICEMBRE&#8221; &#8212; Radio Pi\u00f9\" src=\"https:\/\/www.radiopiu.net\/wordpress\/agg-dic18\/embed\/#?secret=aNeinO6chw\" data-secret=\"aNeinO6chw\" width=\"600\" height=\"338\" frameborder=\"0\" marginwidth=\"0\" marginheight=\"0\" scrolling=\"no\"><\/iframe><\/p>\n<p>&nbsp;<\/p>\n<hr \/>\n<p>&nbsp;<\/p>\n<blockquote class=\"wp-embedded-content\" data-secret=\"NqmrM7K74V\"><p><a href=\"https:\/\/www.radiopiu.net\/wordpress\/in-24-ore-3801-nuovi-positivi-in-veneto-6650-negativizzati-in-un-giorno-102-decessi-e-calo-dei-ricoveri-a-belluno-194-nuove-positivita\/\">IN 24 ORE 3801 NUOVI POSITIVI IN VENETO. 6650 NEGATIVIZZATI IN UN GIORNO, 102 DECESSI E CALO DEI RICOVERI. A BELLUNO 194 NUOVE POSITIVITA&#8217;<\/a><\/p><\/blockquote>\n<p><iframe loading=\"lazy\" class=\"wp-embedded-content\" sandbox=\"allow-scripts\" security=\"restricted\" style=\"position: absolute; clip: rect(1px, 1px, 1px, 1px);\" title=\"&#8220;IN 24 ORE 3801 NUOVI POSITIVI IN VENETO. 6650 NEGATIVIZZATI IN UN GIORNO, 102 DECESSI E CALO DEI RICOVERI. A BELLUNO 194 NUOVE POSITIVITA&#8217;&#8221; &#8212; Radio Pi\u00f9\" src=\"https:\/\/www.radiopiu.net\/wordpress\/in-24-ore-3801-nuovi-positivi-in-veneto-6650-negativizzati-in-un-giorno-102-decessi-e-calo-dei-ricoveri-a-belluno-194-nuove-positivita\/embed\/#?secret=NqmrM7K74V\" data-secret=\"NqmrM7K74V\" width=\"600\" height=\"338\" frameborder=\"0\" marginwidth=\"0\" marginheight=\"0\" scrolling=\"no\"><\/iframe><\/p>\n<p>&nbsp;<\/p>\n<hr \/>\n<p>&nbsp;<\/p>\n<blockquote>\n<h3>I GRAFICI DI TIZIANO DE COL<\/h3>\n<\/blockquote>\n\n\t\t\t<style type='text\/css'>\n\t\t\t\t#gallery-3 {\n\t\t\t\t\tmargin: auto;\n\t\t\t\t}\n\t\t\t\t#gallery-3 .gallery-item {\n\t\t\t\t\tfloat: left;\n\t\t\t\t\tmargin-top: 10px;\n\t\t\t\t\ttext-align: center;\n\t\t\t\t\twidth: 33%;\n\t\t\t\t}\n\t\t\t\t#gallery-3 img {\n\t\t\t\t\tborder: 2px solid #cfcfcf;\n\t\t\t\t}\n\t\t\t\t#gallery-3 .gallery-caption {\n\t\t\t\t\tmargin-left: 0;\n\t\t\t\t}\n\t\t\t\t\/* see gallery_shortcode() in wp-includes\/media.php *\/\n\t\t\t<\/style>\n\t\t<div id='gallery-3' class='dt-gallery-container gallery galleryid-180250 gallery-columns-3 gallery-size-medium'><dl class='gallery-item'>\n\t\t\t\t<dt class='gallery-icon landscape'>\n\t\t\t\t\t<a class=\"rollover rollover-zoom dt-pswp-item\" title=\"b3ea42c5-4f53-432d-a154-1e80579c7a5d\" data-dt-img-description=\"\" data-large_image_width=\"596\" data-large_image_height=\"352\"href='https:\/\/www.radiopiu.net\/wordpress\/wp-content\/uploads\/2020\/12\/b3ea42c5-4f53-432d-a154-1e80579c7a5d.jpg'><img loading=\"lazy\" decoding=\"async\" width=\"300\" height=\"177\" src=\"https:\/\/www.radiopiu.net\/wordpress\/wp-content\/uploads\/2020\/12\/b3ea42c5-4f53-432d-a154-1e80579c7a5d-300x177.jpg\" class=\"attachment-medium size-medium\" alt=\"\" srcset=\"https:\/\/www.radiopiu.net\/wordpress\/wp-content\/uploads\/2020\/12\/b3ea42c5-4f53-432d-a154-1e80579c7a5d-300x177.jpg 300w, https:\/\/www.radiopiu.net\/wordpress\/wp-content\/uploads\/2020\/12\/b3ea42c5-4f53-432d-a154-1e80579c7a5d.jpg 596w\" sizes=\"auto, (max-width: 300px) 100vw, 300px\" \/><\/a>\n\t\t\t\t<\/dt><\/dl><dl class='gallery-item'>\n\t\t\t\t<dt class='gallery-icon landscape'>\n\t\t\t\t\t<a class=\"rollover rollover-zoom dt-pswp-item\" title=\"3a53e73e-78ec-4f22-a761-8b36a847e8c5\" data-dt-img-description=\"\" data-large_image_width=\"600\" data-large_image_height=\"353\"href='https:\/\/www.radiopiu.net\/wordpress\/wp-content\/uploads\/2020\/12\/3a53e73e-78ec-4f22-a761-8b36a847e8c5.jpg'><img loading=\"lazy\" decoding=\"async\" width=\"300\" height=\"177\" src=\"https:\/\/www.radiopiu.net\/wordpress\/wp-content\/uploads\/2020\/12\/3a53e73e-78ec-4f22-a761-8b36a847e8c5-300x177.jpg\" class=\"attachment-medium size-medium\" alt=\"\" srcset=\"https:\/\/www.radiopiu.net\/wordpress\/wp-content\/uploads\/2020\/12\/3a53e73e-78ec-4f22-a761-8b36a847e8c5-300x177.jpg 300w, https:\/\/www.radiopiu.net\/wordpress\/wp-content\/uploads\/2020\/12\/3a53e73e-78ec-4f22-a761-8b36a847e8c5.jpg 600w\" sizes=\"auto, (max-width: 300px) 100vw, 300px\" \/><\/a>\n\t\t\t\t<\/dt><\/dl><dl class='gallery-item'>\n\t\t\t\t<dt class='gallery-icon landscape'>\n\t\t\t\t\t<a class=\"rollover rollover-zoom dt-pswp-item\" title=\"01791311-77c8-4a7f-9356-b88762408b95\" data-dt-img-description=\"\" data-large_image_width=\"588\" data-large_image_height=\"358\"href='https:\/\/www.radiopiu.net\/wordpress\/wp-content\/uploads\/2020\/12\/01791311-77c8-4a7f-9356-b88762408b95.jpg'><img loading=\"lazy\" decoding=\"async\" width=\"300\" height=\"183\" src=\"https:\/\/www.radiopiu.net\/wordpress\/wp-content\/uploads\/2020\/12\/01791311-77c8-4a7f-9356-b88762408b95-300x183.jpg\" class=\"attachment-medium size-medium\" alt=\"\" srcset=\"https:\/\/www.radiopiu.net\/wordpress\/wp-content\/uploads\/2020\/12\/01791311-77c8-4a7f-9356-b88762408b95-300x183.jpg 300w, https:\/\/www.radiopiu.net\/wordpress\/wp-content\/uploads\/2020\/12\/01791311-77c8-4a7f-9356-b88762408b95.jpg 588w\" sizes=\"auto, (max-width: 300px) 100vw, 300px\" \/><\/a>\n\t\t\t\t<\/dt><\/dl><br style=\"clear: both\" \/>\n\t\t\t<\/div>\n\n<p>&nbsp;<\/p>\n<p>&nbsp;<\/p>\n<hr \/>\n<p>&nbsp;<\/p>\n<blockquote>\n<h3>DA DOMANI COPRIFUOCO OLTRE COMUNE ALLE 14 &#8211; DA VENEZIA LUCA ZAIA &#8211; IL VENETO ANCORA IN GIALLO E POTREBBE RIMANERE TALE<\/h3>\n<\/blockquote>\n<p><strong>VENEZIA<\/strong> Quotidiano appuntamento con l&#8217;aggiornamento covid19 da Marghera parla il Presidente Luca Zaia,<\/p>\n<p><strong>I NUMERI<\/strong> TAMPONI MOLECOLARI 3.082.445 (+18.740) 1.419.147 TEST RAPIDI (+33.636). 52MILA TAMPONI INCIDENTE TAMPONI 8%. POSITIVI DAL 21 FEBBRAIO\u00a0 209.220 POSITIVI NELLE 24 ORE 4211 POSITIVI ATTUALI 98.014 RICOVERATI 3298\u00a0 2933 (-20) IN AREA NON CRITICA 365 TERAPIA INTENSIVA (-13) DECESSI 5268 (+107) DIMESSI 9245<\/p>\n<blockquote>\n<h2>LEGGI LA CONFERENZA STAMPA DI LUCA ZAIA<\/h2>\n<\/blockquote>\n<p><em>Ospite la Dottoressa Simionato: ecco come va con le assunzioni. Non ho contezza delle misure nazionali, oggi sentiremo.Il problema del covid \u00e8 un problema di tutta la comunit\u00e0 e io non mi diverto a fare ordinanze. Siamo in giallo e ci resteremo, ma una misura la dobbiamo adottare, facendo restare aperte le attivit\u00e0. Non c&#8217;\u00e8 l&#8217;intesa scritta con Speranza per questa nuova ordinanza, ma il ministro \u00e8 stato sentito, giuridicamente la responsabilit\u00e0 \u00e8 mia.<\/em><\/p>\n<p>C&#8217;\u00e8 un timido segnale positivo, preoccupa Verona sotto pressione. Dobbiamo puntare al distanziamento sociale, 587 terapie intensive occupate oggi in Veneto, fra Covid e non Covid in Veneto: la situazione \u00e8 grave. Questa curva \u00e8 lentissima a piegare, \u00e8 mancato il lockdown. Oggi videoconferenza con il Governo per le nuove restrizioni e per il piano vaccinale. Sui vaccini siamo pronti con la nostra modalit\u00e0.<\/p>\n<p><strong>QUALCUNO DICE CHE PREVEDENDO LE MISURE NAZIONALI ABBIA VOLUTO GIOCARE D&#8217;ANTICIPO SAPENDO CHE LA RESPONSABILITA&#8217; POI RICADRA&#8217; SUL<\/strong> <strong>GOVERNO.<\/strong> Lunedi tutti i quotidiani hanno aperto con le foto degli assembramenti. Gi\u00e0 lunedi avevo convocato i sindaci capoluoghi, ero gi\u00e0 pronta a farla domenica visti gli assembramenti del sabato. Contemporaneamente \u00e8 partito il dibattito nazionale. Abbiamo detto evitiamo di prendere misure in sovrapposizioni, ma ieri l&#8217;altro sera mi \u00e8 stato detto che ancora non si sarebbe chiusa la partita e che il dibattito nella maggioranza era ancora aperto, non ho voluto rischiare di restare senza misure per contrastare la diffusione del virus.\u00a0 <span style=\"color: #ff0000;\">LA NUOVA ORDINANZA\u00a0 <\/span>A me sembra che nella difficolt\u00e0 e problematicit\u00e0 abbiamo trovato una situazione di equilibrio che come al solito nasce qui in Veneto che a differenza di tutte le altre regioni \u00e8 sempre rimasta in giallo. Sono restrizioni che permettono di tenere aperte le attivit\u00e0. I Comuni piccoli li capisco ma una misura la dobbiamo adottare, invito i cittadini a osservare la regola delle 14, si puo&#8217; andare anche in ristorante e finito si torna a casa. Cerchiamo dalle 14 alle 5 del mattino di rimanere nel Comune.<strong> IL PD CRITICA, ORDINANZA TARDIVA E CAOTICA <\/strong>In quanto al Pd se mi porti una notizia positiva degli ultimi 10 anni ti do un premio. La perfezione non \u00e8 di questo mondo, non abbiamo la presunzione di fare cose perfette, c&#8217;\u00e8 anche gente che pur camminando non sa allacciarsi le scarpe. Nessuno ha la presunzione di maestro d&#8217;ordinanze, facciamo il nostro mestiere cercando di portare fuori il Veneto da questo casino, mi pare che i sindaci non abbiano niente in contrario. Alcuni stanno anche tirando varchi e preparando chiusure perch\u00e9 abbiamo coscienza del fatto che gli ospedali se pieni non curano pi\u00f9 le emergenze. <strong>SANZIONI SEVERE PER SCORAGGIARE?<\/strong> Ritengo che il buon senso sia la parte fondamentale della partita, se pensiamo alle sanzioni la vedo lunga la strada da qui ad aprile. E&#8217; anche assurdo controllare 5 milioni di Veneti con il guardia e ladri. Chi \u00e8 causa del suo mal pianga se stesso. <strong>DAL 5 DICEMBRE AD OGGI DAL PRIMO ALL&#8217;ULTIMO POSTO, CRISANTI DICE CHE LA REGIONE SI E&#8217; APPOGGIATA TROPPO SUI TAMPONI RAPIDI TRASFORMANDO LE BARRIERE IN GRUVIERE, IL NUMERO DEI MORTI DA IL SEGNALE CHE IL VIRUS E&#8217; MOLTO DIFFUSO E QUINDI I TAMPONI NON SONO QUELLI GIUSTI <\/strong>Non replico se ha un&#8217;altra domanda. La mia replica ad uno scienziato non \u00e8 utile. Premesso che non mi permetto di replicare non sono uomo di scienza. Dico che il piano di sanit\u00e0 pubblica a livello nazionale \u00e8 chiaro anche sull&#8217;uso dei tamponi rapidi. A breve arriver\u00e0 la nuova definizione di &#8220;caso&#8221; i rapidi sono validati, se qualcuno pensa che non abbiano certificazioni corrette non so cosa dire. Non li stiamo utilizzando solo noi, Bonaccini ne ha comperato 2 milioni per le farmacie. La Sardegna 1,5 milioni, tutti fanno tamponi rapidi, la diagnostica si \u00e8 evoluta.<strong>COSA E&#8217; SUCCESSO IN VENETO?<\/strong> Quello che accade con un virus forte, non abbiamo modificato ma aumentata la strategia da 2000 tamponi di marzo a 30mila rapidi.Mediamente facciamo 50-60 mila tamponi al giorno per questo lo screening da noi funziona. Abbiamo staff preparati pi\u00f9 di marzo, 14 microbiologie che non avevamo a marzo, la fase di testing si \u00e8 evoluta e nuovi protocolli qualitativi in pi\u00f9. Il virus \u00e8 esordito a NordOvest e poi si \u00e8 creato il nuovo bacino a NordEst, Veneto, Carinzia, Slovenia, Friuli Venezia Giulia e Trentino. Ci sono meccanismi che non riusciamo a spiegare come ad esempio che non si sia diffuso a Venezia.<strong>VALLE DEL CHIAMO RISALGONO I CASI<\/strong> Vedremo cosa accadr\u00e0 ed eventualmente come intervenire se necessario.<strong> VERONA E&#8217; LA BERGAMO DELLA SECONDA ONDATA?<\/strong> Ma ha presente la storia di Bergamo? Allora si risponda da sola. <strong>E I<\/strong> <strong>FREEZER PER MORTI FUORI DALL&#8217;OSPEDALE DI LEGNAGO<\/strong> Ma lei sa cosa \u00e8 successo a Bergamo? Non si ricoverava nemmeno pi\u00f9 nessuno. Perch\u00e9 cerca i paragoni e i titoli? Verona \u00e8 situazione di contagio importante con tutti i pazienti presi in carico ma non \u00e8 un confronto con Bergamo che \u00e8 pure indelicato. Avrei evitato di rispondere ad una domanda del genere.<strong> I MORTI<\/strong>\u00a0 il tasso rispetto al novembre dell&#8217;anno scorso \u00e8 +44%, rispetto alla statistica generale noi oggi siamo per\u00f2 al nono posto in Italia per numero di morti Covid su abitante, il dato \u00e8 aggiornato al 16 dicembre. <strong>VACCIN<\/strong>I La fornitura\u00a0 \u00e8 a livello nazionale, noi\u00a0 abbiamo un piano per Pfizer per tutta la popolazione, ma siamo pronti anche ad altri tipi di vaccini. Ci sono veneti che erano a Dubai e hanno fatto il vaccino cinese. <strong>PROSPETTIVE<\/strong>\u00a0 Tutte le decisioni le prendiamo sulla base dell&#8217;andamento epidemiologico e direttive nazionali. Noi abbiamo adottato tutte le misure nella tabella caratterizzata dal colore giallo anche con il lavoro straordinario in Comelico e Auronzo. <strong>L&#8217;ALGORITMO<\/strong> Se \u00e8 andato bene nella fase di crescita deve essere rivisto in questo periodo di decrescita. <strong>LA TERZA ONDATA?<\/strong> Non \u00e8 mai finita la prima, non abbiamo mai avuto il paziente zero. <strong>STASERA ARRIVERANNO LE DECISIONI DAL CONSIGLIO DEI MINISTRI SECONDO LEI AVRANNO EFFETTO DA SUBITO SOVRAPPONENDOSI ALLA SUA ORDINANZA<\/strong> Non lo so.<\/p>\n<blockquote>\n<h2>DOTTORESSA SIMIONATO<\/h2>\n<\/blockquote>\n<p><em>Da fine febbraio per l&#8217;emergenza Covid\u00a0 sono stati assunti 2.954 professionisti (cococo, a tempo determinao o indeterminato), tra questi 1.182 medici assunti in via straordinaria.<\/em><\/p>\n<p>Abbiamo avviato misure straordinarie per poter reperire una serie di figure assunte in via straordinaria. Da fine febbraio ad oggi acquisito 2954 professionisti di cui 1182 medici (assunzioni straordinarie per l&#8217;emergenza covid) Abbiamo avviato una serie di manifestazioni di interesse pubblicandole sul sito di Azienda Zero e altre. Medici laureati abilitati, specializzati, specializzandi o in pensione. Cos\u00ec abbiamo riorganizzato la rete dell&#8217;assistenza ospedaliera e territoriale. Conferito 1329 incarichi libro professionali o COCOCO, le maggiori difficolt\u00e0 riscontrate sono state queste: dei 1329 incarichi abbiamo ricevuto 4213 domande (manifestazioni di interesse) non andate a buon fine perch\u00e9 il professionista esaminato il curriculum non ha manifestato interesse all&#8217;incarico in quanto chiedeva di essere assegnato ad area non covid. Ma sono misure straordinarie per l&#8217;emergenza covid. Abbiamo assunto a tempo indeterminato 1233 dipendenti, a tempo determinato 392, in totale le tre misure hanno portato ad una dotazione extra organica per l&#8217;urgenza pari a 2954 professionisti. 1182 sono medici. Nel 2020 abbiamo espletato 59 concorsi per la dirigenza (prevalentemente medici, dirigenti sanitari non medici e amministrativi), 12 per personale del comparto. Cerchiamo sempre di essere pi\u00f9 celeri possibili<\/p>\n<blockquote>\n<h2>AVVOCATO BOTTEON<\/h2>\n<\/blockquote>\n<p><strong>DEROGHE ALL&#8217;ORDINANZA:<\/strong> Attivit\u00e0 ciclistica si svolge su qualsiasi strada anche su quella del Comune quindi qui puo&#8217; praticare il ciclismo, quindi non possono uscire dal Comune. Nel caso di impianti oltre Comune ci sono i requisiti: non sospensione come da DPCM dell&#8217;attivit\u00e0 sportiva e non disponibilit\u00e0 nel Comune di residenza.<\/p>\n<p><strong>ASPORTO<\/strong> Il Cliente se ha una pizzeria nel Comune di residenza non \u00e8 nelle condizioni di giustificare il trasferimento oltre il suo paese. Diversamente chi consegna che lo fa per lavoro.<\/p>\n<p><strong>DALLA PARRUCCHIERA OLTRE LE 14 BASTA LO SCONTRINO?<\/strong> Il rientro presso la propria abitazione \u00e8 sempre ammesso anche per il figlio che va a mangiare dai genitori purch\u00e9 in tempi ragionevoli.<\/p>\n<p><strong>SECONDE CASE<\/strong> Spostamenti sempre permessi verso le seconde case. Ovviamente anche in questo caso con tempi ragionevoli in base agli spostamenti che avvengono in Regione. Lo spostamento non comporta assembramento. Quello che vale per le seconde case vale anche per le residenze di villeggiatura, albergo compreso.<\/p>\n<p>&nbsp;<\/p>\n<p><a href=\"https:\/\/www.facebook.com\/zaiaufficiale\/videos\/2757501884567695\">https:\/\/www.facebook.com\/zaiaufficiale\/videos\/2757501884567695<\/a><\/p>\n<p>&nbsp;<\/p>\n<p>&nbsp;<\/p>\n<p>&nbsp;<\/p>\n<hr \/>\n<p>&nbsp;<\/p>\n<blockquote class=\"wp-embedded-content\" data-secret=\"TEFripUaMT\"><p><a href=\"https:\/\/www.radiopiu.net\/wordpress\/punto-per-punto\/\">FACCIAMO CHIAREZZA, L&#8217;ORDINANZA REGIONALE  IN VIGORE DA OGGI  PUNTO PER PUNTO<\/a><\/p><\/blockquote>\n<p><iframe loading=\"lazy\" class=\"wp-embedded-content\" sandbox=\"allow-scripts\" security=\"restricted\" style=\"position: absolute; clip: rect(1px, 1px, 1px, 1px);\" title=\"&#8220;FACCIAMO CHIAREZZA, L&#8217;ORDINANZA REGIONALE  IN VIGORE DA OGGI  PUNTO PER PUNTO&#8221; &#8212; Radio Pi\u00f9\" src=\"https:\/\/www.radiopiu.net\/wordpress\/punto-per-punto\/embed\/#?secret=TEFripUaMT\" data-secret=\"TEFripUaMT\" width=\"600\" height=\"338\" frameborder=\"0\" marginwidth=\"0\" marginheight=\"0\" scrolling=\"no\"><\/iframe><\/p>\n<p>&nbsp;<\/p>\n<hr \/>\n<p>&nbsp;<\/p>\n<blockquote>\n<h3>BOND (FI): OPERAZIONE CASHBACK \u00c8 FUFFA, GOVERNO LIMITA LA LIBERT\u00c0 DEI CITTADINI<\/h3>\n<\/blockquote>\n<p><strong><a href=\"https:\/\/www.radiopiu.net\/wordpress\/giornale-radiopiu-20-maggio-2020-direttore-mirko-mezzacasa\/dario-bond-11\/\" rel=\"attachment wp-att-138833\"><img loading=\"lazy\" decoding=\"async\" class=\" wp-image-138833 alignleft\" src=\"https:\/\/www.radiopiu.net\/wordpress\/wp-content\/uploads\/2020\/05\/Dario-Bond.jpg\" alt=\"\" width=\"119\" height=\"164\" \/><\/a>ROMA\u00a0<\/strong>\u201c<em>La tanto amata Europa prende per le orecchie il Governo sull\u2019operazione cashback che costringe i cittadini ad odiare il contante in nome del maggiore consumo. Apriamo gli occhi: la lettera anticipata sulla stampa e indirizzata dall&#8217;Eurotower al governo giallorosso che mette in evidenza come l&#8217;introduzione di programmi che incentivano ai pagamenti elettronici siano sproporzionati e possano anche avere effetti negativi, fino a ledere la libert\u00e0 dei cittadini di effettuare anche pagamenti col contante, la dice lunga. Siamo di fronte ad un governo dittatore che punta a far fallire i propri commercianti per regalare soldi alle multinazionali del web. Conte come i truffatori delle televendite, \u00a0promette sconti e regala fuffa<\/em>\u201d. Cos\u00ec in una nota il deputato di Forza Italia, Dario Bond<b>.<\/b><\/p>\n<p>&nbsp;<\/p>\n<p>&nbsp;<\/p>\n<hr \/>\n<p>&nbsp;<\/p>\n<p>&nbsp;<\/p>\n<p>&nbsp;<\/p>\n<blockquote>\n<h3>IL DOTTOR BISATTI VA IN PENSIONE, MA MANCA IL SOSTITUTO<\/h3>\n<\/blockquote>\n<p><strong><a href=\"https:\/\/www.radiopiu.net\/wordpress\/giornale-radiopiu-29-maggio-2020-direttore-mirko-mezzacasa\/dottore\/\" rel=\"attachment wp-att-141049\"><img loading=\"lazy\" decoding=\"async\" class=\"size-medium wp-image-141049 alignleft\" src=\"https:\/\/www.radiopiu.net\/wordpress\/wp-content\/uploads\/2020\/05\/DOTTORE-300x200.jpg\" alt=\"\" width=\"300\" height=\"200\" srcset=\"https:\/\/www.radiopiu.net\/wordpress\/wp-content\/uploads\/2020\/05\/DOTTORE-300x200.jpg 300w, https:\/\/www.radiopiu.net\/wordpress\/wp-content\/uploads\/2020\/05\/DOTTORE-1024x683.jpg 1024w, https:\/\/www.radiopiu.net\/wordpress\/wp-content\/uploads\/2020\/05\/DOTTORE-768x512.jpg 768w, https:\/\/www.radiopiu.net\/wordpress\/wp-content\/uploads\/2020\/05\/DOTTORE-1536x1024.jpg 1536w, https:\/\/www.radiopiu.net\/wordpress\/wp-content\/uploads\/2020\/05\/DOTTORE.jpg 1920w\" sizes=\"auto, (max-width: 300px) 100vw, 300px\" \/><\/a>CENCENIGHE<\/strong><\/p>\n<p>di Gianni Santomaso<\/p>\n<audio class=\"wp-audio-shortcode\" id=\"audio-180250-4\" preload=\"none\" style=\"width: 100%;\" controls=\"controls\"><source type=\"audio\/mpeg\" src=\"https:\/\/www.radiopiu.net\/wordpress\/wp-content\/uploads\/2020\/12\/GIANNI-BISATTI-IN-PENSIONE.mp3?_=4\" \/><a href=\"https:\/\/www.radiopiu.net\/wordpress\/wp-content\/uploads\/2020\/12\/GIANNI-BISATTI-IN-PENSIONE.mp3\">https:\/\/www.radiopiu.net\/wordpress\/wp-content\/uploads\/2020\/12\/GIANNI-BISATTI-IN-PENSIONE.mp3<\/a><\/audio>\n<p>&nbsp;<\/p>\n<p>&nbsp;<\/p>\n<blockquote><p>&nbsp;<\/p><\/blockquote>\n<hr \/>\n<blockquote>\n<h3><\/h3>\n<h3>DONATORI MIDOLLO OSSEO. ANCHE IN TEMPI DI COVID-19 IL VENETO RISULTA VIRTUOSO.<\/h3>\n<\/blockquote>\n<p><strong><a href=\"https:\/\/www.radiopiu.net\/wordpress\/admo-banner\/\"><img loading=\"lazy\" decoding=\"async\" class=\" wp-image-29816 alignleft\" src=\"https:\/\/www.radiopiu.net\/wordpress\/wp-content\/uploads\/2015\/09\/admo-banner-300x85.png\" alt=\"\" width=\"229\" height=\"65\" \/><\/a>VENEZIA<\/strong> Il Veneto si conferma, nel campo della donazione di midollo osseo, terra di grande sensibilit\u00e0 e solidariet\u00e0 anche per quanto riguarda l\u2019attivit\u00e0 di quest\u2019ultimo anno, nonostante la pandemia e le ripercussioni che ha prodotto anche tra le iscrizioni al registro dei donatori, contratte sensibilmente un po\u2019 ovunque. Il grande lavoro di sensibilizzazione portato avanti da operatori e associazioni in questi anni non \u00e8 stato inutile. Nel 2020, nonostante la flessione delle iscrizioni, la regione si \u00e8 confermata una realt\u00e0 virtuosa nel panorama nazionale, riuscendo in alcuni casi anche ad incrementare le donazioni effettive. Il Veneto &#8211; registrando un aumento di 2.635 nuovi inserimenti &#8211; si presenta con 68.410 donatori attivi iscritti al Registro Veneto-Trentino-Alto Adige) rispetto ai 65.775 del 2019. Numeri che non nascondono il particolare momento storico condizionato dall\u2019emergenza sanitaria (nel 2019 la crescita \u00e8 stata di 4.509 nuove iscrizioni), ma sottolineano il mantenimento di un\u2019importante attivit\u00e0 a fronte di una contrazione pi\u00f9 che sensibile in altri territori.<\/p>\n<p><strong>SU RADIO PIU&#8217; LO SPECIALE ADMO<\/strong><\/p>\n<blockquote class=\"wp-embedded-content\" data-secret=\"YZZPR1qYiJ\"><p><a href=\"https:\/\/www.radiopiu.net\/wordpress\/admo-il-dono-di-donare\/\">ADMO IL DONO DI DONARE<\/a><\/p><\/blockquote>\n<p><iframe loading=\"lazy\" class=\"wp-embedded-content\" sandbox=\"allow-scripts\" security=\"restricted\" style=\"position: absolute; clip: rect(1px, 1px, 1px, 1px);\" title=\"&#8220;ADMO IL DONO DI DONARE&#8221; &#8212; Radio Pi\u00f9\" src=\"https:\/\/www.radiopiu.net\/wordpress\/admo-il-dono-di-donare\/embed\/#?secret=YZZPR1qYiJ\" data-secret=\"YZZPR1qYiJ\" width=\"600\" height=\"338\" frameborder=\"0\" marginwidth=\"0\" marginheight=\"0\" scrolling=\"no\"><\/iframe><\/p>\n<p>&nbsp;<\/p>\n<hr \/>\n<blockquote>\n<blockquote>\n<h2><\/h2>\n<h2>UNA SESSANTINA LE SCUOLE BELLUNESI INTERESSATE DAL COVID<\/h2>\n<\/blockquote>\n<p><strong><img loading=\"lazy\" decoding=\"async\" class=\"alignleft\" src=\"https:\/\/www.radiopiu.net\/wordpress\/wp-content\/uploads\/2019\/12\/miglioramento-sismico_scuola_agordo_2.jpg\" width=\"190\" height=\"115\" \/>BELLUNO<\/strong> Sono attualmente in carico al \u201cteam scuola\u201d del Dipartimento di Prevenzione 59 (-6 rispetto alla scorsa settimana) classi della provincia cos\u00ec distribuite: &#8211; 1 nido &#8211; 8 infanzia (-1) &#8211; 19 primaria (-5) &#8211; 23 classi di scuola secondaria di primo grado (-3) &#8211; 7 classi di scuola secondaria di secondo grado (+7) &#8211; 1 laboratorio pomeridiano. Attualmente sono in isolamento domiciliare fiduciario 26 classi (44% delle classi in carico): &#8211; 1 nido &#8211; 9 classi dell&#8217;infanzia &#8211; 6 classi della primaria &#8211; 10 classi di scuola media\u00a0 &#8211; 1 classe di scuola superiore.\u00a0Dal 14 settembre ad oggi sono state prese in carico 490 classi, di cui 57 nell\u2019ultima settimana.<\/p>\n<p>&nbsp;<\/p><\/blockquote>\n<p>&nbsp;<\/p>\n<hr \/>\n<blockquote>\n<h3><\/h3>\n<h3>DEFIBRILLATORI TRA LE DOLOMITI, ECCO IL PROGETTO<\/h3>\n<\/blockquote>\n<p><strong>BELLUNO<\/strong> Nell\u2019ambito de progetto Interreg Italia-Austria Dolomiti Live, \u00e8 stato avviato il progetto \u201cDolo-Defi\u201d con l&#8217;obiettivo di promuovere il miglioramento transfrontaliero della catena di soccorso attraverso l\u2019uso strutturale di defibrillatori. I partner nel progetto sono: l\u2019Associazione provinciale di soccorso Croce Bianca onlus, l\u2019 ULSS Dolomiti e i partners austriaci. Il progetto proseguir\u00e0 fino al 1\u00b0 ottobre 2022 con un budget di circa 200 mila euro, di cui circa 50 mila assegnati all\u2019Ulss Dolomiti. La necessit\u00e0 di attuare un progetto di cooperazione transfrontaliera nasce dall\u2019alto tasso di mobilit\u00e0 dei cittadini tra le tre aree e dalla forte vocazione turistica della zona con conseguente spostamento di turisti e villeggianti tra le tre aree. I tre partner acquisteranno dei defibrillatori semi-automatici (DAE) da installare nell\u2019area interessata dal progetto, di cui circa 10 in Veneto, che saranno situati in postazioni, individuate dalla Centrale Operativa SUEM 118 e condivise con gli stakeholder locali, di facile accesso ai cittadini\/villeggianti.\u00a0 La localizzazione degli strumenti installati sar\u00e0 resa disponibile sia a livello locale (uffici turistici\/comuni\/associazioni\/cittadini) sia a livello transfrontaliero attraverso l\u2019invio alle centrali operative del 112\/118\u00a0 nell\u2019area interessata dal progetto.<\/p>\n<p>&nbsp;<\/p>\n<h3><\/h3>\n<hr \/>\n<blockquote>\n<h3><\/h3>\n<blockquote>\n<h3><\/h3>\n<h3>INDICAZIONI PER L&#8217;ESECUZIONE DI UN TAMPONE PER I TURISTI<\/h3>\n<\/blockquote>\n<p><strong>BELLUNO<\/strong> Durante le festivit\u00e0 natalizie <b>i turisti<\/b> possono: rivolgersi a pagamento per la prescrizione ad un medico di medicina generale o pediatra di libera scelta del territorio;\u00a0 rivolgersi al servizio di continuit\u00e0 assistenziale nelle ore di operativit\u00e0 dello stesso; presentarsi al drive-in con la prescrizione su ricetta dematerializzata rilasciata in remoto dal proprio medico di medicina generale o pediatra di libera scelta. Da oggi entrano in vigore i seguenti orari dei drive-in:<\/p>\n<p><a href=\"https:\/\/www.radiopiu.net\/wordpress\/defibrillatori-tra-le-dolomiti-ecco-il-progetto\/sssss-7\/\" rel=\"attachment wp-att-180324\"><img loading=\"lazy\" decoding=\"async\" class=\"alignnone wp-image-180324 size-full\" src=\"https:\/\/www.radiopiu.net\/wordpress\/wp-content\/uploads\/2020\/12\/sssss.png\" alt=\"\" width=\"1127\" height=\"643\" srcset=\"https:\/\/www.radiopiu.net\/wordpress\/wp-content\/uploads\/2020\/12\/sssss.png 1127w, https:\/\/www.radiopiu.net\/wordpress\/wp-content\/uploads\/2020\/12\/sssss-300x171.png 300w, https:\/\/www.radiopiu.net\/wordpress\/wp-content\/uploads\/2020\/12\/sssss-1024x584.png 1024w, https:\/\/www.radiopiu.net\/wordpress\/wp-content\/uploads\/2020\/12\/sssss-768x438.png 768w\" sizes=\"auto, (max-width: 1127px) 100vw, 1127px\" \/><\/a><\/p><\/blockquote>\n<p>&nbsp;<\/p>\n<blockquote>\n<hr \/>\n<p>&nbsp;<\/p>\n<blockquote>\n<h3>VACCINATION DAY CONTRO L&#8217;INFLUENZA<\/h3>\n<\/blockquote>\n<p><strong><a href=\"https:\/\/www.radiopiu.net\/wordpress\/giornale-radiopiu-19-dicembre-2020-direttore-mirko-mezzacasa\/7da9c1a8-aaf2-4e2d-a9c5-fde102c5a681\/\" rel=\"attachment wp-att-180323\"><img loading=\"lazy\" decoding=\"async\" class=\" wp-image-180323 alignleft\" src=\"https:\/\/www.radiopiu.net\/wordpress\/wp-content\/uploads\/2020\/12\/7da9c1a8-aaf2-4e2d-a9c5-fde102c5a681-300x225.jpg\" alt=\"\" width=\"187\" height=\"140\" srcset=\"https:\/\/www.radiopiu.net\/wordpress\/wp-content\/uploads\/2020\/12\/7da9c1a8-aaf2-4e2d-a9c5-fde102c5a681-300x225.jpg 300w, https:\/\/www.radiopiu.net\/wordpress\/wp-content\/uploads\/2020\/12\/7da9c1a8-aaf2-4e2d-a9c5-fde102c5a681-1024x768.jpg 1024w, https:\/\/www.radiopiu.net\/wordpress\/wp-content\/uploads\/2020\/12\/7da9c1a8-aaf2-4e2d-a9c5-fde102c5a681-768x576.jpg 768w, https:\/\/www.radiopiu.net\/wordpress\/wp-content\/uploads\/2020\/12\/7da9c1a8-aaf2-4e2d-a9c5-fde102c5a681-1536x1152.jpg 1536w, https:\/\/www.radiopiu.net\/wordpress\/wp-content\/uploads\/2020\/12\/7da9c1a8-aaf2-4e2d-a9c5-fde102c5a681.jpg 1600w\" sizes=\"auto, (max-width: 187px) 100vw, 187px\" \/><\/a>BELLUNO<\/strong> Gli appartenenti alle categorie a rischio che non hanno avuto modo di effettuare il vaccino contro l\u2019influenza dal proprio medico di famiglia, potranno farlo, ad accesso libero, a Belluno e a Feltre in modalit\u00e0 drive-in il 20 dicembre dalle 8.30 alle 13.30. E&#8217; dedicato alla popolazione residente di et\u00e0 pari o superiore a 65anni ed a eventuali altri soggetti appartenenti alle categorie a rischio presso i drive-in vaccinali di Belluno &#8211; Ospedale San Martino\u00a0 Feltre &#8211; Loc. Peschiera area ex Marangoni (foto ieri drive in Sagrogna)<\/p>\n<p>&nbsp;<\/p><\/blockquote>\n<p>&nbsp;<\/p>\n<hr \/>\n<p>&nbsp;<\/p>\n<blockquote>\n<h3>AGGIUDICATO L&#8217;APPALTO\u00a0 PER LA CENTRALE DI STERILIZZAZIONE<\/h3>\n<\/blockquote>\n<p><strong>FELTRE<\/strong> <span style=\"font-size: medium;\">E\u2019 stato aggiudicato l\u2019appalto per la centrale di sterilizzazione dell\u2019ospedale di Feltre. Si completa cos\u00ec il blocco chirurgico, dove in estate sono entrate in funzione le sale operatorie e la rianimazione. A<\/span><span style=\"font-size: medium;\">ggiudicataria della fornitura l\u2019impresa STEELCO S.p.A. di Riese Pio X (TV). <\/span><span style=\"font-size: medium;\">Inoltre, \u00e8 stata acquistata una ulteriore sterilizzatrice a perossido di idrogeno da destinare alla centrale di sterilizzazione del Presidio Ospedaliero di Belluno.<\/span><\/p>\n<p>&nbsp;<\/p>\n<p>&nbsp;<\/p>\n<hr \/>\n<p>&nbsp;<\/p>\n<blockquote>\n<h3>IL MONDO DELL&#8217;IMPRENDITORIA FEMMINILE CAMBIA SECONDO IL REPORT DELLA CAMERA DI COMMERCIO<\/h3>\n<\/blockquote>\n<p><strong><a href=\"https:\/\/www.radiopiu.net\/wordpress\/il-mondo-dellimprenditoria-femminile-cambia-secondo-il-report-della-camera-di-commercio\/imprenditrice\/\" rel=\"attachment wp-att-180381\"><img loading=\"lazy\" decoding=\"async\" class=\"size-medium wp-image-180381 alignleft\" src=\"https:\/\/www.radiopiu.net\/wordpress\/wp-content\/uploads\/2020\/12\/IMPRENDITRICE-300x150.jpg\" alt=\"\" width=\"300\" height=\"150\" srcset=\"https:\/\/www.radiopiu.net\/wordpress\/wp-content\/uploads\/2020\/12\/IMPRENDITRICE-300x150.jpg 300w, https:\/\/www.radiopiu.net\/wordpress\/wp-content\/uploads\/2020\/12\/IMPRENDITRICE-1024x510.jpg 1024w, https:\/\/www.radiopiu.net\/wordpress\/wp-content\/uploads\/2020\/12\/IMPRENDITRICE-768x383.jpg 768w, https:\/\/www.radiopiu.net\/wordpress\/wp-content\/uploads\/2020\/12\/IMPRENDITRICE-1536x766.jpg 1536w, https:\/\/www.radiopiu.net\/wordpress\/wp-content\/uploads\/2020\/12\/IMPRENDITRICE.jpg 1920w\" sizes=\"auto, (max-width: 300px) 100vw, 300px\" \/><\/a>BELLUNO<\/strong><\/p>\n<p>di Moreno Gioli<\/p>\n<audio class=\"wp-audio-shortcode\" id=\"audio-180250-5\" preload=\"none\" style=\"width: 100%;\" controls=\"controls\"><source type=\"audio\/mpeg\" src=\"https:\/\/www.radiopiu.net\/wordpress\/wp-content\/uploads\/2020\/12\/GIOLI-CAMERA-COMMERCIO.mp3?_=5\" \/><a href=\"https:\/\/www.radiopiu.net\/wordpress\/wp-content\/uploads\/2020\/12\/GIOLI-CAMERA-COMMERCIO.mp3\">https:\/\/www.radiopiu.net\/wordpress\/wp-content\/uploads\/2020\/12\/GIOLI-CAMERA-COMMERCIO.mp3<\/a><\/audio>\n<p>&nbsp;<\/p>\n<hr \/>\n<p>&nbsp;<\/p>\n<blockquote>\n<h3>L&#8217;AIUTO DEL COMUNE PER LE SITUAZIONI PIU&#8217; PROBLEMATICHE<\/h3>\n<\/blockquote>\n<p><strong>SANTA GIUSTINA\u00a0<\/strong> Sale a 70mila euro lo stanziamento per le persone che necessitano un aiuto. Ai 35mila euro della primavera se ne aggiungono altrettanti che il Comune distribuir\u00e0 per i buoni spesa con la collaborazione degli esercizi commerciali. Saranno semplificate\u00a0 le procedure burocratiche. Un aiuto concreto che si aggiunge agli\u00a0 interventi a favore di persone in stato di indigenza per il pagamento di bollette, l\u2019acquisto di legna da ardere e altre necessit\u00e0 impellenti.<\/p>\n<p><strong>AIUTI ALLE ASSOCIAZIONI, GRUPPI FRAZIONALI, SCUOLE<\/strong>: Asilo parrocchiale di Santa Giustina 22.000\u20ac,\u00a0 Associazione Nazionale Carabinieri 4.000, Protezione Civile 3.000.\u00a0 Polisportiva Santa Giustina 2.000,\u00a0 USD Plavis-Pizzocco 500, Associazione Nazionale Alpini 600,\u00a0 Associazione Bellunesi nel Mondo 150, Soccorso Alpino 300, Gruppo Frazionale di Carfai 500 Micronido Arcobaleno 1.000, Strutture scolastiche per la messa in sicurezza degli spazi e implementazione della didattica a distanza 70000 euro. A breve l&#8217;assegnazione di contributi per i centri estivi organizzati da Parrocchia, USD Plavis-Pizzocco e dalla Cooperativa Portaperta che hanno permesso di abbattere l\u2019importo delle rette per le famiglie.<\/p>\n<p><strong><a href=\"https:\/\/www.radiopiu.net\/wordpress\/giornale-radio-piu-24-ottobre-2017-direttore-mirko-mezzacasa-pagina-viste-nelle-ultime-24-ore-sul-sito-5-714\/ivan-minella-consigliere-provinciale-consiglieri-e-sindaci-per-lautonomia\/\" rel=\"attachment wp-att-37628\"><img loading=\"lazy\" decoding=\"async\" class=\" wp-image-37628 alignleft\" src=\"https:\/\/www.radiopiu.net\/wordpress\/wp-content\/uploads\/2017\/10\/Ivan-Minella-Consigliere-provinciale-Consiglieri-e-sindaci-per-lautonomia-e1608310286186-200x300.jpg\" alt=\"\" width=\"146\" height=\"219\" \/><\/a>ATTIVITA&#8217; PRODUTTIVE<\/strong> Il Comune si far\u00e0 carico delle spese s&#8217;acquisto e allestimento delle luminarie natalizie, minori costi e burocrazia per le attivit\u00e0 mercatali, ampliamento plateatici quindi con l&#8217;abbattimento del canone di occupazione. Ridotta anche la tassa rifiuti per le attivit\u00e0 produttive chiuse dai DPCM (13000 euro).<\/p>\n<blockquote><p><em>&#8220;Uno sforzo complessivo &#8211; dice il sindaco Ivan Minella &#8211;\u00a0 certamente impegnativo che il Comune ritiene giusto affrontare per cercare di venire incontro alle esigenze ed alle necessit\u00e0 della popolazione anche per affrontare i mesi futuri, nella consapevolezza che non saranno mesi facili, ma nella speranza che le cose possano migliorare al pi\u00f9 presto.<\/em><\/p>\n<p>&nbsp;<\/p><\/blockquote>\n<p>&nbsp;<\/p>\n<p>&nbsp;<\/p>\n<p>&nbsp;<\/p>\n<hr \/>\n<p>&nbsp;<\/p>\n<blockquote>\n<h2>\u00a0CISL: GIANNI BOATO IL NUOVO SEGRETARIO GENERALE FEMCA-CISL<\/h2>\n<\/blockquote>\n<p><a href=\"https:\/\/www.radiopiu.net\/wordpress\/giornale-radiopiu-19-dicembre-2020-direttore-mirko-mezzacasa\/boato_gianni\/\" rel=\"attachment wp-att-180354\"><img loading=\"lazy\" decoding=\"async\" class=\" wp-image-180354 alignleft\" src=\"https:\/\/www.radiopiu.net\/wordpress\/wp-content\/uploads\/2020\/12\/Boato_Gianni-300x200.jpg\" alt=\"\" width=\"207\" height=\"138\" srcset=\"https:\/\/www.radiopiu.net\/wordpress\/wp-content\/uploads\/2020\/12\/Boato_Gianni-300x200.jpg 300w, https:\/\/www.radiopiu.net\/wordpress\/wp-content\/uploads\/2020\/12\/Boato_Gianni-1024x682.jpg 1024w, https:\/\/www.radiopiu.net\/wordpress\/wp-content\/uploads\/2020\/12\/Boato_Gianni-768x512.jpg 768w, https:\/\/www.radiopiu.net\/wordpress\/wp-content\/uploads\/2020\/12\/Boato_Gianni.jpg 1438w\" sizes=\"auto, (max-width: 207px) 100vw, 207px\" \/><\/a><strong>TREVISO-BELLUNO<\/strong><em> \u201cL\u2019impatto della pandemia sul comparto della moda \u00e8 stato duro, con cali del fatturato che si attestano attorno al 30%, ma con una strategia a lungo termine che preveda uno sforzo congiunto da parte di imprese e lavoratori, con l\u2019utilizzo degli ammortizzatori sociali e la riduzione dell\u2019orario di lavoro si potranno evitare i licenziamenti e recuperare i numeri pre Covid\u201d.<\/em> Ne \u00e8 convinto Gianni Boato, eletto oggi, venerd\u00ec 18 dicembre, Segretario generale della Femca Cisl Belluno Treviso, che raccoglie 4.404 iscritti fra le province di Treviso e Belluno. Succede a Nicola Brancher, al timone della Federazione della moda, della chimica e dell\u2019energia dal 2010 ed eletto lo scorso 13 novembre Segretario confederale.\u00a0<em> \u201cRingrazio tutti &#8211; ha detto il dimissionario Brancher ai delegati collegati in videoconferenza al Consiglio generale &#8211; l\u2019attivit\u00e0 sindacale \u00e8 una parte importante delle nostre vite, spero che il mio impegno abbia lasciato qualcosa in ogni singolo delegato. Sar\u00e0 una grande squadra a guidare la categoria\u201d.<\/em> Fondamentale per Boato sar\u00e0 poi riprendere al pi\u00f9 presto le trattative per il rinnovo dei contratti nazionali, importante leva per riattivare un circolo positivo dei consumi.<em> \u201cMentre il contratto dell\u2019occhialeria \u00e8 stato da poco rinnovato e c\u2019\u00e8 un\u2019ipotesi ormai sottoscritta per gommaplastica e ceramica &#8211; spiega Boato &#8211; non si pu\u00f2 dire lo stesso di altri contratti come quelli del settore tessile, scaduto a marzo, dell\u2019industria calzaturiera e delle lavanderie industriali, scaduti oltre un anno fa. Rinnovare i contratti significa dare pi\u00f9 potere salariale ai dipendenti, leve importanti per far ripartire i consumi\u201d.<\/em><\/p>\n<p><b>GIANNI BOATO, SEGRETARIO GENERALE DELLA FEMCA CISL BELLUNO TREVISO<\/b><\/p>\n<audio class=\"wp-audio-shortcode\" id=\"audio-180250-6\" preload=\"none\" style=\"width: 100%;\" controls=\"controls\"><source type=\"audio\/mpeg\" src=\"https:\/\/www.radiopiu.net\/wordpress\/wp-content\/uploads\/2020\/12\/BOATO-CISL.mp3?_=6\" \/><a href=\"https:\/\/www.radiopiu.net\/wordpress\/wp-content\/uploads\/2020\/12\/BOATO-CISL.mp3\">https:\/\/www.radiopiu.net\/wordpress\/wp-content\/uploads\/2020\/12\/BOATO-CISL.mp3<\/a><\/audio>\n<p>&nbsp;<\/p>\n<hr \/>\n<p><span style=\"color: #000000;\">\u00a0<\/span><\/p>\n<blockquote class=\"wp-embedded-content\" data-secret=\"eH56PT8S4Z\"><p><a href=\"https:\/\/www.radiopiu.net\/wordpress\/la-cgil-e-fictem-entrano-dicono-la-sua-su-enel-sulla-lunga-vicenda\/\">LA CGIL E FILCTEM SU ENEL, SULLA LUNGA VICENDA DIGHE  E TELECONDUZIONE<\/a><\/p><\/blockquote>\n<p><iframe loading=\"lazy\" class=\"wp-embedded-content\" sandbox=\"allow-scripts\" security=\"restricted\" style=\"position: absolute; clip: rect(1px, 1px, 1px, 1px);\" title=\"&#8220;LA CGIL E FILCTEM SU ENEL, SULLA LUNGA VICENDA DIGHE  E TELECONDUZIONE&#8221; &#8212; Radio Pi\u00f9\" src=\"https:\/\/www.radiopiu.net\/wordpress\/la-cgil-e-fictem-entrano-dicono-la-sua-su-enel-sulla-lunga-vicenda\/embed\/#?secret=eH56PT8S4Z\" data-secret=\"eH56PT8S4Z\" width=\"600\" height=\"338\" frameborder=\"0\" marginwidth=\"0\" marginheight=\"0\" scrolling=\"no\"><\/iframe><\/p>\n<p>&nbsp;<\/p>\n<hr \/>\n<p>&nbsp;<\/p>\n<h2><span style=\"color: #ff0000;\">IERI ALLA RADIO<\/span><\/h2>\n<blockquote>\n<h3><a href=\"https:\/\/www.radiopiu.net\/wordpress\/andy-varallo-presidente-di-dolomiti-superski\/andy-varallo-dolomiti-supersky\/\" rel=\"attachment wp-att-154563\"><img loading=\"lazy\" decoding=\"async\" class=\"wp-image-154563 alignleft\" src=\"https:\/\/www.radiopiu.net\/wordpress\/wp-content\/uploads\/2020\/08\/ANDY-VARALLO-DOLOMITI-SUPERSKY-300x300.jpg\" alt=\"\" width=\"161\" height=\"161\" srcset=\"https:\/\/www.radiopiu.net\/wordpress\/wp-content\/uploads\/2020\/08\/ANDY-VARALLO-DOLOMITI-SUPERSKY-300x300.jpg 300w, https:\/\/www.radiopiu.net\/wordpress\/wp-content\/uploads\/2020\/08\/ANDY-VARALLO-DOLOMITI-SUPERSKY-1024x1024.jpg 1024w, https:\/\/www.radiopiu.net\/wordpress\/wp-content\/uploads\/2020\/08\/ANDY-VARALLO-DOLOMITI-SUPERSKY-150x150.jpg 150w, https:\/\/www.radiopiu.net\/wordpress\/wp-content\/uploads\/2020\/08\/ANDY-VARALLO-DOLOMITI-SUPERSKY-768x768.jpg 768w, https:\/\/www.radiopiu.net\/wordpress\/wp-content\/uploads\/2020\/08\/ANDY-VARALLO-DOLOMITI-SUPERSKY-1536x1536.jpg 1536w, https:\/\/www.radiopiu.net\/wordpress\/wp-content\/uploads\/2020\/08\/ANDY-VARALLO-DOLOMITI-SUPERSKY.jpg 1600w\" sizes=\"auto, (max-width: 161px) 100vw, 161px\" \/><\/a>DA DOMENICA LE GARE IN ALTA BADIA SULLA GRAN RISA<\/h3>\n<h3>&#8220;SKI WORLD CUP 2020&#8221;<\/h3>\n<p><strong>TAIBON<\/strong> Nostra intervista ad Andy Varallo presidente del Dolomiti Superski.\u00a0 Nell&#8217;intervista il punto sulla stagione al via dal 7 gennaio?<\/p>\n<p><strong>di Claudio Fontanive<\/strong><\/p><\/blockquote>\n<audio class=\"wp-audio-shortcode\" id=\"audio-180250-7\" preload=\"none\" style=\"width: 100%;\" controls=\"controls\"><source type=\"audio\/mpeg\" src=\"https:\/\/www.radiopiu.net\/wordpress\/wp-content\/uploads\/2020\/12\/andy-varallo-18-dicembre.mp3?_=7\" \/><a href=\"https:\/\/www.radiopiu.net\/wordpress\/wp-content\/uploads\/2020\/12\/andy-varallo-18-dicembre.mp3\">https:\/\/www.radiopiu.net\/wordpress\/wp-content\/uploads\/2020\/12\/andy-varallo-18-dicembre.mp3<\/a><\/audio>\n<p>&nbsp;<\/p>\n<hr \/>\n<p>&nbsp;<\/p>\n<blockquote>\n<h2>REALIZZATA LA NUOVA COPERTURA: TERMINATI I LAVORI AL PALAMARES<\/h2>\n<\/blockquote>\n<p><strong>PONTE NELLE ALPI<\/strong> Le operazioni, condotte dalla ditta Marcolin, hanno tagliato la linea del traguardo in meno di una settimana.\u00a0 Nello specifico, \u00e8 stato montato un telo a doppia membrana, finalizzato a scongiurare rischi qualora si verificassero altre e importanti ondate di maltempo. Come quella avvenuta alla fine dello scorso mese di agosto, quando una tromba d\u2019aria aveva provocato danni ingenti.\u00a0 Le opere proseguiranno ora con la sistemazione delle linee elettriche e dell\u2019illuminazione.<\/p>\n<p><a href=\"https:\/\/www.radiopiu.net\/wordpress\/giornale-radiopiu-19-dicembre-2020-direttore-mirko-mezzacasa\/palamares_nuova_copertura\/\" rel=\"attachment wp-att-180350\"><img loading=\"lazy\" decoding=\"async\" class=\"alignnone wp-image-180350\" src=\"https:\/\/www.radiopiu.net\/wordpress\/wp-content\/uploads\/2020\/12\/PalaMares_nuova_copertura-300x169.jpg\" alt=\"\" width=\"257\" height=\"145\" srcset=\"https:\/\/www.radiopiu.net\/wordpress\/wp-content\/uploads\/2020\/12\/PalaMares_nuova_copertura-300x169.jpg 300w, https:\/\/www.radiopiu.net\/wordpress\/wp-content\/uploads\/2020\/12\/PalaMares_nuova_copertura-1024x576.jpg 1024w, https:\/\/www.radiopiu.net\/wordpress\/wp-content\/uploads\/2020\/12\/PalaMares_nuova_copertura-768x432.jpg 768w, https:\/\/www.radiopiu.net\/wordpress\/wp-content\/uploads\/2020\/12\/PalaMares_nuova_copertura-1536x864.jpg 1536w, https:\/\/www.radiopiu.net\/wordpress\/wp-content\/uploads\/2020\/12\/PalaMares_nuova_copertura.jpg 1600w\" sizes=\"auto, (max-width: 257px) 100vw, 257px\" \/><\/a><a href=\"https:\/\/www.radiopiu.net\/wordpress\/giornale-radiopiu-19-dicembre-2020-direttore-mirko-mezzacasa\/palamares_nuova_copertura_2\/\" rel=\"attachment wp-att-180351\"><img loading=\"lazy\" decoding=\"async\" class=\"alignnone wp-image-180351\" src=\"https:\/\/www.radiopiu.net\/wordpress\/wp-content\/uploads\/2020\/12\/PalaMares_nuova_copertura_2-300x169.jpg\" alt=\"\" width=\"256\" height=\"144\" srcset=\"https:\/\/www.radiopiu.net\/wordpress\/wp-content\/uploads\/2020\/12\/PalaMares_nuova_copertura_2-300x169.jpg 300w, https:\/\/www.radiopiu.net\/wordpress\/wp-content\/uploads\/2020\/12\/PalaMares_nuova_copertura_2-1024x576.jpg 1024w, https:\/\/www.radiopiu.net\/wordpress\/wp-content\/uploads\/2020\/12\/PalaMares_nuova_copertura_2-768x432.jpg 768w, https:\/\/www.radiopiu.net\/wordpress\/wp-content\/uploads\/2020\/12\/PalaMares_nuova_copertura_2-1536x864.jpg 1536w, https:\/\/www.radiopiu.net\/wordpress\/wp-content\/uploads\/2020\/12\/PalaMares_nuova_copertura_2.jpg 1600w\" sizes=\"auto, (max-width: 256px) 100vw, 256px\" \/><\/a><\/p>\n<hr \/>\n<p>&nbsp;<\/p>\n<blockquote>\n<h3>LA COSTITUZIONE AI NEO-DICIOTTENNI VERRA&#8217; INVIATA A DOMICILIO<\/h3>\n<\/blockquote>\n<p><strong> <a href=\"https:\/\/www.radiopiu.net\/wordpress\/giornale-radiopiu-19-dicembre-2020-direttore-mirko-mezzacasa\/download-1040\/\" rel=\"attachment wp-att-180320\"><img loading=\"lazy\" decoding=\"async\" class=\" wp-image-180320 alignleft\" src=\"https:\/\/www.radiopiu.net\/wordpress\/wp-content\/uploads\/2020\/12\/download-19.jpg\" alt=\"\" width=\"228\" height=\"139\" \/><\/a>ALPAGO<\/strong> Quest&#8217;anno niente cerimonia di consegna della Costituzione Italiana ai cittadini del Comune di Alpago che hanno raggiunto la maggiore et\u00e0. L&#8217;Amministrazione non ha voluto in ogni caso soprassedere a questo appuntamento e ha predisposto l&#8217;invio del testo costituzionale a domicilio. Saranno 56 i ragazzi residenti nel Comune di Alpago che in questi giorni riceveranno a casa il piccolo volume con la carta fondamentale del nostro ordinamento, assieme ad un breve messaggio a firma del sindaco. <strong>L&#8217;ASSESSORE ALLE POLITICHE GIOVANILI DEL COMUNE DI ALPAGO VANESSA DE FRANCESCH &#8221; <\/strong><em>\u201cNon volevamo in ogni caso perdere questa importante occasione, pur in un momento cos\u00ec complicato. I giovani di oggi sono cittadini a pieno titolo e lo saranno ancor di pi\u00f9 nelle nostre comunit\u00e0 di domani, in cui alcuni di loro assumeranno anche incarichi di responsabilit\u00e0 diretta a vari livelli. Il nostro augurio, conclude De Francesch, \u00e8 che sappiano far tesoro anche di questo periodo, particolarmente difficile&#8221;<\/em><\/p>\n<p>&nbsp;<\/p>\n<p>&nbsp;<\/p>\n<hr \/>\n<p>&nbsp;<\/p>\n<blockquote>\n<h3>LAUREATI IN FESTA, ON LINE CON TRE RELATORI DI ECCEZIONE<\/h3>\n<\/blockquote>\n<p><strong><a href=\"https:\/\/www.radiopiu.net\/wordpress\/giornale-radiopiu-19-dicembre-2020-direttore-mirko-mezzacasa\/download-1041\/\" rel=\"attachment wp-att-180321\"><img loading=\"lazy\" decoding=\"async\" class=\" wp-image-180321 alignleft\" src=\"https:\/\/www.radiopiu.net\/wordpress\/wp-content\/uploads\/2020\/12\/download-20.jpg\" alt=\"\" width=\"159\" height=\"89\" \/><\/a>PONTE NELLE ALP<\/strong>I <span style=\"color: #000000; font-family: Helvetica;\">Sar\u00e0 a distanza e ha lo scopo di dare risalto a quei giovani che hanno tagliato un importante traguardo nella loro vita, in ambito accademico.\u00a0 <\/span><span style=\"color: #000000; font-family: Helvetica;\">Anche quest\u2019anno il Comune di Ponte nelle Alpi promuove la \u201cFesta dei Laureati\u201d: l\u2019appuntamento \u00e8 in calendario domenica 20 (alle ore 10.30). E sar\u00e0 accompagnato da un sottotitolo. O meglio, da un invito: \u201cTrova il futuro che ti cerca\u201d.\u00a0 <\/span><em><span style=\"color: #000000; font-family: Helvetica;\">\u00abNella nostra realt\u00e0 &#8211; afferma la consigliera comunale Sabrina Dassi\u00e8 &#8211; questo \u00e8 un evento ormai consueto. A causa della pandemia \u00e8 stato posticipato, ma si svilupper\u00e0 ugualmente, anche se attraverso nuove modalit\u00e0: in videoconferenza, con diretta su Youtube\u00bb.\u00a0 <\/span><\/em><span style=\"color: #000000; font-family: Helvetica;\">Al centro, loro: i giovani. Da valorizzare e promuovere.\u00a0<\/span><span style=\"color: #000000; font-family: Helvetica;\">Sono stati invitati tre relatori di rilievo: Marco Da Rin Zanco (presidente del Gruppo Giovani di Confindustria Belluno Dolomiti), Caterina Fontanella (oncologa) e Daniela Zangrando (direttrice del Museo d\u2019Arte Contemporaneo Burel di Belluno). <\/span><span style=\"color: #000000; font-family: Helvetica;\">Non mancheranno, inoltre, gli interventi del sindaco Paolo Vendramini e dell\u2019assessora alla Cultura e all\u2019Istruzione, Lucia Da Rold.<\/span><\/p>\n<p>&nbsp;<\/p>\n<p>&nbsp;<\/p>\n<hr \/>\n<p>&nbsp;<\/p>\n<blockquote>\n<h3>BELLUNO NELLA RETE CITTASLOW INTERNAZIONE<\/h3>\n<\/blockquote>\n<p><strong>BELLUNO\u00a0<\/strong> Oggi alle 12 in Piazza Duomo davanti a Palazzo Rosso\u00a0 cerimonia di consegna del riconoscimento di Cittaslow Internazionale alla Citt\u00e0 di Belluno. Saranno presenti il Sindaco\u00a0 Jacopo Massaro; l&#8217;assessore al turismo Yuki d&#8217;Emilia, il presidente di Cittaslow Internazionale e Sindaco di Asolo, Mauro Migliorini; il segretario generale di Cittaslow Internazionale, Pier Giorgio Oliveti.<\/p>\n<p>&nbsp;<\/p>\n<p>&nbsp;<\/p>\n<p>&nbsp;<\/p>\n<hr \/>\n<blockquote>\n<h3><\/h3>\n<h3>FINE SETTIMANA SENZA LIMITAZIONE PER SCI ALPINISTI E CIASPISTI<\/h3>\n<\/blockquote>\n<p><strong>FALCADE<\/strong> Il sindaco ha revocato la precedente ordinanza del 4 dicembre e quindi da oggi\u00a0 \u00e8 di nuovo possibile sul territorio comunale la pratica dello sci e altre attivit\u00e0 in spazi aperti in quota. La decisione dopo la nota sul bollettino meteo di Arabba che prevede pericolo di valanghe moderato di grado 2 su una scala di 5 su tutto l&#8217;arco montano.<\/p>\n<p>&nbsp;<\/p>\n<hr \/>\n<blockquote>\n<h3><\/h3>\n<h3>TERRENI IN CAMBIO DEL MARCIAPIEDE<\/h3>\n<\/blockquote>\n<p><strong>LIVINALLONGO<\/strong>\u00a0 Il sindaco Leandro Grones ha convocato il consiglio comunale per\u00a0 lunedi alle 17. In discussione la undicesima variazione al bilancio, la revisione delle partecipazioni, la permuta di alcuni terreni ad Arabba per la realizzazione del marciapiede in via Colesel e l&#8217;approvazione della convenzione per la trasformazione digitale dei servizi al cittadino.<\/p>\n<p>&nbsp;<\/p>\n<hr \/>\n<blockquote>\n<h3><\/h3>\n<h3>ANTI VIGILIA DI NATALE IN MUNICIPIO<\/h3>\n<\/blockquote>\n<p><strong>ALLEGHE<\/strong> Marcoledi alle 19.30 consiglio comunale convocato dal sindaco Danilo De Toni, sar\u00e0 prorogata la scadenza al consorzio Girotondo; rinnovo della convenzione per il rilascio delle autorizzazioni paesaggistiche, approvazione contratto attuattivo per la pubblica illuminazione, nomina revisore dei conti.<\/p>\n<p><strong>RIVAMONTE<\/strong> Il consiglio comunale si terr\u00e0 mercoledi alle 18.30. Ordine del giorno: ricognizione sullo stato di attuazione dei programmi; variazione al bilancio; convenzione con l&#8217;Unione Montana per le funzioni di RUP, riconoscimento debiti fuori bilancio dopo le avversit\u00e0 atmosferiche d&#8217;inizio dicembre.<\/p>\n<p>&nbsp;<\/p>\n<hr \/>\n<blockquote><p>&nbsp;<\/p>\n<p><strong>UFFICI CHIUSI<\/strong><\/p><\/blockquote>\n<p><strong>FELTRE<\/strong> <span style=\"font-family: Times New Roman, serif;\"><span style=\"font-size: medium;\">Chiusura uffici comunali nel periodo delle festivit\u00e0 natalizie: nei pomeriggi del 24 e del 31 dicembre e chiusura del Polo Bibliotecario nella giornata del 2 gennaio.\u00a0<\/span><\/span><\/p>\n<p>&nbsp;<\/p>\n<p>&nbsp;<\/p>\n<hr \/>\n<blockquote>\n<h3><\/h3>\n<h3>AL VIA LA RICHIESTA DEI BUONI SPESA PER IL COMUNE DI CANALE D&#8217;AGORDO<\/h3>\n<\/blockquote>\n<p><strong>CANALE D&#8217;AGORDO<\/strong> Il comune di Canale d&#8217;Agordo\u00a0ha pubblicato l\u2019avviso per la richiesta di buoni spesa. Quindi tutte le famiglie che si trovano i difficolt\u00e0 a causa del perdurare dell\u2019emergenza epidemiologica\u00a0 COVID -19 possono presentare richiesta compilando il modulo che si trova sul sito del Comune. La domanda va presentata entro il 21 dicembre 2020.<\/p>\n<p>&nbsp;<\/p>\n<hr \/>\n<blockquote>\n<h3><\/h3>\n<h3>AD AGORDO PROLOCO METTE L&#8217;INVERNO DI VETRINA<\/h3>\n<\/blockquote>\n<p><strong>AGORDO<\/strong> La Proloco di Agordo \u00e8 artefice di una nuova iniziativa. La raccolta delle fotografie dell&#8217;inverno nella Conca Agordina (2020-21), da esporre nell&#8217;ufficio di via 27 Aprile. Troveranno spazio in vetrina o nei locali dell&#8217;ufficio su supporto cartaceo o video fino al termine dell&#8217;inverno, la proloco pensa anche ad una pubblicazione sui social. <em>&#8220;Abbiamo approfittato di questo periodo in cui non possiamo esporre i soliti numerosissimi manifesti di eventi ed iniziative &#8211; spiega la proloco &#8211;\u00a0 per promuovere le bellezze della Conca Agordina&#8221;. <\/em>Chi vorr\u00e0 partecipare potr\u00e0 compilare il modulo ed inviare al massimo 2 foto.<\/p>\n<p>&nbsp;<\/p>\n<p>&nbsp;<\/p>\n<hr \/>\n<p>&nbsp;<\/p>\n<blockquote>\n<h3>LA SCUOLA EQUIPE FALCADE ORGANIZZA ESCURSIONI GUIDATE<\/h3>\n<\/blockquote>\n<p><strong>FALCADE\u00a0<\/strong>Per la stagione invernale 2020\/21, la scuola Equipe Falcade organizza delle escursioni con le ciaspe dedicate ai bambini. 4 le escursioni in programma per gruppi di massimo 4 bambini che si possono prenotare al 334 9151617. Necessario l&#8217;abbigliamento da sci, zainetto e la mascherina. A tutti coloro che partecipano all&#8217;iniziativa uno scaldacollo in omaggio.<\/p>\n<p>&nbsp;<\/p>\n<p>&nbsp;<\/p>\n<hr \/>\n<p>&nbsp;<\/p>\n<blockquote>\n<h3>S\u00d6RA D NAD\u00c0 E DVAN DAL COI<\/h3>\n<\/blockquote>\n<p><strong>COMELICO\u00a0<\/strong>L&#8217;Union Ladina Dal Comelgo e il Gruppo Musicale di Costalta organizzano per mercoled\u00ec 23 dicembre alle 20.30 e per domenica 27 dicembre alle 20.30, due serate di musica, poesia e presentazione del libro &#8220;Dvan dal Coi, l&#8217;uomo dei boschi, tra leggenda e realt\u00e0&#8221;. Con Lucio Eicher Clere, Daniele De Bettin e Claudio Michelazzi. Le serate saranno trasmesse esclusivamente in diretta Facebook da Costalta sulla pagina Facebook dell&#8217;Union Ladina.<\/p>\n<p>&nbsp;<\/p>\n<hr \/>\n<p>&nbsp;<\/p>\n<blockquote>\n<h3>ORIENTAMENTO SCOLASTICO, ENAIP LONGARONE<\/h3>\n<\/blockquote>\n<p><strong>LONGARONE<\/strong> Studenti di terza media a genitori potranno conoscere l&#8217;organizzazione dei percorsi triennali di formazione a qualifica professionale di ristorazione e riparazione veicoli a motore. Potranno visitare aule e laboratori: oggi dalle 14.30, informazioni allo 0437 770318<\/p>\n<p>&nbsp;<\/p>\n<hr \/>\n<p>&nbsp;<\/p>\n<div class=\"page-title-head hgroup\">\n<blockquote>\n<h3 class=\"entry-title\">I GIOVANI DANNO AVVIO ALLA RACCOLTA DI NATALE<\/h3>\n<\/blockquote>\n<\/div>\n<p class=\"page-title-breadcrumbs\"><strong><img loading=\"lazy\" decoding=\"async\" class=\"alignleft\" src=\"https:\/\/www.radiopiu.net\/wordpress\/wp-content\/uploads\/2020\/12\/christmas-3009949__340.jpg\" width=\"213\" height=\"119\" \/>TAIBON<\/strong>\u00a0L\u2019iniziativa parte dai giovani ed \u00e8 rivolta a tutti i giovani dell\u2019Agordino. \u00a0Raccogliendo oggetti e cibo e donandolo, tramite l\u2019associazione San Martino di Agordo, a chi \u00e8 maggiormente in difficolt\u00e0. Sono graditi Libri, prodotti di bellezza, generi alimentari (a lunga conservazione), accessori, dolcetti, oggetti simbolici.\u00a0 Tre i punti di raccolta in cui depositare gli oggetti:\u00a0 Valle del Biois ( Margherita Andrich, 349 7093043),\u00a0 Agordo e dintorni (Samuel Da Campo, 342 1875044) e\u00a0 Alleghe e dintorni ( Agnese Vinti, 348 1817865). \u00a0La raccolta avviene nei giorni precedenti al Natale tra il 19 e il 24 dicembre<\/p>\n<p><strong>DAL CORRIERE DELLE ALPI DI OGGI IL SERVIZIO DI GIANNI SANTOMASO<\/strong><\/p>\n<audio class=\"wp-audio-shortcode\" id=\"audio-180250-8\" preload=\"none\" style=\"width: 100%;\" controls=\"controls\"><source type=\"audio\/mpeg\" src=\"https:\/\/www.radiopiu.net\/wordpress\/wp-content\/uploads\/2020\/12\/GIANNI-GIOVANI-RACCOLTA-PER-NATALE.mp3?_=8\" \/><a href=\"https:\/\/www.radiopiu.net\/wordpress\/wp-content\/uploads\/2020\/12\/GIANNI-GIOVANI-RACCOLTA-PER-NATALE.mp3\">https:\/\/www.radiopiu.net\/wordpress\/wp-content\/uploads\/2020\/12\/GIANNI-GIOVANI-RACCOLTA-PER-NATALE.mp3<\/a><\/audio>\n<p>&nbsp;<\/p>\n<p>&nbsp;<\/p>\n<p>&nbsp;<\/p>\n<hr \/>\n<p>&nbsp;<\/p>\n<blockquote>\n<h3>OGGI IL VERSO AL GUERRIERO LO FACCIO IO<\/h3>\n<\/blockquote>\n<p>AUDIO<\/p>\n<audio class=\"wp-audio-shortcode\" id=\"audio-180250-9\" preload=\"none\" style=\"width: 100%;\" controls=\"controls\"><source type=\"audio\/mpeg\" src=\"https:\/\/www.radiopiu.net\/wordpress\/wp-content\/uploads\/2020\/12\/WILLIAN.mp3?_=9\" \/><a href=\"https:\/\/www.radiopiu.net\/wordpress\/wp-content\/uploads\/2020\/12\/WILLIAN.mp3\">https:\/\/www.radiopiu.net\/wordpress\/wp-content\/uploads\/2020\/12\/WILLIAN.mp3<\/a><\/audio>\n<p><strong><a href=\"https:\/\/www.radiopiu.net\/wordpress\/oggi-il-verso-al-guerriero-lo-faccio-io\/b677cccd-b653-4693-b05d-331bed4c00ee\/\" rel=\"attachment wp-att-180400\"><img loading=\"lazy\" decoding=\"async\" class=\" wp-image-180400 alignleft\" src=\"https:\/\/www.radiopiu.net\/wordpress\/wp-content\/uploads\/2020\/12\/b677cccd-b653-4693-b05d-331bed4c00ee-300x300.jpg\" alt=\"\" width=\"235\" height=\"235\" srcset=\"https:\/\/www.radiopiu.net\/wordpress\/wp-content\/uploads\/2020\/12\/b677cccd-b653-4693-b05d-331bed4c00ee-300x300.jpg 300w, https:\/\/www.radiopiu.net\/wordpress\/wp-content\/uploads\/2020\/12\/b677cccd-b653-4693-b05d-331bed4c00ee-1020x1024.jpg 1020w, https:\/\/www.radiopiu.net\/wordpress\/wp-content\/uploads\/2020\/12\/b677cccd-b653-4693-b05d-331bed4c00ee-150x150.jpg 150w, https:\/\/www.radiopiu.net\/wordpress\/wp-content\/uploads\/2020\/12\/b677cccd-b653-4693-b05d-331bed4c00ee-768x771.jpg 768w, https:\/\/www.radiopiu.net\/wordpress\/wp-content\/uploads\/2020\/12\/b677cccd-b653-4693-b05d-331bed4c00ee.jpg 1125w\" sizes=\"auto, (max-width: 235px) 100vw, 235px\" \/><\/a>di William Da Roit<\/strong><\/p>\n<p>John Francis Della Pietra corre per 104 km! L\u2019ex agente di Polizia Locale e Guardia Ambientale di Canale d\u2019Agordo \u00e8 riuscito a completare la sfida lanciata dai suoi conterranei australiani, John \u00e8 natio della terra dei canguri. Tutto \u00e8 iniziato il primo dicembre, obbiettivo: completare il percorso tracciato dagli organizzatori sulla costa del Pacifico in collegamento giornaliero con l\u2019Australia. John per 17 giorni ha percorso chilometri e miglia \u201cvirtualmente\u201d in compagnia di 20 mila runners da tutto il mondo. <em>Complimenti vecchio Guerriero.<\/em><\/p>\n<p>&nbsp;<\/p>\n<p>&nbsp;<\/p>\n<p>&nbsp;<\/p>\n<p>&nbsp;<\/p>\n<hr \/>\n<p>&nbsp;<\/p>\n<blockquote>\n<h3>NEL 1957 L\u2019ISTITUTO SALESIANO AGOSTI APRE I BATTENTI IN\u2026 PIAZZA DON BOSCO<\/h3>\n<\/blockquote>\n<p><strong>di\u00a0Renato\u00a0Bona\u00a0<\/strong><\/p>\n<p>Una artigianale pubblicazione ciclostilata col titolo \u201cDon Bosco a Belluno\u201d realizzata nel 1974 per celebrare i cinquant\u2019anni dell\u2019Opera Salesiana, traccia una storia che ha avuto tanti importanti protagonisti. Innanzitutto il bellunese don Antonio Sperti il quale scrisse a don Giovanni Bosco e poi and\u00f2 di persona a Torino ad invitarlo a mandare anche da queste parti qualche salesiano per occuparsi dell\u2019Orfanatrofio che lui stesso aveva avviato dopo la pestilenza del 1855. La malattia e la morte di don Bosco troncarono la trattativa che tuttavia riprese col successore del Santo, don Rua, ma\u2026il 18 maggio 1898 veniva a mancare lo stesso Sperti e \u201ccon lui parve morire ogni iniziativa in proposito\u201d. Trascorse dunque un quarto di secolo ma finalmente ed il 23 ottobre 1924 giunse il primo drappello di salesiani: don Mario Signorini, don Francesco Carpen\u00e8 ed il coadiutore Lorenzo Del Favero, \u201caccolto dalla viva cordialit\u00e0 del vescovo Giosu\u00e8 Cattarossi, dal Prefetto e dalle autorit\u00e0 cittadine\u201d. Le cronache narrano che \u201cUn\u2019onda di intensa commozione era in tutti i presenti\u201d. Ed aggiungono: \u201cNel dicembre dello stesso anno veniva nominato Ispettore delle Venezie don Giuseppe Festini. La carit\u00e0 del natio loco e il grande cuore di questo degnissimo sacerdote salesiano, bellunese di Casamazzagno, contribuirono notevolmente al completamento e funzionamento del nuovo Istituto che si apriva in Piazza Piloni\u201d. Era il 1. ottobre 1925 quando fu aperto anche il Convitto per studenti. E anche questo spiega perch\u00e9 \u201cLa giovent\u00f9 bellunese trovava nell\u2019ambiente salesiano il clima naturale di gioia serena, di piet\u00e0 spontanea, di festosa armonia, di studio impegnato, con recite, sport, passeggiate che lasciavano un ricordo indelebile. Qualcuno ricorda ancora la prima \u201cpasseggiata delle castagne\u201d a Landris di Sedico il 22 novembre 1925\u201d. Alcune date significative. Il 3 giugno 1926 il Rettor maggiore don Filippo Rinaldi era accolto dalle autorit\u00e0 cittadine e dal vescovo diocesano per l\u2019inaugurazione solenne del nuovo Istituto intitolato a colui che l\u2019aveva tanto sospirato: Istituto salesiano Antonio Sperti. Ben presto sorsero anche le associazioni delle Dame patronesse e dei Cooperatori salesiani, fu pure aperto l\u2019Oratorio festivo; nel luglio e agosto 1927 gli orfani ebbero il primo soggiorno estivo nelle scuole elementari di Reane di Auronzo. Il 27 maggio si costituiva il primo nucleo di ex allievi. Il 9 maggio 1934 la chiesa di san Rocco si arricchiva della nuova artistica pala San Giovanni Bosco, opera del pittore bellunese Luigi Cima. Nel 1952 l\u2019istituzione della nuova parrocchia intitolata a San Giovanni Bosco ed affidata a don Edoardo Furlano, il pioniere e l\u2019apostolo dei \u201cbirichini\u201d di Borgo Pra. Maturava quindi la generosa donazione della nobile contessina Giuseppina Agosti per l\u2019apertura di una scuola professionale. L\u2019insigne benefattrice moriva l\u2019anno seguente, il 6 novembre1955 \u201clasciando imperitura testimonianza della sua carit\u00e0 verso i giovani\u201d. Quindi, scaduto il contratto con l\u2019amministrazione diocesana per l\u2019uso degli stabili dello \u201cSperti2, il 20 agosto 1957 gli stessi furono restituiti alla Diocesi che vi apr\u00ec l\u2019attuale Centro Giovanni XXIII. Ma il 27 ottobre dello stesso anno, \u201cIl nuovo istituto Agosti pu\u00f2 gi\u00e0 accogliere i primi artigiani e studenti\u201d compresi in seguito parecchi orfani della sciagura del Vajont del 9 ottobre 1963 e, tre anni dopo, quelli della disastrosa alluvione del 4 novembre. Nel 1968 si riapre il Convitto per studenti delle superiori mentre \u201c va spegnendosi l\u2019attivit\u00e0 della Scuola professionale col venir meno delle presenze dei giovani di questa scuola\u201d. Nel giro di mezzo secolo l\u2019Opera salesiana di Belluno si \u00e8 trasformata fino all\u2019attuale situazione che contempla la scuola materna Don Bosco con annesso oratorio femminile, la scuola media con convitto per le superiori, la parrocchia con oratorio. Oggi, l\u2019Agosti, \u00e8 diretto da don Alberto Maschio (coordinatore didattico della Scuola Primaria e della Secondaria di primo grado il prof. don Lorenzo Teston; coordinatore pastorale della Primaria e Secondaria don Paolo Ceccon). Mentre a capo della parrocchia vi \u00e8 don Claudio Zamperin, subentrato a don Guido Novella trasferito a Roma.<\/p>\n\n\t\t\t<style type='text\/css'>\n\t\t\t\t#gallery-4 {\n\t\t\t\t\tmargin: auto;\n\t\t\t\t}\n\t\t\t\t#gallery-4 .gallery-item {\n\t\t\t\t\tfloat: left;\n\t\t\t\t\tmargin-top: 10px;\n\t\t\t\t\ttext-align: center;\n\t\t\t\t\twidth: 20%;\n\t\t\t\t}\n\t\t\t\t#gallery-4 img {\n\t\t\t\t\tborder: 2px solid #cfcfcf;\n\t\t\t\t}\n\t\t\t\t#gallery-4 .gallery-caption {\n\t\t\t\t\tmargin-left: 0;\n\t\t\t\t}\n\t\t\t\t\/* see gallery_shortcode() in wp-includes\/media.php *\/\n\t\t\t<\/style>\n\t\t<div id='gallery-4' class='dt-gallery-container gallery galleryid-180250 gallery-columns-5 gallery-size-thumbnail'><dl class='gallery-item'>\n\t\t\t\t<dt class='gallery-icon portrait'>\n\t\t\t\t\t<a class=\"rollover rollover-zoom dt-pswp-item\" title=\"131987688_1055336791647117_3017515775119422123_n\" data-dt-img-description=\"\" data-large_image_width=\"1007\" data-large_image_height=\"1479\"href='https:\/\/www.radiopiu.net\/wordpress\/wp-content\/uploads\/2020\/12\/131987688_1055336791647117_3017515775119422123_n.jpg'><img loading=\"lazy\" decoding=\"async\" width=\"150\" height=\"150\" src=\"https:\/\/www.radiopiu.net\/wordpress\/wp-content\/uploads\/2020\/12\/131987688_1055336791647117_3017515775119422123_n-150x150.jpg\" class=\"attachment-thumbnail size-thumbnail\" alt=\"\" \/><\/a>\n\t\t\t\t<\/dt><\/dl><dl class='gallery-item'>\n\t\t\t\t<dt class='gallery-icon landscape'>\n\t\t\t\t\t<a class=\"rollover rollover-zoom dt-pswp-item\" title=\"131996045_1068572946919822_5961534797978103240_n\" data-dt-img-description=\"\" data-large_image_width=\"2560\" data-large_image_height=\"1872\"href='https:\/\/www.radiopiu.net\/wordpress\/wp-content\/uploads\/2020\/12\/131996045_1068572946919822_5961534797978103240_n-scaled.jpg'><img loading=\"lazy\" decoding=\"async\" width=\"150\" height=\"150\" src=\"https:\/\/www.radiopiu.net\/wordpress\/wp-content\/uploads\/2020\/12\/131996045_1068572946919822_5961534797978103240_n-150x150.jpg\" class=\"attachment-thumbnail size-thumbnail\" alt=\"\" \/><\/a>\n\t\t\t\t<\/dt><\/dl><dl class='gallery-item'>\n\t\t\t\t<dt class='gallery-icon portrait'>\n\t\t\t\t\t<a class=\"rollover rollover-zoom dt-pswp-item\" title=\"132005992_1123309381437871_3081807602608421839_n\" data-dt-img-description=\"\" data-large_image_width=\"1707\" data-large_image_height=\"2560\"href='https:\/\/www.radiopiu.net\/wordpress\/wp-content\/uploads\/2020\/12\/132005992_1123309381437871_3081807602608421839_n-scaled.jpg'><img loading=\"lazy\" decoding=\"async\" width=\"150\" height=\"150\" src=\"https:\/\/www.radiopiu.net\/wordpress\/wp-content\/uploads\/2020\/12\/132005992_1123309381437871_3081807602608421839_n-150x150.jpg\" class=\"attachment-thumbnail size-thumbnail\" alt=\"\" \/><\/a>\n\t\t\t\t<\/dt><\/dl><dl class='gallery-item'>\n\t\t\t\t<dt class='gallery-icon portrait'>\n\t\t\t\t\t<a class=\"rollover rollover-zoom dt-pswp-item\" title=\"131959978_1519168331607746_2381131272189717939_n\" data-dt-img-description=\"\" data-large_image_width=\"1889\" data-large_image_height=\"2133\"href='https:\/\/www.radiopiu.net\/wordpress\/wp-content\/uploads\/2020\/12\/131959978_1519168331607746_2381131272189717939_n.jpg'><img loading=\"lazy\" decoding=\"async\" width=\"150\" height=\"150\" src=\"https:\/\/www.radiopiu.net\/wordpress\/wp-content\/uploads\/2020\/12\/131959978_1519168331607746_2381131272189717939_n-150x150.jpg\" class=\"attachment-thumbnail size-thumbnail\" alt=\"\" \/><\/a>\n\t\t\t\t<\/dt><\/dl><dl class='gallery-item'>\n\t\t\t\t<dt class='gallery-icon landscape'>\n\t\t\t\t\t<a class=\"rollover rollover-zoom dt-pswp-item\" title=\"131976206_175117194305677_1508003104322142413_n\" data-dt-img-description=\"\" data-large_image_width=\"2560\" data-large_image_height=\"1483\"href='https:\/\/www.radiopiu.net\/wordpress\/wp-content\/uploads\/2020\/12\/131976206_175117194305677_1508003104322142413_n-scaled.jpg'><img loading=\"lazy\" decoding=\"async\" width=\"150\" height=\"150\" src=\"https:\/\/www.radiopiu.net\/wordpress\/wp-content\/uploads\/2020\/12\/131976206_175117194305677_1508003104322142413_n-150x150.jpg\" class=\"attachment-thumbnail size-thumbnail\" alt=\"\" \/><\/a>\n\t\t\t\t<\/dt><\/dl><br style=\"clear: both\" \/><dl class='gallery-item'>\n\t\t\t\t<dt class='gallery-icon portrait'>\n\t\t\t\t\t<a class=\"rollover rollover-zoom dt-pswp-item\" title=\"132017525_216138399966057_8956598176435794453_n\" data-dt-img-description=\"\" data-large_image_width=\"1320\" data-large_image_height=\"2560\"href='https:\/\/www.radiopiu.net\/wordpress\/wp-content\/uploads\/2020\/12\/132017525_216138399966057_8956598176435794453_n-scaled.jpg'><img loading=\"lazy\" decoding=\"async\" width=\"150\" height=\"150\" src=\"https:\/\/www.radiopiu.net\/wordpress\/wp-content\/uploads\/2020\/12\/132017525_216138399966057_8956598176435794453_n-150x150.jpg\" class=\"attachment-thumbnail size-thumbnail\" alt=\"\" \/><\/a>\n\t\t\t\t<\/dt><\/dl><dl class='gallery-item'>\n\t\t\t\t<dt class='gallery-icon landscape'>\n\t\t\t\t\t<a class=\"rollover rollover-zoom dt-pswp-item\" title=\"131949281_226702349018573_729022134350165388_n\" data-dt-img-description=\"\" data-large_image_width=\"2560\" data-large_image_height=\"1766\"href='https:\/\/www.radiopiu.net\/wordpress\/wp-content\/uploads\/2020\/12\/131949281_226702349018573_729022134350165388_n-scaled.jpg'><img loading=\"lazy\" decoding=\"async\" width=\"150\" height=\"150\" src=\"https:\/\/www.radiopiu.net\/wordpress\/wp-content\/uploads\/2020\/12\/131949281_226702349018573_729022134350165388_n-150x150.jpg\" class=\"attachment-thumbnail size-thumbnail\" alt=\"\" \/><\/a>\n\t\t\t\t<\/dt><\/dl><dl class='gallery-item'>\n\t\t\t\t<dt class='gallery-icon portrait'>\n\t\t\t\t\t<a class=\"rollover rollover-zoom dt-pswp-item\" title=\"131987462_250274566444104_2059331214528056291_n\" data-dt-img-description=\"\" data-large_image_width=\"2418\" data-large_image_height=\"2560\"href='https:\/\/www.radiopiu.net\/wordpress\/wp-content\/uploads\/2020\/12\/131987462_250274566444104_2059331214528056291_n-scaled.jpg'><img loading=\"lazy\" decoding=\"async\" width=\"150\" height=\"150\" src=\"https:\/\/www.radiopiu.net\/wordpress\/wp-content\/uploads\/2020\/12\/131987462_250274566444104_2059331214528056291_n-150x150.jpg\" class=\"attachment-thumbnail size-thumbnail\" alt=\"\" \/><\/a>\n\t\t\t\t<\/dt><\/dl><dl class='gallery-item'>\n\t\t\t\t<dt class='gallery-icon landscape'>\n\t\t\t\t\t<a class=\"rollover rollover-zoom dt-pswp-item\" title=\"131975233_2852540614999070_2200975598468435293_n\" data-dt-img-description=\"\" data-large_image_width=\"2560\" data-large_image_height=\"1659\"href='https:\/\/www.radiopiu.net\/wordpress\/wp-content\/uploads\/2020\/12\/131975233_2852540614999070_2200975598468435293_n-scaled.jpg'><img loading=\"lazy\" decoding=\"async\" width=\"150\" height=\"150\" src=\"https:\/\/www.radiopiu.net\/wordpress\/wp-content\/uploads\/2020\/12\/131975233_2852540614999070_2200975598468435293_n-150x150.jpg\" class=\"attachment-thumbnail size-thumbnail\" alt=\"\" \/><\/a>\n\t\t\t\t<\/dt><\/dl><dl class='gallery-item'>\n\t\t\t\t<dt class='gallery-icon landscape'>\n\t\t\t\t\t<a class=\"rollover rollover-zoom dt-pswp-item\" title=\"131977015_2887903438156746_7069285392402877859_n\" data-dt-img-description=\"\" data-large_image_width=\"2560\" data-large_image_height=\"1983\"href='https:\/\/www.radiopiu.net\/wordpress\/wp-content\/uploads\/2020\/12\/131977015_2887903438156746_7069285392402877859_n-scaled.jpg'><img loading=\"lazy\" decoding=\"async\" width=\"150\" height=\"150\" src=\"https:\/\/www.radiopiu.net\/wordpress\/wp-content\/uploads\/2020\/12\/131977015_2887903438156746_7069285392402877859_n-150x150.jpg\" class=\"attachment-thumbnail size-thumbnail\" alt=\"\" \/><\/a>\n\t\t\t\t<\/dt><\/dl><br style=\"clear: both\" \/><dl class='gallery-item'>\n\t\t\t\t<dt class='gallery-icon landscape'>\n\t\t\t\t\t<a class=\"rollover rollover-zoom dt-pswp-item\" title=\"131972786_393723961842705_1590400444924195173_n\" data-dt-img-description=\"\" data-large_image_width=\"2560\" data-large_image_height=\"1518\"href='https:\/\/www.radiopiu.net\/wordpress\/wp-content\/uploads\/2020\/12\/131972786_393723961842705_1590400444924195173_n-scaled.jpg'><img loading=\"lazy\" decoding=\"async\" width=\"150\" height=\"150\" src=\"https:\/\/www.radiopiu.net\/wordpress\/wp-content\/uploads\/2020\/12\/131972786_393723961842705_1590400444924195173_n-150x150.jpg\" class=\"attachment-thumbnail size-thumbnail\" alt=\"\" \/><\/a>\n\t\t\t\t<\/dt><\/dl><dl class='gallery-item'>\n\t\t\t\t<dt class='gallery-icon landscape'>\n\t\t\t\t\t<a class=\"rollover rollover-zoom dt-pswp-item\" title=\"131692740_451797949151586_530628295076508858_n\" data-dt-img-description=\"\" data-large_image_width=\"2560\" data-large_image_height=\"1141\"href='https:\/\/www.radiopiu.net\/wordpress\/wp-content\/uploads\/2020\/12\/131692740_451797949151586_530628295076508858_n-scaled.jpg'><img loading=\"lazy\" decoding=\"async\" width=\"150\" height=\"150\" src=\"https:\/\/www.radiopiu.net\/wordpress\/wp-content\/uploads\/2020\/12\/131692740_451797949151586_530628295076508858_n-150x150.jpg\" class=\"attachment-thumbnail size-thumbnail\" alt=\"\" \/><\/a>\n\t\t\t\t<\/dt><\/dl><dl class='gallery-item'>\n\t\t\t\t<dt class='gallery-icon portrait'>\n\t\t\t\t\t<a class=\"rollover rollover-zoom dt-pswp-item\" title=\"131972619_693576191528844_2715840884300214644_n\" data-dt-img-description=\"\" data-large_image_width=\"1746\" data-large_image_height=\"2560\"href='https:\/\/www.radiopiu.net\/wordpress\/wp-content\/uploads\/2020\/12\/131972619_693576191528844_2715840884300214644_n-scaled.jpg'><img loading=\"lazy\" decoding=\"async\" width=\"150\" height=\"150\" src=\"https:\/\/www.radiopiu.net\/wordpress\/wp-content\/uploads\/2020\/12\/131972619_693576191528844_2715840884300214644_n-150x150.jpg\" class=\"attachment-thumbnail size-thumbnail\" alt=\"\" \/><\/a>\n\t\t\t\t<\/dt><\/dl><dl class='gallery-item'>\n\t\t\t\t<dt class='gallery-icon portrait'>\n\t\t\t\t\t<a class=\"rollover rollover-zoom dt-pswp-item\" title=\"131970224_836029560303266_8603244666787634745_n\" data-dt-img-description=\"\" data-large_image_width=\"138\" data-large_image_height=\"145\"href='https:\/\/www.radiopiu.net\/wordpress\/wp-content\/uploads\/2020\/12\/131970224_836029560303266_8603244666787634745_n.png'><img loading=\"lazy\" decoding=\"async\" width=\"138\" height=\"145\" src=\"https:\/\/www.radiopiu.net\/wordpress\/wp-content\/uploads\/2020\/12\/131970224_836029560303266_8603244666787634745_n.png\" class=\"attachment-thumbnail size-thumbnail\" alt=\"\" \/><\/a>\n\t\t\t\t<\/dt><\/dl><dl class='gallery-item'>\n\t\t\t\t<dt class='gallery-icon portrait'>\n\t\t\t\t\t<a class=\"rollover rollover-zoom dt-pswp-item\" title=\"131976359_862307697857598_5907661284100997665_n\" data-dt-img-description=\"\" data-large_image_width=\"335\" data-large_image_height=\"469\"href='https:\/\/www.radiopiu.net\/wordpress\/wp-content\/uploads\/2020\/12\/131976359_862307697857598_5907661284100997665_n.jpg'><img loading=\"lazy\" decoding=\"async\" width=\"150\" height=\"150\" src=\"https:\/\/www.radiopiu.net\/wordpress\/wp-content\/uploads\/2020\/12\/131976359_862307697857598_5907661284100997665_n-150x150.jpg\" class=\"attachment-thumbnail size-thumbnail\" alt=\"\" \/><\/a>\n\t\t\t\t<\/dt><\/dl><br style=\"clear: both\" \/>\n\t\t\t<\/div>\n\n<p>NELLE FOTO (Renato Bona e riproduzioni dal libretto ciclostilato \u201cDon Bosco a Belluno\u201d): don Antonio Sperti, artefice dell\u2019arrivo dei salesiani a Belluno; prima \u201cpasseggiata delle castagne\u201d a Landris; la Spas dell\u2019istituto Agosti; i primi ex allievi; Cooperatori e Dame patronesse in trasferta a Torino col vescovo Muccin; notturno della sede dell\u2019Agosti oggi; don Enrico Terraneo; la benemerita contessina Giuseppina Agosti; il \u201cDon Bosco\u201d di Luigi Cima, pala d\u2019altare nella chiesa bellunese di San Rocco; i soci fondatori del gruppo micologico Bresadola; esibizione di un complesso musicale salesiano; il primo titolare della Parrocchia Don Bosco di Belluno, don Edoardo Furlano; don Mario Signorini che fu primo direttore dello Sperti; don Alberto Maschio, attuale direttore dell\u2019Agosti; il parroco della \u201cDon Bosco\u201d, don Claudio Zamperin<\/p>\n<p>&nbsp;<\/p>\n<p>&nbsp;<\/p>\n<hr \/>\n<p>&nbsp;<\/p>\n<blockquote>\n<h2>FANTASTICHE DOLOMITI, NUOVA STAGIONE. APPUNTAMENTO QUINDICINALE IL GIOVEDI ALLE 10.30 E 1900<\/h2>\n<\/blockquote>\n<h2><span style=\"color: #ff0000;\"><a href=\"https:\/\/www.radiopiu.net\/wordpress\/luxottica-si-prende-cura-dei-danni-sul-monte-larion\/sfp_0476\/\" rel=\"attachment wp-att-180066\"><img loading=\"lazy\" decoding=\"async\" class=\"wp-image-180066 alignleft\" src=\"https:\/\/www.radiopiu.net\/wordpress\/wp-content\/uploads\/2020\/12\/SFP_0476-300x200.jpg\" alt=\"\" width=\"228\" height=\"152\" srcset=\"https:\/\/www.radiopiu.net\/wordpress\/wp-content\/uploads\/2020\/12\/SFP_0476-300x200.jpg 300w, https:\/\/www.radiopiu.net\/wordpress\/wp-content\/uploads\/2020\/12\/SFP_0476-1024x682.jpg 1024w, https:\/\/www.radiopiu.net\/wordpress\/wp-content\/uploads\/2020\/12\/SFP_0476-768x512.jpg 768w, https:\/\/www.radiopiu.net\/wordpress\/wp-content\/uploads\/2020\/12\/SFP_0476-1536x1024.jpg 1536w, https:\/\/www.radiopiu.net\/wordpress\/wp-content\/uploads\/2020\/12\/SFP_0476.jpg 2000w\" sizes=\"auto, (max-width: 228px) 100vw, 228px\" \/><\/a><\/span><\/h2>\n<h2><span style=\"color: #ff0000;\">SESTA PUNTATA, ambiente e formazione<\/span><\/h2>\n<p><strong>OSPITE IL PRESIDENTE CLAUDIO CANOVA<\/strong><\/p>\n<audio class=\"wp-audio-shortcode\" id=\"audio-180250-10\" preload=\"none\" style=\"width: 100%;\" controls=\"controls\"><source type=\"audio\/mpeg\" src=\"https:\/\/www.radiopiu.net\/wordpress\/wp-content\/uploads\/2020\/12\/fantastiche-dolomiti-17-dicembre.mp3?_=10\" \/><a href=\"https:\/\/www.radiopiu.net\/wordpress\/wp-content\/uploads\/2020\/12\/fantastiche-dolomiti-17-dicembre.mp3\">https:\/\/www.radiopiu.net\/wordpress\/wp-content\/uploads\/2020\/12\/fantastiche-dolomiti-17-dicembre.mp3<\/a><\/audio>\n<h1><\/h1>\n<h1>LA RACCOLTA COMPLETA<\/h1>\n<blockquote class=\"wp-embedded-content\" data-secret=\"JRCJGUHqXV\"><p><a href=\"https:\/\/www.radiopiu.net\/wordpress\/https-wp-me-p63lo7-gyg\/\">FANTASTICHE DOLOMITI 6^PUNTATA: IL QUINDICINALE APPUNTAMENTO ALLA RADIO<\/a><\/p><\/blockquote>\n<p><iframe loading=\"lazy\" class=\"wp-embedded-content\" sandbox=\"allow-scripts\" security=\"restricted\" style=\"position: absolute; clip: rect(1px, 1px, 1px, 1px);\" title=\"&#8220;FANTASTICHE DOLOMITI 6^PUNTATA: IL QUINDICINALE APPUNTAMENTO ALLA RADIO&#8221; &#8212; Radio Pi\u00f9\" src=\"https:\/\/www.radiopiu.net\/wordpress\/https-wp-me-p63lo7-gyg\/embed\/#?secret=JRCJGUHqXV\" data-secret=\"JRCJGUHqXV\" width=\"600\" height=\"338\" frameborder=\"0\" marginwidth=\"0\" marginheight=\"0\" scrolling=\"no\"><\/iframe><\/p>\n<div class=\"mw-parser-output\">\n<p>&nbsp;<\/p>\n<\/div>\n<p>&nbsp;<\/p>\n<p>&nbsp;<\/p>\n<hr \/>\n<blockquote>\n<h2><\/h2>\n<h2>SALUTE E SOCIETA&#8217; IL LUNEDI ALLE 13.10 E ALLE 20.10, LA DOMENICA ALLE 10.30 A CURA DEL DOTTOR MARCO CARACCIOLO. QUINTA STAGIONE<\/h2>\n<\/blockquote>\n<p><span style=\"color: #ff0000;\"><strong>LA PUNTATA DELLA SETTIMANA<\/strong><\/span><\/p>\n<p>In questa edizione: Sono sette le organizzazioni civiche confluite nell\u2019Alleanza per l\u2019Equit\u00e0 di Accesso alle Cure per le Malattie Oculari, grazie anche al supporto dell\u2019Agenzia Internazionale per la Prevenzione della Cecit\u00e0 \u2013 IAPB Italia Onlus. Filippo Cruciani, Referente scientifico IAPB Italia Onlus La dottoressa Teresa Petrangolini, Coordinatrice dell\u2019alleanza associazioni-pazienti Edoardo Midena, Segretario generale della Societ\u00e0 Italiana della Retina<\/p>\n<audio class=\"wp-audio-shortcode\" id=\"audio-180250-11\" preload=\"none\" style=\"width: 100%;\" controls=\"controls\"><source type=\"audio\/mpeg\" src=\"https:\/\/www.radiopiu.net\/wordpress\/wp-content\/uploads\/2020\/12\/SALUTE-2.mp3?_=11\" \/><a href=\"https:\/\/www.radiopiu.net\/wordpress\/wp-content\/uploads\/2020\/12\/SALUTE-2.mp3\">https:\/\/www.radiopiu.net\/wordpress\/wp-content\/uploads\/2020\/12\/SALUTE-2.mp3<\/a><\/audio>\n<h3><\/h3>\n<h2>LA RACCOLTA COMPLETA<\/h2>\n<blockquote class=\"wp-embedded-content\" data-secret=\"NbK2AWZ705\"><p><a href=\"https:\/\/www.radiopiu.net\/wordpress\/saluteesocieta\/\">Salute e Societ\u00e0<\/a><\/p><\/blockquote>\n<p><iframe loading=\"lazy\" class=\"wp-embedded-content\" sandbox=\"allow-scripts\" security=\"restricted\" style=\"position: absolute; clip: rect(1px, 1px, 1px, 1px);\" title=\"&#8220;Salute e Societ\u00e0&#8221; &#8212; Radio Pi\u00f9\" src=\"https:\/\/www.radiopiu.net\/wordpress\/saluteesocieta\/embed\/#?secret=NbK2AWZ705\" data-secret=\"NbK2AWZ705\" width=\"600\" height=\"338\" frameborder=\"0\" marginwidth=\"0\" marginheight=\"0\" scrolling=\"no\"><\/iframe><\/p>\n<hr \/>\n<p>&nbsp;<\/p>\n<h2><span style=\"color: #ff0000;\"><strong>IERI ALLA RADIO<\/strong><\/span><\/h2>\n<h3>I RACCONTI DI NATALE, DI LUISA ALCHINI<\/h3>\n<h2><a href=\"https:\/\/www.radiopiu.net\/wordpress\/puntata-05-i-racconti-di-natale\/moon-31665__340\/\" rel=\"attachment wp-att-180296\"><img loading=\"lazy\" decoding=\"async\" class=\" wp-image-180296 alignleft\" src=\"https:\/\/www.radiopiu.net\/wordpress\/wp-content\/uploads\/2020\/12\/moon-31665__340-300x212.jpg\" alt=\"\" width=\"171\" height=\"121\" srcset=\"https:\/\/www.radiopiu.net\/wordpress\/wp-content\/uploads\/2020\/12\/moon-31665__340-300x212.jpg 300w, https:\/\/www.radiopiu.net\/wordpress\/wp-content\/uploads\/2020\/12\/moon-31665__340.jpg 481w\" sizes=\"auto, (max-width: 171px) 100vw, 171px\" \/><\/a><\/h2>\n<h2>TUTTI I GIORNI ALLE 9 E ALLE 18<\/h2>\n<h2><\/h2>\n<h2><\/h2>\n<p><strong>PUNTATA 05<\/strong><\/p>\n<audio class=\"wp-audio-shortcode\" id=\"audio-180250-12\" preload=\"none\" style=\"width: 100%;\" controls=\"controls\"><source type=\"audio\/mpeg\" src=\"https:\/\/www.radiopiu.net\/wordpress\/wp-content\/uploads\/2020\/12\/raccontonatale5-1.mp3?_=12\" \/><a href=\"https:\/\/www.radiopiu.net\/wordpress\/wp-content\/uploads\/2020\/12\/raccontonatale5-1.mp3\">https:\/\/www.radiopiu.net\/wordpress\/wp-content\/uploads\/2020\/12\/raccontonatale5-1.mp3<\/a><\/audio>\n<p>&nbsp;<\/p>\n<h1>LA RACCOLTA COMPLETA<\/h1>\n<blockquote class=\"wp-embedded-content\" data-secret=\"gDTwDVf460\"><p><a href=\"https:\/\/www.radiopiu.net\/wordpress\/i-racconti-di-natale-di-luisa-alchini\/\">I racconti di Natale di Luisa Alchini<\/a><\/p><\/blockquote>\n<p><iframe loading=\"lazy\" class=\"wp-embedded-content\" sandbox=\"allow-scripts\" security=\"restricted\" style=\"position: absolute; clip: rect(1px, 1px, 1px, 1px);\" title=\"&#8220;I racconti di Natale di Luisa Alchini&#8221; &#8212; Radio Pi\u00f9\" src=\"https:\/\/www.radiopiu.net\/wordpress\/i-racconti-di-natale-di-luisa-alchini\/embed\/#?secret=gDTwDVf460\" data-secret=\"gDTwDVf460\" width=\"600\" height=\"338\" frameborder=\"0\" marginwidth=\"0\" marginheight=\"0\" scrolling=\"no\"><\/iframe><\/p>\n<p>&nbsp;<\/p>\n<p>&nbsp;<\/p>\n<hr \/>\n<p>&nbsp;<\/p>\n<div class=\"im_message_wrap clearfix\">\n<div class=\"im_content_message_wrap im_message_out\">\n<h2><span style=\"color: #ff0000;\">IERI ALLA RADIO\u00a0 IN VIVO VERSO 2020-21<\/span><\/h2>\n<p><strong><span style=\"color: #0000ff;\">IN ONDA DAL LUNEDI AL VENERDI ALLE 7.10, 10.10, 18.50 I PROTAGONISTI DI QUESTA SETTIMANA: <\/span><span style=\"color: #0000ff;\"><span style=\"color: #000000;\"><span class=\"d2edcug0 hpfvmrgz qv66sw1b c1et5uql rrkovp55 a8c37x1j keod5gw0 nxhoafnm aigsh9s9 d3f4x2em fe6kdd0r mau55g9w c8b282yb iv3no6db jq4qci2q a3bd9o3v knj5qynh oo9gr5id hzawbc8m\" dir=\"auto\">Quattro donne e un uomo, una settimana che raggiunge e tocca corde profonde &#8230; mi sono molto emozionata a leggervi , care <\/span><\/span><\/span><\/strong>Lorella De Bon<strong><span style=\"color: #0000ff;\"><span style=\"color: #000000;\"><span class=\"d2edcug0 hpfvmrgz qv66sw1b c1et5uql rrkovp55 a8c37x1j keod5gw0 nxhoafnm aigsh9s9 d3f4x2em fe6kdd0r mau55g9w c8b282yb iv3no6db jq4qci2q a3bd9o3v knj5qynh oo9gr5id hzawbc8m\" dir=\"auto\">, <\/span><\/span><\/span><\/strong>Michela MagicMiki Epifani<strong><span style=\"color: #0000ff;\"><span style=\"color: #000000;\"><span class=\"d2edcug0 hpfvmrgz qv66sw1b c1et5uql rrkovp55 a8c37x1j keod5gw0 nxhoafnm aigsh9s9 d3f4x2em fe6kdd0r mau55g9w c8b282yb iv3no6db jq4qci2q a3bd9o3v knj5qynh oo9gr5id hzawbc8m\" dir=\"auto\">, <\/span><\/span><\/span><\/strong>Lu Paer<span style=\"color: #0000ff;\"><span style=\"color: #000000;\"><span class=\"d2edcug0 hpfvmrgz qv66sw1b c1et5uql rrkovp55 a8c37x1j keod5gw0 nxhoafnm aigsh9s9 d3f4x2em fe6kdd0r mau55g9w c8b282yb iv3no6db jq4qci2q a3bd9o3v knj5qynh oo9gr5id hzawbc8m\" dir=\"auto\"> e Rosalina Pianezze.. e la voce di <\/span><\/span><\/span>Giuseppe Terracciano\u00a0<span style=\"color: #0000ff;\"><span style=\"color: #000000;\"><span class=\"d2edcug0 hpfvmrgz qv66sw1b c1et5uql rrkovp55 a8c37x1j keod5gw0 nxhoafnm aigsh9s9 d3f4x2em fe6kdd0r mau55g9w c8b282yb iv3no6db jq4qci2q a3bd9o3v knj5qynh oo9gr5id hzawbc8m\" dir=\"auto\"> chiuder\u00e0 in bellezza questi momenti che voi poeti sempre ci regalate&#8230;grazie, da Brunella<\/span><\/span><\/span><\/p>\n<blockquote class=\"wp-embedded-content\" data-secret=\"t3Veb9g0cH\"><p><a href=\"https:\/\/www.radiopiu.net\/wordpress\/quel-che-si-e-detto-di-giuseppe-terracciano\/\">QUEL CHE SI E&#8217; DETTO di GIUSEPPE TERRACCIANO<\/a><\/p><\/blockquote>\n<p><iframe loading=\"lazy\" class=\"wp-embedded-content\" sandbox=\"allow-scripts\" security=\"restricted\" style=\"position: absolute; clip: rect(1px, 1px, 1px, 1px);\" title=\"&#8220;QUEL CHE SI E&#8217; DETTO di GIUSEPPE TERRACCIANO&#8221; &#8212; Radio Pi\u00f9\" src=\"https:\/\/www.radiopiu.net\/wordpress\/quel-che-si-e-detto-di-giuseppe-terracciano\/embed\/#?secret=t3Veb9g0cH\" data-secret=\"t3Veb9g0cH\" width=\"600\" height=\"338\" frameborder=\"0\" marginwidth=\"0\" marginheight=\"0\" scrolling=\"no\"><\/iframe><\/p>\n<\/div>\n<\/div>\n<h2><strong><span style=\"font-family: Verdana, sans-serif;\"><span style=\"font-size: medium;\">LA RACCOLTA COMPLETA, TUTTE LE COLLEZIONI<\/span><\/span><\/strong><\/h2>\n<blockquote class=\"wp-embedded-content\" data-secret=\"nbMYfw8quG\"><p><a href=\"https:\/\/www.radiopiu.net\/wordpress\/in-vivo-verso\/\">In Vivo Verso<\/a><\/p><\/blockquote>\n<p><iframe loading=\"lazy\" class=\"wp-embedded-content\" sandbox=\"allow-scripts\" security=\"restricted\" style=\"position: absolute; clip: rect(1px, 1px, 1px, 1px);\" title=\"&#8220;In Vivo Verso&#8221; &#8212; Radio Pi\u00f9\" src=\"https:\/\/www.radiopiu.net\/wordpress\/in-vivo-verso\/embed\/#?secret=nbMYfw8quG\" data-secret=\"nbMYfw8quG\" width=\"600\" height=\"338\" frameborder=\"0\" marginwidth=\"0\" marginheight=\"0\" scrolling=\"no\"><\/iframe><\/p>\n<hr \/>\n<p>&nbsp;<\/p>\n<h2>007 IN CONDOTTA CON LA PROF. MARIA ROSA SALMAZO IL LUNEDI ALLE 10,30 E ALLE 19.00 LA DOMENICA ALLE 8 DEL MATTINO. NONA STAGIONE<\/h2>\n<p><strong><a href=\"https:\/\/www.radiopiu.net\/wordpress\/vacanze-diverse\/little-girl-drawing-and-coloring\/\" rel=\"attachment wp-att-179329\"><img loading=\"lazy\" decoding=\"async\" class=\"wp-image-179329 alignleft\" src=\"https:\/\/www.radiopiu.net\/wordpress\/wp-content\/uploads\/2020\/12\/natale-scuola-300x200.jpg\" alt=\"\" width=\"149\" height=\"99\" srcset=\"https:\/\/www.radiopiu.net\/wordpress\/wp-content\/uploads\/2020\/12\/natale-scuola-300x200.jpg 300w, https:\/\/www.radiopiu.net\/wordpress\/wp-content\/uploads\/2020\/12\/natale-scuola.jpg 626w\" sizes=\"auto, (max-width: 149px) 100vw, 149px\" \/><\/a>LA PUNTATA DELLA SETTIMANA<\/strong><\/p>\n<h3>Vacanze diverse audio<\/h3>\n<p>&nbsp;<\/p>\n<p><strong>AUDIO<\/strong><\/p>\n<audio class=\"wp-audio-shortcode\" id=\"audio-180250-13\" preload=\"none\" style=\"width: 100%;\" controls=\"controls\"><source type=\"audio\/mpeg\" src=\"https:\/\/www.radiopiu.net\/wordpress\/wp-content\/uploads\/2020\/12\/007-condotta-14-dicembre.mp3?_=13\" \/><a href=\"https:\/\/www.radiopiu.net\/wordpress\/wp-content\/uploads\/2020\/12\/007-condotta-14-dicembre.mp3\">https:\/\/www.radiopiu.net\/wordpress\/wp-content\/uploads\/2020\/12\/007-condotta-14-dicembre.mp3<\/a><\/audio>\n<h2><\/h2>\n<h2>LA RACCOLTA COMPLETA<\/h2>\n<blockquote class=\"wp-embedded-content\" data-secret=\"iW07c2rYu8\"><p><a href=\"https:\/\/www.radiopiu.net\/wordpress\/007incondotta-9\/\">007 in condotta<\/a><\/p><\/blockquote>\n<p><iframe loading=\"lazy\" class=\"wp-embedded-content\" sandbox=\"allow-scripts\" security=\"restricted\" style=\"position: absolute; clip: rect(1px, 1px, 1px, 1px);\" title=\"&#8220;007 in condotta&#8221; &#8212; Radio Pi\u00f9\" src=\"https:\/\/www.radiopiu.net\/wordpress\/007incondotta-9\/embed\/#?secret=iW07c2rYu8\" data-secret=\"iW07c2rYu8\" width=\"600\" height=\"338\" frameborder=\"0\" marginwidth=\"0\" marginheight=\"0\" scrolling=\"no\"><\/iframe><\/p>\n<p>&nbsp;<\/p>\n<p>&nbsp;<\/p>\n<p>&nbsp;<\/p>\n<hr \/>\n<p>&nbsp;<\/p>\n<blockquote>\n<h2><a href=\"https:\/\/www.radiopiu.net\/wordpress\/speciale-solidarieta-veneto\/solidarieta-veneto-3\/\" rel=\"attachment wp-att-134366\"><img loading=\"lazy\" decoding=\"async\" class=\"wp-image-134366 alignleft\" src=\"https:\/\/www.radiopiu.net\/wordpress\/wp-content\/uploads\/2020\/05\/solidariet\u00e0-veneto-300x210.jpg\" alt=\"\" width=\"102\" height=\"71\" srcset=\"https:\/\/www.radiopiu.net\/wordpress\/wp-content\/uploads\/2020\/05\/solidariet\u00e0-veneto-300x210.jpg 300w, https:\/\/www.radiopiu.net\/wordpress\/wp-content\/uploads\/2020\/05\/solidariet\u00e0-veneto-1024x717.jpg 1024w, https:\/\/www.radiopiu.net\/wordpress\/wp-content\/uploads\/2020\/05\/solidariet\u00e0-veneto-768x538.jpg 768w, https:\/\/www.radiopiu.net\/wordpress\/wp-content\/uploads\/2020\/05\/solidariet\u00e0-veneto.jpg 1373w\" sizes=\"auto, (max-width: 102px) 100vw, 102px\" \/><\/a>SOLIDARIETA&#8217; VENETO FONDO PENSIONE, IN ONDA IL PRIMO VENERDI DEL MESE ALLE 10.30 E ALLE 19.00 QUINTA STAGIONE<\/h2>\n<\/blockquote>\n<p><strong><span style=\"color: #ff0000;\">LA PUNTATA DI DICEMBRE<\/span><\/strong><\/p>\n<audio class=\"wp-audio-shortcode\" id=\"audio-180250-14\" preload=\"none\" style=\"width: 100%;\" controls=\"controls\"><source type=\"audio\/mpeg\" src=\"https:\/\/www.radiopiu.net\/wordpress\/wp-content\/uploads\/2020\/12\/solidarieta-veneto-dicembre.mp3?_=14\" \/><a href=\"https:\/\/www.radiopiu.net\/wordpress\/wp-content\/uploads\/2020\/12\/solidarieta-veneto-dicembre.mp3\">https:\/\/www.radiopiu.net\/wordpress\/wp-content\/uploads\/2020\/12\/solidarieta-veneto-dicembre.mp3<\/a><\/audio>\n<blockquote>\n<h2><\/h2>\n<h2>RACCOLTA COMPLETA<\/h2>\n<\/blockquote>\n<blockquote class=\"wp-embedded-content\" data-secret=\"pAud6ySaRd\"><p><a href=\"https:\/\/www.radiopiu.net\/wordpress\/solidarieta-veneto\/\">Solidariet\u00e0 Veneto<\/a><\/p><\/blockquote>\n<p><iframe loading=\"lazy\" class=\"wp-embedded-content\" sandbox=\"allow-scripts\" security=\"restricted\" style=\"position: absolute; clip: rect(1px, 1px, 1px, 1px);\" title=\"&#8220;Solidariet\u00e0 Veneto&#8221; &#8212; Radio Pi\u00f9\" src=\"https:\/\/www.radiopiu.net\/wordpress\/solidarieta-veneto\/embed\/#?secret=pAud6ySaRd\" data-secret=\"pAud6ySaRd\" width=\"600\" height=\"338\" frameborder=\"0\" marginwidth=\"0\" marginheight=\"0\" scrolling=\"no\"><\/iframe><\/p>\n<p>&nbsp;<\/p>\n<p>&nbsp;<\/p>\n<hr \/>\n<p>&nbsp;<\/p>\n<h2><span style=\"color: #808000;\">DUE MINUTI UN LIBRO\u00a0 TUTTI I GIORNI ALLA RADIO ALLE 9.30 E ALLE 18. QUINTA STAGIONE\u00a0 \u00a0\u00a0<\/span><\/h2>\n<blockquote class=\"wp-embedded-content\" data-secret=\"5gs7JVJNAV\"><p><a href=\"https:\/\/www.radiopiu.net\/wordpress\/lo-strano-odore-della-vita\/\">LO STRANO ODORE DELLA VITA<\/a><\/p><\/blockquote>\n<p><iframe loading=\"lazy\" class=\"wp-embedded-content\" sandbox=\"allow-scripts\" security=\"restricted\" style=\"position: absolute; clip: rect(1px, 1px, 1px, 1px);\" title=\"&#8220;LO STRANO ODORE DELLA VITA&#8221; &#8212; Radio Pi\u00f9\" src=\"https:\/\/www.radiopiu.net\/wordpress\/lo-strano-odore-della-vita\/embed\/#?secret=5gs7JVJNAV\" data-secret=\"5gs7JVJNAV\" width=\"600\" height=\"338\" frameborder=\"0\" marginwidth=\"0\" marginheight=\"0\" scrolling=\"no\"><\/iframe><\/p>\n<h2><\/h2>\n<h2>LA RACCOLTA COMPLETA<\/h2>\n<blockquote class=\"wp-embedded-content\" data-secret=\"6uRrnSGxSl\"><p><a href=\"https:\/\/www.radiopiu.net\/wordpress\/due-minuti-un-libro\/\">Due minuti un libro<\/a><\/p><\/blockquote>\n<p><iframe loading=\"lazy\" class=\"wp-embedded-content\" sandbox=\"allow-scripts\" security=\"restricted\" style=\"position: absolute; clip: rect(1px, 1px, 1px, 1px);\" title=\"&#8220;Due minuti un libro&#8221; &#8212; Radio Pi\u00f9\" src=\"https:\/\/www.radiopiu.net\/wordpress\/due-minuti-un-libro\/embed\/#?secret=6uRrnSGxSl\" data-secret=\"6uRrnSGxSl\" width=\"600\" height=\"338\" frameborder=\"0\" marginwidth=\"0\" marginheight=\"0\" scrolling=\"no\"><\/iframe><\/p>\n<p>&nbsp;<\/p>\n<hr \/>\n<p>&nbsp;<\/p>\n<p>&nbsp;<\/p>\n<blockquote>\n<h2>CASSA SOLIDARIET\u00c0 LUXOTTICA &#8211;<\/h2>\n<\/blockquote>\n<h3><strong><span style=\"color: #ff0000;\">IL NUMERO DI DICEMBRE CON PAOLO CHISSALE&#8217; E FABRIZIO CAMPEDEL<\/span><\/strong><\/h3>\n<audio class=\"wp-audio-shortcode\" id=\"audio-180250-15\" preload=\"none\" style=\"width: 100%;\" controls=\"controls\"><source type=\"audio\/mpeg\" src=\"https:\/\/www.radiopiu.net\/wordpress\/wp-content\/uploads\/2020\/12\/ca-sol-lux-dicvembre.mp3?_=15\" \/><a href=\"https:\/\/www.radiopiu.net\/wordpress\/wp-content\/uploads\/2020\/12\/ca-sol-lux-dicvembre.mp3\">https:\/\/www.radiopiu.net\/wordpress\/wp-content\/uploads\/2020\/12\/ca-sol-lux-dicvembre.mp3<\/a><\/audio>\n<blockquote>\n<h2>RACCOLTA COMPLETA<\/h2>\n<\/blockquote>\n<blockquote class=\"wp-embedded-content\" data-secret=\"fIXKX7c3gY\"><p><a href=\"https:\/\/www.radiopiu.net\/wordpress\/cassa-solidarieta-luxottica-puntata-del-16-ottobre-2020\/\">CASSA SOLIDARIET\u00c0 LUXOTTICA &#8211; PUNTATA DEL 20 NOVEMBRE 2020<\/a><\/p><\/blockquote>\n<p><iframe loading=\"lazy\" class=\"wp-embedded-content\" sandbox=\"allow-scripts\" security=\"restricted\" style=\"position: absolute; clip: rect(1px, 1px, 1px, 1px);\" title=\"&#8220;CASSA SOLIDARIET\u00c0 LUXOTTICA &#8211; PUNTATA DEL 20 NOVEMBRE 2020&#8221; &#8212; Radio Pi\u00f9\" src=\"https:\/\/www.radiopiu.net\/wordpress\/cassa-solidarieta-luxottica-puntata-del-16-ottobre-2020\/embed\/#?secret=fIXKX7c3gY\" data-secret=\"fIXKX7c3gY\" width=\"600\" height=\"338\" frameborder=\"0\" marginwidth=\"0\" marginheight=\"0\" scrolling=\"no\"><\/iframe><\/p>\n<p>&nbsp;<\/p>\n<p>&nbsp;<\/p>\n<div>\n<p>&nbsp;<\/p>\n<hr \/>\n<p>&nbsp;<\/p>\n<h2><span style=\"color: #800080;\"><strong>LA RASSEGNA STAMPA DA L&#8217;AMICO DEL POPOLO<\/strong><\/span><\/h2>\n<p><span style=\"color: #ff0000;\"><strong>LA PUNTATA DELLA SETTIMANA<\/strong><\/span><\/p>\n<audio class=\"wp-audio-shortcode\" id=\"audio-180250-16\" preload=\"none\" style=\"width: 100%;\" controls=\"controls\"><source type=\"audio\/mpeg\" src=\"https:\/\/www.radiopiu.net\/wordpress\/wp-content\/uploads\/2020\/12\/RASSEGNA-GIANNI-1.mp3?_=16\" \/><a href=\"https:\/\/www.radiopiu.net\/wordpress\/wp-content\/uploads\/2020\/12\/RASSEGNA-GIANNI-1.mp3\">https:\/\/www.radiopiu.net\/wordpress\/wp-content\/uploads\/2020\/12\/RASSEGNA-GIANNI-1.mp3<\/a><\/audio>\n<h2><\/h2>\n<h2><strong>LA RACCOLTA COMPLETA<\/strong><\/h2>\n<blockquote class=\"wp-embedded-content\" data-secret=\"xJjBfIzSfa\"><p><a href=\"https:\/\/www.radiopiu.net\/wordpress\/rassegna-stampa-di-gianni-santomaso\/\">Rassegna stampa da l&#8217;amico del popolo &#8211; di Gianni Santomaso<\/a><\/p><\/blockquote>\n<p><iframe loading=\"lazy\" class=\"wp-embedded-content\" sandbox=\"allow-scripts\" security=\"restricted\" style=\"position: absolute; clip: rect(1px, 1px, 1px, 1px);\" title=\"&#8220;Rassegna stampa da l&#8217;amico del popolo &#8211; di Gianni Santomaso&#8221; &#8212; Radio Pi\u00f9\" src=\"https:\/\/www.radiopiu.net\/wordpress\/rassegna-stampa-di-gianni-santomaso\/embed\/#?secret=xJjBfIzSfa\" data-secret=\"xJjBfIzSfa\" width=\"600\" height=\"338\" frameborder=\"0\" marginwidth=\"0\" marginheight=\"0\" scrolling=\"no\"><\/iframe><\/p>\n<p>&nbsp;<\/p>\n<p>&nbsp;<\/p>\n<p>&nbsp;<\/p>\n<hr \/>\n<p>&nbsp;<\/p>\n<p>&nbsp;<\/p>\n<div>\n<h2><span style=\"color: #33cccc;\">I RACCONTI DI PAOLO SOPPELSA il lunedi alle 9.30 e 18.30<\/span><\/h2>\n<p><span style=\"color: #ff0000;\">QUESTA SETTIMANA<\/span><\/p>\n<blockquote class=\"wp-embedded-content\" data-secret=\"zjDi0t0jtK\"><p><a href=\"https:\/\/www.radiopiu.net\/wordpress\/i-racconti-di-paolo-soppelsa-cinquantatreesima-puntata\/\">I RACCONTI DI PAOLO SOPPELSA, CINQUANTATREESIMA PUNTATA<\/a><\/p><\/blockquote>\n<p><iframe loading=\"lazy\" class=\"wp-embedded-content\" sandbox=\"allow-scripts\" security=\"restricted\" style=\"position: absolute; clip: rect(1px, 1px, 1px, 1px);\" title=\"&#8220;I RACCONTI DI PAOLO SOPPELSA, CINQUANTATREESIMA PUNTATA&#8221; &#8212; Radio Pi\u00f9\" src=\"https:\/\/www.radiopiu.net\/wordpress\/i-racconti-di-paolo-soppelsa-cinquantatreesima-puntata\/embed\/#?secret=zjDi0t0jtK\" data-secret=\"zjDi0t0jtK\" width=\"600\" height=\"338\" frameborder=\"0\" marginwidth=\"0\" marginheight=\"0\" scrolling=\"no\"><\/iframe><\/p>\n<h2><span style=\"color: #000000;\"><strong>RACCOLTA COMPLETA<\/strong><\/span><\/h2>\n<blockquote class=\"wp-embedded-content\" data-secret=\"OmivFeXL4C\"><p><a href=\"https:\/\/www.radiopiu.net\/wordpress\/i-racconti-di-paolo-soppelsa\/\">I racconti di Paolo Soppelsa<\/a><\/p><\/blockquote>\n<p><iframe loading=\"lazy\" class=\"wp-embedded-content\" sandbox=\"allow-scripts\" security=\"restricted\" style=\"position: absolute; clip: rect(1px, 1px, 1px, 1px);\" title=\"&#8220;I racconti di Paolo Soppelsa&#8221; &#8212; Radio Pi\u00f9\" src=\"https:\/\/www.radiopiu.net\/wordpress\/i-racconti-di-paolo-soppelsa\/embed\/#?secret=OmivFeXL4C\" data-secret=\"OmivFeXL4C\" width=\"600\" height=\"338\" frameborder=\"0\" marginwidth=\"0\" marginheight=\"0\" scrolling=\"no\"><\/iframe><\/p>\n<\/div>\n<p>&nbsp;<\/p>\n<hr \/>\n<p>&nbsp;<\/p>\n<div>\n<p>&nbsp;<\/p>\n<h2><strong>LE\u00a0 PUNTATE di Luisa Alchini di Leggermente Bellunesi, la domenica alle 11, il martedi alle 10.30 e alle 19.00<\/strong><\/h2>\n<h2><span style=\"color: #ff0000;\"><a href=\"https:\/\/www.radiopiu.net\/wordpress\/giornale-radiopiu-16-dicembre-2020-direttore-mirko-mezzacasa\/131185031_1545068962347832_5114746338855923277_o\/\" rel=\"attachment wp-att-179693\"><img loading=\"lazy\" decoding=\"async\" class=\"wp-image-179693 alignleft\" src=\"https:\/\/www.radiopiu.net\/wordpress\/wp-content\/uploads\/2020\/12\/131185031_1545068962347832_5114746338855923277_o-215x300.jpg\" alt=\"\" width=\"162\" height=\"226\" srcset=\"https:\/\/www.radiopiu.net\/wordpress\/wp-content\/uploads\/2020\/12\/131185031_1545068962347832_5114746338855923277_o-215x300.jpg 215w, https:\/\/www.radiopiu.net\/wordpress\/wp-content\/uploads\/2020\/12\/131185031_1545068962347832_5114746338855923277_o.jpg 515w\" sizes=\"auto, (max-width: 162px) 100vw, 162px\" \/><\/a><\/span><\/h2>\n<h2><\/h2>\n<h2><\/h2>\n<h2><\/h2>\n<h2><span style=\"color: #ff0000;\">QUESTA SETTIMANA<\/span><\/h2>\n<p><strong>Angelo Torrassa<\/strong><\/p>\n<p>&nbsp;<\/p>\n<audio class=\"wp-audio-shortcode\" id=\"audio-180250-17\" preload=\"none\" style=\"width: 100%;\" controls=\"controls\"><source type=\"audio\/mpeg\" src=\"https:\/\/www.radiopiu.net\/wordpress\/wp-content\/uploads\/2020\/12\/10leggermenteangelotorrassa2020.mp3?_=17\" \/><a href=\"https:\/\/www.radiopiu.net\/wordpress\/wp-content\/uploads\/2020\/12\/10leggermenteangelotorrassa2020.mp3\">https:\/\/www.radiopiu.net\/wordpress\/wp-content\/uploads\/2020\/12\/10leggermenteangelotorrassa2020.mp3<\/a><\/audio>\n<p>&nbsp;<\/p>\n<h2><strong><span style=\"color: #000000;\">RACCOLTA COMPLETA<\/span><\/strong><\/h2>\n<\/div>\n<blockquote class=\"wp-embedded-content\" data-secret=\"HsfpZaCvD5\"><p><a href=\"https:\/\/www.radiopiu.net\/wordpress\/leggermente-20\/\">LEGGERmente&#8230;Bellunesi<\/a><\/p><\/blockquote>\n<p><iframe loading=\"lazy\" class=\"wp-embedded-content\" sandbox=\"allow-scripts\" security=\"restricted\" style=\"position: absolute; clip: rect(1px, 1px, 1px, 1px);\" title=\"&#8220;LEGGERmente&#8230;Bellunesi&#8221; &#8212; Radio Pi\u00f9\" src=\"https:\/\/www.radiopiu.net\/wordpress\/leggermente-20\/embed\/#?secret=HsfpZaCvD5\" data-secret=\"HsfpZaCvD5\" width=\"600\" height=\"338\" frameborder=\"0\" marginwidth=\"0\" marginheight=\"0\" scrolling=\"no\"><\/iframe><\/p>\n<hr \/>\n<p>&nbsp;<\/p>\n<blockquote>\n<h3>L&#8217;ALMANACCO LADINO CON L&#8217;ISTITUT CESA DE JAN QUINDICINALE APPUNTAMENTO. LA DOMENICA ALLE 9 IL LUNEDI ALLE 8.35 IL MARTEDI ALLE 12.35 IL MERCOLEDI ALLE 18.35. SECONDA STAGIONE.<\/h3>\n<\/blockquote>\n<p><strong>RACCOLTA COMPLETA\u00a0<\/strong><\/p>\n<blockquote class=\"wp-embedded-content\" data-secret=\"406Uo1MXYg\"><p><a href=\"https:\/\/www.radiopiu.net\/wordpress\/almanacco-ladino\/\">Almanacco Ladino<\/a><\/p><\/blockquote>\n<p><iframe loading=\"lazy\" class=\"wp-embedded-content\" sandbox=\"allow-scripts\" security=\"restricted\" style=\"position: absolute; clip: rect(1px, 1px, 1px, 1px);\" title=\"&#8220;Almanacco Ladino&#8221; &#8212; Radio Pi\u00f9\" src=\"https:\/\/www.radiopiu.net\/wordpress\/almanacco-ladino\/embed\/#?secret=406Uo1MXYg\" data-secret=\"406Uo1MXYg\" width=\"600\" height=\"338\" frameborder=\"0\" marginwidth=\"0\" marginheight=\"0\" scrolling=\"no\"><\/iframe><\/p>\n<p>&nbsp;<\/p>\n<\/div>\n<hr \/>\n<div>\n<h2><span style=\"color: #000080;\"><a class=\"dt-pswp-item\" href=\"https:\/\/www.radiopiu.net\/wordpress\/wp-content\/uploads\/2020\/10\/pp.jpg\" data-dt-img-description=\"\" data-large_image_width=\"640\" data-large_image_height=\"640\"><img loading=\"lazy\" decoding=\"async\" class=\"wp-image-163678 alignleft\" src=\"https:\/\/www.radiopiu.net\/wordpress\/wp-content\/uploads\/2020\/10\/pp-300x300.jpg\" alt=\"\" width=\"106\" height=\"106\" srcset=\"https:\/\/www.radiopiu.net\/wordpress\/wp-content\/uploads\/2020\/10\/pp-300x300.jpg 300w, https:\/\/www.radiopiu.net\/wordpress\/wp-content\/uploads\/2020\/10\/pp-150x150.jpg 150w, https:\/\/www.radiopiu.net\/wordpress\/wp-content\/uploads\/2020\/10\/pp-125x125.jpg 125w, https:\/\/www.radiopiu.net\/wordpress\/wp-content\/uploads\/2020\/10\/pp-200x200.jpg 200w, https:\/\/www.radiopiu.net\/wordpress\/wp-content\/uploads\/2020\/10\/pp-80x80.jpg 80w, https:\/\/www.radiopiu.net\/wordpress\/wp-content\/uploads\/2020\/10\/pp-480x480.jpg 480w, https:\/\/www.radiopiu.net\/wordpress\/wp-content\/uploads\/2020\/10\/pp.jpg 640w\" sizes=\"auto, (max-width: 106px) 100vw, 106px\" \/><\/a> <\/span><\/h2>\n<h2><span style=\"color: #000080;\">DON CESARE, IL PENSIERO DEL GIORNO. ALLA RADIO ALLE 7 DEL MATTINO E ALLE 19.30 DELLA SERA.\u00a0\u00a0<\/span><\/h2>\n<\/div>\n<p>&nbsp;<\/p>\n<p>&nbsp;<\/p>\n<audio class=\"wp-audio-shortcode\" id=\"audio-180250-18\" preload=\"none\" style=\"width: 100%;\" controls=\"controls\"><source type=\"audio\/mpeg\" src=\"https:\/\/www.radiopiu.net\/wordpress\/wp-content\/uploads\/2020\/12\/cesare-5.mp3?_=18\" \/><a href=\"https:\/\/www.radiopiu.net\/wordpress\/wp-content\/uploads\/2020\/12\/cesare-5.mp3\">https:\/\/www.radiopiu.net\/wordpress\/wp-content\/uploads\/2020\/12\/cesare-5.mp3<\/a><\/audio>\n<p>&nbsp;<\/p>\n<hr \/>\n<p>&nbsp;<\/p>\n<div>\n<p class=\"photoswipe-wrapper\"><a class=\"dt-pswp-item pspw-wrap-ready\" href=\"https:\/\/i0.wp.com\/www.radiopiu.net\/wordpress\/wp-content\/uploads\/2018\/09\/viabilita.jpeg?ssl=1\" data-dt-img-description=\"\" data-large_image_width=\"800\" data-large_image_height=\"100\"><img loading=\"lazy\" decoding=\"async\" class=\"aligncenter wp-image-61954 size-full\" src=\"https:\/\/i0.wp.com\/www.radiopiu.net\/wordpress\/wp-content\/uploads\/2018\/09\/viabilita.jpeg?resize=800%2C100&amp;ssl=1\" sizes=\"auto, (max-width: 800px) 100vw, 800px\" srcset=\"https:\/\/i0.wp.com\/www.radiopiu.net\/wordpress\/wp-content\/uploads\/2018\/09\/viabilita.jpeg?w=800&amp;ssl=1 800w, https:\/\/i0.wp.com\/www.radiopiu.net\/wordpress\/wp-content\/uploads\/2018\/09\/viabilita.jpeg?resize=300%2C38&amp;ssl=1 300w, https:\/\/i0.wp.com\/www.radiopiu.net\/wordpress\/wp-content\/uploads\/2018\/09\/viabilita.jpeg?resize=768%2C96&amp;ssl=1 768w\" alt=\"\" width=\"800\" height=\"100\" \/><\/a><\/p>\n<\/div>\n<p>&nbsp;<\/p>\n<p><strong>SP 5 DI LAMOSANO<\/strong> Fino al 23 dicembre senso unico alternato regolato da semaforo in localit\u00e0 Pradebon in comune di Chies D&#8217;Alpago per completamento messa in sicurezza della strada<\/p>\n<p><strong>SP 28 DELLE COSTE D&#8217;ALPAGO<\/strong> fino al 31 dicembre, compreso sabato, domenica e festivi infrasettimanali,\u00a0senso unico alternato regolato da semaforo in prossimit\u00e0 dell&#8217;abitato di Farra D&#8217;Alpago per messa in sicurezza della strada<\/p>\n<p><strong>SP 422 DELL&#8217;ALPAGO E DEL CANSIGLIO<\/strong> senso unico alternato regolato da semaforo o movieri tra Bastia e Puos e tra Puos e Cornei dalle 8 alle 19 fino al 23 dicembre esclusi sabato e domenica per posa fibre ottiche<\/p>\n<p><strong>SP 42 CAVALLERA<\/strong> fino a revoca, chiusura della strada nell&#8217;abitato di Perarolo per attivazione emergenza frana &#8220;Busa del Cristo&#8221;<\/p>\n<p><strong>FELTRE<\/strong> Senso unico alternato regolato da movieri per lavori stradali nel tratto di viale Monte Grappa compreso fra incrocio con via Folli ( accesso supermercato Lidl ) e fine cantiere Altanon ( altezza negozio Kiwi Sport ) fino al 23 dicembre<\/p>\n<p><strong>PROVINCIALE 49 MISURINA CONFINE PROVINCIA DI BOLZANO<\/strong>:\u00a0 fino al 22 dicembre (festivi e prefestivi compresi) senso unico alternato con movieri o semafori<\/p>\n<p><strong>S.P.2 DELLA VALLE DEL MIS\u00a0<\/strong>Interdizione totale al traffico fino a revoca dal km 14,920 (localit\u00e0 Gona Bassa) al km 20,650 (localit\u00e0 Titele) per cedimento della carreggiata<\/p>\n<p><strong>S.P. 5 DI LAMOSANO<\/strong>\u00a0Interdizione totale fino a revoca per presenza di materiale e alberi in strada.<\/p>\n<p><strong>S.P. 251 DI VAL DI ZOLDO E VAL CELLINA\u00a0<\/strong>dalla localit\u00e0 Soffranco fino all&#8217;imbocco nord della galleria S. Giovanni interdizione totale al transito per cedimento della carreggiata<\/p>\n<p><strong>SP 3 DELLA VAL IMPERINA<\/strong> fino a revoca, senso unico alternato regolato a vista in localit\u00e0 Gona di Conedera di Rivamonte per cedimento della carreggiata stradale<\/p>\n<p><strong>REGIONALE 203 AGORDINA<\/strong>\u00a0 Fino\u00a0 al 23 dicembre (esclusi festivi e prefestivi) senso unico alternato tra Peron e Candaten con movieri dalle 7.30 alle 9 e dalle 16.30 alle 18. Con semaforo negli altri orari<\/p>\n<div>\n<p>&nbsp;<\/p>\n<hr \/>\n<p>&nbsp;<\/p>\n<p class=\"photoswipe-wrapper\"><a class=\"dt-pswp-item pspw-wrap-ready\" href=\"https:\/\/i0.wp.com\/www.radiopiu.net\/wordpress\/wp-content\/uploads\/2018\/09\/WhatsApp-Image-2018-09-20-at-16.04.06.jpeg?ssl=1\" data-dt-img-description=\"\" data-large_image_width=\"800\" data-large_image_height=\"100\"><img loading=\"lazy\" decoding=\"async\" class=\"aligncenter wp-image-61378 size-full jetpack-lazy-image jetpack-lazy-image--handled\" src=\"https:\/\/i0.wp.com\/www.radiopiu.net\/wordpress\/wp-content\/uploads\/2018\/09\/WhatsApp-Image-2018-09-20-at-16.04.06.jpeg?resize=800%2C100&amp;ssl=1\" sizes=\"auto, (max-width: 800px) 100vw, 800px\" srcset=\"https:\/\/i0.wp.com\/www.radiopiu.net\/wordpress\/wp-content\/uploads\/2018\/09\/WhatsApp-Image-2018-09-20-at-16.04.06.jpeg?w=800&amp;ssl=1 800w, https:\/\/i0.wp.com\/www.radiopiu.net\/wordpress\/wp-content\/uploads\/2018\/09\/WhatsApp-Image-2018-09-20-at-16.04.06.jpeg?resize=300%2C38&amp;ssl=1 300w, https:\/\/i0.wp.com\/www.radiopiu.net\/wordpress\/wp-content\/uploads\/2018\/09\/WhatsApp-Image-2018-09-20-at-16.04.06.jpeg?resize=768%2C96&amp;ssl=1 768w\" alt=\"\" width=\"800\" height=\"100\" data-lazy-loaded=\"1\" \/><\/a><\/p>\n<p>&nbsp;<\/p>\n<p><center><b>Sabato 19<\/b><\/center><b>Tempo atteso: <\/b>Tempo in prevalenza soleggiato specie in quota, con cielo a perlopi\u00f9 sereno, o poco nuvoloso per transito di nubi alte. Formazioni di foschie, di qualche nebbia o di nubi basse in alcune valli nelle ore pi\u00f9 fredde, specie nel catino bellunese.<br \/>\n<b>Precipitazioni: <\/b>Assenti (0%).<br \/>\n<b>Temperature: <\/b>Perlopi\u00f9 stazionarie nelle valli con persistenza dell&#8217;inversione termica, anche diurna nelle zone in ombra, in contenuta diminuzione in quota. Su Prealpi a 1500 m min 0\u00b0C max 3\u00b0C, a 2000 m min -2\u00b0C max 1\u00b0C. Su Dolomiti a 2000 m min -3\u00b0C max 0\u00b0C, a 3000 m min -6\u00b0C max -3\u00b0C.<br \/>\n<b>Venti: <\/b>Nelle valli deboli di direzione variabile, in quota moderati da ovest sud-ovest, a 10-20 km\/h a 2000 m, 20-30 Km\/h a 3000 m.<\/p>\n<hr \/>\n<p><center><b>Domenica 20<\/b><\/center><b>Tempo atteso: <\/b>Temporaneo ed innocuo aumento della nuvolosit\u00e0 al pomeriggio\/sera dopo una mattinata piuttosto soleggiata, fatta salva la presenza di nubi basse sui settori prealpini.<br \/>\n<b>Precipitazioni: <\/b>Assenti (0%) al mattino, al pi\u00f9 limitate a sporadici e debolissimi fenomeni al pomeriggio\/sera (10%).<br \/>\n<b>Temperature: <\/b>Senza notevoli variazioni. Su Prealpi a 1500 m min 1\u00b0C max 4\u00b0C, a 2000 m min -1\u00b0C max 2\u00b0C. Su Dolomiti a 2000 m min -2\u00b0C max 1\u00b0C, a 3000 m min -6\u00b0C max -4\u00b0C.<br \/>\n<b>Venti: <\/b>Nelle valli deboli di direzione variabile, in quota moderati o tesi da ovest sud-ovest, a 15-25 km\/h a 2000 m, 30-40 Km\/h a 3000 m.<\/p>\n<hr \/>\n<p><center><b>Lunedi 21<\/b><\/center>Dopo qualche schiarita al mattino il cielo tender\u00e0 a coprirsi per il passaggio di estesa nuvolosit\u00e0 alta e medio-alta, che diverr\u00e0 diffusa al pomeriggio\/sera. Temperature senza notevoli variazioni o in lieve calo nei valori diurni per deficit di sole. Venti nord-occidentali moderati in quota. Non esclusa del tutto la possibilit\u00e0 di qualche breve burrasca sulle vette dolomitiche pi\u00f9 settentrionali.<\/p>\n<hr \/>\n<p><center><b>Martedi 22<\/b><\/center>Ancora una giornata con cielo spesso nuvoloso per nubi alte e medio alte, con qualche schiarita pi\u00f9 ampia di luned\u00ec. Sensibile rialzo termico in quota, con accentuazione dell&#8217;inversione termica. Venti moderati nord-occidentali in quota. Previsore: G.M.<\/p>\n<p>&nbsp;<\/p>\n<hr \/>\n<p>&nbsp;<\/p>\n<p><a href=\"https:\/\/www.radiopiu.net\/wordpress\/giornale-radiopiu-15-settembre-2018-direttore-mirko-mezzacasa\/sport-7\/\" rel=\"attachment wp-att-60761\"><img loading=\"lazy\" decoding=\"async\" class=\"aligncenter wp-image-60761 size-full\" src=\"https:\/\/www.radiopiu.net\/wordpress\/wp-content\/uploads\/2018\/09\/sport.jpg\" alt=\"\" width=\"800\" height=\"100\" srcset=\"https:\/\/www.radiopiu.net\/wordpress\/wp-content\/uploads\/2018\/09\/sport.jpg 800w, https:\/\/www.radiopiu.net\/wordpress\/wp-content\/uploads\/2018\/09\/sport-300x38.jpg 300w, https:\/\/www.radiopiu.net\/wordpress\/wp-content\/uploads\/2018\/09\/sport-768x96.jpg 768w\" sizes=\"auto, (max-width: 800px) 100vw, 800px\" \/><\/a><\/p>\n<\/div>\n<p>&nbsp;<\/p>\n<blockquote>\n<h3>STASERA ALLEGHE DI NUOVO IN CAMPO. CIVETTE A CALDARO<\/h3>\n<\/blockquote>\n<p><strong><a href=\"https:\/\/www.radiopiu.net\/wordpress\/alleghe-hockey-confermati-manuel-da-tos-nicola-soppelsa-e-david-malaj\/alleghe-hockey-gruppo\/\" rel=\"attachment wp-att-156065\"><img loading=\"lazy\" decoding=\"async\" class=\"size-medium wp-image-156065 alignleft\" src=\"https:\/\/www.radiopiu.net\/wordpress\/wp-content\/uploads\/2020\/08\/ALLEGHE-HOCKEY-GRUPPO-300x200.jpg\" alt=\"\" width=\"300\" height=\"200\" srcset=\"https:\/\/www.radiopiu.net\/wordpress\/wp-content\/uploads\/2020\/08\/ALLEGHE-HOCKEY-GRUPPO-300x200.jpg 300w, https:\/\/www.radiopiu.net\/wordpress\/wp-content\/uploads\/2020\/08\/ALLEGHE-HOCKEY-GRUPPO-1024x681.jpg 1024w, https:\/\/www.radiopiu.net\/wordpress\/wp-content\/uploads\/2020\/08\/ALLEGHE-HOCKEY-GRUPPO-768x511.jpg 768w, https:\/\/www.radiopiu.net\/wordpress\/wp-content\/uploads\/2020\/08\/ALLEGHE-HOCKEY-GRUPPO-1536x1022.jpg 1536w, https:\/\/www.radiopiu.net\/wordpress\/wp-content\/uploads\/2020\/08\/ALLEGHE-HOCKEY-GRUPPO-2048x1363.jpg 2048w\" sizes=\"auto, (max-width: 300px) 100vw, 300px\" \/><\/a>ALLEGHE<\/strong> Stasera alle 19:30 l&#8217;Alleghe Hockey di nuovo in campo. Trasferta contro il Caldaro che Radio Pi\u00f9 seguir\u00e0 in diretta con &#8220;Hockey Al Punto Giusto&#8221;. Roberto Miana ci presenta la partita.<\/p>\n<audio class=\"wp-audio-shortcode\" id=\"audio-180250-19\" preload=\"none\" style=\"width: 100%;\" controls=\"controls\"><source type=\"audio\/mpeg\" src=\"https:\/\/www.radiopiu.net\/wordpress\/wp-content\/uploads\/2020\/12\/ROBERTO-MIANA-CALDARO.mp3?_=19\" \/><a href=\"https:\/\/www.radiopiu.net\/wordpress\/wp-content\/uploads\/2020\/12\/ROBERTO-MIANA-CALDARO.mp3\">https:\/\/www.radiopiu.net\/wordpress\/wp-content\/uploads\/2020\/12\/ROBERTO-MIANA-CALDARO.mp3<\/a><\/audio>\n<p>&nbsp;<\/p>\n<hr \/>\n<h3><\/h3>\n<blockquote>\n<h3>MANCANO 50 GIORNI AI MONDIALI DI CORTINA 2021<\/h3>\n<\/blockquote>\n<p><strong>CORTINA\u00a0<\/strong> Il countdown segna -50: cinquanta giorni e Cortina sar\u00e0 iridata. Campionati Mondiali di sci alpino, in programma a Cortina d\u2019Ampezzo dal 7 al 21 febbraio. A 50 giorni dal primo grande evento degli sport invernali in era pandemica, le atlete e gli atleti continuano a regalare emozioni agli appassionati dello sci alpino nelle tappe di Coppa del Mondo e si candidano a essere grandi protagonisti anche nelle due settimane di febbraio, sulle piste ampezzane che torneranno a ospitare anche il circo bianco maschile, assente da trent\u2019anni. Quanto finora visto in Coppa del Mondo lascia intendere che i Campionati Mondiali di Cortina saranno scoppiettanti e ricchi di sorprese, con tanti protagonisti che proveranno a contendersi una medaglia e il solito outsider dei grandi eventi pronto ad approfittarne. I numeri dicono che nelle prime sei gare maschili non c\u2019\u00e8 ancora stato lo stesso vincitore.<\/p>\n<p>&nbsp;<\/p>\n","protected":false},"excerpt":{"rendered":"<p>PER RICEVERE QUESTO NOTIZIARIO DIRETTAMENTE SUL TUO CELLULARE ISCRIVITI AL CANALE TELEGRAM \u201cRADIO PIU\u00a0 INFORMAZIONE&#8221;\u00a0 DALLA PREFETTURA DI BELLUNO IL MONITORAGGIO DEI CONTROLLI ATTENZIONE: LA NUOVA APP PER IOS-IPHONE https:\/\/apps.apple.com\/it\/app\/radio-pi%C3%B9-emittente-agordina\/id1515939845 ATTENZIONE: LA NUOVA APP RADIO\u00a0 PER ANDROID https:\/\/play.google.com\/store\/apps\/details?id=net.radiopiu.iniko\u00a0\u00a0 &nbsp; Se n&#8217;\u00e8 andato Giovanni Chiades, un giornalista con il quale ho avuto la fortuna di lavorare&hellip;<\/p>\n","protected":false},"author":4,"featured_media":180454,"comment_status":"closed","ping_status":"closed","sticky":false,"template":"","format":"standard","meta":{"_monsterinsights_skip_tracking":false,"_monsterinsights_sitenote_active":false,"_monsterinsights_sitenote_note":"","_monsterinsights_sitenote_category":0,"footnotes":""},"categories":[1,51,86,49],"tags":[],"class_list":["post-180250","post","type-post","status-publish","format-standard","has-post-thumbnail","hentry","category-senza-categoria","category-evidenza-top","category-gr","category-news-18","category-1","category-51","category-86","category-49","description-off"],"img_url":"https:\/\/www.radiopiu.net\/wordpress\/wp-content\/uploads\/2020\/12\/c9ab586b-0337-4561-a096-4587c531091e.jpg","_links":{"self":[{"href":"https:\/\/www.radiopiu.net\/wordpress\/wp-json\/wp\/v2\/posts\/180250","targetHints":{"allow":["GET"]}}],"collection":[{"href":"https:\/\/www.radiopiu.net\/wordpress\/wp-json\/wp\/v2\/posts"}],"about":[{"href":"https:\/\/www.radiopiu.net\/wordpress\/wp-json\/wp\/v2\/types\/post"}],"author":[{"embeddable":true,"href":"https:\/\/www.radiopiu.net\/wordpress\/wp-json\/wp\/v2\/users\/4"}],"replies":[{"embeddable":true,"href":"https:\/\/www.radiopiu.net\/wordpress\/wp-json\/wp\/v2\/comments?post=180250"}],"version-history":[{"count":0,"href":"https:\/\/www.radiopiu.net\/wordpress\/wp-json\/wp\/v2\/posts\/180250\/revisions"}],"wp:featuredmedia":[{"embeddable":true,"href":"https:\/\/www.radiopiu.net\/wordpress\/wp-json\/wp\/v2\/media\/180454"}],"wp:attachment":[{"href":"https:\/\/www.radiopiu.net\/wordpress\/wp-json\/wp\/v2\/media?parent=180250"}],"wp:term":[{"taxonomy":"category","embeddable":true,"href":"https:\/\/www.radiopiu.net\/wordpress\/wp-json\/wp\/v2\/categories?post=180250"},{"taxonomy":"post_tag","embeddable":true,"href":"https:\/\/www.radiopiu.net\/wordpress\/wp-json\/wp\/v2\/tags?post=180250"}],"curies":[{"name":"wp","href":"https:\/\/api.w.org\/{rel}","templated":true}]}}