{"id":180327,"date":"2020-12-19T05:55:43","date_gmt":"2020-12-19T04:55:43","guid":{"rendered":"https:\/\/www.radiopiu.net\/wordpress\/?p=180327"},"modified":"2020-12-19T06:29:37","modified_gmt":"2020-12-19T05:29:37","slug":"da-domani-coprifuoco-oltre-comune-alle-14-da-venezia-luca-zaia","status":"publish","type":"post","link":"https:\/\/www.radiopiu.net\/wordpress\/da-domani-coprifuoco-oltre-comune-alle-14-da-venezia-luca-zaia\/","title":{"rendered":"DA OGGI COPRIFUOCO OLTRE COMUNE ALLE 14 &#8211; DA VENEZIA LUCA ZAIA &#8211; IL VENETO ANCORA IN GIALLO E POTREBBE RIMANERE TALE"},"content":{"rendered":"<h3>PER<strong> RICEVERE QUESTE NOTIZIE IN ANTEPRIMA E IN TEMPO REALE&#8230;. DIRETTAMENTE SUL TUO CELLULARE ISCRIVITI AL CANALE TELEGRAM <\/strong><strong>\u201cRADIO PIU\u00a0 INFORMAZIONE&#8221;<\/strong><\/h3>\n<p>&nbsp;<\/p>\n<p><strong>VENEZIA<\/strong> Quotidiano appuntamento con l&#8217;aggiornamento covid19 da Marghera parla il Presidente Luca Zaia,<\/p>\n<p><strong>I NUMERI<\/strong> TAMPONI MOLECOLARI 3.082.445 (+18.740) 1.419.147 TEST RAPIDI (+33.636). 52MILA TAMPONI INCIDENTE TAMPONI 8%. POSITIVI DAL 21 FEBBRAIO\u00a0 209.220 POSITIVI NELLE 24 ORE 4211 POSITIVI ATTUALI 98.014 RICOVERATI 3298\u00a0 2933 (-20) IN AREA NON CRITICA 365 TERAPIA INTENSIVA (-13) DECESSI 5268 (+107) DIMESSI 9245<\/p>\n<blockquote>\n<h2>LEGGI LA CONFERENZA STAMPA DI LUCA ZAIA<\/h2>\n<\/blockquote>\n<p><em>Ospite la Dottoressa Simionato: ecco come va con le assunzioni. Non ho contezza delle misure nazionali, oggi sentiremo.Il problema del covid \u00e8 un problema di tutta la comunit\u00e0 e io non mi diverto a fare ordinanze. Siamo in giallo e ci resteremo, ma una misura la dobbiamo adottare, facendo restare aperte le attivit\u00e0. Non c&#8217;\u00e8 l&#8217;intesa scritta con Speranza per questa nuova ordinanza, ma il ministro \u00e8 stato sentito, giuridicamente la responsabilit\u00e0 \u00e8 mia.<\/em><\/p>\n<p>C&#8217;\u00e8 un timido segnale positivo, preoccupa Verona sotto pressione. Dobbiamo puntare al distanziamento sociale, 587 terapie intensive occupate oggi in Veneto, fra Covid e non Covid in Veneto: la situazione \u00e8 grave. Questa curva \u00e8 lentissima a piegare, \u00e8 mancato il lockdown. Oggi videoconferenza con il Governo per le nuove restrizioni e per il piano vaccinale. Sui vaccini siamo pronti con la nostra modalit\u00e0.<\/p>\n<p><strong>QUALCUNO DICE CHE PREVEDENDO LE MISURE NAZIONALI ABBIA VOLUTO GIOCARE D&#8217;ANTICIPO SAPENDO CHE LA RESPONSABILITA&#8217; POI RICADRA&#8217; SUL<\/strong> <strong>GOVERNO.<\/strong> Lunedi tutti i quotidiani hanno aperto con le foto degli assembramenti. Gi\u00e0 lunedi avevo convocato i sindaci capoluoghi, ero gi\u00e0 pronta a farla domenica visti gli assembramenti del sabato. Contemporaneamente \u00e8 partito il dibattito nazionale. Abbiamo detto evitiamo di prendere misure in sovrapposizioni, ma ieri l&#8217;altro sera mi \u00e8 stato detto che ancora non si sarebbe chiusa la partita e che il dibattito nella maggioranza era ancora aperto, non ho voluto rischiare di restare senza misure per contrastare la diffusione del virus.\u00a0 <span style=\"color: #ff0000;\">LA NUOVA ORDINANZA\u00a0 <\/span>A me sembra che nella difficolt\u00e0 e problematicit\u00e0 abbiamo trovato una situazione di equilibrio che come al solito nasce qui in Veneto che a differenza di tutte le altre regioni \u00e8 sempre rimasta in giallo. Sono restrizioni che permettono di tenere aperte le attivit\u00e0. I Comuni piccoli li capisco ma una misura la dobbiamo adottare, invito i cittadini a osservare la regola delle 14, si puo&#8217; andare anche in ristorante e finito si torna a casa. Cerchiamo dalle 14 alle 5 del mattino di rimanere nel Comune.<strong> IL PD CRITICA, ORDINANZA TARDIVA E CAOTICA <\/strong>In quanto al Pd se mi porti una notizia positiva degli ultimi 10 anni ti do un premio. La perfezione non \u00e8 di questo mondo, non abbiamo la presunzione di fare cose perfette, c&#8217;\u00e8 anche gente che pur camminando non sa allacciarsi le scarpe. Nessuno ha la presunzione di maestro d&#8217;ordinanze, facciamo il nostro mestiere cercando di portare fuori il Veneto da questo casino, mi pare che i sindaci non abbiano niente in contrario. Alcuni stanno anche tirando varchi e preparando chiusure perch\u00e9 abbiamo coscienza del fatto che gli ospedali se pieni non curano pi\u00f9 le emergenze. <strong>SANZIONI SEVERE PER SCORAGGIARE?<\/strong> Ritengo che il buon senso sia la parte fondamentale della partita, se pensiamo alle sanzioni la vedo lunga la strada da qui ad aprile. E&#8217; anche assurdo controllare 5 milioni di Veneti con il guardia e ladri. Chi \u00e8 causa del suo mal pianga se stesso. <strong>DAL 5 DICEMBRE AD OGGI DAL PRIMO ALL&#8217;ULTIMO POSTO, CRISANTI DICE CHE LA REGIONE SI E&#8217; APPOGGIATA TROPPO SUI TAMPONI RAPIDI TRASFORMANDO LE BARRIERE IN GRUVIERE, IL NUMERO DEI MORTI DA IL SEGNALE CHE IL VIRUS E&#8217; MOLTO DIFFUSO E QUINDI I TAMPONI NON SONO QUELLI GIUSTI <\/strong>Non replico se ha un&#8217;altra domanda. La mia replica ad uno scienziato non \u00e8 utile. Premesso che non mi permetto di replicare non sono uomo di scienza. Dico che il piano di sanit\u00e0 pubblica a livello nazionale \u00e8 chiaro anche sull&#8217;uso dei tamponi rapidi. A breve arriver\u00e0 la nuova definizione di &#8220;caso&#8221; i rapidi sono validati, se qualcuno pensa che non abbiano certificazioni corrette non so cosa dire. Non li stiamo utilizzando solo noi, Bonaccini ne ha comperato 2 milioni per le farmacie. La Sardegna 1,5 milioni, tutti fanno tamponi rapidi, la diagnostica si \u00e8 evoluta.<strong>COSA E&#8217; SUCCESSO IN VENETO?<\/strong> Quello che accade con un virus forte, non abbiamo modificato ma aumentata la strategia da 2000 tamponi di marzo a 30mila rapidi.Mediamente facciamo 50-60 mila tamponi al giorno per questo lo screening da noi funziona. Abbiamo staff preparati pi\u00f9 di marzo, 14 microbiologie che non avevamo a marzo, la fase di testing si \u00e8 evoluta e nuovi protocolli qualitativi in pi\u00f9. Il virus \u00e8 esordito a NordOvest e poi si \u00e8 creato il nuovo bacino a NordEst, Veneto, Carinzia, Slovenia, Friuli Venezia Giulia e Trentino. Ci sono meccanismi che non riusciamo a spiegare come ad esempio che non si sia diffuso a Venezia.<strong>VALLE DEL CHIAMO RISALGONO I CASI<\/strong> Vedremo cosa accadr\u00e0 ed eventualmente come intervenire se necessario.<strong> VERONA E&#8217; LA BERGAMO DELLA SECONDA ONDATA?<\/strong> Ma ha presente la storia di Bergamo? Allora si risponda da sola. <strong>E I<\/strong> <strong>FREEZER PER MORTI FUORI DALL&#8217;OSPEDALE DI LEGNAGO<\/strong> Ma lei sa cosa \u00e8 successo a Bergamo? Non si ricoverava nemmeno pi\u00f9 nessuno. Perch\u00e9 cerca i paragoni e i titoli? Verona \u00e8 situazione di contagio importante con tutti i pazienti presi in carico ma non \u00e8 un confronto con Bergamo che \u00e8 pure indelicato. Avrei evitato di rispondere ad una domanda del genere.<strong> I MORTI<\/strong>\u00a0 il tasso rispetto al novembre dell&#8217;anno scorso \u00e8 +44%, rispetto alla statistica generale noi oggi siamo per\u00f2 al nono posto in Italia per numero di morti Covid su abitante, il dato \u00e8 aggiornato al 16 dicembre. <strong>VACCIN<\/strong>I La fornitura\u00a0 \u00e8 a livello nazionale, noi\u00a0 abbiamo un piano per Pfizer per tutta la popolazione, ma siamo pronti anche ad altri tipi di vaccini. Ci sono veneti che erano a Dubai e hanno fatto il vaccino cinese. <strong>PROSPETTIVE<\/strong>\u00a0 Tutte le decisioni le prendiamo sulla base dell&#8217;andamento epidemiologico e direttive nazionali. Noi abbiamo adottato tutte le misure nella tabella caratterizzata dal colore giallo anche con il lavoro straordinario in Comelico e Auronzo. <strong>L&#8217;ALGORITMO<\/strong> Se \u00e8 andato bene nella fase di crescita deve essere rivisto in questo periodo di decrescita. <strong>LA TERZA ONDATA?<\/strong> Non \u00e8 mai finita la prima, non abbiamo mai avuto il paziente zero. <strong>STASERA ARRIVERANNO LE DECISIONI DAL CONSIGLIO DEI MINISTRI SECONDO LEI AVRANNO EFFETTO DA SUBITO SOVRAPPONENDOSI ALLA SUA ORDINANZA<\/strong> Non lo so.<\/p>\n<blockquote>\n<h2>DOTTORESSA SIMIONATO<\/h2>\n<\/blockquote>\n<p><em>Da fine febbraio per l&#8217;emergenza Covid\u00a0 sono stati assunti 2.954 professionisti (cococo, a tempo determinao o indeterminato), tra questi 1.182 medici assunti in via straordinaria.<\/em><\/p>\n<p>Abbiamo avviato misure straordinarie per poter reperire una serie di figure assunte in via straordinaria. Da fine febbraio ad oggi acquisito 2954 professionisti di cui 1182 medici (assunzioni straordinarie per l&#8217;emergenza covid) Abbiamo avviato una serie di manifestazioni di interesse pubblicandole sul sito di Azienda Zero e altre. Medici laureati abilitati, specializzati, specializzandi o in pensione. Cos\u00ec abbiamo riorganizzato la rete dell&#8217;assistenza ospedaliera e territoriale. Conferito 1329 incarichi libro professionali o COCOCO, le maggiori difficolt\u00e0 riscontrate sono state queste: dei 1329 incarichi abbiamo ricevuto 4213 domande (manifestazioni di interesse) non andate a buon fine perch\u00e9 il professionista esaminato il curriculum non ha manifestato interesse all&#8217;incarico in quanto chiedeva di essere assegnato ad area non covid. Ma sono misure straordinarie per l&#8217;emergenza covid. Abbiamo assunto a tempo indeterminato 1233 dipendenti, a tempo determinato 392, in totale le tre misure hanno portato ad una dotazione extra organica per l&#8217;urgenza pari a 2954 professionisti. 1182 sono medici. Nel 2020 abbiamo espletato 59 concorsi per la dirigenza (prevalentemente medici, dirigenti sanitari non medici e amministrativi), 12 per personale del comparto. Cerchiamo sempre di essere pi\u00f9 celeri possibili<\/p>\n<blockquote>\n<h2>AVVOCATO BOTTEON<\/h2>\n<\/blockquote>\n<p><strong>DEROGHE ALL&#8217;ORDINANZA:<\/strong> Attivit\u00e0 ciclistica si svolge su qualsiasi strada anche su quella del Comune quindi qui puo&#8217; praticare il ciclismo, quindi non possono uscire dal Comune. Nel caso di impianti oltre Comune ci sono i requisiti: non sospensione come da DPCM dell&#8217;attivit\u00e0 sportiva e non disponibilit\u00e0 nel Comune di residenza.<\/p>\n<p><strong>ASPORTO<\/strong> Il Cliente se ha una pizzeria nel Comune di residenza non \u00e8 nelle condizioni di giustificare il trasferimento oltre il suo paese. Diversamente chi consegna che lo fa per lavoro.<\/p>\n<p><strong>DALLA PARRUCCHIERA OLTRE LE 14 BASTA LO SCONTRINO?<\/strong> Il rientro presso la propria abitazione \u00e8 sempre ammesso anche per il figlio che va a mangiare dai genitori purch\u00e9 in tempi ragionevoli.<\/p>\n<p><strong>SECONDE CASE<\/strong> Spostamenti sempre permessi verso le seconde case. Ovviamente anche in questo caso con tempi ragionevoli in base agli spostamenti che avvengono in Regione. Lo spostamento non comporta assembramento. Quello che vale per le seconde case vale anche per le residenze di villeggiatura, albergo compreso.<\/p>\n<p>&nbsp;<\/p>\n<p><a href=\"https:\/\/www.facebook.com\/zaiaufficiale\/videos\/2757501884567695\">https:\/\/www.facebook.com\/zaiaufficiale\/videos\/2757501884567695<\/a><\/p>\n<p>&nbsp;<\/p>\n<p>&nbsp;<\/p>\n","protected":false},"excerpt":{"rendered":"<p>PER RICEVERE QUESTE NOTIZIE IN ANTEPRIMA E IN TEMPO REALE&#8230;. DIRETTAMENTE SUL TUO CELLULARE ISCRIVITI AL CANALE TELEGRAM \u201cRADIO PIU\u00a0 INFORMAZIONE&#8221; &nbsp; VENEZIA Quotidiano appuntamento con l&#8217;aggiornamento covid19 da Marghera parla il Presidente Luca Zaia, I NUMERI TAMPONI MOLECOLARI 3.082.445 (+18.740) 1.419.147 TEST RAPIDI (+33.636). 52MILA TAMPONI INCIDENTE TAMPONI 8%. POSITIVI DAL 21 FEBBRAIO\u00a0 209.220&hellip;<\/p>\n","protected":false},"author":4,"featured_media":178367,"comment_status":"closed","ping_status":"closed","sticky":false,"template":"","format":"standard","meta":{"_monsterinsights_skip_tracking":false,"_monsterinsights_sitenote_active":false,"_monsterinsights_sitenote_note":"","_monsterinsights_sitenote_category":0,"footnotes":""},"categories":[51,49],"tags":[],"class_list":["post-180327","post","type-post","status-publish","format-standard","has-post-thumbnail","hentry","category-evidenza-top","category-news-18","category-51","category-49","description-off"],"img_url":"https:\/\/www.radiopiu.net\/wordpress\/wp-content\/uploads\/2020\/12\/397c5a76-b411-4deb-a305-5c94beb03d84.jpg","_links":{"self":[{"href":"https:\/\/www.radiopiu.net\/wordpress\/wp-json\/wp\/v2\/posts\/180327","targetHints":{"allow":["GET"]}}],"collection":[{"href":"https:\/\/www.radiopiu.net\/wordpress\/wp-json\/wp\/v2\/posts"}],"about":[{"href":"https:\/\/www.radiopiu.net\/wordpress\/wp-json\/wp\/v2\/types\/post"}],"author":[{"embeddable":true,"href":"https:\/\/www.radiopiu.net\/wordpress\/wp-json\/wp\/v2\/users\/4"}],"replies":[{"embeddable":true,"href":"https:\/\/www.radiopiu.net\/wordpress\/wp-json\/wp\/v2\/comments?post=180327"}],"version-history":[{"count":0,"href":"https:\/\/www.radiopiu.net\/wordpress\/wp-json\/wp\/v2\/posts\/180327\/revisions"}],"wp:featuredmedia":[{"embeddable":true,"href":"https:\/\/www.radiopiu.net\/wordpress\/wp-json\/wp\/v2\/media\/178367"}],"wp:attachment":[{"href":"https:\/\/www.radiopiu.net\/wordpress\/wp-json\/wp\/v2\/media?parent=180327"}],"wp:term":[{"taxonomy":"category","embeddable":true,"href":"https:\/\/www.radiopiu.net\/wordpress\/wp-json\/wp\/v2\/categories?post=180327"},{"taxonomy":"post_tag","embeddable":true,"href":"https:\/\/www.radiopiu.net\/wordpress\/wp-json\/wp\/v2\/tags?post=180327"}],"curies":[{"name":"wp","href":"https:\/\/api.w.org\/{rel}","templated":true}]}}