{"id":180355,"date":"2020-12-18T13:51:44","date_gmt":"2020-12-18T12:51:44","guid":{"rendered":"https:\/\/www.radiopiu.net\/wordpress\/?p=180355"},"modified":"2020-12-18T17:11:38","modified_gmt":"2020-12-18T16:11:38","slug":"cisl-gianni-boato-il-nuovo-segretario-generale-femca-cisl","status":"publish","type":"post","link":"https:\/\/www.radiopiu.net\/wordpress\/cisl-gianni-boato-il-nuovo-segretario-generale-femca-cisl\/","title":{"rendered":"\u00a0CISL: GIANNI BOATO IL NUOVO SEGRETARIO GENERALE FEMCA-CISL"},"content":{"rendered":"<h2><\/h2>\n<p><a href=\"https:\/\/www.radiopiu.net\/wordpress\/?attachment_id=180354\" rel=\"attachment wp-att-180354\"><img loading=\"lazy\" decoding=\"async\" class=\" wp-image-180354 alignleft\" src=\"https:\/\/www.radiopiu.net\/wordpress\/wp-content\/uploads\/2020\/12\/Boato_Gianni-300x200.jpg\" alt=\"\" width=\"207\" height=\"138\" srcset=\"https:\/\/www.radiopiu.net\/wordpress\/wp-content\/uploads\/2020\/12\/Boato_Gianni-300x200.jpg 300w, https:\/\/www.radiopiu.net\/wordpress\/wp-content\/uploads\/2020\/12\/Boato_Gianni-1024x682.jpg 1024w, https:\/\/www.radiopiu.net\/wordpress\/wp-content\/uploads\/2020\/12\/Boato_Gianni-768x512.jpg 768w, https:\/\/www.radiopiu.net\/wordpress\/wp-content\/uploads\/2020\/12\/Boato_Gianni.jpg 1438w\" sizes=\"auto, (max-width: 207px) 100vw, 207px\" \/><\/a><strong>TREVISO-BELLUNO<\/strong><em> \u201cL\u2019impatto della pandemia sul comparto della moda \u00e8 stato duro, con cali del fatturato che si attestano attorno al 30%, ma con una strategia a lungo termine che preveda uno sforzo congiunto da parte di imprese e lavoratori, con l\u2019utilizzo degli ammortizzatori sociali e la riduzione dell\u2019orario di lavoro si potranno evitare i licenziamenti e recuperare i numeri pre Covid\u201d.<\/em> Ne \u00e8 convinto Gianni Boato, eletto oggi, venerd\u00ec 18 dicembre, Segretario generale della Femca Cisl Belluno Treviso, che raccoglie 4.404 iscritti fra le province di Treviso e Belluno. Succede a Nicola Brancher, al timone della Federazione della moda, della chimica e dell\u2019energia dal 2010 ed eletto lo scorso 13 novembre Segretario confederale.\u00a0<em> \u201cRingrazio tutti &#8211; ha detto il dimissionario Brancher ai delegati collegati in videoconferenza al Consiglio generale &#8211; l\u2019attivit\u00e0 sindacale \u00e8 una parte importante delle nostre vite, spero che il mio impegno abbia lasciato qualcosa in ogni singolo delegato. Sar\u00e0 una grande squadra a guidare la categoria\u201d.<\/em> Fondamentale per Boato sar\u00e0 poi riprendere al pi\u00f9 presto le trattative per il rinnovo dei contratti nazionali, importante leva per riattivare un circolo positivo dei consumi.<em> \u201cMentre il contratto dell\u2019occhialeria \u00e8 stato da poco rinnovato e c\u2019\u00e8 un\u2019ipotesi ormai sottoscritta per gommaplastica e ceramica &#8211; spiega Boato &#8211; non si pu\u00f2 dire lo stesso di altri contratti come quelli del settore tessile, scaduto a marzo, dell\u2019industria calzaturiera e delle lavanderie industriali, scaduti oltre un anno fa. Rinnovare i contratti significa dare pi\u00f9 potere salariale ai dipendenti, leve importanti per far ripartire i consumi\u201d.<\/em><\/p>\n<p><b>GIANNI BOATO, SEGRETARIO GENERALE DELLA FEMCA CISL BELLUNO TREVISO<\/b><\/p>\n<audio class=\"wp-audio-shortcode\" id=\"audio-180355-1\" preload=\"none\" style=\"width: 100%;\" controls=\"controls\"><source type=\"audio\/mpeg\" src=\"https:\/\/www.radiopiu.net\/wordpress\/wp-content\/uploads\/2020\/12\/BOATO-CISL.mp3?_=1\" \/><a href=\"https:\/\/www.radiopiu.net\/wordpress\/wp-content\/uploads\/2020\/12\/BOATO-CISL.mp3\">https:\/\/www.radiopiu.net\/wordpress\/wp-content\/uploads\/2020\/12\/BOATO-CISL.mp3<\/a><\/audio>\n<p>&nbsp;<\/p>\n","protected":false},"excerpt":{"rendered":"<p>TREVISO-BELLUNO \u201cL\u2019impatto della pandemia sul comparto della moda \u00e8 stato duro, con cali del fatturato che si attestano attorno al 30%, ma con una strategia a lungo termine che preveda uno sforzo congiunto da parte di imprese e lavoratori, con l\u2019utilizzo degli ammortizzatori sociali e la riduzione dell\u2019orario di lavoro si potranno evitare i licenziamenti&hellip;<\/p>\n","protected":false},"author":4,"featured_media":180354,"comment_status":"closed","ping_status":"closed","sticky":false,"template":"","format":"standard","meta":{"_monsterinsights_skip_tracking":false,"_monsterinsights_sitenote_active":false,"_monsterinsights_sitenote_note":"","_monsterinsights_sitenote_category":0,"footnotes":""},"categories":[49],"tags":[],"class_list":["post-180355","post","type-post","status-publish","format-standard","has-post-thumbnail","hentry","category-news-18","category-49","description-off"],"img_url":"https:\/\/www.radiopiu.net\/wordpress\/wp-content\/uploads\/2020\/12\/Boato_Gianni.jpg","_links":{"self":[{"href":"https:\/\/www.radiopiu.net\/wordpress\/wp-json\/wp\/v2\/posts\/180355","targetHints":{"allow":["GET"]}}],"collection":[{"href":"https:\/\/www.radiopiu.net\/wordpress\/wp-json\/wp\/v2\/posts"}],"about":[{"href":"https:\/\/www.radiopiu.net\/wordpress\/wp-json\/wp\/v2\/types\/post"}],"author":[{"embeddable":true,"href":"https:\/\/www.radiopiu.net\/wordpress\/wp-json\/wp\/v2\/users\/4"}],"replies":[{"embeddable":true,"href":"https:\/\/www.radiopiu.net\/wordpress\/wp-json\/wp\/v2\/comments?post=180355"}],"version-history":[{"count":0,"href":"https:\/\/www.radiopiu.net\/wordpress\/wp-json\/wp\/v2\/posts\/180355\/revisions"}],"wp:featuredmedia":[{"embeddable":true,"href":"https:\/\/www.radiopiu.net\/wordpress\/wp-json\/wp\/v2\/media\/180354"}],"wp:attachment":[{"href":"https:\/\/www.radiopiu.net\/wordpress\/wp-json\/wp\/v2\/media?parent=180355"}],"wp:term":[{"taxonomy":"category","embeddable":true,"href":"https:\/\/www.radiopiu.net\/wordpress\/wp-json\/wp\/v2\/categories?post=180355"},{"taxonomy":"post_tag","embeddable":true,"href":"https:\/\/www.radiopiu.net\/wordpress\/wp-json\/wp\/v2\/tags?post=180355"}],"curies":[{"name":"wp","href":"https:\/\/api.w.org\/{rel}","templated":true}]}}