{"id":180563,"date":"2020-12-19T12:25:58","date_gmt":"2020-12-19T11:25:58","guid":{"rendered":"https:\/\/www.radiopiu.net\/wordpress\/?p=180563"},"modified":"2020-12-19T13:17:54","modified_gmt":"2020-12-19T12:17:54","slug":"dalle-14-lordinanza-regionalei-chiarimenti-nella-conferenza-stampa-di-luca-zaia","status":"publish","type":"post","link":"https:\/\/www.radiopiu.net\/wordpress\/dalle-14-lordinanza-regionalei-chiarimenti-nella-conferenza-stampa-di-luca-zaia\/","title":{"rendered":"DALLE 14 L&#8217;ORDINANZA REGIONALE:  CHIARIMENTI NELLA CONFERENZA STAMPA DI LUCA ZAIA"},"content":{"rendered":"<p><strong>VENEZIA<\/strong> Punto stampa del sabato, da Marghera il presidente Luca Zaia.<\/p>\n<p><strong>I NUMERI TAMPONI MOLECOLARI\u00a0 3.101.379 (+18924)\u00a0 TEST RAPIDI\u00a0 1.531.024\u00a0 (+29087) POSITIVI DA INIZIO EPIDEMIA\u00a0 213.054\u00a0 POSITIVI ATTUALI 97.816 RICOVERATI IN OSPEDALE TOTALI 3213 IN AREA NON CRITICA 2844 (-89)\u00a0 IN TERAPIA INTENSIVA 369 (+4) DECESSI 5382 (+114) DIMESSI 9415 (+170)<\/strong><\/p>\n<p><strong><br \/>\n<span style=\"color: #ff0000;\">58801 Tamponi, 3834 positivi cio\u00e8 il 6,52%<\/span><\/strong><\/p>\n<p>&nbsp;<\/p>\n<blockquote>\n<h2>LEGGI LA CONFERENZA STAMPA DI LUCA ZAIA<\/h2>\n<\/blockquote>\n<p><em><strong>Ordinanza regionale in vigore fino alla mezzanotte del 23, poi subentra la direttiva nazionale.<\/strong><\/em><\/p>\n<p>Non cantiamo vittoria ma c&#8217;\u00e8 la direzione, la curve hanno inziato la flessione. Oggettivamente con il punto sulle diverse Ulss le curve in flessione di vedono, va meglio anche a Verona dove oggi si liberano letti, posti limitati in terapia intensiva, si stanno rialzando per\u00f2 in contagi in giro per l&#8217;Europa e anche a livello nazionale l&#8217;infezione c&#8217;\u00e8 anche se qualcuno lo nega come nega il covid. <strong>DECRETO LEGGE<\/strong> Festivi e prefestivi zona rossa dal 24 dicembre al 6 gennaio, negli altri giorni feriali zona arancione. La nostra ordinanza arriva fino al 6 <strong>COSA ACCADRA&#8217;?<\/strong> L&#8217;avevo detto che se le misure fossero state pi\u00f9 blande sarebbe rimasta la nostra ordinanza, da un punto di vista di gerarchia per noi decade la nostra ordinanza il 24 con l&#8217;entrata in vigore del provvedimento nazionale quindi valida (quella regionale) fino al 23 compreso, una zona arancione light come \u00e8 stata definita.<\/p>\n<h1>DOMANDE<\/h1>\n<p><strong>CAPODANNO E BOTTI, QUEST&#8217;ANNO NIENTE SENSIBILIZZAZIONE?<\/strong> Noi continuiamo a dire che i botti vanno fatti nel rispetto della legalit\u00e0 ma anche della sicurezza personale e delle altre persone, noi non abbiamo mai fatto campagne in questo senso, poi c&#8217;\u00e8 anche il tema degli animali.<\/p>\n<p><strong>SCONCERTO PER L&#8217;ACCAVALLARSI DI COLORI IMPRESSIONE DI GRANDE CONFUSIONE.<\/strong> Il Governo ha deciso ieri, lo ha presentato ai Governatori e poi \u00e8 stato approvato come Decreto, ho appreso che ci sono ristori ma non saranno sufficienti almeno la prima parte. Hanno scelto di alternare zone arancioni con zone rosse ma non ne conosco le motivazioni.<\/p>\n<p><strong>RISTORI CI SARANNO RISORSE?<\/strong> Dovremo vigiliare, il presupposto \u00e8 che i lavoratori siano ristorati io insisto sul modello tedesco guardando al fatturato dell&#8217;anno prima. Ho seguito la diretta facebook a parlato di 645 milioni e si \u00e8 impegnato di provvedere a ristori. L&#8217;adozione delle misure \u00e8 sempre pi\u00f9 difficile, se poi mancano i ristori i cittadini possono anche andare fuori di testa. Staremo a vedere.<\/p>\n<p><strong>AMBULANTI E MERCATO IN ZONA ROSSA<\/strong> La zona rossa prevede solo l&#8217;alimentari ma non sono norme nostre.<\/p>\n<p><strong>INGABBIARE I CITTADINI MENTRE CI SONO LE RESSE NEI MEGASTORE<\/strong> Noi non abbiamo in controlli, dipende dal Ministero degli Interni o dalle municipalit\u00e0. Riceviamo tante segnalazioni che giriamo alla forze di Polizia.<\/p>\n<p><strong>E&#8217; SCORATO?<\/strong> Faccio il mio mestiere. Non \u00e8 un momento facile. I cittadini hanno bisogno di risposte, di lamentano ma non puo&#8217; essere che non capisca che c&#8217;\u00e8 un problema di una pandemia mondiale.<\/p>\n<p><strong>PREVEDE ULTERIORI RESTRIZIONI?<\/strong> Sono sufficienti quelle nazionali. Noi da uno scenario passiamo ad un arancione light, arancione e rosso. Non faremo azioni pi\u00f9 restrittive, lo abbiamo gi\u00e0 fatto nei giorni precedenti con l&#8217;ordinanza di ieri.<\/p>\n<p><strong>USCITE PICCOLI COMUNI NEI 30 CHILOMETRI LO PREVEDE IL DECRETO. IN VENETO?<\/strong> I Governatori hanno discusso e penso che il Decreto sia tombale purch\u00e9 il Governo non voglia rivedere alcune decisioni tipo l&#8217;accompagnamento dei minori.<\/p>\n<p><strong>GIUDIZIO SUL DECRETO<\/strong> Se devo esprimerlo lo faccio pensando ai ristori, se non ci saranno sar\u00e0 un grande guaio. Ci sono locali e filiere e rischio chiusura, per non parlare del turismo e tutte le altre attivit\u00e0 collegate.<\/p>\n<p><strong>SCUOLA<\/strong> Oggi incontro con il Ministro Azzolina, lo faremo con responsabilit\u00e0 conoscendo l&#8217;importanza delle lezioni in presenza. Sar\u00e0 da capire a che livelli numeri riaprire le scuole, sar\u00e0 da valutare la situazione epidemiologica di gennaio e qui ogni giorno succede qualche cosa dal punto di vista sanitario. La nostra posizione \u00e8 di assoluta condivisione dell&#8217;apertura ma non deve prescindere dalla situazione sanitaria e poi quanto aprire, il 75% \u00e8 impegnativo, con il 50% \u00e8 un&#8217;altra cosa.<\/p>\n<p><strong>27 DICEMBRE IL GIORNO DEL VACCINO?<\/strong> Dovrebbero arrivare 875 fiale, saranno distribuiti entro 4 ore dall&#8217;Azienda Ospedaliera, ci sar\u00e0 una prima vaccinazione territoriale su base volontaria.Per i primi di gennaio partiremo con la macchina, siamo pronti sia con la catena del freddo che con le siringhe che abbiamo acquistato. Priorit\u00e0 da subito a personale sanitario e case di riposo.<\/p>\n<p><strong>MODELLO MATEMATICO. HA SBAGLIATO IL PICCO<\/strong> E&#8217; accaduto quello che prevedeva il modello, siamo andati al picco ma la sua durata \u00e8 direttamente proporzionale a molti temi, pesa molto il mancato distanziamento che allunga la discesa. A marzo avevano salita e caduta repentina, qui la curva va su pi\u00f9 piano e si ferma su un altopiano anche se da qualche giorno scende. Aspettiamo comunque le conferme.<\/p>\n<p>&nbsp;<\/p>\n<p>https:\/\/www.facebook.com\/zaiaufficiale\/videos\/190998586079219<\/p>\n","protected":false},"excerpt":{"rendered":"<p>VENEZIA Punto stampa del sabato, da Marghera il presidente Luca Zaia. I NUMERI TAMPONI MOLECOLARI\u00a0 3.101.379 (+18924)\u00a0 TEST RAPIDI\u00a0 1.531.024\u00a0 (+29087) POSITIVI DA INIZIO EPIDEMIA\u00a0 213.054\u00a0 POSITIVI ATTUALI 97.816 RICOVERATI IN OSPEDALE TOTALI 3213 IN AREA NON CRITICA 2844 (-89)\u00a0 IN TERAPIA INTENSIVA 369 (+4) DECESSI 5382 (+114) DIMESSI 9415 (+170) 58801 Tamponi, 3834 positivi&hellip;<\/p>\n","protected":false},"author":4,"featured_media":178309,"comment_status":"closed","ping_status":"closed","sticky":false,"template":"","format":"standard","meta":{"_monsterinsights_skip_tracking":false,"_monsterinsights_sitenote_active":false,"_monsterinsights_sitenote_note":"","_monsterinsights_sitenote_category":0,"footnotes":""},"categories":[51,49],"tags":[],"class_list":["post-180563","post","type-post","status-publish","format-standard","has-post-thumbnail","hentry","category-evidenza-top","category-news-18","category-51","category-49","description-off"],"img_url":"https:\/\/www.radiopiu.net\/wordpress\/wp-content\/uploads\/2020\/12\/ZAIA-CONF-STAMPA.png","_links":{"self":[{"href":"https:\/\/www.radiopiu.net\/wordpress\/wp-json\/wp\/v2\/posts\/180563","targetHints":{"allow":["GET"]}}],"collection":[{"href":"https:\/\/www.radiopiu.net\/wordpress\/wp-json\/wp\/v2\/posts"}],"about":[{"href":"https:\/\/www.radiopiu.net\/wordpress\/wp-json\/wp\/v2\/types\/post"}],"author":[{"embeddable":true,"href":"https:\/\/www.radiopiu.net\/wordpress\/wp-json\/wp\/v2\/users\/4"}],"replies":[{"embeddable":true,"href":"https:\/\/www.radiopiu.net\/wordpress\/wp-json\/wp\/v2\/comments?post=180563"}],"version-history":[{"count":0,"href":"https:\/\/www.radiopiu.net\/wordpress\/wp-json\/wp\/v2\/posts\/180563\/revisions"}],"wp:featuredmedia":[{"embeddable":true,"href":"https:\/\/www.radiopiu.net\/wordpress\/wp-json\/wp\/v2\/media\/178309"}],"wp:attachment":[{"href":"https:\/\/www.radiopiu.net\/wordpress\/wp-json\/wp\/v2\/media?parent=180563"}],"wp:term":[{"taxonomy":"category","embeddable":true,"href":"https:\/\/www.radiopiu.net\/wordpress\/wp-json\/wp\/v2\/categories?post=180563"},{"taxonomy":"post_tag","embeddable":true,"href":"https:\/\/www.radiopiu.net\/wordpress\/wp-json\/wp\/v2\/tags?post=180563"}],"curies":[{"name":"wp","href":"https:\/\/api.w.org\/{rel}","templated":true}]}}