{"id":180635,"date":"2020-12-19T17:47:49","date_gmt":"2020-12-19T16:47:49","guid":{"rendered":"https:\/\/www.radiopiu.net\/wordpress\/?p=180635"},"modified":"2020-12-20T08:26:51","modified_gmt":"2020-12-20T07:26:51","slug":"il-presepe-di-trilussa","status":"publish","type":"post","link":"https:\/\/www.radiopiu.net\/wordpress\/il-presepe-di-trilussa\/","title":{"rendered":"IL PRESEPE DI TRILUSSA"},"content":{"rendered":"<p><strong><a href=\"https:\/\/www.radiopiu.net\/wordpress\/il-presepe-di-trilussa\/presepio-2\/\" rel=\"attachment wp-att-180636\"><img loading=\"lazy\" decoding=\"async\" class=\"size-medium wp-image-180636 alignright\" src=\"https:\/\/www.radiopiu.net\/wordpress\/wp-content\/uploads\/2020\/12\/PRESEPIO-300x200.jpg\" alt=\"\" width=\"300\" height=\"200\" srcset=\"https:\/\/www.radiopiu.net\/wordpress\/wp-content\/uploads\/2020\/12\/PRESEPIO-300x200.jpg 300w, https:\/\/www.radiopiu.net\/wordpress\/wp-content\/uploads\/2020\/12\/PRESEPIO-1024x681.jpg 1024w, https:\/\/www.radiopiu.net\/wordpress\/wp-content\/uploads\/2020\/12\/PRESEPIO-768x511.jpg 768w, https:\/\/www.radiopiu.net\/wordpress\/wp-content\/uploads\/2020\/12\/PRESEPIO-1536x1022.jpg 1536w, https:\/\/www.radiopiu.net\/wordpress\/wp-content\/uploads\/2020\/12\/PRESEPIO.jpg 1920w\" sizes=\"auto, (max-width: 300px) 100vw, 300px\" \/><\/a>LO DISSE TRILUSSA IN UN SUO SONETTO<\/strong><\/p>\n<p><em><strong>\u00abMa che li fate a fare \u2018sti presepi?\u00bb<\/strong><\/em><\/p>\n<p><em>di<\/em> <strong>DINO BRIDDA<\/strong><\/p>\n<p>Il momento \u00e8 difficile, lo sappiamo bene. Stiamo diventando quasi tutti un po\u2019 pi\u00f9 nervosi, intolleranti e sfiduciati. Cos\u00ec, ad esempio, tra le cose che accentuano i nostri fastidi quotidiani, troviamo pure il sentire in televisione un eccesso di \u201cromanesco\u201d che attraversa i vari programmi al posto della lingua italiana. Ci\u00f2 non toglie che, mantenendo un atteggiamento di sereno equilibrio, ci si possa concedere una tregua, tanto per alleggerire la situazione. Ecco allora che, se proprio vogliamo una volta tanto tollerare l\u2019uso del dialetto della capitale, \u00e8 bene farlo con le parole di quell\u2019arguto cantore capitolino che risponde al secolo al nome di Carlo Alberto Salusti, in arte Trilussa. Nato a Roma il 26 ottobre 1871, scomparve il 21 dicembre 1950, esattamente settant\u2019anni fa. Sembra che, sul letto di morte, abbia pronunciato la frase: \u00abM\u00f2 me ne vado\u00bb, magari a raggiungere quel suo collega, Giuseppe Gioachino Belli, che aveva esalato l\u2019ultimo respiro nel medesimo giorno del 1863 dopo aver dileggiato con i suoi versi, tra gli altri, Gregorio XVI, il primo papa bellunese. A dire il vero nemmeno Trilussa fu tenero con la Chiesa, i sacerdoti ed i rigidi papalini. Trilussa, inoltre, sapeva di essere nel mirino della censura fascista, cos\u00ec, ispirandosi ad Esopo e a La Fontaine, nei suoi sapidi sonetti sostitu\u00ec sempre gli uomini con gli animali: i difetti dei primi diventarono i difetti dei secondi, ma questi ultimi non potevano di certo opporre querela, perci\u00f2 l\u2019intento satirico di fustigatore dei costumi umani rimaneva in tal modo impunito, anzi molto applaudito dal popolo. Venendo al tempo di Natale ci colpisce la morale contenuta in questo sconsolato sonetto, perch\u00e9 \u00e8 di un\u2019attualit\u00e0 pi\u00f9 che mai viva. In questi suoi versi, dedicati al presepe, il poeta fa parlare nientemeno che Ges\u00f9: \u00ab<em>Ve ringrazio de core, brava gente,\/p\u00e9 \u2018sti presepi che me preparate,\/ma che li fate a fa?\/Si poi v\u2019odiate,\/si de st\u2019amore non capite gnente\u2026\/P\u00e9 st\u2019amore s\u00f2 nato e ce s\u00f2 morto,\/da secoli lo spargo dalla croce,\/ma la parola mia pare \u2018na voce\/sperduta ner deserto, senza ascolto.\/La gente fa er presepe e nun me sente;\/cerca sempre de fallo pi\u00f9 sfarzoso,\/per\u00f2 ci\u00e0 er core freddo e indifferente\/e nun capisce che senza l\u2019amore\/\u00e8 cianfrusaja che nun ci\u00e0 valore<\/em><em>\u00bb.\u00a0<\/em>Nonostante la premessa iniziale pare che non ci sia bisogno di traduzione: il concetto \u00e8 chiaro e del tutto condivisibile. La sua morale richiama un valore umano senza il quale le nostre azioni rischiano di essere povere e inefficaci, oltre che apparire poco sincere, se non ipocrite. Alla fine dobbiamo ammettere che Trilussa, al contrario di tanti suoi pseudo successori da teleschermo, \u00e8 riuscito a parlare a tutti gli italiani, basta leggere la sua corposa raccolta di sonetti. Proprio per questa sua dote il piemontese Luigi Einaudi, all\u2019epoca presidente della Repubblica, lo nomin\u00f2 senatore a vita. Era il 1\u00b0 dicembre 1950. Venti giorni dopo Trilussa and\u00f2 all\u2019aldil\u00e0 a recitare in vernacolo romanesco i suoi versi che, probabilmente, avranno fatto sorridere anche gli angeli e i santi. E, perch\u00e9 no?, fors\u2019anche il Padreterno.<\/p>\n","protected":false},"excerpt":{"rendered":"<p>LO DISSE TRILUSSA IN UN SUO SONETTO \u00abMa che li fate a fare \u2018sti presepi?\u00bb di DINO BRIDDA Il momento \u00e8 difficile, lo sappiamo bene. Stiamo diventando quasi tutti un po\u2019 pi\u00f9 nervosi, intolleranti e sfiduciati. Cos\u00ec, ad esempio, tra le cose che accentuano i nostri fastidi quotidiani, troviamo pure il sentire in televisione un&hellip;<\/p>\n","protected":false},"author":4,"featured_media":180636,"comment_status":"closed","ping_status":"closed","sticky":false,"template":"","format":"standard","meta":{"_monsterinsights_skip_tracking":false,"_monsterinsights_sitenote_active":false,"_monsterinsights_sitenote_note":"","_monsterinsights_sitenote_category":0,"footnotes":""},"categories":[51,49],"tags":[],"class_list":["post-180635","post","type-post","status-publish","format-standard","has-post-thumbnail","hentry","category-evidenza-top","category-news-18","category-51","category-49","description-off"],"img_url":"https:\/\/www.radiopiu.net\/wordpress\/wp-content\/uploads\/2020\/12\/PRESEPIO.jpg","_links":{"self":[{"href":"https:\/\/www.radiopiu.net\/wordpress\/wp-json\/wp\/v2\/posts\/180635","targetHints":{"allow":["GET"]}}],"collection":[{"href":"https:\/\/www.radiopiu.net\/wordpress\/wp-json\/wp\/v2\/posts"}],"about":[{"href":"https:\/\/www.radiopiu.net\/wordpress\/wp-json\/wp\/v2\/types\/post"}],"author":[{"embeddable":true,"href":"https:\/\/www.radiopiu.net\/wordpress\/wp-json\/wp\/v2\/users\/4"}],"replies":[{"embeddable":true,"href":"https:\/\/www.radiopiu.net\/wordpress\/wp-json\/wp\/v2\/comments?post=180635"}],"version-history":[{"count":0,"href":"https:\/\/www.radiopiu.net\/wordpress\/wp-json\/wp\/v2\/posts\/180635\/revisions"}],"wp:featuredmedia":[{"embeddable":true,"href":"https:\/\/www.radiopiu.net\/wordpress\/wp-json\/wp\/v2\/media\/180636"}],"wp:attachment":[{"href":"https:\/\/www.radiopiu.net\/wordpress\/wp-json\/wp\/v2\/media?parent=180635"}],"wp:term":[{"taxonomy":"category","embeddable":true,"href":"https:\/\/www.radiopiu.net\/wordpress\/wp-json\/wp\/v2\/categories?post=180635"},{"taxonomy":"post_tag","embeddable":true,"href":"https:\/\/www.radiopiu.net\/wordpress\/wp-json\/wp\/v2\/tags?post=180635"}],"curies":[{"name":"wp","href":"https:\/\/api.w.org\/{rel}","templated":true}]}}