{"id":180659,"date":"2020-12-19T19:53:34","date_gmt":"2020-12-19T18:53:34","guid":{"rendered":"https:\/\/www.radiopiu.net\/wordpress\/?p=180659"},"modified":"2020-12-20T08:13:36","modified_gmt":"2020-12-20T07:13:36","slug":"ai-sindaci-ai-commissari-laugurio-di-don-fabiano-del-favero","status":"publish","type":"post","link":"https:\/\/www.radiopiu.net\/wordpress\/ai-sindaci-ai-commissari-laugurio-di-don-fabiano-del-favero\/","title":{"rendered":"AI SINDACI, AI COMMISSARI L&#8217;AUGURIO DI DON FABIANO DEL FAVERO"},"content":{"rendered":"<p class=\"default-style\"><em><strong>Carissimi Sindaci,<\/strong><\/em><\/p>\n<p class=\"default-style\"><em><strong>Carissimi Commissari di Voltago e Selva,<\/strong><\/em><\/p>\n<p class=\"default-style\"><a href=\"https:\/\/www.radiopiu.net\/wordpress\/la-domenica-delle-palme-di-don-fabiano\/don-fabiano-7\/\" rel=\"attachment wp-att-127650\"><img loading=\"lazy\" decoding=\"async\" class=\"size-full wp-image-127650 alignleft\" src=\"https:\/\/www.radiopiu.net\/wordpress\/wp-content\/uploads\/2020\/04\/DON-FABIANO.jpg\" alt=\"\" width=\"231\" height=\"130\" \/><\/a>con queste semplici righe, quale volto della Chiesa che vive ed opera nelle nostre vallate agordine e Fodom, mi permetto anche quest&#8217;anno di raggiungere Voi e le Amministrazioni da Voi presiedute. Il singolare tempo che stiamo vivendo, mette certamente a dura prova il servizio al bene comune; seppur nel rispetto del diverso andare verso la nostra gente, spesso immagino condividiamo la fatica nell&#8217;essere punti di riferimento e di guida, talvolta destinatari di critiche e chiacchiere che non favoriscono un clima sereno e di progettazione. I recenti eventi atmosferici, ancora una volta ci hanno messi alla prova&#8230;direi che ho avuto modo di constatarlo in prima persona. Credo fermamente nel tanto bene che ci circonda e che affiora, segno di un&#8217;umanit\u00e0 \u00e8 capace di bellezza autentica, nonostante talvolta dia un po&#8217; da pensare. A fine maggio di quest&#8217;anno, le comunit\u00e0 di Colle e Selva hanno dovuto affrontare anche la morte improvvisa e sofferta del loro pastore don Gabriele Bernardi: sono ancora una volta loro vicino. Il dialogo fra Voi amministratori e noi preti sul territorio penso sia un valore aggiunto per tutti. <em>A Voi, quindi, ai Vostri collaboratori tutti, con uno sguardo alle famiglie dei Vostri comuni che stanno vivendo un momento di fatica e sofferenza, desidero manifestare il pi\u00f9 sincero augurio di Buon Natale, assicurandovi la piena disponibilit\u00e0 allo scambio ed al confronto, in virt\u00f9 anche del servizio prestato.<\/em><\/p>\n<p class=\"default-style\"><strong>don Fabiano Del Favero<\/strong><\/p>\n<p class=\"default-style\"><strong>vicario foraneo per l&#8217;Agordino e Livinallongo<\/strong><\/p>\n","protected":false},"excerpt":{"rendered":"<p>Carissimi Sindaci, Carissimi Commissari di Voltago e Selva, con queste semplici righe, quale volto della Chiesa che vive ed opera nelle nostre vallate agordine e Fodom, mi permetto anche quest&#8217;anno di raggiungere Voi e le Amministrazioni da Voi presiedute. Il singolare tempo che stiamo vivendo, mette certamente a dura prova il servizio al bene comune;&hellip;<\/p>\n","protected":false},"author":4,"featured_media":0,"comment_status":"closed","ping_status":"closed","sticky":false,"template":"","format":"standard","meta":{"_monsterinsights_skip_tracking":false,"_monsterinsights_sitenote_active":false,"_monsterinsights_sitenote_note":"","_monsterinsights_sitenote_category":0,"footnotes":""},"categories":[1,104,49],"tags":[],"class_list":["post-180659","post","type-post","status-publish","format-standard","hentry","category-senza-categoria","category-evidenza_3","category-news-18","category-1","category-104","category-49","description-off"],"img_url":false,"_links":{"self":[{"href":"https:\/\/www.radiopiu.net\/wordpress\/wp-json\/wp\/v2\/posts\/180659","targetHints":{"allow":["GET"]}}],"collection":[{"href":"https:\/\/www.radiopiu.net\/wordpress\/wp-json\/wp\/v2\/posts"}],"about":[{"href":"https:\/\/www.radiopiu.net\/wordpress\/wp-json\/wp\/v2\/types\/post"}],"author":[{"embeddable":true,"href":"https:\/\/www.radiopiu.net\/wordpress\/wp-json\/wp\/v2\/users\/4"}],"replies":[{"embeddable":true,"href":"https:\/\/www.radiopiu.net\/wordpress\/wp-json\/wp\/v2\/comments?post=180659"}],"version-history":[{"count":0,"href":"https:\/\/www.radiopiu.net\/wordpress\/wp-json\/wp\/v2\/posts\/180659\/revisions"}],"wp:attachment":[{"href":"https:\/\/www.radiopiu.net\/wordpress\/wp-json\/wp\/v2\/media?parent=180659"}],"wp:term":[{"taxonomy":"category","embeddable":true,"href":"https:\/\/www.radiopiu.net\/wordpress\/wp-json\/wp\/v2\/categories?post=180659"},{"taxonomy":"post_tag","embeddable":true,"href":"https:\/\/www.radiopiu.net\/wordpress\/wp-json\/wp\/v2\/tags?post=180659"}],"curies":[{"name":"wp","href":"https:\/\/api.w.org\/{rel}","templated":true}]}}