{"id":180675,"date":"2020-12-21T05:42:07","date_gmt":"2020-12-21T04:42:07","guid":{"rendered":"https:\/\/www.radiopiu.net\/wordpress\/?p=180675"},"modified":"2020-12-21T09:49:45","modified_gmt":"2020-12-21T08:49:45","slug":"giornale-radiopiu-21-dicembre-2020-direttore-mirko-mezzacasa","status":"publish","type":"post","link":"https:\/\/www.radiopiu.net\/wordpress\/giornale-radiopiu-21-dicembre-2020-direttore-mirko-mezzacasa\/","title":{"rendered":"GIORNALE RADIOPIU 21 DICEMBRE 2020 DIRETTORE MIRKO MEZZACASA"},"content":{"rendered":"<h3>PER<strong> RICEVERE QUESTO NOTIZIARIO DIRETTAMENTE SUL TUO CELLULARE ISCRIVITI AL CANALE TELEGRAM <\/strong><strong>\u201cRADIO PIU\u00a0 INFORMAZIONE&#8221;<\/strong><\/h3>\n<p><em>ATTENZIONE: LA NUOVA APP PER IOS-IPHONE<\/em><\/p>\n<div>\n<div><a href=\"https:\/\/apps.apple.com\/it\/app\/radio-pi%C3%B9-emittente-agordina\/id1515939845\">https:\/\/apps.apple.com\/it\/app\/radio-pi%C3%B9-emittente-agordina\/id1515939845<\/a><\/div>\n<\/div>\n<div><\/div>\n<div>\n<div dir=\"auto\"><em>ATTENZIONE: LA NUOVA APP RADIO\u00a0 PER ANDROID<\/em><\/div>\n<\/div>\n<p><a href=\"https:\/\/play.google.com\/store\/apps\/details?id=net.radiopiu.iniko\" target=\"_blank\" rel=\"noopener noreferrer\">https:\/\/play.google.com\/store\/apps\/details?id=net.radiopiu.iniko\u00a0\u00a0<\/a><\/p>\n<p>&nbsp;<\/p>\n<hr \/>\n<p>&nbsp;<\/p>\n<h2 style=\"text-align: center;\"><span style=\"color: #ff0000;\">IN VIGORE L&#8217;AUTOCERTIFICAZIONE. FINO AL 23 DICEMBRE DA UTILIZZARE IN VENETO DOPO LE 14. DAL 24 DICEMBRE AL 6 GENNAIO TUTTI I GIORNI SE CI SI SPOSTA DAL PROPRIO COMUNE DI RESIDENZA<\/span><\/h2>\n<h2 style=\"text-align: center;\"><a href=\"https:\/\/www.radiopiu.net\/wordpress\/wp-content\/uploads\/2020\/12\/AUTOCERTIFICAZIONE-OTTOBRE-2020.pdf\">SCARICALA QUI<\/a><\/h2>\n<p>&nbsp;<\/p>\n<blockquote>\n<h3>BOLLO AUTO. RINVIO DEL PAGAMENTO A GIUGNO 2021<\/h3>\n<\/blockquote>\n<p><strong><a href=\"https:\/\/www.radiopiu.net\/wordpress\/giornale-radiopiu-11-05-direttore-mirko-mezzacasa\/bollo-auto-2\/\" rel=\"attachment wp-att-19478\"><img loading=\"lazy\" decoding=\"async\" class=\"size-medium wp-image-19478 alignleft\" src=\"https:\/\/www.radiopiu.net\/wordpress\/wp-content\/uploads\/2016\/05\/bollo-auto-2-300x169.jpg\" alt=\"\" width=\"300\" height=\"169\" \/><\/a>VENEZIA<\/strong>\u00a0Con l\u2019approvazione della legge di stabilit\u00e0 2021, secondo elemento normativo della manovra finanziaria della Regione del Veneto, \u00e8 stata votata favorevolmente dal Consiglio regionale la norma sul rinvio del versamento della tassa automobilistica, su proposta dall\u2019assessore al Bilancio e alla Programmazione, Francesco Calzavara. \u201c<em>E\u2019 una risposta importante per tutte le famiglie che stanno affrontando delle difficolt\u00e0 economiche legate alla crisi pandemica &#8211; spiega l\u2019assessore Veneto -. Tutti i versamenti della tassa automobilistica, ricadenti nel periodo compreso tra il 1\u00b0 gennaio ed il 30 maggio 2021, potranno, infatti, essere effettuati entro il 30 giugno 2021, senza incorrere in sanzioni o applicazione di interessi\u201d. \u201cQuesta misura consentir\u00e0 alle famiglie e alle imprese venete di riprogrammare i propri adempimenti tributari &#8211; continua Calzavara -, per fronteggiare le scadenze fiscali con pi\u00f9 serenit\u00e0, considerate le restrizioni e gli impatti economici causati da questo virus. Credo che sia una dimostrazione tangibile della politica del fare. Infatti, il nostro obbiettivo \u00e8 ridurre la pressione fiscale a carico di tutti i contribuenti e di tutte le classi di reddito<\/em>\u201d. Si ricorda che sul portale www.infobollo.regione.veneto.it \u00e8 attivo il servizio che permette a tutti i contribuenti veneti di registrarsi, fornendo i propri dati, per ricevere non solo gli avvisi di scadenza del proprio bollo auto comodamente tramite mail, ma anche per contatti rapidi ed efficaci con l\u2019Amministrazione regionale.<\/p>\n<p>&nbsp;<\/p>\n<hr \/>\n<p>&nbsp;<\/p>\n<blockquote>\n<h3>INTERRUZIONI TRA PERON E CANDATEN<\/h3>\n<\/blockquote>\n<p><strong> <img loading=\"lazy\" decoding=\"async\" class=\"alignleft\" src=\"https:\/\/www.radiopiu.net\/wordpress\/wp-content\/uploads\/2015\/04\/Strada_Regionale_203_Agordina.png\" width=\"182\" height=\"78\" \/>SEDICO\u00a0<\/strong> Ancora disagi per chi si sposta lungo la regionale 203 agordina, dopo i sensi unici semaforici le interruzioni temporanee a sorpresa. Nei giorni 22 e 23 dicembre tra Peron e Candaten interruzioni alla viabilit\u00e0, massimo 10 minuti con movieri per consentire il trasporto aereo di materiale a monte della strada.<\/p>\n<p>&nbsp;<\/p>\n<p>&nbsp;<\/p>\n<p>&nbsp;<\/p>\n<hr \/>\n<p>&nbsp;<\/p>\n<blockquote>\n<h2>NATALE E CAPODANNO SUL BALCONE NELLA REGIONE MAGLIA NERA PER CONTAGI, RICOVERI E DECESSI<\/h2>\n<\/blockquote>\n<p>In Veneto la situazione peggiore: superati i 100mila contagi, record di ricoveri e decessi, la Regione insiste per un ritorno a scuola con un massimo del 50% in presenza e non del 75% come ipotizzato da Roma. In Provincia 253 positivi nelle ultime 24 ore, anche il sindaco di Arsi\u00e8 Strapazzon comunica la positivit\u00e0 ai suoi concittadini. In montagna alberghi chiusi, seconde case spalancate. Ormai a tutti dovrebbe essere chiaro cosa accadr\u00e0 nei giorni di festa. Dal 21 dicembre al 6 gennaio divieto di spostamento tra Regioni, nei giorni feriali divieto di spostamento anche tra Comuni, per quelli con meno di 5000 abitanti deroga fino a 30 chilometri con divieto di accesso alle citt\u00e0 capoluogo. le seconde case sono raggiungibili solo in regione. Coprifuoco tutti i giorni dalle 22 alle 5, a capodanno fino alle 7. Ci si pu\u00f2 spostare solo per motivi di necessit\u00e0, salute e rientro nella residenza. Le messe di Natale devono finire prima delle 22 e inziare dopo le 5. Chiusura totale per cinema, teatri, impianti di risalita, sospese le crociere. Negozi. chiusi eccetto i giorni 28, 29, 30 dicembre, 4 e 1 gennaio. Ristoranti chiusi salvo per il pranzo nei 4 giorni non festivi o prefestivi. Chi arriva dall&#8217;estero dovr\u00e0 stare per 14 giorni in quarantena (area extra Schenghen). In auto non pi\u00f9 di 2 persone (eccetto i minori), gare sportive ammesse solo ad alto livello fino al 15 gennaio.<\/p>\n<p><a href=\"https:\/\/www.radiopiu.net\/wordpress\/giornale-radiopiu-21-dicembre-2020-direttore-mirko-mezzacasa\/c52216e2-b0ad-43e2-834f-315fc7a3937d\/\" rel=\"attachment wp-att-180808\"><img loading=\"lazy\" decoding=\"async\" class=\"aligncenter wp-image-180808 size-full\" src=\"https:\/\/www.radiopiu.net\/wordpress\/wp-content\/uploads\/2020\/12\/c52216e2-b0ad-43e2-834f-315fc7a3937d.jpg\" alt=\"\" width=\"586\" height=\"346\" srcset=\"https:\/\/www.radiopiu.net\/wordpress\/wp-content\/uploads\/2020\/12\/c52216e2-b0ad-43e2-834f-315fc7a3937d.jpg 586w, https:\/\/www.radiopiu.net\/wordpress\/wp-content\/uploads\/2020\/12\/c52216e2-b0ad-43e2-834f-315fc7a3937d-300x177.jpg 300w\" sizes=\"auto, (max-width: 586px) 100vw, 586px\" \/><\/a><\/p>\n<blockquote>\n<h3>COVID IN PROVINCIA: 253 NUOVI POSITIVI IN 24 ORE, SITUAZIONE STABILE NEGLI OSPEDALI BELLUNESI<\/h3>\n<\/blockquote>\n<p><strong>BELLUNO<\/strong> Sono 253 i nuovi positivi in Ulss 1 Dolomiti nelle ultime 24 ore.<\/p>\n<p><strong>Ricoveri <\/strong><\/p>\n<p><em>(dato alle ore 17.00 fonte: Azienda Zero)<\/em><\/p>\n<p>Le persone attualmente POSITIVE ricoverate negli ospedali dell\u2019Ulss Dolomiti sono:<\/p>\n<table>\n<tbody>\n<tr>\n<td width=\"217\"><strong>\u00a0<\/strong><\/td>\n<td width=\"217\"><strong>Area NON CRITICA<\/strong><\/td>\n<td width=\"217\"><strong>Terapia Intensiva<\/strong><\/td>\n<\/tr>\n<tr>\n<td width=\"217\"><strong>Ospedale di Belluno <\/strong><\/td>\n<td width=\"217\">64<\/td>\n<td width=\"217\">2<\/td>\n<\/tr>\n<tr>\n<td width=\"217\"><strong>Ospedale di Feltre<\/strong><\/p>\n<p><strong>Ospedale di Agordo<\/strong><\/td>\n<td width=\"217\">48<\/p>\n<p>10<\/td>\n<td width=\"217\">7<\/td>\n<\/tr>\n<\/tbody>\n<\/table>\n<p>&nbsp;<\/p>\n<p>Le persone attualmente POSITIVE ricoverate in Ospedale di Comunit\u00e0 sono:<\/p>\n<table>\n<tbody>\n<tr>\n<td width=\"326\"><strong>\u00a0<\/strong><\/td>\n<td width=\"326\"><strong>pazienti attualmente positivi<\/strong><\/td>\n<\/tr>\n<tr>\n<td width=\"326\"><strong>Ospedale di Comunit\u00e0 ALANO<\/strong><\/td>\n<td width=\"326\">5<\/td>\n<\/tr>\n<tr>\n<td width=\"326\"><strong>Ospedale di Comunit\u00e0 AURONZO<\/strong><\/p>\n<p><strong>Ospedale di Comunit\u00e0 di BELLUNO\u00a0\u00a0\u00a0\u00a0\u00a0\u00a0\u00a0\u00a0\u00a0\u00a0\u00a0\u00a0\u00a0\u00a0\u00a0\u00a0\u00a0\u00a0\u00a0\u00a0\u00a0\u00a0\u00a0\u00a0\u00a0\u00a0\u00a0\u00a0\u00a0\u00a0\u00a0\u00a0\u00a0\u00a0\u00a0\u00a0\u00a0\u00a0\u00a0\u00a0 <\/strong><\/td>\n<td width=\"326\">4<\/p>\n<p>18<\/td>\n<\/tr>\n<tr>\n<td width=\"326\"><strong>Ospedale di Comunit\u00e0 di FELTRE<\/strong><\/td>\n<td width=\"326\">12<\/td>\n<\/tr>\n<\/tbody>\n<\/table>\n<p>&nbsp;<\/p>\n<p>&nbsp;<\/p>\n<hr \/>\n<p>&nbsp;<\/p>\n<blockquote>\n<h3>I SINDACI CHE INFORMANO,\u00a0 Ad Alleghe casi in aumento:\u00a0 in tre giorni\u00a0 +8 positivi e +32 persone in isolamento. Taibon superati i 160 positivi, in un giorno +21 persone in isolamento.<\/h3>\n<\/blockquote>\n<p><strong>AGORDO<\/strong> postiivi 164 (-2), isolamenti 139 (-4) <strong>TAIBON<\/strong> positivi 162 (+3) in isolamento 97 (+21)\u00a0 <strong>ROCCA PIETORE<\/strong>\u00a0 positivi 19 (+5)\u00a0 isolamento 16 (0) <strong>ALLEGHE<\/strong> positivi\u00a0 26 (+8) isolamento\u00a0 55\u00a0 (+32) <strong>FALCADE<\/strong> positivi 51 (+3) in isolamento 26 (+6)<\/p>\n<p>&nbsp;<\/p>\n<p>&nbsp;<\/p>\n<hr \/>\n<p>&nbsp;<\/p>\n<blockquote>\n<h2 dir=\"auto\">CONTROLLI INTERFORZE ANTICOVID<\/h2>\n<\/blockquote>\n<p><strong>BELLUNO<\/strong> Da lunedi a venerdi 1095 controlli su persone, 10 sanzioni 1 denuncia. Controlli attivit\u00e0: 265, nessuna sanzione o chiusura attivit\u00e0<\/p>\n<p>&nbsp;<\/p>\n<p>&nbsp;<\/p>\n<hr \/>\n<p>&nbsp;<\/p>\n<blockquote>\n<h3>QUINDICENNE BLOCCATO IN FALESIA. INTERVIENE IL SOCCORSO ALPINO<\/h3>\n<\/blockquote>\n<p><strong><a href=\"https:\/\/www.radiopiu.net\/wordpress\/torna-la-festa-del-volontariato-cadorino-sabato-1-settembre\/soccorsoalpino\/\" rel=\"attachment wp-att-59164\"><img loading=\"lazy\" decoding=\"async\" class=\" wp-image-59164 alignleft\" src=\"https:\/\/www.radiopiu.net\/wordpress\/wp-content\/uploads\/2018\/08\/soccorsoalpino-300x300.jpg\" alt=\"\" width=\"167\" height=\"167\" srcset=\"https:\/\/www.radiopiu.net\/wordpress\/wp-content\/uploads\/2018\/08\/soccorsoalpino-300x300.jpg 300w, https:\/\/www.radiopiu.net\/wordpress\/wp-content\/uploads\/2018\/08\/soccorsoalpino-150x150.jpg 150w, https:\/\/www.radiopiu.net\/wordpress\/wp-content\/uploads\/2018\/08\/soccorsoalpino-768x768.jpg 768w, https:\/\/www.radiopiu.net\/wordpress\/wp-content\/uploads\/2018\/08\/soccorsoalpino-1024x1024.jpg 1024w, https:\/\/www.radiopiu.net\/wordpress\/wp-content\/uploads\/2018\/08\/soccorsoalpino.jpg 1200w\" sizes=\"auto, (max-width: 167px) 100vw, 167px\" \/><\/a>SEDICO<\/strong> Ieri attorno alle 16.30 la Centrale del Suem ha allertato il Soccorso alpino di Belluno per un freeclimber bloccato in parete a una decina di metri di altezza, nella falesia del Mas. Il ragazzo, un quindicenne di Sedico (BL), si era arrampicato slegato, solo con scarpette e imbrago, su uno dei sassi della palestra di roccia. Sbagliata per\u00f2 la progressione era stato incapace di proseguire, si era attaccato con un rinvio a uno spit e aveva chiesto aiuto dal suo cellulare. Una squadra ha raggiunto la falesia: tre soccorritori sono saliti in cima al sasso e uno di loro \u00e8 sceso dall&#8217;alto, mentre un quarto tecnico parlava con il ragazzo alla base della parete. Raggiunto, il giovane freeclimber \u00e8 stato assicurato e calato a terra.<\/p>\n<p>&nbsp;<\/p>\n<p>&nbsp;<\/p>\n<hr \/>\n<p>&nbsp;<\/p>\n<blockquote>\n<h2><a href=\"https:\/\/www.radiopiu.net\/wordpress\/giornale-radiopiu-21-dicembre-2020-direttore-mirko-mezzacasa\/132095446_3732261536832715_7841770636260682943_o\/\" rel=\"attachment wp-att-180804\"><img loading=\"lazy\" decoding=\"async\" class=\" wp-image-180804 alignleft\" src=\"https:\/\/www.radiopiu.net\/wordpress\/wp-content\/uploads\/2020\/12\/132095446_3732261536832715_7841770636260682943_o-300x225.jpg\" alt=\"\" width=\"169\" height=\"127\" srcset=\"https:\/\/www.radiopiu.net\/wordpress\/wp-content\/uploads\/2020\/12\/132095446_3732261536832715_7841770636260682943_o-300x225.jpg 300w, https:\/\/www.radiopiu.net\/wordpress\/wp-content\/uploads\/2020\/12\/132095446_3732261536832715_7841770636260682943_o-1024x768.jpg 1024w, https:\/\/www.radiopiu.net\/wordpress\/wp-content\/uploads\/2020\/12\/132095446_3732261536832715_7841770636260682943_o-768x576.jpg 768w, https:\/\/www.radiopiu.net\/wordpress\/wp-content\/uploads\/2020\/12\/132095446_3732261536832715_7841770636260682943_o-1536x1152.jpg 1536w, https:\/\/www.radiopiu.net\/wordpress\/wp-content\/uploads\/2020\/12\/132095446_3732261536832715_7841770636260682943_o.jpg 2048w\" sizes=\"auto, (max-width: 169px) 100vw, 169px\" \/><\/a>SNOWBORDER AL SACRARIO DEL GRAPPA, POCO RISPETTO DELLA <a href=\"https:\/\/www.radiopiu.net\/wordpress\/giornale-radiopiu-21-dicembre-2020-direttore-mirko-mezzacasa\/131817736_721743458761850_3617786728430360925_n\/\" rel=\"attachment wp-att-180805\"><img loading=\"lazy\" decoding=\"async\" class=\" wp-image-180805 alignright\" src=\"https:\/\/www.radiopiu.net\/wordpress\/wp-content\/uploads\/2020\/12\/131817736_721743458761850_3617786728430360925_n-300x201.jpg\" alt=\"\" width=\"261\" height=\"175\" srcset=\"https:\/\/www.radiopiu.net\/wordpress\/wp-content\/uploads\/2020\/12\/131817736_721743458761850_3617786728430360925_n-300x201.jpg 300w, https:\/\/www.radiopiu.net\/wordpress\/wp-content\/uploads\/2020\/12\/131817736_721743458761850_3617786728430360925_n.jpg 750w\" sizes=\"auto, (max-width: 261px) 100vw, 261px\" \/><\/a>NUOVA GENERAZIONE<\/h2>\n<\/blockquote>\n<p><strong>GRAPPA<\/strong> Oltraggio e provocazione. Sono scesi dal Sacello sacro con lo snowboard, un gruppo di\u00a0 ragazzi ha voluto provocare, alla faccia di quei pochi che hanno cercato di fermarli. &#8220;OnorCaduti&#8221; del Grappa, che ha in gestione il Sacrario, ha avviato specifiche indagini.\u00a0 Sabato i giovani hanno mancato di rispetto ad un&#8217;area sacra a 1700 metri\u00a0 come specificano i cartelli, per cui nessuna iniziativa \u00e8 possibile se non camminare, riflettere, commemorare. N\u00e9 sci, n\u00e9 caccia, n\u00e9 manifestazioni sportive se non quelle autorizzate. Per Luca Zaia, presidente della Regione, <em>\u00ab\u00e8 vergognoso quanto accaduto; lo si sa che quel sacrario accoglie i resti di 22.950 soldati, 12.615 italiani, 10.295 austroungarici? Pretendo il rispetto da parte di tutti, proprio di tutti coloro che salgono sul Grappa. Liberissimi di farlo, ma sappiano che non \u00e8 solo una montagna\u00bb<\/em>. Dalle testimonianze sui social le trasgressioni sul Grappa sono frequenti. Il Deputato Luca De Carlo: <em>&#8220;Manca il rispetto per chi ha dato la vita per la Patria. Questo e\u2019 il Sacrario Militare di Cima Grappa, un luogo sacro appunto. Ma qualcuno pensa che sia una pista da sci, senza vergogna. Mi vergogno io per loro.<\/em><\/p>\n<p>&nbsp;<\/p>\n<p>&nbsp;<\/p>\n<hr \/>\n<blockquote>\n<h3><\/h3>\n<h3>WINDTRE CEDE E SPOSTA L&#8217;ANTENNA PIU&#8217; IN ALTO<\/h3>\n<\/blockquote>\n<p><strong><a href=\"https:\/\/www.radiopiu.net\/wordpress\/a-rivamonte-arrivera-il-segnale-di-wind-tre\/telefonia-mobile\/\" rel=\"attachment wp-att-151801\"><img loading=\"lazy\" decoding=\"async\" class=\"size-medium wp-image-151801 alignleft\" src=\"https:\/\/www.radiopiu.net\/wordpress\/wp-content\/uploads\/2020\/07\/telefonia-mobile-300x200.jpg\" alt=\"\" width=\"300\" height=\"200\" srcset=\"https:\/\/www.radiopiu.net\/wordpress\/wp-content\/uploads\/2020\/07\/telefonia-mobile-300x200.jpg 300w, https:\/\/www.radiopiu.net\/wordpress\/wp-content\/uploads\/2020\/07\/telefonia-mobile-1024x683.jpg 1024w, https:\/\/www.radiopiu.net\/wordpress\/wp-content\/uploads\/2020\/07\/telefonia-mobile-768x512.jpg 768w, https:\/\/www.radiopiu.net\/wordpress\/wp-content\/uploads\/2020\/07\/telefonia-mobile-1536x1024.jpg 1536w, https:\/\/www.radiopiu.net\/wordpress\/wp-content\/uploads\/2020\/07\/telefonia-mobile.jpg 1920w\" sizes=\"auto, (max-width: 300px) 100vw, 300px\" \/><\/a>RIVAMONTE\u00a0<\/strong><\/p>\n<p>di Gianni Santomaso<\/p>\n<audio class=\"wp-audio-shortcode\" id=\"audio-180675-1\" preload=\"none\" style=\"width: 100%;\" controls=\"controls\"><source type=\"audio\/mpeg\" src=\"https:\/\/www.radiopiu.net\/wordpress\/wp-content\/uploads\/2020\/12\/GIANNI-WIND-TRE.mp3?_=1\" \/><a href=\"https:\/\/www.radiopiu.net\/wordpress\/wp-content\/uploads\/2020\/12\/GIANNI-WIND-TRE.mp3\">https:\/\/www.radiopiu.net\/wordpress\/wp-content\/uploads\/2020\/12\/GIANNI-WIND-TRE.mp3<\/a><\/audio>\n<p>&nbsp;<\/p>\n<p>&nbsp;<\/p>\n<hr \/>\n<p>&nbsp;<\/p>\n<p><span style=\"color: #ff0000;\">L&#8217;INCHIESTA DEL CORRIERE DELLE ALPI<\/span><\/p>\n<blockquote>\n<h3>NEL BELLUNESE IN UN ANNO 1000 ABITANTI IN MENO<\/h3>\n<\/blockquote>\n<p><em>Sul quotidiano\u00a0 oggi Raffaele Scottini affronta il problema dello spopolamento sulla scorta dei dati Istat<\/em><\/p>\n<p>Il Bellunese ha perso in un anno altri 960 abitanti. Dal 2018 al 2019, la popolazione residente \u00e8 scesa da 202.269 persone a 201.309.Se poi si va indietro di qualche anno, nel 2011 eravamo 208.191, per cui nell&#8217;arco di otto anni c&#8217;\u00e8 stato un crollo di 6.882 abitanti. Quella della met\u00e0 del Novecento era un&#8217;altra epoca, ma nel 1951 il dato era di 236.716, quindi 35.407 persone in pi\u00f9, distribuite dall&#8217;alto Cadore fino al basso feltrino rispetto all&#8217;anno scorso. \u00c8 la fotografia, impietosa, data dall&#8217;Istat, che ha pubblicato le statistiche dopo il censimento relativo agli ultimi due anni, basato sulla combinazione di rilevazioni campionarie e dati di fonte amministrativa trattati statisticamente&#8230;.<\/p>\n<p>&nbsp;<\/p>\n<p>&nbsp;<\/p>\n<hr \/>\n<p>&nbsp;<\/p>\n<blockquote>\n<h3>IL LOCKDOWN DI NATALE PREOCCUPA CONFARTIGIANATO BELLUNO<\/h3>\n<\/blockquote>\n<p><strong><a href=\"https:\/\/www.radiopiu.net\/wordpress\/giornale-radiopiu-15-02-2017-direttore-mirko-mezzacasa\/confartigianato-imprese-belluno\/\" rel=\"attachment wp-att-28523\"><img loading=\"lazy\" decoding=\"async\" class=\"size-full wp-image-28523 alignleft\" src=\"https:\/\/www.radiopiu.net\/wordpress\/wp-content\/uploads\/2017\/02\/confartigianato-imprese-belluno.jpg\" alt=\"\" width=\"170\" height=\"79\" \/><\/a>BELLUNO<\/strong>\u00a0\u00ab<em>I blocchi di Natale decisi dal governo e dalla Regione costituiscono un vero e proprio lockdown. Dovranno seguire importanti ristori per le attivit\u00e0 economiche, altrimenti molti rischiano di chiudere per sempre<\/em>\u00bb. \u00c8 quanto afferma la presidente di Confartigianato Belluno Claudia Scarzanella, che raccoglie le preoccupazioni delle imprese associate dopo la lettura del decreto legge natalizio. Quello cio\u00e8 che fissa zona rossa in tutta Italia nei festivi e prefestivi, e zona arancione tutti gli altri giorni fino al 6 gennaio. \u00ab<em>Un paio di settimane fa abbiamo lanciato l\u2019iniziativa \u201cA Natale regala artigiano\u201d, anche per consentire alle piccole e micro imprese di risollevarsi almeno in parte durante le festivit\u00e0, dopo il pesante lockdown di primavera e le limitazioni degli ultimi mesi\u00bb prosegue la presidente Scarzanella. \u00abEravamo e rimaniamo convinti che lo shopping natalizio, territoriale e a chilometro zero, \u00e8 un ottimo modo per promuovere il Bellunese e i suoi prodotti, oltre a dare respiro agli artigiani. Ma ci troviamo di fronte a misure restrittive importanti, prima della Regione, poi del governo, che rendono impossibili anche piccoli spostamenti e creano confusione nei cittadini. Ci aspettavamo una stretta delle maglie, visti e considerati i numeri dei contagi. Comprendiamo la necessit\u00e0 di ridurre la pressione sul sistema sanitario, oggi in difficolt\u00e0. E siamo vicini a tutte le persone ammalate e che hanno subito dei lutti a causa del Covid. Per questo non discutiamo le misure e faremo la nostra parte, ma ci aspettiamo un aiuto concreto da parte del governo<\/em>\u00bb.\u00a0La preoccupazione di Confartigianato Belluno \u00e8 grande. E riguarda in maniera particolare il settore di bar, ristoranti, pasticcerie, per i quali le festivit\u00e0 avrebbero garantito il periodo clou del lavoro e del fatturato. \u00ab<em>Abbiamo gi\u00e0 perso la Pasqua e la festa della mamma, tra aprile e maggio. La mazzata del Natale sar\u00e0 terribile &#8211; spiega il presidente del settore dolciario, Cristiano Gaggion -. Per le pasticcerie, la vendita di prodotti artigianali, dolci e panettoni, sar\u00e0 fortemente compromessa. E il tutto a favore dei prodotti industriali, sempre ben presenti nei supermercati. Un peccato non solo per le nostre imprese, ma per il territorio, che nei dolci artigianali pu\u00f2 promuovere qualit\u00e0 e bellunesit\u00e0\u00bb. \u00abTutte le attivit\u00e0 collocate nei piccoli Comuni di montagna rischiano di veder svanire anche gli ultimi giorni utili per gli acquisti &#8211; aggiunge la presidente Scarzanella -. E questo \u00e8 un pericolo enorme, perch\u00e9 molti potrebbero essere costretti a chiudere, lasciando cos\u00ec sguarniti gli importanti presidi al territorio montano che le nostre imprese costituiscono. Se chiude un\u2019attivit\u00e0, l\u2019effetto a catena si ripercuote sulle famiglie e sui servizi<\/em>\u00bb. Da qui la richiesta, forte e chiara. \u00ab<em>Servono risorse adeguate per compensare l\u2019impatto dei blocchi natalizi &#8211; conclude la presidente Scarzanella -. E servono semplificazioni nell\u2019erogazione di ristori e indennizzi. La scorsa primavera avevamo chiesto di poter lavorare, che \u00e8 molto pi\u00f9 importante dei ristori per la tenuta economica. Ma visto che le possibilit\u00e0 di lavoro sono fortemente ridotte, non ci resta altro che avere la liquidit\u00e0 necessaria per andare avanti, magari con sgravi fiscali importanti per il 2021<\/em>\u00bb.<\/p>\n<p>&nbsp;<\/p>\n<hr \/>\n<p>&nbsp;<\/p>\n<p>&nbsp;<\/p>\n<blockquote>\n<h3><a href=\"https:\/\/www.radiopiu.net\/wordpress\/giornale-radiopiu-13-luglio-2018-direttore-mirko-mezzacasa\/dinca-festa-vitalizi\/\" rel=\"attachment wp-att-53845\"><img loading=\"lazy\" decoding=\"async\" class=\"wp-image-53845 alignleft\" src=\"https:\/\/www.radiopiu.net\/wordpress\/wp-content\/uploads\/2018\/07\/DInc\u00e0-festa-vitalizi-296x300.jpg\" alt=\"\" width=\"167\" height=\"169\" srcset=\"https:\/\/www.radiopiu.net\/wordpress\/wp-content\/uploads\/2018\/07\/DInc\u00e0-festa-vitalizi-296x300.jpg 296w, https:\/\/www.radiopiu.net\/wordpress\/wp-content\/uploads\/2018\/07\/DInc\u00e0-festa-vitalizi-768x778.jpg 768w, https:\/\/www.radiopiu.net\/wordpress\/wp-content\/uploads\/2018\/07\/DInc\u00e0-festa-vitalizi-1011x1024.jpg 1011w, https:\/\/www.radiopiu.net\/wordpress\/wp-content\/uploads\/2018\/07\/DInc\u00e0-festa-vitalizi.jpg 1264w\" sizes=\"auto, (max-width: 167px) 100vw, 167px\" \/><\/a>MANOVRA, D\u2019INCA\u2019: NEL 2021 100 MILIONI DI EURO PER IL FONDO ALLUVIONE<\/h3>\n<p><strong>LA DICHIARAZIONE DEL MINISTRO<\/strong><\/p><\/blockquote>\n<p><strong>ROMA<\/strong> <em>&#8220;E\u2019 stato accolto in manovra un importante emendamento a prima firma Tabacci, che ho fortemente sostenuto e che servir\u00e0 a far fronte ai danni causati dalle alluvioni che hanno colpito il nostro Paese nel 2019 e nel 2020. Grazie a questo emendamento sar\u00e0 istituito un fondo di 100 milioni di euro da trasferire al dipartimento della Protezione Civile che servir\u00e0 ad erogare risorse per coprire i danni delle alluvioni per le quali \u00e8 stato dichiarato lo stato di emergenza. Una risposta importante per i cittadini che si sono trovati a dover fronteggiare fenomeni gravi e ai quali il Governo \u00e8 vicino attraverso il lavoro continuo della Protezione Civile&#8221;.<\/em><\/p>\n<p>&nbsp;<\/p>\n<p>&nbsp;<\/p>\n<hr \/>\n<p>&nbsp;<\/p>\n<blockquote class=\"wp-embedded-content\" data-secret=\"Mj6plw9YXu\"><p><a href=\"https:\/\/www.radiopiu.net\/wordpress\/agg-dic20\/\">CORONAVIRUS: AGGIORNAMENTO NAZIONALE 20 DICEMBRE<\/a><\/p><\/blockquote>\n<p><iframe loading=\"lazy\" class=\"wp-embedded-content\" sandbox=\"allow-scripts\" security=\"restricted\" style=\"position: absolute; clip: rect(1px, 1px, 1px, 1px);\" title=\"&#8220;CORONAVIRUS: AGGIORNAMENTO NAZIONALE 20 DICEMBRE&#8221; &#8212; Radio Pi\u00f9\" src=\"https:\/\/www.radiopiu.net\/wordpress\/agg-dic20\/embed\/#?secret=Mj6plw9YXu\" data-secret=\"Mj6plw9YXu\" width=\"600\" height=\"338\" frameborder=\"0\" marginwidth=\"0\" marginheight=\"0\" scrolling=\"no\"><\/iframe><\/p>\n<p>&nbsp;<\/p>\n<hr \/>\n<p>&nbsp;<\/p>\n<blockquote class=\"wp-embedded-content\" data-secret=\"b3RFEhyd2K\"><p><a href=\"https:\/\/www.radiopiu.net\/wordpress\/in-veneto-sono-2268-i-nuovi-positivi-in-24-ore-53-decessi\/\">IN VENETO SONO 3368 I NUOVI POSITIVI IN 24 ORE. 53 DECESSI, RICOVERI IN AUMENTO. A BELLUNO 253 POSITIVI IN PIU&#8217; MA SITUAZIONE STABILE NEGLI OSPEDALI<\/a><\/p><\/blockquote>\n<p><iframe loading=\"lazy\" class=\"wp-embedded-content\" sandbox=\"allow-scripts\" security=\"restricted\" style=\"position: absolute; clip: rect(1px, 1px, 1px, 1px);\" title=\"&#8220;IN VENETO SONO 3368 I NUOVI POSITIVI IN 24 ORE. 53 DECESSI, RICOVERI IN AUMENTO. A BELLUNO 253 POSITIVI IN PIU&#8217; MA SITUAZIONE STABILE NEGLI OSPEDALI&#8221; &#8212; Radio Pi\u00f9\" src=\"https:\/\/www.radiopiu.net\/wordpress\/in-veneto-sono-2268-i-nuovi-positivi-in-24-ore-53-decessi\/embed\/#?secret=b3RFEhyd2K\" data-secret=\"b3RFEhyd2K\" width=\"600\" height=\"338\" frameborder=\"0\" marginwidth=\"0\" marginheight=\"0\" scrolling=\"no\"><\/iframe><\/p>\n<p>&nbsp;<\/p>\n<hr \/>\n<p>&nbsp;<\/p>\n<blockquote>\n<h3>I GRAFICI DI TIZIANO DE COL<\/h3>\n<\/blockquote>\n\n\t\t\t<style type='text\/css'>\n\t\t\t\t#gallery-1 {\n\t\t\t\t\tmargin: auto;\n\t\t\t\t}\n\t\t\t\t#gallery-1 .gallery-item {\n\t\t\t\t\tfloat: left;\n\t\t\t\t\tmargin-top: 10px;\n\t\t\t\t\ttext-align: center;\n\t\t\t\t\twidth: 33%;\n\t\t\t\t}\n\t\t\t\t#gallery-1 img {\n\t\t\t\t\tborder: 2px solid #cfcfcf;\n\t\t\t\t}\n\t\t\t\t#gallery-1 .gallery-caption {\n\t\t\t\t\tmargin-left: 0;\n\t\t\t\t}\n\t\t\t\t\/* see gallery_shortcode() in wp-includes\/media.php *\/\n\t\t\t<\/style>\n\t\t<div id='gallery-1' class='dt-gallery-container gallery galleryid-180675 gallery-columns-3 gallery-size-medium'><dl class='gallery-item'>\n\t\t\t\t<dt class='gallery-icon landscape'>\n\t\t\t\t\t<a class=\"rollover rollover-zoom dt-pswp-item\" title=\"3a601ce9-bf53-4106-af6d-65f2b275572a\" data-dt-img-description=\"\" data-large_image_width=\"596\" data-large_image_height=\"350\"href='https:\/\/www.radiopiu.net\/wordpress\/wp-content\/uploads\/2020\/12\/3a601ce9-bf53-4106-af6d-65f2b275572a.jpg'><img loading=\"lazy\" decoding=\"async\" width=\"300\" height=\"176\" src=\"https:\/\/www.radiopiu.net\/wordpress\/wp-content\/uploads\/2020\/12\/3a601ce9-bf53-4106-af6d-65f2b275572a-300x176.jpg\" class=\"attachment-medium size-medium\" alt=\"\" srcset=\"https:\/\/www.radiopiu.net\/wordpress\/wp-content\/uploads\/2020\/12\/3a601ce9-bf53-4106-af6d-65f2b275572a-300x176.jpg 300w, https:\/\/www.radiopiu.net\/wordpress\/wp-content\/uploads\/2020\/12\/3a601ce9-bf53-4106-af6d-65f2b275572a.jpg 596w\" sizes=\"auto, (max-width: 300px) 100vw, 300px\" \/><\/a>\n\t\t\t\t<\/dt><\/dl><dl class='gallery-item'>\n\t\t\t\t<dt class='gallery-icon landscape'>\n\t\t\t\t\t<a class=\"rollover rollover-zoom dt-pswp-item\" title=\"cc04bcec-bfba-49d0-a833-bd3096fad80d\" data-dt-img-description=\"\" data-large_image_width=\"600\" data-large_image_height=\"357\"href='https:\/\/www.radiopiu.net\/wordpress\/wp-content\/uploads\/2020\/12\/cc04bcec-bfba-49d0-a833-bd3096fad80d.jpg'><img loading=\"lazy\" decoding=\"async\" width=\"300\" height=\"179\" src=\"https:\/\/www.radiopiu.net\/wordpress\/wp-content\/uploads\/2020\/12\/cc04bcec-bfba-49d0-a833-bd3096fad80d-300x179.jpg\" class=\"attachment-medium size-medium\" alt=\"\" srcset=\"https:\/\/www.radiopiu.net\/wordpress\/wp-content\/uploads\/2020\/12\/cc04bcec-bfba-49d0-a833-bd3096fad80d-300x179.jpg 300w, https:\/\/www.radiopiu.net\/wordpress\/wp-content\/uploads\/2020\/12\/cc04bcec-bfba-49d0-a833-bd3096fad80d.jpg 600w\" sizes=\"auto, (max-width: 300px) 100vw, 300px\" \/><\/a>\n\t\t\t\t<\/dt><\/dl><dl class='gallery-item'>\n\t\t\t\t<dt class='gallery-icon landscape'>\n\t\t\t\t\t<a class=\"rollover rollover-zoom dt-pswp-item\" title=\"5bfbae5c-86b9-4952-9622-d88ae41bc0d1\" data-dt-img-description=\"\" data-large_image_width=\"590\" data-large_image_height=\"355\"href='https:\/\/www.radiopiu.net\/wordpress\/wp-content\/uploads\/2020\/12\/5bfbae5c-86b9-4952-9622-d88ae41bc0d1.jpg'><img loading=\"lazy\" decoding=\"async\" width=\"300\" height=\"181\" src=\"https:\/\/www.radiopiu.net\/wordpress\/wp-content\/uploads\/2020\/12\/5bfbae5c-86b9-4952-9622-d88ae41bc0d1-300x181.jpg\" class=\"attachment-medium size-medium\" alt=\"\" srcset=\"https:\/\/www.radiopiu.net\/wordpress\/wp-content\/uploads\/2020\/12\/5bfbae5c-86b9-4952-9622-d88ae41bc0d1-300x181.jpg 300w, https:\/\/www.radiopiu.net\/wordpress\/wp-content\/uploads\/2020\/12\/5bfbae5c-86b9-4952-9622-d88ae41bc0d1.jpg 590w\" sizes=\"auto, (max-width: 300px) 100vw, 300px\" \/><\/a>\n\t\t\t\t<\/dt><\/dl><br style=\"clear: both\" \/>\n\t\t\t<\/div>\n\n<p>&nbsp;<\/p>\n<p>&nbsp;<\/p>\n<hr \/>\n<p>&nbsp;<\/p>\n<blockquote>\n<h3>PROVINCIA E CONFINDUSTRIA BELLUNO DOLOMITI AVANTI INSIEME SUL PIANO EURAC<\/h3>\n<\/blockquote>\n<p><strong><a href=\"https:\/\/www.radiopiu.net\/wordpress\/elezioni-comunali-2019-alleghe\/alleghe-danilo-de-toni\/\" rel=\"attachment wp-att-86463\"><img loading=\"lazy\" decoding=\"async\" class=\"size-medium wp-image-86463 alignleft\" src=\"https:\/\/www.radiopiu.net\/wordpress\/wp-content\/uploads\/2019\/05\/ALLEGHE-DANILO-DE-TONI-257x300.jpeg\" alt=\"\" width=\"257\" height=\"300\" srcset=\"https:\/\/www.radiopiu.net\/wordpress\/wp-content\/uploads\/2019\/05\/ALLEGHE-DANILO-DE-TONI-257x300.jpeg 257w, https:\/\/www.radiopiu.net\/wordpress\/wp-content\/uploads\/2019\/05\/ALLEGHE-DANILO-DE-TONI-768x895.jpeg 768w, https:\/\/www.radiopiu.net\/wordpress\/wp-content\/uploads\/2019\/05\/ALLEGHE-DANILO-DE-TONI-879x1024.jpeg 879w, https:\/\/www.radiopiu.net\/wordpress\/wp-content\/uploads\/2019\/05\/ALLEGHE-DANILO-DE-TONI.jpeg 1373w\" sizes=\"auto, (max-width: 257px) 100vw, 257px\" \/><\/a>BELLUNO\u00a0<\/strong>Prosegue il percorso della Provincia nel Piano Eurac \u201cVivere le Dolomiti\u201d. La ricalibratura del lavoro conseguente all\u2019emergenza sanitaria guarda al completamento e potenziamento della programmazione a livello di promozione turistica, nella costruzione di un brand che in futuro possa evolversi in marketing territoriale a 360 gradi. Un obiettivo a lungo raggio che \u00e8 sposato in pieno da Confindustria Belluno Dolomiti e che punta a rendere il territorio bellunese attrattivo non solo per i turisti, ma anche per imprese, investimenti, lavoratori e nuovi residenti.\u00a0L\u2019idea, infatti, in fase di costruzione, \u00e8 quella di creare all\u2019interno delle future declinazioni del Piano Eurac anche un vero e proprio marketing territoriale, in modo da promuovere tutto quello che il Bellunese \u00e8: dalla manifattura e dal made in Belluno Dolomiti, fino alle possibilit\u00e0 di lavoro e crescita professionale. Il primo step per\u00f2 resta quello del potenziamento della promozione e dell\u2019offerta turistica, obiettivo per cui \u00e8 stato predisposto il programma \u201cVivere le Dolomiti\u201d.<\/p>\n<p><strong>IL CONSIGLIERE\u00a0 PROVINCIALE E SINDACO DI ALLEGHE\u00a0 DANILO DE TONI<\/strong><\/p>\n<audio class=\"wp-audio-shortcode\" id=\"audio-180675-2\" preload=\"none\" style=\"width: 100%;\" controls=\"controls\"><source type=\"audio\/mpeg\" src=\"https:\/\/www.radiopiu.net\/wordpress\/wp-content\/uploads\/2020\/12\/DE-TONI-PROVINCIA.mp3?_=2\" \/><a href=\"https:\/\/www.radiopiu.net\/wordpress\/wp-content\/uploads\/2020\/12\/DE-TONI-PROVINCIA.mp3\">https:\/\/www.radiopiu.net\/wordpress\/wp-content\/uploads\/2020\/12\/DE-TONI-PROVINCIA.mp3<\/a><\/audio>\n<p>&nbsp;<\/p>\n<hr \/>\n<p>&nbsp;<\/p>\n<blockquote>\n<h3>20 MILA EURO PER CHI ABITA IN MONTAGNA. EMENDAMENTO PD PER CONTRIBUTI ALLA PRIMA CASA: BOCCIATO DALLA LEGA<\/h3>\n<\/blockquote>\n<p><strong><a href=\"https:\/\/www.radiopiu.net\/wordpress\/giornale-radiopiu-del-29-novembre-2018-direttore-mirko-mezzacasa\/pd\/\" rel=\"attachment wp-att-67744\"><img loading=\"lazy\" decoding=\"async\" class=\"size-full wp-image-67744 alignleft\" src=\"https:\/\/www.radiopiu.net\/wordpress\/wp-content\/uploads\/2018\/11\/PD.png\" alt=\"\" width=\"226\" height=\"182\" \/><\/a>BELLUNO<\/strong> Il consiglio regionale ha bocciato un emendamento alla finanziaria 2021 per il sostegno all\u2019acquisto, al recupero e alla costruzione di abitazioni nei comuni montani. Il provvedimento avrebbe avuto un impatto minimo sul bilancio regionale, appena 4,5 milioni di euro, ma notevole per i nuclei famigliari con reddito inferiore a 75 mila euro che avrebbe potuto essere destinatari di contributi fino a 20 mila euro per la l\u2019acquisto o la ristrutturazione della prima casa. \u00ab<em>Avevamo sollecitato da tempo questo provvedimento\u00bb, spiega la segretaria provinciale del PD Monica Lotto, \u00absulla scorta di quanto fa l\u2019Emilia Romagna &#8211; il cui impegno a dire il vero \u00e8 di 30 milioni l\u2019anno per la prima casa delle famiglie. Ma anche riprendendo il sostegno ai nuclei famigliari che la stessa regione Veneto prevedeva prima dell\u2019avvento di Zaia<\/em>\u00bb. L\u2019emendamento \u00e8 stato presentato dal gruppo consiliare del PD in Consiglio regionale con la relatrice di minoranza Vanessa Camani che ha ricordato l\u2019urgenza di frenare il fenomeno dello spopolamento montano, un fenomeno \u00ab<em>riconosciuto ed evidente gi\u00e0 negli anni \u201980 ma, forse, non compreso fino in fondo nelle sue proporzioni, che colpiscono pi\u00f9 di tutte la Provincia di Belluno, unica provincia veneta interamente montana<\/em>\u00bb. Se nel 1981 la popolazione bellunese superava i 220 mila abitanti, nel 2017 era sotto la soglia delle 206 mila unit\u00e0 con appena 24 mila 600 giovani sotto i 15 anni, cio\u00e8 il 12 per cento. \u00ab<em>L\u2019attenzione alla montagna per noi \u00e8 fondamentale\u00bb, ricorda il capogruppo del PD in Consiglio, Giacomo Possamai, \u00abper ragioni storiche \u00e8 sempre stato il centrosinistra a tutelare la montagna in Veneto e in questo momento in particolare perch\u00e9 per la seconda legislatura non abbiamo alcun consigliere bellunese dell\u2019opposizione e quelli di maggioranza tengono la posizione della giunta, non certo quella dei bellunesi<\/em>\u00bb. \u00ab<em>Le aree montane e periferiche sono cruciali nella coesione territoriale dell\u2019intera regione\u00bb, conclude Lotto, \u00abanche perch\u00e9 se sta bene la montagna sta meglio la pianura. Con questo provvedimento si poteva cominciare. Invece la maggioranza ha perso l\u2019ennesima occasione per dimostrare un interesse verso il Bellunese<\/em>\u00bb.<\/p>\n<p>&nbsp;<\/p>\n<p>&nbsp;<\/p>\n<hr \/>\n<p>&nbsp;<\/p>\n<blockquote>\n<h3>A PONTE NELLE ALPI 10 COLONNINE PER LA RICARICA DELLE AUTO ELETTRICHE<\/h3>\n<\/blockquote>\n<p><strong><a href=\"https:\/\/www.radiopiu.net\/wordpress\/giornale-radiopiu-20-dicembre-2020-direttore-mirko-mezzacasa\/auto_elettriche\/\" rel=\"attachment wp-att-180595\"><img loading=\"lazy\" decoding=\"async\" class=\"size-medium wp-image-180595 alignleft\" src=\"https:\/\/www.radiopiu.net\/wordpress\/wp-content\/uploads\/2020\/12\/Auto_elettriche-300x189.jpg\" alt=\"\" width=\"300\" height=\"189\" srcset=\"https:\/\/www.radiopiu.net\/wordpress\/wp-content\/uploads\/2020\/12\/Auto_elettriche-300x189.jpg 300w, https:\/\/www.radiopiu.net\/wordpress\/wp-content\/uploads\/2020\/12\/Auto_elettriche-1024x644.jpg 1024w, https:\/\/www.radiopiu.net\/wordpress\/wp-content\/uploads\/2020\/12\/Auto_elettriche-768x483.jpg 768w, https:\/\/www.radiopiu.net\/wordpress\/wp-content\/uploads\/2020\/12\/Auto_elettriche.jpg 1117w\" sizes=\"auto, (max-width: 300px) 100vw, 300px\" \/><\/a>PONTE NELLE ALPI<\/strong> I<span style=\"color: #000000; font-family: Helvetica;\">l\u00a0Comune di Ponte nelle Alpi sposa la linea verde.\u00a0<\/span><span style=\"color: #000000; font-family: Helvetica;\">A questo proposito, in seguito a una convenzione stipulata con l\u2019operatore Be Charge, sono state installate dieci colonnine per la ricarica delle auto elettriche: due si trovano in viale Dolomiti, a pochi passi dal bar Simpaty, altre due a Cadola, quattro vicino al Famila Superstore e due accanto all\u2019Eurobrico.\u00a0<\/span><span style=\"color: #000000; font-family: Helvetica;\">Vero, le macchine elettriche non hanno ancora preso campo. Ma \u00e8 altrettanto vero che quello lanciato dal Comune \u00e8 un progetto che guarda al futuro. E un segnale in direzione di una maggior sensibilit\u00e0 rispetto ai temi ecologici: \u00ab<em>Si parla poco di auto elettriche &#8211; afferma l\u2019assessore comunale alle Politiche ambientali, Pierluigi Dal Borgo -; non a caso, il parco macchine \u00e8 piuttosto relativo. Il tema, per\u00f2, \u00e8 particolarmente importante e di stretta attualit\u00e0. Per questo, installando le colonnine di ricarica, puntiamo pure a incuriosire le persone, affinch\u00e9 percepiscano il problema dell\u2019inquinamento<\/em>\u00bb.\u00a0<\/span><span style=\"color: #000000; font-family: Helvetica;\">Un progetto concreto, quindi. E un segnale ben preciso: \u00ab<em>Il nostro vuole essere anche uno stimolo finalizzato a ripensare la mobilit\u00e0 &#8211; prosegue l\u2019assessore Dal Borgo &#8211; rendendola pi\u00f9 sostenibile e rispettosa delle immissioni nell\u2019ambiente. Oltre che in linea con il Green Deal, avanzato dalla Commissione europea<\/em>\u00bb.\u00a0<\/span><span style=\"color: #000000; font-family: Helvetica;\">Ovvero, quel pacchetto di proposte, progetti e iniziative orientato a trasformare l\u2019economia del Vecchio Continente: un\u2019economia che dovr\u00e0 essere pulita e circolare per far s\u00ec che entro il 2050 non vengano pi\u00f9 generate emissioni nette di gas a effetto serra. E si raggiunga il tanto auspicato \u201cimpatto climatico zero\u201d.<\/span><span style=\"color: #000000; font-family: Helvetica;\">Pari a zero sono pure i costi a carico del Comune per avere le otto colonnine sul proprio territorio. La tutela dell\u2019ambiente passa anche da qui. \u00ab<em>Un particolare ringraziamento &#8211; dichiara il sindaco Paolo Vendramini &#8211; va all\u2019assessorato all\u2019Ambiente e agli uffici comunali per il lavoro che stanno portando avanti e che colloca Ponte nelle Alpi tra i Comuni pi\u00f9 virtuosi e all\u2019avanguardia d\u2019Italia in ambito di politiche ambientali<\/em>\u00bb.\u00a0<\/span><\/p>\n<p>&nbsp;<\/p>\n<p>&nbsp;<\/p>\n<hr \/>\n<p>&nbsp;<\/p>\n<blockquote>\n<h3>DOLOMITICERT E CERTOTTICA PROTAGONISTE DEI PROGETTI VINTI DALLE RETI INNOVATIVE REGIONALI<\/h3>\n<\/blockquote>\n<p><strong><a href=\"https:\/\/www.radiopiu.net\/wordpress\/giornale-radiopiu-31-01-2018-direttore-mirko-mezzacasa\/da-certottica-2-corsi-specialistici-richiesti-dalle-aziende_platform_optic\/\" rel=\"attachment wp-att-42612\"><img loading=\"lazy\" decoding=\"async\" class=\"size-medium wp-image-42612 alignleft\" src=\"https:\/\/www.radiopiu.net\/wordpress\/wp-content\/uploads\/2018\/01\/da-certottica-2-corsi-specialistici-richiesti-dalle-aziende_Platform_Optic-300x174.jpg\" alt=\"\" width=\"300\" height=\"174\" srcset=\"https:\/\/www.radiopiu.net\/wordpress\/wp-content\/uploads\/2018\/01\/da-certottica-2-corsi-specialistici-richiesti-dalle-aziende_Platform_Optic-300x174.jpg 300w, https:\/\/www.radiopiu.net\/wordpress\/wp-content\/uploads\/2018\/01\/da-certottica-2-corsi-specialistici-richiesti-dalle-aziende_Platform_Optic-768x444.jpg 768w, https:\/\/www.radiopiu.net\/wordpress\/wp-content\/uploads\/2018\/01\/da-certottica-2-corsi-specialistici-richiesti-dalle-aziende_Platform_Optic.jpg 785w\" sizes=\"auto, (max-width: 300px) 100vw, 300px\" \/><\/a><\/strong><\/p>\n<p><strong>LONGARONE\u00a0<\/strong>Ancora soddisfazioni per Dolomiticert e Certottica nel campo della ricerca: gli istituti di Longarone sono protagonisti del miglior progetto presentato nel bando che la Regione del Veneto ha dedicato alle Reti Innovative e ai Distretti Industriali e Dolomiticert \u00e8 parte attiva anche del quarto classificato nella graduatoria da poco pubblicata. \u201c<em>E\u2019 un\u2019immensa soddisfazione per noi \u2013 ha commentato Luigino Boito, a capo delle due realt\u00e0 \u2013 che attesta ancora una volta le capacit\u00e0 del team che ringrazio per il bel regalo di Natale&#8221;<\/em>, L\u2019obiettivo generale del progetto \u2013 con un impegno di spesa pari a 3 milioni di euro &#8211; \u00e8 la valorizzazione dei rifiuti provenienti dall\u2019uso di dispositivi di protezione individuale, anche sanitari. L\u2019Istituto di Longarone sar\u00e0 protagonista delle analisi dei materiali individuati dal progetto per la produzione delle mascherine per un importo di circa 100.000 euro.<\/p>\n<p>&nbsp;<\/p>\n<p>&nbsp;<\/p>\n<hr \/>\n<p>&nbsp;<\/p>\n<blockquote>\n<h3>LA PRO LOCO DI CAVIOLA E IL MERCATINO VIRTUALE<\/h3>\n<\/blockquote>\n<p><strong><a href=\"https:\/\/www.radiopiu.net\/wordpress\/la-pro-loco-di-caviola-e-il-mercatino-virtuale\/biscotti-natale-2\/\" rel=\"attachment wp-att-180720\"><img loading=\"lazy\" decoding=\"async\" class=\"size-medium wp-image-180720 alignleft\" src=\"https:\/\/www.radiopiu.net\/wordpress\/wp-content\/uploads\/2020\/12\/BISCOTTI-NATALE-1-300x179.jpg\" alt=\"\" width=\"300\" height=\"179\" srcset=\"https:\/\/www.radiopiu.net\/wordpress\/wp-content\/uploads\/2020\/12\/BISCOTTI-NATALE-1-300x179.jpg 300w, https:\/\/www.radiopiu.net\/wordpress\/wp-content\/uploads\/2020\/12\/BISCOTTI-NATALE-1-1024x611.jpg 1024w, https:\/\/www.radiopiu.net\/wordpress\/wp-content\/uploads\/2020\/12\/BISCOTTI-NATALE-1-768x458.jpg 768w, https:\/\/www.radiopiu.net\/wordpress\/wp-content\/uploads\/2020\/12\/BISCOTTI-NATALE-1-1536x916.jpg 1536w, https:\/\/www.radiopiu.net\/wordpress\/wp-content\/uploads\/2020\/12\/BISCOTTI-NATALE-1.jpg 1920w\" sizes=\"auto, (max-width: 300px) 100vw, 300px\" \/><\/a>FALCADE<\/strong><\/p>\n<p>di Gianni Santomaso<\/p>\n<audio class=\"wp-audio-shortcode\" id=\"audio-180675-3\" preload=\"none\" style=\"width: 100%;\" controls=\"controls\"><source type=\"audio\/mpeg\" src=\"https:\/\/www.radiopiu.net\/wordpress\/wp-content\/uploads\/2020\/12\/GIANNI-MERCATINO-VIRTUALE-PRO-LOCO-CAVIOLA.mp3?_=3\" \/><a href=\"https:\/\/www.radiopiu.net\/wordpress\/wp-content\/uploads\/2020\/12\/GIANNI-MERCATINO-VIRTUALE-PRO-LOCO-CAVIOLA.mp3\">https:\/\/www.radiopiu.net\/wordpress\/wp-content\/uploads\/2020\/12\/GIANNI-MERCATINO-VIRTUALE-PRO-LOCO-CAVIOLA.mp3<\/a><\/audio>\n<p>&nbsp;<\/p>\n<hr \/>\n<p>&nbsp;<\/p>\n<blockquote>\n<h3>CONSEGNATO IL RICAVATO DEL GIRO DEL LAGO DI SANTA CROCE 2020<\/h3>\n<\/blockquote>\n<p><b><a href=\"https:\/\/www.radiopiu.net\/wordpress\/giornale-radiopiu-20-dicembre-2020-direttore-mirko-mezzacasa\/consegna-giro-lago-cucchini-dic-2020\/\" rel=\"attachment wp-att-180587\"><img loading=\"lazy\" decoding=\"async\" class=\"size-medium wp-image-180587 alignleft\" src=\"https:\/\/www.radiopiu.net\/wordpress\/wp-content\/uploads\/2020\/12\/consegna-giro-lago-cucchini-dic-2020-300x200.jpeg\" alt=\"\" width=\"300\" height=\"200\" srcset=\"https:\/\/www.radiopiu.net\/wordpress\/wp-content\/uploads\/2020\/12\/consegna-giro-lago-cucchini-dic-2020-300x200.jpeg 300w, https:\/\/www.radiopiu.net\/wordpress\/wp-content\/uploads\/2020\/12\/consegna-giro-lago-cucchini-dic-2020-1024x682.jpeg 1024w, https:\/\/www.radiopiu.net\/wordpress\/wp-content\/uploads\/2020\/12\/consegna-giro-lago-cucchini-dic-2020-768x512.jpeg 768w, https:\/\/www.radiopiu.net\/wordpress\/wp-content\/uploads\/2020\/12\/consegna-giro-lago-cucchini-dic-2020-1536x1024.jpeg 1536w, https:\/\/www.radiopiu.net\/wordpress\/wp-content\/uploads\/2020\/12\/consegna-giro-lago-cucchini-dic-2020.jpeg 1598w\" sizes=\"auto, (max-width: 300px) 100vw, 300px\" \/><\/a>ALPAGO\u00a0<\/b>Il Giro del Lago 2020 si \u00e8 concluso ufficialmente nei giorni scorsi con la consegna del ricavato dell\u2019edizione di quest\u2019anno, un\u2019edizione speciale che non ha visto pedalare e correre le persone ma che ha visto ugualmente una raccolta fondi a favore delle due realt\u00e0 che supporta da tempo, vale a dire la pordenonese \u201cVia di Natale\u201d e la Cucchini di Belluno, due realt\u00e0 che sono un punto di riferimento nell\u2019assistenza ai malati oncologici e ai loro familiari. Sono stati 1.515 i \u201cconcorrenti\u201d che hanno voluto partecipare, permettendo al comitato di raccogliere 10.605 euro. Ad ognuna delle due associazioni \u00e8 andata la somma di 5.302,5 euro.\u00a0\u00ab<em>Nonostante le tante difficolt\u00e0 di questo 2020 caratterizzato dall\u2019emergenza sanitaria legata al Covid-19, siamo riusciti ugualmente a offrire un sostegno a due associazioni, come la Via di Natale e la Cucchini, che vivono esclusivamente di donazioni\u00bb ha sottolineato Soccal. \u00abLa loro opera, quotidiana e instancabile, \u00e8 fondamentale per il nostro territorio. Vogliamo continuare a essere al loro fianco, superando insieme questo difficile momento. Ci siamo gi\u00e0 \u00a0messi al lavoro per l\u2019edizione 2021, in programma per domenica 22 agosto, con l\u2019auspicio che si possa vivere in presenza, come \u00e8 stato per venticinque anni<\/em>\u00bb.<\/p>\n<p>&nbsp;<\/p>\n<p>&nbsp;<\/p>\n<hr \/>\n<p>&nbsp;<\/p>\n<p>&nbsp;<\/p>\n<div class=\"im_history_message_wrap im_grouped\">\n<div class=\"im_message_outer_wrap hasselect\" data-msg-id=\"16198\">\n<div class=\"im_message_wrap clearfix\">\n<div class=\"im_content_message_wrap im_message_in\">\n<div class=\"im_message_body\">\n<blockquote>\n<h3 dir=\"auto\">BELLUNO DIVENTA CITTASLOW<\/h3>\n<\/blockquote>\n<p><strong>BELLUNO<\/strong><\/p>\n<p>di Moreno Gioli<\/p>\n<audio class=\"wp-audio-shortcode\" id=\"audio-180675-4\" preload=\"none\" style=\"width: 100%;\" controls=\"controls\"><source type=\"audio\/mpeg\" src=\"https:\/\/www.radiopiu.net\/wordpress\/wp-content\/uploads\/2020\/12\/GIOLI-BELLUNO-CITTASLOW.mp3?_=4\" \/><a href=\"https:\/\/www.radiopiu.net\/wordpress\/wp-content\/uploads\/2020\/12\/GIOLI-BELLUNO-CITTASLOW.mp3\">https:\/\/www.radiopiu.net\/wordpress\/wp-content\/uploads\/2020\/12\/GIOLI-BELLUNO-CITTASLOW.mp3<\/a><\/audio>\n<p>&nbsp;<\/p>\n<p><b>YUKI D&#8217;EMILIA, ASSESSORE AL TURISMO DEL COMUNE DI BELLUNO<\/b><\/p>\n<audio class=\"wp-audio-shortcode\" id=\"audio-180675-5\" preload=\"none\" style=\"width: 100%;\" controls=\"controls\"><source type=\"audio\/mpeg\" src=\"https:\/\/www.radiopiu.net\/wordpress\/wp-content\/uploads\/2020\/12\/dEmilia-Belluno-Cittaslow.mp3?_=5\" \/><a href=\"https:\/\/www.radiopiu.net\/wordpress\/wp-content\/uploads\/2020\/12\/dEmilia-Belluno-Cittaslow.mp3\">https:\/\/www.radiopiu.net\/wordpress\/wp-content\/uploads\/2020\/12\/dEmilia-Belluno-Cittaslow.mp3<\/a><\/audio>\n<p>&nbsp;<\/p>\n<p><b>MAURO MIGLIORINI, SINDACO DI ASOLO E PRESIDENTE DELLA ASSOCIAZIONE<\/b><\/p>\n<audio class=\"wp-audio-shortcode\" id=\"audio-180675-6\" preload=\"none\" style=\"width: 100%;\" controls=\"controls\"><source type=\"audio\/mpeg\" src=\"https:\/\/www.radiopiu.net\/wordpress\/wp-content\/uploads\/2020\/12\/Mauro-Migliorini-Belluno-Cittaslow.mp3?_=6\" \/><a href=\"https:\/\/www.radiopiu.net\/wordpress\/wp-content\/uploads\/2020\/12\/Mauro-Migliorini-Belluno-Cittaslow.mp3\">https:\/\/www.radiopiu.net\/wordpress\/wp-content\/uploads\/2020\/12\/Mauro-Migliorini-Belluno-Cittaslow.mp3<\/a><\/audio>\n<p>&nbsp;<\/p>\n<p><strong>LA FOTOGALLERY DELLA GIORNATA<\/strong><\/p>\n\n\t\t\t<style type='text\/css'>\n\t\t\t\t#gallery-2 {\n\t\t\t\t\tmargin: auto;\n\t\t\t\t}\n\t\t\t\t#gallery-2 .gallery-item {\n\t\t\t\t\tfloat: left;\n\t\t\t\t\tmargin-top: 10px;\n\t\t\t\t\ttext-align: center;\n\t\t\t\t\twidth: 50%;\n\t\t\t\t}\n\t\t\t\t#gallery-2 img {\n\t\t\t\t\tborder: 2px solid #cfcfcf;\n\t\t\t\t}\n\t\t\t\t#gallery-2 .gallery-caption {\n\t\t\t\t\tmargin-left: 0;\n\t\t\t\t}\n\t\t\t\t\/* see gallery_shortcode() in wp-includes\/media.php *\/\n\t\t\t<\/style>\n\t\t<div id='gallery-2' class='dt-gallery-container gallery galleryid-180675 gallery-columns-2 gallery-size-medium'><dl class='gallery-item'>\n\t\t\t\t<dt class='gallery-icon landscape'>\n\t\t\t\t\t<a class=\"rollover rollover-zoom dt-pswp-item\" title=\"Conferenza (4)\" data-dt-img-description=\"\" data-large_image_width=\"2560\" data-large_image_height=\"1707\"href='https:\/\/www.radiopiu.net\/wordpress\/wp-content\/uploads\/2020\/12\/Conferenza-4-scaled.jpg'><img loading=\"lazy\" decoding=\"async\" width=\"300\" height=\"200\" src=\"https:\/\/www.radiopiu.net\/wordpress\/wp-content\/uploads\/2020\/12\/Conferenza-4-300x200.jpg\" class=\"attachment-medium size-medium\" alt=\"\" srcset=\"https:\/\/www.radiopiu.net\/wordpress\/wp-content\/uploads\/2020\/12\/Conferenza-4-300x200.jpg 300w, https:\/\/www.radiopiu.net\/wordpress\/wp-content\/uploads\/2020\/12\/Conferenza-4-1024x683.jpg 1024w, https:\/\/www.radiopiu.net\/wordpress\/wp-content\/uploads\/2020\/12\/Conferenza-4-768x512.jpg 768w, https:\/\/www.radiopiu.net\/wordpress\/wp-content\/uploads\/2020\/12\/Conferenza-4-1536x1024.jpg 1536w, https:\/\/www.radiopiu.net\/wordpress\/wp-content\/uploads\/2020\/12\/Conferenza-4-2048x1365.jpg 2048w\" sizes=\"auto, (max-width: 300px) 100vw, 300px\" \/><\/a>\n\t\t\t\t<\/dt><\/dl><dl class='gallery-item'>\n\t\t\t\t<dt class='gallery-icon landscape'>\n\t\t\t\t\t<a class=\"rollover rollover-zoom dt-pswp-item\" title=\"Consegna attestato (2)\" data-dt-img-description=\"\" data-large_image_width=\"2560\" data-large_image_height=\"1707\"href='https:\/\/www.radiopiu.net\/wordpress\/wp-content\/uploads\/2020\/12\/Consegna-attestato-2-scaled.jpg'><img loading=\"lazy\" decoding=\"async\" width=\"300\" height=\"200\" src=\"https:\/\/www.radiopiu.net\/wordpress\/wp-content\/uploads\/2020\/12\/Consegna-attestato-2-300x200.jpg\" class=\"attachment-medium size-medium\" alt=\"\" srcset=\"https:\/\/www.radiopiu.net\/wordpress\/wp-content\/uploads\/2020\/12\/Consegna-attestato-2-300x200.jpg 300w, https:\/\/www.radiopiu.net\/wordpress\/wp-content\/uploads\/2020\/12\/Consegna-attestato-2-1024x683.jpg 1024w, https:\/\/www.radiopiu.net\/wordpress\/wp-content\/uploads\/2020\/12\/Consegna-attestato-2-768x512.jpg 768w, https:\/\/www.radiopiu.net\/wordpress\/wp-content\/uploads\/2020\/12\/Consegna-attestato-2-1536x1024.jpg 1536w, https:\/\/www.radiopiu.net\/wordpress\/wp-content\/uploads\/2020\/12\/Consegna-attestato-2-2048x1365.jpg 2048w\" sizes=\"auto, (max-width: 300px) 100vw, 300px\" \/><\/a>\n\t\t\t\t<\/dt><\/dl><br style=\"clear: both\" \/><dl class='gallery-item'>\n\t\t\t\t<dt class='gallery-icon landscape'>\n\t\t\t\t\t<a class=\"rollover rollover-zoom dt-pswp-item\" title=\"Foto di gruppo - Massaro -Migliorini - d&#039;Emilia - Oliveti (1)\" data-dt-img-description=\"\" data-large_image_width=\"2560\" data-large_image_height=\"1707\"href='https:\/\/www.radiopiu.net\/wordpress\/wp-content\/uploads\/2020\/12\/Foto-di-gruppo-Massaro-Migliorini-dEmilia-Oliveti-1-scaled.jpg'><img loading=\"lazy\" decoding=\"async\" width=\"300\" height=\"200\" src=\"https:\/\/www.radiopiu.net\/wordpress\/wp-content\/uploads\/2020\/12\/Foto-di-gruppo-Massaro-Migliorini-dEmilia-Oliveti-1-300x200.jpg\" class=\"attachment-medium size-medium\" alt=\"\" srcset=\"https:\/\/www.radiopiu.net\/wordpress\/wp-content\/uploads\/2020\/12\/Foto-di-gruppo-Massaro-Migliorini-dEmilia-Oliveti-1-300x200.jpg 300w, https:\/\/www.radiopiu.net\/wordpress\/wp-content\/uploads\/2020\/12\/Foto-di-gruppo-Massaro-Migliorini-dEmilia-Oliveti-1-1024x683.jpg 1024w, https:\/\/www.radiopiu.net\/wordpress\/wp-content\/uploads\/2020\/12\/Foto-di-gruppo-Massaro-Migliorini-dEmilia-Oliveti-1-768x512.jpg 768w, https:\/\/www.radiopiu.net\/wordpress\/wp-content\/uploads\/2020\/12\/Foto-di-gruppo-Massaro-Migliorini-dEmilia-Oliveti-1-1536x1024.jpg 1536w, https:\/\/www.radiopiu.net\/wordpress\/wp-content\/uploads\/2020\/12\/Foto-di-gruppo-Massaro-Migliorini-dEmilia-Oliveti-1-2048x1365.jpg 2048w\" sizes=\"auto, (max-width: 300px) 100vw, 300px\" \/><\/a>\n\t\t\t\t<\/dt><\/dl><dl class='gallery-item'>\n\t\t\t\t<dt class='gallery-icon landscape'>\n\t\t\t\t\t<a class=\"rollover rollover-zoom dt-pswp-item\" title=\"Foto di gruppo bandiera e attesato (1)\" data-dt-img-description=\"\" data-large_image_width=\"2560\" data-large_image_height=\"1707\"href='https:\/\/www.radiopiu.net\/wordpress\/wp-content\/uploads\/2020\/12\/Foto-di-gruppo-bandiera-e-attesato-1-scaled.jpg'><img loading=\"lazy\" decoding=\"async\" width=\"300\" height=\"200\" src=\"https:\/\/www.radiopiu.net\/wordpress\/wp-content\/uploads\/2020\/12\/Foto-di-gruppo-bandiera-e-attesato-1-300x200.jpg\" class=\"attachment-medium size-medium\" alt=\"\" srcset=\"https:\/\/www.radiopiu.net\/wordpress\/wp-content\/uploads\/2020\/12\/Foto-di-gruppo-bandiera-e-attesato-1-300x200.jpg 300w, https:\/\/www.radiopiu.net\/wordpress\/wp-content\/uploads\/2020\/12\/Foto-di-gruppo-bandiera-e-attesato-1-1024x683.jpg 1024w, https:\/\/www.radiopiu.net\/wordpress\/wp-content\/uploads\/2020\/12\/Foto-di-gruppo-bandiera-e-attesato-1-768x512.jpg 768w, https:\/\/www.radiopiu.net\/wordpress\/wp-content\/uploads\/2020\/12\/Foto-di-gruppo-bandiera-e-attesato-1-1536x1024.jpg 1536w, https:\/\/www.radiopiu.net\/wordpress\/wp-content\/uploads\/2020\/12\/Foto-di-gruppo-bandiera-e-attesato-1-2048x1365.jpg 2048w\" sizes=\"auto, (max-width: 300px) 100vw, 300px\" \/><\/a>\n\t\t\t\t<\/dt><\/dl><br style=\"clear: both\" \/>\n\t\t\t<\/div>\n\n<p>&nbsp;<\/p>\n<p>&nbsp;<\/p>\n<\/div>\n<\/div>\n<\/div>\n<\/div>\n<\/div>\n<p>&nbsp;<\/p>\n<hr \/>\n<blockquote>\n<h3><\/h3>\n<h3>DOPO LA RADIO&#8230; I COMMERCIANTI DI AGORDO. LE INTERVISTE DI AD AGORDO PROLOCO CON FEDERICA BEN E DANIELE GALLIGANI. OSPITI: FRANCESCA (CONTRY STORE), DANIELE (SPORT AGORDO) EVA (RISTORANTE DA CARLA)<\/h3>\n<\/blockquote>\n<p>https:\/\/www.facebook.com\/AdAgordoProloco\/videos\/736937380250705<\/p>\n<p>&nbsp;<\/p>\n<p>&nbsp;<\/p>\n<hr \/>\n<p>&nbsp;<\/p>\n<blockquote>\n<h2>SCULTURE NEL GHIACCIO E NEVE A FALCADE con SILVANO SAVIO<\/h2>\n<\/blockquote>\n<p><strong>FALCADE<\/strong> Artisti all&#8217;opera a Falcade, nuovo evento per Falcade, su questa pagina l&#8217;aggiornamento con a collaborazione di Silvano Savio&#8230; buon ascolto e visione<\/p>\n<p>&nbsp;<\/p>\n<p><strong>VIDEO 1<\/strong><\/p>\n<div style=\"width: 640px;\" class=\"wp-video\"><video class=\"wp-video-shortcode\" id=\"video-180675-1\" width=\"640\" height=\"352\" preload=\"metadata\" controls=\"controls\"><source type=\"video\/mp4\" src=\"https:\/\/www.radiopiu.net\/wordpress\/wp-content\/uploads\/2020\/12\/WhatsApp-Video-2020-12-19-at-10.40.42.mp4?_=1\" \/><a href=\"https:\/\/www.radiopiu.net\/wordpress\/wp-content\/uploads\/2020\/12\/WhatsApp-Video-2020-12-19-at-10.40.42.mp4\">https:\/\/www.radiopiu.net\/wordpress\/wp-content\/uploads\/2020\/12\/WhatsApp-Video-2020-12-19-at-10.40.42.mp4<\/a><\/video><\/div>\n<p><span style=\"color: #ff0000;\">SEGUICI SUL SITO WWW.RADIOPIU.NET, PAGINA IN AGGIORNAENTO CONTINUO, DA OGGI.<\/span><\/p>\n<p>&nbsp;<\/p>\n<p>&nbsp;<\/p>\n<p>&nbsp;<\/p>\n<p>&nbsp;<\/p>\n<hr \/>\n<p>&nbsp;<\/p>\n<blockquote>\n<h3>AI SINDACI, AI COMMISSARI L&#8217;AUGURIO DI DON FABIANO DEL FAVERO<\/h3>\n<\/blockquote>\n<p class=\"default-style\"><em><strong>Carissimi Sindaci,<\/strong><\/em><\/p>\n<p class=\"default-style\"><em><strong>Carissimi Commissari di Voltago e Selva,<\/strong><\/em><\/p>\n<p class=\"default-style\"><a href=\"https:\/\/www.radiopiu.net\/wordpress\/la-domenica-delle-palme-di-don-fabiano\/don-fabiano-7\/\" rel=\"attachment wp-att-127650\"><img loading=\"lazy\" decoding=\"async\" class=\"size-full wp-image-127650 alignleft\" src=\"https:\/\/www.radiopiu.net\/wordpress\/wp-content\/uploads\/2020\/04\/DON-FABIANO.jpg\" alt=\"\" width=\"231\" height=\"130\" \/><\/a>con queste semplici righe, quale volto della Chiesa che vive ed opera nelle nostre vallate agordine e Fodom, mi permetto anche quest&#8217;anno di raggiungere Voi e le Amministrazioni da Voi presiedute. Il singolare tempo che stiamo vivendo, mette certamente a dura prova il servizio al bene comune; seppur nel rispetto del diverso andare verso la nostra gente, spesso immagino condividiamo la fatica nell&#8217;essere punti di riferimento e di guida, talvolta destinatari di critiche e chiacchiere che non favoriscono un clima sereno e di progettazione. I recenti eventi atmosferici, ancora una volta ci hanno messi alla prova&#8230;direi che ho avuto modo di constatarlo in prima persona. Credo fermamente nel tanto bene che ci circonda e che affiora, segno di un&#8217;umanit\u00e0 \u00e8 capace di bellezza autentica, nonostante talvolta dia un po&#8217; da pensare. A fine maggio di quest&#8217;anno, le comunit\u00e0 di Colle e Selva hanno dovuto affrontare anche la morte improvvisa e sofferta del loro pastore don Gabriele Bernardi: sono ancora una volta loro vicino. Il dialogo fra Voi amministratori e noi preti sul territorio penso sia un valore aggiunto per tutti. <em>A Voi, quindi, ai Vostri collaboratori tutti, con uno sguardo alle famiglie dei Vostri comuni che stanno vivendo un momento di fatica e sofferenza, desidero manifestare il pi\u00f9 sincero augurio di Buon Natale, assicurandovi la piena disponibilit\u00e0 allo scambio ed al confronto, in virt\u00f9 anche del servizio prestato.<\/em><\/p>\n<p class=\"default-style\"><strong>don Fabiano Del Favero<\/strong><\/p>\n<p class=\"default-style\"><strong>vicario foraneo per l&#8217;Agordino e Livinallongo<\/strong><\/p>\n<p><span style=\"color: #ff0000;\">ALLA RADIO<\/span><\/p>\n<audio class=\"wp-audio-shortcode\" id=\"audio-180675-7\" preload=\"none\" style=\"width: 100%;\" controls=\"controls\"><source type=\"audio\/mpeg\" src=\"https:\/\/www.radiopiu.net\/wordpress\/wp-content\/uploads\/2020\/12\/FABIANO.mp3?_=7\" \/><a href=\"https:\/\/www.radiopiu.net\/wordpress\/wp-content\/uploads\/2020\/12\/FABIANO.mp3\">https:\/\/www.radiopiu.net\/wordpress\/wp-content\/uploads\/2020\/12\/FABIANO.mp3<\/a><\/audio>\n<p>&nbsp;<\/p>\n<hr \/>\n<h3><\/h3>\n<div class=\"page-title-head hgroup\">\n<blockquote>\n<h1 class=\"entry-title\">PMI: IL 2021 DEVE ESSERE \u201cTAX FREE\u201d<\/h1>\n<\/blockquote>\n<\/div>\n<div class=\"page-title-breadcrumbs\"><\/div>\n<div>\n<p><a class=\"dt-pswp-item\" href=\"https:\/\/www.radiopiu.net\/wordpress\/wp-content\/uploads\/2020\/12\/Schermata-2020-12-19-alle-11.15.01.png\" data-dt-img-description=\"\" data-large_image_width=\"862\" data-large_image_height=\"634\"><img loading=\"lazy\" decoding=\"async\" class=\"alignleft size-medium wp-image-180556\" src=\"https:\/\/www.radiopiu.net\/wordpress\/wp-content\/uploads\/2020\/12\/Schermata-2020-12-19-alle-11.15.01-300x221.png\" alt=\"\" width=\"300\" height=\"221\" srcset=\"https:\/\/www.radiopiu.net\/wordpress\/wp-content\/uploads\/2020\/12\/Schermata-2020-12-19-alle-11.15.01-300x221.png 300w, https:\/\/www.radiopiu.net\/wordpress\/wp-content\/uploads\/2020\/12\/Schermata-2020-12-19-alle-11.15.01-768x565.png 768w, https:\/\/www.radiopiu.net\/wordpress\/wp-content\/uploads\/2020\/12\/Schermata-2020-12-19-alle-11.15.01.png 862w\" sizes=\"auto, (max-width: 300px) 100vw, 300px\" \/><\/a>A chiederlo nuovamente \u00e8 la CGIA: per le Pmi il 2021 deve essere \u201ctax free\u201d, l\u2019unica possibilit\u00e0 per consentire a queste attivit\u00e0, sfiancate dagli effetti economici negativi legati alla pandemia, di prendere fiato e riprogrammare la ripresa. Dichiara il coordinatore dell\u2019Ufficio studi Paolo Zabeo:<\/p>\n<p>\u201cEscludendo le imposte locali, il tax free year italiano costerebbe alle casse dello Stato fino a 28 miliardi di euro. Una cifra spaventosa che, ovviamente, potrebbe essere ridotta consentendo l\u2019azzeramento del peso fiscale solo per le attivit\u00e0 con ricavi al di sotto di una certa soglia o sulla base della perdita di fatturato. Anche se il mancato gettito fosse di 28 miliardi di euro, tale importo risulterebbe comunque inferiore agli aiuti erogati direttamente quest\u2019anno al sistema produttivo e che fino ad ora ammontano a circa 30 miliardi. Con il tax free, i piccoli imprenditori sarebbero alleggeriti dal peso di un fisco spesso ingiusto, per un anno vivrebbero con meno ansia, meno stress, pi\u00f9 serenit\u00e0 e fiducia. Non solo, ma con 28 miliardi risparmiati metteremmo le basi per far ripartire l\u2019economia del Paese\u201d.<\/p>\n<p><strong>La CGIA fa notare che mai come in questo momento avremmo la necessit\u00e0 di azzerare le imposte per l\u2019 anno venturo.<\/strong><\/p>\n<p>\u201cSolo con un 2021 tax free e una forte iniezione di liquidit\u00e0 \u2013 dichiara il segretario Renato Mason &#8211; possiamo aiutare concretamente il nostro tessuto imprenditoriale e soprattutto il mondo delle micro e piccole imprese. Altrimenti, rischiamo una moria senza precedenti che desertificher\u00e0 tantissime zone produttive e altrettanti centri storici sia di piccole che di grandi citt\u00e0, minando la coesione sociale che \u00e8 il pilastro su cui si basa l\u2019economia del nostro Paese. Per evitare tutto questo, per\u00f2, bisogna intervenire rapidamente. Tanti artigiani e piccoli commercianti sono allo stremo, ma possono ancora risollevarsi se l\u2019Esecutivo sar\u00e0 in grado di dare loro delle risposte in tempi ragionevolmente brevi. Ovvero, consentendogli di cancellare le imposte erariali, di avere una burocrazia meno oppressiva e di disporre di risorse finanziarie sufficienti per superare questa situazione di grave difficolt\u00e0\u201d.<\/p>\n<p>In termini di gettito, l\u2019Ufficio studi della CGIA stima che all\u2019erario verrebbero a mancare 28,3 miliardi di euro cos\u00ec suddivisi: 22,7 miliardi di Irpef; 4,2 miliardi di Ires; 779 milioni di imposta sostitutiva versata dalle partite Iva che hanno aderito al regime forfettario e 500 milioni di euro circa di Imu sui capannoni (cat. D) (vedi Tab. 1).<\/p>\n<p>In base alla proposta della CGIA, le attivit\u00e0 con meno di 1 milione di euro di fatturato non pagherebbero pi\u00f9 le imposte erariali, pur continuando a pagare quelle locali per non mettere in ulteriore difficolt\u00e0 i Comuni e le Regioni. Questi ultimi, pertanto, continuerebbero a incassare le loro spettanze che ammonterebbero a 3 miliardi di Irap; 2,5 miliardi di Imu; 1,6 miliardi di addizionale regionale Irpef e 610 milioni di euro di addizionale comunale Irpef. Nel complesso, quindi, le Pmi con meno di 1 milione di fatturato l\u2019anno prossimo verrebbero cos\u00ec a versare alle Autonomie locali 7,7 miliardi di euro.<\/p>\n<p><strong><a class=\"dt-pswp-item\" href=\"https:\/\/www.radiopiu.net\/wordpress\/wp-content\/uploads\/2020\/12\/Schermata-2020-12-19-alle-11.15.31.png\" data-dt-img-description=\"\" data-large_image_width=\"1234\" data-large_image_height=\"1014\"><img loading=\"lazy\" decoding=\"async\" class=\"alignleft size-medium wp-image-180559\" src=\"https:\/\/www.radiopiu.net\/wordpress\/wp-content\/uploads\/2020\/12\/Schermata-2020-12-19-alle-11.15.31-300x247.png\" alt=\"\" width=\"300\" height=\"247\" srcset=\"https:\/\/www.radiopiu.net\/wordpress\/wp-content\/uploads\/2020\/12\/Schermata-2020-12-19-alle-11.15.31-300x247.png 300w, https:\/\/www.radiopiu.net\/wordpress\/wp-content\/uploads\/2020\/12\/Schermata-2020-12-19-alle-11.15.31-1024x841.png 1024w, https:\/\/www.radiopiu.net\/wordpress\/wp-content\/uploads\/2020\/12\/Schermata-2020-12-19-alle-11.15.31-768x631.png 768w, https:\/\/www.radiopiu.net\/wordpress\/wp-content\/uploads\/2020\/12\/Schermata-2020-12-19-alle-11.15.31.png 1234w\" sizes=\"auto, (max-width: 300px) 100vw, 300px\" \/><\/a>Bisogna semplificare anche il fisco<\/strong><br \/>\nOltre ad azzerare le imposte erariali per il 2021, la CGIA invita l\u2019Esecutivo a semplificare il sistema fiscale per le nostre Pmi. Come auspicato nei mesi scorsi anche dai vertici dell\u2019Agenzia delle Entrate, sarebbe necessario eliminare l\u2019attuale sistema degli acconti e dei saldi, consentendo alle aziende di pagare le tasse solo su quanto hanno effettivamente incassato. Un\u2019operazione trasparenza che segnerebbe il passaggio da un prelievo sugli incassi presunti a uno sugli incassi effettivi, eliminando non solo il sistema del saldo e acconto, ma pure la formazione di crediti fiscali e la conseguente attesa, da parte delle aziende, dei rimborsi.<br \/>\nIl contorto meccanismo del saldo\/acconto<br \/>\nIn Italia il principio di base \u00e8 che l\u2019artigiano o il piccolo commerciante non paga le tasse solo su ci\u00f2 che ha dichiarato l\u2019anno precedente, ma anche su quanto guadagna nell\u2019anno corrente, come \u201cacconto\u201d per il pagamento delle tasse che andranno versate nell\u2019anno seguente. Ovvero, va a credito (o a debito) con il fisco per l\u2019annualit\u00e0 che deve ancora venire. In linea di massima, questo sistema prevede che il versamento delle imposte all\u2019erario avvenga in due tranche: la prima tra fine giugno e inizio luglio, la seconda entro la fine del mese di novembre.<\/p>\n<p>L\u2019ammontare degli acconti \u00e8 pari al 100 per cento dell\u2019imposta dovuta per l\u2019anno precedente e viene solitamente versato in due rate a giugno e a novembre. Entrambe sono uguali per \u201ci soggetti ISA\u201d (cio\u00e8 coloro i quali svolgono attivit\u00e0 economiche per le quali sono stati elaborati gli Indici Sintetici di Affidabilit\u00e0), mentre per gli altri contribuenti, la prima rata corrisponde al 40 per cento del dovuto, e la seconda al 60 per cento.<\/p>\n<p>Questo meccanismo genera una situazione di scarsa trasparenza e sovente crea problemi finanziari, perch\u00e9 \u00e8 difficile per l\u2019imprenditore prevedere quanto dovr\u00e0 pagare. La situazione, infatti, \u00e8 equilibrata solo quando non vi sono evidenti differenze di reddito tra un anno e l\u2019altro, ma quando non \u00e8 cos\u00ec le cose si complicano.<\/p>\n<p>Nel caso in cui il reddito risulti essere pi\u00f9 basso di quello registrato l\u2019anno prima, l\u2019imprenditore va a credito, in quanto gli acconti di imposta sono stati calcolati su un reddito pi\u00f9 elevato. Se, invece, si verifica un forte incremento di reddito, la situazione si capovolge. Il contribuente va a debito e nella scadenza di giugno \u00e8 chiamato a pagare un saldo di imposta molto impegnativo, perch\u00e9 gli acconti calcolati l\u2019anno prima erano sottostimati. Questo spiega la ragione per cui il fisco non premia la crescita di reddito, ma, semmai, la penalizza.<\/p>\n<p>&nbsp;<\/p>\n<p>&nbsp;<\/p>\n<hr \/>\n<p>&nbsp;<\/p>\n<\/div>\n<blockquote>\n<h3>TERRENI IN CAMBIO DEL MARCIAPIEDE<\/h3>\n<\/blockquote>\n<p><strong>LIVINALLONGO<\/strong>\u00a0 Il sindaco Leandro Grones ha convocato il consiglio comunale per oggi alle 17. In discussione la undicesima variazione al bilancio, la revisione delle partecipazioni, la permuta di alcuni terreni ad Arabba per la realizzazione del marciapiede in via Colesel e l&#8217;approvazione della convenzione per la trasformazione digitale dei servizi al cittadino.<\/p>\n<p>&nbsp;<\/p>\n<blockquote>\n<h3>ANTI VIGILIA DI NATALE IN MUNICIPIO<\/h3>\n<\/blockquote>\n<p><strong>ALLEGHE<\/strong> Mercoledi alle 19.30 consiglio comunale convocato dal sindaco Danilo De Toni, sar\u00e0 prorogata la scadenza al consorzio Girotondo; rinnovo della convenzione per il rilascio delle autorizzazioni paesaggistiche, approvazione contratto attuattivo per la pubblica illuminazione, nomina revisore dei conti.<\/p>\n<p><strong>RIVAMONTE<\/strong> Il consiglio comunale si terr\u00e0 mercoledi alle 18.30. Ordine del giorno: ricognizione sullo stato di attuazione dei programmi; variazione al bilancio; convenzione con l&#8217;Unione Montana per le funzioni di RUP, riconoscimento debiti fuori bilancio dopo le avversit\u00e0 atmosferiche d&#8217;inizio dicembre.<\/p>\n<p>&nbsp;<\/p>\n<hr \/>\n<blockquote><p>&nbsp;<\/p>\n<p><strong>UFFICI CHIUSI<\/strong><\/p><\/blockquote>\n<p><strong>FELTRE<\/strong> <span style=\"font-family: Times New Roman, serif;\"><span style=\"font-size: medium;\">Chiusura uffici comunali nel periodo delle festivit\u00e0 natalizie: nei pomeriggi del 24 e del 31 dicembre e chiusura del Polo Bibliotecario nella giornata del 2 gennaio.\u00a0<\/span><\/span><\/p>\n<p>&nbsp;<\/p>\n<p>&nbsp;<\/p>\n<hr \/>\n<blockquote>\n<h3><\/h3>\n<h3>AL VIA LA RICHIESTA DEI BUONI SPESA PER IL COMUNE DI CANALE D&#8217;AGORDO<\/h3>\n<\/blockquote>\n<p><strong>CANALE D&#8217;AGORDO<\/strong> Il comune di Canale d&#8217;Agordo\u00a0ha pubblicato l\u2019avviso per la richiesta di buoni spesa. Quindi tutte le famiglie che si trovano i difficolt\u00e0 a causa del perdurare dell\u2019emergenza epidemiologica\u00a0 COVID -19 possono presentare richiesta compilando il modulo che si trova sul sito del Comune. La domanda va presentata entro il 21 dicembre 2020.<\/p>\n<p>&nbsp;<\/p>\n<hr \/>\n<blockquote>\n<h3><\/h3>\n<h3>AD AGORDO PROLOCO METTE L&#8217;INVERNO DI VETRINA<\/h3>\n<\/blockquote>\n<p><strong>AGORDO<\/strong> La Proloco di Agordo \u00e8 artefice di una nuova iniziativa. La raccolta delle fotografie dell&#8217;inverno nella Conca Agordina (2020-21), da esporre nell&#8217;ufficio di via 27 Aprile. Troveranno spazio in vetrina o nei locali dell&#8217;ufficio su supporto cartaceo o video fino al termine dell&#8217;inverno, la proloco pensa anche ad una pubblicazione sui social. <em>&#8220;Abbiamo approfittato di questo periodo in cui non possiamo esporre i soliti numerosissimi manifesti di eventi ed iniziative &#8211; spiega la proloco &#8211;\u00a0 per promuovere le bellezze della Conca Agordina&#8221;. <\/em>Chi vorr\u00e0 partecipare potr\u00e0 compilare il modulo ed inviare al massimo 2 foto.<\/p>\n<p>&nbsp;<\/p>\n<p>&nbsp;<\/p>\n<hr \/>\n<p>&nbsp;<\/p>\n<blockquote>\n<h3>LA SCUOLA EQUIPE FALCADE ORGANIZZA ESCURSIONI GUIDATE<\/h3>\n<\/blockquote>\n<p><strong>FALCADE\u00a0<\/strong>Per la stagione invernale 2020\/21, la scuola Equipe Falcade organizza delle escursioni con le ciaspe dedicate ai bambini. 4 le escursioni in programma per gruppi di massimo 4 bambini che si possono prenotare al 334 9151617. Necessario l&#8217;abbigliamento da sci, zainetto e la mascherina. A tutti coloro che partecipano all&#8217;iniziativa uno scaldacollo in omaggio.<\/p>\n<p>&nbsp;<\/p>\n<p>&nbsp;<\/p>\n<hr \/>\n<p>&nbsp;<\/p>\n<blockquote>\n<h3>S\u00d6RA D NAD\u00c0 E DVAN DAL COI<\/h3>\n<\/blockquote>\n<p><strong>COMELICO\u00a0<\/strong>L&#8217;Union Ladina Dal Comelgo e il Gruppo Musicale di Costalta organizzano per mercoled\u00ec 23 dicembre alle 20.30 e per domenica 27 dicembre alle 20.30, due serate di musica, poesia e presentazione del libro &#8220;Dvan dal Coi, l&#8217;uomo dei boschi, tra leggenda e realt\u00e0&#8221;. Con Lucio Eicher Clere, Daniele De Bettin e Claudio Michelazzi. Le serate saranno trasmesse esclusivamente in diretta Facebook da Costalta sulla pagina Facebook dell&#8217;Union Ladina.<\/p>\n<p>&nbsp;<\/p>\n<hr \/>\n<p>&nbsp;<\/p>\n<div class=\"page-title-head hgroup\">\n<blockquote>\n<h3 class=\"entry-title\">I GIOVANI DANNO AVVIO ALLA RACCOLTA DI NATALE<\/h3>\n<\/blockquote>\n<\/div>\n<p class=\"page-title-breadcrumbs\"><strong><img loading=\"lazy\" decoding=\"async\" class=\"alignleft\" src=\"https:\/\/www.radiopiu.net\/wordpress\/wp-content\/uploads\/2020\/12\/christmas-3009949__340.jpg\" width=\"213\" height=\"119\" \/>TAIBON<\/strong>\u00a0L\u2019iniziativa parte dai giovani ed \u00e8 rivolta a tutti i giovani dell\u2019Agordino. \u00a0Raccogliendo oggetti e cibo e donandolo, tramite l\u2019associazione San Martino di Agordo, a chi \u00e8 maggiormente in difficolt\u00e0. Sono graditi Libri, prodotti di bellezza, generi alimentari (a lunga conservazione), accessori, dolcetti, oggetti simbolici.\u00a0 Tre i punti di raccolta in cui depositare gli oggetti:\u00a0 Valle del Biois ( Margherita Andrich, 349 7093043),\u00a0 Agordo e dintorni (Samuel Da Campo, 342 1875044) e\u00a0 Alleghe e dintorni ( Agnese Vinti, 348 1817865). \u00a0La raccolta avviene nei giorni precedenti al Natale tra il 19 e il 24 dicembre<\/p>\n<p><strong>DAL CORRIERE DELLE ALPI IL SERVIZIO DI GIANNI SANTOMASO<\/strong><\/p>\n<audio class=\"wp-audio-shortcode\" id=\"audio-180675-8\" preload=\"none\" style=\"width: 100%;\" controls=\"controls\"><source type=\"audio\/mpeg\" src=\"https:\/\/www.radiopiu.net\/wordpress\/wp-content\/uploads\/2020\/12\/GIANNI-GIOVANI-RACCOLTA-PER-NATALE.mp3?_=8\" \/><a href=\"https:\/\/www.radiopiu.net\/wordpress\/wp-content\/uploads\/2020\/12\/GIANNI-GIOVANI-RACCOLTA-PER-NATALE.mp3\">https:\/\/www.radiopiu.net\/wordpress\/wp-content\/uploads\/2020\/12\/GIANNI-GIOVANI-RACCOLTA-PER-NATALE.mp3<\/a><\/audio>\n<p>&nbsp;<\/p>\n<hr \/>\n<p>&nbsp;<\/p>\n<blockquote>\n<h3>NUOVO ORARIO PER L&#8217;UFFICIO DELLA PRO LOCO DI CANALE D&#8217;AGORDO<\/h3>\n<\/blockquote>\n<p><strong>CANALE D&#8217;AGORDO <\/strong>A\u00a0seguito delle ultime disposizioni governative, comunichiamo che\u00a0<u>per il prossimo periodo natalizio<\/u>, l&#8217;ufficio pro loco di Canale d&#8217;Agordo sar\u00e0 aperto al pubblico\u00a0dalle 9.00 alle 12.00\u00a0nei seguenti giorni:\u00a0Luned\u00ec 21 DICEMBRE,\u00a0Marted\u00ec 22 DICEMBRE,\u00a0Mercoled\u00ec 23 DICEMBRE,\u00a0Luned\u00ec 28 DICEMBRE,\u00a0Marted\u00ec 29 DICEMBRE,\u00a0Mercoled\u00ec 30 DICEMBRE e\u00a0Luned\u00ec 4 GENNAIO<\/p>\n<p>&nbsp;<\/p>\n<p>&nbsp;<\/p>\n<hr \/>\n<p>&nbsp;<\/p>\n<blockquote>\n<h3>GUARDANDO IL CIELO CON CLAUDIO PRA<\/h3>\n<\/blockquote>\n<p>La\u00a0 storica congiunzione Giove-Saturno, visibile\u00a0 in questi giorni&#8230;<\/p>\n<audio class=\"wp-audio-shortcode\" id=\"audio-180675-9\" preload=\"none\" style=\"width: 100%;\" controls=\"controls\"><source type=\"audio\/mpeg\" src=\"https:\/\/www.radiopiu.net\/wordpress\/wp-content\/uploads\/2020\/12\/claudio.mp3?_=9\" \/><a href=\"https:\/\/www.radiopiu.net\/wordpress\/wp-content\/uploads\/2020\/12\/claudio.mp3\">https:\/\/www.radiopiu.net\/wordpress\/wp-content\/uploads\/2020\/12\/claudio.mp3<\/a><\/audio>\n<p>&nbsp;<\/p>\n\n\t\t\t<style type='text\/css'>\n\t\t\t\t#gallery-3 {\n\t\t\t\t\tmargin: auto;\n\t\t\t\t}\n\t\t\t\t#gallery-3 .gallery-item {\n\t\t\t\t\tfloat: left;\n\t\t\t\t\tmargin-top: 10px;\n\t\t\t\t\ttext-align: center;\n\t\t\t\t\twidth: 50%;\n\t\t\t\t}\n\t\t\t\t#gallery-3 img {\n\t\t\t\t\tborder: 2px solid #cfcfcf;\n\t\t\t\t}\n\t\t\t\t#gallery-3 .gallery-caption {\n\t\t\t\t\tmargin-left: 0;\n\t\t\t\t}\n\t\t\t\t\/* see gallery_shortcode() in wp-includes\/media.php *\/\n\t\t\t<\/style>\n\t\t<div id='gallery-3' class='dt-gallery-container gallery galleryid-180675 gallery-columns-2 gallery-size-medium'><dl class='gallery-item'>\n\t\t\t\t<dt class='gallery-icon landscape'>\n\t\t\t\t\t<a class=\"rollover rollover-zoom dt-pswp-item\" title=\"5dd6d4cc-4786-43b3-9a83-b70950872f1a\" data-dt-img-description=\"\" data-large_image_width=\"1396\" data-large_image_height=\"785\"href='https:\/\/www.radiopiu.net\/wordpress\/wp-content\/uploads\/2020\/12\/5dd6d4cc-4786-43b3-9a83-b70950872f1a.jpg'><img loading=\"lazy\" decoding=\"async\" width=\"300\" height=\"169\" src=\"https:\/\/www.radiopiu.net\/wordpress\/wp-content\/uploads\/2020\/12\/5dd6d4cc-4786-43b3-9a83-b70950872f1a-300x169.jpg\" class=\"attachment-medium size-medium\" alt=\"\" srcset=\"https:\/\/www.radiopiu.net\/wordpress\/wp-content\/uploads\/2020\/12\/5dd6d4cc-4786-43b3-9a83-b70950872f1a-300x169.jpg 300w, https:\/\/www.radiopiu.net\/wordpress\/wp-content\/uploads\/2020\/12\/5dd6d4cc-4786-43b3-9a83-b70950872f1a-1024x576.jpg 1024w, https:\/\/www.radiopiu.net\/wordpress\/wp-content\/uploads\/2020\/12\/5dd6d4cc-4786-43b3-9a83-b70950872f1a-768x432.jpg 768w, https:\/\/www.radiopiu.net\/wordpress\/wp-content\/uploads\/2020\/12\/5dd6d4cc-4786-43b3-9a83-b70950872f1a.jpg 1396w\" sizes=\"auto, (max-width: 300px) 100vw, 300px\" \/><\/a>\n\t\t\t\t<\/dt><\/dl><dl class='gallery-item'>\n\t\t\t\t<dt class='gallery-icon landscape'>\n\t\t\t\t\t<a class=\"rollover rollover-zoom dt-pswp-item\" title=\"e099bc9d-9ed3-432a-af51-9cbd9dacbc0d\" data-dt-img-description=\"\" data-large_image_width=\"1260\" data-large_image_height=\"655\"href='https:\/\/www.radiopiu.net\/wordpress\/wp-content\/uploads\/2020\/12\/e099bc9d-9ed3-432a-af51-9cbd9dacbc0d.jpg'><img loading=\"lazy\" decoding=\"async\" width=\"300\" height=\"156\" src=\"https:\/\/www.radiopiu.net\/wordpress\/wp-content\/uploads\/2020\/12\/e099bc9d-9ed3-432a-af51-9cbd9dacbc0d-300x156.jpg\" class=\"attachment-medium size-medium\" alt=\"\" srcset=\"https:\/\/www.radiopiu.net\/wordpress\/wp-content\/uploads\/2020\/12\/e099bc9d-9ed3-432a-af51-9cbd9dacbc0d-300x156.jpg 300w, https:\/\/www.radiopiu.net\/wordpress\/wp-content\/uploads\/2020\/12\/e099bc9d-9ed3-432a-af51-9cbd9dacbc0d-1024x532.jpg 1024w, https:\/\/www.radiopiu.net\/wordpress\/wp-content\/uploads\/2020\/12\/e099bc9d-9ed3-432a-af51-9cbd9dacbc0d-768x399.jpg 768w, https:\/\/www.radiopiu.net\/wordpress\/wp-content\/uploads\/2020\/12\/e099bc9d-9ed3-432a-af51-9cbd9dacbc0d.jpg 1260w\" sizes=\"auto, (max-width: 300px) 100vw, 300px\" \/><\/a>\n\t\t\t\t<\/dt><\/dl><br style=\"clear: both\" \/>\n\t\t\t<\/div>\n\n<p>&nbsp;<\/p>\n<hr \/>\n<p>&nbsp;<\/p>\n<blockquote>\n<h3>VAL BIOIS UN NOME, COME E PERCHE&#8217;<\/h3>\n<\/blockquote>\n<p><strong>di\u00a0Renato\u00a0<\/strong><b>Bona\u00a0<\/b><\/p>\n<p>Qualcosa come quarantuno anni fa, Nuovi Sentieri Editore del falcadino Bepi Pellegrinon diede alle stampa con la \u201cTipografica di Marcon e Trevisan\u201d di Scorz\u00e8 di Venezia il libretto (una sessantina di pagine) intitolato \u201cVal Biois un nome, come e perch\u00e9\u201d curato da Giacomo Magliaretta, con le etimologie di vari nomi di luogo della Valle del Biois e di altre valli conosciute\u201d e documentazione fotografica di Giacomo Pagani, dedicando il lavoro \u201ca ricordo de la Catarina Vila\u201d. In premessa viene precisato che \u201cmolti dei nomi pi\u00f9 correnti di localit\u00e0 delle Dolomiti possono essere abbastanza chiari, alcuni addirittura non abbisognano di spiegazioni, altri invece &#8211; nonostante studi e ricerche &#8211; si perdono nelle ipotesi o nel tempo, essendone ignota la provenienza, per la mescolanza linguistica seguita alle invasioni pi\u00f9 o meno pacifiche, alle immigrazioni e ai ritorni dalle emigrazioni. Pochi infine sono indecifrabili, anche per errori che li hanno variati col passar del tempo\u201d. Segue una esortazione: \u201cChi legge queste aride pagine deve far uso di una certa elasticit\u00e0 nell\u2019interpretare oggi i nomi riportati: non creda di trovare la fave sull\u2019Antermoia, o la tormenta sul Buffaure o un generale allagamento a Pozza dopo un acquazzone: le origini dei nomi risalgono a parecchi secoli fa, quando nelle valli erano cominciati gli insediamenti. E se chi legge vuole poi indagare di persona, tanto meglio: domandi, cerchi, soprattutto cerchi di \u2018vivere\u2019 con coloro che ospitano, senza metterci iattanza, anzi cercando di smorzare con la gentilezza quella latente ostilit\u00e0 di chi si \u00e8 visto occupare, molte volte con maleducazione e villania, la propria casa, messa a disposizione sia pure\u2026 a caro prezzo\u201d. Nell\u2019evidente impossibilit\u00e0 di riportare tutti i nomi o espressioni dei quali si \u00e8 occupato Magliaretta e scusandoci per le omissioni, ne esponiamo alcuni partendo dal primo della serie pubblicata: \u201cACQUA DEL GHEBO\u201d: nome in disuso del rifugio di Valfredda; aqua, senza la \u2018c\u2019 e \u2018aiva\u2019 derivano entrambi dal latino aqua, col significato di torrente; \u201cghebo\u201d che sta per torrente, canale, \u00e8 vocabolo diffuso in tutto il Veneto e deriva o dal prelatino gava, cio\u00e8 corso d\u2019acqua, o dal latino cavus o caveus che sta per buco scavato. AGNER, cima del gruppo della Croda Grande, tra la val di San Lucano e la val di Frassen\u00e8; dal latino agnus, cio\u00e8 agnello; forse ha preso il nome dall\u2019alpeggio sottostante, pascolo per le greggi; vale anche per Agnelezze. AGORDO, il paese pi\u00f9 importante della val Cordevole\u00b8 deriva forse da un nome barbarico, comunque di origine incerta; noto in documenti fin dal 923. ALLEGHE, dal fitonimo latino \u00e0lica, graminacea del tipo del frumento, o dal detto \u201ca l\u2019ega\u201d all\u2019acqua, nome gi\u00e0 noto nel 1185. ANDRAZ, a ovest di monte Pore, tra Digonera e Passo Falzarego, dal latino antrum, antro, cavit\u00e0, caverna, grotta: il Castello di Andraz era gi\u00e0 noto prima del 1290. ANDRICH, frazione di Vallada, dal patronimico Andrigo, Arrigo o Enrico: una persona di tal nome abitava nella zona gi\u00e0 dal XV secolo; anticamente la frazione si chiamava S\u00e0dole, derivato forse dal latino saccus, orograficamente valle senza via di uscita, o forse, per deformazione, da acetosa, a sua volta derivante dal latino acidula. ARABBA nel Livinallongo, sotto il Passo Pordoi e il Campolongo: deriva dal latino \u201cad rava\u201d che a sua volta deriva da \u201crova\u201d o dal latino \u201cruina\u201d, \u201crova, roa, ruola, ruoibe\u201d tutti che significano slavina. CANALE D\u2019AGORDO: nuovo nome di Forno di Canale. Per \u201ccanale\u201d si intende in genere una valle stretta, come appunto quella del Biois in quel punto. CAVIOLA, frazione di Falcade, anticamente \u201cMaso di Salpian\u201d, forse dal nome personale \u201cCavillius\u201d da cui deriv\u00f2 il nome di Antonio Caviola, ufficialmente primo abitatore (o fondatore) della zona; o forse derivato dal latino\u201dcaveus\u201d: luogo incavato a semicerchio. \u201cSalpiano\u201d significherebbe \u201csu al piano\u201d. CELAT, frazione di Vallada, dal latino \u201ccelare\u201d, nascondere: cos\u00ec chiamato perch\u00e9 d\u2019inverno, per due mesi, il sole vi rimane nascosto, oppure da \u201ccella\u201d. CENCENIGHE, alla confluenza del Biois con il Cordevole, deriva forse dal nome proprio \u201cCincinus\u201dper derivazione in \u201cicum\u201d; in un documento scritto in latino del 1354 \u00e8 detto \u201cZinzinigae\u201d. CIVETTA strana denominazione della grande montagna, forse legata al fatto che si sar\u00e0 sentito il verso della civetta come proveniente da lass\u00f9; non ha certo alcuna relazione con l\u2019aspetto geomorfico del gruppo. CORDEVOLE, torrente che nasce dal Pordoi e affluisce nel Piave a Mel; forse da \u201ccroduvulum\u201d in rapporto a kroda, roccia; o forse da una \u201cvilla\u201d (insieme di caseggiati costituenti una fattoria) di nome Cordova, presso cui scorreva, scomparsa sotto una frana caduta dal monte Marzano o Marziano, a pochi chilometri da Belluno. FALCADE, etimologia un po\u2019 incerta, anche se si pu\u00f2 far derivare dal latino \u201cfalcare\u201d, falciare; Falcade \u00e8 nominato in documenti fin dal 1185. FOCOBON, cime a sud del monte Mul\u00e0z: stessa etimologia di Foca: \u201cFoc bon\u201d sta per prati a conca che producono buon foraggio; per estensione, come spesso avviene, il none \u00e8 astato dato alle cime sovrastanti. FORCA ROSSA, tra la Valfredda e la val Franzed\u00e0s; \u201crossa\u201d dal colore del materiale roccioso (arenarie) tra cui si apre; altre localit\u00e0 della Val Biois si chiamano pi\u00f9 o meno cos\u00ec: \u201ci ros\u201d, \u201cla rossa\u201d per la stessa ragione; deriva dal latino \u201crussus\u201d, dal colore del sangue. FRASSENE\u2019 nella valle a sud-ovest di Agordo che porta a Passo Cereda; dal fitonimo latino \u201cfraxinus\u201d, frassino, bosco di frassini. GOSALDO, tra Forcella Aurine e Passo Cereda; deriva forse da \u201cGanzwald\u201d nome composto dal longobardo \u201cGanzo\u201d poi deformatosi in \u201cAgosaldo\u201d (1148). LISTOLADE, frazione di Taibon, dal latino \u201custulatum\u201d, da \u201custulare\u201d da cui ustione, bruciacchiare. LIVINALLONGO, nell\u2019alta Val Cordevole: dal latino \u201clabina pi\u00f9 longa\u201d cio\u00e8 valanga, slavina molto grande; originariamente la valle si chiamava\u201dVal di fodom\u201d val dei faggi. ROCCA PIETORE, da \u201crocha\u201d e \u201cpectoris\u201d, quest\u2019ultimo da \u201cpectus\u201d, nel significato avverbiale: che sta di fronte, probabilmente riferito alla Val Pettorina che ha di fronte la Marmolada. Concludiamo con TABIADON, frazione di Falcade: deriva da \u201ctabi\u00e0\u201d dal latino \u201ctabulatum\u201d che sta per tavolato, col significato di fienile. Il tabi\u00e0 \u00e8 costituito da un\u2019intelaiatura di travi su cui sono inchiodate delle assi in senso verticale. La costruzione fatta di tronchi sovrapposti e incastrati fra loro una volta era detta \u201cscofa\u201d con termine non locale ma della Val Marebbe. Altre costruzioni in legno, provvisorie o definitive per uso di magazzino di arnesi da lavoro, o di fieno, vengono dette \u201ccasoni\u201d (\u201cel cas\u00f2n dei Valiere\u201d prima di Passo Valles).<\/p>\n\n\t\t\t<style type='text\/css'>\n\t\t\t\t#gallery-4 {\n\t\t\t\t\tmargin: auto;\n\t\t\t\t}\n\t\t\t\t#gallery-4 .gallery-item {\n\t\t\t\t\tfloat: left;\n\t\t\t\t\tmargin-top: 10px;\n\t\t\t\t\ttext-align: center;\n\t\t\t\t\twidth: 33%;\n\t\t\t\t}\n\t\t\t\t#gallery-4 img {\n\t\t\t\t\tborder: 2px solid #cfcfcf;\n\t\t\t\t}\n\t\t\t\t#gallery-4 .gallery-caption {\n\t\t\t\t\tmargin-left: 0;\n\t\t\t\t}\n\t\t\t\t\/* see gallery_shortcode() in wp-includes\/media.php *\/\n\t\t\t<\/style>\n\t\t<div id='gallery-4' class='dt-gallery-container gallery galleryid-180675 gallery-columns-3 gallery-size-thumbnail'><dl class='gallery-item'>\n\t\t\t\t<dt class='gallery-icon portrait'>\n\t\t\t\t\t<a class=\"rollover rollover-zoom dt-pswp-item\" title=\"131957594_2990316437862730_6310151321891221636_n\" data-dt-img-description=\"\" data-large_image_width=\"1749\" data-large_image_height=\"2560\"href='https:\/\/www.radiopiu.net\/wordpress\/wp-content\/uploads\/2020\/12\/131957594_2990316437862730_6310151321891221636_n-scaled.jpg'><img loading=\"lazy\" decoding=\"async\" width=\"150\" height=\"150\" src=\"https:\/\/www.radiopiu.net\/wordpress\/wp-content\/uploads\/2020\/12\/131957594_2990316437862730_6310151321891221636_n-150x150.jpg\" class=\"attachment-thumbnail size-thumbnail\" alt=\"\" \/><\/a>\n\t\t\t\t<\/dt><\/dl><dl class='gallery-item'>\n\t\t\t\t<dt class='gallery-icon portrait'>\n\t\t\t\t\t<a class=\"rollover rollover-zoom dt-pswp-item\" title=\"132038429_427227155135906_7318178137987700536_n\" data-dt-img-description=\"\" data-large_image_width=\"2140\" data-large_image_height=\"2148\"href='https:\/\/www.radiopiu.net\/wordpress\/wp-content\/uploads\/2020\/12\/132038429_427227155135906_7318178137987700536_n.jpg'><img loading=\"lazy\" decoding=\"async\" width=\"150\" height=\"150\" src=\"https:\/\/www.radiopiu.net\/wordpress\/wp-content\/uploads\/2020\/12\/132038429_427227155135906_7318178137987700536_n-150x150.jpg\" class=\"attachment-thumbnail size-thumbnail\" alt=\"\" srcset=\"https:\/\/www.radiopiu.net\/wordpress\/wp-content\/uploads\/2020\/12\/132038429_427227155135906_7318178137987700536_n-150x150.jpg 150w, https:\/\/www.radiopiu.net\/wordpress\/wp-content\/uploads\/2020\/12\/132038429_427227155135906_7318178137987700536_n-300x300.jpg 300w, https:\/\/www.radiopiu.net\/wordpress\/wp-content\/uploads\/2020\/12\/132038429_427227155135906_7318178137987700536_n-1020x1024.jpg 1020w, https:\/\/www.radiopiu.net\/wordpress\/wp-content\/uploads\/2020\/12\/132038429_427227155135906_7318178137987700536_n-768x771.jpg 768w, https:\/\/www.radiopiu.net\/wordpress\/wp-content\/uploads\/2020\/12\/132038429_427227155135906_7318178137987700536_n-1530x1536.jpg 1530w, https:\/\/www.radiopiu.net\/wordpress\/wp-content\/uploads\/2020\/12\/132038429_427227155135906_7318178137987700536_n-2040x2048.jpg 2040w\" sizes=\"auto, (max-width: 150px) 100vw, 150px\" \/><\/a>\n\t\t\t\t<\/dt><\/dl><dl class='gallery-item'>\n\t\t\t\t<dt class='gallery-icon portrait'>\n\t\t\t\t\t<a class=\"rollover rollover-zoom dt-pswp-item\" title=\"131950956_431697708211723_818137692014550610_n\" data-dt-img-description=\"\" data-large_image_width=\"1708\" data-large_image_height=\"2390\"href='https:\/\/www.radiopiu.net\/wordpress\/wp-content\/uploads\/2020\/12\/131950956_431697708211723_818137692014550610_n.jpg'><img loading=\"lazy\" decoding=\"async\" width=\"150\" height=\"150\" src=\"https:\/\/www.radiopiu.net\/wordpress\/wp-content\/uploads\/2020\/12\/131950956_431697708211723_818137692014550610_n-150x150.jpg\" class=\"attachment-thumbnail size-thumbnail\" alt=\"\" \/><\/a>\n\t\t\t\t<\/dt><\/dl><br style=\"clear: both\" \/><dl class='gallery-item'>\n\t\t\t\t<dt class='gallery-icon portrait'>\n\t\t\t\t\t<a class=\"rollover rollover-zoom dt-pswp-item\" title=\"132188782_443621126640802_4214167157019250522_n\" data-dt-img-description=\"\" data-large_image_width=\"1486\" data-large_image_height=\"2560\"href='https:\/\/www.radiopiu.net\/wordpress\/wp-content\/uploads\/2020\/12\/132188782_443621126640802_4214167157019250522_n-scaled.jpg'><img loading=\"lazy\" decoding=\"async\" width=\"150\" height=\"150\" src=\"https:\/\/www.radiopiu.net\/wordpress\/wp-content\/uploads\/2020\/12\/132188782_443621126640802_4214167157019250522_n-150x150.jpg\" class=\"attachment-thumbnail size-thumbnail\" alt=\"\" \/><\/a>\n\t\t\t\t<\/dt><\/dl><dl class='gallery-item'>\n\t\t\t\t<dt class='gallery-icon portrait'>\n\t\t\t\t\t<a class=\"rollover rollover-zoom dt-pswp-item\" title=\"131932031_677858629506446_6089389030532316810_n\" data-dt-img-description=\"\" data-large_image_width=\"1776\" data-large_image_height=\"2560\"href='https:\/\/www.radiopiu.net\/wordpress\/wp-content\/uploads\/2020\/12\/131932031_677858629506446_6089389030532316810_n-scaled.jpg'><img loading=\"lazy\" decoding=\"async\" width=\"150\" height=\"150\" src=\"https:\/\/www.radiopiu.net\/wordpress\/wp-content\/uploads\/2020\/12\/131932031_677858629506446_6089389030532316810_n-150x150.jpg\" class=\"attachment-thumbnail size-thumbnail\" alt=\"\" \/><\/a>\n\t\t\t\t<\/dt><\/dl><dl class='gallery-item'>\n\t\t\t\t<dt class='gallery-icon portrait'>\n\t\t\t\t\t<a class=\"rollover rollover-zoom dt-pswp-item\" title=\"132045784_683653752316595_7678960628742111982_n\" data-dt-img-description=\"\" data-large_image_width=\"1681\" data-large_image_height=\"2560\"href='https:\/\/www.radiopiu.net\/wordpress\/wp-content\/uploads\/2020\/12\/132045784_683653752316595_7678960628742111982_n-scaled.jpg'><img loading=\"lazy\" decoding=\"async\" width=\"150\" height=\"150\" src=\"https:\/\/www.radiopiu.net\/wordpress\/wp-content\/uploads\/2020\/12\/132045784_683653752316595_7678960628742111982_n-150x150.jpg\" class=\"attachment-thumbnail size-thumbnail\" alt=\"\" \/><\/a>\n\t\t\t\t<\/dt><\/dl><br style=\"clear: both\" \/><dl class='gallery-item'>\n\t\t\t\t<dt class='gallery-icon portrait'>\n\t\t\t\t\t<a class=\"rollover rollover-zoom dt-pswp-item\" title=\"132045463_749823725617820_6953394843116991753_n\" data-dt-img-description=\"\" data-large_image_width=\"1887\" data-large_image_height=\"2560\"href='https:\/\/www.radiopiu.net\/wordpress\/wp-content\/uploads\/2020\/12\/132045463_749823725617820_6953394843116991753_n-scaled.jpg'><img loading=\"lazy\" decoding=\"async\" width=\"150\" height=\"150\" src=\"https:\/\/www.radiopiu.net\/wordpress\/wp-content\/uploads\/2020\/12\/132045463_749823725617820_6953394843116991753_n-150x150.jpg\" class=\"attachment-thumbnail size-thumbnail\" alt=\"\" \/><\/a>\n\t\t\t\t<\/dt><\/dl><dl class='gallery-item'>\n\t\t\t\t<dt class='gallery-icon portrait'>\n\t\t\t\t\t<a class=\"rollover rollover-zoom dt-pswp-item\" title=\"131928200_865006534244258_145588373016195967_n\" data-dt-img-description=\"\" data-large_image_width=\"1821\" data-large_image_height=\"2560\"href='https:\/\/www.radiopiu.net\/wordpress\/wp-content\/uploads\/2020\/12\/131928200_865006534244258_145588373016195967_n-scaled.jpg'><img loading=\"lazy\" decoding=\"async\" width=\"150\" height=\"150\" src=\"https:\/\/www.radiopiu.net\/wordpress\/wp-content\/uploads\/2020\/12\/131928200_865006534244258_145588373016195967_n-150x150.jpg\" class=\"attachment-thumbnail size-thumbnail\" alt=\"\" \/><\/a>\n\t\t\t\t<\/dt><\/dl><dl class='gallery-item'>\n\t\t\t\t<dt class='gallery-icon portrait'>\n\t\t\t\t\t<a class=\"rollover rollover-zoom dt-pswp-item\" title=\"132038979_871625403598567_8951447955173298281_n\" data-dt-img-description=\"\" data-large_image_width=\"1980\" data-large_image_height=\"2560\"href='https:\/\/www.radiopiu.net\/wordpress\/wp-content\/uploads\/2020\/12\/132038979_871625403598567_8951447955173298281_n-scaled.jpg'><img loading=\"lazy\" decoding=\"async\" width=\"150\" height=\"150\" src=\"https:\/\/www.radiopiu.net\/wordpress\/wp-content\/uploads\/2020\/12\/132038979_871625403598567_8951447955173298281_n-150x150.jpg\" class=\"attachment-thumbnail size-thumbnail\" alt=\"\" \/><\/a>\n\t\t\t\t<\/dt><\/dl><br style=\"clear: both\" \/>\n\t\t\t<\/div>\n\n<p>NELLE FOTO (documentazione di Giacomo Pagani): volti di persone della Val del Biois.<\/p>\n<p>&nbsp;<\/p>\n<p>&nbsp;<\/p>\n<hr \/>\n<p>&nbsp;<\/p>\n<blockquote>\n<h2>FANTASTICHE DOLOMITI, NUOVA STAGIONE. APPUNTAMENTO QUINDICINALE IL GIOVEDI ALLE 10.30 E 1900<\/h2>\n<\/blockquote>\n<h2><span style=\"color: #ff0000;\"><a href=\"https:\/\/www.radiopiu.net\/wordpress\/luxottica-si-prende-cura-dei-danni-sul-monte-larion\/sfp_0476\/\" rel=\"attachment wp-att-180066\"><img loading=\"lazy\" decoding=\"async\" class=\"wp-image-180066 alignleft\" src=\"https:\/\/www.radiopiu.net\/wordpress\/wp-content\/uploads\/2020\/12\/SFP_0476-300x200.jpg\" alt=\"\" width=\"228\" height=\"152\" srcset=\"https:\/\/www.radiopiu.net\/wordpress\/wp-content\/uploads\/2020\/12\/SFP_0476-300x200.jpg 300w, https:\/\/www.radiopiu.net\/wordpress\/wp-content\/uploads\/2020\/12\/SFP_0476-1024x682.jpg 1024w, https:\/\/www.radiopiu.net\/wordpress\/wp-content\/uploads\/2020\/12\/SFP_0476-768x512.jpg 768w, https:\/\/www.radiopiu.net\/wordpress\/wp-content\/uploads\/2020\/12\/SFP_0476-1536x1024.jpg 1536w, https:\/\/www.radiopiu.net\/wordpress\/wp-content\/uploads\/2020\/12\/SFP_0476.jpg 2000w\" sizes=\"auto, (max-width: 228px) 100vw, 228px\" \/><\/a><\/span><\/h2>\n<h2><span style=\"color: #ff0000;\">SESTA PUNTATA, ambiente e formazione<\/span><\/h2>\n<p><strong>OSPITE IL PRESIDENTE CLAUDIO CANOVA<\/strong><\/p>\n<audio class=\"wp-audio-shortcode\" id=\"audio-180675-10\" preload=\"none\" style=\"width: 100%;\" controls=\"controls\"><source type=\"audio\/mpeg\" src=\"https:\/\/www.radiopiu.net\/wordpress\/wp-content\/uploads\/2020\/12\/fantastiche-dolomiti-17-dicembre.mp3?_=10\" \/><a href=\"https:\/\/www.radiopiu.net\/wordpress\/wp-content\/uploads\/2020\/12\/fantastiche-dolomiti-17-dicembre.mp3\">https:\/\/www.radiopiu.net\/wordpress\/wp-content\/uploads\/2020\/12\/fantastiche-dolomiti-17-dicembre.mp3<\/a><\/audio>\n<h1><\/h1>\n<h1>LA RACCOLTA COMPLETA<\/h1>\n<blockquote class=\"wp-embedded-content\" data-secret=\"COb4ljuoAH\"><p><a href=\"https:\/\/www.radiopiu.net\/wordpress\/https-wp-me-p63lo7-gyg\/\">FANTASTICHE DOLOMITI 6^PUNTATA: IL QUINDICINALE APPUNTAMENTO ALLA RADIO<\/a><\/p><\/blockquote>\n<p><iframe loading=\"lazy\" class=\"wp-embedded-content\" sandbox=\"allow-scripts\" security=\"restricted\" style=\"position: absolute; clip: rect(1px, 1px, 1px, 1px);\" title=\"&#8220;FANTASTICHE DOLOMITI 6^PUNTATA: IL QUINDICINALE APPUNTAMENTO ALLA RADIO&#8221; &#8212; Radio Pi\u00f9\" src=\"https:\/\/www.radiopiu.net\/wordpress\/https-wp-me-p63lo7-gyg\/embed\/#?secret=COb4ljuoAH\" data-secret=\"COb4ljuoAH\" width=\"600\" height=\"338\" frameborder=\"0\" marginwidth=\"0\" marginheight=\"0\" scrolling=\"no\"><\/iframe><\/p>\n<div class=\"mw-parser-output\">\n<p>&nbsp;<\/p>\n<\/div>\n<p>&nbsp;<\/p>\n<p>&nbsp;<\/p>\n<hr \/>\n<blockquote>\n<h2><\/h2>\n<h2>SALUTE E SOCIETA&#8217; IL LUNEDI ALLE 13.10 E ALLE 20.10, LA DOMENICA ALLE 10.30 A CURA DEL DOTTOR MARCO CARACCIOLO. QUINTA STAGIONE<\/h2>\n<\/blockquote>\n<p><span style=\"color: #ff0000;\"><strong>LA PUNTATA DELLA SETTIMANA<\/strong><\/span><\/p>\n<p>In questa edizione: Sono sette le organizzazioni civiche confluite nell\u2019Alleanza per l\u2019Equit\u00e0 di Accesso alle Cure per le Malattie Oculari, grazie anche al supporto dell\u2019Agenzia Internazionale per la Prevenzione della Cecit\u00e0 \u2013 IAPB Italia Onlus. Filippo Cruciani, Referente scientifico IAPB Italia Onlus La dottoressa Teresa Petrangolini, Coordinatrice dell\u2019alleanza associazioni-pazienti Edoardo Midena, Segretario generale della Societ\u00e0 Italiana della Retina<\/p>\n<audio class=\"wp-audio-shortcode\" id=\"audio-180675-11\" preload=\"none\" style=\"width: 100%;\" controls=\"controls\"><source type=\"audio\/mpeg\" src=\"https:\/\/www.radiopiu.net\/wordpress\/wp-content\/uploads\/2020\/12\/SALUTE-2.mp3?_=11\" \/><a href=\"https:\/\/www.radiopiu.net\/wordpress\/wp-content\/uploads\/2020\/12\/SALUTE-2.mp3\">https:\/\/www.radiopiu.net\/wordpress\/wp-content\/uploads\/2020\/12\/SALUTE-2.mp3<\/a><\/audio>\n<h3>LA RACCOLTA COMPLETA<\/h3>\n<blockquote class=\"wp-embedded-content\" data-secret=\"NgdOYEObkk\"><p><a href=\"https:\/\/www.radiopiu.net\/wordpress\/saluteesocieta\/\">Salute e Societ\u00e0<\/a><\/p><\/blockquote>\n<p><iframe loading=\"lazy\" class=\"wp-embedded-content\" sandbox=\"allow-scripts\" security=\"restricted\" style=\"position: absolute; clip: rect(1px, 1px, 1px, 1px);\" title=\"&#8220;Salute e Societ\u00e0&#8221; &#8212; Radio Pi\u00f9\" src=\"https:\/\/www.radiopiu.net\/wordpress\/saluteesocieta\/embed\/#?secret=NgdOYEObkk\" data-secret=\"NgdOYEObkk\" width=\"600\" height=\"338\" frameborder=\"0\" marginwidth=\"0\" marginheight=\"0\" scrolling=\"no\"><\/iframe><\/p>\n<hr \/>\n<p>&nbsp;<\/p>\n<h2><span style=\"color: #ff0000;\"><strong>IERI ALLA RADIO<\/strong><\/span><\/h2>\n<h3>I RACCONTI DI NATALE, DI LUISA ALCHINI<\/h3>\n<p><a href=\"https:\/\/www.radiopiu.net\/wordpress\/puntata-07-racconti-di-natale\/lights-1088141__340\/\" rel=\"attachment wp-att-180741\"><img loading=\"lazy\" decoding=\"async\" class=\"size-medium wp-image-180741 alignleft\" src=\"https:\/\/www.radiopiu.net\/wordpress\/wp-content\/uploads\/2020\/12\/lights-1088141__340-300x200.png\" alt=\"\" width=\"300\" height=\"200\" srcset=\"https:\/\/www.radiopiu.net\/wordpress\/wp-content\/uploads\/2020\/12\/lights-1088141__340-300x200.png 300w, https:\/\/www.radiopiu.net\/wordpress\/wp-content\/uploads\/2020\/12\/lights-1088141__340.png 510w\" sizes=\"auto, (max-width: 300px) 100vw, 300px\" \/><\/a><\/p>\n<h2>TUTTI I GIORNI ALLE 9 E ALLE 18<\/h2>\n<h2><\/h2>\n<h2 style=\"text-align: left;\"><strong>PUNTATA 07<\/strong><\/h2>\n<p>&nbsp;<\/p>\n<p>&nbsp;<\/p>\n<audio class=\"wp-audio-shortcode\" id=\"audio-180675-12\" preload=\"none\" style=\"width: 100%;\" controls=\"controls\"><source type=\"audio\/mpeg\" src=\"https:\/\/www.radiopiu.net\/wordpress\/wp-content\/uploads\/2020\/12\/raccontonatale7-1.mp3?_=12\" \/><a href=\"https:\/\/www.radiopiu.net\/wordpress\/wp-content\/uploads\/2020\/12\/raccontonatale7-1.mp3\">https:\/\/www.radiopiu.net\/wordpress\/wp-content\/uploads\/2020\/12\/raccontonatale7-1.mp3<\/a><\/audio>\n<p>&nbsp;<\/p>\n<h1>LA RACCOLTA COMPLETA<\/h1>\n<blockquote class=\"wp-embedded-content\" data-secret=\"grSvL7zvKi\"><p><a href=\"https:\/\/www.radiopiu.net\/wordpress\/i-racconti-di-natale-di-luisa-alchini\/\">I racconti di Natale di Luisa Alchini<\/a><\/p><\/blockquote>\n<p><iframe loading=\"lazy\" class=\"wp-embedded-content\" sandbox=\"allow-scripts\" security=\"restricted\" style=\"position: absolute; clip: rect(1px, 1px, 1px, 1px);\" title=\"&#8220;I racconti di Natale di Luisa Alchini&#8221; &#8212; Radio Pi\u00f9\" src=\"https:\/\/www.radiopiu.net\/wordpress\/i-racconti-di-natale-di-luisa-alchini\/embed\/#?secret=grSvL7zvKi\" data-secret=\"grSvL7zvKi\" width=\"600\" height=\"338\" frameborder=\"0\" marginwidth=\"0\" marginheight=\"0\" scrolling=\"no\"><\/iframe><\/p>\n<p>&nbsp;<\/p>\n<p>&nbsp;<\/p>\n<hr \/>\n<p>&nbsp;<\/p>\n<div class=\"im_message_wrap clearfix\">\n<div class=\"im_content_message_wrap im_message_out\">\n<h2><span style=\"color: #ff0000;\">IERI ALLA RADIO\u00a0 IN VIVO VERSO 2020-21<\/span><\/h2>\n<p><strong><span style=\"color: #0000ff;\">IN ONDA DAL LUNEDI AL VENERDI ALLE 7.10, 10.10, 18.50 I PROTAGONISTI DI QUESTA SETTIMANA: <\/span><\/strong><\/p>\n<div dir=\"auto\">\n<p>NATALE&#8230; Arriva, a dispetto di tutto . E con dentro il ricordo delle sue magiche atmosfere scaldiamoci l&#8217;anima e soprattutto rendiamolo magico con i bellissimi versi di<\/p>\n<div class=\"nc684nl6\">Laura D&#8217;Ulivo, Falegnameria Fratelli Carbogno con Manuele. Gisella Canzian, Antonietta Crepaz e la fantastica voce di Federico Soppelsa. Insieme Mirko e a tutta la Radiopi\u00f9 vi auguriamo feste serene e raccolte, e un abbraccio enorme a tutti! <em><strong>Brunella<\/strong><\/em><\/div>\n<\/div>\n<h2><strong><span style=\"font-family: Verdana, sans-serif;\"><span style=\"font-size: medium;\">LA RACCOLTA COMPLETA, TUTTE LE COLLEZIONI<\/span><\/span><\/strong><\/h2>\n<\/div>\n<\/div>\n<blockquote class=\"wp-embedded-content\" data-secret=\"e3eIGWWdDi\"><p><a href=\"https:\/\/www.radiopiu.net\/wordpress\/in-vivo-verso\/\">In Vivo Verso<\/a><\/p><\/blockquote>\n<p><iframe loading=\"lazy\" class=\"wp-embedded-content\" sandbox=\"allow-scripts\" security=\"restricted\" style=\"position: absolute; clip: rect(1px, 1px, 1px, 1px);\" title=\"&#8220;In Vivo Verso&#8221; &#8212; Radio Pi\u00f9\" src=\"https:\/\/www.radiopiu.net\/wordpress\/in-vivo-verso\/embed\/#?secret=e3eIGWWdDi\" data-secret=\"e3eIGWWdDi\" width=\"600\" height=\"338\" frameborder=\"0\" marginwidth=\"0\" marginheight=\"0\" scrolling=\"no\"><\/iframe><\/p>\n<hr \/>\n<p>&nbsp;<\/p>\n<h2>007 IN CONDOTTA CON LA PROF. MARIA ROSA SALMAZO IL LUNEDI ALLE 10,30 E ALLE 19.00 LA DOMENICA ALLE 8 DEL MATTINO. NONA STAGIONE<\/h2>\n<p><strong><a href=\"https:\/\/www.radiopiu.net\/wordpress\/vacanze-diverse\/little-girl-drawing-and-coloring\/\" rel=\"attachment wp-att-179329\"><img loading=\"lazy\" decoding=\"async\" class=\"wp-image-179329 alignleft\" src=\"https:\/\/www.radiopiu.net\/wordpress\/wp-content\/uploads\/2020\/12\/natale-scuola-300x200.jpg\" alt=\"\" width=\"149\" height=\"99\" srcset=\"https:\/\/www.radiopiu.net\/wordpress\/wp-content\/uploads\/2020\/12\/natale-scuola-300x200.jpg 300w, https:\/\/www.radiopiu.net\/wordpress\/wp-content\/uploads\/2020\/12\/natale-scuola.jpg 626w\" sizes=\"auto, (max-width: 149px) 100vw, 149px\" \/><\/a>LA PUNTATA DELLA SETTIMANA<\/strong><\/p>\n<h3>Vacanze diverse audio<\/h3>\n<p>&nbsp;<\/p>\n<p><strong>AUDIO<\/strong><\/p>\n<audio class=\"wp-audio-shortcode\" id=\"audio-180675-13\" preload=\"none\" style=\"width: 100%;\" controls=\"controls\"><source type=\"audio\/mpeg\" src=\"https:\/\/www.radiopiu.net\/wordpress\/wp-content\/uploads\/2020\/12\/007-condotta-14-dicembre.mp3?_=13\" \/><a href=\"https:\/\/www.radiopiu.net\/wordpress\/wp-content\/uploads\/2020\/12\/007-condotta-14-dicembre.mp3\">https:\/\/www.radiopiu.net\/wordpress\/wp-content\/uploads\/2020\/12\/007-condotta-14-dicembre.mp3<\/a><\/audio>\n<h2><\/h2>\n<h2>LA RACCOLTA COMPLETA<\/h2>\n<blockquote class=\"wp-embedded-content\" data-secret=\"DOUyhthkXr\"><p><a href=\"https:\/\/www.radiopiu.net\/wordpress\/007incondotta-9\/\">007 in condotta<\/a><\/p><\/blockquote>\n<p><iframe loading=\"lazy\" class=\"wp-embedded-content\" sandbox=\"allow-scripts\" security=\"restricted\" style=\"position: absolute; clip: rect(1px, 1px, 1px, 1px);\" title=\"&#8220;007 in condotta&#8221; &#8212; Radio Pi\u00f9\" src=\"https:\/\/www.radiopiu.net\/wordpress\/007incondotta-9\/embed\/#?secret=DOUyhthkXr\" data-secret=\"DOUyhthkXr\" width=\"600\" height=\"338\" frameborder=\"0\" marginwidth=\"0\" marginheight=\"0\" scrolling=\"no\"><\/iframe><\/p>\n<p>&nbsp;<\/p>\n<p>&nbsp;<\/p>\n<p>&nbsp;<\/p>\n<hr \/>\n<p>&nbsp;<\/p>\n<blockquote>\n<h2><a href=\"https:\/\/www.radiopiu.net\/wordpress\/speciale-solidarieta-veneto\/solidarieta-veneto-3\/\" rel=\"attachment wp-att-134366\"><img loading=\"lazy\" decoding=\"async\" class=\"wp-image-134366 alignleft\" src=\"https:\/\/www.radiopiu.net\/wordpress\/wp-content\/uploads\/2020\/05\/solidariet\u00e0-veneto-300x210.jpg\" alt=\"\" width=\"102\" height=\"71\" srcset=\"https:\/\/www.radiopiu.net\/wordpress\/wp-content\/uploads\/2020\/05\/solidariet\u00e0-veneto-300x210.jpg 300w, https:\/\/www.radiopiu.net\/wordpress\/wp-content\/uploads\/2020\/05\/solidariet\u00e0-veneto-1024x717.jpg 1024w, https:\/\/www.radiopiu.net\/wordpress\/wp-content\/uploads\/2020\/05\/solidariet\u00e0-veneto-768x538.jpg 768w, https:\/\/www.radiopiu.net\/wordpress\/wp-content\/uploads\/2020\/05\/solidariet\u00e0-veneto.jpg 1373w\" sizes=\"auto, (max-width: 102px) 100vw, 102px\" \/><\/a>SOLIDARIETA&#8217; VENETO FONDO PENSIONE, IN ONDA IL PRIMO VENERDI DEL MESE ALLE 10.30 E ALLE 19.00 QUINTA STAGIONE<\/h2>\n<\/blockquote>\n<p><strong><span style=\"color: #ff0000;\">LA PUNTATA DI DICEMBRE<\/span><\/strong><\/p>\n<audio class=\"wp-audio-shortcode\" id=\"audio-180675-14\" preload=\"none\" style=\"width: 100%;\" controls=\"controls\"><source type=\"audio\/mpeg\" src=\"https:\/\/www.radiopiu.net\/wordpress\/wp-content\/uploads\/2020\/12\/solidarieta-veneto-dicembre.mp3?_=14\" \/><a href=\"https:\/\/www.radiopiu.net\/wordpress\/wp-content\/uploads\/2020\/12\/solidarieta-veneto-dicembre.mp3\">https:\/\/www.radiopiu.net\/wordpress\/wp-content\/uploads\/2020\/12\/solidarieta-veneto-dicembre.mp3<\/a><\/audio>\n<blockquote>\n<h2>RACCOLTA COMPLETA<\/h2>\n<\/blockquote>\n<blockquote class=\"wp-embedded-content\" data-secret=\"jslr6eC0b7\"><p><a href=\"https:\/\/www.radiopiu.net\/wordpress\/solidarieta-veneto\/\">Solidariet\u00e0 Veneto<\/a><\/p><\/blockquote>\n<p><iframe loading=\"lazy\" class=\"wp-embedded-content\" sandbox=\"allow-scripts\" security=\"restricted\" style=\"position: absolute; clip: rect(1px, 1px, 1px, 1px);\" title=\"&#8220;Solidariet\u00e0 Veneto&#8221; &#8212; Radio Pi\u00f9\" src=\"https:\/\/www.radiopiu.net\/wordpress\/solidarieta-veneto\/embed\/#?secret=jslr6eC0b7\" data-secret=\"jslr6eC0b7\" width=\"600\" height=\"338\" frameborder=\"0\" marginwidth=\"0\" marginheight=\"0\" scrolling=\"no\"><\/iframe><\/p>\n<p>&nbsp;<\/p>\n<p>&nbsp;<\/p>\n<hr \/>\n<p>&nbsp;<\/p>\n<h2><span style=\"color: #808000;\">DUE MINUTI UN LIBRO\u00a0 TUTTI I GIORNI ALLA RADIO ALLE 9.30 E ALLE 18. QUINTA STAGIONE\u00a0 \u00a0\u00a0<\/span><\/h2>\n<h2>LA RACCOLTA COMPLETA<\/h2>\n<blockquote class=\"wp-embedded-content\" data-secret=\"2C0tCtIVFH\"><p><a href=\"https:\/\/www.radiopiu.net\/wordpress\/due-minuti-un-libro\/\">Due minuti un libro<\/a><\/p><\/blockquote>\n<p><iframe loading=\"lazy\" class=\"wp-embedded-content\" sandbox=\"allow-scripts\" security=\"restricted\" style=\"position: absolute; clip: rect(1px, 1px, 1px, 1px);\" title=\"&#8220;Due minuti un libro&#8221; &#8212; Radio Pi\u00f9\" src=\"https:\/\/www.radiopiu.net\/wordpress\/due-minuti-un-libro\/embed\/#?secret=2C0tCtIVFH\" data-secret=\"2C0tCtIVFH\" width=\"600\" height=\"338\" frameborder=\"0\" marginwidth=\"0\" marginheight=\"0\" scrolling=\"no\"><\/iframe><\/p>\n<p>&nbsp;<\/p>\n<hr \/>\n<p>&nbsp;<\/p>\n<p>&nbsp;<\/p>\n<blockquote>\n<h2>CASSA SOLIDARIET\u00c0 LUXOTTICA &#8211;<\/h2>\n<\/blockquote>\n<h3><strong><span style=\"color: #ff0000;\">IL NUMERO DI DICEMBRE CON PAOLO CHISSALE&#8217; E FABRIZIO CAMPEDEL<\/span><\/strong><\/h3>\n<audio class=\"wp-audio-shortcode\" id=\"audio-180675-15\" preload=\"none\" style=\"width: 100%;\" controls=\"controls\"><source type=\"audio\/mpeg\" src=\"https:\/\/www.radiopiu.net\/wordpress\/wp-content\/uploads\/2020\/12\/ca-sol-lux-dicvembre.mp3?_=15\" \/><a href=\"https:\/\/www.radiopiu.net\/wordpress\/wp-content\/uploads\/2020\/12\/ca-sol-lux-dicvembre.mp3\">https:\/\/www.radiopiu.net\/wordpress\/wp-content\/uploads\/2020\/12\/ca-sol-lux-dicvembre.mp3<\/a><\/audio>\n<blockquote>\n<h2>RACCOLTA COMPLETA<\/h2>\n<\/blockquote>\n<blockquote class=\"wp-embedded-content\" data-secret=\"TRg5kWVj8X\"><p><a href=\"https:\/\/www.radiopiu.net\/wordpress\/cassa-solidarieta-luxottica-puntata-del-16-ottobre-2020\/\">CASSA SOLIDARIET\u00c0 LUXOTTICA &#8211; PUNTATA DEL 20 NOVEMBRE 2020<\/a><\/p><\/blockquote>\n<p><iframe loading=\"lazy\" class=\"wp-embedded-content\" sandbox=\"allow-scripts\" security=\"restricted\" style=\"position: absolute; clip: rect(1px, 1px, 1px, 1px);\" title=\"&#8220;CASSA SOLIDARIET\u00c0 LUXOTTICA &#8211; PUNTATA DEL 20 NOVEMBRE 2020&#8221; &#8212; Radio Pi\u00f9\" src=\"https:\/\/www.radiopiu.net\/wordpress\/cassa-solidarieta-luxottica-puntata-del-16-ottobre-2020\/embed\/#?secret=TRg5kWVj8X\" data-secret=\"TRg5kWVj8X\" width=\"600\" height=\"338\" frameborder=\"0\" marginwidth=\"0\" marginheight=\"0\" scrolling=\"no\"><\/iframe><\/p>\n<p>&nbsp;<\/p>\n<p>&nbsp;<\/p>\n<div>\n<p>&nbsp;<\/p>\n<hr \/>\n<p>&nbsp;<\/p>\n<h2><span style=\"color: #800080;\"><strong>LA RASSEGNA STAMPA DA L&#8217;AMICO DEL POPOLO<\/strong><\/span><\/h2>\n<p><a href=\"https:\/\/www.radiopiu.net\/wordpress\/?attachment_id=180180\" rel=\"attachment wp-att-180180\"><img loading=\"lazy\" decoding=\"async\" class=\"size-medium wp-image-180180 alignleft\" src=\"https:\/\/www.radiopiu.net\/wordpress\/wp-content\/uploads\/2020\/12\/FotoMaurizioAlfieri-200x300.jpg\" alt=\"\" width=\"200\" height=\"300\" srcset=\"https:\/\/www.radiopiu.net\/wordpress\/wp-content\/uploads\/2020\/12\/FotoMaurizioAlfieri-200x300.jpg 200w, https:\/\/www.radiopiu.net\/wordpress\/wp-content\/uploads\/2020\/12\/FotoMaurizioAlfieri-683x1024.jpg 683w, https:\/\/www.radiopiu.net\/wordpress\/wp-content\/uploads\/2020\/12\/FotoMaurizioAlfieri-768x1152.jpg 768w, https:\/\/www.radiopiu.net\/wordpress\/wp-content\/uploads\/2020\/12\/FotoMaurizioAlfieri-1024x1536.jpg 1024w, https:\/\/www.radiopiu.net\/wordpress\/wp-content\/uploads\/2020\/12\/FotoMaurizioAlfieri-1365x2048.jpg 1365w, https:\/\/www.radiopiu.net\/wordpress\/wp-content\/uploads\/2020\/12\/FotoMaurizioAlfieri-scaled.jpg 1707w\" sizes=\"auto, (max-width: 200px) 100vw, 200px\" \/><\/a><strong>di Gianni Santomaso<\/strong><\/p>\n<p><strong>OSPITE: Maurizio Alfieri<\/strong><\/p>\n<audio class=\"wp-audio-shortcode\" id=\"audio-180675-16\" preload=\"none\" style=\"width: 100%;\" controls=\"controls\"><source type=\"audio\/mpeg\" src=\"https:\/\/www.radiopiu.net\/wordpress\/wp-content\/uploads\/2020\/12\/rassegna-sito-giani.mp3?_=16\" \/><a href=\"https:\/\/www.radiopiu.net\/wordpress\/wp-content\/uploads\/2020\/12\/rassegna-sito-giani.mp3\">https:\/\/www.radiopiu.net\/wordpress\/wp-content\/uploads\/2020\/12\/rassegna-sito-giani.mp3<\/a><\/audio>\n<p>&nbsp;<\/p>\n<p><strong>LA RACCOLTA COMPLETA<\/strong><\/p>\n<blockquote class=\"wp-embedded-content\" data-secret=\"DPoR1pQiWQ\"><p><a href=\"https:\/\/www.radiopiu.net\/wordpress\/rassegna-stampa-di-gianni-santomaso\/\">Rassegna stampa da l&#8217;amico del popolo &#8211; di Gianni Santomaso<\/a><\/p><\/blockquote>\n<p><iframe loading=\"lazy\" class=\"wp-embedded-content\" sandbox=\"allow-scripts\" security=\"restricted\" style=\"position: absolute; clip: rect(1px, 1px, 1px, 1px);\" title=\"&#8220;Rassegna stampa da l&#8217;amico del popolo &#8211; di Gianni Santomaso&#8221; &#8212; Radio Pi\u00f9\" src=\"https:\/\/www.radiopiu.net\/wordpress\/rassegna-stampa-di-gianni-santomaso\/embed\/#?secret=DPoR1pQiWQ\" data-secret=\"DPoR1pQiWQ\" width=\"600\" height=\"338\" frameborder=\"0\" marginwidth=\"0\" marginheight=\"0\" scrolling=\"no\"><\/iframe><\/p>\n<p>&nbsp;<\/p>\n<p>&nbsp;<\/p>\n<p>&nbsp;<\/p>\n<hr \/>\n<p>&nbsp;<\/p>\n<p>&nbsp;<\/p>\n<div>\n<h2><span style=\"color: #33cccc;\">I RACCONTI DI PAOLO SOPPELSA il lunedi alle 9.30 e 18.30<\/span><\/h2>\n<p><span style=\"color: #ff0000;\">QUESTA SETTIMANA<\/span><\/p>\n<blockquote class=\"wp-embedded-content\" data-secret=\"qhDwAvkGBK\"><p><a href=\"https:\/\/www.radiopiu.net\/wordpress\/i-racconti-di-paolo-soppelsa-cinquantatreesima-puntata\/\">I RACCONTI DI PAOLO SOPPELSA, CINQUANTATREESIMA PUNTATA<\/a><\/p><\/blockquote>\n<p><iframe loading=\"lazy\" class=\"wp-embedded-content\" sandbox=\"allow-scripts\" security=\"restricted\" style=\"position: absolute; clip: rect(1px, 1px, 1px, 1px);\" title=\"&#8220;I RACCONTI DI PAOLO SOPPELSA, CINQUANTATREESIMA PUNTATA&#8221; &#8212; Radio Pi\u00f9\" src=\"https:\/\/www.radiopiu.net\/wordpress\/i-racconti-di-paolo-soppelsa-cinquantatreesima-puntata\/embed\/#?secret=qhDwAvkGBK\" data-secret=\"qhDwAvkGBK\" width=\"600\" height=\"338\" frameborder=\"0\" marginwidth=\"0\" marginheight=\"0\" scrolling=\"no\"><\/iframe><\/p>\n<h2><span style=\"color: #33cccc;\"><strong>RACCOLTA COMPLETA<\/strong><\/span><\/h2>\n<blockquote class=\"wp-embedded-content\" data-secret=\"sdANGkF99v\"><p><a href=\"https:\/\/www.radiopiu.net\/wordpress\/i-racconti-di-paolo-soppelsa\/\">I racconti di Paolo Soppelsa<\/a><\/p><\/blockquote>\n<p><iframe loading=\"lazy\" class=\"wp-embedded-content\" sandbox=\"allow-scripts\" security=\"restricted\" style=\"position: absolute; clip: rect(1px, 1px, 1px, 1px);\" title=\"&#8220;I racconti di Paolo Soppelsa&#8221; &#8212; Radio Pi\u00f9\" src=\"https:\/\/www.radiopiu.net\/wordpress\/i-racconti-di-paolo-soppelsa\/embed\/#?secret=sdANGkF99v\" data-secret=\"sdANGkF99v\" width=\"600\" height=\"338\" frameborder=\"0\" marginwidth=\"0\" marginheight=\"0\" scrolling=\"no\"><\/iframe><\/p>\n<\/div>\n<p>&nbsp;<\/p>\n<hr \/>\n<p>&nbsp;<\/p>\n<div>\n<p>&nbsp;<\/p>\n<h2><strong>LE\u00a0 PUNTATE di Luisa Alchini di Leggermente Bellunesi, la domenica alle 11, il martedi alle 10.30 e alle 19.00<\/strong><\/h2>\n<h2><span style=\"color: #ff0000;\"><a href=\"https:\/\/www.radiopiu.net\/wordpress\/giornale-radiopiu-16-dicembre-2020-direttore-mirko-mezzacasa\/131185031_1545068962347832_5114746338855923277_o\/\" rel=\"attachment wp-att-179693\"><img loading=\"lazy\" decoding=\"async\" class=\"wp-image-179693 alignleft\" src=\"https:\/\/www.radiopiu.net\/wordpress\/wp-content\/uploads\/2020\/12\/131185031_1545068962347832_5114746338855923277_o-215x300.jpg\" alt=\"\" width=\"162\" height=\"226\" srcset=\"https:\/\/www.radiopiu.net\/wordpress\/wp-content\/uploads\/2020\/12\/131185031_1545068962347832_5114746338855923277_o-215x300.jpg 215w, https:\/\/www.radiopiu.net\/wordpress\/wp-content\/uploads\/2020\/12\/131185031_1545068962347832_5114746338855923277_o.jpg 515w\" sizes=\"auto, (max-width: 162px) 100vw, 162px\" \/><\/a><\/span><\/h2>\n<h2><\/h2>\n<h2><\/h2>\n<h2><\/h2>\n<h2><span style=\"color: #ff0000;\">QUESTA SETTIMANA<\/span><\/h2>\n<p><strong>Angelo Torrassa<\/strong><\/p>\n<p>&nbsp;<\/p>\n<audio class=\"wp-audio-shortcode\" id=\"audio-180675-17\" preload=\"none\" style=\"width: 100%;\" controls=\"controls\"><source type=\"audio\/mpeg\" src=\"https:\/\/www.radiopiu.net\/wordpress\/wp-content\/uploads\/2020\/12\/10leggermenteangelotorrassa2020.mp3?_=17\" \/><a href=\"https:\/\/www.radiopiu.net\/wordpress\/wp-content\/uploads\/2020\/12\/10leggermenteangelotorrassa2020.mp3\">https:\/\/www.radiopiu.net\/wordpress\/wp-content\/uploads\/2020\/12\/10leggermenteangelotorrassa2020.mp3<\/a><\/audio>\n<p><strong><span style=\"color: #000000;\">RACCOLTA COMPLETA<\/span><\/strong><\/p>\n<\/div>\n<blockquote class=\"wp-embedded-content\" data-secret=\"zY3csKnVay\"><p><a href=\"https:\/\/www.radiopiu.net\/wordpress\/leggermente-20\/\">LEGGERmente&#8230;Bellunesi<\/a><\/p><\/blockquote>\n<p><iframe loading=\"lazy\" class=\"wp-embedded-content\" sandbox=\"allow-scripts\" security=\"restricted\" style=\"position: absolute; clip: rect(1px, 1px, 1px, 1px);\" title=\"&#8220;LEGGERmente&#8230;Bellunesi&#8221; &#8212; Radio Pi\u00f9\" src=\"https:\/\/www.radiopiu.net\/wordpress\/leggermente-20\/embed\/#?secret=zY3csKnVay\" data-secret=\"zY3csKnVay\" width=\"600\" height=\"338\" frameborder=\"0\" marginwidth=\"0\" marginheight=\"0\" scrolling=\"no\"><\/iframe><\/p>\n<hr \/>\n<p>&nbsp;<\/p>\n<blockquote>\n<h3>L&#8217;ALMANACCO LADINO CON L&#8217;ISTITUT CESA DE JAN QUINDICINALE APPUNTAMENTO. LA DOMENICA ALLE 9 IL LUNEDI ALLE 8.35 IL MARTEDI ALLE 12.35 IL MERCOLEDI ALLE 18.35. SECONDA STAGIONE.<\/h3>\n<\/blockquote>\n<p><strong>RACCOLTA COMPLETA\u00a0<\/strong><\/p>\n<blockquote class=\"wp-embedded-content\" data-secret=\"kf6hp7vvzA\"><p><a href=\"https:\/\/www.radiopiu.net\/wordpress\/almanacco-ladino\/\">Almanacco Ladino<\/a><\/p><\/blockquote>\n<p><iframe loading=\"lazy\" class=\"wp-embedded-content\" sandbox=\"allow-scripts\" security=\"restricted\" style=\"position: absolute; clip: rect(1px, 1px, 1px, 1px);\" title=\"&#8220;Almanacco Ladino&#8221; &#8212; Radio Pi\u00f9\" src=\"https:\/\/www.radiopiu.net\/wordpress\/almanacco-ladino\/embed\/#?secret=kf6hp7vvzA\" data-secret=\"kf6hp7vvzA\" width=\"600\" height=\"338\" frameborder=\"0\" marginwidth=\"0\" marginheight=\"0\" scrolling=\"no\"><\/iframe><\/p>\n<p>&nbsp;<\/p>\n<\/div>\n<hr \/>\n<div>\n<h2><span style=\"color: #000080;\"><a class=\"dt-pswp-item\" href=\"https:\/\/www.radiopiu.net\/wordpress\/wp-content\/uploads\/2020\/10\/pp.jpg\" data-dt-img-description=\"\" data-large_image_width=\"640\" data-large_image_height=\"640\"><img loading=\"lazy\" decoding=\"async\" class=\"wp-image-163678 alignleft\" src=\"https:\/\/www.radiopiu.net\/wordpress\/wp-content\/uploads\/2020\/10\/pp-300x300.jpg\" alt=\"\" width=\"106\" height=\"106\" srcset=\"https:\/\/www.radiopiu.net\/wordpress\/wp-content\/uploads\/2020\/10\/pp-300x300.jpg 300w, https:\/\/www.radiopiu.net\/wordpress\/wp-content\/uploads\/2020\/10\/pp-150x150.jpg 150w, https:\/\/www.radiopiu.net\/wordpress\/wp-content\/uploads\/2020\/10\/pp-125x125.jpg 125w, https:\/\/www.radiopiu.net\/wordpress\/wp-content\/uploads\/2020\/10\/pp-200x200.jpg 200w, https:\/\/www.radiopiu.net\/wordpress\/wp-content\/uploads\/2020\/10\/pp-80x80.jpg 80w, https:\/\/www.radiopiu.net\/wordpress\/wp-content\/uploads\/2020\/10\/pp-480x480.jpg 480w, https:\/\/www.radiopiu.net\/wordpress\/wp-content\/uploads\/2020\/10\/pp.jpg 640w\" sizes=\"auto, (max-width: 106px) 100vw, 106px\" \/><\/a> <\/span><\/h2>\n<h2><span style=\"color: #000080;\">DON CESARE, IL PENSIERO DEL GIORNO. ALLA RADIO ALLE 7 DEL MATTINO E ALLE 19.30 DELLA SERA.\u00a0\u00a0<\/span><\/h2>\n<\/div>\n<p>&nbsp;<\/p>\n<p>&nbsp;<\/p>\n<audio class=\"wp-audio-shortcode\" id=\"audio-180675-18\" preload=\"none\" style=\"width: 100%;\" controls=\"controls\"><source type=\"audio\/mpeg\" src=\"https:\/\/www.radiopiu.net\/wordpress\/wp-content\/uploads\/2020\/12\/CESARE-13.mp3?_=18\" \/><a href=\"https:\/\/www.radiopiu.net\/wordpress\/wp-content\/uploads\/2020\/12\/CESARE-13.mp3\">https:\/\/www.radiopiu.net\/wordpress\/wp-content\/uploads\/2020\/12\/CESARE-13.mp3<\/a><\/audio>\n<p>&nbsp;<\/p>\n<p>&nbsp;<\/p>\n<hr \/>\n<p>&nbsp;<\/p>\n<div>\n<p class=\"photoswipe-wrapper\"><a class=\"dt-pswp-item pspw-wrap-ready\" href=\"https:\/\/i0.wp.com\/www.radiopiu.net\/wordpress\/wp-content\/uploads\/2018\/09\/viabilita.jpeg?ssl=1\" data-dt-img-description=\"\" data-large_image_width=\"800\" data-large_image_height=\"100\"><img loading=\"lazy\" decoding=\"async\" class=\"aligncenter wp-image-61954 size-full\" src=\"https:\/\/i0.wp.com\/www.radiopiu.net\/wordpress\/wp-content\/uploads\/2018\/09\/viabilita.jpeg?resize=800%2C100&amp;ssl=1\" sizes=\"auto, (max-width: 800px) 100vw, 800px\" srcset=\"https:\/\/i0.wp.com\/www.radiopiu.net\/wordpress\/wp-content\/uploads\/2018\/09\/viabilita.jpeg?w=800&amp;ssl=1 800w, https:\/\/i0.wp.com\/www.radiopiu.net\/wordpress\/wp-content\/uploads\/2018\/09\/viabilita.jpeg?resize=300%2C38&amp;ssl=1 300w, https:\/\/i0.wp.com\/www.radiopiu.net\/wordpress\/wp-content\/uploads\/2018\/09\/viabilita.jpeg?resize=768%2C96&amp;ssl=1 768w\" alt=\"\" width=\"800\" height=\"100\" \/><\/a><\/p>\n<\/div>\n<p>&nbsp;<\/p>\n<p><strong>SP 5 DI LAMOSANO<\/strong> Fino al 23 dicembre senso unico alternato regolato da semaforo in localit\u00e0 Pradebon in comune di Chies D&#8217;Alpago per completamento messa in sicurezza della strada<\/p>\n<p><strong>SP 28 DELLE COSTE D&#8217;ALPAGO<\/strong> fino al 31 dicembre, compreso sabato, domenica e festivi infrasettimanali,\u00a0senso unico alternato regolato da semaforo in prossimit\u00e0 dell&#8217;abitato di Farra D&#8217;Alpago per messa in sicurezza della strada<\/p>\n<p><strong>SP 422 DELL&#8217;ALPAGO E DEL CANSIGLIO<\/strong> senso unico alternato regolato da semaforo o movieri tra Bastia e Puos e tra Puos e Cornei dalle 8 alle 19 fino al 23 dicembre esclusi sabato e domenica per posa fibre ottiche<\/p>\n<p><strong>SP 42 CAVALLERA<\/strong> fino a revoca, chiusura della strada nell&#8217;abitato di Perarolo per attivazione emergenza frana &#8220;Busa del Cristo&#8221;<\/p>\n<p><strong>FELTRE<\/strong> Senso unico alternato regolato da movieri per lavori stradali nel tratto di viale Monte Grappa compreso fra incrocio con via Folli ( accesso supermercato Lidl ) e fine cantiere Altanon ( altezza negozio Kiwi Sport ) fino al 23 dicembre<\/p>\n<p><strong>PROVINCIALE 49 MISURINA CONFINE PROVINCIA DI BOLZANO<\/strong>:\u00a0 fino al 22 dicembre (festivi e prefestivi compresi) senso unico alternato con movieri o semafori<\/p>\n<p><strong>S.P.2 DELLA VALLE DEL MIS\u00a0<\/strong>Interdizione totale al traffico fino a revoca dal km 14,920 (localit\u00e0 Gona Bassa) al km 20,650 (localit\u00e0 Titele) per cedimento della carreggiata<\/p>\n<p><strong>S.P. 5 DI LAMOSANO<\/strong>\u00a0Interdizione totale fino a revoca per presenza di materiale e alberi in strada.<\/p>\n<p><strong>S.P. 251 DI VAL DI ZOLDO E VAL CELLINA\u00a0<\/strong>dalla localit\u00e0 Soffranco fino all&#8217;imbocco nord della galleria S. Giovanni interdizione totale al transito per cedimento della carreggiata<\/p>\n<p><strong>SP 3 DELLA VAL IMPERINA<\/strong> fino a revoca, senso unico alternato regolato a vista in localit\u00e0 Gona di Conedera di Rivamonte per cedimento della carreggiata stradale<\/p>\n<p><strong>REGIONALE 203 AGORDINA<\/strong>\u00a0 Fino\u00a0 al 23 dicembre (esclusi festivi e prefestivi) senso unico alternato tra Peron e Candaten con movieri dalle 7.30 alle 9 e dalle 16.30 alle 18. Con semaforo negli altri orari<\/p>\n<div>\n<p>&nbsp;<\/p>\n<hr \/>\n<p>&nbsp;<\/p>\n<p class=\"photoswipe-wrapper\"><a class=\"dt-pswp-item pspw-wrap-ready\" href=\"https:\/\/i0.wp.com\/www.radiopiu.net\/wordpress\/wp-content\/uploads\/2018\/09\/WhatsApp-Image-2018-09-20-at-16.04.06.jpeg?ssl=1\" data-dt-img-description=\"\" data-large_image_width=\"800\" data-large_image_height=\"100\"><img loading=\"lazy\" decoding=\"async\" class=\"aligncenter wp-image-61378 size-full jetpack-lazy-image jetpack-lazy-image--handled\" src=\"https:\/\/i0.wp.com\/www.radiopiu.net\/wordpress\/wp-content\/uploads\/2018\/09\/WhatsApp-Image-2018-09-20-at-16.04.06.jpeg?resize=800%2C100&amp;ssl=1\" sizes=\"auto, (max-width: 800px) 100vw, 800px\" srcset=\"https:\/\/i0.wp.com\/www.radiopiu.net\/wordpress\/wp-content\/uploads\/2018\/09\/WhatsApp-Image-2018-09-20-at-16.04.06.jpeg?w=800&amp;ssl=1 800w, https:\/\/i0.wp.com\/www.radiopiu.net\/wordpress\/wp-content\/uploads\/2018\/09\/WhatsApp-Image-2018-09-20-at-16.04.06.jpeg?resize=300%2C38&amp;ssl=1 300w, https:\/\/i0.wp.com\/www.radiopiu.net\/wordpress\/wp-content\/uploads\/2018\/09\/WhatsApp-Image-2018-09-20-at-16.04.06.jpeg?resize=768%2C96&amp;ssl=1 768w\" alt=\"\" width=\"800\" height=\"100\" data-lazy-loaded=\"1\" \/><\/a><\/p>\n<p>&nbsp;<\/p>\n<p><center><\/center><center><b>Lunedi 21<\/b><\/center><b>Tempo atteso:\u00a0<\/b>Sulle Dolomiti coperto di notte, poi alternanza di momenti soleggiati e di annuvolamenti per transito di nubi alte e medio-alte in grado di velare o coprire il cielo. Sulle Prealpi la copertura tender\u00e0 a essere maggiore, anche per banchi di nubi basse, pertanto i momenti di sole saranno minori rispetto alle Dolomiti. Far\u00e0 un po&#8217; pi\u00f9 fresco di giorno con ridotta escursione termica diurna.<br \/>\n<b>Precipitazioni:\u00a0<\/b>Probabilit\u00e0 di qualche pioviggine nella notte (10\/20%) e di qualche fiocco di neve sopra i 1200\/1300 m. In giornata assenti (0%).<br \/>\n<b>Temperature:\u00a0<\/b>Minime senza notevoli variazioni o in leggero rialzo in alcune valli; massime in generale lieve flessione. Sono previste punte di 4\/6\u00b0C nei fondovalle prealpini e di 2\/4\u00b0C a 1000\/1200 m, meno nelle valli in ombra alle stesse quote. Su Prealpi a 1500 m min -1\u00b0C max 1\u00b0C, a 2000 m min -2\u00b0C max -1\u00b0C. Su Dolomiti a 2000 m min -3\u00b0C max -1\u00b0C, a 3000 m min -6\u00b0C max -5\u00b0C.<br \/>\n<b>Venti:\u00a0<\/b>Nelle valli deboli di direzione variabile, in quota moderati da ovest sud-ovest fino a met\u00e0 pomeriggio, in rinforzo da nord-ovest fino a tesi a fine giornata sulle cime pi\u00f9 alte, a 10-20 km\/h a 2000 m, 15-35 Km\/h a 3000 m.<\/p>\n<hr \/>\n<p><center><b>Martedi 22<\/b><\/center><b>Tempo atteso:\u00a0<\/b>Giornata con cielo ancora spesso nuvoloso o molto nuvoloso per nuvolosit\u00e0 stratiforme media e alta, assieme a qualche squarcio di sereno, ma saranno piuttosto brevi e non ovunque. Debole escursione termica diurna per assenza d&#8217;irraggiamento notturno e deficit di sole in giornata. Atmosfera uggiosa nei fondovalle prealpini.<br \/>\n<b>Precipitazioni:\u00a0<\/b>Assenti in giornata (0%), mentre di notte potrebbe verificarsi un po&#8217; di neve burrascosa sulle cime dolomitiche pi\u00f9 alte (20\/30%), assieme a qualche goccia di pioggia nelle valli delle Dolomiti settentrionali (10\/20%).<br \/>\n<b>Temperature:\u00a0<\/b>In generale lieve aumento, pi\u00f9 sensibile in quota per avvezione d&#8217;aria assai mite. Sono previste punte di 7\/9\u00b0C nei fondovalle prealpini e di 5\/7\u00b0C a 1000\/1200 m. Su Prealpi a 1500 m min 2\u00b0C max 6\u00b0C, a 2000 m min 1\u00b0C max 4\u00b0C. Su Dolomiti a 2000 m min 1\u00b0C max 4\u00b0C, a 3000 m min -2\u00b0C max 0\u00b0C.<br \/>\n<b>Venti:\u00a0<\/b>Nelle valli deboli di direzione variabile, in quota venti tesi da nord-ovest, anche forti sulle cime pi\u00f9 alte, fino al primo mattino, poi in graduale attenuazione, a 10-20 km\/h a 2000 m, 15-35 Km\/h a 3000 m.<\/p>\n<hr \/>\n<p><center><b>Mercoledi 23<\/b><\/center>Tempo variabile con molte nubi stratiformi e qualche breve momento soleggiato. Maggiore umidit\u00e0 nelle valli prealpine con aggiunta di nubi basse, assieme a l&#8217;insidia di qualche nebbia nei fondovalle durante le ore pi\u00f9 fredde. Temperature senza notevoli variazioni rispetto a marted\u00ec, sensibilmente superiori alla media del periodo in alta quota. Nelle valli venti deboli di direzione variabile, in quota moderati dai quadranti occidentali.<\/p>\n<hr \/>\n<p><center><b>Giovedi 24<\/b><\/center>Cielo sempre molto nuvoloso, nonostante qualche chance di schiarite sulle Dolomiti. In questo contesto qualche debole o debolissima precipitazione non sar\u00e0 da escludere, specie sulle Prealpi, con nevischio sopra i 2000 m. A fine giornata sensibile calo termico a partire dalle Dolomiti. Venti moderati occidentali, tendenti a disporsi da nord-ovest alla sera, assieme all&#8217;ingresso d&#8217;aria fredda, deboli di direzione variabile nelle valli, salvo rinforzi per locali raffiche di Foehn alla sera nelle valli dolomitiche. Previsore: R.L.Th.<\/p>\n<p>&nbsp;<\/p>\n<hr \/>\n<p>&nbsp;<\/p>\n<p><a href=\"https:\/\/www.radiopiu.net\/wordpress\/giornale-radiopiu-15-settembre-2018-direttore-mirko-mezzacasa\/sport-7\/\" rel=\"attachment wp-att-60761\"><img loading=\"lazy\" decoding=\"async\" class=\"aligncenter wp-image-60761 size-full\" src=\"https:\/\/www.radiopiu.net\/wordpress\/wp-content\/uploads\/2018\/09\/sport.jpg\" alt=\"\" width=\"800\" height=\"100\" srcset=\"https:\/\/www.radiopiu.net\/wordpress\/wp-content\/uploads\/2018\/09\/sport.jpg 800w, https:\/\/www.radiopiu.net\/wordpress\/wp-content\/uploads\/2018\/09\/sport-300x38.jpg 300w, https:\/\/www.radiopiu.net\/wordpress\/wp-content\/uploads\/2018\/09\/sport-768x96.jpg 768w\" sizes=\"auto, (max-width: 800px) 100vw, 800px\" \/><\/a><\/p>\n<p>&nbsp;<\/p>\n<blockquote>\n<h3>SECONDA SCONFITTA IN UNA SETTIMANA. L&#8217;ALLEGHE CROLLA CON IL CALDARO<\/h3>\n<\/blockquote>\n<p><strong><a href=\"https:\/\/www.radiopiu.net\/wordpress\/il-calendario-ufficiale-dellitalian-hockey-league\/logo-alleghe-hockey\/\" rel=\"attachment wp-att-95699\"><img loading=\"lazy\" decoding=\"async\" class=\"size-medium wp-image-95699 alignleft\" src=\"https:\/\/www.radiopiu.net\/wordpress\/wp-content\/uploads\/2019\/08\/logo-alleghe-hockey-300x281.png\" alt=\"\" width=\"300\" height=\"281\" srcset=\"https:\/\/www.radiopiu.net\/wordpress\/wp-content\/uploads\/2019\/08\/logo-alleghe-hockey-300x281.png 300w, https:\/\/www.radiopiu.net\/wordpress\/wp-content\/uploads\/2019\/08\/logo-alleghe-hockey.png 547w\" sizes=\"auto, (max-width: 300px) 100vw, 300px\" \/><\/a>CALDARO &#8211; ALLEGHE 7-3<\/strong><\/p>\n<p>PARZIALI: 3-1, 1-1, 3-1<\/p>\n<p>GOL: pt. 9\u201929\u201d Felderer, 10\u201910\u201d Gius, 17\u201931\u201d Kiviranta, 17\u201946\u201d Virtala. st. 2\u201916\u201d Soppelsa, 16\u201916\u201d Virtala. tt. 3\u201931\u201d Felderer, 5\u201926\u201d Kiviranta, 8\u201957\u201d Felderer, 19\u201905\u201d Andergassen<\/p>\n<p><b>CALDARO <\/b>Seconda sconfitta in pochi giorni per l\u2019Alleghe Hockey. Anche questa volta la squadra di Matikainen non ha demeritato. Ottima prestazione nel periodo centrale con le civette capaci di mettere in difficolt\u00e0 un Caldaro che ha fatto vedere delle buone cose ad inizio gara. Un gol annullato da Soraperra per gli alleghesi e terzo tempo sfortunato con i biancorossi che si avvicinano pi\u00f9 volte al gol ma pagando caro alcune lacune difensive. Match scorrevole e piacevole nei primi minuti. Le squadre giocano a viso aperto. I due portieri vengono impegnati pi\u00f9 volte ma il punteggio non si sblocca. Dopo svariati tentativi il Caldaro si porta in vantaggio. Tutto parte da un contropiede con Felderer che batte Scola. Il raddoppi arriva subito dopo con un gol in fotocopia con il portiere alleghese che viene superato per la seconda volta, Gius autore del gol. Civette in difficolt\u00e0 che non riescono a usufruire una superiorit\u00e0 numerica per accorciare le distanze. Altoatesini scatenati che continuano a premere alla ricerca della terza marcatura. Biancorossi che accorciano le distanze con Kiviranta ma i padroni di casa rispondono all\u2019istante con Virtala. Nel drittel centrale l\u2019Alleghe sembra avere una marcia in pi\u00f9 e trova la seconda rete della serata. Dopo un gol divorato da De Toni, ci pensa Soppelsa a spedire il disco in fondo al sacco. Caldaro che non riesce a reagire ed agordini indiavolati alla ricerca del pareggio. Tante le conclusioni della squadra di Alleghe ma la sfortuna la fa da padrona. Kiviranta sigla la rete del pareggio ma il capo arbitro non ravvisa il gol. \u00c8 un assedio quello dei biancorossi ma il portiere altoatesino non fa passare un disco. Alla prima vera azione del secondo tempo il Caladro cala il poker grazie a Virtala che sigla la doppietta personale. Terzo tempo che parte in salita per le civette che subiscono la quinta rete. Subito la reazione dell\u2019Alleghe che accorcia con Kiviranta. A chiudere la sfida ci pensa Felderer con la tripletta personale. Nel finale di gara cala il ritmo e le squadre sembrano non impegnarsi pi\u00f9 di tanto. A pochi secondi dal termine il Caldaro sigla il settimo gol.<\/p>\n<p>&nbsp;<\/p>\n<hr \/>\n<p>&nbsp;<\/p>\n<blockquote>\n<h3>CARLO LORENZI: &#8220;NON E&#8217; TEMPO DI APPENDERE I PATTINI AL CHIODO, MA ESSERE PRUDENTI SI, PER QUESTO LO STOP MOMENTANEO&#8221;<\/h3>\n<\/blockquote>\n<p><strong><a href=\"https:\/\/www.radiopiu.net\/wordpress\/carlo-lorenzi-rassicura-i-tifosi-e-conferma-che-la-scelta-di-fermarsi-non-e-definitiva\/carlo-lorenzi\/\" rel=\"attachment wp-att-180729\"><img loading=\"lazy\" decoding=\"async\" class=\"size-medium wp-image-180729 alignleft\" src=\"https:\/\/www.radiopiu.net\/wordpress\/wp-content\/uploads\/2020\/12\/CARLO-LORENZI-300x200.jpg\" alt=\"\" width=\"300\" height=\"200\" srcset=\"https:\/\/www.radiopiu.net\/wordpress\/wp-content\/uploads\/2020\/12\/CARLO-LORENZI-300x200.jpg 300w, https:\/\/www.radiopiu.net\/wordpress\/wp-content\/uploads\/2020\/12\/CARLO-LORENZI-1024x683.jpg 1024w, https:\/\/www.radiopiu.net\/wordpress\/wp-content\/uploads\/2020\/12\/CARLO-LORENZI-768x512.jpg 768w, https:\/\/www.radiopiu.net\/wordpress\/wp-content\/uploads\/2020\/12\/CARLO-LORENZI.jpg 1044w\" sizes=\"auto, (max-width: 300px) 100vw, 300px\" \/><\/a>CANALE D&#8217;AGORDO <\/strong><em>&#8220;Voglio rassicurare tutti i tifosi dell&#8217;Alleghe che il mio \u00e8 uno stop momentaneo&#8221;.<\/em> A dirlo Carlo Lorenzi, il difensore dell&#8217;Alleghe Hockey\u00a0 Il quarantaseienne di Canale d&#8217;Agordo si \u00e8 fermato si, ma solo per questo periodo di pandemia. <em>&#8220;In questo mese di stop del campionato ho parlato a lungo con la societ\u00e0 e io assieme ad altri 5 giocatori abbiamo deciso che in questo momento non ci\u00a0 sono le condizioni per giocare serenamente. \u00c8 una scelta momentanea , poi vedremo con il mese di gennaio come andr\u00e0 la situazione epidemiologica, se in miglioramento siamo pronti a ripartire&#8221;.<\/em> Non resta che attendere e sperare che il Covid sparisca in fretta. Resta il fatto che Lorenzi \u00e8 pronto a rimettere i pattini ai piedi<em> &#8220;Ma con calma &#8211; sdrammatizza il difensore alleghese &#8211; come ben sai ho una certa et\u00e0 e prima di ritornare sul ghiaccio ho bisogno di prepararmi bene. Non sono un giovanotto che nel giro di qualche giorno torno in forma come prima&#8221; <\/em><\/p>\n<p><em>(foto TIELLEPHOTO.IT)<\/em><\/p>\n<\/div>\n","protected":false},"excerpt":{"rendered":"<p>PER RICEVERE QUESTO NOTIZIARIO DIRETTAMENTE SUL TUO CELLULARE ISCRIVITI AL CANALE TELEGRAM \u201cRADIO PIU\u00a0 INFORMAZIONE&#8221; ATTENZIONE: LA NUOVA APP PER IOS-IPHONE https:\/\/apps.apple.com\/it\/app\/radio-pi%C3%B9-emittente-agordina\/id1515939845 ATTENZIONE: LA NUOVA APP RADIO\u00a0 PER ANDROID https:\/\/play.google.com\/store\/apps\/details?id=net.radiopiu.iniko\u00a0\u00a0 &nbsp; &nbsp; IN VIGORE L&#8217;AUTOCERTIFICAZIONE. FINO AL 23 DICEMBRE DA UTILIZZARE IN VENETO DOPO LE 14. DAL 24 DICEMBRE AL 6 GENNAIO TUTTI I GIORNI&hellip;<\/p>\n","protected":false},"author":4,"featured_media":180788,"comment_status":"closed","ping_status":"closed","sticky":false,"template":"","format":"standard","meta":{"_monsterinsights_skip_tracking":false,"_monsterinsights_sitenote_active":false,"_monsterinsights_sitenote_note":"","_monsterinsights_sitenote_category":0,"footnotes":""},"categories":[1,51,86,49],"tags":[],"class_list":["post-180675","post","type-post","status-publish","format-standard","has-post-thumbnail","hentry","category-senza-categoria","category-evidenza-top","category-gr","category-news-18","category-1","category-51","category-86","category-49","description-off"],"img_url":"https:\/\/www.radiopiu.net\/wordpress\/wp-content\/uploads\/2020\/12\/5bfbae5c-86b9-4952-9622-d88ae41bc0d1.jpg","_links":{"self":[{"href":"https:\/\/www.radiopiu.net\/wordpress\/wp-json\/wp\/v2\/posts\/180675","targetHints":{"allow":["GET"]}}],"collection":[{"href":"https:\/\/www.radiopiu.net\/wordpress\/wp-json\/wp\/v2\/posts"}],"about":[{"href":"https:\/\/www.radiopiu.net\/wordpress\/wp-json\/wp\/v2\/types\/post"}],"author":[{"embeddable":true,"href":"https:\/\/www.radiopiu.net\/wordpress\/wp-json\/wp\/v2\/users\/4"}],"replies":[{"embeddable":true,"href":"https:\/\/www.radiopiu.net\/wordpress\/wp-json\/wp\/v2\/comments?post=180675"}],"version-history":[{"count":0,"href":"https:\/\/www.radiopiu.net\/wordpress\/wp-json\/wp\/v2\/posts\/180675\/revisions"}],"wp:featuredmedia":[{"embeddable":true,"href":"https:\/\/www.radiopiu.net\/wordpress\/wp-json\/wp\/v2\/media\/180788"}],"wp:attachment":[{"href":"https:\/\/www.radiopiu.net\/wordpress\/wp-json\/wp\/v2\/media?parent=180675"}],"wp:term":[{"taxonomy":"category","embeddable":true,"href":"https:\/\/www.radiopiu.net\/wordpress\/wp-json\/wp\/v2\/categories?post=180675"},{"taxonomy":"post_tag","embeddable":true,"href":"https:\/\/www.radiopiu.net\/wordpress\/wp-json\/wp\/v2\/tags?post=180675"}],"curies":[{"name":"wp","href":"https:\/\/api.w.org\/{rel}","templated":true}]}}