{"id":180694,"date":"2020-12-20T00:15:48","date_gmt":"2020-12-19T23:15:48","guid":{"rendered":"https:\/\/www.radiopiu.net\/wordpress\/?p=180694"},"modified":"2020-12-20T08:17:20","modified_gmt":"2020-12-20T07:17:20","slug":"provincia-e-confindustria-belluno-dolomiti-avanti-insieme-sul-piano-eurac","status":"publish","type":"post","link":"https:\/\/www.radiopiu.net\/wordpress\/provincia-e-confindustria-belluno-dolomiti-avanti-insieme-sul-piano-eurac\/","title":{"rendered":"PROVINCIA E CONFINDUSTRIA BELLUNO DOLOMITI AVANTI INSIEME SUL PIANO EURAC"},"content":{"rendered":"<p>&nbsp;<\/p>\n<blockquote>\n<h3><\/h3>\n<\/blockquote>\n<p><strong><a href=\"https:\/\/www.radiopiu.net\/wordpress\/elezioni-comunali-2019-alleghe\/alleghe-danilo-de-toni\/\" rel=\"attachment wp-att-86463\"><img loading=\"lazy\" decoding=\"async\" class=\"size-medium wp-image-86463 alignleft\" src=\"https:\/\/www.radiopiu.net\/wordpress\/wp-content\/uploads\/2019\/05\/ALLEGHE-DANILO-DE-TONI-257x300.jpeg\" alt=\"\" width=\"257\" height=\"300\" srcset=\"https:\/\/www.radiopiu.net\/wordpress\/wp-content\/uploads\/2019\/05\/ALLEGHE-DANILO-DE-TONI-257x300.jpeg 257w, https:\/\/www.radiopiu.net\/wordpress\/wp-content\/uploads\/2019\/05\/ALLEGHE-DANILO-DE-TONI-768x895.jpeg 768w, https:\/\/www.radiopiu.net\/wordpress\/wp-content\/uploads\/2019\/05\/ALLEGHE-DANILO-DE-TONI-879x1024.jpeg 879w, https:\/\/www.radiopiu.net\/wordpress\/wp-content\/uploads\/2019\/05\/ALLEGHE-DANILO-DE-TONI.jpeg 1373w\" sizes=\"auto, (max-width: 257px) 100vw, 257px\" \/><\/a>BELLUNO\u00a0<\/strong>Prosegue il percorso della Provincia nel Piano Eurac \u201cVivere le Dolomiti\u201d. La ricalibratura del lavoro conseguente all\u2019emergenza sanitaria guarda al completamento e potenziamento della programmazione a livello di promozione turistica, nella costruzione di un brand che in futuro possa evolversi in marketing territoriale a 360 gradi. Un obiettivo a lungo raggio che \u00e8 sposato in pieno da Confindustria Belluno Dolomiti e che punta a rendere il territorio bellunese attrattivo non solo per i turisti, ma anche per imprese, investimenti, lavoratori e nuovi residenti.. L\u2019idea in fase di costruzione, \u00e8 quella di creare all\u2019interno delle future declinazioni del Piano Eurac anche un vero e proprio marketing territoriale, in modo da promuovere tutto quello che il Bellunese \u00e8: dalla manifattura e dal made in Belluno Dolomiti, fino alle possibilit\u00e0 di lavoro e crescita professionale. Il primo step per\u00f2 resta quello del potenziamento della promozione e dell\u2019offerta turistica, obiettivo per cui \u00e8 stato predisposto il programma \u201cVivere le Dolomiti\u201d.<\/p>\n<p><strong>IL CONSIGLIERE PROVINCIALE DANILO DE TONI<\/strong><\/p>\n<audio class=\"wp-audio-shortcode\" id=\"audio-180694-1\" preload=\"none\" style=\"width: 100%;\" controls=\"controls\"><source type=\"audio\/mpeg\" src=\"https:\/\/www.radiopiu.net\/wordpress\/wp-content\/uploads\/2020\/12\/DE-TONI-PROVINCIA.mp3?_=1\" \/><a href=\"https:\/\/www.radiopiu.net\/wordpress\/wp-content\/uploads\/2020\/12\/DE-TONI-PROVINCIA.mp3\">https:\/\/www.radiopiu.net\/wordpress\/wp-content\/uploads\/2020\/12\/DE-TONI-PROVINCIA.mp3<\/a><\/audio>\n<p>&nbsp;<\/p>\n","protected":false},"excerpt":{"rendered":"<p>&nbsp; BELLUNO\u00a0Prosegue il percorso della Provincia nel Piano Eurac \u201cVivere le Dolomiti\u201d. La ricalibratura del lavoro conseguente all\u2019emergenza sanitaria guarda al completamento e potenziamento della programmazione a livello di promozione turistica, nella costruzione di un brand che in futuro possa evolversi in marketing territoriale a 360 gradi. Un obiettivo a lungo raggio che \u00e8 sposato&hellip;<\/p>\n","protected":false},"author":4,"featured_media":86463,"comment_status":"closed","ping_status":"closed","sticky":false,"template":"","format":"standard","meta":{"_monsterinsights_skip_tracking":false,"_monsterinsights_sitenote_active":false,"_monsterinsights_sitenote_note":"","_monsterinsights_sitenote_category":0,"footnotes":""},"categories":[51,49],"tags":[],"class_list":["post-180694","post","type-post","status-publish","format-standard","has-post-thumbnail","hentry","category-evidenza-top","category-news-18","category-51","category-49","description-off"],"img_url":"https:\/\/www.radiopiu.net\/wordpress\/wp-content\/uploads\/2019\/05\/ALLEGHE-DANILO-DE-TONI.jpeg","_links":{"self":[{"href":"https:\/\/www.radiopiu.net\/wordpress\/wp-json\/wp\/v2\/posts\/180694","targetHints":{"allow":["GET"]}}],"collection":[{"href":"https:\/\/www.radiopiu.net\/wordpress\/wp-json\/wp\/v2\/posts"}],"about":[{"href":"https:\/\/www.radiopiu.net\/wordpress\/wp-json\/wp\/v2\/types\/post"}],"author":[{"embeddable":true,"href":"https:\/\/www.radiopiu.net\/wordpress\/wp-json\/wp\/v2\/users\/4"}],"replies":[{"embeddable":true,"href":"https:\/\/www.radiopiu.net\/wordpress\/wp-json\/wp\/v2\/comments?post=180694"}],"version-history":[{"count":0,"href":"https:\/\/www.radiopiu.net\/wordpress\/wp-json\/wp\/v2\/posts\/180694\/revisions"}],"wp:featuredmedia":[{"embeddable":true,"href":"https:\/\/www.radiopiu.net\/wordpress\/wp-json\/wp\/v2\/media\/86463"}],"wp:attachment":[{"href":"https:\/\/www.radiopiu.net\/wordpress\/wp-json\/wp\/v2\/media?parent=180694"}],"wp:term":[{"taxonomy":"category","embeddable":true,"href":"https:\/\/www.radiopiu.net\/wordpress\/wp-json\/wp\/v2\/categories?post=180694"},{"taxonomy":"post_tag","embeddable":true,"href":"https:\/\/www.radiopiu.net\/wordpress\/wp-json\/wp\/v2\/tags?post=180694"}],"curies":[{"name":"wp","href":"https:\/\/api.w.org\/{rel}","templated":true}]}}