{"id":180764,"date":"2020-12-22T06:00:11","date_gmt":"2020-12-22T05:00:11","guid":{"rendered":"https:\/\/www.radiopiu.net\/wordpress\/?p=180764"},"modified":"2020-12-22T10:11:37","modified_gmt":"2020-12-22T09:11:37","slug":"giornale-radiopiu-22-dicembre-2020-direttore-mirko-mezzacasa","status":"publish","type":"post","link":"https:\/\/www.radiopiu.net\/wordpress\/giornale-radiopiu-22-dicembre-2020-direttore-mirko-mezzacasa\/","title":{"rendered":"GIORNALE RADIOPIU 22 DICEMBRE 2020 DIRETTORE MIRKO MEZZACASA"},"content":{"rendered":"<h3>PER<strong> RICEVERE QUESTO NOTIZIARIO DIRETTAMENTE SUL TUO CELLULARE ISCRIVITI AL CANALE TELEGRAM <\/strong><strong>\u201cRADIO PIU\u00a0 INFORMAZIONE&#8221;<\/strong><\/h3>\n<p><em>ATTENZIONE: LA NUOVA APP PER IOS-IPHONE<\/em><\/p>\n<div>\n<div><a href=\"https:\/\/apps.apple.com\/it\/app\/radio-pi%C3%B9-emittente-agordina\/id1515939845\">https:\/\/apps.apple.com\/it\/app\/radio-pi%C3%B9-emittente-agordina\/id1515939845<\/a><\/div>\n<\/div>\n<div><\/div>\n<div>\n<div dir=\"auto\"><em>ATTENZIONE: LA NUOVA APP RADIO\u00a0 PER ANDROID<\/em><\/div>\n<\/div>\n<p><a href=\"https:\/\/play.google.com\/store\/apps\/details?id=net.radiopiu.iniko\" target=\"_blank\" rel=\"noopener noreferrer\">https:\/\/play.google.com\/store\/apps\/details?id=net.radiopiu.iniko\u00a0\u00a0<\/a><\/p>\n<p>&nbsp;<\/p>\n<h4>S&#8217;aggirava per Voltago il Babbo vestito a Natale con i suoi fidati collaboratori, ne hanno goduto negli sguardi e nel palato i bambini del paese ai quali l&#8217;amato barbuto ha lasciato caramelle e dolciumi.<\/h4>\n\n\t\t\t<style type='text\/css'>\n\t\t\t\t#gallery-1 {\n\t\t\t\t\tmargin: auto;\n\t\t\t\t}\n\t\t\t\t#gallery-1 .gallery-item {\n\t\t\t\t\tfloat: left;\n\t\t\t\t\tmargin-top: 10px;\n\t\t\t\t\ttext-align: center;\n\t\t\t\t\twidth: 25%;\n\t\t\t\t}\n\t\t\t\t#gallery-1 img {\n\t\t\t\t\tborder: 2px solid #cfcfcf;\n\t\t\t\t}\n\t\t\t\t#gallery-1 .gallery-caption {\n\t\t\t\t\tmargin-left: 0;\n\t\t\t\t}\n\t\t\t\t\/* see gallery_shortcode() in wp-includes\/media.php *\/\n\t\t\t<\/style>\n\t\t<div id='gallery-1' class='dt-gallery-container gallery galleryid-180764 gallery-columns-4 gallery-size-thumbnail'><dl class='gallery-item'>\n\t\t\t\t<dt class='gallery-icon landscape'>\n\t\t\t\t\t<a class=\"rollover rollover-zoom dt-pswp-item\" title=\"ecc12290-bfd5-4242-935e-7bf8d15cc2c0\" data-dt-img-description=\"\" data-large_image_width=\"320\" data-large_image_height=\"235\"href='https:\/\/www.radiopiu.net\/wordpress\/wp-content\/uploads\/2020\/12\/ecc12290-bfd5-4242-935e-7bf8d15cc2c0.jpg'><img loading=\"lazy\" decoding=\"async\" width=\"150\" height=\"150\" src=\"https:\/\/www.radiopiu.net\/wordpress\/wp-content\/uploads\/2020\/12\/ecc12290-bfd5-4242-935e-7bf8d15cc2c0-150x150.jpg\" class=\"attachment-thumbnail size-thumbnail\" alt=\"\" \/><\/a>\n\t\t\t\t<\/dt><\/dl><dl class='gallery-item'>\n\t\t\t\t<dt class='gallery-icon portrait'>\n\t\t\t\t\t<a class=\"rollover rollover-zoom dt-pswp-item\" title=\"71440aac-fb30-4ee8-92a7-6e203f99495d\" data-dt-img-description=\"\" data-large_image_width=\"240\" data-large_image_height=\"320\"href='https:\/\/www.radiopiu.net\/wordpress\/wp-content\/uploads\/2020\/12\/71440aac-fb30-4ee8-92a7-6e203f99495d.jpg'><img loading=\"lazy\" decoding=\"async\" width=\"150\" height=\"150\" src=\"https:\/\/www.radiopiu.net\/wordpress\/wp-content\/uploads\/2020\/12\/71440aac-fb30-4ee8-92a7-6e203f99495d-150x150.jpg\" class=\"attachment-thumbnail size-thumbnail\" alt=\"\" \/><\/a>\n\t\t\t\t<\/dt><\/dl><dl class='gallery-item'>\n\t\t\t\t<dt class='gallery-icon portrait'>\n\t\t\t\t\t<a class=\"rollover rollover-zoom dt-pswp-item\" title=\"a99a108b-a50c-43b2-b367-0fd543d6c145\" data-dt-img-description=\"\" data-large_image_width=\"240\" data-large_image_height=\"320\"href='https:\/\/www.radiopiu.net\/wordpress\/wp-content\/uploads\/2020\/12\/a99a108b-a50c-43b2-b367-0fd543d6c145.jpg'><img loading=\"lazy\" decoding=\"async\" width=\"150\" height=\"150\" src=\"https:\/\/www.radiopiu.net\/wordpress\/wp-content\/uploads\/2020\/12\/a99a108b-a50c-43b2-b367-0fd543d6c145-150x150.jpg\" class=\"attachment-thumbnail size-thumbnail\" alt=\"\" \/><\/a>\n\t\t\t\t<\/dt><\/dl><dl class='gallery-item'>\n\t\t\t\t<dt class='gallery-icon portrait'>\n\t\t\t\t\t<a class=\"rollover rollover-zoom dt-pswp-item\" title=\"23b6477c-a525-4dfc-ad11-41f6d9548813\" data-dt-img-description=\"\" data-large_image_width=\"240\" data-large_image_height=\"320\"href='https:\/\/www.radiopiu.net\/wordpress\/wp-content\/uploads\/2020\/12\/23b6477c-a525-4dfc-ad11-41f6d9548813.jpg'><img loading=\"lazy\" decoding=\"async\" width=\"150\" height=\"150\" src=\"https:\/\/www.radiopiu.net\/wordpress\/wp-content\/uploads\/2020\/12\/23b6477c-a525-4dfc-ad11-41f6d9548813-150x150.jpg\" class=\"attachment-thumbnail size-thumbnail\" alt=\"\" \/><\/a>\n\t\t\t\t<\/dt><\/dl><br style=\"clear: both\" \/>\n\t\t\t<\/div>\n\n<p>&nbsp;<\/p>\n<p><strong>PADOVA\u00a0<\/strong> Ieri mattina: Ilaria Mandruzzato e Giorgio Pavan cantano Jingle Bell Rock Cantantatale (da un&#8217;idea di Leandro Barsotti)\u00a0 davanti a Pediatria mentre su Zoom trecento persone li accompagnano. Un&#8217;onda di gioia a tutti i bambini ricoverati.<\/p>\n<p>https:\/\/www.facebook.com\/cantaNatale\/videos\/211428347267158<\/p>\n<p>&nbsp;<\/p>\n<p>&nbsp;<\/p>\n<hr \/>\n<p>&nbsp;<\/p>\n<h2 style=\"text-align: center;\"><span style=\"color: #ff0000;\">IN VIGORE L&#8217;AUTOCERTIFICAZIONE. FINO AL 23 DICEMBRE DA UTILIZZARE IN VENETO DOPO LE 14. DAL 24 DICEMBRE AL 6 GENNAIO TUTTI I GIORNI SE CI SI SPOSTA DAL PROPRIO COMUNE DI RESIDENZA<\/span><\/h2>\n<h2 style=\"text-align: center;\"><a href=\"https:\/\/www.radiopiu.net\/wordpress\/wp-content\/uploads\/2020\/12\/AUTOCERTIFICAZIONE-OTTOBRE-2020.pdf\">SCARICALA QUI<\/a><\/h2>\n<p>&nbsp;<\/p>\n<p>&nbsp;<\/p>\n<hr \/>\n<p>&nbsp;<\/p>\n<blockquote>\n<h3>INTERRUZIONI TRA PERON E CANDATEN<\/h3>\n<\/blockquote>\n<p><strong> <img loading=\"lazy\" decoding=\"async\" class=\"alignleft\" src=\"https:\/\/www.radiopiu.net\/wordpress\/wp-content\/uploads\/2015\/04\/Strada_Regionale_203_Agordina.png\" width=\"182\" height=\"78\" \/>SEDICO\u00a0<\/strong> Ancora disagi per chi si sposta lungo la regionale 203 agordina, dopo i sensi unici semaforici le interruzioni temporanee a sorpresa. Oggi e domani tra Peron e Candaten interruzioni alla viabilit\u00e0, massimo 10 minuti con movieri per consentire il trasporto aereo di materiale a monte della strada.<\/p>\n<p>&nbsp;<\/p>\n<blockquote>\n<h3>PER NATALE NON APRE IL COLLEGAMENTO LONGARONE-ZOLDO, L&#8217;ALTERNATIVA: STAULANZA, DURAN, CIBIANA<\/h3>\n<\/blockquote>\n<p><strong>DALLA VAL DI ZOLDO L&#8217;ANNUNCIO DEL SINDACO CAMILLO DE PELLEGRIN:<\/strong> <em>Sono spiacente di informare che come comunicato da Veneto Strade la sp 251 non potr\u00e0 riaprire, come ipotizzato, il 24 dicembre, bens\u00ec riaprir\u00e0 il 30. Le perforazioni, considerato lo stato della roccia, richiedono pi\u00f9 tempo del previsto.<\/em><\/p>\n<p><span style=\"color: #ff0000;\">VIDEO E FOTO COPERTINA, VENETO STRADE<\/span><\/p>\n<p>https:\/\/www.facebook.com\/venetostrade\/videos\/3743956252334686<\/p>\n<p>&nbsp;<\/p>\n<p>&nbsp;<\/p>\n<hr \/>\n<p>&nbsp;<\/p>\n<p>&nbsp;<\/p>\n<blockquote>\n<h3>QUATTRO DECESSI NEGLI ULTIMI TRE GIORNI, 147 POSITIVI NELLE ULTIME 24 ORE<\/h3>\n<\/blockquote>\n<p><strong>BELLUNO<\/strong>\u00a0 Tra sabato e domenica\u00a0 <span style=\"font-size: medium;\">sono decedute 3 persone covid positive: una donna di 85 anni ricoverata in Pneumologia a Feltre, una donna di 77 anni ricoverata in geriatria Covid a Feltre, un uomo di 84 anni ricoverato in Pneumologia a Belluno, ieri<\/span><span style=\"font-size: medium;\">\u00a0\u00e8 deceduto un uomo covid positivo di 84 anni ricoverato in Geriatria a Belluno<\/span><\/p>\n<p>IERI ALLE 17: nuovi positivi 147 (ultime 24 ore)<\/p>\n<p align=\"JUSTIFY\"><span style=\"font-size: medium;\">Le persone attualmente POSITIVE ricoverate negli ospedali dell\u2019Ulss Dolomiti sono<\/span>:<\/p>\n<table border=\"1\" width=\"652\" frame=\"HSIDES\" rules=\"GROUPS\" cellspacing=\"0\" cellpadding=\"7\">\n<tbody>\n<tr valign=\"TOP\">\n<td width=\"203\"><\/td>\n<td width=\"203\">\n<p align=\"JUSTIFY\"><span style=\"color: #365f91;\"><span style=\"font-size: medium;\"><b>Area NON CRITICA<\/b><\/span><\/span><\/p>\n<\/td>\n<td width=\"203\">\n<p align=\"JUSTIFY\"><span style=\"color: #365f91;\"><span style=\"font-size: medium;\"><b>Terapia Intensiva<\/b><\/span><\/span><\/p>\n<\/td>\n<\/tr>\n<\/tbody>\n<tbody>\n<tr valign=\"TOP\">\n<td bgcolor=\"#d3dfee\" width=\"203\">\n<p align=\"JUSTIFY\"><span style=\"color: #365f91;\"><span style=\"font-size: medium;\"><b>Ospedale di Belluno <\/b><\/span><\/span><\/p>\n<\/td>\n<td bgcolor=\"#d3dfee\" width=\"203\">\n<p align=\"CENTER\"><span style=\"color: #365f91;\"><span style=\"font-size: medium;\">59<\/span><\/span><\/p>\n<\/td>\n<td bgcolor=\"#d3dfee\" width=\"203\">\n<p align=\"CENTER\"><span style=\"color: #365f91;\"><span style=\"font-size: medium;\">6<\/span><\/span><\/p>\n<\/td>\n<\/tr>\n<tr valign=\"TOP\">\n<td bgcolor=\"#d3dfee\" width=\"203\">\n<p align=\"JUSTIFY\"><span style=\"color: #365f91;\"><span style=\"font-size: medium;\"><b>Ospedale di Feltre<\/b><\/span><\/span><\/p>\n<p align=\"JUSTIFY\"><span style=\"color: #365f91;\"><span style=\"font-size: medium;\"><b>Ospedale di Agordo<\/b><\/span><\/span><\/p>\n<\/td>\n<td bgcolor=\"#d3dfee\" width=\"203\">\n<p align=\"CENTER\"><span style=\"color: #365f91;\"><span style=\"font-size: medium;\">47<\/span><\/span><\/p>\n<p align=\"CENTER\"><span style=\"color: #365f91;\"><span style=\"font-size: medium;\">10<\/span><\/span><\/p>\n<\/td>\n<td bgcolor=\"#d3dfee\" width=\"203\">\n<p align=\"CENTER\"><span style=\"color: #365f91;\"><span style=\"font-size: medium;\">7<\/span><\/span><\/p>\n<\/td>\n<\/tr>\n<\/tbody>\n<\/table>\n<p align=\"JUSTIFY\"><span style=\"font-size: medium;\">Le persone attualmente POSITIVE <\/span>ricoverate in Ospedale di Comunit\u00e0 sono:<\/p>\n<table border=\"1\" width=\"652\" frame=\"HSIDES\" rules=\"GROUPS\" cellspacing=\"0\" cellpadding=\"7\">\n<tbody>\n<tr valign=\"TOP\">\n<td width=\"312\"><\/td>\n<td width=\"312\">\n<p align=\"JUSTIFY\"><span style=\"color: #76923c;\"><span style=\"font-size: medium;\"><b>pazienti attualmente positivi<\/b><\/span><\/span><\/p>\n<\/td>\n<\/tr>\n<\/tbody>\n<tbody>\n<tr valign=\"TOP\">\n<td bgcolor=\"#e6eed5\" width=\"312\" height=\"5\">\n<p align=\"JUSTIFY\"><span style=\"color: #76923c;\"><span style=\"font-size: medium;\"><b>Ospedale di Comunit\u00e0 ALANO<\/b><\/span><\/span><\/p>\n<\/td>\n<td bgcolor=\"#e6eed5\" width=\"312\">\n<p align=\"CENTER\"><span style=\"color: #76923c;\"><span style=\"font-size: medium;\">5<\/span><\/span><\/p>\n<\/td>\n<\/tr>\n<tr valign=\"TOP\">\n<td bgcolor=\"#e6eed5\" width=\"312\">\n<p align=\"JUSTIFY\"><span style=\"color: #76923c;\"><span style=\"font-size: medium;\"><b>Ospedale di Comunit\u00e0 AURONZO<\/b><\/span><\/span><\/p>\n<p align=\"JUSTIFY\"><span style=\"color: #76923c;\"><span style=\"font-size: medium;\"><b>Ospedale di Comunit\u00e0 di BELLUNO <\/b><\/span><\/span><\/p>\n<\/td>\n<td bgcolor=\"#e6eed5\" width=\"312\">\n<p align=\"CENTER\"><span style=\"color: #76923c;\"><span style=\"font-size: medium;\">4<\/span><\/span><\/p>\n<p align=\"CENTER\"><span style=\"color: #76923c;\"><span style=\"font-size: medium;\">19<\/span><\/span><\/p>\n<\/td>\n<\/tr>\n<tr valign=\"TOP\">\n<td bgcolor=\"#e6eed5\" width=\"312\">\n<p align=\"JUSTIFY\"><span style=\"color: #76923c;\"><span style=\"font-size: medium;\"><b>Ospedale di Comunit\u00e0 di FELTRE<\/b><\/span><\/span><\/p>\n<\/td>\n<td bgcolor=\"#e6eed5\" width=\"312\">\n<p align=\"CENTER\"><span style=\"color: #76923c;\"><span style=\"font-size: medium;\">12<\/span><\/span><\/p>\n<\/td>\n<\/tr>\n<\/tbody>\n<\/table>\n<h3><\/h3>\n<p>&nbsp;<\/p>\n<p>&nbsp;<\/p>\n<p>&nbsp;<\/p>\n<hr \/>\n<h3><\/h3>\n<blockquote>\n<h3>MUTA IL VIRUS E SCATTANO I CONTROLLI PER CHI RIENTRA DAL REGNO UNITO. I MEDICI CHIEDONO PIU&#8217; RIGORE AD INIZIARE DAL VENETO. IL PRESIDENTE ZAIA SOTTO ATTACCO E BOTTACIN PREANNUNCIA LE QUERELE<\/h3>\n<\/blockquote>\n<p>La nuova mutazione del virus preoccupa gli scieniziati e la Regione promulga una nuova ordinanza che interessa coloro che sono rientrati o rientrano da Gran Bretagna e Irlanda, il virus dei positivi sar\u00e0 sequenziato. Zaia sotto tiro anche in Provincia di Belluno, a Cesiomaggiore sono comparse scritte contro il Presidente della Regione, Gianpaolo Bottacin conferma che non mancheranno le denunce. A Longarone salgono i contagi tra gli operatori della casa di riposo. A Cortina la Polizia chiude per 5 giorni L&#8217;Hotel De La Poste nel corso di una cena con ospiti che non pernottavano in Hotel. In Regione anche ieri tanti decessi 118, sono 2880 le persone ricoverate, ieri 11 in meno. I medici veneti contro Zaia e Conte, chiedono un lockdown immediato e massimo rigore ad iniziare proprio dal Veneto. Nel fine settimana 4 decessi a Belluno e 147 nuovi infetti.<\/p>\n<p><span style=\"color: #ffcc00;\"><strong>NEI GIORNI GIALLI (22-23 DICEMBRE E DAL 7 GENNAIO):<\/strong><\/span>\u00a0 divieto di uscire dalla Regione, consentiti gli spostamenti nel Comune, negozi aperti, bar e ristoranti chiudono alle 18, coprifuoco alle 22. <span style=\"color: #ff0000;\"><strong>NEI GIORNI ROSSI (DAL 24 AL 27 DICEMBRE, DAL 31 DICEMBRE AL 3 GENNAIO, 5-6 GENNAIO<\/strong><\/span>) negozi bar e ristoranti chiusi, aperti alimentari e beni di prima necessit\u00e0, autocertificazione per spostarsi, visite a parenti fino a un massimo di 2 piu&#8217; figli under 14, messe entro le 22 e dopo le 5 del mattino. Divieto di festeggiamenti del capodanno all&#8217;aperto. A capodanno coprifuoco alle 7 <span style=\"color: #ff9900;\"><strong>NEI GIORNI ARANCIO 28-30 DICEMBRE 4 GENNAIO<\/strong> <\/span>ammessi gli spostamenti nel Comune, viaggi fuori dal Comune fino a 30 chilometri se si vive in un centro con meno di 5000 abitanti, negozi aperti, bar e ristoranti chiusi, coprifuoco dalle 22 alle 5.<\/p>\n<h3>A LIVINALLONGO SEMPRE ZERO POSITIVI, MA QUATTRO PERSONE DA IERI SONO IN SORVEGLIANZA ATTIVA<\/h3>\n<blockquote><p><a href=\"https:\/\/www.radiopiu.net\/wordpress\/giornale-radiopiu-22-dicembre-2020-direttore-mirko-mezzacasa\/082d1369-a2ff-462d-9e0a-843a64237fd7\/\" rel=\"attachment wp-att-181003\"><img loading=\"lazy\" decoding=\"async\" class=\"wp-image-181003 alignleft\" src=\"https:\/\/www.radiopiu.net\/wordpress\/wp-content\/uploads\/2020\/12\/082d1369-a2ff-462d-9e0a-843a64237fd7.jpg\" alt=\"\" width=\"501\" height=\"301\" srcset=\"https:\/\/www.radiopiu.net\/wordpress\/wp-content\/uploads\/2020\/12\/082d1369-a2ff-462d-9e0a-843a64237fd7.jpg 582w, https:\/\/www.radiopiu.net\/wordpress\/wp-content\/uploads\/2020\/12\/082d1369-a2ff-462d-9e0a-843a64237fd7-300x180.jpg 300w\" sizes=\"auto, (max-width: 501px) 100vw, 501px\" \/><\/a><\/p><\/blockquote>\n<p><strong>AGORDO<\/strong> positivi 165 (+1), isolamenti 146 (+7) <strong>TAIBON<\/strong> positivi 173 (+9) in isolamento 97 ()\u00a0 <strong>ROCCA PIETORE<\/strong>\u00a0 positivi 21 (+2 da sabato)\u00a0 isolamento 25 (+9 da sabato) <strong>ALLEGHE<\/strong> positivi\u00a0 29 (+3) isolamento\u00a0 59\u00a0 (+4) <strong>FALCADE<\/strong> positivi 58 (+7 da sabato) in isolamento 26 () <strong>CENCENIGHE<\/strong> 33 positivi (+13 da venerdi) 37 in isolamento (+12 da venerdi) <strong>SAN TOMASO<\/strong> 15 positivi 15 isolamento <strong>LIVINALLONGO<\/strong> 0 positivi 4 in isolamento (+4) <strong>CANALE D&#8217;AGORDO<\/strong> 30 positivi\u00a0 (mercoledi erano 18) 22 isolamento (mercoledi erano 9) <strong>VALLADA<\/strong> 20 positivi ( come\u00a0 la settimana scorsa) 25 in isolamento (30 la scorsa settimana). Preoccupazione a Falcade, il parroco di Caviola Andrea Piccolin, positivo al covid19, sta bene, pochi giorni fa ha celebrato la comunione con\u00a0 i bambini della quinta classe<\/p>\n<p>&nbsp;<\/p>\n<p>&nbsp;<\/p>\n<p>&nbsp;<\/p>\n<hr \/>\n<blockquote>\n<h3><\/h3>\n<h3>TAMPONE A BELLUNO? MEGLIO DI SERA, LUNGHE CODE IERI AD AGORDO<\/h3>\n<\/blockquote>\n<p><strong><a href=\"https:\/\/www.radiopiu.net\/wordpress\/giornale-radiopiu-22-dicembre-2020-direttore-mirko-mezzacasa\/4317b268-3c3f-49f0-a5b1-ebccccb96641\/\" rel=\"attachment wp-att-181012\"><img loading=\"lazy\" decoding=\"async\" class=\"size-medium wp-image-181012 alignleft\" src=\"https:\/\/www.radiopiu.net\/wordpress\/wp-content\/uploads\/2020\/12\/4317b268-3c3f-49f0-a5b1-ebccccb96641-300x225.jpg\" alt=\"\" width=\"300\" height=\"225\" srcset=\"https:\/\/www.radiopiu.net\/wordpress\/wp-content\/uploads\/2020\/12\/4317b268-3c3f-49f0-a5b1-ebccccb96641-300x225.jpg 300w, https:\/\/www.radiopiu.net\/wordpress\/wp-content\/uploads\/2020\/12\/4317b268-3c3f-49f0-a5b1-ebccccb96641.jpg 320w\" sizes=\"auto, (max-width: 300px) 100vw, 300px\" \/><\/a>BELLUNO\u00a0<\/strong>Durante il periodo natalizio i tamponi ad accesso libero per l\u2019area del Bellunese sono concentrati al\u2019ospedale San Martino. Il drive-in di Sagrogna viene occasionalmente aperto per eseguire tamponi su prenotazione relativi al contesto scolastico. Si raccomanda ai cittadini che si recano all\u2019ospedale San Martino\u00a0 per eseguire i tamponi ad accesso libero di preferire le ore serali (vedi schema sotto riportato), ore nelle quali la viabilit\u00e0 \u00e8 pi\u00f9 fluida con minori attese. Attese superiori invece ad Agordo come si evince dalla fotografia (foto Cesare).<\/p>\n<p><a href=\"https:\/\/www.radiopiu.net\/wordpress\/la-ulss-1-dolomiti-consiglia-gli-orari-serali-per-i-tamponi-a-belluno-durante-il-periodo-natalizio\/orari-tamponi\/\" rel=\"attachment wp-att-180864\"><img loading=\"lazy\" decoding=\"async\" class=\"alignnone wp-image-180864 size-full\" src=\"https:\/\/www.radiopiu.net\/wordpress\/wp-content\/uploads\/2020\/12\/ORARI-TAMPONI.png\" alt=\"\" width=\"1004\" height=\"575\" srcset=\"https:\/\/www.radiopiu.net\/wordpress\/wp-content\/uploads\/2020\/12\/ORARI-TAMPONI.png 1004w, https:\/\/www.radiopiu.net\/wordpress\/wp-content\/uploads\/2020\/12\/ORARI-TAMPONI-300x172.png 300w, https:\/\/www.radiopiu.net\/wordpress\/wp-content\/uploads\/2020\/12\/ORARI-TAMPONI-768x440.png 768w\" sizes=\"auto, (max-width: 1004px) 100vw, 1004px\" \/><\/a><\/p>\n<p>&nbsp;<\/p>\n<p>&nbsp;<\/p>\n<p>&nbsp;<\/p>\n<hr \/>\n<p>&nbsp;<\/p>\n<p>&nbsp;<\/p>\n<div class=\"page-title-head hgroup\">\n<blockquote>\n<h3 class=\"entry-title\">SCRITTE CONTRO IL GOVERNATORE LUCA ZAIA A CESIOMAGGIORE<\/h3>\n<\/blockquote>\n<\/div>\n<div class=\"page-title-breadcrumbs\">\n<p><a href=\"https:\/\/www.radiopiu.net\/wordpress\/scritte-contro-il-governatore-luca-zaia-a-cesiomaggiore\/33ca4493-69d7-4d5f-b780-550709f6c561\/\" rel=\"attachment wp-att-180974\"><img loading=\"lazy\" decoding=\"async\" class=\"size-medium wp-image-180974 alignleft\" src=\"https:\/\/www.radiopiu.net\/wordpress\/wp-content\/uploads\/2020\/12\/33ca4493-69d7-4d5f-b780-550709f6c561-300x225.jpg\" alt=\"\" width=\"300\" height=\"225\" srcset=\"https:\/\/www.radiopiu.net\/wordpress\/wp-content\/uploads\/2020\/12\/33ca4493-69d7-4d5f-b780-550709f6c561-300x225.jpg 300w, https:\/\/www.radiopiu.net\/wordpress\/wp-content\/uploads\/2020\/12\/33ca4493-69d7-4d5f-b780-550709f6c561-768x577.jpg 768w, https:\/\/www.radiopiu.net\/wordpress\/wp-content\/uploads\/2020\/12\/33ca4493-69d7-4d5f-b780-550709f6c561.jpg 800w\" sizes=\"auto, (max-width: 300px) 100vw, 300px\" \/><\/a><strong>VENEZIA<\/strong> Giorni poco sereni per il Presidente del Veneto sotto &#8220;attacco&#8221; anche nel bellunese a Cesiomaggiore con ingiuriose scritte sui muri. Proprio ieiri in conferenza stampa Luca Zaia ha parlato di questo brutto momento<\/p>\n<p><strong>LE MINACCE E GLI INSULTI\u00a0<\/strong><strong>DA CHI NON SI ASPETTAVA RESTRIZIONI?<\/strong> <em>&#8220;Mi risulta che i provvedimenti restrittivi abbiano causato problemi e contestazione ovunque. Ho l\u2019impressione che spesso ci siano conclusioni affrettate senza assumere informazioni, dal genitore che dice che gli abbiamo chiuso il figlio disabile in casa (ed \u00e8 falso) oppure che abbiamo chiuo le Case di Riposo. ma non dipendre dalla Regione, sono scelte autonome di chi le gestisce. Poi c\u2019\u00e8 chi dice che il virus non esiste. Io faccio il mio dovere e con la mia coscienza sono apposto&#8221;. <\/em>Sono in corso le indagini da parte dei Carabinieri.<\/p>\n<\/div>\n<div><\/div>\n<div>\n<div class=\"css-1dbjc4n r-1awozwy r-18kxxzh r-zso239\">\n<div class=\"css-1dbjc4n r-18kxxzh r-1wbh5a2 r-13qz1uu\">\n<div class=\"css-1dbjc4n r-1wbh5a2 r-dnmrzs\">\n<div class=\"css-1dbjc4n r-1adg3ll r-1udh08x\">\n<div class=\"r-1p0dtai r-1pi2tsx r-1d2f490 r-u8s1d r-ipm5af r-13qz1uu\">\n<div class=\"css-1dbjc4n r-sdzlij r-1p0dtai r-1mlwlqe r-1d2f490 r-1udh08x r-u8s1d r-zchlnj r-ipm5af r-417010\" aria-label=\"\"><img decoding=\"async\" class=\"css-9pa8cd alignleft\" draggable=\"true\" src=\"https:\/\/pbs.twimg.com\/profile_images\/1317543901755039746\/JcJOim8L_bigger.jpg\" alt=\"\" \/><\/div>\n<\/div>\n<\/div>\n<div class=\"css-1dbjc4n r-1twgtwe r-sdzlij r-rs99b7 r-1p0dtai r-1mi75qu r-1d2f490 r-1ny4l3l r-u8s1d r-zchlnj r-ipm5af r-o7ynqc r-6416eg\"><\/div>\n<\/div>\n<\/div>\n<\/div>\n<div class=\"css-1dbjc4n r-1iusvr4 r-16y2uox r-1777fci r-1mi0q7o\">\n<div class=\"css-1dbjc4n\">\n<div class=\"css-1dbjc4n r-zl2h9q\">\n<div class=\"css-1dbjc4n r-k4xj1c r-18u37iz r-1wtj0ep\">\n<div class=\"css-1dbjc4n r-1d09ksm r-18u37iz r-1wbh5a2\">\n<div class=\"css-1dbjc4n r-1wbh5a2 r-dnmrzs\">\n<div id=\"tweet-user-name\" class=\"css-1dbjc4n r-1awozwy r-18u37iz r-1wbh5a2 r-dnmrzs r-1ny4l3l\">\n<div class=\"css-1dbjc4n r-1awozwy r-18u37iz r-dnmrzs\">\n<div class=\"css-901oao css-bfa6kz r-18jsvk2 r-1qd0xha r-a023e6 r-b88u0q r-ad9z0x r-bcqeeo r-3s2u2q r-qvutc0\" dir=\"auto\"><span class=\"css-901oao css-16my406 r-1qd0xha r-ad9z0x r-bcqeeo r-qvutc0\">Federico D&#8217;Inc\u00e0\u00a0 \u00a0<\/span>La mia solidariet\u00e0 a\u00a0<a class=\"css-4rbku5 css-18t94o4 css-901oao css-16my406 r-1n1174f r-1loqt21 r-1qd0xha r-ad9z0x r-bcqeeo r-qvutc0\" dir=\"ltr\" role=\"link\" href=\"https:\/\/twitter.com\/zaiapresidente\" data-focusable=\"true\">@zaiapresidente<\/a>\u00a0 per le minacce ricevute in questi giorni. Si tratta di gesti vili e gravi che nulla hanno a che fare con la libert\u00e0 di opinione e con il confronto.<\/div>\n<div dir=\"auto\"><\/div>\n<div dir=\"auto\"><\/div>\n<\/div>\n<\/div>\n<\/div>\n<\/div>\n<\/div>\n<\/div>\n<\/div>\n<\/div>\n<\/div>\n<div><\/div>\n<div>\n<hr \/>\n<\/div>\n<p>&nbsp;<\/p>\n<p>&nbsp;<\/p>\n<p>&nbsp;<\/p>\n<blockquote>\n<h3><a href=\"https:\/\/www.radiopiu.net\/wordpress\/giornale-radiopiu-22-dicembre-2020-direttore-mirko-mezzacasa\/eside_tison\/\" rel=\"attachment wp-att-180924\"><img loading=\"lazy\" decoding=\"async\" class=\"wp-image-180924 alignleft\" src=\"https:\/\/www.radiopiu.net\/wordpress\/wp-content\/uploads\/2020\/12\/eside_tison-e1608557562744-224x300.jpg\" alt=\"\" width=\"149\" height=\"200\" srcset=\"https:\/\/www.radiopiu.net\/wordpress\/wp-content\/uploads\/2020\/12\/eside_tison-e1608557562744-224x300.jpg 224w, https:\/\/www.radiopiu.net\/wordpress\/wp-content\/uploads\/2020\/12\/eside_tison-e1608557562744-766x1024.jpg 766w, https:\/\/www.radiopiu.net\/wordpress\/wp-content\/uploads\/2020\/12\/eside_tison-e1608557562744-768x1027.jpg 768w, https:\/\/www.radiopiu.net\/wordpress\/wp-content\/uploads\/2020\/12\/eside_tison-e1608557562744.jpg 908w\" sizes=\"auto, (max-width: 149px) 100vw, 149px\" \/><\/a>LA SCOMPARSA DI ESIDE TISON, PER 32 ANNI DIPENDENTE DELL&#8217;ASSOCIAZIONE BELLUNESI NEL MONDO<\/h3>\n<\/blockquote>\n<p><strong>BELLUNO<\/strong>\u00a0 E&#8217; morta\u00a0 Eside Tison Giaier per molto tempo\u00a0 il suo \u00e8 sempre stato il primo sorriso che un visitatore degli uffici dell&#8217;Associazione Bellunesi nel Mondo.\u00a0 Eside \u00e8 stata una delle colonne dell&#8217;Associazione negli anni del consolidamento e della crescita associativa sotto la direzione di Patrizio De Martin e, dapprima, in collaborazione con Rosita Calgaro Garzotto, poi di Stefania Bellio sino al momento del ritiro in quiescenza nel 2004. Al dolore dei suoi familiari partecipano il presidente Oscar De Bona, i membri del Comitato esecutivo e del Consiglio direttivo dell\u2019ABM, il personale dello staff operativo, la Direzione e la redazione di \u201cBellunesi nel mondo\u201d e i dirigenti e soci delle Famiglie Bellunesi nel mondo e degli ed Emigranti<\/p>\n<p>&nbsp;<\/p>\n<hr \/>\n<blockquote>\n<h3><\/h3>\n<h3>MASTRO BIRRAIO VITTIMA DEL COVID A LIGNANO<\/h3>\n<\/blockquote>\n<p><strong>MEL<\/strong> E&#8217; morto vittima del covid Mario Zandomeneghi, originario di Villa di Villa di Mel, il 77enne viveva a Lignano assieme alla moglie Chiara Bulfon. Cordoglio per la scomparsa di Zandomeneghi, anche da parte del Comune di Lignano.<\/p>\n<p>&nbsp;<\/p>\n<hr \/>\n<blockquote>\n<h3><\/h3>\n<h3><\/h3>\n<h3>FERITO UN CICLISTA 45ENNE<\/h3>\n<\/blockquote>\n<p><strong>BELLUNO\u00a0<\/strong> Incidente a Cavarzano ieri mattina alle 7.30, ha avuto la peggio il ciclista di 45 anni: \u00a0lesioni guaribili in una ventina di giorni. L&#8217;uomo di Belluno C.A. \u00e8 stato\u00a0 investito da un&#8217;auto all&#8217;incrocio fra via Lucio Doglioni e viale Medaglie d&#8217;Oro, in prossimit\u00e0 del ponte degli Alpini,\u00a0 \u00e8 stato urtato da una Citroen C3. La prognosi per la guarigione \u00e8 di venti giorni.<\/p>\n<blockquote>\n<h3><\/h3>\n<p>&nbsp;<\/p><\/blockquote>\n<hr \/>\n<div class=\"page-title-head hgroup\">\n<blockquote>\n<h3 class=\"entry-title\"><\/h3>\n<h3 class=\"entry-title\">ANCHE IN TEMPI DI PANDEMIA ESSILOR LUXOTTICA STACCA IL DIVIDENDO<\/h3>\n<\/blockquote>\n<\/div>\n<div class=\"page-title-breadcrumbs\"><strong><img decoding=\"async\" src=\"https:\/\/www.radiopiu.net\/wordpress\/wp-content\/uploads\/2020\/03\/NOVITA-LUXOTTICA.jpg\" \/>AGORDO<\/strong>\u00a0 Nonostante la situazione di emergenza e l&#8217;iniziale comunicazione che sarebbero stati cancellati i dividendi (scorso maggio) il Consiglio di Amministrazione di Essilor Luxottica ha deciso diversamente. Coloro che hanno acquistato azioni del gruppo italo-francese tramite il piano di azionariato diffuso Boost nel 2019 e nel 2020 riceveranno un dividendo ordinario di 1,15 euro per azione, il pagamento il 28 dicembre,\u00a0 sar\u00e0 veicolato alla busta paga di dicembre prevista per l&#8217;8 gennaio. Questa decisione \u00e8 supportata dall&#8217;efficacia delle misure di contenimento dei costi dei risultati maturati nella seconda parte dell&#8217;anno e rappresenta un&#8217;ulteriore opportunit\u00e0 per il lavoratore Luxottica di apprezzare il valore della partecipazione azionaria soprattutto condividere i successi di Essilor Luxottica ovvero del lavoro di ognuno.<\/div>\n<p>&nbsp;<\/p>\n<hr \/>\n<p>&nbsp;<\/p>\n<blockquote>\n<h2>SOMME URGENZE AD AGORDO DOPO L&#8217;ULTIMA ONDATA DI MALTEMPO.<\/h2>\n<\/blockquote>\n<p><strong><a href=\"https:\/\/www.radiopiu.net\/wordpress\/giornale-radiopiu-02-novembre-2019-direttore-mirko-mezzacasa\/favretti\/\" rel=\"attachment wp-att-104885\"><img loading=\"lazy\" decoding=\"async\" class=\" wp-image-104885 alignleft\" src=\"https:\/\/www.radiopiu.net\/wordpress\/wp-content\/uploads\/2019\/11\/favretti-300x150.jpeg\" alt=\"\" width=\"204\" height=\"102\" srcset=\"https:\/\/www.radiopiu.net\/wordpress\/wp-content\/uploads\/2019\/11\/favretti-300x150.jpeg 300w, https:\/\/www.radiopiu.net\/wordpress\/wp-content\/uploads\/2019\/11\/favretti-768x384.jpeg 768w, https:\/\/www.radiopiu.net\/wordpress\/wp-content\/uploads\/2019\/11\/favretti-1024x512.jpeg 1024w, https:\/\/www.radiopiu.net\/wordpress\/wp-content\/uploads\/2019\/11\/favretti.jpeg 1599w\" sizes=\"auto, (max-width: 204px) 100vw, 204px\" \/><\/a>AGORDO<\/strong><\/p>\n<p><strong>DI GIANNI SANTOMASO<\/strong><\/p>\n<audio class=\"wp-audio-shortcode\" id=\"audio-180764-1\" preload=\"none\" style=\"width: 100%;\" controls=\"controls\"><source type=\"audio\/mpeg\" src=\"https:\/\/www.radiopiu.net\/wordpress\/wp-content\/uploads\/2020\/12\/GIANNI-AGORDO.mp3?_=1\" \/><a href=\"https:\/\/www.radiopiu.net\/wordpress\/wp-content\/uploads\/2020\/12\/GIANNI-AGORDO.mp3\">https:\/\/www.radiopiu.net\/wordpress\/wp-content\/uploads\/2020\/12\/GIANNI-AGORDO.mp3<\/a><\/audio>\n<p>&nbsp;<\/p>\n<p>&nbsp;<\/p>\n<hr \/>\n<p>&nbsp;<\/p>\n<blockquote>\n<h2>\u00a0BELLUNUM AMPLIA IL RAGGIO DI AZIONE, DA FELTRE ALL&#8217;ALPAGO<\/h2>\n<\/blockquote>\n<p><strong><img loading=\"lazy\" decoding=\"async\" class=\"alignleft\" src=\"https:\/\/www.radiopiu.net\/wordpress\/wp-content\/uploads\/2020\/12\/download-31.jpg\" width=\"137\" height=\"137\" \/>BELLUNO<\/strong><\/p>\n<p><strong>MORENO GIOLI\u00a0<\/strong><\/p>\n<audio class=\"wp-audio-shortcode\" id=\"audio-180764-2\" preload=\"none\" style=\"width: 100%;\" controls=\"controls\"><source type=\"audio\/mpeg\" src=\"https:\/\/www.radiopiu.net\/wordpress\/wp-content\/uploads\/2020\/12\/MORENO-BELL.mp3?_=2\" \/><a href=\"https:\/\/www.radiopiu.net\/wordpress\/wp-content\/uploads\/2020\/12\/MORENO-BELL.mp3\">https:\/\/www.radiopiu.net\/wordpress\/wp-content\/uploads\/2020\/12\/MORENO-BELL.mp3<\/a><\/audio>\n<p>&nbsp;<\/p>\n<p>&nbsp;<\/p>\n<hr \/>\n<h2><span style=\"color: #ff0000;\">\u00a0<\/span><\/h2>\n<h2><span style=\"color: #ff0000;\">LA VENEGGIA<\/span><\/h2>\n<blockquote>\n<h2>GLI AMICI DELLA BICICLETTA CONTESTANO IL PIANO DELLA VIABILITA&#8217;<\/h2>\n<\/blockquote>\n<p><strong><img decoding=\"async\" class=\"alignleft\" src=\"https:\/\/www.radiopiu.net\/wordpress\/wp-content\/uploads\/2020\/12\/download-32.jpg\" \/><\/strong><\/p>\n<p>&nbsp;<\/p>\n<p><strong>BELLUNO\u00a0<\/strong><\/p>\n<p><strong>DAMIANO TORMEN<\/strong><\/p>\n<p>&nbsp;<\/p>\n<p>&nbsp;<\/p>\n<p>&nbsp;<\/p>\n<p>&nbsp;<\/p>\n<audio class=\"wp-audio-shortcode\" id=\"audio-180764-3\" preload=\"none\" style=\"width: 100%;\" controls=\"controls\"><source type=\"audio\/mpeg\" src=\"https:\/\/www.radiopiu.net\/wordpress\/wp-content\/uploads\/2020\/12\/DAMIANO-1.mp3?_=3\" \/><a href=\"https:\/\/www.radiopiu.net\/wordpress\/wp-content\/uploads\/2020\/12\/DAMIANO-1.mp3\">https:\/\/www.radiopiu.net\/wordpress\/wp-content\/uploads\/2020\/12\/DAMIANO-1.mp3<\/a><\/audio>\n<p>&nbsp;<\/p>\n<hr \/>\n<p>&nbsp;<\/p>\n<p>&nbsp;<\/p>\n<blockquote>\n<h2>LE NUVOLE NEGANO LO SPETTACOLO GIOVE SATURNO ATTESO DA 400 ANNI<\/h2>\n<\/blockquote>\n<p><a href=\"https:\/\/www.radiopiu.net\/wordpress\/gli-amici-della-bicicletta-contestano-il-piano-della-viabilita\/d69b79f0-42cf-428d-bea9-0294f2473518\/\" rel=\"attachment wp-att-181036\"><img loading=\"lazy\" decoding=\"async\" class=\"alignnone wp-image-181036\" src=\"https:\/\/www.radiopiu.net\/wordpress\/wp-content\/uploads\/2020\/12\/d69b79f0-42cf-428d-bea9-0294f2473518-300x225.jpg\" alt=\"\" width=\"223\" height=\"168\" srcset=\"https:\/\/www.radiopiu.net\/wordpress\/wp-content\/uploads\/2020\/12\/d69b79f0-42cf-428d-bea9-0294f2473518-300x225.jpg 300w, https:\/\/www.radiopiu.net\/wordpress\/wp-content\/uploads\/2020\/12\/d69b79f0-42cf-428d-bea9-0294f2473518-1024x769.jpg 1024w, https:\/\/www.radiopiu.net\/wordpress\/wp-content\/uploads\/2020\/12\/d69b79f0-42cf-428d-bea9-0294f2473518-768x577.jpg 768w, https:\/\/www.radiopiu.net\/wordpress\/wp-content\/uploads\/2020\/12\/d69b79f0-42cf-428d-bea9-0294f2473518.jpg 1280w\" sizes=\"auto, (max-width: 223px) 100vw, 223px\" \/><\/a><a href=\"https:\/\/www.radiopiu.net\/wordpress\/gli-amici-della-bicicletta-contestano-il-piano-della-viabilita\/a81219ec-2c73-4444-a253-c9209a94a939\/\" rel=\"attachment wp-att-181035\"><img loading=\"lazy\" decoding=\"async\" class=\"alignnone size-medium wp-image-181035\" src=\"https:\/\/www.radiopiu.net\/wordpress\/wp-content\/uploads\/2020\/12\/a81219ec-2c73-4444-a253-c9209a94a939-300x168.jpg\" alt=\"\" width=\"300\" height=\"168\" srcset=\"https:\/\/www.radiopiu.net\/wordpress\/wp-content\/uploads\/2020\/12\/a81219ec-2c73-4444-a253-c9209a94a939-300x168.jpg 300w, https:\/\/www.radiopiu.net\/wordpress\/wp-content\/uploads\/2020\/12\/a81219ec-2c73-4444-a253-c9209a94a939-1024x575.jpg 1024w, https:\/\/www.radiopiu.net\/wordpress\/wp-content\/uploads\/2020\/12\/a81219ec-2c73-4444-a253-c9209a94a939-768x431.jpg 768w, https:\/\/www.radiopiu.net\/wordpress\/wp-content\/uploads\/2020\/12\/a81219ec-2c73-4444-a253-c9209a94a939.jpg 1500w\" sizes=\"auto, (max-width: 300px) 100vw, 300px\" \/><\/a><\/p>\n<p><strong>di\u00a0 CLAUDIO PRA\u00a0<\/strong><\/p>\n<p>Nubi alte e basse, capaci di coprire anche la Luna. La serata protagonista della storica congiunzione Giove-Saturno si \u00e8 presentata cos\u00ec. Dopo giorni di cieli sereni, proprio quello del grande evento astronomico di fine 2020 ha scelto di negare ad appassionati e curiosi il grande spettacolo atteso da 400 anni, confermando la Legge di Murphi (Se qualcosa pu\u00f2 andare storto, lo far\u00e0). Ma un tentativo disperato andava comunque fatto nonostante tutto, troppi i quattro secoli da aspettare per la prossima congiunzione cos\u00ec stretta. Ed il cielo ha deciso di premiare il mio tentativo, concedendomi per qualche istante la vista del fenomeno, che sono riuscito anche a testimoniare con un paio di veloci foto. Poi solo nubi. Resta la testimonianza di un avvenimento rarissimo, dato che per ben quattrocento anni i due pianeti pi\u00f9 grandi del Sistema Solare non si incontreranno cos\u00ec da vicino. Una foto scattata cogliendo uno spiraglio tra le nubi, il regalo del cielo ad un suo cultore. Una foto nemmeno bella, non paragonabile per effetto scenico alle tante che ho scattato in questo periodo, ma tra le molte la pi\u00f9 significativa. Molto pi\u00f9 di quella che ritrae i due pianeti in avvicinamento, con sfondo la chiesa di Colle S. Lucia, scattata qualche giorno fa, certamente esteticamente migliore.<\/p>\n<p>AUDIO<\/p>\n<audio class=\"wp-audio-shortcode\" id=\"audio-180764-4\" preload=\"none\" style=\"width: 100%;\" controls=\"controls\"><source type=\"audio\/mpeg\" src=\"https:\/\/www.radiopiu.net\/wordpress\/wp-content\/uploads\/2020\/12\/CLAUDIO-PRA.mp3?_=4\" \/><a href=\"https:\/\/www.radiopiu.net\/wordpress\/wp-content\/uploads\/2020\/12\/CLAUDIO-PRA.mp3\">https:\/\/www.radiopiu.net\/wordpress\/wp-content\/uploads\/2020\/12\/CLAUDIO-PRA.mp3<\/a><\/audio>\n<p>&nbsp;<\/p>\n<hr \/>\n<blockquote>\n<h3><\/h3>\n<h3>DILLO A RADIO PIU&#8230;PENSIONE SERENA DOTTOR BISATTI. LA NUOVA SCELTA NON PUO&#8217; ESSERE FATTA IN 5 GIORNI<\/h3>\n<\/blockquote>\n<p><strong>TAIBON<\/strong> Riceviamo e volentieri pubblichiamo<\/p>\n<blockquote>\n<p class=\"default-style\"><em>Premettendo di aver ricevuto improvvisamente la notizia della cessazione del medico in oggetto, di cui personalmente ero paziente da sempre e di cui (ma siamo in molti) ero molto fiducioso e nutrivo estrema stima, sono con la presente ad indicare il medico da me &#8220;provvisoriamente&#8221; scelto. Dico provvisoriamente in quanto, non conoscendolo, la scelta del medico, non \u00e8 una scelta che si pu\u00f2 fare in 5 giorni e su due piedi. Il servizio sanitario meglio di me dovrebbe conoscere queste problematiche e non dovrebbe trovarsi impreparato quando dei medici di base che da anni sono in servizio, finiscono il loro mandato, senza avere dei sostituti che fanno una adeguata &#8220;staffetta&#8221;. Non \u00e8 a mio avviso sufficiente, ed \u00e8 poco serio lavarsene le mani mandando una comunicazione a 10 giorni dalla fine del mandato. Mi riservo dunque, credo a ragione, di eventualmente pi\u00f9 avanti sostituirlo nuovamente semmai la scelta affrettata di oggi non si rivelasse felice. Auguro al mio &#8220;vecchio&#8221; Dr. Bisatti una vita serena,felice e meritato riposo lavorativo.<\/em><\/p>\n<p class=\"default-style\"><strong>Emilio Gaiardo<\/strong><\/p>\n<\/blockquote>\n<p><strong>DI GIANNI SANTOMASO<\/strong><\/p>\n<div class=\"page-title-head hgroup\">\n<blockquote>\n<h3 class=\"entry-title\">IL DOTTOR BISATTI VA IN PENSIONE, MA MANCA IL SOSTITUTO<\/h3>\n<\/blockquote>\n<\/div>\n<div class=\"page-title-breadcrumbs\">\n<p><strong><a href=\"https:\/\/www.radiopiu.net\/wordpress\/giornale-radiopiu-29-maggio-2020-direttore-mirko-mezzacasa\/dottore\/\" rel=\"attachment wp-att-141049\"><img loading=\"lazy\" decoding=\"async\" class=\"size-medium wp-image-141049 alignleft\" src=\"https:\/\/www.radiopiu.net\/wordpress\/wp-content\/uploads\/2020\/05\/DOTTORE-300x200.jpg\" alt=\"\" width=\"300\" height=\"200\" srcset=\"https:\/\/www.radiopiu.net\/wordpress\/wp-content\/uploads\/2020\/05\/DOTTORE-300x200.jpg 300w, https:\/\/www.radiopiu.net\/wordpress\/wp-content\/uploads\/2020\/05\/DOTTORE-1024x683.jpg 1024w, https:\/\/www.radiopiu.net\/wordpress\/wp-content\/uploads\/2020\/05\/DOTTORE-768x512.jpg 768w, https:\/\/www.radiopiu.net\/wordpress\/wp-content\/uploads\/2020\/05\/DOTTORE-1536x1024.jpg 1536w, https:\/\/www.radiopiu.net\/wordpress\/wp-content\/uploads\/2020\/05\/DOTTORE.jpg 1920w\" sizes=\"auto, (max-width: 300px) 100vw, 300px\" \/><\/a>CENCENIGHE<\/strong><\/p>\n<p>di Gianni Santomaso<\/p>\n<audio class=\"wp-audio-shortcode\" id=\"audio-180764-5\" preload=\"none\" style=\"width: 100%;\" controls=\"controls\"><source type=\"audio\/mpeg\" src=\"https:\/\/www.radiopiu.net\/wordpress\/wp-content\/uploads\/2020\/12\/GIANNI-BISATTI-IN-PENSIONE.mp3?_=5\" \/><a href=\"https:\/\/www.radiopiu.net\/wordpress\/wp-content\/uploads\/2020\/12\/GIANNI-BISATTI-IN-PENSIONE.mp3\">https:\/\/www.radiopiu.net\/wordpress\/wp-content\/uploads\/2020\/12\/GIANNI-BISATTI-IN-PENSIONE.mp3<\/a><\/audio>\n<h3>PER<strong> RICEVERE QUESTE NOTIZIE IN ANTEPRIMA E IN TEMPO REALE&#8230;. DIRETTAMENTE SUL TUO CELLULARE ISCRIVITI AL CANALE TELEGRAM <\/strong><strong>\u201cRADIO PIU\u00a0 INFORMAZIONE&#8221;<\/strong><\/h3>\n<\/div>\n<blockquote>\n<h3><\/h3>\n<\/blockquote>\n<hr \/>\n<blockquote><p>&nbsp;<\/p>\n<p>&nbsp;<\/p>\n<h2>DILLO A RADIO PIU&#8230;. IO NE HO DI PAZIENZA MA QUI SI STA ESAGERANDO<\/h2>\n<\/blockquote>\n<p><strong><a href=\"https:\/\/www.radiopiu.net\/wordpress\/dillo-a-radio-piu-io-ne-ho-di-pazienza-ma-qui-si-sta-esagerando\/inked131940182_2796101670637463_3749057448471950398_n_li\/\" rel=\"attachment wp-att-181000\"><img loading=\"lazy\" decoding=\"async\" class=\"size-medium wp-image-181000 alignleft\" src=\"https:\/\/www.radiopiu.net\/wordpress\/wp-content\/uploads\/2020\/12\/Inked131940182_2796101670637463_3749057448471950398_n_LI-169x300.jpg\" alt=\"\" width=\"169\" height=\"300\" srcset=\"https:\/\/www.radiopiu.net\/wordpress\/wp-content\/uploads\/2020\/12\/Inked131940182_2796101670637463_3749057448471950398_n_LI-169x300.jpg 169w, https:\/\/www.radiopiu.net\/wordpress\/wp-content\/uploads\/2020\/12\/Inked131940182_2796101670637463_3749057448471950398_n_LI.jpg 480w\" sizes=\"auto, (max-width: 169px) 100vw, 169px\" \/><\/a>ALLEGHE<\/strong> Gsp l&#8217;azienda che si occupa del servizio idrico in provincia del problema a Coldemies di Alleghe \u00e8 informata da tempo, fin dallo scorso settembre. Il disservizio consiste in una perdita d&#8217;acqua,\u00a0 ma nessuno ha mai posto rimedio.<\/p>\n<p>Maurizio da Alleghe ci informa: <em>&#8220;Ho pur inviato un commento sulla pagina facebook (foto del 21 novembre scorso) e solo successivamente ho ricevuto una risposta da GSP, ma il guasto non \u00e8 mai stato riparato. E&#8217; una perdita sotterranea, ma da dentro casa si sente benissimo lo scorrere dell&#8217;acqua. Anche ieri pomeriggio un tecnico mi ha detto di portare pazienza ma non ha saputo indicarmi una possibile data di intervento, nemmeno perch\u00e9 sono passati\u00a0 tanti mesi dalla segnalazione. Probabilmente avranno cose pi\u00f9 urgenti da seguire&#8230;&#8221;\u00a0<\/em><\/p>\n<p>&nbsp;<\/p>\n<p>&nbsp;<\/p>\n<h3><\/h3>\n<blockquote class=\"wp-embedded-content\" data-secret=\"jXUoEeMHtN\"><p><a href=\"https:\/\/www.radiopiu.net\/wordpress\/acquedotto-colabrodo-da-tempo-segnalazioni-per-ora-senza-risultato\/\">ACQUEDOTTO COLABRODO DA TEMPO, SEGNALAZIONI PER ORA SENZA RISULTATO<\/a><\/p><\/blockquote>\n<p><iframe loading=\"lazy\" class=\"wp-embedded-content\" sandbox=\"allow-scripts\" security=\"restricted\" style=\"position: absolute; clip: rect(1px, 1px, 1px, 1px);\" title=\"&#8220;ACQUEDOTTO COLABRODO DA TEMPO, SEGNALAZIONI PER ORA SENZA RISULTATO&#8221; &#8212; Radio Pi\u00f9\" src=\"https:\/\/www.radiopiu.net\/wordpress\/acquedotto-colabrodo-da-tempo-segnalazioni-per-ora-senza-risultato\/embed\/#?secret=jXUoEeMHtN\" data-secret=\"jXUoEeMHtN\" width=\"600\" height=\"338\" frameborder=\"0\" marginwidth=\"0\" marginheight=\"0\" scrolling=\"no\"><\/iframe><\/p>\n<hr \/>\n<blockquote>\n<h3><\/h3>\n<\/blockquote>\n<blockquote class=\"wp-embedded-content\" data-secret=\"k1uNcoSKhK\"><p><a href=\"https:\/\/www.radiopiu.net\/wordpress\/agg-dic21\/\">CORONAVIRUS: AGGIORNAMENTO NAZIONALE 20 DICEMBRE<\/a><\/p><\/blockquote>\n<p><iframe loading=\"lazy\" class=\"wp-embedded-content\" sandbox=\"allow-scripts\" security=\"restricted\" style=\"position: absolute; clip: rect(1px, 1px, 1px, 1px);\" title=\"&#8220;CORONAVIRUS: AGGIORNAMENTO NAZIONALE 20 DICEMBRE&#8221; &#8212; Radio Pi\u00f9\" src=\"https:\/\/www.radiopiu.net\/wordpress\/agg-dic21\/embed\/#?secret=k1uNcoSKhK\" data-secret=\"k1uNcoSKhK\" width=\"600\" height=\"338\" frameborder=\"0\" marginwidth=\"0\" marginheight=\"0\" scrolling=\"no\"><\/iframe><\/p>\n<h3><\/h3>\n<blockquote class=\"wp-embedded-content\" data-secret=\"jMgvZ30nJt\"><p><a href=\"https:\/\/www.radiopiu.net\/wordpress\/nuovi-positivi-in-24-ore-53-decessi\/\">UN&#8217;ALTRA GIORNATA CON TANTI LUTTI: 118, AUMENTANO I POSITIVI, 5 PERSONE IN PIU&#8217; IN TERAPIA INTENSIVA<\/a><\/p><\/blockquote>\n<p><iframe loading=\"lazy\" class=\"wp-embedded-content\" sandbox=\"allow-scripts\" security=\"restricted\" style=\"position: absolute; clip: rect(1px, 1px, 1px, 1px);\" title=\"&#8220;UN&#8217;ALTRA GIORNATA CON TANTI LUTTI: 118, AUMENTANO I POSITIVI, 5 PERSONE IN PIU&#8217; IN TERAPIA INTENSIVA&#8221; &#8212; Radio Pi\u00f9\" src=\"https:\/\/www.radiopiu.net\/wordpress\/nuovi-positivi-in-24-ore-53-decessi\/embed\/#?secret=jMgvZ30nJt\" data-secret=\"jMgvZ30nJt\" width=\"600\" height=\"338\" frameborder=\"0\" marginwidth=\"0\" marginheight=\"0\" scrolling=\"no\"><\/iframe><\/p>\n<p>&nbsp;<\/p>\n<p>&nbsp;<\/p>\n<h3>I GRAFICI DI TIZIANO DE COL<\/h3>\n<p><a href=\"https:\/\/www.radiopiu.net\/wordpress\/giornale-radiopiu-22-dicembre-2020-direttore-mirko-mezzacasa\/e3adf09e-1323-4cb6-8c0d-1b48ec5fceec\/\" rel=\"attachment wp-att-181006\"><img loading=\"lazy\" decoding=\"async\" class=\"alignnone size-medium wp-image-181006\" src=\"https:\/\/www.radiopiu.net\/wordpress\/wp-content\/uploads\/2020\/12\/e3adf09e-1323-4cb6-8c0d-1b48ec5fceec-300x178.jpg\" alt=\"\" width=\"300\" height=\"178\" srcset=\"https:\/\/www.radiopiu.net\/wordpress\/wp-content\/uploads\/2020\/12\/e3adf09e-1323-4cb6-8c0d-1b48ec5fceec-300x178.jpg 300w, https:\/\/www.radiopiu.net\/wordpress\/wp-content\/uploads\/2020\/12\/e3adf09e-1323-4cb6-8c0d-1b48ec5fceec.jpg 598w\" sizes=\"auto, (max-width: 300px) 100vw, 300px\" \/><\/a><a href=\"https:\/\/www.radiopiu.net\/wordpress\/giornale-radiopiu-22-dicembre-2020-direttore-mirko-mezzacasa\/9ff09c30-de93-4518-9264-0e60a3b66b21\/\" rel=\"attachment wp-att-181004\"><img loading=\"lazy\" decoding=\"async\" class=\"alignnone wp-image-181004\" src=\"https:\/\/www.radiopiu.net\/wordpress\/wp-content\/uploads\/2020\/12\/9ff09c30-de93-4518-9264-0e60a3b66b21-300x197.jpg\" alt=\"\" width=\"271\" height=\"178\" srcset=\"https:\/\/www.radiopiu.net\/wordpress\/wp-content\/uploads\/2020\/12\/9ff09c30-de93-4518-9264-0e60a3b66b21-300x197.jpg 300w, https:\/\/www.radiopiu.net\/wordpress\/wp-content\/uploads\/2020\/12\/9ff09c30-de93-4518-9264-0e60a3b66b21.jpg 534w\" sizes=\"auto, (max-width: 271px) 100vw, 271px\" \/><\/a><img loading=\"lazy\" decoding=\"async\" class=\"alignnone wp-image-181005\" src=\"https:\/\/www.radiopiu.net\/wordpress\/wp-content\/uploads\/2020\/12\/8f089827-0ff2-470d-9649-277e7d64b78c-300x179.jpg\" alt=\"\" width=\"295\" height=\"176\" srcset=\"https:\/\/www.radiopiu.net\/wordpress\/wp-content\/uploads\/2020\/12\/8f089827-0ff2-470d-9649-277e7d64b78c-300x179.jpg 300w, https:\/\/www.radiopiu.net\/wordpress\/wp-content\/uploads\/2020\/12\/8f089827-0ff2-470d-9649-277e7d64b78c.jpg 594w\" sizes=\"auto, (max-width: 295px) 100vw, 295px\" \/><\/p>\n<p>&nbsp;<\/p>\n<hr \/>\n<blockquote>\n<h3>NUOVA ORDIANANZA DOPO LE NOTIZIE DELLA MUTAZIONE DEL VIRUS &#8211; DA VENEZIA PARLA LUCA ZANA<\/h3>\n<\/blockquote>\n<p>&nbsp;<\/p>\n<blockquote>\n<h2>LEGGI LA CONFERENZA STAMPA DI LUCA ZAIA<\/h2>\n<\/blockquote>\n<p><em>Muta il virus e la Gran Bretagna lancia l&#8217;allarme: vanno intercettati eventuali ingressi da Gran Bretagna e Irlanda, un volo \u00e8 stato tamponato stanotte, un altro era gi\u00e0 atterrato a Verona ed \u00e8 in corso lo screening tamponi (quindi attorno alle 300 persone ndr.). <\/em>\u00a0<em>L&#8217;et\u00e0 media dei pazienti Covid positivi per questa mutazione \u00e8 di 41 anni, \u00e8 una fascia di et\u00e0 che fino ad ora la guardia non l&#8217;aveva alzata . L&#8217;andamento nelle curve: si vede in quella inglese, si abbassa e poi fa una verticale, un picco impressionante\u00bb.<\/em><\/p>\n<p><span style=\"color: #ff0000;\"><strong>NUOVA ORDINANZA<\/strong><\/span> In Gran Bretagna sono aumentati i contagi, 35000 al giorno molti pi\u00f9 che in Italia (50%). Ho sentito il Ministro Speranza in pi\u00f9 occasioni. Sono stati chiudi i voli come faranno anche altri paesi. <strong>MISURE PER I SOGGETTI CHE ENTRANO NEL VENETO DA GRAN BRETAGNA O IRLANDA (DIRETTAMENTE O INDIRETTAMENTE)<\/strong> Le persone che si trovano nel Veneto e che nei 15 giorni precedenti sono stati in Inghilterra devono sottoporsi a test molecolare obbligatorio, o presso l&#8217;aeroporto o presso le Ulss1. Il caso di positivit\u00e0 si chieder\u00e0 la sequenzazione del virus in laboratorio. I soggetti che nel mese precedente hanno soggiornato i quei territori e sono risultati positivi, devono segnalare alle Ulss il loro caso, in modo da poter individuare e sequenziare i tamponi. La mutazione indica che si \u00e8 abbassata l&#8217;et\u00e0 del contagio in un target di individui che prima venivano colpiti con pi\u00f9 difficolt\u00e0. Abbiamo dato mandato alla microbiologie di prendere un campione random e con delle sequenze capire se qualcuno era gi\u00e0 stato contagiato da un virus mutato.\u00a0 Stiamo cercando di \u00a0creare un ulteriore argine con il piano sanitario di contenimento epidemiologico. La letteratura scientifica conferma che il test funziona, con il tampone viene rintracciato, sembra che la famosa proteina N non sia stata oggetto di mutazione. <strong>PRESSIONE OSPEDALIERA<\/strong> C&#8217;\u00e8 ed \u00e8 importante, c&#8217;\u00e8 una ripresa del fine settimana per\u00f2 i dati saranno valutati nei prossimi giorni, il bollettino del lunedi mattina \u00e8 sempre diverso dagli altri. <strong>L&#8217;ORDINANZA DI GIOVEDI<\/strong> Non vieta di andare dalle persone anziane, non vieta l&#8217;attivit\u00e0 fisica all&#8217;aperto, non \u00e8 vietato andare a prendere i figli a scuola o all&#8217;asilo. L&#8217;ordinanza non c&#8217;entra nulla con il giorno di Natale perch\u00e9 soffocata dal DPCM nazionale. <strong>NOTIZIE SULL&#8217;ESITO DEI PRIMI CONTROLLI IN AEROPORTO?\u00a0<\/strong> Per ora no, il buon senso comunque \u00e8 si segnalarsi alla Ulss o presentandosi al punto tamponi. <strong>CI SONO VALUTAZIONI DI FONTE BRITANNICA CIRCA LA PERICOLOSITA&#8217;?<\/strong> Non lo so dire. Il Ministro ha interpretato\u00a0 la preoccupazione di tanti paesi europei che stanno chiudendo gli aeroporti. Ogni misura di sanit\u00e0 pubblica puo&#8217; regimare, contenere, ma fino ad un certo punto la natura avr\u00e0 il suo corso. Stiamo cercando di attutire il colpo diluendo un problema che non ci arrivi addosso. Della mutazione si sa poco o nulla ma c&#8217;\u00e8 da tre mesi, figuriamoci se non ha girato e si \u00e8 amplificata. <strong>QUANTE PERSONE DA TESTARE<\/strong>\u00a0 Si dovrebbero valutare tutti i voli. Ci affidiamo all&#8217;ordinanza che invita i cittadini a farsi testare, sono migliaia di persone.<strong> VACCINO PFIZER HA VALIDITA&#8217; SULLA MUTAZIONE?<\/strong> Al momento non ci sono fonti che segnalino cambiamenti o anomalie, ma non sono io che devo rispondere a questa domanda\u00a0 ma chiedetelo\u00a0 al professor Pal\u00f9.<strong> ORDINANZA DELLE 14 TERZO GIORNO I RISCONTRI?<\/strong> Ottimo lo dicono i sindaci, ho sentito il presidente dell&#8217;Anci \u00e8 evidente che dopo le 14 in questo fine settimana il traffico \u00e8 calato. Era l&#8217;unico provvedimento da adottare per la zona gialla. Comunque il senso civico \u00e8 la variante che fa la differenza anche tra i 21 parametri che definiscono le zone colorate. <strong>L&#8217;IMPRESSIONE CHE SIA STATA APPLICATA A MACCHIA DI LEOPARDO<\/strong> Non lo so dire. L&#8217;ordinanza c&#8217;\u00e8 stata ha avuto deroghe doverose, dopodich\u00e9 \u00e8 scritta nero su bianco, didascalica e semplice, comprensibile a tutti. <strong>INDICAZIONE AI VENETI IN GRAN BRETAGNA?<\/strong> Blocco per sanit\u00e0 pubblica, capisco le difficolt\u00e0 di chi deve rientrare, autentiche tragedie, ma il blocco non lo abbiamo risposto noi, non ci compete \u00e8 stato deciso dal Ministero. Anche altri paesi hanno chiuso i voli. La Francia ha chiuso l&#8217;euro tunnel. <strong>VACCINO ANTI COVID NOVITA&#8217;?<\/strong> Mercoledi saremo qui con la dottoressa Russo e presenteremo il piano. <strong>VARIANTE INGLESE E APERTURA SCUOLA CHE SI ALLONTANA?<\/strong> La mia posizione \u00e8 nota, ho sempre detto la valutazione del 7 gennaio deve essere fatta su base epidemiologica. Oggi abbiamo un incontro per discutere il tema dei trasporti (75% o meno) legato alle scuole, poi cercheremo di capire la situazione epiedemiologica del 7 gennaio dopo le restrizioni da DPCM ma ci sono anche le mutazioni, capiremo quanto pesante e pericolosa sar\u00e0. PALU&#8217; E&#8217; CONTRARIO ALL&#8217;APERTURA IL 7 GENNAIO\u00a0 Siamo in due i ragazzi rischiano di diventare grandi vettori, ma da qui al 7 gennaio accadr\u00e0 di tutto&#8230; CIOE? Guardate cosa \u00e8 successo in un mese. Rimarremo in velocit\u00e0 di crociera per 20 giorni? Ci sar\u00e0 un&#8217;evoluzione speriamo in bene.<\/p>\n<p><span style=\"color: #ff0000;\"><strong>LE MINACCE E GLI INSULTI\u00a0<\/strong><strong>DA CHI NON SI ASPETTAVA RESTRIZIONI?<\/strong> <\/span>Mi risuta che i provvedimenti restrittivi abbiano causato problemi e contestazione ovunque. Ho l&#8217;impressione che spesso ci siano conclusioni affrettate senza assumere informazioni, dal genitore che dice che gli abbiamo chiuso il figlio disabile in casa (ed \u00e8 falso) oppure che chiusura della Case di Riposo dipenda dalla Regione ma sono scelte autonome di chi le gestisce. Poi c&#8217;\u00e8 chi dice che il virus non esiste. Io faccio il mio dovere e con la mia coscienza sono apposto.<\/p>\n<p>&nbsp;<\/p>\n<p><a href=\"https:\/\/www.facebook.com\/zaiaufficiale\/videos\/2318151841661603\">https:\/\/www.facebook.com\/zaiaufficiale\/videos\/2318151841661603<\/a><\/p>\n<p>&nbsp;<\/p>\n<hr \/>\n<p>&nbsp;<\/p>\n<p>&nbsp;<\/p>\n<blockquote>\n<h3>ECCO L&#8217;ULTIMA ORDINANZA DELLA REGIONE, OBBLIGHI PER CHI RIENTRA DA GRAN BRETAGNA E IRLANDA<\/h3>\n<\/blockquote>\n<p style=\"text-align: left;\"><img decoding=\"async\" class=\"alignleft\" src=\"https:\/\/www.radiopiu.net\/wordpress\/wp-content\/uploads\/2020\/12\/images-1.jpg\" \/><strong>VENEZIA<\/strong> \u00a0Il virus muta, dall\u2019Inghilterra passa le frontiere e la Regione\u00a0 promulga un\u2019ordinanza per coloro che rientrano dalle zone a rischio. E\u2019 stata presentata oggi in conferenza stampa.<\/p>\n<p style=\"text-align: left;\">Le persone che si trovano nel territorio veneto e che nei quattordici giorni antecedenti hanno soggiornato o transitato nel Regno Unito di Gran Bretagna e Irlanda del Nord, anche se asintomatiche, sono obbligate a sottoporsi a test molecolare o antigenico, da effettuarsi mediante tampone presso l\u2019aeroporto\u00a0 di arrivo o recandosi immediatamente presso i punti tampone allestiti dalle aziende sanitarie locali, rimanendo in isolamento fiduciario fino ad esito negativo del test e anche successivamente, in caso di insorgenza di sintomi sospetti fino a nuovo test<br \/>\ncon esito negativo. I soggetti che nel mese precedente alla presente ordinanza hanno soggiornato in Regno Unito di Gran Bretagna e Irlanda del nord e che hanno effettuato test con esito positivo segnalano immediatamente tale esito ai dipartimenti di prevenzione delle Aziende Ulss di riferimento, ai fini della sequenziazione del virus. I laboratori delle Ulss accertate le positivit\u00e0 provvederanno a sequenziare il virus. Resta da capire se la variante del virus riscontata in Inghilterra e Irlanda si sia\u00a0 gi\u00e0 diffusa nel territorio veneto, i dipartimenti provvederanno ad identificare un campione di test con esito positivo riscontrati nel mese precedente alla presente ordinanza per la \u00a0sequenziazione.<\/p>\n<blockquote><p><strong>La violazione delle disposizioni comporta, salva la responsabilit\u00e0 penale per le pertinenti fattispecie, l\u2019applicazione delle sanzioni<\/strong><\/p><\/blockquote>\n<p>&nbsp;<\/p>\n<p>&nbsp;<\/p>\n<hr \/>\n<p>&nbsp;<\/p>\n<blockquote>\n<h3>DAL PD SOLIDARIETA&#8217; AI GIORNALISTI CHE RACCONTANO L&#8217;EPIDEMIA<\/h3>\n<\/blockquote>\n<p><strong>\u00a0VENEZIA<\/strong>\u00a0 <em>\u201cIl diritto all\u2019informazione non pu\u00f2 andare in lockdown, per questo esprimiamo solidariet\u00e0 ai giornalisti che da mesi stanno raccontando la gestione dell\u2019epidemia e diciamo no alle querele bavaglio\u201d.<\/em>\u00a0In una nota il gruppo consiliare regionale del Partito Democratico si schiera a fianco dei giornalisti che hanno manifestato in presidio a Palazzo Labia a Venezia alla presenza del presidente della Federazione nazionale della stampa italiana (Fnsi), Giuseppe Giulietti per protestare contro le recenti querele minacciate nei confronti del <i>Tg Regionale della Rai<\/i>,\u00a0<i>L\u2019Arena<\/i>\u00a0e\u00a0<i>Oggi Treviso<\/i>\u00a0per servizi riguardanti la situazione in alcune strutture sanitarie venete.<em>\u201cIl ruolo della stampa nel raccontare la realt\u00e0 che stiamo vivendo \u00e8 fondamentale: i cittadini non possono essere informati esclusivamente tramite comunicati o dirette sui social. E ai dubbi e alle criticit\u00e0 riportate dai giornalisti non si pu\u00f2 rispondere affidandosi alle vie legali\u201d.<\/em><\/p>\n<p>&nbsp;<\/p>\n<p>&nbsp;<\/p>\n<hr \/>\n<blockquote>\n<h3><\/h3>\n<h3>CARO STUDENTE TI SCRIVO&#8230;L&#8217;ANNO VECCHIO E&#8217; FINITO ORMAI, INTENSO E COMPLESSO<\/h3>\n<\/blockquote>\n<p>La Ministra dell\u2019Istruzione, Lucia Azzolina<b>,<\/b> ha scritto una lettera per le festivit\u00e0 natalizie rivolta al personale dell\u2019amministrazione del Ministero dell\u2019Istruzione, ai dirigenti scolastici, ai Direttori dei servizi generali ed amministrativi, ai docenti, al personale educativo ed ATA, alle studentesse e agli studenti, alle famiglie.<\/p>\n<blockquote><p><em>Quello appena trascorso \u00e8 stato certamente per tutti un anno particolarmente intenso e complesso, stravolto da una pandemia mondiale che ha trasformato le nostre vite, che ci ha costretti a rivedere le nostre priorit\u00e0 e ci ha privato, in alcuni casi, degli affetti pi\u00f9 cari. Le prossime festivit\u00e0 natalizie ci consentiranno un momento di autentico raccoglimento per fare memoria di questi giorni, per ripercorrerli, per rammentarci di come abbiamo reagito, di come abbiamo provato a farci forza per guardare oltre questo periodo buio, per ricordare chi non c\u2019\u00e8 pi\u00f9. Saranno Feste necessariamente diverse, all\u2019insegna della sobriet\u00e0, ma ogni sacrificio che faremo, ci aiuter\u00e0 ad uscire da questa emergenza. Il mio desiderio \u00e8 di raggiungervi tutti, con questa lettera, per inviarvi personalmente i miei auguri pi\u00f9 sinceri per le Feste, per l\u2019anno venturo e per ringraziarvi dello straordinario lavoro svolto in questo 2020. All\u2019inizio, siamo stati tutti colti da paura e profondo sconcerto, ma un po\u2019 alla volta abbiamo trasformato quelle inquietudini in energia concreta e fattiva per affrontare le sfide che ci si sono poste d\u2019innanzi, cogliendo nella difficolt\u00e0 un\u2019occasione storica di cambiamento. Insieme, ci siamo mossi in un\u2019unica direzione per rispondere alle urgenti necessit\u00e0, perch\u00e9 la Scuola non poteva essere lasciata indietro ancora una volta. Ognuno di voi si \u00e8 attivato per riavviare la didattica, sia pure a distanza, si \u00e8 reso disponibile ad apprendere per superare le difficolt\u00e0 poste dalla tecnologia, \u00e8 stato capace di adottare strategie per mantenere viva l\u2019attenzione dei ragazzi attraverso uno schermo, ha mostrato sensibilit\u00e0 nel ricercare i gesti consueti per riportare un po\u2019 di normalit\u00e0 e colmare i vuoti della distanza. Tutto questo anche quando la connessione era troppo lenta e le immagini apparivano a scatti. Avete fatto leva sulla passione e la determinazione che vi accompagnano, ogni giorno, in questo viaggio bellissimo che \u00e8 l\u2019educazione. Da parte mia, ho cercato con tutto l\u2019impegno, la seriet\u00e0 e la responsabilit\u00e0 che il mio ruolo richiede, di tenere fede agli obiettivi posti a inizio mandato e, con il manifestarsi e l\u2019acuirsi della pandemia, ho difeso con convinzione ed energia il mondo della scuola e il diritto allo studio. Un diritto imprescindibile che non pu\u00f2 essere svilito. I giovani hanno bisogno dei loro spazi per relazionarsi, interagire, crescere, vivere e scegliere il proprio destino e chi vorranno diventare. La Scuola \u00e8 la casa del futuro e se chiudiamo le scuole, perdiamo di vista anche il nostro domani. Nell\u2019emergenza, la comunit\u00e0 scolastica non ha rallentato, anzi, con rinnovato slancio ha cercato di colmare vuoti storici. La didattica a distanza ha rischiato, per\u00f2, di acuire i divari, aumentando il pericolo di isolamento e il fenomeno dell\u2019abbandono scolastico. Con misure e risorse dedicate, abbiamo fornito risposte concrete ad alunni e famiglie pi\u00f9 in difficolt\u00e0. Sappiamo che non \u00e8 stato tutto perfetto, non sono mancate e non mancano le difficolt\u00e0, dovute anche alle mancanze del passato, ai mancati finanziamenti che avevano costretto la scuola a vestire un ruolo sempre pi\u00f9 marginale. Per tutti noi, ridurre disuguaglianze e dispersione, significa onorare la Costituzione. Oggi, tutti insieme, abbiamo un\u2019occasione storica per rilanciare l\u2019istruzione. Una seria programmazione di spesa dei fondi europei previsti nel piano Next Generation EU. Inoltre, con la legge di Bilancio abbiamo previsto oltre 3,7 miliardi per il mondo dell\u2019Istruzione, risorse che dimostrano come la Scuola sia finalmente tornata ad essere centrale nelle azioni e negli investimenti. Se c\u2019\u00e8 un\u2019eredit\u00e0 che ci porteremo dietro \u00e8 proprio questa: l\u2019emergenza ha mostrato al Paese cosa accade quando la Scuola non ha la giusta centralit\u00e0. Stiamo provando a recuperare un divario ventennale. Ora, l\u2019impegno comune dovr\u00e0 essere quello di riportare in classe tutti gli studenti e le studentesse, che hanno bisogno di riappropriarsi dei loro spazi, di riprendere il cammino di crescita. Ammiro molto il coraggio e la fermezza dei giovani che, con le loro proteste gentili, ci chiedono di tornare a scuola. Dobbiamo essere fieri di loro; dobbiamo restituire loro una scuola migliore e vigilare che avvenga presto. Aristotele ci insegna che \u201cLa speranza \u00e8 il sogno dell\u2019uomo desto\u201d. Questa \u00e8 la mia sper<\/em><em>anza, questo \u00e8 il mio impegno. L\u2019augurio che rivolgo a me e a voi \u00e8 di fare sempre pi\u00f9 e meglio. Buon 2021 a tutte e a tutti.<\/em><\/p>\n<p>&nbsp;<\/p><\/blockquote>\n<hr \/>\n<p>&nbsp;<\/p>\n<blockquote>\n<h3>CHE IL CONTROLLO DELLE DIGHE E RETI RIMANGA SUL TERRITORIO BELLUNESE<\/h3>\n<\/blockquote>\n<p><strong>ROMA<\/strong> <em>\u00abLa riorganizzazione di Enel non deve togliere nessun presidio al territorio bellunese. Neanche se dovessero arrivare tutte le rassicurazioni possibili e immaginabili: su questo serve una battaglia trasversale di tutte le forze politiche della provincia\u00bb<\/em>. \u00c8 quanto afferma il deputato di Forza Italia Dario Bond, che torna su un argomento pi\u00f9 volte affrontato. <em>\u00abDa tempo si rumoreggia di riorganizzazioni interne. E da tempo di parla del trasloco di uomini e competenze del punto di telecontrollo di Polpet, destinato a salutare il Bellunese per passare a Nove, Treviso. Enel rassicura che per il servizio e la sicurezza non cambia niente, ma non possiamo accettare ulteriori scivolamenti a valle dei presidi. Ecco perch\u00e9 appoggio la denuncia in tal senso mossa dalla Provincia di Belluno. Suggerisco per\u00f2 una strategia territoriale. Pi\u00f9 che andare a parlare con gli esponenti del Governo, il presidente della Provincia Padrin, con tutti i parlamentari e rappresentanti territoriali, dovrebbe andare dall\u2019amministratore delegato di Enel, Francesco Starace, e far capire al gestore elettrico che le istituzioni bellunesi, trasversalmente e al di l\u00e0 del colore politico, sono tutte d\u2019accordo. Si tratta di comporre questo puzzle e fare lobby. Personalmente ho lanciato questa proposta mesi fa, senza trovare grande collaborazione&#8221;<\/em>.<\/p>\n<p>&nbsp;<\/p>\n<hr \/>\n<p>&nbsp;<\/p>\n<blockquote>\n<h3>ROTTAMAZIONE AUTO. DALLA REGIONE 4 MILIONI DI EURO PER FINANZIARE TUTTE LE DOMANDE DEL 2020<\/h3>\n<\/blockquote>\n<p><strong><a href=\"https:\/\/www.radiopiu.net\/wordpress\/belluno-in-vigore-lordinanza-antismog-deroga-anche-per-chi-assiste-persone-in-isolamento-covid\/scarico-auto\/\" rel=\"attachment wp-att-164611\"><img loading=\"lazy\" decoding=\"async\" class=\"size-medium wp-image-164611 alignleft\" src=\"https:\/\/www.radiopiu.net\/wordpress\/wp-content\/uploads\/2020\/10\/SCARICO-AUTO-300x200.jpg\" alt=\"\" width=\"300\" height=\"200\" srcset=\"https:\/\/www.radiopiu.net\/wordpress\/wp-content\/uploads\/2020\/10\/SCARICO-AUTO-300x200.jpg 300w, https:\/\/www.radiopiu.net\/wordpress\/wp-content\/uploads\/2020\/10\/SCARICO-AUTO-1024x684.jpg 1024w, https:\/\/www.radiopiu.net\/wordpress\/wp-content\/uploads\/2020\/10\/SCARICO-AUTO-768x513.jpg 768w, https:\/\/www.radiopiu.net\/wordpress\/wp-content\/uploads\/2020\/10\/SCARICO-AUTO-1536x1026.jpg 1536w, https:\/\/www.radiopiu.net\/wordpress\/wp-content\/uploads\/2020\/10\/SCARICO-AUTO.jpg 1920w\" sizes=\"auto, (max-width: 300px) 100vw, 300px\" \/><\/a>VENEZIA\u00a0<\/strong>\u201c<em>Anche quest\u2019anno abbiamo inteso impegnare le risorse necessarie a coprire l\u2019intera graduatoria delle oltre mille domande pervenute in relazione al bando per la rottamazione delle vecchie auto e la loro sostituzione con veicoli a basso impatto ambientale di nuova immatricolazione<\/em>\u201d. A dirlo \u00e8 l\u2019assessore veneto all\u2019Ambiente Gianpaolo Bottacin nel comunicare che la Giunta regionale, su sua proposta, ha deliberato lo stanziamento dei fondi per tutte le richieste giunte nel 2020. Con lo scopo di ridurre le emissioni in atmosfera, infatti, <a href=\"https:\/\/www.radiopiu.net\/wordpress\/raccolta-differenziata-il-veneto-in-testa-in-italia-e-tra-i-primi-in-europa\/1550-2020-assessore-bottacin-ecoforum\/\" rel=\"attachment wp-att-175999\"><img loading=\"lazy\" decoding=\"async\" class=\" wp-image-175999 alignright\" src=\"https:\/\/www.radiopiu.net\/wordpress\/wp-content\/uploads\/2020\/11\/1550-2020-ASSESSORE-BOTTACIN-ECOFORUM-300x188.jpeg\" alt=\"\" width=\"190\" height=\"119\" srcset=\"https:\/\/www.radiopiu.net\/wordpress\/wp-content\/uploads\/2020\/11\/1550-2020-ASSESSORE-BOTTACIN-ECOFORUM-300x188.jpeg 300w, https:\/\/www.radiopiu.net\/wordpress\/wp-content\/uploads\/2020\/11\/1550-2020-ASSESSORE-BOTTACIN-ECOFORUM-1024x640.jpeg 1024w, https:\/\/www.radiopiu.net\/wordpress\/wp-content\/uploads\/2020\/11\/1550-2020-ASSESSORE-BOTTACIN-ECOFORUM-768x480.jpeg 768w, https:\/\/www.radiopiu.net\/wordpress\/wp-content\/uploads\/2020\/11\/1550-2020-ASSESSORE-BOTTACIN-ECOFORUM.jpeg 1080w\" sizes=\"auto, (max-width: 190px) 100vw, 190px\" \/><\/a>a inizio anno la Regione aveva promosso un bando a favore di chi avesse voluto sostituire la propria vecchia auto con classe emissiva benzina fino a Euro3, gasolio fino a Euro5 o bifuel fino a Euro2. \u201c<em>Si tratta di contributi importanti, anche di 4.500 Euro per autovettura, che sfiorano i 4 milioni di euro nel solo 2020 \u2013 spiega l\u2019Assessore \u2013 attribuiti in differente percentuale in funzione delle effettive emissioni di anidride carbonica e ossidi di azoto del nuovo mezzo, stabiliti in base a specifici protocolli, cos\u00ec da premiare massimamente le scelte pi\u00f9 virtuose<\/em>\u201d. \u201c<em>Fin dal 2017, primo anno in cui abbiamo avviato l\u2019iniziativa \u2013 conclude Bottacin -, abbiamo anche sempre messo a disposizione le risorse per dar riscontro a tutte le domande pervenute. Un evidente segnale con cui si conferma la nostra massima attenzione alla qualit\u00e0 dell\u2019aria<\/em>\u201d.<\/p>\n<p>&nbsp;<\/p>\n<hr \/>\n<p>&nbsp;<\/p>\n<p>&nbsp;<\/p>\n<blockquote>\n<h3>PREMIO AI DIPENDENTI ANCHE AL TERMINE DI UN ANNO COMPLICATO<\/h3>\n<\/blockquote>\n<blockquote><p><em>Sar\u00e0 suddiviso in Buoni Spesa e\/o Buoni Carburante (lasciando libera scelta ad ogni singolo dipendente sulla tipologia di buono pi\u00f9 idonea alle proprie esigenze), oltre ad una quota in denaro, che verr\u00e0 erogata con la busta paga del prossimo mese di Gennaio 2021.<\/em><\/p><\/blockquote>\n<p><strong><a href=\"https:\/\/www.radiopiu.net\/wordpress\/premio-ai-dipendenti-anche-al-termine-di-una-anno-complicato\/famiglia-cremonese\/\" rel=\"attachment wp-att-180959\"><img loading=\"lazy\" decoding=\"async\" class=\"size-medium wp-image-180959 alignleft\" src=\"https:\/\/www.radiopiu.net\/wordpress\/wp-content\/uploads\/2020\/12\/Famiglia-Cremonese-300x198.jpeg\" alt=\"\" width=\"300\" height=\"198\" srcset=\"https:\/\/www.radiopiu.net\/wordpress\/wp-content\/uploads\/2020\/12\/Famiglia-Cremonese-300x198.jpeg 300w, https:\/\/www.radiopiu.net\/wordpress\/wp-content\/uploads\/2020\/12\/Famiglia-Cremonese.jpeg 640w\" sizes=\"auto, (max-width: 300px) 100vw, 300px\" \/><\/a>FONZASO<\/strong> Il 2020 di Manifattura Valcismon si appresta a chiudersi e anche quest\u2019anno, sferzato dalla pandemia, si sta delineando ad essere un buon anno per l\u2019azienda, che con i suoi marchi Sportful, Castelli e Karpos rimane un punto di riferimento per gli amanti degli sport all\u2019aria aperta come Ciclismo, Sci di fondo e Outdoor in tutte le sue sfaccettature. Sicuramente i segmenti di mercato che l\u2019azienda ricopre risultano tra i meno colpiti dalle restrizioni della pandemia e i fatturati 2020 lo confermano. Cos\u00ec l\u2019azienda, formalizzando l\u2019accordo con le rappresentanti sindacali dei dipendenti e con il rappresentante del Sindacato, ha deciso di confermare il Bonus di 750\u20ac per tutti suoi 172 dipendenti in forza, che in <a href=\"https:\/\/www.radiopiu.net\/wordpress\/anno-complicato\/famiglia-cremonese-azienda\/\" rel=\"attachment wp-att-180960\"><img loading=\"lazy\" decoding=\"async\" class=\"size-medium wp-image-180960 alignright\" src=\"https:\/\/www.radiopiu.net\/wordpress\/wp-content\/uploads\/2020\/12\/Famiglia-Cremonese-azienda-300x200.jpg\" alt=\"\" width=\"300\" height=\"200\" srcset=\"https:\/\/www.radiopiu.net\/wordpress\/wp-content\/uploads\/2020\/12\/Famiglia-Cremonese-azienda-300x200.jpg 300w, https:\/\/www.radiopiu.net\/wordpress\/wp-content\/uploads\/2020\/12\/Famiglia-Cremonese-azienda-1024x683.jpg 1024w, https:\/\/www.radiopiu.net\/wordpress\/wp-content\/uploads\/2020\/12\/Famiglia-Cremonese-azienda-768x512.jpg 768w, https:\/\/www.radiopiu.net\/wordpress\/wp-content\/uploads\/2020\/12\/Famiglia-Cremonese-azienda-1536x1024.jpg 1536w, https:\/\/www.radiopiu.net\/wordpress\/wp-content\/uploads\/2020\/12\/Famiglia-Cremonese-azienda-2048x1365.jpg 2048w\" sizes=\"auto, (max-width: 300px) 100vw, 300px\" \/><\/a>quest\u2019anno hanno aiutato il Gruppo al raggiungimento di questo prestigioso risultato, che solo qualche mese fa sembrava impossibile.<\/p>\n<p align=\"JUSTIFY\">Alessio Cremonese Ad di MVC ha dichiarato<em> \u201cVisto il buon risultato dell\u2019anno 2020 vogliamo continuare a dimostrare la nostra gratitudine ai dipendenti, che ogni giorno mettono a disposizione il proprio lavoro e le proprie competenze per far si che l\u2019azienda possa essere sempre un punto di riferimento per tecnologia dei Prodotti, innovazione, qualit\u00e0 e servizio al cliente ed al consumatore. \u00c8 stato un anno anomalo e complicato ma, grazie alla disponibilit\u00e0 di tutti siamo riusciti ad adattarci nel migliore dei modi a questo cambiamento per il quale non avevamo alternative: sicuramente la tempesta non \u00e8 passata e dobbiamo mantenere l\u2019attenzione altissima per non rischiare di vanificare gli sforzi fatti fino a qui. Questo premio vuol essere, prima di tutto un segno di riconoscimento e di ringraziamento, ma anche un contributo, in questo momento difficile che tutti stiamo affrontando all\u2019interno della nostra sfera famigliare\u201c.<\/em><\/p>\n<blockquote><p>&nbsp;<\/p><\/blockquote>\n<p>&nbsp;<\/p>\n<hr \/>\n<p>&nbsp;<\/p>\n<h2><span style=\"color: #ff0000;\">IERI SERA IN TELEVISIONI, NEL POMERIGGIO A RADIO PIU&#8217;<\/span><\/h2>\n<blockquote>\n<h2>FELICE TAGLIAFERRI, ARTISTA. QUATTRO CHIACCHIERE CON SILVANO SAVIO<\/h2>\n<\/blockquote>\n<p>&nbsp;<\/p>\n<p><a class=\"dt-pswp-item\" href=\"https:\/\/www.radiopiu.net\/wordpress\/wp-content\/uploads\/2020\/12\/44115797_1903426496377145_7780980173268058112_n.jpg\" data-dt-img-description=\"\" data-large_image_width=\"720\" data-large_image_height=\"720\"><img loading=\"lazy\" decoding=\"async\" class=\"size-medium wp-image-180936 alignleft\" src=\"https:\/\/www.radiopiu.net\/wordpress\/wp-content\/uploads\/2020\/12\/44115797_1903426496377145_7780980173268058112_n-300x300.jpg\" alt=\"\" width=\"300\" height=\"300\" srcset=\"https:\/\/www.radiopiu.net\/wordpress\/wp-content\/uploads\/2020\/12\/44115797_1903426496377145_7780980173268058112_n-300x300.jpg 300w, https:\/\/www.radiopiu.net\/wordpress\/wp-content\/uploads\/2020\/12\/44115797_1903426496377145_7780980173268058112_n-150x150.jpg 150w, https:\/\/www.radiopiu.net\/wordpress\/wp-content\/uploads\/2020\/12\/44115797_1903426496377145_7780980173268058112_n.jpg 720w\" sizes=\"auto, (max-width: 300px) 100vw, 300px\" \/><\/a><\/p>\n<p>&nbsp;<\/p>\n<p><strong>TAIBON<\/strong> Simpatica chiacchierata tra Silvano Savio e l&#8217;artista Felice Tagliaferri.<\/p>\n<p>AUDIO<\/p>\n<p>&nbsp;<\/p>\n<p>&nbsp;<\/p>\n<p>&nbsp;<\/p>\n<p>&nbsp;<\/p>\n<p>&nbsp;<\/p>\n<audio class=\"wp-audio-shortcode\" id=\"audio-180764-6\" preload=\"none\" style=\"width: 100%;\" controls=\"controls\"><source type=\"audio\/mpeg\" src=\"https:\/\/www.radiopiu.net\/wordpress\/wp-content\/uploads\/2020\/12\/felice.mp3?_=6\" \/><a href=\"https:\/\/www.radiopiu.net\/wordpress\/wp-content\/uploads\/2020\/12\/felice.mp3\">https:\/\/www.radiopiu.net\/wordpress\/wp-content\/uploads\/2020\/12\/felice.mp3<\/a><\/audio>\n<p>&nbsp;<\/p>\n<hr \/>\n<p>&nbsp;<\/p>\n<p>&nbsp;<\/p>\n<blockquote class=\"wp-embedded-content\" data-secret=\"DeyPGn5XtU\"><p><a href=\"https:\/\/www.radiopiu.net\/wordpress\/pagina-in-aggiornamento\/\">pagina in aggiornamento continuo: SCULTURE NEL GHIACCIO E NEVE A FALCADE con SILVANO SAVIO<\/a><\/p><\/blockquote>\n<p><iframe loading=\"lazy\" class=\"wp-embedded-content\" sandbox=\"allow-scripts\" security=\"restricted\" style=\"position: absolute; clip: rect(1px, 1px, 1px, 1px);\" title=\"&#8220;pagina in aggiornamento continuo: SCULTURE NEL GHIACCIO E NEVE A FALCADE con SILVANO SAVIO&#8221; &#8212; Radio Pi\u00f9\" src=\"https:\/\/www.radiopiu.net\/wordpress\/pagina-in-aggiornamento\/embed\/#?secret=DeyPGn5XtU\" data-secret=\"DeyPGn5XtU\" width=\"600\" height=\"338\" frameborder=\"0\" marginwidth=\"0\" marginheight=\"0\" scrolling=\"no\"><\/iframe><\/p>\n<p>&nbsp;<\/p>\n<p>&nbsp;<\/p>\n<hr \/>\n<p>&nbsp;<\/p>\n<p>&nbsp;<\/p>\n<h3><a href=\"https:\/\/www.radiopiu.net\/wordpress\/giornale-radiopiu-22-dicembre-2020-direttore-mirko-mezzacasa\/foto-natale-2-1\/\" rel=\"attachment wp-att-180985\"><img loading=\"lazy\" decoding=\"async\" class=\"wp-image-180985 alignleft\" src=\"https:\/\/www.radiopiu.net\/wordpress\/wp-content\/uploads\/2020\/12\/foto-Natale-2-1-225x300.jpg\" alt=\"\" width=\"112\" height=\"149\" srcset=\"https:\/\/www.radiopiu.net\/wordpress\/wp-content\/uploads\/2020\/12\/foto-Natale-2-1-225x300.jpg 225w, https:\/\/www.radiopiu.net\/wordpress\/wp-content\/uploads\/2020\/12\/foto-Natale-2-1-768x1024.jpg 768w, https:\/\/www.radiopiu.net\/wordpress\/wp-content\/uploads\/2020\/12\/foto-Natale-2-1-1152x1536.jpg 1152w, https:\/\/www.radiopiu.net\/wordpress\/wp-content\/uploads\/2020\/12\/foto-Natale-2-1-1536x2048.jpg 1536w, https:\/\/www.radiopiu.net\/wordpress\/wp-content\/uploads\/2020\/12\/foto-Natale-2-1-scaled.jpg 1920w\" sizes=\"auto, (max-width: 112px) 100vw, 112px\" \/><\/a>LE INIZIATIVE DI NATALE<\/h3>\n<ul>\n<li>l&#8217;iniziativa delle cure palliative di Belluno, in collaborazione con la Cucchini, per un piccolo dono a tutti i pazienti terminali seguiti a domicilio in questo momento doppiamente difficile <a href=\"https:\/\/www.facebook.com\/Ulss1Dolomiti\/posts\/2900263096897178\">https:\/\/www.facebook.com\/Ulss1Dolomiti\/posts\/2900263096897178<\/a><\/li>\n<li><\/li>\n<li>i ringraziamenti degli istituti scolastici al team scuole del Dipartimento di Prevenzione per la fattiva collaborazione della gestione delle positivit\u00e0\/isolamenti delle classi <a href=\"https:\/\/www.facebook.com\/Ulss1Dolomiti\/posts\/2900426236880864\">https:\/\/www.facebook.com\/Ulss1Dolomiti\/posts\/2900426236880864<\/a><\/li>\n<\/ul>\n<p>&nbsp;<\/p>\n<p>&nbsp;<\/p>\n<p>&nbsp;<\/p>\n<hr \/>\n<p>&nbsp;<\/p>\n<blockquote>\n<h3>IL SERVIZIO DI MICROCREDITO IN PROVINCIA DI BELLUNO<\/h3>\n<\/blockquote>\n<p><strong><a href=\"https:\/\/www.radiopiu.net\/wordpress\/giornale-radiopiu-22-dicembre-2020-direttore-mirko-mezzacasa\/ceis\/\" rel=\"attachment wp-att-180913\"><img loading=\"lazy\" decoding=\"async\" class=\"size-medium wp-image-180913 alignleft\" src=\"https:\/\/www.radiopiu.net\/wordpress\/wp-content\/uploads\/2020\/12\/CEIS-300x150.png\" alt=\"\" width=\"300\" height=\"150\" srcset=\"https:\/\/www.radiopiu.net\/wordpress\/wp-content\/uploads\/2020\/12\/CEIS-300x150.png 300w, https:\/\/www.radiopiu.net\/wordpress\/wp-content\/uploads\/2020\/12\/CEIS.png 640w\" sizes=\"auto, (max-width: 300px) 100vw, 300px\" \/><\/a>BELLUNO\u00a0<\/strong>Dal 1 dicembre 2010 \u00e8 attivo in provincia di Belluno il progetto di Microcredito che si avvale di una rete di enti ed associazioni del territorio coordinate dal Centro Italiano di Solidariet\u00e0 di Belluno onlus nonch\u00e9 di un gruppo di volontari formati ad hoc per l\u2019ascolto e l\u2019accompagnamento dei casi. L\u2019iniziativa permette di erogare un piccolo prestito di massimo 3000 euro da restituire in un arco di tempo massimo di 36 mesi, in una logica non di assistenzialismo ma di responsabilizzazione dei fruitori, in modo che le persone siano accompagnate in un progetto di cui siano parte attiva. Ad oggi si sono rivolte al servizio 490 persone e famiglie in difficolt\u00e0 economica; a fronte di queste richieste, sono stati erogati 138 prestiti (28%) per un totale di 303.213,30 euro. E&#8217; attivo un conto donazioni, informazioni ai Ceis di Belluno.<\/p>\n<p>&nbsp;<\/p>\n<p>&nbsp;<\/p>\n<hr \/>\n<p>&nbsp;<\/p>\n<p>&nbsp;<\/p>\n<blockquote>\n<h3><a href=\"https:\/\/www.radiopiu.net\/wordpress\/giornale-radiopiu-22-dicembre-2020-direttore-mirko-mezzacasa\/asilo-2\/\" rel=\"attachment wp-att-180925\"><img loading=\"lazy\" decoding=\"async\" class=\"wp-image-180925 alignleft\" src=\"https:\/\/www.radiopiu.net\/wordpress\/wp-content\/uploads\/2020\/12\/ASILO.jpg\" alt=\"\" width=\"182\" height=\"102\" \/><\/a>SCUOLA DELL&#8217;INFANZIA, ISCRIZIONI APERTE<\/h3>\n<\/blockquote>\n<p><strong>AGORDO<\/strong> La scuola per l&#8217;infanzia Monsignor Luigi Cappello\u00a0 apreto alle iscrizioni per l&#8217;anno scolastico 2021-2022, si potranno perfezionare nella giornata di lunedi 11 e martedi 12 gennaio dalle 10 alle 11, dalle 16 alle 18. Ogni ulteriori informazioni allo 0437 62261, mail scuolamaternaagordo@libero.it<\/p>\n<blockquote>\n<h3><\/h3>\n<\/blockquote>\n<h3><\/h3>\n<hr \/>\n<blockquote>\n<h3><\/h3>\n<h3><a href=\"https:\/\/www.radiopiu.net\/wordpress\/giornale-radiopiu-22-dicembre-2020-direttore-mirko-mezzacasa\/images-296\/\" rel=\"attachment wp-att-180926\"><img loading=\"lazy\" decoding=\"async\" class=\" wp-image-180926 alignleft\" src=\"https:\/\/www.radiopiu.net\/wordpress\/wp-content\/uploads\/2020\/12\/images-2.jpg\" alt=\"\" width=\"256\" height=\"144\" \/><\/a>ANTI VIGILIA DI NATALE IN MUNICIPIO<\/h3>\n<\/blockquote>\n<p><strong>ALLEGHE<\/strong> Domani alle 19.30 consiglio comunale convocato dal sindaco Danilo De Toni, sar\u00e0 prorogata la scadenza al consorzio Girotondo; rinnovo della convenzione per il rilascio delle autorizzazioni paesaggistiche, approvazione contratto attuattivo per la pubblica illuminazione, nomina revisore dei conti.<\/p>\n<p><strong>RIVAMONTE<\/strong> Il consiglio comunale si terr\u00e0 domani alle 18.30. Ordine del giorno: ricognizione sullo stato di attuazione dei programmi; variazione al bilancio; convenzione con l&#8217;Unione Montana per le funzioni di RUP, riconoscimento debiti fuori bilancio dopo le avversit\u00e0 atmosferiche d&#8217;inizio dicembre.<\/p>\n<p>&nbsp;<\/p>\n<hr \/>\n<blockquote><p>&nbsp;<\/p>\n<p><strong>UFFICI CHIUSI<\/strong><\/p><\/blockquote>\n<p><strong>FELTRE<\/strong> <span style=\"font-family: Times New Roman, serif;\"><span style=\"font-size: medium;\">Chiusura uffici comunali nel periodo delle festivit\u00e0 natalizie: nei pomeriggi del 24 e del 31 dicembre e chiusura del Polo Bibliotecario nella giornata del 2 gennaio.\u00a0<\/span><\/span><\/p>\n<p>&nbsp;<\/p>\n<hr \/>\n<blockquote>\n<h3><\/h3>\n<h3>AD AGORDO PROLOCO METTE L&#8217;INVERNO DI VETRINA<\/h3>\n<\/blockquote>\n<p><strong>AGORDO<\/strong> La Proloco di Agordo \u00e8 artefice di una nuova iniziativa. La raccolta delle fotografie dell&#8217;inverno nella Conca Agordina (2020-21), da esporre nell&#8217;ufficio di via 27 Aprile. Troveranno spazio in vetrina o nei locali dell&#8217;ufficio su supporto cartaceo o video fino al termine dell&#8217;inverno, la proloco pensa anche ad una pubblicazione sui social. <em>&#8220;Abbiamo approfittato di questo periodo in cui non possiamo esporre i soliti numerosissimi manifesti di eventi ed iniziative &#8211; spiega la proloco &#8211;\u00a0 per promuovere le bellezze della Conca Agordina&#8221;. <\/em>Chi vorr\u00e0 partecipare potr\u00e0 compilare il modulo ed inviare al massimo 2 foto.<\/p>\n<p>&nbsp;<\/p>\n<p>&nbsp;<\/p>\n<hr \/>\n<p>&nbsp;<\/p>\n<blockquote>\n<h3>LA SCUOLA EQUIPE FALCADE ORGANIZZA ESCURSIONI GUIDATE<\/h3>\n<\/blockquote>\n<p><strong>FALCADE\u00a0<\/strong>Per la stagione invernale 2020\/21, la scuola Equipe Falcade organizza delle escursioni con le ciaspe dedicate ai bambini. 4 le escursioni in programma per gruppi di massimo 4 bambini che si possono prenotare al 334 9151617. Necessario l&#8217;abbigliamento da sci, zainetto e la mascherina. A tutti coloro che partecipano all&#8217;iniziativa uno scaldacollo in omaggio.<\/p>\n<p>&nbsp;<\/p>\n<p>&nbsp;<\/p>\n<hr \/>\n<p>&nbsp;<\/p>\n<blockquote>\n<h3>S\u00d6RA D NAD\u00c0 E DVAN DAL COI<\/h3>\n<\/blockquote>\n<p><strong>COMELICO\u00a0<\/strong>L&#8217;Union Ladina Dal Comelgo e il Gruppo Musicale di Costalta organizzano per domani alle 20.30 e per domenica 27 dicembre alle 20.30, due serate di musica, poesia e presentazione del libro &#8220;Dvan dal Coi, l&#8217;uomo dei boschi, tra leggenda e realt\u00e0&#8221;. Con Lucio Eicher Clere, Daniele De Bettin e Claudio Michelazzi. Le serate saranno trasmesse esclusivamente in diretta Facebook da Costalta sulla pagina Facebook dell&#8217;Union Ladina.<\/p>\n<p>&nbsp;<\/p>\n<hr \/>\n<p>&nbsp;<\/p>\n<div class=\"page-title-head hgroup\">\n<blockquote>\n<h3 class=\"entry-title\">I GIOVANI DANNO AVVIO ALLA RACCOLTA DI NATALE<\/h3>\n<\/blockquote>\n<\/div>\n<p class=\"page-title-breadcrumbs\"><strong><img loading=\"lazy\" decoding=\"async\" class=\"alignleft\" src=\"https:\/\/www.radiopiu.net\/wordpress\/wp-content\/uploads\/2020\/12\/christmas-3009949__340.jpg\" width=\"213\" height=\"119\" \/>TAIBON<\/strong>\u00a0L\u2019iniziativa parte dai giovani ed \u00e8 rivolta a tutti i giovani dell\u2019Agordino. \u00a0Raccogliendo oggetti e cibo e donandolo, tramite l\u2019associazione San Martino di Agordo, a chi \u00e8 maggiormente in difficolt\u00e0. Sono graditi Libri, prodotti di bellezza, generi alimentari (a lunga conservazione), accessori, dolcetti, oggetti simbolici.\u00a0 Tre i punti di raccolta in cui depositare gli oggetti:\u00a0 Valle del Biois ( Margherita Andrich, 349 7093043),\u00a0 Agordo e dintorni (Samuel Da Campo, 342 1875044) e\u00a0 Alleghe e dintorni ( Agnese Vinti, 348 1817865). \u00a0La raccolta avviene nei giorni precedenti al Natale tra il 19 e il 24 dicembre<\/p>\n<p><strong>DAL CORRIERE DELLE ALPI IL SERVIZIO DI GIANNI SANTOMASO<\/strong><\/p>\n<audio class=\"wp-audio-shortcode\" id=\"audio-180764-7\" preload=\"none\" style=\"width: 100%;\" controls=\"controls\"><source type=\"audio\/mpeg\" src=\"https:\/\/www.radiopiu.net\/wordpress\/wp-content\/uploads\/2020\/12\/GIANNI-GIOVANI-RACCOLTA-PER-NATALE.mp3?_=7\" \/><a href=\"https:\/\/www.radiopiu.net\/wordpress\/wp-content\/uploads\/2020\/12\/GIANNI-GIOVANI-RACCOLTA-PER-NATALE.mp3\">https:\/\/www.radiopiu.net\/wordpress\/wp-content\/uploads\/2020\/12\/GIANNI-GIOVANI-RACCOLTA-PER-NATALE.mp3<\/a><\/audio>\n<p>&nbsp;<\/p>\n<hr \/>\n<p>&nbsp;<\/p>\n<blockquote>\n<h3>NUOVO ORARIO PER L&#8217;UFFICIO DELLA PRO LOCO DI CANALE D&#8217;AGORDO<\/h3>\n<\/blockquote>\n<p><strong>CANALE D&#8217;AGORDO <\/strong>A\u00a0seguito delle ultime disposizioni governative, comunichiamo che\u00a0<u>per il prossimo periodo natalizio<\/u>, l&#8217;ufficio pro loco di Canale d&#8217;Agordo sar\u00e0 aperto al pubblico\u00a0dalle 9.00 alle 12.00\u00a0nei seguenti giorni:\u00a0Luned\u00ec 21 DICEMBRE,\u00a0Marted\u00ec 22 DICEMBRE,\u00a0Mercoled\u00ec 23 DICEMBRE,\u00a0Luned\u00ec 28 DICEMBRE,\u00a0Marted\u00ec 29 DICEMBRE,\u00a0Mercoled\u00ec 30 DICEMBRE e\u00a0Luned\u00ec 4 GENNAIO<\/p>\n<p>&nbsp;<\/p>\n<p>&nbsp;<\/p>\n<hr \/>\n<p>&nbsp;<\/p>\n<blockquote>\n<h2>SCHOLA CANTORUM E VOCI BIANCHE: ENTUSIASMO, FIDUCIA ED OTTIMISMO di RENATO BONA<\/h2>\n<\/blockquote>\n<p><strong>BELLUNO<\/strong> Si deve all\u2019iniziativa di appassionati benemeriti, in primo luogo il maestro Alberto Da Ros, la nascita a Santa Giustina, in provincia di Belluno, dell\u2019attivit\u00e0 corale che, con la Schola Cantorum, ha preso il via nel 1981 e nel tempo si \u00e8 ampliata, registrando fra l\u2019altro la partecipazione alle pi\u00f9 importanti rassegne corali, in Italia e all\u2019estero. Nel 2001, i primi quattro lustri di attivit\u00e0 venivano cos\u00ec sintetizzati dal direttivo della Schola e da quello di \u201cVoci bianche\u201d nel libretto \u201cVent\u2019anni 1981-2001\u201d: \u201cUn fiume di amicizia, di stima, di solidariet\u00e0, di passione per la musica, di sacrificio ed impegno, di speranze, di soddisfazioni personali e corali, in una parola vent\u2019anni di emozioni condivise\u201d. Perch\u00e9 nei due decenni \u201cI due gruppi corali hanno saputo aggregare e valorizzare una grande risorsa di Santa Giustina per offrire ai loro cittadini, e non solo a loro, un\u2019opportunit\u00e0 in pi\u00f9 di crescita culturale\u201d. Il tutto in virt\u00f9 di una forza che \u00e8 sempre stata \u201cL\u2019entusiasmo dei piccoli, la creativit\u00e0 e l\u2019ottimismo dei giovani, l\u2019esperienza, l\u2019impegno e la fiducia del maestro, il sentire poetico di chi, avvicinatosi giovane alla magia del canto, ne \u00e8 rimasto affascinato\u201d. Una storia che \u00e8 andata avanti, scrivendo altre bellissime pagine &#8211; aggiungiamo noi &#8211; e che anno dopo anno \u00e8 punto di partenza, proiezione verso il domani, verso nuovi ed importanti traguardi. E non a caso &#8211; richiamandoci a quanto riportato su Facebook &#8211; si ricordano, fra l\u2019altro, l\u2019incisione, nel 1996, del cd \u201cPreludio di Natale\u201d con l\u2019etichetta Rivoalto; nel 1999 le 5 repliche dell\u2019\u201cOratorio de No\u00ebl\u201d ed il \u201cSalmo XVIII\u201d di C. Saint Sa\u00ebns e l\u2019incisione con la Rainbow; nel 2000 ben 7 esecuzioni della cantata \u201cAssassinio nella Cattedrale\u201d di V. Donella e il \u201cTe Deum\u201d op.141 di W.A. Mozart. Poi, nel 2001: 5 repliche del \u201cRequiem op. 48\u201d e il \u201cCantique\u201d di J. Racine op.11 di G. Faur\u00e8; \u00e8 dell\u2019anno seguente il progetto di ricerca musicologica su Ludovico Balbi (1545-1604) e del 2003 l\u2019esecuzione del vespro \u201cIn Nativitate Domini\u201d del L. Balbi; il salmo \u201cDe Profundis\u201d e la \u201cFantasia Corale\u201d di L. V. Beethoven. Anno 2004: cantata \u201cCarmina Burana\u201d di C. Orff, \u201cLa Fucina del Canto\u201d, un cd contenente 19 canti tratti dal folklore internazionale. Ancora: nel 2005 opere corali di L.V. Beethoven, e organizzazione di un convegno di studi sulla musica nel Duomo di Feltre di fine 500. 2006; il \u201cMagnificat\u201d di J. Rutter; la pubblicazione da Nuova Pro Musica Studium di un volume contenente 18 salmi e 3 magnificat; incisione di 2 cd per l\u2019etichetta Tactus . 2007: al Festival Internazionale di Bayeux in Normandia viene allestito il \u201cRequiem\u201d di A. Luchesi e la \u201cMass for Peace\u201d di K. Jenkins. Inizia un progetto di ricerca musicologica, trascrizione ed esecuzione delle opere di A. Miari. 2008: il \u201cTe Deum\u201d e il \u201cDialogus\u201d di M. A. Charpentier. 2009: al 40. Festival Internazionale della Musica Antica di Sion (Svizzera); celebrazione dell\u20198. centenario della conversione di San Francesco, nella Basilica Pontificia del Santo di Padova; \u201cSettembre Bellunese\u201d con 8 produzioni, tra cui 2 opere liriche: la \u201cTraviata\u201d e il \u201cBarbiere di Siviglia\u201d. 2010: trascritta ed eseguita in importanti chiese, la\u201dMessa Concertata\u201d di A. Lotti. 2011: per il trentennale \u201cl\u2019Aida\u201d di G. Verdi, l\u2019\u201cOratorio della Beata Vergine\u201d e il \u201cMagnificat\u201d di P.D. Peretti. 2012: il Musica FestiVal Belluna con sei eventi tra cui il \u201cIl Filosofo di Campagna\u201d di B. Galuppi, \u201cLa Traviata\u201d di G. Verdi, \u201cLe Nozze di Figaro\u201d di W. A. Mozart al Comunale di Belluno e al Teatro Cantero di Chiavari (Genova), la terza \u201cLamentazione\u201d di A. Miari. 2013: concerto di chiusura del 40. Festival Internazionale della Musica Antica di Sion. 2014: al teatro de \u201cLa Sena\u201d il \u201cRigoletto\u201d di Verdi e con il coro Allez Regretz, l\u2019\u201cHarmoniemesse\u201d di F. J. Haydn, ancora nel Duomo di Feltre. Da sottolineare l\u2019ottenimento di numerosi premi: nel 1988 al Concorso nazionale di Vittorio Veneto, polifonia a voci femminili (primo assoluto); nel 1994 in quello di Verona, cori virili; nel 1995 al Festival dei nuovi canti veneti, con cinque premi speciali della giuria; nel 1988 al Concorso nazionale di St. Vincent (Aosta), sezione popolare a voci miste; nel 1999 al Concorso nazionale polifonico di La Spezia, sezione voci miste; e al Concorso internazionale \u201c In\u2026canto sul Garda\u201d di Riva del Garda (Trento), categoria A: musica sacra a voci miste; nel 2002 al Concorso internazionale di Azzano Decimo (Pordenone), cori virili. Resta da dire, per concludere questa rivisitazione dei primi vent\u2019anni di Schola Cantorum e Coro Voci Bianche di Santa Giustina che dal 2007 la direzione \u00e8 passata al figlio di Da Ros, Fabrizio al quale estendendoli a tutti, confidando di essere interpreti della condivisione di tanti bellunesi non solo di Santa Giustina, formuliamo gli auguri per sempre nuove meritate affermazioni. Secondo anche la constatazione-auspicio del compositore e musicista Bepi De Marzi nel libretto per i vent\u2019anni: \u201cSanta Giustina vive da tempo il futuro corale. E\u2019 come la forza spumeggiante del Cordevole che, inserita nel Piave, pu\u00f2 anche venire confusa o trascurata da chi guarda il suo fluire con occhi distratti, ma che percorre tenacemente valli e pianure per arricchire infine anche il mare, proprio quel mare che non ha confini\u201d.<\/p>\n\n\t\t\t<style type='text\/css'>\n\t\t\t\t#gallery-2 {\n\t\t\t\t\tmargin: auto;\n\t\t\t\t}\n\t\t\t\t#gallery-2 .gallery-item {\n\t\t\t\t\tfloat: left;\n\t\t\t\t\tmargin-top: 10px;\n\t\t\t\t\ttext-align: center;\n\t\t\t\t\twidth: 20%;\n\t\t\t\t}\n\t\t\t\t#gallery-2 img {\n\t\t\t\t\tborder: 2px solid #cfcfcf;\n\t\t\t\t}\n\t\t\t\t#gallery-2 .gallery-caption {\n\t\t\t\t\tmargin-left: 0;\n\t\t\t\t}\n\t\t\t\t\/* see gallery_shortcode() in wp-includes\/media.php *\/\n\t\t\t<\/style>\n\t\t<div id='gallery-2' class='dt-gallery-container gallery galleryid-180764 gallery-columns-5 gallery-size-thumbnail'><dl class='gallery-item'>\n\t\t\t\t<dt class='gallery-icon portrait'>\n\t\t\t\t\t<a class=\"rollover rollover-zoom dt-pswp-item\" title=\"132036221_1033407820471386_568589529946185310_n\" data-dt-img-description=\"\" data-large_image_width=\"1394\" data-large_image_height=\"2048\"href='https:\/\/www.radiopiu.net\/wordpress\/wp-content\/uploads\/2020\/12\/132036221_1033407820471386_568589529946185310_n.jpg'><img loading=\"lazy\" decoding=\"async\" width=\"150\" height=\"150\" src=\"https:\/\/www.radiopiu.net\/wordpress\/wp-content\/uploads\/2020\/12\/132036221_1033407820471386_568589529946185310_n-150x150.jpg\" class=\"attachment-thumbnail size-thumbnail\" alt=\"\" \/><\/a>\n\t\t\t\t<\/dt><\/dl><dl class='gallery-item'>\n\t\t\t\t<dt class='gallery-icon portrait'>\n\t\t\t\t\t<a class=\"rollover rollover-zoom dt-pswp-item\" title=\"132302222_402438404424902_7889432897948488876_n\" data-dt-img-description=\"\" data-large_image_width=\"224\" data-large_image_height=\"300\"href='https:\/\/www.radiopiu.net\/wordpress\/wp-content\/uploads\/2020\/12\/132302222_402438404424902_7889432897948488876_n.jpg'><img loading=\"lazy\" decoding=\"async\" width=\"150\" height=\"150\" src=\"https:\/\/www.radiopiu.net\/wordpress\/wp-content\/uploads\/2020\/12\/132302222_402438404424902_7889432897948488876_n-150x150.jpg\" class=\"attachment-thumbnail size-thumbnail\" alt=\"\" \/><\/a>\n\t\t\t\t<\/dt><\/dl><dl class='gallery-item'>\n\t\t\t\t<dt class='gallery-icon landscape'>\n\t\t\t\t\t<a class=\"rollover rollover-zoom dt-pswp-item\" title=\"131994043_1058720741262010_1056620227058957753_n\" data-dt-img-description=\"\" data-large_image_width=\"2048\" data-large_image_height=\"1418\"href='https:\/\/www.radiopiu.net\/wordpress\/wp-content\/uploads\/2020\/12\/131994043_1058720741262010_1056620227058957753_n.jpg'><img loading=\"lazy\" decoding=\"async\" width=\"150\" height=\"150\" src=\"https:\/\/www.radiopiu.net\/wordpress\/wp-content\/uploads\/2020\/12\/131994043_1058720741262010_1056620227058957753_n-150x150.jpg\" class=\"attachment-thumbnail size-thumbnail\" alt=\"\" \/><\/a>\n\t\t\t\t<\/dt><\/dl><dl class='gallery-item'>\n\t\t\t\t<dt class='gallery-icon landscape'>\n\t\t\t\t\t<a class=\"rollover rollover-zoom dt-pswp-item\" title=\"132262908_209260597351433_8535872115018575743_n\" data-dt-img-description=\"\" data-large_image_width=\"2048\" data-large_image_height=\"1061\"href='https:\/\/www.radiopiu.net\/wordpress\/wp-content\/uploads\/2020\/12\/132262908_209260597351433_8535872115018575743_n.jpg'><img loading=\"lazy\" decoding=\"async\" width=\"150\" height=\"150\" src=\"https:\/\/www.radiopiu.net\/wordpress\/wp-content\/uploads\/2020\/12\/132262908_209260597351433_8535872115018575743_n-150x150.jpg\" class=\"attachment-thumbnail size-thumbnail\" alt=\"\" \/><\/a>\n\t\t\t\t<\/dt><\/dl><dl class='gallery-item'>\n\t\t\t\t<dt class='gallery-icon landscape'>\n\t\t\t\t\t<a class=\"rollover rollover-zoom dt-pswp-item\" title=\"131984365_212409503805135_3962432159375503677_n\" data-dt-img-description=\"\" data-large_image_width=\"2046\" data-large_image_height=\"720\"href='https:\/\/www.radiopiu.net\/wordpress\/wp-content\/uploads\/2020\/12\/131984365_212409503805135_3962432159375503677_n.jpg'><img loading=\"lazy\" decoding=\"async\" width=\"150\" height=\"150\" src=\"https:\/\/www.radiopiu.net\/wordpress\/wp-content\/uploads\/2020\/12\/131984365_212409503805135_3962432159375503677_n-150x150.jpg\" class=\"attachment-thumbnail size-thumbnail\" alt=\"\" \/><\/a>\n\t\t\t\t<\/dt><\/dl><br style=\"clear: both\" \/><dl class='gallery-item'>\n\t\t\t\t<dt class='gallery-icon landscape'>\n\t\t\t\t\t<a class=\"rollover rollover-zoom dt-pswp-item\" title=\"132189301_219616496400653_2656343167513764780_n\" data-dt-img-description=\"\" data-large_image_width=\"2048\" data-large_image_height=\"1020\"href='https:\/\/www.radiopiu.net\/wordpress\/wp-content\/uploads\/2020\/12\/132189301_219616496400653_2656343167513764780_n.jpg'><img loading=\"lazy\" decoding=\"async\" width=\"150\" height=\"150\" src=\"https:\/\/www.radiopiu.net\/wordpress\/wp-content\/uploads\/2020\/12\/132189301_219616496400653_2656343167513764780_n-150x150.jpg\" class=\"attachment-thumbnail size-thumbnail\" alt=\"\" \/><\/a>\n\t\t\t\t<\/dt><\/dl><dl class='gallery-item'>\n\t\t\t\t<dt class='gallery-icon landscape'>\n\t\t\t\t\t<a class=\"rollover rollover-zoom dt-pswp-item\" title=\"132106963_225022632332174_5122634502650934200_n\" data-dt-img-description=\"\" data-large_image_width=\"2048\" data-large_image_height=\"642\"href='https:\/\/www.radiopiu.net\/wordpress\/wp-content\/uploads\/2020\/12\/132106963_225022632332174_5122634502650934200_n.jpg'><img loading=\"lazy\" decoding=\"async\" width=\"150\" height=\"150\" src=\"https:\/\/www.radiopiu.net\/wordpress\/wp-content\/uploads\/2020\/12\/132106963_225022632332174_5122634502650934200_n-150x150.jpg\" class=\"attachment-thumbnail size-thumbnail\" alt=\"\" \/><\/a>\n\t\t\t\t<\/dt><\/dl><dl class='gallery-item'>\n\t\t\t\t<dt class='gallery-icon landscape'>\n\t\t\t\t\t<a class=\"rollover rollover-zoom dt-pswp-item\" title=\"132013626_226853242292149_1434153698128381664_n\" data-dt-img-description=\"\" data-large_image_width=\"2048\" data-large_image_height=\"1133\"href='https:\/\/www.radiopiu.net\/wordpress\/wp-content\/uploads\/2020\/12\/132013626_226853242292149_1434153698128381664_n.jpg'><img loading=\"lazy\" decoding=\"async\" width=\"150\" height=\"150\" src=\"https:\/\/www.radiopiu.net\/wordpress\/wp-content\/uploads\/2020\/12\/132013626_226853242292149_1434153698128381664_n-150x150.jpg\" class=\"attachment-thumbnail size-thumbnail\" alt=\"\" \/><\/a>\n\t\t\t\t<\/dt><\/dl><dl class='gallery-item'>\n\t\t\t\t<dt class='gallery-icon landscape'>\n\t\t\t\t\t<a class=\"rollover rollover-zoom dt-pswp-item\" title=\"132305164_3742801472476447_1005085372210551017_n\" data-dt-img-description=\"\" data-large_image_width=\"2048\" data-large_image_height=\"1182\"href='https:\/\/www.radiopiu.net\/wordpress\/wp-content\/uploads\/2020\/12\/132305164_3742801472476447_1005085372210551017_n.jpg'><img loading=\"lazy\" decoding=\"async\" width=\"150\" height=\"150\" src=\"https:\/\/www.radiopiu.net\/wordpress\/wp-content\/uploads\/2020\/12\/132305164_3742801472476447_1005085372210551017_n-150x150.jpg\" class=\"attachment-thumbnail size-thumbnail\" alt=\"\" \/><\/a>\n\t\t\t\t<\/dt><\/dl><dl class='gallery-item'>\n\t\t\t\t<dt class='gallery-icon landscape'>\n\t\t\t\t\t<a class=\"rollover rollover-zoom dt-pswp-item\" title=\"132429155_388485548880437_8281332014019522898_n\" data-dt-img-description=\"\" data-large_image_width=\"2048\" data-large_image_height=\"1211\"href='https:\/\/www.radiopiu.net\/wordpress\/wp-content\/uploads\/2020\/12\/132429155_388485548880437_8281332014019522898_n.jpg'><img loading=\"lazy\" decoding=\"async\" width=\"150\" height=\"150\" src=\"https:\/\/www.radiopiu.net\/wordpress\/wp-content\/uploads\/2020\/12\/132429155_388485548880437_8281332014019522898_n-150x150.jpg\" class=\"attachment-thumbnail size-thumbnail\" alt=\"\" \/><\/a>\n\t\t\t\t<\/dt><\/dl><br style=\"clear: both\" \/><dl class='gallery-item'>\n\t\t\t\t<dt class='gallery-icon landscape'>\n\t\t\t\t\t<a class=\"rollover rollover-zoom dt-pswp-item\" title=\"132000936_424426675401939_4027062751277221654_n\" data-dt-img-description=\"\" data-large_image_width=\"2048\" data-large_image_height=\"1088\"href='https:\/\/www.radiopiu.net\/wordpress\/wp-content\/uploads\/2020\/12\/132000936_424426675401939_4027062751277221654_n.jpg'><img loading=\"lazy\" decoding=\"async\" width=\"150\" height=\"150\" src=\"https:\/\/www.radiopiu.net\/wordpress\/wp-content\/uploads\/2020\/12\/132000936_424426675401939_4027062751277221654_n-150x150.jpg\" class=\"attachment-thumbnail size-thumbnail\" alt=\"\" \/><\/a>\n\t\t\t\t<\/dt><\/dl><dl class='gallery-item'>\n\t\t\t\t<dt class='gallery-icon landscape'>\n\t\t\t\t\t<a class=\"rollover rollover-zoom dt-pswp-item\" title=\"132395194_450728049425985_2396165426800794178_n\" data-dt-img-description=\"\" data-large_image_width=\"2048\" data-large_image_height=\"1336\"href='https:\/\/www.radiopiu.net\/wordpress\/wp-content\/uploads\/2020\/12\/132395194_450728049425985_2396165426800794178_n.jpg'><img loading=\"lazy\" decoding=\"async\" width=\"150\" height=\"150\" src=\"https:\/\/www.radiopiu.net\/wordpress\/wp-content\/uploads\/2020\/12\/132395194_450728049425985_2396165426800794178_n-150x150.jpg\" class=\"attachment-thumbnail size-thumbnail\" alt=\"\" \/><\/a>\n\t\t\t\t<\/dt><\/dl><dl class='gallery-item'>\n\t\t\t\t<dt class='gallery-icon landscape'>\n\t\t\t\t\t<a class=\"rollover rollover-zoom dt-pswp-item\" title=\"132023560_729792047919445_1301344971721571878_n\" data-dt-img-description=\"\" data-large_image_width=\"2048\" data-large_image_height=\"1483\"href='https:\/\/www.radiopiu.net\/wordpress\/wp-content\/uploads\/2020\/12\/132023560_729792047919445_1301344971721571878_n.jpg'><img loading=\"lazy\" decoding=\"async\" width=\"150\" height=\"150\" src=\"https:\/\/www.radiopiu.net\/wordpress\/wp-content\/uploads\/2020\/12\/132023560_729792047919445_1301344971721571878_n-150x150.jpg\" class=\"attachment-thumbnail size-thumbnail\" alt=\"\" \/><\/a>\n\t\t\t\t<\/dt><\/dl><dl class='gallery-item'>\n\t\t\t\t<dt class='gallery-icon landscape'>\n\t\t\t\t\t<a class=\"rollover rollover-zoom dt-pswp-item\" title=\"132040039_731547161113720_8501061928854566245_n\" data-dt-img-description=\"\" data-large_image_width=\"2048\" data-large_image_height=\"1368\"href='https:\/\/www.radiopiu.net\/wordpress\/wp-content\/uploads\/2020\/12\/132040039_731547161113720_8501061928854566245_n.jpg'><img loading=\"lazy\" decoding=\"async\" width=\"150\" height=\"150\" src=\"https:\/\/www.radiopiu.net\/wordpress\/wp-content\/uploads\/2020\/12\/132040039_731547161113720_8501061928854566245_n-150x150.jpg\" class=\"attachment-thumbnail size-thumbnail\" alt=\"\" \/><\/a>\n\t\t\t\t<\/dt><\/dl><dl class='gallery-item'>\n\t\t\t\t<dt class='gallery-icon landscape'>\n\t\t\t\t\t<a class=\"rollover rollover-zoom dt-pswp-item\" title=\"131987808_782341605974241_5122674381186647267_n\" data-dt-img-description=\"\" data-large_image_width=\"2048\" data-large_image_height=\"1143\"href='https:\/\/www.radiopiu.net\/wordpress\/wp-content\/uploads\/2020\/12\/131987808_782341605974241_5122674381186647267_n.jpg'><img loading=\"lazy\" decoding=\"async\" width=\"150\" height=\"150\" src=\"https:\/\/www.radiopiu.net\/wordpress\/wp-content\/uploads\/2020\/12\/131987808_782341605974241_5122674381186647267_n-150x150.jpg\" class=\"attachment-thumbnail size-thumbnail\" alt=\"\" \/><\/a>\n\t\t\t\t<\/dt><\/dl><br style=\"clear: both\" \/>\n\t\t\t<\/div>\n\n<p>NELLE FOTO (riproduzioni dalla pubblicazione \u201cSchola Cantorum Coro Voci Bianche di Santa Giustina. Vent\u2019anni 1981-2001\u201d e Google): la copertina del libretto; il significativo disegno che testimonia la passione corale di adulti e giovani; il Coro voci bianche come era e come \u00e8 (sempre considerato il primo ventennio di attivit\u00e0); il prima ed il dopo anche della Schola Cantorum; Voci bianche al Concorso cori scolastici 1987; Natale in coro 1987; anno 1996: canti all\u2019 inaugurazione della sede; 9 ottobre 2001: prima esecuzione del \u201cRequiem\u201d di Faur\u00e8 nella parrocchiale di Longarone; trasferta spagnola, a Valencia, del 1993; a Braunfels, in Germania, nel 2001; Il Voci Bianche alla rassegna internazionale corale del 1994; ecco, nell\u2019anno 1994, la sezione maschile del Coro sangiustinese; figlio d\u2019arte, Fabrizio Da Ros subentrato al padre Alberto nella direzione del complesso corale.<\/p>\n<p>&nbsp;<\/p>\n<hr \/>\n<p>&nbsp;<\/p>\n<p>&nbsp;<\/p>\n<blockquote>\n<h2>UNA PAGINA DI\u00a0 STORIA, L&#8217;ENORME MASSA DI NEVE CHE TRAVOLSE GARES<\/h2>\n<\/blockquote>\n<p><strong>di LORIS SERAFINI<\/strong><\/p>\n<p>&nbsp;<\/p>\n<div class=\"kvgmc6g5 cxmmr5t8 oygrvhab hcukyx3x c1et5uql ii04i59q\">\n<div dir=\"auto\"><a href=\"https:\/\/www.radiopiu.net\/wordpress\/giornale-radiopiu-22-dicembre-2020-direttore-mirko-mezzacasa\/131926541_10158708384778608_42497410863380138_n\/\" rel=\"attachment wp-att-181021\"><img loading=\"lazy\" decoding=\"async\" class=\" wp-image-181021 alignleft\" src=\"https:\/\/www.radiopiu.net\/wordpress\/wp-content\/uploads\/2020\/12\/131926541_10158708384778608_42497410863380138_n-300x300.jpg\" alt=\"\" width=\"285\" height=\"285\" srcset=\"https:\/\/www.radiopiu.net\/wordpress\/wp-content\/uploads\/2020\/12\/131926541_10158708384778608_42497410863380138_n.jpg 300w, https:\/\/www.radiopiu.net\/wordpress\/wp-content\/uploads\/2020\/12\/131926541_10158708384778608_42497410863380138_n-150x150.jpg 150w\" sizes=\"auto, (max-width: 285px) 100vw, 285px\" \/><\/a><strong>CANALE D&#8217;AGORDO<\/strong> Correva l\u2019anno del Signore 1681. Era la sera della vigilia della festa dell\u2019Epifania, il 5 gennaio. Tutti gli abitanti di Gares se ne stavano ben rinchiusi nelle loro case, al calduccio del forn\u00e8l. Fuori infatti stava nevicando ininterrottamente da due giorni e la bianca coltre aveva ormai oltrepassato il metro e mezzo; non era perci\u00f2 stato possibile fare i tradizionali pavar\u00f9i che divertivano tanto i bambini. Nell\u2019oscurit\u00e0 c\u2019era un silenzio assoluto. Anche chi avesse voluto uscire di casa non avrebbe potuto: sarebbe sprofondato nella neve fresca! Ormai tutti attendevano il mattino per cominciare a spalare a pi\u00f3dec. Anche Apollonio Pistoi con i suoi figli Domenico, Domenica e Mattio erano andati a letto presto. Nella casa vicina pure Anna, la moglie di Geronimo, con le figlie Pasqua, Maria e il figlio Mattio avevano atteso un po\u2019 e dopo avevano deciso di andare a dormire. Il pomeriggio lo avevano passato insieme a Giuliana, moglie di Zuanne Mastella e a Caterina, la figlia di Domenico, che avevano sfidato il tempo e si erano fatti strada fino alla casa di Geronimo. L\u00ec avevano chiacchierato tutto il pomeriggio nel tepore della vecchia stua. Poi, quando ormai si era fatto tardi, erano tornati alle loro case.<\/div>\n<div dir=\"auto\">La notte trascorse tranquilla, protetta dal grande silenzio dello spessissimo manto nevoso. Il piccolo paese di Gares era ormai sommerso da quella grande nevicata; la cappella della Vergine e di san Gottardo non si vedeva quasi pi\u00f9 e la decina di case che la circondavano emergevano di un paio di metri dal prato circostante.<\/div>\n<div dir=\"auto\">Improvvisamente un tremolio cupo e assordante cominci\u00f2 a far scuotere i letti, le tavole e le piccole finestre del villaggio. Apollonio si svegli\u00f2 di colpo e tese l\u2019orecchio. Nell\u2019aria c\u2019era una strana sensazione: qualcosa di terribile incombeva sulla sua casa. Ma non riusciva ancora a capacitarsi di cosa potesse essere. Fu in quell\u2019istante che un presentimento terribile gli percorse l\u2019animo: la slavina! I bambini! Dove erano i bambini? Presto! Non c\u2019era tempo da perdere! Sal\u00ec di corsa le vecchie scale di legno che separavano la st\u00f9a dalle camere. Sotto i suoi piedi le assi si muovevano sempre pi\u00f9 forte. Un grido disperato accolse il buon uomo appena giunse sul capezzale della camera. Erano i bambini che si erano svegliati improvvisamente e che si buttarono al collo del padre. \u201cHo paura, pap\u00e0!\u201d \u2013 gridava Mattio, il pi\u00f9 piccolo. \u201cStai tranquillo! Presto, stringetevi a me e andiamo fuori!\u201d \u2013 rispose il padre. E corsero disperatamente verso l\u2019uscita. In quel mentre per\u00f2 si infransero i vetri delle finestre e un vento fortissimo penetr\u00f2 all\u2019interno della casa, seguito da una massa paurosa di polvere bianca che toglieva il respiro. Di colpo anche la casa cedette sotto quel peso tremendo. Non c\u2019era pi\u00f9 scampo. Apollonio si ritrov\u00f2 schiacciato sotto un carico insostenibile: sentiva la manina di Mattio e la vocina lontana lontana di Domenica; ormai quasi privo di sensi rivolse il suo ultimo pensiero a Dio, pregandolo di perdonare tutti i suoi peccati e di accoglierlo nella sua casa con i suoi figli. Man mano che il tempo passava la manina di Mattio si faceva sempre pi\u00f9 fredda, finch\u00e9 anche la mano di Apollonio \u2013 stanca e ormai priva di vita \u2013 allent\u00f2 la presa. E un nuovo agghiacciante silenzio scese sul villaggio.<\/div>\n<div dir=\"auto\">Le prime luci dell\u2019alba offrirono ai superstiti uno spettacolo desolante: un\u2019enorme massa di neve aveva completamente coperto il paese, distruggendo la casa di Apollonio, di Geronimo, di Domenico, di Battista e di Zuanne Mastella. Tutte le altre erano sommerse fino all\u2019inverosimile. Soltanto la cappella era stata misteriosamente risparmiata! Sembrava fosse stata protetta dal Signore! Subito i pochi uomini che riuscirono a farsi largo tra quel mare bianco iniziarono a scavare disperatamente, nella speranza di riuscire a salvare qualcuno. Ma la situazione era ancora pi\u00f9 difficile del previsto: lo spessore era troppo grande. Ci vollero ben otto giorni per raggiungere le salme. Con immenso dolore furono trovati i corpicini di Domenico, Domenica e Mattio, stretti vicino a quello del pap\u00e0 Apollonio. Poco pi\u00f9 in l\u00e0 furono rinvenuti quelli di Pasqua, Maria e Mattio abbracciati alla mamma Anna, la moglie di Geronimo. In fondo al paese, poi, furono ritrovate anche Caterina, Giuliana e Margherita. Tutti ormai senza vita. Era il 14 gennaio e si era scavato per otto giorni. Esausti, gli uomini della vila avevano radunato i cadaveri stendendoli sopra uno spiazzo appositamente preparato per loro. Nel frattempo erano giunti fino a Palafachina pure gli uomini della vila di Canale che \u2013 intuita la tragedia \u2013 avevano aperto la strada a pi\u00f3dec fino alla piccola frazione, dove si erano incontrati con gli uomini di Gares. La mattina seguente, con l\u2019aiuto di undici rid\u00f2le, trascinarono i corpi fino a Canale, dove il cappellano pre\u2019 Francesco Villotti, accorso per offrire un po\u2019 di conforto spirituale, li stava attendendo. Le salme dei poveri sfortunati furono cos\u00ec portate nella Pieve di san Giovanni, dove fu celebrato il funerale alla presenza di tutti i parrocchiani. Al termine dei funerali i corpi furono sepolti uno accanto all\u2019altro nel Pr\u00e0 de san Zuanne, mentre don Francesco dava loro l\u2019ultima benedizione. Uno dopo l\u2019altro tutti i presenti tracciarono un segno di croce con la terra sopra le casse delle vittime, che dopo nove interminabili giorni avevano finalmente trovato pace.<\/div>\n<div dir=\"auto\">Alla sera, quando don Francesco rientr\u00f2 in canonica, prese il Libro de\u2019 Morti e cominci\u00f2 a scrivere a lume di candela:<\/div>\n<\/div>\n<div class=\"o9v6fnle cxmmr5t8 oygrvhab hcukyx3x c1et5uql ii04i59q\">\n<div dir=\"auto\">15 gennaro 1681<\/div>\n<\/div>\n<div class=\"o9v6fnle cxmmr5t8 oygrvhab hcukyx3x c1et5uql ii04i59q\">\n<div dir=\"auto\">Apollonio del q. Zorzi Pistoi da Gares, d\u2019anni 45 incirca<\/div>\n<div dir=\"auto\">Domenico suo figlio, d\u2019anni nove incirca<\/div>\n<div dir=\"auto\">Domenica figlia del medesimo Apollonio, d\u2019anni 7<\/div>\n<div dir=\"auto\">Matthio figlio di Apollonio, d\u2019anni 5<\/div>\n<div dir=\"auto\">Cattarina figlia del q. Domenico da Gares, d\u2019anni 17 incirca<\/div>\n<div dir=\"auto\">Anna moglie di Geronimo da Gares, di anni 43 incirca<\/div>\n<div dir=\"auto\">Pasqua figlia di detto Geronimo, d\u2019anni 19.<\/div>\n<div dir=\"auto\">Maria figlia di detto Geronimo, d\u2019anni 8<\/div>\n<div dir=\"auto\">Matthio figlio di detto Geronimo, d\u2019anni 4<\/div>\n<div dir=\"auto\">Margherita moglie di Battista Mastella da Gares, d\u2019anni 52<\/div>\n<div dir=\"auto\">Giuliana moglie di Zuanne Mastella da Gares.<\/div>\n<\/div>\n<div class=\"o9v6fnle cxmmr5t8 oygrvhab hcukyx3x c1et5uql ii04i59q\">\n<div dir=\"auto\">Soffocati tutti nella levina di neve il giorno 6 gennaio suddetto. Fatta visione de\u2019 cadaveri, furono sepolti nel cimitero di san Giovanni Battista presente io pre\u2019 Francesco Villotti cappellano . Durante la primavera seguente fu deciso di abbandonare per sempre il vecchio villaggio, troppo esposto al pericolo e di ricostruirlo pi\u00f9 a valle, dove esiste tuttora. Ma dopo quella tragedia nessuna valanga scese pi\u00f9 dalla Stia, come era invece inspiegabilmente accaduto il giorno dell\u2019Epifania del 1681. Il bosco soprastante, che era stato quasi completamente abbattuto per utilizzare il legname nelle carbonaie delle vicine miniere, fu lasciato nuovamente crescere per impedire altre simili disgrazie. Del vecchio villaggio oggi sopravvive, incolume, solo l&#8217;antica cappella Sopra il Rif, in direzione della Malga Stia.<\/div>\n<\/div>\n<p>&nbsp;<\/p>\n<p>&nbsp;<\/p>\n<hr \/>\n<blockquote>\n<h2>FANTASTICHE DOLOMITI, NUOVA STAGIONE. APPUNTAMENTO QUINDICINALE IL GIOVEDI ALLE 10.30 E 1900<\/h2>\n<\/blockquote>\n<h2><span style=\"color: #ff0000;\"><a href=\"https:\/\/www.radiopiu.net\/wordpress\/luxottica-si-prende-cura-dei-danni-sul-monte-larion\/sfp_0476\/\" rel=\"attachment wp-att-180066\"><img loading=\"lazy\" decoding=\"async\" class=\"wp-image-180066 alignleft\" src=\"https:\/\/www.radiopiu.net\/wordpress\/wp-content\/uploads\/2020\/12\/SFP_0476-300x200.jpg\" alt=\"\" width=\"228\" height=\"152\" srcset=\"https:\/\/www.radiopiu.net\/wordpress\/wp-content\/uploads\/2020\/12\/SFP_0476-300x200.jpg 300w, https:\/\/www.radiopiu.net\/wordpress\/wp-content\/uploads\/2020\/12\/SFP_0476-1024x682.jpg 1024w, https:\/\/www.radiopiu.net\/wordpress\/wp-content\/uploads\/2020\/12\/SFP_0476-768x512.jpg 768w, https:\/\/www.radiopiu.net\/wordpress\/wp-content\/uploads\/2020\/12\/SFP_0476-1536x1024.jpg 1536w, https:\/\/www.radiopiu.net\/wordpress\/wp-content\/uploads\/2020\/12\/SFP_0476.jpg 2000w\" sizes=\"auto, (max-width: 228px) 100vw, 228px\" \/><\/a><\/span><\/h2>\n<h2><span style=\"color: #ff0000;\">SESTA PUNTATA, ambiente e formazione<\/span><\/h2>\n<p><strong>OSPITE IL PRESIDENTE CLAUDIO CANOVA<\/strong><\/p>\n<audio class=\"wp-audio-shortcode\" id=\"audio-180764-8\" preload=\"none\" style=\"width: 100%;\" controls=\"controls\"><source type=\"audio\/mpeg\" src=\"https:\/\/www.radiopiu.net\/wordpress\/wp-content\/uploads\/2020\/12\/fantastiche-dolomiti-17-dicembre.mp3?_=8\" \/><a href=\"https:\/\/www.radiopiu.net\/wordpress\/wp-content\/uploads\/2020\/12\/fantastiche-dolomiti-17-dicembre.mp3\">https:\/\/www.radiopiu.net\/wordpress\/wp-content\/uploads\/2020\/12\/fantastiche-dolomiti-17-dicembre.mp3<\/a><\/audio>\n<h1><\/h1>\n<h1>LA RACCOLTA COMPLETA<\/h1>\n<blockquote class=\"wp-embedded-content\" data-secret=\"rX8aRLPxlY\"><p><a href=\"https:\/\/www.radiopiu.net\/wordpress\/https-wp-me-p63lo7-gyg\/\">FANTASTICHE DOLOMITI 6^PUNTATA: IL QUINDICINALE APPUNTAMENTO ALLA RADIO<\/a><\/p><\/blockquote>\n<p><iframe loading=\"lazy\" class=\"wp-embedded-content\" sandbox=\"allow-scripts\" security=\"restricted\" style=\"position: absolute; clip: rect(1px, 1px, 1px, 1px);\" title=\"&#8220;FANTASTICHE DOLOMITI 6^PUNTATA: IL QUINDICINALE APPUNTAMENTO ALLA RADIO&#8221; &#8212; Radio Pi\u00f9\" src=\"https:\/\/www.radiopiu.net\/wordpress\/https-wp-me-p63lo7-gyg\/embed\/#?secret=rX8aRLPxlY\" data-secret=\"rX8aRLPxlY\" width=\"600\" height=\"338\" frameborder=\"0\" marginwidth=\"0\" marginheight=\"0\" scrolling=\"no\"><\/iframe><\/p>\n<hr \/>\n<p>&nbsp;<\/p>\n<p><a href=\"https:\/\/www.radiopiu.net\/wordpress\/giornale-radiopiu-22-dicembre-2020-direttore-mirko-mezzacasa\/65c0ff3c-6949-42dd-8c86-c98b62f0c0c4\/\" rel=\"attachment wp-att-181022\"><img loading=\"lazy\" decoding=\"async\" class=\"wp-image-181022 size-full aligncenter\" src=\"https:\/\/www.radiopiu.net\/wordpress\/wp-content\/uploads\/2020\/12\/65c0ff3c-6949-42dd-8c86-c98b62f0c0c4.jpg\" alt=\"\" width=\"1599\" height=\"899\" srcset=\"https:\/\/www.radiopiu.net\/wordpress\/wp-content\/uploads\/2020\/12\/65c0ff3c-6949-42dd-8c86-c98b62f0c0c4.jpg 1599w, https:\/\/www.radiopiu.net\/wordpress\/wp-content\/uploads\/2020\/12\/65c0ff3c-6949-42dd-8c86-c98b62f0c0c4-300x169.jpg 300w, https:\/\/www.radiopiu.net\/wordpress\/wp-content\/uploads\/2020\/12\/65c0ff3c-6949-42dd-8c86-c98b62f0c0c4-1024x576.jpg 1024w, https:\/\/www.radiopiu.net\/wordpress\/wp-content\/uploads\/2020\/12\/65c0ff3c-6949-42dd-8c86-c98b62f0c0c4-768x432.jpg 768w, https:\/\/www.radiopiu.net\/wordpress\/wp-content\/uploads\/2020\/12\/65c0ff3c-6949-42dd-8c86-c98b62f0c0c4-1536x864.jpg 1536w\" sizes=\"auto, (max-width: 1599px) 100vw, 1599px\" \/><\/a><\/p>\n<p>&nbsp;<\/p>\n<p>&nbsp;<\/p>\n<hr \/>\n<blockquote>\n<h2><\/h2>\n<h2>SALUTE E SOCIETA&#8217; IL LUNEDI ALLE 13.10 E ALLE 20.10, LA DOMENICA ALLE 10.30 A CURA DEL DOTTOR MARCO CARACCIOLO. QUINTA STAGIONE<\/h2>\n<\/blockquote>\n<p><span style=\"color: #ff0000;\"><strong>LA PUNTATA DELLA SETTIMANA<\/strong><\/span><\/p>\n<p>Una ricerca promossa dalla rivista Italian Health Policy Brief, sulle nuove tecnologie e controllo della glicemia nei pazienti diabetici. Come prevenire le complicanze del diabete e migliorare la gestione della patologia con il contributo della telemedicina.<\/p>\n<audio class=\"wp-audio-shortcode\" id=\"audio-180764-9\" preload=\"none\" style=\"width: 100%;\" controls=\"controls\"><source type=\"audio\/mpeg\" src=\"https:\/\/www.radiopiu.net\/wordpress\/wp-content\/uploads\/2020\/12\/salute-societa-21-dicembre-2020.mp3?_=9\" \/><a href=\"https:\/\/www.radiopiu.net\/wordpress\/wp-content\/uploads\/2020\/12\/salute-societa-21-dicembre-2020.mp3\">https:\/\/www.radiopiu.net\/wordpress\/wp-content\/uploads\/2020\/12\/salute-societa-21-dicembre-2020.mp3<\/a><\/audio>\n<p>&nbsp;<\/p>\n<h3>LA RACCOLTA COMPLETA<\/h3>\n<blockquote class=\"wp-embedded-content\" data-secret=\"hEYi8xYfs9\"><p><a href=\"https:\/\/www.radiopiu.net\/wordpress\/saluteesocieta\/\">Salute e Societ\u00e0<\/a><\/p><\/blockquote>\n<p><iframe loading=\"lazy\" class=\"wp-embedded-content\" sandbox=\"allow-scripts\" security=\"restricted\" style=\"position: absolute; clip: rect(1px, 1px, 1px, 1px);\" title=\"&#8220;Salute e Societ\u00e0&#8221; &#8212; Radio Pi\u00f9\" src=\"https:\/\/www.radiopiu.net\/wordpress\/saluteesocieta\/embed\/#?secret=hEYi8xYfs9\" data-secret=\"hEYi8xYfs9\" width=\"600\" height=\"338\" frameborder=\"0\" marginwidth=\"0\" marginheight=\"0\" scrolling=\"no\"><\/iframe><\/p>\n<hr \/>\n<p>&nbsp;<\/p>\n<h2><span style=\"color: #ff0000;\"><strong>IERI ALLA RADIO<\/strong><\/span><\/h2>\n<h3>I RACCONTI DI NATALE, DI LUISA ALCHINI<\/h3>\n<h2><img loading=\"lazy\" decoding=\"async\" class=\"alignleft\" src=\"https:\/\/www.radiopiu.net\/wordpress\/wp-content\/uploads\/2020\/12\/christmas-card-574742__340.jpg\" width=\"236\" height=\"133\" \/><\/h2>\n<h2>TUTTI I GIORNI ALLE 9 E ALLE 18<\/h2>\n<h2><\/h2>\n<h2><strong>PUNTATA 08<\/strong><\/h2>\n<audio class=\"wp-audio-shortcode\" id=\"audio-180764-10\" preload=\"none\" style=\"width: 100%;\" controls=\"controls\"><source type=\"audio\/mpeg\" src=\"https:\/\/www.radiopiu.net\/wordpress\/wp-content\/uploads\/2020\/12\/raccontonatale8-1.mp3?_=10\" \/><a href=\"https:\/\/www.radiopiu.net\/wordpress\/wp-content\/uploads\/2020\/12\/raccontonatale8-1.mp3\">https:\/\/www.radiopiu.net\/wordpress\/wp-content\/uploads\/2020\/12\/raccontonatale8-1.mp3<\/a><\/audio>\n<p>&nbsp;<\/p>\n<h1>LA RACCOLTA COMPLETA<\/h1>\n<blockquote class=\"wp-embedded-content\" data-secret=\"MgYYv5TA0O\"><p><a href=\"https:\/\/www.radiopiu.net\/wordpress\/i-racconti-di-natale-di-luisa-alchini\/\">I racconti di Natale di Luisa Alchini<\/a><\/p><\/blockquote>\n<p><iframe loading=\"lazy\" class=\"wp-embedded-content\" sandbox=\"allow-scripts\" security=\"restricted\" style=\"position: absolute; clip: rect(1px, 1px, 1px, 1px);\" title=\"&#8220;I racconti di Natale di Luisa Alchini&#8221; &#8212; Radio Pi\u00f9\" src=\"https:\/\/www.radiopiu.net\/wordpress\/i-racconti-di-natale-di-luisa-alchini\/embed\/#?secret=MgYYv5TA0O\" data-secret=\"MgYYv5TA0O\" width=\"600\" height=\"338\" frameborder=\"0\" marginwidth=\"0\" marginheight=\"0\" scrolling=\"no\"><\/iframe><\/p>\n<p>&nbsp;<\/p>\n<p>&nbsp;<\/p>\n<hr \/>\n<p>&nbsp;<\/p>\n<div class=\"im_message_wrap clearfix\">\n<div class=\"im_content_message_wrap im_message_out\">\n<h2><span style=\"color: #ff0000;\">IERI ALLA RADIO\u00a0 IN VIVO VERSO 2020-21<\/span><\/h2>\n<p><strong><span style=\"color: #0000ff;\">IN ONDA DAL LUNEDI AL VENERDI ALLE 7.10, 10.10, 18.50 I PROTAGONISTI DI QUESTA SETTIMANA:<\/span><\/strong><\/p>\n<blockquote class=\"wp-embedded-content\" data-secret=\"Fshlr1W3sE\"><p><a href=\"https:\/\/www.radiopiu.net\/wordpress\/natale-2020-di-laura-dulivo\/\">NATALE 2020 di LAURA D&#8217;ULIVO<\/a><\/p><\/blockquote>\n<p><iframe loading=\"lazy\" class=\"wp-embedded-content\" sandbox=\"allow-scripts\" security=\"restricted\" style=\"position: absolute; clip: rect(1px, 1px, 1px, 1px);\" title=\"&#8220;NATALE 2020 di LAURA D&#8217;ULIVO&#8221; &#8212; Radio Pi\u00f9\" src=\"https:\/\/www.radiopiu.net\/wordpress\/natale-2020-di-laura-dulivo\/embed\/#?secret=Fshlr1W3sE\" data-secret=\"Fshlr1W3sE\" width=\"600\" height=\"338\" frameborder=\"0\" marginwidth=\"0\" marginheight=\"0\" scrolling=\"no\"><\/iframe><\/p>\n<p><strong><span style=\"font-family: Verdana, sans-serif;\"><span style=\"font-size: medium;\">LA RACCOLTA COMPLETA, TUTTE LE COLLEZIONI<\/span><\/span><\/strong><\/p>\n<\/div>\n<\/div>\n<blockquote class=\"wp-embedded-content\" data-secret=\"Dvkxl8BYjj\"><p><a href=\"https:\/\/www.radiopiu.net\/wordpress\/in-vivo-verso\/\">In Vivo Verso<\/a><\/p><\/blockquote>\n<p><iframe loading=\"lazy\" class=\"wp-embedded-content\" sandbox=\"allow-scripts\" security=\"restricted\" style=\"position: absolute; clip: rect(1px, 1px, 1px, 1px);\" title=\"&#8220;In Vivo Verso&#8221; &#8212; Radio Pi\u00f9\" src=\"https:\/\/www.radiopiu.net\/wordpress\/in-vivo-verso\/embed\/#?secret=Dvkxl8BYjj\" data-secret=\"Dvkxl8BYjj\" width=\"600\" height=\"338\" frameborder=\"0\" marginwidth=\"0\" marginheight=\"0\" scrolling=\"no\"><\/iframe><\/p>\n<hr \/>\n<p>&nbsp;<\/p>\n<h2>007 IN CONDOTTA CON LA PROF. MARIA ROSA SALMAZO IL LUNEDI ALLE 10,30 E ALLE 19.00 LA DOMENICA ALLE 8 DEL MATTINO. NONA STAGIONE<\/h2>\n<h2>LA PUNTATA DI QUESTA SETTIMANA<\/h2>\n<p><strong><span style=\"color: #ff0000;\">LE VACANZE DI NATALE<\/span><\/strong><\/p>\n<audio class=\"wp-audio-shortcode\" id=\"audio-180764-11\" preload=\"none\" style=\"width: 100%;\" controls=\"controls\"><source type=\"audio\/mpeg\" src=\"https:\/\/www.radiopiu.net\/wordpress\/wp-content\/uploads\/2020\/12\/007-21-dicembre.mp3?_=11\" \/><a href=\"https:\/\/www.radiopiu.net\/wordpress\/wp-content\/uploads\/2020\/12\/007-21-dicembre.mp3\">https:\/\/www.radiopiu.net\/wordpress\/wp-content\/uploads\/2020\/12\/007-21-dicembre.mp3<\/a><\/audio>\n<p>&nbsp;<\/p>\n<h2>LA RACCOLTA COMPLETA<\/h2>\n<blockquote class=\"wp-embedded-content\" data-secret=\"w0ZbckrG5M\"><p><a href=\"https:\/\/www.radiopiu.net\/wordpress\/007incondotta-9\/\">007 in condotta<\/a><\/p><\/blockquote>\n<p><iframe loading=\"lazy\" class=\"wp-embedded-content\" sandbox=\"allow-scripts\" security=\"restricted\" style=\"position: absolute; clip: rect(1px, 1px, 1px, 1px);\" title=\"&#8220;007 in condotta&#8221; &#8212; Radio Pi\u00f9\" src=\"https:\/\/www.radiopiu.net\/wordpress\/007incondotta-9\/embed\/#?secret=w0ZbckrG5M\" data-secret=\"w0ZbckrG5M\" width=\"600\" height=\"338\" frameborder=\"0\" marginwidth=\"0\" marginheight=\"0\" scrolling=\"no\"><\/iframe><\/p>\n<p>&nbsp;<\/p>\n<p>&nbsp;<\/p>\n<p>&nbsp;<\/p>\n<hr \/>\n<p>&nbsp;<\/p>\n<blockquote>\n<h2><a href=\"https:\/\/www.radiopiu.net\/wordpress\/speciale-solidarieta-veneto\/solidarieta-veneto-3\/\" rel=\"attachment wp-att-134366\"><img loading=\"lazy\" decoding=\"async\" class=\"wp-image-134366 alignleft\" src=\"https:\/\/www.radiopiu.net\/wordpress\/wp-content\/uploads\/2020\/05\/solidariet\u00e0-veneto-300x210.jpg\" alt=\"\" width=\"102\" height=\"71\" srcset=\"https:\/\/www.radiopiu.net\/wordpress\/wp-content\/uploads\/2020\/05\/solidariet\u00e0-veneto-300x210.jpg 300w, https:\/\/www.radiopiu.net\/wordpress\/wp-content\/uploads\/2020\/05\/solidariet\u00e0-veneto-1024x717.jpg 1024w, https:\/\/www.radiopiu.net\/wordpress\/wp-content\/uploads\/2020\/05\/solidariet\u00e0-veneto-768x538.jpg 768w, https:\/\/www.radiopiu.net\/wordpress\/wp-content\/uploads\/2020\/05\/solidariet\u00e0-veneto.jpg 1373w\" sizes=\"auto, (max-width: 102px) 100vw, 102px\" \/><\/a>SOLIDARIETA&#8217; VENETO FONDO PENSIONE, IN ONDA IL PRIMO VENERDI DEL MESE ALLE 10.30 E ALLE 19.00 QUINTA STAGIONE<\/h2>\n<\/blockquote>\n<p><strong><span style=\"color: #ff0000;\">LA PUNTATA DI DICEMBRE<\/span><\/strong><\/p>\n<audio class=\"wp-audio-shortcode\" id=\"audio-180764-12\" preload=\"none\" style=\"width: 100%;\" controls=\"controls\"><source type=\"audio\/mpeg\" src=\"https:\/\/www.radiopiu.net\/wordpress\/wp-content\/uploads\/2020\/12\/solidarieta-veneto-dicembre.mp3?_=12\" \/><a href=\"https:\/\/www.radiopiu.net\/wordpress\/wp-content\/uploads\/2020\/12\/solidarieta-veneto-dicembre.mp3\">https:\/\/www.radiopiu.net\/wordpress\/wp-content\/uploads\/2020\/12\/solidarieta-veneto-dicembre.mp3<\/a><\/audio>\n<blockquote>\n<h2>RACCOLTA COMPLETA<\/h2>\n<\/blockquote>\n<blockquote class=\"wp-embedded-content\" data-secret=\"xTnXrgUYe3\"><p><a href=\"https:\/\/www.radiopiu.net\/wordpress\/solidarieta-veneto\/\">Solidariet\u00e0 Veneto<\/a><\/p><\/blockquote>\n<p><iframe loading=\"lazy\" class=\"wp-embedded-content\" sandbox=\"allow-scripts\" security=\"restricted\" style=\"position: absolute; clip: rect(1px, 1px, 1px, 1px);\" title=\"&#8220;Solidariet\u00e0 Veneto&#8221; &#8212; Radio Pi\u00f9\" src=\"https:\/\/www.radiopiu.net\/wordpress\/solidarieta-veneto\/embed\/#?secret=xTnXrgUYe3\" data-secret=\"xTnXrgUYe3\" width=\"600\" height=\"338\" frameborder=\"0\" marginwidth=\"0\" marginheight=\"0\" scrolling=\"no\"><\/iframe><\/p>\n<p>&nbsp;<\/p>\n<p>&nbsp;<\/p>\n<hr \/>\n<p>&nbsp;<\/p>\n<h2><span style=\"color: #808000;\">DUE MINUTI UN LIBRO\u00a0 TUTTI I GIORNI ALLA RADIO ALLE 9.30 E ALLE 18. QUINTA STAGIONE\u00a0 \u00a0\u00a0<\/span><\/h2>\n<blockquote class=\"wp-embedded-content\" data-secret=\"ow4bqMkKVY\"><p><a href=\"https:\/\/www.radiopiu.net\/wordpress\/ritorno-a-villa-blu\/\">RITORNO A VILLA BLU<\/a><\/p><\/blockquote>\n<p><iframe loading=\"lazy\" class=\"wp-embedded-content\" sandbox=\"allow-scripts\" security=\"restricted\" style=\"position: absolute; clip: rect(1px, 1px, 1px, 1px);\" title=\"&#8220;RITORNO A VILLA BLU&#8221; &#8212; Radio Pi\u00f9\" src=\"https:\/\/www.radiopiu.net\/wordpress\/ritorno-a-villa-blu\/embed\/#?secret=ow4bqMkKVY\" data-secret=\"ow4bqMkKVY\" width=\"600\" height=\"338\" frameborder=\"0\" marginwidth=\"0\" marginheight=\"0\" scrolling=\"no\"><\/iframe><\/p>\n<h2>LA RACCOLTA COMPLETA<\/h2>\n<blockquote class=\"wp-embedded-content\" data-secret=\"shTdNzxBgs\"><p><a href=\"https:\/\/www.radiopiu.net\/wordpress\/due-minuti-un-libro\/\">Due minuti un libro<\/a><\/p><\/blockquote>\n<p><iframe loading=\"lazy\" class=\"wp-embedded-content\" sandbox=\"allow-scripts\" security=\"restricted\" style=\"position: absolute; clip: rect(1px, 1px, 1px, 1px);\" title=\"&#8220;Due minuti un libro&#8221; &#8212; Radio Pi\u00f9\" src=\"https:\/\/www.radiopiu.net\/wordpress\/due-minuti-un-libro\/embed\/#?secret=shTdNzxBgs\" data-secret=\"shTdNzxBgs\" width=\"600\" height=\"338\" frameborder=\"0\" marginwidth=\"0\" marginheight=\"0\" scrolling=\"no\"><\/iframe><\/p>\n<p>&nbsp;<\/p>\n<hr \/>\n<p>&nbsp;<\/p>\n<p>&nbsp;<\/p>\n<blockquote>\n<h2>CASSA SOLIDARIET\u00c0 LUXOTTICA &#8211;<\/h2>\n<\/blockquote>\n<h3><strong><span style=\"color: #ff0000;\">IL NUMERO DI DICEMBRE CON PAOLO CHISSALE&#8217; E FABRIZIO CAMPEDEL<\/span><\/strong><\/h3>\n<audio class=\"wp-audio-shortcode\" id=\"audio-180764-13\" preload=\"none\" style=\"width: 100%;\" controls=\"controls\"><source type=\"audio\/mpeg\" src=\"https:\/\/www.radiopiu.net\/wordpress\/wp-content\/uploads\/2020\/12\/ca-sol-lux-dicvembre.mp3?_=13\" \/><a href=\"https:\/\/www.radiopiu.net\/wordpress\/wp-content\/uploads\/2020\/12\/ca-sol-lux-dicvembre.mp3\">https:\/\/www.radiopiu.net\/wordpress\/wp-content\/uploads\/2020\/12\/ca-sol-lux-dicvembre.mp3<\/a><\/audio>\n<blockquote>\n<h2>RACCOLTA COMPLETA<\/h2>\n<\/blockquote>\n<blockquote class=\"wp-embedded-content\" data-secret=\"9UaTgN0z56\"><p><a href=\"https:\/\/www.radiopiu.net\/wordpress\/cassa-solidarieta-luxottica-puntata-del-16-ottobre-2020\/\">CASSA SOLIDARIET\u00c0 LUXOTTICA &#8211; PUNTATA DEL 20 NOVEMBRE 2020<\/a><\/p><\/blockquote>\n<p><iframe loading=\"lazy\" class=\"wp-embedded-content\" sandbox=\"allow-scripts\" security=\"restricted\" style=\"position: absolute; clip: rect(1px, 1px, 1px, 1px);\" title=\"&#8220;CASSA SOLIDARIET\u00c0 LUXOTTICA &#8211; PUNTATA DEL 20 NOVEMBRE 2020&#8221; &#8212; Radio Pi\u00f9\" src=\"https:\/\/www.radiopiu.net\/wordpress\/cassa-solidarieta-luxottica-puntata-del-16-ottobre-2020\/embed\/#?secret=9UaTgN0z56\" data-secret=\"9UaTgN0z56\" width=\"600\" height=\"338\" frameborder=\"0\" marginwidth=\"0\" marginheight=\"0\" scrolling=\"no\"><\/iframe><\/p>\n<p>&nbsp;<\/p>\n<p>&nbsp;<\/p>\n<div>\n<p>&nbsp;<\/p>\n<hr \/>\n<p>&nbsp;<\/p>\n<h2><span style=\"color: #800080;\"><strong>LA RASSEGNA STAMPA DA L&#8217;AMICO DEL POPOLO<\/strong><\/span><\/h2>\n<p><strong>LA RACCOLTA COMPLETA<\/strong><\/p>\n<blockquote class=\"wp-embedded-content\" data-secret=\"Ri2sskBsmk\"><p><a href=\"https:\/\/www.radiopiu.net\/wordpress\/rassegna-stampa-di-gianni-santomaso\/\">Rassegna stampa da l&#8217;amico del popolo &#8211; di Gianni Santomaso<\/a><\/p><\/blockquote>\n<p><iframe loading=\"lazy\" class=\"wp-embedded-content\" sandbox=\"allow-scripts\" security=\"restricted\" style=\"position: absolute; clip: rect(1px, 1px, 1px, 1px);\" title=\"&#8220;Rassegna stampa da l&#8217;amico del popolo &#8211; di Gianni Santomaso&#8221; &#8212; Radio Pi\u00f9\" src=\"https:\/\/www.radiopiu.net\/wordpress\/rassegna-stampa-di-gianni-santomaso\/embed\/#?secret=Ri2sskBsmk\" data-secret=\"Ri2sskBsmk\" width=\"600\" height=\"338\" frameborder=\"0\" marginwidth=\"0\" marginheight=\"0\" scrolling=\"no\"><\/iframe><\/p>\n<p>&nbsp;<\/p>\n<p>&nbsp;<\/p>\n<p>&nbsp;<\/p>\n<hr \/>\n<p>&nbsp;<\/p>\n<p>&nbsp;<\/p>\n<div>\n<h2><span style=\"color: #33cccc;\">I RACCONTI DI PAOLO SOPPELSA il lunedi alle 9.30 e 18.30<\/span><\/h2>\n<p><strong>L&#8217;ACQUA CHE NON C&#8217;ERA<\/strong><\/p>\n<p><em><strong>AUDIO<\/strong><\/em><\/p>\n<audio class=\"wp-audio-shortcode\" id=\"audio-180764-14\" preload=\"none\" style=\"width: 100%;\" controls=\"controls\"><source type=\"audio\/mpeg\" src=\"https:\/\/www.radiopiu.net\/wordpress\/wp-content\/uploads\/2020\/12\/PAOLO-SOPPELSA-LACQUA-CHE-NON-CERAogg.mp3?_=14\" \/><a href=\"https:\/\/www.radiopiu.net\/wordpress\/wp-content\/uploads\/2020\/12\/PAOLO-SOPPELSA-LACQUA-CHE-NON-CERAogg.mp3\">https:\/\/www.radiopiu.net\/wordpress\/wp-content\/uploads\/2020\/12\/PAOLO-SOPPELSA-LACQUA-CHE-NON-CERAogg.mp3<\/a><\/audio>\n<p>&nbsp;<\/p>\n<p><a href=\"https:\/\/www.radiopiu.net\/wordpress\/i-racconti-di-paolo-soppelsa-cinquantaquattresima-puntata\/e2f6b238-b6dc-4f17-8a0c-d2567be2be85\/\" rel=\"attachment wp-att-180762\"><img loading=\"lazy\" decoding=\"async\" class=\"size-medium wp-image-180762 alignleft\" src=\"https:\/\/www.radiopiu.net\/wordpress\/wp-content\/uploads\/2020\/12\/e2f6b238-b6dc-4f17-8a0c-d2567be2be85-300x225.jpg\" alt=\"\" width=\"300\" height=\"225\" srcset=\"https:\/\/www.radiopiu.net\/wordpress\/wp-content\/uploads\/2020\/12\/e2f6b238-b6dc-4f17-8a0c-d2567be2be85-300x225.jpg 300w, https:\/\/www.radiopiu.net\/wordpress\/wp-content\/uploads\/2020\/12\/e2f6b238-b6dc-4f17-8a0c-d2567be2be85-1024x768.jpg 1024w, https:\/\/www.radiopiu.net\/wordpress\/wp-content\/uploads\/2020\/12\/e2f6b238-b6dc-4f17-8a0c-d2567be2be85-768x576.jpg 768w, https:\/\/www.radiopiu.net\/wordpress\/wp-content\/uploads\/2020\/12\/e2f6b238-b6dc-4f17-8a0c-d2567be2be85-1536x1152.jpg 1536w, https:\/\/www.radiopiu.net\/wordpress\/wp-content\/uploads\/2020\/12\/e2f6b238-b6dc-4f17-8a0c-d2567be2be85.jpg 1600w\" sizes=\"auto, (max-width: 300px) 100vw, 300px\" \/><\/a>E chiss\u00e0 com&#8217;era quel tempo di neve, un tempo. Sembra di sentirlo sulla pelle il calore del fiato delle vacche chiuse nella stalla. Lo scricchiolio del fieno nella &#8220;carpia&#8221;. Il suono metallico della catena. Il rumore dei &#8220;candoi del lat&#8221;. Fantasmi di uomini e bestie che vivevano in questo piccolo mondo fuori dal mondo. I campi, invece, dormivano sotto la prima neve di dicembre. E poi vociare di bambini che ogni giorno &#8220;i dea a scola a Zenzenighe&#8221; passando per &#8220;Prademez&#8221; la &#8220;Roa&#8221; e per quel Pal\u00f9 che allora &#8220;l&#8217;era solche camp&#8221;. Erano piccoli uomini quei bambini che scendevano lungo la mulattiera alla luce del &#8220;feral&#8221;. Scendevano col buio e risalivano accompagnati dall&#8217;ombra che era gi\u00e0 scesa sulle case prima di mezzogiorno. E freddo e piedi bagnati da &#8220;sug\u00e0 sul larin&#8221;. E poi ancora bianco di neve e luci stanche di candele e lampade a petrolio. Boschi silenti, camini fumanti e la meridiana che non scandiva pi\u00f9 il tempo dilatato e silenzioso di un&#8217;altra notte di gelo e stelle sopra il Pelsa. \u00c8 una dolce melodia quella cantata dalla fontana vestita di neve. Una musica cristallina e gentile. Che nessuno ascolta. Sono poche, pochissime le persone che arrivano nel borgo abbandonato che guarda il Pelsa. \u00c8 un cantare solitario quello della nuova &#8220;brenta&#8221; di larice. Ed \u00e8 un destino strano e beffardo quello toccato al Villaggio Silente. Quando c&#8217;erano le persone ad abitare le antiche case mancava l&#8217;acqua. Ora c&#8217;\u00e8 l&#8217;acqua e mancano le persone da oltre sessant&#8217;anni. Un tubo di ferro ed una vasca di pietra posta ai margini del bosco. Una fonte stanca, un filo di acqua con le &#8220;t\u00f2rkole&#8221;. E d&#8217;inverno il nulla quando il terreno ghiacciava e diventava duro come l&#8217;acciaio. Scioglievano la neve per poter abbeverare le bestie e fare la polenta. Una ventina di persone ed un &#8220;naf&#8221; ghiacciato d&#8217;inverno. E campi di terra fina ottima per le patate ricoperti di neve. Poi, dalla fine degli anni &#8217;50, l&#8217;oblio. Oggi soltanto il silenzio di un mondo che non serve pi\u00f9 e spettri che si aggirano fra le vecchie case: fantasmi che non parlano, non raccontano. Osservano quelle travi incurvate ricoperte di neve ghiacciata e cercano con lo sguardo l&#8217;ormai quasi scomparsa meridiana. Sospirano guardando i prati imbiancati e nelle lunghe notti d&#8217;inverno ascoltano il dolce e malinconico canto dell&#8217;acqua che non c&#8217;era. Pradesora 17\/12\/2020.<\/p>\n<p>&nbsp;<\/p>\n<h2><span style=\"color: #33cccc;\"><strong>RACCOLTA COMPLETA<\/strong><\/span><\/h2>\n<blockquote class=\"wp-embedded-content\" data-secret=\"OEGAMxhexr\"><p><a href=\"https:\/\/www.radiopiu.net\/wordpress\/i-racconti-di-paolo-soppelsa\/\">I racconti di Paolo Soppelsa<\/a><\/p><\/blockquote>\n<p><iframe loading=\"lazy\" class=\"wp-embedded-content\" sandbox=\"allow-scripts\" security=\"restricted\" style=\"position: absolute; clip: rect(1px, 1px, 1px, 1px);\" title=\"&#8220;I racconti di Paolo Soppelsa&#8221; &#8212; Radio Pi\u00f9\" src=\"https:\/\/www.radiopiu.net\/wordpress\/i-racconti-di-paolo-soppelsa\/embed\/#?secret=OEGAMxhexr\" data-secret=\"OEGAMxhexr\" width=\"600\" height=\"338\" frameborder=\"0\" marginwidth=\"0\" marginheight=\"0\" scrolling=\"no\"><\/iframe><\/p>\n<\/div>\n<p>&nbsp;<\/p>\n<hr \/>\n<p>&nbsp;<\/p>\n<div>\n<p>&nbsp;<\/p>\n<h2><strong><a href=\"https:\/\/www.radiopiu.net\/wordpress\/giornale-radiopiu-22-dicembre-2020-direttore-mirko-mezzacasa\/132066424_1549957278525667_8146056833908791018_o-2\/\" rel=\"attachment wp-att-180928\"><img loading=\"lazy\" decoding=\"async\" class=\"wp-image-180928 alignleft\" src=\"https:\/\/www.radiopiu.net\/wordpress\/wp-content\/uploads\/2020\/12\/132066424_1549957278525667_8146056833908791018_o-1-189x300.jpg\" alt=\"\" width=\"108\" height=\"171\" srcset=\"https:\/\/www.radiopiu.net\/wordpress\/wp-content\/uploads\/2020\/12\/132066424_1549957278525667_8146056833908791018_o-1-189x300.jpg 189w, https:\/\/www.radiopiu.net\/wordpress\/wp-content\/uploads\/2020\/12\/132066424_1549957278525667_8146056833908791018_o-1.jpg 526w\" sizes=\"auto, (max-width: 108px) 100vw, 108px\" \/><\/a><\/strong><\/h2>\n<h2><\/h2>\n<h2><strong>LE\u00a0 PUNTATE di Luisa Alchini di Leggermente Bellunesi, la domenica alle 11, il martedi alle 10.30 e alle 19.00<\/strong><\/h2>\n<h2><span style=\"color: #ff0000;\">QUESTA SETTIMANA <\/span>Ci avviciniamo al Natale con i versi di John Francis della Pietra, nella puntata n. 11 di oggi&#8230;. e auguri, Luisa.<\/h2>\n<p>&nbsp;<\/p>\n<p>&nbsp;<\/p>\n<p><strong><span style=\"color: #000000;\">RACCOLTA COMPLETA<\/span><\/strong><\/p>\n<\/div>\n<blockquote class=\"wp-embedded-content\" data-secret=\"IvmxvfjnxB\"><p><a href=\"https:\/\/www.radiopiu.net\/wordpress\/leggermente-20\/\">LEGGERmente&#8230;Bellunesi<\/a><\/p><\/blockquote>\n<p><iframe loading=\"lazy\" class=\"wp-embedded-content\" sandbox=\"allow-scripts\" security=\"restricted\" style=\"position: absolute; clip: rect(1px, 1px, 1px, 1px);\" title=\"&#8220;LEGGERmente&#8230;Bellunesi&#8221; &#8212; Radio Pi\u00f9\" src=\"https:\/\/www.radiopiu.net\/wordpress\/leggermente-20\/embed\/#?secret=IvmxvfjnxB\" data-secret=\"IvmxvfjnxB\" width=\"600\" height=\"338\" frameborder=\"0\" marginwidth=\"0\" marginheight=\"0\" scrolling=\"no\"><\/iframe><\/p>\n<hr \/>\n<p>&nbsp;<\/p>\n<blockquote>\n<h3><a href=\"https:\/\/www.radiopiu.net\/wordpress\/almanacco-ladino-puntata-5-2020\/sn\/\" rel=\"attachment wp-att-180931\"><img loading=\"lazy\" decoding=\"async\" class=\"wp-image-180931 alignleft\" src=\"https:\/\/www.radiopiu.net\/wordpress\/wp-content\/uploads\/2020\/12\/sn-300x194.jpg\" alt=\"\" width=\"181\" height=\"117\" srcset=\"https:\/\/www.radiopiu.net\/wordpress\/wp-content\/uploads\/2020\/12\/sn-300x194.jpg 300w, https:\/\/www.radiopiu.net\/wordpress\/wp-content\/uploads\/2020\/12\/sn.jpg 626w\" sizes=\"auto, (max-width: 181px) 100vw, 181px\" \/><\/a>L&#8217;ALMANACCO LADINO CON L&#8217;ISTITUT CESA DE JAN QUINDICINALE APPUNTAMENTO. LA DOMENICA ALLE 9 IL LUNEDI ALLE 8.35 IL MARTEDI ALLE 12.35 IL MERCOLEDI ALLE 18.35. SECONDA STAGIONE.<\/h3>\n<\/blockquote>\n<p><strong><span style=\"color: #ff0000;\">LA PUNTATA DELLA SETTIMANA<\/span><\/strong><\/p>\n<audio class=\"wp-audio-shortcode\" id=\"audio-180764-15\" preload=\"none\" style=\"width: 100%;\" controls=\"controls\"><source type=\"audio\/mpeg\" src=\"https:\/\/www.radiopiu.net\/wordpress\/wp-content\/uploads\/2020\/12\/48\u00b0Almanacco_Fodom-Mp3.mp3?_=15\" \/><a href=\"https:\/\/www.radiopiu.net\/wordpress\/wp-content\/uploads\/2020\/12\/48\u00b0Almanacco_Fodom-Mp3.mp3\">https:\/\/www.radiopiu.net\/wordpress\/wp-content\/uploads\/2020\/12\/48\u00b0Almanacco_Fodom-Mp3.mp3<\/a><\/audio>\n<p>&nbsp;<\/p>\n<p><strong>RACCOLTA COMPLETA\u00a0<\/strong><\/p>\n<blockquote class=\"wp-embedded-content\" data-secret=\"m8OBx1iyBk\"><p><a href=\"https:\/\/www.radiopiu.net\/wordpress\/almanacco-ladino\/\">Almanacco Ladino<\/a><\/p><\/blockquote>\n<p><iframe loading=\"lazy\" class=\"wp-embedded-content\" sandbox=\"allow-scripts\" security=\"restricted\" style=\"position: absolute; clip: rect(1px, 1px, 1px, 1px);\" title=\"&#8220;Almanacco Ladino&#8221; &#8212; Radio Pi\u00f9\" src=\"https:\/\/www.radiopiu.net\/wordpress\/almanacco-ladino\/embed\/#?secret=m8OBx1iyBk\" data-secret=\"m8OBx1iyBk\" width=\"600\" height=\"338\" frameborder=\"0\" marginwidth=\"0\" marginheight=\"0\" scrolling=\"no\"><\/iframe><\/p>\n<p>&nbsp;<\/p>\n<\/div>\n<hr \/>\n<div>\n<h2><span style=\"color: #000080;\"><a class=\"dt-pswp-item\" href=\"https:\/\/www.radiopiu.net\/wordpress\/wp-content\/uploads\/2020\/10\/pp.jpg\" data-dt-img-description=\"\" data-large_image_width=\"640\" data-large_image_height=\"640\"><img loading=\"lazy\" decoding=\"async\" class=\"wp-image-163678 alignleft\" src=\"https:\/\/www.radiopiu.net\/wordpress\/wp-content\/uploads\/2020\/10\/pp-300x300.jpg\" alt=\"\" width=\"106\" height=\"106\" srcset=\"https:\/\/www.radiopiu.net\/wordpress\/wp-content\/uploads\/2020\/10\/pp-300x300.jpg 300w, https:\/\/www.radiopiu.net\/wordpress\/wp-content\/uploads\/2020\/10\/pp-150x150.jpg 150w, https:\/\/www.radiopiu.net\/wordpress\/wp-content\/uploads\/2020\/10\/pp-125x125.jpg 125w, https:\/\/www.radiopiu.net\/wordpress\/wp-content\/uploads\/2020\/10\/pp-200x200.jpg 200w, https:\/\/www.radiopiu.net\/wordpress\/wp-content\/uploads\/2020\/10\/pp-80x80.jpg 80w, https:\/\/www.radiopiu.net\/wordpress\/wp-content\/uploads\/2020\/10\/pp-480x480.jpg 480w, https:\/\/www.radiopiu.net\/wordpress\/wp-content\/uploads\/2020\/10\/pp.jpg 640w\" sizes=\"auto, (max-width: 106px) 100vw, 106px\" \/><\/a> <\/span><\/h2>\n<h2><span style=\"color: #000080;\">DON CESARE, IL PENSIERO DEL GIORNO. ALLA RADIO ALLE 7 DEL MATTINO E ALLE 19.30 DELLA SERA.\u00a0\u00a0<\/span><\/h2>\n<\/div>\n<p>&nbsp;<\/p>\n<p>&nbsp;<\/p>\n<p>&nbsp;<\/p>\n<audio class=\"wp-audio-shortcode\" id=\"audio-180764-16\" preload=\"none\" style=\"width: 100%;\" controls=\"controls\"><source type=\"audio\/mpeg\" src=\"https:\/\/www.radiopiu.net\/wordpress\/wp-content\/uploads\/2020\/12\/CESARE-14.mp3?_=16\" \/><a href=\"https:\/\/www.radiopiu.net\/wordpress\/wp-content\/uploads\/2020\/12\/CESARE-14.mp3\">https:\/\/www.radiopiu.net\/wordpress\/wp-content\/uploads\/2020\/12\/CESARE-14.mp3<\/a><\/audio>\n<p>&nbsp;<\/p>\n<hr \/>\n<p>&nbsp;<\/p>\n<div>\n<p class=\"photoswipe-wrapper\"><a class=\"dt-pswp-item pspw-wrap-ready\" href=\"https:\/\/i0.wp.com\/www.radiopiu.net\/wordpress\/wp-content\/uploads\/2018\/09\/viabilita.jpeg?ssl=1\" data-dt-img-description=\"\" data-large_image_width=\"800\" data-large_image_height=\"100\"><img loading=\"lazy\" decoding=\"async\" class=\"aligncenter wp-image-61954 size-full\" src=\"https:\/\/i0.wp.com\/www.radiopiu.net\/wordpress\/wp-content\/uploads\/2018\/09\/viabilita.jpeg?resize=800%2C100&amp;ssl=1\" sizes=\"auto, (max-width: 800px) 100vw, 800px\" srcset=\"https:\/\/i0.wp.com\/www.radiopiu.net\/wordpress\/wp-content\/uploads\/2018\/09\/viabilita.jpeg?w=800&amp;ssl=1 800w, https:\/\/i0.wp.com\/www.radiopiu.net\/wordpress\/wp-content\/uploads\/2018\/09\/viabilita.jpeg?resize=300%2C38&amp;ssl=1 300w, https:\/\/i0.wp.com\/www.radiopiu.net\/wordpress\/wp-content\/uploads\/2018\/09\/viabilita.jpeg?resize=768%2C96&amp;ssl=1 768w\" alt=\"\" width=\"800\" height=\"100\" \/><\/a><\/p>\n<\/div>\n<p>&nbsp;<\/p>\n<p><strong>SP 5 DI LAMOSANO<\/strong> Fino al 23 dicembre senso unico alternato regolato da semaforo in localit\u00e0 Pradebon in comune di Chies D&#8217;Alpago per completamento messa in sicurezza della strada<\/p>\n<p><strong>SP 28 DELLE COSTE D&#8217;ALPAGO<\/strong> fino al 31 dicembre, compreso sabato, domenica e festivi infrasettimanali,\u00a0senso unico alternato regolato da semaforo in prossimit\u00e0 dell&#8217;abitato di Farra D&#8217;Alpago per messa in sicurezza della strada<\/p>\n<p><strong>SP 422 DELL&#8217;ALPAGO E DEL CANSIGLIO<\/strong> senso unico alternato regolato da semaforo o movieri tra Bastia e Puos e tra Puos e Cornei dalle 8 alle 19 fino al 23 dicembre esclusi sabato e domenica per posa fibre ottiche<\/p>\n<p><strong>SP 42 CAVALLERA<\/strong> fino a revoca, chiusura della strada nell&#8217;abitato di Perarolo per attivazione emergenza frana &#8220;Busa del Cristo&#8221;<\/p>\n<p><strong>FELTRE<\/strong> Senso unico alternato regolato da movieri per lavori stradali nel tratto di viale Monte Grappa compreso fra incrocio con via Folli ( accesso supermercato Lidl ) e fine cantiere Altanon ( altezza negozio Kiwi Sport ) fino al 23 dicembre<\/p>\n<p><strong>PROVINCIALE 49 MISURINA CONFINE PROVINCIA DI BOLZANO<\/strong>:\u00a0 fino al 22 dicembre (festivi e prefestivi compresi) senso unico alternato con movieri o semafori<\/p>\n<p><strong>S.P.2 DELLA VALLE DEL MIS\u00a0<\/strong>Interdizione totale al traffico fino a revoca dal km 14,920 (localit\u00e0 Gona Bassa) al km 20,650 (localit\u00e0 Titele) per cedimento della carreggiata<\/p>\n<p><strong>S.P. 5 DI LAMOSANO<\/strong>\u00a0Interdizione totale fino a revoca per presenza di materiale e alberi in strada.<\/p>\n<p><strong>S.P. 251 DI VAL DI ZOLDO E VAL CELLINA\u00a0<\/strong>dalla localit\u00e0 Soffranco fino all&#8217;imbocco nord della galleria S. Giovanni interdizione totale al transito per cedimento della carreggiata<\/p>\n<p><strong>SP 3 DELLA VAL IMPERINA<\/strong> fino a revoca, senso unico alternato regolato a vista in localit\u00e0 Gona di Conedera di Rivamonte per cedimento della carreggiata stradale<\/p>\n<p><strong>REGIONALE 203 AGORDINA<\/strong>\u00a0 Fino\u00a0 al 23 dicembre (esclusi festivi e prefestivi) senso unico alternato tra Peron e Candaten con movieri dalle 7.30 alle 9 e dalle 16.30 alle 18. Con semaforo negli altri orari<\/p>\n<div>\n<p>&nbsp;<\/p>\n<hr \/>\n<p>&nbsp;<\/p>\n<p class=\"photoswipe-wrapper\"><a class=\"dt-pswp-item pspw-wrap-ready\" href=\"https:\/\/i0.wp.com\/www.radiopiu.net\/wordpress\/wp-content\/uploads\/2018\/09\/WhatsApp-Image-2018-09-20-at-16.04.06.jpeg?ssl=1\" data-dt-img-description=\"\" data-large_image_width=\"800\" data-large_image_height=\"100\"><img loading=\"lazy\" decoding=\"async\" class=\"aligncenter wp-image-61378 size-full jetpack-lazy-image jetpack-lazy-image--handled\" src=\"https:\/\/i0.wp.com\/www.radiopiu.net\/wordpress\/wp-content\/uploads\/2018\/09\/WhatsApp-Image-2018-09-20-at-16.04.06.jpeg?resize=800%2C100&amp;ssl=1\" sizes=\"auto, (max-width: 800px) 100vw, 800px\" srcset=\"https:\/\/i0.wp.com\/www.radiopiu.net\/wordpress\/wp-content\/uploads\/2018\/09\/WhatsApp-Image-2018-09-20-at-16.04.06.jpeg?w=800&amp;ssl=1 800w, https:\/\/i0.wp.com\/www.radiopiu.net\/wordpress\/wp-content\/uploads\/2018\/09\/WhatsApp-Image-2018-09-20-at-16.04.06.jpeg?resize=300%2C38&amp;ssl=1 300w, https:\/\/i0.wp.com\/www.radiopiu.net\/wordpress\/wp-content\/uploads\/2018\/09\/WhatsApp-Image-2018-09-20-at-16.04.06.jpeg?resize=768%2C96&amp;ssl=1 768w\" alt=\"\" width=\"800\" height=\"100\" data-lazy-loaded=\"1\" \/><\/a><\/p>\n<p>&nbsp;<\/p>\n<p><center><\/center><center><b>Martedi 22<\/b><\/center><b>Tempo atteso:\u00a0<\/b>Tempo stabile con cielo perlopi\u00f9 velato da nubi alte, ma il sole riuscir\u00e0 a filtrare. Nel pomeriggio probabile transito di altocumuli, senza togliere l&#8217;impressione di tempo buono. Probabili nebbie nelle depressioni prealpine durante le ore pi\u00f9 fredde. Le gelate notturne saranno pi\u00f9 presenti alle basse quote che non in alta quota. Relativa mitezza diurna,specie nei posti solitamente meno freddi.<br \/>\n<b>Precipitazioni:\u00a0<\/b>Assenti (0%).<br \/>\n<b>Temperature:\u00a0<\/b>In generale lieve aumento, pi\u00f9 sensibile in quota per avvezione d&#8217;aria assai mite. Sono previste punte di 7\/9\u00b0C nei fondovalle prealpini e di 6\/8\u00b0C a 1000\/1200 m, un po&#8217; meno nelle valli in ombra alle stesse quote. Su Prealpi a 1500 m min 3\u00b0C max 7\u00b0C, a 2000 m min 1\u00b0C max 5\u00b0C. Su Dolomiti a 2000 m min 0\u00b0C max 5\u00b0C, a 3000 m min -2\u00b0C max 0\u00b0C.<br \/>\n<b>Venti:\u00a0<\/b>Nelle valli deboli di direzione variabile, in quota moderati\/tesi da nord-ovest, a tratti anche forti sulle cime pi\u00f9 alte, a 10-25 km\/h a 2000 m, 30-45 Km\/h a 3000 m.<\/p>\n<hr \/>\n<p><center><b>Mercoledi 23<\/b><\/center><b>Tempo atteso:\u00a0<\/b>Tempo discreto\/variabile con molte nubi alte e medio-alte stratiformi, assieme a qualche squarcio di cielo sereno. Maggiore umidit\u00e0 nelle valli prealpine con aggiunta di locali nubi basse, assieme a l&#8217;insidia di qualche nebbia notturne e mattutine nei fondovalle. Atmosfera un po&#8217; uggiosa nelle valli, pi\u00f9 secca e soprattutto relativamente mite in quota.<br \/>\n<b>Precipitazioni:\u00a0<\/b>Assenti (0%).<br \/>\n<b>Temperature:\u00a0<\/b>In ulteriore lieve aumento in alta quota per il persistere dell&#8217;avvezione d&#8217;aria assai mite, pressoch\u00e9 stazionarie nelle valli. Su Prealpi a 1500 m min 6\u00b0C max 8\u00b0C, a 2000 m min 3\u00b0C max 6\u00b0C. Su Dolomiti a 2000 m min 2\u00b0C max 6\u00b0C, a 3000 m min -1\u00b0C max 0\u00b0C.<br \/>\n<b>Venti:\u00a0<\/b>Nelle valli deboli di direzione variabile, in quota venti deboli \/moderati da ovest nord-ovest, a 5-15 km\/h a 2000 m, 15-25 Km\/h a 3000 m.<\/p>\n<hr \/>\n<p><center><b>Giovedi 24<\/b><\/center>Cielo da velato a coperto per nubi alte e medio-alte al mattino. Poi intensificazione della copertura nuvolosa dalle ore centrali in poi, assieme al verificarsi di debolissime precipitazioni sparse, nevose oltre i 1200\/1300 m sulle Dolomiti e 1600\/1700 m sulle Prealpi; limite che si abbasser\u00e0 un po&#8217; qualora fosse ancora in atto qualche precipitazione serale. Temperature in calo con minime osservate alla sera. Venti tesi\/forti da sud-ovest in giornata, da nord-ovest alla sera, attenuandosi; deboli di direzione variabile nelle valli.<\/p>\n<hr \/>\n<p><center><b>Venerdi 25<\/b><\/center>Nottetempo e nelle prime ore del giorno cielo coperto con debolissima neve sparsa fino sui 600\/700 m. Entro le ore centrali del giorno, spesso gi\u00e0 in mattinata cessazione dei fenomeni e prime schiarite. Al pomeriggio graduale miglioramento con diradamento della nuvolosit\u00e0 in un&#8217;atmosfera sempre pi\u00f9 fredda, anche gelida in alta quota. Venti moderati\/tesi da nord-ovest in quota, deboli in molte valli, localmente moderati per eventuali locali episodi di Foehn. Previsore: R.L.Th.<\/p>\n<p>&nbsp;<\/p>\n<hr \/>\n<p>&nbsp;<\/p>\n<p><a href=\"https:\/\/www.radiopiu.net\/wordpress\/giornale-radiopiu-15-settembre-2018-direttore-mirko-mezzacasa\/sport-7\/\" rel=\"attachment wp-att-60761\"><img loading=\"lazy\" decoding=\"async\" class=\"aligncenter wp-image-60761 size-full\" src=\"https:\/\/www.radiopiu.net\/wordpress\/wp-content\/uploads\/2018\/09\/sport.jpg\" alt=\"\" width=\"800\" height=\"100\" srcset=\"https:\/\/www.radiopiu.net\/wordpress\/wp-content\/uploads\/2018\/09\/sport.jpg 800w, https:\/\/www.radiopiu.net\/wordpress\/wp-content\/uploads\/2018\/09\/sport-300x38.jpg 300w, https:\/\/www.radiopiu.net\/wordpress\/wp-content\/uploads\/2018\/09\/sport-768x96.jpg 768w\" sizes=\"auto, (max-width: 800px) 100vw, 800px\" \/><\/a><\/p>\n<\/div>\n","protected":false},"excerpt":{"rendered":"<p>PER RICEVERE QUESTO NOTIZIARIO DIRETTAMENTE SUL TUO CELLULARE ISCRIVITI AL CANALE TELEGRAM \u201cRADIO PIU\u00a0 INFORMAZIONE&#8221; ATTENZIONE: LA NUOVA APP PER IOS-IPHONE https:\/\/apps.apple.com\/it\/app\/radio-pi%C3%B9-emittente-agordina\/id1515939845 ATTENZIONE: LA NUOVA APP RADIO\u00a0 PER ANDROID https:\/\/play.google.com\/store\/apps\/details?id=net.radiopiu.iniko\u00a0\u00a0 &nbsp; S&#8217;aggirava per Voltago il Babbo vestito a Natale con i suoi fidati collaboratori, ne hanno goduto negli sguardi e nel palato i bambini del&hellip;<\/p>\n","protected":false},"author":4,"featured_media":181043,"comment_status":"closed","ping_status":"closed","sticky":false,"template":"","format":"standard","meta":{"_monsterinsights_skip_tracking":false,"_monsterinsights_sitenote_active":false,"_monsterinsights_sitenote_note":"","_monsterinsights_sitenote_category":0,"footnotes":""},"categories":[1,51,86,49],"tags":[],"class_list":["post-180764","post","type-post","status-publish","format-standard","has-post-thumbnail","hentry","category-senza-categoria","category-evidenza-top","category-gr","category-news-18","category-1","category-51","category-86","category-49","description-off"],"img_url":"https:\/\/www.radiopiu.net\/wordpress\/wp-content\/uploads\/2020\/12\/131418050_3595624170506317_263748154839924735_o.jpg","_links":{"self":[{"href":"https:\/\/www.radiopiu.net\/wordpress\/wp-json\/wp\/v2\/posts\/180764","targetHints":{"allow":["GET"]}}],"collection":[{"href":"https:\/\/www.radiopiu.net\/wordpress\/wp-json\/wp\/v2\/posts"}],"about":[{"href":"https:\/\/www.radiopiu.net\/wordpress\/wp-json\/wp\/v2\/types\/post"}],"author":[{"embeddable":true,"href":"https:\/\/www.radiopiu.net\/wordpress\/wp-json\/wp\/v2\/users\/4"}],"replies":[{"embeddable":true,"href":"https:\/\/www.radiopiu.net\/wordpress\/wp-json\/wp\/v2\/comments?post=180764"}],"version-history":[{"count":0,"href":"https:\/\/www.radiopiu.net\/wordpress\/wp-json\/wp\/v2\/posts\/180764\/revisions"}],"wp:featuredmedia":[{"embeddable":true,"href":"https:\/\/www.radiopiu.net\/wordpress\/wp-json\/wp\/v2\/media\/181043"}],"wp:attachment":[{"href":"https:\/\/www.radiopiu.net\/wordpress\/wp-json\/wp\/v2\/media?parent=180764"}],"wp:term":[{"taxonomy":"category","embeddable":true,"href":"https:\/\/www.radiopiu.net\/wordpress\/wp-json\/wp\/v2\/categories?post=180764"},{"taxonomy":"post_tag","embeddable":true,"href":"https:\/\/www.radiopiu.net\/wordpress\/wp-json\/wp\/v2\/tags?post=180764"}],"curies":[{"name":"wp","href":"https:\/\/api.w.org\/{rel}","templated":true}]}}