{"id":180806,"date":"2020-12-21T05:37:16","date_gmt":"2020-12-21T04:37:16","guid":{"rendered":"https:\/\/www.radiopiu.net\/wordpress\/?p=180806"},"modified":"2020-12-21T06:38:46","modified_gmt":"2020-12-21T05:38:46","slug":"snowborder-al-sacrario-del-grappa","status":"publish","type":"post","link":"https:\/\/www.radiopiu.net\/wordpress\/snowborder-al-sacrario-del-grappa\/","title":{"rendered":"SNOWBORDER AL SACRARIO DEL GRAPPA"},"content":{"rendered":"<p>&nbsp;<\/p>\n<blockquote>\n<h2><a href=\"https:\/\/www.radiopiu.net\/wordpress\/giornale-radiopiu-21-dicembre-2020-direttore-mirko-mezzacasa\/132095446_3732261536832715_7841770636260682943_o\/\" rel=\"attachment wp-att-180804\"><img loading=\"lazy\" decoding=\"async\" class=\" wp-image-180804 alignleft\" src=\"https:\/\/www.radiopiu.net\/wordpress\/wp-content\/uploads\/2020\/12\/132095446_3732261536832715_7841770636260682943_o-300x225.jpg\" alt=\"\" width=\"169\" height=\"127\" srcset=\"https:\/\/www.radiopiu.net\/wordpress\/wp-content\/uploads\/2020\/12\/132095446_3732261536832715_7841770636260682943_o-300x225.jpg 300w, https:\/\/www.radiopiu.net\/wordpress\/wp-content\/uploads\/2020\/12\/132095446_3732261536832715_7841770636260682943_o-1024x768.jpg 1024w, https:\/\/www.radiopiu.net\/wordpress\/wp-content\/uploads\/2020\/12\/132095446_3732261536832715_7841770636260682943_o-768x576.jpg 768w, https:\/\/www.radiopiu.net\/wordpress\/wp-content\/uploads\/2020\/12\/132095446_3732261536832715_7841770636260682943_o-1536x1152.jpg 1536w, https:\/\/www.radiopiu.net\/wordpress\/wp-content\/uploads\/2020\/12\/132095446_3732261536832715_7841770636260682943_o.jpg 2048w\" sizes=\"auto, (max-width: 169px) 100vw, 169px\" \/><\/a> POCO RISPETTO DELLA <a href=\"https:\/\/www.radiopiu.net\/wordpress\/giornale-radiopiu-21-dicembre-2020-direttore-mirko-mezzacasa\/131817736_721743458761850_3617786728430360925_n\/\" rel=\"attachment wp-att-180805\"><img loading=\"lazy\" decoding=\"async\" class=\"size-medium wp-image-180805 alignright\" src=\"https:\/\/www.radiopiu.net\/wordpress\/wp-content\/uploads\/2020\/12\/131817736_721743458761850_3617786728430360925_n-300x201.jpg\" alt=\"\" width=\"300\" height=\"201\" srcset=\"https:\/\/www.radiopiu.net\/wordpress\/wp-content\/uploads\/2020\/12\/131817736_721743458761850_3617786728430360925_n-300x201.jpg 300w, https:\/\/www.radiopiu.net\/wordpress\/wp-content\/uploads\/2020\/12\/131817736_721743458761850_3617786728430360925_n.jpg 750w\" sizes=\"auto, (max-width: 300px) 100vw, 300px\" \/><\/a>NUOVA GENERAZIONE<\/h2>\n<\/blockquote>\n<p><strong>GRAPPA<\/strong> Oltraggio e provocazione. Sono scesi dal Sacello sacro con lo snowboard, un gruppo di\u00a0 ragazzi ha voluto provocare, alla faccia di quei pochi che hanno cercato di fermarli. &#8220;OnorCaduti&#8221; del Grappa, che ha in gestione il Sacrario, ha avviato specifiche indagini.\u00a0 Sabato i giovani hanno mancato di rispetto ad un&#8217;area sacra a1700 metri\u00a0 come specificano i cartelli, per cui nessuna iniziativa \u00e8 possibile se non camminare, riflettere, commemorare. N\u00e9 sci, n\u00e9 caccia, n\u00e9 manifestazioni sportive se non quelle autorizzate. Per Luca Zaia, presidente della Regione, <em>\u00ab\u00e8 vergognoso quanto accaduto; lo si sa che quel sacrario accoglie i resti di 22.950 soldati, 12.615 italiani, 10.295 austroungarici? Pretendo il rispetto da parte di tutti, proprio di tutti coloro che salgono sul Grappa. Liberissimi di farlo, ma sappiano che non \u00e8 solo una montagna\u00bb<\/em>. Dalle testimonianze sui social le trasgressioni sul Grappa sono frequenti. Il Deputato Luca De Carlo: <em>&#8220;Manca il rispetto per chi ha dato la vita per la Patria. Questo e\u2019 il Sacrario Militare di Cima Grappa, un luogo sacro appunto. Ma qualcuno pensa che sia una pista da sci, senza vergogna. Mi vergogno io per loro.<\/em><\/p>\n<h1 class=\"kvgmc6g5 cxmmr5t8 oygrvhab hcukyx3x c1et5uql\"><span style=\"color: #0000ff;\">RADIO PIU INFORMAZIONE il canale su TELEGRAM informazione di prima mano e in tempo reale. iscriviti ed aiutaci a farlo conoscere<\/span><\/h1>\n<p>&nbsp;<\/p>\n","protected":false},"excerpt":{"rendered":"<p>&nbsp; POCO RISPETTO DELLA NUOVA GENERAZIONE GRAPPA Oltraggio e provocazione. Sono scesi dal Sacello sacro con lo snowboard, un gruppo di\u00a0 ragazzi ha voluto provocare, alla faccia di quei pochi che hanno cercato di fermarli. &#8220;OnorCaduti&#8221; del Grappa, che ha in gestione il Sacrario, ha avviato specifiche indagini.\u00a0 Sabato i giovani hanno mancato di rispetto&hellip;<\/p>\n","protected":false},"author":4,"featured_media":180804,"comment_status":"closed","ping_status":"closed","sticky":false,"template":"","format":"standard","meta":{"_monsterinsights_skip_tracking":false,"_monsterinsights_sitenote_active":false,"_monsterinsights_sitenote_note":"","_monsterinsights_sitenote_category":0,"footnotes":""},"categories":[51,49],"tags":[],"class_list":["post-180806","post","type-post","status-publish","format-standard","has-post-thumbnail","hentry","category-evidenza-top","category-news-18","category-51","category-49","description-off"],"img_url":"https:\/\/www.radiopiu.net\/wordpress\/wp-content\/uploads\/2020\/12\/132095446_3732261536832715_7841770636260682943_o.jpg","_links":{"self":[{"href":"https:\/\/www.radiopiu.net\/wordpress\/wp-json\/wp\/v2\/posts\/180806","targetHints":{"allow":["GET"]}}],"collection":[{"href":"https:\/\/www.radiopiu.net\/wordpress\/wp-json\/wp\/v2\/posts"}],"about":[{"href":"https:\/\/www.radiopiu.net\/wordpress\/wp-json\/wp\/v2\/types\/post"}],"author":[{"embeddable":true,"href":"https:\/\/www.radiopiu.net\/wordpress\/wp-json\/wp\/v2\/users\/4"}],"replies":[{"embeddable":true,"href":"https:\/\/www.radiopiu.net\/wordpress\/wp-json\/wp\/v2\/comments?post=180806"}],"version-history":[{"count":0,"href":"https:\/\/www.radiopiu.net\/wordpress\/wp-json\/wp\/v2\/posts\/180806\/revisions"}],"wp:featuredmedia":[{"embeddable":true,"href":"https:\/\/www.radiopiu.net\/wordpress\/wp-json\/wp\/v2\/media\/180804"}],"wp:attachment":[{"href":"https:\/\/www.radiopiu.net\/wordpress\/wp-json\/wp\/v2\/media?parent=180806"}],"wp:term":[{"taxonomy":"category","embeddable":true,"href":"https:\/\/www.radiopiu.net\/wordpress\/wp-json\/wp\/v2\/categories?post=180806"},{"taxonomy":"post_tag","embeddable":true,"href":"https:\/\/www.radiopiu.net\/wordpress\/wp-json\/wp\/v2\/tags?post=180806"}],"curies":[{"name":"wp","href":"https:\/\/api.w.org\/{rel}","templated":true}]}}