{"id":180863,"date":"2020-12-21T10:22:18","date_gmt":"2020-12-21T09:22:18","guid":{"rendered":"https:\/\/www.radiopiu.net\/wordpress\/?p=180863"},"modified":"2020-12-21T10:22:19","modified_gmt":"2020-12-21T09:22:19","slug":"la-ulss-1-dolomiti-consiglia-gli-orari-serali-per-i-tamponi-a-belluno-durante-il-periodo-natalizio","status":"publish","type":"post","link":"https:\/\/www.radiopiu.net\/wordpress\/la-ulss-1-dolomiti-consiglia-gli-orari-serali-per-i-tamponi-a-belluno-durante-il-periodo-natalizio\/","title":{"rendered":"LA ULSS 1 DOLOMITI CONSIGLIA GLI ORARI SERALI PER I TAMPONI A BELLUNO DURANTE IL PERIODO NATALIZIO"},"content":{"rendered":"<p><strong>BELLUNO\u00a0<\/strong>Durante il periodo natalizio i tamponi ad accesso libero per l\u2019area del Bellunese sono concentrati al\u2019ospedale San Martino. Il drive-in di Sagrogna viene occasionalmente aperto per eseguire tamponi su prenotazione relativi al contesto scolastico. Si raccomanda ai cittadini che si recano all\u2019ospedale San Martino\u00a0 per eseguire i tamponi ad accesso libero di preferire le ore serali (vedi schema sotto riportato), ore nelle quali la viabilit\u00e0 \u00e8 pi\u00f9 fluida con minori attese.<\/p>\n<p><a href=\"https:\/\/www.radiopiu.net\/wordpress\/la-ulss-1-dolomiti-consiglia-gli-orari-serali-per-i-tamponi-a-belluno-durante-il-periodo-natalizio\/orari-tamponi\/\" rel=\"attachment wp-att-180864\"><img loading=\"lazy\" decoding=\"async\" class=\"alignnone wp-image-180864 size-full\" src=\"https:\/\/www.radiopiu.net\/wordpress\/wp-content\/uploads\/2020\/12\/ORARI-TAMPONI.png\" alt=\"\" width=\"1004\" height=\"575\" srcset=\"https:\/\/www.radiopiu.net\/wordpress\/wp-content\/uploads\/2020\/12\/ORARI-TAMPONI.png 1004w, https:\/\/www.radiopiu.net\/wordpress\/wp-content\/uploads\/2020\/12\/ORARI-TAMPONI-300x172.png 300w, https:\/\/www.radiopiu.net\/wordpress\/wp-content\/uploads\/2020\/12\/ORARI-TAMPONI-768x440.png 768w\" sizes=\"auto, (max-width: 1004px) 100vw, 1004px\" \/><\/a><\/p>\n","protected":false},"excerpt":{"rendered":"<p>BELLUNO\u00a0Durante il periodo natalizio i tamponi ad accesso libero per l\u2019area del Bellunese sono concentrati al\u2019ospedale San Martino. Il drive-in di Sagrogna viene occasionalmente aperto per eseguire tamponi su prenotazione relativi al contesto scolastico. Si raccomanda ai cittadini che si recano all\u2019ospedale San Martino\u00a0 per eseguire i tamponi ad accesso libero di preferire le ore&hellip;<\/p>\n","protected":false},"author":4,"featured_media":180865,"comment_status":"closed","ping_status":"closed","sticky":false,"template":"","format":"standard","meta":{"_monsterinsights_skip_tracking":false,"_monsterinsights_sitenote_active":false,"_monsterinsights_sitenote_note":"","_monsterinsights_sitenote_category":0,"footnotes":""},"categories":[49],"tags":[],"class_list":["post-180863","post","type-post","status-publish","format-standard","has-post-thumbnail","hentry","category-news-18","category-49","description-off"],"img_url":"https:\/\/www.radiopiu.net\/wordpress\/wp-content\/uploads\/2020\/12\/IMG-20201220-WA0035.jpg","_links":{"self":[{"href":"https:\/\/www.radiopiu.net\/wordpress\/wp-json\/wp\/v2\/posts\/180863","targetHints":{"allow":["GET"]}}],"collection":[{"href":"https:\/\/www.radiopiu.net\/wordpress\/wp-json\/wp\/v2\/posts"}],"about":[{"href":"https:\/\/www.radiopiu.net\/wordpress\/wp-json\/wp\/v2\/types\/post"}],"author":[{"embeddable":true,"href":"https:\/\/www.radiopiu.net\/wordpress\/wp-json\/wp\/v2\/users\/4"}],"replies":[{"embeddable":true,"href":"https:\/\/www.radiopiu.net\/wordpress\/wp-json\/wp\/v2\/comments?post=180863"}],"version-history":[{"count":0,"href":"https:\/\/www.radiopiu.net\/wordpress\/wp-json\/wp\/v2\/posts\/180863\/revisions"}],"wp:featuredmedia":[{"embeddable":true,"href":"https:\/\/www.radiopiu.net\/wordpress\/wp-json\/wp\/v2\/media\/180865"}],"wp:attachment":[{"href":"https:\/\/www.radiopiu.net\/wordpress\/wp-json\/wp\/v2\/media?parent=180863"}],"wp:term":[{"taxonomy":"category","embeddable":true,"href":"https:\/\/www.radiopiu.net\/wordpress\/wp-json\/wp\/v2\/categories?post=180863"},{"taxonomy":"post_tag","embeddable":true,"href":"https:\/\/www.radiopiu.net\/wordpress\/wp-json\/wp\/v2\/tags?post=180863"}],"curies":[{"name":"wp","href":"https:\/\/api.w.org\/{rel}","templated":true}]}}