{"id":180885,"date":"2020-12-21T11:48:15","date_gmt":"2020-12-21T10:48:15","guid":{"rendered":"https:\/\/www.radiopiu.net\/wordpress\/?p=180885"},"modified":"2020-12-23T10:03:41","modified_gmt":"2020-12-23T09:03:41","slug":"natale-2020-di-laura-dulivo","status":"publish","type":"post","link":"https:\/\/www.radiopiu.net\/wordpress\/natale-2020-di-laura-dulivo\/","title":{"rendered":"NATALE 2020 di LAURA D&#8217;ULIVO"},"content":{"rendered":"<p align=\"LEFT\">AUDIO<\/p>\n<audio class=\"wp-audio-shortcode\" id=\"audio-180885-1\" preload=\"none\" style=\"width: 100%;\" controls=\"controls\"><source type=\"audio\/mpeg\" src=\"https:\/\/www.radiopiu.net\/wordpress\/wp-content\/uploads\/2020\/12\/VIVO-VERSO-LUN.mp3?_=1\" \/><a href=\"https:\/\/www.radiopiu.net\/wordpress\/wp-content\/uploads\/2020\/12\/VIVO-VERSO-LUN.mp3\">https:\/\/www.radiopiu.net\/wordpress\/wp-content\/uploads\/2020\/12\/VIVO-VERSO-LUN.mp3<\/a><\/audio>\n<p>&nbsp;<\/p>\n<p align=\"LEFT\">\n<p align=\"LEFT\"><span style=\"color: #050505;\"> <span style=\"font-family: Verdana, sans-serif;\"><span style=\"font-size: large;\">NATALE 2020 <\/span><\/span><\/span><\/p>\n<p align=\"LEFT\"><span style=\"color: #050505;\"><span style=\"font-family: Verdana, sans-serif;\"><span style=\"font-size: large;\">Senza baci, senza abbracci,<\/span><\/span><\/span><\/p>\n<p align=\"LEFT\"><span style=\"color: #050505;\"><span style=\"font-family: Verdana, sans-serif;\"><span style=\"font-size: large;\">solo contatti rarefatti.<\/span><\/span><\/span><\/p>\n<p align=\"LEFT\"><span style=\"color: #050505;\"><span style=\"font-family: Verdana, sans-serif;\"><span style=\"font-size: large;\">Niente gioia e allegria,<\/span><\/span><\/span><\/p>\n<p align=\"LEFT\"><span style=\"color: #050505;\"><span style=\"font-family: Verdana, sans-serif;\"><span style=\"font-size: large;\">in questa triste pandemia !<\/span><\/span><\/span><\/p>\n<p align=\"LEFT\"><span style=\"color: #050505;\"><span style=\"font-family: Verdana, sans-serif;\"><span style=\"font-size: large;\">Ma&#8230;. arrivato \u00e8 il Natale,<\/span><\/span><\/span><\/p>\n<p align=\"LEFT\"><span style=\"color: #050505;\"><span style=\"font-family: Verdana, sans-serif;\"><span style=\"font-size: large;\">col suo dolce candor davvero speciale.<\/span><\/span><\/span><\/p>\n<p align=\"LEFT\"><span style=\"color: #050505;\"><span style=\"font-family: Verdana, sans-serif;\"><span style=\"font-size: large;\">Un Natale come gli altri, non sar\u00e0,<\/span><\/span><\/span><\/p>\n<p align=\"LEFT\"><span style=\"color: #050505;\"><span style=\"font-family: Verdana, sans-serif;\"><span style=\"font-size: large;\">ci sar\u00e0 incertezza&#8230;ci sar\u00e0 instabilit\u00e0.<\/span><\/span><\/span><\/p>\n<p align=\"LEFT\"><span style=\"color: #050505;\"><span style=\"font-family: Verdana, sans-serif;\"><span style=\"font-size: large;\">Regole e tradizioni sgretolate<\/span><\/span><\/span><\/p>\n<p align=\"LEFT\"><span style=\"color: #050505;\"><span style=\"font-family: Verdana, sans-serif;\"><span style=\"font-size: large;\">per nuove abitudini, tutte ovattate.<\/span><\/span><\/span><\/p>\n<p align=\"LEFT\"><span style=\"color: #050505;\"><span style=\"font-family: Verdana, sans-serif;\"><span style=\"font-size: large;\">Strade affollate, luci colorate,<\/span><\/span><\/span><\/p>\n<p align=\"LEFT\"><span style=\"color: #050505;\"><span style=\"font-family: Verdana, sans-serif;\"><span style=\"font-size: large;\">addobbi, aria di festa&#8230;..<\/span><\/span><\/span><\/p>\n<p align=\"LEFT\"><span style=\"color: #050505;\"><span style=\"font-family: Verdana, sans-serif;\"><span style=\"font-size: large;\">cos\u00ec era ieri&#8230;<\/span><\/span><\/span><\/p>\n<p align=\"LEFT\"><span style=\"color: #050505;\"><span style=\"font-family: Verdana, sans-serif;\"><span style=\"font-size: large;\">cos\u00ec \u00e8 nei nostri pensieri.<\/span><\/span><\/span><\/p>\n<p align=\"LEFT\"><span style=\"color: #050505;\"><span style=\"font-family: Verdana, sans-serif;\"><span style=\"font-size: large;\">Ma questo mondo disumano,<\/span><\/span><\/span><\/p>\n<p align=\"LEFT\"><span style=\"color: #050505;\"><span style=\"font-family: Verdana, sans-serif;\"><span style=\"font-size: large;\">tutto ha cambiato&#8230;&#8230;<\/span><\/span><\/span><\/p>\n<p align=\"LEFT\"><span style=\"color: #050505;\"><span style=\"font-family: Verdana, sans-serif;\"><span style=\"font-size: large;\">anche il Natale ha modificato!<\/span><\/span><\/span><\/p>\n<p align=\"LEFT\"><span style=\"color: #050505;\"><span style=\"font-family: Verdana, sans-serif;\"><span style=\"font-size: large;\">Lontani dagli affetti.<\/span><\/span><\/span><\/p>\n<p align=\"LEFT\"><span style=\"color: #050505;\"><span style=\"font-family: Verdana, sans-serif;\"><span style=\"font-size: large;\">negata la socialit\u00e0,<\/span><\/span><\/span><\/p>\n<p align=\"LEFT\"><span style=\"color: #050505;\"><span style=\"font-family: Verdana, sans-serif;\"><span style=\"font-size: large;\">un Natale molto virtuale sar\u00e0.<\/span><\/span><\/span><\/p>\n<p align=\"LEFT\"><span style=\"color: #050505;\"><span style=\"font-family: Verdana, sans-serif;\"><span style=\"font-size: large;\">Ma nella grotta nasce un bambinello..<\/span><\/span><\/span><\/p>\n<p align=\"LEFT\"><span style=\"color: #050505;\"><span style=\"font-family: Verdana, sans-serif;\"><span style=\"font-size: large;\">sorride e dice&#8230;<\/span><\/span><\/span><\/p>\n<p align=\"LEFT\"><span style=\"color: #050505;\"><span style=\"font-family: Verdana, sans-serif;\"><span style=\"font-size: large;\">&#8221; Il mondo pu\u00f2 essere ancora bello !<\/span><\/span><\/span><\/p>\n<p align=\"LEFT\"><span style=\"color: #050505;\"><span style=\"font-family: Verdana, sans-serif;\"><span style=\"font-size: large;\">Basta agire con il cuore<\/span><\/span><\/span><\/p>\n<p align=\"LEFT\"><span style=\"color: #050505;\"><span style=\"font-family: Verdana, sans-serif;\"><span style=\"font-size: large;\">e avremo un mondo felice e tanto amore ! &#8220;<\/span><\/span><\/span><\/p>\n","protected":false},"excerpt":{"rendered":"<p>AUDIO &nbsp; NATALE 2020 Senza baci, senza abbracci, solo contatti rarefatti. Niente gioia e allegria, in questa triste pandemia ! Ma&#8230;. arrivato \u00e8 il Natale, col suo dolce candor davvero speciale. Un Natale come gli altri, non sar\u00e0, ci sar\u00e0 incertezza&#8230;ci sar\u00e0 instabilit\u00e0. Regole e tradizioni sgretolate per nuove abitudini, tutte ovattate. Strade affollate, luci&hellip;<\/p>\n","protected":false},"author":4,"featured_media":180824,"comment_status":"closed","ping_status":"closed","sticky":false,"template":"","format":"standard","meta":{"_monsterinsights_skip_tracking":false,"_monsterinsights_sitenote_active":false,"_monsterinsights_sitenote_note":"","_monsterinsights_sitenote_category":0,"footnotes":""},"categories":[22,49],"tags":[],"class_list":["post-180885","post","type-post","status-publish","format-standard","has-post-thumbnail","hentry","category-invivoverso","category-news-18","category-22","category-49","description-off"],"img_url":"https:\/\/www.radiopiu.net\/wordpress\/wp-content\/uploads\/2020\/12\/FOTO-LAURA-D-ULIVO.jpg","_links":{"self":[{"href":"https:\/\/www.radiopiu.net\/wordpress\/wp-json\/wp\/v2\/posts\/180885","targetHints":{"allow":["GET"]}}],"collection":[{"href":"https:\/\/www.radiopiu.net\/wordpress\/wp-json\/wp\/v2\/posts"}],"about":[{"href":"https:\/\/www.radiopiu.net\/wordpress\/wp-json\/wp\/v2\/types\/post"}],"author":[{"embeddable":true,"href":"https:\/\/www.radiopiu.net\/wordpress\/wp-json\/wp\/v2\/users\/4"}],"replies":[{"embeddable":true,"href":"https:\/\/www.radiopiu.net\/wordpress\/wp-json\/wp\/v2\/comments?post=180885"}],"version-history":[{"count":0,"href":"https:\/\/www.radiopiu.net\/wordpress\/wp-json\/wp\/v2\/posts\/180885\/revisions"}],"wp:featuredmedia":[{"embeddable":true,"href":"https:\/\/www.radiopiu.net\/wordpress\/wp-json\/wp\/v2\/media\/180824"}],"wp:attachment":[{"href":"https:\/\/www.radiopiu.net\/wordpress\/wp-json\/wp\/v2\/media?parent=180885"}],"wp:term":[{"taxonomy":"category","embeddable":true,"href":"https:\/\/www.radiopiu.net\/wordpress\/wp-json\/wp\/v2\/categories?post=180885"},{"taxonomy":"post_tag","embeddable":true,"href":"https:\/\/www.radiopiu.net\/wordpress\/wp-json\/wp\/v2\/tags?post=180885"}],"curies":[{"name":"wp","href":"https:\/\/api.w.org\/{rel}","templated":true}]}}