{"id":180986,"date":"2020-12-22T05:57:11","date_gmt":"2020-12-22T04:57:11","guid":{"rendered":"https:\/\/www.radiopiu.net\/wordpress\/?p=180986"},"modified":"2020-12-22T06:03:14","modified_gmt":"2020-12-22T05:03:14","slug":"180986-2","status":"publish","type":"post","link":"https:\/\/www.radiopiu.net\/wordpress\/180986-2\/","title":{"rendered":"QUATTRO DECESSI NEGLI ULTIMI TRE GIORNI, 147 POSITIVI NELLE ULTIME 24 ORE"},"content":{"rendered":"<p>&nbsp;<\/p>\n<p><strong>BELLUNO<\/strong>\u00a0 Tra sabato e domenica\u00a0 <span style=\"font-size: medium;\">sono decedute 3 persone covid positive: una donna di 85 anni ricoverata in Pneumologia a Feltre, una donna di 77 anni ricoverata in geriatria Covid a Feltre, un uomo di 84 anni ricoverato in Pneumologia a Belluno, o<\/span><span style=\"font-size: medium;\">ggi \u00e8 deceduto un uomo covid positivo di 84 anni ricoverato in Geriatria a Belluno<\/span><\/p>\n<p>OGGI ALLE 17: nuovi positivi 147 (ultime 24 ore)<\/p>\n<p align=\"JUSTIFY\"><span style=\"font-size: medium;\">Le persone attualmente POSITIVE ricoverate negli ospedali dell\u2019Ulss Dolomiti sono<\/span>:<\/p>\n<table border=\"1\" width=\"652\" frame=\"HSIDES\" rules=\"GROUPS\" cellspacing=\"0\" cellpadding=\"7\">\n<tbody>\n<tr valign=\"TOP\">\n<td width=\"203\"><\/td>\n<td width=\"203\">\n<p align=\"JUSTIFY\"><span style=\"color: #365f91;\"><span style=\"font-size: medium;\"><b>Area NON CRITICA<\/b><\/span><\/span><\/p>\n<\/td>\n<td width=\"203\">\n<p align=\"JUSTIFY\"><span style=\"color: #365f91;\"><span style=\"font-size: medium;\"><b>Terapia Intensiva<\/b><\/span><\/span><\/p>\n<\/td>\n<\/tr>\n<\/tbody>\n<tbody>\n<tr valign=\"TOP\">\n<td bgcolor=\"#d3dfee\" width=\"203\">\n<p align=\"JUSTIFY\"><span style=\"color: #365f91;\"><span style=\"font-size: medium;\"><b>Ospedale di Belluno <\/b><\/span><\/span><\/p>\n<\/td>\n<td bgcolor=\"#d3dfee\" width=\"203\">\n<p align=\"CENTER\"><span style=\"color: #365f91;\"><span style=\"font-size: medium;\">59<\/span><\/span><\/p>\n<\/td>\n<td bgcolor=\"#d3dfee\" width=\"203\">\n<p align=\"CENTER\"><span style=\"color: #365f91;\"><span style=\"font-size: medium;\">6<\/span><\/span><\/p>\n<\/td>\n<\/tr>\n<tr valign=\"TOP\">\n<td bgcolor=\"#d3dfee\" width=\"203\">\n<p align=\"JUSTIFY\"><span style=\"color: #365f91;\"><span style=\"font-size: medium;\"><b>Ospedale di Feltre<\/b><\/span><\/span><\/p>\n<p align=\"JUSTIFY\"><span style=\"color: #365f91;\"><span style=\"font-size: medium;\"><b>Ospedale di Agordo<\/b><\/span><\/span><\/p>\n<\/td>\n<td bgcolor=\"#d3dfee\" width=\"203\">\n<p align=\"CENTER\"><span style=\"color: #365f91;\"><span style=\"font-size: medium;\">47<\/span><\/span><\/p>\n<p align=\"CENTER\"><span style=\"color: #365f91;\"><span style=\"font-size: medium;\">10<\/span><\/span><\/p>\n<\/td>\n<td bgcolor=\"#d3dfee\" width=\"203\">\n<p align=\"CENTER\"><span style=\"color: #365f91;\"><span style=\"font-size: medium;\">7<\/span><\/span><\/p>\n<\/td>\n<\/tr>\n<\/tbody>\n<\/table>\n<p align=\"JUSTIFY\"><span style=\"font-size: medium;\">Le persone attualmente POSITIVE <\/span>ricoverate in Ospedale di Comunit\u00e0 sono:<\/p>\n<table border=\"1\" width=\"652\" frame=\"HSIDES\" rules=\"GROUPS\" cellspacing=\"0\" cellpadding=\"7\">\n<tbody>\n<tr valign=\"TOP\">\n<td width=\"312\"><\/td>\n<td width=\"312\">\n<p align=\"JUSTIFY\"><span style=\"color: #76923c;\"><span style=\"font-size: medium;\"><b>pazienti attualmente positivi<\/b><\/span><\/span><\/p>\n<\/td>\n<\/tr>\n<\/tbody>\n<tbody>\n<tr valign=\"TOP\">\n<td bgcolor=\"#e6eed5\" width=\"312\" height=\"5\">\n<p align=\"JUSTIFY\"><span style=\"color: #76923c;\"><span style=\"font-size: medium;\"><b>Ospedale di Comunit\u00e0 ALANO<\/b><\/span><\/span><\/p>\n<\/td>\n<td bgcolor=\"#e6eed5\" width=\"312\">\n<p align=\"CENTER\"><span style=\"color: #76923c;\"><span style=\"font-size: medium;\">5<\/span><\/span><\/p>\n<\/td>\n<\/tr>\n<tr valign=\"TOP\">\n<td bgcolor=\"#e6eed5\" width=\"312\">\n<p align=\"JUSTIFY\"><span style=\"color: #76923c;\"><span style=\"font-size: medium;\"><b>Ospedale di Comunit\u00e0 AURONZO<\/b><\/span><\/span><\/p>\n<p align=\"JUSTIFY\"><span style=\"color: #76923c;\"><span style=\"font-size: medium;\"><b>Ospedale di Comunit\u00e0 di BELLUNO <\/b><\/span><\/span><\/p>\n<\/td>\n<td bgcolor=\"#e6eed5\" width=\"312\">\n<p align=\"CENTER\"><span style=\"color: #76923c;\"><span style=\"font-size: medium;\">4<\/span><\/span><\/p>\n<p align=\"CENTER\"><span style=\"color: #76923c;\"><span style=\"font-size: medium;\">19<\/span><\/span><\/p>\n<\/td>\n<\/tr>\n<tr valign=\"TOP\">\n<td bgcolor=\"#e6eed5\" width=\"312\">\n<p align=\"JUSTIFY\"><span style=\"color: #76923c;\"><span style=\"font-size: medium;\"><b>Ospedale di Comunit\u00e0 di FELTRE<\/b><\/span><\/span><\/p>\n<\/td>\n<td bgcolor=\"#e6eed5\" width=\"312\">\n<p align=\"CENTER\"><span style=\"color: #76923c;\"><span style=\"font-size: medium;\">12<\/span><\/span><\/p>\n<\/td>\n<\/tr>\n<\/tbody>\n<\/table>\n<p align=\"JUSTIFY\">\n<p>&nbsp;<\/p>\n<p>&nbsp;<\/p>\n<hr \/>\n<blockquote>\n<h3><\/h3>\n<h3>LA ULSS 1 DOLOMITI CONSIGLIA GLI ORARI SERALI PER I TAMPONI A BELLUNO DURANTE IL PERIODO NATALIZIO<\/h3>\n<\/blockquote>\n<p><strong>BELLUNO\u00a0<\/strong>Durante il periodo natalizio i tamponi ad accesso libero per l\u2019area del Bellunese sono concentrati al\u2019ospedale San Martino. Il drive-in di Sagrogna viene occasionalmente aperto per eseguire tamponi su prenotazione relativi al contesto scolastico. Si raccomanda ai cittadini che si recano all\u2019ospedale San Martino\u00a0 per eseguire i tamponi ad accesso libero di preferire le ore serali (vedi schema sotto riportato), ore nelle quali la viabilit\u00e0 \u00e8 pi\u00f9 fluida con minori attese.<\/p>\n<p><a href=\"https:\/\/www.radiopiu.net\/wordpress\/la-ulss-1-dolomiti-consiglia-gli-orari-serali-per-i-tamponi-a-belluno-durante-il-periodo-natalizio\/orari-tamponi\/\" rel=\"attachment wp-att-180864\"><img loading=\"lazy\" decoding=\"async\" class=\"alignnone wp-image-180864 size-full\" src=\"https:\/\/www.radiopiu.net\/wordpress\/wp-content\/uploads\/2020\/12\/ORARI-TAMPONI.png\" alt=\"\" width=\"1004\" height=\"575\" srcset=\"https:\/\/www.radiopiu.net\/wordpress\/wp-content\/uploads\/2020\/12\/ORARI-TAMPONI.png 1004w, https:\/\/www.radiopiu.net\/wordpress\/wp-content\/uploads\/2020\/12\/ORARI-TAMPONI-300x172.png 300w, https:\/\/www.radiopiu.net\/wordpress\/wp-content\/uploads\/2020\/12\/ORARI-TAMPONI-768x440.png 768w\" sizes=\"auto, (max-width: 1004px) 100vw, 1004px\" \/><\/a><\/p>\n<p>&nbsp;<\/p>\n<hr \/>\n<p>&nbsp;<\/p>\n<p>&nbsp;<\/p>\n<p>&nbsp;<\/p>\n<h3><a href=\"https:\/\/www.radiopiu.net\/wordpress\/giornale-radiopiu-22-dicembre-2020-direttore-mirko-mezzacasa\/foto-natale-2-1\/\" rel=\"attachment wp-att-180985\"><img loading=\"lazy\" decoding=\"async\" class=\"wp-image-180985 alignleft\" src=\"https:\/\/www.radiopiu.net\/wordpress\/wp-content\/uploads\/2020\/12\/foto-Natale-2-1-225x300.jpg\" alt=\"\" width=\"112\" height=\"149\" srcset=\"https:\/\/www.radiopiu.net\/wordpress\/wp-content\/uploads\/2020\/12\/foto-Natale-2-1-225x300.jpg 225w, https:\/\/www.radiopiu.net\/wordpress\/wp-content\/uploads\/2020\/12\/foto-Natale-2-1-768x1024.jpg 768w, https:\/\/www.radiopiu.net\/wordpress\/wp-content\/uploads\/2020\/12\/foto-Natale-2-1-1152x1536.jpg 1152w, https:\/\/www.radiopiu.net\/wordpress\/wp-content\/uploads\/2020\/12\/foto-Natale-2-1-1536x2048.jpg 1536w, https:\/\/www.radiopiu.net\/wordpress\/wp-content\/uploads\/2020\/12\/foto-Natale-2-1-scaled.jpg 1920w\" sizes=\"auto, (max-width: 112px) 100vw, 112px\" \/><\/a>LE INIZIATIVE DI NATALE<\/h3>\n<ul>\n<li>l&#8217;iniziativa delle cure palliative di Belluno, in collaborazione con la Cucchini, per un piccolo dono a tutti i pazienti terminali seguiti a domicilio in questo momento doppiamente difficile <a href=\"https:\/\/www.facebook.com\/Ulss1Dolomiti\/posts\/2900263096897178\">https:\/\/www.facebook.com\/Ulss1Dolomiti\/posts\/2900263096897178<\/a><\/li>\n<li><\/li>\n<li>i ringraziamenti degli istituti scolastici al team scuole del Dipartimento di Prevenzione per la fattiva collaborazione della gestione delle positivit\u00e0\/isolamenti delle classi <a href=\"https:\/\/www.facebook.com\/Ulss1Dolomiti\/posts\/2900426236880864\">https:\/\/www.facebook.com\/Ulss1Dolomiti\/posts\/2900426236880864<\/a><\/li>\n<\/ul>\n<p>&nbsp;<\/p>\n<p>&nbsp;<\/p>\n<p>&nbsp;<\/p>\n","protected":false},"excerpt":{"rendered":"<p>&nbsp; BELLUNO\u00a0 Tra sabato e domenica\u00a0 sono decedute 3 persone covid positive: una donna di 85 anni ricoverata in Pneumologia a Feltre, una donna di 77 anni ricoverata in geriatria Covid a Feltre, un uomo di 84 anni ricoverato in Pneumologia a Belluno, oggi \u00e8 deceduto un uomo covid positivo di 84 anni ricoverato in&hellip;<\/p>\n","protected":false},"author":4,"featured_media":121260,"comment_status":"closed","ping_status":"closed","sticky":false,"template":"","format":"standard","meta":{"_monsterinsights_skip_tracking":false,"_monsterinsights_sitenote_active":false,"_monsterinsights_sitenote_note":"","_monsterinsights_sitenote_category":0,"footnotes":""},"categories":[51,49],"tags":[],"class_list":["post-180986","post","type-post","status-publish","format-standard","has-post-thumbnail","hentry","category-evidenza-top","category-news-18","category-51","category-49","description-off"],"img_url":"https:\/\/www.radiopiu.net\/wordpress\/wp-content\/uploads\/2020\/03\/covid-ulss.jpg","_links":{"self":[{"href":"https:\/\/www.radiopiu.net\/wordpress\/wp-json\/wp\/v2\/posts\/180986","targetHints":{"allow":["GET"]}}],"collection":[{"href":"https:\/\/www.radiopiu.net\/wordpress\/wp-json\/wp\/v2\/posts"}],"about":[{"href":"https:\/\/www.radiopiu.net\/wordpress\/wp-json\/wp\/v2\/types\/post"}],"author":[{"embeddable":true,"href":"https:\/\/www.radiopiu.net\/wordpress\/wp-json\/wp\/v2\/users\/4"}],"replies":[{"embeddable":true,"href":"https:\/\/www.radiopiu.net\/wordpress\/wp-json\/wp\/v2\/comments?post=180986"}],"version-history":[{"count":0,"href":"https:\/\/www.radiopiu.net\/wordpress\/wp-json\/wp\/v2\/posts\/180986\/revisions"}],"wp:featuredmedia":[{"embeddable":true,"href":"https:\/\/www.radiopiu.net\/wordpress\/wp-json\/wp\/v2\/media\/121260"}],"wp:attachment":[{"href":"https:\/\/www.radiopiu.net\/wordpress\/wp-json\/wp\/v2\/media?parent=180986"}],"wp:term":[{"taxonomy":"category","embeddable":true,"href":"https:\/\/www.radiopiu.net\/wordpress\/wp-json\/wp\/v2\/categories?post=180986"},{"taxonomy":"post_tag","embeddable":true,"href":"https:\/\/www.radiopiu.net\/wordpress\/wp-json\/wp\/v2\/tags?post=180986"}],"curies":[{"name":"wp","href":"https:\/\/api.w.org\/{rel}","templated":true}]}}