{"id":181080,"date":"2020-12-22T10:44:55","date_gmt":"2020-12-22T09:44:55","guid":{"rendered":"https:\/\/www.radiopiu.net\/wordpress\/?p=181080"},"modified":"2020-12-22T10:47:19","modified_gmt":"2020-12-22T09:47:19","slug":"confartigianato-belluno-e-coldiretti-consegnano-al-vescovo-marangoni-una-statuina-artigianale%e2%80%a8","status":"publish","type":"post","link":"https:\/\/www.radiopiu.net\/wordpress\/confartigianato-belluno-e-coldiretti-consegnano-al-vescovo-marangoni-una-statuina-artigianale%e2%80%a8\/","title":{"rendered":"CONFARTIGIANATO BELLUNO E COLDIRETTI CONSEGNANO AL VESCOVO MARANGONI UNA STATUINA ARTIGIANALE\u2028"},"content":{"rendered":"<p><strong><a href=\"https:\/\/www.radiopiu.net\/wordpress\/confartigianato-belluno-e-coldiretti-consegnano-al-vescovo-marangoni-una-statuina-artigianale%e2%80%a8\/img_1546\/\" rel=\"attachment wp-att-181082\"><img loading=\"lazy\" decoding=\"async\" class=\"size-medium wp-image-181082 alignleft\" src=\"https:\/\/www.radiopiu.net\/wordpress\/wp-content\/uploads\/2020\/12\/IMG_1546-300x225.jpg\" alt=\"\" width=\"300\" height=\"225\" srcset=\"https:\/\/www.radiopiu.net\/wordpress\/wp-content\/uploads\/2020\/12\/IMG_1546-300x225.jpg 300w, https:\/\/www.radiopiu.net\/wordpress\/wp-content\/uploads\/2020\/12\/IMG_1546-1024x768.jpg 1024w, https:\/\/www.radiopiu.net\/wordpress\/wp-content\/uploads\/2020\/12\/IMG_1546-768x576.jpg 768w, https:\/\/www.radiopiu.net\/wordpress\/wp-content\/uploads\/2020\/12\/IMG_1546-1536x1152.jpg 1536w, https:\/\/www.radiopiu.net\/wordpress\/wp-content\/uploads\/2020\/12\/IMG_1546-2048x1536.jpg 2048w\" sizes=\"auto, (max-width: 300px) 100vw, 300px\" \/><\/a>BELLUNO\u00a0<\/strong>Confartigianato e Coldiretti hanno incontrato ieri pomeriggio, nella sede dell\u2019associazione artigiani, il vescovo di Belluno-Feltre, monsignor Renato Marangoni. E gli hanno donato una statuina del presepe raffigurante un\u2019infermiera, con guanti e mascherina. Erano presenti i presidenti delle due associazioni di categoria, Claudia Scarzanella e Alessandro De Rocco, oltre ai due direttori, Michele Basso e Michele Nenz, e la presidente di Anap (associazione nazionale artigiani pensionati) Antinesca De Pol. Il dono rientra nel progetto di valenza nazionale di Confartigianato intitolato \u201cIl futuro del presepe: comunit\u00e0 e nuovi mestieri\u201d, con cui tutte le strutture locali hanno omaggiato i vescovi delle varie diocesi italiane. La statuina arriva direttamente da Napoli, \u00e8 in terracotta ed \u00e8 stata realizzata a mano da un laboratorio artigianale di arte presepiale. \u00ab<em>Vuole essere un segno importante, di speranza &#8211; ha detto la presidente di Confartigianato Belluno, Claudia Scarzanella -. In un momento difficile, in cui \u00e8 facile inaridirsi e inasprire i conflitti, vogliamo lanciare un messaggio esattamente contrario, e dire che le difficolt\u00e0 possono e devono diventare risorse. \u00c8 per questo che tutte le Confartigianato lavorano insieme, come stanno lavorando incessantemente gli operatori della sanit\u00e0. <a href=\"https:\/\/www.radiopiu.net\/wordpress\/confartigianato-belluno-e-coldiretti-consegnano-al-vescovo-marangoni-una-statuina-artigianale%e2%80%a8\/img_1550\/\" rel=\"attachment wp-att-181083\"><img loading=\"lazy\" decoding=\"async\" class=\"size-medium wp-image-181083 alignright\" src=\"https:\/\/www.radiopiu.net\/wordpress\/wp-content\/uploads\/2020\/12\/IMG_1550-300x225.jpg\" alt=\"\" width=\"300\" height=\"225\" srcset=\"https:\/\/www.radiopiu.net\/wordpress\/wp-content\/uploads\/2020\/12\/IMG_1550-300x225.jpg 300w, https:\/\/www.radiopiu.net\/wordpress\/wp-content\/uploads\/2020\/12\/IMG_1550-1024x768.jpg 1024w, https:\/\/www.radiopiu.net\/wordpress\/wp-content\/uploads\/2020\/12\/IMG_1550-768x576.jpg 768w, https:\/\/www.radiopiu.net\/wordpress\/wp-content\/uploads\/2020\/12\/IMG_1550-1536x1152.jpg 1536w, https:\/\/www.radiopiu.net\/wordpress\/wp-content\/uploads\/2020\/12\/IMG_1550-2048x1536.jpg 2048w\" sizes=\"auto, (max-width: 300px) 100vw, 300px\" \/><\/a>La statuina rappresenta proprio un\u2019infermiera, simbolo della lotta al Covid. Ed \u00e8 frutto della laboriosit\u00e0 degli artigiani, che da sempre si rimboccano le maniche e superano le difficolt\u00e0. Per questo, riteniamo siano importantissimi, per la tenuta dei territori oggi e per la ripresa domani<\/em>\u00bb. \u00ab<em>Mi fa molto piacere partecipare a questa iniziativa con Confartigianato &#8211; le parole del presidente di Coldiretti Belluno, Alessandro De Rocco -. Loro sono artigiani dei materiali, noi del cibo: siamo due forze alla base della societ\u00e0 e vogliamo dare un messaggio di speranza per tutti, in un Natale insolito e per molti aspetti difficile<\/em>\u00bb. L\u2019infermiera Covid sar\u00e0 collocata nel presepe della cattedrale di Belluno. \u00ab<em>Vi ringrazio per questo dono, ma soprattutto per il messaggio contenuto in questa statuina &#8211; ha commentato il vescovo -. Che questo Natale sia di rinascita per tutti<\/em>\u00bb.<\/p>\n<p>&nbsp;<\/p>\n","protected":false},"excerpt":{"rendered":"<p>BELLUNO\u00a0Confartigianato e Coldiretti hanno incontrato ieri pomeriggio, nella sede dell\u2019associazione artigiani, il vescovo di Belluno-Feltre, monsignor Renato Marangoni. E gli hanno donato una statuina del presepe raffigurante un\u2019infermiera, con guanti e mascherina. Erano presenti i presidenti delle due associazioni di categoria, Claudia Scarzanella e Alessandro De Rocco, oltre ai due direttori, Michele Basso e Michele&hellip;<\/p>\n","protected":false},"author":4,"featured_media":181083,"comment_status":"closed","ping_status":"closed","sticky":false,"template":"","format":"standard","meta":{"_monsterinsights_skip_tracking":false,"_monsterinsights_sitenote_active":false,"_monsterinsights_sitenote_note":"","_monsterinsights_sitenote_category":0,"footnotes":""},"categories":[1,49],"tags":[],"class_list":["post-181080","post","type-post","status-publish","format-standard","has-post-thumbnail","hentry","category-senza-categoria","category-news-18","category-1","category-49","description-off"],"img_url":"https:\/\/www.radiopiu.net\/wordpress\/wp-content\/uploads\/2020\/12\/IMG_1550-scaled.jpg","_links":{"self":[{"href":"https:\/\/www.radiopiu.net\/wordpress\/wp-json\/wp\/v2\/posts\/181080","targetHints":{"allow":["GET"]}}],"collection":[{"href":"https:\/\/www.radiopiu.net\/wordpress\/wp-json\/wp\/v2\/posts"}],"about":[{"href":"https:\/\/www.radiopiu.net\/wordpress\/wp-json\/wp\/v2\/types\/post"}],"author":[{"embeddable":true,"href":"https:\/\/www.radiopiu.net\/wordpress\/wp-json\/wp\/v2\/users\/4"}],"replies":[{"embeddable":true,"href":"https:\/\/www.radiopiu.net\/wordpress\/wp-json\/wp\/v2\/comments?post=181080"}],"version-history":[{"count":0,"href":"https:\/\/www.radiopiu.net\/wordpress\/wp-json\/wp\/v2\/posts\/181080\/revisions"}],"wp:featuredmedia":[{"embeddable":true,"href":"https:\/\/www.radiopiu.net\/wordpress\/wp-json\/wp\/v2\/media\/181083"}],"wp:attachment":[{"href":"https:\/\/www.radiopiu.net\/wordpress\/wp-json\/wp\/v2\/media?parent=181080"}],"wp:term":[{"taxonomy":"category","embeddable":true,"href":"https:\/\/www.radiopiu.net\/wordpress\/wp-json\/wp\/v2\/categories?post=181080"},{"taxonomy":"post_tag","embeddable":true,"href":"https:\/\/www.radiopiu.net\/wordpress\/wp-json\/wp\/v2\/tags?post=181080"}],"curies":[{"name":"wp","href":"https:\/\/api.w.org\/{rel}","templated":true}]}}