{"id":181087,"date":"2020-12-22T11:40:24","date_gmt":"2020-12-22T10:40:24","guid":{"rendered":"https:\/\/www.radiopiu.net\/wordpress\/?p=181087"},"modified":"2020-12-22T11:40:24","modified_gmt":"2020-12-22T10:40:24","slug":"a-rischio-quasi-8-miliardi-di-esportazioni-lallarme-dei-giovani-imprenditori-di-confapi-veneto","status":"publish","type":"post","link":"https:\/\/www.radiopiu.net\/wordpress\/a-rischio-quasi-8-miliardi-di-esportazioni-lallarme-dei-giovani-imprenditori-di-confapi-veneto\/","title":{"rendered":"A RISCHIO QUASI 8 MILIARDI DI ESPORTAZIONI. L\u2019ALLARME DEI GIOVANI IMPRENDITORI DI CONFAPI VENETO"},"content":{"rendered":"<p><strong><a href=\"https:\/\/www.radiopiu.net\/wordpress\/a-rischio-quasi-8-miliardi-di-esportazioni-lallarme-dei-giovani-imprenditori-di-confapi-veneto\/morello_ritter\/\" rel=\"attachment wp-att-181089\"><img loading=\"lazy\" decoding=\"async\" class=\"size-medium wp-image-181089 alignleft\" src=\"https:\/\/www.radiopiu.net\/wordpress\/wp-content\/uploads\/2020\/12\/Morello_Ritter-300x300.jpg\" alt=\"\" width=\"300\" height=\"300\" srcset=\"https:\/\/www.radiopiu.net\/wordpress\/wp-content\/uploads\/2020\/12\/Morello_Ritter-300x300.jpg 300w, https:\/\/www.radiopiu.net\/wordpress\/wp-content\/uploads\/2020\/12\/Morello_Ritter-150x150.jpg 150w, https:\/\/www.radiopiu.net\/wordpress\/wp-content\/uploads\/2020\/12\/Morello_Ritter.jpg 512w\" sizes=\"auto, (max-width: 300px) 100vw, 300px\" \/><\/a>VENEZIA<\/strong> Tra pochi giorni arriver\u00e0 il nuovo anno, carico di aspettative. Eppure sappiamo gi\u00e0 che, molto probabilmente, il 2021 sar\u00e0 un anno di transizione pi\u00f9 che di reale ripresa. \u00abNel dirlo siamo facili profeti, purtroppo. Non a caso, l\u2019ultimo bollettino diramato dall\u2019Istat e dedicato alle \u201c<em>Prospettive per l\u2019economia italiana\u201d prevede che\u00a0il 2020 del nostro Paese si chiuda con una marcata contrazione del Pil (-8,9%), per poi poter contare su un effetto \u201crimbalzo\u201d solo parziale nei dodici mesi successivi, quando dovrebbe risalire del 4,0%<\/em>\u00bb, dichiara\u00a0Jonathan Morello Ritter, presidente dei Giovani imprenditori di Confapi Veneto. \u00ab<em>Ebbene, di fronte a questo scenario, ritengo che sia certamente necessario da parte del Governo non solo stanziare risorse, ma anche calendarizzare la loro disponibilit\u00e0. Perch\u00e9 \u00e8 proprio questo il punto: ad oggi gli aiuti alle imprese per la ripartenza devono ancora arrivare e, alla luce di questa constatazione, quelli ipotizzati per l\u2019anno prossimo finiscono con l\u2019assumere la parvenza di un miraggio<\/em>\u00bb.\u00a0\u00ab<em>Attenzione<\/em>\u00bb, prosegue Morello Ritter nella sua riflessione, \u00ab<em>Cassa integrazione e fondi contenuti nei vari decreti Ristoro che si sono susseguiti servono a contenere le perdite, ma non sono risorse per il rilancio, questo deve essere chiaro. Lo sono, al contrario, gli strumenti messi in campo da Sace Simest, che ha mobilitato interventi per 4 miliardi di euro attraverso il Piano per la promozione del Made in Italy.\u00a0Ecco, se parliamo di \u201crilancio\u201d, \u00e8 proprio sull\u2019export che dobbiamo soffermarci. Perch\u00e9 le ripercussioni di quel -8,9% nel Pil saranno pesantissime soprattutto per le aziende che vivono di esportazioni. Tante, tantissime. Anche in Veneto, non per niente la terza regione d\u2019Italia fra quelle che commerciano di pi\u00f9 con l\u2019estero, con un\u2019incidenza pari al 13,5% sul totale nazionale<\/em>\u00bb. Anche questi sono numeri che vale la pena di ricordare, per capire meglio di cosa stiamo parlando: le imprese venete nel 2019 hanno esportato beni per un valore di 64,5 miliardi di euro, l\u2019export incide per quasi il 40% del Pil regionale. E tra i settori pi\u00f9 coinvolti ci sono \u201cmeccanica industriale\u201d (che pesa per il 20% delle esportazioni complessive), \u201ctessile e abbigliamento\u201d (17%), e \u201caltra manifattura\u201d (14%). Ne consegue una presa di posizione netta: \u00ab<em>Per questo al Governo chiediamo pi\u00f9 coraggio, contatti pi\u00f9 stretti e continui con le aziende esportatrici e di avviare azioni concrete per l\u2019internazionalizzazione, gi\u00e0 nella manovra alle porte. Non solo prorogando i prestiti garantiti da Sace Simest e dal Fondo Pmi, ma anche avviando azioni che assicurino un utilizzo fattivo delle risorse stanziate e, appunto, calendarizzandole sul serio. Noi imprenditori siamo pronti a fare la nostra parte per ripartire, gi\u00e0 nel 2021. Non lasciateci soli<\/em>\u00bb.<\/p>\n","protected":false},"excerpt":{"rendered":"<p>VENEZIA Tra pochi giorni arriver\u00e0 il nuovo anno, carico di aspettative. Eppure sappiamo gi\u00e0 che, molto probabilmente, il 2021 sar\u00e0 un anno di transizione pi\u00f9 che di reale ripresa. \u00abNel dirlo siamo facili profeti, purtroppo. Non a caso, l\u2019ultimo bollettino diramato dall\u2019Istat e dedicato alle \u201cProspettive per l\u2019economia italiana\u201d prevede che\u00a0il 2020 del nostro Paese&hellip;<\/p>\n","protected":false},"author":4,"featured_media":181089,"comment_status":"closed","ping_status":"closed","sticky":false,"template":"","format":"standard","meta":{"_monsterinsights_skip_tracking":false,"_monsterinsights_sitenote_active":false,"_monsterinsights_sitenote_note":"","_monsterinsights_sitenote_category":0,"footnotes":""},"categories":[49],"tags":[],"class_list":["post-181087","post","type-post","status-publish","format-standard","has-post-thumbnail","hentry","category-news-18","category-49","description-off"],"img_url":"https:\/\/www.radiopiu.net\/wordpress\/wp-content\/uploads\/2020\/12\/Morello_Ritter.jpg","_links":{"self":[{"href":"https:\/\/www.radiopiu.net\/wordpress\/wp-json\/wp\/v2\/posts\/181087","targetHints":{"allow":["GET"]}}],"collection":[{"href":"https:\/\/www.radiopiu.net\/wordpress\/wp-json\/wp\/v2\/posts"}],"about":[{"href":"https:\/\/www.radiopiu.net\/wordpress\/wp-json\/wp\/v2\/types\/post"}],"author":[{"embeddable":true,"href":"https:\/\/www.radiopiu.net\/wordpress\/wp-json\/wp\/v2\/users\/4"}],"replies":[{"embeddable":true,"href":"https:\/\/www.radiopiu.net\/wordpress\/wp-json\/wp\/v2\/comments?post=181087"}],"version-history":[{"count":0,"href":"https:\/\/www.radiopiu.net\/wordpress\/wp-json\/wp\/v2\/posts\/181087\/revisions"}],"wp:featuredmedia":[{"embeddable":true,"href":"https:\/\/www.radiopiu.net\/wordpress\/wp-json\/wp\/v2\/media\/181089"}],"wp:attachment":[{"href":"https:\/\/www.radiopiu.net\/wordpress\/wp-json\/wp\/v2\/media?parent=181087"}],"wp:term":[{"taxonomy":"category","embeddable":true,"href":"https:\/\/www.radiopiu.net\/wordpress\/wp-json\/wp\/v2\/categories?post=181087"},{"taxonomy":"post_tag","embeddable":true,"href":"https:\/\/www.radiopiu.net\/wordpress\/wp-json\/wp\/v2\/tags?post=181087"}],"curies":[{"name":"wp","href":"https:\/\/api.w.org\/{rel}","templated":true}]}}