{"id":181184,"date":"2020-12-23T05:40:04","date_gmt":"2020-12-23T04:40:04","guid":{"rendered":"https:\/\/www.radiopiu.net\/wordpress\/?p=181184"},"modified":"2020-12-23T06:02:07","modified_gmt":"2020-12-23T05:02:07","slug":"storia-losteria-di-mezcanal-di-luisa-manfroi","status":"publish","type":"post","link":"https:\/\/www.radiopiu.net\/wordpress\/storia-losteria-di-mezcanal-di-luisa-manfroi\/","title":{"rendered":"STORIA: L&#8217;OSTERIA DI MEZCANAL, di Luisa Manfroi"},"content":{"rendered":"<p><strong>AUDIO<\/strong><\/p>\n<audio class=\"wp-audio-shortcode\" id=\"audio-181184-1\" preload=\"none\" style=\"width: 100%;\" controls=\"controls\"><source type=\"audio\/mpeg\" src=\"https:\/\/www.radiopiu.net\/wordpress\/wp-content\/uploads\/2020\/12\/LUISA.mp3?_=1\" \/><a href=\"https:\/\/www.radiopiu.net\/wordpress\/wp-content\/uploads\/2020\/12\/LUISA.mp3\">https:\/\/www.radiopiu.net\/wordpress\/wp-content\/uploads\/2020\/12\/LUISA.mp3<\/a><\/audio>\n<p>&nbsp;<\/p>\n<p><strong><a href=\"https:\/\/www.radiopiu.net\/wordpress\/storia-losteria-di-mezcanal-di-luisa-manfroi\/i-resti-dellosteria-di-mez-canal-verso-fine-anni-cinquanta-primi-sessanta-2\/\" rel=\"attachment wp-att-181185\"><img loading=\"lazy\" decoding=\"async\" class=\"size-medium wp-image-181185 alignleft\" src=\"https:\/\/www.radiopiu.net\/wordpress\/wp-content\/uploads\/2020\/12\/I-resti-dellosteria-di-Mez-Canal-verso-fine-anni-Cinquanta-primi-Sessanta-2-300x200.jpg\" alt=\"\" width=\"300\" height=\"200\" srcset=\"https:\/\/www.radiopiu.net\/wordpress\/wp-content\/uploads\/2020\/12\/I-resti-dellosteria-di-Mez-Canal-verso-fine-anni-Cinquanta-primi-Sessanta-2-300x200.jpg 300w, https:\/\/www.radiopiu.net\/wordpress\/wp-content\/uploads\/2020\/12\/I-resti-dellosteria-di-Mez-Canal-verso-fine-anni-Cinquanta-primi-Sessanta-2.jpg 612w\" sizes=\"auto, (max-width: 300px) 100vw, 300px\" \/><\/a>CENCENIGHE\u00a0<\/strong> <span style=\"color: #000000;\"><span style=\"font-family: Liberation Serif, Times New Roman, serif;\"><span style=\"font-size: medium;\"><span style=\"font-family: Arial, sans-serif;\">Pochi muri che di anno in anno la vegetazione nasconde alla vista ma non al cuore di chi sa che in quel luogo una volta c&#8217;erano voci, lavoro operoso e vita. \u00c8 tutto ci\u00f2 che rimane della casa-osteria di Mezzocanale (\u201c<\/span><span style=\"font-family: Arial, sans-serif;\">Mezcanal\u201d<\/span><span style=\"font-family: Arial, sans-serif;\">), uno dei pi\u00f9 piccoli abitati di Cencenighe, termine pi\u00f9 calzante visto che frazione o villaggio sarebbe una definizione troppo ampia per questa localit\u00e0 situata all&#8217;estremo del paese, a tre chilometri da Ghirlo, nella stretta del Cordevole e prossima al confine con Taibon. Ma non \u00e8 solo la vegetazione ad occultare quei luoghi. <\/span><span style=\"font-family: Arial, sans-serif;\"><span lang=\"it-IT\">Da diversi anni<\/span><\/span><span style=\"font-family: Arial, sans-serif;\"> la viabilit\u00e0 \u00e8 concentrata nella galleria Listolade-Cencenighe e prima che Vaia lo rendesse impraticabile in alcuni punti, il vecchio tratto ciclo-pedonale della strada 203 Agordina, che costeggia il torrente, permetteva di passare proprio per Mezzocanale, scorgendo i resti del caseggiato. Per vederlo pieno di vita adesso ci vuole uno sforzo di immaginazione ma viene in aiuto la breve descrizione particolareggiata di Ottone Bre<\/span><span style=\"font-family: Arial, sans-serif;\"><span lang=\"it-IT\">ntari<\/span><\/span><span style=\"font-family: Arial, sans-serif;\"> nella sua \u201cGuida alpina\u201d del 1887: &#8220;Nella chiusa del Cordevole, nei passati secoli, un fortilizio di semplice muro a secco e travi chiudeva il passo e divideva il capitanato di Agordo in due corpi federativi, cio\u00e8 comunit\u00e0 di Sottochiusa con tredici regole e quella di Soprachiusa con dieci regole o vicinie. La valle comincia quindi ad abbellirsi di conifere sulla destra del torrente e la strada va abbassandosi sul letto di questo; da destra si interna nelle pareti del Pelsa (che strapiombano umide, nere e minacciose) una stretta spaccatura, dalla quale cavano pietre da fabbrica ed altre cave sono pi\u00f9 avanti come pure di fronte di l\u00e0 dal Cordevole. La valle comincia ad allargarsi e a nord-ovest si vede sempre pi\u00f9 verdeggiare e sorridere la china che scende sullo sperone orientale del Monte Sansone (Cima Pape). Dopo una breve salita e piccola svolta si \u00e8 alla osteria di Mezzocanale, con vino liquori e tettoia per gli animali. Il letto del torrente \u00e8 largo e ghiaioso e ha nel suo mezzo un&#8217;isoletta boscata&#8221;. <\/span><span style=\"font-family: Arial, sans-serif;\"><span lang=\"it-IT\">Lo stesso ambiente <\/span><\/span><span style=\"font-family: Arial, sans-serif;\"> deve avere visto pure un decennio prima Amelia Edwards nel suo vagabondaggio di mezza estate nelle Dolomiti. La viaggiatrice inglese rimase colpita dai &#8220;massi enormi e dalla strada continuamente tagliata da immense barricate di detriti e dalle croci in memoria di improvvise e tragiche morti&#8221;. D\u2019inverno, poi, questi posti d<\/span><span style=\"font-family: Arial, sans-serif;\"><span lang=\"it-IT\">ovevano<\/span><\/span><span style=\"font-family: Arial, sans-serif;\"> fare i conti con le \u201clev\u00ecne\u201d che si staccavano da entrambi i versanti, quello delle Pale e quello del Pelsa. Si deve immaginare una strada trafficata da carri, carrozze, cavalli, muli e gente a piedi diretta da e per Agordo o per le altre localit\u00e0 del Bellunese. Un&#8217;osteria e una tettoia per gli animali avrebbe offerto una sosta salutare per i viandanti. A questo, probabilmente, pens\u00f2 chi per primo costru\u00ec questo edificio che fungeva da esercizio e da abitazione. Circa l<\/span><span style=\"font-family: Arial, sans-serif;\"><span lang=\"it-IT\">a fabbricazione<\/span><\/span><span style=\"font-family: Arial, sans-serif;\"> del caseggiato, al momento non si hanno notizie certe. Si sa comunque che Andrea Manfroi e la moglie Lucia Fontanive, dopo un periodo di emigrazione a Venezia, si stabilirono a Mezzocanale tra il 1861-1863. Lo dimostra la nascita di dodici dei tredici figli della coppia venuti al mondo proprio in questa localit\u00e0. Fra questi, Pacifico Carlo Manfroi, nato nel 1876 che nel 1904 spos\u00f2 a <\/span><em><span style=\"font-family: Arial, sans-serif;\">Rorschach<\/span><\/em><span style=\"font-family: Arial, sans-serif;\">, in Svizzera, Vincenza Soppelsa, di Coi, classe 1881. Fu lui, insieme alla moglie, a portare avanti l&#8217;osteria di Mezzocanale tanto che Vincenza assunse l&#8217;appellativo di &#8220;Cencia da Mezcanal&#8221;, di professione ostessa. Lavoro ce n&#8217;era, eccome, tanto da dover affidarsi all&#8217;aiuto di ragazze delle vicinanze per tenere la numerosa prole (una quindicina di figli) che nel frattempo era nata. Prati segativi e qualche albero da frutto costeggiavano la strada rendendo l\u2019ambiente alquanto diverso da quello <\/span><span style=\"font-family: Arial, sans-serif;\"><span lang=\"it-IT\">odierno<\/span><\/span><span style=\"font-family: Arial, sans-serif;\">. Passarono pure gli anni della prima guerra mondiale con il via vai di truppe e soldati. Ma dopo <\/span><span style=\"font-family: Arial, sans-serif;\"><span lang=\"it-IT\">il conflitto<\/span><\/span><span style=\"font-family: Arial, sans-serif;\"> le cose cambiarono. Il proprietario Pacifico Carlo mor\u00ec nella prima met\u00e0 degli anni Venti e la \u201cCencia\u201d, rimasta da sola e con figli ancora piccoli, prese la decisione di chiudere l\u2019esercizio ed emigrare. La famiglia si trasfer\u00ec a Bovisio Masciago, nell\u2019attuale provincia di Monza e Brianza dove la \u201cCencia\u201d si spense nell\u2019agosto 1968. I figli della coppia proseguirono la vita lontano da Cencenighe ma molti di loro non dimenticarono le origini tramandando i ricordi e tornando in paese quando era possibile. A sua volta alcuni dei loro figli e nipoti, non rinunciarono a trascorrere qualche giorno a Cencenighe assistendo anno dopo anno al deperimento del caseggiato, ex \u201costeria e tettoia per gli animali\u201d, di Mezcanal, come dimostra la foto scattata intorno agli anni Cinquanta-Sessanta dal nipote Walter. Al resto contribu\u00ec una cinquantina di anni fa, la costruzione pi\u00f9 in alto della strada e del paravalanghe che comport\u00f2 modifiche all\u2019ambiente. Tuttora, il ricordo e l\u2019affetto per quell\u2019osteria rimane vivo e viene tramandato da una dei tanti pronipoti, Sabina, che tutti gli anni viene a Cencenighe e non manca di fare una passeggiata fino a Mezocanal per far visita ai ruderi della vecchia casa e osteria un tempo animata dalle voci dei bambini e degli avventori che si fermavano per una sosta.<\/span><\/span><\/span><\/span><\/p>\n","protected":false},"excerpt":{"rendered":"<p>AUDIO &nbsp; CENCENIGHE\u00a0 Pochi muri che di anno in anno la vegetazione nasconde alla vista ma non al cuore di chi sa che in quel luogo una volta c&#8217;erano voci, lavoro operoso e vita. \u00c8 tutto ci\u00f2 che rimane della casa-osteria di Mezzocanale (\u201cMezcanal\u201d), uno dei pi\u00f9 piccoli abitati di Cencenighe, termine pi\u00f9 calzante visto&hellip;<\/p>\n","protected":false},"author":4,"featured_media":181185,"comment_status":"closed","ping_status":"closed","sticky":false,"template":"","format":"standard","meta":{"_monsterinsights_skip_tracking":false,"_monsterinsights_sitenote_active":false,"_monsterinsights_sitenote_note":"","_monsterinsights_sitenote_category":0,"footnotes":""},"categories":[104,49],"tags":[],"class_list":["post-181184","post","type-post","status-publish","format-standard","has-post-thumbnail","hentry","category-evidenza_3","category-news-18","category-104","category-49","description-off"],"img_url":"https:\/\/www.radiopiu.net\/wordpress\/wp-content\/uploads\/2020\/12\/I-resti-dellosteria-di-Mez-Canal-verso-fine-anni-Cinquanta-primi-Sessanta-2.jpg","_links":{"self":[{"href":"https:\/\/www.radiopiu.net\/wordpress\/wp-json\/wp\/v2\/posts\/181184","targetHints":{"allow":["GET"]}}],"collection":[{"href":"https:\/\/www.radiopiu.net\/wordpress\/wp-json\/wp\/v2\/posts"}],"about":[{"href":"https:\/\/www.radiopiu.net\/wordpress\/wp-json\/wp\/v2\/types\/post"}],"author":[{"embeddable":true,"href":"https:\/\/www.radiopiu.net\/wordpress\/wp-json\/wp\/v2\/users\/4"}],"replies":[{"embeddable":true,"href":"https:\/\/www.radiopiu.net\/wordpress\/wp-json\/wp\/v2\/comments?post=181184"}],"version-history":[{"count":0,"href":"https:\/\/www.radiopiu.net\/wordpress\/wp-json\/wp\/v2\/posts\/181184\/revisions"}],"wp:featuredmedia":[{"embeddable":true,"href":"https:\/\/www.radiopiu.net\/wordpress\/wp-json\/wp\/v2\/media\/181185"}],"wp:attachment":[{"href":"https:\/\/www.radiopiu.net\/wordpress\/wp-json\/wp\/v2\/media?parent=181184"}],"wp:term":[{"taxonomy":"category","embeddable":true,"href":"https:\/\/www.radiopiu.net\/wordpress\/wp-json\/wp\/v2\/categories?post=181184"},{"taxonomy":"post_tag","embeddable":true,"href":"https:\/\/www.radiopiu.net\/wordpress\/wp-json\/wp\/v2\/tags?post=181184"}],"curies":[{"name":"wp","href":"https:\/\/api.w.org\/{rel}","templated":true}]}}