{"id":181223,"date":"2020-12-24T03:58:09","date_gmt":"2020-12-24T02:58:09","guid":{"rendered":"https:\/\/www.radiopiu.net\/wordpress\/?p=181223"},"modified":"2020-12-24T05:51:03","modified_gmt":"2020-12-24T04:51:03","slug":"gruppo-assistenza-volontari-agordo-gli-auguri-alla-radio","status":"publish","type":"post","link":"https:\/\/www.radiopiu.net\/wordpress\/gruppo-assistenza-volontari-agordo-gli-auguri-alla-radio\/","title":{"rendered":"GRUPPO ASSISTENZA VOLONTARI AGORDO, GLI AUGURI ALLA RADIO"},"content":{"rendered":"<blockquote>\n<h2><\/h2>\n<\/blockquote>\n<p align=\"JUSTIFY\"><strong><a href=\"https:\/\/www.radiopiu.net\/wordpress\/giornale-radiopiu-23-dicembre-2020-direttore-mirko-mezzacasa\/sisto-27\/\" rel=\"attachment wp-att-181222\"><img loading=\"lazy\" decoding=\"async\" class=\" wp-image-181222 alignleft\" src=\"https:\/\/www.radiopiu.net\/wordpress\/wp-content\/uploads\/2020\/12\/SISTO-300x165.jpg\" alt=\"\" width=\"127\" height=\"70\" srcset=\"https:\/\/www.radiopiu.net\/wordpress\/wp-content\/uploads\/2020\/12\/SISTO-300x165.jpg 300w, https:\/\/www.radiopiu.net\/wordpress\/wp-content\/uploads\/2020\/12\/SISTO.jpg 620w\" sizes=\"auto, (max-width: 127px) 100vw, 127px\" \/><\/a>AGORDO<\/strong> In questi tempi era tradizione, per il Gruppo Assistenza Volontaria di Agordo, trovarsi per uno scambio di auguri in occasione delle prossime festivit\u00e0 e per ringraziare i volontari per il servizio reso alla nostra comunit\u00e0.La situazione contingente, quest\u2019anno, non lo consente pertanto il Consiglio Direttivo approfitta di Radio Pi\u00f9, presenza fondamentale nella nostra societ\u00e0 agordina, per far giungere nelle case degli associati e delle loro famiglie, degli amici, che abbiamo conosciuto nel nostro servizio, e dei loro familiari, degli operatori socio sanitari e dei loro conviventi, ma pure di tutta la popolazione della nostra vallata, i pi\u00f9 sinceri e sentiti auguri per un Natale che possa essere il pi\u00f9 sereno possibile e per un 2021 che possa regalare &#8211; dopo tante sofferenze, dolori, difficolt\u00e0 &#8211; pace, tranquillit\u00e0, gioia in <a href=\"https:\/\/www.radiopiu.net\/wordpress\/giornale-radiopiu-23-dicembre-2020-direttore-mirko-mezzacasa\/download-1058\/\" rel=\"attachment wp-att-181221\"><img loading=\"lazy\" decoding=\"async\" class=\"size-full wp-image-181221 alignright\" src=\"https:\/\/www.radiopiu.net\/wordpress\/wp-content\/uploads\/2020\/12\/download-37.jpg\" alt=\"\" width=\"300\" height=\"168\" \/><\/a>ogni famiglia agordina. Di nuovo un grande grazie a tutti i nostri volontari e alla Direzione di Radio Pi\u00f9 per la disponibilit\u00e0 e l\u2019opportunit\u00e0 concessaci. Buon Natale e che il prossimo anno sia ricco di momenti felici perch\u00e9, come scriveva Alda Merini: <span style=\"color: #222222;\"><span style=\"font-family: Verdana, serif;\"><span style=\"font-size: small;\"><b>Ci\u00f2 che rimane nella vita non sono i doni materiali ma i ricordi dei momenti che hai vissuto e ti hanno fatto felice. La tua ricchezza non \u00e8 chiusa in una cassaforte, ma nella tua mente. \u00c8 nelle emozioni che hai provato dentro la tua anima.<\/b><\/span><\/span><\/span><\/p>\n<p>Sisto Da Roit<\/p>\n","protected":false},"excerpt":{"rendered":"<p>AGORDO In questi tempi era tradizione, per il Gruppo Assistenza Volontaria di Agordo, trovarsi per uno scambio di auguri in occasione delle prossime festivit\u00e0 e per ringraziare i volontari per il servizio reso alla nostra comunit\u00e0.La situazione contingente, quest\u2019anno, non lo consente pertanto il Consiglio Direttivo approfitta di Radio Pi\u00f9, presenza fondamentale nella nostra societ\u00e0&hellip;<\/p>\n","protected":false},"author":4,"featured_media":181222,"comment_status":"closed","ping_status":"closed","sticky":false,"template":"","format":"standard","meta":{"_monsterinsights_skip_tracking":false,"_monsterinsights_sitenote_active":false,"_monsterinsights_sitenote_note":"","_monsterinsights_sitenote_category":0,"footnotes":""},"categories":[1,104,49],"tags":[],"class_list":["post-181223","post","type-post","status-publish","format-standard","has-post-thumbnail","hentry","category-senza-categoria","category-evidenza_3","category-news-18","category-1","category-104","category-49","description-off"],"img_url":"https:\/\/www.radiopiu.net\/wordpress\/wp-content\/uploads\/2020\/12\/SISTO.jpg","_links":{"self":[{"href":"https:\/\/www.radiopiu.net\/wordpress\/wp-json\/wp\/v2\/posts\/181223","targetHints":{"allow":["GET"]}}],"collection":[{"href":"https:\/\/www.radiopiu.net\/wordpress\/wp-json\/wp\/v2\/posts"}],"about":[{"href":"https:\/\/www.radiopiu.net\/wordpress\/wp-json\/wp\/v2\/types\/post"}],"author":[{"embeddable":true,"href":"https:\/\/www.radiopiu.net\/wordpress\/wp-json\/wp\/v2\/users\/4"}],"replies":[{"embeddable":true,"href":"https:\/\/www.radiopiu.net\/wordpress\/wp-json\/wp\/v2\/comments?post=181223"}],"version-history":[{"count":0,"href":"https:\/\/www.radiopiu.net\/wordpress\/wp-json\/wp\/v2\/posts\/181223\/revisions"}],"wp:featuredmedia":[{"embeddable":true,"href":"https:\/\/www.radiopiu.net\/wordpress\/wp-json\/wp\/v2\/media\/181222"}],"wp:attachment":[{"href":"https:\/\/www.radiopiu.net\/wordpress\/wp-json\/wp\/v2\/media?parent=181223"}],"wp:term":[{"taxonomy":"category","embeddable":true,"href":"https:\/\/www.radiopiu.net\/wordpress\/wp-json\/wp\/v2\/categories?post=181223"},{"taxonomy":"post_tag","embeddable":true,"href":"https:\/\/www.radiopiu.net\/wordpress\/wp-json\/wp\/v2\/tags?post=181223"}],"curies":[{"name":"wp","href":"https:\/\/api.w.org\/{rel}","templated":true}]}}