{"id":181229,"date":"2020-12-23T05:52:34","date_gmt":"2020-12-23T04:52:34","guid":{"rendered":"https:\/\/www.radiopiu.net\/wordpress\/?p=181229"},"modified":"2020-12-23T05:56:30","modified_gmt":"2020-12-23T04:56:30","slug":"due-decessi-nelle-ultime-24-ore-nella-ulss-dolomiti","status":"publish","type":"post","link":"https:\/\/www.radiopiu.net\/wordpress\/due-decessi-nelle-ultime-24-ore-nella-ulss-dolomiti\/","title":{"rendered":"DUE DECESSI NELLE ULTIME 24 ORE NELLA ULSS DOLOMITI"},"content":{"rendered":"<p>&nbsp;<\/p>\n<p><strong>BELLUNO\u00a0<\/strong> Nelle ultime 24 ore sono decedute due persone covid positive: una donna di 84 anni ricoverata in Pneumologia a Belluno e un uomo di 69 anni ricoverato in Rianimazione a Belluno<\/p>\n<p>NUOVI POSITIVI, 246<\/p>\n<p>Le persone attualmente POSITIVE ricoverate negli ospedali dell\u2019Ulss Dolomiti sono:<\/p>\n<table>\n<tbody>\n<tr>\n<td width=\"217\"><strong>\u00a0<\/strong><\/td>\n<td width=\"217\"><strong>Area NON CRITICA<\/strong><\/td>\n<td width=\"217\"><strong>Terapia Intensiva<\/strong><\/td>\n<\/tr>\n<tr>\n<td width=\"217\"><strong>Ospedale di Belluno <\/strong><\/td>\n<td width=\"217\">60<\/td>\n<td width=\"217\">7<\/td>\n<\/tr>\n<tr>\n<td width=\"217\"><strong>Ospedale di Feltre<\/strong><\/p>\n<p><strong>Ospedale di Agordo<\/strong><\/td>\n<td width=\"217\">48<\/p>\n<p>14<\/td>\n<td width=\"217\">7<\/td>\n<\/tr>\n<\/tbody>\n<\/table>\n<p>&nbsp;<\/p>\n<p>Le persone attualmente POSITIVE ricoverate in Ospedale di Comunit\u00e0 sono:<\/p>\n<table>\n<tbody>\n<tr>\n<td width=\"326\"><strong>\u00a0<\/strong><\/td>\n<td width=\"326\"><strong>pazienti attualmente positivi<\/strong><\/td>\n<\/tr>\n<tr>\n<td width=\"326\"><strong>Ospedale di Comunit\u00e0 ALANO<\/strong><\/td>\n<td width=\"326\">6<\/td>\n<\/tr>\n<tr>\n<td width=\"326\"><strong>Ospedale di Comunit\u00e0 AURONZO<\/strong><\/p>\n<p><strong>Ospedale di Comunit\u00e0 di BELLUNO\u00a0\u00a0\u00a0\u00a0\u00a0\u00a0\u00a0\u00a0\u00a0\u00a0\u00a0\u00a0\u00a0\u00a0\u00a0\u00a0\u00a0\u00a0\u00a0\u00a0\u00a0\u00a0\u00a0\u00a0\u00a0\u00a0\u00a0\u00a0\u00a0\u00a0\u00a0\u00a0\u00a0\u00a0\u00a0\u00a0\u00a0\u00a0\u00a0\u00a0 <\/strong><\/td>\n<td width=\"326\">4<\/p>\n<p>20<\/td>\n<\/tr>\n<tr>\n<td width=\"326\"><strong>Ospedale di Comunit\u00e0 di FELTRE<\/strong><\/td>\n<td width=\"326\">14<\/td>\n<\/tr>\n<\/tbody>\n<\/table>\n<p>&nbsp;<\/p>\n<p>&nbsp;<\/p>\n<p>&nbsp;<\/p>\n<p>&nbsp;<\/p>\n<blockquote><p>Lo scopo del Bollettino \u00e8 quello di fotografare lo stato di salute della popolazione della nostra provincia, analizzando i pi\u00f9 significativi indicatori epidemiologici ad ampio raggio e offrendo una panoramica delle attivit\u00e0 annuali dei servizi preventivi.<\/p><\/blockquote>\n<blockquote class=\"wp-embedded-content\" data-secret=\"5wrNDakQ4I\"><p><a href=\"https:\/\/www.radiopiu.net\/wordpress\/pandemia-covid-19-nel-territorio-delle-dolomiti-grafici-ulss1-dolomiti\/\">PANDEMIA COVID 19 NEL TERRITORIO DELLE DOLOMITI, GRAFICI ULSS1 DOLOMITI<\/a><\/p><\/blockquote>\n<p><iframe loading=\"lazy\" class=\"wp-embedded-content\" sandbox=\"allow-scripts\" security=\"restricted\" style=\"position: absolute; clip: rect(1px, 1px, 1px, 1px);\" title=\"&#8220;PANDEMIA COVID 19 NEL TERRITORIO DELLE DOLOMITI, GRAFICI ULSS1 DOLOMITI&#8221; &#8212; Radio Pi\u00f9\" src=\"https:\/\/www.radiopiu.net\/wordpress\/pandemia-covid-19-nel-territorio-delle-dolomiti-grafici-ulss1-dolomiti\/embed\/#?secret=5wrNDakQ4I\" data-secret=\"5wrNDakQ4I\" width=\"600\" height=\"338\" frameborder=\"0\" marginwidth=\"0\" marginheight=\"0\" scrolling=\"no\"><\/iframe><\/p>\n<p>&nbsp;<\/p>\n<blockquote class=\"wp-embedded-content\" data-secret=\"ZiewdCU6d2\"><p><a href=\"https:\/\/www.radiopiu.net\/wordpress\/il-numero-zero-del-bollettino-epidemiologico-delle-dolomiti\/\">IL NUMERO ZERO DEL BOLLETTINO EPIDEMIOLOGICO DELLE DOLOMITI<\/a><\/p><\/blockquote>\n<p><iframe loading=\"lazy\" class=\"wp-embedded-content\" sandbox=\"allow-scripts\" security=\"restricted\" style=\"position: absolute; clip: rect(1px, 1px, 1px, 1px);\" title=\"&#8220;IL NUMERO ZERO DEL BOLLETTINO EPIDEMIOLOGICO DELLE DOLOMITI&#8221; &#8212; Radio Pi\u00f9\" src=\"https:\/\/www.radiopiu.net\/wordpress\/il-numero-zero-del-bollettino-epidemiologico-delle-dolomiti\/embed\/#?secret=ZiewdCU6d2\" data-secret=\"ZiewdCU6d2\" width=\"600\" height=\"338\" frameborder=\"0\" marginwidth=\"0\" marginheight=\"0\" scrolling=\"no\"><\/iframe><\/p>\n","protected":false},"excerpt":{"rendered":"<p>&nbsp; BELLUNO\u00a0 Nelle ultime 24 ore sono decedute due persone covid positive: una donna di 84 anni ricoverata in Pneumologia a Belluno e un uomo di 69 anni ricoverato in Rianimazione a Belluno NUOVI POSITIVI, 246 Le persone attualmente POSITIVE ricoverate negli ospedali dell\u2019Ulss Dolomiti sono: \u00a0 Area NON CRITICA Terapia Intensiva Ospedale di Belluno&hellip;<\/p>\n","protected":false},"author":4,"featured_media":121260,"comment_status":"closed","ping_status":"closed","sticky":false,"template":"","format":"standard","meta":{"_monsterinsights_skip_tracking":false,"_monsterinsights_sitenote_active":false,"_monsterinsights_sitenote_note":"","_monsterinsights_sitenote_category":0,"footnotes":""},"categories":[1,51,49],"tags":[],"class_list":["post-181229","post","type-post","status-publish","format-standard","has-post-thumbnail","hentry","category-senza-categoria","category-evidenza-top","category-news-18","category-1","category-51","category-49","description-off"],"img_url":"https:\/\/www.radiopiu.net\/wordpress\/wp-content\/uploads\/2020\/03\/covid-ulss.jpg","_links":{"self":[{"href":"https:\/\/www.radiopiu.net\/wordpress\/wp-json\/wp\/v2\/posts\/181229","targetHints":{"allow":["GET"]}}],"collection":[{"href":"https:\/\/www.radiopiu.net\/wordpress\/wp-json\/wp\/v2\/posts"}],"about":[{"href":"https:\/\/www.radiopiu.net\/wordpress\/wp-json\/wp\/v2\/types\/post"}],"author":[{"embeddable":true,"href":"https:\/\/www.radiopiu.net\/wordpress\/wp-json\/wp\/v2\/users\/4"}],"replies":[{"embeddable":true,"href":"https:\/\/www.radiopiu.net\/wordpress\/wp-json\/wp\/v2\/comments?post=181229"}],"version-history":[{"count":0,"href":"https:\/\/www.radiopiu.net\/wordpress\/wp-json\/wp\/v2\/posts\/181229\/revisions"}],"wp:featuredmedia":[{"embeddable":true,"href":"https:\/\/www.radiopiu.net\/wordpress\/wp-json\/wp\/v2\/media\/121260"}],"wp:attachment":[{"href":"https:\/\/www.radiopiu.net\/wordpress\/wp-json\/wp\/v2\/media?parent=181229"}],"wp:term":[{"taxonomy":"category","embeddable":true,"href":"https:\/\/www.radiopiu.net\/wordpress\/wp-json\/wp\/v2\/categories?post=181229"},{"taxonomy":"post_tag","embeddable":true,"href":"https:\/\/www.radiopiu.net\/wordpress\/wp-json\/wp\/v2\/tags?post=181229"}],"curies":[{"name":"wp","href":"https:\/\/api.w.org\/{rel}","templated":true}]}}