{"id":181265,"date":"2020-12-23T04:00:58","date_gmt":"2020-12-23T03:00:58","guid":{"rendered":"https:\/\/www.radiopiu.net\/wordpress\/?p=181265"},"modified":"2020-12-23T06:04:07","modified_gmt":"2020-12-23T05:04:07","slug":"co-ariane-boce","status":"publish","type":"post","link":"https:\/\/www.radiopiu.net\/wordpress\/co-ariane-boce\/","title":{"rendered":"CO ARIANE BOCE&#8230;."},"content":{"rendered":"<blockquote>\n<h3><\/h3>\n<\/blockquote>\n<p><strong>di Loris Serafini<\/strong><\/p>\n<div>\n<div class=\"\" dir=\"auto\">\n<div id=\"jsc_c_17\" class=\"ecm0bbzt hv4rvrfc ihqw7lf3 dati1w0a\" data-ad-comet-preview=\"message\" data-ad-preview=\"message\">\n<div class=\"j83agx80 cbu4d94t ew0dbk1b irj2b8pg\">\n<div class=\"qzhwtbm6 knvmm38d\">\n<div class=\"kvgmc6g5 cxmmr5t8 oygrvhab hcukyx3x c1et5uql ii04i59q\">\n<div dir=\"auto\"><span style=\"color: #0000ff;\">CO ARIANE BOCE&#8230;<\/span><\/div>\n<\/div>\n<div class=\"o9v6fnle cxmmr5t8 oygrvhab hcukyx3x c1et5uql ii04i59q\">\n<div dir=\"auto\">L \u00e9 la n\u00f2t de l V\u00e9i,<\/div>\n<div dir=\"auto\">Tut ntorn via el tas,<\/div>\n<div dir=\"auto\">l fi\u00f2ca fis e la n\u00e9f zisna la monda ogni valc.<\/div>\n<div dir=\"auto\">Le onbr\u00ece chi\u00e9te nte l scur<\/div>\n<div dir=\"auto\">le pertegh\u00e8a via segure par sti tr\u00f3i, a la \u00f3ta de la g\u00e9sia.<\/div>\n<div dir=\"auto\">Da\u00ecnte l \u00e9 ncora tut scur, l \u00e9 lug\u00e0 dom\u00e0i el m\u00f3nec,<\/div>\n<div dir=\"auto\">che l sfr\u00e0za n fr\u00e9o co i candelier<\/div>\n<div dir=\"auto\">perc\u00e9 che la st\u00f3pa no la v\u00f3l nt\u00e9nde de ciap\u00e0\u2026<\/div>\n<div dir=\"auto\">ma, v\u00e8lo, che deb\u00f2t se npiza na lum; dasp\u00f2 d\u00f3i, tr\u00e8i\u2026<\/div>\n<div dir=\"auto\">e en ultima tuti si\u00e9i\u2026<\/div>\n<div dir=\"auto\">e p\u00e9a via anca l \u00f2rghen, si\u00e0 par scomenz\u00e0.<\/div>\n<div dir=\"auto\">E par l ocasion l \u00e9 mont\u00e0 su su l p\u00e8rgol chi che fa la part da b\u00e0sso.<\/div>\n<div dir=\"auto\">La lum la \u00e9 ad\u00e8s p\u00ec ciara, e da nos\u00e0ul l \u00e9 ven\u00f9 fora n grum de d\u00e9nt<\/div>\n<div dir=\"auto\">\u2026e se sent l st\u00f3f de l inz\u00e9ns che vi\u00e9n du par g\u00e9sia<\/div>\n<div dir=\"auto\">Perc\u00e9 che i dagh\u00e9t no i ved\u00e8a l\u2019ora de remen\u00e0 l tur\u00ecbol.<\/div>\n<div dir=\"auto\">La Sch\u00f2la l\u2019ha tac\u00e0 deb\u00f2t a cant\u00e0 da feste grande<\/div>\n<div dir=\"auto\">el Te Deum del Matut\u00ecn.<\/div>\n<div dir=\"auto\">Nog\u00f9gn pol se perde sto bel valc:<\/div>\n<div dir=\"auto\">anca i v\u00e8ge che par solito i va a pig\u00e0 bon\u00f3ra<\/div>\n<div dir=\"auto\">stan\u00f2t i ha vol\u00f9 sta su dessed\u00e0i,<\/div>\n<div dir=\"auto\">comp\u00e0gn d\u2019i p\u00f2pi, ch\u2019i ha i v\u00f3ge dob\u00f2ta ser\u00e0i,<\/div>\n<div dir=\"auto\">ma che no i v\u00f3l zi\u00e9de de sta nte l\u00e8t,<\/div>\n<div dir=\"auto\">par pod\u00e9i sent\u00ec a cant\u00e0 chel Matutin.<\/div>\n<div dir=\"auto\">L \u00e9 na aria da festa, l \u00e9 la n\u00f2t de Nad\u00e0l:<\/div>\n<div dir=\"auto\">se la spet\u00e8a tut l an\u2026<\/div>\n<div dir=\"auto\">co ari\u00e0ne b\u00f2ce.<\/div>\n<div dir=\"auto\"><\/div>\n<div dir=\"auto\"><strong>AUDIO, DALLA RADIO\u00a0<\/strong><br \/>\n<audio class=\"wp-audio-shortcode\" id=\"audio-181265-1\" preload=\"none\" style=\"width: 100%;\" controls=\"controls\"><source type=\"audio\/mpeg\" src=\"https:\/\/www.radiopiu.net\/wordpress\/wp-content\/uploads\/2020\/12\/LORIS.mp3?_=1\" \/><a href=\"https:\/\/www.radiopiu.net\/wordpress\/wp-content\/uploads\/2020\/12\/LORIS.mp3\">https:\/\/www.radiopiu.net\/wordpress\/wp-content\/uploads\/2020\/12\/LORIS.mp3<\/a><\/audio>\n<\/div>\n<div dir=\"auto\"><\/div>\n<\/div>\n<\/div>\n<\/div>\n<\/div>\n<\/div>\n<div id=\"jsc_c_18\" class=\"l9j0dhe7\">\n<div class=\"l9j0dhe7\">\n<div>\n<div class=\"bp9cbjyn tqsryivl j83agx80 cbu4d94t ni8dbmo4 stjgntxs l9j0dhe7 k4urcfbm\">\n<div>\n<div class=\"do00u71z ni8dbmo4 stjgntxs l9j0dhe7\">\n<div class=\"pmk7jnqg kr520xx4\"><img loading=\"lazy\" decoding=\"async\" class=\"i09qtzwb n7fi1qx3 datstx6m pmk7jnqg j9ispegn kr520xx4 k4urcfbm bixrwtb6\" src=\"https:\/\/scontent.fmxp3-1.fna.fbcdn.net\/v\/t1.0-0\/p180x540\/130196082_10158683419678608_7344250687073602729_o.jpg?_nc_cat=104&amp;ccb=2&amp;_nc_sid=730e14&amp;_nc_ohc=-R6MDyEQ3A4AX_VYfoo&amp;_nc_ht=scontent.fmxp3-1.fna&amp;tp=6&amp;oh=432a2604a727d11d1b4b4b4f30ce9295&amp;oe=6009A918\" alt=\"L'immagine pu\u00f2 contenere: pianta e fiore\" width=\"960\" height=\"540\" \/><\/div>\n<\/div>\n<\/div>\n<\/div>\n<div class=\"linmgsc8 opwvks06 i09qtzwb n7fi1qx3 hzruof5a pmk7jnqg j9ispegn kr520xx4\"><\/div>\n<div class=\"n00je7tq arfg74bv qs9ysxi8 k77z8yql i09qtzwb n7fi1qx3 b5wmifdl hzruof5a pmk7jnqg j9ispegn kr520xx4 c5ndavph art1omkt ot9fgl3s\" data-visualcompletion=\"ignore\"><\/div>\n<\/div>\n<\/div>\n<\/div>\n<\/div>\n","protected":false},"excerpt":{"rendered":"<p>di Loris Serafini CO ARIANE BOCE&#8230; L \u00e9 la n\u00f2t de l V\u00e9i, Tut ntorn via el tas, l fi\u00f2ca fis e la n\u00e9f zisna la monda ogni valc. Le onbr\u00ece chi\u00e9te nte l scur le pertegh\u00e8a via segure par sti tr\u00f3i, a la \u00f3ta de la g\u00e9sia. Da\u00ecnte l \u00e9 ncora tut scur, l&hellip;<\/p>\n","protected":false},"author":4,"featured_media":181266,"comment_status":"closed","ping_status":"closed","sticky":false,"template":"","format":"standard","meta":{"_monsterinsights_skip_tracking":false,"_monsterinsights_sitenote_active":false,"_monsterinsights_sitenote_note":"","_monsterinsights_sitenote_category":0,"footnotes":""},"categories":[49],"tags":[],"class_list":["post-181265","post","type-post","status-publish","format-standard","has-post-thumbnail","hentry","category-news-18","category-49","description-off"],"img_url":"https:\/\/www.radiopiu.net\/wordpress\/wp-content\/uploads\/2020\/12\/130196082_10158683419678608_7344250687073602729_o.jpg","_links":{"self":[{"href":"https:\/\/www.radiopiu.net\/wordpress\/wp-json\/wp\/v2\/posts\/181265","targetHints":{"allow":["GET"]}}],"collection":[{"href":"https:\/\/www.radiopiu.net\/wordpress\/wp-json\/wp\/v2\/posts"}],"about":[{"href":"https:\/\/www.radiopiu.net\/wordpress\/wp-json\/wp\/v2\/types\/post"}],"author":[{"embeddable":true,"href":"https:\/\/www.radiopiu.net\/wordpress\/wp-json\/wp\/v2\/users\/4"}],"replies":[{"embeddable":true,"href":"https:\/\/www.radiopiu.net\/wordpress\/wp-json\/wp\/v2\/comments?post=181265"}],"version-history":[{"count":0,"href":"https:\/\/www.radiopiu.net\/wordpress\/wp-json\/wp\/v2\/posts\/181265\/revisions"}],"wp:featuredmedia":[{"embeddable":true,"href":"https:\/\/www.radiopiu.net\/wordpress\/wp-json\/wp\/v2\/media\/181266"}],"wp:attachment":[{"href":"https:\/\/www.radiopiu.net\/wordpress\/wp-json\/wp\/v2\/media?parent=181265"}],"wp:term":[{"taxonomy":"category","embeddable":true,"href":"https:\/\/www.radiopiu.net\/wordpress\/wp-json\/wp\/v2\/categories?post=181265"},{"taxonomy":"post_tag","embeddable":true,"href":"https:\/\/www.radiopiu.net\/wordpress\/wp-json\/wp\/v2\/tags?post=181265"}],"curies":[{"name":"wp","href":"https:\/\/api.w.org\/{rel}","templated":true}]}}