{"id":181472,"date":"2020-12-25T11:42:51","date_gmt":"2020-12-25T10:42:51","guid":{"rendered":"https:\/\/www.radiopiu.net\/wordpress\/?p=181472"},"modified":"2020-12-25T11:43:09","modified_gmt":"2020-12-25T10:43:09","slug":"natale-2021-di-federico-soppelsa","status":"publish","type":"post","link":"https:\/\/www.radiopiu.net\/wordpress\/natale-2021-di-federico-soppelsa\/","title":{"rendered":"NATALE 2021 di FEDERICO SOPPELSA"},"content":{"rendered":"<p><strong>AUDIO<\/strong><\/p>\n<audio class=\"wp-audio-shortcode\" id=\"audio-181472-1\" preload=\"none\" style=\"width: 100%;\" controls=\"controls\"><source type=\"audio\/mpeg\" src=\"https:\/\/www.radiopiu.net\/wordpress\/wp-content\/uploads\/2020\/12\/VIVO-VERSO-VEN.mp3?_=1\" \/><a href=\"https:\/\/www.radiopiu.net\/wordpress\/wp-content\/uploads\/2020\/12\/VIVO-VERSO-VEN.mp3\">https:\/\/www.radiopiu.net\/wordpress\/wp-content\/uploads\/2020\/12\/VIVO-VERSO-VEN.mp3<\/a><\/audio>\n<p>&nbsp;<\/p>\n<p>&nbsp;<\/p>\n<p><span style=\"font-size: large;\"><b>Natale 2021<\/b><\/span><\/p>\n<p><span style=\"font-size: large;\"><img loading=\"lazy\" decoding=\"async\" class=\"alignleft\" src=\"https:\/\/www.radiopiu.net\/wordpress\/wp-content\/uploads\/2020\/12\/FEDERICO-SOPPELSA-FOTO.jpg\" width=\"271\" height=\"277\" \/>Lavoro a oltranza nella casa di Babbo Natale<\/span><\/p>\n<p><span style=\"font-size: large;\">montagne di letterine un accumulo anormale<\/span><\/p>\n<p><span style=\"font-size: large;\">s\u00ec perch\u00e9 l&#8217;altr&#8217;anno il mondo si \u00e8 fermato<\/span><\/p>\n<p><span style=\"font-size: large;\">e anche il Natale in quel vortice ha trascinato<\/span><\/p>\n<p><span style=\"font-size: large;\">E allora quest&#8217;anno felici ed entusiasti di lavorar di pi\u00f9<\/span><\/p>\n<p><span style=\"font-size: large;\">niente mascherine neppure la distanza di un metro o pi\u00f9<\/span><\/p>\n<p><span style=\"font-size: large;\">si pu\u00f2 girare da un continente all&#8217;altro in libert\u00e0<\/span><\/p>\n<p><span style=\"font-size: large;\">far visita a chiunque spostarsi liberi di qua e di l\u00e0<\/span><\/p>\n<p><span style=\"font-size: large;\">E mentre nella lontana Lapponia preparano i regali<\/span><\/p>\n<p><span style=\"font-size: large;\">da portare ai nostri bimbi e ai nonni rimasti tali<\/span><\/p>\n<p><span style=\"font-size: large;\">nei nostri piccoli paesini appaiono i luminari<\/span><\/p>\n<p><span style=\"font-size: large;\">gli alberi addobbati e i presepi a noi tanto cari<\/span><\/p>\n<p><span style=\"font-size: large;\">Ma tanti tanti molti di pi\u00f9 degli anni passati<\/span><\/p>\n<p><span style=\"font-size: large;\">quando tutto era dato per scontato ma il covid ci ha cambiati<\/span><\/p>\n<p><span style=\"font-size: large;\">quei luminari sono la luce che finalmente ora vediamo<\/span><\/p>\n<p><span style=\"font-size: large;\">gli alberi e i presepi la tradizione a cui tanto teniamo<\/span><\/p>\n<p><span style=\"font-size: large;\">Belle le vetrine dei negozi finalmente aperti a tempo pieno<\/span><\/p>\n<p><span style=\"font-size: large;\">in bella mostra regali di ogni specie venduti in un baleno<\/span><\/p>\n<p><span style=\"font-size: large;\">le strade piene di gente visi scoperti felici e sorridenti<\/span><\/p>\n<p><span style=\"font-size: large;\">saluti abbracci e baci trattenuti a lungo stringendo i denti<\/span><\/p>\n<p><span style=\"font-size: large;\">Neve in abbondanza a render magico il clima natalizio<\/span><\/p>\n<p><span style=\"font-size: large;\">pupazzi di neve in ogni dove perfin sul precipizio<\/span><\/p>\n<p><span style=\"font-size: large;\">la chiesa finalmente pronta per la messa a mezzanotte<\/span><\/p>\n<p><span style=\"font-size: large;\">figli e nipoti tutti intorno ai nonni in quella magica notte<\/span><\/p>\n<p><span style=\"font-size: large;\">Lontano il ricordo dello scorso Natale triste e inusuale<\/span><\/p>\n<p><span style=\"font-size: large;\">che per\u00f2 deve farci riflettere su ci\u00f2 che veramente vale<\/span><\/p>\n<p><span style=\"font-size: large;\">poter stare in famiglia senza divieti tutti in salute<\/span><\/p>\n<p><span style=\"font-size: large;\">tornando alle sane abitudini ormai da tempo perdute.<\/span><\/p>\n<p><span style=\"font-size: large;\">di Federico Soppelsa (da Cence)<\/span><\/p>\n","protected":false},"excerpt":{"rendered":"<p>AUDIO &nbsp; &nbsp; Natale 2021 Lavoro a oltranza nella casa di Babbo Natale montagne di letterine un accumulo anormale s\u00ec perch\u00e9 l&#8217;altr&#8217;anno il mondo si \u00e8 fermato e anche il Natale in quel vortice ha trascinato E allora quest&#8217;anno felici ed entusiasti di lavorar di pi\u00f9 niente mascherine neppure la distanza di un metro o&hellip;<\/p>\n","protected":false},"author":4,"featured_media":180825,"comment_status":"closed","ping_status":"closed","sticky":false,"template":"","format":"standard","meta":{"_monsterinsights_skip_tracking":false,"_monsterinsights_sitenote_active":false,"_monsterinsights_sitenote_note":"","_monsterinsights_sitenote_category":0,"footnotes":""},"categories":[86,22,49],"tags":[],"class_list":["post-181472","post","type-post","status-publish","format-standard","has-post-thumbnail","hentry","category-gr","category-invivoverso","category-news-18","category-86","category-22","category-49","description-off"],"img_url":"https:\/\/www.radiopiu.net\/wordpress\/wp-content\/uploads\/2020\/12\/FEDERICO-SOPPELSA-FOTO.jpg","_links":{"self":[{"href":"https:\/\/www.radiopiu.net\/wordpress\/wp-json\/wp\/v2\/posts\/181472","targetHints":{"allow":["GET"]}}],"collection":[{"href":"https:\/\/www.radiopiu.net\/wordpress\/wp-json\/wp\/v2\/posts"}],"about":[{"href":"https:\/\/www.radiopiu.net\/wordpress\/wp-json\/wp\/v2\/types\/post"}],"author":[{"embeddable":true,"href":"https:\/\/www.radiopiu.net\/wordpress\/wp-json\/wp\/v2\/users\/4"}],"replies":[{"embeddable":true,"href":"https:\/\/www.radiopiu.net\/wordpress\/wp-json\/wp\/v2\/comments?post=181472"}],"version-history":[{"count":0,"href":"https:\/\/www.radiopiu.net\/wordpress\/wp-json\/wp\/v2\/posts\/181472\/revisions"}],"wp:featuredmedia":[{"embeddable":true,"href":"https:\/\/www.radiopiu.net\/wordpress\/wp-json\/wp\/v2\/media\/180825"}],"wp:attachment":[{"href":"https:\/\/www.radiopiu.net\/wordpress\/wp-json\/wp\/v2\/media?parent=181472"}],"wp:term":[{"taxonomy":"category","embeddable":true,"href":"https:\/\/www.radiopiu.net\/wordpress\/wp-json\/wp\/v2\/categories?post=181472"},{"taxonomy":"post_tag","embeddable":true,"href":"https:\/\/www.radiopiu.net\/wordpress\/wp-json\/wp\/v2\/tags?post=181472"}],"curies":[{"name":"wp","href":"https:\/\/api.w.org\/{rel}","templated":true}]}}