{"id":181475,"date":"2020-12-25T16:03:55","date_gmt":"2020-12-25T15:03:55","guid":{"rendered":"https:\/\/www.radiopiu.net\/wordpress\/?p=181475"},"modified":"2020-12-25T16:03:55","modified_gmt":"2020-12-25T15:03:55","slug":"le-previsioni-meteo-del-centro-valanghe-di-arabba-25-dicembre-2020","status":"publish","type":"post","link":"https:\/\/www.radiopiu.net\/wordpress\/le-previsioni-meteo-del-centro-valanghe-di-arabba-25-dicembre-2020\/","title":{"rendered":"LE PREVISIONI METEO DEL CENTRO VALANGHE DI ARABBA &#8211; 25 DICEMBRE 2020"},"content":{"rendered":"<p><center><b>Pomeriggio\/sera di Venerdi 25<\/b><\/center>Tempo debolmente perturbato con cielo coperto, associato a deboli precipitazioni (70\/90%). Il flusso da nord-est metter\u00e0 in ombra orografica riducendo la perturbabilit\u00e0 in alcune valli, dove le precipitazioni saranno debolissime. Il limite neve scender\u00e0 fino sui 500\/700 m e non sembra possa interessare i fondovalle prealpini per assenza di aria fredda preesistenti, salvo qualche fiocco nei settori solitamente pi\u00f9 freddi a fine episodio. Alla sera cessazione dei fenomeni. Sono previsti 2\/10 mm con altrettanti cm di neve sui 1200\/1500 m, localmente fino a 10 cm oltre i 1800\/2000 m per neve soffice, anche 15 cm su alcuni settori prealpini. L&#8217;ambiente sar\u00e0 sempre pi\u00f9 freddo con il passare delle ore fino a essere invernale ovunque alla sera. Rinforzo dei venti fino a tesi\/forti da nord-est in quota e locali episodi di foehn serale in alcune valli.<\/p>\n<hr \/>\n<p><center><b>Sabato 26<\/b><\/center><b>Tempo atteso:\u00a0<\/b>Stupenda giornata di stampo invernale. Sole, cielo sereno, aria tersa e ottima visibilit\u00e0. Giornata di gelo su quasi tutta la montagna veneta, eccetto temporaneo passaggio sopra lo 0\u00b0C in alcuni fondovalle, specie in quelli pi\u00f9 assolati.<br \/>\n<b>Precipitazioni:\u00a0<\/b>Assenti (0%).<br \/>\n<b>Temperature:\u00a0<\/b>In ulteriore lieve diminuzione con forti gelate notturne nei settori innevati (-8\/-10\u00b0C nelle valli dolomitiche e sugli altopiani prealpini). Sono previsti massimi di 1\/2\u00b0C nei fondovalle prealpini e di -3\/0\u00b0C a 1000\/1200 m, valori anche pi\u00f9 basse nei settori in ombra. Su Prealpi a 1500 m min -8\u00b0C max -6\u00b0C, a 2000 m min -10\u00b0C max -7\u00b0C. Su Dolomiti a 2000 m min -11\u00b0C max -8\u00b0C, a 3000 m min -15\u00b0C max -12\u00b0C.<br \/>\n<b>Venti:\u00a0<\/b>Nelle valli deboli di direzione variabile, salvo residuo Foehn; in quota moderati\/tesi da nord-est nelle prime ore, specie sulle cime pi\u00f9 alte e sulle dorsali prealpine, in attenuazione fino a moderati al pomeriggio, a 10-35 km\/h a 2000 m, 20-50 km\/h a 3000 m.<\/p>\n<hr \/>\n<p><center><b>Domenica 27<\/b><\/center><b>Tempo atteso:\u00a0<\/b>Sole, cielo sereno e aria tersa fino a met\u00e0 pomeriggio, eccetto nebbie nelle ore pi\u00f9 fredde in Valbelluna. Da met\u00e0 pomeriggio arrivo di sottili nubi alte con velatura del cielo. In serata intensificazione della copertura nuvolosa e non sar\u00e0 da escludere qualche fenomeno verso ovest. Ambiente termico invernale ovunque.<br \/>\n<b>Precipitazioni:\u00a0<\/b>Assenti in giornata (0%). In tarda serata prime deboli nevicate fino a bassa quota sulle Prealpi pi\u00f9 occidentali (10\/20%).<br \/>\n<b>Temperature:\u00a0<\/b>In leggera ripresa, eccetto ulteriore lieve calo delle minime nelle valli, con forti gelate nei settori innevati, fino a -10\/-12\u00b0C nelle valli dolomitiche e sugli altopiani prealpini. Il gelo diurno si accentuer\u00e0 nelle valli in ombra. Su Prealpi a 1500 m min -7\u00b0C max -3\u00b0C, a 2000 m min -8\u00b0C max -5\u00b0C. Su Dolomiti a 2000 m min -9\u00b0C max -5\u00b0C, a 3000 m min -11\u00b0C max -8\u00b0C.<br \/>\n<b>Venti:\u00a0<\/b>Nelle valli deboli di direzione variabile; in quota deboli da nord-est al mattino, moderati\/tesi da sud-ovest al pomeriggio e fino forti alla sera, a 5-25 km\/h a 2000 m, 10-70 km\/h a 3000 m.<\/p>\n<hr \/>\n<p><center><b>Lunedi 28<\/b><\/center>Maltempo con diffuse nevicate, abbondanti oltre gli 800\/1000 m e significative nei fondovalle prealpini. Il limite della neve rimarr\u00e0 nei fondovalle, anche in quelli prealpini, eccetto lieve rialzo fino sui 500\/800 m nei settori a ridosso della pedemontana per l&#8217;effetto mitigante del flusso sciroccale. Temperature minime in rialzo, specie nelle valli; massime in calo in quota e in aumento nelle valli. Venti forti\/molto forti da sud in quota, deboli di direzione variabile nelle valli, salvo rinforzi da sud-est a ridosso della pedemontana.<\/p>\n<hr \/>\n<p><center><b>Martedi 29<\/b><\/center>Schiarite e annuvolamenti irregolari a inizio giornata, poi la nuvolosit\u00e0 torner\u00e0 a intensificarsi fino a cielo coperto, associato a qualche debole precipitazione sparsa, nevosa fino sui 600\/800 m. Temperature minime in calo e massime in rialzo. Venti tesi\/forti da sud-ovest in quota, deboli di direzione variabile nelle valli. Previsore: R.L.Th.<\/p>\n","protected":false},"excerpt":{"rendered":"<p>Pomeriggio\/sera di Venerdi 25Tempo debolmente perturbato con cielo coperto, associato a deboli precipitazioni (70\/90%). Il flusso da nord-est metter\u00e0 in ombra orografica riducendo la perturbabilit\u00e0 in alcune valli, dove le precipitazioni saranno debolissime. Il limite neve scender\u00e0 fino sui 500\/700 m e non sembra possa interessare i fondovalle prealpini per assenza di aria fredda preesistenti,&hellip;<\/p>\n","protected":false},"author":4,"featured_media":57212,"comment_status":"closed","ping_status":"closed","sticky":false,"template":"","format":"standard","meta":{"_monsterinsights_skip_tracking":false,"_monsterinsights_sitenote_active":false,"_monsterinsights_sitenote_note":"","_monsterinsights_sitenote_category":0,"footnotes":""},"categories":[49],"tags":[],"class_list":["post-181475","post","type-post","status-publish","format-standard","has-post-thumbnail","hentry","category-news-18","category-49","description-off"],"img_url":"https:\/\/www.radiopiu.net\/wordpress\/wp-content\/uploads\/2018\/08\/METEO-PREVISIONI.jpeg","_links":{"self":[{"href":"https:\/\/www.radiopiu.net\/wordpress\/wp-json\/wp\/v2\/posts\/181475","targetHints":{"allow":["GET"]}}],"collection":[{"href":"https:\/\/www.radiopiu.net\/wordpress\/wp-json\/wp\/v2\/posts"}],"about":[{"href":"https:\/\/www.radiopiu.net\/wordpress\/wp-json\/wp\/v2\/types\/post"}],"author":[{"embeddable":true,"href":"https:\/\/www.radiopiu.net\/wordpress\/wp-json\/wp\/v2\/users\/4"}],"replies":[{"embeddable":true,"href":"https:\/\/www.radiopiu.net\/wordpress\/wp-json\/wp\/v2\/comments?post=181475"}],"version-history":[{"count":0,"href":"https:\/\/www.radiopiu.net\/wordpress\/wp-json\/wp\/v2\/posts\/181475\/revisions"}],"wp:featuredmedia":[{"embeddable":true,"href":"https:\/\/www.radiopiu.net\/wordpress\/wp-json\/wp\/v2\/media\/57212"}],"wp:attachment":[{"href":"https:\/\/www.radiopiu.net\/wordpress\/wp-json\/wp\/v2\/media?parent=181475"}],"wp:term":[{"taxonomy":"category","embeddable":true,"href":"https:\/\/www.radiopiu.net\/wordpress\/wp-json\/wp\/v2\/categories?post=181475"},{"taxonomy":"post_tag","embeddable":true,"href":"https:\/\/www.radiopiu.net\/wordpress\/wp-json\/wp\/v2\/tags?post=181475"}],"curies":[{"name":"wp","href":"https:\/\/api.w.org\/{rel}","templated":true}]}}