{"id":181626,"date":"2020-12-28T05:35:59","date_gmt":"2020-12-28T04:35:59","guid":{"rendered":"https:\/\/www.radiopiu.net\/wordpress\/?p=181626"},"modified":"2020-12-28T10:18:23","modified_gmt":"2020-12-28T09:18:23","slug":"giornale-radiopiu-28-dicembre-2020-direttore-mirko-mezzacasa","status":"publish","type":"post","link":"https:\/\/www.radiopiu.net\/wordpress\/giornale-radiopiu-28-dicembre-2020-direttore-mirko-mezzacasa\/","title":{"rendered":"GIORNALE RADIOPIU 28 DICEMBRE 2020 DIRETTORE MIRKO MEZZACASA"},"content":{"rendered":"<h3>PER<strong> RICEVERE QUESTO NOTIZIARIO DIRETTAMENTE SUL TUO CELLULARE ISCRIVITI AL CANALE TELEGRAM <\/strong><strong>\u201cRADIO PIU\u00a0 INFORMAZIONE&#8221;<\/strong><\/h3>\n<p><em>ATTENZIONE: LA NUOVA APP PER IOS-IPHONE<\/em><\/p>\n<div>\n<div><a href=\"https:\/\/apps.apple.com\/it\/app\/radio-pi%C3%B9-emittente-agordina\/id1515939845\">https:\/\/apps.apple.com\/it\/app\/radio-pi%C3%B9-emittente-agordina\/id1515939845<\/a><\/div>\n<\/div>\n<div><\/div>\n<div>\n<div dir=\"auto\"><em>ATTENZIONE: LA NUOVA APP RADIO\u00a0 PER ANDROID<\/em><\/div>\n<\/div>\n<p><a href=\"https:\/\/play.google.com\/store\/apps\/details?id=net.radiopiu.iniko\" target=\"_blank\" rel=\"noopener noreferrer\">https:\/\/play.google.com\/store\/apps\/details?id=net.radiopiu.iniko\u00a0\u00a0\u00a0<\/a><\/p>\n<p>&nbsp;<\/p>\n<p><strong>di William Da Roit\u00a0 \u00a0W LA LIBERTA&#8217;<\/strong><\/p>\n<div style=\"width: 480px;\" class=\"wp-video\"><video class=\"wp-video-shortcode\" id=\"video-181626-1\" width=\"480\" height=\"480\" preload=\"metadata\" controls=\"controls\"><source type=\"video\/mp4\" src=\"https:\/\/www.radiopiu.net\/wordpress\/wp-content\/uploads\/2020\/12\/WhatsApp-Video-2020-12-28-at-05.41.22.mp4?_=1\" \/><a href=\"https:\/\/www.radiopiu.net\/wordpress\/wp-content\/uploads\/2020\/12\/WhatsApp-Video-2020-12-28-at-05.41.22.mp4\">https:\/\/www.radiopiu.net\/wordpress\/wp-content\/uploads\/2020\/12\/WhatsApp-Video-2020-12-28-at-05.41.22.mp4<\/a><\/video><\/div>\n<p>&nbsp;<\/p>\n<hr \/>\n<p>&nbsp;<\/p>\n<h2 style=\"text-align: center;\"><span style=\"color: #ff0000;\">IN VIGORE L&#8217;AUTOCERTIFICAZIONE FINO\u00a0 AL 6 GENNAIO<\/span><\/h2>\n<h2 style=\"text-align: center;\"><a href=\"https:\/\/www.radiopiu.net\/wordpress\/wp-content\/uploads\/2020\/12\/AUTOCERTIFICAZIONE-OTTOBRE-2020.pdf\">SCARICALA QUI<\/a><\/h2>\n<p><strong><span style=\"color: #ff6600;\">I 4 giorni arancioni saranno: 28, 29,30 dicembre e 4 gennaio.\u00a0Ma cosa \u00e8 possibile fare durante le giornate arancioni?\u00a0La guida.<\/span><\/strong><\/p>\n<p>In questi giorni rimane valido il coprifuoco dalle 22 alle 5. Vietati gli spostamenti fuori regione, concesso spostarsi tra piccoli comuni, ma non \u00e8 possibile raggiungere Capoluoghi di Provincia, salvo comprovati motivi di lavoro o salute. Per spostarsi fuori dal proprio Comune \u00e8 sempre necessaria l\u2019autocertificazione. Chiusi centri commerciali, bar, ristoranti e negozi non di prima necessit\u00e0. Asporto (fino alle 22) e consegne a domicilio (senza limiti) sono consentite.\u00a0 <strong><span style=\"color: #ff6600;\">Giorni arancioni, gli spostamenti consentiti <\/span><\/strong>I giorni feriali (compresi i prefestivi considerati rossi) saranno arancioni. Ci saranno regole in parte diverse da quelle in vigore per le giornate rosse: la principale novit\u00e0 riguarda gli spostamenti.\u00a0 Previste le misure in vigore per le aree arancioni, ma con alcune deroghe: sono, infatti, permessi gli spostamenti dai Comuni con popolazione non superiore ai 5mila abitanti e per una distanza non superiore ai 30 chilometri dai relativi confini.\u00a0 Ci si pu\u00f2 spostare, nei giorni arancioni, da un Comune che abbia al massimo 5mila abitanti, entro 30 chilometri, anche verso un Comune pi\u00f9 grande di 5mila abitanti, tranne che per dirigersi verso capoluoghi di provincia. Sempre consentito spostarsi all\u2019interno del proprio territorio comunale, dalle 5 alle 22, orario del coprifuoco. Sar\u00e0 possibile anche andare a fare visita ad amici e parenti entro tali orari e ambiti territoriali. Negli stessi giorni sar\u00e0 possibile anche, una sola volta al giorno, spostarsi per fare visita a parenti o amici, in un Comune diverso dal proprio, ma sempre e solo all\u2019interno della stessa Regione, tra le 5 e le 22 e nel limite massimo di due persone. La persona o le due persone che si spostano potranno comunque portare con s\u00e9 i figli minori di 14 anni (o altri minori di 14 anni sui quali le stesse persone esercitino la potest\u00e0 genitoriale) e le persone disabili o non autosufficienti che con loro convivono; <span style=\"color: #ff6600;\"><strong>Giorni arancioni, i negozi <\/strong><\/span>di prima necessit\u00e0 e le attivit\u00e0 di servizi alla persona possono restare aperti fino alle ore 21. Per bar e ristoranti attivit\u00e0 d\u2019asporto consentita dalle 5 del mattino fino alle 22. Possibile la consegna a domicilio senza alcuna restrizione. <strong><span style=\"color: #ff6600;\">Giorni arancioni, rientri e seconde case <\/span><\/strong>Lo spostamento per rientrare nel proprio domicilio o nel paese in cui si ha la residenza \u00e8 sempre consentito.<\/p>\n<p>&nbsp;<\/p>\n<hr \/>\n<p>&nbsp;<\/p>\n<blockquote>\n<h3>METEO. FASE DI ATTENZIONE PER VENTO FORTE SU TUTTA LA REGIONE E PER RISCHIO VALANGHE IN AREE MONTANE. ATTESE NEVICATE ANCHE IN PIANURA<\/h3>\n<\/blockquote>\n<p><strong><a href=\"https:\/\/www.radiopiu.net\/wordpress\/neve-4\/\"><img loading=\"lazy\" decoding=\"async\" class=\"size-medium wp-image-178282 alignleft\" src=\"https:\/\/www.radiopiu.net\/wordpress\/wp-content\/uploads\/2020\/12\/neve-300x169.jpg\" alt=\"\" width=\"300\" height=\"169\" srcset=\"https:\/\/www.radiopiu.net\/wordpress\/wp-content\/uploads\/2020\/12\/neve-300x169.jpg 300w, https:\/\/www.radiopiu.net\/wordpress\/wp-content\/uploads\/2020\/12\/neve-1024x575.jpg 1024w, https:\/\/www.radiopiu.net\/wordpress\/wp-content\/uploads\/2020\/12\/neve-768x432.jpg 768w, https:\/\/www.radiopiu.net\/wordpress\/wp-content\/uploads\/2020\/12\/neve-1536x863.jpg 1536w, https:\/\/www.radiopiu.net\/wordpress\/wp-content\/uploads\/2020\/12\/neve.jpg 1920w\" sizes=\"auto, (max-width: 300px) 100vw, 300px\" \/><\/a>VENEZIA <\/strong>Il Centro Funzionale Decentrato della Protezione Civile, alla luce delle previsioni meteo, ha decretato la fase operativa di attenzione per vento forte su tutta la Regione da riconfigurare, a livello locale, in fase operativa di pre-allarme o allarme a seconda dell\u2019intensit\u00e0 del vento, fino alla mezzanotte di domani. Il bollettino meteorologico regionale prevede \u201cventi meridionali in intensificazione fino a forti sulla costa e pianura limitrofa, in alta quota e sulle dorsali prealpine, a tratti anche molto forti nelle ore centrali sul mare fino in prossimit\u00e0 della costa, moderati\/tesi da nord-est sulla pianura interna; venti in attenuazione dal pomeriggio\/sera nei bassi strati e in rotazione dai quadranti occidentali\u201d. La segnalazione meteo emessa oggi dal Centro Funzionale Decentrato della Regione del Veneto prevede \u201ctra la tarda serata\/notte di domenica 27 e la sera di luned\u00ec 28 episodio perturbato con precipitazioni diffuse, consistenti su zone centro-settentrionali, inizialmente nevose fino a quote pianeggianti con possibili accumuli consistenti oltre i 700-1000 m ma significativi anche a quote pi\u00f9 basse, fino a gran parte dell&#8217;alta pianura al mattino di luned\u00ec\u201d. \u00c8 stato dichiarato lo stato di attenzione per Nevicate da riconfigurare, a livello locale, a seconda dell\u2019intensit\u00e0 dei fenomeni, fino alla mezzanotte di oggi per Pianura, Zone collinari e Bellunese Meridionale.\u00a0 Infine, \u00e8 stato emesso un avviso di criticit\u00e0 valanghe che indica la fase di attenzione per rischio valanghe, valido a a partire dalle 10 di domani, per la zona antropizzata MONT-1. Per oggi \u00e8 prevista neve con apporti anche superiori ai 30 cm sia in MONT-1 che in MONT-2. Il pericolo di valanghe \u00e8 previsto marcato su tutto il territorio montano regionale. In MONT-1 potranno verificarsi valanghe con interessamento della viabilit\u00e0 dei passi dolomitici.<\/p>\n<a href=\"https:\/\/www.radiopiu.net\/wordpress\/wp-content\/uploads\/2020\/12\/AV_20201227_CFD-9.pdf\" class=\"pdfemb-viewer\" style=\"\" data-width=\"max\" data-height=\"max\" data-toolbar=\"top\" data-toolbar-fixed=\"on\">AV_20201227_CFD-9<\/a>\n<p>&nbsp;<\/p>\n<p>&nbsp;<\/p>\n<hr \/>\n<blockquote>\n<h3>IL PREFETTO DI BELLUNO FIRMA UN&#8217;ORDINANZA IN VISTA DELLE NEVICATE PREVISTE PER OGGI<\/h3>\n<\/blockquote>\n<p><strong><a href=\"https:\/\/www.radiopiu.net\/wordpress\/il-prefetto-di-belluno-firma-unordinanza-in-vista-delle-nevicate-previste-per-domani\/strada-neve\/\" rel=\"attachment wp-att-181680\"><img loading=\"lazy\" decoding=\"async\" class=\"size-medium wp-image-181680 alignleft\" src=\"https:\/\/www.radiopiu.net\/wordpress\/wp-content\/uploads\/2020\/12\/STRADA-NEVE-300x161.jpg\" alt=\"\" width=\"300\" height=\"161\" srcset=\"https:\/\/www.radiopiu.net\/wordpress\/wp-content\/uploads\/2020\/12\/STRADA-NEVE-300x161.jpg 300w, https:\/\/www.radiopiu.net\/wordpress\/wp-content\/uploads\/2020\/12\/STRADA-NEVE-1024x548.jpg 1024w, https:\/\/www.radiopiu.net\/wordpress\/wp-content\/uploads\/2020\/12\/STRADA-NEVE-768x411.jpg 768w, https:\/\/www.radiopiu.net\/wordpress\/wp-content\/uploads\/2020\/12\/STRADA-NEVE-1536x822.jpg 1536w, https:\/\/www.radiopiu.net\/wordpress\/wp-content\/uploads\/2020\/12\/STRADA-NEVE.jpg 1920w\" sizes=\"auto, (max-width: 300px) 100vw, 300px\" \/><\/a>BELLUNO\u00a0 <\/strong>Il Centro Funzionale Decentrato della Regione Veneto ha comunicato che, nella giornata di oggi, l\u2019intero territorio provinciale sar\u00e0 interessato da una perturbazione che porter\u00e0 nevicate in tutta la provincia con accumuli significativi anche nei fondovalle. In considerazione di ci\u00f2, il Prefetto di Belluno, Adriana Cogode, ha disposto \u2013 su proposta del Comitato Operativo per la Viabilit\u00e0 \u2013 \u00a0il divieto di circolazione dei veicoli commerciali (esclusi pertanto i mezzi del trasporto pubblico urbano ed extraurbano purch\u00e8 equipaggiato con idonei presidi o catene da neve) con massa superiore a 7,5 t., ivi compreso il transito dei trasporti e veicoli eccezionali, dalle ore 00.00 del 28 dicembre 2020 alle ore 05.00 del 29 dicembre 2020 lungo tutta la rete viaria ordinaria della provincia di Belluno.<\/p>\n<p>&nbsp;<\/p>\n<hr \/>\n<blockquote>\n<h3>TRASPORTO PUBBLICO LOCALE: SOSPESE ALCUNE CORSE FINO AL 6 GENNAIO<\/h3>\n<\/blockquote>\n<p><strong><a href=\"https:\/\/www.radiopiu.net\/wordpress\/giornale-radiopiu-18-giugno-2020-direttore-mirko-mezzacasa\/97384eec-d2d4-4e19-bdc9-7845fa51b71c\/\" rel=\"attachment wp-att-144908\"><img loading=\"lazy\" decoding=\"async\" class=\"size-medium wp-image-144908 alignleft\" src=\"https:\/\/www.radiopiu.net\/wordpress\/wp-content\/uploads\/2020\/06\/97384eec-d2d4-4e19-bdc9-7845fa51b71c-300x225.jpg\" alt=\"\" width=\"300\" height=\"225\" srcset=\"https:\/\/www.radiopiu.net\/wordpress\/wp-content\/uploads\/2020\/06\/97384eec-d2d4-4e19-bdc9-7845fa51b71c-300x225.jpg 300w, https:\/\/www.radiopiu.net\/wordpress\/wp-content\/uploads\/2020\/06\/97384eec-d2d4-4e19-bdc9-7845fa51b71c-1024x768.jpg 1024w, https:\/\/www.radiopiu.net\/wordpress\/wp-content\/uploads\/2020\/06\/97384eec-d2d4-4e19-bdc9-7845fa51b71c-768x576.jpg 768w, https:\/\/www.radiopiu.net\/wordpress\/wp-content\/uploads\/2020\/06\/97384eec-d2d4-4e19-bdc9-7845fa51b71c-1536x1152.jpg 1536w, https:\/\/www.radiopiu.net\/wordpress\/wp-content\/uploads\/2020\/06\/97384eec-d2d4-4e19-bdc9-7845fa51b71c.jpg 2048w\" sizes=\"auto, (max-width: 300px) 100vw, 300px\" \/><\/a>BELLUNO <\/strong>Dolomitibus ha previsto un drastico calo dei mezzi pubblici durante le festivit\u00e0. Calo che si misurer\u00e0 pi\u00f9 facilmente nelle tratte turistiche, solitamente a uso dei villeggianti e degli sciatori. Per questo l\u2019azienda di trasporto pubblico ha chiesto alla Provincia di ridurre alcune corse. E nei giorni scorsi il presidente Padrin ha firmato l\u2019atto che dispone alcune modifiche al servizio extraurbano. Di fatto, dal 26 dicembre al 6 gennaio sono razionalizzate le linee 1 (Belluno-Agordo), 2 (Belluno-Agordo-Falcade), 3 (Belluno-Agordo-Alleghe-Arabba-Corvara-Colfosco), 9 (Belluno-Calalzo-Perarolo), e 72 (Venezia-Belluno-San Cassiano-Cortina). Le modifiche sono cos\u00ec disposte: linea n. 72: sospensione delle corse tra Venezia e Belluno e tra San Cassiano, passo Falzarego e Cortina; linee 1, 2 e 3: sospensione delle corse festive in Agordino; linea 9: sospensione delle corse festive in Cadore. Resta sospesa anche la linea 41 (Belluno-Vittorio Veneto). \u00ab<em>Secondo le stime di Dolomitibus, questi pullman girerebbero a vuoto o quasi durante le festivit\u00e0. Quindi abbiamo dato il via libera alla razionalizzazione fino al 6 gennaio &#8211; spiega il consigliere provinciale delegato ai trasporti, Dario Scopel -. Il tema vero, adesso, \u00e8 organizzare il trasporto scolastico dopo le vacanze di Natale e ci stiamo lavorando con tutti i soggetti interessati, per incastrare l\u2019esigenza dei mezzi occupati al 50% dei posti e l\u2019organizzazione delle scuole, per cui \u00e8 previsto il ritorno della didattica in presenza al 75%. Il nostro obiettivo rimane quello di assicurare un servizio efficace, puntuale e sicuro<\/em>\u00bb.<\/p>\n<p>&nbsp;<\/p>\n<hr \/>\n<p>&nbsp;<\/p>\n<blockquote>\n<h3><span style=\"color: #ff6600;\"><strong>LA PERCENTUALE DEGLI INFETTI SUI TAMPONI ALLA SOGLIA DEL 15% TRE PUNTI IN PIU&#8217; RISPETTO A SANTO STEFANO. VENETO SEMPRE MAGLIA NERA.<\/strong><\/span><\/h3>\n<\/blockquote>\n<p>Trentottomila dosi a settimana, sono quelle garantite alla Regione Veneto dove da ieri \u00e8 iniziata la vaccinazione anti covid, priorit\u00e0 a chi opera nell&#8217;ambito della sanit\u00e0 e anziani della Residenze. Ieri hanno alzato il braccio per la siringa i primi 40 volontari del bellunese<em> &#8220;per dare il buon esempio&#8221;<\/em> hanno detto. Intanto altra ipotesi per la stagione dello sci: apertura il 7 febbraio cio\u00e8 alla vigilia del mondiali di Cortina e c&#8217;\u00e8 gi\u00e0 chi anticipa che la stagione non inizier\u00e0 mentre Andy Varallo presidente del Superski Dolomiti ribadisce che la macchina \u00e8 oliata e pronta a partire anche nell&#8217;arco delle successive 24 ore.\u00a0 In Veneto ieri altri 3337 casi di positivit\u00e0, 64 decessi che \u00e8 il dato peggiore in Italia con il tasso di contagio tra il 36 e il 25 per cento. Superati i 6000 morti, 386 ricoverati in terapia intensiva (-9), sono 241 mila i contagi da inizio epidemia, 90 mila positivi da curare, 1118 nelle ultime 24 ore.<\/p>\n<blockquote>\n<h3>IN ULSS 1 DOLOMITI 2 DECESSI NELLE ULTIME 24 ORE. 66 NUOVI POSITIVI, STABILI I RICOVERI DEI PAZIENTI COVID POSITIVI NEGLI OSPEDALI BELLUNESI<\/h3>\n<\/blockquote>\n<p><strong>BELLUNO<\/strong> Nelle ultime 24 ore sono decedute due persone covid positive: una donna di 82 anni nell\u2019ospedale di comunit\u00e0 di Belluno, un uomo di 77 anni ricoverato in Rianimazione a Feltre. 66 i nuovi positivi in Ulss 1 Dolomiti.<\/p>\n<p><strong>Ricoveri <\/strong><\/p>\n<p><em>(dato alle ore 17.00 fonte: Azienda Zero)<\/em><\/p>\n<p>Le persone attualmente POSITIVE ricoverate negli ospedali dell\u2019Ulss Dolomiti sono:<\/p>\n<table>\n<tbody>\n<tr>\n<td width=\"217\"><strong>\u00a0<\/strong><\/td>\n<td width=\"217\"><strong>Area NON CRITICA<\/strong><\/td>\n<td width=\"217\"><strong>Terapia Intensiva<\/strong><\/td>\n<\/tr>\n<tr>\n<td width=\"217\"><strong>Ospedale di Belluno <\/strong><\/td>\n<td width=\"217\">56<\/td>\n<td width=\"217\">8<\/td>\n<\/tr>\n<tr>\n<td width=\"217\"><strong>Ospedale di Feltre<\/strong><\/p>\n<p><strong>Ospedale di Agordo<\/strong><\/td>\n<td width=\"217\">48<\/p>\n<p>16<\/td>\n<td width=\"217\">6<\/td>\n<\/tr>\n<\/tbody>\n<\/table>\n<p>&nbsp;<\/p>\n<p>Le persone attualmente POSITIVE ricoverate in Ospedale di Comunit\u00e0 sono:<\/p>\n<table>\n<tbody>\n<tr>\n<td width=\"326\"><strong>\u00a0<\/strong><\/td>\n<td width=\"326\"><strong>pazienti attualmente positivi<\/strong><\/td>\n<\/tr>\n<tr>\n<td width=\"326\"><strong>Ospedale di Comunit\u00e0 ALANO<\/strong><\/td>\n<td width=\"326\">5<\/td>\n<\/tr>\n<tr>\n<td width=\"326\"><strong>Ospedale di Comunit\u00e0 AURONZO<\/strong><\/p>\n<p><strong>Ospedale di Comunit\u00e0 di BELLUNO\u00a0\u00a0\u00a0\u00a0\u00a0\u00a0\u00a0\u00a0\u00a0\u00a0\u00a0\u00a0\u00a0\u00a0\u00a0\u00a0\u00a0\u00a0\u00a0\u00a0\u00a0\u00a0\u00a0\u00a0\u00a0\u00a0\u00a0\u00a0\u00a0\u00a0\u00a0\u00a0\u00a0\u00a0\u00a0\u00a0\u00a0\u00a0\u00a0\u00a0 <\/strong><\/td>\n<td width=\"326\">3<\/p>\n<p>30<\/td>\n<\/tr>\n<tr>\n<td width=\"326\"><strong>Ospedale di Comunit\u00e0 di FELTRE<\/strong><\/td>\n<td width=\"326\">16<\/td>\n<\/tr>\n<\/tbody>\n<\/table>\n<p>&nbsp;<\/p>\n<p>Oggi, vista l\u2019allerta meteo, \u00e8 sospeso il drive-in tamponi di Cortina.<\/p>\n<p>&nbsp;<\/p>\n<p>&nbsp;<\/p>\n<hr \/>\n<p>&nbsp;<\/p>\n<blockquote>\n<h3>IN DIRETTA DAL CA\u2019 FONCELLO DI TREVISO PER L\u2019AVVIO DELLA CAMPAGNA VACCINI<\/h3>\n<\/blockquote>\n<p>https:\/\/www.facebook.com\/ulss2marcatrevigiana\/videos\/415532946428441<\/p>\n<blockquote>\n<h3>V-DAY: VACCINATI I PRIMI 40 OPERATORI SANITARI DELLA ULSS 1 DOLOMITI<\/h3>\n<\/blockquote>\n<p><strong>BELLUNO <\/strong>Vaccinati contro il Covid i primi 40 operatori sanitari dell\u2019Ulss Dolomiti: tutto si \u00e8 svolto con regolarit\u00e0\u00a0 e con un po\u2019 di emozione per un traguardo, e insieme una partenza, che fa guardare con speranza al futuro. Le dosi di vaccino sono\u00a0 arrivate poco dopo le 11 a\u00a0 Belluno e Feltre. Sono state quindi preparate dai due team vaccinali composti da un medico e tre assistenti sanitarie\/infermiere esperte in vaccinazioni ciascuno, secondo i criteri di allestimento definiti a livello internazionale e dettagliati dalla Farmacia ospedaliera. Le vaccinazioni sono iniziate alle 12.00: a Belluno in modalit\u00e0 drive-in nella postazione allestita all\u2019ospedale San Martino (area San Gervasio) e a Feltre nella sala convegni dell\u2019ospedale. Le due location rispondono alle raccomandazioni nazionali e regionali relative allo svolgimento delle vaccinazioni in grandi spazi o all\u2019aperto per ovvie ragioni di massima sicurezza covid dei vaccinandi e dei vaccinatori . La modalit\u00e0 drive-in \u00e8 stata confermata alla luce degli eccellenti risultati nella campagna vaccinale estiva TBE e della campagna autunnale antinfluenzale e antipneumococco, e si presenta, anche per questo percorso vaccinale, particolarmente idonea in termini di sicurezza covid e di fluidit\u00e0 operativa. I primi 40 operatori vaccinati, 20 a Belluno e 20 a Feltre, sono stati individuati dalle due direzioni mediche ospedaliere e dalle due direzioni di distretto su base volontaria. Si tratta di professionisti (medici, infermieri e OSS) afferenti a reparti o categorie direttamente coinvolte nell\u2019assistenza a pazienti Covid (Rianimazione, Pneumologia, Malattie Infettive, Medicina, Geriatria, Ospedale di comunit\u00e0, Pronto soccorso, Medicina di famiglia, USCA). Tutti i soggetti sono stati convocati a cadenza di 5 minuti dalle 12.00 in poi. Le vaccinazioni si sono concluse verso le 13.30. \u00c9 stato somministrato il vaccino\u00a0 Pfizer-BioNTech. Questo vaccino utilizzano il RNA messaggero per \u201ceducare\u201d il sistema immunitario a riconoscere e neutralizzare molecole specifiche (antigeni) del SARS-CoV-2, in particolare la proteina S. Dopo la vaccinazione, i soggetti vaccinati hanno aspettato, sorvegliati, nei pressi del punto vaccinale 15 minuti, come da linee guida. Non sono stati registrati effetti collaterali significativi. Agli stessi vaccinati oggi \u00e8 gi\u00e0 stata programmata la somministrazione della seconda dose prevista per il 17 gennaio a 21 giorni dalla prima. Erano presenti per portare ancora una volta il ringraziamento al personale sanitario l\u2019Assessore regionale alla Protezione Civile Gianpaolo Bottacin e il presidente della Provincia Roberto Padrin a Belluno e il presidente della Conferenza dei Sindaci Paolo Perenzin a Feltre. Domani sar\u00e0 perfezionato e comunicato in Regione il Piano Vaccinale di dettaglio con la programmazione delle prossime settimane di lavoro in base alle dosi assegnate (previste circa 2.000 dosi a settimana).<\/p>\n\n\t\t\t<style type='text\/css'>\n\t\t\t\t#gallery-1 {\n\t\t\t\t\tmargin: auto;\n\t\t\t\t}\n\t\t\t\t#gallery-1 .gallery-item {\n\t\t\t\t\tfloat: left;\n\t\t\t\t\tmargin-top: 10px;\n\t\t\t\t\ttext-align: center;\n\t\t\t\t\twidth: 16%;\n\t\t\t\t}\n\t\t\t\t#gallery-1 img {\n\t\t\t\t\tborder: 2px solid #cfcfcf;\n\t\t\t\t}\n\t\t\t\t#gallery-1 .gallery-caption {\n\t\t\t\t\tmargin-left: 0;\n\t\t\t\t}\n\t\t\t\t\/* see gallery_shortcode() in wp-includes\/media.php *\/\n\t\t\t<\/style>\n\t\t<div id='gallery-1' class='dt-gallery-container gallery galleryid-181626 gallery-columns-6 gallery-size-thumbnail'><dl class='gallery-item'>\n\t\t\t\t<dt class='gallery-icon portrait'>\n\t\t\t\t\t<a class=\"rollover rollover-zoom dt-pswp-item\" title=\"arrivo vaccino feltre\" data-dt-img-description=\"\" data-large_image_width=\"768\" data-large_image_height=\"1024\"href='https:\/\/www.radiopiu.net\/wordpress\/wp-content\/uploads\/2020\/12\/arrivo-vaccino-feltre.jpeg'><img loading=\"lazy\" decoding=\"async\" width=\"150\" height=\"150\" src=\"https:\/\/www.radiopiu.net\/wordpress\/wp-content\/uploads\/2020\/12\/arrivo-vaccino-feltre-150x150.jpeg\" class=\"attachment-thumbnail size-thumbnail\" alt=\"\" aria-describedby=\"gallery-1-181706\" \/><\/a>\n\t\t\t\t<\/dt>\n\t\t\t\t\t<dd class='wp-caption-text gallery-caption' id='gallery-1-181706'>\n\t\t\t\t\tL&#8217;ARRIVO DEL VACCINO A FELTRE\n\t\t\t\t\t<\/dd><\/dl><dl class='gallery-item'>\n\t\t\t\t<dt class='gallery-icon landscape'>\n\t\t\t\t\t<a class=\"rollover rollover-zoom dt-pswp-item\" title=\"arianna pasquali con altri vaccinati e direzzione medica feltre\" data-dt-img-description=\"\" data-large_image_width=\"1380\" data-large_image_height=\"1140\"href='https:\/\/www.radiopiu.net\/wordpress\/wp-content\/uploads\/2020\/12\/arianna-pasquali-con-altri-vaccinati-e-direzzione-medica-feltre.jpg'><img loading=\"lazy\" decoding=\"async\" width=\"150\" height=\"150\" src=\"https:\/\/www.radiopiu.net\/wordpress\/wp-content\/uploads\/2020\/12\/arianna-pasquali-con-altri-vaccinati-e-direzzione-medica-feltre-150x150.jpg\" class=\"attachment-thumbnail size-thumbnail\" alt=\"\" aria-describedby=\"gallery-1-181699\" \/><\/a>\n\t\t\t\t<\/dt>\n\t\t\t\t\t<dd class='wp-caption-text gallery-caption' id='gallery-1-181699'>\n\t\t\t\t\tARIANNA PASQUALI E LA DIREZIONE MEDICA DI FELTRE\n\t\t\t\t\t<\/dd><\/dl><dl class='gallery-item'>\n\t\t\t\t<dt class='gallery-icon landscape'>\n\t\t\t\t\t<a class=\"rollover rollover-zoom dt-pswp-item\" title=\"bortot\" data-dt-img-description=\"\" data-large_image_width=\"1599\" data-large_image_height=\"1599\"href='https:\/\/www.radiopiu.net\/wordpress\/wp-content\/uploads\/2020\/12\/bortot.jpg'><img loading=\"lazy\" decoding=\"async\" width=\"150\" height=\"150\" src=\"https:\/\/www.radiopiu.net\/wordpress\/wp-content\/uploads\/2020\/12\/bortot-150x150.jpg\" class=\"attachment-thumbnail size-thumbnail\" alt=\"\" aria-describedby=\"gallery-1-181700\" srcset=\"https:\/\/www.radiopiu.net\/wordpress\/wp-content\/uploads\/2020\/12\/bortot-150x150.jpg 150w, https:\/\/www.radiopiu.net\/wordpress\/wp-content\/uploads\/2020\/12\/bortot-300x300.jpg 300w, https:\/\/www.radiopiu.net\/wordpress\/wp-content\/uploads\/2020\/12\/bortot-1024x1024.jpg 1024w, https:\/\/www.radiopiu.net\/wordpress\/wp-content\/uploads\/2020\/12\/bortot-768x768.jpg 768w, https:\/\/www.radiopiu.net\/wordpress\/wp-content\/uploads\/2020\/12\/bortot-1536x1536.jpg 1536w, https:\/\/www.radiopiu.net\/wordpress\/wp-content\/uploads\/2020\/12\/bortot.jpg 1599w\" sizes=\"auto, (max-width: 150px) 100vw, 150px\" \/><\/a>\n\t\t\t\t<\/dt>\n\t\t\t\t\t<dd class='wp-caption-text gallery-caption' id='gallery-1-181700'>\n\t\t\t\t\tUNA VACCINAZIONE\n\t\t\t\t\t<\/dd><\/dl><dl class='gallery-item'>\n\t\t\t\t<dt class='gallery-icon landscape'>\n\t\t\t\t\t<a class=\"rollover rollover-zoom dt-pswp-item\" title=\"drive in neve\" data-dt-img-description=\"\" data-large_image_width=\"1599\" data-large_image_height=\"1599\"href='https:\/\/www.radiopiu.net\/wordpress\/wp-content\/uploads\/2020\/12\/drive-in-neve.jpg'><img loading=\"lazy\" decoding=\"async\" width=\"150\" height=\"150\" src=\"https:\/\/www.radiopiu.net\/wordpress\/wp-content\/uploads\/2020\/12\/drive-in-neve-150x150.jpg\" class=\"attachment-thumbnail size-thumbnail\" alt=\"\" aria-describedby=\"gallery-1-181701\" srcset=\"https:\/\/www.radiopiu.net\/wordpress\/wp-content\/uploads\/2020\/12\/drive-in-neve-150x150.jpg 150w, https:\/\/www.radiopiu.net\/wordpress\/wp-content\/uploads\/2020\/12\/drive-in-neve-300x300.jpg 300w, https:\/\/www.radiopiu.net\/wordpress\/wp-content\/uploads\/2020\/12\/drive-in-neve-1024x1024.jpg 1024w, https:\/\/www.radiopiu.net\/wordpress\/wp-content\/uploads\/2020\/12\/drive-in-neve-768x768.jpg 768w, https:\/\/www.radiopiu.net\/wordpress\/wp-content\/uploads\/2020\/12\/drive-in-neve-1536x1536.jpg 1536w, https:\/\/www.radiopiu.net\/wordpress\/wp-content\/uploads\/2020\/12\/drive-in-neve.jpg 1599w\" sizes=\"auto, (max-width: 150px) 100vw, 150px\" \/><\/a>\n\t\t\t\t<\/dt>\n\t\t\t\t\t<dd class='wp-caption-text gallery-caption' id='gallery-1-181701'>\n\t\t\t\t\tIL DRIVE-IN\n\t\t\t\t\t<\/dd><\/dl><dl class='gallery-item'>\n\t\t\t\t<dt class='gallery-icon portrait'>\n\t\t\t\t\t<a class=\"rollover rollover-zoom dt-pswp-item\" title=\"liliana dagostini\" data-dt-img-description=\"\" data-large_image_width=\"1200\" data-large_image_height=\"1600\"href='https:\/\/www.radiopiu.net\/wordpress\/wp-content\/uploads\/2020\/12\/liliana-dagostini.jpg'><img loading=\"lazy\" decoding=\"async\" width=\"150\" height=\"150\" src=\"https:\/\/www.radiopiu.net\/wordpress\/wp-content\/uploads\/2020\/12\/liliana-dagostini-150x150.jpg\" class=\"attachment-thumbnail size-thumbnail\" alt=\"\" aria-describedby=\"gallery-1-181702\" \/><\/a>\n\t\t\t\t<\/dt>\n\t\t\t\t\t<dd class='wp-caption-text gallery-caption' id='gallery-1-181702'>\n\t\t\t\t\tILIANA D&#8217;AGOSTINI\n\t\t\t\t\t<\/dd><\/dl><dl class='gallery-item'>\n\t\t\t\t<dt class='gallery-icon landscape'>\n\t\t\t\t\t<a class=\"rollover rollover-zoom dt-pswp-item\" title=\"preparazione dosi\" data-dt-img-description=\"\" data-large_image_width=\"1599\" data-large_image_height=\"1599\"href='https:\/\/www.radiopiu.net\/wordpress\/wp-content\/uploads\/2020\/12\/preparazione-dosi.jpg'><img loading=\"lazy\" decoding=\"async\" width=\"150\" height=\"150\" src=\"https:\/\/www.radiopiu.net\/wordpress\/wp-content\/uploads\/2020\/12\/preparazione-dosi-150x150.jpg\" class=\"attachment-thumbnail size-thumbnail\" alt=\"\" aria-describedby=\"gallery-1-181703\" srcset=\"https:\/\/www.radiopiu.net\/wordpress\/wp-content\/uploads\/2020\/12\/preparazione-dosi-150x150.jpg 150w, https:\/\/www.radiopiu.net\/wordpress\/wp-content\/uploads\/2020\/12\/preparazione-dosi-300x300.jpg 300w, https:\/\/www.radiopiu.net\/wordpress\/wp-content\/uploads\/2020\/12\/preparazione-dosi-1024x1024.jpg 1024w, https:\/\/www.radiopiu.net\/wordpress\/wp-content\/uploads\/2020\/12\/preparazione-dosi-768x768.jpg 768w, https:\/\/www.radiopiu.net\/wordpress\/wp-content\/uploads\/2020\/12\/preparazione-dosi-1536x1536.jpg 1536w, https:\/\/www.radiopiu.net\/wordpress\/wp-content\/uploads\/2020\/12\/preparazione-dosi.jpg 1599w\" sizes=\"auto, (max-width: 150px) 100vw, 150px\" \/><\/a>\n\t\t\t\t<\/dt>\n\t\t\t\t\t<dd class='wp-caption-text gallery-caption' id='gallery-1-181703'>\n\t\t\t\t\tLA PREPARAZIONE DELLE DOSI\n\t\t\t\t\t<\/dd><\/dl><br style=\"clear: both\" \/>\n\t\t\t<\/div>\n\n<p>&nbsp;<\/p>\n<hr \/>\n<p>&nbsp;<\/p>\n<blockquote>\n<h3>V-DAY, D&#8217;INCA&#8217;: &#8220;UNA GIORNATA STORICA, ORA VIETATO ABBASSARE LA GUARDIA&#8221;<\/h3>\n<\/blockquote>\n<p><strong><a href=\"https:\/\/www.radiopiu.net\/wordpress\/giornale-radiopiu-23-aprile-2020-direttore-mirko-mezzacasa\/federico-dinca-3\/\" rel=\"attachment wp-att-132319\"><img loading=\"lazy\" decoding=\"async\" class=\" wp-image-132319 alignleft\" src=\"https:\/\/www.radiopiu.net\/wordpress\/wp-content\/uploads\/2020\/04\/FEDERICO-DINCA-237x300.png\" alt=\"\" width=\"98\" height=\"124\" srcset=\"https:\/\/www.radiopiu.net\/wordpress\/wp-content\/uploads\/2020\/04\/FEDERICO-DINCA-237x300.png 237w, https:\/\/www.radiopiu.net\/wordpress\/wp-content\/uploads\/2020\/04\/FEDERICO-DINCA-808x1024.png 808w, https:\/\/www.radiopiu.net\/wordpress\/wp-content\/uploads\/2020\/04\/FEDERICO-DINCA-768x973.png 768w, https:\/\/www.radiopiu.net\/wordpress\/wp-content\/uploads\/2020\/04\/FEDERICO-DINCA.png 1018w\" sizes=\"auto, (max-width: 98px) 100vw, 98px\" \/><\/a>ROMA<\/strong> \u201c\u00c8 stato particolarmente emozionante vedere arrivare nella nostra regione le prime dosi di vaccino: quella di oggi \u00e8 una giornata storica per il Veneto e per l\u2019intero Paese che dar\u00e0 il via ad una graduale liberazione da un nemico con cui combattiamo da molto tempo\u201d.<br \/>\nLo afferma in una nota Federico D\u2019Inc\u00e0, Ministro per Rapporti con il Parlamento, in occasione delle prime vaccinazioni anti Covid in Veneto. \u201cI primi vaccini che oggi sono stati somministrati sono il frutto di un intenso lavoro da parte del Governo e di tutta la maggioranza, con un piano ben organizzato e con una collaborazione sempre pi\u00f9 crescente tra gli Stati Europei &#8211; prosegue il Ministro D\u2019Inc\u00e0 che aggiunge -: in questi mesi ho spesso parlato della necessit\u00e0 di coesione e di remare tutti assieme nella stessa direzione, seguendo un obiettivo comune e mai come in questo momento dobbiamo essere uniti per vincere questa battaglia\u201d. D\u2019Inc\u00e0 ricorda che \u201csar\u00e0 ancora una volta fondamentale mantenere elevata l\u2019attenzione e non abbassare la guardia, perch\u00e9 non possiamo permetterci errori: mi appello, quindi, al grande senso di responsabilit\u00e0 dei cittadini veneti dimostrato gi\u00e0 fin dall\u2019inizio della pandemia. Ci vorr\u00e0 ancora del tempo ma\u00a0 torneremo presto alla normalit\u00e0\u201d. \u201cMi vacciner\u00f2 appena sar\u00e0 il mio turno. Ogni cittadino vaccinato costruir\u00e0 un mattone e, via via, un muro, per difenderci dal Covid. Ringrazio tutti i medici e il personale sanitario che in questi mesi hanno combattuto in prima linea per salvare migliaia di italiani &#8211; conclude il Ministro per i Rapporti con il Parlamento\u201d.<\/p>\n<p>&nbsp;<\/p>\n<p>&nbsp;<\/p>\n<hr \/>\n<p>&nbsp;<\/p>\n<blockquote>\n<h3>IL VENETO NON HA IL 36,3 PER CENTO DI POSITIVI SUI TAMPONI, DATO ERRONEO. PRECISAZIONE DEL DIPARTIMENTO DI PREVENZIONE<\/h3>\n<\/blockquote>\n<p><strong>VENEZIA <\/strong>In relazione ai dati sui positivi al Covid 19 in Veneto riportati ieri dai media, il Dipartimento Prevenzione della Regione del Veneto puntualizza: Nei giorni scorsi \u00e8 stata diffusa da Azienda Zero una tabella che fornisce una erronea lettura dell\u2019andamento dell\u2019epidemia da Covid 19 nella Regione del Veneto, in particolare per quanto riguarda le percentuali del numero dei positivi sui tamponi effettuati. La tabella \u00e8 stata peraltro redatta sulla base di una norma risalente al febbraio 2020 che prevede come la percentuale dei positivi sui tamponi sia calcolata esclusivamente sul numero dei tamponi molecolari. Da tenere presente che al momento in cui venne emanata la norma i tamponi rapidi non erano ancora disponibili, fecero infatti la comparsa sui mercati soltanto ad aprile. Occorre evidenziare inoltre che, mentre nel calcolo della percentuale viene inserito soltanto il numero dei tamponi molecolari, il numero dei positivi comprende anche i soggetti refertati con i tamponi rapidi. La vera situazione epidemiologica del Veneto non pu\u00f2 dunque non tenere conto, ai fini del calcolo dell\u2019incidenza percentuale dei positivi, della somma dei tamponi rapidi e di quelli molecolari, considerando che quotidianamente il Veneto effettua circa 20 mila tamponi molecolari e circa 40 mila tamponi rapidi. Si ricorda che in data 24 dicembre il Coordinamento della Commissione Salute delle Regioni italiane ha inviato una nota ufficiale al Ministro della Salute Speranza e ai tecnici del dicastero nella quale, peraltro, \u201csi richiede che siano precisati chiaramente il totale dei test effettuati (molecolari e antigenici) dalla singole Regioni in tutti i bollettini del Ministero e della Protezione Civile\u201d. A seguito di interfaccia con la Direzione Prevenzione del Ministero della Salute, abbiamo avuto rassicurazioni sulla pubblicazione del dato dei tamponi rapidi accanto a quello del numero dei tamponi di biologia molecolare.\u00a0 Questo elemento \u00e8 strettamente connesso alla modifica della definizione di caso che sar\u00e0 contenuta nella prossima circolare del Ministero della Salute. La proporzione dei casi sul totale dei test effettuati, sia rapidi che molecolari, consentir\u00e0 di avere un elemento pi\u00f9 preciso per la valutazione degli scenari epidemiologici.<\/p>\n<p><a href=\"https:\/\/www.radiopiu.net\/wordpress\/il-veneto-non-ha-il-363-per-cento-di-positivi-sui-tamponi-dato-erroneo-precisazione-del-dipartimento-di-prevenzione\/1687-2020-20201227-tamponi-2\/\" rel=\"attachment wp-att-181690\"><img loading=\"lazy\" decoding=\"async\" class=\"alignnone wp-image-181690 size-large\" src=\"https:\/\/www.radiopiu.net\/wordpress\/wp-content\/uploads\/2020\/12\/1687-2020-20201227-tamponi-2-1024x723.jpg\" alt=\"\" width=\"1024\" height=\"723\" srcset=\"https:\/\/www.radiopiu.net\/wordpress\/wp-content\/uploads\/2020\/12\/1687-2020-20201227-tamponi-2-1024x723.jpg 1024w, https:\/\/www.radiopiu.net\/wordpress\/wp-content\/uploads\/2020\/12\/1687-2020-20201227-tamponi-2-300x212.jpg 300w, https:\/\/www.radiopiu.net\/wordpress\/wp-content\/uploads\/2020\/12\/1687-2020-20201227-tamponi-2-768x543.jpg 768w, https:\/\/www.radiopiu.net\/wordpress\/wp-content\/uploads\/2020\/12\/1687-2020-20201227-tamponi-2-1536x1085.jpg 1536w, https:\/\/www.radiopiu.net\/wordpress\/wp-content\/uploads\/2020\/12\/1687-2020-20201227-tamponi-2.jpg 1754w\" sizes=\"auto, (max-width: 1024px) 100vw, 1024px\" \/><\/a><\/p>\n<p>&nbsp;<\/p>\n<p>&nbsp;<\/p>\n<hr \/>\n<p>&nbsp;<\/p>\n<blockquote>\n<h3>UNO SGRADITO BABBO NATALE, BOTTINO DEI MALVIVENTI 600 EURO<\/h3>\n<\/blockquote>\n<div dir=\"auto\"><strong><img loading=\"lazy\" decoding=\"async\" class=\"alignleft\" src=\"https:\/\/www.radiopiu.net\/wordpress\/wp-content\/uploads\/2020\/11\/ff410afc-8b0c-46c0-a4de-45a8768c3343.jpg\" width=\"278\" height=\"178\" \/><\/strong><\/div>\n<div dir=\"auto\"><\/div>\n<p dir=\"auto\"><strong>CESIOMAGGIORE<\/strong>\u00a0 Hanno sfidato i confini comunali, forse anche il lockdown e nella notte\u00a0 del 26 dicembre si sono introdotti in un edificio in via di ristrutturazione a Cesiomaggiore rubando due scale da elettricista, 1 compressore, una prolunga, una motosega, una carriola e anche carburante per un valore totale di 600 euro. Episodio denunciato ai Carabinieri di Santa Giustina.<\/p>\n<hr \/>\n<p>&nbsp;<\/p>\n<p>&nbsp;<\/p>\n<blockquote class=\"wp-embedded-content\" data-secret=\"hljGJy7lxf\"><p><a href=\"https:\/\/www.radiopiu.net\/wordpress\/agg-dic27\/\">CORONAVIRUS: AGGIORNAMENTO NAZIONALE 27 DICEMBRE<\/a><\/p><\/blockquote>\n<p><iframe loading=\"lazy\" class=\"wp-embedded-content\" sandbox=\"allow-scripts\" security=\"restricted\" style=\"position: absolute; clip: rect(1px, 1px, 1px, 1px);\" title=\"&#8220;CORONAVIRUS: AGGIORNAMENTO NAZIONALE 27 DICEMBRE&#8221; &#8212; Radio Pi\u00f9\" src=\"https:\/\/www.radiopiu.net\/wordpress\/agg-dic27\/embed\/#?secret=hljGJy7lxf\" data-secret=\"hljGJy7lxf\" width=\"600\" height=\"338\" frameborder=\"0\" marginwidth=\"0\" marginheight=\"0\" scrolling=\"no\"><\/iframe><\/p>\n<p>&nbsp;<\/p>\n<hr \/>\n<p>&nbsp;<\/p>\n<blockquote class=\"wp-embedded-content\" data-secret=\"gVtJP5UzXT\"><p><a href=\"https:\/\/www.radiopiu.net\/wordpress\/nelle-ultime-24-ore-2779-positivi-in-piu-nel-veneto-ricoveri-in-aumento-in-area-non-critica-88-64-i-decessi-a-belluno-66-nuove-positivita\/\">NELLE ULTIME 24 ORE 2779 POSITIVI IN PIU&#8217; NEL VENETO. RICOVERI IN AUMENTO IN AREA NON CRITICA (+88), 64 I DECESSI. A BELLUNO 66 NUOVE POSITIVITA&#8217;<\/a><\/p><\/blockquote>\n<p><iframe loading=\"lazy\" class=\"wp-embedded-content\" sandbox=\"allow-scripts\" security=\"restricted\" style=\"position: absolute; clip: rect(1px, 1px, 1px, 1px);\" title=\"&#8220;NELLE ULTIME 24 ORE 2779 POSITIVI IN PIU&#8217; NEL VENETO. RICOVERI IN AUMENTO IN AREA NON CRITICA (+88), 64 I DECESSI. A BELLUNO 66 NUOVE POSITIVITA&#8217;&#8221; &#8212; Radio Pi\u00f9\" src=\"https:\/\/www.radiopiu.net\/wordpress\/nelle-ultime-24-ore-2779-positivi-in-piu-nel-veneto-ricoveri-in-aumento-in-area-non-critica-88-64-i-decessi-a-belluno-66-nuove-positivita\/embed\/#?secret=gVtJP5UzXT\" data-secret=\"gVtJP5UzXT\" width=\"600\" height=\"338\" frameborder=\"0\" marginwidth=\"0\" marginheight=\"0\" scrolling=\"no\"><\/iframe><\/p>\n<p>&nbsp;<\/p>\n<hr \/>\n<p>&nbsp;<\/p>\n<blockquote>\n<h3>I GRAFICI DI TIZIANO DE COL<\/h3>\n<\/blockquote>\n\n\t\t\t<style type='text\/css'>\n\t\t\t\t#gallery-2 {\n\t\t\t\t\tmargin: auto;\n\t\t\t\t}\n\t\t\t\t#gallery-2 .gallery-item {\n\t\t\t\t\tfloat: left;\n\t\t\t\t\tmargin-top: 10px;\n\t\t\t\t\ttext-align: center;\n\t\t\t\t\twidth: 25%;\n\t\t\t\t}\n\t\t\t\t#gallery-2 img {\n\t\t\t\t\tborder: 2px solid #cfcfcf;\n\t\t\t\t}\n\t\t\t\t#gallery-2 .gallery-caption {\n\t\t\t\t\tmargin-left: 0;\n\t\t\t\t}\n\t\t\t\t\/* see gallery_shortcode() in wp-includes\/media.php *\/\n\t\t\t<\/style>\n\t\t<div id='gallery-2' class='dt-gallery-container gallery galleryid-181626 gallery-columns-4 gallery-size-medium'><dl class='gallery-item'>\n\t\t\t\t<dt class='gallery-icon landscape'>\n\t\t\t\t\t<a class=\"rollover rollover-zoom dt-pswp-item\" title=\"036c5a52-bfa9-4a3a-89e5-0ce365d960aa\" data-dt-img-description=\"\" data-large_image_width=\"592\" data-large_image_height=\"354\"href='https:\/\/www.radiopiu.net\/wordpress\/wp-content\/uploads\/2020\/12\/036c5a52-bfa9-4a3a-89e5-0ce365d960aa.jpg'><img loading=\"lazy\" decoding=\"async\" width=\"300\" height=\"179\" src=\"https:\/\/www.radiopiu.net\/wordpress\/wp-content\/uploads\/2020\/12\/036c5a52-bfa9-4a3a-89e5-0ce365d960aa-300x179.jpg\" class=\"attachment-medium size-medium\" alt=\"\" srcset=\"https:\/\/www.radiopiu.net\/wordpress\/wp-content\/uploads\/2020\/12\/036c5a52-bfa9-4a3a-89e5-0ce365d960aa-300x179.jpg 300w, https:\/\/www.radiopiu.net\/wordpress\/wp-content\/uploads\/2020\/12\/036c5a52-bfa9-4a3a-89e5-0ce365d960aa.jpg 592w\" sizes=\"auto, (max-width: 300px) 100vw, 300px\" \/><\/a>\n\t\t\t\t<\/dt><\/dl><dl class='gallery-item'>\n\t\t\t\t<dt class='gallery-icon landscape'>\n\t\t\t\t\t<a class=\"rollover rollover-zoom dt-pswp-item\" title=\"bbb7f9a5-dcaf-4ad9-9a2c-b850d2488b92\" data-dt-img-description=\"\" data-large_image_width=\"584\" data-large_image_height=\"345\"href='https:\/\/www.radiopiu.net\/wordpress\/wp-content\/uploads\/2020\/12\/bbb7f9a5-dcaf-4ad9-9a2c-b850d2488b92.jpg'><img loading=\"lazy\" decoding=\"async\" width=\"300\" height=\"177\" src=\"https:\/\/www.radiopiu.net\/wordpress\/wp-content\/uploads\/2020\/12\/bbb7f9a5-dcaf-4ad9-9a2c-b850d2488b92-300x177.jpg\" class=\"attachment-medium size-medium\" alt=\"\" srcset=\"https:\/\/www.radiopiu.net\/wordpress\/wp-content\/uploads\/2020\/12\/bbb7f9a5-dcaf-4ad9-9a2c-b850d2488b92-300x177.jpg 300w, https:\/\/www.radiopiu.net\/wordpress\/wp-content\/uploads\/2020\/12\/bbb7f9a5-dcaf-4ad9-9a2c-b850d2488b92.jpg 584w\" sizes=\"auto, (max-width: 300px) 100vw, 300px\" \/><\/a>\n\t\t\t\t<\/dt><\/dl><dl class='gallery-item'>\n\t\t\t\t<dt class='gallery-icon landscape'>\n\t\t\t\t\t<a class=\"rollover rollover-zoom dt-pswp-item\" title=\"7ade063d-8b27-4436-a78d-0e4dd3e51c31\" data-dt-img-description=\"\" data-large_image_width=\"596\" data-large_image_height=\"353\"href='https:\/\/www.radiopiu.net\/wordpress\/wp-content\/uploads\/2020\/12\/7ade063d-8b27-4436-a78d-0e4dd3e51c31.jpg'><img loading=\"lazy\" decoding=\"async\" width=\"300\" height=\"178\" src=\"https:\/\/www.radiopiu.net\/wordpress\/wp-content\/uploads\/2020\/12\/7ade063d-8b27-4436-a78d-0e4dd3e51c31-300x178.jpg\" class=\"attachment-medium size-medium\" alt=\"\" srcset=\"https:\/\/www.radiopiu.net\/wordpress\/wp-content\/uploads\/2020\/12\/7ade063d-8b27-4436-a78d-0e4dd3e51c31-300x178.jpg 300w, https:\/\/www.radiopiu.net\/wordpress\/wp-content\/uploads\/2020\/12\/7ade063d-8b27-4436-a78d-0e4dd3e51c31.jpg 596w\" sizes=\"auto, (max-width: 300px) 100vw, 300px\" \/><\/a>\n\t\t\t\t<\/dt><\/dl><dl class='gallery-item'>\n\t\t\t\t<dt class='gallery-icon landscape'>\n\t\t\t\t\t<a class=\"rollover rollover-zoom dt-pswp-item\" title=\"9f018f27-3976-4d37-8ff0-f3426b4b40ed\" data-dt-img-description=\"\" data-large_image_width=\"600\" data-large_image_height=\"354\"href='https:\/\/www.radiopiu.net\/wordpress\/wp-content\/uploads\/2020\/12\/9f018f27-3976-4d37-8ff0-f3426b4b40ed.jpg'><img loading=\"lazy\" decoding=\"async\" width=\"300\" height=\"177\" src=\"https:\/\/www.radiopiu.net\/wordpress\/wp-content\/uploads\/2020\/12\/9f018f27-3976-4d37-8ff0-f3426b4b40ed-300x177.jpg\" class=\"attachment-medium size-medium\" alt=\"\" srcset=\"https:\/\/www.radiopiu.net\/wordpress\/wp-content\/uploads\/2020\/12\/9f018f27-3976-4d37-8ff0-f3426b4b40ed-300x177.jpg 300w, https:\/\/www.radiopiu.net\/wordpress\/wp-content\/uploads\/2020\/12\/9f018f27-3976-4d37-8ff0-f3426b4b40ed.jpg 600w\" sizes=\"auto, (max-width: 300px) 100vw, 300px\" \/><\/a>\n\t\t\t\t<\/dt><\/dl><br style=\"clear: both\" \/>\n\t\t\t<\/div>\n\n<p>&nbsp;<\/p>\n<hr \/>\n<p>&nbsp;<\/p>\n<blockquote>\n<h3>APERTA AL PUBBLICO LA NUOVA PIAZZA DEL MUNICIPIO A VOLTAGO<\/h3>\n<\/blockquote>\n<p><strong>VOLTAGO\u00a0<\/strong><\/p>\n<p>di Gianni Santomaso<\/p>\n<audio class=\"wp-audio-shortcode\" id=\"audio-181626-1\" preload=\"none\" style=\"width: 100%;\" controls=\"controls\"><source type=\"audio\/mpeg\" src=\"https:\/\/www.radiopiu.net\/wordpress\/wp-content\/uploads\/2020\/12\/GIANNI-LAVORI-VOLTAGO.mp3?_=1\" \/><a href=\"https:\/\/www.radiopiu.net\/wordpress\/wp-content\/uploads\/2020\/12\/GIANNI-LAVORI-VOLTAGO.mp3\">https:\/\/www.radiopiu.net\/wordpress\/wp-content\/uploads\/2020\/12\/GIANNI-LAVORI-VOLTAGO.mp3<\/a><\/audio>\n<p>&nbsp;<\/p>\n\n\t\t\t<style type='text\/css'>\n\t\t\t\t#gallery-3 {\n\t\t\t\t\tmargin: auto;\n\t\t\t\t}\n\t\t\t\t#gallery-3 .gallery-item {\n\t\t\t\t\tfloat: left;\n\t\t\t\t\tmargin-top: 10px;\n\t\t\t\t\ttext-align: center;\n\t\t\t\t\twidth: 20%;\n\t\t\t\t}\n\t\t\t\t#gallery-3 img {\n\t\t\t\t\tborder: 2px solid #cfcfcf;\n\t\t\t\t}\n\t\t\t\t#gallery-3 .gallery-caption {\n\t\t\t\t\tmargin-left: 0;\n\t\t\t\t}\n\t\t\t\t\/* see gallery_shortcode() in wp-includes\/media.php *\/\n\t\t\t<\/style>\n\t\t<div id='gallery-3' class='dt-gallery-container gallery galleryid-181626 gallery-columns-5 gallery-size-thumbnail'><dl class='gallery-item'>\n\t\t\t\t<dt class='gallery-icon landscape'>\n\t\t\t\t\t<a class=\"rollover rollover-zoom dt-pswp-item\" title=\"b8e00d57-36a4-4c70-9349-27d7020f3b93\" data-dt-img-description=\"\" data-large_image_width=\"1600\" data-large_image_height=\"800\"href='https:\/\/www.radiopiu.net\/wordpress\/wp-content\/uploads\/2020\/12\/b8e00d57-36a4-4c70-9349-27d7020f3b93.jpg'><img loading=\"lazy\" decoding=\"async\" width=\"150\" height=\"150\" src=\"https:\/\/www.radiopiu.net\/wordpress\/wp-content\/uploads\/2020\/12\/b8e00d57-36a4-4c70-9349-27d7020f3b93-150x150.jpg\" class=\"attachment-thumbnail size-thumbnail\" alt=\"\" \/><\/a>\n\t\t\t\t<\/dt><\/dl><dl class='gallery-item'>\n\t\t\t\t<dt class='gallery-icon landscape'>\n\t\t\t\t\t<a class=\"rollover rollover-zoom dt-pswp-item\" title=\"e2bee620-a46b-40ca-a5e8-e34d1bb52be9\" data-dt-img-description=\"\" data-large_image_width=\"1600\" data-large_image_height=\"1200\"href='https:\/\/www.radiopiu.net\/wordpress\/wp-content\/uploads\/2020\/12\/e2bee620-a46b-40ca-a5e8-e34d1bb52be9.jpg'><img loading=\"lazy\" decoding=\"async\" width=\"150\" height=\"150\" src=\"https:\/\/www.radiopiu.net\/wordpress\/wp-content\/uploads\/2020\/12\/e2bee620-a46b-40ca-a5e8-e34d1bb52be9-150x150.jpg\" class=\"attachment-thumbnail size-thumbnail\" alt=\"\" \/><\/a>\n\t\t\t\t<\/dt><\/dl><dl class='gallery-item'>\n\t\t\t\t<dt class='gallery-icon landscape'>\n\t\t\t\t\t<a class=\"rollover rollover-zoom dt-pswp-item\" title=\"c2d996b4-ab5a-44b4-bd29-3e63ed5c382d\" data-dt-img-description=\"\" data-large_image_width=\"1600\" data-large_image_height=\"1200\"href='https:\/\/www.radiopiu.net\/wordpress\/wp-content\/uploads\/2020\/12\/c2d996b4-ab5a-44b4-bd29-3e63ed5c382d.jpg'><img loading=\"lazy\" decoding=\"async\" width=\"150\" height=\"150\" src=\"https:\/\/www.radiopiu.net\/wordpress\/wp-content\/uploads\/2020\/12\/c2d996b4-ab5a-44b4-bd29-3e63ed5c382d-150x150.jpg\" class=\"attachment-thumbnail size-thumbnail\" alt=\"\" \/><\/a>\n\t\t\t\t<\/dt><\/dl><dl class='gallery-item'>\n\t\t\t\t<dt class='gallery-icon landscape'>\n\t\t\t\t\t<a class=\"rollover rollover-zoom dt-pswp-item\" title=\"1fb1abfc-a5a6-4b60-982a-458ecd7df2d0\" data-dt-img-description=\"\" data-large_image_width=\"1600\" data-large_image_height=\"1200\"href='https:\/\/www.radiopiu.net\/wordpress\/wp-content\/uploads\/2020\/12\/1fb1abfc-a5a6-4b60-982a-458ecd7df2d0.jpg'><img loading=\"lazy\" decoding=\"async\" width=\"150\" height=\"150\" src=\"https:\/\/www.radiopiu.net\/wordpress\/wp-content\/uploads\/2020\/12\/1fb1abfc-a5a6-4b60-982a-458ecd7df2d0-150x150.jpg\" class=\"attachment-thumbnail size-thumbnail\" alt=\"\" \/><\/a>\n\t\t\t\t<\/dt><\/dl><dl class='gallery-item'>\n\t\t\t\t<dt class='gallery-icon landscape'>\n\t\t\t\t\t<a class=\"rollover rollover-zoom dt-pswp-item\" title=\"16680fb2-6872-4537-87a6-780114a6527c\" data-dt-img-description=\"\" data-large_image_width=\"1600\" data-large_image_height=\"1200\"href='https:\/\/www.radiopiu.net\/wordpress\/wp-content\/uploads\/2020\/12\/16680fb2-6872-4537-87a6-780114a6527c.jpg'><img loading=\"lazy\" decoding=\"async\" width=\"150\" height=\"150\" src=\"https:\/\/www.radiopiu.net\/wordpress\/wp-content\/uploads\/2020\/12\/16680fb2-6872-4537-87a6-780114a6527c-150x150.jpg\" class=\"attachment-thumbnail size-thumbnail\" alt=\"\" \/><\/a>\n\t\t\t\t<\/dt><\/dl><br style=\"clear: both\" \/>\n\t\t\t<\/div>\n\n<p>&nbsp;<\/p>\n<p>&nbsp;<\/p>\n<hr \/>\n<p>&nbsp;<\/p>\n<p>&nbsp;<\/p>\n<blockquote>\n<h3>&#8220;NON POSSO USARE LA MIA ROULOTTE FISSA. PERCHE&#8217;?&#8221; LA PROTESTA DI UN VILLEGGIANTE<\/h3>\n<\/blockquote>\n<p><strong><a href=\"https:\/\/www.radiopiu.net\/wordpress\/giornale-radiopiu-18-gennaio-2020-direttore-mirko-mezzacasa\/camping\/\" rel=\"attachment wp-att-113467\"><img loading=\"lazy\" decoding=\"async\" class=\"size-medium wp-image-113467 alignleft\" src=\"https:\/\/www.radiopiu.net\/wordpress\/wp-content\/uploads\/2020\/01\/camping-300x225.jpg\" alt=\"\" width=\"300\" height=\"225\" srcset=\"https:\/\/www.radiopiu.net\/wordpress\/wp-content\/uploads\/2020\/01\/camping-300x225.jpg 300w, https:\/\/www.radiopiu.net\/wordpress\/wp-content\/uploads\/2020\/01\/camping.jpg 550w\" sizes=\"auto, (max-width: 300px) 100vw, 300px\" \/><\/a>SELVA DI CADORE<\/strong><\/p>\n<p>di Gianni Santomaso<\/p>\n<audio class=\"wp-audio-shortcode\" id=\"audio-181626-2\" preload=\"none\" style=\"width: 100%;\" controls=\"controls\"><source type=\"audio\/mpeg\" src=\"https:\/\/www.radiopiu.net\/wordpress\/wp-content\/uploads\/2020\/12\/GIANNI-PROTESTA-ROULOTTE.mp3?_=2\" \/><a href=\"https:\/\/www.radiopiu.net\/wordpress\/wp-content\/uploads\/2020\/12\/GIANNI-PROTESTA-ROULOTTE.mp3\">https:\/\/www.radiopiu.net\/wordpress\/wp-content\/uploads\/2020\/12\/GIANNI-PROTESTA-ROULOTTE.mp3<\/a><\/audio>\n<p>&nbsp;<\/p>\n<hr \/>\n<p>&nbsp;<\/p>\n<p>&nbsp;<\/p>\n<blockquote>\n<h3>IL PRESEPE DI FRASSENE&#8217;, UNA TRADIZIONE<\/h3>\n<\/blockquote>\n<p><strong>VOLTAGO<\/strong> In viaggio tra il presepe di Frassen\u00e8, fatto dagli abitanti della frazione di Voltago.<\/p>\n<p><strong>LE FOTO<\/strong><\/p>\n\n\t\t\t<style type='text\/css'>\n\t\t\t\t#gallery-4 {\n\t\t\t\t\tmargin: auto;\n\t\t\t\t}\n\t\t\t\t#gallery-4 .gallery-item {\n\t\t\t\t\tfloat: left;\n\t\t\t\t\tmargin-top: 10px;\n\t\t\t\t\ttext-align: center;\n\t\t\t\t\twidth: 16%;\n\t\t\t\t}\n\t\t\t\t#gallery-4 img {\n\t\t\t\t\tborder: 2px solid #cfcfcf;\n\t\t\t\t}\n\t\t\t\t#gallery-4 .gallery-caption {\n\t\t\t\t\tmargin-left: 0;\n\t\t\t\t}\n\t\t\t\t\/* see gallery_shortcode() in wp-includes\/media.php *\/\n\t\t\t<\/style>\n\t\t<div id='gallery-4' class='dt-gallery-container gallery galleryid-181626 gallery-columns-6 gallery-size-thumbnail'><dl class='gallery-item'>\n\t\t\t\t<dt class='gallery-icon landscape'>\n\t\t\t\t\t<a class=\"rollover rollover-zoom dt-pswp-item\" title=\"c9800177-3703-40e6-89db-83c471dcb9dd\" data-dt-img-description=\"\" data-large_image_width=\"1024\" data-large_image_height=\"855\"href='https:\/\/www.radiopiu.net\/wordpress\/wp-content\/uploads\/2020\/12\/c9800177-3703-40e6-89db-83c471dcb9dd.jpg'><img loading=\"lazy\" decoding=\"async\" width=\"150\" height=\"150\" src=\"https:\/\/www.radiopiu.net\/wordpress\/wp-content\/uploads\/2020\/12\/c9800177-3703-40e6-89db-83c471dcb9dd-150x150.jpg\" class=\"attachment-thumbnail size-thumbnail\" alt=\"\" \/><\/a>\n\t\t\t\t<\/dt><\/dl><dl class='gallery-item'>\n\t\t\t\t<dt class='gallery-icon landscape'>\n\t\t\t\t\t<a class=\"rollover rollover-zoom dt-pswp-item\" title=\"f07f9329-823c-4034-ae79-4100db7a1373\" data-dt-img-description=\"\" data-large_image_width=\"1024\" data-large_image_height=\"768\"href='https:\/\/www.radiopiu.net\/wordpress\/wp-content\/uploads\/2020\/12\/f07f9329-823c-4034-ae79-4100db7a1373.jpg'><img loading=\"lazy\" decoding=\"async\" width=\"150\" height=\"150\" src=\"https:\/\/www.radiopiu.net\/wordpress\/wp-content\/uploads\/2020\/12\/f07f9329-823c-4034-ae79-4100db7a1373-150x150.jpg\" class=\"attachment-thumbnail size-thumbnail\" alt=\"\" \/><\/a>\n\t\t\t\t<\/dt><\/dl><dl class='gallery-item'>\n\t\t\t\t<dt class='gallery-icon portrait'>\n\t\t\t\t\t<a class=\"rollover rollover-zoom dt-pswp-item\" title=\"e38cc6e7-5482-4ab2-a041-6802544e270f\" data-dt-img-description=\"\" data-large_image_width=\"650\" data-large_image_height=\"1024\"href='https:\/\/www.radiopiu.net\/wordpress\/wp-content\/uploads\/2020\/12\/e38cc6e7-5482-4ab2-a041-6802544e270f.jpg'><img loading=\"lazy\" decoding=\"async\" width=\"150\" height=\"150\" src=\"https:\/\/www.radiopiu.net\/wordpress\/wp-content\/uploads\/2020\/12\/e38cc6e7-5482-4ab2-a041-6802544e270f-150x150.jpg\" class=\"attachment-thumbnail size-thumbnail\" alt=\"\" \/><\/a>\n\t\t\t\t<\/dt><\/dl><dl class='gallery-item'>\n\t\t\t\t<dt class='gallery-icon portrait'>\n\t\t\t\t\t<a class=\"rollover rollover-zoom dt-pswp-item\" title=\"803cf16c-366e-4319-a129-a18a9264f06c\" data-dt-img-description=\"\" data-large_image_width=\"454\" data-large_image_height=\"1024\"href='https:\/\/www.radiopiu.net\/wordpress\/wp-content\/uploads\/2020\/12\/803cf16c-366e-4319-a129-a18a9264f06c.jpg'><img loading=\"lazy\" decoding=\"async\" width=\"150\" height=\"150\" src=\"https:\/\/www.radiopiu.net\/wordpress\/wp-content\/uploads\/2020\/12\/803cf16c-366e-4319-a129-a18a9264f06c-150x150.jpg\" class=\"attachment-thumbnail size-thumbnail\" alt=\"\" \/><\/a>\n\t\t\t\t<\/dt><\/dl><dl class='gallery-item'>\n\t\t\t\t<dt class='gallery-icon portrait'>\n\t\t\t\t\t<a class=\"rollover rollover-zoom dt-pswp-item\" title=\"90da3681-99b4-43d0-adf4-9589c0788689\" data-dt-img-description=\"\" data-large_image_width=\"771\" data-large_image_height=\"1024\"href='https:\/\/www.radiopiu.net\/wordpress\/wp-content\/uploads\/2020\/12\/90da3681-99b4-43d0-adf4-9589c0788689.jpg'><img loading=\"lazy\" decoding=\"async\" width=\"150\" height=\"150\" src=\"https:\/\/www.radiopiu.net\/wordpress\/wp-content\/uploads\/2020\/12\/90da3681-99b4-43d0-adf4-9589c0788689-150x150.jpg\" class=\"attachment-thumbnail size-thumbnail\" alt=\"\" \/><\/a>\n\t\t\t\t<\/dt><\/dl><dl class='gallery-item'>\n\t\t\t\t<dt class='gallery-icon landscape'>\n\t\t\t\t\t<a class=\"rollover rollover-zoom dt-pswp-item\" title=\"5e390daf-0a06-4e3c-83cd-c127a13c4f56\" data-dt-img-description=\"\" data-large_image_width=\"1024\" data-large_image_height=\"901\"href='https:\/\/www.radiopiu.net\/wordpress\/wp-content\/uploads\/2020\/12\/5e390daf-0a06-4e3c-83cd-c127a13c4f56.jpg'><img loading=\"lazy\" decoding=\"async\" width=\"150\" height=\"150\" src=\"https:\/\/www.radiopiu.net\/wordpress\/wp-content\/uploads\/2020\/12\/5e390daf-0a06-4e3c-83cd-c127a13c4f56-150x150.jpg\" class=\"attachment-thumbnail size-thumbnail\" alt=\"\" \/><\/a>\n\t\t\t\t<\/dt><\/dl><br style=\"clear: both\" \/><dl class='gallery-item'>\n\t\t\t\t<dt class='gallery-icon landscape'>\n\t\t\t\t\t<a class=\"rollover rollover-zoom dt-pswp-item\" title=\"49114553-ff9c-40e8-a0f5-47a51d6fdb52\" data-dt-img-description=\"\" data-large_image_width=\"1024\" data-large_image_height=\"986\"href='https:\/\/www.radiopiu.net\/wordpress\/wp-content\/uploads\/2020\/12\/49114553-ff9c-40e8-a0f5-47a51d6fdb52.jpg'><img loading=\"lazy\" decoding=\"async\" width=\"150\" height=\"150\" src=\"https:\/\/www.radiopiu.net\/wordpress\/wp-content\/uploads\/2020\/12\/49114553-ff9c-40e8-a0f5-47a51d6fdb52-150x150.jpg\" class=\"attachment-thumbnail size-thumbnail\" alt=\"\" \/><\/a>\n\t\t\t\t<\/dt><\/dl><dl class='gallery-item'>\n\t\t\t\t<dt class='gallery-icon landscape'>\n\t\t\t\t\t<a class=\"rollover rollover-zoom dt-pswp-item\" title=\"62171709-5fad-489e-bea9-6117b0cbe03a\" data-dt-img-description=\"\" data-large_image_width=\"1024\" data-large_image_height=\"768\"href='https:\/\/www.radiopiu.net\/wordpress\/wp-content\/uploads\/2020\/12\/62171709-5fad-489e-bea9-6117b0cbe03a.jpg'><img loading=\"lazy\" decoding=\"async\" width=\"150\" height=\"150\" src=\"https:\/\/www.radiopiu.net\/wordpress\/wp-content\/uploads\/2020\/12\/62171709-5fad-489e-bea9-6117b0cbe03a-150x150.jpg\" class=\"attachment-thumbnail size-thumbnail\" alt=\"\" \/><\/a>\n\t\t\t\t<\/dt><\/dl><dl class='gallery-item'>\n\t\t\t\t<dt class='gallery-icon landscape'>\n\t\t\t\t\t<a class=\"rollover rollover-zoom dt-pswp-item\" title=\"4d2769dd-f2e2-4b98-89e5-f2bcbf6b8c38\" data-dt-img-description=\"\" data-large_image_width=\"1024\" data-large_image_height=\"957\"href='https:\/\/www.radiopiu.net\/wordpress\/wp-content\/uploads\/2020\/12\/4d2769dd-f2e2-4b98-89e5-f2bcbf6b8c38.jpg'><img loading=\"lazy\" decoding=\"async\" width=\"150\" height=\"150\" src=\"https:\/\/www.radiopiu.net\/wordpress\/wp-content\/uploads\/2020\/12\/4d2769dd-f2e2-4b98-89e5-f2bcbf6b8c38-150x150.jpg\" class=\"attachment-thumbnail size-thumbnail\" alt=\"\" \/><\/a>\n\t\t\t\t<\/dt><\/dl><dl class='gallery-item'>\n\t\t\t\t<dt class='gallery-icon landscape'>\n\t\t\t\t\t<a class=\"rollover rollover-zoom dt-pswp-item\" title=\"1447e0d6-dad0-4659-9594-1b78ce5f1531\" data-dt-img-description=\"\" data-large_image_width=\"1024\" data-large_image_height=\"768\"href='https:\/\/www.radiopiu.net\/wordpress\/wp-content\/uploads\/2020\/12\/1447e0d6-dad0-4659-9594-1b78ce5f1531.jpg'><img loading=\"lazy\" decoding=\"async\" width=\"150\" height=\"150\" src=\"https:\/\/www.radiopiu.net\/wordpress\/wp-content\/uploads\/2020\/12\/1447e0d6-dad0-4659-9594-1b78ce5f1531-150x150.jpg\" class=\"attachment-thumbnail size-thumbnail\" alt=\"\" \/><\/a>\n\t\t\t\t<\/dt><\/dl><dl class='gallery-item'>\n\t\t\t\t<dt class='gallery-icon landscape'>\n\t\t\t\t\t<a class=\"rollover rollover-zoom dt-pswp-item\" title=\"8e5ad4d5-3a5f-47b0-9796-73e6469fd084\" data-dt-img-description=\"\" data-large_image_width=\"1024\" data-large_image_height=\"768\"href='https:\/\/www.radiopiu.net\/wordpress\/wp-content\/uploads\/2020\/12\/8e5ad4d5-3a5f-47b0-9796-73e6469fd084.jpg'><img loading=\"lazy\" decoding=\"async\" width=\"150\" height=\"150\" src=\"https:\/\/www.radiopiu.net\/wordpress\/wp-content\/uploads\/2020\/12\/8e5ad4d5-3a5f-47b0-9796-73e6469fd084-150x150.jpg\" class=\"attachment-thumbnail size-thumbnail\" alt=\"\" \/><\/a>\n\t\t\t\t<\/dt><\/dl><dl class='gallery-item'>\n\t\t\t\t<dt class='gallery-icon landscape'>\n\t\t\t\t\t<a class=\"rollover rollover-zoom dt-pswp-item\" title=\"1d5c34fb-af4b-427e-a3b3-fbb89e20e3a4\" data-dt-img-description=\"\" data-large_image_width=\"1024\" data-large_image_height=\"768\"href='https:\/\/www.radiopiu.net\/wordpress\/wp-content\/uploads\/2020\/12\/1d5c34fb-af4b-427e-a3b3-fbb89e20e3a4.jpg'><img loading=\"lazy\" decoding=\"async\" width=\"150\" height=\"150\" src=\"https:\/\/www.radiopiu.net\/wordpress\/wp-content\/uploads\/2020\/12\/1d5c34fb-af4b-427e-a3b3-fbb89e20e3a4-150x150.jpg\" class=\"attachment-thumbnail size-thumbnail\" alt=\"\" \/><\/a>\n\t\t\t\t<\/dt><\/dl><br style=\"clear: both\" \/><dl class='gallery-item'>\n\t\t\t\t<dt class='gallery-icon landscape'>\n\t\t\t\t\t<a class=\"rollover rollover-zoom dt-pswp-item\" title=\"590a3863-c709-458c-954a-f70e7d813b61\" data-dt-img-description=\"\" data-large_image_width=\"1024\" data-large_image_height=\"768\"href='https:\/\/www.radiopiu.net\/wordpress\/wp-content\/uploads\/2020\/12\/590a3863-c709-458c-954a-f70e7d813b61.jpg'><img loading=\"lazy\" decoding=\"async\" width=\"150\" height=\"150\" src=\"https:\/\/www.radiopiu.net\/wordpress\/wp-content\/uploads\/2020\/12\/590a3863-c709-458c-954a-f70e7d813b61-150x150.jpg\" class=\"attachment-thumbnail size-thumbnail\" alt=\"\" \/><\/a>\n\t\t\t\t<\/dt><\/dl><dl class='gallery-item'>\n\t\t\t\t<dt class='gallery-icon landscape'>\n\t\t\t\t\t<a class=\"rollover rollover-zoom dt-pswp-item\" title=\"4f62f65a-791e-4a02-9141-9877dcfb1726\" data-dt-img-description=\"\" data-large_image_width=\"1024\" data-large_image_height=\"768\"href='https:\/\/www.radiopiu.net\/wordpress\/wp-content\/uploads\/2020\/12\/4f62f65a-791e-4a02-9141-9877dcfb1726.jpg'><img loading=\"lazy\" decoding=\"async\" width=\"150\" height=\"150\" src=\"https:\/\/www.radiopiu.net\/wordpress\/wp-content\/uploads\/2020\/12\/4f62f65a-791e-4a02-9141-9877dcfb1726-150x150.jpg\" class=\"attachment-thumbnail size-thumbnail\" alt=\"\" \/><\/a>\n\t\t\t\t<\/dt><\/dl><dl class='gallery-item'>\n\t\t\t\t<dt class='gallery-icon portrait'>\n\t\t\t\t\t<a class=\"rollover rollover-zoom dt-pswp-item\" title=\"0bcb2612-6f83-4e10-b80c-3748aa4eaba6\" data-dt-img-description=\"\" data-large_image_width=\"725\" data-large_image_height=\"1024\"href='https:\/\/www.radiopiu.net\/wordpress\/wp-content\/uploads\/2020\/12\/0bcb2612-6f83-4e10-b80c-3748aa4eaba6.jpg'><img loading=\"lazy\" decoding=\"async\" width=\"150\" height=\"150\" src=\"https:\/\/www.radiopiu.net\/wordpress\/wp-content\/uploads\/2020\/12\/0bcb2612-6f83-4e10-b80c-3748aa4eaba6-150x150.jpg\" class=\"attachment-thumbnail size-thumbnail\" alt=\"\" \/><\/a>\n\t\t\t\t<\/dt><\/dl><dl class='gallery-item'>\n\t\t\t\t<dt class='gallery-icon portrait'>\n\t\t\t\t\t<a class=\"rollover rollover-zoom dt-pswp-item\" title=\"328c1e18-c702-419c-bf2e-fab872bee0b5\" data-dt-img-description=\"\" data-large_image_width=\"848\" data-large_image_height=\"1024\"href='https:\/\/www.radiopiu.net\/wordpress\/wp-content\/uploads\/2020\/12\/328c1e18-c702-419c-bf2e-fab872bee0b5.jpg'><img loading=\"lazy\" decoding=\"async\" width=\"150\" height=\"150\" src=\"https:\/\/www.radiopiu.net\/wordpress\/wp-content\/uploads\/2020\/12\/328c1e18-c702-419c-bf2e-fab872bee0b5-150x150.jpg\" class=\"attachment-thumbnail size-thumbnail\" alt=\"\" \/><\/a>\n\t\t\t\t<\/dt><\/dl><dl class='gallery-item'>\n\t\t\t\t<dt class='gallery-icon portrait'>\n\t\t\t\t\t<a class=\"rollover rollover-zoom dt-pswp-item\" title=\"22bc5b39-81cf-4376-b505-8cc1ce36fbfb\" data-dt-img-description=\"\" data-large_image_width=\"697\" data-large_image_height=\"1024\"href='https:\/\/www.radiopiu.net\/wordpress\/wp-content\/uploads\/2020\/12\/22bc5b39-81cf-4376-b505-8cc1ce36fbfb.jpg'><img loading=\"lazy\" decoding=\"async\" width=\"150\" height=\"150\" src=\"https:\/\/www.radiopiu.net\/wordpress\/wp-content\/uploads\/2020\/12\/22bc5b39-81cf-4376-b505-8cc1ce36fbfb-150x150.jpg\" class=\"attachment-thumbnail size-thumbnail\" alt=\"\" \/><\/a>\n\t\t\t\t<\/dt><\/dl><dl class='gallery-item'>\n\t\t\t\t<dt class='gallery-icon landscape'>\n\t\t\t\t\t<a class=\"rollover rollover-zoom dt-pswp-item\" title=\"61f2c881-9a32-4d25-9339-53143c02bdee\" data-dt-img-description=\"\" data-large_image_width=\"1024\" data-large_image_height=\"1001\"href='https:\/\/www.radiopiu.net\/wordpress\/wp-content\/uploads\/2020\/12\/61f2c881-9a32-4d25-9339-53143c02bdee.jpg'><img loading=\"lazy\" decoding=\"async\" width=\"150\" height=\"150\" src=\"https:\/\/www.radiopiu.net\/wordpress\/wp-content\/uploads\/2020\/12\/61f2c881-9a32-4d25-9339-53143c02bdee-150x150.jpg\" class=\"attachment-thumbnail size-thumbnail\" alt=\"\" \/><\/a>\n\t\t\t\t<\/dt><\/dl><br style=\"clear: both\" \/>\n\t\t\t<\/div>\n\n<p>&nbsp;<\/p>\n<p><strong>LA DIRETTA FACEBOOK DI RADIO PIU&#8217;<\/strong><\/p>\n<p>https:\/\/www.facebook.com\/mirko.mezzacasa\/videos\/10225260468085584<\/p>\n<p>&nbsp;<\/p>\n<hr \/>\n<p>&nbsp;<\/p>\n<blockquote>\n<h3>NEL 2020 LE PMI VENETE HANNO VISTO CROLLARE IL FATTURATO DI 45 MILIARDI<\/h3>\n<\/blockquote>\n<p><a class=\"dt-pswp-item\" href=\"https:\/\/www.radiopiu.net\/wordpress\/wp-content\/uploads\/2020\/12\/Schermata-2020-12-26-alle-16.25.46.png\" data-dt-img-description=\"\" data-large_image_width=\"960\" data-large_image_height=\"430\"><img loading=\"lazy\" decoding=\"async\" class=\"alignleft size-medium wp-image-181558\" src=\"https:\/\/www.radiopiu.net\/wordpress\/wp-content\/uploads\/2020\/12\/Schermata-2020-12-26-alle-16.25.46-300x134.png\" alt=\"\" width=\"300\" height=\"134\" srcset=\"https:\/\/www.radiopiu.net\/wordpress\/wp-content\/uploads\/2020\/12\/Schermata-2020-12-26-alle-16.25.46-300x134.png 300w, https:\/\/www.radiopiu.net\/wordpress\/wp-content\/uploads\/2020\/12\/Schermata-2020-12-26-alle-16.25.46-768x344.png 768w, https:\/\/www.radiopiu.net\/wordpress\/wp-content\/uploads\/2020\/12\/Schermata-2020-12-26-alle-16.25.46.png 960w\" sizes=\"auto, (max-width: 300px) 100vw, 300px\" \/><\/a><strong><em>La cifra \u00e8 di quelle da far tremare i polsi: 45 miliardi di euro. A tanto ammonta la perdita di fatturato registrata quest\u2019anno dalle imprese venete a causa del Covid. La stima \u00e8 stata elaborata dall\u2019Ufficio studi della CGIA.<\/em><\/strong><\/p>\n<p>\u201cAl netto delle misure a sostegno della liquidit\u00e0 e agli effetti dello slittamento delle scadenze fiscali \u2013 denuncia il coordinatore dell\u2019Ufficio studi Paolo Zabeo &#8211; il Governo quest\u2019anno ha stanziato poco meno di 3 miliardi di euro di aiuti diretti alle imprese venete colpite dalla pandemia. Ci\u00f2 vuol dire che a fronte di un crollo del fatturato dell\u2019intero sistema economico regionale di circa 45 miliardi di euro, il tasso di copertura \u00e8 stato pari al 6,6 per cento circa. Un impatto modestissimo, sebbene in termini assoluti l\u2019importo complessivo delle misure messe in campo a livello nazionale a sostegno delle attivit\u00e0 economiche abbia la dimensione di una Finanziaria\u201d (vedi Tab. 1). \u201cE\u2019 comunque necessario precisare \u2013 dichiara il Segretario della CGIA Renato Mason &#8211; che alle Pmi che hanno subito i contraccolpi pi\u00f9 negativi della crisi, ovvero quelle che hanno dovuto chiudere per decreto, i ristori erogati dall\u2019Esecutivo hanno coperto mediamente il 25 per cento circa del calo del fatturato. Le misure di sostegno al reddito approvate da Governo Conte, infatti, sono andate in larghissima parte alle attivit\u00e0 che hanno registrato un crollo del giro di affari di almeno il 33 per cento rispetto al 2019. Resta il fatto che anche per queste realt\u00e0 gli aiuti economici sono stati insufficienti\u201d. <strong>Le filiere pi\u00f9 in affanno <\/strong>Escludendo gli alberghi, i ristoranti, i bar, le pasticcerie e tutte le attivit\u00e0 che ruotano attorno al settore del turismo, la CGIA elenca le aree economiche che anche in Veneto sono state maggiormente colpite dalla crisi. Vale a dire: &#8211; la filiera trasporto persone (taxi, ncc, bus operator); &#8211; la filiera eventi (congressi, matrimoni, cerimonie, etc.); &#8211; gli ambulanti, soprattutto con posteggi presso le aree interessate da eventi, stadi (i cosiddetti \u201cfieristi\u201d); &#8211; la filiera sport, tempo libero, intrattenimento, discoteche, parchi divertimento e tematici (incluse le attivit\u00e0 dello spettacolo viaggiante); &#8211; la filiera attivit\u00e0 culturali e spettacolo; &#8211; il commercio al dettaglio, in particolar modo abbigliamento, calzature, libri e articoli di cartoleria; &#8211; gli agenti di commercio. <strong>La crisi delle citt\u00e0 d\u2019arte <\/strong>A livello territoriale, la crisi ha colpito indistintamente tutti, anche se il Mezzogiorno \u00e8 la ripartizione geografica del paese che sta subendo pi\u00f9 delle altre gli effetti negativi della pandemia, sia da un punto di vista economico che sociale. Tuttavia, c\u2019\u00e8 un denominatore comune che emerge lungo tutto lo stivale: la crisi delle citt\u00e0 d\u2019arte ad alta vocazione turistica. Con il \u201cdecreto Agosto\u201d il Ministero dei Beni Culturali ha individuato 29 comuni capoluogo di provincia o di citt\u00e0 metropolitana che quest\u2019anno hanno subito un crollo verticale delle presenze turistiche straniere, di questi 3 realt\u00e0 sono venete: Venezia, Verona, e Padova. A fronte di questa situazione, le filiere richiamate pi\u00f9 sopra e ubicate in queste citt\u00e0 sono risultate essere le pi\u00f9 in affanno e probabilmente continueranno ad esserlo anche nel 2021. Ebbene, se il turismo \u00e8 la prima industria del Paese ed \u00e8 anche il settore che pi\u00f9 di tutti gli altri ha subito gli effetti negativi del Covid, perch\u00e9 mai dalle bozze del \u201cRecovery Plan\u201d si evince che il Governo investir\u00e0 solo 3,1 miliardi dei 209 messi a disposizione da Bruxelles con il <strong>Next Generation EU ? <\/strong><strong>Passare dalla logica dei ristori a quella dei rimborsi <\/strong>In merito alle misure a sostegno delle attivit\u00e0 costrette a chiudere completamente o parzialmente, la CGIA sottolinea che lo Stato e le Regioni hanno il diritto\/dovere di predisporre tutte le restrizioni che ritengono utili per tutelare la salute pubblica. E\u2019 altres\u00ec evidente che a fronte di provvedimenti che impongono la chiusura delle attivit\u00e0 economiche, queste ultime devono essere aiutate economicamente in misura maggiore di quanto \u00e8 stato fatto fino ad ora. E\u2019 vero che questa ulteriore spesa corrente contribuirebbe ad aumentare il debito pubblico, ma \u00e8 altrettanto vero che se non salviamo le imprese e i posti di lavoro, non gettiamo le basi per far ripartire la crescita economica, unica condizione in grado di ridurre nei prossimi anni la mole di debito pubblico che sta minando il futuro del nostro Paese. Alle attivit\u00e0 chiuse per decreto non sono pi\u00f9 sufficienti dei semplici ristori, ma \u00e8 necessario uno stanziamento che compensi quasi totalmente sia i mancati incassi sia le spese correnti che continuano a sostenere. Insomma, bisogna passare dalla logica dei ristori a quella dei rimborsi. Lo stesso trattamento va riservato a quei comparti che seppur in attivit\u00e0 \u00e8 come se non lo fossero. Segnaliamo, in particolar modo, le imprese commerciali ed artigianali ubicate nelle cosiddette citt\u00e0 d\u2019arte che, come dicevamo pi\u00f9 sopra, hanno subito un tracollo delle presenze turistiche straniere. Particolare attenzione merita il trasporto pubblico locale non di linea (bus operator, autonoleggio con conducente e taxi) che sebbene siano sempre stati in servizio continuano ad avere i mezzi fermi nelle rimesse o nei posteggi.<\/p>\n<p>&nbsp;<\/p>\n<p>&nbsp;<\/p>\n<hr \/>\n<p>&nbsp;<\/p>\n<blockquote>\n<h3>CONSIGLI COMUNALI DI FINE ANNO IN AGORDINO<\/h3>\n<\/blockquote>\n<p><strong>LA VALLE\u00a0<\/strong>\u00c8 convocato per oggi alle 19 il consiglio comunale di La Valle. 4 i punti che il sindaco Ezio Zuanel presenter\u00e0 ai consiglieri. Si parler\u00e0 tra l&#8217;altro di un aggiornamento degli elenchi delle aree percorse dal fuoco e della convenzione con l&#8217;Unione Montana Valbelluna per la cremazione dei resti mortali nell&#8217;ambito di attivit\u00e0 di esumazioni del cimitero comunale.<\/p>\n<p><strong>GOSALDO <\/strong>Il sindaco di Gosaldo Stefano Da Zanche ha convocato il consiglio comunale per oggi alle 18. 6 i punti all&#8217;ordine del giorno tra cui le aliquote IMU per il 2021, TASI e IRPEF 2021 e l&#8217;approvazione del bilancio di previsione 2021\/23.<\/p>\n<p><strong>ROCCA PIETORE\u00a0<\/strong>Il sindaco di Rocca Pietore Andrea De Bernardin ha convocato il consiglio comunale per domani alle 18. 6 i punti da discutere tra cui l&#8217;undicesima variazione al bilancio, i risarcimenti danni del maltempo di inizio dicembre e l&#8217;approvazione al bilancio 2021<\/p>\n<p><strong>SAN TOMASO\u00a0<\/strong>Il sindaco di San Tomaso Moreno De Val ha convocato per domani alle 18 il consiglio comunale. Si parler\u00e0 della convenzione con Girotondo e l&#8217;approvazione del bilancio di ASCA. 4 i punti all&#8217;ordine del giorno.<\/p>\n<p><strong>AGORDO<\/strong> Sar\u00e0 un consiglio comunale veloce quello convocato dal sindaco di Agordo Roberto Chissal\u00e8 per mercoled\u00ec alle 19. 3 punti all&#8217;ordine del giorno. Si parler\u00e0 del bilancio preventivo di ASCA e e dell&#8217;Azienda Speciale Agordo Servizi.<\/p>\n<p><strong>TAIBON<\/strong> Il consiglio comunale si riunir\u00e0 mercoledi 30 dicembre alle 20 in video conferenza. All&#8217;ordine del giorno la convenzione con l&#8217;Unione Montana, il riconoscimento dei debiti fuori bilancio a seguito dell&#8217;ultima ondata di maltempo e approvazione documento unico di programmazione.<\/p>\n<p><strong>FALCADE<\/strong> Il consiglio comunale si riunisce mercoledi 30 dicembre alle 17.45. In discussione tra l&#8217;altro: approvazione del bilancio di previsione dell&#8217;Asca, revisione delle partecipazioni societarie detenute.<\/p>\n<p><strong>CANALE D&#8217;AGORDO<\/strong> Mercoledi alle 19 consiglio comunale in sala Musal, all&#8217;ordine del giorno il mutamento della destinazione di terreni di uso civico; proroga durata consorzio Girotondo; variazione urgente al bilancio e approvazione bilancio Asca<\/p>\n<p><strong>COLLE SANTA LUCIA<\/strong> Il sindaco di Colle Santa Lucia Paolo Frena ha convocato il consiglio comunale per mercoled\u00ec alle 18. 8 punti in discussione tra cui la nona, decima e undicesima variazione al bilancio e la trasformazione digitale dei beni ai cittadini.<\/p>\n<p>&nbsp;<\/p>\n<p><strong>DI GIANNI SANTOMASO<\/strong><\/p>\n<audio class=\"wp-audio-shortcode\" id=\"audio-181626-3\" preload=\"none\" style=\"width: 100%;\" controls=\"controls\"><source type=\"audio\/mpeg\" src=\"https:\/\/www.radiopiu.net\/wordpress\/wp-content\/uploads\/2020\/12\/GIANNI-CONSIGLI-COMUNALI-AGORDINO.mp3?_=3\" \/><a href=\"https:\/\/www.radiopiu.net\/wordpress\/wp-content\/uploads\/2020\/12\/GIANNI-CONSIGLI-COMUNALI-AGORDINO.mp3\">https:\/\/www.radiopiu.net\/wordpress\/wp-content\/uploads\/2020\/12\/GIANNI-CONSIGLI-COMUNALI-AGORDINO.mp3<\/a><\/audio>\n<p>&nbsp;<\/p>\n<hr \/>\n<p>&nbsp;<\/p>\n<p>&nbsp;<\/p>\n<blockquote>\n<h3>CONSIGLIO DELL&#8217;UNIONE MONTANA AGORDINA<\/h3>\n<\/blockquote>\n<p><strong>AGORDO<\/strong> Sar\u00e0 in videoconferenza l&#8217;ultimo consiglio dell&#8217;Unione Montana Agordina in programma domani alle 20. Il presidente Michele Costa ha convocato i consiglieri per discutere 2 punti. L&#8217;approvazione del verbale dell&#8217;ultima seduta del 30 novembre e l&#8217;approvazione del piano economico finanziario sul servizio rifiuti.<\/p>\n<p>&nbsp;<\/p>\n<p>&nbsp;<\/p>\n<hr \/>\n<p>&nbsp;<\/p>\n<blockquote><p><strong>UFFICI CHIUSI<\/strong><\/p><\/blockquote>\n<p><strong>FELTRE<\/strong> <span style=\"font-family: Times New Roman, serif;\"><span style=\"font-size: medium;\">Chiusura uffici comunali nel periodo delle festivit\u00e0 natalizie: nei pomeriggi del 24 e del 31 dicembre e chiusura del Polo Bibliotecario nella giornata del 2 gennaio.\u00a0<\/span><\/span><\/p>\n<p>&nbsp;<\/p>\n<hr \/>\n<blockquote>\n<h3><\/h3>\n<h3>AD AGORDO PROLOCO METTE L&#8217;INVERNO DI VETRINA<\/h3>\n<\/blockquote>\n<p><strong>AGORDO<\/strong> La Proloco di Agordo \u00e8 artefice di una nuova iniziativa. La raccolta delle fotografie dell&#8217;inverno nella Conca Agordina (2020-21), da esporre nell&#8217;ufficio di via 27 Aprile. Troveranno spazio in vetrina o nei locali dell&#8217;ufficio su supporto cartaceo o video fino al termine dell&#8217;inverno, la proloco pensa anche ad una pubblicazione sui social. <em>&#8220;Abbiamo approfittato di questo periodo in cui non possiamo esporre i soliti numerosissimi manifesti di eventi ed iniziative &#8211; spiega la proloco &#8211;\u00a0 per promuovere le bellezze della Conca Agordina&#8221;. <\/em>Chi vorr\u00e0 partecipare potr\u00e0 compilare il modulo ed inviare al massimo 2 foto.<\/p>\n<p>&nbsp;<\/p>\n<p>&nbsp;<\/p>\n<hr \/>\n<p>&nbsp;<\/p>\n<blockquote>\n<h3>LA SCUOLA EQUIPE FALCADE ORGANIZZA ESCURSIONI GUIDATE<\/h3>\n<\/blockquote>\n<p><strong>FALCADE\u00a0<\/strong>Per la stagione invernale 2020\/21, la scuola Equipe Falcade organizza delle escursioni con le ciaspe dedicate ai bambini. 4 le escursioni in programma per gruppi di massimo 4 bambini che si possono prenotare al 334 9151617. Necessario l&#8217;abbigliamento da sci, zainetto e la mascherina. A tutti coloro che partecipano all&#8217;iniziativa uno scaldacollo in omaggio.<\/p>\n<p>&nbsp;<\/p>\n<p>&nbsp;<\/p>\n<hr \/>\n<p>&nbsp;<\/p>\n<p>&nbsp;<\/p>\n<blockquote>\n<h3>NUOVO ORARIO PER L&#8217;UFFICIO DELLA PRO LOCO DI CANALE D&#8217;AGORDO<\/h3>\n<\/blockquote>\n<p><strong>CANALE D&#8217;AGORDO <\/strong>A\u00a0seguito delle ultime disposizioni governative, comunichiamo che\u00a0<u>per il prossimo periodo natalizio<\/u>, l&#8217;ufficio pro loco di Canale d&#8217;Agordo sar\u00e0 aperto al pubblico\u00a0dalle 9.00 alle 12.00\u00a0nei seguenti giorni:\u00a0Luned\u00ec 21 DICEMBRE,\u00a0Marted\u00ec 22 DICEMBRE,\u00a0Mercoled\u00ec 23 DICEMBRE,\u00a0Luned\u00ec 28 DICEMBRE,\u00a0Marted\u00ec 29 DICEMBRE,\u00a0Mercoled\u00ec 30 DICEMBRE e\u00a0Luned\u00ec 4 GENNAIO<\/p>\n<p>&nbsp;<\/p>\n<p>&nbsp;<\/p>\n<hr \/>\n<p>&nbsp;<\/p>\n<blockquote>\n<h3>RITORNANO I PRESEPI A CANALE D&#8217;AGORDO<\/h3>\n<\/blockquote>\n<p><strong>CANALE D&#8217;AGORDO<\/strong>\u00a0Canale d&#8217;Agordo ripropone quest&#8217;anno per la prima volta dopo diversi anni la tradizione de\u00a0&#8220;I Presepi dei Colmi\u00e9i e de le V\u00ecle&#8221;. L&#8217;iniziativa prevede un itinerario lungo le vie del paese alla scoperta dei presepi allestiti dalle diverse contrade (<i>Colmi\u00e9i<\/i>) e frazioni del capoluogo (<i>V\u00ecle<\/i>), realizzati secondo l&#8217;ispirazione e creativit\u00e0 dei singoli abitanti.In ufficio pro loco la cartina itinerante che funge anche da scheda per le\u00a0votazioni del presepe migliore, le quali saranno possibili\u00a0anche online\u00a0tramite la pagina\u00a0facebook Pro Loco Canale d&#8217;Agordo. Per votare sar\u00e0 sufficiente mettere un like sul post relativo al presepe preferito. Il presepe pi\u00f9 votato sar\u00e0 premiato.\u00a0<u>C&#8217;\u00e8 tempo fino al 17 gennaio.<\/u><\/p>\n<p><strong>\u00a0DI GIANNI SANTOMASO<\/strong><\/p>\n<audio class=\"wp-audio-shortcode\" id=\"audio-181626-4\" preload=\"none\" style=\"width: 100%;\" controls=\"controls\"><source type=\"audio\/mpeg\" src=\"https:\/\/www.radiopiu.net\/wordpress\/wp-content\/uploads\/2020\/12\/GIANNI-PRESEPI-CANALE-DAGORDO.mp3?_=4\" \/><a href=\"https:\/\/www.radiopiu.net\/wordpress\/wp-content\/uploads\/2020\/12\/GIANNI-PRESEPI-CANALE-DAGORDO.mp3\">https:\/\/www.radiopiu.net\/wordpress\/wp-content\/uploads\/2020\/12\/GIANNI-PRESEPI-CANALE-DAGORDO.mp3<\/a><\/audio>\n<p>&nbsp;<\/p>\n<p>&nbsp;<\/p>\n<hr \/>\n<p>&nbsp;<\/p>\n<blockquote>\n<h3>IL SECONDO QUADERNO DELLA BIBLIOTECA DEL BIOIS NOVEMBRE 1917-NOVEMBRE 1918 DA CAPORETTO A VITTORIO VENETO<\/h3>\n<\/blockquote>\n<p><strong><a href=\"https:\/\/www.radiopiu.net\/wordpress\/il-secondo-quaderno-della-biblioteca-del-biois-novembre-1917-novembre-1918-da-caporetto-a-vittorio-veneto\/quaderno-n-2_biblioteca-del-biois\/\" rel=\"attachment wp-att-181509\"><img loading=\"lazy\" decoding=\"async\" class=\" wp-image-181509 alignleft\" src=\"https:\/\/www.radiopiu.net\/wordpress\/wp-content\/uploads\/2020\/12\/Quaderno-n.-2_Biblioteca-del-Biois-213x300.jpg\" alt=\"\" width=\"94\" height=\"132\" srcset=\"https:\/\/www.radiopiu.net\/wordpress\/wp-content\/uploads\/2020\/12\/Quaderno-n.-2_Biblioteca-del-Biois-213x300.jpg 213w, https:\/\/www.radiopiu.net\/wordpress\/wp-content\/uploads\/2020\/12\/Quaderno-n.-2_Biblioteca-del-Biois.jpg 703w\" sizes=\"auto, (max-width: 94px) 100vw, 94px\" \/><\/a>BELLUNO\u00a0<\/strong>La notizia che il 24 ottobre 1917 qualcosa di grave era accaduto a Caporetto si diffuse in un baleno, e fra i primi a ufficializzare la gravit\u00e0 del momento fu il vescovo di Belluno, mons. Giosu\u00e8 Catarossi.\u00a0Cadorna, com&#8217;\u00e8 noto, accus\u00f2 di vilt\u00e0 le truppe, poich\u00e9 mai ebbe alcun dubbio sulla efficacia del suo Comando e della sua direzione della guerra. Quando le cose non andavano per il verso giusto, era sua abitudine scaricare a cascata su altri le colpe che erano sue. Solo due generali, Giovanni Villano e Gustavo Rubin de Cervin, si tolsero la vita, convinti cos\u00ec di difendere il loro onore di militari.\u00a0Germanici e austro-ungarici dilagarono fino al Piave, la linea di resistenza che gi\u00e0 Napoleone imperatore aveva indicato al suo figlioccio Eugenio de Beauharnais, vicere d&#8217;Italia.\u00a0Sulle rive del Piave, sul massiccio del Grappa, sugli Altipiani gli italiani resistettero e dopo un anno partirono per vincere.\u00a0Gli abitanti rimasti nelle terre occupate, friulani, bellunesi, trevigiani, veneziani, vicentini, trascorsero l&#8217;allucinante ed orribile anno della fame. Altri, profughi, furono dispersi in tutta l&#8217;Italia.\u00a0In montagna quell&#8217;anno fu tremendo, proprio ove prima si trovavano fronte e retrovie di una guerra fra le cime che vide episodi di eroismo ed un nuovo tipo di conflitto, quello delle mine.\u00a0Di questo parla il Quaderno n. 2 della Biblioteca del Biois, che raccoglie \u2013 come per il primo quaderno \u2013 i contributi di storici, di studiosi e di appassionati che sono stati ospiti, dal 2014 al 2018 della serie di convegni sul tema della Grande Guerra in Val Biois: Cesare Andrich (Come la nostra gente ha vissuto l&#8217;anno dell&#8217;invasione), Daniele Ceschin (Iprofughi di Caporetto), Luca Luchetta (I periti minerari e la guerra di mine), Bepi Magrin (Cime di guerra: la battaglia del San Matteo), Simone Menegaldo (La gloria non esiste: memoriale di un veneziano sulle Alpi), Loris Serafini (La societ\u00e0 nella Valle del Biois). L&#8217;immagine dell&#8217;ultima di copertina \u00e8 dell&#8217;artista falcadino Franco Murer.<\/p>\n<p>&nbsp;<\/p>\n<p>&nbsp;<\/p>\n<hr \/>\n<p>&nbsp;<\/p>\n<blockquote>\n<h3>PREFETTO CHE VA, PREFETTO CHE VIENE\u2026<\/h3>\n<\/blockquote>\n<p><em><a href=\"https:\/\/www.radiopiu.net\/wordpress\/task-force-contro-gli-incivili-della-strada\/belluno_palazzo_rettori_prefettura\/\" rel=\"attachment wp-att-6463\"><img loading=\"lazy\" decoding=\"async\" class=\"size-medium wp-image-6463 alignleft\" src=\"https:\/\/www.radiopiu.net\/wordpress\/wp-content\/uploads\/2015\/06\/Belluno_palazzo_rettori_prefettura-300x225.jpg\" alt=\"\" width=\"300\" height=\"225\" \/><\/a>di <\/em><strong>Dino Bridda<\/strong><\/p>\n<blockquote><p>\u00c8 arrivata a sorpresa la notizia del cambio al vertice della Prefettura di Belluno dove a breve la dottoressa Adriana Cogode, destinata a Prato, sar\u00e0 sostituita dal dottor Sergio Bracco, gi\u00e0 Questore di Milano. Immediate e immancabili le reazioni di chi ha inteso la brevit\u00e0 del servizio svolto dal prefetto Cogode a Belluno come una dimostrazione dello scarsa considerazione nella quale \u00e8 tenuta la nostra Provincia presso gli uffici centrali del Governo. Affermazione tutta da dimostrare e, per quanto riguarda la brevit\u00e0, vale la pena di dare un\u2019occhiata ai numeri, ovvero alla durata dei 79 Prefetti (il neo nominato sar\u00e0 l\u201980\u00b0) che si sono succeduti nel Palazzo di piazza Duomo dall\u2019Unit<\/p>\n<p><img loading=\"lazy\" decoding=\"async\" class=\"size-full wp-image-181417 alignright\" src=\"https:\/\/www.radiopiu.net\/wordpress\/wp-content\/uploads\/2020\/12\/download-42.jpg\" alt=\"\" width=\"260\" height=\"193\" \/>\u00e0 d\u2019Italia in poi (1866), dall\u2019on. Giuseppe Zanardelli, poi Ministro e Presidente del Consiglio, all\u2019attuale dottoressa\u00a0 Cogode. In quanto a brevit\u00e0 il periodo pi\u00f9 turbolento e difficile coincise con le conseguenze dell\u2019armistizio dell\u20198 settembre 1943 quando, in poco pi\u00f9 di due mesi, sino al 21 novembre di quell\u2019anno, si avvicendarono tre Prefetti: Agostino Michele Galat\u00e0 per 23 giorni, Gasparo Barbera (24) e Italo Foschi (28). Poi, a seguito dell\u2019annessione al Terzo Reich, sino al 30 aprile 1945 tutto pass\u00f2 nelle mani del Commissario supremo Franz Hofer che rispondeva direttamente ad Hitler. Sempre per quanto riguarda la durata di meno di 100 giorni vanno poi ricordati Cesare Paladini (28 giorni nel 1873), Giovanni Daniele Vasta (42 nel 1877\/78), Federico Bellazzi (63 nel 1867) e Domenico Caruso (76 nel 1916). Durante l\u2019occupazione austroungarico-tedesca dell\u2019\u201dan de la fan\u201d furono due i Prefetti di Belluno: Alfredo Goffredo per 242 giorni e Ildebrando Merlo per 488 nel periodo 1 novembre 1917-31 ottobre 1918. Ovviamente vale anche la pena di ricordare chi rimase pi\u00f9 a lungo nella sede dell\u2019ex Palazzo dei Rettori: con oltre 1.000 giorni di servizio essi sono stati sino ad oggi 22. Il primato spetta a Giuseppe Cardin Fontana con 1.943 giorni (1910-1916). Lo segue un personaggio ancora oggi ricordato nel Bellunese, ovvero Publio Petroccia che, nei suoi 1.824 giorni di servizio, si trov\u00f2 a dover affrontare il periodo immediatamente seguente il disastro del Vajont negli anni dal 1964 al 1969. Lo seguono, in questa speciale classifica, Luigi Cantone con 1.549 giorni (1898-1902), Leonardo Gotti (1.487, 1878-<a href=\"https:\/\/www.radiopiu.net\/wordpress\/il-prefetto-ha-incontrato-il-comitato-provinciale-per-lordine-e-la-sicurezza-pubblica\/adriana-cogode\/\" rel=\"attachment wp-att-121833\"><img loading=\"lazy\" decoding=\"async\" class=\"wp-image-121833 alignright\" src=\"https:\/\/www.radiopiu.net\/wordpress\/wp-content\/uploads\/2020\/03\/Adriana-Cogode.jpg\" alt=\"\" width=\"178\" height=\"191\" \/><\/a>1882) e Costanzo Gazzera (1.460, 1932-1936). Per ulteriore informazione ricordiamo che, alla data della nomina del prossimo cambio della guardia a Palazzo dei Rettori, il prefetto Cogode aveva totalizzato quasi 400 giorni di permanenza posizionandosi, nella classifica complessiva, al 49\u00b0 posto di maggior durata del servizio nella nostra provincia, mentre 29 sono stati i suoi colleghi rimasti a Belluno per un tempo minore del suo. Questa \u00e8 la realt\u00e0 dei numeri che pu\u00f2 soddisfare soltanto niente pi\u00f9 che una semplice curiosit\u00e0. Infatti, ogni altra valutazione dell\u2019operato dei 79 Prefetti di Belluno, a nostro modesto avviso, dovrebbe per\u00f2 essere espressa sul modo con il quale hanno esercitato il mandato e sui risultati conseguiti. Invece dovrebbe far pensare il fatto che stia per arrivare un funzionario che \u00e8 il capo dell\u2019importante Questura di Milano e che, come il suo predecessore qui a Belluno, vanta un curriculum di assoluta garanzia in settori molto delicati della gestione di vari aspetti sociali ed economici della societ\u00e0 civile. Cos\u00ec, se non siamo pi\u00f9 da tempo l\u2019\u201disola felice\u201d che credevamo di essere, dovrebbe rassicurarci il fatto di poter contare ancora su persone giuste ai posti giusti e nel momento giusto. Non ci resta che ringraziare la dottoressa Cogode per l\u2019importante opera svolta, augurandole buon lavoro in quel di Prato, e dare il benvenuto al dottor Bracco con il medesimo augurio di buon lavoro a Palazzo dei Rettori.<\/p><\/blockquote>\n<p>&nbsp;<\/p>\n<hr \/>\n<p>&nbsp;<\/p>\n<p>&nbsp;<\/p>\n<p>&nbsp;<\/p>\n<p>&nbsp;<\/p>\n<blockquote>\n<h2><strong>In libreria. Il delitto di Busto Arsizio, la tragica vicenda della giovane Silvia Da Pont di Cesiomaggiore<\/strong><\/h2>\n<\/blockquote>\n<div><strong>di Roberto De Nart<\/strong><\/div>\n<div><\/div>\n<div><strong><a href=\"https:\/\/www.radiopiu.net\/wordpress\/giornale-radiopiu-28-dicembre-2020-direttore-mirko-mezzacasa\/il-delitto-di-busto-arsizio-copertina\/\" rel=\"attachment wp-att-181760\"><img loading=\"lazy\" decoding=\"async\" class=\"size-medium wp-image-181760 alignleft\" src=\"https:\/\/www.radiopiu.net\/wordpress\/wp-content\/uploads\/2020\/12\/il-delitto-di-busto-arsizio-copertina-200x300.jpg\" alt=\"\" width=\"200\" height=\"300\" srcset=\"https:\/\/www.radiopiu.net\/wordpress\/wp-content\/uploads\/2020\/12\/il-delitto-di-busto-arsizio-copertina-200x300.jpg 200w, https:\/\/www.radiopiu.net\/wordpress\/wp-content\/uploads\/2020\/12\/il-delitto-di-busto-arsizio-copertina-683x1024.jpg 683w, https:\/\/www.radiopiu.net\/wordpress\/wp-content\/uploads\/2020\/12\/il-delitto-di-busto-arsizio-copertina-768x1152.jpg 768w, https:\/\/www.radiopiu.net\/wordpress\/wp-content\/uploads\/2020\/12\/il-delitto-di-busto-arsizio-copertina.jpg 1000w\" sizes=\"auto, (max-width: 200px) 100vw, 200px\" \/><\/a>BELLUNO<\/strong> E\u2019 nelle librerie di Belluno e Feltre \u201cIl delitto di Busto Arsizio\u201d (255 pagine, 15 euro, Bellunopress editore), il libro di Roberto De Nart che racconta l\u2019incredibile vicenda di Silvia Da Pont, la giovane cameriera di Cesiomaggiore fatta morire nel 1951 dall\u2019insospettabile cavalier Carlo Candiani. Fu un caso di cronaca giudiziaria che occup\u00f2 le prime pagine dei giornali dell\u2019epoca. Se ne occuparono anche cronisti di razza del calibro di Mario Cervi ed Egisto Corradi. E magistrati importanti come il dottor Dante Maccone, presidente delle Assise ordinarie di Milano, che diresse processi di rilievo tra cui quello ai responsabili dell\u2019Eccidio di Schio del 6 luglio del 1945, e il dottor Giovanni De Matteo, pubblico ministero del celebre processo a Caterina Fort e al bandito Barbieri. E gli avvocati bellunesi delle parti civili Ugo Della Bernardina e Doglioni. Silvia Da Pont ha 21 anni quando viene trovata morta il 28 ottobre 1951 a Busto Arsizio, nella cantina della villetta in via Galilei n.3 dove lavorava come domestica dalla famiglia di Adelchi Nimmo, dipendente della compagnia aerea TWA. Di questa povera ragazza conosciamo i dettagli dalla testimonianza resa dal padre Antonio Da Pont boscaiolo di Cesiomaggiore, la madre Adelina Bortolas domestica e poi casalinga, e la sorella maggiore Maria, babysitter a Zurigo. Sar\u00e0 quest\u2019ultima a dare impulso alle indagini, poi condotte <a href=\"https:\/\/www.radiopiu.net\/wordpress\/giornale-radiopiu-28-dicembre-2020-direttore-mirko-mezzacasa\/il-delitto-di-busto-arsizio-copertina-222\/\" rel=\"attachment wp-att-181759\"><img loading=\"lazy\" decoding=\"async\" class=\"size-medium wp-image-181759 alignright\" src=\"https:\/\/www.radiopiu.net\/wordpress\/wp-content\/uploads\/2020\/12\/il-delitto-di-busto-arsizio-copertina-222-300x225.jpg\" alt=\"\" width=\"300\" height=\"225\" srcset=\"https:\/\/www.radiopiu.net\/wordpress\/wp-content\/uploads\/2020\/12\/il-delitto-di-busto-arsizio-copertina-222-300x225.jpg 300w, https:\/\/www.radiopiu.net\/wordpress\/wp-content\/uploads\/2020\/12\/il-delitto-di-busto-arsizio-copertina-222-1024x768.jpg 1024w, https:\/\/www.radiopiu.net\/wordpress\/wp-content\/uploads\/2020\/12\/il-delitto-di-busto-arsizio-copertina-222-768x576.jpg 768w, https:\/\/www.radiopiu.net\/wordpress\/wp-content\/uploads\/2020\/12\/il-delitto-di-busto-arsizio-copertina-222-1536x1152.jpg 1536w, https:\/\/www.radiopiu.net\/wordpress\/wp-content\/uploads\/2020\/12\/il-delitto-di-busto-arsizio-copertina-222-2048x1536.jpg 2048w\" sizes=\"auto, (max-width: 300px) 100vw, 300px\" \/><\/a>dal capitano Mongelli, comandante dei carabinieri di Busto Arsizio, che individua subito il colpevole e lo porter\u00e0 alla sbarra. E\u2019 il settantenne Carlo Candiani, due volte vedovo, ex commerciante di macchine per cotonifici, appassionato di farmacologia ed erboristeria che abitava nella stessa villetta di sua propriet\u00e0 dove lavorava Silvia. Dino Buzzati scriver\u00e0 che il Candiani l\u2019ha \u201ctenuta nascosta, come una sorta di bambola vivente tutta per s\u00e9 per oltre un mese e mezzo alimentandola solo con qualche cucchiaino di vino e latte\u201d. L\u2019Orco di Busto Arsizio, come lo chiam\u00f2 Pacifico Fiori, inviato speciale del Corriere della Sera, firmer\u00e0 la confessione, poi ritratter\u00e0 e negher\u00e0 fino alla fine. Sar\u00e0 condannato a 25 anni in Assise, poi ridotti a 14 in Appello e a 13 in Cassazione, e morir\u00e0 nel carcere di Parma nel 1957. L\u2019omicida dunque \u00e8 il distinto signore della porta accanto, un uomo ritenuto perbene, che per salvare la propria reputazione decise di lasciar morire la ragazza che avrebbe potuto avere salva la vita.<\/div>\n<p>&nbsp;<\/p>\n<p>&nbsp;<\/p>\n<hr \/>\n<p>&nbsp;<\/p>\n<blockquote>\n<h3>PONTE DI CAUPO (SEREN DEL GRAPPA) TRA LE OPERE DEL REGIME FASCISTA<\/h3>\n<\/blockquote>\n<p><strong>di Renato Bona\u00a0<\/strong><\/p>\n<p>A Fonzaso: illuminazione, scuole, acquedotto, cimitero di Arten, arginature Sperando di fare cosa gradita all\u2019amico di lunga data Loris Scopel, noto ed apprezzato anche come pubblico amministratore, e proseguendo il \u201cviaggio\u201d nei comuni bellunesi per richiamare le opere compiute sotto il regime fascista dalle amministrazioni e dagli enti della Provincia, mi dedico nella circostanza a Seren del Grappa e Fonzaso. Lo faccio guidato dal libro edito nell\u2019aprile del 1934, anno XII dell\u2019era fascista, dallo stabilimento tipografico Panfilo Castaldi di Feltre in occasione della celebrazione del primo decennale del governo fascista. \u201cAllorch\u00e9 \u2013 come annotava il curatore del prezioso volume, il vice prefetto di Belluno, Carlo Riva \u2013 fu una gara fra tutti gli enti e istituti pubblici e privati per fare, con relazioni, statistiche, grafici eccetera la dimostrazione di quello che ciascuno nella propria sfera di azione aveva saputo fare, operare, ordinare nei dieci anni decorsi sotto l\u2019insegna del fascismo, seguendo le direttive del Duce della nuova Italia\u2026 ed avevano trasformato il volto di questa zona, incantevole per bellezze della natura, ma che aveva conosciuto le orrende distruzioni della Grande guerra &#8211; combattuta sui suoi monti, dalle Tofane al Grappa, e sul sacro Piave \u2013 che aveva conosciuto le dolorose vicende dell\u2019invasione nemica, ed i tristi effetti della disorganizzazione di tutti i pubblici servizi nei tempi della demagogia rossa\u2026\u201d. COMUNE DI SEREN DEL GRAPPA. Nell\u2019anno 1925 fu realizzato il Ponte di Caupo, in cemento armato, a tre luci di venti metri l\u2019una, con travatura orizzontale che regge l\u2019impalcato con una ringhiera in ferro. L\u2019impalcato \u2013 si legge \u2013 ha una zona carreggiabile di quattro metri ed il ponte attraversante il torrente Stizzon unisce la frazione di Caupo al capoluogo e restante territorio comunale. L\u2019opera venne a costare 280 mila lire. Nel 1928 fu la volta della Strada Val dei Frassen, una mulattiera della larghezza di due metri e mezzo costruita tutta a nuovo da Val dei Frassen (fondovalle di Seren) a Col de la Fontana, con un percorso di un chilometro e mezzo, pendenza media del 12 per cento, che va a congiungersi con la vecchia mulattiera che conduce alle malghe comunali delle Bocchette nella zona del Monte Grappa. Il costo sostenuto fu di 43 mila 590 lire. Nello stesso anno l\u2019ultimo intervento riportato nel libro: la Strada Seren-Valle. Eccone la descrizione: \u201cAvendo le alluvioni dell\u2019anno 1928, asportato un tratto di strada comunale che mette in comunicazione il capoluogo con la frazione di Valle, venne ripristinata la strada medesima, difendendola con arginatura in cemento armato, lungo la sponda destra del torrente Stizzon che vi corre parallelo, eliminando le preesistenti e ricostruendo un tratto della lunghezza di metri 120, e la cui spesa complessiva fu di L. 45.550\u201d. COMUNE DI FONZASO. Nell\u2019anno settimo dell\u2019era, il 1929: il Cimitero della frazione Arten. Cos\u00ec la relazione: \u201cResosi insufficiente il piccolo ed antico cimitero addossato alla Chiesetta Oratorio di San Nicol\u00f2, ed avendo nelle immediate vicinanze il Comando dell\u2019esercito austriaco, durante l\u2019invasione, recinto con filo spinato un\u2019area dove seppell\u00ec militari di diverse nazionalit\u00e0, nel progetto del nuovo cimitero si comprese l\u2019area militare, congiungendola con grosse ed alte mura, dovute erigere per la naturale pendenza del terreno, alla parte vecchia. Attualmente la sola zona intermedia serve per la popolazione civile in attesa che l\u2019Ufficio Cure ed Onoranze delle Salme Caduti in Guerra trasporti altrove le salme militari. La spesa incontrata fu di L. 62.000\u201d. Nel 1932 (anno decimo): Impianto di illuminazione pubblica elettrica del Capoluogo e della frazione di Arten. Nei due principali centri abitati esisteva una primordiale illuminazione elettrica, attaccata alla linea di distribuzione della energia ai privati, e quindi sempre accesa, e le cui lampadine erano ancora sostenute dalle antiche aste di ferro che un tempo sostenevano i fanali a petrolio. Il nuovo impianto \u00e8 del tutto indipendente da quello privato e le lampade sono state applicate in corrispondenza dell\u2019asse stradale, mediante sospensione con due funicelle metalliche sovrapposte. Da 52 lampade di 50 candele l\u2019una del vecchio impianto si sono portate le lampade a 99 di cui 88 da 50 e 11 da 300 e 400 candele, avendosi ora una illuminazione che risponde effettivamente alle necessit\u00e0 di decoro dei centri di gran transito. Mediante due orologi ad interruttore-orario si ha l\u2019accensione e lo spegnimento automatico. L\u2019opera venne inaugurata il 28 ottobre 1932 e cost\u00f2 L. 50.000 circa. Dello stesso anno: l\u2019Acquedotto di Frassen\u00e8 la cui popolazione si serviva di una piccola pozza d\u2019acqua alimentata dalle filtrazioni del vicino torrente Cismon; abbassato questo il suo letto, le filtrazioni vennero a mancare, inaridendo a periodi la piccola sorgente. Da ci\u00f2 la necessit\u00e0 di dare alla frazione acqua sana ed abbondante, utilizzando una sorgente copiosissima scaturente da una parete rocciosa in localit\u00e0 denominata \u2018Tost\u00e8\u2019, e che ha la sua origine dal bacino imbrifero dei monti Cima Lan e Vallorca. Siccome per\u00f2 la sorgente \u2018Tost\u00e8\u2019 si trova 23 metri pi\u00f9 bassa del punto pi\u00f9 elevato dell\u2019abitato di Frassen\u00e8, cos\u00ec si \u00e8 usato per il sollevamento dell\u2019acqua un ariete azionato dall\u2019acqua esuberante: con un salto di 4 metri e mediante doppia tubazione in acciaio e in cemento Eternit, l\u2019elemento venne portato ad una monumentale fontana-abbeveratoio nel centro dell\u2019abitato. Costo complessivo dell\u2019opera L. 40.000. Resta da dire dei due piccoli edifici scolastici (un\u2019aula a pianterreno per 40 alunni e alloggio dell\u2019insegnante oltre a 3 stanze al primo piano, per le frazioni di Agana e Giaroni; spesa di lire 57 mila dalla quale dedurre lire 10.000 per prestazioni gratuite degli abitanti. E delle difese del torrente Stizzon. Che riguardano il tratto dalla stretta di Pedesalto al ponte di Arsi\u00e8 di circa 5 chilometri. Le difese consistono in gabbionate ed argini di cemento nelle due sponde, interrotti da difese trasversali al corso d\u00ec\u2019acqua. Complessivamente 377 ettari di terreno che grazie all\u2019attivit\u00e0 del Consorzio di irrigazione del torrente Cismon verranno ridonati stabilmente all\u2019agricoltura con grande vantaggio della produzione foraggera e del patrimonio zootecnico e indirettamente dell\u2019incremento demografico \u201cpotendo la popolazione trovare occupazione in luogo anzich\u00e9 oltrepassare i confini della Patria\u201d.<\/p>\n\n\t\t\t<style type='text\/css'>\n\t\t\t\t#gallery-5 {\n\t\t\t\t\tmargin: auto;\n\t\t\t\t}\n\t\t\t\t#gallery-5 .gallery-item {\n\t\t\t\t\tfloat: left;\n\t\t\t\t\tmargin-top: 10px;\n\t\t\t\t\ttext-align: center;\n\t\t\t\t\twidth: 25%;\n\t\t\t\t}\n\t\t\t\t#gallery-5 img {\n\t\t\t\t\tborder: 2px solid #cfcfcf;\n\t\t\t\t}\n\t\t\t\t#gallery-5 .gallery-caption {\n\t\t\t\t\tmargin-left: 0;\n\t\t\t\t}\n\t\t\t\t\/* see gallery_shortcode() in wp-includes\/media.php *\/\n\t\t\t<\/style>\n\t\t<div id='gallery-5' class='dt-gallery-container gallery galleryid-181626 gallery-columns-4 gallery-size-thumbnail'><dl class='gallery-item'>\n\t\t\t\t<dt class='gallery-icon landscape'>\n\t\t\t\t\t<a class=\"rollover rollover-zoom dt-pswp-item\" title=\"133889031_1256357058080420_71056817556823730_n\" data-dt-img-description=\"\" data-large_image_width=\"2560\" data-large_image_height=\"1845\"href='https:\/\/www.radiopiu.net\/wordpress\/wp-content\/uploads\/2020\/12\/133889031_1256357058080420_71056817556823730_n-scaled.jpg'><img loading=\"lazy\" decoding=\"async\" width=\"150\" height=\"150\" src=\"https:\/\/www.radiopiu.net\/wordpress\/wp-content\/uploads\/2020\/12\/133889031_1256357058080420_71056817556823730_n-150x150.jpg\" class=\"attachment-thumbnail size-thumbnail\" alt=\"\" \/><\/a>\n\t\t\t\t<\/dt><\/dl><dl class='gallery-item'>\n\t\t\t\t<dt class='gallery-icon landscape'>\n\t\t\t\t\t<a class=\"rollover rollover-zoom dt-pswp-item\" title=\"133843013_1710717499106588_8687732039106714769_n\" data-dt-img-description=\"\" data-large_image_width=\"2560\" data-large_image_height=\"1805\"href='https:\/\/www.radiopiu.net\/wordpress\/wp-content\/uploads\/2020\/12\/133843013_1710717499106588_8687732039106714769_n-scaled.jpg'><img loading=\"lazy\" decoding=\"async\" width=\"150\" height=\"150\" src=\"https:\/\/www.radiopiu.net\/wordpress\/wp-content\/uploads\/2020\/12\/133843013_1710717499106588_8687732039106714769_n-150x150.jpg\" class=\"attachment-thumbnail size-thumbnail\" alt=\"\" \/><\/a>\n\t\t\t\t<\/dt><\/dl><dl class='gallery-item'>\n\t\t\t\t<dt class='gallery-icon landscape'>\n\t\t\t\t\t<a class=\"rollover rollover-zoom dt-pswp-item\" title=\"133566200_2254760767981006_4734264560667083769_n\" data-dt-img-description=\"\" data-large_image_width=\"2560\" data-large_image_height=\"1711\"href='https:\/\/www.radiopiu.net\/wordpress\/wp-content\/uploads\/2020\/12\/133566200_2254760767981006_4734264560667083769_n-scaled.jpg'><img loading=\"lazy\" decoding=\"async\" width=\"150\" height=\"150\" src=\"https:\/\/www.radiopiu.net\/wordpress\/wp-content\/uploads\/2020\/12\/133566200_2254760767981006_4734264560667083769_n-150x150.jpg\" class=\"attachment-thumbnail size-thumbnail\" alt=\"\" \/><\/a>\n\t\t\t\t<\/dt><\/dl><dl class='gallery-item'>\n\t\t\t\t<dt class='gallery-icon landscape'>\n\t\t\t\t\t<a class=\"rollover rollover-zoom dt-pswp-item\" title=\"133723357_3521560311260791_789905617696504559_n\" data-dt-img-description=\"\" data-large_image_width=\"2560\" data-large_image_height=\"1844\"href='https:\/\/www.radiopiu.net\/wordpress\/wp-content\/uploads\/2020\/12\/133723357_3521560311260791_789905617696504559_n-scaled.jpg'><img loading=\"lazy\" decoding=\"async\" width=\"150\" height=\"150\" src=\"https:\/\/www.radiopiu.net\/wordpress\/wp-content\/uploads\/2020\/12\/133723357_3521560311260791_789905617696504559_n-150x150.jpg\" class=\"attachment-thumbnail size-thumbnail\" alt=\"\" \/><\/a>\n\t\t\t\t<\/dt><\/dl><br style=\"clear: both\" \/>\n\t\t\t<\/div>\n\n<p>NELLE FOTO (riproduzioni dal libro \u201cLa Provincia di Belluno in regime fascista\u201d): il ponte di Caupo a Seren del Grappa; la Piazza I Novembre di Fonzaso con la nuova illuminazione; arginatura in riva destra del Cismon; altra arginatura lungo lo stesso torrente.<\/p>\n<p>&nbsp;<\/p>\n<p>&nbsp;<\/p>\n<hr \/>\n<p>&nbsp;<\/p>\n<blockquote>\n<h2>FANTASTICHE DOLOMITI, NUOVA STAGIONE. APPUNTAMENTO QUINDICINALE IL GIOVEDI ALLE 10.30 E 1900<\/h2>\n<\/blockquote>\n<h2><span style=\"color: #ff0000;\"><a href=\"https:\/\/www.radiopiu.net\/wordpress\/luxottica-si-prende-cura-dei-danni-sul-monte-larion\/sfp_0476\/\" rel=\"attachment wp-att-180066\"><img loading=\"lazy\" decoding=\"async\" class=\"wp-image-180066 alignleft\" src=\"https:\/\/www.radiopiu.net\/wordpress\/wp-content\/uploads\/2020\/12\/SFP_0476-300x200.jpg\" alt=\"\" width=\"228\" height=\"152\" srcset=\"https:\/\/www.radiopiu.net\/wordpress\/wp-content\/uploads\/2020\/12\/SFP_0476-300x200.jpg 300w, https:\/\/www.radiopiu.net\/wordpress\/wp-content\/uploads\/2020\/12\/SFP_0476-1024x682.jpg 1024w, https:\/\/www.radiopiu.net\/wordpress\/wp-content\/uploads\/2020\/12\/SFP_0476-768x512.jpg 768w, https:\/\/www.radiopiu.net\/wordpress\/wp-content\/uploads\/2020\/12\/SFP_0476-1536x1024.jpg 1536w, https:\/\/www.radiopiu.net\/wordpress\/wp-content\/uploads\/2020\/12\/SFP_0476.jpg 2000w\" sizes=\"auto, (max-width: 228px) 100vw, 228px\" \/><\/a><\/span><\/h2>\n<h2><span style=\"color: #ff0000;\">SESTA PUNTATA, ambiente e formazione<\/span><\/h2>\n<p><strong>OSPITE IL PRESIDENTE CLAUDIO CANOVA<\/strong><\/p>\n<audio class=\"wp-audio-shortcode\" id=\"audio-181626-5\" preload=\"none\" style=\"width: 100%;\" controls=\"controls\"><source type=\"audio\/mpeg\" src=\"https:\/\/www.radiopiu.net\/wordpress\/wp-content\/uploads\/2020\/12\/fantastiche-dolomiti-17-dicembre.mp3?_=5\" \/><a href=\"https:\/\/www.radiopiu.net\/wordpress\/wp-content\/uploads\/2020\/12\/fantastiche-dolomiti-17-dicembre.mp3\">https:\/\/www.radiopiu.net\/wordpress\/wp-content\/uploads\/2020\/12\/fantastiche-dolomiti-17-dicembre.mp3<\/a><\/audio>\n<h1><\/h1>\n<h1>LA RACCOLTA COMPLETA<\/h1>\n<blockquote class=\"wp-embedded-content\" data-secret=\"3CfpHtrrSp\"><p><a href=\"https:\/\/www.radiopiu.net\/wordpress\/https-wp-me-p63lo7-gyg\/\">FANTASTICHE DOLOMITI 6^PUNTATA: IL QUINDICINALE APPUNTAMENTO ALLA RADIO<\/a><\/p><\/blockquote>\n<p><iframe loading=\"lazy\" class=\"wp-embedded-content\" sandbox=\"allow-scripts\" security=\"restricted\" style=\"position: absolute; clip: rect(1px, 1px, 1px, 1px);\" title=\"&#8220;FANTASTICHE DOLOMITI 6^PUNTATA: IL QUINDICINALE APPUNTAMENTO ALLA RADIO&#8221; &#8212; Radio Pi\u00f9\" src=\"https:\/\/www.radiopiu.net\/wordpress\/https-wp-me-p63lo7-gyg\/embed\/#?secret=3CfpHtrrSp\" data-secret=\"3CfpHtrrSp\" width=\"600\" height=\"338\" frameborder=\"0\" marginwidth=\"0\" marginheight=\"0\" scrolling=\"no\"><\/iframe><\/p>\n<div class=\"mw-parser-output\">\n<p>&nbsp;<\/p>\n<\/div>\n<p>&nbsp;<\/p>\n<p>&nbsp;<\/p>\n<hr \/>\n<blockquote>\n<h2><\/h2>\n<h2>SALUTE E SOCIETA&#8217; IL LUNEDI ALLE 13.10 E ALLE 20.10, LA DOMENICA ALLE 10.30 A CURA DEL DOTTOR MARCO CARACCIOLO. QUINTA STAGIONE<\/h2>\n<\/blockquote>\n<p><span style=\"color: #ff0000;\"><strong>LA PUNTATA DELLA SETTIMANA<\/strong><\/span><\/p>\n<p>Una ricerca promossa dalla rivista Italian Health Policy Brief, sulle nuove tecnologie e controllo della glicemia nei pazienti diabetici. Come prevenire le complicanze del diabete e migliorare la gestione della patologia con il contributo della telemedicina.<\/p>\n<h3>LA RACCOLTA COMPLETA<\/h3>\n<blockquote class=\"wp-embedded-content\" data-secret=\"CCZerrVHOa\"><p><a href=\"https:\/\/www.radiopiu.net\/wordpress\/saluteesocieta\/\">Salute e Societ\u00e0<\/a><\/p><\/blockquote>\n<p><iframe loading=\"lazy\" class=\"wp-embedded-content\" sandbox=\"allow-scripts\" security=\"restricted\" style=\"position: absolute; clip: rect(1px, 1px, 1px, 1px);\" title=\"&#8220;Salute e Societ\u00e0&#8221; &#8212; Radio Pi\u00f9\" src=\"https:\/\/www.radiopiu.net\/wordpress\/saluteesocieta\/embed\/#?secret=CCZerrVHOa\" data-secret=\"CCZerrVHOa\" width=\"600\" height=\"338\" frameborder=\"0\" marginwidth=\"0\" marginheight=\"0\" scrolling=\"no\"><\/iframe><\/p>\n<hr \/>\n<h2><\/h2>\n<h2><span style=\"color: #ff0000;\">I RACCONTI DI NATALE, DI LUISA ALCHINI<\/span><\/h2>\n<h3>LA RACCOLTA COMPLETA<\/h3>\n<blockquote class=\"wp-embedded-content\" data-secret=\"EVhJlZFfVX\"><p><a href=\"https:\/\/www.radiopiu.net\/wordpress\/i-racconti-di-natale-di-luisa-alchini\/\">I racconti di Natale di Luisa Alchini<\/a><\/p><\/blockquote>\n<p><iframe loading=\"lazy\" class=\"wp-embedded-content\" sandbox=\"allow-scripts\" security=\"restricted\" style=\"position: absolute; clip: rect(1px, 1px, 1px, 1px);\" title=\"&#8220;I racconti di Natale di Luisa Alchini&#8221; &#8212; Radio Pi\u00f9\" src=\"https:\/\/www.radiopiu.net\/wordpress\/i-racconti-di-natale-di-luisa-alchini\/embed\/#?secret=EVhJlZFfVX\" data-secret=\"EVhJlZFfVX\" width=\"600\" height=\"338\" frameborder=\"0\" marginwidth=\"0\" marginheight=\"0\" scrolling=\"no\"><\/iframe><\/p>\n<p>&nbsp;<\/p>\n<p>&nbsp;<\/p>\n<hr \/>\n<p>&nbsp;<\/p>\n<div class=\"im_message_wrap clearfix\">\n<div class=\"im_content_message_wrap im_message_out\">\n<h2><span style=\"color: #ff0000;\">IERI ALLA RADIO\u00a0 IN VIVO VERSO 2020-21<\/span><\/h2>\n<p><strong><span style=\"color: #0000ff;\">IN ONDA DAL LUNEDI AL VENERDI ALLE 7.10, 10.10, 18.50<\/span><\/strong><\/p>\n<p>&nbsp;<\/p>\n<p><strong><span style=\"font-family: Verdana, sans-serif;\"><span style=\"font-size: medium;\">LA RACCOLTA COMPLETA, TUTTE LE COLLEZIONI<\/span><\/span><\/strong><\/p>\n<\/div>\n<\/div>\n<blockquote class=\"wp-embedded-content\" data-secret=\"p5LvSCLUfW\"><p><a href=\"https:\/\/www.radiopiu.net\/wordpress\/in-vivo-verso\/\">In Vivo Verso<\/a><\/p><\/blockquote>\n<p><iframe loading=\"lazy\" class=\"wp-embedded-content\" sandbox=\"allow-scripts\" security=\"restricted\" style=\"position: absolute; clip: rect(1px, 1px, 1px, 1px);\" title=\"&#8220;In Vivo Verso&#8221; &#8212; Radio Pi\u00f9\" src=\"https:\/\/www.radiopiu.net\/wordpress\/in-vivo-verso\/embed\/#?secret=p5LvSCLUfW\" data-secret=\"p5LvSCLUfW\" width=\"600\" height=\"338\" frameborder=\"0\" marginwidth=\"0\" marginheight=\"0\" scrolling=\"no\"><\/iframe><\/p>\n<hr \/>\n<p>&nbsp;<\/p>\n<h2>007 IN CONDOTTA CON LA PROF. MARIA ROSA SALMAZO IL LUNEDI ALLE 10,30 E ALLE 19.00 LA DOMENICA ALLE 8 DEL MATTINO. NONA STAGIONE<\/h2>\n<h2>LA PUNTATA DI QUESTA SETTIMANA<\/h2>\n<p><strong><span style=\"color: #ff0000;\">LE VACANZE DI NATALE<\/span><\/strong><\/p>\n<audio class=\"wp-audio-shortcode\" id=\"audio-181626-6\" preload=\"none\" style=\"width: 100%;\" controls=\"controls\"><source type=\"audio\/mpeg\" src=\"https:\/\/www.radiopiu.net\/wordpress\/wp-content\/uploads\/2020\/12\/007-21-dicembre.mp3?_=6\" \/><a href=\"https:\/\/www.radiopiu.net\/wordpress\/wp-content\/uploads\/2020\/12\/007-21-dicembre.mp3\">https:\/\/www.radiopiu.net\/wordpress\/wp-content\/uploads\/2020\/12\/007-21-dicembre.mp3<\/a><\/audio>\n<p>&nbsp;<\/p>\n<h2>LA RACCOLTA COMPLETA<\/h2>\n<blockquote class=\"wp-embedded-content\" data-secret=\"7XqKHU7aVs\"><p><a href=\"https:\/\/www.radiopiu.net\/wordpress\/007incondotta-9\/\">007 in condotta<\/a><\/p><\/blockquote>\n<p><iframe loading=\"lazy\" class=\"wp-embedded-content\" sandbox=\"allow-scripts\" security=\"restricted\" style=\"position: absolute; clip: rect(1px, 1px, 1px, 1px);\" title=\"&#8220;007 in condotta&#8221; &#8212; Radio Pi\u00f9\" src=\"https:\/\/www.radiopiu.net\/wordpress\/007incondotta-9\/embed\/#?secret=7XqKHU7aVs\" data-secret=\"7XqKHU7aVs\" width=\"600\" height=\"338\" frameborder=\"0\" marginwidth=\"0\" marginheight=\"0\" scrolling=\"no\"><\/iframe><\/p>\n<p>&nbsp;<\/p>\n<p>&nbsp;<\/p>\n<p>&nbsp;<\/p>\n<hr \/>\n<p>&nbsp;<\/p>\n<blockquote>\n<h2><a href=\"https:\/\/www.radiopiu.net\/wordpress\/speciale-solidarieta-veneto\/solidarieta-veneto-3\/\" rel=\"attachment wp-att-134366\"><img loading=\"lazy\" decoding=\"async\" class=\"wp-image-134366 alignleft\" src=\"https:\/\/www.radiopiu.net\/wordpress\/wp-content\/uploads\/2020\/05\/solidariet\u00e0-veneto-300x210.jpg\" alt=\"\" width=\"102\" height=\"71\" srcset=\"https:\/\/www.radiopiu.net\/wordpress\/wp-content\/uploads\/2020\/05\/solidariet\u00e0-veneto-300x210.jpg 300w, https:\/\/www.radiopiu.net\/wordpress\/wp-content\/uploads\/2020\/05\/solidariet\u00e0-veneto-1024x717.jpg 1024w, https:\/\/www.radiopiu.net\/wordpress\/wp-content\/uploads\/2020\/05\/solidariet\u00e0-veneto-768x538.jpg 768w, https:\/\/www.radiopiu.net\/wordpress\/wp-content\/uploads\/2020\/05\/solidariet\u00e0-veneto.jpg 1373w\" sizes=\"auto, (max-width: 102px) 100vw, 102px\" \/><\/a>SOLIDARIETA&#8217; VENETO FONDO PENSIONE, IN ONDA IL PRIMO VENERDI DEL MESE ALLE 10.30 E ALLE 19.00 QUINTA STAGIONE<\/h2>\n<\/blockquote>\n<p><strong><span style=\"color: #ff0000;\">LA PUNTATA DI DICEMBRE<\/span><\/strong><\/p>\n<audio class=\"wp-audio-shortcode\" id=\"audio-181626-7\" preload=\"none\" style=\"width: 100%;\" controls=\"controls\"><source type=\"audio\/mpeg\" src=\"https:\/\/www.radiopiu.net\/wordpress\/wp-content\/uploads\/2020\/12\/solidarieta-veneto-dicembre.mp3?_=7\" \/><a href=\"https:\/\/www.radiopiu.net\/wordpress\/wp-content\/uploads\/2020\/12\/solidarieta-veneto-dicembre.mp3\">https:\/\/www.radiopiu.net\/wordpress\/wp-content\/uploads\/2020\/12\/solidarieta-veneto-dicembre.mp3<\/a><\/audio>\n<blockquote>\n<h2>RACCOLTA COMPLETA<\/h2>\n<\/blockquote>\n<blockquote class=\"wp-embedded-content\" data-secret=\"tGoHnMZvk1\"><p><a href=\"https:\/\/www.radiopiu.net\/wordpress\/solidarieta-veneto\/\">Solidariet\u00e0 Veneto<\/a><\/p><\/blockquote>\n<p><iframe loading=\"lazy\" class=\"wp-embedded-content\" sandbox=\"allow-scripts\" security=\"restricted\" style=\"position: absolute; clip: rect(1px, 1px, 1px, 1px);\" title=\"&#8220;Solidariet\u00e0 Veneto&#8221; &#8212; Radio Pi\u00f9\" src=\"https:\/\/www.radiopiu.net\/wordpress\/solidarieta-veneto\/embed\/#?secret=tGoHnMZvk1\" data-secret=\"tGoHnMZvk1\" width=\"600\" height=\"338\" frameborder=\"0\" marginwidth=\"0\" marginheight=\"0\" scrolling=\"no\"><\/iframe><\/p>\n<p>&nbsp;<\/p>\n<p>&nbsp;<\/p>\n<hr \/>\n<p>&nbsp;<\/p>\n<h2><span style=\"color: #808000;\">DUE MINUTI UN LIBRO\u00a0 TUTTI I GIORNI ALLA RADIO ALLE 9.30 E ALLE 18. QUINTA STAGIONE\u00a0 \u00a0\u00a0<\/span><\/h2>\n<p>&nbsp;<\/p>\n<h2>LA RACCOLTA COMPLETA<\/h2>\n<blockquote class=\"wp-embedded-content\" data-secret=\"vDSk5Z08VT\"><p><a href=\"https:\/\/www.radiopiu.net\/wordpress\/due-minuti-un-libro\/\">Due minuti un libro<\/a><\/p><\/blockquote>\n<p><iframe loading=\"lazy\" class=\"wp-embedded-content\" sandbox=\"allow-scripts\" security=\"restricted\" style=\"position: absolute; clip: rect(1px, 1px, 1px, 1px);\" title=\"&#8220;Due minuti un libro&#8221; &#8212; Radio Pi\u00f9\" src=\"https:\/\/www.radiopiu.net\/wordpress\/due-minuti-un-libro\/embed\/#?secret=vDSk5Z08VT\" data-secret=\"vDSk5Z08VT\" width=\"600\" height=\"338\" frameborder=\"0\" marginwidth=\"0\" marginheight=\"0\" scrolling=\"no\"><\/iframe><\/p>\n<p>&nbsp;<\/p>\n<hr \/>\n<p>&nbsp;<\/p>\n<p>&nbsp;<\/p>\n<blockquote>\n<h2>CASSA SOLIDARIET\u00c0 LUXOTTICA<\/h2>\n<\/blockquote>\n<h3><strong><span style=\"color: #ff0000;\">IL NUMERO DI DICEMBRE CON PAOLO CHISSALE&#8217; E FABRIZIO CAMPEDEL<\/span><\/strong><\/h3>\n<audio class=\"wp-audio-shortcode\" id=\"audio-181626-8\" preload=\"none\" style=\"width: 100%;\" controls=\"controls\"><source type=\"audio\/mpeg\" src=\"https:\/\/www.radiopiu.net\/wordpress\/wp-content\/uploads\/2020\/12\/ca-sol-lux-dicvembre.mp3?_=8\" \/><a href=\"https:\/\/www.radiopiu.net\/wordpress\/wp-content\/uploads\/2020\/12\/ca-sol-lux-dicvembre.mp3\">https:\/\/www.radiopiu.net\/wordpress\/wp-content\/uploads\/2020\/12\/ca-sol-lux-dicvembre.mp3<\/a><\/audio>\n<blockquote>\n<h2>RACCOLTA COMPLETA<\/h2>\n<\/blockquote>\n<blockquote class=\"wp-embedded-content\" data-secret=\"5vGjgzFuJy\"><p><a href=\"https:\/\/www.radiopiu.net\/wordpress\/cassa-solidarieta-luxottica-puntata-del-16-ottobre-2020\/\">CASSA SOLIDARIET\u00c0 LUXOTTICA &#8211; PUNTATA DEL 20 NOVEMBRE 2020<\/a><\/p><\/blockquote>\n<p><iframe loading=\"lazy\" class=\"wp-embedded-content\" sandbox=\"allow-scripts\" security=\"restricted\" style=\"position: absolute; clip: rect(1px, 1px, 1px, 1px);\" title=\"&#8220;CASSA SOLIDARIET\u00c0 LUXOTTICA &#8211; PUNTATA DEL 20 NOVEMBRE 2020&#8221; &#8212; Radio Pi\u00f9\" src=\"https:\/\/www.radiopiu.net\/wordpress\/cassa-solidarieta-luxottica-puntata-del-16-ottobre-2020\/embed\/#?secret=5vGjgzFuJy\" data-secret=\"5vGjgzFuJy\" width=\"600\" height=\"338\" frameborder=\"0\" marginwidth=\"0\" marginheight=\"0\" scrolling=\"no\"><\/iframe><\/p>\n<p>&nbsp;<\/p>\n<p>&nbsp;<\/p>\n<div>\n<p>&nbsp;<\/p>\n<hr \/>\n<p>&nbsp;<\/p>\n<h2><span style=\"color: #800080;\"><strong>LA RASSEGNA STAMPA DA L&#8217;AMICO DEL POPOLO<\/strong><\/span><\/h2>\n<p><a href=\"https:\/\/www.radiopiu.net\/wordpress\/la-rassegna-stampa-da-lamico-del-popolo-26-dicembre-2020\/luisa-manfroi-2\/\" rel=\"attachment wp-att-181500\"><img loading=\"lazy\" decoding=\"async\" class=\"size-medium wp-image-181500 alignleft\" src=\"https:\/\/www.radiopiu.net\/wordpress\/wp-content\/uploads\/2020\/12\/LUISA-MANFROI-300x300.jpg\" alt=\"\" width=\"300\" height=\"300\" srcset=\"https:\/\/www.radiopiu.net\/wordpress\/wp-content\/uploads\/2020\/12\/LUISA-MANFROI-300x300.jpg 300w, https:\/\/www.radiopiu.net\/wordpress\/wp-content\/uploads\/2020\/12\/LUISA-MANFROI-150x150.jpg 150w, https:\/\/www.radiopiu.net\/wordpress\/wp-content\/uploads\/2020\/12\/LUISA-MANFROI-768x770.jpg 768w, https:\/\/www.radiopiu.net\/wordpress\/wp-content\/uploads\/2020\/12\/LUISA-MANFROI.jpg 958w\" sizes=\"auto, (max-width: 300px) 100vw, 300px\" \/><\/a><strong>di Gianni Santomaso<\/strong><\/p>\n<p>OSPITE: Luisa Manfroi<\/p>\n<audio class=\"wp-audio-shortcode\" id=\"audio-181626-9\" preload=\"none\" style=\"width: 100%;\" controls=\"controls\"><source type=\"audio\/mpeg\" src=\"https:\/\/www.radiopiu.net\/wordpress\/wp-content\/uploads\/2020\/10\/RASSEGNA-GIANNI-6.mp3?_=9\" \/><a href=\"https:\/\/www.radiopiu.net\/wordpress\/wp-content\/uploads\/2020\/10\/RASSEGNA-GIANNI-6.mp3\">https:\/\/www.radiopiu.net\/wordpress\/wp-content\/uploads\/2020\/10\/RASSEGNA-GIANNI-6.mp3<\/a><\/audio>\n<p>&nbsp;<\/p>\n<p><strong>LA RACCOLTA COMPLETA<\/strong><\/p>\n<blockquote class=\"wp-embedded-content\" data-secret=\"gVgs7UQAMT\"><p><a href=\"https:\/\/www.radiopiu.net\/wordpress\/rassegna-stampa-di-gianni-santomaso\/\">Rassegna stampa da l&#8217;amico del popolo &#8211; di Gianni Santomaso<\/a><\/p><\/blockquote>\n<p><iframe loading=\"lazy\" class=\"wp-embedded-content\" sandbox=\"allow-scripts\" security=\"restricted\" style=\"position: absolute; clip: rect(1px, 1px, 1px, 1px);\" title=\"&#8220;Rassegna stampa da l&#8217;amico del popolo &#8211; di Gianni Santomaso&#8221; &#8212; Radio Pi\u00f9\" src=\"https:\/\/www.radiopiu.net\/wordpress\/rassegna-stampa-di-gianni-santomaso\/embed\/#?secret=gVgs7UQAMT\" data-secret=\"gVgs7UQAMT\" width=\"600\" height=\"338\" frameborder=\"0\" marginwidth=\"0\" marginheight=\"0\" scrolling=\"no\"><\/iframe><\/p>\n<p>&nbsp;<\/p>\n<p>&nbsp;<\/p>\n<p>&nbsp;<\/p>\n<hr \/>\n<p>&nbsp;<\/p>\n<p>&nbsp;<\/p>\n<div>\n<h2><span style=\"color: #33cccc;\">I RACCONTI DI PAOLO SOPPELSA il lunedi alle 9.30 e 18.30<\/span><\/h2>\n<blockquote class=\"wp-embedded-content\" data-secret=\"3upY7WzeI3\"><p><a href=\"https:\/\/www.radiopiu.net\/wordpress\/i-racconti-di-paolo-soppelsa-cinquantaquattresima-puntata\/\">I RACCONTI DI PAOLO SOPPELSA, CINQUANTAQUATTRESIMA PUNTATA<\/a><\/p><\/blockquote>\n<p><iframe loading=\"lazy\" class=\"wp-embedded-content\" sandbox=\"allow-scripts\" security=\"restricted\" style=\"position: absolute; clip: rect(1px, 1px, 1px, 1px);\" title=\"&#8220;I RACCONTI DI PAOLO SOPPELSA, CINQUANTAQUATTRESIMA PUNTATA&#8221; &#8212; Radio Pi\u00f9\" src=\"https:\/\/www.radiopiu.net\/wordpress\/i-racconti-di-paolo-soppelsa-cinquantaquattresima-puntata\/embed\/#?secret=3upY7WzeI3\" data-secret=\"3upY7WzeI3\" width=\"600\" height=\"338\" frameborder=\"0\" marginwidth=\"0\" marginheight=\"0\" scrolling=\"no\"><\/iframe><\/p>\n<h2><span style=\"color: #33cccc;\"><strong>RACCOLTA COMPLETA<\/strong><\/span><\/h2>\n<blockquote class=\"wp-embedded-content\" data-secret=\"jxCQMrIVHr\"><p><a href=\"https:\/\/www.radiopiu.net\/wordpress\/i-racconti-di-paolo-soppelsa\/\">I racconti di Paolo Soppelsa<\/a><\/p><\/blockquote>\n<p><iframe loading=\"lazy\" class=\"wp-embedded-content\" sandbox=\"allow-scripts\" security=\"restricted\" style=\"position: absolute; clip: rect(1px, 1px, 1px, 1px);\" title=\"&#8220;I racconti di Paolo Soppelsa&#8221; &#8212; Radio Pi\u00f9\" src=\"https:\/\/www.radiopiu.net\/wordpress\/i-racconti-di-paolo-soppelsa\/embed\/#?secret=jxCQMrIVHr\" data-secret=\"jxCQMrIVHr\" width=\"600\" height=\"338\" frameborder=\"0\" marginwidth=\"0\" marginheight=\"0\" scrolling=\"no\"><\/iframe><\/p>\n<\/div>\n<p>&nbsp;<\/p>\n<hr \/>\n<p>&nbsp;<\/p>\n<div>\n<p>&nbsp;<\/p>\n<h2><strong><a href=\"https:\/\/www.radiopiu.net\/wordpress\/giornale-radiopiu-22-dicembre-2020-direttore-mirko-mezzacasa\/132066424_1549957278525667_8146056833908791018_o-2\/\" rel=\"attachment wp-att-180928\"><img loading=\"lazy\" decoding=\"async\" class=\"wp-image-180928 alignleft\" src=\"https:\/\/www.radiopiu.net\/wordpress\/wp-content\/uploads\/2020\/12\/132066424_1549957278525667_8146056833908791018_o-1-189x300.jpg\" alt=\"\" width=\"108\" height=\"171\" srcset=\"https:\/\/www.radiopiu.net\/wordpress\/wp-content\/uploads\/2020\/12\/132066424_1549957278525667_8146056833908791018_o-1-189x300.jpg 189w, https:\/\/www.radiopiu.net\/wordpress\/wp-content\/uploads\/2020\/12\/132066424_1549957278525667_8146056833908791018_o-1.jpg 526w\" sizes=\"auto, (max-width: 108px) 100vw, 108px\" \/><\/a><\/strong><\/h2>\n<h2><\/h2>\n<h2><strong>LE\u00a0 PUNTATE di Luisa Alchini di Leggermente Bellunesi, la domenica alle 11, il martedi alle 10.30 e alle 19.00<\/strong><\/h2>\n<h2><\/h2>\n<h2><span style=\"color: #ff0000;\">QUESTA SETTIMANA <\/span>Ci avviciniamo al Natale con i versi di John Francis della Pietra<\/h2>\n<\/div>\n<audio class=\"wp-audio-shortcode\" id=\"audio-181626-10\" preload=\"none\" style=\"width: 100%;\" controls=\"controls\"><source type=\"audio\/mpeg\" src=\"https:\/\/www.radiopiu.net\/wordpress\/wp-content\/uploads\/2020\/12\/11leggermenteJhonFrancisdellapietra2020-1.mp3?_=10\" \/><a href=\"https:\/\/www.radiopiu.net\/wordpress\/wp-content\/uploads\/2020\/12\/11leggermenteJhonFrancisdellapietra2020-1.mp3\">https:\/\/www.radiopiu.net\/wordpress\/wp-content\/uploads\/2020\/12\/11leggermenteJhonFrancisdellapietra2020-1.mp3<\/a><\/audio>\n<p>&nbsp;<\/p>\n<div>\n<p><strong><span style=\"color: #000000;\">RACCOLTA COMPLETA<\/span><\/strong><\/p>\n<\/div>\n<blockquote class=\"wp-embedded-content\" data-secret=\"VBcuhULWdQ\"><p><a href=\"https:\/\/www.radiopiu.net\/wordpress\/leggermente-20\/\">LEGGERmente&#8230;Bellunesi<\/a><\/p><\/blockquote>\n<p><iframe loading=\"lazy\" class=\"wp-embedded-content\" sandbox=\"allow-scripts\" security=\"restricted\" style=\"position: absolute; clip: rect(1px, 1px, 1px, 1px);\" title=\"&#8220;LEGGERmente&#8230;Bellunesi&#8221; &#8212; Radio Pi\u00f9\" src=\"https:\/\/www.radiopiu.net\/wordpress\/leggermente-20\/embed\/#?secret=VBcuhULWdQ\" data-secret=\"VBcuhULWdQ\" width=\"600\" height=\"338\" frameborder=\"0\" marginwidth=\"0\" marginheight=\"0\" scrolling=\"no\"><\/iframe><\/p>\n<hr \/>\n<p>&nbsp;<\/p>\n<blockquote>\n<h3><a href=\"https:\/\/www.radiopiu.net\/wordpress\/almanacco-ladino-puntata-5-2020\/sn\/\" rel=\"attachment wp-att-180931\"><img loading=\"lazy\" decoding=\"async\" class=\"wp-image-180931 alignleft\" src=\"https:\/\/www.radiopiu.net\/wordpress\/wp-content\/uploads\/2020\/12\/sn-300x194.jpg\" alt=\"\" width=\"181\" height=\"117\" srcset=\"https:\/\/www.radiopiu.net\/wordpress\/wp-content\/uploads\/2020\/12\/sn-300x194.jpg 300w, https:\/\/www.radiopiu.net\/wordpress\/wp-content\/uploads\/2020\/12\/sn.jpg 626w\" sizes=\"auto, (max-width: 181px) 100vw, 181px\" \/><\/a>L&#8217;ALMANACCO LADINO CON L&#8217;ISTITUT CESA DE JAN QUINDICINALE APPUNTAMENTO. LA DOMENICA ALLE 9 IL LUNEDI ALLE 8.35 IL MARTEDI ALLE 12.35 IL MERCOLEDI ALLE 18.35. SECONDA STAGIONE.<\/h3>\n<\/blockquote>\n<p><strong><span style=\"color: #ff0000;\">LA PUNTATA DELLA SETTIMANA<\/span><\/strong><\/p>\n<audio class=\"wp-audio-shortcode\" id=\"audio-181626-11\" preload=\"none\" style=\"width: 100%;\" controls=\"controls\"><source type=\"audio\/mpeg\" src=\"https:\/\/www.radiopiu.net\/wordpress\/wp-content\/uploads\/2020\/12\/48\u00b0Almanacco_Fodom-Mp3.mp3?_=11\" \/><a href=\"https:\/\/www.radiopiu.net\/wordpress\/wp-content\/uploads\/2020\/12\/48\u00b0Almanacco_Fodom-Mp3.mp3\">https:\/\/www.radiopiu.net\/wordpress\/wp-content\/uploads\/2020\/12\/48\u00b0Almanacco_Fodom-Mp3.mp3<\/a><\/audio>\n<p>&nbsp;<\/p>\n<p><strong>RACCOLTA COMPLETA\u00a0<\/strong><\/p>\n<blockquote class=\"wp-embedded-content\" data-secret=\"LiQmuFzeiF\"><p><a href=\"https:\/\/www.radiopiu.net\/wordpress\/almanacco-ladino\/\">Almanacco Ladino<\/a><\/p><\/blockquote>\n<p><iframe loading=\"lazy\" class=\"wp-embedded-content\" sandbox=\"allow-scripts\" security=\"restricted\" style=\"position: absolute; clip: rect(1px, 1px, 1px, 1px);\" title=\"&#8220;Almanacco Ladino&#8221; &#8212; Radio Pi\u00f9\" src=\"https:\/\/www.radiopiu.net\/wordpress\/almanacco-ladino\/embed\/#?secret=LiQmuFzeiF\" data-secret=\"LiQmuFzeiF\" width=\"600\" height=\"338\" frameborder=\"0\" marginwidth=\"0\" marginheight=\"0\" scrolling=\"no\"><\/iframe><\/p>\n<p>&nbsp;<\/p>\n<\/div>\n<hr \/>\n<div>\n<h2><span style=\"color: #000080;\"><a class=\"dt-pswp-item\" href=\"https:\/\/www.radiopiu.net\/wordpress\/wp-content\/uploads\/2020\/10\/pp.jpg\" data-dt-img-description=\"\" data-large_image_width=\"640\" data-large_image_height=\"640\"><img loading=\"lazy\" decoding=\"async\" class=\"wp-image-163678 alignleft\" src=\"https:\/\/www.radiopiu.net\/wordpress\/wp-content\/uploads\/2020\/10\/pp-300x300.jpg\" alt=\"\" width=\"106\" height=\"106\" srcset=\"https:\/\/www.radiopiu.net\/wordpress\/wp-content\/uploads\/2020\/10\/pp-300x300.jpg 300w, https:\/\/www.radiopiu.net\/wordpress\/wp-content\/uploads\/2020\/10\/pp-150x150.jpg 150w, https:\/\/www.radiopiu.net\/wordpress\/wp-content\/uploads\/2020\/10\/pp-125x125.jpg 125w, https:\/\/www.radiopiu.net\/wordpress\/wp-content\/uploads\/2020\/10\/pp-200x200.jpg 200w, https:\/\/www.radiopiu.net\/wordpress\/wp-content\/uploads\/2020\/10\/pp-80x80.jpg 80w, https:\/\/www.radiopiu.net\/wordpress\/wp-content\/uploads\/2020\/10\/pp-480x480.jpg 480w, https:\/\/www.radiopiu.net\/wordpress\/wp-content\/uploads\/2020\/10\/pp.jpg 640w\" sizes=\"auto, (max-width: 106px) 100vw, 106px\" \/><\/a> <\/span><\/h2>\n<h2><span style=\"color: #000080;\">DON CESARE, IL PENSIERO DEL GIORNO. ALLA RADIO ALLE 7 DEL MATTINO E ALLE 19.30 DELLA SERA.\u00a0\u00a0<\/span><\/h2>\n<\/div>\n<p>&nbsp;<\/p>\n<audio class=\"wp-audio-shortcode\" id=\"audio-181626-12\" preload=\"none\" style=\"width: 100%;\" controls=\"controls\"><source type=\"audio\/mpeg\" src=\"https:\/\/www.radiopiu.net\/wordpress\/wp-content\/uploads\/2020\/12\/CESARE-18.mp3?_=12\" \/><a href=\"https:\/\/www.radiopiu.net\/wordpress\/wp-content\/uploads\/2020\/12\/CESARE-18.mp3\">https:\/\/www.radiopiu.net\/wordpress\/wp-content\/uploads\/2020\/12\/CESARE-18.mp3<\/a><\/audio>\n<p>&nbsp;<\/p>\n<hr \/>\n<p>&nbsp;<\/p>\n<div>\n<p class=\"photoswipe-wrapper\"><a class=\"dt-pswp-item pspw-wrap-ready\" href=\"https:\/\/i0.wp.com\/www.radiopiu.net\/wordpress\/wp-content\/uploads\/2018\/09\/viabilita.jpeg?ssl=1\" data-dt-img-description=\"\" data-large_image_width=\"800\" data-large_image_height=\"100\"><img loading=\"lazy\" decoding=\"async\" class=\"aligncenter wp-image-61954 size-full\" src=\"https:\/\/i0.wp.com\/www.radiopiu.net\/wordpress\/wp-content\/uploads\/2018\/09\/viabilita.jpeg?resize=800%2C100&amp;ssl=1\" sizes=\"auto, (max-width: 800px) 100vw, 800px\" srcset=\"https:\/\/i0.wp.com\/www.radiopiu.net\/wordpress\/wp-content\/uploads\/2018\/09\/viabilita.jpeg?w=800&amp;ssl=1 800w, https:\/\/i0.wp.com\/www.radiopiu.net\/wordpress\/wp-content\/uploads\/2018\/09\/viabilita.jpeg?resize=300%2C38&amp;ssl=1 300w, https:\/\/i0.wp.com\/www.radiopiu.net\/wordpress\/wp-content\/uploads\/2018\/09\/viabilita.jpeg?resize=768%2C96&amp;ssl=1 768w\" alt=\"\" width=\"800\" height=\"100\" \/><\/a><\/p>\n<\/div>\n<p>&nbsp;<\/p>\n<p><strong>SP 1 MADONNA DEL PIAVE <\/strong>senso unico alternato regolato da semaforo fino al 15 gennaio in comune di Quero Vas per realizzazione tombinatura<\/p>\n<p><strong>SR 348 FELTRINA<\/strong> senso unico alternato regolato da semaforo fino al 30 dicembre in comune di Quero Vas per messa in sicurezza versante a monte della strada<\/p>\n<p><strong>SP 28 DELLE COSTE D&#8217;ALPAGO<\/strong> fino al 31 gennaio, compreso sabato, domenica e festivi infrasettimanali,\u00a0senso unico alternato regolato da semaforo in prossimit\u00e0 dell&#8217;abitato di Farra D&#8217;Alpago per messa in sicurezza della strada<\/p>\n<p><strong>SP 42 CAVALLERA<\/strong> fino a revoca, chiusura della strada nell&#8217;abitato di Perarolo per attivazione emergenza frana &#8220;Busa del Cristo&#8221;<\/p>\n<p><strong>S.P.2 DELLA VALLE DEL MIS\u00a0<\/strong>Interdizione totale al traffico fino a revoca dal km 14,920 (localit\u00e0 Gona Bassa) al km 20,650 (localit\u00e0 Titele) per cedimento della carreggiata<\/p>\n<p><strong>S.P. 5 DI LAMOSANO<\/strong>\u00a0Interdizione totale fino a revoca per presenza di materiale e alberi in strada.<\/p>\n<p><strong>S.P. 251 DI VAL DI ZOLDO E VAL CELLINA\u00a0<\/strong>dalla localit\u00e0 Soffranco fino all&#8217;imbocco nord della galleria S. Giovanni interdizione totale al transito per cedimento della carreggiata<\/p>\n<p><strong>SP 3 DELLA VAL IMPERINA<\/strong> fino a revoca, senso unico alternato regolato a vista in localit\u00e0 Gona di Conedera di Rivamonte per cedimento della carreggiata stradale<\/p>\n<p>&nbsp;<\/p>\n<div>\n<p>&nbsp;<\/p>\n<hr \/>\n<p>&nbsp;<\/p>\n<p class=\"photoswipe-wrapper\"><a class=\"dt-pswp-item pspw-wrap-ready\" href=\"https:\/\/i0.wp.com\/www.radiopiu.net\/wordpress\/wp-content\/uploads\/2018\/09\/WhatsApp-Image-2018-09-20-at-16.04.06.jpeg?ssl=1\" data-dt-img-description=\"\" data-large_image_width=\"800\" data-large_image_height=\"100\"><img loading=\"lazy\" decoding=\"async\" class=\"aligncenter wp-image-61378 size-full jetpack-lazy-image jetpack-lazy-image--handled\" src=\"https:\/\/i0.wp.com\/www.radiopiu.net\/wordpress\/wp-content\/uploads\/2018\/09\/WhatsApp-Image-2018-09-20-at-16.04.06.jpeg?resize=800%2C100&amp;ssl=1\" sizes=\"auto, (max-width: 800px) 100vw, 800px\" srcset=\"https:\/\/i0.wp.com\/www.radiopiu.net\/wordpress\/wp-content\/uploads\/2018\/09\/WhatsApp-Image-2018-09-20-at-16.04.06.jpeg?w=800&amp;ssl=1 800w, https:\/\/i0.wp.com\/www.radiopiu.net\/wordpress\/wp-content\/uploads\/2018\/09\/WhatsApp-Image-2018-09-20-at-16.04.06.jpeg?resize=300%2C38&amp;ssl=1 300w, https:\/\/i0.wp.com\/www.radiopiu.net\/wordpress\/wp-content\/uploads\/2018\/09\/WhatsApp-Image-2018-09-20-at-16.04.06.jpeg?resize=768%2C96&amp;ssl=1 768w\" alt=\"\" width=\"800\" height=\"100\" data-lazy-loaded=\"1\" \/><\/a><\/p>\n<p>&nbsp;<\/p>\n<div><center><b>Lunedi 28<\/b><\/center><b>Tempo atteso:\u00a0<\/b>Tempo perturbato, con cielo coperto e fenomeni diffusi, con nevicate su tutti settori. L&#8217;apice del maltempo sar\u00e0 tra il mattino e il primo pomeriggio, mentre al pomeriggio\/sera i fenomeni saranno in decisa attenuazione a partire dalle Prealpi occidentali. Clima freddo e umido a tutte le quote, con debole escursione termica diurna.<br \/>\n<b>Precipitazioni:\u00a0<\/b>Fino al primo pomeriggio diffuse (100%), dapprima deboli, poi fino a moderate e a tratti forti; successivamente in attenuazione da ovest fino a risultare deboli o del tutto assenti nella notte (20\/30%). Il limite della neve si manterr\u00e0 ovunque a fondovalle, eccetto poter risalire attorno ai 400\/600 m sui settori pi\u00f9 esposti alla pianura e ventilati. Saranno possibili mediamente 25\/40 cm di neve fresca oltre gli 800\/1000 m, con accumuli localmente superiori in quota per neve molto leggera, anche oltre i 50 cm su alcuni settori prealpini e delle Dolomiti meridionali.<br \/>\n<b>Temperature:\u00a0<\/b>Minime in rialzo nelle valli e in lieve calo in quota; massime in lieve calo. Su Prealpi a 1500 m min -7\u00b0C max -3\u00b0C, a 2000 m min -8\u00b0C max -4\u00b0C. Su Dolomiti a 2000 m min -9\u00b0C max -5\u00b0C, a 3000 m min -12\u00b0C max -9\u00b0C.<br \/>\n<b>Venti:\u00a0<\/b>Nelle valli perlopi\u00f9 deboli; in quota in attenuazione da forti a deboli\/moderati meridionali, a 10-30 km\/h a 2000 m, 25-75 km\/h a 3000 m.<\/div>\n<\/div>\n<hr \/>\n<p><center><b>Martedi 29<\/b><\/center><b>Tempo atteso:\u00a0<\/b>Locali schiarite e annuvolamenti irregolari insistenti per tutta la giornata, anche per nubi medio basse, con qualche possibile debole precipitazione sparsa, in un contesto di tempo debolmente instabile, freddo e umido.<br \/>\n<b>Precipitazioni:\u00a0<\/b>Possibili deboli e sparse, localmente anche a carattere di rovescio, un po&#8217; pi\u00f9 probabili fino alle ore centrali (40\/60%), meno al pomeriggio\/sera. Limite delle deboli nevicate a 600\/800 m sulle zone prealpine aperte, a fondovalle nei settori chiusi, con possibile neve debole anche in Valbelluna soprattutto al mattino, perlomeno nei settori pi\u00f9 freddi. In ogni caso saranno precipitazioni deboli, con 5\/15 mm in 24 ore e altrettanti cm di neve fresca possibili oltre i 1000 m.<br \/>\n<b>Temperature:\u00a0<\/b>In generale lieve rialzo. Su Prealpi a 1500 m min -4\u00b0C max -2\u00b0C, a 2000 m min -6\u00b0C max -4\u00b0C. Su Dolomiti a 2000 m min -8\u00b0C max -5\u00b0C, a 3000 m min -12\u00b0C max -10\u00b0C.<br \/>\n<b>Venti:\u00a0<\/b>Nelle valli perlopi\u00f9 deboli; in quota da deboli\/moderati a tesi da sud-ovest, a 10-25 km\/h a 2000 m, 25-55 km\/h a 3000 m.<\/p>\n<hr \/>\n<p><center><b>Mercoledi 30<\/b><\/center>Tempo variabile, con schiarite alternate ad annuvolamenti, meno presenti del giorno precedente, cui non si esclude possano associarsi deboli e sporadiche precipitazioni, eventualmente nevose a 700\/900 m, solo localmente a quote pi\u00f9 basse in caso di fenomeni nelle ore pi\u00f9 fredde, ma senza accumuli apprezzabili. Temperature sempre di stampo invernale. Venti in attenuazione a tutte le quote.<\/p>\n<hr \/>\n<p><center><b>Giovedi 31<\/b><\/center>Possibili schiarite pi\u00f9 ampie dei giorni precedenti al mattino, seguite da un aumento della nuvolosit\u00e0 al pomeriggio\/sera, perlopi\u00f9 senza fenomeni associati. Temperature minime in calo in caso di schiarite notturne, con forti gelate; massime in rialzo in funzione del soleggiamento. Venti moderati meridionali in quota. Previsore: G.M.<\/p>\n<p>&nbsp;<\/p>\n<hr \/>\n<p>&nbsp;<\/p>\n<blockquote class=\"wp-embedded-content\" data-secret=\"2buoCVXkhS\"><p><a href=\"https:\/\/www.radiopiu.net\/wordpress\/le-temperature-minime-nelle-zone-piu-fredde-del-veneto\/\">LE TEMPERATURE MINIME NELLE ZONE PIU&#8217; FREDDE DEL VENETO<\/a><\/p><\/blockquote>\n<p><iframe loading=\"lazy\" class=\"wp-embedded-content\" sandbox=\"allow-scripts\" security=\"restricted\" style=\"position: absolute; clip: rect(1px, 1px, 1px, 1px);\" title=\"&#8220;LE TEMPERATURE MINIME NELLE ZONE PIU&#8217; FREDDE DEL VENETO&#8221; &#8212; Radio Pi\u00f9\" src=\"https:\/\/www.radiopiu.net\/wordpress\/le-temperature-minime-nelle-zone-piu-fredde-del-veneto\/embed\/#?secret=2buoCVXkhS\" data-secret=\"2buoCVXkhS\" width=\"600\" height=\"338\" frameborder=\"0\" marginwidth=\"0\" marginheight=\"0\" scrolling=\"no\"><\/iframe><\/p>\n","protected":false},"excerpt":{"rendered":"<p>PER RICEVERE QUESTO NOTIZIARIO DIRETTAMENTE SUL TUO CELLULARE ISCRIVITI AL CANALE TELEGRAM \u201cRADIO PIU\u00a0 INFORMAZIONE&#8221; ATTENZIONE: LA NUOVA APP PER IOS-IPHONE https:\/\/apps.apple.com\/it\/app\/radio-pi%C3%B9-emittente-agordina\/id1515939845 ATTENZIONE: LA NUOVA APP RADIO\u00a0 PER ANDROID https:\/\/play.google.com\/store\/apps\/details?id=net.radiopiu.iniko\u00a0\u00a0\u00a0 &nbsp; di William Da Roit\u00a0 \u00a0W LA LIBERTA&#8217; &nbsp; &nbsp; IN VIGORE L&#8217;AUTOCERTIFICAZIONE FINO\u00a0 AL 6 GENNAIO SCARICALA QUI I 4 giorni arancioni saranno: 28,&hellip;<\/p>\n","protected":false},"author":4,"featured_media":181699,"comment_status":"closed","ping_status":"closed","sticky":false,"template":"","format":"standard","meta":{"_monsterinsights_skip_tracking":false,"_monsterinsights_sitenote_active":false,"_monsterinsights_sitenote_note":"","_monsterinsights_sitenote_category":0,"footnotes":""},"categories":[1,51,86,49],"tags":[],"class_list":["post-181626","post","type-post","status-publish","format-standard","has-post-thumbnail","hentry","category-senza-categoria","category-evidenza-top","category-gr","category-news-18","category-1","category-51","category-86","category-49","description-off"],"img_url":"https:\/\/www.radiopiu.net\/wordpress\/wp-content\/uploads\/2020\/12\/arianna-pasquali-con-altri-vaccinati-e-direzzione-medica-feltre.jpg","_links":{"self":[{"href":"https:\/\/www.radiopiu.net\/wordpress\/wp-json\/wp\/v2\/posts\/181626","targetHints":{"allow":["GET"]}}],"collection":[{"href":"https:\/\/www.radiopiu.net\/wordpress\/wp-json\/wp\/v2\/posts"}],"about":[{"href":"https:\/\/www.radiopiu.net\/wordpress\/wp-json\/wp\/v2\/types\/post"}],"author":[{"embeddable":true,"href":"https:\/\/www.radiopiu.net\/wordpress\/wp-json\/wp\/v2\/users\/4"}],"replies":[{"embeddable":true,"href":"https:\/\/www.radiopiu.net\/wordpress\/wp-json\/wp\/v2\/comments?post=181626"}],"version-history":[{"count":0,"href":"https:\/\/www.radiopiu.net\/wordpress\/wp-json\/wp\/v2\/posts\/181626\/revisions"}],"wp:featuredmedia":[{"embeddable":true,"href":"https:\/\/www.radiopiu.net\/wordpress\/wp-json\/wp\/v2\/media\/181699"}],"wp:attachment":[{"href":"https:\/\/www.radiopiu.net\/wordpress\/wp-json\/wp\/v2\/media?parent=181626"}],"wp:term":[{"taxonomy":"category","embeddable":true,"href":"https:\/\/www.radiopiu.net\/wordpress\/wp-json\/wp\/v2\/categories?post=181626"},{"taxonomy":"post_tag","embeddable":true,"href":"https:\/\/www.radiopiu.net\/wordpress\/wp-json\/wp\/v2\/tags?post=181626"}],"curies":[{"name":"wp","href":"https:\/\/api.w.org\/{rel}","templated":true}]}}