{"id":181709,"date":"2020-12-27T15:58:40","date_gmt":"2020-12-27T14:58:40","guid":{"rendered":"https:\/\/www.radiopiu.net\/wordpress\/?p=181709"},"modified":"2020-12-28T05:56:21","modified_gmt":"2020-12-28T04:56:21","slug":"meteo-fase-di-attenzione-per-vento-forte-su-tutta-la-regione-e-per-rischio-valanghe-in-aree-montane-attese-nevicate-anche-in-pianura","status":"publish","type":"post","link":"https:\/\/www.radiopiu.net\/wordpress\/meteo-fase-di-attenzione-per-vento-forte-su-tutta-la-regione-e-per-rischio-valanghe-in-aree-montane-attese-nevicate-anche-in-pianura\/","title":{"rendered":"METEO. FASE DI ATTENZIONE PER VENTO FORTE SU TUTTA LA REGIONE E PER RISCHIO VALANGHE IN AREE MONTANE. ATTESE NEVICATE ANCHE IN PIANURA"},"content":{"rendered":"<p><strong><a href=\"https:\/\/www.radiopiu.net\/wordpress\/neve-4\/\"><img loading=\"lazy\" decoding=\"async\" class=\"size-medium wp-image-178282 alignleft\" src=\"https:\/\/www.radiopiu.net\/wordpress\/wp-content\/uploads\/2020\/12\/neve-300x169.jpg\" alt=\"\" width=\"300\" height=\"169\" srcset=\"https:\/\/www.radiopiu.net\/wordpress\/wp-content\/uploads\/2020\/12\/neve-300x169.jpg 300w, https:\/\/www.radiopiu.net\/wordpress\/wp-content\/uploads\/2020\/12\/neve-1024x575.jpg 1024w, https:\/\/www.radiopiu.net\/wordpress\/wp-content\/uploads\/2020\/12\/neve-768x432.jpg 768w, https:\/\/www.radiopiu.net\/wordpress\/wp-content\/uploads\/2020\/12\/neve-1536x863.jpg 1536w, https:\/\/www.radiopiu.net\/wordpress\/wp-content\/uploads\/2020\/12\/neve.jpg 1920w\" sizes=\"auto, (max-width: 300px) 100vw, 300px\" \/><\/a>VENEZIA <\/strong>Il Centro Funzionale Decentrato della Protezione Civile, alla luce delle previsioni meteo, ha decretato la fase operativa di attenzione per vento forte su tutta la Regione da riconfigurare, a livello locale, in fase operativa di pre-allarme o allarme a seconda dell\u2019intensit\u00e0 del vento, dalla mezzanotte di oggi fino alla mezzanotte di domani. Il bollettino meteorologico regionale prevede \u201cventi meridionali in intensificazione fino a forti sulla costa e pianura limitrofa, in alta quota e sulle dorsali prealpine, a tratti anche molto forti nelle ore centrali sul mare fino in prossimit\u00e0 della costa, moderati\/tesi da nord-est sulla pianura interna; venti in attenuazione dal pomeriggio\/sera nei bassi strati e in rotazione dai quadranti occidentali\u201d. La segnalazione meteo emessa oggi dal Centro Funzionale Decentrato della Regione del Veneto prevede \u201ctra la tarda serata\/notte di domenica 27 e la sera di luned\u00ec 28 episodio perturbato con precipitazioni diffuse, consistenti su zone centro-settentrionali, inizialmente nevose fino a quote pianeggianti con possibili accumuli consistenti oltre i 700-1000 m ma significativi anche a quote pi\u00f9 basse, fino a gran parte dell&#8217;alta pianura al mattino di luned\u00ec\u201d. \u00c8 stato dichiarato lo stato di attenzione per Nevicate da riconfigurare, a livello locale, a seconda dell\u2019intensit\u00e0 dei fenomeni, dalla mezzanotte di oggi alla mezzanotte di domani per Pianura, Zone collinari e Bellunese Meridionale.\u00a0 Infine, \u00e8 stato emesso un avviso di criticit\u00e0 valanghe che indica la fase di attenzione per rischio valanghe, valido a a partire dalle 10 di domani, per la zona antropizzata MONT-1. Per luned\u00ec 28 dicembre \u00e8 prevista neve con apporti anche superiori ai 30 cm sia in MONT-1 che in MONT-2. Il pericolo di valanghe \u00e8 previsto marcato su tutto il territorio montano regionale. In MONT-1 potranno verificarsi valanghe con interessamento della viabilit\u00e0 dei passi dolomitici.<\/p>\n<a href=\"https:\/\/www.radiopiu.net\/wordpress\/wp-content\/uploads\/2020\/12\/AV_20201227_CFD-9.pdf\" class=\"pdfemb-viewer\" style=\"\" data-width=\"max\" data-height=\"max\" data-toolbar=\"top\" data-toolbar-fixed=\"on\">AV_20201227_CFD-9<\/a>\n","protected":false},"excerpt":{"rendered":"<p>VENEZIA Il Centro Funzionale Decentrato della Protezione Civile, alla luce delle previsioni meteo, ha decretato la fase operativa di attenzione per vento forte su tutta la Regione da riconfigurare, a livello locale, in fase operativa di pre-allarme o allarme a seconda dell\u2019intensit\u00e0 del vento, dalla mezzanotte di oggi fino alla mezzanotte di domani. Il bollettino&hellip;<\/p>\n","protected":false},"author":4,"featured_media":178282,"comment_status":"closed","ping_status":"closed","sticky":false,"template":"","format":"standard","meta":{"_monsterinsights_skip_tracking":false,"_monsterinsights_sitenote_active":false,"_monsterinsights_sitenote_note":"","_monsterinsights_sitenote_category":0,"footnotes":""},"categories":[51,49],"tags":[],"class_list":["post-181709","post","type-post","status-publish","format-standard","has-post-thumbnail","hentry","category-evidenza-top","category-news-18","category-51","category-49","description-off"],"img_url":"https:\/\/www.radiopiu.net\/wordpress\/wp-content\/uploads\/2020\/12\/neve.jpg","_links":{"self":[{"href":"https:\/\/www.radiopiu.net\/wordpress\/wp-json\/wp\/v2\/posts\/181709","targetHints":{"allow":["GET"]}}],"collection":[{"href":"https:\/\/www.radiopiu.net\/wordpress\/wp-json\/wp\/v2\/posts"}],"about":[{"href":"https:\/\/www.radiopiu.net\/wordpress\/wp-json\/wp\/v2\/types\/post"}],"author":[{"embeddable":true,"href":"https:\/\/www.radiopiu.net\/wordpress\/wp-json\/wp\/v2\/users\/4"}],"replies":[{"embeddable":true,"href":"https:\/\/www.radiopiu.net\/wordpress\/wp-json\/wp\/v2\/comments?post=181709"}],"version-history":[{"count":0,"href":"https:\/\/www.radiopiu.net\/wordpress\/wp-json\/wp\/v2\/posts\/181709\/revisions"}],"wp:featuredmedia":[{"embeddable":true,"href":"https:\/\/www.radiopiu.net\/wordpress\/wp-json\/wp\/v2\/media\/178282"}],"wp:attachment":[{"href":"https:\/\/www.radiopiu.net\/wordpress\/wp-json\/wp\/v2\/media?parent=181709"}],"wp:term":[{"taxonomy":"category","embeddable":true,"href":"https:\/\/www.radiopiu.net\/wordpress\/wp-json\/wp\/v2\/categories?post=181709"},{"taxonomy":"post_tag","embeddable":true,"href":"https:\/\/www.radiopiu.net\/wordpress\/wp-json\/wp\/v2\/tags?post=181709"}],"curies":[{"name":"wp","href":"https:\/\/api.w.org\/{rel}","templated":true}]}}