{"id":181716,"date":"2020-12-27T23:59:41","date_gmt":"2020-12-27T22:59:41","guid":{"rendered":"https:\/\/www.radiopiu.net\/wordpress\/?p=181716"},"modified":"2020-12-28T05:53:49","modified_gmt":"2020-12-28T04:53:49","slug":"ponte-di-caupo-seren-del-grappa-tra-le-opere-del-regime-fascista","status":"publish","type":"post","link":"https:\/\/www.radiopiu.net\/wordpress\/ponte-di-caupo-seren-del-grappa-tra-le-opere-del-regime-fascista\/","title":{"rendered":"PONTE DI CAUPO (SEREN DEL GRAPPA) TRA LE OPERE DEL REGIME FASCISTA"},"content":{"rendered":"<p><strong>di Renato Bona\u00a0<\/strong><\/p>\n<p>A Fonzaso: illuminazione, scuole, acquedotto, cimitero di Arten, arginature Sperando di fare cosa gradita all\u2019amico di lunga data Loris Scopel, noto ed apprezzato anche come pubblico amministratore, e proseguendo il \u201cviaggio\u201d nei comuni bellunesi per richiamare le opere compiute sotto il regime fascista dalle amministrazioni e dagli enti della Provincia, mi dedico nella circostanza a Seren del Grappa e Fonzaso. Lo faccio guidato dal libro edito nell\u2019aprile del 1934, anno XII dell\u2019era fascista, dallo stabilimento tipografico Panfilo Castaldi di Feltre in occasione della celebrazione del primo decennale del governo fascista. \u201cAllorch\u00e9 \u2013 come annotava il curatore del prezioso volume, il vice prefetto di Belluno, Carlo Riva \u2013 fu una gara fra tutti gli enti e istituti pubblici e privati per fare, con relazioni, statistiche, grafici eccetera la dimostrazione di quello che ciascuno nella propria sfera di azione aveva saputo fare, operare, ordinare nei dieci anni decorsi sotto l\u2019insegna del fascismo, seguendo le direttive del Duce della nuova Italia\u2026 ed avevano trasformato il volto di questa zona, incantevole per bellezze della natura, ma che aveva conosciuto le orrende distruzioni della Grande guerra &#8211; combattuta sui suoi monti, dalle Tofane al Grappa, e sul sacro Piave \u2013 che aveva conosciuto le dolorose vicende dell\u2019invasione nemica, ed i tristi effetti della disorganizzazione di tutti i pubblici servizi nei tempi della demagogia rossa\u2026\u201d. COMUNE DI SEREN DEL GRAPPA. Nell\u2019anno 1925 fu realizzato il Ponte di Caupo, in cemento armato, a tre luci di venti metri l\u2019una, con travatura orizzontale che regge l\u2019impalcato con una ringhiera in ferro. L\u2019impalcato \u2013 si legge \u2013 ha una zona carreggiabile di quattro metri ed il ponte attraversante il torrente Stizzon unisce la frazione di Caupo al capoluogo e restante territorio comunale. L\u2019opera venne a costare 280 mila lire. Nel 1928 fu la volta della Strada Val dei Frassen, una mulattiera della larghezza di due metri e mezzo costruita tutta a nuovo da Val dei Frassen (fondovalle di Seren) a Col de la Fontana, con un percorso di un chilometro e mezzo, pendenza media del 12 per cento, che va a congiungersi con la vecchia mulattiera che conduce alle malghe comunali delle Bocchette nella zona del Monte Grappa. Il costo sostenuto fu di 43 mila 590 lire. Nello stesso anno l\u2019ultimo intervento riportato nel libro: la Strada Seren-Valle. Eccone la descrizione: \u201cAvendo le alluvioni dell\u2019anno 1928, asportato un tratto di strada comunale che mette in comunicazione il capoluogo con la frazione di Valle, venne ripristinata la strada medesima, difendendola con arginatura in cemento armato, lungo la sponda destra del torrente Stizzon che vi corre parallelo, eliminando le preesistenti e ricostruendo un tratto della lunghezza di metri 120, e la cui spesa complessiva fu di L. 45.550\u201d. COMUNE DI FONZASO. Nell\u2019anno settimo dell\u2019era, il 1929: il Cimitero della frazione Arten. Cos\u00ec la relazione: \u201cResosi insufficiente il piccolo ed antico cimitero addossato alla Chiesetta Oratorio di San Nicol\u00f2, ed avendo nelle immediate vicinanze il Comando dell\u2019esercito austriaco, durante l\u2019invasione, recinto con filo spinato un\u2019area dove seppell\u00ec militari di diverse nazionalit\u00e0, nel progetto del nuovo cimitero si comprese l\u2019area militare, congiungendola con grosse ed alte mura, dovute erigere per la naturale pendenza del terreno, alla parte vecchia. Attualmente la sola zona intermedia serve per la popolazione civile in attesa che l\u2019Ufficio Cure ed Onoranze delle Salme Caduti in Guerra trasporti altrove le salme militari. La spesa incontrata fu di L. 62.000\u201d. Nel 1932 (anno decimo): Impianto di illuminazione pubblica elettrica del Capoluogo e della frazione di Arten. Nei due principali centri abitati esisteva una primordiale illuminazione elettrica, attaccata alla linea di distribuzione della energia ai privati, e quindi sempre accesa, e le cui lampadine erano ancora sostenute dalle antiche aste di ferro che un tempo sostenevano i fanali a petrolio. Il nuovo impianto \u00e8 del tutto indipendente da quello privato e le lampade sono state applicate in corrispondenza dell\u2019asse stradale, mediante sospensione con due funicelle metalliche sovrapposte. Da 52 lampade di 50 candele l\u2019una del vecchio impianto si sono portate le lampade a 99 di cui 88 da 50 e 11 da 300 e 400 candele, avendosi ora una illuminazione che risponde effettivamente alle necessit\u00e0 di decoro dei centri di gran transito. Mediante due orologi ad interruttore-orario si ha l\u2019accensione e lo spegnimento automatico. L\u2019opera venne inaugurata il 28 ottobre 1932 e cost\u00f2 L. 50.000 circa. Dello stesso anno: l\u2019Acquedotto di Frassen\u00e8 la cui popolazione si serviva di una piccola pozza d\u2019acqua alimentata dalle filtrazioni del vicino torrente Cismon; abbassato questo il suo letto, le filtrazioni vennero a mancare, inaridendo a periodi la piccola sorgente. Da ci\u00f2 la necessit\u00e0 di dare alla frazione acqua sana ed abbondante, utilizzando una sorgente copiosissima scaturente da una parete rocciosa in localit\u00e0 denominata \u2018Tost\u00e8\u2019, e che ha la sua origine dal bacino imbrifero dei monti Cima Lan e Vallorca. Siccome per\u00f2 la sorgente \u2018Tost\u00e8\u2019 si trova 23 metri pi\u00f9 bassa del punto pi\u00f9 elevato dell\u2019abitato di Frassen\u00e8, cos\u00ec si \u00e8 usato per il sollevamento dell\u2019acqua un ariete azionato dall\u2019acqua esuberante: con un salto di 4 metri e mediante doppia tubazione in acciaio e in cemento Eternit, l\u2019elemento venne portato ad una monumentale fontana-abbeveratoio nel centro dell\u2019abitato. Costo complessivo dell\u2019opera L. 40.000. Resta da dire dei due piccoli edifici scolastici (un\u2019aula a pianterreno per 40 alunni e alloggio dell\u2019insegnante oltre a 3 stanze al primo piano, per le frazioni di Agana e Giaroni; spesa di lire 57 mila dalla quale dedurre lire 10.000 per prestazioni gratuite degli abitanti. E delle difese del torrente Stizzon. Che riguardano il tratto dalla stretta di Pedesalto al ponte di Arsi\u00e8 di circa 5 chilometri. Le difese consistono in gabbionate ed argini di cemento nelle due sponde, interrotti da difese trasversali al corso d\u00ec\u2019acqua. Complessivamente 377 ettari di terreno che grazie all\u2019attivit\u00e0 del Consorzio di irrigazione del torrente Cismon verranno ridonati stabilmente all\u2019agricoltura con grande vantaggio della produzione foraggera e del patrimonio zootecnico e indirettamente dell\u2019incremento demografico \u201cpotendo la popolazione trovare occupazione in luogo anzich\u00e9 oltrepassare i confini della Patria\u201d.<\/p>\n\n\t\t\t<style type='text\/css'>\n\t\t\t\t#gallery-1 {\n\t\t\t\t\tmargin: auto;\n\t\t\t\t}\n\t\t\t\t#gallery-1 .gallery-item {\n\t\t\t\t\tfloat: left;\n\t\t\t\t\tmargin-top: 10px;\n\t\t\t\t\ttext-align: center;\n\t\t\t\t\twidth: 25%;\n\t\t\t\t}\n\t\t\t\t#gallery-1 img {\n\t\t\t\t\tborder: 2px solid #cfcfcf;\n\t\t\t\t}\n\t\t\t\t#gallery-1 .gallery-caption {\n\t\t\t\t\tmargin-left: 0;\n\t\t\t\t}\n\t\t\t\t\/* see gallery_shortcode() in wp-includes\/media.php *\/\n\t\t\t<\/style>\n\t\t<div id='gallery-1' class='dt-gallery-container gallery galleryid-181716 gallery-columns-4 gallery-size-thumbnail'><dl class='gallery-item'>\n\t\t\t\t<dt class='gallery-icon landscape'>\n\t\t\t\t\t<a class=\"rollover rollover-zoom dt-pswp-item\" title=\"133889031_1256357058080420_71056817556823730_n\" data-dt-img-description=\"\" data-large_image_width=\"2560\" data-large_image_height=\"1845\"href='https:\/\/www.radiopiu.net\/wordpress\/wp-content\/uploads\/2020\/12\/133889031_1256357058080420_71056817556823730_n-scaled.jpg'><img loading=\"lazy\" decoding=\"async\" width=\"150\" height=\"150\" src=\"https:\/\/www.radiopiu.net\/wordpress\/wp-content\/uploads\/2020\/12\/133889031_1256357058080420_71056817556823730_n-150x150.jpg\" class=\"attachment-thumbnail size-thumbnail\" alt=\"\" \/><\/a>\n\t\t\t\t<\/dt><\/dl><dl class='gallery-item'>\n\t\t\t\t<dt class='gallery-icon landscape'>\n\t\t\t\t\t<a class=\"rollover rollover-zoom dt-pswp-item\" title=\"133843013_1710717499106588_8687732039106714769_n\" data-dt-img-description=\"\" data-large_image_width=\"2560\" data-large_image_height=\"1805\"href='https:\/\/www.radiopiu.net\/wordpress\/wp-content\/uploads\/2020\/12\/133843013_1710717499106588_8687732039106714769_n-scaled.jpg'><img loading=\"lazy\" decoding=\"async\" width=\"150\" height=\"150\" src=\"https:\/\/www.radiopiu.net\/wordpress\/wp-content\/uploads\/2020\/12\/133843013_1710717499106588_8687732039106714769_n-150x150.jpg\" class=\"attachment-thumbnail size-thumbnail\" alt=\"\" \/><\/a>\n\t\t\t\t<\/dt><\/dl><dl class='gallery-item'>\n\t\t\t\t<dt class='gallery-icon landscape'>\n\t\t\t\t\t<a class=\"rollover rollover-zoom dt-pswp-item\" title=\"133566200_2254760767981006_4734264560667083769_n\" data-dt-img-description=\"\" data-large_image_width=\"2560\" data-large_image_height=\"1711\"href='https:\/\/www.radiopiu.net\/wordpress\/wp-content\/uploads\/2020\/12\/133566200_2254760767981006_4734264560667083769_n-scaled.jpg'><img loading=\"lazy\" decoding=\"async\" width=\"150\" height=\"150\" src=\"https:\/\/www.radiopiu.net\/wordpress\/wp-content\/uploads\/2020\/12\/133566200_2254760767981006_4734264560667083769_n-150x150.jpg\" class=\"attachment-thumbnail size-thumbnail\" alt=\"\" \/><\/a>\n\t\t\t\t<\/dt><\/dl><dl class='gallery-item'>\n\t\t\t\t<dt class='gallery-icon landscape'>\n\t\t\t\t\t<a class=\"rollover rollover-zoom dt-pswp-item\" title=\"133723357_3521560311260791_789905617696504559_n\" data-dt-img-description=\"\" data-large_image_width=\"2560\" data-large_image_height=\"1844\"href='https:\/\/www.radiopiu.net\/wordpress\/wp-content\/uploads\/2020\/12\/133723357_3521560311260791_789905617696504559_n-scaled.jpg'><img loading=\"lazy\" decoding=\"async\" width=\"150\" height=\"150\" src=\"https:\/\/www.radiopiu.net\/wordpress\/wp-content\/uploads\/2020\/12\/133723357_3521560311260791_789905617696504559_n-150x150.jpg\" class=\"attachment-thumbnail size-thumbnail\" alt=\"\" \/><\/a>\n\t\t\t\t<\/dt><\/dl><br style=\"clear: both\" \/>\n\t\t\t<\/div>\n\n<p>NELLE FOTO (riproduzioni dal libro \u201cLa Provincia di Belluno in regime fascista\u201d): il ponte di Caupo a Seren del Grappa; la Piazza I Novembre di Fonzaso con la nuova illuminazione; arginatura in riva destra del Cismon; altra arginatura lungo lo stesso torrente.<\/p>\n","protected":false},"excerpt":{"rendered":"<p>di Renato Bona\u00a0 A Fonzaso: illuminazione, scuole, acquedotto, cimitero di Arten, arginature Sperando di fare cosa gradita all\u2019amico di lunga data Loris Scopel, noto ed apprezzato anche come pubblico amministratore, e proseguendo il \u201cviaggio\u201d nei comuni bellunesi per richiamare le opere compiute sotto il regime fascista dalle amministrazioni e dagli enti della Provincia, mi dedico&hellip;<\/p>\n","protected":false},"author":4,"featured_media":181720,"comment_status":"closed","ping_status":"closed","sticky":false,"template":"","format":"standard","meta":{"_monsterinsights_skip_tracking":false,"_monsterinsights_sitenote_active":false,"_monsterinsights_sitenote_note":"","_monsterinsights_sitenote_category":0,"footnotes":""},"categories":[104,49],"tags":[],"class_list":["post-181716","post","type-post","status-publish","format-standard","has-post-thumbnail","hentry","category-evidenza_3","category-news-18","category-104","category-49","description-off"],"img_url":"https:\/\/www.radiopiu.net\/wordpress\/wp-content\/uploads\/2020\/12\/133723357_3521560311260791_789905617696504559_n-scaled.jpg","_links":{"self":[{"href":"https:\/\/www.radiopiu.net\/wordpress\/wp-json\/wp\/v2\/posts\/181716","targetHints":{"allow":["GET"]}}],"collection":[{"href":"https:\/\/www.radiopiu.net\/wordpress\/wp-json\/wp\/v2\/posts"}],"about":[{"href":"https:\/\/www.radiopiu.net\/wordpress\/wp-json\/wp\/v2\/types\/post"}],"author":[{"embeddable":true,"href":"https:\/\/www.radiopiu.net\/wordpress\/wp-json\/wp\/v2\/users\/4"}],"replies":[{"embeddable":true,"href":"https:\/\/www.radiopiu.net\/wordpress\/wp-json\/wp\/v2\/comments?post=181716"}],"version-history":[{"count":0,"href":"https:\/\/www.radiopiu.net\/wordpress\/wp-json\/wp\/v2\/posts\/181716\/revisions"}],"wp:featuredmedia":[{"embeddable":true,"href":"https:\/\/www.radiopiu.net\/wordpress\/wp-json\/wp\/v2\/media\/181720"}],"wp:attachment":[{"href":"https:\/\/www.radiopiu.net\/wordpress\/wp-json\/wp\/v2\/media?parent=181716"}],"wp:term":[{"taxonomy":"category","embeddable":true,"href":"https:\/\/www.radiopiu.net\/wordpress\/wp-json\/wp\/v2\/categories?post=181716"},{"taxonomy":"post_tag","embeddable":true,"href":"https:\/\/www.radiopiu.net\/wordpress\/wp-json\/wp\/v2\/tags?post=181716"}],"curies":[{"name":"wp","href":"https:\/\/api.w.org\/{rel}","templated":true}]}}