{"id":181861,"date":"2020-12-28T23:59:12","date_gmt":"2020-12-28T22:59:12","guid":{"rendered":"https:\/\/www.radiopiu.net\/wordpress\/?p=181861"},"modified":"2020-12-29T06:05:56","modified_gmt":"2020-12-29T05:05:56","slug":"lospedale-civile-del-cadore-nelle-note-storico-sanitarie-di-serafino-de-lorenzo","status":"publish","type":"post","link":"https:\/\/www.radiopiu.net\/wordpress\/lospedale-civile-del-cadore-nelle-note-storico-sanitarie-di-serafino-de-lorenzo\/","title":{"rendered":"L\u2019OSPEDALE CIVILE DEL CADORE NELLE NOTE STORICO-SANITARIE DI SERAFINO DE LORENZO"},"content":{"rendered":"<p><strong>di Renato Bona\u00a0<\/strong><\/p>\n<p>\u201cSulla Gazzetta ufficiale del 18 aprile 1970 veniva pubblicato il decreto numero 151 del Capo dello Stato, Saragat, con il quale l\u2019Ospedale civile di Pieve di Cadore (Belluno) veniva costituito in ente ospedaliero. Si concludeva cos\u00ec la gestione dell\u2019Eca trasformandosi l\u2019\u201cInfermeria\u201d in vero e proprio ospedale civile con gestione autonoma. A completare la pratica, il medico provinciale emetteva, il 27 aprile 1970, il decreto sulla costituzione del consiglio amministrativo. E le persone da allora investite dell\u2019incarico sono: \u201cLino Tabacchi, eletto dal consiglio provinciale; Dino Viss\u00e0, Antonio Cason e Girolamo Tabacchi, nominati dal commissario prefettizio dott. Portunato che in quel tempo reggeva il comune di Pieve; Carlo Fumei e Benito De Biasi eletti dall\u2019Eca; il dott. Cappellari assumeva la carica di direttore sanitario e il sig. Giopp quella di direttore amministrativo; presidente il cav. Viss\u00e0. Prendeva cos\u00ec definitiva forma il tanto atteso Ospedale del Cadore, un organismo moderno che non solo risponde alle richieste sanitarie della zona in modo eccellente, ma soddisfa altres\u00ec alle aspirazioni de lungo tempo manifestate dalla gente cadorina\u201d. Quanto precede si legge nel libro \u201cL\u2019Ospedale civile del Cadore\u201d con note storico-sanitarie dai primordi della civilt\u00e0 cadorina alla creazione dell\u2019attuale istituto ospedaliero, stampato dalla tipografia Tiziano di Pieve e curato da Serafino De Lorenzo (il decano dei giornalisti della provincia di Belluno, mancato nel dicembre 2011 all\u2019et\u00e0 di 96 anni, nella sua casa di Nebbi\u00f9 di Pieve, lasciando il figlio Osvaldo, la nuora Luciana ed i nipoti Andrea e Giuditta; pubblicista dal 1967 aveva fatto il cronista ancora durante la seconda guerra mondiale; rappresentava con onore la storia culturale e della comunicazione di tutto il Cadore e non a caso aveva diretto per ben quattro lustri il mensile della Magnifica Comunit\u00e0. Nell\u2019ottobre 2015 &#8211; come ricorda il sito youreporter.it) &#8211; la Regola di Nebbi\u00f9 ed il Comune di Pieve ne avevano ricordato la figura e l\u2019attivit\u00e0 nel centenario della nascita con un convegno, moderato da Lucio Eicher Clere, sul tema: \u201cUn uomo, un amministratore, un giornalista\u201d, con apprezzati interventi di Gino Da Vi\u00e0, Bruno De Don\u00e0, Vittore Doro e Giancarlo Pagogna e conclusioni del sindaco Antonia Ciotti. Nell\u2019occasione, il figlio Osvaldo aveva presentato il libro postumo di Serafino: \u201cStorie (cronache d\u2019un tempo)\u201d. L\u2019istituzione ospedaliera di Pieve di Cadore &#8211; si legge dopo i contributi del presidente Dino Viss\u00e0 e dell\u2019arcidiacono Guglielmo Sagui &#8211; creata come Ospedale Civile del Cadore \u00e8 cosa recente, sorta per decisione del Comune che ha coraggiosamente affrontato la soluzione di un problema vecchio di parecchi decenni. Tale problema si era andato sempre pi\u00f9 acutizzando perch\u00e9 ci\u00f2 che sembrava una facile via d\u2019uscita non si mostrava tale alla sua attuazione pratica\u201d. Dunque \u201cUna realizzazione sofferta ed attesa e per questo ancora pi\u00f9 valida e meritevole di tutte le attenzioni per gli ulteriori sviluppi\u2026 Se \u00e8 stata il coronamento di sforzi, di iniziative, di gesti generosi e soprattutto di volont\u00e0 di uomini e di desideri della popolazione, pu\u00f2 non dispiacere volgere uno sguardo al passato, lontano e vicino, per quel tanto che consenta di avere una immagine, anche solo indicativa, delle condizioni sanitarie della nostra terra, per confrontarle con quelle venutesi a stabilire di recente e di misurare il lungo cammino della scienza e dell\u2019arte medica in Cadore\u201d. A questo punto prendono il via i dieci capitoli in cui \u00e8 articolato il volume: \u201cCenni sulle condizioni sanitarie del Cadore attraverso i secoli passati\u201d (cos\u00ec suddiviso: Periodo preromano e romano, Le condizioni sanitarie del Medioevo, Nei secoli di appartenenza alla Repubblica veneta, I sanitari dal XV al XVII secolo, Le cure dentarie, Le condizioni degli alienati, La medicina legale e sociale, La farmaceutica); \u201cOspedali, Battuti e Fradies\u201d; \u201cLe epidemie\u201d (Le pratiche religiose per scongiurare le epidemie, Isolamento, unica arma di difesa, Le epidemie in Cadore, il \u2018mal francese\u2019 e la \u2018Falcadina\u2019, Le epidemie e superstizioni, I rapporti col governo della Serenissima, Quattro anni di paure per una peste mai scomparsa, Altre notizie di epidemie); \u201cIl Settecento e le nuove conquiste scientifico-sociali\u201d(Le pratiche religiose in materia di salute, Residui di antiche credenze); \u201cI sanitari esercitanti in Cadore nel Settecento\u201d (Anche una donna medico, Bartolomeo Toffoli, Marcantonio De Marchi); \u201cI mutamenti politici e la situazione sanitaria nel XIX secolo\u201d (La nuova scienza medica, Le condotte sanitarie e le farmacie, Alcune figure di medici cadorini, Ferdinando Coletti, Le epidemie del XIX secolo in Cadore); \u201cLa lunga strada percorsa\u201d(Ospedale una necessit\u00e0 sempre pi\u00f9 sentita, Da Auronzo il primo ospedale moderno, L\u2019ospedale militare di Tai, A Cortina un grande Istituto ospedaliero, A Pieve qualche cosa si muove, Il lascito Vascellari, Una iniziativa privata); \u201cLa istituzione dell\u2019Ospedale civile del Cadore (Relazione del commissario straordinario Dino Viss\u00e0 al consiglio di amministrazione nell\u2019atto dell\u2019insediamento, il 20 maggio 1972)\u201d; \u201cUna realizzazione moderna\u201d (Un decennio attivo e operoso, Le attuali capacit\u00e0 ricettive dell\u2019ospedale, Costante incremento delle attivit\u00e0): \u201cLa gestione amministrativa\u201d (Le prospettive per il futuro, Una tradizione che continua: la beneficenza, Una iniziativa del Lions Club di Pieve di Cadore) .<\/p>\n\n\t\t\t<style type='text\/css'>\n\t\t\t\t#gallery-1 {\n\t\t\t\t\tmargin: auto;\n\t\t\t\t}\n\t\t\t\t#gallery-1 .gallery-item {\n\t\t\t\t\tfloat: left;\n\t\t\t\t\tmargin-top: 10px;\n\t\t\t\t\ttext-align: center;\n\t\t\t\t\twidth: 16%;\n\t\t\t\t}\n\t\t\t\t#gallery-1 img {\n\t\t\t\t\tborder: 2px solid #cfcfcf;\n\t\t\t\t}\n\t\t\t\t#gallery-1 .gallery-caption {\n\t\t\t\t\tmargin-left: 0;\n\t\t\t\t}\n\t\t\t\t\/* see gallery_shortcode() in wp-includes\/media.php *\/\n\t\t\t<\/style>\n\t\t<div id='gallery-1' class='dt-gallery-container gallery galleryid-181861 gallery-columns-6 gallery-size-thumbnail'><dl class='gallery-item'>\n\t\t\t\t<dt class='gallery-icon portrait'>\n\t\t\t\t\t<a class=\"rollover rollover-zoom dt-pswp-item\" title=\"134086017_148061867076142_5778573224378659715_n\" data-dt-img-description=\"\" data-large_image_width=\"1752\" data-large_image_height=\"2053\"href='https:\/\/www.radiopiu.net\/wordpress\/wp-content\/uploads\/2020\/12\/134086017_148061867076142_5778573224378659715_n.jpg'><img loading=\"lazy\" decoding=\"async\" width=\"150\" height=\"150\" src=\"https:\/\/www.radiopiu.net\/wordpress\/wp-content\/uploads\/2020\/12\/134086017_148061867076142_5778573224378659715_n-150x150.jpg\" class=\"attachment-thumbnail size-thumbnail\" alt=\"\" \/><\/a>\n\t\t\t\t<\/dt><\/dl><dl class='gallery-item'>\n\t\t\t\t<dt class='gallery-icon portrait'>\n\t\t\t\t\t<a class=\"rollover rollover-zoom dt-pswp-item\" title=\"133954724_149104690076868_5374517134220235252_n\" data-dt-img-description=\"\" data-large_image_width=\"1856\" data-large_image_height=\"2560\"href='https:\/\/www.radiopiu.net\/wordpress\/wp-content\/uploads\/2020\/12\/133954724_149104690076868_5374517134220235252_n-scaled.jpg'><img loading=\"lazy\" decoding=\"async\" width=\"150\" height=\"150\" src=\"https:\/\/www.radiopiu.net\/wordpress\/wp-content\/uploads\/2020\/12\/133954724_149104690076868_5374517134220235252_n-150x150.jpg\" class=\"attachment-thumbnail size-thumbnail\" alt=\"\" \/><\/a>\n\t\t\t\t<\/dt><\/dl><dl class='gallery-item'>\n\t\t\t\t<dt class='gallery-icon portrait'>\n\t\t\t\t\t<a class=\"rollover rollover-zoom dt-pswp-item\" title=\"133959165_191971199140154_2186397476155495513_n\" data-dt-img-description=\"\" data-large_image_width=\"1397\" data-large_image_height=\"2209\"href='https:\/\/www.radiopiu.net\/wordpress\/wp-content\/uploads\/2020\/12\/133959165_191971199140154_2186397476155495513_n.jpg'><img loading=\"lazy\" decoding=\"async\" width=\"150\" height=\"150\" src=\"https:\/\/www.radiopiu.net\/wordpress\/wp-content\/uploads\/2020\/12\/133959165_191971199140154_2186397476155495513_n-150x150.jpg\" class=\"attachment-thumbnail size-thumbnail\" alt=\"\" \/><\/a>\n\t\t\t\t<\/dt><\/dl><dl class='gallery-item'>\n\t\t\t\t<dt class='gallery-icon landscape'>\n\t\t\t\t\t<a class=\"rollover rollover-zoom dt-pswp-item\" title=\"133624820_221658476103797_5150792526373566090_n\" data-dt-img-description=\"\" data-large_image_width=\"2560\" data-large_image_height=\"1481\"href='https:\/\/www.radiopiu.net\/wordpress\/wp-content\/uploads\/2020\/12\/133624820_221658476103797_5150792526373566090_n-scaled.jpg'><img loading=\"lazy\" decoding=\"async\" width=\"150\" height=\"150\" src=\"https:\/\/www.radiopiu.net\/wordpress\/wp-content\/uploads\/2020\/12\/133624820_221658476103797_5150792526373566090_n-150x150.jpg\" class=\"attachment-thumbnail size-thumbnail\" alt=\"\" \/><\/a>\n\t\t\t\t<\/dt><\/dl><dl class='gallery-item'>\n\t\t\t\t<dt class='gallery-icon landscape'>\n\t\t\t\t\t<a class=\"rollover rollover-zoom dt-pswp-item\" title=\"133726948_2932865663705520_5023491758017616107_n\" data-dt-img-description=\"\" data-large_image_width=\"2560\" data-large_image_height=\"1610\"href='https:\/\/www.radiopiu.net\/wordpress\/wp-content\/uploads\/2020\/12\/133726948_2932865663705520_5023491758017616107_n-scaled.jpg'><img loading=\"lazy\" decoding=\"async\" width=\"150\" height=\"150\" src=\"https:\/\/www.radiopiu.net\/wordpress\/wp-content\/uploads\/2020\/12\/133726948_2932865663705520_5023491758017616107_n-150x150.jpg\" class=\"attachment-thumbnail size-thumbnail\" alt=\"\" \/><\/a>\n\t\t\t\t<\/dt><\/dl><dl class='gallery-item'>\n\t\t\t\t<dt class='gallery-icon portrait'>\n\t\t\t\t\t<a class=\"rollover rollover-zoom dt-pswp-item\" title=\"133681396_3390087274435619_8015773241789533514_n\" data-dt-img-description=\"\" data-large_image_width=\"1668\" data-large_image_height=\"2560\"href='https:\/\/www.radiopiu.net\/wordpress\/wp-content\/uploads\/2020\/12\/133681396_3390087274435619_8015773241789533514_n-scaled.jpg'><img loading=\"lazy\" decoding=\"async\" width=\"150\" height=\"150\" src=\"https:\/\/www.radiopiu.net\/wordpress\/wp-content\/uploads\/2020\/12\/133681396_3390087274435619_8015773241789533514_n-150x150.jpg\" class=\"attachment-thumbnail size-thumbnail\" alt=\"\" \/><\/a>\n\t\t\t\t<\/dt><\/dl><br style=\"clear: both\" \/><dl class='gallery-item'>\n\t\t\t\t<dt class='gallery-icon landscape'>\n\t\t\t\t\t<a class=\"rollover rollover-zoom dt-pswp-item\" title=\"133698248_315123133067896_5280541612949469658_n\" data-dt-img-description=\"\" data-large_image_width=\"2560\" data-large_image_height=\"1691\"href='https:\/\/www.radiopiu.net\/wordpress\/wp-content\/uploads\/2020\/12\/133698248_315123133067896_5280541612949469658_n-scaled.jpg'><img loading=\"lazy\" decoding=\"async\" width=\"150\" height=\"150\" src=\"https:\/\/www.radiopiu.net\/wordpress\/wp-content\/uploads\/2020\/12\/133698248_315123133067896_5280541612949469658_n-150x150.jpg\" class=\"attachment-thumbnail size-thumbnail\" alt=\"\" \/><\/a>\n\t\t\t\t<\/dt><\/dl><dl class='gallery-item'>\n\t\t\t\t<dt class='gallery-icon landscape'>\n\t\t\t\t\t<a class=\"rollover rollover-zoom dt-pswp-item\" title=\"133593296_396772331741704_2913050251520497307_n\" data-dt-img-description=\"\" data-large_image_width=\"2560\" data-large_image_height=\"1989\"href='https:\/\/www.radiopiu.net\/wordpress\/wp-content\/uploads\/2020\/12\/133593296_396772331741704_2913050251520497307_n-scaled.jpg'><img loading=\"lazy\" decoding=\"async\" width=\"150\" height=\"150\" src=\"https:\/\/www.radiopiu.net\/wordpress\/wp-content\/uploads\/2020\/12\/133593296_396772331741704_2913050251520497307_n-150x150.jpg\" class=\"attachment-thumbnail size-thumbnail\" alt=\"\" \/><\/a>\n\t\t\t\t<\/dt><\/dl><dl class='gallery-item'>\n\t\t\t\t<dt class='gallery-icon portrait'>\n\t\t\t\t\t<a class=\"rollover rollover-zoom dt-pswp-item\" title=\"133590653_442845986726718_2983653099143383857_n\" data-dt-img-description=\"\" data-large_image_width=\"1456\" data-large_image_height=\"2486\"href='https:\/\/www.radiopiu.net\/wordpress\/wp-content\/uploads\/2020\/12\/133590653_442845986726718_2983653099143383857_n.jpg'><img loading=\"lazy\" decoding=\"async\" width=\"150\" height=\"150\" src=\"https:\/\/www.radiopiu.net\/wordpress\/wp-content\/uploads\/2020\/12\/133590653_442845986726718_2983653099143383857_n-150x150.jpg\" class=\"attachment-thumbnail size-thumbnail\" alt=\"\" \/><\/a>\n\t\t\t\t<\/dt><\/dl><dl class='gallery-item'>\n\t\t\t\t<dt class='gallery-icon portrait'>\n\t\t\t\t\t<a class=\"rollover rollover-zoom dt-pswp-item\" title=\"134078182_676154879741599_5657174305025064407_n\" data-dt-img-description=\"\" data-large_image_width=\"1315\" data-large_image_height=\"1598\"href='https:\/\/www.radiopiu.net\/wordpress\/wp-content\/uploads\/2020\/12\/134078182_676154879741599_5657174305025064407_n.jpg'><img loading=\"lazy\" decoding=\"async\" width=\"150\" height=\"150\" src=\"https:\/\/www.radiopiu.net\/wordpress\/wp-content\/uploads\/2020\/12\/134078182_676154879741599_5657174305025064407_n-150x150.jpg\" class=\"attachment-thumbnail size-thumbnail\" alt=\"\" \/><\/a>\n\t\t\t\t<\/dt><\/dl><dl class='gallery-item'>\n\t\t\t\t<dt class='gallery-icon portrait'>\n\t\t\t\t\t<a class=\"rollover rollover-zoom dt-pswp-item\" title=\"133630752_703767453675872_5078792491320179384_n\" data-dt-img-description=\"\" data-large_image_width=\"1513\" data-large_image_height=\"1884\"href='https:\/\/www.radiopiu.net\/wordpress\/wp-content\/uploads\/2020\/12\/133630752_703767453675872_5078792491320179384_n.jpg'><img loading=\"lazy\" decoding=\"async\" width=\"150\" height=\"150\" src=\"https:\/\/www.radiopiu.net\/wordpress\/wp-content\/uploads\/2020\/12\/133630752_703767453675872_5078792491320179384_n-150x150.jpg\" class=\"attachment-thumbnail size-thumbnail\" alt=\"\" \/><\/a>\n\t\t\t\t<\/dt><\/dl><dl class='gallery-item'>\n\t\t\t\t<dt class='gallery-icon portrait'>\n\t\t\t\t\t<a class=\"rollover rollover-zoom dt-pswp-item\" title=\"133994355_861913287918200_3770640748771780347_n\" data-dt-img-description=\"\" data-large_image_width=\"1851\" data-large_image_height=\"2560\"href='https:\/\/www.radiopiu.net\/wordpress\/wp-content\/uploads\/2020\/12\/133994355_861913287918200_3770640748771780347_n-scaled.jpg'><img loading=\"lazy\" decoding=\"async\" width=\"150\" height=\"150\" src=\"https:\/\/www.radiopiu.net\/wordpress\/wp-content\/uploads\/2020\/12\/133994355_861913287918200_3770640748771780347_n-150x150.jpg\" class=\"attachment-thumbnail size-thumbnail\" alt=\"\" \/><\/a>\n\t\t\t\t<\/dt><\/dl><br style=\"clear: both\" \/>\n\t\t\t<\/div>\n\n<p>NELLE FOTO (fotoFrol e riproduzioni dal libro \u201cL\u2019ospedale civile del Cadore\u201d): la copertina del libro; l\u2019autore, Serafino De Lorenzo; Andrea Vecellio Larice di Auronzo: lasci\u00f2 la sue sostanze alla sorella con l\u2019impegno, mantenuto, che a sua volta donasse l\u2019intero patrimonio per un fondo destinato ad un ospedale moderno, il che avvenne; l\u2019avvocato auronzano Luigi Rizzardi, deputato del Cadore due volte: elarg\u00ec molto in vita per l\u2019erezione del nosocomio di Auronzo e per testamento leg\u00f2 la sua intera sostanza allo stesso scopo; il commendator Severino Vascellari di Calalzo inser\u00ec nel testamento la donazione di 1 milione 200 mila lire e i suoi immobili in Piazza Tiziano a Pieve, per l\u2019erezione di un ospedale in Cadore; la casa di cura \u201cCadore\u201d a Pecol di Pieve (Aldo Molinari); ottobre 1963: feriti del Vajont portati all\u2019ospedale di Pieve con l\u2019elicottero (L. Livan); immagine del complesso ospedaliero; il dott. Romualdo Cappellari direttore della casa di cura \u201cCadore\u201d; il sindaco di Pieve dott. Beniamino Bianchi: affront\u00f2 con coraggio e successo il problema dell\u2019ospedale; il gr. uff. Dino Irno Viss\u00e0: attu\u00f2 il piano finanziario per la conversione della Casa di cura in Ospedale civile e ne resse l\u2019amministrazione nel difficile periodo di avvio e di ampliamento, prima come commissario e poi come presidente; il primo nucleo di cadorini di donatori del sangue \u00e8 nato in seno alla casa di cura e poi \u00e8 divenuto Sezione dell\u2019Abvs, qui ad una festa sezionale col presidente provinciale Roda, il generale Tessari presidente della Croce Rossa, il direttore Cappellari e l\u2019arcidiacono Fiori.<\/p>\n","protected":false},"excerpt":{"rendered":"<p>di Renato Bona\u00a0 \u201cSulla Gazzetta ufficiale del 18 aprile 1970 veniva pubblicato il decreto numero 151 del Capo dello Stato, Saragat, con il quale l\u2019Ospedale civile di Pieve di Cadore (Belluno) veniva costituito in ente ospedaliero. Si concludeva cos\u00ec la gestione dell\u2019Eca trasformandosi l\u2019\u201cInfermeria\u201d in vero e proprio ospedale civile con gestione autonoma. A completare&hellip;<\/p>\n","protected":false},"author":4,"featured_media":181876,"comment_status":"closed","ping_status":"closed","sticky":false,"template":"","format":"standard","meta":{"_monsterinsights_skip_tracking":false,"_monsterinsights_sitenote_active":false,"_monsterinsights_sitenote_note":"","_monsterinsights_sitenote_category":0,"footnotes":""},"categories":[51,49],"tags":[],"class_list":["post-181861","post","type-post","status-publish","format-standard","has-post-thumbnail","hentry","category-evidenza-top","category-news-18","category-51","category-49","description-off"],"img_url":"https:\/\/www.radiopiu.net\/wordpress\/wp-content\/uploads\/2020\/12\/133994355_861913287918200_3770640748771780347_n-scaled.jpg","_links":{"self":[{"href":"https:\/\/www.radiopiu.net\/wordpress\/wp-json\/wp\/v2\/posts\/181861","targetHints":{"allow":["GET"]}}],"collection":[{"href":"https:\/\/www.radiopiu.net\/wordpress\/wp-json\/wp\/v2\/posts"}],"about":[{"href":"https:\/\/www.radiopiu.net\/wordpress\/wp-json\/wp\/v2\/types\/post"}],"author":[{"embeddable":true,"href":"https:\/\/www.radiopiu.net\/wordpress\/wp-json\/wp\/v2\/users\/4"}],"replies":[{"embeddable":true,"href":"https:\/\/www.radiopiu.net\/wordpress\/wp-json\/wp\/v2\/comments?post=181861"}],"version-history":[{"count":0,"href":"https:\/\/www.radiopiu.net\/wordpress\/wp-json\/wp\/v2\/posts\/181861\/revisions"}],"wp:featuredmedia":[{"embeddable":true,"href":"https:\/\/www.radiopiu.net\/wordpress\/wp-json\/wp\/v2\/media\/181876"}],"wp:attachment":[{"href":"https:\/\/www.radiopiu.net\/wordpress\/wp-json\/wp\/v2\/media?parent=181861"}],"wp:term":[{"taxonomy":"category","embeddable":true,"href":"https:\/\/www.radiopiu.net\/wordpress\/wp-json\/wp\/v2\/categories?post=181861"},{"taxonomy":"post_tag","embeddable":true,"href":"https:\/\/www.radiopiu.net\/wordpress\/wp-json\/wp\/v2\/tags?post=181861"}],"curies":[{"name":"wp","href":"https:\/\/api.w.org\/{rel}","templated":true}]}}