{"id":181879,"date":"2020-12-28T16:37:20","date_gmt":"2020-12-28T15:37:20","guid":{"rendered":"https:\/\/www.radiopiu.net\/wordpress\/?p=181879"},"modified":"2020-12-28T16:37:20","modified_gmt":"2020-12-28T15:37:20","slug":"pericolo-valanghe-su-tutto-il-territorio-montano-del-veneto-criticita-gialla-su-dolomiti-e-prealpi","status":"publish","type":"post","link":"https:\/\/www.radiopiu.net\/wordpress\/pericolo-valanghe-su-tutto-il-territorio-montano-del-veneto-criticita-gialla-su-dolomiti-e-prealpi\/","title":{"rendered":"PERICOLO VALANGHE SU TUTTO IL TERRITORIO MONTANO DEL VENETO. CRITICITA\u2019 \u201cGIALLA\u201d SU DOLOMITI E PREALPI"},"content":{"rendered":"<p><strong>VENEZIA <\/strong>Il meteo regionale registra che le nevicate odierne &#8211; che hanno interessato anche la pianura della nostra regione &#8211; hanno procurato in alcune valli apporti di neve fresca anche superiori ai 40-50 centimetri gi\u00e0 oltre i 1500 metri di quota. Le previsioni riferiscono che la neve fresca, fredda e leggera, potr\u00e0 dare origine a scaricamenti e anche grandi valanghe spontanee anche nubiformi lungo i versanti aperti e i ripidi canaloni anche a quote medie che potranno raggiungere i fondivalle nelle situazioni favorevoli. Questo fa s\u00ec che il pericolo di valanghe sia 3-marcato su tutto il territorio montano regionale. Il Centro Funzionale Decentrato della Protezione civile regionale ha emesso un Avviso di Criticit\u00e0 Valanghe oggi alle 14.00. La criticit\u00e0 valanghe \u00e8 stabilita \u201cGialla\u201d sia sulla zona \u201cDolomiti\u201d (MONT-1) sia sulla zona \u201cPrealpi\u201d (MONT-2).<\/p>\n<a href=\"https:\/\/www.radiopiu.net\/wordpress\/wp-content\/uploads\/2020\/12\/1694-2020-AV_201228.pdf\" class=\"pdfemb-viewer\" style=\"\" data-width=\"max\" data-height=\"max\" data-toolbar=\"top\" data-toolbar-fixed=\"on\">1694-2020 AV_201228<\/a>\n","protected":false},"excerpt":{"rendered":"<p>VENEZIA Il meteo regionale registra che le nevicate odierne &#8211; che hanno interessato anche la pianura della nostra regione &#8211; hanno procurato in alcune valli apporti di neve fresca anche superiori ai 40-50 centimetri gi\u00e0 oltre i 1500 metri di quota. Le previsioni riferiscono che la neve fresca, fredda e leggera, potr\u00e0 dare origine a&hellip;<\/p>\n","protected":false},"author":4,"featured_media":178282,"comment_status":"closed","ping_status":"closed","sticky":false,"template":"","format":"standard","meta":{"_monsterinsights_skip_tracking":false,"_monsterinsights_sitenote_active":false,"_monsterinsights_sitenote_note":"","_monsterinsights_sitenote_category":0,"footnotes":""},"categories":[49],"tags":[],"class_list":["post-181879","post","type-post","status-publish","format-standard","has-post-thumbnail","hentry","category-news-18","category-49","description-off"],"img_url":"https:\/\/www.radiopiu.net\/wordpress\/wp-content\/uploads\/2020\/12\/neve.jpg","_links":{"self":[{"href":"https:\/\/www.radiopiu.net\/wordpress\/wp-json\/wp\/v2\/posts\/181879","targetHints":{"allow":["GET"]}}],"collection":[{"href":"https:\/\/www.radiopiu.net\/wordpress\/wp-json\/wp\/v2\/posts"}],"about":[{"href":"https:\/\/www.radiopiu.net\/wordpress\/wp-json\/wp\/v2\/types\/post"}],"author":[{"embeddable":true,"href":"https:\/\/www.radiopiu.net\/wordpress\/wp-json\/wp\/v2\/users\/4"}],"replies":[{"embeddable":true,"href":"https:\/\/www.radiopiu.net\/wordpress\/wp-json\/wp\/v2\/comments?post=181879"}],"version-history":[{"count":0,"href":"https:\/\/www.radiopiu.net\/wordpress\/wp-json\/wp\/v2\/posts\/181879\/revisions"}],"wp:featuredmedia":[{"embeddable":true,"href":"https:\/\/www.radiopiu.net\/wordpress\/wp-json\/wp\/v2\/media\/178282"}],"wp:attachment":[{"href":"https:\/\/www.radiopiu.net\/wordpress\/wp-json\/wp\/v2\/media?parent=181879"}],"wp:term":[{"taxonomy":"category","embeddable":true,"href":"https:\/\/www.radiopiu.net\/wordpress\/wp-json\/wp\/v2\/categories?post=181879"},{"taxonomy":"post_tag","embeddable":true,"href":"https:\/\/www.radiopiu.net\/wordpress\/wp-json\/wp\/v2\/tags?post=181879"}],"curies":[{"name":"wp","href":"https:\/\/api.w.org\/{rel}","templated":true}]}}