{"id":181967,"date":"2020-12-29T12:25:26","date_gmt":"2020-12-29T11:25:26","guid":{"rendered":"https:\/\/www.radiopiu.net\/wordpress\/?p=181967"},"modified":"2020-12-29T13:56:30","modified_gmt":"2020-12-29T12:56:30","slug":"la-conferenza-stampa-del-presidente-del-veneto-luca-zaia-2","status":"publish","type":"post","link":"https:\/\/www.radiopiu.net\/wordpress\/la-conferenza-stampa-del-presidente-del-veneto-luca-zaia-2\/","title":{"rendered":"DAL 6 GENNAIO VENETO GIALLO O ARANCIO? 191 DECESSI, MAI UN NUMERO COSI&#8217; ALTO, DI NUOVO DUBBI SULLA MORTALITA&#8217;.  LA CONFERENZA STAMPA  &#8211; ECCO IL PROTOCOLLO CON LE FARMACIE PER I TEST RAPIDI."},"content":{"rendered":"<p><span style=\"color: #ff0000;\"><strong>VENEZIA\u00a0 Dalla<\/strong> Sala Stampa della Protezione Civile a Marghera\u00a0 il punto sull&#8217;emergenza Covid-19.<\/span><\/p>\n<p>&nbsp;<\/p>\n<p><strong>I NUMERI TOTALE TAMPONI MOLECOLARI 3.258.961 TEST RAPIDI\u00a0 1.792.473 (totale oltre 5milioni)\u00a0 TOTALE POSITIVI 246.089\u00a0 (+ 2655 nelle ultime 24 ore) POSITIVI ATTUALI 90.365,\u00a0 RICOVERI 3395 (+1), IN AREA NON CRITICA 2998 (-9)\u00a0 IN TERAPIA INTENSIVA 397 (+10) DIMESSI 10.519 DECESSI 6298 (+191)<\/strong><\/p>\n<blockquote><p><strong>VENETO <span style=\"color: #ff6600;\">DAL GIALLO ALL&#8217;ARANCIO DOPO LE FESTE?<\/span><\/strong> <em>Vedremo quale sar\u00e0 l&#8217;esito di questo periodo, verr\u00e0 applicato il regolamento, lo stesso che ci ha lasciati in zona gialla tutto questo tempo, e il risultato noi lo accetteremo<\/em>. Lo ha detto Luciano Flor direttore della sanit\u00e0 in Veneto.<\/p>\n<h1>LEGGI LA CONFERENZA STAMPA<\/h1>\n<\/blockquote>\n<p><strong>INTRODUZIONE DELL&#8217;ASSESSORE ALLA SANITA&#8217; MANUELA LANZARIN.<\/strong>\u00a0 E&#8217; stato approvato il protocollo con le Farmacie, ci sar\u00e0 un&#8217;adesione molto alta. Prevede che le persone possono andare nelle Farmacie per effettuare il test rapido antigenico, senza prescrizione medica. Concordato un prezzo finale di 26 euro,\u00a0 le farmacie devono procurarsi oltre al personale,\u00a0 test e DPI\u00a0 che dovranno poi smaltire. Le Farmacie sono punti di riferimento importanti. L&#8217;andamento della curva Covid \u00e8 stabile, siamo in attesa da parte del ministero della nuova circolare che chiarisce alcune questioni tecniche sulle interpretazioni e le classificazioni. Slittano di un giorno le vaccinazioni per un problema di arrivo causa maltempo.<\/p>\n<blockquote>\n<h2><strong>Luciano Flor, direttore Generale della Sanit\u00e0 della Regione Veneto<\/strong><\/h2>\n<p><em>Il dato di mortalit\u00e0 dell&#8217;alta Italia \u00e8 pi\u00f9 alto del Sud Italia, ma allineato con le altre regioni dell&#8217;alta Italia. Crisanti parla in televisione &#8220;una zona gialla perch\u00e9 i \u00a0test rapidi poco sensibili&#8221;. La Regione Veneto non nasconde i numeri &#8211; ribatte Flor-\u00a0 chi parla, parla basandosi non so su che cosa: credo che Crisanti dovrebbe mettere nero su bianco la sua interpretazione sui dati e renderla nota alla Regione. Cio\u00e8 documentare le dichiarazioni.\u00a0<\/em><\/p><\/blockquote>\n<p>Il numero vero 2678 ricoverati, 320 sono si ricoverati ma sono negativizzati. Stessa cosa per la terapie intensive dei 397 in rianimazione,\u00a0 366 sono positivi al virus, Da una settimana i ricoveri sono stabili, stiamo tenendo una posizione di cauta attesa, pronti ad aumentare se servissero i posti letto in area non critica e in terapia intensiva.\u00a0 \u00a0Ci stiamo sforzando di tenere aperte altre aree di cura, lo sforzo \u00e8 grande. <strong>191 DECESSI, COSA STA SUCCEDENDO?<\/strong> Il dato di mortalit\u00e0 dipende anche dai precedenti giorni. Il numero da solo non da inidicazioni precise, in un giorno non \u00e8 un indicatore, a preso in esame un periodo in rapporto alla popolazione, il dato di mortalit\u00e0 regionale \u00e8 allineato con la media nazionale, una mortalit\u00e0 per covid in Veneto superiore all&#8217;Italia Centrale e Meridionale. E&#8217; una situazione &#8220;allineata&#8221; non siamo messi male con la mortalit\u00e0. COSA DICE IL MINISTERO SULLA MORTALITA&#8217;?<\/p>\n<p><strong>POSTI LETTO GONFIATI? MANCA IL PERSONALE? SONO SOLO SULLA CARTA?<\/strong> La Regione Veneto ha inviato un piano da 1011 posti letto al Ministero chiarendo la situazione. Ci sono le opinioni e i dati. Chi vuole venire lo accompagno per far vedere che in Veneto abbiamo piu&#8217; di 1000 letti di terapia intensiva e relativa strumentazione per pi\u00f9 di 1000 pazienti, non in tabella ma dentro gli ospedali. Ne stiamo utilizzando 700, non sono considerati i posti di sub intensiva anche se sono dotati di respiratore, schermo di monitoraggio, pompa siringa, quindi classificati in sub intensiva forma di assistenza molto elevate. Se dovessimo attivare le 1000 terapie intensive significano 6000 malati covid. Oggi ne abbiamo 688 ricoverati in rianimazione e abbiamo gi\u00e0 qualche centinaio in semiintensiva dove c&#8217;\u00e8 tutta la dotazione dell&#8217;assistenza tipica della rianimazione. Non sono assistiti sulle 24 ore da personale anestesista. Una quota di posti letto \u00e8 ricavata da trasformazioni di sale operatorie (110). Abbiamo un piano \u00a0un piano che ci obbliga a riconvertire personale impiegato in altre attivit\u00e0 se si verificasse questa ipotesi ovvero\u00a0 il raddoppio il numero dei malati attuali. <strong>TAMPONI IN REGIONE\u00a0<\/strong> Siamo abituati a vedere in televisione gli esperti che dicono tutto e il contrario di tutto. La Regione ha sempre reso pubblici i numeri, tamponi compresi (20mila al giorno refertati in 24-36 ore). Molti di questi tamponi molecolari vengono sprecati per convalidare i tamponi rapidi, ma lo prevede la legge non certo la Regione. Nessuno ha come il Veneto i risultati su 20mila tamponi quotidiani. <strong>VACCINI ANTI COVID\u00a0 <\/strong>Attendiamo 38mila vaccini a settimana per altrettante persone. Poca cosa, ma per fine gennaio vaccineremo tutto il personale sanitario, gli ospiti e gli operatori delle Rsa, poi da met\u00e0 gennaio partir\u00e0 il richiamo per chi \u00e8 stato vaccinato in questi giorni. Per fine gennaio avremo circa 180mila dosi. Dei\u00a0 3mila positivi al giorno, la maggioranza \u00e8\u00a0 confermata dai tamponi rapidi: vogliamo avere pochi positivi? Non facciamo i tamponi rapidi. L&#8217;alternativa? Fare i tamponi molecolari e aspettare i referti 4-5 giorni? Smettere di fare i tamponi rapidi?.\u00a0<strong>CI SONO ANCORA LE CONDIZIONI PER UN VENETO GIALLO?<\/strong> La classificazione delle Regioni \u00e8 basata sugli indicatori, secondo me il pi\u00f9 valido \u00e8 quello dei malati anche perch\u00e9 documentato. Vedremo all&#8217;Epifania come saremo messi, sar\u00e0 applicato il regolamento e accetteremo la classificazione che ci viene imposta.<\/p>\n<p><a href=\"https:\/\/www.facebook.com\/zaiaufficiale\/videos\/2896551283896697\">https:\/\/www.facebook.com\/zaiaufficiale\/videos\/2896551283896697<\/a><\/p>\n","protected":false},"excerpt":{"rendered":"<p>VENEZIA\u00a0 Dalla Sala Stampa della Protezione Civile a Marghera\u00a0 il punto sull&#8217;emergenza Covid-19. &nbsp; I NUMERI TOTALE TAMPONI MOLECOLARI 3.258.961 TEST RAPIDI\u00a0 1.792.473 (totale oltre 5milioni)\u00a0 TOTALE POSITIVI 246.089\u00a0 (+ 2655 nelle ultime 24 ore) POSITIVI ATTUALI 90.365,\u00a0 RICOVERI 3395 (+1), IN AREA NON CRITICA 2998 (-9)\u00a0 IN TERAPIA INTENSIVA 397 (+10) DIMESSI 10.519 DECESSI&hellip;<\/p>\n","protected":false},"author":4,"featured_media":182031,"comment_status":"closed","ping_status":"closed","sticky":false,"template":"","format":"standard","meta":{"_monsterinsights_skip_tracking":false,"_monsterinsights_sitenote_active":false,"_monsterinsights_sitenote_note":"","_monsterinsights_sitenote_category":0,"footnotes":""},"categories":[51,49],"tags":[],"class_list":["post-181967","post","type-post","status-publish","format-standard","has-post-thumbnail","hentry","category-evidenza-top","category-news-18","category-51","category-49","description-off"],"img_url":"https:\/\/www.radiopiu.net\/wordpress\/wp-content\/uploads\/2020\/12\/c402443e-ed1d-40a7-a8a2-21441650ada8.jpg","_links":{"self":[{"href":"https:\/\/www.radiopiu.net\/wordpress\/wp-json\/wp\/v2\/posts\/181967","targetHints":{"allow":["GET"]}}],"collection":[{"href":"https:\/\/www.radiopiu.net\/wordpress\/wp-json\/wp\/v2\/posts"}],"about":[{"href":"https:\/\/www.radiopiu.net\/wordpress\/wp-json\/wp\/v2\/types\/post"}],"author":[{"embeddable":true,"href":"https:\/\/www.radiopiu.net\/wordpress\/wp-json\/wp\/v2\/users\/4"}],"replies":[{"embeddable":true,"href":"https:\/\/www.radiopiu.net\/wordpress\/wp-json\/wp\/v2\/comments?post=181967"}],"version-history":[{"count":0,"href":"https:\/\/www.radiopiu.net\/wordpress\/wp-json\/wp\/v2\/posts\/181967\/revisions"}],"wp:featuredmedia":[{"embeddable":true,"href":"https:\/\/www.radiopiu.net\/wordpress\/wp-json\/wp\/v2\/media\/182031"}],"wp:attachment":[{"href":"https:\/\/www.radiopiu.net\/wordpress\/wp-json\/wp\/v2\/media?parent=181967"}],"wp:term":[{"taxonomy":"category","embeddable":true,"href":"https:\/\/www.radiopiu.net\/wordpress\/wp-json\/wp\/v2\/categories?post=181967"},{"taxonomy":"post_tag","embeddable":true,"href":"https:\/\/www.radiopiu.net\/wordpress\/wp-json\/wp\/v2\/tags?post=181967"}],"curies":[{"name":"wp","href":"https:\/\/api.w.org\/{rel}","templated":true}]}}