{"id":182000,"date":"2020-12-29T13:16:39","date_gmt":"2020-12-29T12:16:39","guid":{"rendered":"https:\/\/www.radiopiu.net\/wordpress\/?p=182000"},"modified":"2020-12-30T05:51:56","modified_gmt":"2020-12-30T04:51:56","slug":"lavoro-wanbao-acc-di-borgo-valbelluna-bl-donazzan-150-giorni-di-non-decisione-dalla-commissione-europea-sono-un-problema-politico","status":"publish","type":"post","link":"https:\/\/www.radiopiu.net\/wordpress\/lavoro-wanbao-acc-di-borgo-valbelluna-bl-donazzan-150-giorni-di-non-decisione-dalla-commissione-europea-sono-un-problema-politico\/","title":{"rendered":"WANBAO-ACC DI BORGO VALBELLUNA. DONAZZAN, \u201c150 GIORNI DI NON DECISIONE DALLA COMMISSIONE EUROPEA SONO UN PROBLEMA POLITICO\u201d"},"content":{"rendered":"<p><strong><a href=\"https:\/\/www.radiopiu.net\/wordpress\/giornale-radiopiu-19-01-direttore-mirko-mezzacasa\/donazzan-foto-wanbao-acc-di-mel\/\" rel=\"attachment wp-att-15631\"><img loading=\"lazy\" decoding=\"async\" class=\"size-medium wp-image-15631 alignleft\" src=\"https:\/\/www.radiopiu.net\/wordpress\/wp-content\/uploads\/2016\/01\/DONAZZAN-FOTO-WANBAO-ACC-DI-MEL-e1589904926185-300x224.jpg\" alt=\"\" width=\"300\" height=\"224\" \/><\/a>VENEZIA <\/strong>\u201c<em>Centocinquanta giorni di attesa per una non decisione da parte della Commissione Europea rispetto all\u2019istanza del Governo per l\u2019aiuto di Stato a Wanbao-ACC non sono pi\u00f9 solo una questione di natura tecnica, ma un problema politico. L\u2019ennesima richiesta di chiarimenti da parte della Commissione, con l\u2019inevitabile dilatazione dei tempi, rischia di compromettere il salvataggio di ACC e, di conseguenza, il progetto di sviluppo industriale Italcomp<\/em>\u201d. Cos\u00ec Elena Donazzan, Assessore regionale al Lavoro del Veneto, commenta la notizia della mancanza di risposta da parte della Commissione Europea rispetto alla richiesta del Governo italiano di poter sostenere il salvataggio di Italia Wanbao-ACC di Borgo Valbelluna (localit\u00e0 Mel).\u00a0 \u00a0\u201c<em>Al netto dei chiarimenti tecnici richiesti, alcuni per altro stucchevoli come, ad esempio, dimostrare la sussistenza di un impatto negativo sul territorio bellunese in caso di chiusura di una impresa da 300 dipendenti &#8211; indica ancora Donazzan, &#8211; questa posizione di non decisione e di approccio dilatorio rispetto all\u2019urgenza dell\u2019istanza del Governo, manifesta una mancanza di rispetto verso il nostro Territorio e, si potrebbe dire, sembra presagire una risposta negativa senza assunzione di responsabilit\u00e0<\/em>\u201d. \u201c<em>Tutto ci\u00f2 non \u00e8 accettabile \u2013 sottolinea \u2013 per questo chiediamo che il Governo, assieme ai nostri rappresentanti europei, avvii un immediato chiarimento con la Commissione Europea sul caso ACC<\/em>\u201d. \u201c<em>Contemporaneamente si rende necessario un rapido raccordo con il Ministero \u2013 conclude l\u2019assessore al lavoro della Regione del Veneto &#8211; finalizzato a esplorare ogni strada utile al salvataggio finanziario di ACC, dal momento che a quello produttivo ci stanno gi\u00e0 pensando i lavoratori ed il Commissario con 375.000 pezzi gi\u00e0 garantiti per il primo bimestre del 2021. \u00c8 necessaria altres\u00ec la ricerca di soluzioni per consolidare, nel pi\u00f9 breve tempo possibile, il progetto industriale Italcomp<\/em>\u201d.<\/p>\n","protected":false},"excerpt":{"rendered":"<p>VENEZIA \u201cCentocinquanta giorni di attesa per una non decisione da parte della Commissione Europea rispetto all\u2019istanza del Governo per l\u2019aiuto di Stato a Wanbao-ACC non sono pi\u00f9 solo una questione di natura tecnica, ma un problema politico. L\u2019ennesima richiesta di chiarimenti da parte della Commissione, con l\u2019inevitabile dilatazione dei tempi, rischia di compromettere il salvataggio&hellip;<\/p>\n","protected":false},"author":4,"featured_media":0,"comment_status":"closed","ping_status":"closed","sticky":false,"template":"","format":"standard","meta":{"_monsterinsights_skip_tracking":false,"_monsterinsights_sitenote_active":false,"_monsterinsights_sitenote_note":"","_monsterinsights_sitenote_category":0,"footnotes":""},"categories":[104,49],"tags":[],"class_list":["post-182000","post","type-post","status-publish","format-standard","hentry","category-evidenza_3","category-news-18","category-104","category-49","description-off"],"img_url":false,"_links":{"self":[{"href":"https:\/\/www.radiopiu.net\/wordpress\/wp-json\/wp\/v2\/posts\/182000","targetHints":{"allow":["GET"]}}],"collection":[{"href":"https:\/\/www.radiopiu.net\/wordpress\/wp-json\/wp\/v2\/posts"}],"about":[{"href":"https:\/\/www.radiopiu.net\/wordpress\/wp-json\/wp\/v2\/types\/post"}],"author":[{"embeddable":true,"href":"https:\/\/www.radiopiu.net\/wordpress\/wp-json\/wp\/v2\/users\/4"}],"replies":[{"embeddable":true,"href":"https:\/\/www.radiopiu.net\/wordpress\/wp-json\/wp\/v2\/comments?post=182000"}],"version-history":[{"count":0,"href":"https:\/\/www.radiopiu.net\/wordpress\/wp-json\/wp\/v2\/posts\/182000\/revisions"}],"wp:attachment":[{"href":"https:\/\/www.radiopiu.net\/wordpress\/wp-json\/wp\/v2\/media?parent=182000"}],"wp:term":[{"taxonomy":"category","embeddable":true,"href":"https:\/\/www.radiopiu.net\/wordpress\/wp-json\/wp\/v2\/categories?post=182000"},{"taxonomy":"post_tag","embeddable":true,"href":"https:\/\/www.radiopiu.net\/wordpress\/wp-json\/wp\/v2\/tags?post=182000"}],"curies":[{"name":"wp","href":"https:\/\/api.w.org\/{rel}","templated":true}]}}