{"id":182010,"date":"2020-12-29T13:41:07","date_gmt":"2020-12-29T12:41:07","guid":{"rendered":"https:\/\/www.radiopiu.net\/wordpress\/?p=182010"},"modified":"2020-12-29T13:59:58","modified_gmt":"2020-12-29T12:59:58","slug":"terremoto-a-zagabria-6-4-della-scala-richter-il-punto-con-lassessore-gianpaolo-bottacin","status":"publish","type":"post","link":"https:\/\/www.radiopiu.net\/wordpress\/terremoto-a-zagabria-6-4-della-scala-richter-il-punto-con-lassessore-gianpaolo-bottacin\/","title":{"rendered":"TERREMOTO A ZAGABRIA, 6.4 DELLA SCALA RICHTER. IL PUNTO CON L&#8217;ASSESSORE GIANPAOLO BOTTACIN"},"content":{"rendered":"<p><strong><a class=\"dt-pswp-item\" href=\"https:\/\/www.radiopiu.net\/wordpress\/wp-content\/uploads\/2020\/12\/BOTTACIN.png\" data-dt-img-description=\"\" data-large_image_width=\"1240\" data-large_image_height=\"682\"><img loading=\"lazy\" decoding=\"async\" class=\" wp-image-179675 alignleft\" src=\"https:\/\/www.radiopiu.net\/wordpress\/wp-content\/uploads\/2020\/12\/BOTTACIN-300x165.png\" alt=\"\" width=\"175\" height=\"96\" srcset=\"https:\/\/www.radiopiu.net\/wordpress\/wp-content\/uploads\/2020\/12\/BOTTACIN-300x165.png 300w, https:\/\/www.radiopiu.net\/wordpress\/wp-content\/uploads\/2020\/12\/BOTTACIN-1024x563.png 1024w, https:\/\/www.radiopiu.net\/wordpress\/wp-content\/uploads\/2020\/12\/BOTTACIN-768x422.png 768w, https:\/\/www.radiopiu.net\/wordpress\/wp-content\/uploads\/2020\/12\/BOTTACIN.png 1240w\" sizes=\"auto, (max-width: 175px) 100vw, 175px\" \/><\/a><\/strong><\/p>\n<blockquote><p><strong>C&#8217;\u00e8 almeno una vittima nel devastante terremoto in\u00a0 Croazia. Il sindaco di Petrinja ha dato notizia della morte di un bambino,\u00a0 \u00a0ha anche riferito che met\u00e0 della citt\u00e0 \u00e8 distrutta. Per precauzione \u00e8 stata fermata una centrale nucleare di Krsk in Slovenia. Il sisma \u00e8 stato avvertito anche nel nostro Paese, da Bolzano fino a Napoli. In un tweet la Croce Rossa Croata, intervenuta per i soccorsi, parla di &#8220;situazione molto grave&#8221;.<\/strong><\/p><\/blockquote>\n<p><strong>VENEZIA <\/strong>Parla l&#8217;assessore Gianpaolo Bottacin. Un&#8217;altra scossa oltre a quelle registrate ieri mattina. Per quanto riguarda il Veneto nessun danno, nemmeno in Friuli Venezia Giulia. Abbiamo dato la disponibilit\u00e0 di mandare se necessario la colonna mobile in Croazia, a breve faremo il punto.\u00a0 Qui i danni sono rilevanti lo si evince dalle prime immagini, non sappiamo se ci sono vittime. Ha avuto la stessa intensit\u00e0 del terremoto dell&#8217;Aquila<strong>.<\/strong> I Vigili del fuoco del Veneto stanno partendo per la Croazia, ma serve la parte sanitaria per garantire il supporto nell&#8217;eventualit\u00e0 siano da estrarre persone dalle materie. Tante le chiamate, ma nessun danno in Veneto. Ho sentito il presidente del Friuli e mi hanno comunicato che allo stato attuale non hanno rilevato danni. Dal Veneto partiranno i vigili del fuoco con una colonna mobile, noi come protezione civile siamo in attesa per l&#8217;allertamento, attendiamo indicazioni da verificare.<\/p>\n<p><strong>AUDIO<\/strong><\/p>\n<audio class=\"wp-audio-shortcode\" id=\"audio-182010-1\" preload=\"none\" style=\"width: 100%;\" controls=\"controls\"><source type=\"audio\/mpeg\" src=\"https:\/\/www.radiopiu.net\/wordpress\/wp-content\/uploads\/2020\/12\/BOTTACIN.mp3?_=1\" \/><a href=\"https:\/\/www.radiopiu.net\/wordpress\/wp-content\/uploads\/2020\/12\/BOTTACIN.mp3\">https:\/\/www.radiopiu.net\/wordpress\/wp-content\/uploads\/2020\/12\/BOTTACIN.mp3<\/a><\/audio>\n<div class=\"rTFxAf gsrt\"><strong>Terremoto di magnitudo 6,4 Paesi interessati: Bosnia ed Erzegovina, Repubblica Ceca, Croazia, Germania, Ungheria, Italia, Montenegro, Romania, Slovacchia, Slovenia, Serbia e Austria Petrinja, Croazia, 3 km dall&#8217;epicentro \u00b7 12:19<\/strong><\/div>\n<p>&nbsp;<\/p>\n<p class=\"c-article_paragraph\">Un forte terremoto di magnitudo 6,4 sulla scala Richter \u00e8 stato registrato in Croazia ed \u00e8 stato localizzato a\u00a0<a class=\"c-article_link\" href=\"https:\/\/www.rsi.ch\/news\/mondo\/google.com\/maps?q=Petrinja&amp;rlz=1C1GCEA_enCH889CH892&amp;safe=active&amp;um=1&amp;ie=UTF-8&amp;sa=X&amp;ved=2ahUKEwjGzNaBk_PtAhWK7KQKHXt5CGgQ_AUoBHoECA4QBg\">Petrinja<\/a>, ad una cinquantina di chilometri da Zagabria. La regione era gi\u00e0 stata colpita da scosse luned\u00ec. I media regionali parlano di un morto, edifici crollati, interruzioni di elettricit\u00e0 e linee telefoniche fuori uso. A Petrinja mezza citt\u00e0 \u00e8 stata distrutta dal terremoto di oggi, ha affermato il sindaco Darinko Dumbovic, che ha lanciato un appello a inviare aiuti urgenti. In particolare vigili del fuoco e specialisti di catastrofi. &#8220;Non sappiamo se vi sono morti o feriti&#8221;, ha aggiunto il sindaco, che ha parlato di panico in citt\u00e0, con la gente che cerca di mettersi in contatto con i parenti. Le scosse sono state avvertite anche nel Nord-Est dell\u2019Italia fino a Napoli. (https:\/\/www.rsi.ch)<\/p>\n<p>Il terremoto \u00e8 stato avvertito in tutta la Croazia ma anche in Serbia e Bosnia-Erzegovina. A Zagabria \u00e8 saltata l&#8217;erogazione di energia elettrica e la popolazione \u00e8 impaurita. Le autorit\u00e0 locali hanno invitato la popolazione a raggiungere luoghi all&#8217;aperto e a evitare di stare vicino a edifici in pericolo di crollo. La citt\u00e0 fu colpita il 22 marzo scorso da in forte sisma di magnitudo 5.5 con gravi danni materiali. Quello di oggi \u00e8 il terremoto pi\u00f9 violento registratosi in Croazia. (sky tg24)<\/p>\n<p>&nbsp;<\/p>\n<p>Il sismogramma in tempo reale dalla stazione di Ponte Nelle Alpi provincia di Belluno. Sismogramma realizzato con il programma SEISMOWIN e trasmesso al server ogni 5 minuti circa. Il grafico riporta la data delle 24 ore precedenti e quindi il giorno precedente ma il grafico \u00e8 in tempo reale \u00b1 5 minuti.<\/p>\n<p><a href=\"https:\/\/www.radiopiu.net\/wordpress\/terremoto-a-zagabria-6-4-della-scala-richter-il-punto-con-lassessore-gianpaolo-bottacin\/drum_1-2\/\" rel=\"attachment wp-att-182029\"><img loading=\"lazy\" decoding=\"async\" class=\"alignnone wp-image-182029 size-full\" src=\"https:\/\/www.radiopiu.net\/wordpress\/wp-content\/uploads\/2020\/12\/drum_1.gif\" alt=\"\" width=\"770\" height=\"528\" \/><\/a><\/p>\n","protected":false},"excerpt":{"rendered":"<p>C&#8217;\u00e8 almeno una vittima nel devastante terremoto in\u00a0 Croazia. Il sindaco di Petrinja ha dato notizia della morte di un bambino,\u00a0 \u00a0ha anche riferito che met\u00e0 della citt\u00e0 \u00e8 distrutta. Per precauzione \u00e8 stata fermata una centrale nucleare di Krsk in Slovenia. Il sisma \u00e8 stato avvertito anche nel nostro Paese, da Bolzano fino a&hellip;<\/p>\n","protected":false},"author":4,"featured_media":0,"comment_status":"closed","ping_status":"closed","sticky":false,"template":"","format":"standard","meta":{"_monsterinsights_skip_tracking":false,"_monsterinsights_sitenote_active":false,"_monsterinsights_sitenote_note":"","_monsterinsights_sitenote_category":0,"footnotes":""},"categories":[1,51,49],"tags":[],"class_list":["post-182010","post","type-post","status-publish","format-standard","hentry","category-senza-categoria","category-evidenza-top","category-news-18","category-1","category-51","category-49","description-off"],"img_url":false,"_links":{"self":[{"href":"https:\/\/www.radiopiu.net\/wordpress\/wp-json\/wp\/v2\/posts\/182010","targetHints":{"allow":["GET"]}}],"collection":[{"href":"https:\/\/www.radiopiu.net\/wordpress\/wp-json\/wp\/v2\/posts"}],"about":[{"href":"https:\/\/www.radiopiu.net\/wordpress\/wp-json\/wp\/v2\/types\/post"}],"author":[{"embeddable":true,"href":"https:\/\/www.radiopiu.net\/wordpress\/wp-json\/wp\/v2\/users\/4"}],"replies":[{"embeddable":true,"href":"https:\/\/www.radiopiu.net\/wordpress\/wp-json\/wp\/v2\/comments?post=182010"}],"version-history":[{"count":0,"href":"https:\/\/www.radiopiu.net\/wordpress\/wp-json\/wp\/v2\/posts\/182010\/revisions"}],"wp:attachment":[{"href":"https:\/\/www.radiopiu.net\/wordpress\/wp-json\/wp\/v2\/media?parent=182010"}],"wp:term":[{"taxonomy":"category","embeddable":true,"href":"https:\/\/www.radiopiu.net\/wordpress\/wp-json\/wp\/v2\/categories?post=182010"},{"taxonomy":"post_tag","embeddable":true,"href":"https:\/\/www.radiopiu.net\/wordpress\/wp-json\/wp\/v2\/tags?post=182010"}],"curies":[{"name":"wp","href":"https:\/\/api.w.org\/{rel}","templated":true}]}}