{"id":182056,"date":"2020-12-29T15:22:23","date_gmt":"2020-12-29T14:22:23","guid":{"rendered":"https:\/\/www.radiopiu.net\/wordpress\/?p=182056"},"modified":"2020-12-29T15:22:25","modified_gmt":"2020-12-29T14:22:25","slug":"oltre-600-interventi-della-polizia-provinciale-monitoraggi-continui-della-fauna-selvatica-e-attivita-dindagine-per-prevenire-e-reprimere-gli-illeciti-legati-allattivita-venatoria-i","status":"publish","type":"post","link":"https:\/\/www.radiopiu.net\/wordpress\/oltre-600-interventi-della-polizia-provinciale-monitoraggi-continui-della-fauna-selvatica-e-attivita-dindagine-per-prevenire-e-reprimere-gli-illeciti-legati-allattivita-venatoria-i\/","title":{"rendered":"OLTRE 600 INTERVENTI DELLA POLIZIA PROVINCIALE, MONITORAGGI CONTINUI DELLA FAUNA SELVATICA E ATTIVIT\u00c0 D\u2019INDAGINE PER PREVENIRE E REPRIMERE GLI ILLECITI LEGATI ALL\u2019ATTIVIT\u00c0 VENATORIA. IL RESOCONTO 2020 DELLA PROVINCIA"},"content":{"rendered":"<p><a href=\"https:\/\/www.radiopiu.net\/wordpress\/oltre-600-interventi-della-polizia-provinciale-monitoraggi-continui-della-fauna-selvatica-e-attivita-dindagine-per-prevenire-e-reprimere-gli-illeciti-legati-allattivita-venatoria-i\/dav-210\/\" rel=\"attachment wp-att-182057\"><img loading=\"lazy\" decoding=\"async\" class=\"wp-image-182057 size-medium alignleft\" src=\"https:\/\/www.radiopiu.net\/wordpress\/wp-content\/uploads\/2020\/12\/lui_rete-300x225.jpg\" alt=\"\" width=\"300\" height=\"225\" srcset=\"https:\/\/www.radiopiu.net\/wordpress\/wp-content\/uploads\/2020\/12\/lui_rete-300x225.jpg 300w, https:\/\/www.radiopiu.net\/wordpress\/wp-content\/uploads\/2020\/12\/lui_rete-1024x768.jpg 1024w, https:\/\/www.radiopiu.net\/wordpress\/wp-content\/uploads\/2020\/12\/lui_rete-768x576.jpg 768w, https:\/\/www.radiopiu.net\/wordpress\/wp-content\/uploads\/2020\/12\/lui_rete-1536x1152.jpg 1536w, https:\/\/www.radiopiu.net\/wordpress\/wp-content\/uploads\/2020\/12\/lui_rete-2048x1536.jpg 2048w\" sizes=\"auto, (max-width: 300px) 100vw, 300px\" \/><\/a><strong>BELLUNO <\/strong>La Provincia di Belluno ha presentato questa mattina, in conferenza stampa, le attivit\u00e0 svolte nel corso dell\u2019anno dalla Polizia Provinciale, dal settore faunistico e dal servizio acque, materie affidate al consigliere delegato Franco De Bon. \u00ab<em>In particolare &#8211; ha sottolineato il consigliere &#8211; le funzioni relative a caccia e pesca sono svolte dalla Provincia sulla base della legge regionale del 2018, confermata da una convenzione stipulata con la Regione che ci ha garantito la specificit\u00e0 provinciale nell\u2019ultimo anno. In virt\u00f9 di questa specificit\u00e0, e grazie alle sinergie create con il mondo venatorio e con il mondo agricolo, nonostante numeri di organico sempre in sofferenza, siamo riusciti a garantire una presenza efficace sul territorio. Penso in particolare alla Polizia Provinciale, che in pochi anni \u00e8 passata da 42 a 19 unit\u00e0. La qualit\u00e0 dell\u2019operato della Provincia, in ogni caso, \u00e8 stata valutata anche dal punto vista giudiziario, visto che il calendario venatorio \u00e8 stato oggetto di due impugnative, nei mesi scorsi, da parte di associazioni animaliste. In entrambi i casi, \u00e8 stata dimostrata la bont\u00e0 dei provvedimenti provinciali<\/em>\u00bb.<\/p>\n<p><strong>POLIZIA PROVINCIALE<\/strong><\/p>\n<p>Le attivit\u00e0 degli agenti di Palazzo Piloni spaziano dal soccorso al recupero della fauna selvatica, fino alla rimozione delle carcasse degli animali; a queste attivit\u00e0 tecnico-pratiche, si associa il lavoro propriamente di polizia giudiziaria, vale a dire di repressione e indagine relativo agli illeciti in materia di caccia (antibracconaggio). Inoltre, l\u2019ufficio di Polizia Provinciale coordina tutte le attivit\u00e0 legate agli accertamenti per danni subiti dagli allevatori a opera dei grandi carnivori come lupo ed orso, e partecipa attivamente, unitamente al personale tecnico dell\u2019ufficio faunistico, alla fondamentale attivit\u00e0 di monitoraggio di queste specie. Di seguito alcuni dati sull\u2019attivit\u00e0 effettuata al 20 dicembre 2020: 135 interventi per sinistri stradali con fauna selvatica, 438 interventi di recupero di fauna selvatica morta\/in difficolt\u00e0, 103 sopralluoghi di accertamento presso allevamenti colpiti da attacchi da grandi carnivori, 11 interventi della squadra cinofila antiveleno (l\u2019unica operativa nell\u2019area delle Alpi orientali), oltre 500 persone controllate in luoghi isolati, in ambito montano e rurale. L\u2019attivit\u00e0 di polizia amministrativa e giudiziaria ha portato a elevare 39 verbali amministrativi, e al deferimento di 11 persone all\u2019Autorit\u00e0 giudiziaria (nel 75% dei casi per violazioni delle norme sulla caccia: uccisioni o catture di animali protetti, con mezzi vietati, o mancato rispetto delle distanze di sicurezza da strade o abitazioni); nell\u2019ambito di queste operazioni, sono stati sequestrati 13 mezzi di caccia vietati, 17 esemplari catturati illecitamente, di cui 12 restituiti all\u2019ambiente naturale. \u00abQuesti numeri sono in calo rispetto agli anni precedenti: se in parte ci\u00f2 \u00e8 attribuibile alle restrizioni alla mobilit\u00e0 imposte per lunghi periodi dalle norme anti-Covid, il dato va purtroppo ricondotto nuovamente alla ridotta presenza sul territorio delle guardie, dovuta al progressivo indebolimento dell\u2019organico &#8211; rileva il consigliere De Bon -. Che il fenomeno del bracconaggio sia tutt\u2019altro che diminuito, lo dimostrano in particolare tre operazioni di rilievo portate a termine dalla Polizia Provinciale a seguito di lunga attivit\u00e0 d\u2019indagine: nel primo caso una persona senza licenza di caccia era stata denunciata, lo scorso febbraio, in un Comune della Valbelluna, per aver catturato e detenuto numerosi uccelli selvatici appartenenti a specie particolarmente protette. In marzo, in un Comune della conca alpagota, un 45enne, senza licenza di caccia, che si appostava su un albero nottetempo, \u00e8 stato denunciato per aver esercitato la caccia con mezzi vietati e in periodo di divieto generale. Pi\u00f9 recentemente, la sera del 5 novembre un cacciatore lamonese 63enne \u00e8 stato colto in flagranza di reato mentre trasportava a valle un camoscio da poco abbattuto, in una Riserva dove la caccia al camoscio non viene mai concessa dalla Provincia\u00bb.<\/p>\n<p><strong>SETTORE FAUNISTICO<\/strong><\/p>\n<p><a href=\"https:\/\/www.radiopiu.net\/wordpress\/oltre-600-interventi-della-polizia-provinciale-monitoraggi-continui-della-fauna-selvatica-e-attivita-dindagine-per-prevenire-e-reprimere-gli-illeciti-legati-allattivita-venatoria-i\/recupero-aquila_1\/\" rel=\"attachment wp-att-182058\"><img loading=\"lazy\" decoding=\"async\" class=\"size-medium wp-image-182058 alignright\" src=\"https:\/\/www.radiopiu.net\/wordpress\/wp-content\/uploads\/2020\/12\/recupero-aquila_1-300x300.jpg\" alt=\"\" width=\"300\" height=\"300\" srcset=\"https:\/\/www.radiopiu.net\/wordpress\/wp-content\/uploads\/2020\/12\/recupero-aquila_1-300x300.jpg 300w, https:\/\/www.radiopiu.net\/wordpress\/wp-content\/uploads\/2020\/12\/recupero-aquila_1-1024x1024.jpg 1024w, https:\/\/www.radiopiu.net\/wordpress\/wp-content\/uploads\/2020\/12\/recupero-aquila_1-150x150.jpg 150w, https:\/\/www.radiopiu.net\/wordpress\/wp-content\/uploads\/2020\/12\/recupero-aquila_1-768x769.jpg 768w, https:\/\/www.radiopiu.net\/wordpress\/wp-content\/uploads\/2020\/12\/recupero-aquila_1-1534x1536.jpg 1534w, https:\/\/www.radiopiu.net\/wordpress\/wp-content\/uploads\/2020\/12\/recupero-aquila_1.jpg 1597w\" sizes=\"auto, (max-width: 300px) 100vw, 300px\" \/><\/a>I tecnici provinciali hanno completato anche nel 2020 la stima delle popolazioni di ungulati presenti sul territorio. Quest\u2019anno, per le condizioni create dalla pandemia e per il lockdown di primavera, le uscite sono state ridotte; ciononostante, secondo i parametri Ispra, \u00e8 stato possibile stimare una presenza di 34.450 ungulati (cinghiali esclusi). In particolare, 13.600 caprioli, 11.170 cervi, 7.150 camosci, 2.430 mufloni e circa 100 daini. Per quanto riguarda il monitoraggio dei galliformi alpini, si contano questi numeri minimi certi di individui (contattati nei censimenti estivi): 882 galli forcelli, 95 pernici bianche e 67 coturnici; la popolazione totale \u00e8 sicuramente pi\u00f9 numerosa rispetto ai singoli esemplari individuati nelle uscite di censimento dei tecnici. Inoltre, a partire da ottobre 2020 e fino a marzo 2021 si sta svolgendo il monitoraggio della popolazione di lupo, coordinato dalla Regione Veneto. A oggi si ipotizza la presenza di 7-8 branchi (Grappa, Cesen, Visentin, Alpago-Cansiglio, Parco Nazionale Dolomiti Bellunesi, Bosconero, Pelmo, Livinallongo). Altre presenze faunistiche particolari sono state segnalate o fototrappolate anche di recente. In particolare, una presenza stabile del gatto selvatico sulla dorsale del Visentin e un gruppo familiare di sciacallo dorato in Comelico. Inoltre, in Nevegal a fine novembre \u00e8 stata rilevata la presenza del Burunduk, una specie esotica di scoiattolo (probabilmente scappato dalla cattivit\u00e0 negli anni Settanta e cresciuto fino a costruire una colonia). Nel 2020, l\u2019ufficio faunistico, sulla base degli specifici sopralluoghi svolti in collaborazione con gli agenti della Polizia Provinciale, ha curato l\u2019istruttoria tecnico-amministrativa e quantificato i danni da fauna selvatica (esclusi i grandi carnivori) relativi a 126 richieste, per un totale stimato pari a 292.000 euro. Oltre a queste, si aggiungono 16 richieste di contributo per opere di prevenzione, per una spesa complessiva pari a 47.569 euro. Sia il risarcimento danni, sia il contributo per le opere per la prevenzione vengono poi erogati da Avepa. Le richieste di indennizzo danni da grandi predatori (lupo) nel 2020 sono state 104 (dato aggiornato al 22 dicembre 2020).<\/p>\n<p><strong>LA RELAZIONE DI CACCIA E PESCA NEL 2020<\/strong><\/p>\n<a href=\"https:\/\/www.radiopiu.net\/wordpress\/wp-content\/uploads\/2020\/12\/Relazione-finale-caccia-pesca-2020.pdf\" class=\"pdfemb-viewer\" style=\"\" data-width=\"max\" data-height=\"max\" data-toolbar=\"top\" data-toolbar-fixed=\"on\">Relazione finale caccia pesca 2020<\/a>\n<p>&nbsp;<\/p>\n<p><strong>L&#8217;ATTIVITA&#8217; DEL SERVIZIO ACQUE NEL 2020<\/strong><\/p>\n<a href=\"https:\/\/www.radiopiu.net\/wordpress\/wp-content\/uploads\/2020\/12\/servizio-acque.pdf\" class=\"pdfemb-viewer\" style=\"\" data-width=\"max\" data-height=\"max\" data-toolbar=\"top\" data-toolbar-fixed=\"on\">servizio acque<\/a>\n","protected":false},"excerpt":{"rendered":"<p>BELLUNO La Provincia di Belluno ha presentato questa mattina, in conferenza stampa, le attivit\u00e0 svolte nel corso dell\u2019anno dalla Polizia Provinciale, dal settore faunistico e dal servizio acque, materie affidate al consigliere delegato Franco De Bon. \u00abIn particolare &#8211; ha sottolineato il consigliere &#8211; le funzioni relative a caccia e pesca sono svolte dalla Provincia&hellip;<\/p>\n","protected":false},"author":4,"featured_media":182058,"comment_status":"closed","ping_status":"closed","sticky":false,"template":"","format":"standard","meta":{"_monsterinsights_skip_tracking":false,"_monsterinsights_sitenote_active":false,"_monsterinsights_sitenote_note":"","_monsterinsights_sitenote_category":0,"footnotes":""},"categories":[49],"tags":[],"class_list":["post-182056","post","type-post","status-publish","format-standard","has-post-thumbnail","hentry","category-news-18","category-49","description-off"],"img_url":"https:\/\/www.radiopiu.net\/wordpress\/wp-content\/uploads\/2020\/12\/recupero-aquila_1.jpg","_links":{"self":[{"href":"https:\/\/www.radiopiu.net\/wordpress\/wp-json\/wp\/v2\/posts\/182056","targetHints":{"allow":["GET"]}}],"collection":[{"href":"https:\/\/www.radiopiu.net\/wordpress\/wp-json\/wp\/v2\/posts"}],"about":[{"href":"https:\/\/www.radiopiu.net\/wordpress\/wp-json\/wp\/v2\/types\/post"}],"author":[{"embeddable":true,"href":"https:\/\/www.radiopiu.net\/wordpress\/wp-json\/wp\/v2\/users\/4"}],"replies":[{"embeddable":true,"href":"https:\/\/www.radiopiu.net\/wordpress\/wp-json\/wp\/v2\/comments?post=182056"}],"version-history":[{"count":0,"href":"https:\/\/www.radiopiu.net\/wordpress\/wp-json\/wp\/v2\/posts\/182056\/revisions"}],"wp:featuredmedia":[{"embeddable":true,"href":"https:\/\/www.radiopiu.net\/wordpress\/wp-json\/wp\/v2\/media\/182058"}],"wp:attachment":[{"href":"https:\/\/www.radiopiu.net\/wordpress\/wp-json\/wp\/v2\/media?parent=182056"}],"wp:term":[{"taxonomy":"category","embeddable":true,"href":"https:\/\/www.radiopiu.net\/wordpress\/wp-json\/wp\/v2\/categories?post=182056"},{"taxonomy":"post_tag","embeddable":true,"href":"https:\/\/www.radiopiu.net\/wordpress\/wp-json\/wp\/v2\/tags?post=182056"}],"curies":[{"name":"wp","href":"https:\/\/api.w.org\/{rel}","templated":true}]}}