{"id":182064,"date":"2020-12-29T16:03:29","date_gmt":"2020-12-29T15:03:29","guid":{"rendered":"https:\/\/www.radiopiu.net\/wordpress\/?p=182064"},"modified":"2020-12-30T05:51:33","modified_gmt":"2020-12-30T04:51:33","slug":"a-belluno-camion-in-azione-per-rimuovere-la-neve","status":"publish","type":"post","link":"https:\/\/www.radiopiu.net\/wordpress\/a-belluno-camion-in-azione-per-rimuovere-la-neve\/","title":{"rendered":"A BELLUNO CAMION IN AZIONE PER RIMUOVERE LA NEVE"},"content":{"rendered":"<p><strong><a href=\"https:\/\/www.radiopiu.net\/wordpress\/aggiornamento-viabilita-veneto-strade-ore-1430-del-28-dicembre-2020\/neve-5\/\" rel=\"attachment wp-att-181837\"><img loading=\"lazy\" decoding=\"async\" class=\"size-medium wp-image-181837 alignleft\" src=\"https:\/\/www.radiopiu.net\/wordpress\/wp-content\/uploads\/2020\/12\/NEVE-1-300x182.jpg\" alt=\"\" width=\"300\" height=\"182\" srcset=\"https:\/\/www.radiopiu.net\/wordpress\/wp-content\/uploads\/2020\/12\/NEVE-1-300x182.jpg 300w, https:\/\/www.radiopiu.net\/wordpress\/wp-content\/uploads\/2020\/12\/NEVE-1-1024x621.jpg 1024w, https:\/\/www.radiopiu.net\/wordpress\/wp-content\/uploads\/2020\/12\/NEVE-1-768x466.jpg 768w, https:\/\/www.radiopiu.net\/wordpress\/wp-content\/uploads\/2020\/12\/NEVE-1-1536x932.jpg 1536w, https:\/\/www.radiopiu.net\/wordpress\/wp-content\/uploads\/2020\/12\/NEVE-1.jpg 1920w\" sizes=\"auto, (max-width: 300px) 100vw, 300px\" \/><\/a>BELLUNO<\/strong> Secondo giorno di lavoro per operatori e mezzi impegnati nella pulizia di strade e marciapiedi nel capoluogo: anche oggi, come nella giornata di luned\u00ec, le operazioni sono iniziate all&#8217;alba, intorno alle 5.30, dopo le 12-16 ore di lavoro filate di ieri. Spazzaneve sulle strade e operatori sui marciapiedi in azione gi\u00e0 dal primo mattino, dunque, ma per riuscire a completare le operazioni di pulizia sar\u00e0 necessario rimuovere gli enormi accumuli di neve spalata: per questo, entreranno in azione dei camion \u2013 inizialmente nella zona di Via Feltre e a Castion, poi via via dove verranno segnalate altre criticit\u00e0 \u2013 per portare gli ammassi nevosi in aree dove non possano interferire con le attivit\u00e0 di pulizia e con la vita dei cittadini. Nel frattempo, i mezzi spazzaneve si stanno dedicando alla viabilit\u00e0 secondaria, dove sono state registrate le maggiori criticit\u00e0 nella giornata di ieri.<\/p>\n<p><strong>L&#8217;ASSESSORE DEL COMUNE DI BELLUNO BIAGIO GIANNONE<\/strong><\/p>\n<div style=\"width: 1200px;\" class=\"wp-video\"><video class=\"wp-video-shortcode\" id=\"video-182064-1\" width=\"1200\" height=\"675\" preload=\"metadata\" controls=\"controls\"><source type=\"video\/mp4\" src=\"https:\/\/www.radiopiu.net\/wordpress\/wp-content\/uploads\/2020\/12\/Giannone-Aggiornamento-neve-29-12-2020-OK.mp4?_=1\" \/><a href=\"https:\/\/www.radiopiu.net\/wordpress\/wp-content\/uploads\/2020\/12\/Giannone-Aggiornamento-neve-29-12-2020-OK.mp4\">https:\/\/www.radiopiu.net\/wordpress\/wp-content\/uploads\/2020\/12\/Giannone-Aggiornamento-neve-29-12-2020-OK.mp4<\/a><\/video><\/div>\n","protected":false},"excerpt":{"rendered":"<p>BELLUNO Secondo giorno di lavoro per operatori e mezzi impegnati nella pulizia di strade e marciapiedi nel capoluogo: anche oggi, come nella giornata di luned\u00ec, le operazioni sono iniziate all&#8217;alba, intorno alle 5.30, dopo le 12-16 ore di lavoro filate di ieri. Spazzaneve sulle strade e operatori sui marciapiedi in azione gi\u00e0 dal primo mattino,&hellip;<\/p>\n","protected":false},"author":4,"featured_media":181837,"comment_status":"closed","ping_status":"closed","sticky":false,"template":"","format":"standard","meta":{"_monsterinsights_skip_tracking":false,"_monsterinsights_sitenote_active":false,"_monsterinsights_sitenote_note":"","_monsterinsights_sitenote_category":0,"footnotes":""},"categories":[51,49],"tags":[],"class_list":["post-182064","post","type-post","status-publish","format-standard","has-post-thumbnail","hentry","category-evidenza-top","category-news-18","category-51","category-49","description-off"],"img_url":"https:\/\/www.radiopiu.net\/wordpress\/wp-content\/uploads\/2020\/12\/NEVE-1.jpg","_links":{"self":[{"href":"https:\/\/www.radiopiu.net\/wordpress\/wp-json\/wp\/v2\/posts\/182064","targetHints":{"allow":["GET"]}}],"collection":[{"href":"https:\/\/www.radiopiu.net\/wordpress\/wp-json\/wp\/v2\/posts"}],"about":[{"href":"https:\/\/www.radiopiu.net\/wordpress\/wp-json\/wp\/v2\/types\/post"}],"author":[{"embeddable":true,"href":"https:\/\/www.radiopiu.net\/wordpress\/wp-json\/wp\/v2\/users\/4"}],"replies":[{"embeddable":true,"href":"https:\/\/www.radiopiu.net\/wordpress\/wp-json\/wp\/v2\/comments?post=182064"}],"version-history":[{"count":0,"href":"https:\/\/www.radiopiu.net\/wordpress\/wp-json\/wp\/v2\/posts\/182064\/revisions"}],"wp:featuredmedia":[{"embeddable":true,"href":"https:\/\/www.radiopiu.net\/wordpress\/wp-json\/wp\/v2\/media\/181837"}],"wp:attachment":[{"href":"https:\/\/www.radiopiu.net\/wordpress\/wp-json\/wp\/v2\/media?parent=182064"}],"wp:term":[{"taxonomy":"category","embeddable":true,"href":"https:\/\/www.radiopiu.net\/wordpress\/wp-json\/wp\/v2\/categories?post=182064"},{"taxonomy":"post_tag","embeddable":true,"href":"https:\/\/www.radiopiu.net\/wordpress\/wp-json\/wp\/v2\/tags?post=182064"}],"curies":[{"name":"wp","href":"https:\/\/api.w.org\/{rel}","templated":true}]}}