{"id":182237,"date":"2020-12-30T11:55:30","date_gmt":"2020-12-30T10:55:30","guid":{"rendered":"https:\/\/www.radiopiu.net\/wordpress\/?p=182237"},"modified":"2020-12-30T12:29:33","modified_gmt":"2020-12-30T11:29:33","slug":"la-strada-della-val-di-zoldo-tornera-sotto-lanas-dalla-provincia-il-consigliere-fabio-luchetta-viabilita-deve-essere-ottimale-qualsiasi-sia-il-gestore","status":"publish","type":"post","link":"https:\/\/www.radiopiu.net\/wordpress\/la-strada-della-val-di-zoldo-tornera-sotto-lanas-dalla-provincia-il-consigliere-fabio-luchetta-viabilita-deve-essere-ottimale-qualsiasi-sia-il-gestore\/","title":{"rendered":"LA STRADA DELLA VAL DI ZOLDO TORNERA&#8217; SOTTO L&#8217;ANAS. DALLA PROVINCIA: IL CONSIGLIERE FABIO LUCHETTA, &#8220;VIABILITA&#8217; DEVE ESSERE OTTIMALE QUALSIASI SIA IL GESTORE&#8221;"},"content":{"rendered":"<p><strong><a class=\"dt-pswp-item\" href=\"https:\/\/www.radiopiu.net\/wordpress\/wp-content\/uploads\/2020\/12\/f98fd547-202e-424f-8b0f-3693478957ca.jpg\" data-dt-img-description=\"\" data-large_image_width=\"1920\" data-large_image_height=\"1080\"><img loading=\"lazy\" decoding=\"async\" class=\" wp-image-182238 alignleft\" src=\"https:\/\/www.radiopiu.net\/wordpress\/wp-content\/uploads\/2020\/12\/f98fd547-202e-424f-8b0f-3693478957ca-300x169.jpg\" alt=\"\" width=\"256\" height=\"144\" srcset=\"https:\/\/www.radiopiu.net\/wordpress\/wp-content\/uploads\/2020\/12\/f98fd547-202e-424f-8b0f-3693478957ca-300x169.jpg 300w, https:\/\/www.radiopiu.net\/wordpress\/wp-content\/uploads\/2020\/12\/f98fd547-202e-424f-8b0f-3693478957ca-1024x576.jpg 1024w, https:\/\/www.radiopiu.net\/wordpress\/wp-content\/uploads\/2020\/12\/f98fd547-202e-424f-8b0f-3693478957ca-768x432.jpg 768w, https:\/\/www.radiopiu.net\/wordpress\/wp-content\/uploads\/2020\/12\/f98fd547-202e-424f-8b0f-3693478957ca-1536x864.jpg 1536w, https:\/\/www.radiopiu.net\/wordpress\/wp-content\/uploads\/2020\/12\/f98fd547-202e-424f-8b0f-3693478957ca.jpg 1920w\" sizes=\"auto, (max-width: 256px) 100vw, 256px\" \/><\/a>BELLUNO<\/strong> Video conferenza stamane dalla Provincia sul tema della viabilit\u00e0, presiede Fabio Luchetta (sindaco di Vallada)\u00a0 consigliere delegato dal presidente Roberto Padrin per la viabilit\u00e0 e infrastrutture.<br \/>\n<strong>Le strade ex Anas che tornano ad Anas<\/strong>: le pi\u00f9 importanti (valichi di provincia):\u00a0 346 del San Pellegrino; 251 Val di Zoldo e Cellina fino a Longarone;\u00a0 347 del Duran e Cereda da Fiera di Primiero allo Zoldano; la 203 agordina collegamento principale per l&#8217;Agordino, 348 Feltrina e 348 delle Dolomiti.<br \/>\n<strong>Le altre ex Anas<\/strong> compresa la 638 del Giau vengono ridefinite dal DPCM di interesse regionale. Sar\u00e0 da capire se la Regione le gestir\u00e0 o se\u00a0 torneranno come provinciale, su questo non ci sono numeri e certezze.<\/p>\n<p><strong>VARIANTI DA MIGLIORARE:<\/strong> La SP1 perch\u00e9 un domani quando aprir\u00e0 la Pedemontana sar\u00e0 particolarmente interessata dai flussi di traffico per Alpago e Cadore. Ci sono criticit\u00e0 a Mel dove si transita nel centro abitato, ma anche nel Comune di Belluno a Levego e Sagrogna. Sar\u00e0 Anas che proceder\u00e0 a risolvere queste criticit\u00e0.<\/p>\n<p><strong>PROVINCIALE 3 AGORDO RIVAMONTE <\/strong>La Provincia si \u00e8 data da fare per trovare risorse immediate per risolvere problemi <em>&#8220;che conosciamo tutti da tanti anni. Aver trovato le risorse per dare le giuste risposte \u00e8 corretto. come la\u00a0 <strong>PROVINCIALE 2 VALLE DEL MIS<\/strong> sono strade problematiche. La Provinciale 3 dovr\u00e0 tornare ottimale, la Provinciale 2 \u00e8 gi\u00e0 stata utilizzata piu&#8217; volte con la chiusura della 203, \u00e8 una delle poche vie di fuga o entrata nell&#8217;Agordino.<\/em><\/p>\n<p><strong>Sui lavori futuri risponde Alberto Serafini.<\/strong><\/p>\n<h1><strong>AUDIO\u00a0<\/strong><\/h1>\n<audio class=\"wp-audio-shortcode\" id=\"audio-182237-1\" preload=\"none\" style=\"width: 100%;\" controls=\"controls\"><source type=\"audio\/mpeg\" src=\"https:\/\/www.radiopiu.net\/wordpress\/wp-content\/uploads\/2020\/12\/FABIO-1.mp3?_=1\" \/><a href=\"https:\/\/www.radiopiu.net\/wordpress\/wp-content\/uploads\/2020\/12\/FABIO-1.mp3\">https:\/\/www.radiopiu.net\/wordpress\/wp-content\/uploads\/2020\/12\/FABIO-1.mp3<\/a><\/audio>\n<p>&nbsp;<\/p>\n","protected":false},"excerpt":{"rendered":"<p>BELLUNO Video conferenza stamane dalla Provincia sul tema della viabilit\u00e0, presiede Fabio Luchetta (sindaco di Vallada)\u00a0 consigliere delegato dal presidente Roberto Padrin per la viabilit\u00e0 e infrastrutture. Le strade ex Anas che tornano ad Anas: le pi\u00f9 importanti (valichi di provincia):\u00a0 346 del San Pellegrino; 251 Val di Zoldo e Cellina fino a Longarone;\u00a0 347&hellip;<\/p>\n","protected":false},"author":1,"featured_media":182238,"comment_status":"closed","ping_status":"closed","sticky":false,"template":"","format":"standard","meta":{"_monsterinsights_skip_tracking":false,"_monsterinsights_sitenote_active":false,"_monsterinsights_sitenote_note":"","_monsterinsights_sitenote_category":0,"footnotes":""},"categories":[51,49],"tags":[],"class_list":["post-182237","post","type-post","status-publish","format-standard","has-post-thumbnail","hentry","category-evidenza-top","category-news-18","category-51","category-49","description-off"],"img_url":"https:\/\/www.radiopiu.net\/wordpress\/wp-content\/uploads\/2020\/12\/f98fd547-202e-424f-8b0f-3693478957ca.jpg","_links":{"self":[{"href":"https:\/\/www.radiopiu.net\/wordpress\/wp-json\/wp\/v2\/posts\/182237","targetHints":{"allow":["GET"]}}],"collection":[{"href":"https:\/\/www.radiopiu.net\/wordpress\/wp-json\/wp\/v2\/posts"}],"about":[{"href":"https:\/\/www.radiopiu.net\/wordpress\/wp-json\/wp\/v2\/types\/post"}],"author":[{"embeddable":true,"href":"https:\/\/www.radiopiu.net\/wordpress\/wp-json\/wp\/v2\/users\/1"}],"replies":[{"embeddable":true,"href":"https:\/\/www.radiopiu.net\/wordpress\/wp-json\/wp\/v2\/comments?post=182237"}],"version-history":[{"count":0,"href":"https:\/\/www.radiopiu.net\/wordpress\/wp-json\/wp\/v2\/posts\/182237\/revisions"}],"wp:featuredmedia":[{"embeddable":true,"href":"https:\/\/www.radiopiu.net\/wordpress\/wp-json\/wp\/v2\/media\/182238"}],"wp:attachment":[{"href":"https:\/\/www.radiopiu.net\/wordpress\/wp-json\/wp\/v2\/media?parent=182237"}],"wp:term":[{"taxonomy":"category","embeddable":true,"href":"https:\/\/www.radiopiu.net\/wordpress\/wp-json\/wp\/v2\/categories?post=182237"},{"taxonomy":"post_tag","embeddable":true,"href":"https:\/\/www.radiopiu.net\/wordpress\/wp-json\/wp\/v2\/tags?post=182237"}],"curies":[{"name":"wp","href":"https:\/\/api.w.org\/{rel}","templated":true}]}}